{"id":7509,"date":"2019-05-24T09:00:14","date_gmt":"2019-05-24T07:00:14","guid":{"rendered":"http:\/\/reiseblog.mb2812.de\/?p=7509"},"modified":"2025-03-09T19:36:40","modified_gmt":"2025-03-09T17:36:40","slug":"noch-ein-tag-in-berlin","status":"publish","type":"post","link":"https:\/\/mb2812.de\/?p=7509","title":{"rendered":"Noch ein Tag in Berlin"},"content":{"rendered":"\n<p>Heute geht es uns besser und damit kommt der Fotorucksack mit. F\u00fcr den Anfang habe ich mir die Wiederholung der Bootstour &#8222;zu Fu\u00df&#8220; vorgenommen, also eine Wanderung entlang der Spree bis zur Museumsinsel. Das Pergamon Panorama dort interessiert mich und so wollen wir es auch besichtigen.<\/p>\n\n\n\n<p>Wir gehen also unsere Standardstrecke Richtung Siegess\u00e4ule, biegen aber an der Spree gleich ab und laufen am Nordufer entlang der &#8222;Abgeordnetenschlange&#8220;.<\/p>\n\n\n\n<figure class=\"wp-block-image aligncenter size-full is-resized\"><a href=\"http:\/\/reiseblog.mb2812.de\/wp-content\/uploads\/2019\/05\/IMG_1561-217.jpg\" rel=\"noopener noreferrer\"><img loading=\"lazy\" decoding=\"async\" width=\"1920\" height=\"1536\" src=\"https:\/\/mb2812.de\/wp-content\/uploads\/2019\/05\/IMG_1561-217.jpg\" alt=\"\" class=\"wp-image-7524\" style=\"width:800px\" srcset=\"https:\/\/mb2812.de\/wp-content\/uploads\/2019\/05\/IMG_1561-217.jpg 1920w, https:\/\/mb2812.de\/wp-content\/uploads\/2019\/05\/IMG_1561-217-300x240.jpg 300w, https:\/\/mb2812.de\/wp-content\/uploads\/2019\/05\/IMG_1561-217-768x614.jpg 768w, https:\/\/mb2812.de\/wp-content\/uploads\/2019\/05\/IMG_1561-217-1024x819.jpg 1024w, https:\/\/mb2812.de\/wp-content\/uploads\/2019\/05\/IMG_1561-217-668x534.jpg 668w\" sizes=\"auto, (max-width: 1920px) 100vw, 1920px\" \/><\/a><figcaption class=\"wp-element-caption\">Auf der Suche nach einem Motiv<\/figcaption><\/figure>\n\n\n\n<!--more-->\n\n\n\n<figure class=\"wp-block-image aligncenter size-full is-resized\"><a href=\"http:\/\/reiseblog.mb2812.de\/wp-content\/uploads\/2019\/05\/DSC_7257.jpg\" rel=\"noopener noreferrer\"><img loading=\"lazy\" decoding=\"async\" width=\"1536\" height=\"1920\" src=\"https:\/\/mb2812.de\/wp-content\/uploads\/2019\/05\/DSC_7257.jpg\" alt=\"\" class=\"wp-image-7510\" style=\"width:600px\" srcset=\"https:\/\/mb2812.de\/wp-content\/uploads\/2019\/05\/DSC_7257.jpg 1536w, https:\/\/mb2812.de\/wp-content\/uploads\/2019\/05\/DSC_7257-240x300.jpg 240w, https:\/\/mb2812.de\/wp-content\/uploads\/2019\/05\/DSC_7257-768x960.jpg 768w, https:\/\/mb2812.de\/wp-content\/uploads\/2019\/05\/DSC_7257-819x1024.jpg 819w, https:\/\/mb2812.de\/wp-content\/uploads\/2019\/05\/DSC_7257-668x835.jpg 668w\" sizes=\"auto, (max-width: 1536px) 100vw, 1536px\" \/><\/a><figcaption class=\"wp-element-caption\">&#8222;Goldelse&#8220; k\u00f6nnte man mal wieder fotografieren. Davor die Lutherbr\u00fccke<\/figcaption><\/figure>\n\n\n\n<figure class=\"wp-block-image aligncenter size-full is-resized\"><a href=\"http:\/\/reiseblog.mb2812.de\/wp-content\/uploads\/2019\/05\/DSC_7260-1.jpg\" rel=\"noopener noreferrer\"><img loading=\"lazy\" decoding=\"async\" width=\"1920\" height=\"1536\" src=\"https:\/\/mb2812.de\/wp-content\/uploads\/2019\/05\/DSC_7260-1.jpg\" alt=\"\" class=\"wp-image-7528\" style=\"width:800px\" srcset=\"https:\/\/mb2812.de\/wp-content\/uploads\/2019\/05\/DSC_7260-1.jpg 1920w, https:\/\/mb2812.de\/wp-content\/uploads\/2019\/05\/DSC_7260-1-300x240.jpg 300w, https:\/\/mb2812.de\/wp-content\/uploads\/2019\/05\/DSC_7260-1-768x614.jpg 768w, https:\/\/mb2812.de\/wp-content\/uploads\/2019\/05\/DSC_7260-1-1024x819.jpg 1024w, https:\/\/mb2812.de\/wp-content\/uploads\/2019\/05\/DSC_7260-1-668x534.jpg 668w\" sizes=\"auto, (max-width: 1920px) 100vw, 1920px\" \/><\/a><figcaption class=\"wp-element-caption\">die ehemalige Kongresshalle, jetzt &#8222;Haus der Kulturen der Welt&#8220;<\/figcaption><\/figure>\n\n\n\n<figure class=\"wp-block-image aligncenter size-full is-resized\"><a href=\"http:\/\/reiseblog.mb2812.de\/wp-content\/uploads\/2019\/05\/IMG_1563.jpg\" rel=\"noopener noreferrer\"><img loading=\"lazy\" decoding=\"async\" width=\"1920\" height=\"1536\" src=\"https:\/\/mb2812.de\/wp-content\/uploads\/2019\/05\/IMG_1563.jpg\" alt=\"\" class=\"wp-image-7525\" style=\"width:800px\" srcset=\"https:\/\/mb2812.de\/wp-content\/uploads\/2019\/05\/IMG_1563.jpg 1920w, https:\/\/mb2812.de\/wp-content\/uploads\/2019\/05\/IMG_1563-300x240.jpg 300w, https:\/\/mb2812.de\/wp-content\/uploads\/2019\/05\/IMG_1563-768x614.jpg 768w, https:\/\/mb2812.de\/wp-content\/uploads\/2019\/05\/IMG_1563-1024x819.jpg 1024w, https:\/\/mb2812.de\/wp-content\/uploads\/2019\/05\/IMG_1563-668x534.jpg 668w\" sizes=\"auto, (max-width: 1920px) 100vw, 1920px\" \/><\/a><figcaption class=\"wp-element-caption\">Das Bundeskanzleramt<\/figcaption><\/figure>\n\n\n\n<figure class=\"wp-block-image aligncenter size-full is-resized\"><a href=\"http:\/\/reiseblog.mb2812.de\/wp-content\/uploads\/2019\/05\/DSC_7265-232.jpg\" rel=\"noopener noreferrer\"><img loading=\"lazy\" decoding=\"async\" width=\"1920\" height=\"1536\" src=\"https:\/\/mb2812.de\/wp-content\/uploads\/2019\/05\/DSC_7265-232.jpg\" alt=\"\" class=\"wp-image-7569\" style=\"width:800px\" srcset=\"https:\/\/mb2812.de\/wp-content\/uploads\/2019\/05\/DSC_7265-232.jpg 1920w, https:\/\/mb2812.de\/wp-content\/uploads\/2019\/05\/DSC_7265-232-300x240.jpg 300w, https:\/\/mb2812.de\/wp-content\/uploads\/2019\/05\/DSC_7265-232-768x614.jpg 768w, https:\/\/mb2812.de\/wp-content\/uploads\/2019\/05\/DSC_7265-232-1024x819.jpg 1024w, https:\/\/mb2812.de\/wp-content\/uploads\/2019\/05\/DSC_7265-232-668x534.jpg 668w\" sizes=\"auto, (max-width: 1920px) 100vw, 1920px\" \/><\/a><figcaption class=\"wp-element-caption\">Blick \u00fcber die Spree zum Hauptbahnhof<\/figcaption><\/figure>\n\n\n\n<figure class=\"wp-block-image aligncenter size-full is-resized\"><a href=\"http:\/\/reiseblog.mb2812.de\/wp-content\/uploads\/2019\/05\/DSC_7280.jpg\" rel=\"noopener noreferrer\"><img loading=\"lazy\" decoding=\"async\" width=\"1920\" height=\"1536\" src=\"https:\/\/mb2812.de\/wp-content\/uploads\/2019\/05\/DSC_7280.jpg\" alt=\"\" class=\"wp-image-7513\" style=\"width:800px\" srcset=\"https:\/\/mb2812.de\/wp-content\/uploads\/2019\/05\/DSC_7280.jpg 1920w, https:\/\/mb2812.de\/wp-content\/uploads\/2019\/05\/DSC_7280-300x240.jpg 300w, https:\/\/mb2812.de\/wp-content\/uploads\/2019\/05\/DSC_7280-768x614.jpg 768w, https:\/\/mb2812.de\/wp-content\/uploads\/2019\/05\/DSC_7280-1024x819.jpg 1024w, https:\/\/mb2812.de\/wp-content\/uploads\/2019\/05\/DSC_7280-668x534.jpg 668w\" sizes=\"auto, (max-width: 1920px) 100vw, 1920px\" \/><\/a><figcaption class=\"wp-element-caption\">Reichstag und Paul-L\u00f6be-Haus<\/figcaption><\/figure>\n\n\n\n<figure class=\"wp-block-image aligncenter size-full is-resized\"><a href=\"http:\/\/reiseblog.mb2812.de\/wp-content\/uploads\/2019\/05\/DSC_7281.jpg\" rel=\"noopener noreferrer\"><img loading=\"lazy\" decoding=\"async\" width=\"1920\" height=\"1536\" src=\"https:\/\/mb2812.de\/wp-content\/uploads\/2019\/05\/DSC_7281.jpg\" alt=\"\" class=\"wp-image-7514\" style=\"width:800px\" srcset=\"https:\/\/mb2812.de\/wp-content\/uploads\/2019\/05\/DSC_7281.jpg 1920w, https:\/\/mb2812.de\/wp-content\/uploads\/2019\/05\/DSC_7281-300x240.jpg 300w, https:\/\/mb2812.de\/wp-content\/uploads\/2019\/05\/DSC_7281-768x614.jpg 768w, https:\/\/mb2812.de\/wp-content\/uploads\/2019\/05\/DSC_7281-1024x819.jpg 1024w, https:\/\/mb2812.de\/wp-content\/uploads\/2019\/05\/DSC_7281-668x534.jpg 668w\" sizes=\"auto, (max-width: 1920px) 100vw, 1920px\" \/><\/a><figcaption class=\"wp-element-caption\">Bahnhof Friedrichstra\u00dfe<\/figcaption><\/figure>\n\n\n\n<p>Das Pergamonmuseum wird derzeit renoviert und ist daher zu gro\u00dfen Teilen geschlossen. Insbesondere der Pergamonaltar kann nicht besichtigt werden. Stattdessen gibt es in einem tempor\u00e4ren Geb\u00e4ude an der Bodestra\u00dfe (gestern haben wir es schon fotografiert) eine Ausstellung mit Originalst\u00fccken aus dem Museum. Das Panorama selbst ist ein&nbsp;Rundgem\u00e4lde von 30 Meter H\u00f6he und 104 Meter Umfang. Von Aussichtsplattformen auf einem Turm in der Mitte hat man einen Rundumblick auf die Akropolis von Pergamon, die Unterstadt und die &nbsp;umgebende Landschaft.<span class=\"Apple-converted-space\">&nbsp;<\/span><\/p>\n\n\n\n<p>Im Pergamon Museum selber gelangt man nur \u00fcber einen Nebeneingang und kann nur dem S\u00fcdfl\u00fcgel besichtigen, indem sich u.a. das&nbsp;Markttor von Milet und das Ischtar-Tor befinden.<\/p>\n\n\n\n<figure class=\"wp-block-image aligncenter size-full is-resized\"><a href=\"http:\/\/reiseblog.mb2812.de\/wp-content\/uploads\/2019\/05\/IMG_1572.jpg\" rel=\"noopener noreferrer\"><img loading=\"lazy\" decoding=\"async\" width=\"1536\" height=\"1920\" src=\"https:\/\/mb2812.de\/wp-content\/uploads\/2019\/05\/IMG_1572.jpg\" alt=\"\" class=\"wp-image-7526\" style=\"width:600px\" srcset=\"https:\/\/mb2812.de\/wp-content\/uploads\/2019\/05\/IMG_1572.jpg 1536w, https:\/\/mb2812.de\/wp-content\/uploads\/2019\/05\/IMG_1572-240x300.jpg 240w, https:\/\/mb2812.de\/wp-content\/uploads\/2019\/05\/IMG_1572-768x960.jpg 768w, https:\/\/mb2812.de\/wp-content\/uploads\/2019\/05\/IMG_1572-819x1024.jpg 819w, https:\/\/mb2812.de\/wp-content\/uploads\/2019\/05\/IMG_1572-668x835.jpg 668w\" sizes=\"auto, (max-width: 1536px) 100vw, 1536px\" \/><\/a><figcaption class=\"wp-element-caption\">ausgestellte Statuen des Pergamonmuseums (Gewandstatuen)<\/figcaption><\/figure>\n\n\n\n<figure class=\"wp-block-image aligncenter size-full is-resized\"><a href=\"http:\/\/reiseblog.mb2812.de\/wp-content\/uploads\/2019\/05\/DSC_7292.jpg\" rel=\"noopener noreferrer\"><img loading=\"lazy\" decoding=\"async\" width=\"1920\" height=\"1536\" src=\"https:\/\/mb2812.de\/wp-content\/uploads\/2019\/05\/DSC_7292.jpg\" alt=\"\" class=\"wp-image-7515\" style=\"width:800px\" srcset=\"https:\/\/mb2812.de\/wp-content\/uploads\/2019\/05\/DSC_7292.jpg 1920w, https:\/\/mb2812.de\/wp-content\/uploads\/2019\/05\/DSC_7292-300x240.jpg 300w, https:\/\/mb2812.de\/wp-content\/uploads\/2019\/05\/DSC_7292-768x614.jpg 768w, https:\/\/mb2812.de\/wp-content\/uploads\/2019\/05\/DSC_7292-1024x819.jpg 1024w, https:\/\/mb2812.de\/wp-content\/uploads\/2019\/05\/DSC_7292-668x534.jpg 668w\" sizes=\"auto, (max-width: 1920px) 100vw, 1920px\" \/><\/a><figcaption class=\"wp-element-caption\">Mittels Strahlern am Turm wird das Panorama beleuchtet und es werden unterschiedliche Lichtstimmungen (Tag und Nacht) erzeugt<\/figcaption><\/figure>\n\n\n\n<figure class=\"wp-block-image aligncenter size-full is-resized\"><a href=\"http:\/\/reiseblog.mb2812.de\/wp-content\/uploads\/2019\/05\/DSC_7296.jpg\" rel=\"noopener noreferrer\"><img loading=\"lazy\" decoding=\"async\" width=\"1920\" height=\"1536\" src=\"https:\/\/mb2812.de\/wp-content\/uploads\/2019\/05\/DSC_7296.jpg\" alt=\"\" class=\"wp-image-7516\" style=\"width:800px\" srcset=\"https:\/\/mb2812.de\/wp-content\/uploads\/2019\/05\/DSC_7296.jpg 1920w, https:\/\/mb2812.de\/wp-content\/uploads\/2019\/05\/DSC_7296-300x240.jpg 300w, https:\/\/mb2812.de\/wp-content\/uploads\/2019\/05\/DSC_7296-768x614.jpg 768w, https:\/\/mb2812.de\/wp-content\/uploads\/2019\/05\/DSC_7296-1024x819.jpg 1024w, https:\/\/mb2812.de\/wp-content\/uploads\/2019\/05\/DSC_7296-668x534.jpg 668w\" sizes=\"auto, (max-width: 1920px) 100vw, 1920px\" \/><\/a><figcaption class=\"wp-element-caption\">Nochmal die alte Nationalgalerie<\/figcaption><\/figure>\n\n\n\n<figure class=\"wp-block-image aligncenter size-full is-resized\"><a href=\"http:\/\/reiseblog.mb2812.de\/wp-content\/uploads\/2019\/05\/DSC_7311.jpg\" rel=\"noopener noreferrer\"><img loading=\"lazy\" decoding=\"async\" width=\"1536\" height=\"1920\" src=\"https:\/\/mb2812.de\/wp-content\/uploads\/2019\/05\/DSC_7311.jpg\" alt=\"\" class=\"wp-image-7517\" style=\"width:600px\" srcset=\"https:\/\/mb2812.de\/wp-content\/uploads\/2019\/05\/DSC_7311.jpg 1536w, https:\/\/mb2812.de\/wp-content\/uploads\/2019\/05\/DSC_7311-240x300.jpg 240w, https:\/\/mb2812.de\/wp-content\/uploads\/2019\/05\/DSC_7311-768x960.jpg 768w, https:\/\/mb2812.de\/wp-content\/uploads\/2019\/05\/DSC_7311-819x1024.jpg 819w, https:\/\/mb2812.de\/wp-content\/uploads\/2019\/05\/DSC_7311-668x835.jpg 668w\" sizes=\"auto, (max-width: 1536px) 100vw, 1536px\" \/><\/a><figcaption class=\"wp-element-caption\">Im Pergamonmuseum selber gibt es im islamischen Museum eine sehr interessante Ausstellung \u00fcber Syrien<\/figcaption><\/figure>\n\n\n\n<p>Am Nachmittag beschlie\u00dfen wir einen Ausflug mit der S-Bahn, der unter der \u00dcberschrift &#8222;\u00dcberbleibsel der DDR&#8220; steht. Ziel ist der Flughafen Sch\u00f6nefeld. Da er schon lange durch &#8222;BER&#8220; ersetzt sein sollte, hat man ihn kaum modernisiert.<\/p>\n\n\n\n<figure class=\"wp-block-image aligncenter size-full is-resized\"><a href=\"http:\/\/reiseblog.mb2812.de\/wp-content\/uploads\/2019\/05\/DSC_7315.jpg\" rel=\"noopener noreferrer\"><img loading=\"lazy\" decoding=\"async\" width=\"1920\" height=\"1536\" src=\"https:\/\/mb2812.de\/wp-content\/uploads\/2019\/05\/DSC_7315.jpg\" alt=\"\" class=\"wp-image-7518\" style=\"width:800px\" srcset=\"https:\/\/mb2812.de\/wp-content\/uploads\/2019\/05\/DSC_7315.jpg 1920w, https:\/\/mb2812.de\/wp-content\/uploads\/2019\/05\/DSC_7315-300x240.jpg 300w, https:\/\/mb2812.de\/wp-content\/uploads\/2019\/05\/DSC_7315-768x614.jpg 768w, https:\/\/mb2812.de\/wp-content\/uploads\/2019\/05\/DSC_7315-1024x819.jpg 1024w, https:\/\/mb2812.de\/wp-content\/uploads\/2019\/05\/DSC_7315-668x534.jpg 668w\" sizes=\"auto, (max-width: 1920px) 100vw, 1920px\" \/><\/a><figcaption class=\"wp-element-caption\">Los gehts ab Hackescher Markt mit der S-Bahn<\/figcaption><\/figure>\n\n\n\n<figure class=\"wp-block-image aligncenter size-full is-resized\"><a href=\"http:\/\/reiseblog.mb2812.de\/wp-content\/uploads\/2019\/05\/DSC_7319.jpg\" rel=\"noopener noreferrer\"><img loading=\"lazy\" decoding=\"async\" width=\"1920\" height=\"1536\" src=\"https:\/\/mb2812.de\/wp-content\/uploads\/2019\/05\/DSC_7319.jpg\" alt=\"\" class=\"wp-image-7520\" style=\"width:800px\" srcset=\"https:\/\/mb2812.de\/wp-content\/uploads\/2019\/05\/DSC_7319.jpg 1920w, https:\/\/mb2812.de\/wp-content\/uploads\/2019\/05\/DSC_7319-300x240.jpg 300w, https:\/\/mb2812.de\/wp-content\/uploads\/2019\/05\/DSC_7319-768x614.jpg 768w, https:\/\/mb2812.de\/wp-content\/uploads\/2019\/05\/DSC_7319-1024x819.jpg 1024w, https:\/\/mb2812.de\/wp-content\/uploads\/2019\/05\/DSC_7319-668x534.jpg 668w\" sizes=\"auto, (max-width: 1920px) 100vw, 1920px\" \/><\/a><figcaption class=\"wp-element-caption\">Das Terminalgeb\u00e4ude des Flughafens. Vom Banhof aus sind es \u00fcber Hundert Meter Fu\u00dfweg<\/figcaption><\/figure>\n\n\n\n<figure class=\"wp-block-image aligncenter size-full is-resized\"><a href=\"http:\/\/reiseblog.mb2812.de\/wp-content\/uploads\/2019\/05\/DSC_7317.jpg\" rel=\"noopener noreferrer\"><img loading=\"lazy\" decoding=\"async\" width=\"1920\" height=\"1536\" src=\"https:\/\/mb2812.de\/wp-content\/uploads\/2019\/05\/DSC_7317.jpg\" alt=\"\" class=\"wp-image-7519\" style=\"width:800px\" srcset=\"https:\/\/mb2812.de\/wp-content\/uploads\/2019\/05\/DSC_7317.jpg 1920w, https:\/\/mb2812.de\/wp-content\/uploads\/2019\/05\/DSC_7317-300x240.jpg 300w, https:\/\/mb2812.de\/wp-content\/uploads\/2019\/05\/DSC_7317-768x614.jpg 768w, https:\/\/mb2812.de\/wp-content\/uploads\/2019\/05\/DSC_7317-1024x819.jpg 1024w, https:\/\/mb2812.de\/wp-content\/uploads\/2019\/05\/DSC_7317-668x534.jpg 668w\" sizes=\"auto, (max-width: 1920px) 100vw, 1920px\" \/><\/a><figcaption class=\"wp-element-caption\">Flughafen Sch\u00f6nefeld<\/figcaption><\/figure>\n\n\n\n<figure class=\"wp-block-image aligncenter size-full is-resized\"><a href=\"http:\/\/reiseblog.mb2812.de\/wp-content\/uploads\/2019\/05\/DSC_7322.jpg\" rel=\"noopener noreferrer\"><img loading=\"lazy\" decoding=\"async\" width=\"1920\" height=\"1536\" src=\"https:\/\/mb2812.de\/wp-content\/uploads\/2019\/05\/DSC_7322.jpg\" alt=\"\" class=\"wp-image-7521\" style=\"width:800px\" srcset=\"https:\/\/mb2812.de\/wp-content\/uploads\/2019\/05\/DSC_7322.jpg 1920w, https:\/\/mb2812.de\/wp-content\/uploads\/2019\/05\/DSC_7322-300x240.jpg 300w, https:\/\/mb2812.de\/wp-content\/uploads\/2019\/05\/DSC_7322-768x614.jpg 768w, https:\/\/mb2812.de\/wp-content\/uploads\/2019\/05\/DSC_7322-1024x819.jpg 1024w, https:\/\/mb2812.de\/wp-content\/uploads\/2019\/05\/DSC_7322-668x534.jpg 668w\" sizes=\"auto, (max-width: 1920px) 100vw, 1920px\" \/><\/a><figcaption class=\"wp-element-caption\">Nach &#8222;Endzeitstimmung&#8220; sieht es am Bahnhof aus, da Fernz\u00fcge hier nicht mehr halten und das Bahnhofsgeb\u00e4ude geschlossen wurde.<\/figcaption><\/figure>\n\n\n\n<p>Zur\u00fcck am Bahnhof machen wir uns mit Bussen und Stra\u00dfenbahnen durch Adlershof und K\u00f6penick auf den l\u00e4nglichen Weg zur s\u00fcd\u00f6stlichen Stadtgrenze und landen mit der Linie 61 an deren Endstelle &#8222;Rahnsdorf Waldsch\u00e4nke&#8220;. Einen guten Kilometer durch den Wald und wir kommen am S-Bahnhof an und finden dort die Woltersdorfer Stra\u00dfenbahn vor. Nicht ganz das was ich erwartet habe, ich wollte eigentlich zur Sch\u00f6neiche-R\u00fcdersdorfer Stra\u00dfenbahn, aber die f\u00e4hrt eine S-Bahn Station vorher (in Friedrichshagen) ab. Mein Ged\u00e4chtnis hat mich hier etwas get\u00e4uscht.<\/p>\n\n\n\n<p>Zum Thema passt es hier aber. Woltersdorf ist einer der letzten Betriebe, die noch zweiachsige Triebwagen aus der DDR Produktion einsetzen. Sie wurden allerdings komplett modernisiert.<\/p>\n\n\n\n<figure class=\"wp-block-image aligncenter size-full is-resized\"><a href=\"http:\/\/reiseblog.mb2812.de\/wp-content\/uploads\/2019\/05\/DSC_7325.jpg\" rel=\"noopener noreferrer\"><img loading=\"lazy\" decoding=\"async\" width=\"1920\" height=\"1536\" src=\"https:\/\/mb2812.de\/wp-content\/uploads\/2019\/05\/DSC_7325.jpg\" alt=\"\" class=\"wp-image-7523\" style=\"width:800px\" srcset=\"https:\/\/mb2812.de\/wp-content\/uploads\/2019\/05\/DSC_7325.jpg 1920w, https:\/\/mb2812.de\/wp-content\/uploads\/2019\/05\/DSC_7325-300x240.jpg 300w, https:\/\/mb2812.de\/wp-content\/uploads\/2019\/05\/DSC_7325-768x614.jpg 768w, https:\/\/mb2812.de\/wp-content\/uploads\/2019\/05\/DSC_7325-1024x819.jpg 1024w, https:\/\/mb2812.de\/wp-content\/uploads\/2019\/05\/DSC_7325-668x534.jpg 668w\" sizes=\"auto, (max-width: 1920px) 100vw, 1920px\" \/><\/a><figcaption class=\"wp-element-caption\">Triebwagen 27 wurde 1960 durch VEB Waggonbau Gotha gebaut. 1977 kam er aus Schwerin nach Woltersdorf.<\/figcaption><\/figure>\n\n\n\n<figure class=\"wp-block-image aligncenter size-full is-resized\"><a href=\"http:\/\/reiseblog.mb2812.de\/wp-content\/uploads\/2019\/05\/DSC_7323.jpg\" rel=\"noopener noreferrer\"><img loading=\"lazy\" decoding=\"async\" width=\"1920\" height=\"1536\" src=\"https:\/\/mb2812.de\/wp-content\/uploads\/2019\/05\/DSC_7323.jpg\" alt=\"\" class=\"wp-image-7522\" style=\"width:800px\" srcset=\"https:\/\/mb2812.de\/wp-content\/uploads\/2019\/05\/DSC_7323.jpg 1920w, https:\/\/mb2812.de\/wp-content\/uploads\/2019\/05\/DSC_7323-300x240.jpg 300w, https:\/\/mb2812.de\/wp-content\/uploads\/2019\/05\/DSC_7323-768x614.jpg 768w, https:\/\/mb2812.de\/wp-content\/uploads\/2019\/05\/DSC_7323-1024x819.jpg 1024w, https:\/\/mb2812.de\/wp-content\/uploads\/2019\/05\/DSC_7323-668x534.jpg 668w\" sizes=\"auto, (max-width: 1920px) 100vw, 1920px\" \/><\/a><figcaption class=\"wp-element-caption\">Im Inneren ist die Modernisierung zu erkennen<\/figcaption><\/figure>\n\n\n\n<p>Nachdem wir die kurze Strecke (knapp 6 km) abgefahren haben, geht es mit der S-Bahn eine Station nach Friedrichshagen und wir drehen dann doch noch eine Runde auf der Sch\u00f6neiche-R\u00fcdersdorfer Stra\u00dfenbahn.<\/p>\n\n\n\n<p>Danach geht es mit der S-Bahn zur\u00fcck bis zur Station Bellevue und nach kurzem Auf und Ab auf der Kirchstra\u00dfe entscheiden wir uns f\u00fcr &#8222;italienisch&#8220; zum Abendessen im &#8222;Casa Matti&#8220;. Das ist soweit ok.<\/p>\n","protected":false},"excerpt":{"rendered":"<p>Noch ein Tag in Berlin, mit einer Wanderung entlang der Spree zum Pergamonmuseum. Am Nachmittag gibt es &#8222;Ostalgie&#8220; in Form eines Besuchs am Flughafen Sch\u00f6nefeld und bei den Stra\u00dfenbahnen in Woltersdorf und Sch\u00f6neiche.<\/p>\n","protected":false},"author":1,"featured_media":7516,"comment_status":"closed","ping_status":"closed","sticky":false,"template":"","format":"standard","meta":{"footnotes":""},"categories":[13],"tags":[116,71],"class_list":["post-7509","post","type-post","status-publish","format-standard","has-post-thumbnail","hentry","category-ausfluege","tag-116","tag-berlin"],"_links":{"self":[{"href":"https:\/\/mb2812.de\/index.php?rest_route=\/wp\/v2\/posts\/7509","targetHints":{"allow":["GET"]}}],"collection":[{"href":"https:\/\/mb2812.de\/index.php?rest_route=\/wp\/v2\/posts"}],"about":[{"href":"https:\/\/mb2812.de\/index.php?rest_route=\/wp\/v2\/types\/post"}],"author":[{"embeddable":true,"href":"https:\/\/mb2812.de\/index.php?rest_route=\/wp\/v2\/users\/1"}],"replies":[{"embeddable":true,"href":"https:\/\/mb2812.de\/index.php?rest_route=%2Fwp%2Fv2%2Fcomments&post=7509"}],"version-history":[{"count":10,"href":"https:\/\/mb2812.de\/index.php?rest_route=\/wp\/v2\/posts\/7509\/revisions"}],"predecessor-version":[{"id":16663,"href":"https:\/\/mb2812.de\/index.php?rest_route=\/wp\/v2\/posts\/7509\/revisions\/16663"}],"wp:featuredmedia":[{"embeddable":true,"href":"https:\/\/mb2812.de\/index.php?rest_route=\/wp\/v2\/media\/7516"}],"wp:attachment":[{"href":"https:\/\/mb2812.de\/index.php?rest_route=%2Fwp%2Fv2%2Fmedia&parent=7509"}],"wp:term":[{"taxonomy":"category","embeddable":true,"href":"https:\/\/mb2812.de\/index.php?rest_route=%2Fwp%2Fv2%2Fcategories&post=7509"},{"taxonomy":"post_tag","embeddable":true,"href":"https:\/\/mb2812.de\/index.php?rest_route=%2Fwp%2Fv2%2Ftags&post=7509"}],"curies":[{"name":"wp","href":"https:\/\/api.w.org\/{rel}","templated":true}]}}