{"id":7463,"date":"2019-05-23T13:24:09","date_gmt":"2019-05-23T11:24:09","guid":{"rendered":"http:\/\/reiseblog.mb2812.de\/?p=7463"},"modified":"2025-03-09T19:29:31","modified_gmt":"2025-03-09T17:29:31","slug":"ein-tag-in-berlin","status":"publish","type":"post","link":"https:\/\/mb2812.de\/?p=7463","title":{"rendered":"Ein Tag in Berlin"},"content":{"rendered":"\n<p>Nach der letztendlich doch anstrengenden Teilnahme an der Daimler Hauptversammlung (knapp 10 Stunden sa\u00dfen wir auf den Konferenzst\u00fchlen im Saal), gingen wir es heute gem\u00fctlich an. Insbesondere das Abendessen lag mir noch derart im Magen, dass ich kein schweres Gep\u00e4ck mit mir Herumschleppen wollte, also blieb der Fotorucksack im Hotel.<\/p>\n\n\n\n<p>Als erstes stand heute ein Spaziergang zum Ku\u2019damm an, wir wollten mal den dortigen Appleshop besichtigen. Es ging entlang der Paulstra\u00dfe s\u00fcdw\u00e4rts zur Lutherbr\u00fccke vorbei an Schloss Bellevue zur Siegess\u00e4ule.<\/p>\n\n\n\n<figure class=\"wp-block-image aligncenter size-full is-resized\"><a href=\"http:\/\/reiseblog.mb2812.de\/wp-content\/uploads\/2019\/05\/IMG_0161-204.jpg\" rel=\"noopener noreferrer\"><img loading=\"lazy\" decoding=\"async\" width=\"1920\" height=\"1536\" src=\"https:\/\/mb2812.de\/wp-content\/uploads\/2019\/05\/IMG_0161-204.jpg\" alt=\"\" class=\"wp-image-7464\" style=\"width:800px\" srcset=\"https:\/\/mb2812.de\/wp-content\/uploads\/2019\/05\/IMG_0161-204.jpg 1920w, https:\/\/mb2812.de\/wp-content\/uploads\/2019\/05\/IMG_0161-204-300x240.jpg 300w, https:\/\/mb2812.de\/wp-content\/uploads\/2019\/05\/IMG_0161-204-768x614.jpg 768w, https:\/\/mb2812.de\/wp-content\/uploads\/2019\/05\/IMG_0161-204-1024x819.jpg 1024w, https:\/\/mb2812.de\/wp-content\/uploads\/2019\/05\/IMG_0161-204-668x534.jpg 668w\" sizes=\"auto, (max-width: 1920px) 100vw, 1920px\" \/><\/a><figcaption class=\"wp-element-caption\">Schloss Bellevue von der Spreebr\u00fccke aus<\/figcaption><\/figure>\n\n\n\n<!--more-->\n\n\n\n<figure class=\"wp-block-image aligncenter size-full is-resized\"><a href=\"http:\/\/reiseblog.mb2812.de\/wp-content\/uploads\/2019\/05\/IMG_0163.jpg\" rel=\"noopener noreferrer\"><img loading=\"lazy\" decoding=\"async\" width=\"1920\" height=\"1536\" src=\"https:\/\/mb2812.de\/wp-content\/uploads\/2019\/05\/IMG_0163.jpg\" alt=\"\" class=\"wp-image-7465\" style=\"width:800px\" srcset=\"https:\/\/mb2812.de\/wp-content\/uploads\/2019\/05\/IMG_0163.jpg 1920w, https:\/\/mb2812.de\/wp-content\/uploads\/2019\/05\/IMG_0163-300x240.jpg 300w, https:\/\/mb2812.de\/wp-content\/uploads\/2019\/05\/IMG_0163-768x614.jpg 768w, https:\/\/mb2812.de\/wp-content\/uploads\/2019\/05\/IMG_0163-1024x819.jpg 1024w, https:\/\/mb2812.de\/wp-content\/uploads\/2019\/05\/IMG_0163-668x534.jpg 668w\" sizes=\"auto, (max-width: 1920px) 100vw, 1920px\" \/><\/a><figcaption class=\"wp-element-caption\">Schloss Bellevue<\/figcaption><\/figure>\n\n\n\n<figure class=\"wp-block-image aligncenter size-full is-resized\"><a href=\"http:\/\/reiseblog.mb2812.de\/wp-content\/uploads\/2019\/05\/IMG_0169.jpg\" rel=\"noopener noreferrer\"><img loading=\"lazy\" decoding=\"async\" width=\"1536\" height=\"1920\" src=\"https:\/\/mb2812.de\/wp-content\/uploads\/2019\/05\/IMG_0169.jpg\" alt=\"\" class=\"wp-image-7466\" style=\"width:600px\" srcset=\"https:\/\/mb2812.de\/wp-content\/uploads\/2019\/05\/IMG_0169.jpg 1536w, https:\/\/mb2812.de\/wp-content\/uploads\/2019\/05\/IMG_0169-240x300.jpg 240w, https:\/\/mb2812.de\/wp-content\/uploads\/2019\/05\/IMG_0169-768x960.jpg 768w, https:\/\/mb2812.de\/wp-content\/uploads\/2019\/05\/IMG_0169-819x1024.jpg 819w, https:\/\/mb2812.de\/wp-content\/uploads\/2019\/05\/IMG_0169-668x835.jpg 668w\" sizes=\"auto, (max-width: 1536px) 100vw, 1536px\" \/><\/a><figcaption class=\"wp-element-caption\">Blick s\u00fcdw\u00e4rts zur Siegess\u00e4ule<\/figcaption><\/figure>\n\n\n\n<figure class=\"wp-block-image aligncenter size-full is-resized\"><a href=\"http:\/\/reiseblog.mb2812.de\/wp-content\/uploads\/2019\/05\/IMG_0172.jpg\" rel=\"noopener noreferrer\"><img loading=\"lazy\" decoding=\"async\" width=\"1536\" height=\"1920\" src=\"https:\/\/mb2812.de\/wp-content\/uploads\/2019\/05\/IMG_0172.jpg\" alt=\"\" class=\"wp-image-7467\" style=\"width:600px\" srcset=\"https:\/\/mb2812.de\/wp-content\/uploads\/2019\/05\/IMG_0172.jpg 1536w, https:\/\/mb2812.de\/wp-content\/uploads\/2019\/05\/IMG_0172-240x300.jpg 240w, https:\/\/mb2812.de\/wp-content\/uploads\/2019\/05\/IMG_0172-768x960.jpg 768w, https:\/\/mb2812.de\/wp-content\/uploads\/2019\/05\/IMG_0172-819x1024.jpg 819w, https:\/\/mb2812.de\/wp-content\/uploads\/2019\/05\/IMG_0172-668x835.jpg 668w\" sizes=\"auto, (max-width: 1536px) 100vw, 1536px\" \/><\/a><figcaption class=\"wp-element-caption\">Die Siegess\u00e4ule<\/figcaption><\/figure>\n\n\n\n<p>Entlang der Fasanerieallee durchquerten wir den Gro\u00dfen Tiergarten in Richtung Bahnhof Zoo.<\/p>\n\n\n\n<figure class=\"wp-block-image aligncenter size-full is-resized\"><a href=\"http:\/\/reiseblog.mb2812.de\/wp-content\/uploads\/2019\/05\/IMG_0175-205.jpg\" rel=\"noopener noreferrer\"><img loading=\"lazy\" decoding=\"async\" width=\"1920\" height=\"1536\" src=\"https:\/\/mb2812.de\/wp-content\/uploads\/2019\/05\/IMG_0175-205.jpg\" alt=\"\" class=\"wp-image-7468\" style=\"width:800px\" srcset=\"https:\/\/mb2812.de\/wp-content\/uploads\/2019\/05\/IMG_0175-205.jpg 1920w, https:\/\/mb2812.de\/wp-content\/uploads\/2019\/05\/IMG_0175-205-300x240.jpg 300w, https:\/\/mb2812.de\/wp-content\/uploads\/2019\/05\/IMG_0175-205-768x614.jpg 768w, https:\/\/mb2812.de\/wp-content\/uploads\/2019\/05\/IMG_0175-205-1024x819.jpg 1024w, https:\/\/mb2812.de\/wp-content\/uploads\/2019\/05\/IMG_0175-205-668x534.jpg 668w\" sizes=\"auto, (max-width: 1920px) 100vw, 1920px\" \/><\/a><figcaption class=\"wp-element-caption\">Die Fasanerieallee mit zwei der vier von Kaiser Wilhelm II. aufgestellten \u201eJagdgruppen\u201c<\/figcaption><\/figure>\n\n\n\n<figure class=\"wp-block-image aligncenter size-full is-resized\"><a href=\"http:\/\/reiseblog.mb2812.de\/wp-content\/uploads\/2019\/05\/IMG_0177-206.jpg\" rel=\"noopener noreferrer\"><img loading=\"lazy\" decoding=\"async\" width=\"1920\" height=\"1536\" src=\"https:\/\/mb2812.de\/wp-content\/uploads\/2019\/05\/IMG_0177-206.jpg\" alt=\"\" class=\"wp-image-7469\" style=\"width:800px\" srcset=\"https:\/\/mb2812.de\/wp-content\/uploads\/2019\/05\/IMG_0177-206.jpg 1920w, https:\/\/mb2812.de\/wp-content\/uploads\/2019\/05\/IMG_0177-206-300x240.jpg 300w, https:\/\/mb2812.de\/wp-content\/uploads\/2019\/05\/IMG_0177-206-768x614.jpg 768w, https:\/\/mb2812.de\/wp-content\/uploads\/2019\/05\/IMG_0177-206-1024x819.jpg 1024w, https:\/\/mb2812.de\/wp-content\/uploads\/2019\/05\/IMG_0177-206-668x534.jpg 668w\" sizes=\"auto, (max-width: 1920px) 100vw, 1920px\" \/><\/a><figcaption class=\"wp-element-caption\">Stephan vor der Siegess\u00e4ule zwischen \u201eAltgermanische B\u00fcffeljagd\u201c und \u201eEberjagd der Renaissancezeit\u201c<\/figcaption><\/figure>\n\n\n\n<p>Der weitere Weg f\u00fchrt vorbei an der spanischen Botschaft \u00fcber den Landwehrkanal zum Bahnhof Zoo.<\/p>\n\n\n\n<figure class=\"wp-block-image aligncenter size-full is-resized\"><a href=\"http:\/\/reiseblog.mb2812.de\/wp-content\/uploads\/2019\/05\/IMG_0179.jpg\" rel=\"noopener noreferrer\"><img loading=\"lazy\" decoding=\"async\" width=\"1920\" height=\"1536\" src=\"https:\/\/mb2812.de\/wp-content\/uploads\/2019\/05\/IMG_0179.jpg\" alt=\"\" class=\"wp-image-7470\" style=\"width:800px\" srcset=\"https:\/\/mb2812.de\/wp-content\/uploads\/2019\/05\/IMG_0179.jpg 1920w, https:\/\/mb2812.de\/wp-content\/uploads\/2019\/05\/IMG_0179-300x240.jpg 300w, https:\/\/mb2812.de\/wp-content\/uploads\/2019\/05\/IMG_0179-768x614.jpg 768w, https:\/\/mb2812.de\/wp-content\/uploads\/2019\/05\/IMG_0179-1024x819.jpg 1024w, https:\/\/mb2812.de\/wp-content\/uploads\/2019\/05\/IMG_0179-668x534.jpg 668w\" sizes=\"auto, (max-width: 1920px) 100vw, 1920px\" \/><\/a><figcaption class=\"wp-element-caption\">Blick in das Streichelgehege des Berliner Zoos<\/figcaption><\/figure>\n\n\n\n<figure class=\"wp-block-image aligncenter size-full is-resized\"><a href=\"http:\/\/reiseblog.mb2812.de\/wp-content\/uploads\/2019\/05\/IMG_0183.jpg\" rel=\"noopener noreferrer\"><img loading=\"lazy\" decoding=\"async\" width=\"1920\" height=\"1536\" src=\"https:\/\/mb2812.de\/wp-content\/uploads\/2019\/05\/IMG_0183.jpg\" alt=\"\" class=\"wp-image-7471\" style=\"width:800px\" srcset=\"https:\/\/mb2812.de\/wp-content\/uploads\/2019\/05\/IMG_0183.jpg 1920w, https:\/\/mb2812.de\/wp-content\/uploads\/2019\/05\/IMG_0183-300x240.jpg 300w, https:\/\/mb2812.de\/wp-content\/uploads\/2019\/05\/IMG_0183-768x614.jpg 768w, https:\/\/mb2812.de\/wp-content\/uploads\/2019\/05\/IMG_0183-1024x819.jpg 1024w, https:\/\/mb2812.de\/wp-content\/uploads\/2019\/05\/IMG_0183-668x534.jpg 668w\" sizes=\"auto, (max-width: 1920px) 100vw, 1920px\" \/><\/a><figcaption class=\"wp-element-caption\">Am Ku\u2019damm<\/figcaption><\/figure>\n\n\n\n<p>Der Apple Shop ist in einem historischen Geb\u00e4ude untergebracht, dem ehemaligen Union Filmpalast von 1912. Als Kunde merkt man das aber kaum, der Verkaufsraum hinter der historischen Fassade ist wie \u00fcblich l\u00e4nglich, rechteckig und n\u00fcchtern.<\/p>\n\n\n\n<figure class=\"wp-block-image aligncenter size-full is-resized\"><a href=\"http:\/\/reiseblog.mb2812.de\/wp-content\/uploads\/2019\/05\/IMG_0187-192.jpg\" rel=\"noopener noreferrer\"><img loading=\"lazy\" decoding=\"async\" width=\"1536\" height=\"1920\" src=\"https:\/\/mb2812.de\/wp-content\/uploads\/2019\/05\/IMG_0187-192.jpg\" alt=\"\" class=\"wp-image-7472\" style=\"width:600px\" srcset=\"https:\/\/mb2812.de\/wp-content\/uploads\/2019\/05\/IMG_0187-192.jpg 1536w, https:\/\/mb2812.de\/wp-content\/uploads\/2019\/05\/IMG_0187-192-240x300.jpg 240w, https:\/\/mb2812.de\/wp-content\/uploads\/2019\/05\/IMG_0187-192-768x960.jpg 768w, https:\/\/mb2812.de\/wp-content\/uploads\/2019\/05\/IMG_0187-192-819x1024.jpg 819w, https:\/\/mb2812.de\/wp-content\/uploads\/2019\/05\/IMG_0187-192-668x835.jpg 668w\" sizes=\"auto, (max-width: 1536px) 100vw, 1536px\" \/><\/a><figcaption class=\"wp-element-caption\">Blick auf die Ged\u00e4chtniskirche<\/figcaption><\/figure>\n\n\n\n<figure class=\"wp-block-image aligncenter size-full is-resized\"><a href=\"http:\/\/reiseblog.mb2812.de\/wp-content\/uploads\/2019\/05\/IMG_0192.jpg\" rel=\"noopener noreferrer\"><img loading=\"lazy\" decoding=\"async\" width=\"1920\" height=\"1536\" src=\"https:\/\/mb2812.de\/wp-content\/uploads\/2019\/05\/IMG_0192.jpg\" alt=\"\" class=\"wp-image-7473\" style=\"width:800px\" srcset=\"https:\/\/mb2812.de\/wp-content\/uploads\/2019\/05\/IMG_0192.jpg 1920w, https:\/\/mb2812.de\/wp-content\/uploads\/2019\/05\/IMG_0192-300x240.jpg 300w, https:\/\/mb2812.de\/wp-content\/uploads\/2019\/05\/IMG_0192-768x614.jpg 768w, https:\/\/mb2812.de\/wp-content\/uploads\/2019\/05\/IMG_0192-1024x819.jpg 1024w, https:\/\/mb2812.de\/wp-content\/uploads\/2019\/05\/IMG_0192-668x534.jpg 668w\" sizes=\"auto, (max-width: 1920px) 100vw, 1920px\" \/><\/a><figcaption class=\"wp-element-caption\">Der Ku\u2019damm<\/figcaption><\/figure>\n\n\n\n<p>Zu Fu\u00df gingen wir entlang des Ku\u2019damms bis zur Ged\u00e4chtniskirche, dann hatten wir keine Lust mehr und ruhten uns in einem Doppeldeckerbus &nbsp;der Linie M19 bis Mehringdamm. Ab dort weiter mit der Linie 140 quer durch Kreuzberg bis zum Ostbahnhof. Die S-Bahn brachte uns die zwei Haltestellen zum Alexanderplatz und dann setzten wir den Spaziergang in westlicher Richtung fort.<\/p>\n\n\n\n<figure class=\"wp-block-image aligncenter size-full is-resized\"><a href=\"http:\/\/reiseblog.mb2812.de\/wp-content\/uploads\/2019\/05\/IMG_0209.jpg\" rel=\"noopener noreferrer\"><img loading=\"lazy\" decoding=\"async\" width=\"1920\" height=\"1536\" src=\"https:\/\/mb2812.de\/wp-content\/uploads\/2019\/05\/IMG_0209.jpg\" alt=\"\" class=\"wp-image-7474\" style=\"width:800px\" srcset=\"https:\/\/mb2812.de\/wp-content\/uploads\/2019\/05\/IMG_0209.jpg 1920w, https:\/\/mb2812.de\/wp-content\/uploads\/2019\/05\/IMG_0209-300x240.jpg 300w, https:\/\/mb2812.de\/wp-content\/uploads\/2019\/05\/IMG_0209-768x614.jpg 768w, https:\/\/mb2812.de\/wp-content\/uploads\/2019\/05\/IMG_0209-1024x819.jpg 1024w, https:\/\/mb2812.de\/wp-content\/uploads\/2019\/05\/IMG_0209-668x534.jpg 668w\" sizes=\"auto, (max-width: 1920px) 100vw, 1920px\" \/><\/a><figcaption class=\"wp-element-caption\">Seit 1998 verkehren wieder Stra\u00dfenbahnen \u00fcber den Alexanderplatz, hier die 2007 er\u00f6ffnete Endstelle der Linie M2<\/figcaption><\/figure>\n\n\n\n<figure class=\"wp-block-image aligncenter size-full is-resized\"><a href=\"http:\/\/reiseblog.mb2812.de\/wp-content\/uploads\/2019\/05\/IMG_0211.jpg\" rel=\"noopener noreferrer\"><img loading=\"lazy\" decoding=\"async\" width=\"1920\" height=\"1536\" src=\"https:\/\/mb2812.de\/wp-content\/uploads\/2019\/05\/IMG_0211.jpg\" alt=\"\" class=\"wp-image-7475\" style=\"width:800px\" srcset=\"https:\/\/mb2812.de\/wp-content\/uploads\/2019\/05\/IMG_0211.jpg 1920w, https:\/\/mb2812.de\/wp-content\/uploads\/2019\/05\/IMG_0211-300x240.jpg 300w, https:\/\/mb2812.de\/wp-content\/uploads\/2019\/05\/IMG_0211-768x614.jpg 768w, https:\/\/mb2812.de\/wp-content\/uploads\/2019\/05\/IMG_0211-1024x819.jpg 1024w, https:\/\/mb2812.de\/wp-content\/uploads\/2019\/05\/IMG_0211-668x534.jpg 668w\" sizes=\"auto, (max-width: 1920px) 100vw, 1920px\" \/><\/a><figcaption class=\"wp-element-caption\">Der &nbsp;Brunnen der V\u00f6lkerfreundschaft auf dem Alexanderplatz<\/figcaption><\/figure>\n\n\n\n<figure class=\"wp-block-image aligncenter size-full is-resized\"><a href=\"http:\/\/reiseblog.mb2812.de\/wp-content\/uploads\/2019\/05\/IMG_0212-207.jpg\" rel=\"noopener noreferrer\"><img loading=\"lazy\" decoding=\"async\" width=\"1440\" height=\"1920\" src=\"https:\/\/mb2812.de\/wp-content\/uploads\/2019\/05\/IMG_0212-207.jpg\" alt=\"\" class=\"wp-image-7476\" style=\"width:600px\" srcset=\"https:\/\/mb2812.de\/wp-content\/uploads\/2019\/05\/IMG_0212-207.jpg 1440w, https:\/\/mb2812.de\/wp-content\/uploads\/2019\/05\/IMG_0212-207-225x300.jpg 225w, https:\/\/mb2812.de\/wp-content\/uploads\/2019\/05\/IMG_0212-207-768x1024.jpg 768w, https:\/\/mb2812.de\/wp-content\/uploads\/2019\/05\/IMG_0212-207-668x891.jpg 668w\" sizes=\"auto, (max-width: 1440px) 100vw, 1440px\" \/><\/a><figcaption class=\"wp-element-caption\">Blick zum Fernsehturm und zum Bahnhof Alexanderplatza<\/figcaption><\/figure>\n\n\n\n<figure class=\"wp-block-image aligncenter size-full is-resized\"><a href=\"http:\/\/reiseblog.mb2812.de\/wp-content\/uploads\/2019\/05\/IMG_0215-208.jpg\" rel=\"noopener noreferrer\"><img loading=\"lazy\" decoding=\"async\" width=\"1440\" height=\"1920\" src=\"https:\/\/mb2812.de\/wp-content\/uploads\/2019\/05\/IMG_0215-208.jpg\" alt=\"\" class=\"wp-image-7477\" style=\"width:600px\" srcset=\"https:\/\/mb2812.de\/wp-content\/uploads\/2019\/05\/IMG_0215-208.jpg 1440w, https:\/\/mb2812.de\/wp-content\/uploads\/2019\/05\/IMG_0215-208-225x300.jpg 225w, https:\/\/mb2812.de\/wp-content\/uploads\/2019\/05\/IMG_0215-208-768x1024.jpg 768w, https:\/\/mb2812.de\/wp-content\/uploads\/2019\/05\/IMG_0215-208-668x891.jpg 668w\" sizes=\"auto, (max-width: 1440px) 100vw, 1440px\" \/><\/a><figcaption class=\"wp-element-caption\">Der Fernsehturm und die Weltzeituhr auf dem Alexanderplatz<\/figcaption><\/figure>\n\n\n\n<figure class=\"wp-block-image aligncenter size-full is-resized\"><a href=\"http:\/\/reiseblog.mb2812.de\/wp-content\/uploads\/2019\/05\/IMG_0223.jpg\"><img loading=\"lazy\" decoding=\"async\" width=\"1536\" height=\"1920\" src=\"https:\/\/mb2812.de\/wp-content\/uploads\/2019\/05\/IMG_0223.jpg\" alt=\"\" class=\"wp-image-7478\" style=\"width:600px\" srcset=\"https:\/\/mb2812.de\/wp-content\/uploads\/2019\/05\/IMG_0223.jpg 1536w, https:\/\/mb2812.de\/wp-content\/uploads\/2019\/05\/IMG_0223-240x300.jpg 240w, https:\/\/mb2812.de\/wp-content\/uploads\/2019\/05\/IMG_0223-768x960.jpg 768w, https:\/\/mb2812.de\/wp-content\/uploads\/2019\/05\/IMG_0223-819x1024.jpg 819w, https:\/\/mb2812.de\/wp-content\/uploads\/2019\/05\/IMG_0223-668x835.jpg 668w\" sizes=\"auto, (max-width: 1536px) 100vw, 1536px\" \/><\/a><figcaption class=\"wp-element-caption\">Das rote Rathaus<\/figcaption><\/figure>\n\n\n\n<figure class=\"wp-block-image aligncenter size-full is-resized\"><a href=\"http:\/\/reiseblog.mb2812.de\/wp-content\/uploads\/2019\/05\/IMG_1447.jpg\" rel=\"noopener noreferrer\"><img loading=\"lazy\" decoding=\"async\" width=\"1440\" height=\"1920\" src=\"https:\/\/mb2812.de\/wp-content\/uploads\/2019\/05\/IMG_1447.jpg\" alt=\"\" class=\"wp-image-7496\" style=\"width:600px\" srcset=\"https:\/\/mb2812.de\/wp-content\/uploads\/2019\/05\/IMG_1447.jpg 1440w, https:\/\/mb2812.de\/wp-content\/uploads\/2019\/05\/IMG_1447-225x300.jpg 225w, https:\/\/mb2812.de\/wp-content\/uploads\/2019\/05\/IMG_1447-768x1024.jpg 768w, https:\/\/mb2812.de\/wp-content\/uploads\/2019\/05\/IMG_1447-668x891.jpg 668w\" sizes=\"auto, (max-width: 1440px) 100vw, 1440px\" \/><\/a><figcaption class=\"wp-element-caption\">Rotes Rathaus und Fernsehturm<\/figcaption><\/figure>\n\n\n\n<figure class=\"wp-block-image aligncenter size-full is-resized\"><a href=\"http:\/\/reiseblog.mb2812.de\/wp-content\/uploads\/2019\/05\/IMG_1449.jpg\" rel=\"noopener noreferrer\"><img loading=\"lazy\" decoding=\"async\" width=\"1536\" height=\"1920\" src=\"https:\/\/mb2812.de\/wp-content\/uploads\/2019\/05\/IMG_1449.jpg\" alt=\"\" class=\"wp-image-7497\" style=\"width:600px\" srcset=\"https:\/\/mb2812.de\/wp-content\/uploads\/2019\/05\/IMG_1449.jpg 1536w, https:\/\/mb2812.de\/wp-content\/uploads\/2019\/05\/IMG_1449-240x300.jpg 240w, https:\/\/mb2812.de\/wp-content\/uploads\/2019\/05\/IMG_1449-768x960.jpg 768w, https:\/\/mb2812.de\/wp-content\/uploads\/2019\/05\/IMG_1449-819x1024.jpg 819w, https:\/\/mb2812.de\/wp-content\/uploads\/2019\/05\/IMG_1449-668x835.jpg 668w\" sizes=\"auto, (max-width: 1536px) 100vw, 1536px\" \/><\/a><figcaption class=\"wp-element-caption\">Die Skulptur &#8222;Allegorie der Wissenschaft&#8220;, 1873-76 von Albert Wolff geschaffen und urspr\u00fcnglich auf dem Sockel eines K\u00f6nig Friedrich-Wilhelm III.-Denkmals im Lustgarten plaziert, steht jetzt an der Nikolaikirche.<\/figcaption><\/figure>\n\n\n\n<figure class=\"wp-block-image aligncenter size-full is-resized\"><a href=\"http:\/\/reiseblog.mb2812.de\/wp-content\/uploads\/2019\/05\/IMG_0230-194.jpg\" rel=\"noopener noreferrer\"><img loading=\"lazy\" decoding=\"async\" width=\"1920\" height=\"1536\" src=\"https:\/\/mb2812.de\/wp-content\/uploads\/2019\/05\/IMG_0230-194.jpg\" alt=\"\" class=\"wp-image-7479\" style=\"width:800px\" srcset=\"https:\/\/mb2812.de\/wp-content\/uploads\/2019\/05\/IMG_0230-194.jpg 1920w, https:\/\/mb2812.de\/wp-content\/uploads\/2019\/05\/IMG_0230-194-300x240.jpg 300w, https:\/\/mb2812.de\/wp-content\/uploads\/2019\/05\/IMG_0230-194-768x614.jpg 768w, https:\/\/mb2812.de\/wp-content\/uploads\/2019\/05\/IMG_0230-194-1024x819.jpg 1024w, https:\/\/mb2812.de\/wp-content\/uploads\/2019\/05\/IMG_0230-194-668x534.jpg 668w\" sizes=\"auto, (max-width: 1920px) 100vw, 1920px\" \/><\/a><figcaption class=\"wp-element-caption\">Im Nikolaiviertel<\/figcaption><\/figure>\n\n\n\n<p>Durchs Nikolaiviertel gelangten wir zur Spree. Durchs zentrale Berlin gibt es hier jede Menge Bootstouren, alle paar Hundert Meter ist eine Anlegestelle. Auch wir fanden uns in der N\u00e4he einer solchen wieder, das Schiff war noch recht leer und fuhr in ca. 10 Minuten ab, die spontane Entscheidung zu einer Bootstoour war also schnell gefallen.<\/p>\n\n\n\n<figure class=\"wp-block-image aligncenter size-full is-resized\"><a href=\"http:\/\/reiseblog.mb2812.de\/wp-content\/uploads\/2019\/05\/IMG_0244-209.jpg\" rel=\"noopener noreferrer\"><img loading=\"lazy\" decoding=\"async\" width=\"1920\" height=\"1536\" src=\"https:\/\/mb2812.de\/wp-content\/uploads\/2019\/05\/IMG_0244-209.jpg\" alt=\"\" class=\"wp-image-7482\" style=\"width:800px\" srcset=\"https:\/\/mb2812.de\/wp-content\/uploads\/2019\/05\/IMG_0244-209.jpg 1920w, https:\/\/mb2812.de\/wp-content\/uploads\/2019\/05\/IMG_0244-209-300x240.jpg 300w, https:\/\/mb2812.de\/wp-content\/uploads\/2019\/05\/IMG_0244-209-768x614.jpg 768w, https:\/\/mb2812.de\/wp-content\/uploads\/2019\/05\/IMG_0244-209-1024x819.jpg 1024w, https:\/\/mb2812.de\/wp-content\/uploads\/2019\/05\/IMG_0244-209-668x534.jpg 668w\" sizes=\"auto, (max-width: 1920px) 100vw, 1920px\" \/><\/a><figcaption class=\"wp-element-caption\">Abfahrtstelle der Spreerundfahrten<\/figcaption><\/figure>\n\n\n\n<p>Die Boote fahren die Spree rauf und runter zwischen M\u00fchlendammschleuse und kurz vor dem Schloss Bellevue. Tats\u00e4chlich war es kurz vor der Lutherbr\u00fccke in der N\u00e4he unseres Hotels wo das Boot umdrehte.<\/p>\n\n\n\n<figure class=\"wp-block-image aligncenter size-full is-resized\"><a href=\"http:\/\/reiseblog.mb2812.de\/wp-content\/uploads\/2019\/05\/IMG_0231.jpg\" rel=\"noopener noreferrer\"><img loading=\"lazy\" decoding=\"async\" width=\"1920\" height=\"1536\" src=\"https:\/\/mb2812.de\/wp-content\/uploads\/2019\/05\/IMG_0231.jpg\" alt=\"\" class=\"wp-image-7480\" style=\"width:800px\" srcset=\"https:\/\/mb2812.de\/wp-content\/uploads\/2019\/05\/IMG_0231.jpg 1920w, https:\/\/mb2812.de\/wp-content\/uploads\/2019\/05\/IMG_0231-300x240.jpg 300w, https:\/\/mb2812.de\/wp-content\/uploads\/2019\/05\/IMG_0231-768x614.jpg 768w, https:\/\/mb2812.de\/wp-content\/uploads\/2019\/05\/IMG_0231-1024x819.jpg 1024w, https:\/\/mb2812.de\/wp-content\/uploads\/2019\/05\/IMG_0231-668x534.jpg 668w\" sizes=\"auto, (max-width: 1920px) 100vw, 1920px\" \/><\/a><figcaption class=\"wp-element-caption\">Die R\u00fcckseite des Marstallkomplexes<\/figcaption><\/figure>\n\n\n\n<figure class=\"wp-block-image aligncenter size-full is-resized\"><a href=\"http:\/\/reiseblog.mb2812.de\/wp-content\/uploads\/2019\/05\/IMG_0242.jpg\" rel=\"noopener noreferrer\"><img loading=\"lazy\" decoding=\"async\" width=\"1920\" height=\"1536\" src=\"https:\/\/mb2812.de\/wp-content\/uploads\/2019\/05\/IMG_0242.jpg\" alt=\"\" class=\"wp-image-7481\" style=\"width:800px\" srcset=\"https:\/\/mb2812.de\/wp-content\/uploads\/2019\/05\/IMG_0242.jpg 1920w, https:\/\/mb2812.de\/wp-content\/uploads\/2019\/05\/IMG_0242-300x240.jpg 300w, https:\/\/mb2812.de\/wp-content\/uploads\/2019\/05\/IMG_0242-768x614.jpg 768w, https:\/\/mb2812.de\/wp-content\/uploads\/2019\/05\/IMG_0242-1024x819.jpg 1024w, https:\/\/mb2812.de\/wp-content\/uploads\/2019\/05\/IMG_0242-668x534.jpg 668w\" sizes=\"auto, (max-width: 1920px) 100vw, 1920px\" \/><\/a><figcaption class=\"wp-element-caption\">Das Nikolaiviertel mit der Nikolaikirche und dem St. Georgsdenkmal am Spreeufer. anl\u00e4sslich der 750-Jahr-Feier der Stadt wurde das Viertel 1980-87 wiederaufgebaut mit wenigen originalen H\u00e4usern und angepassten Plattenbauten<\/figcaption><\/figure>\n\n\n\n<figure class=\"wp-block-image aligncenter size-full is-resized\"><a href=\"http:\/\/reiseblog.mb2812.de\/wp-content\/uploads\/2019\/05\/IMG_1461-195.jpg\" rel=\"noopener noreferrer\"><img loading=\"lazy\" decoding=\"async\" width=\"1920\" height=\"1536\" src=\"https:\/\/mb2812.de\/wp-content\/uploads\/2019\/05\/IMG_1461-195.jpg\" alt=\"\" class=\"wp-image-7498\" style=\"width:800px\" srcset=\"https:\/\/mb2812.de\/wp-content\/uploads\/2019\/05\/IMG_1461-195.jpg 1920w, https:\/\/mb2812.de\/wp-content\/uploads\/2019\/05\/IMG_1461-195-300x240.jpg 300w, https:\/\/mb2812.de\/wp-content\/uploads\/2019\/05\/IMG_1461-195-768x614.jpg 768w, https:\/\/mb2812.de\/wp-content\/uploads\/2019\/05\/IMG_1461-195-1024x819.jpg 1024w, https:\/\/mb2812.de\/wp-content\/uploads\/2019\/05\/IMG_1461-195-668x534.jpg 668w\" sizes=\"auto, (max-width: 1920px) 100vw, 1920px\" \/><\/a><figcaption class=\"wp-element-caption\">Hier stand fr\u00fcher der Palast der Republik. Das Humboldtforum mit der Fassade des Stadtschlosses ist noch nicht ganz fertig.<\/figcaption><\/figure>\n\n\n\n<figure class=\"wp-block-image aligncenter size-full is-resized\"><a href=\"http:\/\/reiseblog.mb2812.de\/wp-content\/uploads\/2019\/05\/IMG_1483.jpg\" rel=\"noopener noreferrer\"><img loading=\"lazy\" decoding=\"async\" width=\"1920\" height=\"1536\" src=\"https:\/\/mb2812.de\/wp-content\/uploads\/2019\/05\/IMG_1483.jpg\" alt=\"\" class=\"wp-image-7500\" style=\"width:800px\" srcset=\"https:\/\/mb2812.de\/wp-content\/uploads\/2019\/05\/IMG_1483.jpg 1920w, https:\/\/mb2812.de\/wp-content\/uploads\/2019\/05\/IMG_1483-300x240.jpg 300w, https:\/\/mb2812.de\/wp-content\/uploads\/2019\/05\/IMG_1483-768x614.jpg 768w, https:\/\/mb2812.de\/wp-content\/uploads\/2019\/05\/IMG_1483-1024x819.jpg 1024w, https:\/\/mb2812.de\/wp-content\/uploads\/2019\/05\/IMG_1483-668x534.jpg 668w\" sizes=\"auto, (max-width: 1920px) 100vw, 1920px\" \/><\/a><figcaption class=\"wp-element-caption\">Paul-L\u00f6be-Haus links und Marie-Elisabeth-L\u00fcders Haus rechts der Spree<\/figcaption><\/figure>\n\n\n\n<figure class=\"wp-block-image aligncenter size-full is-resized\"><a href=\"http:\/\/reiseblog.mb2812.de\/wp-content\/uploads\/2019\/05\/IMG_0260.jpg\" rel=\"noopener noreferrer\"><img loading=\"lazy\" decoding=\"async\" width=\"1920\" height=\"1536\" src=\"https:\/\/mb2812.de\/wp-content\/uploads\/2019\/05\/IMG_0260.jpg\" alt=\"\" class=\"wp-image-7483\" style=\"width:800px\" srcset=\"https:\/\/mb2812.de\/wp-content\/uploads\/2019\/05\/IMG_0260.jpg 1920w, https:\/\/mb2812.de\/wp-content\/uploads\/2019\/05\/IMG_0260-300x240.jpg 300w, https:\/\/mb2812.de\/wp-content\/uploads\/2019\/05\/IMG_0260-768x614.jpg 768w, https:\/\/mb2812.de\/wp-content\/uploads\/2019\/05\/IMG_0260-1024x819.jpg 1024w, https:\/\/mb2812.de\/wp-content\/uploads\/2019\/05\/IMG_0260-668x534.jpg 668w\" sizes=\"auto, (max-width: 1920px) 100vw, 1920px\" \/><\/a><figcaption class=\"wp-element-caption\">Das Bundeskanzleramt<\/figcaption><\/figure>\n\n\n\n<figure class=\"wp-block-image aligncenter size-full is-resized\"><a href=\"http:\/\/reiseblog.mb2812.de\/wp-content\/uploads\/2019\/05\/IMG_0265-210.jpg\" rel=\"noopener noreferrer\"><img loading=\"lazy\" decoding=\"async\" width=\"1920\" height=\"1536\" src=\"https:\/\/mb2812.de\/wp-content\/uploads\/2019\/05\/IMG_0265-210.jpg\" alt=\"\" class=\"wp-image-7484\" style=\"width:800px\" srcset=\"https:\/\/mb2812.de\/wp-content\/uploads\/2019\/05\/IMG_0265-210.jpg 1920w, https:\/\/mb2812.de\/wp-content\/uploads\/2019\/05\/IMG_0265-210-300x240.jpg 300w, https:\/\/mb2812.de\/wp-content\/uploads\/2019\/05\/IMG_0265-210-768x614.jpg 768w, https:\/\/mb2812.de\/wp-content\/uploads\/2019\/05\/IMG_0265-210-1024x819.jpg 1024w, https:\/\/mb2812.de\/wp-content\/uploads\/2019\/05\/IMG_0265-210-668x534.jpg 668w\" sizes=\"auto, (max-width: 1920px) 100vw, 1920px\" \/><\/a><figcaption class=\"wp-element-caption\">Der Reichstag<\/figcaption><\/figure>\n\n\n\n<figure class=\"wp-block-image aligncenter size-full is-resized\"><a href=\"http:\/\/reiseblog.mb2812.de\/wp-content\/uploads\/2019\/05\/IMG_0268-197.jpg\" rel=\"noopener noreferrer\"><img loading=\"lazy\" decoding=\"async\" width=\"1920\" height=\"1536\" src=\"https:\/\/mb2812.de\/wp-content\/uploads\/2019\/05\/IMG_0268-197.jpg\" alt=\"\" class=\"wp-image-7485\" style=\"width:800px\" srcset=\"https:\/\/mb2812.de\/wp-content\/uploads\/2019\/05\/IMG_0268-197.jpg 1920w, https:\/\/mb2812.de\/wp-content\/uploads\/2019\/05\/IMG_0268-197-300x240.jpg 300w, https:\/\/mb2812.de\/wp-content\/uploads\/2019\/05\/IMG_0268-197-768x614.jpg 768w, https:\/\/mb2812.de\/wp-content\/uploads\/2019\/05\/IMG_0268-197-1024x819.jpg 1024w, https:\/\/mb2812.de\/wp-content\/uploads\/2019\/05\/IMG_0268-197-668x534.jpg 668w\" sizes=\"auto, (max-width: 1920px) 100vw, 1920px\" \/><\/a><figcaption class=\"wp-element-caption\">Bahnhof Friedrichstra\u00dfe<\/figcaption><\/figure>\n\n\n\n<figure class=\"wp-block-image aligncenter size-full is-resized\"><a href=\"http:\/\/reiseblog.mb2812.de\/wp-content\/uploads\/2019\/05\/IMG_0271-211.jpg\" rel=\"noopener noreferrer\"><img loading=\"lazy\" decoding=\"async\" width=\"1920\" height=\"1536\" src=\"https:\/\/mb2812.de\/wp-content\/uploads\/2019\/05\/IMG_0271-211.jpg\" alt=\"\" class=\"wp-image-7486\" style=\"width:800px\" srcset=\"https:\/\/mb2812.de\/wp-content\/uploads\/2019\/05\/IMG_0271-211.jpg 1920w, https:\/\/mb2812.de\/wp-content\/uploads\/2019\/05\/IMG_0271-211-300x240.jpg 300w, https:\/\/mb2812.de\/wp-content\/uploads\/2019\/05\/IMG_0271-211-768x614.jpg 768w, https:\/\/mb2812.de\/wp-content\/uploads\/2019\/05\/IMG_0271-211-1024x819.jpg 1024w, https:\/\/mb2812.de\/wp-content\/uploads\/2019\/05\/IMG_0271-211-668x534.jpg 668w\" sizes=\"auto, (max-width: 1920px) 100vw, 1920px\" \/><\/a><figcaption class=\"wp-element-caption\">Das Bode Museum auf der Museumsinsel<\/figcaption><\/figure>\n\n\n\n<figure class=\"wp-block-image aligncenter size-full is-resized\"><a href=\"http:\/\/reiseblog.mb2812.de\/wp-content\/uploads\/2019\/05\/IMG_0281-212.jpg\" rel=\"noopener noreferrer\"><img loading=\"lazy\" decoding=\"async\" width=\"1920\" height=\"1536\" src=\"https:\/\/mb2812.de\/wp-content\/uploads\/2019\/05\/IMG_0281-212.jpg\" alt=\"\" class=\"wp-image-7487\" style=\"width:800px\" srcset=\"https:\/\/mb2812.de\/wp-content\/uploads\/2019\/05\/IMG_0281-212.jpg 1920w, https:\/\/mb2812.de\/wp-content\/uploads\/2019\/05\/IMG_0281-212-300x240.jpg 300w, https:\/\/mb2812.de\/wp-content\/uploads\/2019\/05\/IMG_0281-212-768x614.jpg 768w, https:\/\/mb2812.de\/wp-content\/uploads\/2019\/05\/IMG_0281-212-1024x819.jpg 1024w, https:\/\/mb2812.de\/wp-content\/uploads\/2019\/05\/IMG_0281-212-668x534.jpg 668w\" sizes=\"auto, (max-width: 1920px) 100vw, 1920px\" \/><\/a><figcaption class=\"wp-element-caption\">Die Kollonaden am Spreeufer auf der Museumsinsel, dahinter der Berliner Dom<\/figcaption><\/figure>\n\n\n\n<figure class=\"wp-block-image aligncenter size-full is-resized\"><a href=\"http:\/\/reiseblog.mb2812.de\/wp-content\/uploads\/2019\/05\/IMG_1465-196.jpg\" rel=\"noopener noreferrer\"><img loading=\"lazy\" decoding=\"async\" width=\"1536\" height=\"1920\" src=\"https:\/\/mb2812.de\/wp-content\/uploads\/2019\/05\/IMG_1465-196.jpg\" alt=\"\" class=\"wp-image-7499\" style=\"width:600px\" srcset=\"https:\/\/mb2812.de\/wp-content\/uploads\/2019\/05\/IMG_1465-196.jpg 1536w, https:\/\/mb2812.de\/wp-content\/uploads\/2019\/05\/IMG_1465-196-240x300.jpg 240w, https:\/\/mb2812.de\/wp-content\/uploads\/2019\/05\/IMG_1465-196-768x960.jpg 768w, https:\/\/mb2812.de\/wp-content\/uploads\/2019\/05\/IMG_1465-196-819x1024.jpg 819w, https:\/\/mb2812.de\/wp-content\/uploads\/2019\/05\/IMG_1465-196-668x835.jpg 668w\" sizes=\"auto, (max-width: 1536px) 100vw, 1536px\" \/><\/a><figcaption class=\"wp-element-caption\">Vor dem Berliner Dom. An der Uferpromenade vor dem Humboldtforum wird noch gebaut.<\/figcaption><\/figure>\n\n\n\n<p>Nach der Fahrt setzten wir den Spaziergang weiter fort und schauten uns die Museumsinsel n\u00e4her an.<\/p>\n\n\n\n<figure class=\"wp-block-image aligncenter size-full is-resized\"><a href=\"http:\/\/reiseblog.mb2812.de\/wp-content\/uploads\/2019\/05\/IMG_0289-213.jpg\" rel=\"noopener noreferrer\"><img loading=\"lazy\" decoding=\"async\" width=\"1536\" height=\"1920\" src=\"https:\/\/mb2812.de\/wp-content\/uploads\/2019\/05\/IMG_0289-213.jpg\" alt=\"\" class=\"wp-image-7488\" style=\"width:600px\" srcset=\"https:\/\/mb2812.de\/wp-content\/uploads\/2019\/05\/IMG_0289-213.jpg 1536w, https:\/\/mb2812.de\/wp-content\/uploads\/2019\/05\/IMG_0289-213-240x300.jpg 240w, https:\/\/mb2812.de\/wp-content\/uploads\/2019\/05\/IMG_0289-213-768x960.jpg 768w, https:\/\/mb2812.de\/wp-content\/uploads\/2019\/05\/IMG_0289-213-819x1024.jpg 819w, https:\/\/mb2812.de\/wp-content\/uploads\/2019\/05\/IMG_0289-213-668x835.jpg 668w\" sizes=\"auto, (max-width: 1536px) 100vw, 1536px\" \/><\/a><figcaption class=\"wp-element-caption\">Aufgrund des U-Bahn Baus mussten Marx und Engels &nbsp;einige Meter zur Seite weichen. \u00dcber eine weitere Verlegung wird noch gestritten<\/figcaption><\/figure>\n\n\n\n<figure class=\"wp-block-image aligncenter size-full is-resized\"><a href=\"http:\/\/reiseblog.mb2812.de\/wp-content\/uploads\/2019\/05\/IMG_0291.jpg\" rel=\"noopener noreferrer\"><img loading=\"lazy\" decoding=\"async\" width=\"1536\" height=\"1920\" src=\"https:\/\/mb2812.de\/wp-content\/uploads\/2019\/05\/IMG_0291.jpg\" alt=\"\" class=\"wp-image-7489\" style=\"width:600px\" srcset=\"https:\/\/mb2812.de\/wp-content\/uploads\/2019\/05\/IMG_0291.jpg 1536w, https:\/\/mb2812.de\/wp-content\/uploads\/2019\/05\/IMG_0291-240x300.jpg 240w, https:\/\/mb2812.de\/wp-content\/uploads\/2019\/05\/IMG_0291-768x960.jpg 768w, https:\/\/mb2812.de\/wp-content\/uploads\/2019\/05\/IMG_0291-819x1024.jpg 819w, https:\/\/mb2812.de\/wp-content\/uploads\/2019\/05\/IMG_0291-668x835.jpg 668w\" sizes=\"auto, (max-width: 1536px) 100vw, 1536px\" \/><\/a><figcaption class=\"wp-element-caption\">Das Original steht in Bydgoszcz in Polen. Eine Kopie der Skulptur \u201eBogenspannerin\u201c von Ferdinand Lepcke steht seit 1997 im Kollonadenhof auf der Museumsinsel<\/figcaption><\/figure>\n\n\n\n<figure class=\"wp-block-image aligncenter size-full is-resized\"><a href=\"http:\/\/reiseblog.mb2812.de\/wp-content\/uploads\/2019\/05\/IMG_0296-198.jpg\" rel=\"noopener noreferrer\"><img loading=\"lazy\" decoding=\"async\" width=\"1920\" height=\"1536\" src=\"https:\/\/mb2812.de\/wp-content\/uploads\/2019\/05\/IMG_0296-198.jpg\" alt=\"\" class=\"wp-image-7490\" style=\"width:800px\" srcset=\"https:\/\/mb2812.de\/wp-content\/uploads\/2019\/05\/IMG_0296-198.jpg 1920w, https:\/\/mb2812.de\/wp-content\/uploads\/2019\/05\/IMG_0296-198-300x240.jpg 300w, https:\/\/mb2812.de\/wp-content\/uploads\/2019\/05\/IMG_0296-198-768x614.jpg 768w, https:\/\/mb2812.de\/wp-content\/uploads\/2019\/05\/IMG_0296-198-1024x819.jpg 1024w, https:\/\/mb2812.de\/wp-content\/uploads\/2019\/05\/IMG_0296-198-668x534.jpg 668w\" sizes=\"auto, (max-width: 1920px) 100vw, 1920px\" \/><\/a><figcaption class=\"wp-element-caption\">Die alte Nationalgalerie<\/figcaption><\/figure>\n\n\n\n<figure class=\"wp-block-image aligncenter size-full is-resized\"><a href=\"http:\/\/reiseblog.mb2812.de\/wp-content\/uploads\/2019\/05\/IMG_1534.jpg\" rel=\"noopener noreferrer\"><img loading=\"lazy\" decoding=\"async\" width=\"1536\" height=\"1920\" src=\"https:\/\/mb2812.de\/wp-content\/uploads\/2019\/05\/IMG_1534.jpg\" alt=\"\" class=\"wp-image-7501\" style=\"width:600px\" srcset=\"https:\/\/mb2812.de\/wp-content\/uploads\/2019\/05\/IMG_1534.jpg 1536w, https:\/\/mb2812.de\/wp-content\/uploads\/2019\/05\/IMG_1534-240x300.jpg 240w, https:\/\/mb2812.de\/wp-content\/uploads\/2019\/05\/IMG_1534-768x960.jpg 768w, https:\/\/mb2812.de\/wp-content\/uploads\/2019\/05\/IMG_1534-819x1024.jpg 819w, https:\/\/mb2812.de\/wp-content\/uploads\/2019\/05\/IMG_1534-668x835.jpg 668w\" sizes=\"auto, (max-width: 1536px) 100vw, 1536px\" \/><\/a><figcaption class=\"wp-element-caption\">Das Reiterstandbild Friedrich Wilhelms IV. wurde zwischen 1875 und 1886 von Alexander Calandrelli nach einem Entwurf Gustav Blaesers geschaffen und steht auf der Freitreppe vor der Galerie<\/figcaption><\/figure>\n\n\n\n<figure class=\"wp-block-image aligncenter size-full is-resized\"><a href=\"http:\/\/reiseblog.mb2812.de\/wp-content\/uploads\/2019\/05\/IMG_0301.jpg\" rel=\"noopener noreferrer\"><img loading=\"lazy\" decoding=\"async\" width=\"1536\" height=\"1920\" src=\"https:\/\/mb2812.de\/wp-content\/uploads\/2019\/05\/IMG_0301.jpg\" alt=\"\" class=\"wp-image-7491\" style=\"width:600px\" srcset=\"https:\/\/mb2812.de\/wp-content\/uploads\/2019\/05\/IMG_0301.jpg 1536w, https:\/\/mb2812.de\/wp-content\/uploads\/2019\/05\/IMG_0301-240x300.jpg 240w, https:\/\/mb2812.de\/wp-content\/uploads\/2019\/05\/IMG_0301-768x960.jpg 768w, https:\/\/mb2812.de\/wp-content\/uploads\/2019\/05\/IMG_0301-819x1024.jpg 819w, https:\/\/mb2812.de\/wp-content\/uploads\/2019\/05\/IMG_0301-668x835.jpg 668w\" sizes=\"auto, (max-width: 1536px) 100vw, 1536px\" \/><\/a><figcaption class=\"wp-element-caption\">Der S\u00e4mann von Constantin Meunier, rechts das neue Museum<\/figcaption><\/figure>\n\n\n\n<figure class=\"wp-block-image aligncenter size-full is-resized\"><a href=\"http:\/\/reiseblog.mb2812.de\/wp-content\/uploads\/2019\/05\/IMG_1548.jpg\" rel=\"noopener noreferrer\"><img loading=\"lazy\" decoding=\"async\" width=\"1920\" height=\"1536\" src=\"https:\/\/mb2812.de\/wp-content\/uploads\/2019\/05\/IMG_1548.jpg\" alt=\"\" class=\"wp-image-7502\" style=\"width:800px\" srcset=\"https:\/\/mb2812.de\/wp-content\/uploads\/2019\/05\/IMG_1548.jpg 1920w, https:\/\/mb2812.de\/wp-content\/uploads\/2019\/05\/IMG_1548-300x240.jpg 300w, https:\/\/mb2812.de\/wp-content\/uploads\/2019\/05\/IMG_1548-768x614.jpg 768w, https:\/\/mb2812.de\/wp-content\/uploads\/2019\/05\/IMG_1548-1024x819.jpg 1024w, https:\/\/mb2812.de\/wp-content\/uploads\/2019\/05\/IMG_1548-668x534.jpg 668w\" sizes=\"auto, (max-width: 1920px) 100vw, 1920px\" \/><\/a><figcaption class=\"wp-element-caption\">Das tempor\u00e4re Geb\u00e4ude des Pergamon Panoramas<\/figcaption><\/figure>\n\n\n\n<figure class=\"wp-block-image aligncenter size-full is-resized\"><a href=\"http:\/\/reiseblog.mb2812.de\/wp-content\/uploads\/2019\/05\/IMG_1549.jpg\" rel=\"noopener noreferrer\"><img loading=\"lazy\" decoding=\"async\" width=\"1920\" height=\"1536\" src=\"https:\/\/mb2812.de\/wp-content\/uploads\/2019\/05\/IMG_1549.jpg\" alt=\"\" class=\"wp-image-7503\" style=\"width:800px\" srcset=\"https:\/\/mb2812.de\/wp-content\/uploads\/2019\/05\/IMG_1549.jpg 1920w, https:\/\/mb2812.de\/wp-content\/uploads\/2019\/05\/IMG_1549-300x240.jpg 300w, https:\/\/mb2812.de\/wp-content\/uploads\/2019\/05\/IMG_1549-768x614.jpg 768w, https:\/\/mb2812.de\/wp-content\/uploads\/2019\/05\/IMG_1549-1024x819.jpg 1024w, https:\/\/mb2812.de\/wp-content\/uploads\/2019\/05\/IMG_1549-668x534.jpg 668w\" sizes=\"auto, (max-width: 1920px) 100vw, 1920px\" \/><\/a><figcaption class=\"wp-element-caption\">Das Bode Museum jenseits des Kupfergrabens<\/figcaption><\/figure>\n\n\n\n<figure class=\"wp-block-image aligncenter size-full is-resized\"><a href=\"http:\/\/reiseblog.mb2812.de\/wp-content\/uploads\/2019\/05\/IMG_0310-202.jpg\" rel=\"noopener noreferrer\"><img loading=\"lazy\" decoding=\"async\" width=\"1536\" height=\"1920\" src=\"https:\/\/mb2812.de\/wp-content\/uploads\/2019\/05\/IMG_0310-202.jpg\" alt=\"\" class=\"wp-image-7492\" style=\"width:600px\" srcset=\"https:\/\/mb2812.de\/wp-content\/uploads\/2019\/05\/IMG_0310-202.jpg 1536w, https:\/\/mb2812.de\/wp-content\/uploads\/2019\/05\/IMG_0310-202-240x300.jpg 240w, https:\/\/mb2812.de\/wp-content\/uploads\/2019\/05\/IMG_0310-202-768x960.jpg 768w, https:\/\/mb2812.de\/wp-content\/uploads\/2019\/05\/IMG_0310-202-819x1024.jpg 819w, https:\/\/mb2812.de\/wp-content\/uploads\/2019\/05\/IMG_0310-202-668x835.jpg 668w\" sizes=\"auto, (max-width: 1536px) 100vw, 1536px\" \/><\/a><figcaption class=\"wp-element-caption\">Der Eingang des Bodemuseums, auf dem Platz davor die Skulptur \u201eHektor\u201c von Markus L\u00fcpertz<\/figcaption><\/figure>\n\n\n\n<p>Das wars denn jetzt mit Fu\u00dfm\u00e4rschen in Berlin. Wir nehmen ab der Endstation Kupfergraben die n\u00e4chste Bahn der Linie M1 und fahren damit bis zur Endstation Rosenthal. Dort ist Berlin noch l\u00e4ndlich. Zur\u00fcck geht es etwas schneller, da wir ab Pankow die U-Bahn nehmen. An der Station Rosa-Luxemburg-Platz steigen wir aus und haben Abendessen bei einem Vietnamesen in der N\u00e4he.<\/p>\n\n\n\n<p>Noch ein kurzer Fu\u00dfmarsch bis zum Hackeschen Markt und mit der S-Bahn zur\u00fcck zum Hotel, dann ist der Tag zu Ende.<\/p>\n\n\n\n<figure class=\"wp-block-image aligncenter size-full is-resized\"><a href=\"http:\/\/reiseblog.mb2812.de\/wp-content\/uploads\/2019\/05\/IMG_0313.jpg\" rel=\"noopener noreferrer\"><img loading=\"lazy\" decoding=\"async\" width=\"1536\" height=\"1920\" src=\"https:\/\/mb2812.de\/wp-content\/uploads\/2019\/05\/IMG_0313.jpg\" alt=\"\" class=\"wp-image-7493\" style=\"width:600px\" srcset=\"https:\/\/mb2812.de\/wp-content\/uploads\/2019\/05\/IMG_0313.jpg 1536w, https:\/\/mb2812.de\/wp-content\/uploads\/2019\/05\/IMG_0313-240x300.jpg 240w, https:\/\/mb2812.de\/wp-content\/uploads\/2019\/05\/IMG_0313-768x960.jpg 768w, https:\/\/mb2812.de\/wp-content\/uploads\/2019\/05\/IMG_0313-819x1024.jpg 819w, https:\/\/mb2812.de\/wp-content\/uploads\/2019\/05\/IMG_0313-668x835.jpg 668w\" sizes=\"auto, (max-width: 1536px) 100vw, 1536px\" \/><\/a><figcaption class=\"wp-element-caption\">In einer der neueren Stra\u00dfenbahnen vom Typ &#8222;Flexity Berlin&#8220;<\/figcaption><\/figure>\n\n\n\n<figure class=\"wp-block-image aligncenter size-full is-resized\"><a href=\"http:\/\/reiseblog.mb2812.de\/wp-content\/uploads\/2019\/05\/IMG_0315-201.jpg\" rel=\"noopener noreferrer\"><img loading=\"lazy\" decoding=\"async\" width=\"1920\" height=\"1536\" src=\"https:\/\/mb2812.de\/wp-content\/uploads\/2019\/05\/IMG_0315-201.jpg\" alt=\"\" class=\"wp-image-7494\" style=\"width:800px\" srcset=\"https:\/\/mb2812.de\/wp-content\/uploads\/2019\/05\/IMG_0315-201.jpg 1920w, https:\/\/mb2812.de\/wp-content\/uploads\/2019\/05\/IMG_0315-201-300x240.jpg 300w, https:\/\/mb2812.de\/wp-content\/uploads\/2019\/05\/IMG_0315-201-768x614.jpg 768w, https:\/\/mb2812.de\/wp-content\/uploads\/2019\/05\/IMG_0315-201-1024x819.jpg 1024w, https:\/\/mb2812.de\/wp-content\/uploads\/2019\/05\/IMG_0315-201-668x534.jpg 668w\" sizes=\"auto, (max-width: 1920px) 100vw, 1920px\" \/><\/a><figcaption class=\"wp-element-caption\">Ein alterer Zug der Berliner U-Bahn im Bahnhof Rosa-Luxemburg-Platz<\/figcaption><\/figure>\n\n\n\n<figure class=\"wp-block-image aligncenter size-full is-resized\"><a href=\"http:\/\/reiseblog.mb2812.de\/wp-content\/uploads\/2019\/05\/IMG_0318-199.jpg\" rel=\"noopener noreferrer\"><img loading=\"lazy\" decoding=\"async\" width=\"1920\" height=\"1536\" src=\"https:\/\/mb2812.de\/wp-content\/uploads\/2019\/05\/IMG_0318-199.jpg\" alt=\"\" class=\"wp-image-7495\" style=\"width:800px\" srcset=\"https:\/\/mb2812.de\/wp-content\/uploads\/2019\/05\/IMG_0318-199.jpg 1920w, https:\/\/mb2812.de\/wp-content\/uploads\/2019\/05\/IMG_0318-199-300x240.jpg 300w, https:\/\/mb2812.de\/wp-content\/uploads\/2019\/05\/IMG_0318-199-768x614.jpg 768w, https:\/\/mb2812.de\/wp-content\/uploads\/2019\/05\/IMG_0318-199-1024x819.jpg 1024w, https:\/\/mb2812.de\/wp-content\/uploads\/2019\/05\/IMG_0318-199-668x534.jpg 668w\" sizes=\"auto, (max-width: 1920px) 100vw, 1920px\" \/><\/a><figcaption class=\"wp-element-caption\">Auf dem Weg zum Abendessen: Blick \u00fcber den Schendelpark zum Fernsehturm<\/figcaption><\/figure>\n\n\n\n<figure class=\"wp-block-image aligncenter size-full is-resized\"><a href=\"http:\/\/reiseblog.mb2812.de\/wp-content\/uploads\/2019\/05\/IMG_1559-1.jpg\" rel=\"noopener noreferrer\"><img loading=\"lazy\" decoding=\"async\" width=\"1536\" height=\"1920\" src=\"https:\/\/mb2812.de\/wp-content\/uploads\/2019\/05\/IMG_1559-1.jpg\" alt=\"\" class=\"wp-image-8135\" style=\"width:600px\" srcset=\"https:\/\/mb2812.de\/wp-content\/uploads\/2019\/05\/IMG_1559-1.jpg 1536w, https:\/\/mb2812.de\/wp-content\/uploads\/2019\/05\/IMG_1559-1-240x300.jpg 240w, https:\/\/mb2812.de\/wp-content\/uploads\/2019\/05\/IMG_1559-1-768x960.jpg 768w, https:\/\/mb2812.de\/wp-content\/uploads\/2019\/05\/IMG_1559-1-819x1024.jpg 819w, https:\/\/mb2812.de\/wp-content\/uploads\/2019\/05\/IMG_1559-1-668x835.jpg 668w\" sizes=\"auto, (max-width: 1536px) 100vw, 1536px\" \/><\/a><figcaption class=\"wp-element-caption\">Im Hotel dann nach dem langen Tag noch ein Gin Tonic<\/figcaption><\/figure>\n","protected":false},"excerpt":{"rendered":"<p>Ein Tag in Berlin &#8211;  Tiergarten, Ku&#8217;damm, Nicolaiviertel, Reichstag, Museumsinsel usw. Zum Schluss ein bisschen Stra\u00dfenbahn fahren.<\/p>\n","protected":false},"author":1,"featured_media":7484,"comment_status":"closed","ping_status":"closed","sticky":false,"template":"","format":"standard","meta":{"footnotes":""},"categories":[13],"tags":[116,71],"class_list":["post-7463","post","type-post","status-publish","format-standard","has-post-thumbnail","hentry","category-ausfluege","tag-116","tag-berlin"],"_links":{"self":[{"href":"https:\/\/mb2812.de\/index.php?rest_route=\/wp\/v2\/posts\/7463","targetHints":{"allow":["GET"]}}],"collection":[{"href":"https:\/\/mb2812.de\/index.php?rest_route=\/wp\/v2\/posts"}],"about":[{"href":"https:\/\/mb2812.de\/index.php?rest_route=\/wp\/v2\/types\/post"}],"author":[{"embeddable":true,"href":"https:\/\/mb2812.de\/index.php?rest_route=\/wp\/v2\/users\/1"}],"replies":[{"embeddable":true,"href":"https:\/\/mb2812.de\/index.php?rest_route=%2Fwp%2Fv2%2Fcomments&post=7463"}],"version-history":[{"count":20,"href":"https:\/\/mb2812.de\/index.php?rest_route=\/wp\/v2\/posts\/7463\/revisions"}],"predecessor-version":[{"id":16661,"href":"https:\/\/mb2812.de\/index.php?rest_route=\/wp\/v2\/posts\/7463\/revisions\/16661"}],"wp:featuredmedia":[{"embeddable":true,"href":"https:\/\/mb2812.de\/index.php?rest_route=\/wp\/v2\/media\/7484"}],"wp:attachment":[{"href":"https:\/\/mb2812.de\/index.php?rest_route=%2Fwp%2Fv2%2Fmedia&parent=7463"}],"wp:term":[{"taxonomy":"category","embeddable":true,"href":"https:\/\/mb2812.de\/index.php?rest_route=%2Fwp%2Fv2%2Fcategories&post=7463"},{"taxonomy":"post_tag","embeddable":true,"href":"https:\/\/mb2812.de\/index.php?rest_route=%2Fwp%2Fv2%2Ftags&post=7463"}],"curies":[{"name":"wp","href":"https:\/\/api.w.org\/{rel}","templated":true}]}}