{"id":7454,"date":"2019-05-22T12:06:26","date_gmt":"2019-05-22T10:06:26","guid":{"rendered":"http:\/\/reiseblog.mb2812.de\/?p=7454"},"modified":"2025-03-09T19:18:03","modified_gmt":"2025-03-09T17:18:03","slug":"daimler-hauptversammlung","status":"publish","type":"post","link":"https:\/\/mb2812.de\/?p=7454","title":{"rendered":"Daimler Hauptversammlung"},"content":{"rendered":"\n<p>Heute kommen wir zum Hauptereignis der Woche. Den Berlin Urlaub hatten wir um die Hauptversammlung von Daimler-Benz herum gelegt, die heute in der Berliner Messe stattfand. &nbsp;Seit einigen Jahren besitze ich einige Aktien, u.a. auch von Daimler. So eine Hauptversammlung hatte mich schon immer fasziniert und nun war die Gelegenheit, mal vorbei zu schauen. F\u00fcr den gew\u00f6hnlichen Kleinstaktion\u00e4r lohnt das eigentlich nicht, die Kosten f\u00fcr einen Berlin Trip zur HV \u00fcbersteigen zumeist bei Weitem die erzielte Dividende. Anders sieht es aber aus bei in Berlin und dem Umland wohnenden Anlegern, f\u00fcr die &nbsp;gibt es einen Tag mit gro\u00dfer Autoschau und kostenlosem Essen. Selbst der Verbundfahrschein f\u00fcr Hin- und R\u00fcckfahrt ist inklusive. Die Reden \u00fcbersteht man auch so. Wer Zeit hat kommt daher gerne, und Zeit haben vor allem Rentner. Entsprechend ist der gr\u00f6\u00dfte Teil des Publikums eher \u00e4lter.<\/p>\n\n\n\n<p>Los geht es um 10 Uhr, wobei die Hallen bereits ab 8 Uhr ge\u00f6ffnet sind. Wer bei den Reden von Bischoff und Zetsche einen guten Platz haben will, muss fr\u00fchzeitig im Plenum sein. Wir verzichteten aufs Hotelfr\u00fchst\u00fcck und machten uns auf zur S-Bahn Station. Von dort geht es alle 5 Minuten zum Westkreuz, ab dort wurden wir mit Shuttlebussen bis zur Halle 26 gebracht, wo die Veranstaltung stattfand. Alles ging problemlos \u00fcber die B\u00fchne und wir waren tats\u00e4chlich schon kurz nach 8 Uhr da. Leider gab es zun\u00e4chst nur trockene Croissaint zum Fr\u00fchst\u00fcck, Besseres stand erst ab 09:30 Uhr auf dem Speiseplan.<\/p>\n\n\n\n<figure class=\"wp-block-image aligncenter size-full is-resized\"><a href=\"http:\/\/reiseblog.mb2812.de\/wp-content\/uploads\/2019\/05\/IMG_0148-184.jpg\" rel=\"noopener noreferrer\"><img loading=\"lazy\" decoding=\"async\" width=\"1920\" height=\"1536\" src=\"https:\/\/mb2812.de\/wp-content\/uploads\/2019\/05\/IMG_0148-184.jpg\" alt=\"\" class=\"wp-image-7455\" style=\"width:800px\" srcset=\"https:\/\/mb2812.de\/wp-content\/uploads\/2019\/05\/IMG_0148-184.jpg 1920w, https:\/\/mb2812.de\/wp-content\/uploads\/2019\/05\/IMG_0148-184-300x240.jpg 300w, https:\/\/mb2812.de\/wp-content\/uploads\/2019\/05\/IMG_0148-184-768x614.jpg 768w, https:\/\/mb2812.de\/wp-content\/uploads\/2019\/05\/IMG_0148-184-1024x819.jpg 1024w, https:\/\/mb2812.de\/wp-content\/uploads\/2019\/05\/IMG_0148-184-668x534.jpg 668w\" sizes=\"auto, (max-width: 1920px) 100vw, 1920px\" \/><\/a><figcaption class=\"wp-element-caption\">Morgens um 8 ist die Welt noch in Ordnung. In Halle 26 gibt es Kaffee und dort ist auch die Ausstellung mit den neuesten und gr\u00f6\u00dften Modellen aufgebaut. Elektromobilit\u00e4t ist das aktuelle Schlagwort und fast alle ausgestellten Fahrzeuge hatten Elektroantrieb.\u00a0<\/figcaption><\/figure>\n\n\n\n<!--more-->\n\n\n\n<p>Wir machen uns auf ins Plenum und ergattern Pl\u00e4tze recht weit vorne. Punkt 10 Uhr geht es los. Die Formalien der Konzernumstrukturierung (Verlesen einiger Dokumente) nehmen recht viel Zeit in Anspruch, danach folgen die Reden des Aufsichtsratsvorsitzenden Manfred Bischoff, gefolgt von der Rede des (noch) Vorstandsvorsitzenden Dieter Zetsche.<\/p>\n\n\n\n<figure class=\"wp-block-image aligncenter size-full is-resized\"><a href=\"http:\/\/reiseblog.mb2812.de\/wp-content\/uploads\/2019\/05\/IMG_0156.jpg\" rel=\"noopener noreferrer\"><img loading=\"lazy\" decoding=\"async\" width=\"1920\" height=\"1440\" src=\"https:\/\/mb2812.de\/wp-content\/uploads\/2019\/05\/IMG_0156.jpg\" alt=\"\" class=\"wp-image-7456\" style=\"width:800px\" srcset=\"https:\/\/mb2812.de\/wp-content\/uploads\/2019\/05\/IMG_0156.jpg 1920w, https:\/\/mb2812.de\/wp-content\/uploads\/2019\/05\/IMG_0156-300x225.jpg 300w, https:\/\/mb2812.de\/wp-content\/uploads\/2019\/05\/IMG_0156-768x576.jpg 768w, https:\/\/mb2812.de\/wp-content\/uploads\/2019\/05\/IMG_0156-1024x768.jpg 1024w, https:\/\/mb2812.de\/wp-content\/uploads\/2019\/05\/IMG_0156-668x501.jpg 668w\" sizes=\"auto, (max-width: 1920px) 100vw, 1920px\" \/><\/a><figcaption class=\"wp-element-caption\">Im Plenum &#8211; die Rede des Aufsichtsratsvorsitzenden Manfred Bischoff. W\u00e4hrend der ersten Redeminuten durften die Pressefotografen ihre Aufnahmen machen. Die Pl\u00e4tze ganz vorne waren reserviert &#8211; vermutlich f\u00fcr Vertreter institutioneller Anleger &#8211; und nicht immer voll besetzt.<\/figcaption><\/figure>\n\n\n\n<figure class=\"wp-block-image aligncenter size-full is-resized\"><a href=\"http:\/\/reiseblog.mb2812.de\/wp-content\/uploads\/2019\/05\/IMG_0157.jpg\" rel=\"noopener noreferrer\"><img loading=\"lazy\" decoding=\"async\" width=\"1920\" height=\"1536\" src=\"https:\/\/mb2812.de\/wp-content\/uploads\/2019\/05\/IMG_0157.jpg\" alt=\"\" class=\"wp-image-7457\" style=\"width:800px\" srcset=\"https:\/\/mb2812.de\/wp-content\/uploads\/2019\/05\/IMG_0157.jpg 1920w, https:\/\/mb2812.de\/wp-content\/uploads\/2019\/05\/IMG_0157-300x240.jpg 300w, https:\/\/mb2812.de\/wp-content\/uploads\/2019\/05\/IMG_0157-768x614.jpg 768w, https:\/\/mb2812.de\/wp-content\/uploads\/2019\/05\/IMG_0157-1024x819.jpg 1024w, https:\/\/mb2812.de\/wp-content\/uploads\/2019\/05\/IMG_0157-668x534.jpg 668w\" sizes=\"auto, (max-width: 1920px) 100vw, 1920px\" \/><\/a><figcaption class=\"wp-element-caption\">Un dann die Rede von Dieter Zetsche. Es war seine letzte Rede als Vorstandsvorsitzender.<\/figcaption><\/figure>\n\n\n\n<p>Danach ist dann &#8222;Diskussion der Tagesordnung&#8220;, d.h. jeder kann sich mit Fragen zu Wort melden. Zun\u00e4chst kommen Aktion\u00e4rsvertreter und institutionelle Anleger zu Wort, danach dann Privatpersonen. Die Reden sind zum Teil interessant, werden aber h\u00e4ufig f\u00fcr die Themen der Personen bzw. Gruppen, denen der jeweilige Redner angeh\u00f6rt, misbraucht. Beherrschendes Thema, auch seitens Daimler, war der Klimawandel. Nach den ersten Reden &nbsp;lehrt sich allerdings das Plenum merklich, die Ausstellung und das Essen locken.<\/p>\n\n\n\n<figure class=\"wp-block-image aligncenter size-full is-resized wp-image-7458 size-large\"><a href=\"https:\/\/mb2812.de\/wp-content\/uploads\/2019\/05\/IMG_0159-187.jpg\" target=\"_blank\" rel=\" noreferrer noopener\"><img loading=\"lazy\" decoding=\"async\" width=\"1920\" height=\"1536\" src=\"https:\/\/mb2812.de\/wp-content\/uploads\/2019\/05\/IMG_0159-187.jpg\" alt=\"\" class=\"wp-image-7458\" style=\"width:800px\" srcset=\"https:\/\/mb2812.de\/wp-content\/uploads\/2019\/05\/IMG_0159-187.jpg 1920w, https:\/\/mb2812.de\/wp-content\/uploads\/2019\/05\/IMG_0159-187-300x240.jpg 300w, https:\/\/mb2812.de\/wp-content\/uploads\/2019\/05\/IMG_0159-187-768x614.jpg 768w, https:\/\/mb2812.de\/wp-content\/uploads\/2019\/05\/IMG_0159-187-1024x819.jpg 1024w, https:\/\/mb2812.de\/wp-content\/uploads\/2019\/05\/IMG_0159-187-668x534.jpg 668w\" sizes=\"auto, (max-width: 1920px) 100vw, 1920px\" \/><\/a><figcaption class=\"wp-element-caption\">Nach den Reden zieht es viele Anwesende zum Essen. Die Reden werden \u00fcberall \u00fcbertragen.<\/figcaption><\/figure>\n\n\n\n<p>Die ganze Veranstaltung zieht sich heute recht lang hin, irgendwann wird dann \u00fcber die Tagesordnung abgestimmt, nicht \u00fcberraschend gibt es eine breite Zustimmung zu den Vorschl\u00e4gen der Verwaltung und das wars dann.<\/p>\n\n\n\n<p>Wieder mit dem Shuttle Bus zum Westkreuz und dann per S-Bahn geht es zur\u00fcck zur Stadt. Abendessen ist jetzt f\u00fcr Stephan und mich das bestimmende Thema, und wir steigen in Charlottenburg aus und suchen dort ein Restaurant. Stephan wollte nicht wieder asiatisch essen und so schauen wir uns nach &#8222;deutschen&#8220; Restaurants um. Zwei &#8222;original Berliner&#8220; Kneipen finden wir (wobei es fraglich ist, wie authentisch &#8222;original&#8220; ein Restaurant mit Essenfotos und Speisekarte in vielen Sprachen in den Fenstern ist). Beide sind aber recht voll und so landen wir im Caf\u00e9 Graffitti am Adenauer Platz und das hat 24 Stunden ge\u00f6ffnet, wie ich beim Eintritt an der T\u00fcr sehe. Auf Google und Tripadvisor sind dann auch recht viele negative Kritiken dabei, und, sagen wir es mal so, ich halte sie f\u00fcr berechtigt.<\/p>\n\n\n\n<p>Im Hotel in der Bar leiste ich mir dann einen doppelten Ouzo, um der Verdauung zu helfen. M\u00fcde landen wir schlussendlich im Bett.<\/p>\n","protected":false},"excerpt":{"rendered":"<p>Heute steht das Hauptereignis unseres Kurzurlaubs an, die Teilnahme an der Hauptversammlung von Daimler-Benz<\/p>\n","protected":false},"author":1,"featured_media":7457,"comment_status":"closed","ping_status":"closed","sticky":false,"template":"","format":"standard","meta":{"footnotes":""},"categories":[13],"tags":[116,71],"class_list":["post-7454","post","type-post","status-publish","format-standard","has-post-thumbnail","hentry","category-ausfluege","tag-116","tag-berlin"],"_links":{"self":[{"href":"https:\/\/mb2812.de\/index.php?rest_route=\/wp\/v2\/posts\/7454","targetHints":{"allow":["GET"]}}],"collection":[{"href":"https:\/\/mb2812.de\/index.php?rest_route=\/wp\/v2\/posts"}],"about":[{"href":"https:\/\/mb2812.de\/index.php?rest_route=\/wp\/v2\/types\/post"}],"author":[{"embeddable":true,"href":"https:\/\/mb2812.de\/index.php?rest_route=\/wp\/v2\/users\/1"}],"replies":[{"embeddable":true,"href":"https:\/\/mb2812.de\/index.php?rest_route=%2Fwp%2Fv2%2Fcomments&post=7454"}],"version-history":[{"count":8,"href":"https:\/\/mb2812.de\/index.php?rest_route=\/wp\/v2\/posts\/7454\/revisions"}],"predecessor-version":[{"id":16657,"href":"https:\/\/mb2812.de\/index.php?rest_route=\/wp\/v2\/posts\/7454\/revisions\/16657"}],"wp:featuredmedia":[{"embeddable":true,"href":"https:\/\/mb2812.de\/index.php?rest_route=\/wp\/v2\/media\/7457"}],"wp:attachment":[{"href":"https:\/\/mb2812.de\/index.php?rest_route=%2Fwp%2Fv2%2Fmedia&parent=7454"}],"wp:term":[{"taxonomy":"category","embeddable":true,"href":"https:\/\/mb2812.de\/index.php?rest_route=%2Fwp%2Fv2%2Fcategories&post=7454"},{"taxonomy":"post_tag","embeddable":true,"href":"https:\/\/mb2812.de\/index.php?rest_route=%2Fwp%2Fv2%2Ftags&post=7454"}],"curies":[{"name":"wp","href":"https:\/\/api.w.org\/{rel}","templated":true}]}}