{"id":7420,"date":"2019-05-21T15:04:49","date_gmt":"2019-05-21T13:04:49","guid":{"rendered":"http:\/\/reiseblog.mb2812.de\/?p=7420"},"modified":"2025-03-09T19:15:06","modified_gmt":"2025-03-09T17:15:06","slug":"potsdam","status":"publish","type":"post","link":"https:\/\/mb2812.de\/?p=7420","title":{"rendered":"Potsdam"},"content":{"rendered":"\n<p>Einer der Punkte w\u00e4hrend unseres Berlinaufenthaltes sollte eine Bootsfahrt werden. Von den klassischen Ausfl\u00fcgen in Berlin &nbsp;(Spree, Landwehrkanal, Havel und Wannsee) hatte ich nun schon genug mitgemacht, um mal etwas Neues zu sehen entschied ich mich f\u00fcr eine Fahrt ab Potsdam. Die Wahl fiel auf die &nbsp;als &#8222;Inselrundfahrt&#8220; vermarktete Fahrt, die nicht nur \u00fcber die Havelseen westlich Potsdam ging, sondern zur\u00fcck durch den&nbsp;Sacrow-Peretzer Kanal (Durch diesen Kanal ist Potsdam auf allen Seiten von Wasser umgeben, also sozusagen eine Insel).<\/p>\n\n\n\n<p>Es ging daher morgens nach dem Fr\u00fchst\u00fcck zur nahegelegenen S-Bahn Station und auch die S7 kam gleich. Damit erreichten wir Potsdam ohne Umsteigen. Wir hatten noch zwei Sachen auf der Einkaufsliste f\u00fcr eine stundenlange Fahrt auf dem Oberdeck eines Schiffes bei sch\u00f6nem Wetter, n\u00e4mlich Sonnencreme und Baseball Caps. Die fanden wir mit leichten M\u00fchen im Einkaufszentrum direkt am Potsdamer Hauptbahnhof. Danach gings \u00fcber die Br\u00fccke zur Schiffsanlegestelle. Die Fahrkarten waren schnell gekauft.<\/p>\n\n\n\n<p>F\u00fcr die Fahrt vorgesehen war die MS Sanssouci, mit Baujahr 2010 das Flaggschiff&nbsp;der Potsdamer Flotte. Das Schiff hat das Schloss Sanssouce als Thema, die Bogenfenster und der gelbe Anstrich verdeutlichen das. Selbst eine Kuppel (\u00fcber der Tanzfl\u00e4che) gibt es. Nach klassischem Schiff sieht es nicht mehr ganz aus.<\/p>\n\n\n\n<figure class=\"wp-block-image aligncenter size-full is-resized\"><a href=\"http:\/\/reiseblog.mb2812.de\/wp-content\/uploads\/2019\/05\/IMG_1238-179.jpg\" rel=\"noopener noreferrer\"><img loading=\"lazy\" decoding=\"async\" width=\"1920\" height=\"1536\" src=\"https:\/\/mb2812.de\/wp-content\/uploads\/2019\/05\/IMG_1238-179.jpg\" alt=\"\" class=\"wp-image-7438\" style=\"width:800px\" srcset=\"https:\/\/mb2812.de\/wp-content\/uploads\/2019\/05\/IMG_1238-179.jpg 1920w, https:\/\/mb2812.de\/wp-content\/uploads\/2019\/05\/IMG_1238-179-300x240.jpg 300w, https:\/\/mb2812.de\/wp-content\/uploads\/2019\/05\/IMG_1238-179-768x614.jpg 768w, https:\/\/mb2812.de\/wp-content\/uploads\/2019\/05\/IMG_1238-179-1024x819.jpg 1024w, https:\/\/mb2812.de\/wp-content\/uploads\/2019\/05\/IMG_1238-179-668x534.jpg 668w\" sizes=\"auto, (max-width: 1920px) 100vw, 1920px\" \/><\/a><figcaption class=\"wp-element-caption\">MS Sanssouci<\/figcaption><\/figure>\n\n\n\n<!--more-->\n\n\n\n<p>Der internationale Tourismus scheint sich in Potsdam auf die Schl\u00f6sser zu beschr\u00e4nken, das Publikum der Fahrt bestand praktisch ausschlie\u00dflich aus Senioren fortgeschrittenen Alters. Alles in allem war die Fahrt eher langweilig. Viel gibt es auf der Strecke nicht zu sehen. Zun\u00e4chst Havelabw\u00e4rts durch die diversen Seen bis Werder, geht es dann \u00fcber einen nahezu unbefahrenen Abschnitt der Havel weiter bis zum Kanal. Entlang des Kanals und \u00fcber den Jungfernsee geht es zur Havel und unter der Glienicker Br\u00fccke durch zur\u00fcck nach Potsdam.<\/p>\n\n\n\n<figure class=\"wp-block-image aligncenter size-full is-resized\"><a href=\"http:\/\/reiseblog.mb2812.de\/wp-content\/uploads\/2019\/05\/DSC_7195.jpg\" rel=\"noopener noreferrer\"><img loading=\"lazy\" decoding=\"async\" width=\"1920\" height=\"1536\" src=\"https:\/\/mb2812.de\/wp-content\/uploads\/2019\/05\/DSC_7195.jpg\" alt=\"\" class=\"wp-image-7421\" style=\"width:800px\" srcset=\"https:\/\/mb2812.de\/wp-content\/uploads\/2019\/05\/DSC_7195.jpg 1920w, https:\/\/mb2812.de\/wp-content\/uploads\/2019\/05\/DSC_7195-300x240.jpg 300w, https:\/\/mb2812.de\/wp-content\/uploads\/2019\/05\/DSC_7195-768x614.jpg 768w, https:\/\/mb2812.de\/wp-content\/uploads\/2019\/05\/DSC_7195-1024x819.jpg 1024w, https:\/\/mb2812.de\/wp-content\/uploads\/2019\/05\/DSC_7195-668x534.jpg 668w\" sizes=\"auto, (max-width: 1920px) 100vw, 1920px\" \/><\/a><figcaption class=\"wp-element-caption\">Etwas traditioneller sieht die 1894 als Dampfschiff erbaute MS K\u00f6nigswald aus<\/figcaption><\/figure>\n\n\n\n<figure class=\"wp-block-image aligncenter size-full is-resized\"><a href=\"http:\/\/reiseblog.mb2812.de\/wp-content\/uploads\/2019\/05\/DSC_7196.jpg\" rel=\"noopener noreferrer\"><img loading=\"lazy\" decoding=\"async\" width=\"1920\" height=\"1536\" src=\"https:\/\/mb2812.de\/wp-content\/uploads\/2019\/05\/DSC_7196.jpg\" alt=\"\" class=\"wp-image-7422\" style=\"width:800px\" srcset=\"https:\/\/mb2812.de\/wp-content\/uploads\/2019\/05\/DSC_7196.jpg 1920w, https:\/\/mb2812.de\/wp-content\/uploads\/2019\/05\/DSC_7196-300x240.jpg 300w, https:\/\/mb2812.de\/wp-content\/uploads\/2019\/05\/DSC_7196-768x614.jpg 768w, https:\/\/mb2812.de\/wp-content\/uploads\/2019\/05\/DSC_7196-1024x819.jpg 1024w, https:\/\/mb2812.de\/wp-content\/uploads\/2019\/05\/DSC_7196-668x534.jpg 668w\" sizes=\"auto, (max-width: 1920px) 100vw, 1920px\" \/><\/a><figcaption class=\"wp-element-caption\">Moderne sozialistische Wohnarchitektur pr\u00e4gt zun\u00e4chst den Horizont<\/figcaption><\/figure>\n\n\n\n<figure class=\"wp-block-image aligncenter size-full is-resized\"><a href=\"http:\/\/reiseblog.mb2812.de\/wp-content\/uploads\/2019\/05\/DSC_7198.jpg\" rel=\"noopener noreferrer\"><img loading=\"lazy\" decoding=\"async\" width=\"1920\" height=\"1536\" src=\"https:\/\/mb2812.de\/wp-content\/uploads\/2019\/05\/DSC_7198.jpg\" alt=\"\" class=\"wp-image-7423\" style=\"width:800px\" srcset=\"https:\/\/mb2812.de\/wp-content\/uploads\/2019\/05\/DSC_7198.jpg 1920w, https:\/\/mb2812.de\/wp-content\/uploads\/2019\/05\/DSC_7198-300x240.jpg 300w, https:\/\/mb2812.de\/wp-content\/uploads\/2019\/05\/DSC_7198-768x614.jpg 768w, https:\/\/mb2812.de\/wp-content\/uploads\/2019\/05\/DSC_7198-1024x819.jpg 1024w, https:\/\/mb2812.de\/wp-content\/uploads\/2019\/05\/DSC_7198-668x534.jpg 668w\" sizes=\"auto, (max-width: 1920px) 100vw, 1920px\" \/><\/a><figcaption class=\"wp-element-caption\">Die Nikolaikirche in Potsdam, daneben ein weiters Exemplar f\u00fcr moderne sozialistische Architektur: das 1969 erbaute Interhotel, heute ein Mercure<\/figcaption><\/figure>\n\n\n\n<figure class=\"wp-block-image aligncenter size-full is-resized\"><a href=\"http:\/\/reiseblog.mb2812.de\/wp-content\/uploads\/2019\/05\/DSC_7209.jpg\" rel=\"noopener noreferrer\"><img loading=\"lazy\" decoding=\"async\" width=\"1920\" height=\"1536\" src=\"https:\/\/mb2812.de\/wp-content\/uploads\/2019\/05\/DSC_7209.jpg\" alt=\"\" class=\"wp-image-7424\" style=\"width:800px\" srcset=\"https:\/\/mb2812.de\/wp-content\/uploads\/2019\/05\/DSC_7209.jpg 1920w, https:\/\/mb2812.de\/wp-content\/uploads\/2019\/05\/DSC_7209-300x240.jpg 300w, https:\/\/mb2812.de\/wp-content\/uploads\/2019\/05\/DSC_7209-768x614.jpg 768w, https:\/\/mb2812.de\/wp-content\/uploads\/2019\/05\/DSC_7209-1024x819.jpg 1024w, https:\/\/mb2812.de\/wp-content\/uploads\/2019\/05\/DSC_7209-668x534.jpg 668w\" sizes=\"auto, (max-width: 1920px) 100vw, 1920px\" \/><\/a><figcaption class=\"wp-element-caption\">Zugv\u00f6gel unterwegs<\/figcaption><\/figure>\n\n\n\n<figure class=\"wp-block-image aligncenter size-full is-resized\"><a href=\"http:\/\/reiseblog.mb2812.de\/wp-content\/uploads\/2019\/05\/DSC_7213.jpg\" rel=\"noopener noreferrer\"><img loading=\"lazy\" decoding=\"async\" width=\"1920\" height=\"1536\" src=\"https:\/\/mb2812.de\/wp-content\/uploads\/2019\/05\/DSC_7213.jpg\" alt=\"\" class=\"wp-image-7425\" style=\"width:800px\" srcset=\"https:\/\/mb2812.de\/wp-content\/uploads\/2019\/05\/DSC_7213.jpg 1920w, https:\/\/mb2812.de\/wp-content\/uploads\/2019\/05\/DSC_7213-300x240.jpg 300w, https:\/\/mb2812.de\/wp-content\/uploads\/2019\/05\/DSC_7213-768x614.jpg 768w, https:\/\/mb2812.de\/wp-content\/uploads\/2019\/05\/DSC_7213-1024x819.jpg 1024w, https:\/\/mb2812.de\/wp-content\/uploads\/2019\/05\/DSC_7213-668x534.jpg 668w\" sizes=\"auto, (max-width: 1920px) 100vw, 1920px\" \/><\/a><figcaption class=\"wp-element-caption\">Die Kirche in Geltow<\/figcaption><\/figure>\n\n\n\n<figure class=\"wp-block-image aligncenter size-full is-resized\"><a href=\"http:\/\/reiseblog.mb2812.de\/wp-content\/uploads\/2019\/05\/DSC_7215.jpg\" rel=\"noopener noreferrer\"><img loading=\"lazy\" decoding=\"async\" width=\"1920\" height=\"1536\" src=\"https:\/\/mb2812.de\/wp-content\/uploads\/2019\/05\/DSC_7215.jpg\" alt=\"\" class=\"wp-image-7426\" style=\"width:800px\" srcset=\"https:\/\/mb2812.de\/wp-content\/uploads\/2019\/05\/DSC_7215.jpg 1920w, https:\/\/mb2812.de\/wp-content\/uploads\/2019\/05\/DSC_7215-300x240.jpg 300w, https:\/\/mb2812.de\/wp-content\/uploads\/2019\/05\/DSC_7215-768x614.jpg 768w, https:\/\/mb2812.de\/wp-content\/uploads\/2019\/05\/DSC_7215-1024x819.jpg 1024w, https:\/\/mb2812.de\/wp-content\/uploads\/2019\/05\/DSC_7215-668x534.jpg 668w\" sizes=\"auto, (max-width: 1920px) 100vw, 1920px\" \/><\/a><figcaption class=\"wp-element-caption\">Die Insel Werder mit der Heilig-Geist-Kirche<\/figcaption><\/figure>\n\n\n\n<figure class=\"wp-block-image aligncenter size-full is-resized\"><a href=\"http:\/\/reiseblog.mb2812.de\/wp-content\/uploads\/2019\/05\/IMG_1280.jpg\" rel=\"noopener noreferrer\"><img loading=\"lazy\" decoding=\"async\" width=\"1920\" height=\"1536\" src=\"https:\/\/mb2812.de\/wp-content\/uploads\/2019\/05\/IMG_1280.jpg\" alt=\"\" class=\"wp-image-7439\" style=\"width:800px\" srcset=\"https:\/\/mb2812.de\/wp-content\/uploads\/2019\/05\/IMG_1280.jpg 1920w, https:\/\/mb2812.de\/wp-content\/uploads\/2019\/05\/IMG_1280-300x240.jpg 300w, https:\/\/mb2812.de\/wp-content\/uploads\/2019\/05\/IMG_1280-768x614.jpg 768w, https:\/\/mb2812.de\/wp-content\/uploads\/2019\/05\/IMG_1280-1024x819.jpg 1024w, https:\/\/mb2812.de\/wp-content\/uploads\/2019\/05\/IMG_1280-668x534.jpg 668w\" sizes=\"auto, (max-width: 1920px) 100vw, 1920px\" \/><\/a><figcaption class=\"wp-element-caption\">Weiter unterwegs auf der Havel<\/figcaption><\/figure>\n\n\n\n<figure class=\"wp-block-image aligncenter size-full is-resized\"><a href=\"http:\/\/reiseblog.mb2812.de\/wp-content\/uploads\/2019\/05\/IMG_1287.jpg\" rel=\"noopener noreferrer\"><img loading=\"lazy\" decoding=\"async\" width=\"1920\" height=\"1536\" src=\"https:\/\/mb2812.de\/wp-content\/uploads\/2019\/05\/IMG_1287.jpg\" alt=\"\" class=\"wp-image-7440\" style=\"width:800px\" srcset=\"https:\/\/mb2812.de\/wp-content\/uploads\/2019\/05\/IMG_1287.jpg 1920w, https:\/\/mb2812.de\/wp-content\/uploads\/2019\/05\/IMG_1287-300x240.jpg 300w, https:\/\/mb2812.de\/wp-content\/uploads\/2019\/05\/IMG_1287-768x614.jpg 768w, https:\/\/mb2812.de\/wp-content\/uploads\/2019\/05\/IMG_1287-1024x819.jpg 1024w, https:\/\/mb2812.de\/wp-content\/uploads\/2019\/05\/IMG_1287-668x534.jpg 668w\" sizes=\"auto, (max-width: 1920px) 100vw, 1920px\" \/><\/a><figcaption class=\"wp-element-caption\">Fischerei auf der Havel<\/figcaption><\/figure>\n\n\n\n<figure class=\"wp-block-image aligncenter size-full is-resized\"><a href=\"http:\/\/reiseblog.mb2812.de\/wp-content\/uploads\/2019\/05\/DSC_7226.jpg\" rel=\"noopener noreferrer\"><img loading=\"lazy\" decoding=\"async\" width=\"1920\" height=\"1536\" src=\"https:\/\/mb2812.de\/wp-content\/uploads\/2019\/05\/DSC_7226.jpg\" alt=\"\" class=\"wp-image-7427\" style=\"width:800px\" srcset=\"https:\/\/mb2812.de\/wp-content\/uploads\/2019\/05\/DSC_7226.jpg 1920w, https:\/\/mb2812.de\/wp-content\/uploads\/2019\/05\/DSC_7226-300x240.jpg 300w, https:\/\/mb2812.de\/wp-content\/uploads\/2019\/05\/DSC_7226-768x614.jpg 768w, https:\/\/mb2812.de\/wp-content\/uploads\/2019\/05\/DSC_7226-1024x819.jpg 1024w, https:\/\/mb2812.de\/wp-content\/uploads\/2019\/05\/DSC_7226-668x534.jpg 668w\" sizes=\"auto, (max-width: 1920px) 100vw, 1920px\" \/><\/a><figcaption class=\"wp-element-caption\">Hinter einem Damm der G\u00f6ttinsee<\/figcaption><\/figure>\n\n\n\n<figure class=\"wp-block-image aligncenter size-full is-resized\"><a href=\"http:\/\/reiseblog.mb2812.de\/wp-content\/uploads\/2019\/05\/IMG_1316.jpg\" rel=\"noopener noreferrer\"><img loading=\"lazy\" decoding=\"async\" width=\"1920\" height=\"1536\" src=\"https:\/\/mb2812.de\/wp-content\/uploads\/2019\/05\/IMG_1316.jpg\" alt=\"\" class=\"wp-image-7441\" style=\"width:800px\" srcset=\"https:\/\/mb2812.de\/wp-content\/uploads\/2019\/05\/IMG_1316.jpg 1920w, https:\/\/mb2812.de\/wp-content\/uploads\/2019\/05\/IMG_1316-300x240.jpg 300w, https:\/\/mb2812.de\/wp-content\/uploads\/2019\/05\/IMG_1316-768x614.jpg 768w, https:\/\/mb2812.de\/wp-content\/uploads\/2019\/05\/IMG_1316-1024x819.jpg 1024w, https:\/\/mb2812.de\/wp-content\/uploads\/2019\/05\/IMG_1316-668x534.jpg 668w\" sizes=\"auto, (max-width: 1920px) 100vw, 1920px\" \/><\/a><figcaption class=\"wp-element-caption\">Zur\u00fcck in Potsdam: Die der kriegszerst\u00f6rten Heiligengeistkirche nachempfundene Seniorenresidenz<\/figcaption><\/figure>\n\n\n\n<p>Nach der R\u00fcckkehr beschlie\u00dfen wir zun\u00e4chst mal die Potsdamer Innenstadt zu besichtigen. Nicht weit ist es bis zum Alten Markt.<\/p>\n\n\n\n<figure class=\"wp-block-image aligncenter size-full is-resized\"><a href=\"http:\/\/reiseblog.mb2812.de\/wp-content\/uploads\/2019\/05\/IMG_1321-182.jpg\" rel=\"noopener noreferrer\"><img loading=\"lazy\" decoding=\"async\" width=\"1920\" height=\"1920\" src=\"https:\/\/mb2812.de\/wp-content\/uploads\/2019\/05\/IMG_1321-182.jpg\" alt=\"\" class=\"wp-image-7442\" style=\"width:700px\" srcset=\"https:\/\/mb2812.de\/wp-content\/uploads\/2019\/05\/IMG_1321-182.jpg 1920w, https:\/\/mb2812.de\/wp-content\/uploads\/2019\/05\/IMG_1321-182-150x150.jpg 150w, https:\/\/mb2812.de\/wp-content\/uploads\/2019\/05\/IMG_1321-182-300x300.jpg 300w, https:\/\/mb2812.de\/wp-content\/uploads\/2019\/05\/IMG_1321-182-768x768.jpg 768w, https:\/\/mb2812.de\/wp-content\/uploads\/2019\/05\/IMG_1321-182-1024x1024.jpg 1024w, https:\/\/mb2812.de\/wp-content\/uploads\/2019\/05\/IMG_1321-182-668x668.jpg 668w\" sizes=\"auto, (max-width: 1920px) 100vw, 1920px\" \/><\/a><figcaption class=\"wp-element-caption\">Der Alte Markt mit Nikolaikirche und Potsdam Museum<\/figcaption><\/figure>\n\n\n\n<figure class=\"wp-block-image aligncenter size-full is-resized\"><a href=\"http:\/\/reiseblog.mb2812.de\/wp-content\/uploads\/2019\/05\/DSC_7231.jpg\" rel=\"noopener noreferrer\"><img loading=\"lazy\" decoding=\"async\" width=\"1536\" height=\"1920\" src=\"https:\/\/mb2812.de\/wp-content\/uploads\/2019\/05\/DSC_7231.jpg\" alt=\"\" class=\"wp-image-7428\" style=\"width:600px\" srcset=\"https:\/\/mb2812.de\/wp-content\/uploads\/2019\/05\/DSC_7231.jpg 1536w, https:\/\/mb2812.de\/wp-content\/uploads\/2019\/05\/DSC_7231-240x300.jpg 240w, https:\/\/mb2812.de\/wp-content\/uploads\/2019\/05\/DSC_7231-768x960.jpg 768w, https:\/\/mb2812.de\/wp-content\/uploads\/2019\/05\/DSC_7231-819x1024.jpg 819w, https:\/\/mb2812.de\/wp-content\/uploads\/2019\/05\/DSC_7231-668x835.jpg 668w\" sizes=\"auto, (max-width: 1536px) 100vw, 1536px\" \/><\/a><figcaption class=\"wp-element-caption\">Turm des Potsdam Museum<\/figcaption><\/figure>\n\n\n\n<figure class=\"wp-block-image aligncenter size-full is-resized\"><a href=\"http:\/\/reiseblog.mb2812.de\/wp-content\/uploads\/2019\/05\/IMG_1328-183.jpg\" rel=\"noopener noreferrer\"><img loading=\"lazy\" decoding=\"async\" width=\"1536\" height=\"1920\" src=\"https:\/\/mb2812.de\/wp-content\/uploads\/2019\/05\/IMG_1328-183.jpg\" alt=\"\" class=\"wp-image-7443\" style=\"width:600px\" srcset=\"https:\/\/mb2812.de\/wp-content\/uploads\/2019\/05\/IMG_1328-183.jpg 1536w, https:\/\/mb2812.de\/wp-content\/uploads\/2019\/05\/IMG_1328-183-240x300.jpg 240w, https:\/\/mb2812.de\/wp-content\/uploads\/2019\/05\/IMG_1328-183-768x960.jpg 768w, https:\/\/mb2812.de\/wp-content\/uploads\/2019\/05\/IMG_1328-183-819x1024.jpg 819w, https:\/\/mb2812.de\/wp-content\/uploads\/2019\/05\/IMG_1328-183-668x835.jpg 668w\" sizes=\"auto, (max-width: 1536px) 100vw, 1536px\" \/><\/a><figcaption class=\"wp-element-caption\">In der Nikolaikirche<\/figcaption><\/figure>\n\n\n\n<p>Erstmal machen wir jetzt Pause im &#8222;Alex&#8220; am Platz der Einheit. Der hie\u00df bis 1946 Wilhelmsplatz, den neuen Namen gab es anl\u00e4sslich der Fusion von SPD und KPD zur SED. Wir beschlie\u00dfen, die Schl\u00f6sser, an denen wir gerade vorbeigefahren sind, etwas n\u00e4her anzuschauen und fahren mit dem Bus bis &#8222;Schloss Cecilienhof&#8220;. Ab da laufen wir durch den &#8222;Neuen Garten&#8220; genannten Park, der ab 1787 angelegt wurde.<\/p>\n\n\n\n<p>Zun\u00e4chst schauten wir uns nat\u00fcrlich das Schloss Cecilienhof an, allerdings nur von aussen. Das Schloss ist recht neu, erst 1913-1917 durch Kaiser Wilhelm II. errichtet. Bekannt ist es als Ort der Potsdamer Konferenz.<\/p>\n\n\n\n<p>Ab Schloss Cecilienhof gingen wir durch den &#8222;Neuen Garten&#8220; und entlang des Jungfernsees bzw. der Havel bis zur Glienicker Br\u00fccke.<\/p>\n\n\n\n<figure class=\"wp-block-image aligncenter size-full is-resized\"><a href=\"http:\/\/reiseblog.mb2812.de\/wp-content\/uploads\/2019\/05\/DSC_7240.jpg\" rel=\"noopener noreferrer\"><img loading=\"lazy\" decoding=\"async\" width=\"1920\" height=\"1536\" src=\"https:\/\/mb2812.de\/wp-content\/uploads\/2019\/05\/DSC_7240.jpg\" alt=\"\" class=\"wp-image-7429\" style=\"width:800px\" srcset=\"https:\/\/mb2812.de\/wp-content\/uploads\/2019\/05\/DSC_7240.jpg 1920w, https:\/\/mb2812.de\/wp-content\/uploads\/2019\/05\/DSC_7240-300x240.jpg 300w, https:\/\/mb2812.de\/wp-content\/uploads\/2019\/05\/DSC_7240-768x614.jpg 768w, https:\/\/mb2812.de\/wp-content\/uploads\/2019\/05\/DSC_7240-1024x819.jpg 1024w, https:\/\/mb2812.de\/wp-content\/uploads\/2019\/05\/DSC_7240-668x534.jpg 668w\" sizes=\"auto, (max-width: 1920px) 100vw, 1920px\" \/><\/a><figcaption class=\"wp-element-caption\">Schloss C\u00e4cilienhof<\/figcaption><\/figure>\n\n\n\n<figure class=\"wp-block-image aligncenter size-full is-resized\"><a href=\"http:\/\/reiseblog.mb2812.de\/wp-content\/uploads\/2019\/05\/IMG_0140.jpg\" rel=\"noopener noreferrer\"><img loading=\"lazy\" decoding=\"async\" width=\"1920\" height=\"1536\" src=\"https:\/\/mb2812.de\/wp-content\/uploads\/2019\/05\/IMG_0140.jpg\" alt=\"\" class=\"wp-image-7435\" style=\"width:800px\" srcset=\"https:\/\/mb2812.de\/wp-content\/uploads\/2019\/05\/IMG_0140.jpg 1920w, https:\/\/mb2812.de\/wp-content\/uploads\/2019\/05\/IMG_0140-300x240.jpg 300w, https:\/\/mb2812.de\/wp-content\/uploads\/2019\/05\/IMG_0140-768x614.jpg 768w, https:\/\/mb2812.de\/wp-content\/uploads\/2019\/05\/IMG_0140-1024x819.jpg 1024w, https:\/\/mb2812.de\/wp-content\/uploads\/2019\/05\/IMG_0140-668x534.jpg 668w\" sizes=\"auto, (max-width: 1920px) 100vw, 1920px\" \/><\/a><figcaption class=\"wp-element-caption\">Wir waren da<\/figcaption><\/figure>\n\n\n\n<p>Noch ein paar Fotos von Schloss C\u00e4cilienhof:<\/p>\n\n\n\n<figure class=\"wp-block-image aligncenter size-full is-resized\"><a href=\"http:\/\/reiseblog.mb2812.de\/wp-content\/uploads\/2019\/05\/DSC_7243.jpg\"><img loading=\"lazy\" decoding=\"async\" width=\"1920\" height=\"1536\" src=\"https:\/\/mb2812.de\/wp-content\/uploads\/2019\/05\/DSC_7243.jpg\" alt=\"\" class=\"wp-image-7430\" style=\"width:800px\" srcset=\"https:\/\/mb2812.de\/wp-content\/uploads\/2019\/05\/DSC_7243.jpg 1920w, https:\/\/mb2812.de\/wp-content\/uploads\/2019\/05\/DSC_7243-300x240.jpg 300w, https:\/\/mb2812.de\/wp-content\/uploads\/2019\/05\/DSC_7243-768x614.jpg 768w, https:\/\/mb2812.de\/wp-content\/uploads\/2019\/05\/DSC_7243-1024x819.jpg 1024w, https:\/\/mb2812.de\/wp-content\/uploads\/2019\/05\/DSC_7243-668x534.jpg 668w\" sizes=\"auto, (max-width: 1920px) 100vw, 1920px\" \/><\/a><\/figure>\n\n\n\n<p><\/p>\n\n\n\n<figure class=\"wp-block-image aligncenter size-full is-resized\"><a href=\"http:\/\/reiseblog.mb2812.de\/wp-content\/uploads\/2019\/05\/IMG_1352.jpg\"><img loading=\"lazy\" decoding=\"async\" width=\"1920\" height=\"1536\" src=\"https:\/\/mb2812.de\/wp-content\/uploads\/2019\/05\/IMG_1352.jpg\" alt=\"\" class=\"wp-image-7444\" style=\"width:800px\" srcset=\"https:\/\/mb2812.de\/wp-content\/uploads\/2019\/05\/IMG_1352.jpg 1920w, https:\/\/mb2812.de\/wp-content\/uploads\/2019\/05\/IMG_1352-300x240.jpg 300w, https:\/\/mb2812.de\/wp-content\/uploads\/2019\/05\/IMG_1352-768x614.jpg 768w, https:\/\/mb2812.de\/wp-content\/uploads\/2019\/05\/IMG_1352-1024x819.jpg 1024w, https:\/\/mb2812.de\/wp-content\/uploads\/2019\/05\/IMG_1352-668x534.jpg 668w\" sizes=\"auto, (max-width: 1920px) 100vw, 1920px\" \/><\/a><\/figure>\n\n\n\n<p><\/p>\n\n\n\n<figure class=\"wp-block-image aligncenter size-full is-resized\"><a href=\"http:\/\/reiseblog.mb2812.de\/wp-content\/uploads\/2019\/05\/IMG_1355.jpg\"><img loading=\"lazy\" decoding=\"async\" width=\"1920\" height=\"1536\" src=\"https:\/\/mb2812.de\/wp-content\/uploads\/2019\/05\/IMG_1355.jpg\" alt=\"\" class=\"wp-image-7445\" style=\"width:800px\" srcset=\"https:\/\/mb2812.de\/wp-content\/uploads\/2019\/05\/IMG_1355.jpg 1920w, https:\/\/mb2812.de\/wp-content\/uploads\/2019\/05\/IMG_1355-300x240.jpg 300w, https:\/\/mb2812.de\/wp-content\/uploads\/2019\/05\/IMG_1355-768x614.jpg 768w, https:\/\/mb2812.de\/wp-content\/uploads\/2019\/05\/IMG_1355-1024x819.jpg 1024w, https:\/\/mb2812.de\/wp-content\/uploads\/2019\/05\/IMG_1355-668x534.jpg 668w\" sizes=\"auto, (max-width: 1920px) 100vw, 1920px\" \/><\/a><\/figure>\n\n\n\n<p><\/p>\n\n\n\n<figure class=\"wp-block-image aligncenter size-full is-resized\"><a href=\"http:\/\/reiseblog.mb2812.de\/wp-content\/uploads\/2019\/05\/DSC_7244.jpg\" rel=\"noopener noreferrer\"><img loading=\"lazy\" decoding=\"async\" width=\"1920\" height=\"1536\" src=\"https:\/\/mb2812.de\/wp-content\/uploads\/2019\/05\/DSC_7244.jpg\" alt=\"\" class=\"wp-image-7431\" style=\"width:800px\" srcset=\"https:\/\/mb2812.de\/wp-content\/uploads\/2019\/05\/DSC_7244.jpg 1920w, https:\/\/mb2812.de\/wp-content\/uploads\/2019\/05\/DSC_7244-300x240.jpg 300w, https:\/\/mb2812.de\/wp-content\/uploads\/2019\/05\/DSC_7244-768x614.jpg 768w, https:\/\/mb2812.de\/wp-content\/uploads\/2019\/05\/DSC_7244-1024x819.jpg 1024w, https:\/\/mb2812.de\/wp-content\/uploads\/2019\/05\/DSC_7244-668x534.jpg 668w\" sizes=\"auto, (max-width: 1920px) 100vw, 1920px\" \/><\/a><figcaption class=\"wp-element-caption\">Ein bisschen neue deutsche Geschichte: Das Wachhaus der Schiffskontrollstelle am Jungfernsee<\/figcaption><\/figure>\n\n\n\n<figure class=\"wp-block-image aligncenter size-full is-resized\"><a href=\"http:\/\/reiseblog.mb2812.de\/wp-content\/uploads\/2019\/05\/DSC_7246.jpg\" rel=\"noopener noreferrer\"><img loading=\"lazy\" decoding=\"async\" width=\"1920\" height=\"1536\" src=\"https:\/\/mb2812.de\/wp-content\/uploads\/2019\/05\/DSC_7246.jpg\" alt=\"\" class=\"wp-image-7432\" style=\"width:800px\" srcset=\"https:\/\/mb2812.de\/wp-content\/uploads\/2019\/05\/DSC_7246.jpg 1920w, https:\/\/mb2812.de\/wp-content\/uploads\/2019\/05\/DSC_7246-300x240.jpg 300w, https:\/\/mb2812.de\/wp-content\/uploads\/2019\/05\/DSC_7246-768x614.jpg 768w, https:\/\/mb2812.de\/wp-content\/uploads\/2019\/05\/DSC_7246-1024x819.jpg 1024w, https:\/\/mb2812.de\/wp-content\/uploads\/2019\/05\/DSC_7246-668x534.jpg 668w\" sizes=\"auto, (max-width: 1920px) 100vw, 1920px\" \/><\/a><figcaption class=\"wp-element-caption\">Die Muschelgrotte<\/figcaption><\/figure>\n\n\n\n<figure class=\"wp-block-image aligncenter size-full is-resized\"><a href=\"http:\/\/reiseblog.mb2812.de\/wp-content\/uploads\/2019\/05\/IMG_1379.jpg\" rel=\"noopener noreferrer\"><img loading=\"lazy\" decoding=\"async\" width=\"1920\" height=\"1536\" src=\"https:\/\/mb2812.de\/wp-content\/uploads\/2019\/05\/IMG_1379.jpg\" alt=\"\" class=\"wp-image-7446\" style=\"width:800px\" srcset=\"https:\/\/mb2812.de\/wp-content\/uploads\/2019\/05\/IMG_1379.jpg 1920w, https:\/\/mb2812.de\/wp-content\/uploads\/2019\/05\/IMG_1379-300x240.jpg 300w, https:\/\/mb2812.de\/wp-content\/uploads\/2019\/05\/IMG_1379-768x614.jpg 768w, https:\/\/mb2812.de\/wp-content\/uploads\/2019\/05\/IMG_1379-1024x819.jpg 1024w, https:\/\/mb2812.de\/wp-content\/uploads\/2019\/05\/IMG_1379-668x534.jpg 668w\" sizes=\"auto, (max-width: 1920px) 100vw, 1920px\" \/><\/a><figcaption class=\"wp-element-caption\">Eremitage<\/figcaption><\/figure>\n\n\n\n<figure class=\"wp-block-image aligncenter size-full is-resized\"><a href=\"http:\/\/reiseblog.mb2812.de\/wp-content\/uploads\/2019\/05\/IMG_0145.jpg\" rel=\"noopener noreferrer\"><img loading=\"lazy\" decoding=\"async\" width=\"1920\" height=\"1536\" src=\"https:\/\/mb2812.de\/wp-content\/uploads\/2019\/05\/IMG_0145.jpg\" alt=\"\" class=\"wp-image-7436\" style=\"width:800px\" srcset=\"https:\/\/mb2812.de\/wp-content\/uploads\/2019\/05\/IMG_0145.jpg 1920w, https:\/\/mb2812.de\/wp-content\/uploads\/2019\/05\/IMG_0145-300x240.jpg 300w, https:\/\/mb2812.de\/wp-content\/uploads\/2019\/05\/IMG_0145-768x614.jpg 768w, https:\/\/mb2812.de\/wp-content\/uploads\/2019\/05\/IMG_0145-1024x819.jpg 1024w, https:\/\/mb2812.de\/wp-content\/uploads\/2019\/05\/IMG_0145-668x534.jpg 668w\" sizes=\"auto, (max-width: 1920px) 100vw, 1920px\" \/><\/a><figcaption class=\"wp-element-caption\">Der Hasengraben<\/figcaption><\/figure>\n\n\n\n<figure class=\"wp-block-image aligncenter size-full is-resized\"><a href=\"http:\/\/reiseblog.mb2812.de\/wp-content\/uploads\/2019\/05\/IMG_0147.jpg\" rel=\"noopener noreferrer\"><img loading=\"lazy\" decoding=\"async\" width=\"1920\" height=\"1536\" src=\"https:\/\/mb2812.de\/wp-content\/uploads\/2019\/05\/IMG_0147.jpg\" alt=\"\" class=\"wp-image-7437\" style=\"width:800px\" srcset=\"https:\/\/mb2812.de\/wp-content\/uploads\/2019\/05\/IMG_0147.jpg 1920w, https:\/\/mb2812.de\/wp-content\/uploads\/2019\/05\/IMG_0147-300x240.jpg 300w, https:\/\/mb2812.de\/wp-content\/uploads\/2019\/05\/IMG_0147-768x614.jpg 768w, https:\/\/mb2812.de\/wp-content\/uploads\/2019\/05\/IMG_0147-1024x819.jpg 1024w, https:\/\/mb2812.de\/wp-content\/uploads\/2019\/05\/IMG_0147-668x534.jpg 668w\" sizes=\"auto, (max-width: 1920px) 100vw, 1920px\" \/><\/a><figcaption class=\"wp-element-caption\">Auf der Schwanenbr\u00fccke \u00fcberquert man den Hasengraben, der den Heiligen See mit der Havel verbindet<\/figcaption><\/figure>\n\n\n\n<figure class=\"wp-block-image aligncenter size-full is-resized\"><a href=\"http:\/\/reiseblog.mb2812.de\/wp-content\/uploads\/2019\/05\/IMG_1389.jpg\" rel=\"noopener noreferrer\"><img loading=\"lazy\" decoding=\"async\" width=\"1920\" height=\"1536\" src=\"https:\/\/mb2812.de\/wp-content\/uploads\/2019\/05\/IMG_1389.jpg\" alt=\"\" class=\"wp-image-7447\" style=\"width:800px\" srcset=\"https:\/\/mb2812.de\/wp-content\/uploads\/2019\/05\/IMG_1389.jpg 1920w, https:\/\/mb2812.de\/wp-content\/uploads\/2019\/05\/IMG_1389-300x240.jpg 300w, https:\/\/mb2812.de\/wp-content\/uploads\/2019\/05\/IMG_1389-768x614.jpg 768w, https:\/\/mb2812.de\/wp-content\/uploads\/2019\/05\/IMG_1389-1024x819.jpg 1024w, https:\/\/mb2812.de\/wp-content\/uploads\/2019\/05\/IMG_1389-668x534.jpg 668w\" sizes=\"auto, (max-width: 1920px) 100vw, 1920px\" \/><\/a><figcaption class=\"wp-element-caption\">Eine der Villen an der Schwanenallee<\/figcaption><\/figure>\n\n\n\n<figure class=\"wp-block-image aligncenter size-full is-resized\"><a href=\"http:\/\/reiseblog.mb2812.de\/wp-content\/uploads\/2019\/05\/DSC_7249.jpg\" rel=\"noopener noreferrer\"><img loading=\"lazy\" decoding=\"async\" width=\"1920\" height=\"1536\" src=\"https:\/\/mb2812.de\/wp-content\/uploads\/2019\/05\/DSC_7249.jpg\" alt=\"\" class=\"wp-image-7433\" style=\"width:800px\" srcset=\"https:\/\/mb2812.de\/wp-content\/uploads\/2019\/05\/DSC_7249.jpg 1920w, https:\/\/mb2812.de\/wp-content\/uploads\/2019\/05\/DSC_7249-300x240.jpg 300w, https:\/\/mb2812.de\/wp-content\/uploads\/2019\/05\/DSC_7249-768x614.jpg 768w, https:\/\/mb2812.de\/wp-content\/uploads\/2019\/05\/DSC_7249-1024x819.jpg 1024w, https:\/\/mb2812.de\/wp-content\/uploads\/2019\/05\/DSC_7249-668x534.jpg 668w\" sizes=\"auto, (max-width: 1920px) 100vw, 1920px\" \/><\/a><figcaption class=\"wp-element-caption\">Blick \u00fcber die Havel auf Kasino Glienicke und Glienicker Br\u00fccke<\/figcaption><\/figure>\n\n\n\n<figure class=\"wp-block-image aligncenter size-full is-resized\"><a href=\"http:\/\/reiseblog.mb2812.de\/wp-content\/uploads\/2019\/05\/IMG_1394.jpg\" rel=\"noopener noreferrer\"><img loading=\"lazy\" decoding=\"async\" width=\"1920\" height=\"1536\" src=\"https:\/\/mb2812.de\/wp-content\/uploads\/2019\/05\/IMG_1394.jpg\" alt=\"\" class=\"wp-image-7448\" style=\"width:800px\" srcset=\"https:\/\/mb2812.de\/wp-content\/uploads\/2019\/05\/IMG_1394.jpg 1920w, https:\/\/mb2812.de\/wp-content\/uploads\/2019\/05\/IMG_1394-300x240.jpg 300w, https:\/\/mb2812.de\/wp-content\/uploads\/2019\/05\/IMG_1394-768x614.jpg 768w, https:\/\/mb2812.de\/wp-content\/uploads\/2019\/05\/IMG_1394-1024x819.jpg 1024w, https:\/\/mb2812.de\/wp-content\/uploads\/2019\/05\/IMG_1394-668x534.jpg 668w\" sizes=\"auto, (max-width: 1920px) 100vw, 1920px\" \/><\/a><figcaption class=\"wp-element-caption\">Die Glienicker Br\u00fccke<\/figcaption><\/figure>\n\n\n\n<figure class=\"wp-block-image aligncenter size-full is-resized\"><a href=\"http:\/\/reiseblog.mb2812.de\/wp-content\/uploads\/2019\/05\/DSC_7251.jpg\" rel=\"noopener noreferrer\"><img loading=\"lazy\" decoding=\"async\" width=\"1920\" height=\"1536\" src=\"https:\/\/mb2812.de\/wp-content\/uploads\/2019\/05\/DSC_7251.jpg\" alt=\"\" class=\"wp-image-7434\" style=\"width:800px\" srcset=\"https:\/\/mb2812.de\/wp-content\/uploads\/2019\/05\/DSC_7251.jpg 1920w, https:\/\/mb2812.de\/wp-content\/uploads\/2019\/05\/DSC_7251-300x240.jpg 300w, https:\/\/mb2812.de\/wp-content\/uploads\/2019\/05\/DSC_7251-768x614.jpg 768w, https:\/\/mb2812.de\/wp-content\/uploads\/2019\/05\/DSC_7251-1024x819.jpg 1024w, https:\/\/mb2812.de\/wp-content\/uploads\/2019\/05\/DSC_7251-668x534.jpg 668w\" sizes=\"auto, (max-width: 1920px) 100vw, 1920px\" \/><\/a><figcaption class=\"wp-element-caption\">Schloss Babelsberg<\/figcaption><\/figure>\n\n\n\n<p>\u00dcber die Glienicker Br\u00fccke erreichen wir Berlin und mit Bus und S-Bahn geht es zur\u00fcck in die Stadt.<\/p>\n\n\n\n<p>Das Abendessen hatten wir in einem nahe des Hotels gelegenen kambodschanischen Restaurant. Das Essen war recht gut, aber so richtig fielen uns Unterschiede zur vietnamesischen K\u00fcche nicht auf.<\/p>\n","protected":false},"excerpt":{"rendered":"<p>Wir fahren nach Potsdam. Zun\u00e4chst gibt es eine Bootsfahrt \u00fcber Havelseen und Kan\u00e4le, dann schauen wir ein bisschen in der Innenstadt umher und schlussendlich steht Schloss Cecilienhof auf dem Programm<\/p>\n","protected":false},"author":1,"featured_media":7442,"comment_status":"closed","ping_status":"closed","sticky":false,"template":"","format":"standard","meta":{"footnotes":""},"categories":[13],"tags":[116,71,395,76],"class_list":["post-7420","post","type-post","status-publish","format-standard","has-post-thumbnail","hentry","category-ausfluege","tag-116","tag-berlin","tag-havelseen","tag-potsdam"],"_links":{"self":[{"href":"https:\/\/mb2812.de\/index.php?rest_route=\/wp\/v2\/posts\/7420","targetHints":{"allow":["GET"]}}],"collection":[{"href":"https:\/\/mb2812.de\/index.php?rest_route=\/wp\/v2\/posts"}],"about":[{"href":"https:\/\/mb2812.de\/index.php?rest_route=\/wp\/v2\/types\/post"}],"author":[{"embeddable":true,"href":"https:\/\/mb2812.de\/index.php?rest_route=\/wp\/v2\/users\/1"}],"replies":[{"embeddable":true,"href":"https:\/\/mb2812.de\/index.php?rest_route=%2Fwp%2Fv2%2Fcomments&post=7420"}],"version-history":[{"count":10,"href":"https:\/\/mb2812.de\/index.php?rest_route=\/wp\/v2\/posts\/7420\/revisions"}],"predecessor-version":[{"id":16655,"href":"https:\/\/mb2812.de\/index.php?rest_route=\/wp\/v2\/posts\/7420\/revisions\/16655"}],"wp:featuredmedia":[{"embeddable":true,"href":"https:\/\/mb2812.de\/index.php?rest_route=\/wp\/v2\/media\/7442"}],"wp:attachment":[{"href":"https:\/\/mb2812.de\/index.php?rest_route=%2Fwp%2Fv2%2Fmedia&parent=7420"}],"wp:term":[{"taxonomy":"category","embeddable":true,"href":"https:\/\/mb2812.de\/index.php?rest_route=%2Fwp%2Fv2%2Fcategories&post=7420"},{"taxonomy":"post_tag","embeddable":true,"href":"https:\/\/mb2812.de\/index.php?rest_route=%2Fwp%2Fv2%2Ftags&post=7420"}],"curies":[{"name":"wp","href":"https:\/\/api.w.org\/{rel}","templated":true}]}}