{"id":7415,"date":"2019-05-20T09:00:44","date_gmt":"2019-05-20T07:00:44","guid":{"rendered":"http:\/\/reiseblog.mb2812.de\/?p=7415"},"modified":"2025-03-09T15:55:10","modified_gmt":"2025-03-09T13:55:10","slug":"strassenbahnen-in-brandenburg","status":"publish","type":"post","link":"https:\/\/mb2812.de\/?p=7415","title":{"rendered":"Stra\u00dfenbahnen in Brandenburg"},"content":{"rendered":"\n<p>Viele Fotos gibt es nicht von diesem Tag, er ist auch schnell erz\u00e4hlt. Ziel waren die Verkehrsbetriebe in Frankfurt an der Oder und in Brandenburg und deren Stra\u00dfenbahnen.<\/p>\n\n\n\n<!--more-->\n\n\n\n<p>Nach dem Fr\u00fchst\u00fcck ging es also ab zum Hauptbahnhof und mit einem Berlin-Brandenburg Ticket mit den n\u00e4chsten RE1 nach Frankfurt an der Oder. Nachdem wir die Stadtmitte gefunden hatten &#8211; das die Stra\u00dfenbahn fast direkt am Hauptbahnhof vorbeif\u00e4hrt ist nicht offensichtlich &#8211; fuhren wir dann zur Europauniversit\u00e4t direkt an der Oder gelegen und danach nach Markendorf. Und wieder zur\u00fcck zum Bahnhof.<\/p>\n\n\n\n<p>Die Ver\u00e4nderungen gegen\u00fcber meinem letzten Besuch irgendwann in den fr\u00fchen 90er Jahren sind schon auff\u00e4llig.<\/p>\n\n\n\n<figure class=\"wp-block-image aligncenter size-full is-resized\"><a href=\"http:\/\/reiseblog.mb2812.de\/wp-content\/uploads\/2019\/05\/IMG_1226.jpg\" rel=\"noopener noreferrer\"><img loading=\"lazy\" decoding=\"async\" width=\"1920\" height=\"1536\" src=\"https:\/\/mb2812.de\/wp-content\/uploads\/2019\/05\/IMG_1226.jpg\" alt=\"\" class=\"wp-image-7409\" style=\"width:800px\" srcset=\"https:\/\/mb2812.de\/wp-content\/uploads\/2019\/05\/IMG_1226.jpg 1920w, https:\/\/mb2812.de\/wp-content\/uploads\/2019\/05\/IMG_1226-300x240.jpg 300w, https:\/\/mb2812.de\/wp-content\/uploads\/2019\/05\/IMG_1226-768x614.jpg 768w, https:\/\/mb2812.de\/wp-content\/uploads\/2019\/05\/IMG_1226-1024x819.jpg 1024w, https:\/\/mb2812.de\/wp-content\/uploads\/2019\/05\/IMG_1226-668x534.jpg 668w\" sizes=\"auto, (max-width: 1920px) 100vw, 1920px\" \/><\/a><figcaption class=\"wp-element-caption\">Begr\u00fcsst wurden wir bei der Einfahrt in den Frankfurter Hbf von einem Museumsst\u00fcck aus Reichsbahnzeiten<\/figcaption><\/figure>\n\n\n\n<figure class=\"wp-block-image aligncenter size-full is-resized\"><a href=\"http:\/\/reiseblog.mb2812.de\/wp-content\/uploads\/2019\/05\/IMG_0136.jpg\" rel=\"noopener noreferrer\"><img loading=\"lazy\" decoding=\"async\" width=\"1536\" height=\"1920\" src=\"https:\/\/mb2812.de\/wp-content\/uploads\/2019\/05\/IMG_0136.jpg\" alt=\"\" class=\"wp-image-7403\" style=\"width:600px\" srcset=\"https:\/\/mb2812.de\/wp-content\/uploads\/2019\/05\/IMG_0136.jpg 1536w, https:\/\/mb2812.de\/wp-content\/uploads\/2019\/05\/IMG_0136-240x300.jpg 240w, https:\/\/mb2812.de\/wp-content\/uploads\/2019\/05\/IMG_0136-768x960.jpg 768w, https:\/\/mb2812.de\/wp-content\/uploads\/2019\/05\/IMG_0136-819x1024.jpg 819w, https:\/\/mb2812.de\/wp-content\/uploads\/2019\/05\/IMG_0136-668x835.jpg 668w\" sizes=\"auto, (max-width: 1536px) 100vw, 1536px\" \/><\/a><figcaption class=\"wp-element-caption\">Fl\u00fcgelrad am Rande des Bahnhofplatzes<\/figcaption><\/figure>\n\n\n\n<figure class=\"wp-block-image aligncenter size-full is-resized\"><a href=\"http:\/\/reiseblog.mb2812.de\/wp-content\/uploads\/2019\/05\/IMG_1231.jpg\" rel=\"noopener noreferrer\"><img loading=\"lazy\" decoding=\"async\" width=\"1536\" height=\"1920\" src=\"https:\/\/mb2812.de\/wp-content\/uploads\/2019\/05\/IMG_1231.jpg\" alt=\"\" class=\"wp-image-7410\" style=\"width:600px\" srcset=\"https:\/\/mb2812.de\/wp-content\/uploads\/2019\/05\/IMG_1231.jpg 1536w, https:\/\/mb2812.de\/wp-content\/uploads\/2019\/05\/IMG_1231-240x300.jpg 240w, https:\/\/mb2812.de\/wp-content\/uploads\/2019\/05\/IMG_1231-768x960.jpg 768w, https:\/\/mb2812.de\/wp-content\/uploads\/2019\/05\/IMG_1231-819x1024.jpg 819w, https:\/\/mb2812.de\/wp-content\/uploads\/2019\/05\/IMG_1231-668x835.jpg 668w\" sizes=\"auto, (max-width: 1536px) 100vw, 1536px\" \/><\/a><figcaption class=\"wp-element-caption\">Das Innere einer Frankfurter Stra\u00dfenbahn vom Typ KT4D, daneben gibt es einige Niederflurbahnen<\/figcaption><\/figure>\n\n\n\n<p>Mit dem RE1 ging es dann in zwei Stunden \u00fcber Berlin nach Brandenburg an der Havel. Nach Ankunft dort wollten wir eigentlich eine Kaffeepause einlegen, aber die Linie 1 h\u00e4lt vom Bahnhof kommend nur am Rande der Innenstadt. Als wir das bemerkt hatten, war es schon zu sp\u00e4t, also sind wir bis zur Endstelle Anton-Saefkow-Allee mitgefahren. Das Wetter wurde nun wie angek\u00fcndigt schlecht, es fing an zu regnen. Daher war unser Aufenthalt hier nur sehr kurz und wir sind mit der gleichen Bahn wieder zur\u00fcck in die Stadt gefahren. Auf dem Weg zum Bahnhof kommt die Linie 1 durch die Innenstadt, um 17:00 Uhr gab es endlich Kaffee und Kuchen f\u00fcr Stephan und ein Weizenbier f\u00fcr mich.<\/p>\n\n\n\n<p>Auf der R\u00fcckfahrt nach Berlin gab es mehrere sehr starke Gewitterschauer, die in der Stadt f\u00fcr Sch\u00e4den und Chaos gesorgt hatten. In Wannsee war dann f\u00fcr den RE1 auch erstmal Schluss, nach einiger Wartezeit ging es zwar weiter, aber die Stadtbahn war gesperrt, der Zug wurde \u00fcber Gesundbrunnen umgeleitet. Dort stiegen wir aus und machten uns per U-Bahn auf zur Haltestelle &#8222;Turmstra\u00dfe&#8220;, das ist die unserem Hotel n\u00e4chstgelegene U-Bahn Haltestelle. Auf dem R\u00fcckweg gab es dann gleich Abendessen in einem indischen Restaurant an der Turmstra\u00dfe.<\/p>\n\n\n\n<figure class=\"wp-block-image aligncenter size-full is-resized\"><a href=\"http:\/\/reiseblog.mb2812.de\/wp-content\/uploads\/2019\/05\/IMG_1237.jpg\" rel=\"noopener noreferrer\"><img loading=\"lazy\" decoding=\"async\" width=\"1920\" height=\"1536\" src=\"https:\/\/mb2812.de\/wp-content\/uploads\/2019\/05\/IMG_1237.jpg\" alt=\"\" class=\"wp-image-9773\" style=\"width:800px\" srcset=\"https:\/\/mb2812.de\/wp-content\/uploads\/2019\/05\/IMG_1237.jpg 1920w, https:\/\/mb2812.de\/wp-content\/uploads\/2019\/05\/IMG_1237-300x240.jpg 300w, https:\/\/mb2812.de\/wp-content\/uploads\/2019\/05\/IMG_1237-1024x819.jpg 1024w, https:\/\/mb2812.de\/wp-content\/uploads\/2019\/05\/IMG_1237-768x614.jpg 768w, https:\/\/mb2812.de\/wp-content\/uploads\/2019\/05\/IMG_1237-1536x1229.jpg 1536w, https:\/\/mb2812.de\/wp-content\/uploads\/2019\/05\/IMG_1237-668x534.jpg 668w\" sizes=\"auto, (max-width: 1920px) 100vw, 1920px\" \/><\/a><figcaption class=\"wp-element-caption\">Sch\u00f6ne Fliesen &#8211; U-Bahn Station Gesundbrunnen<\/figcaption><\/figure>\n\n\n\n<p>&nbsp;<\/p>\n","protected":false},"excerpt":{"rendered":"<p>Wir fahren mit der Stra\u00dfenbahn in Frankfurt an der Oder und in Brandenburg<\/p>\n","protected":false},"author":1,"featured_media":7410,"comment_status":"closed","ping_status":"closed","sticky":false,"template":"","format":"standard","meta":{"footnotes":""},"categories":[13],"tags":[116,71,393,394],"class_list":["post-7415","post","type-post","status-publish","format-standard","has-post-thumbnail","hentry","category-ausfluege","tag-116","tag-berlin","tag-brandenburg","tag-frankfurt-oder"],"_links":{"self":[{"href":"https:\/\/mb2812.de\/index.php?rest_route=\/wp\/v2\/posts\/7415","targetHints":{"allow":["GET"]}}],"collection":[{"href":"https:\/\/mb2812.de\/index.php?rest_route=\/wp\/v2\/posts"}],"about":[{"href":"https:\/\/mb2812.de\/index.php?rest_route=\/wp\/v2\/types\/post"}],"author":[{"embeddable":true,"href":"https:\/\/mb2812.de\/index.php?rest_route=\/wp\/v2\/users\/1"}],"replies":[{"embeddable":true,"href":"https:\/\/mb2812.de\/index.php?rest_route=%2Fwp%2Fv2%2Fcomments&post=7415"}],"version-history":[{"count":7,"href":"https:\/\/mb2812.de\/index.php?rest_route=\/wp\/v2\/posts\/7415\/revisions"}],"predecessor-version":[{"id":16651,"href":"https:\/\/mb2812.de\/index.php?rest_route=\/wp\/v2\/posts\/7415\/revisions\/16651"}],"wp:featuredmedia":[{"embeddable":true,"href":"https:\/\/mb2812.de\/index.php?rest_route=\/wp\/v2\/media\/7410"}],"wp:attachment":[{"href":"https:\/\/mb2812.de\/index.php?rest_route=%2Fwp%2Fv2%2Fmedia&parent=7415"}],"wp:term":[{"taxonomy":"category","embeddable":true,"href":"https:\/\/mb2812.de\/index.php?rest_route=%2Fwp%2Fv2%2Fcategories&post=7415"},{"taxonomy":"post_tag","embeddable":true,"href":"https:\/\/mb2812.de\/index.php?rest_route=%2Fwp%2Fv2%2Ftags&post=7415"}],"curies":[{"name":"wp","href":"https:\/\/api.w.org\/{rel}","templated":true}]}}