{"id":7398,"date":"2019-05-19T09:00:35","date_gmt":"2019-05-19T07:00:35","guid":{"rendered":"http:\/\/reiseblog.mb2812.de\/?p=7398"},"modified":"2025-03-09T15:53:03","modified_gmt":"2025-03-09T13:53:03","slug":"eurowings-nach-berlin","status":"publish","type":"post","link":"https:\/\/mb2812.de\/?p=7398","title":{"rendered":"Eurowings nach Berlin"},"content":{"rendered":"\n<p>Ende Mai ging es f\u00fcr ein paar Tage nach Berlin. Um die Daimler Hauptversammlung, die wir uns dank einiger Aktien in meinem Besitz mal anschauen wollten, hatten wir ein paar Tage St\u00e4dtetrip herumgebastelt.<\/p>\n\n\n\n<p>Los ging es am Sonntag, An- und Abreise waren mal nicht per Bahn, sondern per Flugzeug geplant, mit Eurowings von K\u00f6ln\/Bonn aus. Die Anreise zum Flughafen per PKW war kein Problem, auch die Video\u00fcberwachung funktionierte problemlos, am Einfahrtstor des Parkhauses angekommen, \u00f6ffnete sich die Barriere nach wenigen Sekunden, da wir bei der Vorausbuchung des Parkplatzes das Kennzeichen angegeben hatten.<\/p>\n\n\n\n<p>Eurowings hat sich dann nicht mit Ruhm bekleckert. Check-in funktionierte zwar wundervoll digital, aber dann und wann hat man etwas Gep\u00e4ckl dabei und den Koffer muss man immer noch analog abgeben. Und wenn man schon viel Geld f\u00fcr die Mitnahme des Gep\u00e4cks zahlt, sollte zumindest das Abgeben schnell und reibungslos funktionieren. So war es nat\u00fcrlich nicht, vor dem einen besetzten Schalter durften wir 30 Minuten in der Schlange stehen. So werden die Fluglinien das Handgep\u00e4ckchaos an Bord kaum in den Griff bekommen.<\/p>\n\n\n\n<figure class=\"wp-block-image aligncenter size-full is-resized\"><a href=\"http:\/\/reiseblog.mb2812.de\/wp-content\/uploads\/2019\/05\/IMG_0128.jpg\" rel=\"noopener noreferrer\"><img loading=\"lazy\" decoding=\"async\" width=\"1920\" height=\"1536\" src=\"https:\/\/mb2812.de\/wp-content\/uploads\/2019\/05\/IMG_0128.jpg\" alt=\"\" class=\"wp-image-7399\" style=\"width:800px\" srcset=\"https:\/\/mb2812.de\/wp-content\/uploads\/2019\/05\/IMG_0128.jpg 1920w, https:\/\/mb2812.de\/wp-content\/uploads\/2019\/05\/IMG_0128-300x240.jpg 300w, https:\/\/mb2812.de\/wp-content\/uploads\/2019\/05\/IMG_0128-768x614.jpg 768w, https:\/\/mb2812.de\/wp-content\/uploads\/2019\/05\/IMG_0128-1024x819.jpg 1024w, https:\/\/mb2812.de\/wp-content\/uploads\/2019\/05\/IMG_0128-668x534.jpg 668w\" sizes=\"auto, (max-width: 1920px) 100vw, 1920px\" \/><\/a><figcaption class=\"wp-element-caption\">Lange Schlange und unbesetzte Schalter &#8211; Eurowings &#8230;<\/figcaption><\/figure>\n\n\n\n<!--more-->\n\n\n\n<p>Bleibt noch anzumerken, das das in K\u00f6ln bereits eingef\u00fchrte Priority Bording f\u00fcr &#8222;Smart Tarif&#8220; G\u00e4ste auch nicht richtig funktionierte. Immerhin kann Eurowings damit die trockene Stulle sparen, der weint wohl niemand eine Tr\u00e4ne hinterher.<\/p>\n\n\n\n<figure class=\"wp-block-image aligncenter size-full is-resized\"><a href=\"http:\/\/reiseblog.mb2812.de\/wp-content\/uploads\/2019\/05\/IMG_1188.jpg\" rel=\"noopener noreferrer\"><img loading=\"lazy\" decoding=\"async\" width=\"1920\" height=\"1536\" src=\"https:\/\/mb2812.de\/wp-content\/uploads\/2019\/05\/IMG_1188.jpg\" alt=\"\" class=\"wp-image-7405\" style=\"width:800px\" srcset=\"https:\/\/mb2812.de\/wp-content\/uploads\/2019\/05\/IMG_1188.jpg 1920w, https:\/\/mb2812.de\/wp-content\/uploads\/2019\/05\/IMG_1188-300x240.jpg 300w, https:\/\/mb2812.de\/wp-content\/uploads\/2019\/05\/IMG_1188-768x614.jpg 768w, https:\/\/mb2812.de\/wp-content\/uploads\/2019\/05\/IMG_1188-1024x819.jpg 1024w, https:\/\/mb2812.de\/wp-content\/uploads\/2019\/05\/IMG_1188-668x534.jpg 668w\" sizes=\"auto, (max-width: 1920px) 100vw, 1920px\" \/><\/a><figcaption class=\"wp-element-caption\">An Bord ist es soweit bequem<\/figcaption><\/figure>\n\n\n\n<figure class=\"wp-block-image aligncenter size-full is-resized\"><a href=\"http:\/\/reiseblog.mb2812.de\/wp-content\/uploads\/2019\/05\/IMG_1184.jpg\" rel=\"noopener noreferrer\"><img loading=\"lazy\" decoding=\"async\" width=\"1920\" height=\"1536\" src=\"https:\/\/mb2812.de\/wp-content\/uploads\/2019\/05\/IMG_1184.jpg\" alt=\"\" class=\"wp-image-7404\" style=\"width:800px\" srcset=\"https:\/\/mb2812.de\/wp-content\/uploads\/2019\/05\/IMG_1184.jpg 1920w, https:\/\/mb2812.de\/wp-content\/uploads\/2019\/05\/IMG_1184-300x240.jpg 300w, https:\/\/mb2812.de\/wp-content\/uploads\/2019\/05\/IMG_1184-768x614.jpg 768w, https:\/\/mb2812.de\/wp-content\/uploads\/2019\/05\/IMG_1184-1024x819.jpg 1024w, https:\/\/mb2812.de\/wp-content\/uploads\/2019\/05\/IMG_1184-668x534.jpg 668w\" sizes=\"auto, (max-width: 1920px) 100vw, 1920px\" \/><\/a><figcaption class=\"wp-element-caption\">\u00dcber den Wolken<\/figcaption><\/figure>\n\n\n\n<p>Am Flughafen erwerben wir einen analogen Fahrschein am Automaten, mit Apple Pay l\u00e4sst er sich allerdings nicht bezahlen, obwohl die BVG sich gro\u00df als Launch Customer feiern lie\u00dfen.<\/p>\n\n\n\n<figure class=\"wp-block-image aligncenter size-full is-resized\"><a href=\"http:\/\/reiseblog.mb2812.de\/wp-content\/uploads\/2019\/05\/Fahrschein.jpg\" rel=\"noopener noreferrer\"><img loading=\"lazy\" decoding=\"async\" width=\"1410\" height=\"1763\" src=\"https:\/\/mb2812.de\/wp-content\/uploads\/2019\/05\/Fahrschein.jpg\" alt=\"\" class=\"wp-image-7411\" style=\"width:600px\" srcset=\"https:\/\/mb2812.de\/wp-content\/uploads\/2019\/05\/Fahrschein.jpg 1410w, https:\/\/mb2812.de\/wp-content\/uploads\/2019\/05\/Fahrschein-240x300.jpg 240w, https:\/\/mb2812.de\/wp-content\/uploads\/2019\/05\/Fahrschein-768x960.jpg 768w, https:\/\/mb2812.de\/wp-content\/uploads\/2019\/05\/Fahrschein-819x1024.jpg 819w, https:\/\/mb2812.de\/wp-content\/uploads\/2019\/05\/Fahrschein-668x835.jpg 668w\" sizes=\"auto, (max-width: 1410px) 100vw, 1410px\" \/><\/a><figcaption class=\"wp-element-caption\">Heute haben wir mal einen analogen Fahrschein erworben<\/figcaption><\/figure>\n\n\n\n<p>Nach dem Check-in (Motel One Bellevue, nahe des Schlosses Bellevue und von der S-Bahn Haltestelle recht gut zu erreichen) machten wir uns dann auf einen kleinen ersten Rundgang durch Berlin. Wegen der Demonstrationen &#8222;Ein Europa f\u00fcr Alle&#8220; war unter anderem die Stra\u00dfe des 17. Juni gesprerrt, wir hatten die seltene Gelegenheit mal in der Mitte entlang zu laufen.<\/p>\n\n\n\n<figure class=\"wp-block-image aligncenter size-full is-resized\"><a href=\"http:\/\/reiseblog.mb2812.de\/wp-content\/uploads\/2019\/05\/IMG_1195-221.jpg\" rel=\"noopener noreferrer\"><img loading=\"lazy\" decoding=\"async\" width=\"1920\" height=\"1536\" src=\"https:\/\/mb2812.de\/wp-content\/uploads\/2019\/05\/IMG_1195-221.jpg\" alt=\"\" class=\"wp-image-7572\" style=\"width:800px\" srcset=\"https:\/\/mb2812.de\/wp-content\/uploads\/2019\/05\/IMG_1195-221.jpg 1920w, https:\/\/mb2812.de\/wp-content\/uploads\/2019\/05\/IMG_1195-221-300x240.jpg 300w, https:\/\/mb2812.de\/wp-content\/uploads\/2019\/05\/IMG_1195-221-768x614.jpg 768w, https:\/\/mb2812.de\/wp-content\/uploads\/2019\/05\/IMG_1195-221-1024x819.jpg 1024w, https:\/\/mb2812.de\/wp-content\/uploads\/2019\/05\/IMG_1195-221-668x534.jpg 668w\" sizes=\"auto, (max-width: 1920px) 100vw, 1920px\" \/><\/a><figcaption class=\"wp-element-caption\">Stra\u00dfe des 17. Juni und Siegess\u00e4ule<\/figcaption><\/figure>\n\n\n\n<p>Danach war dann Pause zwischen Reichstag und Brandenburger Tor:<\/p>\n\n\n\n<figure class=\"wp-block-image aligncenter size-full is-resized\"><a href=\"http:\/\/reiseblog.mb2812.de\/wp-content\/uploads\/2019\/05\/IMG_1204.jpg\" rel=\"noopener noreferrer\"><img loading=\"lazy\" decoding=\"async\" width=\"1536\" height=\"1920\" src=\"https:\/\/mb2812.de\/wp-content\/uploads\/2019\/05\/IMG_1204.jpg\" alt=\"\" class=\"wp-image-7407\" style=\"width:600px\" srcset=\"https:\/\/mb2812.de\/wp-content\/uploads\/2019\/05\/IMG_1204.jpg 1536w, https:\/\/mb2812.de\/wp-content\/uploads\/2019\/05\/IMG_1204-240x300.jpg 240w, https:\/\/mb2812.de\/wp-content\/uploads\/2019\/05\/IMG_1204-768x960.jpg 768w, https:\/\/mb2812.de\/wp-content\/uploads\/2019\/05\/IMG_1204-819x1024.jpg 819w, https:\/\/mb2812.de\/wp-content\/uploads\/2019\/05\/IMG_1204-668x835.jpg 668w\" sizes=\"auto, (max-width: 1536px) 100vw, 1536px\" \/><\/a><figcaption class=\"wp-element-caption\">Manfred<\/figcaption><\/figure>\n\n\n\n<figure class=\"wp-block-image aligncenter size-full is-resized\"><a href=\"http:\/\/reiseblog.mb2812.de\/wp-content\/uploads\/2019\/05\/IMG_0133.jpg\" rel=\"noopener noreferrer\"><img loading=\"lazy\" decoding=\"async\" width=\"1536\" height=\"1920\" src=\"https:\/\/mb2812.de\/wp-content\/uploads\/2019\/05\/IMG_0133.jpg\" alt=\"\" class=\"wp-image-7400\" style=\"width:600px\" srcset=\"https:\/\/mb2812.de\/wp-content\/uploads\/2019\/05\/IMG_0133.jpg 1536w, https:\/\/mb2812.de\/wp-content\/uploads\/2019\/05\/IMG_0133-240x300.jpg 240w, https:\/\/mb2812.de\/wp-content\/uploads\/2019\/05\/IMG_0133-768x960.jpg 768w, https:\/\/mb2812.de\/wp-content\/uploads\/2019\/05\/IMG_0133-819x1024.jpg 819w, https:\/\/mb2812.de\/wp-content\/uploads\/2019\/05\/IMG_0133-668x835.jpg 668w\" sizes=\"auto, (max-width: 1536px) 100vw, 1536px\" \/><\/a><figcaption class=\"wp-element-caption\">Stephan<\/figcaption><\/figure>\n\n\n\n<p>Der Weg f\u00fchrte weiter zum Hauptbahnhof und dann nutzen wir die Tageskarten noch aus f\u00fcr eine Fahrt mit der Stra\u00dfenbahn bis Prenzlauer Berg und zur\u00fcck. Dort gab es dann auch Abendessen in Form von Hamburgern in einem der vielen Imbisse.<\/p>\n\n\n\n<figure class=\"wp-block-image aligncenter size-full is-resized\"><a href=\"http:\/\/reiseblog.mb2812.de\/wp-content\/uploads\/2019\/05\/IMG_1211-180.jpg\" rel=\"noopener noreferrer\"><img loading=\"lazy\" decoding=\"async\" width=\"1920\" height=\"1536\" src=\"https:\/\/mb2812.de\/wp-content\/uploads\/2019\/05\/IMG_1211-180.jpg\" alt=\"\" class=\"wp-image-7408\" style=\"width:800px\" srcset=\"https:\/\/mb2812.de\/wp-content\/uploads\/2019\/05\/IMG_1211-180.jpg 1920w, https:\/\/mb2812.de\/wp-content\/uploads\/2019\/05\/IMG_1211-180-300x240.jpg 300w, https:\/\/mb2812.de\/wp-content\/uploads\/2019\/05\/IMG_1211-180-768x614.jpg 768w, https:\/\/mb2812.de\/wp-content\/uploads\/2019\/05\/IMG_1211-180-1024x819.jpg 1024w, https:\/\/mb2812.de\/wp-content\/uploads\/2019\/05\/IMG_1211-180-668x534.jpg 668w\" sizes=\"auto, (max-width: 1920px) 100vw, 1920px\" \/><\/a><figcaption class=\"wp-element-caption\">Spreebogen gegen\u00fcber des Hauptbahnhofs<\/figcaption><\/figure>\n\n\n\n<p>Noch ein Blick in unser Hotelzimmer. In der Rundung des Geb\u00e4udes an der Stra\u00dfenecke gibt es auf jeder Etage zwei Riesenzimmer, wohl doppelt so gro\u00df wie die Standardzimmer. Eines dieser gro\u00dfenZimmer hatten wir erhalten.<\/p>\n\n\n\n<figure class=\"wp-block-image aligncenter size-full is-resized\"><a href=\"http:\/\/reiseblog.mb2812.de\/wp-content\/uploads\/2019\/05\/IMG_0134.jpg\" rel=\"noopener noreferrer\"><img loading=\"lazy\" decoding=\"async\" width=\"1920\" height=\"1536\" src=\"https:\/\/mb2812.de\/wp-content\/uploads\/2019\/05\/IMG_0134.jpg\" alt=\"\" class=\"wp-image-7401\" style=\"width:800px\" srcset=\"https:\/\/mb2812.de\/wp-content\/uploads\/2019\/05\/IMG_0134.jpg 1920w, https:\/\/mb2812.de\/wp-content\/uploads\/2019\/05\/IMG_0134-300x240.jpg 300w, https:\/\/mb2812.de\/wp-content\/uploads\/2019\/05\/IMG_0134-768x614.jpg 768w, https:\/\/mb2812.de\/wp-content\/uploads\/2019\/05\/IMG_0134-1024x819.jpg 1024w, https:\/\/mb2812.de\/wp-content\/uploads\/2019\/05\/IMG_0134-668x534.jpg 668w\" sizes=\"auto, (max-width: 1920px) 100vw, 1920px\" \/><\/a><figcaption class=\"wp-element-caption\">Unser Riesenzimmer im Motel One<\/figcaption><\/figure>\n\n\n\n<p>Beendet haben wir den Tag &#8211; und auch alle anderen &#8211; in der Lounge des Hotels mit Whiskey und Gin Tonic:<\/p>\n\n\n\n<figure class=\"wp-block-image aligncenter size-full is-resized\"><a href=\"http:\/\/reiseblog.mb2812.de\/wp-content\/uploads\/2019\/05\/IMG_0135.jpg\" rel=\"noopener noreferrer\"><img loading=\"lazy\" decoding=\"async\" width=\"1536\" height=\"1920\" src=\"https:\/\/mb2812.de\/wp-content\/uploads\/2019\/05\/IMG_0135.jpg\" alt=\"\" class=\"wp-image-7402\" style=\"width:600px\" srcset=\"https:\/\/mb2812.de\/wp-content\/uploads\/2019\/05\/IMG_0135.jpg 1536w, https:\/\/mb2812.de\/wp-content\/uploads\/2019\/05\/IMG_0135-240x300.jpg 240w, https:\/\/mb2812.de\/wp-content\/uploads\/2019\/05\/IMG_0135-768x960.jpg 768w, https:\/\/mb2812.de\/wp-content\/uploads\/2019\/05\/IMG_0135-819x1024.jpg 819w, https:\/\/mb2812.de\/wp-content\/uploads\/2019\/05\/IMG_0135-668x835.jpg 668w\" sizes=\"auto, (max-width: 1536px) 100vw, 1536px\" \/><\/a><figcaption class=\"wp-element-caption\">In der Lounge<\/figcaption><\/figure>\n","protected":false},"excerpt":{"rendered":"<p>Wir besuchten die Hauptversammlung von Daimler in Berlin. Drumherum gab es ein paar Tage Urlaub. Am heutigen Sonntag fliegen wir von K\u00f6ln nach Berlin<\/p>\n","protected":false},"author":1,"featured_media":7408,"comment_status":"closed","ping_status":"closed","sticky":false,"template":"","format":"standard","meta":{"footnotes":""},"categories":[13],"tags":[116,117,71,156],"class_list":["post-7398","post","type-post","status-publish","format-standard","has-post-thumbnail","hentry","category-ausfluege","tag-116","tag-ausfluege","tag-berlin","tag-flug"],"_links":{"self":[{"href":"https:\/\/mb2812.de\/index.php?rest_route=\/wp\/v2\/posts\/7398","targetHints":{"allow":["GET"]}}],"collection":[{"href":"https:\/\/mb2812.de\/index.php?rest_route=\/wp\/v2\/posts"}],"about":[{"href":"https:\/\/mb2812.de\/index.php?rest_route=\/wp\/v2\/types\/post"}],"author":[{"embeddable":true,"href":"https:\/\/mb2812.de\/index.php?rest_route=\/wp\/v2\/users\/1"}],"replies":[{"embeddable":true,"href":"https:\/\/mb2812.de\/index.php?rest_route=%2Fwp%2Fv2%2Fcomments&post=7398"}],"version-history":[{"count":8,"href":"https:\/\/mb2812.de\/index.php?rest_route=\/wp\/v2\/posts\/7398\/revisions"}],"predecessor-version":[{"id":16649,"href":"https:\/\/mb2812.de\/index.php?rest_route=\/wp\/v2\/posts\/7398\/revisions\/16649"}],"wp:featuredmedia":[{"embeddable":true,"href":"https:\/\/mb2812.de\/index.php?rest_route=\/wp\/v2\/media\/7408"}],"wp:attachment":[{"href":"https:\/\/mb2812.de\/index.php?rest_route=%2Fwp%2Fv2%2Fmedia&parent=7398"}],"wp:term":[{"taxonomy":"category","embeddable":true,"href":"https:\/\/mb2812.de\/index.php?rest_route=%2Fwp%2Fv2%2Fcategories&post=7398"},{"taxonomy":"post_tag","embeddable":true,"href":"https:\/\/mb2812.de\/index.php?rest_route=%2Fwp%2Fv2%2Ftags&post=7398"}],"curies":[{"name":"wp","href":"https:\/\/api.w.org\/{rel}","templated":true}]}}