{"id":6980,"date":"2018-09-06T09:00:57","date_gmt":"2018-09-06T07:00:57","guid":{"rendered":"http:\/\/reiseblog.mb2812.de\/?p=6980"},"modified":"2025-04-02T21:08:55","modified_gmt":"2025-04-02T19:08:55","slug":"st-ouens-beach","status":"publish","type":"post","link":"https:\/\/mb2812.de\/?p=6980","title":{"rendered":"St. Ouen\u2019s Beach"},"content":{"rendered":"\n<p>An unserem letzten vollen Inseltag stand der Westen der Insel, der St. Ouens Beach, auf dem Programm. Dahin ging es in bew\u00e4hrter Weise mit dem Bus. Der f\u00e4hrt ab &#8222;Red Houses&#8220;, daher gingen wir den ersten Kilometer dahin zu Fu\u00df. Dabei war Gelegenheit, die von uns meistbenutzte Buslinie 15 mit ihren Doppeldeckern zu dokumentieren:<\/p>\n\n\n\n<figure class=\"wp-block-image aligncenter size-full is-resized\"><a href=\"http:\/\/reiseblog.mb2812.de\/wp-content\/uploads\/2019\/01\/IMG_7490-1-1596.jpg\" rel=\"noopener\"><img loading=\"lazy\" decoding=\"async\" width=\"1920\" height=\"1536\" src=\"https:\/\/mb2812.de\/wp-content\/uploads\/2019\/01\/IMG_7490-1-1596.jpg\" alt=\"\" class=\"wp-image-6993\" style=\"width:800px\" srcset=\"https:\/\/mb2812.de\/wp-content\/uploads\/2019\/01\/IMG_7490-1-1596.jpg 1920w, https:\/\/mb2812.de\/wp-content\/uploads\/2019\/01\/IMG_7490-1-1596-300x240.jpg 300w, https:\/\/mb2812.de\/wp-content\/uploads\/2019\/01\/IMG_7490-1-1596-768x614.jpg 768w, https:\/\/mb2812.de\/wp-content\/uploads\/2019\/01\/IMG_7490-1-1596-1024x819.jpg 1024w, https:\/\/mb2812.de\/wp-content\/uploads\/2019\/01\/IMG_7490-1-1596-668x534.jpg 668w\" sizes=\"auto, (max-width: 1920px) 100vw, 1920px\" \/><\/a><figcaption class=\"wp-element-caption\">Ein Bus der Linie 15 erreicht die Haltestelle am Hotel<\/figcaption><\/figure>\n\n\n\n<!--more-->\n\n\n\n<figure class=\"wp-block-image aligncenter size-full is-resized\"><a href=\"http:\/\/reiseblog.mb2812.de\/wp-content\/uploads\/2019\/01\/IMG_7491-1-1597.jpg\" rel=\"noopener\"><img loading=\"lazy\" decoding=\"async\" width=\"1536\" height=\"1920\" src=\"https:\/\/mb2812.de\/wp-content\/uploads\/2019\/01\/IMG_7491-1-1597.jpg\" alt=\"\" class=\"wp-image-6994\" style=\"width:600px\" srcset=\"https:\/\/mb2812.de\/wp-content\/uploads\/2019\/01\/IMG_7491-1-1597.jpg 1536w, https:\/\/mb2812.de\/wp-content\/uploads\/2019\/01\/IMG_7491-1-1597-240x300.jpg 240w, https:\/\/mb2812.de\/wp-content\/uploads\/2019\/01\/IMG_7491-1-1597-768x960.jpg 768w, https:\/\/mb2812.de\/wp-content\/uploads\/2019\/01\/IMG_7491-1-1597-819x1024.jpg 819w, https:\/\/mb2812.de\/wp-content\/uploads\/2019\/01\/IMG_7491-1-1597-668x835.jpg 668w\" sizes=\"auto, (max-width: 1536px) 100vw, 1536px\" \/><\/a><figcaption class=\"wp-element-caption\">An der Haltestelle &#8222;Red Houses&#8220;<\/figcaption><\/figure>\n\n\n\n<p>Ab Red Houses ging es mit der Linie 12 auf bekannten Wegen vorbei am Corbi\u00e8re Lighthouse zum Strand. Bereits an der ersten Haltestelleam Strand, &#8218;La Pulente&#8216;, stiegen wir aus. Danach ging es dann zu Fu\u00df den ganzen 8 km langen Strand entlang bis zum Bunker der Faulkner Fisheries in L&#8217;Etacq. Zwischendurch gab es eine Pause im &#8222;Watersplash&#8220;. Fast Zweieinhalb Stunden haben wir daf\u00fcr (einschlie\u00dflich Pause) gebraucht.<\/p>\n\n\n\n<p>Als wir ankamen, war gerade Ebbe und deswegen sieht es manchmal mit den gro\u00dffl\u00e4chig aus dem Wasser herausragenden Klippen mehr nach Mondlandschaft wie nach Strand aus. Bei der langsam einsetztenden Flut mussten wir w\u00e4hrend des Marsches aufpassen, keine nassen F\u00fc\u00dfe zu bekommen.<\/p>\n\n\n\n<figure class=\"wp-block-image aligncenter size-full is-resized\"><a href=\"http:\/\/reiseblog.mb2812.de\/wp-content\/uploads\/2019\/01\/DSC_6828.jpg\" rel=\"noopener\"><img loading=\"lazy\" decoding=\"async\" width=\"1920\" height=\"1536\" src=\"https:\/\/mb2812.de\/wp-content\/uploads\/2019\/01\/DSC_6828.jpg\" alt=\"\" class=\"wp-image-6981\" style=\"width:800px\" srcset=\"https:\/\/mb2812.de\/wp-content\/uploads\/2019\/01\/DSC_6828.jpg 1920w, https:\/\/mb2812.de\/wp-content\/uploads\/2019\/01\/DSC_6828-300x240.jpg 300w, https:\/\/mb2812.de\/wp-content\/uploads\/2019\/01\/DSC_6828-768x614.jpg 768w, https:\/\/mb2812.de\/wp-content\/uploads\/2019\/01\/DSC_6828-1024x819.jpg 1024w, https:\/\/mb2812.de\/wp-content\/uploads\/2019\/01\/DSC_6828-668x534.jpg 668w\" sizes=\"auto, (max-width: 1920px) 100vw, 1920px\" \/><\/a><figcaption class=\"wp-element-caption\">Der erste Blick von de Stra\u00dfe: &#8222;La Rocco&#8220; Tower, im Hintergrund vermutlich Sark<\/figcaption><\/figure>\n\n\n\n<figure class=\"wp-block-image aligncenter size-full is-resized\"><a href=\"http:\/\/reiseblog.mb2812.de\/wp-content\/uploads\/2019\/01\/DSC_6829.jpg\" rel=\"noopener\"><img loading=\"lazy\" decoding=\"async\" width=\"1920\" height=\"1536\" src=\"https:\/\/mb2812.de\/wp-content\/uploads\/2019\/01\/DSC_6829.jpg\" alt=\"\" class=\"wp-image-6982\" style=\"width:800px\" srcset=\"https:\/\/mb2812.de\/wp-content\/uploads\/2019\/01\/DSC_6829.jpg 1920w, https:\/\/mb2812.de\/wp-content\/uploads\/2019\/01\/DSC_6829-300x240.jpg 300w, https:\/\/mb2812.de\/wp-content\/uploads\/2019\/01\/DSC_6829-768x614.jpg 768w, https:\/\/mb2812.de\/wp-content\/uploads\/2019\/01\/DSC_6829-1024x819.jpg 1024w, https:\/\/mb2812.de\/wp-content\/uploads\/2019\/01\/DSC_6829-668x534.jpg 668w\" sizes=\"auto, (max-width: 1920px) 100vw, 1920px\" \/><\/a><figcaption class=\"wp-element-caption\">Blick aufs Meer<\/figcaption><\/figure>\n\n\n\n<figure class=\"wp-block-image aligncenter size-full is-resized\"><a href=\"http:\/\/reiseblog.mb2812.de\/wp-content\/uploads\/2019\/01\/IMG_7555.jpg\" rel=\"noopener\"><img loading=\"lazy\" decoding=\"async\" width=\"1920\" height=\"1536\" src=\"https:\/\/mb2812.de\/wp-content\/uploads\/2019\/01\/IMG_7555.jpg\" alt=\"\" class=\"wp-image-6999\" style=\"aspect-ratio:1;width:600px\" srcset=\"https:\/\/mb2812.de\/wp-content\/uploads\/2019\/01\/IMG_7555.jpg 1920w, https:\/\/mb2812.de\/wp-content\/uploads\/2019\/01\/IMG_7555-300x240.jpg 300w, https:\/\/mb2812.de\/wp-content\/uploads\/2019\/01\/IMG_7555-768x614.jpg 768w, https:\/\/mb2812.de\/wp-content\/uploads\/2019\/01\/IMG_7555-1024x819.jpg 1024w, https:\/\/mb2812.de\/wp-content\/uploads\/2019\/01\/IMG_7555-668x534.jpg 668w\" sizes=\"auto, (max-width: 1920px) 100vw, 1920px\" \/><\/a><figcaption class=\"wp-element-caption\">Unterwegs am Strand, hinter uns liegt der Leuchtturm von Corbi\u00e8re<\/figcaption><\/figure>\n\n\n\n<figure class=\"wp-block-image aligncenter size-full is-resized\"><a href=\"http:\/\/reiseblog.mb2812.de\/wp-content\/uploads\/2019\/01\/DSC_6852.jpg\" rel=\"noopener\"><img loading=\"lazy\" decoding=\"async\" width=\"1920\" height=\"1536\" src=\"https:\/\/mb2812.de\/wp-content\/uploads\/2019\/01\/DSC_6852.jpg\" alt=\"\" class=\"wp-image-6983\" style=\"width:800px\" srcset=\"https:\/\/mb2812.de\/wp-content\/uploads\/2019\/01\/DSC_6852.jpg 1920w, https:\/\/mb2812.de\/wp-content\/uploads\/2019\/01\/DSC_6852-300x240.jpg 300w, https:\/\/mb2812.de\/wp-content\/uploads\/2019\/01\/DSC_6852-768x614.jpg 768w, https:\/\/mb2812.de\/wp-content\/uploads\/2019\/01\/DSC_6852-1024x819.jpg 1024w, https:\/\/mb2812.de\/wp-content\/uploads\/2019\/01\/DSC_6852-668x534.jpg 668w\" sizes=\"auto, (max-width: 1920px) 100vw, 1920px\" \/><\/a><figcaption class=\"wp-element-caption\">Diese Strecke liegt vor uns &#8211; Blick entlang de St. Ouen&#8217;s Bay nach L&#8217;Etacq<\/figcaption><\/figure>\n\n\n\n<figure class=\"wp-block-image aligncenter size-full is-resized\"><a href=\"http:\/\/reiseblog.mb2812.de\/wp-content\/uploads\/2019\/01\/DSC_6857.jpg\" rel=\"noopener\"><img loading=\"lazy\" decoding=\"async\" width=\"1920\" height=\"1536\" src=\"https:\/\/mb2812.de\/wp-content\/uploads\/2019\/01\/DSC_6857.jpg\" alt=\"\" class=\"wp-image-6984\" style=\"width:800px\" srcset=\"https:\/\/mb2812.de\/wp-content\/uploads\/2019\/01\/DSC_6857.jpg 1920w, https:\/\/mb2812.de\/wp-content\/uploads\/2019\/01\/DSC_6857-300x240.jpg 300w, https:\/\/mb2812.de\/wp-content\/uploads\/2019\/01\/DSC_6857-768x614.jpg 768w, https:\/\/mb2812.de\/wp-content\/uploads\/2019\/01\/DSC_6857-1024x819.jpg 1024w, https:\/\/mb2812.de\/wp-content\/uploads\/2019\/01\/DSC_6857-668x534.jpg 668w\" sizes=\"auto, (max-width: 1920px) 100vw, 1920px\" \/><\/a><figcaption class=\"wp-element-caption\">Bei Ebbe gibt es viel Strand, dahinter die D\u00fcnenlandschaft<\/figcaption><\/figure>\n\n\n\n<p>Das wir entlang des Strandes vorankommen, erkennt man am immer weiter entfernten Leuchtturm:<\/p>\n\n\n\n<figure class=\"wp-block-image aligncenter size-full is-resized\"><a href=\"http:\/\/reiseblog.mb2812.de\/wp-content\/uploads\/2019\/01\/DSC_6863.jpg\"><img loading=\"lazy\" decoding=\"async\" width=\"1920\" height=\"1536\" src=\"https:\/\/mb2812.de\/wp-content\/uploads\/2019\/01\/DSC_6863.jpg\" alt=\"\" class=\"wp-image-6985\" style=\"width:800px\" srcset=\"https:\/\/mb2812.de\/wp-content\/uploads\/2019\/01\/DSC_6863.jpg 1920w, https:\/\/mb2812.de\/wp-content\/uploads\/2019\/01\/DSC_6863-300x240.jpg 300w, https:\/\/mb2812.de\/wp-content\/uploads\/2019\/01\/DSC_6863-768x614.jpg 768w, https:\/\/mb2812.de\/wp-content\/uploads\/2019\/01\/DSC_6863-1024x819.jpg 1024w, https:\/\/mb2812.de\/wp-content\/uploads\/2019\/01\/DSC_6863-668x534.jpg 668w\" sizes=\"auto, (max-width: 1920px) 100vw, 1920px\" \/><\/a><\/figure>\n\n\n\n<p><\/p>\n\n\n\n<figure class=\"wp-block-image aligncenter size-full is-resized\"><a href=\"http:\/\/reiseblog.mb2812.de\/wp-content\/uploads\/2019\/01\/DSC_6865.jpg\"><img loading=\"lazy\" decoding=\"async\" width=\"1920\" height=\"1536\" src=\"https:\/\/mb2812.de\/wp-content\/uploads\/2019\/01\/DSC_6865.jpg\" alt=\"\" class=\"wp-image-6987\" style=\"width:800px\" srcset=\"https:\/\/mb2812.de\/wp-content\/uploads\/2019\/01\/DSC_6865.jpg 1920w, https:\/\/mb2812.de\/wp-content\/uploads\/2019\/01\/DSC_6865-300x240.jpg 300w, https:\/\/mb2812.de\/wp-content\/uploads\/2019\/01\/DSC_6865-768x614.jpg 768w, https:\/\/mb2812.de\/wp-content\/uploads\/2019\/01\/DSC_6865-1024x819.jpg 1024w, https:\/\/mb2812.de\/wp-content\/uploads\/2019\/01\/DSC_6865-668x534.jpg 668w\" sizes=\"auto, (max-width: 1920px) 100vw, 1920px\" \/><\/a><\/figure>\n\n\n\n<p><\/p>\n\n\n\n<figure class=\"wp-block-image aligncenter size-full is-resized\"><a href=\"http:\/\/reiseblog.mb2812.de\/wp-content\/uploads\/2019\/01\/IMG_7566.jpg\" rel=\"noopener\"><img loading=\"lazy\" decoding=\"async\" width=\"1920\" height=\"1536\" src=\"https:\/\/mb2812.de\/wp-content\/uploads\/2019\/01\/IMG_7566.jpg\" alt=\"\" class=\"wp-image-7000\" style=\"width:800px\" srcset=\"https:\/\/mb2812.de\/wp-content\/uploads\/2019\/01\/IMG_7566.jpg 1920w, https:\/\/mb2812.de\/wp-content\/uploads\/2019\/01\/IMG_7566-300x240.jpg 300w, https:\/\/mb2812.de\/wp-content\/uploads\/2019\/01\/IMG_7566-768x614.jpg 768w, https:\/\/mb2812.de\/wp-content\/uploads\/2019\/01\/IMG_7566-1024x819.jpg 1024w, https:\/\/mb2812.de\/wp-content\/uploads\/2019\/01\/IMG_7566-668x534.jpg 668w\" sizes=\"auto, (max-width: 1920px) 100vw, 1920px\" \/><\/a><figcaption class=\"wp-element-caption\">Gegen\u00fcber des &#8218;La Rocco&#8220; Tower, fast konnten wir hin\u00fcber gehen<\/figcaption><\/figure>\n\n\n\n<figure class=\"wp-block-image aligncenter size-full is-resized\"><a href=\"http:\/\/reiseblog.mb2812.de\/wp-content\/uploads\/2019\/01\/IMG_7603-1599.jpg\" rel=\"noopener\"><img loading=\"lazy\" decoding=\"async\" width=\"1920\" height=\"1536\" src=\"https:\/\/mb2812.de\/wp-content\/uploads\/2019\/01\/IMG_7603-1599.jpg\" alt=\"\" class=\"wp-image-7004\" style=\"width:800px\" srcset=\"https:\/\/mb2812.de\/wp-content\/uploads\/2019\/01\/IMG_7603-1599.jpg 1920w, https:\/\/mb2812.de\/wp-content\/uploads\/2019\/01\/IMG_7603-1599-300x240.jpg 300w, https:\/\/mb2812.de\/wp-content\/uploads\/2019\/01\/IMG_7603-1599-768x614.jpg 768w, https:\/\/mb2812.de\/wp-content\/uploads\/2019\/01\/IMG_7603-1599-1024x819.jpg 1024w, https:\/\/mb2812.de\/wp-content\/uploads\/2019\/01\/IMG_7603-1599-668x534.jpg 668w\" sizes=\"auto, (max-width: 1920px) 100vw, 1920px\" \/><\/a><figcaption class=\"wp-element-caption\">Unterwegs<\/figcaption><\/figure>\n\n\n\n<figure class=\"wp-block-image aligncenter size-full is-resized\"><a href=\"http:\/\/reiseblog.mb2812.de\/wp-content\/uploads\/2019\/01\/IMG_7585.jpg\" rel=\"noopener\"><img loading=\"lazy\" decoding=\"async\" width=\"1920\" height=\"1536\" src=\"https:\/\/mb2812.de\/wp-content\/uploads\/2019\/01\/IMG_7585.jpg\" alt=\"\" class=\"wp-image-7001\" style=\"width:800px\" srcset=\"https:\/\/mb2812.de\/wp-content\/uploads\/2019\/01\/IMG_7585.jpg 1920w, https:\/\/mb2812.de\/wp-content\/uploads\/2019\/01\/IMG_7585-300x240.jpg 300w, https:\/\/mb2812.de\/wp-content\/uploads\/2019\/01\/IMG_7585-768x614.jpg 768w, https:\/\/mb2812.de\/wp-content\/uploads\/2019\/01\/IMG_7585-1024x819.jpg 1024w, https:\/\/mb2812.de\/wp-content\/uploads\/2019\/01\/IMG_7585-668x534.jpg 668w\" sizes=\"auto, (max-width: 1920px) 100vw, 1920px\" \/><\/a><figcaption class=\"wp-element-caption\">Lifeguards gibt es auch auf dem Strand<\/figcaption><\/figure>\n\n\n\n<figure class=\"wp-block-image aligncenter size-full is-resized\"><a href=\"http:\/\/reiseblog.mb2812.de\/wp-content\/uploads\/2019\/01\/DSC_6864.jpg\" rel=\"noopener\"><img loading=\"lazy\" decoding=\"async\" width=\"1920\" height=\"1536\" src=\"https:\/\/mb2812.de\/wp-content\/uploads\/2019\/01\/DSC_6864.jpg\" alt=\"\" class=\"wp-image-6986\" style=\"width:800px\" srcset=\"https:\/\/mb2812.de\/wp-content\/uploads\/2019\/01\/DSC_6864.jpg 1920w, https:\/\/mb2812.de\/wp-content\/uploads\/2019\/01\/DSC_6864-300x240.jpg 300w, https:\/\/mb2812.de\/wp-content\/uploads\/2019\/01\/DSC_6864-768x614.jpg 768w, https:\/\/mb2812.de\/wp-content\/uploads\/2019\/01\/DSC_6864-1024x819.jpg 1024w, https:\/\/mb2812.de\/wp-content\/uploads\/2019\/01\/DSC_6864-668x534.jpg 668w\" sizes=\"auto, (max-width: 1920px) 100vw, 1920px\" \/><\/a><figcaption class=\"wp-element-caption\">Ein D\u00f6rfchen hinter dem Strand<\/figcaption><\/figure>\n\n\n\n<figure class=\"wp-block-image aligncenter size-full is-resized\"><a href=\"http:\/\/reiseblog.mb2812.de\/wp-content\/uploads\/2019\/01\/IMG_7593.jpg\" rel=\"noopener\"><img loading=\"lazy\" decoding=\"async\" width=\"1920\" height=\"1536\" src=\"https:\/\/mb2812.de\/wp-content\/uploads\/2019\/01\/IMG_7593.jpg\" alt=\"\" class=\"wp-image-7002\" style=\"width:800px\" srcset=\"https:\/\/mb2812.de\/wp-content\/uploads\/2019\/01\/IMG_7593.jpg 1920w, https:\/\/mb2812.de\/wp-content\/uploads\/2019\/01\/IMG_7593-300x240.jpg 300w, https:\/\/mb2812.de\/wp-content\/uploads\/2019\/01\/IMG_7593-768x614.jpg 768w, https:\/\/mb2812.de\/wp-content\/uploads\/2019\/01\/IMG_7593-1024x819.jpg 1024w, https:\/\/mb2812.de\/wp-content\/uploads\/2019\/01\/IMG_7593-668x534.jpg 668w\" sizes=\"auto, (max-width: 1920px) 100vw, 1920px\" \/><\/a><figcaption class=\"wp-element-caption\">Die Strandpromenade ist wie \u00fcblich deutsche Wertarbeit und diente der Befestigung der Insel<\/figcaption><\/figure>\n\n\n\n<figure class=\"wp-block-image aligncenter size-full is-resized\"><a href=\"http:\/\/reiseblog.mb2812.de\/wp-content\/uploads\/2019\/01\/IMG_7594.jpg\" rel=\"noopener\"><img loading=\"lazy\" decoding=\"async\" width=\"1920\" height=\"1536\" src=\"https:\/\/mb2812.de\/wp-content\/uploads\/2019\/01\/IMG_7594.jpg\" alt=\"\" class=\"wp-image-7003\" style=\"width:800px\" srcset=\"https:\/\/mb2812.de\/wp-content\/uploads\/2019\/01\/IMG_7594.jpg 1920w, https:\/\/mb2812.de\/wp-content\/uploads\/2019\/01\/IMG_7594-300x240.jpg 300w, https:\/\/mb2812.de\/wp-content\/uploads\/2019\/01\/IMG_7594-768x614.jpg 768w, https:\/\/mb2812.de\/wp-content\/uploads\/2019\/01\/IMG_7594-1024x819.jpg 1024w, https:\/\/mb2812.de\/wp-content\/uploads\/2019\/01\/IMG_7594-668x534.jpg 668w\" sizes=\"auto, (max-width: 1920px) 100vw, 1920px\" \/><\/a><figcaption class=\"wp-element-caption\">Blick durch Gel\u00e4nder<\/figcaption><\/figure>\n\n\n\n<figure class=\"wp-block-image aligncenter size-full is-resized\"><a href=\"http:\/\/reiseblog.mb2812.de\/wp-content\/uploads\/2019\/01\/DSC_6871.jpg\" rel=\"noopener\"><img loading=\"lazy\" decoding=\"async\" width=\"1920\" height=\"1536\" src=\"https:\/\/mb2812.de\/wp-content\/uploads\/2019\/01\/DSC_6871.jpg\" alt=\"\" class=\"wp-image-6988\" style=\"width:800px\" srcset=\"https:\/\/mb2812.de\/wp-content\/uploads\/2019\/01\/DSC_6871.jpg 1920w, https:\/\/mb2812.de\/wp-content\/uploads\/2019\/01\/DSC_6871-300x240.jpg 300w, https:\/\/mb2812.de\/wp-content\/uploads\/2019\/01\/DSC_6871-768x614.jpg 768w, https:\/\/mb2812.de\/wp-content\/uploads\/2019\/01\/DSC_6871-1024x819.jpg 1024w, https:\/\/mb2812.de\/wp-content\/uploads\/2019\/01\/DSC_6871-668x534.jpg 668w\" sizes=\"auto, (max-width: 1920px) 100vw, 1920px\" \/><\/a><figcaption class=\"wp-element-caption\">L&#8217;Etacq kommt n\u00e4her<\/figcaption><\/figure>\n\n\n\n<figure class=\"wp-block-image aligncenter size-full is-resized\"><a href=\"http:\/\/reiseblog.mb2812.de\/wp-content\/uploads\/2019\/01\/DSC_6887-1600.jpg\" rel=\"noopener\"><img loading=\"lazy\" decoding=\"async\" width=\"1920\" height=\"1536\" src=\"https:\/\/mb2812.de\/wp-content\/uploads\/2019\/01\/DSC_6887-1600.jpg\" alt=\"\" class=\"wp-image-6990\" style=\"width:800px\" srcset=\"https:\/\/mb2812.de\/wp-content\/uploads\/2019\/01\/DSC_6887-1600.jpg 1920w, https:\/\/mb2812.de\/wp-content\/uploads\/2019\/01\/DSC_6887-1600-300x240.jpg 300w, https:\/\/mb2812.de\/wp-content\/uploads\/2019\/01\/DSC_6887-1600-768x614.jpg 768w, https:\/\/mb2812.de\/wp-content\/uploads\/2019\/01\/DSC_6887-1600-1024x819.jpg 1024w, https:\/\/mb2812.de\/wp-content\/uploads\/2019\/01\/DSC_6887-1600-668x534.jpg 668w\" sizes=\"auto, (max-width: 1920px) 100vw, 1920px\" \/><\/a><figcaption class=\"wp-element-caption\">Der Schlemmertempel: Faulkner Fisheries<\/figcaption><\/figure>\n\n\n\n<figure class=\"wp-block-image aligncenter size-full is-resized\"><a href=\"http:\/\/reiseblog.mb2812.de\/wp-content\/uploads\/2019\/01\/DSC_6885.jpg\" rel=\"noopener\"><img loading=\"lazy\" decoding=\"async\" width=\"1920\" height=\"1536\" src=\"https:\/\/mb2812.de\/wp-content\/uploads\/2019\/01\/DSC_6885.jpg\" alt=\"\" class=\"wp-image-6989\" style=\"width:800px\" srcset=\"https:\/\/mb2812.de\/wp-content\/uploads\/2019\/01\/DSC_6885.jpg 1920w, https:\/\/mb2812.de\/wp-content\/uploads\/2019\/01\/DSC_6885-300x240.jpg 300w, https:\/\/mb2812.de\/wp-content\/uploads\/2019\/01\/DSC_6885-768x614.jpg 768w, https:\/\/mb2812.de\/wp-content\/uploads\/2019\/01\/DSC_6885-1024x819.jpg 1024w, https:\/\/mb2812.de\/wp-content\/uploads\/2019\/01\/DSC_6885-668x534.jpg 668w\" sizes=\"auto, (max-width: 1920px) 100vw, 1920px\" \/><\/a><figcaption class=\"wp-element-caption\">Noch ein Blick aufs Meer<\/figcaption><\/figure>\n\n\n\n<figure class=\"wp-block-image aligncenter size-full is-resized\"><a href=\"http:\/\/reiseblog.mb2812.de\/wp-content\/uploads\/2019\/01\/IMG_7505-1601.jpg\" rel=\"noopener\"><img loading=\"lazy\" decoding=\"async\" width=\"1536\" height=\"1920\" src=\"https:\/\/mb2812.de\/wp-content\/uploads\/2019\/01\/IMG_7505-1601.jpg\" alt=\"\" class=\"wp-image-6995\" style=\"width:600px\" srcset=\"https:\/\/mb2812.de\/wp-content\/uploads\/2019\/01\/IMG_7505-1601.jpg 1536w, https:\/\/mb2812.de\/wp-content\/uploads\/2019\/01\/IMG_7505-1601-240x300.jpg 240w, https:\/\/mb2812.de\/wp-content\/uploads\/2019\/01\/IMG_7505-1601-768x960.jpg 768w, https:\/\/mb2812.de\/wp-content\/uploads\/2019\/01\/IMG_7505-1601-819x1024.jpg 819w, https:\/\/mb2812.de\/wp-content\/uploads\/2019\/01\/IMG_7505-1601-668x835.jpg 668w\" sizes=\"auto, (max-width: 1536px) 100vw, 1536px\" \/><\/a><figcaption class=\"wp-element-caption\">Pause bei Faulkner Fisheries: Das haben wir bestellt &#8230;<\/figcaption><\/figure>\n\n\n\n<figure class=\"wp-block-image aligncenter size-full is-resized\"><a href=\"http:\/\/reiseblog.mb2812.de\/wp-content\/uploads\/2019\/01\/IMG_7507.jpg\" rel=\"noopener\"><img loading=\"lazy\" decoding=\"async\" width=\"1920\" height=\"1536\" src=\"https:\/\/mb2812.de\/wp-content\/uploads\/2019\/01\/IMG_7507.jpg\" alt=\"\" class=\"wp-image-6996\" style=\"width:800px\" srcset=\"https:\/\/mb2812.de\/wp-content\/uploads\/2019\/01\/IMG_7507.jpg 1920w, https:\/\/mb2812.de\/wp-content\/uploads\/2019\/01\/IMG_7507-300x240.jpg 300w, https:\/\/mb2812.de\/wp-content\/uploads\/2019\/01\/IMG_7507-768x614.jpg 768w, https:\/\/mb2812.de\/wp-content\/uploads\/2019\/01\/IMG_7507-1024x819.jpg 1024w, https:\/\/mb2812.de\/wp-content\/uploads\/2019\/01\/IMG_7507-668x534.jpg 668w\" sizes=\"auto, (max-width: 1920px) 100vw, 1920px\" \/><\/a><figcaption class=\"wp-element-caption\">&#8230; und so siehts aus<\/figcaption><\/figure>\n\n\n\n<figure class=\"wp-block-image aligncenter size-full is-resized\"><a href=\"http:\/\/reiseblog.mb2812.de\/wp-content\/uploads\/2019\/01\/IMG_7650-1602.jpg\" rel=\"noopener\"><img loading=\"lazy\" decoding=\"async\" width=\"1920\" height=\"1536\" src=\"https:\/\/mb2812.de\/wp-content\/uploads\/2019\/01\/IMG_7650-1602.jpg\" alt=\"\" class=\"wp-image-7005\" style=\"width:800px\" srcset=\"https:\/\/mb2812.de\/wp-content\/uploads\/2019\/01\/IMG_7650-1602.jpg 1920w, https:\/\/mb2812.de\/wp-content\/uploads\/2019\/01\/IMG_7650-1602-300x240.jpg 300w, https:\/\/mb2812.de\/wp-content\/uploads\/2019\/01\/IMG_7650-1602-768x614.jpg 768w, https:\/\/mb2812.de\/wp-content\/uploads\/2019\/01\/IMG_7650-1602-1024x819.jpg 1024w, https:\/\/mb2812.de\/wp-content\/uploads\/2019\/01\/IMG_7650-1602-668x534.jpg 668w\" sizes=\"auto, (max-width: 1920px) 100vw, 1920px\" \/><\/a><figcaption class=\"wp-element-caption\">Warten auf den Bus: Stilleben mit Traktor und Boot<\/figcaption><\/figure>\n\n\n\n<p>Zur\u00fcck ging es mit die ganze Strecke mit dem Bus.<\/p>\n\n\n\n<p>F\u00fcrs Abendessen hatten wir uns auf Empfehlung der Hotelinhaber das &#8222;Cheffins&#8220; im Beaumont Inn, kurz hinter St. Aubin Richtung St. Helier, ausgesucht und waren nicht entt\u00e4uscht.<\/p>\n\n\n\n<figure class=\"wp-block-image aligncenter size-full is-resized\"><a href=\"http:\/\/reiseblog.mb2812.de\/wp-content\/uploads\/2019\/01\/IMG_7514-1.jpg\" rel=\"noopener\"><img loading=\"lazy\" decoding=\"async\" width=\"1920\" height=\"1536\" src=\"https:\/\/mb2812.de\/wp-content\/uploads\/2019\/01\/IMG_7514-1.jpg\" alt=\"\" class=\"wp-image-6998\" style=\"width:800px\" srcset=\"https:\/\/mb2812.de\/wp-content\/uploads\/2019\/01\/IMG_7514-1.jpg 1920w, https:\/\/mb2812.de\/wp-content\/uploads\/2019\/01\/IMG_7514-1-300x240.jpg 300w, https:\/\/mb2812.de\/wp-content\/uploads\/2019\/01\/IMG_7514-1-768x614.jpg 768w, https:\/\/mb2812.de\/wp-content\/uploads\/2019\/01\/IMG_7514-1-1024x819.jpg 1024w, https:\/\/mb2812.de\/wp-content\/uploads\/2019\/01\/IMG_7514-1-668x534.jpg 668w\" sizes=\"auto, (max-width: 1920px) 100vw, 1920px\" \/><\/a><figcaption class=\"wp-element-caption\">Beaumont Inn<\/figcaption><\/figure>\n\n\n\n<figure class=\"wp-block-image aligncenter size-full is-resized\"><a href=\"http:\/\/reiseblog.mb2812.de\/wp-content\/uploads\/2019\/01\/IMG_7510-1.jpg\" rel=\"noopener\"><img loading=\"lazy\" decoding=\"async\" width=\"1920\" height=\"1536\" src=\"https:\/\/mb2812.de\/wp-content\/uploads\/2019\/01\/IMG_7510-1.jpg\" alt=\"\" class=\"wp-image-6997\" style=\"width:800px\" srcset=\"https:\/\/mb2812.de\/wp-content\/uploads\/2019\/01\/IMG_7510-1.jpg 1920w, https:\/\/mb2812.de\/wp-content\/uploads\/2019\/01\/IMG_7510-1-300x240.jpg 300w, https:\/\/mb2812.de\/wp-content\/uploads\/2019\/01\/IMG_7510-1-768x614.jpg 768w, https:\/\/mb2812.de\/wp-content\/uploads\/2019\/01\/IMG_7510-1-1024x819.jpg 1024w, https:\/\/mb2812.de\/wp-content\/uploads\/2019\/01\/IMG_7510-1-668x534.jpg 668w\" sizes=\"auto, (max-width: 1920px) 100vw, 1920px\" \/><\/a><figcaption class=\"wp-element-caption\">Im Restaurant des Beaumont Inn<\/figcaption><\/figure>\n","protected":false},"excerpt":{"rendered":"<p>Am letzten Urlaubstag stand der Westen der Insel auf dem Programm, wir sind den gesamten St. Ouen\u2018s Beach abgelaufen bis nach L\u2018Etacq.<\/p>\n","protected":false},"author":1,"featured_media":6985,"comment_status":"closed","ping_status":"closed","sticky":false,"template":"","format":"standard","meta":{"footnotes":""},"categories":[20],"tags":[115,119,187,194],"class_list":["post-6980","post","type-post","status-publish","format-standard","has-post-thumbnail","hentry","category-uk-2018","tag-115","tag-grossbritannien","tag-jersey","tag-st-ouens-beach"],"_links":{"self":[{"href":"https:\/\/mb2812.de\/index.php?rest_route=\/wp\/v2\/posts\/6980","targetHints":{"allow":["GET"]}}],"collection":[{"href":"https:\/\/mb2812.de\/index.php?rest_route=\/wp\/v2\/posts"}],"about":[{"href":"https:\/\/mb2812.de\/index.php?rest_route=\/wp\/v2\/types\/post"}],"author":[{"embeddable":true,"href":"https:\/\/mb2812.de\/index.php?rest_route=\/wp\/v2\/users\/1"}],"replies":[{"embeddable":true,"href":"https:\/\/mb2812.de\/index.php?rest_route=%2Fwp%2Fv2%2Fcomments&post=6980"}],"version-history":[{"count":10,"href":"https:\/\/mb2812.de\/index.php?rest_route=\/wp\/v2\/posts\/6980\/revisions"}],"predecessor-version":[{"id":17096,"href":"https:\/\/mb2812.de\/index.php?rest_route=\/wp\/v2\/posts\/6980\/revisions\/17096"}],"wp:featuredmedia":[{"embeddable":true,"href":"https:\/\/mb2812.de\/index.php?rest_route=\/wp\/v2\/media\/6985"}],"wp:attachment":[{"href":"https:\/\/mb2812.de\/index.php?rest_route=%2Fwp%2Fv2%2Fmedia&parent=6980"}],"wp:term":[{"taxonomy":"category","embeddable":true,"href":"https:\/\/mb2812.de\/index.php?rest_route=%2Fwp%2Fv2%2Fcategories&post=6980"},{"taxonomy":"post_tag","embeddable":true,"href":"https:\/\/mb2812.de\/index.php?rest_route=%2Fwp%2Fv2%2Ftags&post=6980"}],"curies":[{"name":"wp","href":"https:\/\/api.w.org\/{rel}","templated":true}]}}