{"id":6954,"date":"2018-09-05T09:00:34","date_gmt":"2018-09-05T07:00:34","guid":{"rendered":"http:\/\/reiseblog.mb2812.de\/?p=6954"},"modified":"2025-04-02T21:00:15","modified_gmt":"2025-04-02T19:00:15","slug":"mont-orgueil-castle-in-gorey","status":"publish","type":"post","link":"https:\/\/mb2812.de\/?p=6954","title":{"rendered":"Mont Orguiel Castle in Gorey"},"content":{"rendered":"\n<p>Von den beiden mit unserem Museumsticket m\u00f6glichen Burgen hatte ich mir Mont Orguiel ausgesucht, im Fort Elizabeth direkt in St. Helier vermutete ich einen ziemlichen Trubel, hatten wir dort doch lange Warteschlangen an der Abfahrtstelle der Amphibienbusse gesehen.<\/p>\n\n\n\n<p>Also ging es nach dem Fr\u00fchst\u00fcck wieder mal mit der Linie 15 nach St. Helier, und dort&nbsp;f\u00fcr Tanja nochmals in die Markthalle. Auch die nahegelegene Fischmarkthalle besichtigten wir diesmal.<\/p>\n\n\n\n<figure class=\"wp-block-image aligncenter size-full is-resized\"><a href=\"http:\/\/reiseblog.mb2812.de\/wp-content\/uploads\/2019\/01\/IMG_7396.jpg\" rel=\"noopener noreferrer\"><img loading=\"lazy\" decoding=\"async\" width=\"1920\" height=\"1536\" src=\"https:\/\/mb2812.de\/wp-content\/uploads\/2019\/01\/IMG_7396.jpg\" alt=\"\" class=\"wp-image-6962\" style=\"width:800px\" srcset=\"https:\/\/mb2812.de\/wp-content\/uploads\/2019\/01\/IMG_7396.jpg 1920w, https:\/\/mb2812.de\/wp-content\/uploads\/2019\/01\/IMG_7396-300x240.jpg 300w, https:\/\/mb2812.de\/wp-content\/uploads\/2019\/01\/IMG_7396-768x614.jpg 768w, https:\/\/mb2812.de\/wp-content\/uploads\/2019\/01\/IMG_7396-1024x819.jpg 1024w, https:\/\/mb2812.de\/wp-content\/uploads\/2019\/01\/IMG_7396-668x534.jpg 668w\" sizes=\"auto, (max-width: 1920px) 100vw, 1920px\" \/><\/a><figcaption class=\"wp-element-caption\">Die Markthalle mal wieder<\/figcaption><\/figure>\n\n\n\n<!--more-->\n\n\n\n<figure class=\"wp-block-image aligncenter size-full is-resized\"><a href=\"http:\/\/reiseblog.mb2812.de\/wp-content\/uploads\/2019\/01\/IMG_7479-1.jpg\" rel=\"noopener noreferrer\"><img loading=\"lazy\" decoding=\"async\" width=\"1920\" height=\"1536\" src=\"https:\/\/mb2812.de\/wp-content\/uploads\/2019\/01\/IMG_7479-1.jpg\" alt=\"\" class=\"wp-image-6968\" style=\"width:800px\" srcset=\"https:\/\/mb2812.de\/wp-content\/uploads\/2019\/01\/IMG_7479-1.jpg 1920w, https:\/\/mb2812.de\/wp-content\/uploads\/2019\/01\/IMG_7479-1-300x240.jpg 300w, https:\/\/mb2812.de\/wp-content\/uploads\/2019\/01\/IMG_7479-1-768x614.jpg 768w, https:\/\/mb2812.de\/wp-content\/uploads\/2019\/01\/IMG_7479-1-1024x819.jpg 1024w, https:\/\/mb2812.de\/wp-content\/uploads\/2019\/01\/IMG_7479-1-668x534.jpg 668w\" sizes=\"auto, (max-width: 1920px) 100vw, 1920px\" \/><\/a><figcaption class=\"wp-element-caption\">In der Fischmarkthalle<\/figcaption><\/figure>\n\n\n\n<figure class=\"wp-block-image aligncenter size-full is-resized\"><a href=\"http:\/\/reiseblog.mb2812.de\/wp-content\/uploads\/2019\/01\/IMG_7397.jpg\" rel=\"noopener noreferrer\"><img loading=\"lazy\" decoding=\"async\" width=\"1920\" height=\"1536\" src=\"https:\/\/mb2812.de\/wp-content\/uploads\/2019\/01\/IMG_7397.jpg\" alt=\"\" class=\"wp-image-6963\" style=\"width:800px\" srcset=\"https:\/\/mb2812.de\/wp-content\/uploads\/2019\/01\/IMG_7397.jpg 1920w, https:\/\/mb2812.de\/wp-content\/uploads\/2019\/01\/IMG_7397-300x240.jpg 300w, https:\/\/mb2812.de\/wp-content\/uploads\/2019\/01\/IMG_7397-768x614.jpg 768w, https:\/\/mb2812.de\/wp-content\/uploads\/2019\/01\/IMG_7397-1024x819.jpg 1024w, https:\/\/mb2812.de\/wp-content\/uploads\/2019\/01\/IMG_7397-668x534.jpg 668w\" sizes=\"auto, (max-width: 1920px) 100vw, 1920px\" \/><\/a><figcaption class=\"wp-element-caption\">In der Fischmarkthalle<\/figcaption><\/figure>\n\n\n\n<p>Dann gings weiter mit dem n\u00e4chsten Bus bis Gorey und an den Aufstieg zur Burg.<\/p>\n\n\n\n<figure class=\"wp-block-image aligncenter size-full is-resized\"><a href=\"http:\/\/reiseblog.mb2812.de\/wp-content\/uploads\/2019\/01\/IMG_7480-1.jpg\" rel=\"noopener noreferrer\"><img loading=\"lazy\" decoding=\"async\" width=\"1920\" height=\"1536\" src=\"https:\/\/mb2812.de\/wp-content\/uploads\/2019\/01\/IMG_7480-1.jpg\" alt=\"\" class=\"wp-image-6969\" style=\"width:800px\" srcset=\"https:\/\/mb2812.de\/wp-content\/uploads\/2019\/01\/IMG_7480-1.jpg 1920w, https:\/\/mb2812.de\/wp-content\/uploads\/2019\/01\/IMG_7480-1-300x240.jpg 300w, https:\/\/mb2812.de\/wp-content\/uploads\/2019\/01\/IMG_7480-1-768x614.jpg 768w, https:\/\/mb2812.de\/wp-content\/uploads\/2019\/01\/IMG_7480-1-1024x819.jpg 1024w, https:\/\/mb2812.de\/wp-content\/uploads\/2019\/01\/IMG_7480-1-668x534.jpg 668w\" sizes=\"auto, (max-width: 1920px) 100vw, 1920px\" \/><\/a><figcaption class=\"wp-element-caption\">Die Burg thront auf dem H\u00fcgel hoch \u00fcber Gorey<\/figcaption><\/figure>\n\n\n\n<figure class=\"wp-block-image aligncenter size-full is-resized\"><a href=\"http:\/\/reiseblog.mb2812.de\/wp-content\/uploads\/2018\/09\/DSC_6757.jpg\" rel=\"noopener noreferrer\"><img loading=\"lazy\" decoding=\"async\" width=\"1536\" height=\"1920\" src=\"https:\/\/mb2812.de\/wp-content\/uploads\/2018\/09\/DSC_6757.jpg\" alt=\"\" class=\"wp-image-7070\" style=\"width:600px\" srcset=\"https:\/\/mb2812.de\/wp-content\/uploads\/2018\/09\/DSC_6757.jpg 1536w, https:\/\/mb2812.de\/wp-content\/uploads\/2018\/09\/DSC_6757-240x300.jpg 240w, https:\/\/mb2812.de\/wp-content\/uploads\/2018\/09\/DSC_6757-768x960.jpg 768w, https:\/\/mb2812.de\/wp-content\/uploads\/2018\/09\/DSC_6757-819x1024.jpg 819w, https:\/\/mb2812.de\/wp-content\/uploads\/2018\/09\/DSC_6757-668x835.jpg 668w\" sizes=\"auto, (max-width: 1536px) 100vw, 1536px\" \/><\/a><figcaption class=\"wp-element-caption\">Wissenswertes \u00fcber Mont Orgueil<\/figcaption><\/figure>\n\n\n\n<figure class=\"wp-block-image aligncenter size-full is-resized\"><a href=\"http:\/\/reiseblog.mb2812.de\/wp-content\/uploads\/2019\/01\/IMG_7400.jpg\" rel=\"noopener noreferrer\"><img loading=\"lazy\" decoding=\"async\" width=\"1920\" height=\"1536\" src=\"https:\/\/mb2812.de\/wp-content\/uploads\/2019\/01\/IMG_7400.jpg\" alt=\"\" class=\"wp-image-6964\" style=\"width:800px\" srcset=\"https:\/\/mb2812.de\/wp-content\/uploads\/2019\/01\/IMG_7400.jpg 1920w, https:\/\/mb2812.de\/wp-content\/uploads\/2019\/01\/IMG_7400-300x240.jpg 300w, https:\/\/mb2812.de\/wp-content\/uploads\/2019\/01\/IMG_7400-768x614.jpg 768w, https:\/\/mb2812.de\/wp-content\/uploads\/2019\/01\/IMG_7400-1024x819.jpg 1024w, https:\/\/mb2812.de\/wp-content\/uploads\/2019\/01\/IMG_7400-668x534.jpg 668w\" sizes=\"auto, (max-width: 1920px) 100vw, 1920px\" \/><\/a><figcaption class=\"wp-element-caption\">Blick zur\u00fcck \u00fcber die D\u00e4cher von Gorey aufs Meer<\/figcaption><\/figure>\n\n\n\n<figure class=\"wp-block-image aligncenter size-full is-resized\"><a href=\"http:\/\/reiseblog.mb2812.de\/wp-content\/uploads\/2019\/01\/IMG_7401.jpg\" rel=\"noopener noreferrer\"><img loading=\"lazy\" decoding=\"async\" width=\"1536\" height=\"1920\" src=\"https:\/\/mb2812.de\/wp-content\/uploads\/2019\/01\/IMG_7401.jpg\" alt=\"\" class=\"wp-image-6965\" style=\"width:600px\" srcset=\"https:\/\/mb2812.de\/wp-content\/uploads\/2019\/01\/IMG_7401.jpg 1536w, https:\/\/mb2812.de\/wp-content\/uploads\/2019\/01\/IMG_7401-240x300.jpg 240w, https:\/\/mb2812.de\/wp-content\/uploads\/2019\/01\/IMG_7401-768x960.jpg 768w, https:\/\/mb2812.de\/wp-content\/uploads\/2019\/01\/IMG_7401-819x1024.jpg 819w, https:\/\/mb2812.de\/wp-content\/uploads\/2019\/01\/IMG_7401-668x835.jpg 668w\" sizes=\"auto, (max-width: 1536px) 100vw, 1536px\" \/><\/a><figcaption class=\"wp-element-caption\">Es geht weiter aufw\u00e4rts<\/figcaption><\/figure>\n\n\n\n<p>Auch nach dem Kassenh\u00e4uschen geht es innerhalb der Burgmauern immer weiter hoch, mit vielen Toren, S\u00e4\u00e4len und Treppen.<\/p>\n\n\n\n<figure class=\"wp-block-image aligncenter size-full is-resized\"><a href=\"http:\/\/reiseblog.mb2812.de\/wp-content\/uploads\/2019\/01\/DSC_6764-1394.jpg\" rel=\"noopener noreferrer\"><img loading=\"lazy\" decoding=\"async\" width=\"1536\" height=\"1920\" src=\"https:\/\/mb2812.de\/wp-content\/uploads\/2019\/01\/DSC_6764-1394.jpg\" alt=\"\" class=\"wp-image-6955\" style=\"width:600px\" srcset=\"https:\/\/mb2812.de\/wp-content\/uploads\/2019\/01\/DSC_6764-1394.jpg 1536w, https:\/\/mb2812.de\/wp-content\/uploads\/2019\/01\/DSC_6764-1394-240x300.jpg 240w, https:\/\/mb2812.de\/wp-content\/uploads\/2019\/01\/DSC_6764-1394-768x960.jpg 768w, https:\/\/mb2812.de\/wp-content\/uploads\/2019\/01\/DSC_6764-1394-819x1024.jpg 819w, https:\/\/mb2812.de\/wp-content\/uploads\/2019\/01\/DSC_6764-1394-668x835.jpg 668w\" sizes=\"auto, (max-width: 1536px) 100vw, 1536px\" \/><\/a><figcaption class=\"wp-element-caption\">Eines der vielen Tore in der Burg<\/figcaption><\/figure>\n\n\n\n<figure class=\"wp-block-image aligncenter size-full is-resized\"><a href=\"http:\/\/reiseblog.mb2812.de\/wp-content\/uploads\/2019\/01\/DSC_6768.jpg\" rel=\"noopener noreferrer\"><img loading=\"lazy\" decoding=\"async\" width=\"1920\" height=\"1536\" src=\"https:\/\/mb2812.de\/wp-content\/uploads\/2019\/01\/DSC_6768.jpg\" alt=\"\" class=\"wp-image-6956\" style=\"width:800px\" srcset=\"https:\/\/mb2812.de\/wp-content\/uploads\/2019\/01\/DSC_6768.jpg 1920w, https:\/\/mb2812.de\/wp-content\/uploads\/2019\/01\/DSC_6768-300x240.jpg 300w, https:\/\/mb2812.de\/wp-content\/uploads\/2019\/01\/DSC_6768-768x614.jpg 768w, https:\/\/mb2812.de\/wp-content\/uploads\/2019\/01\/DSC_6768-1024x819.jpg 1024w, https:\/\/mb2812.de\/wp-content\/uploads\/2019\/01\/DSC_6768-668x534.jpg 668w\" sizes=\"auto, (max-width: 1920px) 100vw, 1920px\" \/><\/a><figcaption class=\"wp-element-caption\">Die Mauern sind nach wie vor hoch \u00fcber uns<\/figcaption><\/figure>\n\n\n\n<figure class=\"wp-block-image aligncenter size-full is-resized\"><a href=\"http:\/\/reiseblog.mb2812.de\/wp-content\/uploads\/2019\/01\/DSC_6772.jpg\" rel=\"noopener noreferrer\"><img loading=\"lazy\" decoding=\"async\" width=\"1440\" height=\"1920\" src=\"https:\/\/mb2812.de\/wp-content\/uploads\/2019\/01\/DSC_6772.jpg\" alt=\"\" class=\"wp-image-6957\" style=\"width:600px\" srcset=\"https:\/\/mb2812.de\/wp-content\/uploads\/2019\/01\/DSC_6772.jpg 1440w, https:\/\/mb2812.de\/wp-content\/uploads\/2019\/01\/DSC_6772-225x300.jpg 225w, https:\/\/mb2812.de\/wp-content\/uploads\/2019\/01\/DSC_6772-768x1024.jpg 768w, https:\/\/mb2812.de\/wp-content\/uploads\/2019\/01\/DSC_6772-668x891.jpg 668w\" sizes=\"auto, (max-width: 1440px) 100vw, 1440px\" \/><\/a><figcaption class=\"wp-element-caption\">Im Hof steht die Statue eines Ritters &#8211; Sir Hugh Calveley, gestorben 1394<\/figcaption><\/figure>\n\n\n\n<figure class=\"wp-block-image aligncenter size-full is-resized\"><a href=\"http:\/\/reiseblog.mb2812.de\/wp-content\/uploads\/2019\/01\/DSC_6798-1488.jpg\" rel=\"noopener noreferrer\"><img loading=\"lazy\" decoding=\"async\" width=\"1920\" height=\"1536\" src=\"https:\/\/mb2812.de\/wp-content\/uploads\/2019\/01\/DSC_6798-1488.jpg\" alt=\"\" class=\"wp-image-6958\" style=\"width:800px\" srcset=\"https:\/\/mb2812.de\/wp-content\/uploads\/2019\/01\/DSC_6798-1488.jpg 1920w, https:\/\/mb2812.de\/wp-content\/uploads\/2019\/01\/DSC_6798-1488-300x240.jpg 300w, https:\/\/mb2812.de\/wp-content\/uploads\/2019\/01\/DSC_6798-1488-768x614.jpg 768w, https:\/\/mb2812.de\/wp-content\/uploads\/2019\/01\/DSC_6798-1488-1024x819.jpg 1024w, https:\/\/mb2812.de\/wp-content\/uploads\/2019\/01\/DSC_6798-1488-668x534.jpg 668w\" sizes=\"auto, (max-width: 1920px) 100vw, 1920px\" \/><\/a><figcaption class=\"wp-element-caption\">Wir sind n\u00e4her an den oberen Burgmauern<\/figcaption><\/figure>\n\n\n\n<figure class=\"wp-block-image aligncenter size-full is-resized\"><a href=\"http:\/\/reiseblog.mb2812.de\/wp-content\/uploads\/2019\/01\/DSC_6807.jpg\" rel=\"noopener noreferrer\"><img loading=\"lazy\" decoding=\"async\" width=\"1536\" height=\"1920\" src=\"https:\/\/mb2812.de\/wp-content\/uploads\/2019\/01\/DSC_6807.jpg\" alt=\"\" class=\"wp-image-6960\" style=\"width:600px\" srcset=\"https:\/\/mb2812.de\/wp-content\/uploads\/2019\/01\/DSC_6807.jpg 1536w, https:\/\/mb2812.de\/wp-content\/uploads\/2019\/01\/DSC_6807-240x300.jpg 240w, https:\/\/mb2812.de\/wp-content\/uploads\/2019\/01\/DSC_6807-768x960.jpg 768w, https:\/\/mb2812.de\/wp-content\/uploads\/2019\/01\/DSC_6807-819x1024.jpg 819w, https:\/\/mb2812.de\/wp-content\/uploads\/2019\/01\/DSC_6807-668x835.jpg 668w\" sizes=\"auto, (max-width: 1536px) 100vw, 1536px\" \/><\/a><figcaption class=\"wp-element-caption\">Einer der diversen Eing\u00e4nge<\/figcaption><\/figure>\n\n\n\n<figure class=\"wp-block-image aligncenter size-full is-resized\"><a href=\"http:\/\/reiseblog.mb2812.de\/wp-content\/uploads\/2019\/01\/IMG_7458.jpg\" rel=\"noopener noreferrer\"><img loading=\"lazy\" decoding=\"async\" width=\"1536\" height=\"1920\" src=\"https:\/\/mb2812.de\/wp-content\/uploads\/2019\/01\/IMG_7458.jpg\" alt=\"\" class=\"wp-image-6966\" style=\"width:600px\" srcset=\"https:\/\/mb2812.de\/wp-content\/uploads\/2019\/01\/IMG_7458.jpg 1536w, https:\/\/mb2812.de\/wp-content\/uploads\/2019\/01\/IMG_7458-240x300.jpg 240w, https:\/\/mb2812.de\/wp-content\/uploads\/2019\/01\/IMG_7458-768x960.jpg 768w, https:\/\/mb2812.de\/wp-content\/uploads\/2019\/01\/IMG_7458-819x1024.jpg 819w, https:\/\/mb2812.de\/wp-content\/uploads\/2019\/01\/IMG_7458-668x835.jpg 668w\" sizes=\"auto, (max-width: 1536px) 100vw, 1536px\" \/><\/a><figcaption class=\"wp-element-caption\">Ein (eher heller) Raum in der Burg<\/figcaption><\/figure>\n\n\n\n<p>In der Burg gibt es diverse kleine Ausstellungen und Kunstwerke, unter anderem \u00fcber das 2004 von Chris Levine angefertigten holographischen Portr\u00e4it der Queen. Das Portrait ist sehr interessant, da die Queen hier dreidimensional dargestellt wird. Das wirkt ein bisschen so, als w\u00fcrde man tats\u00e4chlich vor ihr stehen.<\/p>\n\n\n\n<figure class=\"wp-block-image aligncenter size-full is-resized\"><a href=\"http:\/\/reiseblog.mb2812.de\/wp-content\/uploads\/2019\/01\/DSC_6805.jpg\" rel=\"noopener noreferrer\"><img loading=\"lazy\" decoding=\"async\" width=\"1536\" height=\"1920\" src=\"https:\/\/mb2812.de\/wp-content\/uploads\/2019\/01\/DSC_6805.jpg\" alt=\"\" class=\"wp-image-6959\" style=\"width:600px\" srcset=\"https:\/\/mb2812.de\/wp-content\/uploads\/2019\/01\/DSC_6805.jpg 1536w, https:\/\/mb2812.de\/wp-content\/uploads\/2019\/01\/DSC_6805-240x300.jpg 240w, https:\/\/mb2812.de\/wp-content\/uploads\/2019\/01\/DSC_6805-768x960.jpg 768w, https:\/\/mb2812.de\/wp-content\/uploads\/2019\/01\/DSC_6805-819x1024.jpg 819w, https:\/\/mb2812.de\/wp-content\/uploads\/2019\/01\/DSC_6805-668x835.jpg 668w\" sizes=\"auto, (max-width: 1536px) 100vw, 1536px\" \/><\/a><figcaption class=\"wp-element-caption\">Informationen zum Werk von Chris Levine<\/figcaption><\/figure>\n\n\n\n<p>Das Photo der Queen kann man unter <a href=\"https:\/\/www.npg.org.uk\/collections\/search\/portrait\/mw213842\/Queen-Elizabeth-II-Equanimity\" target=\"_blank\" rel=\"noopener noreferrer\">diesem Link<\/a> finden. &nbsp;(gecheckt Januar 2019)<\/p>\n\n\n\n<figure class=\"wp-block-image aligncenter size-full is-resized\"><a href=\"http:\/\/reiseblog.mb2812.de\/wp-content\/uploads\/2018\/09\/IMG_7485-1606.jpg\" rel=\"noopener noreferrer\"><img loading=\"lazy\" decoding=\"async\" width=\"1440\" height=\"1920\" src=\"https:\/\/mb2812.de\/wp-content\/uploads\/2018\/09\/IMG_7485-1606.jpg\" alt=\"\" class=\"wp-image-7072\" style=\"width:600px\" srcset=\"https:\/\/mb2812.de\/wp-content\/uploads\/2018\/09\/IMG_7485-1606.jpg 1440w, https:\/\/mb2812.de\/wp-content\/uploads\/2018\/09\/IMG_7485-1606-225x300.jpg 225w, https:\/\/mb2812.de\/wp-content\/uploads\/2018\/09\/IMG_7485-1606-768x1024.jpg 768w, https:\/\/mb2812.de\/wp-content\/uploads\/2018\/09\/IMG_7485-1606-668x891.jpg 668w\" sizes=\"auto, (max-width: 1440px) 100vw, 1440px\" \/><\/a><figcaption class=\"wp-element-caption\">The Tree of Succession von Brian Fell. Dieses Kunstwerk zeigt die Verbindungen der englischen und franz\u00f6sichen K\u00f6nigsh\u00e4user von 1154 bis 1485<\/figcaption><\/figure>\n\n\n\n<figure class=\"wp-block-image aligncenter size-full is-resized\"><a href=\"http:\/\/reiseblog.mb2812.de\/wp-content\/uploads\/2019\/01\/IMG_7466.jpg\" rel=\"noopener noreferrer\"><img loading=\"lazy\" decoding=\"async\" width=\"1920\" height=\"1536\" src=\"https:\/\/mb2812.de\/wp-content\/uploads\/2019\/01\/IMG_7466.jpg\" alt=\"\" class=\"wp-image-6967\" style=\"width:800px\" srcset=\"https:\/\/mb2812.de\/wp-content\/uploads\/2019\/01\/IMG_7466.jpg 1920w, https:\/\/mb2812.de\/wp-content\/uploads\/2019\/01\/IMG_7466-300x240.jpg 300w, https:\/\/mb2812.de\/wp-content\/uploads\/2019\/01\/IMG_7466-768x614.jpg 768w, https:\/\/mb2812.de\/wp-content\/uploads\/2019\/01\/IMG_7466-1024x819.jpg 1024w, https:\/\/mb2812.de\/wp-content\/uploads\/2019\/01\/IMG_7466-668x534.jpg 668w\" sizes=\"auto, (max-width: 1920px) 100vw, 1920px\" \/><\/a><figcaption class=\"wp-element-caption\">Fast oben &#8211; Blick aufs Meer<\/figcaption><\/figure>\n\n\n\n<figure class=\"wp-block-image aligncenter size-full is-resized\"><a href=\"http:\/\/reiseblog.mb2812.de\/wp-content\/uploads\/2018\/09\/DSC_6821.jpg\" rel=\"noopener noreferrer\"><img loading=\"lazy\" decoding=\"async\" width=\"1920\" height=\"1536\" src=\"https:\/\/mb2812.de\/wp-content\/uploads\/2018\/09\/DSC_6821.jpg\" alt=\"\" class=\"wp-image-7071\" style=\"width:800px\" srcset=\"https:\/\/mb2812.de\/wp-content\/uploads\/2018\/09\/DSC_6821.jpg 1920w, https:\/\/mb2812.de\/wp-content\/uploads\/2018\/09\/DSC_6821-300x240.jpg 300w, https:\/\/mb2812.de\/wp-content\/uploads\/2018\/09\/DSC_6821-768x614.jpg 768w, https:\/\/mb2812.de\/wp-content\/uploads\/2018\/09\/DSC_6821-1024x819.jpg 1024w, https:\/\/mb2812.de\/wp-content\/uploads\/2018\/09\/DSC_6821-668x534.jpg 668w\" sizes=\"auto, (max-width: 1920px) 100vw, 1920px\" \/><\/a><figcaption class=\"wp-element-caption\">Oben auf der Burg<\/figcaption><\/figure>\n\n\n\n<figure class=\"wp-block-image aligncenter size-full is-resized\"><a href=\"http:\/\/reiseblog.mb2812.de\/wp-content\/uploads\/2019\/01\/IMG_7484-1.jpg\" rel=\"noopener noreferrer\"><img loading=\"lazy\" decoding=\"async\" width=\"1920\" height=\"1536\" src=\"https:\/\/mb2812.de\/wp-content\/uploads\/2019\/01\/IMG_7484-1.jpg\" alt=\"\" class=\"wp-image-6970\" style=\"width:800px\" srcset=\"https:\/\/mb2812.de\/wp-content\/uploads\/2019\/01\/IMG_7484-1.jpg 1920w, https:\/\/mb2812.de\/wp-content\/uploads\/2019\/01\/IMG_7484-1-300x240.jpg 300w, https:\/\/mb2812.de\/wp-content\/uploads\/2019\/01\/IMG_7484-1-768x614.jpg 768w, https:\/\/mb2812.de\/wp-content\/uploads\/2019\/01\/IMG_7484-1-1024x819.jpg 1024w, https:\/\/mb2812.de\/wp-content\/uploads\/2019\/01\/IMG_7484-1-668x534.jpg 668w\" sizes=\"auto, (max-width: 1920px) 100vw, 1920px\" \/><\/a><figcaption class=\"wp-element-caption\">Oben auf der Burg<\/figcaption><\/figure>\n\n\n\n<figure class=\"wp-block-image aligncenter size-full is-resized\"><a href=\"http:\/\/reiseblog.mb2812.de\/wp-content\/uploads\/2018\/09\/IMG_7491-1605.jpg\" rel=\"noopener noreferrer\"><img loading=\"lazy\" decoding=\"async\" width=\"1536\" height=\"1920\" src=\"https:\/\/mb2812.de\/wp-content\/uploads\/2018\/09\/IMG_7491-1605.jpg\" alt=\"\" class=\"wp-image-7065\" style=\"width:600px\" srcset=\"https:\/\/mb2812.de\/wp-content\/uploads\/2018\/09\/IMG_7491-1605.jpg 1536w, https:\/\/mb2812.de\/wp-content\/uploads\/2018\/09\/IMG_7491-1605-240x300.jpg 240w, https:\/\/mb2812.de\/wp-content\/uploads\/2018\/09\/IMG_7491-1605-768x960.jpg 768w, https:\/\/mb2812.de\/wp-content\/uploads\/2018\/09\/IMG_7491-1605-819x1024.jpg 819w, https:\/\/mb2812.de\/wp-content\/uploads\/2018\/09\/IMG_7491-1605-668x835.jpg 668w\" sizes=\"auto, (max-width: 1536px) 100vw, 1536px\" \/><\/a><figcaption class=\"wp-element-caption\">Und dies ist der Blick vom h\u00f6chsten Punkt auf die Pier in Gorey<\/figcaption><\/figure>\n\n\n\n<figure class=\"wp-block-image aligncenter size-full is-resized\"><a href=\"http:\/\/reiseblog.mb2812.de\/wp-content\/uploads\/2019\/01\/DSC_6810.jpg\" rel=\"noopener noreferrer\"><img loading=\"lazy\" decoding=\"async\" width=\"1920\" height=\"1536\" src=\"https:\/\/mb2812.de\/wp-content\/uploads\/2019\/01\/DSC_6810.jpg\" alt=\"\" class=\"wp-image-6961\" style=\"width:800px\" srcset=\"https:\/\/mb2812.de\/wp-content\/uploads\/2019\/01\/DSC_6810.jpg 1920w, https:\/\/mb2812.de\/wp-content\/uploads\/2019\/01\/DSC_6810-300x240.jpg 300w, https:\/\/mb2812.de\/wp-content\/uploads\/2019\/01\/DSC_6810-768x614.jpg 768w, https:\/\/mb2812.de\/wp-content\/uploads\/2019\/01\/DSC_6810-1024x819.jpg 1024w, https:\/\/mb2812.de\/wp-content\/uploads\/2019\/01\/DSC_6810-668x534.jpg 668w\" sizes=\"auto, (max-width: 1920px) 100vw, 1920px\" \/><\/a><figcaption class=\"wp-element-caption\">Blick Richtung Nordosten<\/figcaption><\/figure>\n\n\n\n<figure class=\"wp-block-image aligncenter size-full is-resized\"><a href=\"http:\/\/reiseblog.mb2812.de\/wp-content\/uploads\/2019\/01\/IMG_7515.jpg\" rel=\"noopener noreferrer\"><img loading=\"lazy\" decoding=\"async\" width=\"1536\" height=\"1920\" src=\"https:\/\/mb2812.de\/wp-content\/uploads\/2019\/01\/IMG_7515.jpg\" alt=\"\" class=\"wp-image-6972\" style=\"width:600px\" srcset=\"https:\/\/mb2812.de\/wp-content\/uploads\/2019\/01\/IMG_7515.jpg 1536w, https:\/\/mb2812.de\/wp-content\/uploads\/2019\/01\/IMG_7515-240x300.jpg 240w, https:\/\/mb2812.de\/wp-content\/uploads\/2019\/01\/IMG_7515-768x960.jpg 768w, https:\/\/mb2812.de\/wp-content\/uploads\/2019\/01\/IMG_7515-819x1024.jpg 819w, https:\/\/mb2812.de\/wp-content\/uploads\/2019\/01\/IMG_7515-668x835.jpg 668w\" sizes=\"auto, (max-width: 1536px) 100vw, 1536px\" \/><\/a><figcaption class=\"wp-element-caption\">Glockenturm<\/figcaption><\/figure>\n\n\n\n<p>Mehr wie diese Burgbesichtigung stand heute f\u00fcr uns nicht auf dem Programm. Nach einer Mittagspause im Ort ging es zur\u00fcck zum Hotel. Am Abend machten wir uns nochmals auf mit dem Bus nach St. Aubin, heute hatten wir uns zum Abendessen das Muddy Duck ausgesucht, und dort stand &#8222;1 kg Muscheln&#8220; auf der Speisekarte, so dass Tanja und Stephan gl\u00fccklich waren. Ich hatte einen Curry, den k\u00f6nnen Andere aber besser.<\/p>\n","protected":false},"excerpt":{"rendered":"<p>Heute schauen wir uns endlich eine Burg an, und zwar Mont Orguiel Castle in Gorey<\/p>\n","protected":false},"author":1,"featured_media":6956,"comment_status":"closed","ping_status":"closed","sticky":false,"template":"","format":"standard","meta":{"footnotes":""},"categories":[20],"tags":[115,119,187,193],"class_list":["post-6954","post","type-post","status-publish","format-standard","has-post-thumbnail","hentry","category-uk-2018","tag-115","tag-grossbritannien","tag-jersey","tag-mont-orguiel-castle"],"_links":{"self":[{"href":"https:\/\/mb2812.de\/index.php?rest_route=\/wp\/v2\/posts\/6954","targetHints":{"allow":["GET"]}}],"collection":[{"href":"https:\/\/mb2812.de\/index.php?rest_route=\/wp\/v2\/posts"}],"about":[{"href":"https:\/\/mb2812.de\/index.php?rest_route=\/wp\/v2\/types\/post"}],"author":[{"embeddable":true,"href":"https:\/\/mb2812.de\/index.php?rest_route=\/wp\/v2\/users\/1"}],"replies":[{"embeddable":true,"href":"https:\/\/mb2812.de\/index.php?rest_route=%2Fwp%2Fv2%2Fcomments&post=6954"}],"version-history":[{"count":13,"href":"https:\/\/mb2812.de\/index.php?rest_route=\/wp\/v2\/posts\/6954\/revisions"}],"predecessor-version":[{"id":17093,"href":"https:\/\/mb2812.de\/index.php?rest_route=\/wp\/v2\/posts\/6954\/revisions\/17093"}],"wp:featuredmedia":[{"embeddable":true,"href":"https:\/\/mb2812.de\/index.php?rest_route=\/wp\/v2\/media\/6956"}],"wp:attachment":[{"href":"https:\/\/mb2812.de\/index.php?rest_route=%2Fwp%2Fv2%2Fmedia&parent=6954"}],"wp:term":[{"taxonomy":"category","embeddable":true,"href":"https:\/\/mb2812.de\/index.php?rest_route=%2Fwp%2Fv2%2Fcategories&post=6954"},{"taxonomy":"post_tag","embeddable":true,"href":"https:\/\/mb2812.de\/index.php?rest_route=%2Fwp%2Fv2%2Ftags&post=6954"}],"curies":[{"name":"wp","href":"https:\/\/api.w.org\/{rel}","templated":true}]}}