{"id":6912,"date":"2018-01-01T09:00:24","date_gmt":"2018-01-01T07:00:24","guid":{"rendered":"http:\/\/reiseblog.mb2812.de\/?p=6912"},"modified":"2025-03-14T16:43:55","modified_gmt":"2025-03-14T14:43:55","slug":"ausfluege","status":"publish","type":"post","link":"https:\/\/mb2812.de\/?p=6912","title":{"rendered":"Ausfl\u00fcge"},"content":{"rendered":"\n<p>Nachdem ich inzwischen auch dann und wann Fotos von ein- und mehrt\u00e4gigen Ausfl\u00fcgen\/Kurzreisen hier vorstelle, ein kurzes Inhaltsverzeichnis der Kategorie Ausfl\u00fcge:<\/p>\n\n\n\n<p><strong>2018<\/strong><\/p>\n\n\n\n<ul class=\"wp-block-list\">\n<li>1<a href=\"http:\/\/reiseblog.mb2812.de\/?p=5111\">8. Januar: S\u00f6lden<\/a><\/li>\n\n\n\n<li><a href=\"http:\/\/reiseblog.mb2812.de\/?p=5968\">28. Juni: Stra\u00dfburg<\/a><\/li>\n\n\n\n<li><a href=\"http:\/\/reiseblog.mb2812.de\/?p=6024\">1. Juli: Kurzurlaub am Bodensee<\/a><\/li>\n\n\n\n<li><a href=\"http:\/\/reiseblog.mb2812.de\/?p=6054\">27. Juli: Wochenende in Zandvoort<\/a><\/li>\n<\/ul>\n\n\n\n<p><strong>2019<\/strong><\/p>\n\n\n\n<ul class=\"wp-block-list\">\n<li><a href=\"http:\/\/reiseblog.mb2812.de\/?p=7398\">19. Mai: Berlin<\/a><\/li>\n<\/ul>\n\n\n\n<p><strong>2020<\/strong><\/p>\n\n\n\n<p>2020 ist gekennzeichnet von der Corona Pandemie. Klassischer Urlaub klappte nicht, unsere Versuche scheiterten an den Restriktionen. Wir machten im Prinzip nur einige Ausfl\u00fcge. <a href=\"https:\/\/mb2812.de\/?p=10290\" data-type=\"post\" data-id=\"10290\">Die sind alle hier beschrieben.<\/a><\/p>\n\n\n\n<p><strong>2021<\/strong><\/p>\n\n\n\n<p>2021 gilt eigentlich das Gleiche wie 2020. Im Prinzip machten wir nur Ausfl\u00fcge ab B\u00f6blingen oder K\u00f6ln. <a href=\"https:\/\/mb2812.de\/?p=10981\">Diese sind hier beschrieben.<\/a><\/p>\n\n\n\n<p><strong>2022<\/strong><\/p>\n\n\n\n<ul class=\"wp-block-list\">\n<li><a href=\"http:\/\/reiseblog.mb2812.de\/?p=11511\">24. April: Berlin<\/a><\/li>\n<\/ul>\n\n\n\n<p><strong>2023<\/strong><\/p>\n\n\n\n<ul class=\"wp-block-list\">\n<li><a href=\"http:\/\/reiseblog.mb2812.de\/?p=12670\">10. Juni: Bonn\/Unterwegs auf dem Rhein<\/a><\/li>\n\n\n\n<li><a href=\"https:\/\/mb2812.de\/?p=12975\" data-type=\"post\" data-id=\"12975\">26. bis 28. Juli: &#8222;Wallenstein&#8220;<\/a><\/li>\n\n\n\n<li><a href=\"https:\/\/mb2812.de\/?p=13076\" data-type=\"post\" data-id=\"13076\">31. Juli: Sch\u00f6nbuch\/Schw\u00e4bische Alb<\/a><\/li>\n\n\n\n<li><a href=\"http:\/\/reiseblog.mb2812.de\/?p=13302\">28. Oktober: Cochem<\/a><\/li>\n<\/ul>\n\n\n\n<p><strong>2024<\/strong><\/p>\n\n\n\n<ul class=\"wp-block-list\">\n<li><a href=\"https:\/\/mb2812.de\/?p=13636\" data-type=\"post\" data-id=\"13636\">12. Februar: Oberhausen und K\u00f6ln-Stammheim<\/a><\/li>\n\n\n\n<li><a href=\"https:\/\/mb2812.de\/?p=13834\">23. bis 25. Juni: Zentralschweiz (Rigi und Vierwaldst\u00e4ttersee)<\/a><\/li>\n\n\n\n<li><a href=\"https:\/\/mb2812.de\/?p=14358\">22. August: Rheinfall bei Schaffhausen<\/a><\/li>\n\n\n\n<li><a href=\"https:\/\/mb2812.de\/?p=14408\">29. August bis 2. September: Hamburg, Kiel und Hannover<\/a><\/li>\n<\/ul>\n\n\n\n<p><strong>2025<\/strong><\/p>\n\n\n\n<ul class=\"wp-block-list\">\n<li><a href=\"https:\/\/mb2812.de\/?p=16707\" data-type=\"post\" data-id=\"16707\">11. M\u00e4rz: L\u00fcbeck<\/a><\/li>\n<\/ul>\n","protected":false},"excerpt":{"rendered":"<p>Eine Liste aller eint\u00e4gigen Ausfl\u00fcge und mehrt\u00e4gigen Kurzreisen<\/p>\n","protected":false},"author":1,"featured_media":16078,"comment_status":"closed","ping_status":"closed","sticky":true,"template":"","format":"standard","meta":{"footnotes":""},"categories":[13],"tags":[115,116,239,87,47,40,246,117],"class_list":["post-6912","post","type-post","status-publish","format-standard","has-post-thumbnail","hentry","category-ausfluege","tag-115","tag-116","tag-239","tag-87","tag-47","tag-40","tag-246","tag-ausfluege"],"_links":{"self":[{"href":"https:\/\/mb2812.de\/index.php?rest_route=\/wp\/v2\/posts\/6912","targetHints":{"allow":["GET"]}}],"collection":[{"href":"https:\/\/mb2812.de\/index.php?rest_route=\/wp\/v2\/posts"}],"about":[{"href":"https:\/\/mb2812.de\/index.php?rest_route=\/wp\/v2\/types\/post"}],"author":[{"embeddable":true,"href":"https:\/\/mb2812.de\/index.php?rest_route=\/wp\/v2\/users\/1"}],"replies":[{"embeddable":true,"href":"https:\/\/mb2812.de\/index.php?rest_route=%2Fwp%2Fv2%2Fcomments&post=6912"}],"version-history":[{"count":20,"href":"https:\/\/mb2812.de\/index.php?rest_route=\/wp\/v2\/posts\/6912\/revisions"}],"predecessor-version":[{"id":16720,"href":"https:\/\/mb2812.de\/index.php?rest_route=\/wp\/v2\/posts\/6912\/revisions\/16720"}],"wp:featuredmedia":[{"embeddable":true,"href":"https:\/\/mb2812.de\/index.php?rest_route=\/wp\/v2\/media\/16078"}],"wp:attachment":[{"href":"https:\/\/mb2812.de\/index.php?rest_route=%2Fwp%2Fv2%2Fmedia&parent=6912"}],"wp:term":[{"taxonomy":"category","embeddable":true,"href":"https:\/\/mb2812.de\/index.php?rest_route=%2Fwp%2Fv2%2Fcategories&post=6912"},{"taxonomy":"post_tag","embeddable":true,"href":"https:\/\/mb2812.de\/index.php?rest_route=%2Fwp%2Fv2%2Ftags&post=6912"}],"curies":[{"name":"wp","href":"https:\/\/api.w.org\/{rel}","templated":true}]}}