{"id":6620,"date":"2018-09-01T09:00:32","date_gmt":"2018-09-01T07:00:32","guid":{"rendered":"http:\/\/reiseblog.mb2812.de\/?p=6620"},"modified":"2025-04-02T11:40:52","modified_gmt":"2025-04-02T09:40:52","slug":"ausflug-nach-sark","status":"publish","type":"post","link":"https:\/\/mb2812.de\/?p=6620","title":{"rendered":"Ausflug nach Sark"},"content":{"rendered":"\n<p>Heute stand ein etwas gr\u00f6sserer Ausflug auf dem Programm. Wir wollten auch eine der anderen Kanalinseln besichtigen, und die Wahl war nach einigen Diskussionen auf Sark gefallen. Sark ist eine der kleineren Inseln mit ca. 500 Einwohnern. Von Jersey ist es recht gut zu erreichen, mehrmals w\u00f6chentlich f\u00e4hrt ein von Frankreich kommender Katamaran von Jersey weiter nach Sark und erm\u00f6glicht einen bequemen Tagesausflug.<\/p>\n\n\n\n<p>Los gehts im Hafen von St. Helier, vom Busbahnhof aus mit einem 10min\u00fctigen Fu\u00dfmarsch zu erreichen. Dabei begegnen wir einigen wartenden blauen Bussen, die Kunden f\u00fcr die Rundfahrten kommen also zum Teil mit der F\u00e4hre.<\/p>\n\n\n\n<p>Im Terminal erwartet uns ein flughafen\u00e4hnlicher Check-in und Sicherheits Prozess. Nach kurzer Wartezeit geht es aufs Boot das p\u00fcnktlich ablegt. Der Weg f\u00fchrt an der S\u00fcd- und Westk\u00fcste Jerseys entlang.<\/p>\n\n\n\n<figure class=\"wp-block-image aligncenter size-full is-resized\"><a href=\"http:\/\/reiseblog.mb2812.de\/wp-content\/uploads\/2018\/11\/IMG_6598-1366.jpg\" rel=\"noopener noreferrer\"><img loading=\"lazy\" decoding=\"async\" width=\"1920\" height=\"1536\" src=\"https:\/\/mb2812.de\/wp-content\/uploads\/2018\/11\/IMG_6598-1366.jpg\" alt=\"\" class=\"wp-image-6582\" style=\"width:800px\" srcset=\"https:\/\/mb2812.de\/wp-content\/uploads\/2018\/11\/IMG_6598-1366.jpg 1920w, https:\/\/mb2812.de\/wp-content\/uploads\/2018\/11\/IMG_6598-1366-300x240.jpg 300w, https:\/\/mb2812.de\/wp-content\/uploads\/2018\/11\/IMG_6598-1366-768x614.jpg 768w, https:\/\/mb2812.de\/wp-content\/uploads\/2018\/11\/IMG_6598-1366-1024x819.jpg 1024w, https:\/\/mb2812.de\/wp-content\/uploads\/2018\/11\/IMG_6598-1366-668x534.jpg 668w\" sizes=\"auto, (max-width: 1920px) 100vw, 1920px\" \/><\/a><figcaption class=\"wp-element-caption\">St. Brelade Bay<\/figcaption><\/figure>\n\n\n\n<!--more-->\n\n\n\n<figure class=\"wp-block-image aligncenter size-full is-resized\"><a href=\"http:\/\/reiseblog.mb2812.de\/wp-content\/uploads\/2018\/11\/IMG_6604.jpg\" rel=\"noopener noreferrer\"><img loading=\"lazy\" decoding=\"async\" width=\"1920\" height=\"1536\" src=\"https:\/\/mb2812.de\/wp-content\/uploads\/2018\/11\/IMG_6604.jpg\" alt=\"\" class=\"wp-image-6583\" style=\"width:800px\" srcset=\"https:\/\/mb2812.de\/wp-content\/uploads\/2018\/11\/IMG_6604.jpg 1920w, https:\/\/mb2812.de\/wp-content\/uploads\/2018\/11\/IMG_6604-300x240.jpg 300w, https:\/\/mb2812.de\/wp-content\/uploads\/2018\/11\/IMG_6604-768x614.jpg 768w, https:\/\/mb2812.de\/wp-content\/uploads\/2018\/11\/IMG_6604-1024x819.jpg 1024w, https:\/\/mb2812.de\/wp-content\/uploads\/2018\/11\/IMG_6604-668x534.jpg 668w\" sizes=\"auto, (max-width: 1920px) 100vw, 1920px\" \/><\/a><figcaption class=\"wp-element-caption\">Die s\u00fcdwestliche Ecke der Insel mit dem Corbiere Lighthouse<\/figcaption><\/figure>\n\n\n\n<figure class=\"wp-block-image aligncenter size-full is-resized\"><a href=\"http:\/\/reiseblog.mb2812.de\/wp-content\/uploads\/2018\/11\/IMG_6635.jpg\" rel=\"noopener noreferrer\"><img loading=\"lazy\" decoding=\"async\" width=\"1920\" height=\"1536\" src=\"https:\/\/mb2812.de\/wp-content\/uploads\/2018\/11\/IMG_6635.jpg\" alt=\"\" class=\"wp-image-6584\" style=\"width:800px\" srcset=\"https:\/\/mb2812.de\/wp-content\/uploads\/2018\/11\/IMG_6635.jpg 1920w, https:\/\/mb2812.de\/wp-content\/uploads\/2018\/11\/IMG_6635-300x240.jpg 300w, https:\/\/mb2812.de\/wp-content\/uploads\/2018\/11\/IMG_6635-768x614.jpg 768w, https:\/\/mb2812.de\/wp-content\/uploads\/2018\/11\/IMG_6635-1024x819.jpg 1024w, https:\/\/mb2812.de\/wp-content\/uploads\/2018\/11\/IMG_6635-668x534.jpg 668w\" sizes=\"auto, (max-width: 1920px) 100vw, 1920px\" \/><\/a><figcaption class=\"wp-element-caption\">Und hier die Nordwestecke. Der dritte Wehrmachtsturm und Grosnez Castle sind sichtbar<\/figcaption><\/figure>\n\n\n\n<figure class=\"wp-block-image aligncenter size-full is-resized\"><a href=\"http:\/\/reiseblog.mb2812.de\/wp-content\/uploads\/2018\/11\/IMG_6648.jpg\" rel=\"noopener noreferrer\"><img loading=\"lazy\" decoding=\"async\" width=\"1920\" height=\"1536\" src=\"https:\/\/mb2812.de\/wp-content\/uploads\/2018\/11\/IMG_6648.jpg\" alt=\"\" class=\"wp-image-6585\" style=\"width:800px\" srcset=\"https:\/\/mb2812.de\/wp-content\/uploads\/2018\/11\/IMG_6648.jpg 1920w, https:\/\/mb2812.de\/wp-content\/uploads\/2018\/11\/IMG_6648-300x240.jpg 300w, https:\/\/mb2812.de\/wp-content\/uploads\/2018\/11\/IMG_6648-768x614.jpg 768w, https:\/\/mb2812.de\/wp-content\/uploads\/2018\/11\/IMG_6648-1024x819.jpg 1024w, https:\/\/mb2812.de\/wp-content\/uploads\/2018\/11\/IMG_6648-668x534.jpg 668w\" sizes=\"auto, (max-width: 1920px) 100vw, 1920px\" \/><\/a><figcaption class=\"wp-element-caption\">Und da sind wir schon vor Sark<\/figcaption><\/figure>\n\n\n\n<p>In Sark angekommen, folgen wir allen Anderen. Es gibt nur einen Weg. Sportlich und sparsam wie wir sind, lassen wir uns nicht den Berg hochfahren sondern benutzen den Fu\u00dfpfad ins Dorf.<\/p>\n\n\n\n<figure class=\"wp-block-image aligncenter size-full is-resized\"><a href=\"http:\/\/reiseblog.mb2812.de\/wp-content\/uploads\/2018\/11\/IMG_7398-1-1360.jpg\" rel=\"noopener noreferrer\"><img loading=\"lazy\" decoding=\"async\" width=\"1920\" height=\"1536\" src=\"https:\/\/mb2812.de\/wp-content\/uploads\/2018\/11\/IMG_7398-1-1360.jpg\" alt=\"\" class=\"wp-image-6610\" style=\"width:800px\" srcset=\"https:\/\/mb2812.de\/wp-content\/uploads\/2018\/11\/IMG_7398-1-1360.jpg 1920w, https:\/\/mb2812.de\/wp-content\/uploads\/2018\/11\/IMG_7398-1-1360-300x240.jpg 300w, https:\/\/mb2812.de\/wp-content\/uploads\/2018\/11\/IMG_7398-1-1360-768x614.jpg 768w, https:\/\/mb2812.de\/wp-content\/uploads\/2018\/11\/IMG_7398-1-1360-1024x819.jpg 1024w, https:\/\/mb2812.de\/wp-content\/uploads\/2018\/11\/IMG_7398-1-1360-668x534.jpg 668w\" sizes=\"auto, (max-width: 1920px) 100vw, 1920px\" \/><\/a><figcaption class=\"wp-element-caption\">Der Katamaran am Anleger<\/figcaption><\/figure>\n\n\n\n<figure class=\"wp-block-image aligncenter size-full is-resized\"><a href=\"http:\/\/reiseblog.mb2812.de\/wp-content\/uploads\/2018\/11\/IMG_7399-1.jpg\" rel=\"noopener noreferrer\"><img loading=\"lazy\" decoding=\"async\" width=\"1920\" height=\"1536\" src=\"https:\/\/mb2812.de\/wp-content\/uploads\/2018\/11\/IMG_7399-1.jpg\" alt=\"\" class=\"wp-image-6611\" style=\"width:800px\" srcset=\"https:\/\/mb2812.de\/wp-content\/uploads\/2018\/11\/IMG_7399-1.jpg 1920w, https:\/\/mb2812.de\/wp-content\/uploads\/2018\/11\/IMG_7399-1-300x240.jpg 300w, https:\/\/mb2812.de\/wp-content\/uploads\/2018\/11\/IMG_7399-1-768x614.jpg 768w, https:\/\/mb2812.de\/wp-content\/uploads\/2018\/11\/IMG_7399-1-1024x819.jpg 1024w, https:\/\/mb2812.de\/wp-content\/uploads\/2018\/11\/IMG_7399-1-668x534.jpg 668w\" sizes=\"auto, (max-width: 1920px) 100vw, 1920px\" \/><\/a><figcaption class=\"wp-element-caption\">Blick \u00fcber die Bucht zum Leuchtturm<\/figcaption><\/figure>\n\n\n\n<figure class=\"wp-block-image aligncenter size-full is-resized\"><a href=\"http:\/\/reiseblog.mb2812.de\/wp-content\/uploads\/2018\/11\/IMG_6671.jpg\" rel=\"noopener noreferrer\"><img loading=\"lazy\" decoding=\"async\" width=\"1920\" height=\"1536\" src=\"https:\/\/mb2812.de\/wp-content\/uploads\/2018\/11\/IMG_6671.jpg\" alt=\"\" class=\"wp-image-6586\" style=\"width:800px\" srcset=\"https:\/\/mb2812.de\/wp-content\/uploads\/2018\/11\/IMG_6671.jpg 1920w, https:\/\/mb2812.de\/wp-content\/uploads\/2018\/11\/IMG_6671-300x240.jpg 300w, https:\/\/mb2812.de\/wp-content\/uploads\/2018\/11\/IMG_6671-768x614.jpg 768w, https:\/\/mb2812.de\/wp-content\/uploads\/2018\/11\/IMG_6671-1024x819.jpg 1024w, https:\/\/mb2812.de\/wp-content\/uploads\/2018\/11\/IMG_6671-668x534.jpg 668w\" sizes=\"auto, (max-width: 1920px) 100vw, 1920px\" \/><\/a><figcaption class=\"wp-element-caption\">Zu Fuss geht es weiter<\/figcaption><\/figure>\n\n\n\n<figure class=\"wp-block-image aligncenter size-full is-resized\"><a href=\"http:\/\/reiseblog.mb2812.de\/wp-content\/uploads\/2018\/11\/IMG_6674.jpg\" rel=\"noopener noreferrer\"><img loading=\"lazy\" decoding=\"async\" width=\"1440\" height=\"1920\" src=\"https:\/\/mb2812.de\/wp-content\/uploads\/2018\/11\/IMG_6674.jpg\" alt=\"\" class=\"wp-image-6587\" style=\"width:600px\" srcset=\"https:\/\/mb2812.de\/wp-content\/uploads\/2018\/11\/IMG_6674.jpg 1440w, https:\/\/mb2812.de\/wp-content\/uploads\/2018\/11\/IMG_6674-225x300.jpg 225w, https:\/\/mb2812.de\/wp-content\/uploads\/2018\/11\/IMG_6674-768x1024.jpg 768w, https:\/\/mb2812.de\/wp-content\/uploads\/2018\/11\/IMG_6674-668x891.jpg 668w\" sizes=\"auto, (max-width: 1440px) 100vw, 1440px\" \/><\/a><figcaption class=\"wp-element-caption\">Der Fu\u00dfpfad ins Dorf verl\u00e4uft neben der Stra\u00dfe<\/figcaption><\/figure>\n\n\n\n<figure class=\"wp-block-image aligncenter size-full is-resized\"><a href=\"http:\/\/reiseblog.mb2812.de\/wp-content\/uploads\/2018\/11\/IMG_6678-1530.jpg\" rel=\"noopener noreferrer\"><img loading=\"lazy\" decoding=\"async\" width=\"1920\" height=\"1536\" src=\"https:\/\/mb2812.de\/wp-content\/uploads\/2018\/11\/IMG_6678-1530.jpg\" alt=\"\" class=\"wp-image-6588\" style=\"width:800px\" srcset=\"https:\/\/mb2812.de\/wp-content\/uploads\/2018\/11\/IMG_6678-1530.jpg 1920w, https:\/\/mb2812.de\/wp-content\/uploads\/2018\/11\/IMG_6678-1530-300x240.jpg 300w, https:\/\/mb2812.de\/wp-content\/uploads\/2018\/11\/IMG_6678-1530-768x614.jpg 768w, https:\/\/mb2812.de\/wp-content\/uploads\/2018\/11\/IMG_6678-1530-1024x819.jpg 1024w, https:\/\/mb2812.de\/wp-content\/uploads\/2018\/11\/IMG_6678-1530-668x534.jpg 668w\" sizes=\"auto, (max-width: 1920px) 100vw, 1920px\" \/><\/a><figcaption class=\"wp-element-caption\">Mehr oder weniger f\u00fcr jedes Haus ein Wegweiser<\/figcaption><\/figure>\n\n\n\n<p>\u201cWas nun?\u201c ist die gro\u00dfe Frage, dort angekommen. Eine Erfrischung w\u00e4re nicht schlecht, und von den vielen Zielen auf den Wegweisern suchen wir uns den Leuchtturm aus.<\/p>\n\n\n\n<figure class=\"wp-block-image aligncenter size-full is-resized\"><a href=\"http:\/\/reiseblog.mb2812.de\/wp-content\/uploads\/2018\/11\/DSC_6423.jpg\" rel=\"noopener noreferrer\"><img loading=\"lazy\" decoding=\"async\" width=\"1920\" height=\"1536\" src=\"https:\/\/mb2812.de\/wp-content\/uploads\/2018\/11\/DSC_6423.jpg\" alt=\"\" class=\"wp-image-6569\" style=\"width:800px\" srcset=\"https:\/\/mb2812.de\/wp-content\/uploads\/2018\/11\/DSC_6423.jpg 1920w, https:\/\/mb2812.de\/wp-content\/uploads\/2018\/11\/DSC_6423-300x240.jpg 300w, https:\/\/mb2812.de\/wp-content\/uploads\/2018\/11\/DSC_6423-768x614.jpg 768w, https:\/\/mb2812.de\/wp-content\/uploads\/2018\/11\/DSC_6423-1024x819.jpg 1024w, https:\/\/mb2812.de\/wp-content\/uploads\/2018\/11\/DSC_6423-668x534.jpg 668w\" sizes=\"auto, (max-width: 1920px) 100vw, 1920px\" \/><\/a><figcaption class=\"wp-element-caption\">H\u00e4user in Sark<\/figcaption><\/figure>\n\n\n\n<figure class=\"wp-block-image aligncenter size-full is-resized\"><a href=\"http:\/\/reiseblog.mb2812.de\/wp-content\/uploads\/2018\/11\/IMG_6689.jpg\" rel=\"noopener noreferrer\"><img loading=\"lazy\" decoding=\"async\" width=\"1920\" height=\"1536\" src=\"https:\/\/mb2812.de\/wp-content\/uploads\/2018\/11\/IMG_6689.jpg\" alt=\"\" class=\"wp-image-6589\" style=\"width:800px\" srcset=\"https:\/\/mb2812.de\/wp-content\/uploads\/2018\/11\/IMG_6689.jpg 1920w, https:\/\/mb2812.de\/wp-content\/uploads\/2018\/11\/IMG_6689-300x240.jpg 300w, https:\/\/mb2812.de\/wp-content\/uploads\/2018\/11\/IMG_6689-768x614.jpg 768w, https:\/\/mb2812.de\/wp-content\/uploads\/2018\/11\/IMG_6689-1024x819.jpg 1024w, https:\/\/mb2812.de\/wp-content\/uploads\/2018\/11\/IMG_6689-668x534.jpg 668w\" sizes=\"auto, (max-width: 1920px) 100vw, 1920px\" \/><\/a><figcaption class=\"wp-element-caption\">Souvenirshop auf dem Weg zum Leuchtturm<\/figcaption><\/figure>\n\n\n\n<p>Die Erfrischung gibt es unterwegs im \u201eMermaid Hotel\u201c. &nbsp;Dann geht es weiter vorbei am Campingplatz Richting Leuchtturm.<\/p>\n\n\n\n<figure class=\"wp-block-image aligncenter size-full is-resized\"><a href=\"http:\/\/reiseblog.mb2812.de\/wp-content\/uploads\/2018\/11\/IMG_6701.jpg\" rel=\"noopener noreferrer\"><img loading=\"lazy\" decoding=\"async\" width=\"1920\" height=\"1536\" src=\"https:\/\/mb2812.de\/wp-content\/uploads\/2018\/11\/IMG_6701.jpg\" alt=\"\" class=\"wp-image-6591\" style=\"width:800px\" srcset=\"https:\/\/mb2812.de\/wp-content\/uploads\/2018\/11\/IMG_6701.jpg 1920w, https:\/\/mb2812.de\/wp-content\/uploads\/2018\/11\/IMG_6701-300x240.jpg 300w, https:\/\/mb2812.de\/wp-content\/uploads\/2018\/11\/IMG_6701-768x614.jpg 768w, https:\/\/mb2812.de\/wp-content\/uploads\/2018\/11\/IMG_6701-1024x819.jpg 1024w, https:\/\/mb2812.de\/wp-content\/uploads\/2018\/11\/IMG_6701-668x534.jpg 668w\" sizes=\"auto, (max-width: 1920px) 100vw, 1920px\" \/><\/a><figcaption class=\"wp-element-caption\">Die Verwaltung des Campingplatz befindet sich in diesem Geb\u00e4ude.<\/figcaption><\/figure>\n\n\n\n<figure class=\"wp-block-image aligncenter size-full is-resized\"><a href=\"http:\/\/reiseblog.mb2812.de\/wp-content\/uploads\/2018\/11\/IMG_6700.jpg\" rel=\"noopener noreferrer\"><img loading=\"lazy\" decoding=\"async\" width=\"1920\" height=\"1536\" src=\"https:\/\/mb2812.de\/wp-content\/uploads\/2018\/11\/IMG_6700.jpg\" alt=\"\" class=\"wp-image-6590\" style=\"width:800px\" srcset=\"https:\/\/mb2812.de\/wp-content\/uploads\/2018\/11\/IMG_6700.jpg 1920w, https:\/\/mb2812.de\/wp-content\/uploads\/2018\/11\/IMG_6700-300x240.jpg 300w, https:\/\/mb2812.de\/wp-content\/uploads\/2018\/11\/IMG_6700-768x614.jpg 768w, https:\/\/mb2812.de\/wp-content\/uploads\/2018\/11\/IMG_6700-1024x819.jpg 1024w, https:\/\/mb2812.de\/wp-content\/uploads\/2018\/11\/IMG_6700-668x534.jpg 668w\" sizes=\"auto, (max-width: 1920px) 100vw, 1920px\" \/><\/a><figcaption class=\"wp-element-caption\">Der Weg zum Leuchtturm<\/figcaption><\/figure>\n\n\n\n<p>\u201cNo Access, view only\u201c stand auf den Wegweisern zum Leuchtturm. Wir hatten gedacht, das damit gemeint war, eine Besichtigung des Leuchtturms w\u00e4re nicht m\u00f6glich, wohl aber der Blick auf ihn mit dem Meer dahinter. Dem war aber nicht so, vom den Weg versperrenden Tor aus war der Leuchtturm am Hang unter uns nicht zu sehen, obwohl wir keine 50 Meter entfernt waren. Es blieb der Blick aufs Meer.<\/p>\n\n\n\n<figure class=\"wp-block-image aligncenter size-full is-resized\"><a href=\"http:\/\/reiseblog.mb2812.de\/wp-content\/uploads\/2018\/11\/DSC_6430.jpg\" rel=\"noopener noreferrer\"><img loading=\"lazy\" decoding=\"async\" width=\"1920\" height=\"1536\" src=\"https:\/\/mb2812.de\/wp-content\/uploads\/2018\/11\/DSC_6430.jpg\" alt=\"\" class=\"wp-image-6570\" style=\"width:800px\" srcset=\"https:\/\/mb2812.de\/wp-content\/uploads\/2018\/11\/DSC_6430.jpg 1920w, https:\/\/mb2812.de\/wp-content\/uploads\/2018\/11\/DSC_6430-300x240.jpg 300w, https:\/\/mb2812.de\/wp-content\/uploads\/2018\/11\/DSC_6430-768x614.jpg 768w, https:\/\/mb2812.de\/wp-content\/uploads\/2018\/11\/DSC_6430-1024x819.jpg 1024w, https:\/\/mb2812.de\/wp-content\/uploads\/2018\/11\/DSC_6430-668x534.jpg 668w\" sizes=\"auto, (max-width: 1920px) 100vw, 1920px\" \/><\/a><figcaption class=\"wp-element-caption\">Das ist der &#8222;Blick&#8220;. In der Bucht liegt auch unser Schiff w\u00e4hrend des Tages vor Anker<\/figcaption><\/figure>\n\n\n\n<p>Also machen wir uns auf den R\u00fcckweg. Als ein zweites Ziel hatte ich mir \u201eLa Coup\u00e9e\u201c ausgesucht, den schmalen \u00dcbergang, der Sark mit Little Sark verbindet:<\/p>\n\n\n\n<figure class=\"wp-block-image aligncenter size-full is-resized\"><a href=\"http:\/\/reiseblog.mb2812.de\/wp-content\/uploads\/2018\/11\/IMG_6734-1531.jpg\" rel=\"noopener noreferrer\"><img loading=\"lazy\" decoding=\"async\" width=\"1920\" height=\"1536\" src=\"https:\/\/mb2812.de\/wp-content\/uploads\/2018\/11\/IMG_6734-1531.jpg\" alt=\"\" class=\"wp-image-6592\" style=\"width:800px\" srcset=\"https:\/\/mb2812.de\/wp-content\/uploads\/2018\/11\/IMG_6734-1531.jpg 1920w, https:\/\/mb2812.de\/wp-content\/uploads\/2018\/11\/IMG_6734-1531-300x240.jpg 300w, https:\/\/mb2812.de\/wp-content\/uploads\/2018\/11\/IMG_6734-1531-768x614.jpg 768w, https:\/\/mb2812.de\/wp-content\/uploads\/2018\/11\/IMG_6734-1531-1024x819.jpg 1024w, https:\/\/mb2812.de\/wp-content\/uploads\/2018\/11\/IMG_6734-1531-668x534.jpg 668w\" sizes=\"auto, (max-width: 1920px) 100vw, 1920px\" \/><\/a><figcaption class=\"wp-element-caption\">Auf dem Weg zur\u00fcck<\/figcaption><\/figure>\n\n\n\n<figure class=\"wp-block-image aligncenter size-full is-resized\"><a href=\"http:\/\/reiseblog.mb2812.de\/wp-content\/uploads\/2018\/11\/DSC_6432.jpg\" rel=\"noopener noreferrer\"><img loading=\"lazy\" decoding=\"async\" width=\"1920\" height=\"1536\" src=\"https:\/\/mb2812.de\/wp-content\/uploads\/2018\/11\/DSC_6432.jpg\" alt=\"\" class=\"wp-image-6571\" style=\"width:800px\" srcset=\"https:\/\/mb2812.de\/wp-content\/uploads\/2018\/11\/DSC_6432.jpg 1920w, https:\/\/mb2812.de\/wp-content\/uploads\/2018\/11\/DSC_6432-300x240.jpg 300w, https:\/\/mb2812.de\/wp-content\/uploads\/2018\/11\/DSC_6432-768x614.jpg 768w, https:\/\/mb2812.de\/wp-content\/uploads\/2018\/11\/DSC_6432-1024x819.jpg 1024w, https:\/\/mb2812.de\/wp-content\/uploads\/2018\/11\/DSC_6432-668x534.jpg 668w\" sizes=\"auto, (max-width: 1920px) 100vw, 1920px\" \/><\/a><figcaption class=\"wp-element-caption\">So richtig abwechslungsreich ist die Landschaft jetzt nicht<\/figcaption><\/figure>\n\n\n\n<figure class=\"wp-block-image aligncenter size-full is-resized\"><a href=\"http:\/\/reiseblog.mb2812.de\/wp-content\/uploads\/2018\/11\/IMG_6761.jpg\" rel=\"noopener noreferrer\"><img loading=\"lazy\" decoding=\"async\" width=\"1440\" height=\"1920\" src=\"https:\/\/mb2812.de\/wp-content\/uploads\/2018\/11\/IMG_6761.jpg\" alt=\"\" class=\"wp-image-6593\" style=\"width:600px\" srcset=\"https:\/\/mb2812.de\/wp-content\/uploads\/2018\/11\/IMG_6761.jpg 1440w, https:\/\/mb2812.de\/wp-content\/uploads\/2018\/11\/IMG_6761-225x300.jpg 225w, https:\/\/mb2812.de\/wp-content\/uploads\/2018\/11\/IMG_6761-768x1024.jpg 768w, https:\/\/mb2812.de\/wp-content\/uploads\/2018\/11\/IMG_6761-668x891.jpg 668w\" sizes=\"auto, (max-width: 1440px) 100vw, 1440px\" \/><\/a><figcaption class=\"wp-element-caption\">Vorbei an der M\u00fchle<\/figcaption><\/figure>\n\n\n\n<p>Von La Coup\u00e9e aus genie\u00dfen wir den Ausblick auf die See und die Nachbarinseln.<\/p>\n\n\n\n<figure class=\"wp-block-image aligncenter size-full is-resized\"><a href=\"http:\/\/reiseblog.mb2812.de\/wp-content\/uploads\/2018\/11\/IMG_6774-1532.jpg\" rel=\"noopener noreferrer\"><img loading=\"lazy\" decoding=\"async\" width=\"1920\" height=\"1536\" src=\"https:\/\/mb2812.de\/wp-content\/uploads\/2018\/11\/IMG_6774-1532.jpg\" alt=\"\" class=\"wp-image-6594\" style=\"width:800px\" srcset=\"https:\/\/mb2812.de\/wp-content\/uploads\/2018\/11\/IMG_6774-1532.jpg 1920w, https:\/\/mb2812.de\/wp-content\/uploads\/2018\/11\/IMG_6774-1532-300x240.jpg 300w, https:\/\/mb2812.de\/wp-content\/uploads\/2018\/11\/IMG_6774-1532-768x614.jpg 768w, https:\/\/mb2812.de\/wp-content\/uploads\/2018\/11\/IMG_6774-1532-1024x819.jpg 1024w, https:\/\/mb2812.de\/wp-content\/uploads\/2018\/11\/IMG_6774-1532-668x534.jpg 668w\" sizes=\"auto, (max-width: 1920px) 100vw, 1920px\" \/><\/a><figcaption class=\"wp-element-caption\">Blick auf &#8218;La Coup\u00e9e&#8220; und dahinter Little Sark<\/figcaption><\/figure>\n\n\n\n<figure class=\"wp-block-image aligncenter size-full is-resized\"><a href=\"http:\/\/reiseblog.mb2812.de\/wp-content\/uploads\/2018\/11\/IMG_6779-1536.jpg\" rel=\"noopener noreferrer\"><img loading=\"lazy\" decoding=\"async\" width=\"1920\" height=\"1536\" src=\"https:\/\/mb2812.de\/wp-content\/uploads\/2018\/11\/IMG_6779-1536.jpg\" alt=\"\" class=\"wp-image-6595\" style=\"width:800px\" srcset=\"https:\/\/mb2812.de\/wp-content\/uploads\/2018\/11\/IMG_6779-1536.jpg 1920w, https:\/\/mb2812.de\/wp-content\/uploads\/2018\/11\/IMG_6779-1536-300x240.jpg 300w, https:\/\/mb2812.de\/wp-content\/uploads\/2018\/11\/IMG_6779-1536-768x614.jpg 768w, https:\/\/mb2812.de\/wp-content\/uploads\/2018\/11\/IMG_6779-1536-1024x819.jpg 1024w, https:\/\/mb2812.de\/wp-content\/uploads\/2018\/11\/IMG_6779-1536-668x534.jpg 668w\" sizes=\"auto, (max-width: 1920px) 100vw, 1920px\" \/><\/a><figcaption class=\"wp-element-caption\">La Coup\u00e9e<\/figcaption><\/figure>\n\n\n\n<figure class=\"wp-block-image aligncenter size-full is-resized\"><a href=\"http:\/\/reiseblog.mb2812.de\/wp-content\/uploads\/2018\/11\/DSC_6434.jpg\"><img loading=\"lazy\" decoding=\"async\" width=\"1920\" height=\"1536\" src=\"https:\/\/mb2812.de\/wp-content\/uploads\/2018\/11\/DSC_6434.jpg\" alt=\"\" class=\"wp-image-6572\" style=\"width:800px\" srcset=\"https:\/\/mb2812.de\/wp-content\/uploads\/2018\/11\/DSC_6434.jpg 1920w, https:\/\/mb2812.de\/wp-content\/uploads\/2018\/11\/DSC_6434-300x240.jpg 300w, https:\/\/mb2812.de\/wp-content\/uploads\/2018\/11\/DSC_6434-768x614.jpg 768w, https:\/\/mb2812.de\/wp-content\/uploads\/2018\/11\/DSC_6434-1024x819.jpg 1024w, https:\/\/mb2812.de\/wp-content\/uploads\/2018\/11\/DSC_6434-668x534.jpg 668w\" sizes=\"auto, (max-width: 1920px) 100vw, 1920px\" \/><\/a><figcaption class=\"wp-element-caption\">&#8222;La Grande Greve&#8220; heist der kleine Strand am Fu\u00df des R\u00fcckens<\/figcaption><\/figure>\n\n\n\n<figure class=\"wp-block-image aligncenter size-full is-resized\"><a href=\"http:\/\/reiseblog.mb2812.de\/wp-content\/uploads\/2018\/11\/DSC_6438.jpg\" rel=\"noopener noreferrer\"><img loading=\"lazy\" decoding=\"async\" width=\"1440\" height=\"1920\" src=\"https:\/\/mb2812.de\/wp-content\/uploads\/2018\/11\/DSC_6438.jpg\" alt=\"\" class=\"wp-image-6573\" style=\"width:600px\" srcset=\"https:\/\/mb2812.de\/wp-content\/uploads\/2018\/11\/DSC_6438.jpg 1440w, https:\/\/mb2812.de\/wp-content\/uploads\/2018\/11\/DSC_6438-225x300.jpg 225w, https:\/\/mb2812.de\/wp-content\/uploads\/2018\/11\/DSC_6438-768x1024.jpg 768w, https:\/\/mb2812.de\/wp-content\/uploads\/2018\/11\/DSC_6438-668x891.jpg 668w\" sizes=\"auto, (max-width: 1440px) 100vw, 1440px\" \/><\/a><figcaption class=\"wp-element-caption\">Dies ist der Blick Richtung Jersey<\/figcaption><\/figure>\n\n\n\n<figure class=\"wp-block-image aligncenter size-full is-resized\"><a href=\"http:\/\/reiseblog.mb2812.de\/wp-content\/uploads\/2018\/11\/DSC_6450-1527.jpg\" rel=\"noopener noreferrer\"><img loading=\"lazy\" decoding=\"async\" width=\"1920\" height=\"1536\" src=\"https:\/\/mb2812.de\/wp-content\/uploads\/2018\/11\/DSC_6450-1527.jpg\" alt=\"\" class=\"wp-image-6574\" style=\"width:800px\" srcset=\"https:\/\/mb2812.de\/wp-content\/uploads\/2018\/11\/DSC_6450-1527.jpg 1920w, https:\/\/mb2812.de\/wp-content\/uploads\/2018\/11\/DSC_6450-1527-300x240.jpg 300w, https:\/\/mb2812.de\/wp-content\/uploads\/2018\/11\/DSC_6450-1527-768x614.jpg 768w, https:\/\/mb2812.de\/wp-content\/uploads\/2018\/11\/DSC_6450-1527-1024x819.jpg 1024w, https:\/\/mb2812.de\/wp-content\/uploads\/2018\/11\/DSC_6450-1527-668x534.jpg 668w\" sizes=\"auto, (max-width: 1920px) 100vw, 1920px\" \/><\/a><figcaption class=\"wp-element-caption\">Stephan auf &#8222;La Coup\u00e9e&#8220;<\/figcaption><\/figure>\n\n\n\n<figure class=\"wp-block-image aligncenter size-full is-resized\"><a href=\"http:\/\/reiseblog.mb2812.de\/wp-content\/uploads\/2018\/11\/DSC_6454-1528.jpg\" rel=\"noopener noreferrer\"><img loading=\"lazy\" decoding=\"async\" width=\"1920\" height=\"1536\" src=\"https:\/\/mb2812.de\/wp-content\/uploads\/2018\/11\/DSC_6454-1528.jpg\" alt=\"\" class=\"wp-image-6575\" style=\"width:800px\" srcset=\"https:\/\/mb2812.de\/wp-content\/uploads\/2018\/11\/DSC_6454-1528.jpg 1920w, https:\/\/mb2812.de\/wp-content\/uploads\/2018\/11\/DSC_6454-1528-300x240.jpg 300w, https:\/\/mb2812.de\/wp-content\/uploads\/2018\/11\/DSC_6454-1528-768x614.jpg 768w, https:\/\/mb2812.de\/wp-content\/uploads\/2018\/11\/DSC_6454-1528-1024x819.jpg 1024w, https:\/\/mb2812.de\/wp-content\/uploads\/2018\/11\/DSC_6454-1528-668x534.jpg 668w\" sizes=\"auto, (max-width: 1920px) 100vw, 1920px\" \/><\/a><figcaption class=\"wp-element-caption\">Blick Richtung Brecqhou, weiter hinten Herm und Guernsey<\/figcaption><\/figure>\n\n\n\n<p>Auf dem R\u00fcckweg machen wir bei \u201eCaragh Chocolates\u201c noch mal eine Pause und dann geht es auf einem leicht anderen Weg zur\u00fcck ins Dorf, vorbei an &#8222;Stocks Hotel&#8220;, dem wohl gr\u00f6\u00dften Hotel auf der Insel. Ein bisschen Shopping muss sein, im Dorf kaufe ich in einer T\u00f6pferei eine Kafeetasse. Die f\u00e4llt mir beim Auspacken zuhause prompt hin und zersplittert. Nicht \u00e4rgern &#8230;.!<\/p>\n\n\n\n<figure class=\"wp-block-image aligncenter size-full is-resized\"><a href=\"http:\/\/reiseblog.mb2812.de\/wp-content\/uploads\/2018\/11\/IMG_7404-1-1529.jpg\" rel=\"noopener noreferrer\"><img loading=\"lazy\" decoding=\"async\" width=\"1920\" height=\"1536\" src=\"https:\/\/mb2812.de\/wp-content\/uploads\/2018\/11\/IMG_7404-1-1529.jpg\" alt=\"\" class=\"wp-image-6612\" style=\"width:800px\" srcset=\"https:\/\/mb2812.de\/wp-content\/uploads\/2018\/11\/IMG_7404-1-1529.jpg 1920w, https:\/\/mb2812.de\/wp-content\/uploads\/2018\/11\/IMG_7404-1-1529-300x240.jpg 300w, https:\/\/mb2812.de\/wp-content\/uploads\/2018\/11\/IMG_7404-1-1529-768x614.jpg 768w, https:\/\/mb2812.de\/wp-content\/uploads\/2018\/11\/IMG_7404-1-1529-1024x819.jpg 1024w, https:\/\/mb2812.de\/wp-content\/uploads\/2018\/11\/IMG_7404-1-1529-668x534.jpg 668w\" sizes=\"auto, (max-width: 1920px) 100vw, 1920px\" \/><\/a><figcaption class=\"wp-element-caption\">Und es geht wieder zur\u00fcck zum Dorf<\/figcaption><\/figure>\n\n\n\n<p>Wir gehen dann gleich weiter zum Hafen und verbringen die Wartezeit im Harbour Caf\u00e9. Das Schiff kommt p\u00fcnktlich vom Ankerplatz und es geht schnell zur\u00fcck nach Jersey. Nachdem es ein franz\u00f6sisches Schiff ist, gibt es als Feierabendbier f\u00fcr mich \u201eKronenbourg\u201c und ich kann es in Euro bezahlen.<\/p>\n\n\n\n<figure class=\"wp-block-image aligncenter size-full is-resized\"><a href=\"http:\/\/reiseblog.mb2812.de\/wp-content\/uploads\/2018\/11\/DSC_6462.jpg\" rel=\"noopener noreferrer\"><img loading=\"lazy\" decoding=\"async\" width=\"1920\" height=\"1536\" src=\"https:\/\/mb2812.de\/wp-content\/uploads\/2018\/11\/DSC_6462.jpg\" alt=\"\" class=\"wp-image-6576\" style=\"width:800px\" srcset=\"https:\/\/mb2812.de\/wp-content\/uploads\/2018\/11\/DSC_6462.jpg 1920w, https:\/\/mb2812.de\/wp-content\/uploads\/2018\/11\/DSC_6462-300x240.jpg 300w, https:\/\/mb2812.de\/wp-content\/uploads\/2018\/11\/DSC_6462-768x614.jpg 768w, https:\/\/mb2812.de\/wp-content\/uploads\/2018\/11\/DSC_6462-1024x819.jpg 1024w, https:\/\/mb2812.de\/wp-content\/uploads\/2018\/11\/DSC_6462-668x534.jpg 668w\" sizes=\"auto, (max-width: 1920px) 100vw, 1920px\" \/><\/a><figcaption class=\"wp-element-caption\">W\u00e4ren wir nicht so sparsam gewesen, h\u00e4tten wir damit den Berg hochfahren k\u00f6nnen. Der \u00d6PNV auf Sark<\/figcaption><\/figure>\n\n\n\n<figure class=\"wp-block-image aligncenter size-full is-resized\"><a href=\"http:\/\/reiseblog.mb2812.de\/wp-content\/uploads\/2018\/11\/IMG_6828.jpg\"><img loading=\"lazy\" decoding=\"async\" width=\"1920\" height=\"1536\" src=\"https:\/\/mb2812.de\/wp-content\/uploads\/2018\/11\/IMG_6828.jpg\" alt=\"\" class=\"wp-image-6596\" style=\"width:800px\" srcset=\"https:\/\/mb2812.de\/wp-content\/uploads\/2018\/11\/IMG_6828.jpg 1920w, https:\/\/mb2812.de\/wp-content\/uploads\/2018\/11\/IMG_6828-300x240.jpg 300w, https:\/\/mb2812.de\/wp-content\/uploads\/2018\/11\/IMG_6828-768x614.jpg 768w, https:\/\/mb2812.de\/wp-content\/uploads\/2018\/11\/IMG_6828-1024x819.jpg 1024w, https:\/\/mb2812.de\/wp-content\/uploads\/2018\/11\/IMG_6828-668x534.jpg 668w\" sizes=\"auto, (max-width: 1920px) 100vw, 1920px\" \/><\/a><figcaption class=\"wp-element-caption\">Und Tsch\u00fcss &#8230;<\/figcaption><\/figure>\n\n\n\n<figure class=\"wp-block-image aligncenter size-full is-resized\"><a href=\"http:\/\/reiseblog.mb2812.de\/wp-content\/uploads\/2018\/11\/IMG_7415-1.jpg\" rel=\"noopener noreferrer\"><img loading=\"lazy\" decoding=\"async\" width=\"1920\" height=\"1536\" src=\"https:\/\/mb2812.de\/wp-content\/uploads\/2018\/11\/IMG_7415-1.jpg\" alt=\"\" class=\"wp-image-6613\" style=\"width:800px\" srcset=\"https:\/\/mb2812.de\/wp-content\/uploads\/2018\/11\/IMG_7415-1.jpg 1920w, https:\/\/mb2812.de\/wp-content\/uploads\/2018\/11\/IMG_7415-1-300x240.jpg 300w, https:\/\/mb2812.de\/wp-content\/uploads\/2018\/11\/IMG_7415-1-768x614.jpg 768w, https:\/\/mb2812.de\/wp-content\/uploads\/2018\/11\/IMG_7415-1-1024x819.jpg 1024w, https:\/\/mb2812.de\/wp-content\/uploads\/2018\/11\/IMG_7415-1-668x534.jpg 668w\" sizes=\"auto, (max-width: 1920px) 100vw, 1920px\" \/><\/a><figcaption class=\"wp-element-caption\">Das Schiff kommt vom Ankerplatz zum Anleger<\/figcaption><\/figure>\n\n\n\n<figure class=\"wp-block-image aligncenter size-full is-resized\"><a href=\"http:\/\/reiseblog.mb2812.de\/wp-content\/uploads\/2018\/11\/IMG_7418-1.jpg\" rel=\"noopener noreferrer\"><img loading=\"lazy\" decoding=\"async\" width=\"1920\" height=\"1536\" src=\"https:\/\/mb2812.de\/wp-content\/uploads\/2018\/11\/IMG_7418-1.jpg\" alt=\"\" class=\"wp-image-6614\" style=\"width:800px\" srcset=\"https:\/\/mb2812.de\/wp-content\/uploads\/2018\/11\/IMG_7418-1.jpg 1920w, https:\/\/mb2812.de\/wp-content\/uploads\/2018\/11\/IMG_7418-1-300x240.jpg 300w, https:\/\/mb2812.de\/wp-content\/uploads\/2018\/11\/IMG_7418-1-768x614.jpg 768w, https:\/\/mb2812.de\/wp-content\/uploads\/2018\/11\/IMG_7418-1-1024x819.jpg 1024w, https:\/\/mb2812.de\/wp-content\/uploads\/2018\/11\/IMG_7418-1-668x534.jpg 668w\" sizes=\"auto, (max-width: 1920px) 100vw, 1920px\" \/><\/a><figcaption class=\"wp-element-caption\">Noch ein Blick ins Innere des Katamarans<\/figcaption><\/figure>\n\n\n\n<p>Wir sind sehr p\u00fcnktlich wieder zur\u00fcck in Jersey. Zum Abendessen hatten wir uns nichts Besonderes vorgenommen und wollten in einem Pub etwas essen. Das ging dann ein bisschen schief. Genug Zeit sich in der Stadt umzuschauen war ja, aber irgendwie landeten wir in \u201eThe Wharf\u201c, der Pub muss wohl zum Pomme d\u2018Or Hotel geh\u00f6ren. Das merkt man aber nur an den Servietten, als wir ankamen waren die meisten der wenigen anderen G\u00e4ste wohl vom nachmitt\u00e4glichen Sportschauen \u00fcbriggeblieben und hatten dabei einige Pints geleert und waren entsprechend laut. Na ja, es gab Hamburger. Ich gehe davon aus dass sie aus der Hotelk\u00fcche kamen, es fehlte aber jegliches Gew\u00fcrz, ansonsten fand ich sie essbar.<\/p>\n\n\n\n<p>Recht schnell machten wir uns auf den R\u00fcckweg zum Hotel.&nbsp;Wie \u00fcblich ab es noch einige Drinks in der Hotelbar.<\/p>\n","protected":false},"excerpt":{"rendered":"<p>Ein gr\u00f6\u00dferer Ausflug steht heute auf dem Programm, nach Sark. Sark ist eine andere Kanalinsel, mit 500 Einwohnern aber wesentlich kleiner als Jersey. Hin und zur\u00fcck geht es mit der aus Frankreich kommenden F\u00e4hre.<\/p>\n","protected":false},"author":1,"featured_media":6611,"comment_status":"closed","ping_status":"closed","sticky":false,"template":"","format":"standard","meta":{"footnotes":""},"categories":[20],"tags":[115,119,187,190],"class_list":["post-6620","post","type-post","status-publish","format-standard","has-post-thumbnail","hentry","category-uk-2018","tag-115","tag-grossbritannien","tag-jersey","tag-sark"],"_links":{"self":[{"href":"https:\/\/mb2812.de\/index.php?rest_route=\/wp\/v2\/posts\/6620","targetHints":{"allow":["GET"]}}],"collection":[{"href":"https:\/\/mb2812.de\/index.php?rest_route=\/wp\/v2\/posts"}],"about":[{"href":"https:\/\/mb2812.de\/index.php?rest_route=\/wp\/v2\/types\/post"}],"author":[{"embeddable":true,"href":"https:\/\/mb2812.de\/index.php?rest_route=\/wp\/v2\/users\/1"}],"replies":[{"embeddable":true,"href":"https:\/\/mb2812.de\/index.php?rest_route=%2Fwp%2Fv2%2Fcomments&post=6620"}],"version-history":[{"count":16,"href":"https:\/\/mb2812.de\/index.php?rest_route=\/wp\/v2\/posts\/6620\/revisions"}],"predecessor-version":[{"id":17083,"href":"https:\/\/mb2812.de\/index.php?rest_route=\/wp\/v2\/posts\/6620\/revisions\/17083"}],"wp:featuredmedia":[{"embeddable":true,"href":"https:\/\/mb2812.de\/index.php?rest_route=\/wp\/v2\/media\/6611"}],"wp:attachment":[{"href":"https:\/\/mb2812.de\/index.php?rest_route=%2Fwp%2Fv2%2Fmedia&parent=6620"}],"wp:term":[{"taxonomy":"category","embeddable":true,"href":"https:\/\/mb2812.de\/index.php?rest_route=%2Fwp%2Fv2%2Fcategories&post=6620"},{"taxonomy":"post_tag","embeddable":true,"href":"https:\/\/mb2812.de\/index.php?rest_route=%2Fwp%2Fv2%2Ftags&post=6620"}],"curies":[{"name":"wp","href":"https:\/\/api.w.org\/{rel}","templated":true}]}}