{"id":6564,"date":"2018-08-31T09:00:51","date_gmt":"2018-08-31T07:00:51","guid":{"rendered":"http:\/\/reiseblog.mb2812.de\/?p=6564"},"modified":"2025-04-02T09:54:01","modified_gmt":"2025-04-02T07:54:01","slug":"greve-de-lecq-und-st-helier-hafen-und-stadt","status":"publish","type":"post","link":"https:\/\/mb2812.de\/?p=6564","title":{"rendered":"Gr\u00e8ve de Lecq und St. Helier (Hafen und Stadt)"},"content":{"rendered":"\n<p>Am Freitag gab es die ersten Ausfallerscheinungen. Tanja wollte einen Tag Pause am Hotel einlegen zum Relaxen. Auch Stephan und ich wollten es etwas geruhsamer angehen, aber einen Punkt hatten wir doch auf die Tagesordnung gesetzt: Gr\u00e9ve de Lecq, ein kleiner Strand im Norden der Insel. Dahin fur der Bus 12 ab den Red Houses. Nach dem Fr\u00fchst\u00fcck ging es los, bis zu den Red Houses begleitete uns Tanja, um in Supermarkt einzukaufen. Wir warteten an der Haltestelle davor auf den Bus.<\/p>\n\n\n\n<figure class=\"wp-block-image aligncenter size-full is-resized\"><a href=\"http:\/\/reiseblog.mb2812.de\/wp-content\/uploads\/2018\/08\/IMG_7357-1-1585.jpg\" rel=\"noopener noreferrer\"><img loading=\"lazy\" decoding=\"async\" width=\"1920\" height=\"1536\" src=\"https:\/\/mb2812.de\/wp-content\/uploads\/2018\/08\/IMG_7357-1-1585.jpg\" alt=\"\" class=\"wp-image-6870\" style=\"width:800px\" srcset=\"https:\/\/mb2812.de\/wp-content\/uploads\/2018\/08\/IMG_7357-1-1585.jpg 1920w, https:\/\/mb2812.de\/wp-content\/uploads\/2018\/08\/IMG_7357-1-1585-300x240.jpg 300w, https:\/\/mb2812.de\/wp-content\/uploads\/2018\/08\/IMG_7357-1-1585-768x614.jpg 768w, https:\/\/mb2812.de\/wp-content\/uploads\/2018\/08\/IMG_7357-1-1585-1024x819.jpg 1024w, https:\/\/mb2812.de\/wp-content\/uploads\/2018\/08\/IMG_7357-1-1585-668x534.jpg 668w\" sizes=\"auto, (max-width: 1920px) 100vw, 1920px\" \/><\/a><figcaption class=\"wp-element-caption\">L\u00e4dt zum Faulenzen ein: Der Pool des Hotels<\/figcaption><\/figure>\n\n\n\n<!--more-->\n\n\n\n<figure class=\"wp-block-image aligncenter size-full is-resized\"><a href=\"http:\/\/reiseblog.mb2812.de\/wp-content\/uploads\/2018\/08\/IMG_7356-1.jpg\" rel=\"noopener noreferrer\"><img loading=\"lazy\" decoding=\"async\" width=\"1920\" height=\"1536\" src=\"https:\/\/mb2812.de\/wp-content\/uploads\/2018\/08\/IMG_7356-1.jpg\" alt=\"\" class=\"wp-image-6869\" style=\"width:800px\" srcset=\"https:\/\/mb2812.de\/wp-content\/uploads\/2018\/08\/IMG_7356-1.jpg 1920w, https:\/\/mb2812.de\/wp-content\/uploads\/2018\/08\/IMG_7356-1-300x240.jpg 300w, https:\/\/mb2812.de\/wp-content\/uploads\/2018\/08\/IMG_7356-1-768x614.jpg 768w, https:\/\/mb2812.de\/wp-content\/uploads\/2018\/08\/IMG_7356-1-1024x819.jpg 1024w, https:\/\/mb2812.de\/wp-content\/uploads\/2018\/08\/IMG_7356-1-668x534.jpg 668w\" sizes=\"auto, (max-width: 1920px) 100vw, 1920px\" \/><\/a><figcaption class=\"wp-element-caption\">Die &#8222;Seeseite&#8220; des Hotels<\/figcaption><\/figure>\n\n\n\n<figure class=\"wp-block-image aligncenter size-full is-resized\"><a href=\"http:\/\/reiseblog.mb2812.de\/wp-content\/uploads\/2018\/11\/IMG_6446-1313.jpg\" rel=\"noopener noreferrer\"><img loading=\"lazy\" decoding=\"async\" width=\"1440\" height=\"1920\" src=\"https:\/\/mb2812.de\/wp-content\/uploads\/2018\/11\/IMG_6446-1313.jpg\" alt=\"\" class=\"wp-image-6578\" style=\"width:600px\" srcset=\"https:\/\/mb2812.de\/wp-content\/uploads\/2018\/11\/IMG_6446-1313.jpg 1440w, https:\/\/mb2812.de\/wp-content\/uploads\/2018\/11\/IMG_6446-1313-225x300.jpg 225w, https:\/\/mb2812.de\/wp-content\/uploads\/2018\/11\/IMG_6446-1313-768x1024.jpg 768w, https:\/\/mb2812.de\/wp-content\/uploads\/2018\/11\/IMG_6446-1313-668x891.jpg 668w\" sizes=\"auto, (max-width: 1440px) 100vw, 1440px\" \/><\/a><figcaption class=\"wp-element-caption\">Und da sind wir schon unterweges<\/figcaption><\/figure>\n\n\n\n<p>Der Bus f\u00e4hrt durch bekannte Gegenden. Zun\u00e4chst zum Leuchtturm nach Corbi\u00e8re, dann nordw\u00e4rts entlang der St. Ouen&#8217;s Bay. Kurz vor L&#8217;\u00c8tacq biegt er aber ab und \u00fcberquert die Nordwestecke der Insel.<\/p>\n\n\n\n<p>Gr\u00e9ve de Lecq ist ein Strand an der Nordk\u00fcste Jerseys. Die ist gr\u00f6\u00dftenteils eine Steilk\u00fcste, dann und wann unterbrochen von einem eher kleinen Strand, Gr\u00e9ve de Lecq ist einer der gr\u00f6\u00dferen davon und deswegen eine gewisse Touristenattraktion. Die negativen Auswirkungen davon sollten wir gleich kennenlernen. Es gibt Inselrundfahrten per Bus, die irgendwie sehr gut nachgefragt sind. An beliebten Stellen findet man immer mehrere dieser Busse gleichzeitig. Gr\u00e9ve de Lecq ist nicht anders, das Cafe dort ein beliebter Ort f\u00fcr Pausen.<\/p>\n\n\n\n<figure class=\"wp-block-image aligncenter size-full is-resized\"><a href=\"http:\/\/reiseblog.mb2812.de\/wp-content\/uploads\/2018\/08\/IMG_6451.jpg\" rel=\"noopener noreferrer\"><img loading=\"lazy\" decoding=\"async\" width=\"1920\" height=\"1536\" src=\"https:\/\/mb2812.de\/wp-content\/uploads\/2018\/08\/IMG_6451.jpg\" alt=\"\" class=\"wp-image-6868\" style=\"width:800px\" srcset=\"https:\/\/mb2812.de\/wp-content\/uploads\/2018\/08\/IMG_6451.jpg 1920w, https:\/\/mb2812.de\/wp-content\/uploads\/2018\/08\/IMG_6451-300x240.jpg 300w, https:\/\/mb2812.de\/wp-content\/uploads\/2018\/08\/IMG_6451-768x614.jpg 768w, https:\/\/mb2812.de\/wp-content\/uploads\/2018\/08\/IMG_6451-1024x819.jpg 1024w, https:\/\/mb2812.de\/wp-content\/uploads\/2018\/08\/IMG_6451-668x534.jpg 668w\" sizes=\"auto, (max-width: 1920px) 100vw, 1920px\" \/><\/a><figcaption class=\"wp-element-caption\">Der Linienbus h\u00e4lt vorne am Parkplatz. Rechts die blauen Busse der Inselrundfahrten, rund f\u00fcnf davon machten gerade Pause. Im sehr originell benannten &#8222;Seaside Caf\u00e9&#8220; war kein Platz mehr<\/figcaption><\/figure>\n\n\n\n<figure class=\"wp-block-image aligncenter size-full is-resized\"><a href=\"http:\/\/reiseblog.mb2812.de\/wp-content\/uploads\/2018\/08\/IMG_7359-1.jpg\" rel=\"noopener noreferrer\"><img loading=\"lazy\" decoding=\"async\" width=\"1920\" height=\"1536\" src=\"https:\/\/mb2812.de\/wp-content\/uploads\/2018\/08\/IMG_7359-1.jpg\" alt=\"\" class=\"wp-image-6871\" style=\"width:800px\" srcset=\"https:\/\/mb2812.de\/wp-content\/uploads\/2018\/08\/IMG_7359-1.jpg 1920w, https:\/\/mb2812.de\/wp-content\/uploads\/2018\/08\/IMG_7359-1-300x240.jpg 300w, https:\/\/mb2812.de\/wp-content\/uploads\/2018\/08\/IMG_7359-1-768x614.jpg 768w, https:\/\/mb2812.de\/wp-content\/uploads\/2018\/08\/IMG_7359-1-1024x819.jpg 1024w, https:\/\/mb2812.de\/wp-content\/uploads\/2018\/08\/IMG_7359-1-668x534.jpg 668w\" sizes=\"auto, (max-width: 1920px) 100vw, 1920px\" \/><\/a><figcaption class=\"wp-element-caption\">Promenade und Strand<\/figcaption><\/figure>\n\n\n\n<figure class=\"wp-block-image aligncenter size-full is-resized\"><a href=\"http:\/\/reiseblog.mb2812.de\/wp-content\/uploads\/2018\/11\/IMG_7368-1.jpg\" rel=\"noopener noreferrer\"><img loading=\"lazy\" decoding=\"async\" width=\"1920\" height=\"1536\" src=\"https:\/\/mb2812.de\/wp-content\/uploads\/2018\/11\/IMG_7368-1.jpg\" alt=\"\" class=\"wp-image-6601\" style=\"width:800px\" srcset=\"https:\/\/mb2812.de\/wp-content\/uploads\/2018\/11\/IMG_7368-1.jpg 1920w, https:\/\/mb2812.de\/wp-content\/uploads\/2018\/11\/IMG_7368-1-300x240.jpg 300w, https:\/\/mb2812.de\/wp-content\/uploads\/2018\/11\/IMG_7368-1-768x614.jpg 768w, https:\/\/mb2812.de\/wp-content\/uploads\/2018\/11\/IMG_7368-1-1024x819.jpg 1024w, https:\/\/mb2812.de\/wp-content\/uploads\/2018\/11\/IMG_7368-1-668x534.jpg 668w\" sizes=\"auto, (max-width: 1920px) 100vw, 1920px\" \/><\/a><figcaption class=\"wp-element-caption\">Mit Treckern werden die Fischerboote ins Meer gebracht und auch wieder an Land gezogen, hier stehen einige in Reih und Glied<\/figcaption><\/figure>\n\n\n\n<figure class=\"wp-block-image aligncenter size-full is-resized\"><a href=\"http:\/\/reiseblog.mb2812.de\/wp-content\/uploads\/2018\/11\/IMG_7373-1.jpg\" rel=\"noopener noreferrer\"><img loading=\"lazy\" decoding=\"async\" width=\"1920\" height=\"1536\" src=\"https:\/\/mb2812.de\/wp-content\/uploads\/2018\/11\/IMG_7373-1.jpg\" alt=\"\" class=\"wp-image-6602\" style=\"width:800px\" srcset=\"https:\/\/mb2812.de\/wp-content\/uploads\/2018\/11\/IMG_7373-1.jpg 1920w, https:\/\/mb2812.de\/wp-content\/uploads\/2018\/11\/IMG_7373-1-300x240.jpg 300w, https:\/\/mb2812.de\/wp-content\/uploads\/2018\/11\/IMG_7373-1-768x614.jpg 768w, https:\/\/mb2812.de\/wp-content\/uploads\/2018\/11\/IMG_7373-1-1024x819.jpg 1024w, https:\/\/mb2812.de\/wp-content\/uploads\/2018\/11\/IMG_7373-1-668x534.jpg 668w\" sizes=\"auto, (max-width: 1920px) 100vw, 1920px\" \/><\/a><figcaption class=\"wp-element-caption\">Dies ist der Strand<\/figcaption><\/figure>\n\n\n\n<figure class=\"wp-block-image aligncenter size-full\"><a href=\"http:\/\/reiseblog.mb2812.de\/wp-content\/uploads\/2018\/08\/IMG_7364.jpg\" rel=\"noopener noreferrer\"><img loading=\"lazy\" decoding=\"async\" width=\"1920\" height=\"1536\" src=\"https:\/\/mb2812.de\/wp-content\/uploads\/2018\/08\/IMG_7364.jpg\" alt=\"\" class=\"wp-image-6872\" srcset=\"https:\/\/mb2812.de\/wp-content\/uploads\/2018\/08\/IMG_7364.jpg 1920w, https:\/\/mb2812.de\/wp-content\/uploads\/2018\/08\/IMG_7364-300x240.jpg 300w, https:\/\/mb2812.de\/wp-content\/uploads\/2018\/08\/IMG_7364-768x614.jpg 768w, https:\/\/mb2812.de\/wp-content\/uploads\/2018\/08\/IMG_7364-1024x819.jpg 1024w, https:\/\/mb2812.de\/wp-content\/uploads\/2018\/08\/IMG_7364-668x534.jpg 668w\" sizes=\"auto, (max-width: 1920px) 100vw, 1920px\" \/><\/a><figcaption class=\"wp-element-caption\">Stephan hat die Wassertemperatur getestet<\/figcaption><\/figure>\n\n\n\n<figure class=\"wp-block-image aligncenter size-full is-resized\"><a href=\"http:\/\/reiseblog.mb2812.de\/wp-content\/uploads\/2018\/11\/DSC_6403-1525.jpg\" rel=\"noopener noreferrer\"><img loading=\"lazy\" decoding=\"async\" width=\"1920\" height=\"1536\" src=\"https:\/\/mb2812.de\/wp-content\/uploads\/2018\/11\/DSC_6403-1525.jpg\" alt=\"\" class=\"wp-image-6566\" style=\"width:800px\" srcset=\"https:\/\/mb2812.de\/wp-content\/uploads\/2018\/11\/DSC_6403-1525.jpg 1920w, https:\/\/mb2812.de\/wp-content\/uploads\/2018\/11\/DSC_6403-1525-300x240.jpg 300w, https:\/\/mb2812.de\/wp-content\/uploads\/2018\/11\/DSC_6403-1525-768x614.jpg 768w, https:\/\/mb2812.de\/wp-content\/uploads\/2018\/11\/DSC_6403-1525-1024x819.jpg 1024w, https:\/\/mb2812.de\/wp-content\/uploads\/2018\/11\/DSC_6403-1525-668x534.jpg 668w\" sizes=\"auto, (max-width: 1920px) 100vw, 1920px\" \/><\/a><figcaption class=\"wp-element-caption\">Als wir wieder am Cafe waren, hatten die Busse ihre Fahrt fortgesetzt und wir waren die einzigen G\u00e4ste. So konnten wir etwas mit dem Selbstausl\u00f6ser spielen.<\/figcaption><\/figure>\n\n\n\n<p>Danach ging es mit der anderen Busline auf direktem Wege in die Inselhauptstadt St. Helier. Dort haben wir dann einen kleinen Rundgang gemacht. Jersey hat zwar nur 100.000 Einwohner, und in St. Helier wohnen etwa 33.500 davon. Aber da alle anderen gro\u00dfen St\u00e4dte mindestens eine Tagesreise entfernt sind, herrscht hier ziemlicher Trubel. Verkehrschaos ohne Ende, und volle Einkaufsstra\u00dfen. Dies gefiel Stephan jetzt nicht so besonders.<\/p>\n\n\n\n<figure class=\"wp-block-image aligncenter size-full is-resized\"><a href=\"http:\/\/reiseblog.mb2812.de\/wp-content\/uploads\/2018\/11\/DSC_6407.jpg\" rel=\"noopener noreferrer\"><img loading=\"lazy\" decoding=\"async\" width=\"1920\" height=\"1536\" src=\"https:\/\/mb2812.de\/wp-content\/uploads\/2018\/11\/DSC_6407.jpg\" alt=\"\" class=\"wp-image-6567\" style=\"width:800px\" srcset=\"https:\/\/mb2812.de\/wp-content\/uploads\/2018\/11\/DSC_6407.jpg 1920w, https:\/\/mb2812.de\/wp-content\/uploads\/2018\/11\/DSC_6407-300x240.jpg 300w, https:\/\/mb2812.de\/wp-content\/uploads\/2018\/11\/DSC_6407-768x614.jpg 768w, https:\/\/mb2812.de\/wp-content\/uploads\/2018\/11\/DSC_6407-1024x819.jpg 1024w, https:\/\/mb2812.de\/wp-content\/uploads\/2018\/11\/DSC_6407-668x534.jpg 668w\" sizes=\"auto, (max-width: 1920px) 100vw, 1920px\" \/><\/a><figcaption class=\"wp-element-caption\">Einkaufszone King Street<\/figcaption><\/figure>\n\n\n\n<figure class=\"wp-block-image aligncenter size-full is-resized\"><a href=\"http:\/\/reiseblog.mb2812.de\/wp-content\/uploads\/2018\/11\/DSC_6409.jpg\" rel=\"noopener noreferrer\"><img loading=\"lazy\" decoding=\"async\" width=\"1920\" height=\"1536\" src=\"https:\/\/mb2812.de\/wp-content\/uploads\/2018\/11\/DSC_6409.jpg\" alt=\"\" class=\"wp-image-6568\" style=\"width:800px\" srcset=\"https:\/\/mb2812.de\/wp-content\/uploads\/2018\/11\/DSC_6409.jpg 1920w, https:\/\/mb2812.de\/wp-content\/uploads\/2018\/11\/DSC_6409-300x240.jpg 300w, https:\/\/mb2812.de\/wp-content\/uploads\/2018\/11\/DSC_6409-768x614.jpg 768w, https:\/\/mb2812.de\/wp-content\/uploads\/2018\/11\/DSC_6409-1024x819.jpg 1024w, https:\/\/mb2812.de\/wp-content\/uploads\/2018\/11\/DSC_6409-668x534.jpg 668w\" sizes=\"auto, (max-width: 1920px) 100vw, 1920px\" \/><\/a><figcaption class=\"wp-element-caption\">Ungef\u00e4hr die gleiche Stelle, aber mit dem Teleobjektiv<\/figcaption><\/figure>\n\n\n\n<p>Wir sind um den Block gelaufen und kamen dabei durch die Markthalle (Jersey Market):<\/p>\n\n\n\n<figure class=\"wp-block-image aligncenter size-full is-resized\"><a href=\"http:\/\/reiseblog.mb2812.de\/wp-content\/uploads\/2018\/11\/IMG_7375-1.jpg\" target=\"_blank\" rel=\"noopener noreferrer\"><img loading=\"lazy\" decoding=\"async\" width=\"1920\" height=\"1536\" src=\"https:\/\/mb2812.de\/wp-content\/uploads\/2018\/11\/IMG_7375-1.jpg\" alt=\"\" class=\"wp-image-6603\" style=\"width:800px\" srcset=\"https:\/\/mb2812.de\/wp-content\/uploads\/2018\/11\/IMG_7375-1.jpg 1920w, https:\/\/mb2812.de\/wp-content\/uploads\/2018\/11\/IMG_7375-1-300x240.jpg 300w, https:\/\/mb2812.de\/wp-content\/uploads\/2018\/11\/IMG_7375-1-768x614.jpg 768w, https:\/\/mb2812.de\/wp-content\/uploads\/2018\/11\/IMG_7375-1-1024x819.jpg 1024w, https:\/\/mb2812.de\/wp-content\/uploads\/2018\/11\/IMG_7375-1-668x534.jpg 668w\" sizes=\"auto, (max-width: 1920px) 100vw, 1920px\" \/><\/a><\/figure>\n\n\n\n<p><\/p>\n\n\n\n<figure class=\"wp-block-image aligncenter size-full is-resized\"><a href=\"http:\/\/reiseblog.mb2812.de\/wp-content\/uploads\/2018\/11\/IMG_7377-1-1526.jpg\" target=\"_blank\" rel=\"noopener noreferrer\"><img loading=\"lazy\" decoding=\"async\" width=\"1920\" height=\"1536\" src=\"https:\/\/mb2812.de\/wp-content\/uploads\/2018\/11\/IMG_7377-1-1526.jpg\" alt=\"\" class=\"wp-image-6604\" style=\"width:800px\" srcset=\"https:\/\/mb2812.de\/wp-content\/uploads\/2018\/11\/IMG_7377-1-1526.jpg 1920w, https:\/\/mb2812.de\/wp-content\/uploads\/2018\/11\/IMG_7377-1-1526-300x240.jpg 300w, https:\/\/mb2812.de\/wp-content\/uploads\/2018\/11\/IMG_7377-1-1526-768x614.jpg 768w, https:\/\/mb2812.de\/wp-content\/uploads\/2018\/11\/IMG_7377-1-1526-1024x819.jpg 1024w, https:\/\/mb2812.de\/wp-content\/uploads\/2018\/11\/IMG_7377-1-1526-668x534.jpg 668w\" sizes=\"auto, (max-width: 1920px) 100vw, 1920px\" \/><\/a><\/figure>\n\n\n\n<p><\/p>\n\n\n\n<figure class=\"wp-block-image aligncenter size-full is-resized\"><a href=\"http:\/\/reiseblog.mb2812.de\/wp-content\/uploads\/2018\/11\/IMG_7385-1-1373.jpg\" rel=\"noopener noreferrer\"><img loading=\"lazy\" decoding=\"async\" width=\"1440\" height=\"1920\" src=\"https:\/\/mb2812.de\/wp-content\/uploads\/2018\/11\/IMG_7385-1-1373.jpg\" alt=\"\" class=\"wp-image-6605\" style=\"width:600px\" srcset=\"https:\/\/mb2812.de\/wp-content\/uploads\/2018\/11\/IMG_7385-1-1373.jpg 1440w, https:\/\/mb2812.de\/wp-content\/uploads\/2018\/11\/IMG_7385-1-1373-225x300.jpg 225w, https:\/\/mb2812.de\/wp-content\/uploads\/2018\/11\/IMG_7385-1-1373-768x1024.jpg 768w, https:\/\/mb2812.de\/wp-content\/uploads\/2018\/11\/IMG_7385-1-1373-668x891.jpg 668w\" sizes=\"auto, (max-width: 1440px) 100vw, 1440px\" \/><\/a><figcaption class=\"wp-element-caption\">Wie uns sp\u00e4ter im Museum erl\u00e4utert wurde, ist Stricken ein grosses Hobby auf der Insel. Daher gibt es wohl noch solche L\u00e4den<\/figcaption><\/figure>\n\n\n\n<p>Danach marschierten wir um den Mont de la Ville herum. Darauf befindet sich Fort Regent.Ab 1806 gebaut, endete die milit\u00e4rische Karriere endete mit dem Ende der deutschen Besatzung. In den 60er Jahren entschied man sich, dort &nbsp;ein Veranstaltungszentrum (Leisure Centre) zu bauen. Alles in allem ein ist das heute etwas merkw\u00fcrdiger Anblick, unten die historischen Mauern aus dem 19. Jahrhundert, dar\u00fcber ein auch nicht mehr ganz taufrisch wirkendes Riesengeb\u00e4ude im Stil der 70er Jahre.<\/p>\n\n\n\n<p>Danach kommen wir dann zum Hafen.<\/p>\n\n\n\n<figure class=\"wp-block-image aligncenter size-full is-resized\"><a href=\"http:\/\/reiseblog.mb2812.de\/wp-content\/uploads\/2018\/08\/DSC_6416.jpg\" rel=\"noopener noreferrer\"><img loading=\"lazy\" decoding=\"async\" width=\"1920\" height=\"1536\" src=\"https:\/\/mb2812.de\/wp-content\/uploads\/2018\/08\/DSC_6416.jpg\" alt=\"\" class=\"wp-image-6617\" style=\"width:800px\" srcset=\"https:\/\/mb2812.de\/wp-content\/uploads\/2018\/08\/DSC_6416.jpg 1920w, https:\/\/mb2812.de\/wp-content\/uploads\/2018\/08\/DSC_6416-300x240.jpg 300w, https:\/\/mb2812.de\/wp-content\/uploads\/2018\/08\/DSC_6416-768x614.jpg 768w, https:\/\/mb2812.de\/wp-content\/uploads\/2018\/08\/DSC_6416-1024x819.jpg 1024w, https:\/\/mb2812.de\/wp-content\/uploads\/2018\/08\/DSC_6416-668x534.jpg 668w\" sizes=\"auto, (max-width: 1920px) 100vw, 1920px\" \/><\/a><figcaption class=\"wp-element-caption\">Blick \u00fcbder den Hafen auf Fort Elizabeth<\/figcaption><\/figure>\n\n\n\n<figure class=\"wp-block-image aligncenter size-full is-resized\"><a href=\"http:\/\/reiseblog.mb2812.de\/wp-content\/uploads\/2018\/08\/DSC_6420.jpg\" rel=\"noopener noreferrer\"><img loading=\"lazy\" decoding=\"async\" width=\"1920\" height=\"1536\" src=\"https:\/\/mb2812.de\/wp-content\/uploads\/2018\/08\/DSC_6420.jpg\" alt=\"\" class=\"wp-image-6618\" style=\"width:800px\" srcset=\"https:\/\/mb2812.de\/wp-content\/uploads\/2018\/08\/DSC_6420.jpg 1920w, https:\/\/mb2812.de\/wp-content\/uploads\/2018\/08\/DSC_6420-300x240.jpg 300w, https:\/\/mb2812.de\/wp-content\/uploads\/2018\/08\/DSC_6420-768x614.jpg 768w, https:\/\/mb2812.de\/wp-content\/uploads\/2018\/08\/DSC_6420-1024x819.jpg 1024w, https:\/\/mb2812.de\/wp-content\/uploads\/2018\/08\/DSC_6420-668x534.jpg 668w\" sizes=\"auto, (max-width: 1920px) 100vw, 1920px\" \/><\/a><figcaption class=\"wp-element-caption\">Die Hafenbecken f\u00fcr kleinere Sport- und Fischerboote sind bei Ebbe trocken<\/figcaption><\/figure>\n\n\n\n<p>Jetzt geht es endlich zur\u00fcck zum Hotel und wir k\u00f6nnen uns am Nachmittag auf der Terasse bzw. am Pool erholen.<\/p>\n\n\n\n<p>Abendessen ist in St. Aubin, &#8222;The Salty Dog&#8220; heisst das Restaurant am Hafen.<\/p>\n\n\n\n<figure class=\"wp-block-image aligncenter size-full is-resized\"><a href=\"http:\/\/reiseblog.mb2812.de\/wp-content\/uploads\/2018\/11\/IMG_7387-1.jpg\" rel=\"noopener noreferrer\"><img loading=\"lazy\" decoding=\"async\" width=\"1920\" height=\"1536\" src=\"https:\/\/mb2812.de\/wp-content\/uploads\/2018\/11\/IMG_7387-1.jpg\" alt=\"\" class=\"wp-image-6606\" style=\"width:800px\" srcset=\"https:\/\/mb2812.de\/wp-content\/uploads\/2018\/11\/IMG_7387-1.jpg 1920w, https:\/\/mb2812.de\/wp-content\/uploads\/2018\/11\/IMG_7387-1-300x240.jpg 300w, https:\/\/mb2812.de\/wp-content\/uploads\/2018\/11\/IMG_7387-1-768x614.jpg 768w, https:\/\/mb2812.de\/wp-content\/uploads\/2018\/11\/IMG_7387-1-1024x819.jpg 1024w, https:\/\/mb2812.de\/wp-content\/uploads\/2018\/11\/IMG_7387-1-668x534.jpg 668w\" sizes=\"auto, (max-width: 1920px) 100vw, 1920px\" \/><\/a><figcaption class=\"wp-element-caption\">Bei Sonnenuntergang ein Blick auf den Hafen, es ist Ebbe<\/figcaption><\/figure>\n\n\n\n<figure class=\"wp-block-image aligncenter size-full is-resized\"><a href=\"http:\/\/reiseblog.mb2812.de\/wp-content\/uploads\/2018\/11\/IMG_7389-1.jpg\" rel=\"noopener noreferrer\"><img loading=\"lazy\" decoding=\"async\" width=\"1920\" height=\"1536\" src=\"https:\/\/mb2812.de\/wp-content\/uploads\/2018\/11\/IMG_7389-1.jpg\" alt=\"\" class=\"wp-image-6607\" style=\"width:800px\" srcset=\"https:\/\/mb2812.de\/wp-content\/uploads\/2018\/11\/IMG_7389-1.jpg 1920w, https:\/\/mb2812.de\/wp-content\/uploads\/2018\/11\/IMG_7389-1-300x240.jpg 300w, https:\/\/mb2812.de\/wp-content\/uploads\/2018\/11\/IMG_7389-1-768x614.jpg 768w, https:\/\/mb2812.de\/wp-content\/uploads\/2018\/11\/IMG_7389-1-1024x819.jpg 1024w, https:\/\/mb2812.de\/wp-content\/uploads\/2018\/11\/IMG_7389-1-668x534.jpg 668w\" sizes=\"auto, (max-width: 1920px) 100vw, 1920px\" \/><\/a><figcaption class=\"wp-element-caption\">Die Hafeneinfahrt<\/figcaption><\/figure>\n\n\n\n<figure class=\"wp-block-image aligncenter size-full\"><a href=\"https:\/\/mb2812.de\/wp-content\/uploads\/2018\/11\/IMG_7391-1.jpg\" target=\"_blank\" rel=\"noopener noreferrer\"><img loading=\"lazy\" decoding=\"async\" width=\"1920\" height=\"1536\" src=\"https:\/\/mb2812.de\/wp-content\/uploads\/2018\/11\/IMG_7391-1.jpg\" alt=\"\" class=\"wp-image-6608\" srcset=\"https:\/\/mb2812.de\/wp-content\/uploads\/2018\/11\/IMG_7391-1.jpg 1920w, https:\/\/mb2812.de\/wp-content\/uploads\/2018\/11\/IMG_7391-1-300x240.jpg 300w, https:\/\/mb2812.de\/wp-content\/uploads\/2018\/11\/IMG_7391-1-768x614.jpg 768w, https:\/\/mb2812.de\/wp-content\/uploads\/2018\/11\/IMG_7391-1-1024x819.jpg 1024w, https:\/\/mb2812.de\/wp-content\/uploads\/2018\/11\/IMG_7391-1-668x534.jpg 668w\" sizes=\"auto, (max-width: 1920px) 100vw, 1920px\" \/><\/a><figcaption class=\"wp-element-caption\">Im Restaurant<\/figcaption><\/figure>\n\n\n\n<figure class=\"wp-block-image aligncenter size-full is-resized\"><a href=\"http:\/\/reiseblog.mb2812.de\/wp-content\/uploads\/2018\/11\/IMG_7393-1.jpg\" rel=\"noopener noreferrer\"><img loading=\"lazy\" decoding=\"async\" width=\"1440\" height=\"1920\" src=\"https:\/\/mb2812.de\/wp-content\/uploads\/2018\/11\/IMG_7393-1.jpg\" alt=\"\" class=\"wp-image-6609\" style=\"width:600px\" srcset=\"https:\/\/mb2812.de\/wp-content\/uploads\/2018\/11\/IMG_7393-1.jpg 1440w, https:\/\/mb2812.de\/wp-content\/uploads\/2018\/11\/IMG_7393-1-225x300.jpg 225w, https:\/\/mb2812.de\/wp-content\/uploads\/2018\/11\/IMG_7393-1-768x1024.jpg 768w, https:\/\/mb2812.de\/wp-content\/uploads\/2018\/11\/IMG_7393-1-668x891.jpg 668w\" sizes=\"auto, (max-width: 1440px) 100vw, 1440px\" \/><\/a><figcaption class=\"wp-element-caption\">Der Eingang der methodistischen Kirche<\/figcaption><\/figure>\n\n\n\n<figure class=\"wp-block-image aligncenter size-full is-resized\"><a href=\"http:\/\/reiseblog.mb2812.de\/wp-content\/uploads\/2018\/11\/IMG_6585.jpg\" rel=\"noopener noreferrer\"><img loading=\"lazy\" decoding=\"async\" width=\"1920\" height=\"1536\" src=\"https:\/\/mb2812.de\/wp-content\/uploads\/2018\/11\/IMG_6585.jpg\" alt=\"\" class=\"wp-image-6580\" style=\"width:800px\" srcset=\"https:\/\/mb2812.de\/wp-content\/uploads\/2018\/11\/IMG_6585.jpg 1920w, https:\/\/mb2812.de\/wp-content\/uploads\/2018\/11\/IMG_6585-300x240.jpg 300w, https:\/\/mb2812.de\/wp-content\/uploads\/2018\/11\/IMG_6585-768x614.jpg 768w, https:\/\/mb2812.de\/wp-content\/uploads\/2018\/11\/IMG_6585-1024x819.jpg 1024w, https:\/\/mb2812.de\/wp-content\/uploads\/2018\/11\/IMG_6585-668x534.jpg 668w\" sizes=\"auto, (max-width: 1920px) 100vw, 1920px\" \/><\/a><figcaption class=\"wp-element-caption\">&#8222;Le Boulevard&#8220;, bei Nacht, so langsam steigt das Wasser<\/figcaption><\/figure>\n\n\n\n<figure class=\"wp-block-image aligncenter size-full is-resized\"><a href=\"http:\/\/reiseblog.mb2812.de\/wp-content\/uploads\/2018\/11\/IMG_6586.jpg\" rel=\"noopener noreferrer\"><img loading=\"lazy\" decoding=\"async\" width=\"1920\" height=\"1536\" src=\"https:\/\/mb2812.de\/wp-content\/uploads\/2018\/11\/IMG_6586.jpg\" alt=\"\" class=\"wp-image-6581\" style=\"width:800px\" srcset=\"https:\/\/mb2812.de\/wp-content\/uploads\/2018\/11\/IMG_6586.jpg 1920w, https:\/\/mb2812.de\/wp-content\/uploads\/2018\/11\/IMG_6586-300x240.jpg 300w, https:\/\/mb2812.de\/wp-content\/uploads\/2018\/11\/IMG_6586-768x614.jpg 768w, https:\/\/mb2812.de\/wp-content\/uploads\/2018\/11\/IMG_6586-1024x819.jpg 1024w, https:\/\/mb2812.de\/wp-content\/uploads\/2018\/11\/IMG_6586-668x534.jpg 668w\" sizes=\"auto, (max-width: 1920px) 100vw, 1920px\" \/><\/a><figcaption class=\"wp-element-caption\">Und noch ein Blick \u00fcber den Hafen<\/figcaption><\/figure>\n","protected":false},"excerpt":{"rendered":"<p>Stephan und ich machen einen Ausflug zum Strand \u201eGr\u00e8ve de Lecq\u201c immNorden der Insel, auf dem R\u00fcckweg laufen wir noch durch die Stadt St. Helier<\/p>\n","protected":false},"author":1,"featured_media":6872,"comment_status":"closed","ping_status":"closed","sticky":false,"template":"","format":"standard","meta":{"footnotes":""},"categories":[20],"tags":[115,119,187,188],"class_list":["post-6564","post","type-post","status-publish","format-standard","has-post-thumbnail","hentry","category-uk-2018","tag-115","tag-grossbritannien","tag-jersey","tag-st-helier"],"_links":{"self":[{"href":"https:\/\/mb2812.de\/index.php?rest_route=\/wp\/v2\/posts\/6564","targetHints":{"allow":["GET"]}}],"collection":[{"href":"https:\/\/mb2812.de\/index.php?rest_route=\/wp\/v2\/posts"}],"about":[{"href":"https:\/\/mb2812.de\/index.php?rest_route=\/wp\/v2\/types\/post"}],"author":[{"embeddable":true,"href":"https:\/\/mb2812.de\/index.php?rest_route=\/wp\/v2\/users\/1"}],"replies":[{"embeddable":true,"href":"https:\/\/mb2812.de\/index.php?rest_route=%2Fwp%2Fv2%2Fcomments&post=6564"}],"version-history":[{"count":15,"href":"https:\/\/mb2812.de\/index.php?rest_route=\/wp\/v2\/posts\/6564\/revisions"}],"predecessor-version":[{"id":17078,"href":"https:\/\/mb2812.de\/index.php?rest_route=\/wp\/v2\/posts\/6564\/revisions\/17078"}],"wp:featuredmedia":[{"embeddable":true,"href":"https:\/\/mb2812.de\/index.php?rest_route=\/wp\/v2\/media\/6872"}],"wp:attachment":[{"href":"https:\/\/mb2812.de\/index.php?rest_route=%2Fwp%2Fv2%2Fmedia&parent=6564"}],"wp:term":[{"taxonomy":"category","embeddable":true,"href":"https:\/\/mb2812.de\/index.php?rest_route=%2Fwp%2Fv2%2Fcategories&post=6564"},{"taxonomy":"post_tag","embeddable":true,"href":"https:\/\/mb2812.de\/index.php?rest_route=%2Fwp%2Fv2%2Ftags&post=6564"}],"curies":[{"name":"wp","href":"https:\/\/api.w.org\/{rel}","templated":true}]}}