{"id":6419,"date":"2018-07-04T09:00:46","date_gmt":"2018-07-04T07:00:46","guid":{"rendered":"http:\/\/reiseblog.mb2812.de\/?p=6419"},"modified":"2025-04-02T08:07:41","modified_gmt":"2025-04-02T06:07:41","slug":"dampferfahren-auf-dem-genfer-see","status":"publish","type":"post","link":"https:\/\/mb2812.de\/?p=6419","title":{"rendered":"Dampferfahren auf dem Genfer See"},"content":{"rendered":"\n<p>Seit langem stand eine Schiffsfahrt auf dem Genfersee auf meiner Urlaubs-Wunschliste. Heute sollte dies erledigt werden.<\/p>\n\n\n\n<p>Die Schweiz sind zwar ein kleines Land, aber ein paar Teile sind doch so weit von Deutschland entfernt, das es schwierig bis unm\u00f6glich ist, sie per Tagesausflug zu erreichen. Eine Fahrt mit der Bernina-Bahn z.B. klappt nicht. Auch Genf ist etwas weiter entfernt, und zusammen mit den Schiffsfahrpl\u00e4nen war es nicht m\u00f6glich, nach Genf zu fahren und dann mit dem Schiff den ganzen See zu befahren. Wir fuhren daher nur bis Lausanne und machten eine Tour \u00fcber den nord\u00f6stlichen Teil des Sees.<\/p>\n\n\n\n<p>Es hie\u00df also etwas eher aufstehen und wie \u00fcblich mit dem Bus zum Bahnhof. Um 8 Uhr ging es mit dem Zug los, mit einmal Umsteigen in Winterthur und dann \u00fcber Z\u00fcrich, Bern und Fribourg erreichten wir Lausanne um 11:40 Uhr<\/p>\n\n\n\n<figure class=\"wp-block-image aligncenter size-full is-resized alignnone\"><a href=\"http:\/\/reiseblog.mb2812.de\/wp-content\/uploads\/2018\/07\/IMG_5300-1130.jpg\" rel=\"noopener noreferrer\"><img loading=\"lazy\" decoding=\"async\" width=\"1920\" height=\"1536\" src=\"https:\/\/mb2812.de\/wp-content\/uploads\/2018\/07\/IMG_5300-1130.jpg\" alt=\"\" class=\"wp-image-6450\" style=\"width:800px\" srcset=\"https:\/\/mb2812.de\/wp-content\/uploads\/2018\/07\/IMG_5300-1130.jpg 1920w, https:\/\/mb2812.de\/wp-content\/uploads\/2018\/07\/IMG_5300-1130-300x240.jpg 300w, https:\/\/mb2812.de\/wp-content\/uploads\/2018\/07\/IMG_5300-1130-768x614.jpg 768w, https:\/\/mb2812.de\/wp-content\/uploads\/2018\/07\/IMG_5300-1130-1024x819.jpg 1024w, https:\/\/mb2812.de\/wp-content\/uploads\/2018\/07\/IMG_5300-1130-668x534.jpg 668w\" sizes=\"auto, (max-width: 1920px) 100vw, 1920px\" \/><\/a><figcaption class=\"wp-element-caption\">Bald sind wir am Ziel. Blick aus dem Zug auf den Genfer See<\/figcaption><\/figure>\n\n\n\n<!--more-->\n\n\n\n<p>Der Bahnhof liegt &#8222;oben&#8220; am Hang, und hinunter zum See geht es mit der Linie &#8218;m2&#8216; der Metro Lausanne. Dies ist eine 2008 er\u00f6ffnete gummibereifte U-Bahn als Nachfolger einer Zahnradbahn.<\/p>\n\n\n\n<figure class=\"wp-block-image aligncenter size-full is-resized\"><a href=\"http:\/\/reiseblog.mb2812.de\/wp-content\/uploads\/2018\/07\/IMG_5306.jpg\" rel=\"noopener noreferrer\"><img loading=\"lazy\" decoding=\"async\" width=\"1920\" height=\"1536\" src=\"https:\/\/mb2812.de\/wp-content\/uploads\/2018\/07\/IMG_5306.jpg\" alt=\"\" class=\"wp-image-6451\" style=\"width:800px\" srcset=\"https:\/\/mb2812.de\/wp-content\/uploads\/2018\/07\/IMG_5306.jpg 1920w, https:\/\/mb2812.de\/wp-content\/uploads\/2018\/07\/IMG_5306-300x240.jpg 300w, https:\/\/mb2812.de\/wp-content\/uploads\/2018\/07\/IMG_5306-768x614.jpg 768w, https:\/\/mb2812.de\/wp-content\/uploads\/2018\/07\/IMG_5306-1024x819.jpg 1024w, https:\/\/mb2812.de\/wp-content\/uploads\/2018\/07\/IMG_5306-668x534.jpg 668w\" sizes=\"auto, (max-width: 1920px) 100vw, 1920px\" \/><\/a><figcaption class=\"wp-element-caption\">&#8222;Rue du Simplon&#8220; am S\u00fcdausgang des Bahnhofs Lausanne<\/figcaption><\/figure>\n\n\n\n<figure class=\"wp-block-image aligncenter size-full is-resized\"><a href=\"http:\/\/reiseblog.mb2812.de\/wp-content\/uploads\/2018\/07\/IMG_5328.jpg\" rel=\"noopener noreferrer\"><img loading=\"lazy\" decoding=\"async\" width=\"1920\" height=\"1536\" src=\"https:\/\/mb2812.de\/wp-content\/uploads\/2018\/07\/IMG_5328.jpg\" alt=\"\" class=\"wp-image-6452\" style=\"width:800px\" srcset=\"https:\/\/mb2812.de\/wp-content\/uploads\/2018\/07\/IMG_5328.jpg 1920w, https:\/\/mb2812.de\/wp-content\/uploads\/2018\/07\/IMG_5328-300x240.jpg 300w, https:\/\/mb2812.de\/wp-content\/uploads\/2018\/07\/IMG_5328-768x614.jpg 768w, https:\/\/mb2812.de\/wp-content\/uploads\/2018\/07\/IMG_5328-1024x819.jpg 1024w, https:\/\/mb2812.de\/wp-content\/uploads\/2018\/07\/IMG_5328-668x534.jpg 668w\" sizes=\"auto, (max-width: 1920px) 100vw, 1920px\" \/><\/a><figcaption class=\"wp-element-caption\">Ziel erreicht: Wir stehen am Ufer des Sees<\/figcaption><\/figure>\n\n\n\n<p>Die Abfahrtstelle der Boote ist jetzt weder architektonisch noch funktioniell irgendwie herausragend. Wir hatten etwa eine Dreiviertelstunde Zeit bis zur Abfahrt des Schiffes und sahen uns etwas um. Das Schiff kam auch erst kurz vor Abfahrt von der vorherigen Rundfahrt zur\u00fcck.<\/p>\n\n\n\n<figure class=\"wp-block-image aligncenter size-full is-resized\"><a href=\"http:\/\/reiseblog.mb2812.de\/wp-content\/uploads\/2018\/07\/DSC_6033.jpg\" rel=\"noopener noreferrer\"><img loading=\"lazy\" decoding=\"async\" width=\"1920\" height=\"1536\" src=\"https:\/\/mb2812.de\/wp-content\/uploads\/2018\/07\/DSC_6033.jpg\" alt=\"\" class=\"wp-image-6423\" style=\"width:800px\" srcset=\"https:\/\/mb2812.de\/wp-content\/uploads\/2018\/07\/DSC_6033.jpg 1920w, https:\/\/mb2812.de\/wp-content\/uploads\/2018\/07\/DSC_6033-300x240.jpg 300w, https:\/\/mb2812.de\/wp-content\/uploads\/2018\/07\/DSC_6033-768x614.jpg 768w, https:\/\/mb2812.de\/wp-content\/uploads\/2018\/07\/DSC_6033-1024x819.jpg 1024w, https:\/\/mb2812.de\/wp-content\/uploads\/2018\/07\/DSC_6033-668x534.jpg 668w\" sizes=\"auto, (max-width: 1920px) 100vw, 1920px\" \/><\/a><figcaption class=\"wp-element-caption\">Unser Schiff kommt. &#8222;La Suisse&#8220; wurde 1910 gebaut und ist der gr\u00f6\u00dfte Schaufelraddampfer der Schweiz<\/figcaption><\/figure>\n\n\n\n<p>In der Schweiz gibt es h\u00e4ufig auch auf den Schiffen eine Erste Klasse. Als Fahrkarte ab Konstanz hatten wir eine Tageskarte 1. Klasse der SBB, die auch zur Benutzung der anderen \u00f6ffentlichen Verkehrsmittel berechtigte, daher konnten wir es uns vorne &nbsp;auf dem oberen Deck gem\u00fctlich machen.<\/p>\n\n\n\n<figure class=\"wp-block-image aligncenter size-full is-resized\"><a href=\"http:\/\/reiseblog.mb2812.de\/wp-content\/uploads\/2018\/07\/DSC_6037.jpg\" rel=\"noopener noreferrer\"><img loading=\"lazy\" decoding=\"async\" width=\"1920\" height=\"1536\" src=\"https:\/\/mb2812.de\/wp-content\/uploads\/2018\/07\/DSC_6037.jpg\" alt=\"\" class=\"wp-image-6424\" style=\"width:800px\" srcset=\"https:\/\/mb2812.de\/wp-content\/uploads\/2018\/07\/DSC_6037.jpg 1920w, https:\/\/mb2812.de\/wp-content\/uploads\/2018\/07\/DSC_6037-300x240.jpg 300w, https:\/\/mb2812.de\/wp-content\/uploads\/2018\/07\/DSC_6037-768x614.jpg 768w, https:\/\/mb2812.de\/wp-content\/uploads\/2018\/07\/DSC_6037-1024x819.jpg 1024w, https:\/\/mb2812.de\/wp-content\/uploads\/2018\/07\/DSC_6037-668x534.jpg 668w\" sizes=\"auto, (max-width: 1920px) 100vw, 1920px\" \/><\/a><figcaption class=\"wp-element-caption\">Stephan auf dem Deck vor der Kulisse der franz\u00f6sischen Alpen<\/figcaption><\/figure>\n\n\n\n<p>Das Schiff macht eine Rundfahrt ab Lausanne nach St. Gingolph am S\u00fcdufer, &nbsp;dann weiter entlang Ufers nach Vielleneuve und dem Ch\u00e2teau de Chillon am Ostende des Sees, und entlang des Nordufers \u00fcber Montreux und Vevey zur\u00fcck nach Lausanne.<\/p>\n\n\n\n<p>Hier sind eine Menge Fotos von unterwegs:<\/p>\n\n\n\n<figure class=\"wp-block-image aligncenter size-full is-resized\"><a href=\"http:\/\/reiseblog.mb2812.de\/wp-content\/uploads\/2018\/07\/DSC_6044.jpg\" rel=\"noopener noreferrer\"><img loading=\"lazy\" decoding=\"async\" width=\"1920\" height=\"1536\" src=\"https:\/\/mb2812.de\/wp-content\/uploads\/2018\/07\/DSC_6044.jpg\" alt=\"\" class=\"wp-image-6425\" style=\"width:800px\" srcset=\"https:\/\/mb2812.de\/wp-content\/uploads\/2018\/07\/DSC_6044.jpg 1920w, https:\/\/mb2812.de\/wp-content\/uploads\/2018\/07\/DSC_6044-300x240.jpg 300w, https:\/\/mb2812.de\/wp-content\/uploads\/2018\/07\/DSC_6044-768x614.jpg 768w, https:\/\/mb2812.de\/wp-content\/uploads\/2018\/07\/DSC_6044-1024x819.jpg 1024w, https:\/\/mb2812.de\/wp-content\/uploads\/2018\/07\/DSC_6044-668x534.jpg 668w\" sizes=\"auto, (max-width: 1920px) 100vw, 1920px\" \/><\/a><figcaption class=\"wp-element-caption\">Blick zur\u00fcck auf Lausanne<\/figcaption><\/figure>\n\n\n\n<figure class=\"wp-block-image aligncenter size-full is-resized\"><a href=\"http:\/\/reiseblog.mb2812.de\/wp-content\/uploads\/2018\/07\/DSC_6047.jpg\" rel=\"noopener noreferrer\"><img loading=\"lazy\" decoding=\"async\" width=\"1920\" height=\"1536\" src=\"https:\/\/mb2812.de\/wp-content\/uploads\/2018\/07\/DSC_6047.jpg\" alt=\"\" class=\"wp-image-6426\" style=\"width:800px\" srcset=\"https:\/\/mb2812.de\/wp-content\/uploads\/2018\/07\/DSC_6047.jpg 1920w, https:\/\/mb2812.de\/wp-content\/uploads\/2018\/07\/DSC_6047-300x240.jpg 300w, https:\/\/mb2812.de\/wp-content\/uploads\/2018\/07\/DSC_6047-768x614.jpg 768w, https:\/\/mb2812.de\/wp-content\/uploads\/2018\/07\/DSC_6047-1024x819.jpg 1024w, https:\/\/mb2812.de\/wp-content\/uploads\/2018\/07\/DSC_6047-668x534.jpg 668w\" sizes=\"auto, (max-width: 1920px) 100vw, 1920px\" \/><\/a><figcaption class=\"wp-element-caption\">Endlos erstreckt sich der See &#8211; Blick Richtung Genf<\/figcaption><\/figure>\n\n\n\n<figure class=\"wp-block-image aligncenter size-full is-resized\"><a href=\"http:\/\/reiseblog.mb2812.de\/wp-content\/uploads\/2018\/07\/DSC_6064.jpg\" rel=\"noopener noreferrer\"><img loading=\"lazy\" decoding=\"async\" width=\"1920\" height=\"1536\" src=\"https:\/\/mb2812.de\/wp-content\/uploads\/2018\/07\/DSC_6064.jpg\" alt=\"\" class=\"wp-image-6429\" style=\"width:800px\" srcset=\"https:\/\/mb2812.de\/wp-content\/uploads\/2018\/07\/DSC_6064.jpg 1920w, https:\/\/mb2812.de\/wp-content\/uploads\/2018\/07\/DSC_6064-300x240.jpg 300w, https:\/\/mb2812.de\/wp-content\/uploads\/2018\/07\/DSC_6064-768x614.jpg 768w, https:\/\/mb2812.de\/wp-content\/uploads\/2018\/07\/DSC_6064-1024x819.jpg 1024w, https:\/\/mb2812.de\/wp-content\/uploads\/2018\/07\/DSC_6064-668x534.jpg 668w\" sizes=\"auto, (max-width: 1920px) 100vw, 1920px\" \/><\/a><figcaption class=\"wp-element-caption\">Am s\u00fcdlichen Ufer geht es sofort in die Berge<\/figcaption><\/figure>\n\n\n\n<figure class=\"wp-block-image aligncenter size-full is-resized\"><a href=\"http:\/\/reiseblog.mb2812.de\/wp-content\/uploads\/2018\/07\/DSC_6072.jpg\" rel=\"noopener noreferrer\"><img loading=\"lazy\" decoding=\"async\" width=\"1920\" height=\"1536\" src=\"https:\/\/mb2812.de\/wp-content\/uploads\/2018\/07\/DSC_6072.jpg\" alt=\"\" class=\"wp-image-6430\" style=\"width:800px\" srcset=\"https:\/\/mb2812.de\/wp-content\/uploads\/2018\/07\/DSC_6072.jpg 1920w, https:\/\/mb2812.de\/wp-content\/uploads\/2018\/07\/DSC_6072-300x240.jpg 300w, https:\/\/mb2812.de\/wp-content\/uploads\/2018\/07\/DSC_6072-768x614.jpg 768w, https:\/\/mb2812.de\/wp-content\/uploads\/2018\/07\/DSC_6072-1024x819.jpg 1024w, https:\/\/mb2812.de\/wp-content\/uploads\/2018\/07\/DSC_6072-668x534.jpg 668w\" sizes=\"auto, (max-width: 1920px) 100vw, 1920px\" \/><\/a><figcaption class=\"wp-element-caption\">Am Anleger in St. Gingolph, Grenzort zwischen Frankreich und der Schweiz<\/figcaption><\/figure>\n\n\n\n<figure class=\"wp-block-image aligncenter size-full is-resized\"><a href=\"http:\/\/reiseblog.mb2812.de\/wp-content\/uploads\/2018\/07\/DSC_6077.jpg\" rel=\"noopener noreferrer\"><img loading=\"lazy\" decoding=\"async\" width=\"1920\" height=\"1536\" src=\"https:\/\/mb2812.de\/wp-content\/uploads\/2018\/07\/DSC_6077.jpg\" alt=\"\" class=\"wp-image-6432\" style=\"width:800px\" srcset=\"https:\/\/mb2812.de\/wp-content\/uploads\/2018\/07\/DSC_6077.jpg 1920w, https:\/\/mb2812.de\/wp-content\/uploads\/2018\/07\/DSC_6077-300x240.jpg 300w, https:\/\/mb2812.de\/wp-content\/uploads\/2018\/07\/DSC_6077-768x614.jpg 768w, https:\/\/mb2812.de\/wp-content\/uploads\/2018\/07\/DSC_6077-1024x819.jpg 1024w, https:\/\/mb2812.de\/wp-content\/uploads\/2018\/07\/DSC_6077-668x534.jpg 668w\" sizes=\"auto, (max-width: 1920px) 100vw, 1920px\" \/><\/a><figcaption class=\"wp-element-caption\">Das Ortsende von St. Gingolph<\/figcaption><\/figure>\n\n\n\n<figure class=\"wp-block-image aligncenter size-full is-resized\"><a href=\"http:\/\/reiseblog.mb2812.de\/wp-content\/uploads\/2018\/07\/DSC_6080.jpg\" rel=\"noopener noreferrer\"><img loading=\"lazy\" decoding=\"async\" width=\"1920\" height=\"1536\" src=\"https:\/\/mb2812.de\/wp-content\/uploads\/2018\/07\/DSC_6080.jpg\" alt=\"\" class=\"wp-image-6433\" style=\"width:800px\" srcset=\"https:\/\/mb2812.de\/wp-content\/uploads\/2018\/07\/DSC_6080.jpg 1920w, https:\/\/mb2812.de\/wp-content\/uploads\/2018\/07\/DSC_6080-300x240.jpg 300w, https:\/\/mb2812.de\/wp-content\/uploads\/2018\/07\/DSC_6080-768x614.jpg 768w, https:\/\/mb2812.de\/wp-content\/uploads\/2018\/07\/DSC_6080-1024x819.jpg 1024w, https:\/\/mb2812.de\/wp-content\/uploads\/2018\/07\/DSC_6080-668x534.jpg 668w\" sizes=\"auto, (max-width: 1920px) 100vw, 1920px\" \/><\/a><figcaption class=\"wp-element-caption\">Blick auf das Nordufer mit Lausanne und Montreux<\/figcaption><\/figure>\n\n\n\n<figure class=\"wp-block-image aligncenter size-full is-resized\"><a href=\"http:\/\/reiseblog.mb2812.de\/wp-content\/uploads\/2018\/07\/DSC_6084-1244.jpg\" rel=\"noopener noreferrer\"><img loading=\"lazy\" decoding=\"async\" width=\"1920\" height=\"1536\" src=\"https:\/\/mb2812.de\/wp-content\/uploads\/2018\/07\/DSC_6084-1244.jpg\" alt=\"\" class=\"wp-image-6434\" style=\"width:800px\" srcset=\"https:\/\/mb2812.de\/wp-content\/uploads\/2018\/07\/DSC_6084-1244.jpg 1920w, https:\/\/mb2812.de\/wp-content\/uploads\/2018\/07\/DSC_6084-1244-300x240.jpg 300w, https:\/\/mb2812.de\/wp-content\/uploads\/2018\/07\/DSC_6084-1244-768x614.jpg 768w, https:\/\/mb2812.de\/wp-content\/uploads\/2018\/07\/DSC_6084-1244-1024x819.jpg 1024w, https:\/\/mb2812.de\/wp-content\/uploads\/2018\/07\/DSC_6084-1244-668x534.jpg 668w\" sizes=\"auto, (max-width: 1920px) 100vw, 1920px\" \/><\/a><figcaption class=\"wp-element-caption\">Die &#8222;Italie&#8220; von 1908 hat inzwischen einen diesel-elektrischen Antrieb<\/figcaption><\/figure>\n\n\n\n<figure class=\"wp-block-image aligncenter size-full is-resized\"><a href=\"http:\/\/reiseblog.mb2812.de\/wp-content\/uploads\/2018\/07\/DSC_6090.jpg\" rel=\"noopener noreferrer\"><img loading=\"lazy\" decoding=\"async\" width=\"1920\" height=\"1536\" src=\"https:\/\/mb2812.de\/wp-content\/uploads\/2018\/07\/DSC_6090.jpg\" alt=\"\" class=\"wp-image-6435\" style=\"width:800px\" srcset=\"https:\/\/mb2812.de\/wp-content\/uploads\/2018\/07\/DSC_6090.jpg 1920w, https:\/\/mb2812.de\/wp-content\/uploads\/2018\/07\/DSC_6090-300x240.jpg 300w, https:\/\/mb2812.de\/wp-content\/uploads\/2018\/07\/DSC_6090-768x614.jpg 768w, https:\/\/mb2812.de\/wp-content\/uploads\/2018\/07\/DSC_6090-1024x819.jpg 1024w, https:\/\/mb2812.de\/wp-content\/uploads\/2018\/07\/DSC_6090-668x534.jpg 668w\" sizes=\"auto, (max-width: 1920px) 100vw, 1920px\" \/><\/a><figcaption class=\"wp-element-caption\">Am Ostende des Genfer See, hier m\u00fcndet die Rhone in den See<\/figcaption><\/figure>\n\n\n\n<figure class=\"wp-block-image aligncenter size-full is-resized\"><a href=\"http:\/\/reiseblog.mb2812.de\/wp-content\/uploads\/2018\/07\/DSC_6106.jpg\" rel=\"noopener noreferrer\"><img loading=\"lazy\" decoding=\"async\" width=\"1920\" height=\"1371\" src=\"https:\/\/mb2812.de\/wp-content\/uploads\/2018\/07\/DSC_6106.jpg\" alt=\"\" class=\"wp-image-6436\" style=\"width:800px\" srcset=\"https:\/\/mb2812.de\/wp-content\/uploads\/2018\/07\/DSC_6106.jpg 1920w, https:\/\/mb2812.de\/wp-content\/uploads\/2018\/07\/DSC_6106-300x214.jpg 300w, https:\/\/mb2812.de\/wp-content\/uploads\/2018\/07\/DSC_6106-768x548.jpg 768w, https:\/\/mb2812.de\/wp-content\/uploads\/2018\/07\/DSC_6106-1024x731.jpg 1024w, https:\/\/mb2812.de\/wp-content\/uploads\/2018\/07\/DSC_6106-668x477.jpg 668w\" sizes=\"auto, (max-width: 1920px) 100vw, 1920px\" \/><\/a><figcaption class=\"wp-element-caption\">Schloss Chillon, eine der gr\u00f6\u00dferen Sehensw\u00fcrdigkeiten am See<\/figcaption><\/figure>\n\n\n\n<figure class=\"wp-block-image aligncenter size-full is-resized\"><a href=\"http:\/\/reiseblog.mb2812.de\/wp-content\/uploads\/2018\/07\/DSC_6114.jpg\"><img loading=\"lazy\" decoding=\"async\" width=\"1920\" height=\"1371\" src=\"https:\/\/mb2812.de\/wp-content\/uploads\/2018\/07\/DSC_6114.jpg\" alt=\"\" class=\"wp-image-6438\" style=\"width:800px\" srcset=\"https:\/\/mb2812.de\/wp-content\/uploads\/2018\/07\/DSC_6114.jpg 1920w, https:\/\/mb2812.de\/wp-content\/uploads\/2018\/07\/DSC_6114-300x214.jpg 300w, https:\/\/mb2812.de\/wp-content\/uploads\/2018\/07\/DSC_6114-768x548.jpg 768w, https:\/\/mb2812.de\/wp-content\/uploads\/2018\/07\/DSC_6114-1024x731.jpg 1024w, https:\/\/mb2812.de\/wp-content\/uploads\/2018\/07\/DSC_6114-668x477.jpg 668w\" sizes=\"auto, (max-width: 1920px) 100vw, 1920px\" \/><\/a><figcaption class=\"wp-element-caption\">Eines der gro\u00dfen Luxushotels am See: Das 1896 im Sitl de &#8222;Belle Epoque&#8220; gebaute &#8222;Eden Palace&#8220; in Montreux<\/figcaption><\/figure>\n\n\n\n<figure class=\"wp-block-image aligncenter size-full is-resized\"><a href=\"http:\/\/reiseblog.mb2812.de\/wp-content\/uploads\/2018\/07\/DSC_6115-1242.jpg\"><img loading=\"lazy\" decoding=\"async\" width=\"1440\" height=\"1920\" src=\"https:\/\/mb2812.de\/wp-content\/uploads\/2018\/07\/DSC_6115-1242.jpg\" alt=\"\" class=\"wp-image-6439\" style=\"width:600px\" srcset=\"https:\/\/mb2812.de\/wp-content\/uploads\/2018\/07\/DSC_6115-1242.jpg 1440w, https:\/\/mb2812.de\/wp-content\/uploads\/2018\/07\/DSC_6115-1242-225x300.jpg 225w, https:\/\/mb2812.de\/wp-content\/uploads\/2018\/07\/DSC_6115-1242-768x1024.jpg 768w, https:\/\/mb2812.de\/wp-content\/uploads\/2018\/07\/DSC_6115-1242-668x891.jpg 668w\" sizes=\"auto, (max-width: 1440px) 100vw, 1440px\" \/><\/a><figcaption class=\"wp-element-caption\">Dar\u00fcber am Berghang finden sich in ehemaligen Hotels das Glion Institute of Higher Education und ganz oben, in Caux, die SHMS (Swiss Hotel Management School) beides Restaurant- und Hotelhochschulen<\/figcaption><\/figure>\n\n\n\n<figure class=\"wp-block-image aligncenter size-full is-resized\"><a href=\"http:\/\/reiseblog.mb2812.de\/wp-content\/uploads\/2018\/07\/IMG_5463-1511.jpg\" rel=\"noopener noreferrer\"><img loading=\"lazy\" decoding=\"async\" width=\"1920\" height=\"1372\" src=\"https:\/\/mb2812.de\/wp-content\/uploads\/2018\/07\/IMG_5463-1511.jpg\" alt=\"\" class=\"wp-image-6453\" style=\"width:800px\" srcset=\"https:\/\/mb2812.de\/wp-content\/uploads\/2018\/07\/IMG_5463-1511.jpg 1920w, https:\/\/mb2812.de\/wp-content\/uploads\/2018\/07\/IMG_5463-1511-300x214.jpg 300w, https:\/\/mb2812.de\/wp-content\/uploads\/2018\/07\/IMG_5463-1511-768x549.jpg 768w, https:\/\/mb2812.de\/wp-content\/uploads\/2018\/07\/IMG_5463-1511-1024x732.jpg 1024w, https:\/\/mb2812.de\/wp-content\/uploads\/2018\/07\/IMG_5463-1511-668x477.jpg 668w\" sizes=\"auto, (max-width: 1920px) 100vw, 1920px\" \/><\/a><figcaption class=\"wp-element-caption\">Gro\u00dfer Andrang auf dem Anleger in Montreux<\/figcaption><\/figure>\n\n\n\n<figure class=\"wp-block-image aligncenter size-full is-resized\"><a href=\"http:\/\/reiseblog.mb2812.de\/wp-content\/uploads\/2018\/07\/DSC_6124.jpg\" rel=\"noopener noreferrer\"><img loading=\"lazy\" decoding=\"async\" width=\"1920\" height=\"1371\" src=\"https:\/\/mb2812.de\/wp-content\/uploads\/2018\/07\/DSC_6124.jpg\" alt=\"\" class=\"wp-image-6440\" style=\"width:800px\" srcset=\"https:\/\/mb2812.de\/wp-content\/uploads\/2018\/07\/DSC_6124.jpg 1920w, https:\/\/mb2812.de\/wp-content\/uploads\/2018\/07\/DSC_6124-300x214.jpg 300w, https:\/\/mb2812.de\/wp-content\/uploads\/2018\/07\/DSC_6124-768x548.jpg 768w, https:\/\/mb2812.de\/wp-content\/uploads\/2018\/07\/DSC_6124-1024x731.jpg 1024w, https:\/\/mb2812.de\/wp-content\/uploads\/2018\/07\/DSC_6124-668x477.jpg 668w\" sizes=\"auto, (max-width: 1920px) 100vw, 1920px\" \/><\/a><figcaption class=\"wp-element-caption\">Noch eines der gro\u00dfen Hotels: Das Montreux Palace, erbaut 1906<\/figcaption><\/figure>\n\n\n\n<figure class=\"wp-block-image aligncenter size-full is-resized\"><a href=\"http:\/\/reiseblog.mb2812.de\/wp-content\/uploads\/2018\/07\/DSC_6134.jpg\" rel=\"noopener noreferrer\"><img loading=\"lazy\" decoding=\"async\" width=\"1920\" height=\"1371\" src=\"https:\/\/mb2812.de\/wp-content\/uploads\/2018\/07\/DSC_6134.jpg\" alt=\"\" class=\"wp-image-6442\" style=\"width:800px\" srcset=\"https:\/\/mb2812.de\/wp-content\/uploads\/2018\/07\/DSC_6134.jpg 1920w, https:\/\/mb2812.de\/wp-content\/uploads\/2018\/07\/DSC_6134-300x214.jpg 300w, https:\/\/mb2812.de\/wp-content\/uploads\/2018\/07\/DSC_6134-768x548.jpg 768w, https:\/\/mb2812.de\/wp-content\/uploads\/2018\/07\/DSC_6134-1024x731.jpg 1024w, https:\/\/mb2812.de\/wp-content\/uploads\/2018\/07\/DSC_6134-668x477.jpg 668w\" sizes=\"auto, (max-width: 1920px) 100vw, 1920px\" \/><\/a><figcaption class=\"wp-element-caption\">Vevey mit der Eglise Saint-Martin<\/figcaption><\/figure>\n\n\n\n<figure class=\"wp-block-image aligncenter size-full is-resized\"><a href=\"http:\/\/reiseblog.mb2812.de\/wp-content\/uploads\/2018\/07\/DSC_6136-1241.jpg\" rel=\"noopener noreferrer\"><img loading=\"lazy\" decoding=\"async\" width=\"1920\" height=\"1371\" src=\"https:\/\/mb2812.de\/wp-content\/uploads\/2018\/07\/DSC_6136-1241.jpg\" alt=\"\" class=\"wp-image-6443\" style=\"width:800px\" srcset=\"https:\/\/mb2812.de\/wp-content\/uploads\/2018\/07\/DSC_6136-1241.jpg 1920w, https:\/\/mb2812.de\/wp-content\/uploads\/2018\/07\/DSC_6136-1241-300x214.jpg 300w, https:\/\/mb2812.de\/wp-content\/uploads\/2018\/07\/DSC_6136-1241-768x548.jpg 768w, https:\/\/mb2812.de\/wp-content\/uploads\/2018\/07\/DSC_6136-1241-1024x731.jpg 1024w, https:\/\/mb2812.de\/wp-content\/uploads\/2018\/07\/DSC_6136-1241-668x477.jpg 668w\" sizes=\"auto, (max-width: 1920px) 100vw, 1920px\" \/><\/a><figcaption class=\"wp-element-caption\">Das im 13. Jahrhundert gebaute Schloss La Tour-de-Peilz, darin ist das Schweizer Spielemuseum untergebracht<\/figcaption><\/figure>\n\n\n\n<figure class=\"wp-block-image aligncenter size-full is-resized\"><a href=\"http:\/\/reiseblog.mb2812.de\/wp-content\/uploads\/2018\/07\/DSC_6145.jpg\" rel=\"noopener noreferrer\"><img loading=\"lazy\" decoding=\"async\" width=\"1920\" height=\"1371\" src=\"https:\/\/mb2812.de\/wp-content\/uploads\/2018\/07\/DSC_6145.jpg\" alt=\"\" class=\"wp-image-6445\" style=\"width:800px\" srcset=\"https:\/\/mb2812.de\/wp-content\/uploads\/2018\/07\/DSC_6145.jpg 1920w, https:\/\/mb2812.de\/wp-content\/uploads\/2018\/07\/DSC_6145-300x214.jpg 300w, https:\/\/mb2812.de\/wp-content\/uploads\/2018\/07\/DSC_6145-768x548.jpg 768w, https:\/\/mb2812.de\/wp-content\/uploads\/2018\/07\/DSC_6145-1024x731.jpg 1024w, https:\/\/mb2812.de\/wp-content\/uploads\/2018\/07\/DSC_6145-668x477.jpg 668w\" sizes=\"auto, (max-width: 1920px) 100vw, 1920px\" \/><\/a><figcaption class=\"wp-element-caption\">Saint-Saphorin am Ufer und Chexbres links am Berghang<\/figcaption><\/figure>\n\n\n\n<figure class=\"wp-block-image aligncenter size-full is-resized\"><a href=\"http:\/\/reiseblog.mb2812.de\/wp-content\/uploads\/2018\/07\/DSC_6153.jpg\" rel=\"noopener noreferrer\"><img loading=\"lazy\" decoding=\"async\" width=\"1920\" height=\"1484\" src=\"https:\/\/mb2812.de\/wp-content\/uploads\/2018\/07\/DSC_6153.jpg\" alt=\"\" class=\"wp-image-6446\" style=\"width:800px\" srcset=\"https:\/\/mb2812.de\/wp-content\/uploads\/2018\/07\/DSC_6153.jpg 1920w, https:\/\/mb2812.de\/wp-content\/uploads\/2018\/07\/DSC_6153-300x232.jpg 300w, https:\/\/mb2812.de\/wp-content\/uploads\/2018\/07\/DSC_6153-768x594.jpg 768w, https:\/\/mb2812.de\/wp-content\/uploads\/2018\/07\/DSC_6153-1024x791.jpg 1024w, https:\/\/mb2812.de\/wp-content\/uploads\/2018\/07\/DSC_6153-668x516.jpg 668w\" sizes=\"auto, (max-width: 1920px) 100vw, 1920px\" \/><\/a><figcaption class=\"wp-element-caption\">Ein Zug f\u00e4hrt entlang des Ufers durch Saint-Saphorin<\/figcaption><\/figure>\n\n\n\n<figure class=\"wp-block-image aligncenter size-full is-resized\"><a href=\"http:\/\/reiseblog.mb2812.de\/wp-content\/uploads\/2018\/07\/DSC_6165.jpg\"><img loading=\"lazy\" decoding=\"async\" width=\"1920\" height=\"1371\" src=\"https:\/\/mb2812.de\/wp-content\/uploads\/2018\/07\/DSC_6165.jpg\" alt=\"\" class=\"wp-image-6448\" style=\"width:800px\" srcset=\"https:\/\/mb2812.de\/wp-content\/uploads\/2018\/07\/DSC_6165.jpg 1920w, https:\/\/mb2812.de\/wp-content\/uploads\/2018\/07\/DSC_6165-300x214.jpg 300w, https:\/\/mb2812.de\/wp-content\/uploads\/2018\/07\/DSC_6165-768x548.jpg 768w, https:\/\/mb2812.de\/wp-content\/uploads\/2018\/07\/DSC_6165-1024x731.jpg 1024w, https:\/\/mb2812.de\/wp-content\/uploads\/2018\/07\/DSC_6165-668x477.jpg 668w\" sizes=\"auto, (max-width: 1920px) 100vw, 1920px\" \/><\/a><figcaption class=\"wp-element-caption\">Zwischen Vevey und Lausanne wird Wein angebaut<\/figcaption><\/figure>\n\n\n\n<figure class=\"wp-block-image aligncenter size-full is-resized\"><a href=\"http:\/\/reiseblog.mb2812.de\/wp-content\/uploads\/2018\/07\/DSC_6171-1238.jpg\" rel=\"noopener noreferrer\"><img loading=\"lazy\" decoding=\"async\" width=\"1920\" height=\"1371\" src=\"https:\/\/mb2812.de\/wp-content\/uploads\/2018\/07\/DSC_6171-1238.jpg\" alt=\"\" class=\"wp-image-6449\" style=\"width:800px\" srcset=\"https:\/\/mb2812.de\/wp-content\/uploads\/2018\/07\/DSC_6171-1238.jpg 1920w, https:\/\/mb2812.de\/wp-content\/uploads\/2018\/07\/DSC_6171-1238-300x214.jpg 300w, https:\/\/mb2812.de\/wp-content\/uploads\/2018\/07\/DSC_6171-1238-768x548.jpg 768w, https:\/\/mb2812.de\/wp-content\/uploads\/2018\/07\/DSC_6171-1238-1024x731.jpg 1024w, https:\/\/mb2812.de\/wp-content\/uploads\/2018\/07\/DSC_6171-1238-668x477.jpg 668w\" sizes=\"auto, (max-width: 1920px) 100vw, 1920px\" \/><\/a><figcaption class=\"wp-element-caption\">Die Rundfahrt geht zu Ende, wir sind zur\u00fcck in Lausanne, die T\u00fcrme der Kathedrale Notre-Dame \u00fcberragen die Stadt.<\/figcaption><\/figure>\n\n\n\n<p>In Lausanne haben wir uns nach der Schiffsfahrt nicht lange aufgehalten und sind wieder mit der Metro zum Bahnhof zur\u00fcckgefahren. Als Imbiss gab es dort ein belegtes Br\u00f6tchen auf die Hand, und dann ging schon der Zug zur\u00fcck. Wir sind nicht die gleiche Strecke gefahren, sondern entlang des Jurafusses \u00fcber Neuch\u00e2tel und Biel. Hier haben die Z\u00fcge zwar Neigetechnik, brauchen aber trotzdem ein paar Minuten l\u00e4nger sodass es in Winterthur keinen Anschluss nach Konstanz gibt. Wir nutzten die Stunde Aufenthalt dort, um uns im Coop am Bahnhof mit etwas Essbarem zu versorgen.<\/p>\n\n\n\n<p>Um 21 Uhr waren wir wieder in Konstanz, im Biergarten gab es noch etwas zu Trinken und dann ging es mit dem Bus zur\u00fcck zum Hotel.<\/p>\n","protected":false},"excerpt":{"rendered":"<p>Wir fahren einmal quer durch die Schweiz, Ziel des Ausfluges ist der Genfer See. Ab Lausanne machen wir eine Schiffstour \u00fcber den See.<\/p>\n","protected":false},"author":1,"featured_media":6434,"comment_status":"closed","ping_status":"closed","sticky":false,"template":"","format":"standard","meta":{"footnotes":""},"categories":[13],"tags":[115,117,198,208,433,48],"class_list":["post-6419","post","type-post","status-publish","format-standard","has-post-thumbnail","hentry","category-ausfluege","tag-115","tag-ausfluege","tag-bahn","tag-genfer-see","tag-lausanne","tag-schweiz"],"_links":{"self":[{"href":"https:\/\/mb2812.de\/index.php?rest_route=\/wp\/v2\/posts\/6419","targetHints":{"allow":["GET"]}}],"collection":[{"href":"https:\/\/mb2812.de\/index.php?rest_route=\/wp\/v2\/posts"}],"about":[{"href":"https:\/\/mb2812.de\/index.php?rest_route=\/wp\/v2\/types\/post"}],"author":[{"embeddable":true,"href":"https:\/\/mb2812.de\/index.php?rest_route=\/wp\/v2\/users\/1"}],"replies":[{"embeddable":true,"href":"https:\/\/mb2812.de\/index.php?rest_route=%2Fwp%2Fv2%2Fcomments&post=6419"}],"version-history":[{"count":16,"href":"https:\/\/mb2812.de\/index.php?rest_route=\/wp\/v2\/posts\/6419\/revisions"}],"predecessor-version":[{"id":17055,"href":"https:\/\/mb2812.de\/index.php?rest_route=\/wp\/v2\/posts\/6419\/revisions\/17055"}],"wp:featuredmedia":[{"embeddable":true,"href":"https:\/\/mb2812.de\/index.php?rest_route=\/wp\/v2\/media\/6434"}],"wp:attachment":[{"href":"https:\/\/mb2812.de\/index.php?rest_route=%2Fwp%2Fv2%2Fmedia&parent=6419"}],"wp:term":[{"taxonomy":"category","embeddable":true,"href":"https:\/\/mb2812.de\/index.php?rest_route=%2Fwp%2Fv2%2Fcategories&post=6419"},{"taxonomy":"post_tag","embeddable":true,"href":"https:\/\/mb2812.de\/index.php?rest_route=%2Fwp%2Fv2%2Ftags&post=6419"}],"curies":[{"name":"wp","href":"https:\/\/api.w.org\/{rel}","templated":true}]}}