{"id":6352,"date":"2018-07-03T09:00:32","date_gmt":"2018-07-03T07:00:32","guid":{"rendered":"http:\/\/reiseblog.mb2812.de\/?p=6352"},"modified":"2025-04-01T12:31:27","modified_gmt":"2025-04-01T10:31:27","slug":"unterwegs-mit-dem-ostwind","status":"publish","type":"post","link":"https:\/\/mb2812.de\/?p=6352","title":{"rendered":"Unterwegs mit dem Ostwind"},"content":{"rendered":"\n<p><span style=\"color: #333333;\">Eigentlich wollten wir heute ins Appenzellerland, auf den S\u00e4ntis. Leider war das Wetter sehr schlecht, die Webcam zeigte nur Grau in Grau statt eines Alpenpanoramas, und kurzfristige Wetterbesserung war nicht in Sicht. Wir entschieden uns daher, einen alten Plan aufzugreifen und ans &#8222;S\u00fcdende des Ostwinds&#8220; zu fahren. &#8222;Ostwind&#8220; ist dabei der Verkehrsverbund Ostschweiz, der auch den Kanton Glarus umfasst, und die s\u00fcdlichste Bahnstation dort ist Linthal. Auf direktem Wege kommt man nicht dahin, der ginge \u00fcber Z\u00fcrich und dort hat man den ZVV, den Z\u00fcrcher Verkehrsverbund. Mit der Tageskarte des Ostwinds muss man \u00fcber St. Gallen fahren. Kompliziert ist das aber nicht:<\/span><\/p>\n\n\n\n<figure class=\"wp-block-image aligncenter size-full is-resized\"><a href=\"http:\/\/reiseblog.mb2812.de\/wp-content\/uploads\/2018\/08\/IMG_6887.jpg\" target=\"_blank\" rel=\"noopener\"><img loading=\"lazy\" decoding=\"async\" width=\"1440\" height=\"2560\" src=\"https:\/\/mb2812.de\/wp-content\/uploads\/2018\/08\/IMG_6887.jpg\" alt=\"\" class=\"wp-image-6353\" style=\"width:450px\" srcset=\"https:\/\/mb2812.de\/wp-content\/uploads\/2018\/08\/IMG_6887.jpg 1440w, https:\/\/mb2812.de\/wp-content\/uploads\/2018\/08\/IMG_6887-169x300.jpg 169w, https:\/\/mb2812.de\/wp-content\/uploads\/2018\/08\/IMG_6887-768x1365.jpg 768w, https:\/\/mb2812.de\/wp-content\/uploads\/2018\/08\/IMG_6887-576x1024.jpg 576w, https:\/\/mb2812.de\/wp-content\/uploads\/2018\/08\/IMG_6887-668x1188.jpg 668w\" sizes=\"auto, (max-width: 1440px) 100vw, 1440px\" \/><\/a><\/figure>\n\n\n\n<p><\/p>\n\n\n\n<!--more-->\n\n\n\n<figure class=\"wp-block-image aligncenter size-full is-resized\"><a href=\"http:\/\/reiseblog.mb2812.de\/wp-content\/uploads\/2018\/07\/Ohne-Titel-2.jpg\" target=\"_blank\" rel=\"noopener\"><img loading=\"lazy\" decoding=\"async\" width=\"1440\" height=\"1783\" src=\"https:\/\/mb2812.de\/wp-content\/uploads\/2018\/07\/Ohne-Titel-2.jpg\" alt=\"\" class=\"wp-image-6358\" style=\"width:450px\" srcset=\"https:\/\/mb2812.de\/wp-content\/uploads\/2018\/07\/Ohne-Titel-2.jpg 1440w, https:\/\/mb2812.de\/wp-content\/uploads\/2018\/07\/Ohne-Titel-2-242x300.jpg 242w, https:\/\/mb2812.de\/wp-content\/uploads\/2018\/07\/Ohne-Titel-2-768x951.jpg 768w, https:\/\/mb2812.de\/wp-content\/uploads\/2018\/07\/Ohne-Titel-2-827x1024.jpg 827w, https:\/\/mb2812.de\/wp-content\/uploads\/2018\/07\/Ohne-Titel-2-668x827.jpg 668w\" sizes=\"auto, (max-width: 1440px) 100vw, 1440px\" \/><\/a><\/figure>\n\n\n\n<p><\/p>\n\n\n\n<figure class=\"wp-block-image aligncenter size-full is-resized\"><a href=\"http:\/\/reiseblog.mb2812.de\/wp-content\/uploads\/2018\/07\/IMG_6892.jpg\" rel=\"noopener\"><img loading=\"lazy\" decoding=\"async\" width=\"1800\" height=\"1440\" src=\"https:\/\/mb2812.de\/wp-content\/uploads\/2018\/07\/IMG_6892.jpg\" alt=\"\" class=\"wp-image-6360\" style=\"width:800px\" srcset=\"https:\/\/mb2812.de\/wp-content\/uploads\/2018\/07\/IMG_6892.jpg 1800w, https:\/\/mb2812.de\/wp-content\/uploads\/2018\/07\/IMG_6892-300x240.jpg 300w, https:\/\/mb2812.de\/wp-content\/uploads\/2018\/07\/IMG_6892-768x614.jpg 768w, https:\/\/mb2812.de\/wp-content\/uploads\/2018\/07\/IMG_6892-1024x819.jpg 1024w, https:\/\/mb2812.de\/wp-content\/uploads\/2018\/07\/IMG_6892-668x534.jpg 668w\" sizes=\"auto, (max-width: 1800px) 100vw, 1800px\" \/><\/a><figcaption class=\"wp-element-caption\">Umsteigen in St. Gallen. Ein Grossteil der im Regionalverkehr eingesetzten Fahrzeuge sind &#8222;Gtw&#8220; von Stadler, wie dieses Exxemplar der SBB Tochtergesellschaft &#8222;Thurbo&#8220;<\/figcaption><\/figure>\n\n\n\n<figure class=\"wp-block-image aligncenter size-full is-resized\"><a href=\"http:\/\/reiseblog.mb2812.de\/wp-content\/uploads\/2018\/07\/IMG_6894-1115.jpg\" rel=\"noopener\"><img loading=\"lazy\" decoding=\"async\" width=\"1800\" height=\"1440\" src=\"https:\/\/mb2812.de\/wp-content\/uploads\/2018\/07\/IMG_6894-1115.jpg\" alt=\"\" class=\"wp-image-6361\" style=\"width:800px\" srcset=\"https:\/\/mb2812.de\/wp-content\/uploads\/2018\/07\/IMG_6894-1115.jpg 1800w, https:\/\/mb2812.de\/wp-content\/uploads\/2018\/07\/IMG_6894-1115-300x240.jpg 300w, https:\/\/mb2812.de\/wp-content\/uploads\/2018\/07\/IMG_6894-1115-768x614.jpg 768w, https:\/\/mb2812.de\/wp-content\/uploads\/2018\/07\/IMG_6894-1115-1024x819.jpg 1024w, https:\/\/mb2812.de\/wp-content\/uploads\/2018\/07\/IMG_6894-1115-668x534.jpg 668w\" sizes=\"auto, (max-width: 1800px) 100vw, 1800px\" \/><\/a><figcaption class=\"wp-element-caption\">Ein Intercity im Hauptbahnhof St. Gallen<\/figcaption><\/figure>\n\n\n\n<figure class=\"wp-block-image aligncenter size-full is-resized\"><a href=\"http:\/\/reiseblog.mb2812.de\/wp-content\/uploads\/2018\/07\/IMG_5098-1237.jpg\" rel=\"noopener\"><img loading=\"lazy\" decoding=\"async\" width=\"1800\" height=\"1440\" src=\"https:\/\/mb2812.de\/wp-content\/uploads\/2018\/07\/IMG_5098-1237.jpg\" alt=\"\" class=\"wp-image-6362\" style=\"width:800px\" srcset=\"https:\/\/mb2812.de\/wp-content\/uploads\/2018\/07\/IMG_5098-1237.jpg 1800w, https:\/\/mb2812.de\/wp-content\/uploads\/2018\/07\/IMG_5098-1237-300x240.jpg 300w, https:\/\/mb2812.de\/wp-content\/uploads\/2018\/07\/IMG_5098-1237-768x614.jpg 768w, https:\/\/mb2812.de\/wp-content\/uploads\/2018\/07\/IMG_5098-1237-1024x819.jpg 1024w, https:\/\/mb2812.de\/wp-content\/uploads\/2018\/07\/IMG_5098-1237-668x534.jpg 668w\" sizes=\"auto, (max-width: 1800px) 100vw, 1800px\" \/><\/a><figcaption class=\"wp-element-caption\">Unterwegs im Voralpenland<\/figcaption><\/figure>\n\n\n\n<figure class=\"wp-block-image aligncenter size-full is-resized\"><a href=\"http:\/\/reiseblog.mb2812.de\/wp-content\/uploads\/2018\/07\/IMG_5099.jpg\" rel=\"noopener\"><img loading=\"lazy\" decoding=\"async\" width=\"1800\" height=\"1440\" src=\"https:\/\/mb2812.de\/wp-content\/uploads\/2018\/07\/IMG_5099.jpg\" alt=\"\" class=\"wp-image-6363\" style=\"width:800px\" srcset=\"https:\/\/mb2812.de\/wp-content\/uploads\/2018\/07\/IMG_5099.jpg 1800w, https:\/\/mb2812.de\/wp-content\/uploads\/2018\/07\/IMG_5099-300x240.jpg 300w, https:\/\/mb2812.de\/wp-content\/uploads\/2018\/07\/IMG_5099-768x614.jpg 768w, https:\/\/mb2812.de\/wp-content\/uploads\/2018\/07\/IMG_5099-1024x819.jpg 1024w, https:\/\/mb2812.de\/wp-content\/uploads\/2018\/07\/IMG_5099-668x534.jpg 668w\" sizes=\"auto, (max-width: 1800px) 100vw, 1800px\" \/><\/a><figcaption class=\"wp-element-caption\">Unterwegs im Voralpenland<\/figcaption><\/figure>\n\n\n\n<figure class=\"wp-block-image aligncenter size-full is-resized\"><a href=\"http:\/\/reiseblog.mb2812.de\/wp-content\/uploads\/2018\/07\/IMG_6895-1131.jpg\" rel=\"noopener\"><img loading=\"lazy\" decoding=\"async\" width=\"1800\" height=\"1440\" src=\"https:\/\/mb2812.de\/wp-content\/uploads\/2018\/07\/IMG_6895-1131.jpg\" alt=\"\" class=\"wp-image-6383\" style=\"width:800px\" srcset=\"https:\/\/mb2812.de\/wp-content\/uploads\/2018\/07\/IMG_6895-1131.jpg 1800w, https:\/\/mb2812.de\/wp-content\/uploads\/2018\/07\/IMG_6895-1131-300x240.jpg 300w, https:\/\/mb2812.de\/wp-content\/uploads\/2018\/07\/IMG_6895-1131-768x614.jpg 768w, https:\/\/mb2812.de\/wp-content\/uploads\/2018\/07\/IMG_6895-1131-1024x819.jpg 1024w, https:\/\/mb2812.de\/wp-content\/uploads\/2018\/07\/IMG_6895-1131-668x534.jpg 668w\" sizes=\"auto, (max-width: 1800px) 100vw, 1800px\" \/><\/a><figcaption class=\"wp-element-caption\">Die Kirche in Mitl\u00f6di aus dem Zug<\/figcaption><\/figure>\n\n\n\n<figure class=\"wp-block-image aligncenter size-full is-resized\"><a href=\"http:\/\/reiseblog.mb2812.de\/wp-content\/uploads\/2018\/07\/IMG_5172-1292.jpg\" rel=\"noopener\"><img loading=\"lazy\" decoding=\"async\" width=\"1800\" height=\"1440\" src=\"https:\/\/mb2812.de\/wp-content\/uploads\/2018\/07\/IMG_5172-1292.jpg\" alt=\"\" class=\"wp-image-6375\" style=\"width:800px\" srcset=\"https:\/\/mb2812.de\/wp-content\/uploads\/2018\/07\/IMG_5172-1292.jpg 1800w, https:\/\/mb2812.de\/wp-content\/uploads\/2018\/07\/IMG_5172-1292-300x240.jpg 300w, https:\/\/mb2812.de\/wp-content\/uploads\/2018\/07\/IMG_5172-1292-768x614.jpg 768w, https:\/\/mb2812.de\/wp-content\/uploads\/2018\/07\/IMG_5172-1292-1024x819.jpg 1024w, https:\/\/mb2812.de\/wp-content\/uploads\/2018\/07\/IMG_5172-1292-668x534.jpg 668w\" sizes=\"auto, (max-width: 1800px) 100vw, 1800px\" \/><\/a><figcaption class=\"wp-element-caption\">Wagen der Braunwaldbahn in der Talstation<\/figcaption><\/figure>\n\n\n\n<figure class=\"wp-block-image aligncenter size-full is-resized\"><a href=\"http:\/\/reiseblog.mb2812.de\/wp-content\/uploads\/2018\/07\/DSC_6010.jpg\" rel=\"noopener\"><img loading=\"lazy\" decoding=\"async\" width=\"1440\" height=\"1800\" src=\"https:\/\/mb2812.de\/wp-content\/uploads\/2018\/07\/DSC_6010.jpg\" alt=\"\" class=\"wp-image-6370\" style=\"width:600px\" srcset=\"https:\/\/mb2812.de\/wp-content\/uploads\/2018\/07\/DSC_6010.jpg 1440w, https:\/\/mb2812.de\/wp-content\/uploads\/2018\/07\/DSC_6010-240x300.jpg 240w, https:\/\/mb2812.de\/wp-content\/uploads\/2018\/07\/DSC_6010-768x960.jpg 768w, https:\/\/mb2812.de\/wp-content\/uploads\/2018\/07\/DSC_6010-819x1024.jpg 819w, https:\/\/mb2812.de\/wp-content\/uploads\/2018\/07\/DSC_6010-668x835.jpg 668w\" sizes=\"auto, (max-width: 1440px) 100vw, 1440px\" \/><\/a><figcaption class=\"wp-element-caption\">Langsam geht es den Berg hoch<\/figcaption><\/figure>\n\n\n\n<figure class=\"wp-block-image aligncenter size-full is-resized\"><a href=\"http:\/\/reiseblog.mb2812.de\/wp-content\/uploads\/2018\/07\/DSC_6012.jpg\" rel=\"noopener\"><img loading=\"lazy\" decoding=\"async\" width=\"1800\" height=\"1440\" src=\"https:\/\/mb2812.de\/wp-content\/uploads\/2018\/07\/DSC_6012.jpg\" alt=\"\" class=\"wp-image-6371\" style=\"width:800px\" srcset=\"https:\/\/mb2812.de\/wp-content\/uploads\/2018\/07\/DSC_6012.jpg 1800w, https:\/\/mb2812.de\/wp-content\/uploads\/2018\/07\/DSC_6012-300x240.jpg 300w, https:\/\/mb2812.de\/wp-content\/uploads\/2018\/07\/DSC_6012-768x614.jpg 768w, https:\/\/mb2812.de\/wp-content\/uploads\/2018\/07\/DSC_6012-1024x819.jpg 1024w, https:\/\/mb2812.de\/wp-content\/uploads\/2018\/07\/DSC_6012-668x534.jpg 668w\" sizes=\"auto, (max-width: 1800px) 100vw, 1800px\" \/><\/a><figcaption class=\"wp-element-caption\">Linthal<\/figcaption><\/figure>\n\n\n\n<figure class=\"wp-block-image aligncenter size-full is-resized\"><a href=\"http:\/\/reiseblog.mb2812.de\/wp-content\/uploads\/2018\/07\/DSC_6016.jpg\" rel=\"noopener\"><img loading=\"lazy\" decoding=\"async\" width=\"1800\" height=\"1440\" src=\"https:\/\/mb2812.de\/wp-content\/uploads\/2018\/07\/DSC_6016.jpg\" alt=\"\" class=\"wp-image-6372\" style=\"width:800px\" srcset=\"https:\/\/mb2812.de\/wp-content\/uploads\/2018\/07\/DSC_6016.jpg 1800w, https:\/\/mb2812.de\/wp-content\/uploads\/2018\/07\/DSC_6016-300x240.jpg 300w, https:\/\/mb2812.de\/wp-content\/uploads\/2018\/07\/DSC_6016-768x614.jpg 768w, https:\/\/mb2812.de\/wp-content\/uploads\/2018\/07\/DSC_6016-1024x819.jpg 1024w, https:\/\/mb2812.de\/wp-content\/uploads\/2018\/07\/DSC_6016-668x534.jpg 668w\" sizes=\"auto, (max-width: 1800px) 100vw, 1800px\" \/><\/a><figcaption class=\"wp-element-caption\">In der Ausweiche in Streckenmitte begegnet uns der andere Wagen der Bahn<\/figcaption><\/figure>\n\n\n\n<figure class=\"wp-block-image aligncenter size-full is-resized\"><a href=\"http:\/\/reiseblog.mb2812.de\/wp-content\/uploads\/2018\/07\/IMG_5158.jpg\" rel=\"noopener\"><img loading=\"lazy\" decoding=\"async\" width=\"1800\" height=\"1440\" src=\"https:\/\/mb2812.de\/wp-content\/uploads\/2018\/07\/IMG_5158.jpg\" alt=\"\" class=\"wp-image-6374\" style=\"width:800px\" srcset=\"https:\/\/mb2812.de\/wp-content\/uploads\/2018\/07\/IMG_5158.jpg 1800w, https:\/\/mb2812.de\/wp-content\/uploads\/2018\/07\/IMG_5158-300x240.jpg 300w, https:\/\/mb2812.de\/wp-content\/uploads\/2018\/07\/IMG_5158-768x614.jpg 768w, https:\/\/mb2812.de\/wp-content\/uploads\/2018\/07\/IMG_5158-1024x819.jpg 1024w, https:\/\/mb2812.de\/wp-content\/uploads\/2018\/07\/IMG_5158-668x534.jpg 668w\" sizes=\"auto, (max-width: 1800px) 100vw, 1800px\" \/><\/a><figcaption class=\"wp-element-caption\">&#8222;Oben&#8220; gibt es nicht sonderlich \u00fcbersichtliche Wegweiser, ob es sich lohnt irgendwo hinzugehen kann man im dichten Nebel nicht erkennen<\/figcaption><\/figure>\n\n\n\n<figure class=\"wp-block-image aligncenter size-full is-resized\"><a href=\"http:\/\/reiseblog.mb2812.de\/wp-content\/uploads\/2018\/07\/DSC_6019.jpg\" rel=\"noopener\"><img loading=\"lazy\" decoding=\"async\" width=\"1800\" height=\"1440\" src=\"https:\/\/mb2812.de\/wp-content\/uploads\/2018\/07\/DSC_6019.jpg\" alt=\"\" class=\"wp-image-6373\" style=\"width:800px\" srcset=\"https:\/\/mb2812.de\/wp-content\/uploads\/2018\/07\/DSC_6019.jpg 1800w, https:\/\/mb2812.de\/wp-content\/uploads\/2018\/07\/DSC_6019-300x240.jpg 300w, https:\/\/mb2812.de\/wp-content\/uploads\/2018\/07\/DSC_6019-768x614.jpg 768w, https:\/\/mb2812.de\/wp-content\/uploads\/2018\/07\/DSC_6019-1024x819.jpg 1024w, https:\/\/mb2812.de\/wp-content\/uploads\/2018\/07\/DSC_6019-668x534.jpg 668w\" sizes=\"auto, (max-width: 1800px) 100vw, 1800px\" \/><\/a><figcaption class=\"wp-element-caption\">Dies w\u00fcrden Sie sehen, wenn sie was sehen w\u00fcrden<\/figcaption><\/figure>\n\n\n\n<figure class=\"wp-block-image aligncenter size-full is-resized\"><a href=\"http:\/\/reiseblog.mb2812.de\/wp-content\/uploads\/2018\/07\/IMG_6919.jpg\" rel=\"noopener\"><img loading=\"lazy\" decoding=\"async\" width=\"1800\" height=\"1440\" src=\"https:\/\/mb2812.de\/wp-content\/uploads\/2018\/07\/IMG_6919.jpg\" alt=\"\" class=\"wp-image-6384\" style=\"width:800px\" srcset=\"https:\/\/mb2812.de\/wp-content\/uploads\/2018\/07\/IMG_6919.jpg 1800w, https:\/\/mb2812.de\/wp-content\/uploads\/2018\/07\/IMG_6919-300x240.jpg 300w, https:\/\/mb2812.de\/wp-content\/uploads\/2018\/07\/IMG_6919-768x614.jpg 768w, https:\/\/mb2812.de\/wp-content\/uploads\/2018\/07\/IMG_6919-1024x819.jpg 1024w, https:\/\/mb2812.de\/wp-content\/uploads\/2018\/07\/IMG_6919-668x534.jpg 668w\" sizes=\"auto, (max-width: 1800px) 100vw, 1800px\" \/><\/a><figcaption class=\"wp-element-caption\">Also machen wir uns auf die R\u00fcckfahrt<\/figcaption><\/figure>\n\n\n\n<figure class=\"wp-block-image aligncenter size-full is-resized\"><a href=\"http:\/\/reiseblog.mb2812.de\/wp-content\/uploads\/2018\/07\/IMG_6923.jpg\" rel=\"noopener\"><img loading=\"lazy\" decoding=\"async\" width=\"1800\" height=\"1440\" src=\"https:\/\/mb2812.de\/wp-content\/uploads\/2018\/07\/IMG_6923.jpg\" alt=\"\" class=\"wp-image-6385\" style=\"width:800px\" srcset=\"https:\/\/mb2812.de\/wp-content\/uploads\/2018\/07\/IMG_6923.jpg 1800w, https:\/\/mb2812.de\/wp-content\/uploads\/2018\/07\/IMG_6923-300x240.jpg 300w, https:\/\/mb2812.de\/wp-content\/uploads\/2018\/07\/IMG_6923-768x614.jpg 768w, https:\/\/mb2812.de\/wp-content\/uploads\/2018\/07\/IMG_6923-1024x819.jpg 1024w, https:\/\/mb2812.de\/wp-content\/uploads\/2018\/07\/IMG_6923-668x534.jpg 668w\" sizes=\"auto, (max-width: 1800px) 100vw, 1800px\" \/><\/a><figcaption class=\"wp-element-caption\">Unterhalb der Wolkengrenze taucht die Landschaft wieder auf<\/figcaption><\/figure>\n\n\n\n<figure class=\"wp-block-image aligncenter size-full is-resized\"><a href=\"http:\/\/reiseblog.mb2812.de\/wp-content\/uploads\/2018\/07\/IMG_6924.jpg\" rel=\"noopener\"><img loading=\"lazy\" decoding=\"async\" width=\"1800\" height=\"1440\" src=\"https:\/\/mb2812.de\/wp-content\/uploads\/2018\/07\/IMG_6924.jpg\" alt=\"\" class=\"wp-image-6386\" style=\"width:800px\" srcset=\"https:\/\/mb2812.de\/wp-content\/uploads\/2018\/07\/IMG_6924.jpg 1800w, https:\/\/mb2812.de\/wp-content\/uploads\/2018\/07\/IMG_6924-300x240.jpg 300w, https:\/\/mb2812.de\/wp-content\/uploads\/2018\/07\/IMG_6924-768x614.jpg 768w, https:\/\/mb2812.de\/wp-content\/uploads\/2018\/07\/IMG_6924-1024x819.jpg 1024w, https:\/\/mb2812.de\/wp-content\/uploads\/2018\/07\/IMG_6924-668x534.jpg 668w\" sizes=\"auto, (max-width: 1800px) 100vw, 1800px\" \/><\/a><figcaption class=\"wp-element-caption\">Blick ins Tal<\/figcaption><\/figure>\n\n\n\n<figure class=\"wp-block-image aligncenter size-full is-resized\"><a href=\"http:\/\/reiseblog.mb2812.de\/wp-content\/uploads\/2018\/07\/IMG_6928.jpg\"><img loading=\"lazy\" decoding=\"async\" width=\"1440\" height=\"1800\" src=\"https:\/\/mb2812.de\/wp-content\/uploads\/2018\/07\/IMG_6928.jpg\" alt=\"\" class=\"wp-image-6387\" style=\"width:600px\" srcset=\"https:\/\/mb2812.de\/wp-content\/uploads\/2018\/07\/IMG_6928.jpg 1440w, https:\/\/mb2812.de\/wp-content\/uploads\/2018\/07\/IMG_6928-240x300.jpg 240w, https:\/\/mb2812.de\/wp-content\/uploads\/2018\/07\/IMG_6928-768x960.jpg 768w, https:\/\/mb2812.de\/wp-content\/uploads\/2018\/07\/IMG_6928-819x1024.jpg 819w, https:\/\/mb2812.de\/wp-content\/uploads\/2018\/07\/IMG_6928-668x835.jpg 668w\" sizes=\"auto, (max-width: 1440px) 100vw, 1440px\" \/><\/a><figcaption class=\"wp-element-caption\">Dies ist der Brummbach<\/figcaption><\/figure>\n\n\n\n<figure class=\"wp-block-image aligncenter size-full is-resized\"><a href=\"http:\/\/reiseblog.mb2812.de\/wp-content\/uploads\/2018\/07\/IMG_5184.jpg\" rel=\"noopener\"><img loading=\"lazy\" decoding=\"async\" width=\"1800\" height=\"1440\" src=\"https:\/\/mb2812.de\/wp-content\/uploads\/2018\/07\/IMG_5184.jpg\" alt=\"\" class=\"wp-image-6376\" style=\"width:800px\" srcset=\"https:\/\/mb2812.de\/wp-content\/uploads\/2018\/07\/IMG_5184.jpg 1800w, https:\/\/mb2812.de\/wp-content\/uploads\/2018\/07\/IMG_5184-300x240.jpg 300w, https:\/\/mb2812.de\/wp-content\/uploads\/2018\/07\/IMG_5184-768x614.jpg 768w, https:\/\/mb2812.de\/wp-content\/uploads\/2018\/07\/IMG_5184-1024x819.jpg 1024w, https:\/\/mb2812.de\/wp-content\/uploads\/2018\/07\/IMG_5184-668x534.jpg 668w\" sizes=\"auto, (max-width: 1800px) 100vw, 1800px\" \/><\/a><figcaption class=\"wp-element-caption\">Entlang der Poststrasse. Im Hintergrund die katholische Kirche<\/figcaption><\/figure>\n\n\n\n<figure class=\"wp-block-image aligncenter size-full is-resized\"><a href=\"http:\/\/reiseblog.mb2812.de\/wp-content\/uploads\/2018\/07\/IMG_5185.jpg\"><img loading=\"lazy\" decoding=\"async\" width=\"1440\" height=\"1800\" src=\"https:\/\/mb2812.de\/wp-content\/uploads\/2018\/07\/IMG_5185.jpg\" alt=\"\" class=\"wp-image-6377\" style=\"width:600px\" srcset=\"https:\/\/mb2812.de\/wp-content\/uploads\/2018\/07\/IMG_5185.jpg 1440w, https:\/\/mb2812.de\/wp-content\/uploads\/2018\/07\/IMG_5185-240x300.jpg 240w, https:\/\/mb2812.de\/wp-content\/uploads\/2018\/07\/IMG_5185-768x960.jpg 768w, https:\/\/mb2812.de\/wp-content\/uploads\/2018\/07\/IMG_5185-819x1024.jpg 819w, https:\/\/mb2812.de\/wp-content\/uploads\/2018\/07\/IMG_5185-668x835.jpg 668w\" sizes=\"auto, (max-width: 1440px) 100vw, 1440px\" \/><\/a><figcaption class=\"wp-element-caption\">Blick von einer der Br\u00fccken \u00fcber die Linth weiter talaufw\u00e4rts<\/figcaption><\/figure>\n\n\n\n<figure class=\"wp-block-image aligncenter size-full is-resized\"><a href=\"http:\/\/reiseblog.mb2812.de\/wp-content\/uploads\/2018\/07\/IMG_5191.jpg\" rel=\"noopener\"><img loading=\"lazy\" decoding=\"async\" width=\"1800\" height=\"1440\" src=\"https:\/\/mb2812.de\/wp-content\/uploads\/2018\/07\/IMG_5191.jpg\" alt=\"\" class=\"wp-image-6378\" style=\"width:800px\" srcset=\"https:\/\/mb2812.de\/wp-content\/uploads\/2018\/07\/IMG_5191.jpg 1800w, https:\/\/mb2812.de\/wp-content\/uploads\/2018\/07\/IMG_5191-300x240.jpg 300w, https:\/\/mb2812.de\/wp-content\/uploads\/2018\/07\/IMG_5191-768x614.jpg 768w, https:\/\/mb2812.de\/wp-content\/uploads\/2018\/07\/IMG_5191-1024x819.jpg 1024w, https:\/\/mb2812.de\/wp-content\/uploads\/2018\/07\/IMG_5191-668x534.jpg 668w\" sizes=\"auto, (max-width: 1800px) 100vw, 1800px\" \/><\/a><figcaption class=\"wp-element-caption\">H\u00e4userzeile an der Ennetlintherstra\u00dfe<\/figcaption><\/figure>\n\n\n\n<figure class=\"wp-block-image aligncenter size-full is-resized\"><a href=\"http:\/\/reiseblog.mb2812.de\/wp-content\/uploads\/2018\/07\/IMG_5193-1142.jpg\" rel=\"noopener\"><img loading=\"lazy\" decoding=\"async\" width=\"1440\" height=\"1800\" src=\"https:\/\/mb2812.de\/wp-content\/uploads\/2018\/07\/IMG_5193-1142.jpg\" alt=\"\" class=\"wp-image-6379\" style=\"width:600px\" srcset=\"https:\/\/mb2812.de\/wp-content\/uploads\/2018\/07\/IMG_5193-1142.jpg 1440w, https:\/\/mb2812.de\/wp-content\/uploads\/2018\/07\/IMG_5193-1142-240x300.jpg 240w, https:\/\/mb2812.de\/wp-content\/uploads\/2018\/07\/IMG_5193-1142-768x960.jpg 768w, https:\/\/mb2812.de\/wp-content\/uploads\/2018\/07\/IMG_5193-1142-819x1024.jpg 819w, https:\/\/mb2812.de\/wp-content\/uploads\/2018\/07\/IMG_5193-1142-668x835.jpg 668w\" sizes=\"auto, (max-width: 1440px) 100vw, 1440px\" \/><\/a><figcaption class=\"wp-element-caption\">Wieder im Zug (Bahnhof Linthal)<\/figcaption><\/figure>\n\n\n\n<figure class=\"wp-block-image aligncenter size-full is-resized\"><a href=\"http:\/\/reiseblog.mb2812.de\/wp-content\/uploads\/2018\/07\/IMG_5194-1293.jpg\" rel=\"noopener\"><img loading=\"lazy\" decoding=\"async\" width=\"1800\" height=\"1440\" src=\"https:\/\/mb2812.de\/wp-content\/uploads\/2018\/07\/IMG_5194-1293.jpg\" alt=\"\" class=\"wp-image-6380\" style=\"width:800px\" srcset=\"https:\/\/mb2812.de\/wp-content\/uploads\/2018\/07\/IMG_5194-1293.jpg 1800w, https:\/\/mb2812.de\/wp-content\/uploads\/2018\/07\/IMG_5194-1293-300x240.jpg 300w, https:\/\/mb2812.de\/wp-content\/uploads\/2018\/07\/IMG_5194-1293-768x614.jpg 768w, https:\/\/mb2812.de\/wp-content\/uploads\/2018\/07\/IMG_5194-1293-1024x819.jpg 1024w, https:\/\/mb2812.de\/wp-content\/uploads\/2018\/07\/IMG_5194-1293-668x534.jpg 668w\" sizes=\"auto, (max-width: 1800px) 100vw, 1800px\" \/><\/a><figcaption class=\"wp-element-caption\">In Ziegelbr\u00fccke funktioniert der Schweizer ITF nicht. Wir treffen erst kurz nach dem Knoten ein und m\u00fcssen fast 30 Minuten auf den Anschluss warten. In der N\u00e4he des Bahnhofs gibt es nichts zu sehen, also fotgrafieren wir die abgestellten Doppelstockz\u00fcge der Z\u00fcrcher S-Bahn<\/figcaption><\/figure>\n\n\n\n<figure class=\"wp-block-image aligncenter size-full is-resized\"><a href=\"http:\/\/reiseblog.mb2812.de\/wp-content\/uploads\/2018\/07\/IMG_6935-1294a.jpg\" rel=\"noopener\"><img loading=\"lazy\" decoding=\"async\" width=\"1800\" height=\"1440\" src=\"https:\/\/mb2812.de\/wp-content\/uploads\/2018\/07\/IMG_6935-1294a.jpg\" alt=\"\" class=\"wp-image-6388\" style=\"width:800px\" srcset=\"https:\/\/mb2812.de\/wp-content\/uploads\/2018\/07\/IMG_6935-1294a.jpg 1800w, https:\/\/mb2812.de\/wp-content\/uploads\/2018\/07\/IMG_6935-1294a-300x240.jpg 300w, https:\/\/mb2812.de\/wp-content\/uploads\/2018\/07\/IMG_6935-1294a-768x614.jpg 768w, https:\/\/mb2812.de\/wp-content\/uploads\/2018\/07\/IMG_6935-1294a-1024x819.jpg 1024w, https:\/\/mb2812.de\/wp-content\/uploads\/2018\/07\/IMG_6935-1294a-668x534.jpg 668w\" sizes=\"auto, (max-width: 1800px) 100vw, 1800px\" \/><\/a><figcaption class=\"wp-element-caption\">Ein Zug der Z\u00fcrcher S-Bahn<\/figcaption><\/figure>\n\n\n\n<figure class=\"wp-block-image aligncenter size-full is-resized\"><a href=\"http:\/\/reiseblog.mb2812.de\/wp-content\/uploads\/2018\/07\/IMG_6940.jpg\" rel=\"noopener\"><img loading=\"lazy\" decoding=\"async\" width=\"1800\" height=\"1440\" src=\"https:\/\/mb2812.de\/wp-content\/uploads\/2018\/07\/IMG_6940.jpg\" alt=\"\" class=\"wp-image-6389\" style=\"width:800px\" srcset=\"https:\/\/mb2812.de\/wp-content\/uploads\/2018\/07\/IMG_6940.jpg 1800w, https:\/\/mb2812.de\/wp-content\/uploads\/2018\/07\/IMG_6940-300x240.jpg 300w, https:\/\/mb2812.de\/wp-content\/uploads\/2018\/07\/IMG_6940-768x614.jpg 768w, https:\/\/mb2812.de\/wp-content\/uploads\/2018\/07\/IMG_6940-1024x819.jpg 1024w, https:\/\/mb2812.de\/wp-content\/uploads\/2018\/07\/IMG_6940-668x534.jpg 668w\" sizes=\"auto, (max-width: 1800px) 100vw, 1800px\" \/><\/a><figcaption class=\"wp-element-caption\">Die Fahrt f\u00fchrt entlang des Walensees<\/figcaption><\/figure>\n\n\n\n<figure class=\"wp-block-image aligncenter size-full is-resized\"><a href=\"http:\/\/reiseblog.mb2812.de\/wp-content\/uploads\/2018\/07\/IMG_5243.jpg\" rel=\"noopener\"><img loading=\"lazy\" decoding=\"async\" width=\"1800\" height=\"1440\" src=\"https:\/\/mb2812.de\/wp-content\/uploads\/2018\/07\/IMG_5243.jpg\" alt=\"\" class=\"wp-image-6381\" style=\"width:800px\" srcset=\"https:\/\/mb2812.de\/wp-content\/uploads\/2018\/07\/IMG_5243.jpg 1800w, https:\/\/mb2812.de\/wp-content\/uploads\/2018\/07\/IMG_5243-300x240.jpg 300w, https:\/\/mb2812.de\/wp-content\/uploads\/2018\/07\/IMG_5243-768x614.jpg 768w, https:\/\/mb2812.de\/wp-content\/uploads\/2018\/07\/IMG_5243-1024x819.jpg 1024w, https:\/\/mb2812.de\/wp-content\/uploads\/2018\/07\/IMG_5243-668x534.jpg 668w\" sizes=\"auto, (max-width: 1800px) 100vw, 1800px\" \/><\/a><figcaption class=\"wp-element-caption\">Letzte Zwischenstation is Rheineck. Die Bergbahn nach Walzenhausen ist eine der kleinsten Bahnen der Schweiz und besitzt nur einen Triebwagen. Hier steigen wir um, um die Bahn einmal abzufahren.<\/figcaption><\/figure>\n\n\n\n<figure class=\"wp-block-image aligncenter size-full is-resized\"><a href=\"http:\/\/reiseblog.mb2812.de\/wp-content\/uploads\/2018\/07\/IMG_6949-1135.jpg\" rel=\"noopener\"><img loading=\"lazy\" decoding=\"async\" width=\"1800\" height=\"1440\" src=\"https:\/\/mb2812.de\/wp-content\/uploads\/2018\/07\/IMG_6949-1135.jpg\" alt=\"\" class=\"wp-image-6390\" style=\"width:800px\" srcset=\"https:\/\/mb2812.de\/wp-content\/uploads\/2018\/07\/IMG_6949-1135.jpg 1800w, https:\/\/mb2812.de\/wp-content\/uploads\/2018\/07\/IMG_6949-1135-300x240.jpg 300w, https:\/\/mb2812.de\/wp-content\/uploads\/2018\/07\/IMG_6949-1135-768x614.jpg 768w, https:\/\/mb2812.de\/wp-content\/uploads\/2018\/07\/IMG_6949-1135-1024x819.jpg 1024w, https:\/\/mb2812.de\/wp-content\/uploads\/2018\/07\/IMG_6949-1135-668x534.jpg 668w\" sizes=\"auto, (max-width: 1800px) 100vw, 1800px\" \/><\/a><figcaption class=\"wp-element-caption\">Der Triebwagen der Bergbahn Rheineck &#8211; Walzenhausen<\/figcaption><\/figure>\n\n\n\n<figure class=\"wp-block-image aligncenter size-full is-resized\"><a href=\"http:\/\/reiseblog.mb2812.de\/wp-content\/uploads\/2018\/07\/IMG_5247-1136.jpg\" rel=\"noopener\"><img loading=\"lazy\" decoding=\"async\" width=\"1440\" height=\"1800\" src=\"https:\/\/mb2812.de\/wp-content\/uploads\/2018\/07\/IMG_5247-1136.jpg\" alt=\"\" class=\"wp-image-6382\" style=\"width:600px\" srcset=\"https:\/\/mb2812.de\/wp-content\/uploads\/2018\/07\/IMG_5247-1136.jpg 1440w, https:\/\/mb2812.de\/wp-content\/uploads\/2018\/07\/IMG_5247-1136-240x300.jpg 240w, https:\/\/mb2812.de\/wp-content\/uploads\/2018\/07\/IMG_5247-1136-768x960.jpg 768w, https:\/\/mb2812.de\/wp-content\/uploads\/2018\/07\/IMG_5247-1136-819x1024.jpg 819w, https:\/\/mb2812.de\/wp-content\/uploads\/2018\/07\/IMG_5247-1136-668x835.jpg 668w\" sizes=\"auto, (max-width: 1440px) 100vw, 1440px\" \/><\/a><figcaption class=\"wp-element-caption\">Innen im 1958 gebauten Triebwagen<\/figcaption><\/figure>\n","protected":false},"excerpt":{"rendered":"<p>Aufgrund des schlechten Wetters geht es nicht auf den S\u00e4ntis, sondern wir fahren mit der Bahn ein bisschen durch die Ostschweiz und kommen dabei bis Linthal im Kanton Glarus<\/p>\n","protected":false},"author":1,"featured_media":6362,"comment_status":"closed","ping_status":"closed","sticky":false,"template":"","format":"standard","meta":{"footnotes":""},"categories":[13],"tags":[115,117,198,207,48],"class_list":["post-6352","post","type-post","status-publish","format-standard","has-post-thumbnail","hentry","category-ausfluege","tag-115","tag-ausfluege","tag-bahn","tag-nordostschweiz","tag-schweiz"],"_links":{"self":[{"href":"https:\/\/mb2812.de\/index.php?rest_route=\/wp\/v2\/posts\/6352","targetHints":{"allow":["GET"]}}],"collection":[{"href":"https:\/\/mb2812.de\/index.php?rest_route=\/wp\/v2\/posts"}],"about":[{"href":"https:\/\/mb2812.de\/index.php?rest_route=\/wp\/v2\/types\/post"}],"author":[{"embeddable":true,"href":"https:\/\/mb2812.de\/index.php?rest_route=\/wp\/v2\/users\/1"}],"replies":[{"embeddable":true,"href":"https:\/\/mb2812.de\/index.php?rest_route=%2Fwp%2Fv2%2Fcomments&post=6352"}],"version-history":[{"count":11,"href":"https:\/\/mb2812.de\/index.php?rest_route=\/wp\/v2\/posts\/6352\/revisions"}],"predecessor-version":[{"id":17049,"href":"https:\/\/mb2812.de\/index.php?rest_route=\/wp\/v2\/posts\/6352\/revisions\/17049"}],"wp:featuredmedia":[{"embeddable":true,"href":"https:\/\/mb2812.de\/index.php?rest_route=\/wp\/v2\/media\/6362"}],"wp:attachment":[{"href":"https:\/\/mb2812.de\/index.php?rest_route=%2Fwp%2Fv2%2Fmedia&parent=6352"}],"wp:term":[{"taxonomy":"category","embeddable":true,"href":"https:\/\/mb2812.de\/index.php?rest_route=%2Fwp%2Fv2%2Fcategories&post=6352"},{"taxonomy":"post_tag","embeddable":true,"href":"https:\/\/mb2812.de\/index.php?rest_route=%2Fwp%2Fv2%2Ftags&post=6352"}],"curies":[{"name":"wp","href":"https:\/\/api.w.org\/{rel}","templated":true}]}}