{"id":6291,"date":"2018-07-02T09:00:35","date_gmt":"2018-07-02T07:00:35","guid":{"rendered":"http:\/\/reiseblog.mb2812.de\/?p=6291"},"modified":"2025-04-01T12:21:55","modified_gmt":"2025-04-01T10:21:55","slug":"ueber-den-bodensee-nach-bregenz","status":"publish","type":"post","link":"https:\/\/mb2812.de\/?p=6291","title":{"rendered":"\u00dcber den Bodensee nach Bregenz"},"content":{"rendered":"\n<p>Am Montag steht ein Ausflug \u00fcber den Bodensee bis nach Bregenz auf dem Programm. Mit dem Bus geht es bis zum Bahnhof, in der B\u00e4ckerei ist dann Fr\u00fchst\u00fccken angesagt. Die Fahrkarten kaufen wir am Schalter der Schiffsbetriebe, und obwohl der Wunsch pr\u00e4zise formuliert war, werden sie falsch ausgestellt. Die Bahncard Erm\u00e4\u00dfigung auf die inzischen Bodensee-Ticket genannte Fahrkarte hatte man nicht ber\u00fccksichtigt.<\/p>\n\n\n\n<p>Irgendwann k\u00f6nnen wir das Schiff besteigen, es ist die Stuttgart, und machen es uns auf dem offenen hinteren Deck bequem. Gleich geht es los mit dem Fotografieren:<\/p>\n\n\n\n<figure class=\"wp-block-image aligncenter size-full is-resized\"><a href=\"http:\/\/reiseblog.mb2812.de\/wp-content\/uploads\/2018\/08\/DSC_5907.jpg\" rel=\"noopener noreferrer\"><img loading=\"lazy\" decoding=\"async\" width=\"1440\" height=\"1440\" src=\"https:\/\/mb2812.de\/wp-content\/uploads\/2018\/08\/DSC_5907.jpg\" alt=\"\" class=\"wp-image-6292\" style=\"width:710px\" srcset=\"https:\/\/mb2812.de\/wp-content\/uploads\/2018\/08\/DSC_5907.jpg 1440w, https:\/\/mb2812.de\/wp-content\/uploads\/2018\/08\/DSC_5907-150x150.jpg 150w, https:\/\/mb2812.de\/wp-content\/uploads\/2018\/08\/DSC_5907-300x300.jpg 300w, https:\/\/mb2812.de\/wp-content\/uploads\/2018\/08\/DSC_5907-768x768.jpg 768w, https:\/\/mb2812.de\/wp-content\/uploads\/2018\/08\/DSC_5907-1024x1024.jpg 1024w, https:\/\/mb2812.de\/wp-content\/uploads\/2018\/08\/DSC_5907-668x668.jpg 668w\" sizes=\"auto, (max-width: 1440px) 100vw, 1440px\" \/><\/a><figcaption class=\"wp-element-caption\">Blick zur\u00fcck aufs Konzilgeb\u00e4ude von 1388, seit 1912 als Restaurant und Kongressgeb\u00e4ude genutzt.<\/figcaption><\/figure>\n\n\n\n<!--more-->\n\n\n\n<figure class=\"wp-block-image aligncenter size-full is-resized\"><a href=\"http:\/\/reiseblog.mb2812.de\/wp-content\/uploads\/2018\/07\/DSC_5911-408.jpg\" rel=\"noopener noreferrer\"><img loading=\"lazy\" decoding=\"async\" width=\"1920\" height=\"1920\" src=\"https:\/\/mb2812.de\/wp-content\/uploads\/2018\/07\/DSC_5911-408.jpg\" alt=\"\" class=\"wp-image-8122\" style=\"width:710px\" srcset=\"https:\/\/mb2812.de\/wp-content\/uploads\/2018\/07\/DSC_5911-408.jpg 1920w, https:\/\/mb2812.de\/wp-content\/uploads\/2018\/07\/DSC_5911-408-150x150.jpg 150w, https:\/\/mb2812.de\/wp-content\/uploads\/2018\/07\/DSC_5911-408-300x300.jpg 300w, https:\/\/mb2812.de\/wp-content\/uploads\/2018\/07\/DSC_5911-408-768x768.jpg 768w, https:\/\/mb2812.de\/wp-content\/uploads\/2018\/07\/DSC_5911-408-1024x1024.jpg 1024w, https:\/\/mb2812.de\/wp-content\/uploads\/2018\/07\/DSC_5911-408-668x668.jpg 668w\" sizes=\"auto, (max-width: 1920px) 100vw, 1920px\" \/><\/a><figcaption class=\"wp-element-caption\">Vorbei an der &#8222;Imperia&#8220; Statue<\/figcaption><\/figure>\n\n\n\n<figure class=\"wp-block-image aligncenter size-full is-resized\"><a href=\"http:\/\/reiseblog.mb2812.de\/wp-content\/uploads\/2018\/08\/DSC_5915.jpg\" rel=\"noopener noreferrer\"><img loading=\"lazy\" decoding=\"async\" width=\"1440\" height=\"1440\" src=\"https:\/\/mb2812.de\/wp-content\/uploads\/2018\/08\/DSC_5915.jpg\" alt=\"\" class=\"wp-image-6293\" style=\"width:710px\" srcset=\"https:\/\/mb2812.de\/wp-content\/uploads\/2018\/08\/DSC_5915.jpg 1440w, https:\/\/mb2812.de\/wp-content\/uploads\/2018\/08\/DSC_5915-150x150.jpg 150w, https:\/\/mb2812.de\/wp-content\/uploads\/2018\/08\/DSC_5915-300x300.jpg 300w, https:\/\/mb2812.de\/wp-content\/uploads\/2018\/08\/DSC_5915-768x768.jpg 768w, https:\/\/mb2812.de\/wp-content\/uploads\/2018\/08\/DSC_5915-1024x1024.jpg 1024w, https:\/\/mb2812.de\/wp-content\/uploads\/2018\/08\/DSC_5915-668x668.jpg 668w\" sizes=\"auto, (max-width: 1440px) 100vw, 1440px\" \/><\/a><figcaption class=\"wp-element-caption\">Der Katamaran &#8222;Constanze&#8220; l\u00e4uft ein<\/figcaption><\/figure>\n\n\n\n<figure class=\"wp-block-image aligncenter size-full is-resized\"><a href=\"http:\/\/reiseblog.mb2812.de\/wp-content\/uploads\/2018\/08\/DSC_5918-1058.jpg\" rel=\"noopener noreferrer\"><img loading=\"lazy\" decoding=\"async\" width=\"1440\" height=\"1440\" src=\"https:\/\/mb2812.de\/wp-content\/uploads\/2018\/08\/DSC_5918-1058.jpg\" alt=\"\" class=\"wp-image-6294\" style=\"width:710px\" srcset=\"https:\/\/mb2812.de\/wp-content\/uploads\/2018\/08\/DSC_5918-1058.jpg 1440w, https:\/\/mb2812.de\/wp-content\/uploads\/2018\/08\/DSC_5918-1058-150x150.jpg 150w, https:\/\/mb2812.de\/wp-content\/uploads\/2018\/08\/DSC_5918-1058-300x300.jpg 300w, https:\/\/mb2812.de\/wp-content\/uploads\/2018\/08\/DSC_5918-1058-768x768.jpg 768w, https:\/\/mb2812.de\/wp-content\/uploads\/2018\/08\/DSC_5918-1058-1024x1024.jpg 1024w, https:\/\/mb2812.de\/wp-content\/uploads\/2018\/08\/DSC_5918-1058-668x668.jpg 668w\" sizes=\"auto, (max-width: 1440px) 100vw, 1440px\" \/><\/a><figcaption class=\"wp-element-caption\">\u00dcber dem Bodensee dreht der Zeppelin bereits seine Runden, hier \u00fcber Meersburg<\/figcaption><\/figure>\n\n\n\n<figure class=\"wp-block-image aligncenter size-full is-resized\"><a href=\"http:\/\/reiseblog.mb2812.de\/wp-content\/uploads\/2018\/08\/DSC_5927.jpg\" rel=\"noopener noreferrer\"><img loading=\"lazy\" decoding=\"async\" width=\"1440\" height=\"1440\" src=\"https:\/\/mb2812.de\/wp-content\/uploads\/2018\/08\/DSC_5927.jpg\" alt=\"\" class=\"wp-image-6296\" style=\"width:710px\" srcset=\"https:\/\/mb2812.de\/wp-content\/uploads\/2018\/08\/DSC_5927.jpg 1440w, https:\/\/mb2812.de\/wp-content\/uploads\/2018\/08\/DSC_5927-150x150.jpg 150w, https:\/\/mb2812.de\/wp-content\/uploads\/2018\/08\/DSC_5927-300x300.jpg 300w, https:\/\/mb2812.de\/wp-content\/uploads\/2018\/08\/DSC_5927-768x768.jpg 768w, https:\/\/mb2812.de\/wp-content\/uploads\/2018\/08\/DSC_5927-1024x1024.jpg 1024w, https:\/\/mb2812.de\/wp-content\/uploads\/2018\/08\/DSC_5927-668x668.jpg 668w\" sizes=\"auto, (max-width: 1440px) 100vw, 1440px\" \/><\/a><figcaption class=\"wp-element-caption\">Der Zeppelin \u00fcber dem \u00dcberlinger See<\/figcaption><\/figure>\n\n\n\n<figure class=\"wp-block-image aligncenter size-full is-resized\"><a href=\"http:\/\/reiseblog.mb2812.de\/wp-content\/uploads\/2018\/08\/DSC_5932.jpg\" rel=\"noopener noreferrer\"><img loading=\"lazy\" decoding=\"async\" width=\"1440\" height=\"1440\" src=\"https:\/\/mb2812.de\/wp-content\/uploads\/2018\/08\/DSC_5932.jpg\" alt=\"\" class=\"wp-image-6298\" style=\"width:710px\" srcset=\"https:\/\/mb2812.de\/wp-content\/uploads\/2018\/08\/DSC_5932.jpg 1440w, https:\/\/mb2812.de\/wp-content\/uploads\/2018\/08\/DSC_5932-150x150.jpg 150w, https:\/\/mb2812.de\/wp-content\/uploads\/2018\/08\/DSC_5932-300x300.jpg 300w, https:\/\/mb2812.de\/wp-content\/uploads\/2018\/08\/DSC_5932-768x768.jpg 768w, https:\/\/mb2812.de\/wp-content\/uploads\/2018\/08\/DSC_5932-1024x1024.jpg 1024w, https:\/\/mb2812.de\/wp-content\/uploads\/2018\/08\/DSC_5932-668x668.jpg 668w\" sizes=\"auto, (max-width: 1440px) 100vw, 1440px\" \/><\/a><figcaption class=\"wp-element-caption\">Stephan ist guter Dinge<\/figcaption><\/figure>\n\n\n\n<p>Wir n\u00e4hern uns der ersten Landestelle &#8211; Meersburg:<\/p>\n\n\n\n<figure class=\"wp-block-image aligncenter size-full is-resized\"><a href=\"http:\/\/reiseblog.mb2812.de\/wp-content\/uploads\/2018\/08\/DSC_5925.jpg\" target=\"_blank\" rel=\"noopener noreferrer\"><img loading=\"lazy\" decoding=\"async\" width=\"1440\" height=\"1440\" src=\"https:\/\/mb2812.de\/wp-content\/uploads\/2018\/08\/DSC_5925.jpg\" alt=\"\" class=\"wp-image-6295\" style=\"width:710px\" srcset=\"https:\/\/mb2812.de\/wp-content\/uploads\/2018\/08\/DSC_5925.jpg 1440w, https:\/\/mb2812.de\/wp-content\/uploads\/2018\/08\/DSC_5925-150x150.jpg 150w, https:\/\/mb2812.de\/wp-content\/uploads\/2018\/08\/DSC_5925-300x300.jpg 300w, https:\/\/mb2812.de\/wp-content\/uploads\/2018\/08\/DSC_5925-768x768.jpg 768w, https:\/\/mb2812.de\/wp-content\/uploads\/2018\/08\/DSC_5925-1024x1024.jpg 1024w, https:\/\/mb2812.de\/wp-content\/uploads\/2018\/08\/DSC_5925-668x668.jpg 668w\" sizes=\"auto, (max-width: 1440px) 100vw, 1440px\" \/><\/a><\/figure>\n\n\n\n<p><\/p>\n\n\n\n<figure class=\"wp-block-image aligncenter size-full is-resized\"><a href=\"http:\/\/reiseblog.mb2812.de\/wp-content\/uploads\/2018\/08\/DSC_5930.jpg\"><img loading=\"lazy\" decoding=\"async\" width=\"1440\" height=\"1440\" src=\"https:\/\/mb2812.de\/wp-content\/uploads\/2018\/08\/DSC_5930.jpg\" alt=\"\" class=\"wp-image-6297\" style=\"width:710px\" srcset=\"https:\/\/mb2812.de\/wp-content\/uploads\/2018\/08\/DSC_5930.jpg 1440w, https:\/\/mb2812.de\/wp-content\/uploads\/2018\/08\/DSC_5930-150x150.jpg 150w, https:\/\/mb2812.de\/wp-content\/uploads\/2018\/08\/DSC_5930-300x300.jpg 300w, https:\/\/mb2812.de\/wp-content\/uploads\/2018\/08\/DSC_5930-768x768.jpg 768w, https:\/\/mb2812.de\/wp-content\/uploads\/2018\/08\/DSC_5930-1024x1024.jpg 1024w, https:\/\/mb2812.de\/wp-content\/uploads\/2018\/08\/DSC_5930-668x668.jpg 668w\" sizes=\"auto, (max-width: 1440px) 100vw, 1440px\" \/><\/a><\/figure>\n\n\n\n<p><\/p>\n\n\n\n<figure class=\"wp-block-image aligncenter size-full is-resized\"><a href=\"http:\/\/reiseblog.mb2812.de\/wp-content\/uploads\/2018\/08\/IMG_4872.jpg\" rel=\"noopener noreferrer\"><img loading=\"lazy\" decoding=\"async\" width=\"1440\" height=\"1440\" src=\"https:\/\/mb2812.de\/wp-content\/uploads\/2018\/08\/IMG_4872.jpg\" alt=\"\" class=\"wp-image-6328\" style=\"width:710px\" srcset=\"https:\/\/mb2812.de\/wp-content\/uploads\/2018\/08\/IMG_4872.jpg 1440w, https:\/\/mb2812.de\/wp-content\/uploads\/2018\/08\/IMG_4872-150x150.jpg 150w, https:\/\/mb2812.de\/wp-content\/uploads\/2018\/08\/IMG_4872-300x300.jpg 300w, https:\/\/mb2812.de\/wp-content\/uploads\/2018\/08\/IMG_4872-768x768.jpg 768w, https:\/\/mb2812.de\/wp-content\/uploads\/2018\/08\/IMG_4872-1024x1024.jpg 1024w, https:\/\/mb2812.de\/wp-content\/uploads\/2018\/08\/IMG_4872-668x668.jpg 668w\" sizes=\"auto, (max-width: 1440px) 100vw, 1440px\" \/><\/a><figcaption class=\"wp-element-caption\">In Meersburg gab es w\u00e4hrend des Aufenthalts eine ausgedehnte Fotosession<\/figcaption><\/figure>\n\n\n\n<p>Die Fotos aus Meersburg:<\/p>\n\n\n\n<figure class=\"wp-block-image aligncenter size-full is-resized\"><a href=\"http:\/\/reiseblog.mb2812.de\/wp-content\/uploads\/2018\/08\/DSC_5935.jpg\" target=\"_blank\" rel=\"noopener noreferrer\"><img loading=\"lazy\" decoding=\"async\" width=\"1440\" height=\"1440\" src=\"https:\/\/mb2812.de\/wp-content\/uploads\/2018\/08\/DSC_5935.jpg\" alt=\"\" class=\"wp-image-6299\" style=\"width:710px\" srcset=\"https:\/\/mb2812.de\/wp-content\/uploads\/2018\/08\/DSC_5935.jpg 1440w, https:\/\/mb2812.de\/wp-content\/uploads\/2018\/08\/DSC_5935-150x150.jpg 150w, https:\/\/mb2812.de\/wp-content\/uploads\/2018\/08\/DSC_5935-300x300.jpg 300w, https:\/\/mb2812.de\/wp-content\/uploads\/2018\/08\/DSC_5935-768x768.jpg 768w, https:\/\/mb2812.de\/wp-content\/uploads\/2018\/08\/DSC_5935-1024x1024.jpg 1024w, https:\/\/mb2812.de\/wp-content\/uploads\/2018\/08\/DSC_5935-668x668.jpg 668w\" sizes=\"auto, (max-width: 1440px) 100vw, 1440px\" \/><\/a><\/figure>\n\n\n\n<p><\/p>\n\n\n\n<figure class=\"wp-block-image aligncenter size-full is-resized\"><a href=\"http:\/\/reiseblog.mb2812.de\/wp-content\/uploads\/2018\/08\/DSC_5937.jpg\" target=\"_blank\" rel=\"noopener noreferrer\"><img loading=\"lazy\" decoding=\"async\" width=\"1440\" height=\"1440\" src=\"https:\/\/mb2812.de\/wp-content\/uploads\/2018\/08\/DSC_5937.jpg\" alt=\"\" class=\"wp-image-6300\" style=\"width:710px\" srcset=\"https:\/\/mb2812.de\/wp-content\/uploads\/2018\/08\/DSC_5937.jpg 1440w, https:\/\/mb2812.de\/wp-content\/uploads\/2018\/08\/DSC_5937-150x150.jpg 150w, https:\/\/mb2812.de\/wp-content\/uploads\/2018\/08\/DSC_5937-300x300.jpg 300w, https:\/\/mb2812.de\/wp-content\/uploads\/2018\/08\/DSC_5937-768x768.jpg 768w, https:\/\/mb2812.de\/wp-content\/uploads\/2018\/08\/DSC_5937-1024x1024.jpg 1024w, https:\/\/mb2812.de\/wp-content\/uploads\/2018\/08\/DSC_5937-668x668.jpg 668w\" sizes=\"auto, (max-width: 1440px) 100vw, 1440px\" \/><\/a><\/figure>\n\n\n\n<p><\/p>\n\n\n\n<figure class=\"wp-block-image aligncenter size-full is-resized\"><a href=\"http:\/\/reiseblog.mb2812.de\/wp-content\/uploads\/2018\/08\/DSC_5940.jpg\" target=\"_blank\" rel=\"noopener noreferrer\"><img loading=\"lazy\" decoding=\"async\" width=\"1440\" height=\"1440\" src=\"https:\/\/mb2812.de\/wp-content\/uploads\/2018\/08\/DSC_5940.jpg\" alt=\"\" class=\"wp-image-6301\" style=\"width:710px\" srcset=\"https:\/\/mb2812.de\/wp-content\/uploads\/2018\/08\/DSC_5940.jpg 1440w, https:\/\/mb2812.de\/wp-content\/uploads\/2018\/08\/DSC_5940-150x150.jpg 150w, https:\/\/mb2812.de\/wp-content\/uploads\/2018\/08\/DSC_5940-300x300.jpg 300w, https:\/\/mb2812.de\/wp-content\/uploads\/2018\/08\/DSC_5940-768x768.jpg 768w, https:\/\/mb2812.de\/wp-content\/uploads\/2018\/08\/DSC_5940-1024x1024.jpg 1024w, https:\/\/mb2812.de\/wp-content\/uploads\/2018\/08\/DSC_5940-668x668.jpg 668w\" sizes=\"auto, (max-width: 1440px) 100vw, 1440px\" \/><\/a><\/figure>\n\n\n\n<p><\/p>\n\n\n\n<figure class=\"wp-block-image aligncenter size-full is-resized\"><a href=\"http:\/\/reiseblog.mb2812.de\/wp-content\/uploads\/2018\/08\/DSC_5945-1109.jpg\" target=\"_blank\" rel=\"noopener noreferrer\"><img loading=\"lazy\" decoding=\"async\" width=\"1440\" height=\"1440\" src=\"https:\/\/mb2812.de\/wp-content\/uploads\/2018\/08\/DSC_5945-1109.jpg\" alt=\"\" class=\"wp-image-6302\" style=\"width:710px\" srcset=\"https:\/\/mb2812.de\/wp-content\/uploads\/2018\/08\/DSC_5945-1109.jpg 1440w, https:\/\/mb2812.de\/wp-content\/uploads\/2018\/08\/DSC_5945-1109-150x150.jpg 150w, https:\/\/mb2812.de\/wp-content\/uploads\/2018\/08\/DSC_5945-1109-300x300.jpg 300w, https:\/\/mb2812.de\/wp-content\/uploads\/2018\/08\/DSC_5945-1109-768x768.jpg 768w, https:\/\/mb2812.de\/wp-content\/uploads\/2018\/08\/DSC_5945-1109-1024x1024.jpg 1024w, https:\/\/mb2812.de\/wp-content\/uploads\/2018\/08\/DSC_5945-1109-668x668.jpg 668w\" sizes=\"auto, (max-width: 1440px) 100vw, 1440px\" \/><\/a><\/figure>\n\n\n\n<p><\/p>\n\n\n\n<figure class=\"wp-block-image aligncenter size-full is-resized\"><a href=\"http:\/\/reiseblog.mb2812.de\/wp-content\/uploads\/2018\/08\/DSC_5953-1119.jpg\" target=\"_blank\" rel=\"noopener noreferrer\"><img loading=\"lazy\" decoding=\"async\" width=\"1440\" height=\"1440\" src=\"https:\/\/mb2812.de\/wp-content\/uploads\/2018\/08\/DSC_5953-1119.jpg\" alt=\"\" class=\"wp-image-6303\" style=\"width:710px\" srcset=\"https:\/\/mb2812.de\/wp-content\/uploads\/2018\/08\/DSC_5953-1119.jpg 1440w, https:\/\/mb2812.de\/wp-content\/uploads\/2018\/08\/DSC_5953-1119-150x150.jpg 150w, https:\/\/mb2812.de\/wp-content\/uploads\/2018\/08\/DSC_5953-1119-300x300.jpg 300w, https:\/\/mb2812.de\/wp-content\/uploads\/2018\/08\/DSC_5953-1119-768x768.jpg 768w, https:\/\/mb2812.de\/wp-content\/uploads\/2018\/08\/DSC_5953-1119-1024x1024.jpg 1024w, https:\/\/mb2812.de\/wp-content\/uploads\/2018\/08\/DSC_5953-1119-668x668.jpg 668w\" sizes=\"auto, (max-width: 1440px) 100vw, 1440px\" \/><\/a><\/figure>\n\n\n\n<p>Weiter geht es entlang des deutschen Ufers:<\/p>\n\n\n\n<figure class=\"wp-block-image aligncenter size-full is-resized\"><a href=\"http:\/\/reiseblog.mb2812.de\/wp-content\/uploads\/2018\/08\/IMG_4886.jpg\" rel=\"noopener noreferrer\"><img loading=\"lazy\" decoding=\"async\" width=\"1440\" height=\"1440\" src=\"https:\/\/mb2812.de\/wp-content\/uploads\/2018\/08\/IMG_4886.jpg\" alt=\"\" class=\"wp-image-6340\" style=\"width:710px\" srcset=\"https:\/\/mb2812.de\/wp-content\/uploads\/2018\/08\/IMG_4886.jpg 1440w, https:\/\/mb2812.de\/wp-content\/uploads\/2018\/08\/IMG_4886-150x150.jpg 150w, https:\/\/mb2812.de\/wp-content\/uploads\/2018\/08\/IMG_4886-300x300.jpg 300w, https:\/\/mb2812.de\/wp-content\/uploads\/2018\/08\/IMG_4886-768x768.jpg 768w, https:\/\/mb2812.de\/wp-content\/uploads\/2018\/08\/IMG_4886-1024x1024.jpg 1024w, https:\/\/mb2812.de\/wp-content\/uploads\/2018\/08\/IMG_4886-668x668.jpg 668w\" sizes=\"auto, (max-width: 1440px) 100vw, 1440px\" \/><\/a><figcaption class=\"wp-element-caption\">N\u00e4chste Station ist Hagnau<\/figcaption><\/figure>\n\n\n\n<figure class=\"wp-block-image aligncenter size-full is-resized\"><a href=\"http:\/\/reiseblog.mb2812.de\/wp-content\/uploads\/2018\/08\/IMG_4889.jpg\" rel=\"noopener noreferrer\"><img loading=\"lazy\" decoding=\"async\" width=\"1440\" height=\"1440\" src=\"https:\/\/mb2812.de\/wp-content\/uploads\/2018\/08\/IMG_4889.jpg\" alt=\"\" class=\"wp-image-6329\" style=\"width:710px\" srcset=\"https:\/\/mb2812.de\/wp-content\/uploads\/2018\/08\/IMG_4889.jpg 1440w, https:\/\/mb2812.de\/wp-content\/uploads\/2018\/08\/IMG_4889-150x150.jpg 150w, https:\/\/mb2812.de\/wp-content\/uploads\/2018\/08\/IMG_4889-300x300.jpg 300w, https:\/\/mb2812.de\/wp-content\/uploads\/2018\/08\/IMG_4889-768x768.jpg 768w, https:\/\/mb2812.de\/wp-content\/uploads\/2018\/08\/IMG_4889-1024x1024.jpg 1024w, https:\/\/mb2812.de\/wp-content\/uploads\/2018\/08\/IMG_4889-668x668.jpg 668w\" sizes=\"auto, (max-width: 1440px) 100vw, 1440px\" \/><\/a><figcaption class=\"wp-element-caption\">danach Kaffeepause<\/figcaption><\/figure>\n\n\n\n<figure class=\"wp-block-image aligncenter size-full is-resized\"><a href=\"http:\/\/reiseblog.mb2812.de\/wp-content\/uploads\/2018\/08\/DSC_5954-1234.jpg\" rel=\"noopener noreferrer\"><img loading=\"lazy\" decoding=\"async\" width=\"1440\" height=\"1440\" src=\"https:\/\/mb2812.de\/wp-content\/uploads\/2018\/08\/DSC_5954-1234.jpg\" alt=\"\" class=\"wp-image-6304\" style=\"width:710px\" srcset=\"https:\/\/mb2812.de\/wp-content\/uploads\/2018\/08\/DSC_5954-1234.jpg 1440w, https:\/\/mb2812.de\/wp-content\/uploads\/2018\/08\/DSC_5954-1234-150x150.jpg 150w, https:\/\/mb2812.de\/wp-content\/uploads\/2018\/08\/DSC_5954-1234-300x300.jpg 300w, https:\/\/mb2812.de\/wp-content\/uploads\/2018\/08\/DSC_5954-1234-768x768.jpg 768w, https:\/\/mb2812.de\/wp-content\/uploads\/2018\/08\/DSC_5954-1234-1024x1024.jpg 1024w, https:\/\/mb2812.de\/wp-content\/uploads\/2018\/08\/DSC_5954-1234-668x668.jpg 668w\" sizes=\"auto, (max-width: 1440px) 100vw, 1440px\" \/><\/a><figcaption class=\"wp-element-caption\">In der Ferne kann man bereits den Pf\u00e4nder erkennen<\/figcaption><\/figure>\n\n\n\n<figure class=\"wp-block-image aligncenter size-full is-resized\"><a href=\"http:\/\/reiseblog.mb2812.de\/wp-content\/uploads\/2018\/08\/DSC_5960-1125.jpg\" rel=\"noopener noreferrer\"><img loading=\"lazy\" decoding=\"async\" width=\"1440\" height=\"1440\" src=\"https:\/\/mb2812.de\/wp-content\/uploads\/2018\/08\/DSC_5960-1125.jpg\" alt=\"\" class=\"wp-image-6305\" style=\"width:710px\" srcset=\"https:\/\/mb2812.de\/wp-content\/uploads\/2018\/08\/DSC_5960-1125.jpg 1440w, https:\/\/mb2812.de\/wp-content\/uploads\/2018\/08\/DSC_5960-1125-150x150.jpg 150w, https:\/\/mb2812.de\/wp-content\/uploads\/2018\/08\/DSC_5960-1125-300x300.jpg 300w, https:\/\/mb2812.de\/wp-content\/uploads\/2018\/08\/DSC_5960-1125-768x768.jpg 768w, https:\/\/mb2812.de\/wp-content\/uploads\/2018\/08\/DSC_5960-1125-1024x1024.jpg 1024w, https:\/\/mb2812.de\/wp-content\/uploads\/2018\/08\/DSC_5960-1125-668x668.jpg 668w\" sizes=\"auto, (max-width: 1440px) 100vw, 1440px\" \/><\/a><figcaption class=\"wp-element-caption\">Schloss Montfort in Langenargen<\/figcaption><\/figure>\n\n\n\n<figure class=\"wp-block-image aligncenter size-full is-resized\"><a href=\"http:\/\/reiseblog.mb2812.de\/wp-content\/uploads\/2018\/08\/DSC_5961-1126.jpg\" rel=\"noopener noreferrer\"><img loading=\"lazy\" decoding=\"async\" width=\"1440\" height=\"1440\" src=\"https:\/\/mb2812.de\/wp-content\/uploads\/2018\/08\/DSC_5961-1126.jpg\" alt=\"\" class=\"wp-image-6306\" style=\"width:710px\" srcset=\"https:\/\/mb2812.de\/wp-content\/uploads\/2018\/08\/DSC_5961-1126.jpg 1440w, https:\/\/mb2812.de\/wp-content\/uploads\/2018\/08\/DSC_5961-1126-150x150.jpg 150w, https:\/\/mb2812.de\/wp-content\/uploads\/2018\/08\/DSC_5961-1126-300x300.jpg 300w, https:\/\/mb2812.de\/wp-content\/uploads\/2018\/08\/DSC_5961-1126-768x768.jpg 768w, https:\/\/mb2812.de\/wp-content\/uploads\/2018\/08\/DSC_5961-1126-1024x1024.jpg 1024w, https:\/\/mb2812.de\/wp-content\/uploads\/2018\/08\/DSC_5961-1126-668x668.jpg 668w\" sizes=\"auto, (max-width: 1440px) 100vw, 1440px\" \/><\/a><figcaption class=\"wp-element-caption\">St. Martin in Langenargen<\/figcaption><\/figure>\n\n\n\n<figure class=\"wp-block-image aligncenter size-full is-resized\"><a href=\"http:\/\/reiseblog.mb2812.de\/wp-content\/uploads\/2018\/08\/IMG_4942.jpg\" rel=\"noopener noreferrer\"><img loading=\"lazy\" decoding=\"async\" width=\"1440\" height=\"1440\" src=\"https:\/\/mb2812.de\/wp-content\/uploads\/2018\/08\/IMG_4942.jpg\" alt=\"\" class=\"wp-image-6330\" style=\"width:710px\" srcset=\"https:\/\/mb2812.de\/wp-content\/uploads\/2018\/08\/IMG_4942.jpg 1440w, https:\/\/mb2812.de\/wp-content\/uploads\/2018\/08\/IMG_4942-150x150.jpg 150w, https:\/\/mb2812.de\/wp-content\/uploads\/2018\/08\/IMG_4942-300x300.jpg 300w, https:\/\/mb2812.de\/wp-content\/uploads\/2018\/08\/IMG_4942-768x768.jpg 768w, https:\/\/mb2812.de\/wp-content\/uploads\/2018\/08\/IMG_4942-1024x1024.jpg 1024w, https:\/\/mb2812.de\/wp-content\/uploads\/2018\/08\/IMG_4942-668x668.jpg 668w\" sizes=\"auto, (max-width: 1440px) 100vw, 1440px\" \/><\/a><figcaption class=\"wp-element-caption\">Wasserburg<\/figcaption><\/figure>\n\n\n\n<figure class=\"wp-block-image aligncenter size-full is-resized\"><a href=\"http:\/\/reiseblog.mb2812.de\/wp-content\/uploads\/2018\/08\/DSC_5970-1127.jpg\" rel=\"noopener noreferrer\"><img loading=\"lazy\" decoding=\"async\" width=\"1440\" height=\"1440\" src=\"https:\/\/mb2812.de\/wp-content\/uploads\/2018\/08\/DSC_5970-1127.jpg\" alt=\"\" class=\"wp-image-6308\" style=\"width:710px\" srcset=\"https:\/\/mb2812.de\/wp-content\/uploads\/2018\/08\/DSC_5970-1127.jpg 1440w, https:\/\/mb2812.de\/wp-content\/uploads\/2018\/08\/DSC_5970-1127-150x150.jpg 150w, https:\/\/mb2812.de\/wp-content\/uploads\/2018\/08\/DSC_5970-1127-300x300.jpg 300w, https:\/\/mb2812.de\/wp-content\/uploads\/2018\/08\/DSC_5970-1127-768x768.jpg 768w, https:\/\/mb2812.de\/wp-content\/uploads\/2018\/08\/DSC_5970-1127-1024x1024.jpg 1024w, https:\/\/mb2812.de\/wp-content\/uploads\/2018\/08\/DSC_5970-1127-668x668.jpg 668w\" sizes=\"auto, (max-width: 1440px) 100vw, 1440px\" \/><\/a><figcaption class=\"wp-element-caption\">Wir sind in Bayern: Lindau<\/figcaption><\/figure>\n\n\n\n<figure class=\"wp-block-image aligncenter size-full is-resized\"><a href=\"http:\/\/reiseblog.mb2812.de\/wp-content\/uploads\/2018\/07\/DSC_5975-412-1.jpg\" rel=\"noopener noreferrer\"><img loading=\"lazy\" decoding=\"async\" width=\"1280\" height=\"1920\" src=\"https:\/\/mb2812.de\/wp-content\/uploads\/2018\/07\/DSC_5975-412-1.jpg\" alt=\"\" class=\"wp-image-8159\" style=\"width:535px\" srcset=\"https:\/\/mb2812.de\/wp-content\/uploads\/2018\/07\/DSC_5975-412-1.jpg 1280w, https:\/\/mb2812.de\/wp-content\/uploads\/2018\/07\/DSC_5975-412-1-200x300.jpg 200w, https:\/\/mb2812.de\/wp-content\/uploads\/2018\/07\/DSC_5975-412-1-768x1152.jpg 768w, https:\/\/mb2812.de\/wp-content\/uploads\/2018\/07\/DSC_5975-412-1-683x1024.jpg 683w, https:\/\/mb2812.de\/wp-content\/uploads\/2018\/07\/DSC_5975-412-1-668x1002.jpg 668w\" sizes=\"auto, (max-width: 1280px) 100vw, 1280px\" \/><\/a><figcaption class=\"wp-element-caption\">Der &#8222;neue&#8220; Leuchtturm in Lindau wurde 1856 in Betrieb genommen. Es ist der s\u00fcdlichste Leuchtturm Deutschlands und der einzige in Bayern<\/figcaption><\/figure>\n\n\n\n<figure class=\"wp-block-image aligncenter size-full is-resized\"><a href=\"http:\/\/reiseblog.mb2812.de\/wp-content\/uploads\/2018\/07\/DSC_5976-413.jpg\" rel=\"noopener noreferrer\"><img loading=\"lazy\" decoding=\"async\" width=\"1280\" height=\"1920\" src=\"https:\/\/mb2812.de\/wp-content\/uploads\/2018\/07\/DSC_5976-413.jpg\" alt=\"\" class=\"wp-image-8160\" style=\"width:535px\" srcset=\"https:\/\/mb2812.de\/wp-content\/uploads\/2018\/07\/DSC_5976-413.jpg 1280w, https:\/\/mb2812.de\/wp-content\/uploads\/2018\/07\/DSC_5976-413-200x300.jpg 200w, https:\/\/mb2812.de\/wp-content\/uploads\/2018\/07\/DSC_5976-413-768x1152.jpg 768w, https:\/\/mb2812.de\/wp-content\/uploads\/2018\/07\/DSC_5976-413-683x1024.jpg 683w, https:\/\/mb2812.de\/wp-content\/uploads\/2018\/07\/DSC_5976-413-668x1002.jpg 668w\" sizes=\"auto, (max-width: 1280px) 100vw, 1280px\" \/><\/a><figcaption class=\"wp-element-caption\">Die andere Seite der Hafeneinfahrt wird vom bayrischen L\u00f6wen bewacht<\/figcaption><\/figure>\n\n\n\n<figure class=\"wp-block-image aligncenter size-full is-resized\"><a href=\"http:\/\/reiseblog.mb2812.de\/wp-content\/uploads\/2018\/08\/DSC_5978.jpg\" rel=\"noopener noreferrer\"><img loading=\"lazy\" decoding=\"async\" width=\"1440\" height=\"1440\" src=\"https:\/\/mb2812.de\/wp-content\/uploads\/2018\/08\/DSC_5978.jpg\" alt=\"\" class=\"wp-image-6311\" style=\"width:710px\" srcset=\"https:\/\/mb2812.de\/wp-content\/uploads\/2018\/08\/DSC_5978.jpg 1440w, https:\/\/mb2812.de\/wp-content\/uploads\/2018\/08\/DSC_5978-150x150.jpg 150w, https:\/\/mb2812.de\/wp-content\/uploads\/2018\/08\/DSC_5978-300x300.jpg 300w, https:\/\/mb2812.de\/wp-content\/uploads\/2018\/08\/DSC_5978-768x768.jpg 768w, https:\/\/mb2812.de\/wp-content\/uploads\/2018\/08\/DSC_5978-1024x1024.jpg 1024w, https:\/\/mb2812.de\/wp-content\/uploads\/2018\/08\/DSC_5978-668x668.jpg 668w\" sizes=\"auto, (max-width: 1440px) 100vw, 1440px\" \/><\/a><figcaption class=\"wp-element-caption\">Der Mangturm aus dem 12. Jahrhundert<\/figcaption><\/figure>\n\n\n\n<figure class=\"wp-block-image aligncenter size-full is-resized\"><a href=\"http:\/\/reiseblog.mb2812.de\/wp-content\/uploads\/2018\/08\/DSC_5979-1112.jpg\" rel=\"noopener noreferrer\"><img loading=\"lazy\" decoding=\"async\" width=\"1440\" height=\"1440\" src=\"https:\/\/mb2812.de\/wp-content\/uploads\/2018\/08\/DSC_5979-1112.jpg\" alt=\"\" class=\"wp-image-6312\" style=\"width:710px\" srcset=\"https:\/\/mb2812.de\/wp-content\/uploads\/2018\/08\/DSC_5979-1112.jpg 1440w, https:\/\/mb2812.de\/wp-content\/uploads\/2018\/08\/DSC_5979-1112-150x150.jpg 150w, https:\/\/mb2812.de\/wp-content\/uploads\/2018\/08\/DSC_5979-1112-300x300.jpg 300w, https:\/\/mb2812.de\/wp-content\/uploads\/2018\/08\/DSC_5979-1112-768x768.jpg 768w, https:\/\/mb2812.de\/wp-content\/uploads\/2018\/08\/DSC_5979-1112-1024x1024.jpg 1024w, https:\/\/mb2812.de\/wp-content\/uploads\/2018\/08\/DSC_5979-1112-668x668.jpg 668w\" sizes=\"auto, (max-width: 1440px) 100vw, 1440px\" \/><\/a><figcaption class=\"wp-element-caption\">Hotel Bayrischer Hof<\/figcaption><\/figure>\n\n\n\n<figure class=\"wp-block-image aligncenter size-full is-resized\"><a href=\"http:\/\/reiseblog.mb2812.de\/wp-content\/uploads\/2018\/08\/DSC_5984.jpg\" rel=\"noopener noreferrer\"><img loading=\"lazy\" decoding=\"async\" width=\"1440\" height=\"1440\" src=\"https:\/\/mb2812.de\/wp-content\/uploads\/2018\/08\/DSC_5984.jpg\" alt=\"\" class=\"wp-image-6314\" style=\"width:710px\" srcset=\"https:\/\/mb2812.de\/wp-content\/uploads\/2018\/08\/DSC_5984.jpg 1440w, https:\/\/mb2812.de\/wp-content\/uploads\/2018\/08\/DSC_5984-150x150.jpg 150w, https:\/\/mb2812.de\/wp-content\/uploads\/2018\/08\/DSC_5984-300x300.jpg 300w, https:\/\/mb2812.de\/wp-content\/uploads\/2018\/08\/DSC_5984-768x768.jpg 768w, https:\/\/mb2812.de\/wp-content\/uploads\/2018\/08\/DSC_5984-1024x1024.jpg 1024w, https:\/\/mb2812.de\/wp-content\/uploads\/2018\/08\/DSC_5984-668x668.jpg 668w\" sizes=\"auto, (max-width: 1440px) 100vw, 1440px\" \/><\/a><figcaption class=\"wp-element-caption\">Die 1964 von der Deutschen Bundesbahn in Dienst gestellte MS Konstanz f\u00e4hrt in den Hafen ein<\/figcaption><\/figure>\n\n\n\n<p>Nach knapp 4 Stunden sind wir am Ziel und haben wieder festen Boden unter den F\u00fc\u00dfen:<\/p>\n\n\n\n<figure class=\"wp-block-image aligncenter size-full is-resized\"><a href=\"http:\/\/reiseblog.mb2812.de\/wp-content\/uploads\/2018\/08\/IMG_6872-1124.jpg\"><img loading=\"lazy\" decoding=\"async\" width=\"1440\" height=\"1440\" src=\"https:\/\/mb2812.de\/wp-content\/uploads\/2018\/08\/IMG_6872-1124.jpg\" alt=\"\" class=\"wp-image-6325\" style=\"width:710px\" srcset=\"https:\/\/mb2812.de\/wp-content\/uploads\/2018\/08\/IMG_6872-1124.jpg 1440w, https:\/\/mb2812.de\/wp-content\/uploads\/2018\/08\/IMG_6872-1124-150x150.jpg 150w, https:\/\/mb2812.de\/wp-content\/uploads\/2018\/08\/IMG_6872-1124-300x300.jpg 300w, https:\/\/mb2812.de\/wp-content\/uploads\/2018\/08\/IMG_6872-1124-768x768.jpg 768w, https:\/\/mb2812.de\/wp-content\/uploads\/2018\/08\/IMG_6872-1124-1024x1024.jpg 1024w, https:\/\/mb2812.de\/wp-content\/uploads\/2018\/08\/IMG_6872-1124-668x668.jpg 668w\" sizes=\"auto, (max-width: 1440px) 100vw, 1440px\" \/><\/a><figcaption class=\"wp-element-caption\">Unser Schiff, die 1960 in Dienst gestellte MS Stuttgart, am Anleger in Bregenz<\/figcaption><\/figure>\n\n\n\n<p>Wir halten uns nicht gro\u00df auf und gehen zur Talstation der Pf\u00e4nderbahn.<\/p>\n\n\n\n<figure class=\"wp-block-image aligncenter size-full is-resized\"><a href=\"http:\/\/reiseblog.mb2812.de\/wp-content\/uploads\/2018\/08\/IMG_4986.jpg\" rel=\"noopener noreferrer\"><img loading=\"lazy\" decoding=\"async\" width=\"1440\" height=\"1440\" src=\"https:\/\/mb2812.de\/wp-content\/uploads\/2018\/08\/IMG_4986.jpg\" alt=\"\" class=\"wp-image-6331\" style=\"width:710px\" srcset=\"https:\/\/mb2812.de\/wp-content\/uploads\/2018\/08\/IMG_4986.jpg 1440w, https:\/\/mb2812.de\/wp-content\/uploads\/2018\/08\/IMG_4986-150x150.jpg 150w, https:\/\/mb2812.de\/wp-content\/uploads\/2018\/08\/IMG_4986-300x300.jpg 300w, https:\/\/mb2812.de\/wp-content\/uploads\/2018\/08\/IMG_4986-768x768.jpg 768w, https:\/\/mb2812.de\/wp-content\/uploads\/2018\/08\/IMG_4986-1024x1024.jpg 1024w, https:\/\/mb2812.de\/wp-content\/uploads\/2018\/08\/IMG_4986-668x668.jpg 668w\" sizes=\"auto, (max-width: 1440px) 100vw, 1440px\" \/><\/a><figcaption class=\"wp-element-caption\">Wir schweben in die H\u00f6he. Blick aus der Seilbahnkabine auf Bregenz<\/figcaption><\/figure>\n\n\n\n<p>Oben gibt es Mittagspause im Bergrestaurant und dann machen wir uns an den Abstieg, zum ersten Mal nicht mir der Seilbahn, sondern zu Fu\u00df.<\/p>\n\n\n\n<p>Auf den Pf\u00e4nder kommt man auch bequem per Stra\u00dfe, wenn auch der letzte Teil wohl nur f\u00fcr Anlieger zugelassen. ist. Deswegen denken wir, dass man recht bequem hinunter gehen kann. Dem ist allerdings nicht so, denn die Stra\u00dfe f\u00fchrt nach Lochau, da ist man fast schon wieder in Lindau. Die Wanderwege gehen alle recht steil direkt den Berghang hinunter. &nbsp;Entsprechend anstrengend war auch der von uns eher zuf\u00e4llig eingeschlagene Weg entlag des Klausm\u00fchlenbach.<\/p>\n\n\n\n<p>Hier zun\u00e4chst ein paar Fotos von der Seilbahn und der Aussicht, es war aber recht diesiges Wetter.<\/p>\n\n\n\n<figure class=\"wp-block-image aligncenter size-full is-resized\"><a href=\"http:\/\/reiseblog.mb2812.de\/wp-content\/uploads\/2018\/08\/DSC_5987-1128.jpg\" rel=\"noopener noreferrer\"><img loading=\"lazy\" decoding=\"async\" width=\"1440\" height=\"1440\" src=\"https:\/\/mb2812.de\/wp-content\/uploads\/2018\/08\/DSC_5987-1128.jpg\" alt=\"\" class=\"wp-image-6315\" style=\"width:710px\" srcset=\"https:\/\/mb2812.de\/wp-content\/uploads\/2018\/08\/DSC_5987-1128.jpg 1440w, https:\/\/mb2812.de\/wp-content\/uploads\/2018\/08\/DSC_5987-1128-150x150.jpg 150w, https:\/\/mb2812.de\/wp-content\/uploads\/2018\/08\/DSC_5987-1128-300x300.jpg 300w, https:\/\/mb2812.de\/wp-content\/uploads\/2018\/08\/DSC_5987-1128-768x768.jpg 768w, https:\/\/mb2812.de\/wp-content\/uploads\/2018\/08\/DSC_5987-1128-1024x1024.jpg 1024w, https:\/\/mb2812.de\/wp-content\/uploads\/2018\/08\/DSC_5987-1128-668x668.jpg 668w\" sizes=\"auto, (max-width: 1440px) 100vw, 1440px\" \/><\/a><figcaption class=\"wp-element-caption\">Die Seilbahn vor der Kulisse von Bregenz. Aufnahme von der Bergstation aus<\/figcaption><\/figure>\n\n\n\n<figure class=\"wp-block-image aligncenter size-full is-resized\"><a href=\"http:\/\/reiseblog.mb2812.de\/wp-content\/uploads\/2018\/08\/DSC_5998.jpg\" rel=\"noopener noreferrer\"><img loading=\"lazy\" decoding=\"async\" width=\"1440\" height=\"1440\" src=\"https:\/\/mb2812.de\/wp-content\/uploads\/2018\/08\/DSC_5998.jpg\" alt=\"\" class=\"wp-image-6321\" style=\"width:710px\" srcset=\"https:\/\/mb2812.de\/wp-content\/uploads\/2018\/08\/DSC_5998.jpg 1440w, https:\/\/mb2812.de\/wp-content\/uploads\/2018\/08\/DSC_5998-150x150.jpg 150w, https:\/\/mb2812.de\/wp-content\/uploads\/2018\/08\/DSC_5998-300x300.jpg 300w, https:\/\/mb2812.de\/wp-content\/uploads\/2018\/08\/DSC_5998-768x768.jpg 768w, https:\/\/mb2812.de\/wp-content\/uploads\/2018\/08\/DSC_5998-1024x1024.jpg 1024w, https:\/\/mb2812.de\/wp-content\/uploads\/2018\/08\/DSC_5998-668x668.jpg 668w\" sizes=\"auto, (max-width: 1440px) 100vw, 1440px\" \/><\/a><figcaption class=\"wp-element-caption\">Die Kabine bei der Vorbeifahrt an der letzten St\u00fctze<\/figcaption><\/figure>\n\n\n\n<figure class=\"wp-block-image aligncenter size-full is-resized\"><a href=\"http:\/\/reiseblog.mb2812.de\/wp-content\/uploads\/2018\/08\/DSC_5997-1113.jpg\" rel=\"noopener noreferrer\"><img loading=\"lazy\" decoding=\"async\" width=\"1440\" height=\"1440\" src=\"https:\/\/mb2812.de\/wp-content\/uploads\/2018\/08\/DSC_5997-1113.jpg\" alt=\"\" class=\"wp-image-6320\" style=\"width:710px\" srcset=\"https:\/\/mb2812.de\/wp-content\/uploads\/2018\/08\/DSC_5997-1113.jpg 1440w, https:\/\/mb2812.de\/wp-content\/uploads\/2018\/08\/DSC_5997-1113-150x150.jpg 150w, https:\/\/mb2812.de\/wp-content\/uploads\/2018\/08\/DSC_5997-1113-300x300.jpg 300w, https:\/\/mb2812.de\/wp-content\/uploads\/2018\/08\/DSC_5997-1113-768x768.jpg 768w, https:\/\/mb2812.de\/wp-content\/uploads\/2018\/08\/DSC_5997-1113-1024x1024.jpg 1024w, https:\/\/mb2812.de\/wp-content\/uploads\/2018\/08\/DSC_5997-1113-668x668.jpg 668w\" sizes=\"auto, (max-width: 1440px) 100vw, 1440px\" \/><\/a><figcaption class=\"wp-element-caption\">Die Bergstation auf dem Pf\u00e4nder<\/figcaption><\/figure>\n\n\n\n<figure class=\"wp-block-image aligncenter size-full is-resized\"><a href=\"http:\/\/reiseblog.mb2812.de\/wp-content\/uploads\/2018\/08\/DSC_5988.jpg\" rel=\"noopener noreferrer\"><img loading=\"lazy\" decoding=\"async\" width=\"1440\" height=\"1440\" src=\"https:\/\/mb2812.de\/wp-content\/uploads\/2018\/08\/DSC_5988.jpg\" alt=\"\" class=\"wp-image-6316\" style=\"width:710px\" srcset=\"https:\/\/mb2812.de\/wp-content\/uploads\/2018\/08\/DSC_5988.jpg 1440w, https:\/\/mb2812.de\/wp-content\/uploads\/2018\/08\/DSC_5988-150x150.jpg 150w, https:\/\/mb2812.de\/wp-content\/uploads\/2018\/08\/DSC_5988-300x300.jpg 300w, https:\/\/mb2812.de\/wp-content\/uploads\/2018\/08\/DSC_5988-768x768.jpg 768w, https:\/\/mb2812.de\/wp-content\/uploads\/2018\/08\/DSC_5988-1024x1024.jpg 1024w, https:\/\/mb2812.de\/wp-content\/uploads\/2018\/08\/DSC_5988-668x668.jpg 668w\" sizes=\"auto, (max-width: 1440px) 100vw, 1440px\" \/><\/a><figcaption class=\"wp-element-caption\">Das deutsche Bodenseeufer mit der Insel Lindau im Vordergrund<\/figcaption><\/figure>\n\n\n\n<figure class=\"wp-block-image aligncenter size-full is-resized\"><a href=\"http:\/\/reiseblog.mb2812.de\/wp-content\/uploads\/2018\/08\/DSC_5990.jpg\" rel=\"noopener noreferrer\"><img loading=\"lazy\" decoding=\"async\" width=\"1440\" height=\"1440\" src=\"https:\/\/mb2812.de\/wp-content\/uploads\/2018\/08\/DSC_5990.jpg\" alt=\"\" class=\"wp-image-6317\" style=\"width:710px\" srcset=\"https:\/\/mb2812.de\/wp-content\/uploads\/2018\/08\/DSC_5990.jpg 1440w, https:\/\/mb2812.de\/wp-content\/uploads\/2018\/08\/DSC_5990-150x150.jpg 150w, https:\/\/mb2812.de\/wp-content\/uploads\/2018\/08\/DSC_5990-300x300.jpg 300w, https:\/\/mb2812.de\/wp-content\/uploads\/2018\/08\/DSC_5990-768x768.jpg 768w, https:\/\/mb2812.de\/wp-content\/uploads\/2018\/08\/DSC_5990-1024x1024.jpg 1024w, https:\/\/mb2812.de\/wp-content\/uploads\/2018\/08\/DSC_5990-668x668.jpg 668w\" sizes=\"auto, (max-width: 1440px) 100vw, 1440px\" \/><\/a><figcaption class=\"wp-element-caption\">Das \u00f6sterreichische und Schweizer Bodenseeufer<\/figcaption><\/figure>\n\n\n\n<figure class=\"wp-block-image aligncenter size-full is-resized\"><a href=\"http:\/\/reiseblog.mb2812.de\/wp-content\/uploads\/2018\/08\/DSC_5994.jpg\" rel=\"noopener noreferrer\"><img loading=\"lazy\" decoding=\"async\" width=\"1440\" height=\"1440\" src=\"https:\/\/mb2812.de\/wp-content\/uploads\/2018\/08\/DSC_5994.jpg\" alt=\"\" class=\"wp-image-6319\" style=\"width:710px\" srcset=\"https:\/\/mb2812.de\/wp-content\/uploads\/2018\/08\/DSC_5994.jpg 1440w, https:\/\/mb2812.de\/wp-content\/uploads\/2018\/08\/DSC_5994-150x150.jpg 150w, https:\/\/mb2812.de\/wp-content\/uploads\/2018\/08\/DSC_5994-300x300.jpg 300w, https:\/\/mb2812.de\/wp-content\/uploads\/2018\/08\/DSC_5994-768x768.jpg 768w, https:\/\/mb2812.de\/wp-content\/uploads\/2018\/08\/DSC_5994-1024x1024.jpg 1024w, https:\/\/mb2812.de\/wp-content\/uploads\/2018\/08\/DSC_5994-668x668.jpg 668w\" sizes=\"auto, (max-width: 1440px) 100vw, 1440px\" \/><\/a><figcaption class=\"wp-element-caption\">Blick Richtung Allg\u00e4u<\/figcaption><\/figure>\n\n\n\n<figure class=\"wp-block-image aligncenter size-full is-resized\"><a href=\"http:\/\/reiseblog.mb2812.de\/wp-content\/uploads\/2018\/08\/DSC_5991.jpg\" rel=\"noopener noreferrer\"><img loading=\"lazy\" decoding=\"async\" width=\"1440\" height=\"1440\" src=\"https:\/\/mb2812.de\/wp-content\/uploads\/2018\/08\/DSC_5991.jpg\" alt=\"\" class=\"wp-image-6318\" style=\"width:710px\" srcset=\"https:\/\/mb2812.de\/wp-content\/uploads\/2018\/08\/DSC_5991.jpg 1440w, https:\/\/mb2812.de\/wp-content\/uploads\/2018\/08\/DSC_5991-150x150.jpg 150w, https:\/\/mb2812.de\/wp-content\/uploads\/2018\/08\/DSC_5991-300x300.jpg 300w, https:\/\/mb2812.de\/wp-content\/uploads\/2018\/08\/DSC_5991-768x768.jpg 768w, https:\/\/mb2812.de\/wp-content\/uploads\/2018\/08\/DSC_5991-1024x1024.jpg 1024w, https:\/\/mb2812.de\/wp-content\/uploads\/2018\/08\/DSC_5991-668x668.jpg 668w\" sizes=\"auto, (max-width: 1440px) 100vw, 1440px\" \/><\/a><figcaption class=\"wp-element-caption\">Blick Richtung Allg\u00e4u<\/figcaption><\/figure>\n\n\n\n<figure class=\"wp-block-image aligncenter size-full is-resized\"><a href=\"http:\/\/reiseblog.mb2812.de\/wp-content\/uploads\/2018\/08\/DSC_5999.jpg\" rel=\"noopener noreferrer\"><img loading=\"lazy\" decoding=\"async\" width=\"1440\" height=\"1440\" src=\"https:\/\/mb2812.de\/wp-content\/uploads\/2018\/08\/DSC_5999.jpg\" alt=\"\" class=\"wp-image-6322\" style=\"width:710px\" srcset=\"https:\/\/mb2812.de\/wp-content\/uploads\/2018\/08\/DSC_5999.jpg 1440w, https:\/\/mb2812.de\/wp-content\/uploads\/2018\/08\/DSC_5999-150x150.jpg 150w, https:\/\/mb2812.de\/wp-content\/uploads\/2018\/08\/DSC_5999-300x300.jpg 300w, https:\/\/mb2812.de\/wp-content\/uploads\/2018\/08\/DSC_5999-768x768.jpg 768w, https:\/\/mb2812.de\/wp-content\/uploads\/2018\/08\/DSC_5999-1024x1024.jpg 1024w, https:\/\/mb2812.de\/wp-content\/uploads\/2018\/08\/DSC_5999-668x668.jpg 668w\" sizes=\"auto, (max-width: 1440px) 100vw, 1440px\" \/><\/a><figcaption class=\"wp-element-caption\">Auf dem Weg nach unten unterqueren wir die Trasse der Seilbahn<\/figcaption><\/figure>\n\n\n\n<p>Fotos vom Abstieg:k<\/p>\n\n\n\n<figure class=\"wp-block-image aligncenter size-full is-resized\"><a href=\"http:\/\/reiseblog.mb2812.de\/wp-content\/uploads\/2018\/08\/IMG_5053-1114.jpg\" rel=\"noopener noreferrer\"><img loading=\"lazy\" decoding=\"async\" width=\"1440\" height=\"1440\" src=\"https:\/\/mb2812.de\/wp-content\/uploads\/2018\/08\/IMG_5053-1114.jpg\" alt=\"\" class=\"wp-image-6332\" style=\"width:710px\" srcset=\"https:\/\/mb2812.de\/wp-content\/uploads\/2018\/08\/IMG_5053-1114.jpg 1440w, https:\/\/mb2812.de\/wp-content\/uploads\/2018\/08\/IMG_5053-1114-150x150.jpg 150w, https:\/\/mb2812.de\/wp-content\/uploads\/2018\/08\/IMG_5053-1114-300x300.jpg 300w, https:\/\/mb2812.de\/wp-content\/uploads\/2018\/08\/IMG_5053-1114-768x768.jpg 768w, https:\/\/mb2812.de\/wp-content\/uploads\/2018\/08\/IMG_5053-1114-1024x1024.jpg 1024w, https:\/\/mb2812.de\/wp-content\/uploads\/2018\/08\/IMG_5053-1114-668x668.jpg 668w\" sizes=\"auto, (max-width: 1440px) 100vw, 1440px\" \/><\/a><figcaption class=\"wp-element-caption\">Die H\u00e4user sind \u00fcblicherweise im traditionellen Stil<\/figcaption><\/figure>\n\n\n\n<figure class=\"wp-block-image aligncenter size-full is-resized\"><a href=\"http:\/\/reiseblog.mb2812.de\/wp-content\/uploads\/2018\/07\/IMG_5061-1122.jpg\" rel=\"noopener noreferrer\"><img loading=\"lazy\" decoding=\"async\" width=\"1440\" height=\"1440\" src=\"https:\/\/mb2812.de\/wp-content\/uploads\/2018\/07\/IMG_5061-1122.jpg\" alt=\"\" class=\"wp-image-6345\" style=\"width:710px\" srcset=\"https:\/\/mb2812.de\/wp-content\/uploads\/2018\/07\/IMG_5061-1122.jpg 1440w, https:\/\/mb2812.de\/wp-content\/uploads\/2018\/07\/IMG_5061-1122-150x150.jpg 150w, https:\/\/mb2812.de\/wp-content\/uploads\/2018\/07\/IMG_5061-1122-300x300.jpg 300w, https:\/\/mb2812.de\/wp-content\/uploads\/2018\/07\/IMG_5061-1122-768x768.jpg 768w, https:\/\/mb2812.de\/wp-content\/uploads\/2018\/07\/IMG_5061-1122-1024x1024.jpg 1024w, https:\/\/mb2812.de\/wp-content\/uploads\/2018\/07\/IMG_5061-1122-668x668.jpg 668w\" sizes=\"auto, (max-width: 1440px) 100vw, 1440px\" \/><\/a><figcaption class=\"wp-element-caption\">Es gibt aber auch moderneres Design<\/figcaption><\/figure>\n\n\n\n<figure class=\"wp-block-image aligncenter size-full is-resized\"><a href=\"http:\/\/reiseblog.mb2812.de\/wp-content\/uploads\/2018\/08\/IMG_5054.jpg\" rel=\"noopener noreferrer\"><img loading=\"lazy\" decoding=\"async\" width=\"1440\" height=\"1440\" src=\"https:\/\/mb2812.de\/wp-content\/uploads\/2018\/08\/IMG_5054.jpg\" alt=\"\" class=\"wp-image-6333\" style=\"width:710px\" srcset=\"https:\/\/mb2812.de\/wp-content\/uploads\/2018\/08\/IMG_5054.jpg 1440w, https:\/\/mb2812.de\/wp-content\/uploads\/2018\/08\/IMG_5054-150x150.jpg 150w, https:\/\/mb2812.de\/wp-content\/uploads\/2018\/08\/IMG_5054-300x300.jpg 300w, https:\/\/mb2812.de\/wp-content\/uploads\/2018\/08\/IMG_5054-768x768.jpg 768w, https:\/\/mb2812.de\/wp-content\/uploads\/2018\/08\/IMG_5054-1024x1024.jpg 1024w, https:\/\/mb2812.de\/wp-content\/uploads\/2018\/08\/IMG_5054-668x668.jpg 668w\" sizes=\"auto, (max-width: 1440px) 100vw, 1440px\" \/><\/a><figcaption class=\"wp-element-caption\">Aussicht auf den Bodensee<\/figcaption><\/figure>\n\n\n\n<figure class=\"wp-block-image aligncenter size-full is-resized\"><a href=\"http:\/\/reiseblog.mb2812.de\/wp-content\/uploads\/2018\/08\/IMG_5059-1123.jpg\" rel=\"noopener noreferrer\"><img loading=\"lazy\" decoding=\"async\" width=\"1440\" height=\"1440\" src=\"https:\/\/mb2812.de\/wp-content\/uploads\/2018\/08\/IMG_5059-1123.jpg\" alt=\"\" class=\"wp-image-6334\" style=\"width:710px\" srcset=\"https:\/\/mb2812.de\/wp-content\/uploads\/2018\/08\/IMG_5059-1123.jpg 1440w, https:\/\/mb2812.de\/wp-content\/uploads\/2018\/08\/IMG_5059-1123-150x150.jpg 150w, https:\/\/mb2812.de\/wp-content\/uploads\/2018\/08\/IMG_5059-1123-300x300.jpg 300w, https:\/\/mb2812.de\/wp-content\/uploads\/2018\/08\/IMG_5059-1123-768x768.jpg 768w, https:\/\/mb2812.de\/wp-content\/uploads\/2018\/08\/IMG_5059-1123-1024x1024.jpg 1024w, https:\/\/mb2812.de\/wp-content\/uploads\/2018\/08\/IMG_5059-1123-668x668.jpg 668w\" sizes=\"auto, (max-width: 1440px) 100vw, 1440px\" \/><\/a><figcaption class=\"wp-element-caption\">Aussicht auf den Bodensee<\/figcaption><\/figure>\n\n\n\n<p>Und dies ist der Wanderweg. Mit den normalen Schuhen war es schwer, auf dem stark abfallenden, rutschigen Ger\u00f6ll einen festen Tritt zu bewahren:<\/p>\n\n\n\n<figure class=\"wp-block-image aligncenter size-full is-resized\"><a href=\"http:\/\/reiseblog.mb2812.de\/wp-content\/uploads\/2018\/08\/IMG_5065.jpg\" target=\"_blank\" rel=\"noopener noreferrer\"><img loading=\"lazy\" decoding=\"async\" width=\"1440\" height=\"1440\" src=\"https:\/\/mb2812.de\/wp-content\/uploads\/2018\/08\/IMG_5065.jpg\" alt=\"\" class=\"wp-image-6335\" style=\"width:710px\" srcset=\"https:\/\/mb2812.de\/wp-content\/uploads\/2018\/08\/IMG_5065.jpg 1440w, https:\/\/mb2812.de\/wp-content\/uploads\/2018\/08\/IMG_5065-150x150.jpg 150w, https:\/\/mb2812.de\/wp-content\/uploads\/2018\/08\/IMG_5065-300x300.jpg 300w, https:\/\/mb2812.de\/wp-content\/uploads\/2018\/08\/IMG_5065-768x768.jpg 768w, https:\/\/mb2812.de\/wp-content\/uploads\/2018\/08\/IMG_5065-1024x1024.jpg 1024w, https:\/\/mb2812.de\/wp-content\/uploads\/2018\/08\/IMG_5065-668x668.jpg 668w\" sizes=\"auto, (max-width: 1440px) 100vw, 1440px\" \/><\/a><\/figure>\n\n\n\n<p><\/p>\n\n\n\n<figure class=\"wp-block-image aligncenter size-full is-resized\"><a href=\"http:\/\/reiseblog.mb2812.de\/wp-content\/uploads\/2018\/08\/IMG_5067.jpg\" target=\"_blank\" rel=\"noopener noreferrer\"><img loading=\"lazy\" decoding=\"async\" width=\"1440\" height=\"1440\" src=\"https:\/\/mb2812.de\/wp-content\/uploads\/2018\/08\/IMG_5067.jpg\" alt=\"\" class=\"wp-image-6336\" style=\"width:710px\" srcset=\"https:\/\/mb2812.de\/wp-content\/uploads\/2018\/08\/IMG_5067.jpg 1440w, https:\/\/mb2812.de\/wp-content\/uploads\/2018\/08\/IMG_5067-150x150.jpg 150w, https:\/\/mb2812.de\/wp-content\/uploads\/2018\/08\/IMG_5067-300x300.jpg 300w, https:\/\/mb2812.de\/wp-content\/uploads\/2018\/08\/IMG_5067-768x768.jpg 768w, https:\/\/mb2812.de\/wp-content\/uploads\/2018\/08\/IMG_5067-1024x1024.jpg 1024w, https:\/\/mb2812.de\/wp-content\/uploads\/2018\/08\/IMG_5067-668x668.jpg 668w\" sizes=\"auto, (max-width: 1440px) 100vw, 1440px\" \/><\/a><\/figure>\n\n\n\n<p><\/p>\n\n\n\n<figure class=\"wp-block-image aligncenter size-full is-resized\"><a href=\"http:\/\/reiseblog.mb2812.de\/wp-content\/uploads\/2018\/08\/DSC_6001.jpg\" target=\"_blank\" rel=\"noopener noreferrer\"><img loading=\"lazy\" decoding=\"async\" width=\"1440\" height=\"1440\" src=\"https:\/\/mb2812.de\/wp-content\/uploads\/2018\/08\/DSC_6001.jpg\" alt=\"\" class=\"wp-image-6323\" style=\"width:710px\" srcset=\"https:\/\/mb2812.de\/wp-content\/uploads\/2018\/08\/DSC_6001.jpg 1440w, https:\/\/mb2812.de\/wp-content\/uploads\/2018\/08\/DSC_6001-150x150.jpg 150w, https:\/\/mb2812.de\/wp-content\/uploads\/2018\/08\/DSC_6001-300x300.jpg 300w, https:\/\/mb2812.de\/wp-content\/uploads\/2018\/08\/DSC_6001-768x768.jpg 768w, https:\/\/mb2812.de\/wp-content\/uploads\/2018\/08\/DSC_6001-1024x1024.jpg 1024w, https:\/\/mb2812.de\/wp-content\/uploads\/2018\/08\/DSC_6001-668x668.jpg 668w\" sizes=\"auto, (max-width: 1440px) 100vw, 1440px\" \/><\/a><\/figure>\n\n\n\n<p><\/p>\n\n\n\n<figure class=\"wp-block-image aligncenter size-full is-resized\"><a href=\"http:\/\/reiseblog.mb2812.de\/wp-content\/uploads\/2018\/08\/DSC_6005-1117.jpg\" rel=\"noopener noreferrer\"><img loading=\"lazy\" decoding=\"async\" width=\"1440\" height=\"1440\" src=\"https:\/\/mb2812.de\/wp-content\/uploads\/2018\/08\/DSC_6005-1117.jpg\" alt=\"\" class=\"wp-image-6324\" style=\"width:710px\" srcset=\"https:\/\/mb2812.de\/wp-content\/uploads\/2018\/08\/DSC_6005-1117.jpg 1440w, https:\/\/mb2812.de\/wp-content\/uploads\/2018\/08\/DSC_6005-1117-150x150.jpg 150w, https:\/\/mb2812.de\/wp-content\/uploads\/2018\/08\/DSC_6005-1117-300x300.jpg 300w, https:\/\/mb2812.de\/wp-content\/uploads\/2018\/08\/DSC_6005-1117-768x768.jpg 768w, https:\/\/mb2812.de\/wp-content\/uploads\/2018\/08\/DSC_6005-1117-1024x1024.jpg 1024w, https:\/\/mb2812.de\/wp-content\/uploads\/2018\/08\/DSC_6005-1117-668x668.jpg 668w\" sizes=\"auto, (max-width: 1440px) 100vw, 1440px\" \/><\/a><figcaption class=\"wp-element-caption\">Nur noch 50 H\u00f6henmeter bis zum Bodensee<\/figcaption><\/figure>\n\n\n\n<figure class=\"wp-block-image aligncenter size-full is-resized\"><a href=\"http:\/\/reiseblog.mb2812.de\/wp-content\/uploads\/2018\/08\/IMG_5082-1236.jpg\" rel=\"noopener noreferrer\"><img loading=\"lazy\" decoding=\"async\" width=\"1440\" height=\"1440\" src=\"https:\/\/mb2812.de\/wp-content\/uploads\/2018\/08\/IMG_5082-1236.jpg\" alt=\"\" class=\"wp-image-6338\" style=\"width:710px\" srcset=\"https:\/\/mb2812.de\/wp-content\/uploads\/2018\/08\/IMG_5082-1236.jpg 1440w, https:\/\/mb2812.de\/wp-content\/uploads\/2018\/08\/IMG_5082-1236-150x150.jpg 150w, https:\/\/mb2812.de\/wp-content\/uploads\/2018\/08\/IMG_5082-1236-300x300.jpg 300w, https:\/\/mb2812.de\/wp-content\/uploads\/2018\/08\/IMG_5082-1236-768x768.jpg 768w, https:\/\/mb2812.de\/wp-content\/uploads\/2018\/08\/IMG_5082-1236-1024x1024.jpg 1024w, https:\/\/mb2812.de\/wp-content\/uploads\/2018\/08\/IMG_5082-1236-668x668.jpg 668w\" sizes=\"auto, (max-width: 1440px) 100vw, 1440px\" \/><\/a><figcaption class=\"wp-element-caption\">Wieder unten: ersch\u00f6pft warte ich m Restaurant am Hafen aufs Weizenbier<\/figcaption><\/figure>\n\n\n\n<p>Zur\u00fcck nach Konstanz ging es mit der Bahn durch die Schweiz. In St. Margrethen, Romanshorn, Rorschach und Kreuzlingen m\u00fcssen wir dabei Umsteigen.<\/p>\n\n\n\n<p>In Konstanz angekommen, geht es zum Abendessen wieder in den Biergarten und sp\u00e4ter mit dem Bus zur\u00fcck zum Hotel.<\/p>\n\n\n\n<figure class=\"wp-block-image aligncenter size-full is-resized\"><a href=\"http:\/\/reiseblog.mb2812.de\/wp-content\/uploads\/2018\/08\/IMG_6875.jpg\" rel=\"noopener noreferrer\"><img loading=\"lazy\" decoding=\"async\" width=\"1440\" height=\"1440\" src=\"https:\/\/mb2812.de\/wp-content\/uploads\/2018\/08\/IMG_6875.jpg\" alt=\"\" class=\"wp-image-6326\" style=\"width:710px\" srcset=\"https:\/\/mb2812.de\/wp-content\/uploads\/2018\/08\/IMG_6875.jpg 1440w, https:\/\/mb2812.de\/wp-content\/uploads\/2018\/08\/IMG_6875-150x150.jpg 150w, https:\/\/mb2812.de\/wp-content\/uploads\/2018\/08\/IMG_6875-300x300.jpg 300w, https:\/\/mb2812.de\/wp-content\/uploads\/2018\/08\/IMG_6875-768x768.jpg 768w, https:\/\/mb2812.de\/wp-content\/uploads\/2018\/08\/IMG_6875-1024x1024.jpg 1024w, https:\/\/mb2812.de\/wp-content\/uploads\/2018\/08\/IMG_6875-668x668.jpg 668w\" sizes=\"auto, (max-width: 1440px) 100vw, 1440px\" \/><\/a><figcaption class=\"wp-element-caption\">Der Biergarten am Hafen in Konstanz<\/figcaption><\/figure>\n","protected":false},"excerpt":{"rendered":"<p>Heute gibt es den klassischen Ausflug ab Konstanz: Mit dem Schiff entlang des ganzen Bodensees nach Bregenz und dort mit der Seilbahn auf den Pf\u00e4nder. Zur\u00fcck fuhren wir mit der Bahn durch die Schweiz<\/p>\n","protected":false},"author":1,"featured_media":6304,"comment_status":"closed","ping_status":"closed","sticky":false,"template":"","format":"standard","meta":{"footnotes":""},"categories":[13],"tags":[115,117,88,203,206,39,204,205],"class_list":["post-6291","post","type-post","status-publish","format-standard","has-post-thumbnail","hentry","category-ausfluege","tag-115","tag-ausfluege","tag-baden-wuerttemberg","tag-bodensee","tag-bregenz","tag-deutschland","tag-konstanz","tag-oesterreich"],"_links":{"self":[{"href":"https:\/\/mb2812.de\/index.php?rest_route=\/wp\/v2\/posts\/6291","targetHints":{"allow":["GET"]}}],"collection":[{"href":"https:\/\/mb2812.de\/index.php?rest_route=\/wp\/v2\/posts"}],"about":[{"href":"https:\/\/mb2812.de\/index.php?rest_route=\/wp\/v2\/types\/post"}],"author":[{"embeddable":true,"href":"https:\/\/mb2812.de\/index.php?rest_route=\/wp\/v2\/users\/1"}],"replies":[{"embeddable":true,"href":"https:\/\/mb2812.de\/index.php?rest_route=%2Fwp%2Fv2%2Fcomments&post=6291"}],"version-history":[{"count":16,"href":"https:\/\/mb2812.de\/index.php?rest_route=\/wp\/v2\/posts\/6291\/revisions"}],"predecessor-version":[{"id":17046,"href":"https:\/\/mb2812.de\/index.php?rest_route=\/wp\/v2\/posts\/6291\/revisions\/17046"}],"wp:featuredmedia":[{"embeddable":true,"href":"https:\/\/mb2812.de\/index.php?rest_route=\/wp\/v2\/media\/6304"}],"wp:attachment":[{"href":"https:\/\/mb2812.de\/index.php?rest_route=%2Fwp%2Fv2%2Fmedia&parent=6291"}],"wp:term":[{"taxonomy":"category","embeddable":true,"href":"https:\/\/mb2812.de\/index.php?rest_route=%2Fwp%2Fv2%2Fcategories&post=6291"},{"taxonomy":"post_tag","embeddable":true,"href":"https:\/\/mb2812.de\/index.php?rest_route=%2Fwp%2Fv2%2Ftags&post=6291"}],"curies":[{"name":"wp","href":"https:\/\/api.w.org\/{rel}","templated":true}]}}