{"id":6068,"date":"2018-07-28T09:00:40","date_gmt":"2018-07-28T07:00:40","guid":{"rendered":"http:\/\/reiseblog.mb2812.de\/?p=6068"},"modified":"2025-04-02T08:27:22","modified_gmt":"2025-04-02T06:27:22","slug":"amsterdam-und-zandvoort","status":"publish","type":"post","link":"https:\/\/mb2812.de\/?p=6068","title":{"rendered":"Elektrobusse und U-Bahnen"},"content":{"rendered":"\n<p>Am Samstag war schlechtes Wetter angesagt mit einem durchziehenden Regengebiet. Ein guter Grund, nicht gleich nach Zandvoort zu fahren, im Regen ist es am Strand n\u00e4mlich nicht seher sch\u00f6n. Es sah allerdings so aus, als w\u00e4ren ein paar Tropfen in der Nacht das gesamte Unwetter gewesen, schon beim Fr\u00fchst\u00fcck war drau\u00dfen kein Regen mehr zu sehen. Allerdings hatten wir uns schon ein Alternativprogramm zum Strand ausgedacht: Am Wochenende vorher war die Nord-S\u00fcd U-Bahn in Amsterdam er\u00f6ffnet worden, und in &#8222;Der Stadtverkehr&#8220; war der Busverkehr s\u00fcdlich Amsterdam beschrieben worden, der k\u00fcrzlich 100 Elektrobusse in Betrieb genommen hatte. Diese Neuigkeiten im Nahverkehr zu besichtigen war unser erster Programmpunkt.<\/p>\n\n\n\n<p>Also wanderten wir durch Buitenveldert zur Haltestelle der Linie 347 auf dem Amstelveenseweg.<\/p>\n\n\n\n<figure class=\"wp-block-image aligncenter size-full is-resized\"><a href=\"http:\/\/reiseblog.mb2812.de\/wp-content\/uploads\/2018\/08\/IMG_7053.jpg\" rel=\"noopener\"><img loading=\"lazy\" decoding=\"async\" width=\"2016\" height=\"1440\" src=\"https:\/\/mb2812.de\/wp-content\/uploads\/2018\/08\/IMG_7053.jpg\" alt=\"\" class=\"wp-image-6085\" style=\"width:800px\" srcset=\"https:\/\/mb2812.de\/wp-content\/uploads\/2018\/08\/IMG_7053.jpg 2016w, https:\/\/mb2812.de\/wp-content\/uploads\/2018\/08\/IMG_7053-300x214.jpg 300w, https:\/\/mb2812.de\/wp-content\/uploads\/2018\/08\/IMG_7053-768x549.jpg 768w, https:\/\/mb2812.de\/wp-content\/uploads\/2018\/08\/IMG_7053-1024x731.jpg 1024w, https:\/\/mb2812.de\/wp-content\/uploads\/2018\/08\/IMG_7053-668x477.jpg 668w\" sizes=\"auto, (max-width: 2016px) 100vw, 2016px\" \/><\/a><figcaption class=\"wp-element-caption\">Unterwegs zur Bushaltestelle: Wasserlauf in Buitenveldert<\/figcaption><\/figure>\n\n\n\n<!--more-->\n\n\n\n<figure class=\"wp-block-image aligncenter size-full is-resized\"><a href=\"http:\/\/reiseblog.mb2812.de\/wp-content\/uploads\/2018\/08\/IMG_5626.jpg\" rel=\"noopener\"><img loading=\"lazy\" decoding=\"async\" width=\"2016\" height=\"1440\" src=\"https:\/\/mb2812.de\/wp-content\/uploads\/2018\/08\/IMG_5626.jpg\" alt=\"\" class=\"wp-image-6069\" style=\"width:800px\" srcset=\"https:\/\/mb2812.de\/wp-content\/uploads\/2018\/08\/IMG_5626.jpg 2016w, https:\/\/mb2812.de\/wp-content\/uploads\/2018\/08\/IMG_5626-300x214.jpg 300w, https:\/\/mb2812.de\/wp-content\/uploads\/2018\/08\/IMG_5626-768x549.jpg 768w, https:\/\/mb2812.de\/wp-content\/uploads\/2018\/08\/IMG_5626-1024x731.jpg 1024w, https:\/\/mb2812.de\/wp-content\/uploads\/2018\/08\/IMG_5626-668x477.jpg 668w\" sizes=\"auto, (max-width: 2016px) 100vw, 2016px\" \/><\/a><figcaption class=\"wp-element-caption\">Der van Nijenrodeweg, durch die Trockenheit bedingt sieht es schon herbstlich aus<\/figcaption><\/figure>\n\n\n\n<figure class=\"wp-block-image aligncenter size-full is-resized\"><a href=\"http:\/\/reiseblog.mb2812.de\/wp-content\/uploads\/2018\/08\/IMG_5627.jpg\" rel=\"noopener\"><img loading=\"lazy\" decoding=\"async\" width=\"1440\" height=\"1920\" src=\"https:\/\/mb2812.de\/wp-content\/uploads\/2018\/08\/IMG_5627.jpg\" alt=\"\" class=\"wp-image-6070\" style=\"width:600px\" srcset=\"https:\/\/mb2812.de\/wp-content\/uploads\/2018\/08\/IMG_5627.jpg 1440w, https:\/\/mb2812.de\/wp-content\/uploads\/2018\/08\/IMG_5627-225x300.jpg 225w, https:\/\/mb2812.de\/wp-content\/uploads\/2018\/08\/IMG_5627-768x1024.jpg 768w, https:\/\/mb2812.de\/wp-content\/uploads\/2018\/08\/IMG_5627-668x891.jpg 668w\" sizes=\"auto, (max-width: 1440px) 100vw, 1440px\" \/><\/a><figcaption class=\"wp-element-caption\">In einem der 100 &#8222;VDL Citea SLFA Electric&#8220;<\/figcaption><\/figure>\n\n\n\n<figure class=\"wp-block-image aligncenter size-full is-resized\"><a href=\"http:\/\/reiseblog.mb2812.de\/wp-content\/uploads\/2018\/08\/IMG_7054.jpg\" rel=\"noopener\"><img loading=\"lazy\" decoding=\"async\" width=\"2016\" height=\"1440\" src=\"https:\/\/mb2812.de\/wp-content\/uploads\/2018\/08\/IMG_7054.jpg\" alt=\"\" class=\"wp-image-6086\" style=\"width:600px\" srcset=\"https:\/\/mb2812.de\/wp-content\/uploads\/2018\/08\/IMG_7054.jpg 2016w, https:\/\/mb2812.de\/wp-content\/uploads\/2018\/08\/IMG_7054-300x214.jpg 300w, https:\/\/mb2812.de\/wp-content\/uploads\/2018\/08\/IMG_7054-768x549.jpg 768w, https:\/\/mb2812.de\/wp-content\/uploads\/2018\/08\/IMG_7054-1024x731.jpg 1024w, https:\/\/mb2812.de\/wp-content\/uploads\/2018\/08\/IMG_7054-668x477.jpg 668w\" sizes=\"auto, (max-width: 2016px) 100vw, 2016px\" \/><\/a><figcaption class=\"wp-element-caption\">Ein solcher Bus am Busbahnhof in Uithoorn<\/figcaption><\/figure>\n\n\n\n<p>In Uithoorn stiegen wir wieder aus und dann ging es ganz profan mit Dieselbussen weiter. Erstmal mit der Linie 340 nach Hoofddorp. Dort luden wir unsere OV-chipkaarten wieder auf, hatten einen Kaffee am Kiosk und machten uns auf den R\u00fcckweg nach Amsterdam. Ein Solaris Gelenkbus der Linie 397 brachte uns \u00fcber Schiphol zum Leidseplein mitten in Amsterdam.<\/p>\n\n\n\n<figure class=\"wp-block-image aligncenter size-full is-resized\"><a href=\"http:\/\/reiseblog.mb2812.de\/wp-content\/uploads\/2018\/08\/IMG_7057-1168.jpg\" rel=\"noopener\"><img loading=\"lazy\" decoding=\"async\" width=\"2016\" height=\"1440\" src=\"https:\/\/mb2812.de\/wp-content\/uploads\/2018\/08\/IMG_7057-1168.jpg\" alt=\"\" class=\"wp-image-6087\" style=\"width:800px\" srcset=\"https:\/\/mb2812.de\/wp-content\/uploads\/2018\/08\/IMG_7057-1168.jpg 2016w, https:\/\/mb2812.de\/wp-content\/uploads\/2018\/08\/IMG_7057-1168-300x214.jpg 300w, https:\/\/mb2812.de\/wp-content\/uploads\/2018\/08\/IMG_7057-1168-768x549.jpg 768w, https:\/\/mb2812.de\/wp-content\/uploads\/2018\/08\/IMG_7057-1168-1024x731.jpg 1024w, https:\/\/mb2812.de\/wp-content\/uploads\/2018\/08\/IMG_7057-1168-668x477.jpg 668w\" sizes=\"auto, (max-width: 2016px) 100vw, 2016px\" \/><\/a><figcaption class=\"wp-element-caption\">Blick von der Bustrasse in Hoofddorp nach S\u00fcden mit wartenden Dieselbussen. Die B\u00fcrogeb\u00e4ude fressen sich immer weiter in die Polder hinein<\/figcaption><\/figure>\n\n\n\n<p>In Amsterdam gabs dann einen kleinen Spaziergang durch die Stadt. Irgendwie Richtung Norden bis zum Nemo Museum, von dort zur Central Station.<\/p>\n\n\n\n<figure class=\"wp-block-image aligncenter size-full is-resized\"><a href=\"http:\/\/reiseblog.mb2812.de\/wp-content\/uploads\/2018\/08\/IMG_5640.jpg\" rel=\"noopener\"><img loading=\"lazy\" decoding=\"async\" width=\"2016\" height=\"1440\" src=\"https:\/\/mb2812.de\/wp-content\/uploads\/2018\/08\/IMG_5640.jpg\" alt=\"\" class=\"wp-image-6071\" style=\"width:800px\" srcset=\"https:\/\/mb2812.de\/wp-content\/uploads\/2018\/08\/IMG_5640.jpg 2016w, https:\/\/mb2812.de\/wp-content\/uploads\/2018\/08\/IMG_5640-300x214.jpg 300w, https:\/\/mb2812.de\/wp-content\/uploads\/2018\/08\/IMG_5640-768x549.jpg 768w, https:\/\/mb2812.de\/wp-content\/uploads\/2018\/08\/IMG_5640-1024x731.jpg 1024w, https:\/\/mb2812.de\/wp-content\/uploads\/2018\/08\/IMG_5640-668x477.jpg 668w\" sizes=\"auto, (max-width: 2016px) 100vw, 2016px\" \/><\/a><figcaption class=\"wp-element-caption\">Der Leidseplein in Amsterdam<\/figcaption><\/figure>\n\n\n\n<figure class=\"wp-block-image aligncenter size-full is-resized\"><a href=\"http:\/\/reiseblog.mb2812.de\/wp-content\/uploads\/2018\/08\/IMG_7059.jpg\" rel=\"noopener\"><img loading=\"lazy\" decoding=\"async\" width=\"2016\" height=\"1440\" src=\"https:\/\/mb2812.de\/wp-content\/uploads\/2018\/08\/IMG_7059.jpg\" alt=\"\" class=\"wp-image-6088\" style=\"width:800px\" srcset=\"https:\/\/mb2812.de\/wp-content\/uploads\/2018\/08\/IMG_7059.jpg 2016w, https:\/\/mb2812.de\/wp-content\/uploads\/2018\/08\/IMG_7059-300x214.jpg 300w, https:\/\/mb2812.de\/wp-content\/uploads\/2018\/08\/IMG_7059-768x549.jpg 768w, https:\/\/mb2812.de\/wp-content\/uploads\/2018\/08\/IMG_7059-1024x731.jpg 1024w, https:\/\/mb2812.de\/wp-content\/uploads\/2018\/08\/IMG_7059-668x477.jpg 668w\" sizes=\"auto, (max-width: 2016px) 100vw, 2016px\" \/><\/a><figcaption class=\"wp-element-caption\">Typisch Amsterdam: Die Spiegelgracht<\/figcaption><\/figure>\n\n\n\n<figure class=\"wp-block-image aligncenter size-full is-resized\"><a href=\"http:\/\/reiseblog.mb2812.de\/wp-content\/uploads\/2018\/08\/IMG_7066.jpg\" rel=\"noopener\"><img loading=\"lazy\" decoding=\"async\" width=\"2016\" height=\"1440\" src=\"https:\/\/mb2812.de\/wp-content\/uploads\/2018\/08\/IMG_7066.jpg\" alt=\"\" class=\"wp-image-6089\" style=\"width:800px\" srcset=\"https:\/\/mb2812.de\/wp-content\/uploads\/2018\/08\/IMG_7066.jpg 2016w, https:\/\/mb2812.de\/wp-content\/uploads\/2018\/08\/IMG_7066-300x214.jpg 300w, https:\/\/mb2812.de\/wp-content\/uploads\/2018\/08\/IMG_7066-768x549.jpg 768w, https:\/\/mb2812.de\/wp-content\/uploads\/2018\/08\/IMG_7066-1024x731.jpg 1024w, https:\/\/mb2812.de\/wp-content\/uploads\/2018\/08\/IMG_7066-668x477.jpg 668w\" sizes=\"auto, (max-width: 2016px) 100vw, 2016px\" \/><\/a><figcaption class=\"wp-element-caption\">Die Prinsengracht<\/figcaption><\/figure>\n\n\n\n<figure class=\"wp-block-image aligncenter size-full is-resized\"><a href=\"http:\/\/reiseblog.mb2812.de\/wp-content\/uploads\/2018\/08\/IMG_5647.jpg\" rel=\"noopener\"><img loading=\"lazy\" decoding=\"async\" width=\"2016\" height=\"1440\" src=\"https:\/\/mb2812.de\/wp-content\/uploads\/2018\/08\/IMG_5647.jpg\" alt=\"\" class=\"wp-image-6072\" style=\"width:800px\" srcset=\"https:\/\/mb2812.de\/wp-content\/uploads\/2018\/08\/IMG_5647.jpg 2016w, https:\/\/mb2812.de\/wp-content\/uploads\/2018\/08\/IMG_5647-300x214.jpg 300w, https:\/\/mb2812.de\/wp-content\/uploads\/2018\/08\/IMG_5647-768x549.jpg 768w, https:\/\/mb2812.de\/wp-content\/uploads\/2018\/08\/IMG_5647-1024x731.jpg 1024w, https:\/\/mb2812.de\/wp-content\/uploads\/2018\/08\/IMG_5647-668x477.jpg 668w\" sizes=\"auto, (max-width: 2016px) 100vw, 2016px\" \/><\/a><figcaption class=\"wp-element-caption\">Blick entlang der Spiegelgracht nach S\u00fcden, Richtung Rijksmuseum<\/figcaption><\/figure>\n\n\n\n<figure class=\"wp-block-image aligncenter size-full is-resized\"><a href=\"http:\/\/reiseblog.mb2812.de\/wp-content\/uploads\/2018\/08\/IMG_5668.jpg\" rel=\"noopener\"><img loading=\"lazy\" decoding=\"async\" width=\"2016\" height=\"1440\" src=\"https:\/\/mb2812.de\/wp-content\/uploads\/2018\/08\/IMG_5668.jpg\" alt=\"\" class=\"wp-image-6073\" style=\"width:800px\" srcset=\"https:\/\/mb2812.de\/wp-content\/uploads\/2018\/08\/IMG_5668.jpg 2016w, https:\/\/mb2812.de\/wp-content\/uploads\/2018\/08\/IMG_5668-300x214.jpg 300w, https:\/\/mb2812.de\/wp-content\/uploads\/2018\/08\/IMG_5668-768x549.jpg 768w, https:\/\/mb2812.de\/wp-content\/uploads\/2018\/08\/IMG_5668-1024x731.jpg 1024w, https:\/\/mb2812.de\/wp-content\/uploads\/2018\/08\/IMG_5668-668x477.jpg 668w\" sizes=\"auto, (max-width: 2016px) 100vw, 2016px\" \/><\/a><figcaption class=\"wp-element-caption\">Die &#8222;Oudeschans&#8220; mit dem Montelbaanstoren (Turm) von 1516<\/figcaption><\/figure>\n\n\n\n<figure class=\"wp-block-image aligncenter size-full is-resized\"><a href=\"http:\/\/reiseblog.mb2812.de\/wp-content\/uploads\/2018\/08\/IMG_5673-1155.jpg\" rel=\"noopener\"><img loading=\"lazy\" decoding=\"async\" width=\"1440\" height=\"1920\" src=\"https:\/\/mb2812.de\/wp-content\/uploads\/2018\/08\/IMG_5673-1155.jpg\" alt=\"\" class=\"wp-image-6074\" style=\"width:600px\" srcset=\"https:\/\/mb2812.de\/wp-content\/uploads\/2018\/08\/IMG_5673-1155.jpg 1440w, https:\/\/mb2812.de\/wp-content\/uploads\/2018\/08\/IMG_5673-1155-225x300.jpg 225w, https:\/\/mb2812.de\/wp-content\/uploads\/2018\/08\/IMG_5673-1155-768x1024.jpg 768w, https:\/\/mb2812.de\/wp-content\/uploads\/2018\/08\/IMG_5673-1155-668x891.jpg 668w\" sizes=\"auto, (max-width: 1440px) 100vw, 1440px\" \/><\/a><figcaption class=\"wp-element-caption\">Aufstieg zur Aussichtsplattform des Nemo Wissenschaftsmuseums<\/figcaption><\/figure>\n\n\n\n<figure class=\"wp-block-image aligncenter size-full is-resized\"><a href=\"http:\/\/reiseblog.mb2812.de\/wp-content\/uploads\/2018\/08\/IMG_5677.jpg\" rel=\"noopener\"><img loading=\"lazy\" decoding=\"async\" width=\"2016\" height=\"1440\" src=\"https:\/\/mb2812.de\/wp-content\/uploads\/2018\/08\/IMG_5677.jpg\" alt=\"\" class=\"wp-image-6075\" style=\"width:800px\" srcset=\"https:\/\/mb2812.de\/wp-content\/uploads\/2018\/08\/IMG_5677.jpg 2016w, https:\/\/mb2812.de\/wp-content\/uploads\/2018\/08\/IMG_5677-300x214.jpg 300w, https:\/\/mb2812.de\/wp-content\/uploads\/2018\/08\/IMG_5677-768x549.jpg 768w, https:\/\/mb2812.de\/wp-content\/uploads\/2018\/08\/IMG_5677-1024x731.jpg 1024w, https:\/\/mb2812.de\/wp-content\/uploads\/2018\/08\/IMG_5677-668x477.jpg 668w\" sizes=\"auto, (max-width: 2016px) 100vw, 2016px\" \/><\/a><figcaption class=\"wp-element-caption\">Das Schiffahrtsmuseum mit dem Nachbau der &#8222;Amsterdam&#8220;, einem Handelsschiff von 1749 der Ostindienkompanie.<\/figcaption><\/figure>\n\n\n\n<figure class=\"wp-block-image aligncenter size-full is-resized\"><a href=\"http:\/\/reiseblog.mb2812.de\/wp-content\/uploads\/2018\/08\/IMG_5683-1170.jpg\" rel=\"noopener\"><img loading=\"lazy\" decoding=\"async\" width=\"2016\" height=\"1440\" src=\"https:\/\/mb2812.de\/wp-content\/uploads\/2018\/08\/IMG_5683-1170.jpg\" alt=\"\" class=\"wp-image-6076\" style=\"width:800px\" srcset=\"https:\/\/mb2812.de\/wp-content\/uploads\/2018\/08\/IMG_5683-1170.jpg 2016w, https:\/\/mb2812.de\/wp-content\/uploads\/2018\/08\/IMG_5683-1170-300x214.jpg 300w, https:\/\/mb2812.de\/wp-content\/uploads\/2018\/08\/IMG_5683-1170-768x549.jpg 768w, https:\/\/mb2812.de\/wp-content\/uploads\/2018\/08\/IMG_5683-1170-1024x731.jpg 1024w, https:\/\/mb2812.de\/wp-content\/uploads\/2018\/08\/IMG_5683-1170-668x477.jpg 668w\" sizes=\"auto, (max-width: 2016px) 100vw, 2016px\" \/><\/a><figcaption class=\"wp-element-caption\">Das Nemo Museum liegt auf dem s\u00fcdlichen Eingang des IJ Tunnels. Blick Richtung Centraal Station.<\/figcaption><\/figure>\n\n\n\n<p>Am Bahnhof begannen wir dann den zweiten Teil der Erkundung der Neuerungen im \u00d6PNV in Amsterdam. Eine Fahrt mit der neuen Nord-S\u00fcd U-Bahn.<\/p>\n\n\n\n<figure class=\"wp-block-image aligncenter size-full is-resized\"><a href=\"http:\/\/reiseblog.mb2812.de\/wp-content\/uploads\/2018\/08\/IMG_5693.jpg\" rel=\"noopener\"><img loading=\"lazy\" decoding=\"async\" width=\"1440\" height=\"1920\" src=\"https:\/\/mb2812.de\/wp-content\/uploads\/2018\/08\/IMG_5693.jpg\" alt=\"\" class=\"wp-image-6077\" style=\"width:600px\" srcset=\"https:\/\/mb2812.de\/wp-content\/uploads\/2018\/08\/IMG_5693.jpg 1440w, https:\/\/mb2812.de\/wp-content\/uploads\/2018\/08\/IMG_5693-225x300.jpg 225w, https:\/\/mb2812.de\/wp-content\/uploads\/2018\/08\/IMG_5693-768x1024.jpg 768w, https:\/\/mb2812.de\/wp-content\/uploads\/2018\/08\/IMG_5693-668x891.jpg 668w\" sizes=\"auto, (max-width: 1440px) 100vw, 1440px\" \/><\/a><figcaption class=\"wp-element-caption\">Der Bahnhofsvorplatz in Amsterdam ist wieder ohne Baugruben. Ab geht es in den Untergrund zur Fahrt mit der neuen U-Bahn.<\/figcaption><\/figure>\n\n\n\n<p>Erst fuhren wir nach Amsterdam Nord, dann gleich wieder zur\u00fcck \u00fcber die Gesamtstrecke bis zum S\u00fcdbahnhof. Nach einer halben Stunde war die neue U-Bahn auch schon abgefahren. Nachdem jetzt strahlender Sonnenschein herrschte, entschieden wir uns nochmals Zandvoort zu besuchen. Am S\u00fcdbahnhof steigen wir also wieder in einen Doppeldecker der Linie 346, diesmal bis zum Bahnhof in Haarlem. Ab dort nehmen wir dann die Linie 81 nach Zandvoort, die brechend voll ist. In Bloemendaal an Zee steigen wir aus, f\u00fcr die letzten Kilometer bis Zandvoort haben wir eine Strandwanderung angesetzt.<\/p>\n\n\n\n<figure class=\"wp-block-image aligncenter size-full is-resized\"><a href=\"http:\/\/reiseblog.mb2812.de\/wp-content\/uploads\/2018\/08\/IMG_5697-1171.jpg\" rel=\"noopener\"><img loading=\"lazy\" decoding=\"async\" width=\"2016\" height=\"1440\" src=\"https:\/\/mb2812.de\/wp-content\/uploads\/2018\/08\/IMG_5697-1171.jpg\" alt=\"\" class=\"wp-image-6078\" style=\"width:800px\" srcset=\"https:\/\/mb2812.de\/wp-content\/uploads\/2018\/08\/IMG_5697-1171.jpg 2016w, https:\/\/mb2812.de\/wp-content\/uploads\/2018\/08\/IMG_5697-1171-300x214.jpg 300w, https:\/\/mb2812.de\/wp-content\/uploads\/2018\/08\/IMG_5697-1171-768x549.jpg 768w, https:\/\/mb2812.de\/wp-content\/uploads\/2018\/08\/IMG_5697-1171-1024x731.jpg 1024w, https:\/\/mb2812.de\/wp-content\/uploads\/2018\/08\/IMG_5697-1171-668x477.jpg 668w\" sizes=\"auto, (max-width: 2016px) 100vw, 2016px\" \/><\/a><figcaption class=\"wp-element-caption\">Die &#8222;Pavillons&#8220; in Bloemendaal an Zee.<\/figcaption><\/figure>\n\n\n\n<figure class=\"wp-block-image aligncenter size-full is-resized\"><a href=\"http:\/\/reiseblog.mb2812.de\/wp-content\/uploads\/2018\/08\/IMG_5698-1172.jpg\" rel=\"noopener\"><img loading=\"lazy\" decoding=\"async\" width=\"2016\" height=\"1440\" src=\"https:\/\/mb2812.de\/wp-content\/uploads\/2018\/08\/IMG_5698-1172.jpg\" alt=\"\" class=\"wp-image-6079\" style=\"width:800px\" srcset=\"https:\/\/mb2812.de\/wp-content\/uploads\/2018\/08\/IMG_5698-1172.jpg 2016w, https:\/\/mb2812.de\/wp-content\/uploads\/2018\/08\/IMG_5698-1172-300x214.jpg 300w, https:\/\/mb2812.de\/wp-content\/uploads\/2018\/08\/IMG_5698-1172-768x549.jpg 768w, https:\/\/mb2812.de\/wp-content\/uploads\/2018\/08\/IMG_5698-1172-1024x731.jpg 1024w, https:\/\/mb2812.de\/wp-content\/uploads\/2018\/08\/IMG_5698-1172-668x477.jpg 668w\" sizes=\"auto, (max-width: 2016px) 100vw, 2016px\" \/><\/a><figcaption class=\"wp-element-caption\">Der Strand in Bloemendaal an Zee<\/figcaption><\/figure>\n\n\n\n<figure class=\"wp-block-image aligncenter size-full is-resized\"><a href=\"http:\/\/reiseblog.mb2812.de\/wp-content\/uploads\/2018\/08\/IMG_5702-1151.jpg\" rel=\"noopener\"><img loading=\"lazy\" decoding=\"async\" width=\"2016\" height=\"1440\" src=\"https:\/\/mb2812.de\/wp-content\/uploads\/2018\/08\/IMG_5702-1151.jpg\" alt=\"\" class=\"wp-image-6080\" style=\"width:800px\" srcset=\"https:\/\/mb2812.de\/wp-content\/uploads\/2018\/08\/IMG_5702-1151.jpg 2016w, https:\/\/mb2812.de\/wp-content\/uploads\/2018\/08\/IMG_5702-1151-300x214.jpg 300w, https:\/\/mb2812.de\/wp-content\/uploads\/2018\/08\/IMG_5702-1151-768x549.jpg 768w, https:\/\/mb2812.de\/wp-content\/uploads\/2018\/08\/IMG_5702-1151-1024x731.jpg 1024w, https:\/\/mb2812.de\/wp-content\/uploads\/2018\/08\/IMG_5702-1151-668x477.jpg 668w\" sizes=\"auto, (max-width: 2016px) 100vw, 2016px\" \/><\/a><figcaption class=\"wp-element-caption\">Der Strand in Bloemendaal an Zee<\/figcaption><\/figure>\n\n\n\n<figure class=\"wp-block-image aligncenter size-full is-resized\"><a href=\"http:\/\/reiseblog.mb2812.de\/wp-content\/uploads\/2018\/08\/IMG_5722.jpg\" rel=\"noopener\"><img loading=\"lazy\" decoding=\"async\" width=\"2016\" height=\"1440\" src=\"https:\/\/mb2812.de\/wp-content\/uploads\/2018\/08\/IMG_5722.jpg\" alt=\"\" class=\"wp-image-6081\" style=\"width:800px\" srcset=\"https:\/\/mb2812.de\/wp-content\/uploads\/2018\/08\/IMG_5722.jpg 2016w, https:\/\/mb2812.de\/wp-content\/uploads\/2018\/08\/IMG_5722-300x214.jpg 300w, https:\/\/mb2812.de\/wp-content\/uploads\/2018\/08\/IMG_5722-768x549.jpg 768w, https:\/\/mb2812.de\/wp-content\/uploads\/2018\/08\/IMG_5722-1024x731.jpg 1024w, https:\/\/mb2812.de\/wp-content\/uploads\/2018\/08\/IMG_5722-668x477.jpg 668w\" sizes=\"auto, (max-width: 2016px) 100vw, 2016px\" \/><\/a><figcaption class=\"wp-element-caption\">H\u00fctten s\u00e4umen den Strand bis Zandvoort<\/figcaption><\/figure>\n\n\n\n<p>Zum &#8222;am Strand liegen&#8220; war das Wetter \u00fcbrigens nicht, es ging ein sehr starker Wind, der unabl\u00e4ssig Sand \u00fcber den Strand wehte. Wir liefen bis Zandvoort und landeten in einem Pavillon in der N\u00e4he der Ortsmitte. Nachdem wir ziemlich hungrig waren, gab es dort ein fr\u00fches Abendessen, f\u00fcr mich wieder &#8222;Bitterballen&#8220;.<\/p>\n\n\n\n<p>Die R\u00fcckfahrt machten wir heute per Bus, Linie 80 nach Haarlem und Linie 346 nach Amsterdam Zuid, dann per Pedes zum Hotel.<\/p>\n\n\n\n<figure class=\"wp-block-image aligncenter size-full is-resized\"><a href=\"http:\/\/reiseblog.mb2812.de\/wp-content\/uploads\/2018\/08\/IMG_5737.jpg\" rel=\"noopener\"><img loading=\"lazy\" decoding=\"async\" width=\"2016\" height=\"1440\" src=\"https:\/\/mb2812.de\/wp-content\/uploads\/2018\/08\/IMG_5737.jpg\" alt=\"\" class=\"wp-image-6082\" style=\"width:800px\" srcset=\"https:\/\/mb2812.de\/wp-content\/uploads\/2018\/08\/IMG_5737.jpg 2016w, https:\/\/mb2812.de\/wp-content\/uploads\/2018\/08\/IMG_5737-300x214.jpg 300w, https:\/\/mb2812.de\/wp-content\/uploads\/2018\/08\/IMG_5737-768x549.jpg 768w, https:\/\/mb2812.de\/wp-content\/uploads\/2018\/08\/IMG_5737-1024x731.jpg 1024w, https:\/\/mb2812.de\/wp-content\/uploads\/2018\/08\/IMG_5737-668x477.jpg 668w\" sizes=\"auto, (max-width: 2016px) 100vw, 2016px\" \/><\/a><figcaption class=\"wp-element-caption\">Samstag Nachmittag sieht der Platz am Amsterdamer S\u00fcdbahnhof mit den ihn umgebenden B\u00fcr\u00f6h\u00e4usern unbelebt und \u00f6de aus. Alle Restaurants und Gesch\u00e4fte sind geschlossen.<\/figcaption><\/figure>\n\n\n\n<figure class=\"wp-block-image aligncenter size-full is-resized\"><a href=\"http:\/\/reiseblog.mb2812.de\/wp-content\/uploads\/2018\/08\/IMG_5745-1174.jpg\" rel=\"noopener\"><img loading=\"lazy\" decoding=\"async\" width=\"2016\" height=\"1440\" src=\"https:\/\/mb2812.de\/wp-content\/uploads\/2018\/08\/IMG_5745-1174.jpg\" alt=\"\" class=\"wp-image-6083\" style=\"width:800px\" srcset=\"https:\/\/mb2812.de\/wp-content\/uploads\/2018\/08\/IMG_5745-1174.jpg 2016w, https:\/\/mb2812.de\/wp-content\/uploads\/2018\/08\/IMG_5745-1174-300x214.jpg 300w, https:\/\/mb2812.de\/wp-content\/uploads\/2018\/08\/IMG_5745-1174-768x549.jpg 768w, https:\/\/mb2812.de\/wp-content\/uploads\/2018\/08\/IMG_5745-1174-1024x731.jpg 1024w, https:\/\/mb2812.de\/wp-content\/uploads\/2018\/08\/IMG_5745-1174-668x477.jpg 668w\" sizes=\"auto, (max-width: 2016px) 100vw, 2016px\" \/><\/a><figcaption class=\"wp-element-caption\">Wohnh\u00e4user an der De Boelelaan<\/figcaption><\/figure>\n\n\n\n<figure class=\"wp-block-image aligncenter size-full is-resized\"><a href=\"http:\/\/reiseblog.mb2812.de\/wp-content\/uploads\/2018\/08\/IMG_5748.jpg\" rel=\"noopener\"><img loading=\"lazy\" decoding=\"async\" width=\"2016\" height=\"1440\" src=\"https:\/\/mb2812.de\/wp-content\/uploads\/2018\/08\/IMG_5748.jpg\" alt=\"\" class=\"wp-image-6084\" style=\"width:800px\" srcset=\"https:\/\/mb2812.de\/wp-content\/uploads\/2018\/08\/IMG_5748.jpg 2016w, https:\/\/mb2812.de\/wp-content\/uploads\/2018\/08\/IMG_5748-300x214.jpg 300w, https:\/\/mb2812.de\/wp-content\/uploads\/2018\/08\/IMG_5748-768x549.jpg 768w, https:\/\/mb2812.de\/wp-content\/uploads\/2018\/08\/IMG_5748-1024x731.jpg 1024w, https:\/\/mb2812.de\/wp-content\/uploads\/2018\/08\/IMG_5748-668x477.jpg 668w\" sizes=\"auto, (max-width: 2016px) 100vw, 2016px\" \/><\/a><figcaption class=\"wp-element-caption\">Einer der vielen Kan\u00e4le in Buitenveldert<\/figcaption><\/figure>\n\n\n\n<p>Wir fanden diesmal einen Supermarkt nicht weit vom Hotel entfernt und erstanden ein paar Dosen Bier, sodass wir nach der R\u00fcckkehr auf dem Zimmer blieben und es uns dort gem\u00fctlich machten.<\/p>\n","protected":false},"excerpt":{"rendered":"<p>Da der Wetterbericht schlechtes Wetter vorhersagt, entscheiden wir uns f\u00fcr eine Rundfahrt mit Bus und Bahn. Am Nachmittag landen wir doch wieder in Zandvoort.<\/p>\n","protected":false},"author":1,"featured_media":6086,"comment_status":"closed","ping_status":"closed","sticky":false,"template":"","format":"standard","meta":{"footnotes":""},"categories":[13],"tags":[115,209,117,44,38],"class_list":["post-6068","post","type-post","status-publish","format-standard","has-post-thumbnail","hentry","category-ausfluege","tag-115","tag-amsterdam","tag-ausfluege","tag-niederlande","tag-nordseekueste"],"_links":{"self":[{"href":"https:\/\/mb2812.de\/index.php?rest_route=\/wp\/v2\/posts\/6068","targetHints":{"allow":["GET"]}}],"collection":[{"href":"https:\/\/mb2812.de\/index.php?rest_route=\/wp\/v2\/posts"}],"about":[{"href":"https:\/\/mb2812.de\/index.php?rest_route=\/wp\/v2\/types\/post"}],"author":[{"embeddable":true,"href":"https:\/\/mb2812.de\/index.php?rest_route=\/wp\/v2\/users\/1"}],"replies":[{"embeddable":true,"href":"https:\/\/mb2812.de\/index.php?rest_route=%2Fwp%2Fv2%2Fcomments&post=6068"}],"version-history":[{"count":9,"href":"https:\/\/mb2812.de\/index.php?rest_route=\/wp\/v2\/posts\/6068\/revisions"}],"predecessor-version":[{"id":17062,"href":"https:\/\/mb2812.de\/index.php?rest_route=\/wp\/v2\/posts\/6068\/revisions\/17062"}],"wp:featuredmedia":[{"embeddable":true,"href":"https:\/\/mb2812.de\/index.php?rest_route=\/wp\/v2\/media\/6086"}],"wp:attachment":[{"href":"https:\/\/mb2812.de\/index.php?rest_route=%2Fwp%2Fv2%2Fmedia&parent=6068"}],"wp:term":[{"taxonomy":"category","embeddable":true,"href":"https:\/\/mb2812.de\/index.php?rest_route=%2Fwp%2Fv2%2Fcategories&post=6068"},{"taxonomy":"post_tag","embeddable":true,"href":"https:\/\/mb2812.de\/index.php?rest_route=%2Fwp%2Fv2%2Ftags&post=6068"}],"curies":[{"name":"wp","href":"https:\/\/api.w.org\/{rel}","templated":true}]}}