{"id":6024,"date":"2018-07-01T09:00:12","date_gmt":"2018-07-01T07:00:12","guid":{"rendered":"http:\/\/reiseblog.mb2812.de\/?p=6024"},"modified":"2025-04-01T12:11:44","modified_gmt":"2025-04-01T10:11:44","slug":"konstanz","status":"publish","type":"post","link":"https:\/\/mb2812.de\/?p=6024","title":{"rendered":"Konstanz"},"content":{"rendered":"\n<p>Ende Juni bis Anfang Juli verbrachten wir knapp zwei Wochen Urlaub in B\u00f6blingen. Neben dem Ausflug nach Stra\u00dfburg ging es auch f\u00fcr ein paar Tage an den Bodensee. &#8222;Bahnfahren in der Schweiz&#8220; stand schon lange auf meiner To-Do-Liste, und jetzt sollte die Gelegenheit dazu sein.<\/p>\n\n\n\n<p>Am Sonntag morgen ging es mit dem Auto die A81 lang nach Konstanz. Unser Hotel war das IBIS Budget im Industriegebiet nahe der neuen Br\u00fccke \u00fcber den Rhein. IBIS schl\u00e4gt hier zwei Fliegen mit einer Klappe, in einem Geb\u00e4ude sind sowohl ein &#8222;Budget&#8220; (linker Eingang) und auch ein &#8222;Styles&#8220; (rechter Eingang) untergebracht. Im Flur konnten wir durch eine Glast\u00fcr hin\u00fcber in den &#8222;Styles&#8220;-Teil blicken, zumindest der Teppich im Flur war gleich. Die Zimmer hatten wohl auch die gleiche Gr\u00f6\u00dfe, im &#8222;Budget&#8220;-Teil &nbsp;nat\u00fcrlich ziemlich spartanisch eingerichtet. Nicht sonderlich &#8222;budget&#8220; &nbsp;war der Preis, Konstanz und der Bodensee sind im Hochsommer nicht sehr g\u00fcnstig.<\/p>\n\n\n\n<p>Wir kamen recht fr\u00fch an und ergatterten einen der wenigen kostenlosen Parkpl\u00e4tze vor dem Hotel. Einchecken war noch nicht m\u00f6glich, aber wir bekamen schon die &#8222;Kurkarte&#8220;. Konstanz erhebt n\u00e4mlich Kurtaxe, immerhin kann man daf\u00fcr kostenlos mit den Stadtbussen fahren, was uns ganz entgegen kam.<\/p>\n\n\n\n<p>Am Nachmittag unternahmen wir dann einen l\u00e4ngeren Spaziergang entlang der Nordseite des Rheins und Bodensees bis nach Staad zum F\u00e4hranleger.<\/p>\n\n\n\n<figure class=\"wp-block-image aligncenter size-full is-resized wp-image-6029\"><a href=\"https:\/\/mb2812.de\/wp-content\/uploads\/2018\/07\/DSC_5860.jpg\"><img loading=\"lazy\" decoding=\"async\" width=\"1800\" height=\"1440\" src=\"https:\/\/mb2812.de\/wp-content\/uploads\/2018\/07\/DSC_5860.jpg\" alt=\"\" class=\"wp-image-6029\" style=\"width:800px\" srcset=\"https:\/\/mb2812.de\/wp-content\/uploads\/2018\/07\/DSC_5860.jpg 1800w, https:\/\/mb2812.de\/wp-content\/uploads\/2018\/07\/DSC_5860-300x240.jpg 300w, https:\/\/mb2812.de\/wp-content\/uploads\/2018\/07\/DSC_5860-768x614.jpg 768w, https:\/\/mb2812.de\/wp-content\/uploads\/2018\/07\/DSC_5860-1024x819.jpg 1024w, https:\/\/mb2812.de\/wp-content\/uploads\/2018\/07\/DSC_5860-668x534.jpg 668w\" sizes=\"auto, (max-width: 1800px) 100vw, 1800px\" \/><\/a><figcaption class=\"wp-element-caption\">Die Munot, das j\u00fcngste Schiff der Schweizerischen Schifffahrtsgesellschaft Untersee und Rhein (Baujahr 1998), vor der neuen Rheinbr\u00fccke<\/figcaption><\/figure>\n\n\n\n<!--more-->\n\n\n\n<figure class=\"wp-block-image aligncenter size-full is-resized\"><a href=\"http:\/\/reiseblog.mb2812.de\/wp-content\/uploads\/2018\/07\/IMG_4816.jpg\" rel=\"noopener noreferrer\"><img loading=\"lazy\" decoding=\"async\" width=\"1800\" height=\"1440\" src=\"https:\/\/mb2812.de\/wp-content\/uploads\/2018\/07\/IMG_4816.jpg\" alt=\"\" class=\"wp-image-6025\" style=\"width:800px\" srcset=\"https:\/\/mb2812.de\/wp-content\/uploads\/2018\/07\/IMG_4816.jpg 1800w, https:\/\/mb2812.de\/wp-content\/uploads\/2018\/07\/IMG_4816-300x240.jpg 300w, https:\/\/mb2812.de\/wp-content\/uploads\/2018\/07\/IMG_4816-768x614.jpg 768w, https:\/\/mb2812.de\/wp-content\/uploads\/2018\/07\/IMG_4816-1024x819.jpg 1024w, https:\/\/mb2812.de\/wp-content\/uploads\/2018\/07\/IMG_4816-668x534.jpg 668w\" sizes=\"auto, (max-width: 1800px) 100vw, 1800px\" \/><\/a><figcaption class=\"wp-element-caption\">Und hier der Fotograf bei der Arbeit<\/figcaption><\/figure>\n\n\n\n<figure class=\"wp-block-image aligncenter size-full is-resized\"><a href=\"http:\/\/reiseblog.mb2812.de\/wp-content\/uploads\/2018\/07\/DSC_5866.jpg\" rel=\"noopener noreferrer\"><img loading=\"lazy\" decoding=\"async\" width=\"1800\" height=\"1440\" src=\"https:\/\/mb2812.de\/wp-content\/uploads\/2018\/07\/DSC_5866.jpg\" alt=\"\" class=\"wp-image-6030\" style=\"width:800px\" srcset=\"https:\/\/mb2812.de\/wp-content\/uploads\/2018\/07\/DSC_5866.jpg 1800w, https:\/\/mb2812.de\/wp-content\/uploads\/2018\/07\/DSC_5866-300x240.jpg 300w, https:\/\/mb2812.de\/wp-content\/uploads\/2018\/07\/DSC_5866-768x614.jpg 768w, https:\/\/mb2812.de\/wp-content\/uploads\/2018\/07\/DSC_5866-1024x819.jpg 1024w, https:\/\/mb2812.de\/wp-content\/uploads\/2018\/07\/DSC_5866-668x534.jpg 668w\" sizes=\"auto, (max-width: 1800px) 100vw, 1800px\" \/><\/a><figcaption class=\"wp-element-caption\">Eingang des 1937 gebauten &#8222;Kur- und Hallenbad&#8220; am Seerhein an der Spanierstra\u00dfe<\/figcaption><\/figure>\n\n\n\n<figure class=\"wp-block-image aligncenter size-full is-resized\"><a href=\"http:\/\/reiseblog.mb2812.de\/wp-content\/uploads\/2018\/07\/DSC_5872.jpg\" rel=\"noopener noreferrer\"><img loading=\"lazy\" decoding=\"async\" width=\"1800\" height=\"1440\" src=\"https:\/\/mb2812.de\/wp-content\/uploads\/2018\/07\/DSC_5872.jpg\" alt=\"\" class=\"wp-image-6032\" style=\"width:800px\" srcset=\"https:\/\/mb2812.de\/wp-content\/uploads\/2018\/07\/DSC_5872.jpg 1800w, https:\/\/mb2812.de\/wp-content\/uploads\/2018\/07\/DSC_5872-300x240.jpg 300w, https:\/\/mb2812.de\/wp-content\/uploads\/2018\/07\/DSC_5872-768x614.jpg 768w, https:\/\/mb2812.de\/wp-content\/uploads\/2018\/07\/DSC_5872-1024x819.jpg 1024w, https:\/\/mb2812.de\/wp-content\/uploads\/2018\/07\/DSC_5872-668x534.jpg 668w\" sizes=\"auto, (max-width: 1800px) 100vw, 1800px\" \/><\/a><figcaption class=\"wp-element-caption\">Ein wenig weiter auf der anderen Stra\u00dfenseite die Musikschule<\/figcaption><\/figure>\n\n\n\n<figure class=\"wp-block-image aligncenter size-full is-resized\"><a href=\"http:\/\/reiseblog.mb2812.de\/wp-content\/uploads\/2018\/07\/DSC_5869.jpg\" rel=\"noopener noreferrer\"><img loading=\"lazy\" decoding=\"async\" width=\"1800\" height=\"1440\" src=\"https:\/\/mb2812.de\/wp-content\/uploads\/2018\/07\/DSC_5869.jpg\" alt=\"\" class=\"wp-image-6031\" style=\"width:800px\" srcset=\"https:\/\/mb2812.de\/wp-content\/uploads\/2018\/07\/DSC_5869.jpg 1800w, https:\/\/mb2812.de\/wp-content\/uploads\/2018\/07\/DSC_5869-300x240.jpg 300w, https:\/\/mb2812.de\/wp-content\/uploads\/2018\/07\/DSC_5869-768x614.jpg 768w, https:\/\/mb2812.de\/wp-content\/uploads\/2018\/07\/DSC_5869-1024x819.jpg 1024w, https:\/\/mb2812.de\/wp-content\/uploads\/2018\/07\/DSC_5869-668x534.jpg 668w\" sizes=\"auto, (max-width: 1800px) 100vw, 1800px\" \/><\/a><figcaption class=\"wp-element-caption\">Blick Richtung Innenstadt mit dem Rheintorturm links<\/figcaption><\/figure>\n\n\n\n<figure class=\"wp-block-image aligncenter size-full is-resized\"><a href=\"http:\/\/reiseblog.mb2812.de\/wp-content\/uploads\/2018\/07\/DSC_5874.jpg\" rel=\"noopener noreferrer\"><img loading=\"lazy\" decoding=\"async\" width=\"1800\" height=\"1440\" src=\"https:\/\/mb2812.de\/wp-content\/uploads\/2018\/07\/DSC_5874.jpg\" alt=\"\" class=\"wp-image-6033\" style=\"width:800px\" srcset=\"https:\/\/mb2812.de\/wp-content\/uploads\/2018\/07\/DSC_5874.jpg 1800w, https:\/\/mb2812.de\/wp-content\/uploads\/2018\/07\/DSC_5874-300x240.jpg 300w, https:\/\/mb2812.de\/wp-content\/uploads\/2018\/07\/DSC_5874-768x614.jpg 768w, https:\/\/mb2812.de\/wp-content\/uploads\/2018\/07\/DSC_5874-1024x819.jpg 1024w, https:\/\/mb2812.de\/wp-content\/uploads\/2018\/07\/DSC_5874-668x534.jpg 668w\" sizes=\"auto, (max-width: 1800px) 100vw, 1800px\" \/><\/a><figcaption class=\"wp-element-caption\">Der Rheintorturm, dahinter ragt das Konstanzer M\u00fcnster empor<\/figcaption><\/figure>\n\n\n\n<p>Jenseits der alten Rheinbr\u00fccke erreichen wir den Bodensee. Wir wandern weiter entlang des Ufers.<\/p>\n\n\n\n<figure class=\"wp-block-image aligncenter size-full is-resized\"><a href=\"http:\/\/reiseblog.mb2812.de\/wp-content\/uploads\/2018\/07\/DSC_5880.jpg\" rel=\"noopener noreferrer\"><img loading=\"lazy\" decoding=\"async\" width=\"1800\" height=\"1440\" src=\"https:\/\/mb2812.de\/wp-content\/uploads\/2018\/07\/DSC_5880.jpg\" alt=\"\" class=\"wp-image-6034\" style=\"width:800px\" srcset=\"https:\/\/mb2812.de\/wp-content\/uploads\/2018\/07\/DSC_5880.jpg 1800w, https:\/\/mb2812.de\/wp-content\/uploads\/2018\/07\/DSC_5880-300x240.jpg 300w, https:\/\/mb2812.de\/wp-content\/uploads\/2018\/07\/DSC_5880-768x614.jpg 768w, https:\/\/mb2812.de\/wp-content\/uploads\/2018\/07\/DSC_5880-1024x819.jpg 1024w, https:\/\/mb2812.de\/wp-content\/uploads\/2018\/07\/DSC_5880-668x534.jpg 668w\" sizes=\"auto, (max-width: 1800px) 100vw, 1800px\" \/><\/a><figcaption class=\"wp-element-caption\">Die alte Rheinbr\u00fccke<\/figcaption><\/figure>\n\n\n\n<figure class=\"wp-block-image aligncenter size-full is-resized\"><a href=\"http:\/\/reiseblog.mb2812.de\/wp-content\/uploads\/2018\/07\/IMG_6864-1106.jpg\" rel=\"noopener noreferrer\"><img loading=\"lazy\" decoding=\"async\" width=\"1800\" height=\"1440\" src=\"https:\/\/mb2812.de\/wp-content\/uploads\/2018\/07\/IMG_6864-1106.jpg\" alt=\"\" class=\"wp-image-6027\" style=\"width:800px\" srcset=\"https:\/\/mb2812.de\/wp-content\/uploads\/2018\/07\/IMG_6864-1106.jpg 1800w, https:\/\/mb2812.de\/wp-content\/uploads\/2018\/07\/IMG_6864-1106-300x240.jpg 300w, https:\/\/mb2812.de\/wp-content\/uploads\/2018\/07\/IMG_6864-1106-768x614.jpg 768w, https:\/\/mb2812.de\/wp-content\/uploads\/2018\/07\/IMG_6864-1106-1024x819.jpg 1024w, https:\/\/mb2812.de\/wp-content\/uploads\/2018\/07\/IMG_6864-1106-668x534.jpg 668w\" sizes=\"auto, (max-width: 1800px) 100vw, 1800px\" \/><\/a><figcaption class=\"wp-element-caption\">Und jetzt sind wir am Bodensee<\/figcaption><\/figure>\n\n\n\n<figure class=\"wp-block-image aligncenter size-full is-resized\"><a href=\"http:\/\/reiseblog.mb2812.de\/wp-content\/uploads\/2018\/07\/DSC_5881.jpg\" rel=\"noopener noreferrer\"><img loading=\"lazy\" decoding=\"async\" width=\"1800\" height=\"1440\" src=\"https:\/\/mb2812.de\/wp-content\/uploads\/2018\/07\/DSC_5881.jpg\" alt=\"\" class=\"wp-image-6035\" style=\"width:800px\" srcset=\"https:\/\/mb2812.de\/wp-content\/uploads\/2018\/07\/DSC_5881.jpg 1800w, https:\/\/mb2812.de\/wp-content\/uploads\/2018\/07\/DSC_5881-300x240.jpg 300w, https:\/\/mb2812.de\/wp-content\/uploads\/2018\/07\/DSC_5881-768x614.jpg 768w, https:\/\/mb2812.de\/wp-content\/uploads\/2018\/07\/DSC_5881-1024x819.jpg 1024w, https:\/\/mb2812.de\/wp-content\/uploads\/2018\/07\/DSC_5881-668x534.jpg 668w\" sizes=\"auto, (max-width: 1800px) 100vw, 1800px\" \/><\/a><figcaption class=\"wp-element-caption\">Das Steigenberger Inselhotel, ein fr\u00fcheres Dominikanerkloster<\/figcaption><\/figure>\n\n\n\n<figure class=\"wp-block-image aligncenter size-full is-resized\"><a href=\"http:\/\/reiseblog.mb2812.de\/wp-content\/uploads\/2018\/07\/IMG_4820-1.jpg\" rel=\"noopener noreferrer\"><img loading=\"lazy\" decoding=\"async\" width=\"1536\" height=\"1920\" src=\"https:\/\/mb2812.de\/wp-content\/uploads\/2018\/07\/IMG_4820-1.jpg\" alt=\"\" class=\"wp-image-8119\" style=\"width:600px\" srcset=\"https:\/\/mb2812.de\/wp-content\/uploads\/2018\/07\/IMG_4820-1.jpg 1536w, https:\/\/mb2812.de\/wp-content\/uploads\/2018\/07\/IMG_4820-1-240x300.jpg 240w, https:\/\/mb2812.de\/wp-content\/uploads\/2018\/07\/IMG_4820-1-768x960.jpg 768w, https:\/\/mb2812.de\/wp-content\/uploads\/2018\/07\/IMG_4820-1-819x1024.jpg 819w, https:\/\/mb2812.de\/wp-content\/uploads\/2018\/07\/IMG_4820-1-668x835.jpg 668w\" sizes=\"auto, (max-width: 1536px) 100vw, 1536px\" \/><\/a><figcaption class=\"wp-element-caption\">Seestra\u00dfe 1<\/figcaption><\/figure>\n\n\n\n<figure class=\"wp-block-image aligncenter size-full is-resized\"><a href=\"http:\/\/reiseblog.mb2812.de\/wp-content\/uploads\/2018\/07\/DSC_5884.jpg\" rel=\"noopener noreferrer\"><img loading=\"lazy\" decoding=\"async\" width=\"1800\" height=\"1440\" src=\"https:\/\/mb2812.de\/wp-content\/uploads\/2018\/07\/DSC_5884.jpg\" alt=\"\" class=\"wp-image-6036\" style=\"width:800px\" srcset=\"https:\/\/mb2812.de\/wp-content\/uploads\/2018\/07\/DSC_5884.jpg 1800w, https:\/\/mb2812.de\/wp-content\/uploads\/2018\/07\/DSC_5884-300x240.jpg 300w, https:\/\/mb2812.de\/wp-content\/uploads\/2018\/07\/DSC_5884-768x614.jpg 768w, https:\/\/mb2812.de\/wp-content\/uploads\/2018\/07\/DSC_5884-1024x819.jpg 1024w, https:\/\/mb2812.de\/wp-content\/uploads\/2018\/07\/DSC_5884-668x534.jpg 668w\" sizes=\"auto, (max-width: 1800px) 100vw, 1800px\" \/><\/a><figcaption class=\"wp-element-caption\">Die Seestra\u00dfe, eine H\u00e4userzeile aus &#8222;Historismus und Jugendstil&#8220; laut Stadtmarketing<\/figcaption><\/figure>\n\n\n\n<figure class=\"wp-block-image aligncenter size-full is-resized\"><a href=\"http:\/\/reiseblog.mb2812.de\/wp-content\/uploads\/2018\/07\/DSC_5885-1099.jpg\" rel=\"noopener noreferrer\"><img loading=\"lazy\" decoding=\"async\" width=\"1800\" height=\"1440\" src=\"https:\/\/mb2812.de\/wp-content\/uploads\/2018\/07\/DSC_5885-1099.jpg\" alt=\"\" class=\"wp-image-6037\" style=\"width:800px\" srcset=\"https:\/\/mb2812.de\/wp-content\/uploads\/2018\/07\/DSC_5885-1099.jpg 1800w, https:\/\/mb2812.de\/wp-content\/uploads\/2018\/07\/DSC_5885-1099-300x240.jpg 300w, https:\/\/mb2812.de\/wp-content\/uploads\/2018\/07\/DSC_5885-1099-768x614.jpg 768w, https:\/\/mb2812.de\/wp-content\/uploads\/2018\/07\/DSC_5885-1099-1024x819.jpg 1024w, https:\/\/mb2812.de\/wp-content\/uploads\/2018\/07\/DSC_5885-1099-668x534.jpg 668w\" sizes=\"auto, (max-width: 1800px) 100vw, 1800px\" \/><\/a><figcaption class=\"wp-element-caption\">Der Raddampfer &#8222;Hohentwiel&#8220; dreht seine Runden<\/figcaption><\/figure>\n\n\n\n<figure class=\"wp-block-image aligncenter size-full is-resized\"><a href=\"http:\/\/reiseblog.mb2812.de\/wp-content\/uploads\/2018\/07\/DSC_5894.jpg\" rel=\"noopener noreferrer\"><img loading=\"lazy\" decoding=\"async\" width=\"1800\" height=\"1440\" src=\"https:\/\/mb2812.de\/wp-content\/uploads\/2018\/07\/DSC_5894.jpg\" alt=\"\" class=\"wp-image-6040\" style=\"width:800px\" srcset=\"https:\/\/mb2812.de\/wp-content\/uploads\/2018\/07\/DSC_5894.jpg 1800w, https:\/\/mb2812.de\/wp-content\/uploads\/2018\/07\/DSC_5894-300x240.jpg 300w, https:\/\/mb2812.de\/wp-content\/uploads\/2018\/07\/DSC_5894-768x614.jpg 768w, https:\/\/mb2812.de\/wp-content\/uploads\/2018\/07\/DSC_5894-1024x819.jpg 1024w, https:\/\/mb2812.de\/wp-content\/uploads\/2018\/07\/DSC_5894-668x534.jpg 668w\" sizes=\"auto, (max-width: 1800px) 100vw, 1800px\" \/><\/a><figcaption class=\"wp-element-caption\">Die &#8222;S\u00e4ntis&#8220; aus der Schweiz<\/figcaption><\/figure>\n\n\n\n<figure class=\"wp-block-image aligncenter size-full is-resized\"><a href=\"http:\/\/reiseblog.mb2812.de\/wp-content\/uploads\/2018\/07\/DSC_5888.jpg\" rel=\"noopener noreferrer\"><img loading=\"lazy\" decoding=\"async\" width=\"1800\" height=\"1440\" src=\"https:\/\/mb2812.de\/wp-content\/uploads\/2018\/07\/DSC_5888.jpg\" alt=\"\" class=\"wp-image-6038\" style=\"width:800px\" srcset=\"https:\/\/mb2812.de\/wp-content\/uploads\/2018\/07\/DSC_5888.jpg 1800w, https:\/\/mb2812.de\/wp-content\/uploads\/2018\/07\/DSC_5888-300x240.jpg 300w, https:\/\/mb2812.de\/wp-content\/uploads\/2018\/07\/DSC_5888-768x614.jpg 768w, https:\/\/mb2812.de\/wp-content\/uploads\/2018\/07\/DSC_5888-1024x819.jpg 1024w, https:\/\/mb2812.de\/wp-content\/uploads\/2018\/07\/DSC_5888-668x534.jpg 668w\" sizes=\"auto, (max-width: 1800px) 100vw, 1800px\" \/><\/a><figcaption class=\"wp-element-caption\">Die Villa Prym, hier residiert der Konstanzer Yachtclub<\/figcaption><\/figure>\n\n\n\n<figure class=\"wp-block-image aligncenter size-full is-resized\"><a href=\"http:\/\/reiseblog.mb2812.de\/wp-content\/uploads\/2018\/07\/DSC_5898.jpg\" rel=\"noopener noreferrer\"><img loading=\"lazy\" decoding=\"async\" width=\"1800\" height=\"1440\" src=\"https:\/\/mb2812.de\/wp-content\/uploads\/2018\/07\/DSC_5898.jpg\" alt=\"\" class=\"wp-image-6041\" style=\"width:800px\" srcset=\"https:\/\/mb2812.de\/wp-content\/uploads\/2018\/07\/DSC_5898.jpg 1800w, https:\/\/mb2812.de\/wp-content\/uploads\/2018\/07\/DSC_5898-300x240.jpg 300w, https:\/\/mb2812.de\/wp-content\/uploads\/2018\/07\/DSC_5898-768x614.jpg 768w, https:\/\/mb2812.de\/wp-content\/uploads\/2018\/07\/DSC_5898-1024x819.jpg 1024w, https:\/\/mb2812.de\/wp-content\/uploads\/2018\/07\/DSC_5898-668x534.jpg 668w\" sizes=\"auto, (max-width: 1800px) 100vw, 1800px\" \/><\/a><figcaption class=\"wp-element-caption\">Villa Stiegeler<\/figcaption><\/figure>\n\n\n\n<p>Es geht durchs Strandbad &#8222;H\u00f6rnle&#8220;. Hier ist die Konstanzer Bucht zu Ende und wir gehen weiter nun Richtung Norden entlang des \u00dcberlinger Sees.<\/p>\n\n\n\n<figure class=\"wp-block-image aligncenter size-full is-resized\"><a href=\"http:\/\/reiseblog.mb2812.de\/wp-content\/uploads\/2018\/07\/DSC_5899.jpg\" rel=\"noopener noreferrer\"><img loading=\"lazy\" decoding=\"async\" width=\"1800\" height=\"1440\" src=\"https:\/\/mb2812.de\/wp-content\/uploads\/2018\/07\/DSC_5899.jpg\" alt=\"\" class=\"wp-image-6042\" style=\"width:800px\" srcset=\"https:\/\/mb2812.de\/wp-content\/uploads\/2018\/07\/DSC_5899.jpg 1800w, https:\/\/mb2812.de\/wp-content\/uploads\/2018\/07\/DSC_5899-300x240.jpg 300w, https:\/\/mb2812.de\/wp-content\/uploads\/2018\/07\/DSC_5899-768x614.jpg 768w, https:\/\/mb2812.de\/wp-content\/uploads\/2018\/07\/DSC_5899-1024x819.jpg 1024w, https:\/\/mb2812.de\/wp-content\/uploads\/2018\/07\/DSC_5899-668x534.jpg 668w\" sizes=\"auto, (max-width: 1800px) 100vw, 1800px\" \/><\/a><figcaption class=\"wp-element-caption\">Blick Richtung Unteruhldingen<\/figcaption><\/figure>\n\n\n\n<figure class=\"wp-block-image aligncenter size-full is-resized\"><a href=\"http:\/\/reiseblog.mb2812.de\/wp-content\/uploads\/2018\/07\/DSC_5902.jpg\" rel=\"noopener noreferrer\"><img loading=\"lazy\" decoding=\"async\" width=\"1800\" height=\"1440\" src=\"https:\/\/mb2812.de\/wp-content\/uploads\/2018\/07\/DSC_5902.jpg\" alt=\"\" class=\"wp-image-6043\" style=\"width:800px\" srcset=\"https:\/\/mb2812.de\/wp-content\/uploads\/2018\/07\/DSC_5902.jpg 1800w, https:\/\/mb2812.de\/wp-content\/uploads\/2018\/07\/DSC_5902-300x240.jpg 300w, https:\/\/mb2812.de\/wp-content\/uploads\/2018\/07\/DSC_5902-768x614.jpg 768w, https:\/\/mb2812.de\/wp-content\/uploads\/2018\/07\/DSC_5902-1024x819.jpg 1024w, https:\/\/mb2812.de\/wp-content\/uploads\/2018\/07\/DSC_5902-668x534.jpg 668w\" sizes=\"auto, (max-width: 1800px) 100vw, 1800px\" \/><\/a><figcaption class=\"wp-element-caption\">Blick \u00fcber den See auf Meersburg<\/figcaption><\/figure>\n\n\n\n<figure class=\"wp-block-image aligncenter size-full is-resized\"><a href=\"http:\/\/reiseblog.mb2812.de\/wp-content\/uploads\/2018\/07\/IMG_6868-1108.jpg\" rel=\"noopener noreferrer\"><img loading=\"lazy\" decoding=\"async\" width=\"1800\" height=\"1440\" src=\"https:\/\/mb2812.de\/wp-content\/uploads\/2018\/07\/IMG_6868-1108.jpg\" alt=\"\" class=\"wp-image-6028\" style=\"width:800px\" srcset=\"https:\/\/mb2812.de\/wp-content\/uploads\/2018\/07\/IMG_6868-1108.jpg 1800w, https:\/\/mb2812.de\/wp-content\/uploads\/2018\/07\/IMG_6868-1108-300x240.jpg 300w, https:\/\/mb2812.de\/wp-content\/uploads\/2018\/07\/IMG_6868-1108-768x614.jpg 768w, https:\/\/mb2812.de\/wp-content\/uploads\/2018\/07\/IMG_6868-1108-1024x819.jpg 1024w, https:\/\/mb2812.de\/wp-content\/uploads\/2018\/07\/IMG_6868-1108-668x534.jpg 668w\" sizes=\"auto, (max-width: 1800px) 100vw, 1800px\" \/><\/a><figcaption class=\"wp-element-caption\">In Staad angekommen ist erstmal Pausemit Imbiss<\/figcaption><\/figure>\n\n\n\n<p>Zur\u00fcck gehts mit dem Bus zum Hotel. Abends wollen wir zum Essen in den nahegelegenen Biergarten. Lautes Gejohle begr\u00fc\u00dft uns jedoch, es ist Fussball WM und die russische Mannschaft gewinnt gerade ein Spiel. Der Biergarten ist ziemlich auf feiernde Russen eingestellt, Bier gibt es z.B. in Plastikbechern. Das ist nicht unser Ding, also gehen wir weiter, aber alle anderen Restaurants entlang des Seerheins sind voll belegt, letztendlich m\u00fcssen wir bis zum Hafen laufen und landen im dortigen Biergarten. Das Fu\u00dfballspiel ist inzwischen vorbei, auf den auch hier stehenden Fernsehern ist eine &nbsp;Ansprache von Angela Merkel zu sehen. Die Fu\u00dfballfans sind daher abgezogen und es ist entsprechend ruhig.<\/p>\n\n\n\n<p>Nach den langen M\u00e4rschen brennen uns die F\u00fc\u00dfe und sp\u00e4tabends geht es mit dem Bus wieder zum Hotel.<\/p>\n","protected":false},"excerpt":{"rendered":"<p>F\u00fcr ein paar Tage und ein paar Ausfl\u00fcge quartieren wir uns in Konstanz ein, am Ankunftstag machen wir einen langen Spaziergang entlang Rhein- und Bodenseeufer bis nach Staad<\/p>\n","protected":false},"author":1,"featured_media":6033,"comment_status":"closed","ping_status":"closed","sticky":false,"template":"","format":"standard","meta":{"footnotes":""},"categories":[13],"tags":[115,117,88,203,39,204],"class_list":["post-6024","post","type-post","status-publish","format-standard","has-post-thumbnail","hentry","category-ausfluege","tag-115","tag-ausfluege","tag-baden-wuerttemberg","tag-bodensee","tag-deutschland","tag-konstanz"],"_links":{"self":[{"href":"https:\/\/mb2812.de\/index.php?rest_route=\/wp\/v2\/posts\/6024","targetHints":{"allow":["GET"]}}],"collection":[{"href":"https:\/\/mb2812.de\/index.php?rest_route=\/wp\/v2\/posts"}],"about":[{"href":"https:\/\/mb2812.de\/index.php?rest_route=\/wp\/v2\/types\/post"}],"author":[{"embeddable":true,"href":"https:\/\/mb2812.de\/index.php?rest_route=\/wp\/v2\/users\/1"}],"replies":[{"embeddable":true,"href":"https:\/\/mb2812.de\/index.php?rest_route=%2Fwp%2Fv2%2Fcomments&post=6024"}],"version-history":[{"count":10,"href":"https:\/\/mb2812.de\/index.php?rest_route=\/wp\/v2\/posts\/6024\/revisions"}],"predecessor-version":[{"id":17043,"href":"https:\/\/mb2812.de\/index.php?rest_route=\/wp\/v2\/posts\/6024\/revisions\/17043"}],"wp:featuredmedia":[{"embeddable":true,"href":"https:\/\/mb2812.de\/index.php?rest_route=\/wp\/v2\/media\/6033"}],"wp:attachment":[{"href":"https:\/\/mb2812.de\/index.php?rest_route=%2Fwp%2Fv2%2Fmedia&parent=6024"}],"wp:term":[{"taxonomy":"category","embeddable":true,"href":"https:\/\/mb2812.de\/index.php?rest_route=%2Fwp%2Fv2%2Fcategories&post=6024"},{"taxonomy":"post_tag","embeddable":true,"href":"https:\/\/mb2812.de\/index.php?rest_route=%2Fwp%2Fv2%2Ftags&post=6024"}],"curies":[{"name":"wp","href":"https:\/\/api.w.org\/{rel}","templated":true}]}}