{"id":5968,"date":"2018-06-28T09:00:39","date_gmt":"2018-06-28T07:00:39","guid":{"rendered":"http:\/\/reiseblog.mb2812.de\/?p=5968"},"modified":"2025-04-01T10:45:53","modified_gmt":"2025-04-01T08:45:53","slug":"5968","status":"publish","type":"post","link":"https:\/\/mb2812.de\/?p=5968","title":{"rendered":"Stra\u00dfburg"},"content":{"rendered":"\n<p>In Stra\u00dfburg wurde 1994 der dritte neue franz\u00f6sische Stra\u00dfenbahnbetrieb er\u00f6ffnet und seitdem immer erweitert, seit Ende 2017 f\u00e4hrt die Bahn auch \u00fcber die Grenze nach Deutschland und endet in Kehl. Ein Besuch dieser Stra\u00dfenbahn und der Stadt Stra\u00dfburg stand bei mir schon lange auf dem Plan, aber die Verwirklichung zog sich hin, erst heute ging es nach Stra\u00dfburg.<\/p>\n\n\n\n<figure class=\"wp-block-image aligncenter size-full is-resized\"><a href=\"http:\/\/reiseblog.mb2812.de\/wp-content\/uploads\/2018\/07\/IMG_4660.jpg\" rel=\"noopener\"><img loading=\"lazy\" decoding=\"async\" width=\"1800\" height=\"1440\" src=\"https:\/\/mb2812.de\/wp-content\/uploads\/2018\/07\/IMG_4660.jpg\" alt=\"\" class=\"wp-image-5996\" style=\"width:800px\" srcset=\"https:\/\/mb2812.de\/wp-content\/uploads\/2018\/07\/IMG_4660.jpg 1800w, https:\/\/mb2812.de\/wp-content\/uploads\/2018\/07\/IMG_4660-300x240.jpg 300w, https:\/\/mb2812.de\/wp-content\/uploads\/2018\/07\/IMG_4660-768x614.jpg 768w, https:\/\/mb2812.de\/wp-content\/uploads\/2018\/07\/IMG_4660-1024x819.jpg 1024w, https:\/\/mb2812.de\/wp-content\/uploads\/2018\/07\/IMG_4660-668x534.jpg 668w\" sizes=\"auto, (max-width: 1800px) 100vw, 1800px\" \/><\/a><figcaption class=\"wp-element-caption\">Die Tram ist bereits ab Kehl gut gef\u00fcllt<\/figcaption><\/figure>\n\n\n\n<p>Mit dem PKW fuhren wir ab B\u00f6blingen quer durch den Schwarzwald bis Kehl. Das Auto parkten wir auf dem gro\u00dfen Parkplatz &#8222;L\u00e4ger&#8220;, und machten uns dann zu Fu\u00df auf zum Bahnhof und zur Stra\u00dfenbahn. Das Deutsch des Automaten war etwas holprig, insbesondere fragte er irgendwann nach dem &#8222;Wert&#8220; des ausgew\u00e4hlten Fahrscheines. Es stellte sich heraus, das die Anzahl der Fahrscheine gemeint war. Aber auch diese Schwierigkeit \u00fcberwanden wir und dann ging es los.<\/p>\n\n\n\n<figure class=\"wp-block-image aligncenter size-full is-resized\"><a href=\"http:\/\/reiseblog.mb2812.de\/wp-content\/uploads\/2018\/07\/IMG_4658.jpg\" rel=\"noopener\"><img loading=\"lazy\" decoding=\"async\" width=\"1440\" height=\"1800\" src=\"https:\/\/mb2812.de\/wp-content\/uploads\/2018\/07\/IMG_4658.jpg\" alt=\"\" class=\"wp-image-5995\" style=\"width:600px\" srcset=\"https:\/\/mb2812.de\/wp-content\/uploads\/2018\/07\/IMG_4658.jpg 1440w, https:\/\/mb2812.de\/wp-content\/uploads\/2018\/07\/IMG_4658-240x300.jpg 240w, https:\/\/mb2812.de\/wp-content\/uploads\/2018\/07\/IMG_4658-768x960.jpg 768w, https:\/\/mb2812.de\/wp-content\/uploads\/2018\/07\/IMG_4658-819x1024.jpg 819w, https:\/\/mb2812.de\/wp-content\/uploads\/2018\/07\/IMG_4658-668x835.jpg 668w\" sizes=\"auto, (max-width: 1440px) 100vw, 1440px\" \/><\/a><figcaption class=\"wp-element-caption\">Warten auf die Abfahrt<\/figcaption><\/figure>\n\n\n\n<!--more-->\n\n\n\n<p>In ca. 20 Minuten ging es mit der Bahn bis zum Bahnhof in Stra\u00dfburg, dann begannen wir die Stadtbesichtigung. Im Detail will ich es jetzt nicht aufz\u00e4hlen, Punkte waren z.B. ein Rundgang durch die Innenstadt, nat\u00fcrlich auch an der Kathedrale vorbei, und machten eine Bootsfahrt um die Innenstadt herum. Nach einer weiteren Bahnfahrt bis zu einer Endstation in einem Vorort und zur\u00fcck wanderten wir noch ein paar Meter durch die Stadt (mehr oder weniger durch das Viertel Petit France) und als die ersten Regentropfen kamen, machten wir uns auf die Heimreise.<\/p>\n\n\n\n<p>Hier jetzt ein paar Fotos vom Tag:<\/p>\n\n\n\n<figure class=\"wp-block-image aligncenter size-full is-resized\"><a href=\"http:\/\/reiseblog.mb2812.de\/wp-content\/uploads\/2018\/07\/DSC_5784-1067.jpg\" rel=\"noopener\"><img loading=\"lazy\" decoding=\"async\" width=\"1800\" height=\"1440\" src=\"https:\/\/mb2812.de\/wp-content\/uploads\/2018\/07\/DSC_5784-1067.jpg\" alt=\"\" class=\"wp-image-5969\" style=\"width:800px\" srcset=\"https:\/\/mb2812.de\/wp-content\/uploads\/2018\/07\/DSC_5784-1067.jpg 1800w, https:\/\/mb2812.de\/wp-content\/uploads\/2018\/07\/DSC_5784-1067-300x240.jpg 300w, https:\/\/mb2812.de\/wp-content\/uploads\/2018\/07\/DSC_5784-1067-768x614.jpg 768w, https:\/\/mb2812.de\/wp-content\/uploads\/2018\/07\/DSC_5784-1067-1024x819.jpg 1024w, https:\/\/mb2812.de\/wp-content\/uploads\/2018\/07\/DSC_5784-1067-668x534.jpg 668w\" sizes=\"auto, (max-width: 1800px) 100vw, 1800px\" \/><\/a><figcaption class=\"wp-element-caption\">Die klassische Fassade des Bahnhofs sieht man hinter dem modernen Glasvorbau nicht mehr<\/figcaption><\/figure>\n\n\n\n<figure class=\"wp-block-image aligncenter size-full is-resized\"><a href=\"http:\/\/reiseblog.mb2812.de\/wp-content\/uploads\/2018\/07\/DSC_5788.jpg\" rel=\"noopener\"><img loading=\"lazy\" decoding=\"async\" width=\"1800\" height=\"1440\" src=\"https:\/\/mb2812.de\/wp-content\/uploads\/2018\/07\/DSC_5788.jpg\" alt=\"\" class=\"wp-image-5970\" style=\"width:800px\" srcset=\"https:\/\/mb2812.de\/wp-content\/uploads\/2018\/07\/DSC_5788.jpg 1800w, https:\/\/mb2812.de\/wp-content\/uploads\/2018\/07\/DSC_5788-300x240.jpg 300w, https:\/\/mb2812.de\/wp-content\/uploads\/2018\/07\/DSC_5788-768x614.jpg 768w, https:\/\/mb2812.de\/wp-content\/uploads\/2018\/07\/DSC_5788-1024x819.jpg 1024w, https:\/\/mb2812.de\/wp-content\/uploads\/2018\/07\/DSC_5788-668x534.jpg 668w\" sizes=\"auto, (max-width: 1800px) 100vw, 1800px\" \/><\/a><figcaption class=\"wp-element-caption\">&#8222;Rue de Maire Kuss&#8220; gegen\u00fcber des Bahnhofsvorplatzes<\/figcaption><\/figure>\n\n\n\n<figure class=\"wp-block-image aligncenter size-full is-resized\"><a href=\"http:\/\/reiseblog.mb2812.de\/wp-content\/uploads\/2018\/07\/DSC_5791-1068.jpg\" rel=\"noopener\"><img loading=\"lazy\" decoding=\"async\" width=\"1800\" height=\"1440\" src=\"https:\/\/mb2812.de\/wp-content\/uploads\/2018\/07\/DSC_5791-1068.jpg\" alt=\"\" class=\"wp-image-5971\" style=\"width:800px\" srcset=\"https:\/\/mb2812.de\/wp-content\/uploads\/2018\/07\/DSC_5791-1068.jpg 1800w, https:\/\/mb2812.de\/wp-content\/uploads\/2018\/07\/DSC_5791-1068-300x240.jpg 300w, https:\/\/mb2812.de\/wp-content\/uploads\/2018\/07\/DSC_5791-1068-768x614.jpg 768w, https:\/\/mb2812.de\/wp-content\/uploads\/2018\/07\/DSC_5791-1068-1024x819.jpg 1024w, https:\/\/mb2812.de\/wp-content\/uploads\/2018\/07\/DSC_5791-1068-668x534.jpg 668w\" sizes=\"auto, (max-width: 1800px) 100vw, 1800px\" \/><\/a><figcaption class=\"wp-element-caption\">Blick \u00fcber den &#8222;Canal des Faux Remparts&#8220; Richtung &#8222;Pont de Saverne&#8220;<\/figcaption><\/figure>\n\n\n\n<figure class=\"wp-block-image aligncenter size-full is-resized\"><a href=\"http:\/\/reiseblog.mb2812.de\/wp-content\/uploads\/2018\/07\/DSC_5794-1069.jpg\" rel=\"noopener\"><img loading=\"lazy\" decoding=\"async\" width=\"1800\" height=\"1440\" src=\"https:\/\/mb2812.de\/wp-content\/uploads\/2018\/07\/DSC_5794-1069.jpg\" alt=\"\" class=\"wp-image-5972\" style=\"width:800px\" srcset=\"https:\/\/mb2812.de\/wp-content\/uploads\/2018\/07\/DSC_5794-1069.jpg 1800w, https:\/\/mb2812.de\/wp-content\/uploads\/2018\/07\/DSC_5794-1069-300x240.jpg 300w, https:\/\/mb2812.de\/wp-content\/uploads\/2018\/07\/DSC_5794-1069-768x614.jpg 768w, https:\/\/mb2812.de\/wp-content\/uploads\/2018\/07\/DSC_5794-1069-1024x819.jpg 1024w, https:\/\/mb2812.de\/wp-content\/uploads\/2018\/07\/DSC_5794-1069-668x534.jpg 668w\" sizes=\"auto, (max-width: 1800px) 100vw, 1800px\" \/><\/a><figcaption class=\"wp-element-caption\">Eine der f\u00fcr Strassbourg typischen Eurotrams auf dem &#8222;Place Saint-Pieree-le-Vieux&#8220;<\/figcaption><\/figure>\n\n\n\n<figure class=\"wp-block-image aligncenter size-full is-resized\"><a href=\"http:\/\/reiseblog.mb2812.de\/wp-content\/uploads\/2018\/07\/DSC_5796-1070.jpg\" rel=\"noopener\"><img loading=\"lazy\" decoding=\"async\" width=\"1800\" height=\"1440\" src=\"https:\/\/mb2812.de\/wp-content\/uploads\/2018\/07\/DSC_5796-1070.jpg\" alt=\"\" class=\"wp-image-5973\" style=\"width:800px\" srcset=\"https:\/\/mb2812.de\/wp-content\/uploads\/2018\/07\/DSC_5796-1070.jpg 1800w, https:\/\/mb2812.de\/wp-content\/uploads\/2018\/07\/DSC_5796-1070-300x240.jpg 300w, https:\/\/mb2812.de\/wp-content\/uploads\/2018\/07\/DSC_5796-1070-768x614.jpg 768w, https:\/\/mb2812.de\/wp-content\/uploads\/2018\/07\/DSC_5796-1070-1024x819.jpg 1024w, https:\/\/mb2812.de\/wp-content\/uploads\/2018\/07\/DSC_5796-1070-668x534.jpg 668w\" sizes=\"auto, (max-width: 1800px) 100vw, 1800px\" \/><\/a><figcaption class=\"wp-element-caption\">Haltestelle &#8222;Alt Winnim\u00e4rik&#8220;<\/figcaption><\/figure>\n\n\n\n<figure class=\"wp-block-image aligncenter size-full is-resized\"><a href=\"http:\/\/reiseblog.mb2812.de\/wp-content\/uploads\/2018\/07\/IMG_4688-1096.jpg\" rel=\"noopener\"><img loading=\"lazy\" decoding=\"async\" width=\"1440\" height=\"1800\" src=\"https:\/\/mb2812.de\/wp-content\/uploads\/2018\/07\/IMG_4688-1096.jpg\" alt=\"\" class=\"wp-image-5997\" style=\"width:600px\" srcset=\"https:\/\/mb2812.de\/wp-content\/uploads\/2018\/07\/IMG_4688-1096.jpg 1440w, https:\/\/mb2812.de\/wp-content\/uploads\/2018\/07\/IMG_4688-1096-240x300.jpg 240w, https:\/\/mb2812.de\/wp-content\/uploads\/2018\/07\/IMG_4688-1096-768x960.jpg 768w, https:\/\/mb2812.de\/wp-content\/uploads\/2018\/07\/IMG_4688-1096-819x1024.jpg 819w, https:\/\/mb2812.de\/wp-content\/uploads\/2018\/07\/IMG_4688-1096-668x835.jpg 668w\" sizes=\"auto, (max-width: 1440px) 100vw, 1440px\" \/><\/a><figcaption class=\"wp-element-caption\">Auf der &#8222;Rue du Vingt-Deux Novembre&#8220;<\/figcaption><\/figure>\n\n\n\n<figure class=\"wp-block-image aligncenter size-full is-resized\"><a href=\"http:\/\/reiseblog.mb2812.de\/wp-content\/uploads\/2018\/07\/DSC_5799.jpg\" rel=\"noopener\"><img loading=\"lazy\" decoding=\"async\" width=\"1800\" height=\"1440\" src=\"https:\/\/mb2812.de\/wp-content\/uploads\/2018\/07\/DSC_5799.jpg\" alt=\"\" class=\"wp-image-5974\" style=\"width:800px\" srcset=\"https:\/\/mb2812.de\/wp-content\/uploads\/2018\/07\/DSC_5799.jpg 1800w, https:\/\/mb2812.de\/wp-content\/uploads\/2018\/07\/DSC_5799-300x240.jpg 300w, https:\/\/mb2812.de\/wp-content\/uploads\/2018\/07\/DSC_5799-768x614.jpg 768w, https:\/\/mb2812.de\/wp-content\/uploads\/2018\/07\/DSC_5799-1024x819.jpg 1024w, https:\/\/mb2812.de\/wp-content\/uploads\/2018\/07\/DSC_5799-668x534.jpg 668w\" sizes=\"auto, (max-width: 1800px) 100vw, 1800px\" \/><\/a><figcaption class=\"wp-element-caption\">Der Place Kl\u00e9ber mit der Statue des Generals<\/figcaption><\/figure>\n\n\n\n<figure class=\"wp-block-image aligncenter size-full is-resized\"><a href=\"http:\/\/reiseblog.mb2812.de\/wp-content\/uploads\/2018\/07\/IMG_4700-1064.jpg\" rel=\"noopener\"><img loading=\"lazy\" decoding=\"async\" width=\"1800\" height=\"1440\" src=\"https:\/\/mb2812.de\/wp-content\/uploads\/2018\/07\/IMG_4700-1064.jpg\" alt=\"\" class=\"wp-image-5998\" style=\"width:800px\" srcset=\"https:\/\/mb2812.de\/wp-content\/uploads\/2018\/07\/IMG_4700-1064.jpg 1800w, https:\/\/mb2812.de\/wp-content\/uploads\/2018\/07\/IMG_4700-1064-300x240.jpg 300w, https:\/\/mb2812.de\/wp-content\/uploads\/2018\/07\/IMG_4700-1064-768x614.jpg 768w, https:\/\/mb2812.de\/wp-content\/uploads\/2018\/07\/IMG_4700-1064-1024x819.jpg 1024w, https:\/\/mb2812.de\/wp-content\/uploads\/2018\/07\/IMG_4700-1064-668x534.jpg 668w\" sizes=\"auto, (max-width: 1800px) 100vw, 1800px\" \/><\/a><figcaption class=\"wp-element-caption\">Eine Stra\u00dfenbahn in der &#8222;Rue de la Haute Mont\u00e9e&#8220; an der zentralen Haltestelle &#8222;Homme de Fer&#8220;<\/figcaption><\/figure>\n\n\n\n<figure class=\"wp-block-image aligncenter size-full is-resized\"><a href=\"http:\/\/reiseblog.mb2812.de\/wp-content\/uploads\/2018\/07\/IMG_4709-1072.jpg\" rel=\"noopener\"><img loading=\"lazy\" decoding=\"async\" width=\"1800\" height=\"1440\" src=\"https:\/\/mb2812.de\/wp-content\/uploads\/2018\/07\/IMG_4709-1072.jpg\" alt=\"\" class=\"wp-image-5999\" style=\"width:800px\" srcset=\"https:\/\/mb2812.de\/wp-content\/uploads\/2018\/07\/IMG_4709-1072.jpg 1800w, https:\/\/mb2812.de\/wp-content\/uploads\/2018\/07\/IMG_4709-1072-300x240.jpg 300w, https:\/\/mb2812.de\/wp-content\/uploads\/2018\/07\/IMG_4709-1072-768x614.jpg 768w, https:\/\/mb2812.de\/wp-content\/uploads\/2018\/07\/IMG_4709-1072-1024x819.jpg 1024w, https:\/\/mb2812.de\/wp-content\/uploads\/2018\/07\/IMG_4709-1072-668x534.jpg 668w\" sizes=\"auto, (max-width: 1800px) 100vw, 1800px\" \/><\/a><figcaption class=\"wp-element-caption\">Am Ende der schmalen Gasse ragt die Kathedrale auf<\/figcaption><\/figure>\n\n\n\n<figure class=\"wp-block-image aligncenter size-full is-resized\"><a href=\"http:\/\/reiseblog.mb2812.de\/wp-content\/uploads\/2018\/07\/IMG_4721.jpg\" rel=\"noopener\"><img loading=\"lazy\" decoding=\"async\" width=\"1440\" height=\"1800\" src=\"https:\/\/mb2812.de\/wp-content\/uploads\/2018\/07\/IMG_4721.jpg\" alt=\"\" class=\"wp-image-6001\" style=\"width:600px\" srcset=\"https:\/\/mb2812.de\/wp-content\/uploads\/2018\/07\/IMG_4721.jpg 1440w, https:\/\/mb2812.de\/wp-content\/uploads\/2018\/07\/IMG_4721-240x300.jpg 240w, https:\/\/mb2812.de\/wp-content\/uploads\/2018\/07\/IMG_4721-768x960.jpg 768w, https:\/\/mb2812.de\/wp-content\/uploads\/2018\/07\/IMG_4721-819x1024.jpg 819w, https:\/\/mb2812.de\/wp-content\/uploads\/2018\/07\/IMG_4721-668x835.jpg 668w\" sizes=\"auto, (max-width: 1440px) 100vw, 1440px\" \/><\/a><figcaption class=\"wp-element-caption\">Fenster im Innern der Kathedrale<\/figcaption><\/figure>\n\n\n\n<figure class=\"wp-block-image aligncenter size-full is-resized\"><a href=\"http:\/\/reiseblog.mb2812.de\/wp-content\/uploads\/2018\/07\/IMG_4713.jpg\" rel=\"noopener\"><img loading=\"lazy\" decoding=\"async\" width=\"1800\" height=\"1440\" src=\"https:\/\/mb2812.de\/wp-content\/uploads\/2018\/07\/IMG_4713.jpg\" alt=\"\" class=\"wp-image-6000\" style=\"width:800px\" srcset=\"https:\/\/mb2812.de\/wp-content\/uploads\/2018\/07\/IMG_4713.jpg 1800w, https:\/\/mb2812.de\/wp-content\/uploads\/2018\/07\/IMG_4713-300x240.jpg 300w, https:\/\/mb2812.de\/wp-content\/uploads\/2018\/07\/IMG_4713-768x614.jpg 768w, https:\/\/mb2812.de\/wp-content\/uploads\/2018\/07\/IMG_4713-1024x819.jpg 1024w, https:\/\/mb2812.de\/wp-content\/uploads\/2018\/07\/IMG_4713-668x534.jpg 668w\" sizes=\"auto, (max-width: 1800px) 100vw, 1800px\" \/><\/a><figcaption class=\"wp-element-caption\">Auf dem Platz vor der Kathedrale<\/figcaption><\/figure>\n\n\n\n<figure class=\"wp-block-image aligncenter size-full is-resized\"><a href=\"http:\/\/reiseblog.mb2812.de\/wp-content\/uploads\/2018\/07\/IMG_4734-1066.jpg\" rel=\"noopener\"><img loading=\"lazy\" decoding=\"async\" width=\"1440\" height=\"1800\" src=\"https:\/\/mb2812.de\/wp-content\/uploads\/2018\/07\/IMG_4734-1066.jpg\" alt=\"\" class=\"wp-image-6003\" style=\"width:600px\" srcset=\"https:\/\/mb2812.de\/wp-content\/uploads\/2018\/07\/IMG_4734-1066.jpg 1440w, https:\/\/mb2812.de\/wp-content\/uploads\/2018\/07\/IMG_4734-1066-240x300.jpg 240w, https:\/\/mb2812.de\/wp-content\/uploads\/2018\/07\/IMG_4734-1066-768x960.jpg 768w, https:\/\/mb2812.de\/wp-content\/uploads\/2018\/07\/IMG_4734-1066-819x1024.jpg 819w, https:\/\/mb2812.de\/wp-content\/uploads\/2018\/07\/IMG_4734-1066-668x835.jpg 668w\" sizes=\"auto, (max-width: 1440px) 100vw, 1440px\" \/><\/a><figcaption class=\"wp-element-caption\">Die Kathedrale vom &#8222;Place du Ch\u00e2teau&#8220; aus<\/figcaption><\/figure>\n\n\n\n<figure class=\"wp-block-image aligncenter size-full is-resized\"><a href=\"http:\/\/reiseblog.mb2812.de\/wp-content\/uploads\/2018\/07\/IMG_4732-1073.jpg\" rel=\"noopener\"><img loading=\"lazy\" decoding=\"async\" width=\"1800\" height=\"1440\" src=\"https:\/\/mb2812.de\/wp-content\/uploads\/2018\/07\/IMG_4732-1073.jpg\" alt=\"\" class=\"wp-image-6002\" style=\"width:800px\" srcset=\"https:\/\/mb2812.de\/wp-content\/uploads\/2018\/07\/IMG_4732-1073.jpg 1800w, https:\/\/mb2812.de\/wp-content\/uploads\/2018\/07\/IMG_4732-1073-300x240.jpg 300w, https:\/\/mb2812.de\/wp-content\/uploads\/2018\/07\/IMG_4732-1073-768x614.jpg 768w, https:\/\/mb2812.de\/wp-content\/uploads\/2018\/07\/IMG_4732-1073-1024x819.jpg 1024w, https:\/\/mb2812.de\/wp-content\/uploads\/2018\/07\/IMG_4732-1073-668x534.jpg 668w\" sizes=\"auto, (max-width: 1800px) 100vw, 1800px\" \/><\/a><figcaption class=\"wp-element-caption\">Im Innenhof des Palais Rohan, hier sind einige Museen untergebracht<\/figcaption><\/figure>\n\n\n\n<figure class=\"wp-block-image aligncenter size-full is-resized\"><a href=\"http:\/\/reiseblog.mb2812.de\/wp-content\/uploads\/2018\/07\/DSC_5803-1065.jpg\" rel=\"noopener\"><img loading=\"lazy\" decoding=\"async\" width=\"1800\" height=\"1440\" src=\"https:\/\/mb2812.de\/wp-content\/uploads\/2018\/07\/DSC_5803-1065.jpg\" alt=\"\" class=\"wp-image-5975\" style=\"width:800px\" srcset=\"https:\/\/mb2812.de\/wp-content\/uploads\/2018\/07\/DSC_5803-1065.jpg 1800w, https:\/\/mb2812.de\/wp-content\/uploads\/2018\/07\/DSC_5803-1065-300x240.jpg 300w, https:\/\/mb2812.de\/wp-content\/uploads\/2018\/07\/DSC_5803-1065-768x614.jpg 768w, https:\/\/mb2812.de\/wp-content\/uploads\/2018\/07\/DSC_5803-1065-1024x819.jpg 1024w, https:\/\/mb2812.de\/wp-content\/uploads\/2018\/07\/DSC_5803-1065-668x534.jpg 668w\" sizes=\"auto, (max-width: 1800px) 100vw, 1800px\" \/><\/a><figcaption class=\"wp-element-caption\">Warten auf die Abfahrt der Bootstour<\/figcaption><\/figure>\n\n\n\n<figure class=\"wp-block-image aligncenter size-full is-resized\"><a href=\"http:\/\/reiseblog.mb2812.de\/wp-content\/uploads\/2018\/07\/DSC_5805.jpg\" rel=\"noopener\"><img loading=\"lazy\" decoding=\"async\" width=\"1440\" height=\"1800\" src=\"https:\/\/mb2812.de\/wp-content\/uploads\/2018\/07\/DSC_5805.jpg\" alt=\"\" class=\"wp-image-5976\" style=\"width:600px\" srcset=\"https:\/\/mb2812.de\/wp-content\/uploads\/2018\/07\/DSC_5805.jpg 1440w, https:\/\/mb2812.de\/wp-content\/uploads\/2018\/07\/DSC_5805-240x300.jpg 240w, https:\/\/mb2812.de\/wp-content\/uploads\/2018\/07\/DSC_5805-768x960.jpg 768w, https:\/\/mb2812.de\/wp-content\/uploads\/2018\/07\/DSC_5805-819x1024.jpg 819w, https:\/\/mb2812.de\/wp-content\/uploads\/2018\/07\/DSC_5805-668x835.jpg 668w\" sizes=\"auto, (max-width: 1440px) 100vw, 1440px\" \/><\/a><figcaption class=\"wp-element-caption\">Es geht unter die erste Br\u00fccke auf der Ill.<\/figcaption><\/figure>\n\n\n\n<figure class=\"wp-block-image aligncenter size-full is-resized\"><a href=\"http:\/\/reiseblog.mb2812.de\/wp-content\/uploads\/2018\/07\/DSC_5806.jpg\" rel=\"noopener\"><img loading=\"lazy\" decoding=\"async\" width=\"1800\" height=\"1440\" src=\"https:\/\/mb2812.de\/wp-content\/uploads\/2018\/07\/DSC_5806.jpg\" alt=\"\" class=\"wp-image-5977\" style=\"width:800px\" srcset=\"https:\/\/mb2812.de\/wp-content\/uploads\/2018\/07\/DSC_5806.jpg 1800w, https:\/\/mb2812.de\/wp-content\/uploads\/2018\/07\/DSC_5806-300x240.jpg 300w, https:\/\/mb2812.de\/wp-content\/uploads\/2018\/07\/DSC_5806-768x614.jpg 768w, https:\/\/mb2812.de\/wp-content\/uploads\/2018\/07\/DSC_5806-1024x819.jpg 1024w, https:\/\/mb2812.de\/wp-content\/uploads\/2018\/07\/DSC_5806-668x534.jpg 668w\" sizes=\"auto, (max-width: 1800px) 100vw, 1800px\" \/><\/a><figcaption class=\"wp-element-caption\">&#8222;Ancienne Douane&#8220;, gebaut 1358, bis ins 18. Jhdt. einn ehemaliges Lagerhaus und Handelszentrum Stra\u00dfburgs<\/figcaption><\/figure>\n\n\n\n<figure class=\"wp-block-image aligncenter size-full is-resized\"><a href=\"http:\/\/reiseblog.mb2812.de\/wp-content\/uploads\/2018\/07\/DSC_5807.jpg\" rel=\"noopener\"><img loading=\"lazy\" decoding=\"async\" width=\"1440\" height=\"1800\" src=\"https:\/\/mb2812.de\/wp-content\/uploads\/2018\/07\/DSC_5807.jpg\" alt=\"\" class=\"wp-image-5978\" style=\"width:600px\" srcset=\"https:\/\/mb2812.de\/wp-content\/uploads\/2018\/07\/DSC_5807.jpg 1440w, https:\/\/mb2812.de\/wp-content\/uploads\/2018\/07\/DSC_5807-240x300.jpg 240w, https:\/\/mb2812.de\/wp-content\/uploads\/2018\/07\/DSC_5807-768x960.jpg 768w, https:\/\/mb2812.de\/wp-content\/uploads\/2018\/07\/DSC_5807-819x1024.jpg 819w, https:\/\/mb2812.de\/wp-content\/uploads\/2018\/07\/DSC_5807-668x835.jpg 668w\" sizes=\"auto, (max-width: 1440px) 100vw, 1440px\" \/><\/a><figcaption class=\"wp-element-caption\">Ein kurzer Blick auf die Kathedrale<\/figcaption><\/figure>\n\n\n\n<figure class=\"wp-block-image aligncenter size-full is-resized\"><a href=\"http:\/\/reiseblog.mb2812.de\/wp-content\/uploads\/2018\/07\/DSC_5808.jpg\" rel=\"noopener\"><img loading=\"lazy\" decoding=\"async\" width=\"1800\" height=\"1440\" src=\"https:\/\/mb2812.de\/wp-content\/uploads\/2018\/07\/DSC_5808.jpg\" alt=\"\" class=\"wp-image-5979\" style=\"width:800px\" srcset=\"https:\/\/mb2812.de\/wp-content\/uploads\/2018\/07\/DSC_5808.jpg 1800w, https:\/\/mb2812.de\/wp-content\/uploads\/2018\/07\/DSC_5808-300x240.jpg 300w, https:\/\/mb2812.de\/wp-content\/uploads\/2018\/07\/DSC_5808-768x614.jpg 768w, https:\/\/mb2812.de\/wp-content\/uploads\/2018\/07\/DSC_5808-1024x819.jpg 1024w, https:\/\/mb2812.de\/wp-content\/uploads\/2018\/07\/DSC_5808-668x534.jpg 668w\" sizes=\"auto, (max-width: 1800px) 100vw, 1800px\" \/><\/a><figcaption class=\"wp-element-caption\">H\u00e4user am Quai St. Nicolas<\/figcaption><\/figure>\n\n\n\n<figure class=\"wp-block-image aligncenter size-full is-resized\"><a href=\"http:\/\/reiseblog.mb2812.de\/wp-content\/uploads\/2018\/07\/DSC_5811.jpg\" rel=\"noopener\"><img loading=\"lazy\" decoding=\"async\" width=\"1440\" height=\"1800\" src=\"https:\/\/mb2812.de\/wp-content\/uploads\/2018\/07\/DSC_5811.jpg\" alt=\"\" class=\"wp-image-5980\" style=\"width:600px\" srcset=\"https:\/\/mb2812.de\/wp-content\/uploads\/2018\/07\/DSC_5811.jpg 1440w, https:\/\/mb2812.de\/wp-content\/uploads\/2018\/07\/DSC_5811-240x300.jpg 240w, https:\/\/mb2812.de\/wp-content\/uploads\/2018\/07\/DSC_5811-768x960.jpg 768w, https:\/\/mb2812.de\/wp-content\/uploads\/2018\/07\/DSC_5811-819x1024.jpg 819w, https:\/\/mb2812.de\/wp-content\/uploads\/2018\/07\/DSC_5811-668x835.jpg 668w\" sizes=\"auto, (max-width: 1440px) 100vw, 1440px\" \/><\/a><figcaption class=\"wp-element-caption\">Quai Saint Thomas<\/figcaption><\/figure>\n\n\n\n<figure class=\"wp-block-image aligncenter size-full is-resized\"><a href=\"http:\/\/reiseblog.mb2812.de\/wp-content\/uploads\/2018\/07\/DSC_5816-1075.jpg\" rel=\"noopener\"><img loading=\"lazy\" decoding=\"async\" width=\"1800\" height=\"1440\" src=\"https:\/\/mb2812.de\/wp-content\/uploads\/2018\/07\/DSC_5816-1075.jpg\" alt=\"\" class=\"wp-image-5981\" style=\"width:800px\" srcset=\"https:\/\/mb2812.de\/wp-content\/uploads\/2018\/07\/DSC_5816-1075.jpg 1800w, https:\/\/mb2812.de\/wp-content\/uploads\/2018\/07\/DSC_5816-1075-300x240.jpg 300w, https:\/\/mb2812.de\/wp-content\/uploads\/2018\/07\/DSC_5816-1075-768x614.jpg 768w, https:\/\/mb2812.de\/wp-content\/uploads\/2018\/07\/DSC_5816-1075-1024x819.jpg 1024w, https:\/\/mb2812.de\/wp-content\/uploads\/2018\/07\/DSC_5816-1075-668x534.jpg 668w\" sizes=\"auto, (max-width: 1800px) 100vw, 1800px\" \/><\/a><figcaption class=\"wp-element-caption\">Eingang der ehem. evangelischen Akademie<\/figcaption><\/figure>\n\n\n\n<figure class=\"wp-block-image aligncenter size-full is-resized\"><a href=\"http:\/\/reiseblog.mb2812.de\/wp-content\/uploads\/2018\/07\/DSC_5817-1084.jpg\" rel=\"noopener\"><img loading=\"lazy\" decoding=\"async\" width=\"1800\" height=\"1440\" src=\"https:\/\/mb2812.de\/wp-content\/uploads\/2018\/07\/DSC_5817-1084.jpg\" alt=\"\" class=\"wp-image-5982\" style=\"width:800px\" srcset=\"https:\/\/mb2812.de\/wp-content\/uploads\/2018\/07\/DSC_5817-1084.jpg 1800w, https:\/\/mb2812.de\/wp-content\/uploads\/2018\/07\/DSC_5817-1084-300x240.jpg 300w, https:\/\/mb2812.de\/wp-content\/uploads\/2018\/07\/DSC_5817-1084-768x614.jpg 768w, https:\/\/mb2812.de\/wp-content\/uploads\/2018\/07\/DSC_5817-1084-1024x819.jpg 1024w, https:\/\/mb2812.de\/wp-content\/uploads\/2018\/07\/DSC_5817-1084-668x534.jpg 668w\" sizes=\"auto, (max-width: 1800px) 100vw, 1800px\" \/><\/a><figcaption class=\"wp-element-caption\">Das Viertel &#8222;Petit France&#8220;<\/figcaption><\/figure>\n\n\n\n<figure class=\"wp-block-image aligncenter size-full is-resized\"><a href=\"http:\/\/reiseblog.mb2812.de\/wp-content\/uploads\/2018\/07\/DSC_5821-1090.jpg\" rel=\"noopener\"><img loading=\"lazy\" decoding=\"async\" width=\"1800\" height=\"1440\" src=\"https:\/\/mb2812.de\/wp-content\/uploads\/2018\/07\/DSC_5821-1090.jpg\" alt=\"\" class=\"wp-image-5983\" style=\"width:800px\" srcset=\"https:\/\/mb2812.de\/wp-content\/uploads\/2018\/07\/DSC_5821-1090.jpg 1800w, https:\/\/mb2812.de\/wp-content\/uploads\/2018\/07\/DSC_5821-1090-300x240.jpg 300w, https:\/\/mb2812.de\/wp-content\/uploads\/2018\/07\/DSC_5821-1090-768x614.jpg 768w, https:\/\/mb2812.de\/wp-content\/uploads\/2018\/07\/DSC_5821-1090-1024x819.jpg 1024w, https:\/\/mb2812.de\/wp-content\/uploads\/2018\/07\/DSC_5821-1090-668x534.jpg 668w\" sizes=\"auto, (max-width: 1800px) 100vw, 1800px\" \/><\/a><figcaption class=\"wp-element-caption\">Im Viertel &#8222;Petit France&#8220;<\/figcaption><\/figure>\n\n\n\n<figure class=\"wp-block-image aligncenter size-full is-resized\"><a href=\"http:\/\/reiseblog.mb2812.de\/wp-content\/uploads\/2018\/07\/DSC_5827-1091.jpg\" rel=\"noopener\"><img loading=\"lazy\" decoding=\"async\" width=\"1800\" height=\"1440\" src=\"https:\/\/mb2812.de\/wp-content\/uploads\/2018\/07\/DSC_5827-1091.jpg\" alt=\"\" class=\"wp-image-5984\" style=\"width:800px\" srcset=\"https:\/\/mb2812.de\/wp-content\/uploads\/2018\/07\/DSC_5827-1091.jpg 1800w, https:\/\/mb2812.de\/wp-content\/uploads\/2018\/07\/DSC_5827-1091-300x240.jpg 300w, https:\/\/mb2812.de\/wp-content\/uploads\/2018\/07\/DSC_5827-1091-768x614.jpg 768w, https:\/\/mb2812.de\/wp-content\/uploads\/2018\/07\/DSC_5827-1091-1024x819.jpg 1024w, https:\/\/mb2812.de\/wp-content\/uploads\/2018\/07\/DSC_5827-1091-668x534.jpg 668w\" sizes=\"auto, (max-width: 1800px) 100vw, 1800px\" \/><\/a><figcaption class=\"wp-element-caption\">Detailansicht des &#8222;Maison des Tanneurs&#8220;<\/figcaption><\/figure>\n\n\n\n<figure class=\"wp-block-image aligncenter size-full is-resized\"><a href=\"http:\/\/reiseblog.mb2812.de\/wp-content\/uploads\/2018\/07\/DSC_5828-1092.jpg\" rel=\"noopener\"><img loading=\"lazy\" decoding=\"async\" width=\"1800\" height=\"1440\" src=\"https:\/\/mb2812.de\/wp-content\/uploads\/2018\/07\/DSC_5828-1092.jpg\" alt=\"\" class=\"wp-image-5985\" style=\"width:800px\" srcset=\"https:\/\/mb2812.de\/wp-content\/uploads\/2018\/07\/DSC_5828-1092.jpg 1800w, https:\/\/mb2812.de\/wp-content\/uploads\/2018\/07\/DSC_5828-1092-300x240.jpg 300w, https:\/\/mb2812.de\/wp-content\/uploads\/2018\/07\/DSC_5828-1092-768x614.jpg 768w, https:\/\/mb2812.de\/wp-content\/uploads\/2018\/07\/DSC_5828-1092-1024x819.jpg 1024w, https:\/\/mb2812.de\/wp-content\/uploads\/2018\/07\/DSC_5828-1092-668x534.jpg 668w\" sizes=\"auto, (max-width: 1800px) 100vw, 1800px\" \/><\/a><figcaption class=\"wp-element-caption\">Im Viertel &#8222;Petit France&#8220;<\/figcaption><\/figure>\n\n\n\n<figure class=\"wp-block-image aligncenter size-full is-resized\"><a href=\"http:\/\/reiseblog.mb2812.de\/wp-content\/uploads\/2018\/07\/DSC_5831-1093.jpg\" rel=\"noopener\"><img loading=\"lazy\" decoding=\"async\" width=\"1800\" height=\"1440\" src=\"https:\/\/mb2812.de\/wp-content\/uploads\/2018\/07\/DSC_5831-1093.jpg\" alt=\"\" class=\"wp-image-5986\" style=\"width:800px\" srcset=\"https:\/\/mb2812.de\/wp-content\/uploads\/2018\/07\/DSC_5831-1093.jpg 1800w, https:\/\/mb2812.de\/wp-content\/uploads\/2018\/07\/DSC_5831-1093-300x240.jpg 300w, https:\/\/mb2812.de\/wp-content\/uploads\/2018\/07\/DSC_5831-1093-768x614.jpg 768w, https:\/\/mb2812.de\/wp-content\/uploads\/2018\/07\/DSC_5831-1093-1024x819.jpg 1024w, https:\/\/mb2812.de\/wp-content\/uploads\/2018\/07\/DSC_5831-1093-668x534.jpg 668w\" sizes=\"auto, (max-width: 1800px) 100vw, 1800px\" \/><\/a><figcaption class=\"wp-element-caption\">Barrage Vauban<\/figcaption><\/figure>\n\n\n\n<figure class=\"wp-block-image aligncenter size-full is-resized\"><a href=\"http:\/\/reiseblog.mb2812.de\/wp-content\/uploads\/2018\/07\/DSC_5832.jpg\" rel=\"noopener\"><img loading=\"lazy\" decoding=\"async\" width=\"1800\" height=\"1440\" src=\"https:\/\/mb2812.de\/wp-content\/uploads\/2018\/07\/DSC_5832.jpg\" alt=\"\" class=\"wp-image-5987\" style=\"width:800px\" srcset=\"https:\/\/mb2812.de\/wp-content\/uploads\/2018\/07\/DSC_5832.jpg 1800w, https:\/\/mb2812.de\/wp-content\/uploads\/2018\/07\/DSC_5832-300x240.jpg 300w, https:\/\/mb2812.de\/wp-content\/uploads\/2018\/07\/DSC_5832-768x614.jpg 768w, https:\/\/mb2812.de\/wp-content\/uploads\/2018\/07\/DSC_5832-1024x819.jpg 1024w, https:\/\/mb2812.de\/wp-content\/uploads\/2018\/07\/DSC_5832-668x534.jpg 668w\" sizes=\"auto, (max-width: 1800px) 100vw, 1800px\" \/><\/a><figcaption class=\"wp-element-caption\">Canal des Faux Femparts<\/figcaption><\/figure>\n\n\n\n<figure class=\"wp-block-image aligncenter size-full is-resized\"><a href=\"http:\/\/reiseblog.mb2812.de\/wp-content\/uploads\/2018\/07\/DSC_5833.jpg\" rel=\"noopener\"><img loading=\"lazy\" decoding=\"async\" width=\"1800\" height=\"1440\" src=\"https:\/\/mb2812.de\/wp-content\/uploads\/2018\/07\/DSC_5833.jpg\" alt=\"\" class=\"wp-image-5988\" style=\"width:800px\" srcset=\"https:\/\/mb2812.de\/wp-content\/uploads\/2018\/07\/DSC_5833.jpg 1800w, https:\/\/mb2812.de\/wp-content\/uploads\/2018\/07\/DSC_5833-300x240.jpg 300w, https:\/\/mb2812.de\/wp-content\/uploads\/2018\/07\/DSC_5833-768x614.jpg 768w, https:\/\/mb2812.de\/wp-content\/uploads\/2018\/07\/DSC_5833-1024x819.jpg 1024w, https:\/\/mb2812.de\/wp-content\/uploads\/2018\/07\/DSC_5833-668x534.jpg 668w\" sizes=\"auto, (max-width: 1800px) 100vw, 1800px\" \/><\/a><figcaption class=\"wp-element-caption\">Ponte Couverts: Heinrichsturm<\/figcaption><\/figure>\n\n\n\n<figure class=\"wp-block-image aligncenter size-full is-resized\"><a href=\"http:\/\/reiseblog.mb2812.de\/wp-content\/uploads\/2018\/07\/DSC_5838.jpg\" rel=\"noopener\"><img loading=\"lazy\" decoding=\"async\" width=\"1800\" height=\"1440\" src=\"https:\/\/mb2812.de\/wp-content\/uploads\/2018\/07\/DSC_5838.jpg\" alt=\"\" class=\"wp-image-5989\" style=\"width:800px\" srcset=\"https:\/\/mb2812.de\/wp-content\/uploads\/2018\/07\/DSC_5838.jpg 1800w, https:\/\/mb2812.de\/wp-content\/uploads\/2018\/07\/DSC_5838-300x240.jpg 300w, https:\/\/mb2812.de\/wp-content\/uploads\/2018\/07\/DSC_5838-768x614.jpg 768w, https:\/\/mb2812.de\/wp-content\/uploads\/2018\/07\/DSC_5838-1024x819.jpg 1024w, https:\/\/mb2812.de\/wp-content\/uploads\/2018\/07\/DSC_5838-668x534.jpg 668w\" sizes=\"auto, (max-width: 1800px) 100vw, 1800px\" \/><\/a><figcaption class=\"wp-element-caption\">Ponte Couverts: Hans von Altheimturm und Tour des Francais<\/figcaption><\/figure>\n\n\n\n<figure class=\"wp-block-image aligncenter size-full is-resized\"><a href=\"http:\/\/reiseblog.mb2812.de\/wp-content\/uploads\/2018\/06\/DSC_5839.jpg\" rel=\"noopener\"><img loading=\"lazy\" decoding=\"async\" width=\"1800\" height=\"1440\" src=\"https:\/\/mb2812.de\/wp-content\/uploads\/2018\/06\/DSC_5839.jpg\" alt=\"\" class=\"wp-image-6010\" style=\"width:800px\" srcset=\"https:\/\/mb2812.de\/wp-content\/uploads\/2018\/06\/DSC_5839.jpg 1800w, https:\/\/mb2812.de\/wp-content\/uploads\/2018\/06\/DSC_5839-300x240.jpg 300w, https:\/\/mb2812.de\/wp-content\/uploads\/2018\/06\/DSC_5839-768x614.jpg 768w, https:\/\/mb2812.de\/wp-content\/uploads\/2018\/06\/DSC_5839-1024x819.jpg 1024w, https:\/\/mb2812.de\/wp-content\/uploads\/2018\/06\/DSC_5839-668x534.jpg 668w\" sizes=\"auto, (max-width: 1800px) 100vw, 1800px\" \/><\/a><figcaption class=\"wp-element-caption\">Die Ill und der Heinrichsturm<\/figcaption><\/figure>\n\n\n\n<figure class=\"wp-block-image aligncenter size-full is-resized\"><a href=\"http:\/\/reiseblog.mb2812.de\/wp-content\/uploads\/2018\/07\/DSC_5841.jpg\" rel=\"noopener\"><img loading=\"lazy\" decoding=\"async\" width=\"1800\" height=\"1440\" src=\"https:\/\/mb2812.de\/wp-content\/uploads\/2018\/07\/DSC_5841.jpg\" alt=\"\" class=\"wp-image-5991\" style=\"width:800px\" srcset=\"https:\/\/mb2812.de\/wp-content\/uploads\/2018\/07\/DSC_5841.jpg 1800w, https:\/\/mb2812.de\/wp-content\/uploads\/2018\/07\/DSC_5841-300x240.jpg 300w, https:\/\/mb2812.de\/wp-content\/uploads\/2018\/07\/DSC_5841-768x614.jpg 768w, https:\/\/mb2812.de\/wp-content\/uploads\/2018\/07\/DSC_5841-1024x819.jpg 1024w, https:\/\/mb2812.de\/wp-content\/uploads\/2018\/07\/DSC_5841-668x534.jpg 668w\" sizes=\"auto, (max-width: 1800px) 100vw, 1800px\" \/><\/a><figcaption class=\"wp-element-caption\">Entlang des Canal des Faux Femparts: Quai Kellermann<\/figcaption><\/figure>\n\n\n\n<figure class=\"wp-block-image aligncenter size-full is-resized\"><a href=\"http:\/\/reiseblog.mb2812.de\/wp-content\/uploads\/2018\/07\/DSC_5843-1088.jpg\" rel=\"noopener\"><img loading=\"lazy\" decoding=\"async\" width=\"1800\" height=\"1440\" src=\"https:\/\/mb2812.de\/wp-content\/uploads\/2018\/07\/DSC_5843-1088.jpg\" alt=\"\" class=\"wp-image-5992\" style=\"width:800px\" srcset=\"https:\/\/mb2812.de\/wp-content\/uploads\/2018\/07\/DSC_5843-1088.jpg 1800w, https:\/\/mb2812.de\/wp-content\/uploads\/2018\/07\/DSC_5843-1088-300x240.jpg 300w, https:\/\/mb2812.de\/wp-content\/uploads\/2018\/07\/DSC_5843-1088-768x614.jpg 768w, https:\/\/mb2812.de\/wp-content\/uploads\/2018\/07\/DSC_5843-1088-1024x819.jpg 1024w, https:\/\/mb2812.de\/wp-content\/uploads\/2018\/07\/DSC_5843-1088-668x534.jpg 668w\" sizes=\"auto, (max-width: 1800px) 100vw, 1800px\" \/><\/a><figcaption class=\"wp-element-caption\">Das europ\u00e4ische Parlament<\/figcaption><\/figure>\n\n\n\n<figure class=\"wp-block-image aligncenter size-full is-resized\"><a href=\"http:\/\/reiseblog.mb2812.de\/wp-content\/uploads\/2018\/07\/DSC_5846-1078.jpg\" rel=\"noopener\"><img loading=\"lazy\" decoding=\"async\" width=\"1800\" height=\"1440\" src=\"https:\/\/mb2812.de\/wp-content\/uploads\/2018\/07\/DSC_5846-1078.jpg\" alt=\"\" class=\"wp-image-5993\" style=\"width:800px\" srcset=\"https:\/\/mb2812.de\/wp-content\/uploads\/2018\/07\/DSC_5846-1078.jpg 1800w, https:\/\/mb2812.de\/wp-content\/uploads\/2018\/07\/DSC_5846-1078-300x240.jpg 300w, https:\/\/mb2812.de\/wp-content\/uploads\/2018\/07\/DSC_5846-1078-768x614.jpg 768w, https:\/\/mb2812.de\/wp-content\/uploads\/2018\/07\/DSC_5846-1078-1024x819.jpg 1024w, https:\/\/mb2812.de\/wp-content\/uploads\/2018\/07\/DSC_5846-1078-668x534.jpg 668w\" sizes=\"auto, (max-width: 1800px) 100vw, 1800px\" \/><\/a><figcaption class=\"wp-element-caption\">Der europ\u00e4ische Gerichtshof f\u00fcr Menschenrechte<\/figcaption><\/figure>\n\n\n\n<figure class=\"wp-block-image aligncenter size-full is-resized\"><a href=\"http:\/\/reiseblog.mb2812.de\/wp-content\/uploads\/2018\/07\/DSC_5848.jpg\" rel=\"noopener\"><img loading=\"lazy\" decoding=\"async\" width=\"1800\" height=\"1440\" src=\"https:\/\/mb2812.de\/wp-content\/uploads\/2018\/07\/DSC_5848.jpg\" alt=\"\" class=\"wp-image-5994\" style=\"width:800px\" srcset=\"https:\/\/mb2812.de\/wp-content\/uploads\/2018\/07\/DSC_5848.jpg 1800w, https:\/\/mb2812.de\/wp-content\/uploads\/2018\/07\/DSC_5848-300x240.jpg 300w, https:\/\/mb2812.de\/wp-content\/uploads\/2018\/07\/DSC_5848-768x614.jpg 768w, https:\/\/mb2812.de\/wp-content\/uploads\/2018\/07\/DSC_5848-1024x819.jpg 1024w, https:\/\/mb2812.de\/wp-content\/uploads\/2018\/07\/DSC_5848-668x534.jpg 668w\" sizes=\"auto, (max-width: 1800px) 100vw, 1800px\" \/><\/a><figcaption class=\"wp-element-caption\">Geb\u00e4ude des Senders &#8222;arte&#8220;<\/figcaption><\/figure>\n\n\n\n<figure class=\"wp-block-image aligncenter size-full is-resized\"><a href=\"http:\/\/reiseblog.mb2812.de\/wp-content\/uploads\/2018\/06\/DSC_5851-1100.jpg\" rel=\"noopener\"><img loading=\"lazy\" decoding=\"async\" width=\"1440\" height=\"1800\" src=\"https:\/\/mb2812.de\/wp-content\/uploads\/2018\/06\/DSC_5851-1100.jpg\" alt=\"\" class=\"wp-image-6013\" style=\"width:600px\" srcset=\"https:\/\/mb2812.de\/wp-content\/uploads\/2018\/06\/DSC_5851-1100.jpg 1440w, https:\/\/mb2812.de\/wp-content\/uploads\/2018\/06\/DSC_5851-1100-240x300.jpg 240w, https:\/\/mb2812.de\/wp-content\/uploads\/2018\/06\/DSC_5851-1100-768x960.jpg 768w, https:\/\/mb2812.de\/wp-content\/uploads\/2018\/06\/DSC_5851-1100-819x1024.jpg 819w, https:\/\/mb2812.de\/wp-content\/uploads\/2018\/06\/DSC_5851-1100-668x835.jpg 668w\" sizes=\"auto, (max-width: 1440px) 100vw, 1440px\" \/><\/a><figcaption class=\"wp-element-caption\">Die Kirche Saint-Paul<\/figcaption><\/figure>\n\n\n\n<figure class=\"wp-block-image aligncenter size-full is-resized\"><a href=\"http:\/\/reiseblog.mb2812.de\/wp-content\/uploads\/2018\/06\/DSC_5852-1101.jpg\" rel=\"noopener\"><img loading=\"lazy\" decoding=\"async\" width=\"1800\" height=\"1440\" src=\"https:\/\/mb2812.de\/wp-content\/uploads\/2018\/06\/DSC_5852-1101.jpg\" alt=\"\" class=\"wp-image-6014\" style=\"width:800px\" srcset=\"https:\/\/mb2812.de\/wp-content\/uploads\/2018\/06\/DSC_5852-1101.jpg 1800w, https:\/\/mb2812.de\/wp-content\/uploads\/2018\/06\/DSC_5852-1101-300x240.jpg 300w, https:\/\/mb2812.de\/wp-content\/uploads\/2018\/06\/DSC_5852-1101-768x614.jpg 768w, https:\/\/mb2812.de\/wp-content\/uploads\/2018\/06\/DSC_5852-1101-1024x819.jpg 1024w, https:\/\/mb2812.de\/wp-content\/uploads\/2018\/06\/DSC_5852-1101-668x534.jpg 668w\" sizes=\"auto, (max-width: 1800px) 100vw, 1800px\" \/><\/a><figcaption class=\"wp-element-caption\">Blick von der Ill in den Kanal<\/figcaption><\/figure>\n\n\n\n<figure class=\"wp-block-image aligncenter size-full is-resized\"><a href=\"http:\/\/reiseblog.mb2812.de\/wp-content\/uploads\/2018\/06\/DSC_5853-1102-1103.jpg\" rel=\"noopener\"><img loading=\"lazy\" decoding=\"async\" width=\"1800\" height=\"1440\" src=\"https:\/\/mb2812.de\/wp-content\/uploads\/2018\/06\/DSC_5853-1102-1103.jpg\" alt=\"\" class=\"wp-image-6015\" style=\"width:800px\" srcset=\"https:\/\/mb2812.de\/wp-content\/uploads\/2018\/06\/DSC_5853-1102-1103.jpg 1800w, https:\/\/mb2812.de\/wp-content\/uploads\/2018\/06\/DSC_5853-1102-1103-300x240.jpg 300w, https:\/\/mb2812.de\/wp-content\/uploads\/2018\/06\/DSC_5853-1102-1103-768x614.jpg 768w, https:\/\/mb2812.de\/wp-content\/uploads\/2018\/06\/DSC_5853-1102-1103-1024x819.jpg 1024w, https:\/\/mb2812.de\/wp-content\/uploads\/2018\/06\/DSC_5853-1102-1103-668x534.jpg 668w\" sizes=\"auto, (max-width: 1800px) 100vw, 1800px\" \/><\/a><figcaption class=\"wp-element-caption\">Palais Rohan von der Ill aus<\/figcaption><\/figure>\n\n\n\n<figure class=\"wp-block-image aligncenter size-full is-resized\"><a href=\"http:\/\/reiseblog.mb2812.de\/wp-content\/uploads\/2018\/06\/IMG_4792-1104.jpg\" rel=\"noopener\"><img loading=\"lazy\" decoding=\"async\" width=\"1440\" height=\"1800\" src=\"https:\/\/mb2812.de\/wp-content\/uploads\/2018\/06\/IMG_4792-1104.jpg\" alt=\"\" class=\"wp-image-6018\" style=\"width:600px\" srcset=\"https:\/\/mb2812.de\/wp-content\/uploads\/2018\/06\/IMG_4792-1104.jpg 1440w, https:\/\/mb2812.de\/wp-content\/uploads\/2018\/06\/IMG_4792-1104-240x300.jpg 240w, https:\/\/mb2812.de\/wp-content\/uploads\/2018\/06\/IMG_4792-1104-768x960.jpg 768w, https:\/\/mb2812.de\/wp-content\/uploads\/2018\/06\/IMG_4792-1104-819x1024.jpg 819w, https:\/\/mb2812.de\/wp-content\/uploads\/2018\/06\/IMG_4792-1104-668x835.jpg 668w\" sizes=\"auto, (max-width: 1440px) 100vw, 1440px\" \/><\/a><figcaption class=\"wp-element-caption\">Geb\u00e4ude an der Ecke Rue des Serruriers\/Rue de l&#8217;\u00c9pine<\/figcaption><\/figure>\n\n\n\n<figure class=\"wp-block-image aligncenter size-full is-resized\"><a href=\"http:\/\/reiseblog.mb2812.de\/wp-content\/uploads\/2018\/06\/IMG_4793.jpg\" rel=\"noopener\"><img loading=\"lazy\" decoding=\"async\" width=\"1800\" height=\"1440\" src=\"https:\/\/mb2812.de\/wp-content\/uploads\/2018\/06\/IMG_4793.jpg\" alt=\"\" class=\"wp-image-6019\" style=\"width:800px\" srcset=\"https:\/\/mb2812.de\/wp-content\/uploads\/2018\/06\/IMG_4793.jpg 1800w, https:\/\/mb2812.de\/wp-content\/uploads\/2018\/06\/IMG_4793-300x240.jpg 300w, https:\/\/mb2812.de\/wp-content\/uploads\/2018\/06\/IMG_4793-768x614.jpg 768w, https:\/\/mb2812.de\/wp-content\/uploads\/2018\/06\/IMG_4793-1024x819.jpg 1024w, https:\/\/mb2812.de\/wp-content\/uploads\/2018\/06\/IMG_4793-668x534.jpg 668w\" sizes=\"auto, (max-width: 1800px) 100vw, 1800px\" \/><\/a><figcaption class=\"wp-element-caption\">Blick entlang der Rue des Serruriers Richtung Place Gutenberg<\/figcaption><\/figure>\n\n\n\n<figure class=\"wp-block-image aligncenter size-full is-resized\"><a href=\"http:\/\/reiseblog.mb2812.de\/wp-content\/uploads\/2018\/06\/DSC_5856-1080.jpg\" rel=\"noopener\"><img loading=\"lazy\" decoding=\"async\" width=\"1800\" height=\"1440\" src=\"https:\/\/mb2812.de\/wp-content\/uploads\/2018\/06\/DSC_5856-1080.jpg\" alt=\"\" class=\"wp-image-6016\" style=\"width:800px\" srcset=\"https:\/\/mb2812.de\/wp-content\/uploads\/2018\/06\/DSC_5856-1080.jpg 1800w, https:\/\/mb2812.de\/wp-content\/uploads\/2018\/06\/DSC_5856-1080-300x240.jpg 300w, https:\/\/mb2812.de\/wp-content\/uploads\/2018\/06\/DSC_5856-1080-768x614.jpg 768w, https:\/\/mb2812.de\/wp-content\/uploads\/2018\/06\/DSC_5856-1080-1024x819.jpg 1024w, https:\/\/mb2812.de\/wp-content\/uploads\/2018\/06\/DSC_5856-1080-668x534.jpg 668w\" sizes=\"auto, (max-width: 1800px) 100vw, 1800px\" \/><\/a><figcaption class=\"wp-element-caption\">Hier sind wir vorher mit dem Boot hergefahren. Blick von einer Br\u00fccke in &#8218;Petit France&#8216;<\/figcaption><\/figure>\n\n\n\n<figure class=\"wp-block-image aligncenter size-full is-resized\"><a href=\"http:\/\/reiseblog.mb2812.de\/wp-content\/uploads\/2018\/06\/DSC_5858.jpg\" rel=\"noopener\"><img loading=\"lazy\" decoding=\"async\" width=\"1800\" height=\"1440\" src=\"https:\/\/mb2812.de\/wp-content\/uploads\/2018\/06\/DSC_5858.jpg\" alt=\"\" class=\"wp-image-6017\" style=\"width:800px\" srcset=\"https:\/\/mb2812.de\/wp-content\/uploads\/2018\/06\/DSC_5858.jpg 1800w, https:\/\/mb2812.de\/wp-content\/uploads\/2018\/06\/DSC_5858-300x240.jpg 300w, https:\/\/mb2812.de\/wp-content\/uploads\/2018\/06\/DSC_5858-768x614.jpg 768w, https:\/\/mb2812.de\/wp-content\/uploads\/2018\/06\/DSC_5858-1024x819.jpg 1024w, https:\/\/mb2812.de\/wp-content\/uploads\/2018\/06\/DSC_5858-668x534.jpg 668w\" sizes=\"auto, (max-width: 1800px) 100vw, 1800px\" \/><\/a><figcaption class=\"wp-element-caption\">Quai de Moulins<\/figcaption><\/figure>\n\n\n\n<figure class=\"wp-block-image aligncenter size-full is-resized\"><a href=\"http:\/\/reiseblog.mb2812.de\/wp-content\/uploads\/2018\/06\/IMG_4800.jpg\" rel=\"noopener\"><img loading=\"lazy\" decoding=\"async\" width=\"1440\" height=\"1800\" src=\"https:\/\/mb2812.de\/wp-content\/uploads\/2018\/06\/IMG_4800.jpg\" alt=\"\" class=\"wp-image-6020\" style=\"width:600px\" srcset=\"https:\/\/mb2812.de\/wp-content\/uploads\/2018\/06\/IMG_4800.jpg 1440w, https:\/\/mb2812.de\/wp-content\/uploads\/2018\/06\/IMG_4800-240x300.jpg 240w, https:\/\/mb2812.de\/wp-content\/uploads\/2018\/06\/IMG_4800-768x960.jpg 768w, https:\/\/mb2812.de\/wp-content\/uploads\/2018\/06\/IMG_4800-819x1024.jpg 819w, https:\/\/mb2812.de\/wp-content\/uploads\/2018\/06\/IMG_4800-668x835.jpg 668w\" sizes=\"auto, (max-width: 1440px) 100vw, 1440px\" \/><\/a><figcaption class=\"wp-element-caption\">Quai de Moulins<\/figcaption><\/figure>\n\n\n\n<figure class=\"wp-block-image aligncenter size-full is-resized\"><a href=\"http:\/\/reiseblog.mb2812.de\/wp-content\/uploads\/2018\/06\/IMG_4808-1105.jpg\" rel=\"noopener\"><img loading=\"lazy\" decoding=\"async\" width=\"1440\" height=\"1800\" src=\"https:\/\/mb2812.de\/wp-content\/uploads\/2018\/06\/IMG_4808-1105.jpg\" alt=\"\" class=\"wp-image-6021\" style=\"width:600px\" srcset=\"https:\/\/mb2812.de\/wp-content\/uploads\/2018\/06\/IMG_4808-1105.jpg 1440w, https:\/\/mb2812.de\/wp-content\/uploads\/2018\/06\/IMG_4808-1105-240x300.jpg 240w, https:\/\/mb2812.de\/wp-content\/uploads\/2018\/06\/IMG_4808-1105-768x960.jpg 768w, https:\/\/mb2812.de\/wp-content\/uploads\/2018\/06\/IMG_4808-1105-819x1024.jpg 819w, https:\/\/mb2812.de\/wp-content\/uploads\/2018\/06\/IMG_4808-1105-668x835.jpg 668w\" sizes=\"auto, (max-width: 1440px) 100vw, 1440px\" \/><\/a><figcaption class=\"wp-element-caption\">Einm\u00fcndung der Rue des Moulins in die Rue du Bain-aux-Plantes<\/figcaption><\/figure>\n\n\n\n<figure class=\"wp-block-image aligncenter size-full is-resized\"><a href=\"http:\/\/reiseblog.mb2812.de\/wp-content\/uploads\/2018\/06\/IMG_6850.jpg\" rel=\"noopener\"><img loading=\"lazy\" decoding=\"async\" width=\"1800\" height=\"1440\" src=\"https:\/\/mb2812.de\/wp-content\/uploads\/2018\/06\/IMG_6850.jpg\" alt=\"\" class=\"wp-image-6022\" style=\"width:800px\" srcset=\"https:\/\/mb2812.de\/wp-content\/uploads\/2018\/06\/IMG_6850.jpg 1800w, https:\/\/mb2812.de\/wp-content\/uploads\/2018\/06\/IMG_6850-300x240.jpg 300w, https:\/\/mb2812.de\/wp-content\/uploads\/2018\/06\/IMG_6850-768x614.jpg 768w, https:\/\/mb2812.de\/wp-content\/uploads\/2018\/06\/IMG_6850-1024x819.jpg 1024w, https:\/\/mb2812.de\/wp-content\/uploads\/2018\/06\/IMG_6850-668x534.jpg 668w\" sizes=\"auto, (max-width: 1800px) 100vw, 1800px\" \/><\/a><figcaption class=\"wp-element-caption\">Grand Rue Nr 24. Die Stra\u00dfen haben auch els\u00e4ssische Namen, hier ist es &#8218;Langstross&#8216;<\/figcaption><\/figure>\n","protected":false},"excerpt":{"rendered":"<p>Wir machen einen Tagesausflug nach Stra\u00dfburg, mit dem PKW bis Kehl und dann mit der Stra\u00dfenbahn \u00fcber den Rhein<\/p>\n","protected":false},"author":1,"featured_media":5999,"comment_status":"closed","ping_status":"closed","sticky":false,"template":"","format":"standard","meta":{"footnotes":""},"categories":[13],"tags":[115,117,202,201],"class_list":["post-5968","post","type-post","status-publish","format-standard","has-post-thumbnail","hentry","category-ausfluege","tag-115","tag-ausfluege","tag-frankreich","tag-strassbourg"],"_links":{"self":[{"href":"https:\/\/mb2812.de\/index.php?rest_route=\/wp\/v2\/posts\/5968","targetHints":{"allow":["GET"]}}],"collection":[{"href":"https:\/\/mb2812.de\/index.php?rest_route=\/wp\/v2\/posts"}],"about":[{"href":"https:\/\/mb2812.de\/index.php?rest_route=\/wp\/v2\/types\/post"}],"author":[{"embeddable":true,"href":"https:\/\/mb2812.de\/index.php?rest_route=\/wp\/v2\/users\/1"}],"replies":[{"embeddable":true,"href":"https:\/\/mb2812.de\/index.php?rest_route=%2Fwp%2Fv2%2Fcomments&post=5968"}],"version-history":[{"count":15,"href":"https:\/\/mb2812.de\/index.php?rest_route=\/wp\/v2\/posts\/5968\/revisions"}],"predecessor-version":[{"id":17040,"href":"https:\/\/mb2812.de\/index.php?rest_route=\/wp\/v2\/posts\/5968\/revisions\/17040"}],"wp:featuredmedia":[{"embeddable":true,"href":"https:\/\/mb2812.de\/index.php?rest_route=\/wp\/v2\/media\/5999"}],"wp:attachment":[{"href":"https:\/\/mb2812.de\/index.php?rest_route=%2Fwp%2Fv2%2Fmedia&parent=5968"}],"wp:term":[{"taxonomy":"category","embeddable":true,"href":"https:\/\/mb2812.de\/index.php?rest_route=%2Fwp%2Fv2%2Fcategories&post=5968"},{"taxonomy":"post_tag","embeddable":true,"href":"https:\/\/mb2812.de\/index.php?rest_route=%2Fwp%2Fv2%2Ftags&post=5968"}],"curies":[{"name":"wp","href":"https:\/\/api.w.org\/{rel}","templated":true}]}}