{"id":558,"date":"2008-06-05T12:00:36","date_gmt":"2008-06-05T10:00:36","guid":{"rendered":"http:\/\/reiseblog.mb2812.de\/?p=558"},"modified":"2026-01-01T14:11:51","modified_gmt":"2026-01-01T12:11:51","slug":"558","status":"publish","type":"post","link":"https:\/\/mb2812.de\/?p=558","title":{"rendered":"Nach Norden: Point Reyes und Point Arena"},"content":{"rendered":"\n<p><span class=\"style_2\">Nach zwei Tagen Unterbrechung ging es heute wieder mit dem Auto weiter. Es sollte nordw\u00e4rts immer der Stra\u00dfe 1 entlang gehen bis Fort Bragg. Dazu lag San Mateo jetzt strategisch ung\u00fcnstig, mussten wir doch morgens nach San Francisco hineinfahren. Wir hatten mit den B&amp;B Besitzern noch diverse Alternativen f\u00fcr den Weg zur Golden Gate Bridge diskutiert, aber als wir nach Fr\u00fchst\u00fcck und Tanken in San Francisco ankamen, war die Rush Hour schon wieder abgeflaut, und es gab keinen kein Stau weit und breit. Wir blieben also stur auf der 101 und fuhren nordw\u00e4rts \u00fcber die Br\u00fccke.<\/span><\/p>\n\n\n\n<!--more-->\n\n\n\n<figure class=\"wp-block-image aligncenter size-large is-resized\"><a href=\"http:\/\/reiseblog.mb2812.de\/wp-content\/uploads\/2008\/06\/DSC_2225.jpg\" rel=\"noopener\"><img loading=\"lazy\" decoding=\"async\" width=\"683\" height=\"1024\" src=\"https:\/\/mb2812.de\/wp-content\/uploads\/2008\/06\/DSC_2225-683x1024.jpg\" alt=\"\" class=\"wp-image-2558\" style=\"width:535px\" srcset=\"https:\/\/mb2812.de\/wp-content\/uploads\/2008\/06\/DSC_2225-683x1024.jpg 683w, https:\/\/mb2812.de\/wp-content\/uploads\/2008\/06\/DSC_2225-200x300.jpg 200w, https:\/\/mb2812.de\/wp-content\/uploads\/2008\/06\/DSC_2225-768x1152.jpg 768w, https:\/\/mb2812.de\/wp-content\/uploads\/2008\/06\/DSC_2225-668x1002.jpg 668w, https:\/\/mb2812.de\/wp-content\/uploads\/2008\/06\/DSC_2225.jpg 1080w\" sizes=\"auto, (max-width: 683px) 100vw, 683px\" \/><\/a><figcaption class=\"wp-element-caption\"><em>Fahrt \u00fcber die Br\u00fccke<\/em><\/figcaption><\/figure>\n\n\n\n<p class=\"paragraph_style_1\">Am Aussichtspunkt am Nordende legten wir unseren ersten Stopp ein.&nbsp;Morgens hat man dort als Fotograf allerdings schlechte Karten, San Francisco liegt 100% im Gegenlicht. Dies ist mehr was f\u00fcr den Nachmittag.<\/p>\n\n\n\n<figure class=\"wp-block-image aligncenter size-large is-resized\"><a href=\"http:\/\/reiseblog.mb2812.de\/wp-content\/uploads\/2008\/06\/DSC_2229.jpg\" rel=\"noopener\"><img loading=\"lazy\" decoding=\"async\" width=\"1024\" height=\"683\" src=\"https:\/\/mb2812.de\/wp-content\/uploads\/2008\/06\/DSC_2229-1024x683.jpg\" alt=\"\" class=\"wp-image-2559\" style=\"width:800px\" srcset=\"https:\/\/mb2812.de\/wp-content\/uploads\/2008\/06\/DSC_2229-1024x683.jpg 1024w, https:\/\/mb2812.de\/wp-content\/uploads\/2008\/06\/DSC_2229-300x200.jpg 300w, https:\/\/mb2812.de\/wp-content\/uploads\/2008\/06\/DSC_2229-768x512.jpg 768w, https:\/\/mb2812.de\/wp-content\/uploads\/2008\/06\/DSC_2229-668x445.jpg 668w, https:\/\/mb2812.de\/wp-content\/uploads\/2008\/06\/DSC_2229.jpg 1620w\" sizes=\"auto, (max-width: 1024px) 100vw, 1024px\" \/><\/a><figcaption class=\"wp-element-caption\"><em>Skyline im Gegenlicht<\/em><\/figcaption><\/figure>\n\n\n\n<figure class=\"wp-block-image aligncenter size-large is-resized\"><a href=\"http:\/\/reiseblog.mb2812.de\/wp-content\/uploads\/2008\/06\/IMG_0795.jpg\" rel=\"noopener\"><img loading=\"lazy\" decoding=\"async\" width=\"768\" height=\"1024\" src=\"https:\/\/mb2812.de\/wp-content\/uploads\/2008\/06\/IMG_0795-768x1024.jpg\" alt=\"\" class=\"wp-image-2574\" style=\"width:600px\" srcset=\"https:\/\/mb2812.de\/wp-content\/uploads\/2008\/06\/IMG_0795-768x1024.jpg 768w, https:\/\/mb2812.de\/wp-content\/uploads\/2008\/06\/IMG_0795-225x300.jpg 225w, https:\/\/mb2812.de\/wp-content\/uploads\/2008\/06\/IMG_0795-668x891.jpg 668w, https:\/\/mb2812.de\/wp-content\/uploads\/2008\/06\/IMG_0795.jpg 1080w\" sizes=\"auto, (max-width: 768px) 100vw, 768px\" \/><\/a><figcaption class=\"wp-element-caption\"><em>Die Br\u00fccke von Norden<\/em><\/figcaption><\/figure>\n\n\n\n<p>Weiter geht es. Ziemlich schnell m\u00fcssen wir eine Abzweigung verpasst haben, statt Richtung Pazifik zu fahren landen wir im Ort Mill Valley. Das ist ein recht h\u00fcbscher Ort halb in den &#8218;Muir Woods&#8216;, aber Herauskommen gestaltet sich schwierig. Das GPS weist zwar den Weg, aber was in der Karte als gelbe Hauptstrasse ausgewiesen wird, ist in Wirklichkeit eine schmale, kurvenreiche und steile&nbsp; Strasse, auf der man kaum mehr wie Schrittgeschwindigkeit fahren kann. Nach nahezu endloser Kurverei sind wir dann irgendwann doch wieder auf der 1, und es geht weiter Richtung Muir Beach.<\/p>\n\n\n\n<p>Die CA 1 n\u00f6rdlich San Francisco:<\/p>\n\n\n\n<figure class=\"wp-block-image aligncenter size-large is-resized\"><a href=\"http:\/\/reiseblog.mb2812.de\/wp-content\/uploads\/2008\/06\/DSC_2236.jpg\" target=\"_blank\" rel=\"noopener\"><img loading=\"lazy\" decoding=\"async\" width=\"1024\" height=\"683\" src=\"https:\/\/mb2812.de\/wp-content\/uploads\/2008\/06\/DSC_2236-1024x683.jpg\" alt=\"\" class=\"wp-image-2561\" style=\"width:800px\" srcset=\"https:\/\/mb2812.de\/wp-content\/uploads\/2008\/06\/DSC_2236-1024x683.jpg 1024w, https:\/\/mb2812.de\/wp-content\/uploads\/2008\/06\/DSC_2236-300x200.jpg 300w, https:\/\/mb2812.de\/wp-content\/uploads\/2008\/06\/DSC_2236-768x512.jpg 768w, https:\/\/mb2812.de\/wp-content\/uploads\/2008\/06\/DSC_2236-668x445.jpg 668w, https:\/\/mb2812.de\/wp-content\/uploads\/2008\/06\/DSC_2236.jpg 1620w\" sizes=\"auto, (max-width: 1024px) 100vw, 1024px\" \/><\/a><\/figure>\n\n\n\n<p><\/p>\n\n\n\n<figure class=\"wp-block-image aligncenter size-large is-resized\"><a href=\"http:\/\/reiseblog.mb2812.de\/wp-content\/uploads\/2008\/06\/DSC_2234.jpg\" target=\"_blank\" rel=\"noopener\"><img loading=\"lazy\" decoding=\"async\" width=\"1024\" height=\"683\" src=\"https:\/\/mb2812.de\/wp-content\/uploads\/2008\/06\/DSC_2234-1024x683.jpg\" alt=\"\" class=\"wp-image-2560\" style=\"width:800px\" srcset=\"https:\/\/mb2812.de\/wp-content\/uploads\/2008\/06\/DSC_2234-1024x683.jpg 1024w, https:\/\/mb2812.de\/wp-content\/uploads\/2008\/06\/DSC_2234-300x200.jpg 300w, https:\/\/mb2812.de\/wp-content\/uploads\/2008\/06\/DSC_2234-768x512.jpg 768w, https:\/\/mb2812.de\/wp-content\/uploads\/2008\/06\/DSC_2234-668x445.jpg 668w, https:\/\/mb2812.de\/wp-content\/uploads\/2008\/06\/DSC_2234.jpg 1620w\" sizes=\"auto, (max-width: 1024px) 100vw, 1024px\" \/><\/a><\/figure>\n\n\n\n<p><\/p>\n\n\n\n<p>Nach&nbsp;einiger Zeit erreichen wir dann die Point Reyes Halbinsel. Zun\u00e4chst besuchen wir das Visitor Center und wandern entlang des &#8218;Earthquake Trails\u2019. Er veranschaulicht eindrucksvoll die Gefahren der San Andreas Fault, welche die Halbinsel vom &#8218;Festland&#8216; trennt, und man kommt an der ber\u00fchmten Stelle vorbei, an der ein Zaun beim Erdbeben von 1906 um 6 m versetzt wurde.<\/p>\n\n\n\n<figure class=\"wp-block-image aligncenter size-large is-resized\"><a href=\"http:\/\/reiseblog.mb2812.de\/wp-content\/uploads\/2008\/06\/DSC_2240.jpg\" rel=\"noopener\"><img loading=\"lazy\" decoding=\"async\" width=\"1024\" height=\"683\" src=\"https:\/\/mb2812.de\/wp-content\/uploads\/2008\/06\/DSC_2240-1024x683.jpg\" alt=\"\" class=\"wp-image-2562\" style=\"width:800px\" srcset=\"https:\/\/mb2812.de\/wp-content\/uploads\/2008\/06\/DSC_2240-1024x683.jpg 1024w, https:\/\/mb2812.de\/wp-content\/uploads\/2008\/06\/DSC_2240-300x200.jpg 300w, https:\/\/mb2812.de\/wp-content\/uploads\/2008\/06\/DSC_2240-768x512.jpg 768w, https:\/\/mb2812.de\/wp-content\/uploads\/2008\/06\/DSC_2240-668x445.jpg 668w, https:\/\/mb2812.de\/wp-content\/uploads\/2008\/06\/DSC_2240.jpg 1620w\" sizes=\"auto, (max-width: 1024px) 100vw, 1024px\" \/><\/a><figcaption class=\"wp-element-caption\"><em>Das Foto gibt nicht viel her, aber zusammen mit den Informationstafeln vor Ort werden die Kr\u00e4fte des Erdbebens verst\u00e4ndlich.<\/em><\/figcaption><\/figure>\n\n\n\n<figure class=\"wp-block-image aligncenter size-large is-resized\"><a href=\"http:\/\/reiseblog.mb2812.de\/wp-content\/uploads\/2008\/06\/IMG_0798.jpg\" target=\"_blank\" rel=\"noopener\"><img loading=\"lazy\" decoding=\"async\" width=\"768\" height=\"1024\" src=\"https:\/\/mb2812.de\/wp-content\/uploads\/2008\/06\/IMG_0798-768x1024.jpg\" alt=\"\" class=\"wp-image-2575\" style=\"width:600px\" srcset=\"https:\/\/mb2812.de\/wp-content\/uploads\/2008\/06\/IMG_0798-768x1024.jpg 768w, https:\/\/mb2812.de\/wp-content\/uploads\/2008\/06\/IMG_0798-225x300.jpg 225w, https:\/\/mb2812.de\/wp-content\/uploads\/2008\/06\/IMG_0798-668x891.jpg 668w, https:\/\/mb2812.de\/wp-content\/uploads\/2008\/06\/IMG_0798.jpg 1080w\" sizes=\"auto, (max-width: 768px) 100vw, 768px\" \/><\/a><\/figure>\n\n\n\n<p><\/p>\n\n\n\n<p>Wir fahren dann ans \u00e4u\u00dferste Ende der Halbinsel zum Leuchtturm. Das Wetter ist sehr gut, seinem Ruf als &#8218;Fog Capital&#8216; wird Point Reyes heute nicht gerecht. Es ist allerdings sehr windig und kalt.<\/p>\n\n\n\n<figure class=\"wp-block-image aligncenter size-large is-resized\"><a href=\"http:\/\/reiseblog.mb2812.de\/wp-content\/uploads\/2008\/06\/DSC_2252.jpg\" rel=\"noopener\"><img loading=\"lazy\" decoding=\"async\" width=\"768\" height=\"1024\" src=\"https:\/\/mb2812.de\/wp-content\/uploads\/2008\/06\/DSC_2252-768x1024.jpg\" alt=\"\" class=\"wp-image-2564\" style=\"width:600px\" srcset=\"https:\/\/mb2812.de\/wp-content\/uploads\/2008\/06\/DSC_2252-768x1024.jpg 768w, https:\/\/mb2812.de\/wp-content\/uploads\/2008\/06\/DSC_2252-225x300.jpg 225w, https:\/\/mb2812.de\/wp-content\/uploads\/2008\/06\/DSC_2252-668x891.jpg 668w, https:\/\/mb2812.de\/wp-content\/uploads\/2008\/06\/DSC_2252.jpg 1080w\" sizes=\"auto, (max-width: 768px) 100vw, 768px\" \/><\/a><figcaption class=\"wp-element-caption\">Der Leuchtturm, der Weg dorthin schliesst 300 Stufen runter und auch wieder rauf mit ein.<\/figcaption><\/figure>\n\n\n\n<figure class=\"wp-block-image aligncenter size-large is-resized\"><a href=\"http:\/\/reiseblog.mb2812.de\/wp-content\/uploads\/2008\/06\/DSC_2258.jpg\" rel=\"noopener\"><img loading=\"lazy\" decoding=\"async\" width=\"768\" height=\"1024\" src=\"https:\/\/mb2812.de\/wp-content\/uploads\/2008\/06\/DSC_2258-768x1024.jpg\" alt=\"\" class=\"wp-image-2565\" style=\"width:600px\" srcset=\"https:\/\/mb2812.de\/wp-content\/uploads\/2008\/06\/DSC_2258-768x1024.jpg 768w, https:\/\/mb2812.de\/wp-content\/uploads\/2008\/06\/DSC_2258-225x300.jpg 225w, https:\/\/mb2812.de\/wp-content\/uploads\/2008\/06\/DSC_2258-668x891.jpg 668w, https:\/\/mb2812.de\/wp-content\/uploads\/2008\/06\/DSC_2258.jpg 1080w\" sizes=\"auto, (max-width: 768px) 100vw, 768px\" \/><\/a><figcaption class=\"wp-element-caption\">Gro\u00dfansicht<\/figcaption><\/figure>\n\n\n\n<figure class=\"wp-block-image aligncenter size-large is-resized\"><a href=\"http:\/\/reiseblog.mb2812.de\/wp-content\/uploads\/2008\/06\/DSC_2246.jpg\" rel=\"noopener\"><img loading=\"lazy\" decoding=\"async\" width=\"1024\" height=\"683\" src=\"https:\/\/mb2812.de\/wp-content\/uploads\/2008\/06\/DSC_2246-1024x683.jpg\" alt=\"\" class=\"wp-image-2563\" style=\"width:800px\" srcset=\"https:\/\/mb2812.de\/wp-content\/uploads\/2008\/06\/DSC_2246-1024x683.jpg 1024w, https:\/\/mb2812.de\/wp-content\/uploads\/2008\/06\/DSC_2246-300x200.jpg 300w, https:\/\/mb2812.de\/wp-content\/uploads\/2008\/06\/DSC_2246-768x512.jpg 768w, https:\/\/mb2812.de\/wp-content\/uploads\/2008\/06\/DSC_2246-668x445.jpg 668w, https:\/\/mb2812.de\/wp-content\/uploads\/2008\/06\/DSC_2246.jpg 1620w\" sizes=\"auto, (max-width: 1024px) 100vw, 1024px\" \/><\/a><figcaption class=\"wp-element-caption\">Blick \u00fcber die Halbinsel Richtung Festland<\/figcaption><\/figure>\n\n\n\n<figure class=\"wp-block-image aligncenter size-large is-resized\"><a href=\"http:\/\/reiseblog.mb2812.de\/wp-content\/uploads\/2008\/06\/DSC_2264.jpg\" rel=\"noopener\"><img loading=\"lazy\" decoding=\"async\" width=\"1024\" height=\"683\" src=\"https:\/\/mb2812.de\/wp-content\/uploads\/2008\/06\/DSC_2264-1024x683.jpg\" alt=\"\" class=\"wp-image-2566\" style=\"width:800px\" srcset=\"https:\/\/mb2812.de\/wp-content\/uploads\/2008\/06\/DSC_2264-1024x683.jpg 1024w, https:\/\/mb2812.de\/wp-content\/uploads\/2008\/06\/DSC_2264-300x200.jpg 300w, https:\/\/mb2812.de\/wp-content\/uploads\/2008\/06\/DSC_2264-768x512.jpg 768w, https:\/\/mb2812.de\/wp-content\/uploads\/2008\/06\/DSC_2264-668x445.jpg 668w, https:\/\/mb2812.de\/wp-content\/uploads\/2008\/06\/DSC_2264.jpg 1620w\" sizes=\"auto, (max-width: 1024px) 100vw, 1024px\" \/><\/a><figcaption class=\"wp-element-caption\">Die Hauptwindrichtung ist deutlich zu erkennen<\/figcaption><\/figure>\n\n\n\n<p>Point Reyes hat uns gut gefallen. Leider hatte die Kurverei durch Mill Valley viel Zeit gekostet, und deswegen k\u00f6nnen wir uns nicht alles ansehen und es geht zum Highway 1 zur\u00fcck. In Inverness (ohne Loch Ness daneben) machen wir Mittagspause. Und dann immer weiter der 1 entlang.<\/p>\n\n\n\n<p>Zwei Fotos von der nordkalifornischen K\u00fcste:<\/p>\n\n\n\n<figure class=\"wp-block-image aligncenter size-large is-resized\"><a href=\"http:\/\/reiseblog.mb2812.de\/wp-content\/uploads\/2008\/06\/DSC_2277.jpg\" target=\"_blank\" rel=\"noopener\"><img loading=\"lazy\" decoding=\"async\" width=\"1024\" height=\"683\" src=\"https:\/\/mb2812.de\/wp-content\/uploads\/2008\/06\/DSC_2277-1024x683.jpg\" alt=\"\" class=\"wp-image-2567\" style=\"width:800px\" srcset=\"https:\/\/mb2812.de\/wp-content\/uploads\/2008\/06\/DSC_2277-1024x683.jpg 1024w, https:\/\/mb2812.de\/wp-content\/uploads\/2008\/06\/DSC_2277-300x200.jpg 300w, https:\/\/mb2812.de\/wp-content\/uploads\/2008\/06\/DSC_2277-768x512.jpg 768w, https:\/\/mb2812.de\/wp-content\/uploads\/2008\/06\/DSC_2277-668x445.jpg 668w, https:\/\/mb2812.de\/wp-content\/uploads\/2008\/06\/DSC_2277.jpg 1620w\" sizes=\"auto, (max-width: 1024px) 100vw, 1024px\" \/><\/a><\/figure>\n\n\n\n<p><\/p>\n\n\n\n<figure class=\"wp-block-image aligncenter size-large is-resized\"><a href=\"http:\/\/reiseblog.mb2812.de\/wp-content\/uploads\/2008\/06\/DSC_2284.jpg\" target=\"_blank\" rel=\"noopener\"><img loading=\"lazy\" decoding=\"async\" width=\"1024\" height=\"683\" src=\"https:\/\/mb2812.de\/wp-content\/uploads\/2008\/06\/DSC_2284-1024x683.jpg\" alt=\"\" class=\"wp-image-2568\" style=\"width:800px\" srcset=\"https:\/\/mb2812.de\/wp-content\/uploads\/2008\/06\/DSC_2284-1024x683.jpg 1024w, https:\/\/mb2812.de\/wp-content\/uploads\/2008\/06\/DSC_2284-300x200.jpg 300w, https:\/\/mb2812.de\/wp-content\/uploads\/2008\/06\/DSC_2284-768x512.jpg 768w, https:\/\/mb2812.de\/wp-content\/uploads\/2008\/06\/DSC_2284-668x445.jpg 668w, https:\/\/mb2812.de\/wp-content\/uploads\/2008\/06\/DSC_2284.jpg 1620w\" sizes=\"auto, (max-width: 1024px) 100vw, 1024px\" \/><\/a><\/figure>\n\n\n\n<p><\/p>\n\n\n\n<p>In Point Arena bogen wir noch einmal ab zum dortigen Leuchtturm. Der Seenebel war wieder an Land gekrochen, so dass es nun v\u00f6llig bew\u00f6lkt war.<\/p>\n\n\n\n<figure class=\"wp-block-image aligncenter size-large is-resized\"><a href=\"http:\/\/reiseblog.mb2812.de\/wp-content\/uploads\/2008\/06\/DSC_2290.jpg\" rel=\"noopener\"><img loading=\"lazy\" decoding=\"async\" width=\"1024\" height=\"683\" src=\"https:\/\/mb2812.de\/wp-content\/uploads\/2008\/06\/DSC_2290-1024x683.jpg\" alt=\"\" class=\"wp-image-2569\" style=\"width:800px\" srcset=\"https:\/\/mb2812.de\/wp-content\/uploads\/2008\/06\/DSC_2290-1024x683.jpg 1024w, https:\/\/mb2812.de\/wp-content\/uploads\/2008\/06\/DSC_2290-300x200.jpg 300w, https:\/\/mb2812.de\/wp-content\/uploads\/2008\/06\/DSC_2290-768x512.jpg 768w, https:\/\/mb2812.de\/wp-content\/uploads\/2008\/06\/DSC_2290-668x445.jpg 668w, https:\/\/mb2812.de\/wp-content\/uploads\/2008\/06\/DSC_2290.jpg 1620w\" sizes=\"auto, (max-width: 1024px) 100vw, 1024px\" \/><\/a><figcaption class=\"wp-element-caption\">Point Arena Lighthouse<\/figcaption><\/figure>\n\n\n\n<figure class=\"wp-block-image aligncenter size-large is-resized\"><a href=\"http:\/\/reiseblog.mb2812.de\/wp-content\/uploads\/2008\/06\/DSC_2300.jpg\" rel=\"noopener\"><img loading=\"lazy\" decoding=\"async\" width=\"1024\" height=\"683\" src=\"https:\/\/mb2812.de\/wp-content\/uploads\/2008\/06\/DSC_2300-1024x683.jpg\" alt=\"\" class=\"wp-image-2570\" style=\"width:800px\" srcset=\"https:\/\/mb2812.de\/wp-content\/uploads\/2008\/06\/DSC_2300-1024x683.jpg 1024w, https:\/\/mb2812.de\/wp-content\/uploads\/2008\/06\/DSC_2300-300x200.jpg 300w, https:\/\/mb2812.de\/wp-content\/uploads\/2008\/06\/DSC_2300-768x512.jpg 768w, https:\/\/mb2812.de\/wp-content\/uploads\/2008\/06\/DSC_2300-668x445.jpg 668w, https:\/\/mb2812.de\/wp-content\/uploads\/2008\/06\/DSC_2300.jpg 1620w\" sizes=\"auto, (max-width: 1024px) 100vw, 1024px\" \/><\/a><figcaption class=\"wp-element-caption\">Die K\u00fcste bei Point Arena<\/figcaption><\/figure>\n\n\n\n<p>Endpunkt des Tages war Fort Bragg. Die Tagesetappe war eigentlich nicht lang gewesen, aufgrund des langsamen Vorankommens war die Ankunft erst nach 17 Uhr. Unser Hotel lag am Nordende der Stadt, kurz hinter einem Denny\u2019s Restaurant. Dort haben wir dann zu Abend gegessen, so dass wir von der Stadt nur sehr wenig w\u00e4hrend der Durchfahrt gesehen haben.<\/p>\n\n\n\n<p>Das Hotel war eigentlich ok, trotzdem haben wir uns dort nicht v\u00f6llig wohlgef\u00fchlt, es wirkte etwas einsam und kalt, objektive Gr\u00fcnde daf\u00fcr gab es aber nicht. Der Sonnenuntergang spielte sich wieder vor dem Zimmerfenster ab, der Nebel war rechtzeitig zur\u00fcckgewichen. Noch besser w\u00e4re es gewesen, wenn das Fenster geputzt gewesen w\u00e4re \u2026<\/p>\n\n\n\n<figure class=\"wp-block-image aligncenter size-large is-resized\"><a href=\"http:\/\/reiseblog.mb2812.de\/wp-content\/uploads\/2008\/06\/DSC_2306.jpg\" rel=\"noopener\"><img loading=\"lazy\" decoding=\"async\" width=\"1024\" height=\"683\" src=\"https:\/\/mb2812.de\/wp-content\/uploads\/2008\/06\/DSC_2306-1024x683.jpg\" alt=\"\" class=\"wp-image-2572\" style=\"width:800px\" srcset=\"https:\/\/mb2812.de\/wp-content\/uploads\/2008\/06\/DSC_2306-1024x683.jpg 1024w, https:\/\/mb2812.de\/wp-content\/uploads\/2008\/06\/DSC_2306-300x200.jpg 300w, https:\/\/mb2812.de\/wp-content\/uploads\/2008\/06\/DSC_2306-768x512.jpg 768w, https:\/\/mb2812.de\/wp-content\/uploads\/2008\/06\/DSC_2306-668x445.jpg 668w, https:\/\/mb2812.de\/wp-content\/uploads\/2008\/06\/DSC_2306.jpg 1620w\" sizes=\"auto, (max-width: 1024px) 100vw, 1024px\" \/><\/a><figcaption class=\"wp-element-caption\">Das Hotelzimmer<\/figcaption><\/figure>\n\n\n\n<figure class=\"wp-block-image aligncenter size-large is-resized\"><a href=\"http:\/\/reiseblog.mb2812.de\/wp-content\/uploads\/2008\/06\/DSC_2301.jpg\" rel=\"noopener\"><img loading=\"lazy\" decoding=\"async\" width=\"1024\" height=\"683\" src=\"https:\/\/mb2812.de\/wp-content\/uploads\/2008\/06\/DSC_2301-1024x683.jpg\" alt=\"\" class=\"wp-image-2571\" style=\"width:800px\" srcset=\"https:\/\/mb2812.de\/wp-content\/uploads\/2008\/06\/DSC_2301-1024x683.jpg 1024w, https:\/\/mb2812.de\/wp-content\/uploads\/2008\/06\/DSC_2301-300x200.jpg 300w, https:\/\/mb2812.de\/wp-content\/uploads\/2008\/06\/DSC_2301-768x512.jpg 768w, https:\/\/mb2812.de\/wp-content\/uploads\/2008\/06\/DSC_2301-668x445.jpg 668w, https:\/\/mb2812.de\/wp-content\/uploads\/2008\/06\/DSC_2301.jpg 1620w\" sizes=\"auto, (max-width: 1024px) 100vw, 1024px\" \/><\/a><figcaption class=\"wp-element-caption\">Der Blick geht auf die ber\u00fchmte Br\u00fccke in Ft. Bragg. Hier bei unserer Ankunft &#8211; am Horizont ist bereits ein Silberstreif zu sehen.<\/figcaption><\/figure>\n\n\n\n<figure class=\"wp-block-image aligncenter size-large is-resized\"><a href=\"http:\/\/reiseblog.mb2812.de\/wp-content\/uploads\/2008\/06\/DSC_2313.jpg\" rel=\"noopener\"><img loading=\"lazy\" decoding=\"async\" width=\"1024\" height=\"683\" src=\"https:\/\/mb2812.de\/wp-content\/uploads\/2008\/06\/DSC_2313-1024x683.jpg\" alt=\"\" class=\"wp-image-2573\" style=\"width:800px\" srcset=\"https:\/\/mb2812.de\/wp-content\/uploads\/2008\/06\/DSC_2313-1024x683.jpg 1024w, https:\/\/mb2812.de\/wp-content\/uploads\/2008\/06\/DSC_2313-300x200.jpg 300w, https:\/\/mb2812.de\/wp-content\/uploads\/2008\/06\/DSC_2313-768x512.jpg 768w, https:\/\/mb2812.de\/wp-content\/uploads\/2008\/06\/DSC_2313-668x445.jpg 668w, https:\/\/mb2812.de\/wp-content\/uploads\/2008\/06\/DSC_2313.jpg 1620w\" sizes=\"auto, (max-width: 1024px) 100vw, 1024px\" \/><\/a><figcaption class=\"wp-element-caption\">Nach der R\u00fcckkehr vom Abendessen waren die Wolken verschwunden<\/figcaption><\/figure>\n\n\n\n<p>Gefahrene Meilen: 246<\/p>\n\n\n\n<p>Hotel: Best Western Manor Lodge, Ft. Bragg. Nichts Besonderes.<\/p>\n\n\n\n<p><\/p>\n","protected":false},"excerpt":{"rendered":"<p>Wir fahren quer durch San Francisco und \u00fcber die Golden Gate Bridge weiter nach Norden bis Fort Bragg. Einen Stopp gibt es auf der Point Reyes Halbinsel. <\/p>\n","protected":false},"author":1,"featured_media":2564,"comment_status":"closed","ping_status":"closed","sticky":false,"template":"","format":"standard","meta":{"footnotes":""},"categories":[4],"tags":[236,222,220,211,223,104],"class_list":["post-558","post","type-post","status-publish","format-standard","has-post-thumbnail","hentry","category-usa-kalifornien-2008","tag-236","tag-golden-gate-brigde","tag-highway-1","tag-kalifornien","tag-point-reyes","tag-usa"],"_links":{"self":[{"href":"https:\/\/mb2812.de\/index.php?rest_route=\/wp\/v2\/posts\/558","targetHints":{"allow":["GET"]}}],"collection":[{"href":"https:\/\/mb2812.de\/index.php?rest_route=\/wp\/v2\/posts"}],"about":[{"href":"https:\/\/mb2812.de\/index.php?rest_route=\/wp\/v2\/types\/post"}],"author":[{"embeddable":true,"href":"https:\/\/mb2812.de\/index.php?rest_route=\/wp\/v2\/users\/1"}],"replies":[{"embeddable":true,"href":"https:\/\/mb2812.de\/index.php?rest_route=%2Fwp%2Fv2%2Fcomments&post=558"}],"version-history":[{"count":9,"href":"https:\/\/mb2812.de\/index.php?rest_route=\/wp\/v2\/posts\/558\/revisions"}],"predecessor-version":[{"id":18617,"href":"https:\/\/mb2812.de\/index.php?rest_route=\/wp\/v2\/posts\/558\/revisions\/18617"}],"wp:featuredmedia":[{"embeddable":true,"href":"https:\/\/mb2812.de\/index.php?rest_route=\/wp\/v2\/media\/2564"}],"wp:attachment":[{"href":"https:\/\/mb2812.de\/index.php?rest_route=%2Fwp%2Fv2%2Fmedia&parent=558"}],"wp:term":[{"taxonomy":"category","embeddable":true,"href":"https:\/\/mb2812.de\/index.php?rest_route=%2Fwp%2Fv2%2Fcategories&post=558"},{"taxonomy":"post_tag","embeddable":true,"href":"https:\/\/mb2812.de\/index.php?rest_route=%2Fwp%2Fv2%2Ftags&post=558"}],"curies":[{"name":"wp","href":"https:\/\/api.w.org\/{rel}","templated":true}]}}