{"id":545,"date":"2008-06-03T12:00:39","date_gmt":"2008-06-03T10:00:39","guid":{"rendered":"http:\/\/reiseblog.mb2812.de\/?p=545"},"modified":"2026-01-02T12:28:09","modified_gmt":"2026-01-02T10:28:09","slug":"erster-tag-in-san-francisco","status":"publish","type":"post","link":"https:\/\/mb2812.de\/?p=545","title":{"rendered":"Erster Tag in San Francisco"},"content":{"rendered":"\n<p>Heute stand der erste von zwei Tagen San Francisco auf dem Programm. Wie man vielleicht erraten konnte, liegt mir Autofahren in Gro\u00dfst\u00e4dten nicht so besonders, daher gibt es zwei Tage Pause f\u00fcrs Auto. San Mateo hatten wir mit Bedacht als \u00dcbernachtungsort ausgew\u00e4hlt, das B&amp;B lag n\u00e4mlich in einer Wohngegend etwa einen Kilometer vom Bahnhof entfernt, von dort konnte man mit Caltrain nach San Francisco fahren. Die Caltrain Strecke von San Jose nach San Francisco ist eine der besseren Bahnlinien in den USA, mindestens Stundentakt und Betrieb bis Mitternacht.<\/p>\n\n\n\n<!--more-->\n\n\n\n<p>Wir marschierten also zum Bahnhof und erwarben am Automaten zwei R\u00fcckfahrkarten. Der Zug kam mit rund 10 Minuten Versp\u00e4tung, er bestand aus den f\u00fcr Caltrain typischen \u2019Gallery\u2019 Cars, im Prinzip zweist\u00f6ckige Wagen, der obere Stock ist allerdings nicht durchgehend, sondern besteht aus zwei Balkonen \u00fcber den Sitzb\u00e4nken des unteren Stockwerkes mit je einem Einzelsitz und schmalem Gang.<\/p>\n\n\n\n<figure class=\"wp-block-image aligncenter size-large is-resized\"><a href=\"http:\/\/reiseblog.mb2812.de\/wp-content\/uploads\/2008\/06\/DSC_2151WP.jpg\" rel=\"noopener\"><img loading=\"lazy\" decoding=\"async\" width=\"1024\" height=\"683\" src=\"https:\/\/mb2812.de\/wp-content\/uploads\/2008\/06\/DSC_2151WP-1024x683.jpg\" alt=\"Der Banhof in San Mateo\" class=\"wp-image-2063\" style=\"width:800px\" srcset=\"https:\/\/mb2812.de\/wp-content\/uploads\/2008\/06\/DSC_2151WP-1024x683.jpg 1024w, https:\/\/mb2812.de\/wp-content\/uploads\/2008\/06\/DSC_2151WP-300x200.jpg 300w, https:\/\/mb2812.de\/wp-content\/uploads\/2008\/06\/DSC_2151WP-768x512.jpg 768w, https:\/\/mb2812.de\/wp-content\/uploads\/2008\/06\/DSC_2151WP-668x445.jpg 668w, https:\/\/mb2812.de\/wp-content\/uploads\/2008\/06\/DSC_2151WP.jpg 1620w\" sizes=\"auto, (max-width: 1024px) 100vw, 1024px\" \/><\/a><figcaption class=\"wp-element-caption\"><em>Der Bahnhof in San Mateo<\/em><\/figcaption><\/figure>\n\n\n\n<figure class=\"wp-block-image aligncenter size-large is-resized\"><a href=\"http:\/\/reiseblog.mb2812.de\/wp-content\/uploads\/2008\/06\/DSC_2149WP.jpg\" rel=\"noopener\"><img loading=\"lazy\" decoding=\"async\" width=\"1024\" height=\"683\" src=\"https:\/\/mb2812.de\/wp-content\/uploads\/2008\/06\/DSC_2149WP-1024x683.jpg\" alt=\"Ein typischer Caltrain Zug\" class=\"wp-image-2061\" style=\"width:800px\" srcset=\"https:\/\/mb2812.de\/wp-content\/uploads\/2008\/06\/DSC_2149WP-1024x683.jpg 1024w, https:\/\/mb2812.de\/wp-content\/uploads\/2008\/06\/DSC_2149WP-300x200.jpg 300w, https:\/\/mb2812.de\/wp-content\/uploads\/2008\/06\/DSC_2149WP-768x512.jpg 768w, https:\/\/mb2812.de\/wp-content\/uploads\/2008\/06\/DSC_2149WP-668x445.jpg 668w, https:\/\/mb2812.de\/wp-content\/uploads\/2008\/06\/DSC_2149WP.jpg 1620w\" sizes=\"auto, (max-width: 1024px) 100vw, 1024px\" \/><\/a><figcaption class=\"wp-element-caption\"><em>Ein typischer Caltrain Zug<\/em><\/figcaption><\/figure>\n\n\n\n<figure class=\"wp-block-image aligncenter size-large is-resized\"><a href=\"http:\/\/reiseblog.mb2812.de\/wp-content\/uploads\/2008\/06\/DSC_2150WP.jpg\" rel=\"noopener\"><img loading=\"lazy\" decoding=\"async\" width=\"1024\" height=\"683\" src=\"https:\/\/mb2812.de\/wp-content\/uploads\/2008\/06\/DSC_2150WP-1024x683.jpg\" alt=\"Und das ist ein 'Gallery Car'\" class=\"wp-image-2062\" style=\"width:800px\" srcset=\"https:\/\/mb2812.de\/wp-content\/uploads\/2008\/06\/DSC_2150WP-1024x683.jpg 1024w, https:\/\/mb2812.de\/wp-content\/uploads\/2008\/06\/DSC_2150WP-300x200.jpg 300w, https:\/\/mb2812.de\/wp-content\/uploads\/2008\/06\/DSC_2150WP-768x512.jpg 768w, https:\/\/mb2812.de\/wp-content\/uploads\/2008\/06\/DSC_2150WP-668x445.jpg 668w, https:\/\/mb2812.de\/wp-content\/uploads\/2008\/06\/DSC_2150WP.jpg 1620w\" sizes=\"auto, (max-width: 1024px) 100vw, 1024px\" \/><\/a><figcaption class=\"wp-element-caption\"><em>Und das ist ein &#8218;Gallery Car&#8216; aus der N\u00e4he<\/em><\/figcaption><\/figure>\n\n\n\n<p>In der Caltrain Station in San Francisco stehen die meisten Z\u00fcge bis zur R\u00fcckfahrt am Nachmittag abgestellt:<\/p>\n\n\n\n<figure class=\"wp-block-image aligncenter size-large is-resized\"><a href=\"http:\/\/reiseblog.mb2812.de\/wp-content\/uploads\/2008\/06\/DSC_2155.jpg\" target=\"_blank\" rel=\"noopener\"><img loading=\"lazy\" decoding=\"async\" width=\"1024\" height=\"683\" src=\"https:\/\/mb2812.de\/wp-content\/uploads\/2008\/06\/DSC_2155-1024x683.jpg\" alt=\"dsc_2155\" class=\"wp-image-2064\" style=\"width:800px\" srcset=\"https:\/\/mb2812.de\/wp-content\/uploads\/2008\/06\/DSC_2155-1024x683.jpg 1024w, https:\/\/mb2812.de\/wp-content\/uploads\/2008\/06\/DSC_2155-300x200.jpg 300w, https:\/\/mb2812.de\/wp-content\/uploads\/2008\/06\/DSC_2155-768x512.jpg 768w, https:\/\/mb2812.de\/wp-content\/uploads\/2008\/06\/DSC_2155-668x445.jpg 668w, https:\/\/mb2812.de\/wp-content\/uploads\/2008\/06\/DSC_2155.jpg 1620w\" sizes=\"auto, (max-width: 1024px) 100vw, 1024px\" \/><\/a><\/figure>\n\n\n\n<p><\/p>\n\n\n\n<figure class=\"wp-block-image aligncenter size-large is-resized\"><a href=\"http:\/\/reiseblog.mb2812.de\/wp-content\/uploads\/2008\/06\/DSC_2156WP.jpg\" target=\"_blank\" rel=\"noopener\"><img loading=\"lazy\" decoding=\"async\" width=\"1024\" height=\"683\" src=\"https:\/\/mb2812.de\/wp-content\/uploads\/2008\/06\/DSC_2156WP-1024x683.jpg\" alt=\"dsc_2156wp\" class=\"wp-image-2065\" style=\"width:800px\" srcset=\"https:\/\/mb2812.de\/wp-content\/uploads\/2008\/06\/DSC_2156WP-1024x683.jpg 1024w, https:\/\/mb2812.de\/wp-content\/uploads\/2008\/06\/DSC_2156WP-300x200.jpg 300w, https:\/\/mb2812.de\/wp-content\/uploads\/2008\/06\/DSC_2156WP-768x512.jpg 768w, https:\/\/mb2812.de\/wp-content\/uploads\/2008\/06\/DSC_2156WP-668x445.jpg 668w, https:\/\/mb2812.de\/wp-content\/uploads\/2008\/06\/DSC_2156WP.jpg 1620w\" sizes=\"auto, (max-width: 1024px) 100vw, 1024px\" \/><\/a><\/figure>\n\n\n\n<p><\/p>\n\n\n\n<p>Die Caltrain Station in San Francisco liegt nicht direkt in der Stadt, sondern s\u00fcdlich davon im fr\u00fcher nicht sehr feinen \u2019SoMa\u2019 (South of Market) Viertel. Seit einigen Jahren gibt es eine Strassenbahn in die Stadt, also zahlten wir wieder 1,75 USD. Die Bahn f\u00e4hrt in den Market Street Tunnel ein, und steigt man aus, kommt man inmitten der Hochh\u00e4user des Financial Distrikt heraus.<\/p>\n\n\n\n<figure class=\"wp-block-image aligncenter size-large is-resized\"><a href=\"http:\/\/reiseblog.mb2812.de\/wp-content\/uploads\/2008\/06\/DSC_2060WP.jpg\" rel=\"noopener\"><img loading=\"lazy\" decoding=\"async\" width=\"683\" height=\"1024\" src=\"https:\/\/mb2812.de\/wp-content\/uploads\/2008\/06\/DSC_2060WP-683x1024.jpg\" alt=\"dsc_2060wp\" class=\"wp-image-2033\" style=\"width:535px\" srcset=\"https:\/\/mb2812.de\/wp-content\/uploads\/2008\/06\/DSC_2060WP-683x1024.jpg 683w, https:\/\/mb2812.de\/wp-content\/uploads\/2008\/06\/DSC_2060WP-200x300.jpg 200w, https:\/\/mb2812.de\/wp-content\/uploads\/2008\/06\/DSC_2060WP-768x1152.jpg 768w, https:\/\/mb2812.de\/wp-content\/uploads\/2008\/06\/DSC_2060WP-668x1002.jpg 668w, https:\/\/mb2812.de\/wp-content\/uploads\/2008\/06\/DSC_2060WP.jpg 1080w\" sizes=\"auto, (max-width: 683px) 100vw, 683px\" \/><\/a><figcaption class=\"wp-element-caption\"><em>Die Market Street Richtung Osten &#8230;<\/em><\/figcaption><\/figure>\n\n\n\n<figure class=\"wp-block-image aligncenter size-large is-resized\"><a href=\"http:\/\/reiseblog.mb2812.de\/wp-content\/uploads\/2008\/06\/DSC_2062WP.jpg\" rel=\"noopener\"><img loading=\"lazy\" decoding=\"async\" width=\"683\" height=\"1024\" src=\"https:\/\/mb2812.de\/wp-content\/uploads\/2008\/06\/DSC_2062WP-683x1024.jpg\" alt=\"dsc_2062wp\" class=\"wp-image-2034\" style=\"width:535px\" srcset=\"https:\/\/mb2812.de\/wp-content\/uploads\/2008\/06\/DSC_2062WP-683x1024.jpg 683w, https:\/\/mb2812.de\/wp-content\/uploads\/2008\/06\/DSC_2062WP-200x300.jpg 200w, https:\/\/mb2812.de\/wp-content\/uploads\/2008\/06\/DSC_2062WP-768x1152.jpg 768w, https:\/\/mb2812.de\/wp-content\/uploads\/2008\/06\/DSC_2062WP-668x1002.jpg 668w, https:\/\/mb2812.de\/wp-content\/uploads\/2008\/06\/DSC_2062WP.jpg 1080w\" sizes=\"auto, (max-width: 683px) 100vw, 683px\" \/><\/a><figcaption class=\"wp-element-caption\"><em>&#8230; und Richtung Westen, da geht es nicht viel weiter, am Ferry Terminal endet der Kontinent<\/em><\/figcaption><\/figure>\n\n\n\n<p>So einen richtigen Plan wie wir die Stadt besichtigen wollten hatten wir nicht, also stiegen wir erstmal in die Museumsstrassenbahn &nbsp;und fuhren zu einem der touristischen Hotspots, n\u00e4mlich der Fishermans Wharf. Da war noch nicht viel los, lediglich die Seel\u00f6wen an Pier 39 boten die \u00fcbliche Show.<\/p>\n\n\n\n<figure class=\"wp-block-image aligncenter size-large is-resized\"><a href=\"http:\/\/reiseblog.mb2812.de\/wp-content\/uploads\/2008\/06\/DSC_2071WP.jpg\" target=\"_blank\" rel=\"noopener\"><img loading=\"lazy\" decoding=\"async\" width=\"1024\" height=\"683\" src=\"https:\/\/mb2812.de\/wp-content\/uploads\/2008\/06\/DSC_2071WP-1024x683.jpg\" alt=\"dsc_2071wp\" class=\"wp-image-2036\" style=\"width:800px\" srcset=\"https:\/\/mb2812.de\/wp-content\/uploads\/2008\/06\/DSC_2071WP-1024x683.jpg 1024w, https:\/\/mb2812.de\/wp-content\/uploads\/2008\/06\/DSC_2071WP-300x200.jpg 300w, https:\/\/mb2812.de\/wp-content\/uploads\/2008\/06\/DSC_2071WP-768x512.jpg 768w, https:\/\/mb2812.de\/wp-content\/uploads\/2008\/06\/DSC_2071WP-668x445.jpg 668w, https:\/\/mb2812.de\/wp-content\/uploads\/2008\/06\/DSC_2071WP.jpg 1620w\" sizes=\"auto, (max-width: 1024px) 100vw, 1024px\" \/><\/a><\/figure>\n\n\n\n<p><\/p>\n\n\n\n<figure class=\"wp-block-image aligncenter size-large is-resized\"><a href=\"http:\/\/reiseblog.mb2812.de\/wp-content\/uploads\/2008\/06\/DSC_2072WP.jpg\" target=\"_blank\" rel=\"noopener\"><img loading=\"lazy\" decoding=\"async\" width=\"1024\" height=\"683\" src=\"https:\/\/mb2812.de\/wp-content\/uploads\/2008\/06\/DSC_2072WP-1024x683.jpg\" alt=\"dsc_2072wp\" class=\"wp-image-2037\" style=\"width:800px\" srcset=\"https:\/\/mb2812.de\/wp-content\/uploads\/2008\/06\/DSC_2072WP-1024x683.jpg 1024w, https:\/\/mb2812.de\/wp-content\/uploads\/2008\/06\/DSC_2072WP-300x200.jpg 300w, https:\/\/mb2812.de\/wp-content\/uploads\/2008\/06\/DSC_2072WP-768x512.jpg 768w, https:\/\/mb2812.de\/wp-content\/uploads\/2008\/06\/DSC_2072WP-668x445.jpg 668w, https:\/\/mb2812.de\/wp-content\/uploads\/2008\/06\/DSC_2072WP.jpg 1620w\" sizes=\"auto, (max-width: 1024px) 100vw, 1024px\" \/><\/a><\/figure>\n\n\n\n<p><\/p>\n\n\n\n<p>Das Wetter war nicht sehr kooperativ. W\u00e4hrend in San Mateo die Sonne schien, lag in San Francisco der &nbsp;Seenebel \u00fcber der Stadt und Alcatraz und Golden Gate Bridge fielen daher als Ziele aus. Letztendlich entschieden wir uns zu einer Fahrt mit der F\u00e4hre nach Oakland, die Zeit bis zur Abfahrt schlugen wir mit einem Spaziergang tot.<\/p>\n\n\n\n<figure class=\"wp-block-image aligncenter size-large is-resized\"><a href=\"http:\/\/reiseblog.mb2812.de\/wp-content\/uploads\/2008\/06\/DSC_2066WP.jpg\" rel=\"noopener\"><img loading=\"lazy\" decoding=\"async\" width=\"1024\" height=\"683\" src=\"https:\/\/mb2812.de\/wp-content\/uploads\/2008\/06\/DSC_2066WP-1024x683.jpg\" alt=\"Alcatraz im Nebel\" class=\"wp-image-2035\" style=\"width:800px\" srcset=\"https:\/\/mb2812.de\/wp-content\/uploads\/2008\/06\/DSC_2066WP-1024x683.jpg 1024w, https:\/\/mb2812.de\/wp-content\/uploads\/2008\/06\/DSC_2066WP-300x200.jpg 300w, https:\/\/mb2812.de\/wp-content\/uploads\/2008\/06\/DSC_2066WP-768x512.jpg 768w, https:\/\/mb2812.de\/wp-content\/uploads\/2008\/06\/DSC_2066WP-668x445.jpg 668w, https:\/\/mb2812.de\/wp-content\/uploads\/2008\/06\/DSC_2066WP.jpg 1620w\" sizes=\"auto, (max-width: 1024px) 100vw, 1024px\" \/><\/a><figcaption class=\"wp-element-caption\"><em>Alcatraz im Nebel<\/em><\/figcaption><\/figure>\n\n\n\n<figure class=\"wp-block-image aligncenter size-large is-resized\"><a href=\"http:\/\/reiseblog.mb2812.de\/wp-content\/uploads\/2008\/06\/DSC_2074WP.jpg\" rel=\"noopener\"><img loading=\"lazy\" decoding=\"async\" width=\"1024\" height=\"683\" src=\"https:\/\/mb2812.de\/wp-content\/uploads\/2008\/06\/DSC_2074WP-1024x683.jpg\" alt=\"Die F\u00e4hre an der Pier\" class=\"wp-image-2038\" style=\"width:800px\" srcset=\"https:\/\/mb2812.de\/wp-content\/uploads\/2008\/06\/DSC_2074WP-1024x683.jpg 1024w, https:\/\/mb2812.de\/wp-content\/uploads\/2008\/06\/DSC_2074WP-300x200.jpg 300w, https:\/\/mb2812.de\/wp-content\/uploads\/2008\/06\/DSC_2074WP-768x512.jpg 768w, https:\/\/mb2812.de\/wp-content\/uploads\/2008\/06\/DSC_2074WP-668x445.jpg 668w, https:\/\/mb2812.de\/wp-content\/uploads\/2008\/06\/DSC_2074WP.jpg 1620w\" sizes=\"auto, (max-width: 1024px) 100vw, 1024px\" \/><\/a><figcaption class=\"wp-element-caption\"><em>Die F\u00e4hre an der Pier<\/em><\/figcaption><\/figure>\n\n\n\n<p>Die Fahrt mit der F\u00e4hre ist ein gewisser&nbsp;Geheimtip. Sie ist wesentlich billiger wie die Touristenrundfahrten, tags\u00fcber v\u00f6llig leer, und bietet grossartige Blicke auf die Skyline der Stadt. Die Fahrt ging zun\u00e4chst zum Ferry Building, dann quer \u00fcber die Bay durch den Hafen von Oakland zum Jack London Square. Das Wetter besserte sich \u00fcbrigens, zumindest in der Innenstadt San Franciscos l\u00f6ste sich der Nebel auf und es wurde ein sch\u00f6ner, sonniger Tag.<\/p>\n\n\n\n<figure class=\"wp-block-image aligncenter size-large is-resized\"><a href=\"http:\/\/reiseblog.mb2812.de\/wp-content\/uploads\/2008\/06\/DSC_2081WP.jpg\" rel=\"noopener\"><img loading=\"lazy\" decoding=\"async\" width=\"1024\" height=\"683\" src=\"https:\/\/mb2812.de\/wp-content\/uploads\/2008\/06\/DSC_2081WP-1024x683.jpg\" alt=\"Coit Tower und Transamerica Pyramid\" class=\"wp-image-2039\" style=\"width:800px\" srcset=\"https:\/\/mb2812.de\/wp-content\/uploads\/2008\/06\/DSC_2081WP-1024x683.jpg 1024w, https:\/\/mb2812.de\/wp-content\/uploads\/2008\/06\/DSC_2081WP-300x200.jpg 300w, https:\/\/mb2812.de\/wp-content\/uploads\/2008\/06\/DSC_2081WP-768x512.jpg 768w, https:\/\/mb2812.de\/wp-content\/uploads\/2008\/06\/DSC_2081WP-668x445.jpg 668w, https:\/\/mb2812.de\/wp-content\/uploads\/2008\/06\/DSC_2081WP.jpg 1620w\" sizes=\"auto, (max-width: 1024px) 100vw, 1024px\" \/><\/a><figcaption class=\"wp-element-caption\"><em>Coit Tower und Transamerica Pyramid<\/em><\/figcaption><\/figure>\n\n\n\n<figure class=\"wp-block-image aligncenter size-large is-resized\"><a href=\"http:\/\/reiseblog.mb2812.de\/wp-content\/uploads\/2008\/06\/DSC_2087WP.jpg\" rel=\"noopener\"><img loading=\"lazy\" decoding=\"async\" width=\"1024\" height=\"683\" src=\"https:\/\/mb2812.de\/wp-content\/uploads\/2008\/06\/DSC_2087WP-1024x683.jpg\" alt=\"Noch mal der Coit Tower\" class=\"wp-image-2040\" style=\"width:800px\" srcset=\"https:\/\/mb2812.de\/wp-content\/uploads\/2008\/06\/DSC_2087WP-1024x683.jpg 1024w, https:\/\/mb2812.de\/wp-content\/uploads\/2008\/06\/DSC_2087WP-300x200.jpg 300w, https:\/\/mb2812.de\/wp-content\/uploads\/2008\/06\/DSC_2087WP-768x512.jpg 768w, https:\/\/mb2812.de\/wp-content\/uploads\/2008\/06\/DSC_2087WP-668x445.jpg 668w, https:\/\/mb2812.de\/wp-content\/uploads\/2008\/06\/DSC_2087WP.jpg 1620w\" sizes=\"auto, (max-width: 1024px) 100vw, 1024px\" \/><\/a><figcaption class=\"wp-element-caption\"><em>Noch mal der Coit Tower<\/em><\/figcaption><\/figure>\n\n\n\n<figure class=\"wp-block-image aligncenter size-large is-resized\"><a href=\"http:\/\/reiseblog.mb2812.de\/wp-content\/uploads\/2008\/06\/DSC_2088WP.jpg\" rel=\"noopener\"><img loading=\"lazy\" decoding=\"async\" width=\"1024\" height=\"683\" src=\"https:\/\/mb2812.de\/wp-content\/uploads\/2008\/06\/DSC_2088WP-1024x683.jpg\" alt=\"dsc_2088wp\" class=\"wp-image-2041\" style=\"width:800px\" srcset=\"https:\/\/mb2812.de\/wp-content\/uploads\/2008\/06\/DSC_2088WP-1024x683.jpg 1024w, https:\/\/mb2812.de\/wp-content\/uploads\/2008\/06\/DSC_2088WP-300x200.jpg 300w, https:\/\/mb2812.de\/wp-content\/uploads\/2008\/06\/DSC_2088WP-768x512.jpg 768w, https:\/\/mb2812.de\/wp-content\/uploads\/2008\/06\/DSC_2088WP-668x445.jpg 668w, https:\/\/mb2812.de\/wp-content\/uploads\/2008\/06\/DSC_2088WP.jpg 1620w\" sizes=\"auto, (max-width: 1024px) 100vw, 1024px\" \/><\/a><figcaption class=\"wp-element-caption\"><em>Das Ferry Terminal von der Wasserseite<\/em><\/figcaption><\/figure>\n\n\n\n<figure class=\"wp-block-image aligncenter size-large is-resized\"><a href=\"http:\/\/reiseblog.mb2812.de\/wp-content\/uploads\/2008\/06\/DSC_2091WP.jpg\"><img loading=\"lazy\" decoding=\"async\" width=\"1024\" height=\"683\" src=\"https:\/\/mb2812.de\/wp-content\/uploads\/2008\/06\/DSC_2091WP-1024x683.jpg\" alt=\"Der Financial District mit seinen weitgehend gesichtslosen Bauten sowie die Transamerica Pyramid\" class=\"wp-image-2042\" style=\"width:800px\" srcset=\"https:\/\/mb2812.de\/wp-content\/uploads\/2008\/06\/DSC_2091WP-1024x683.jpg 1024w, https:\/\/mb2812.de\/wp-content\/uploads\/2008\/06\/DSC_2091WP-300x200.jpg 300w, https:\/\/mb2812.de\/wp-content\/uploads\/2008\/06\/DSC_2091WP-768x512.jpg 768w, https:\/\/mb2812.de\/wp-content\/uploads\/2008\/06\/DSC_2091WP-668x445.jpg 668w, https:\/\/mb2812.de\/wp-content\/uploads\/2008\/06\/DSC_2091WP.jpg 1620w\" sizes=\"auto, (max-width: 1024px) 100vw, 1024px\" \/><\/a><figcaption class=\"wp-element-caption\"><em>Der Financial District mit seinen weitgehend gesichtslosen Bauten sowie die Transamerica Pyramid<\/em><\/figcaption><\/figure>\n\n\n\n<figure class=\"wp-block-image aligncenter size-large is-resized\"><a href=\"http:\/\/reiseblog.mb2812.de\/wp-content\/uploads\/2008\/06\/DSC_2101WP.jpg\" rel=\"noopener\"><img loading=\"lazy\" decoding=\"async\" width=\"768\" height=\"1024\" src=\"https:\/\/mb2812.de\/wp-content\/uploads\/2008\/06\/DSC_2101WP-768x1024.jpg\" alt=\"Unter der Bay Bridge\" class=\"wp-image-2043\" style=\"width:600px\" srcset=\"https:\/\/mb2812.de\/wp-content\/uploads\/2008\/06\/DSC_2101WP-768x1024.jpg 768w, https:\/\/mb2812.de\/wp-content\/uploads\/2008\/06\/DSC_2101WP-225x300.jpg 225w, https:\/\/mb2812.de\/wp-content\/uploads\/2008\/06\/DSC_2101WP-668x891.jpg 668w, https:\/\/mb2812.de\/wp-content\/uploads\/2008\/06\/DSC_2101WP.jpg 1080w\" sizes=\"auto, (max-width: 768px) 100vw, 768px\" \/><\/a><figcaption class=\"wp-element-caption\"><em>Unter der Bay Bridge<\/em><\/figcaption><\/figure>\n\n\n\n<figure class=\"wp-block-image aligncenter size-large is-resized\"><a href=\"http:\/\/reiseblog.mb2812.de\/wp-content\/uploads\/2008\/06\/DSC_2106WP.jpg\" rel=\"noopener\"><img loading=\"lazy\" decoding=\"async\" width=\"1024\" height=\"683\" src=\"https:\/\/mb2812.de\/wp-content\/uploads\/2008\/06\/DSC_2106WP-1024x683.jpg\" alt=\"Die Skyline von San Francisco\" class=\"wp-image-2044\" style=\"width:800px\" srcset=\"https:\/\/mb2812.de\/wp-content\/uploads\/2008\/06\/DSC_2106WP-1024x683.jpg 1024w, https:\/\/mb2812.de\/wp-content\/uploads\/2008\/06\/DSC_2106WP-300x200.jpg 300w, https:\/\/mb2812.de\/wp-content\/uploads\/2008\/06\/DSC_2106WP-768x512.jpg 768w, https:\/\/mb2812.de\/wp-content\/uploads\/2008\/06\/DSC_2106WP-668x445.jpg 668w, https:\/\/mb2812.de\/wp-content\/uploads\/2008\/06\/DSC_2106WP.jpg 1620w\" sizes=\"auto, (max-width: 1024px) 100vw, 1024px\" \/><\/a><figcaption class=\"wp-element-caption\"><em>Die Skyline von San Francisco<\/em><\/figcaption><\/figure>\n\n\n\n<figure class=\"wp-block-image aligncenter size-large is-resized\"><a href=\"http:\/\/reiseblog.mb2812.de\/wp-content\/uploads\/2008\/06\/DSC_2116WP.jpg\" rel=\"noopener\"><img loading=\"lazy\" decoding=\"async\" width=\"1024\" height=\"683\" src=\"https:\/\/mb2812.de\/wp-content\/uploads\/2008\/06\/DSC_2116WP-1024x683.jpg\" alt=\"dsc_2116wp\" class=\"wp-image-2046\" style=\"width:800px\" srcset=\"https:\/\/mb2812.de\/wp-content\/uploads\/2008\/06\/DSC_2116WP-1024x683.jpg 1024w, https:\/\/mb2812.de\/wp-content\/uploads\/2008\/06\/DSC_2116WP-300x200.jpg 300w, https:\/\/mb2812.de\/wp-content\/uploads\/2008\/06\/DSC_2116WP-768x512.jpg 768w, https:\/\/mb2812.de\/wp-content\/uploads\/2008\/06\/DSC_2116WP-668x445.jpg 668w, https:\/\/mb2812.de\/wp-content\/uploads\/2008\/06\/DSC_2116WP.jpg 1620w\" sizes=\"auto, (max-width: 1024px) 100vw, 1024px\" \/><\/a><figcaption class=\"wp-element-caption\"><em>Der Hafen von Oakland<\/em><\/figcaption><\/figure>\n\n\n\n<figure class=\"wp-block-image aligncenter size-large is-resized\"><a href=\"http:\/\/reiseblog.mb2812.de\/wp-content\/uploads\/2008\/06\/DSC_2111WP.jpg\" rel=\"noopener\"><img loading=\"lazy\" decoding=\"async\" width=\"1024\" height=\"683\" src=\"https:\/\/mb2812.de\/wp-content\/uploads\/2008\/06\/DSC_2111WP-1024x683.jpg\" alt=\"Der Hafen von Oakland\" class=\"wp-image-2045\" style=\"width:800px\" srcset=\"https:\/\/mb2812.de\/wp-content\/uploads\/2008\/06\/DSC_2111WP-1024x683.jpg 1024w, https:\/\/mb2812.de\/wp-content\/uploads\/2008\/06\/DSC_2111WP-300x200.jpg 300w, https:\/\/mb2812.de\/wp-content\/uploads\/2008\/06\/DSC_2111WP-768x512.jpg 768w, https:\/\/mb2812.de\/wp-content\/uploads\/2008\/06\/DSC_2111WP-668x445.jpg 668w, https:\/\/mb2812.de\/wp-content\/uploads\/2008\/06\/DSC_2111WP.jpg 1620w\" sizes=\"auto, (max-width: 1024px) 100vw, 1024px\" \/><\/a><figcaption class=\"wp-element-caption\"><em>Der Hafen von Oakland<\/em><\/figcaption><\/figure>\n\n\n\n<figure class=\"wp-block-image aligncenter size-large is-resized\"><a href=\"http:\/\/reiseblog.mb2812.de\/wp-content\/uploads\/2008\/06\/DSC_2122WP.jpg\" rel=\"noopener\"><img loading=\"lazy\" decoding=\"async\" width=\"1024\" height=\"683\" src=\"https:\/\/mb2812.de\/wp-content\/uploads\/2008\/06\/DSC_2122WP-1024x683.jpg\" alt=\"Downtown Oakland mit seinen Hochh\u00e4usern taucht hinter dem Hafen auf\" class=\"wp-image-2047\" style=\"width:800px\" srcset=\"https:\/\/mb2812.de\/wp-content\/uploads\/2008\/06\/DSC_2122WP-1024x683.jpg 1024w, https:\/\/mb2812.de\/wp-content\/uploads\/2008\/06\/DSC_2122WP-300x200.jpg 300w, https:\/\/mb2812.de\/wp-content\/uploads\/2008\/06\/DSC_2122WP-768x512.jpg 768w, https:\/\/mb2812.de\/wp-content\/uploads\/2008\/06\/DSC_2122WP-668x445.jpg 668w, https:\/\/mb2812.de\/wp-content\/uploads\/2008\/06\/DSC_2122WP.jpg 1620w\" sizes=\"auto, (max-width: 1024px) 100vw, 1024px\" \/><\/a><figcaption class=\"wp-element-caption\"><em>Downtown Oakland mit seinen Hochh\u00e4usern taucht hinter dem Hafen auf<\/em><\/figcaption><\/figure>\n\n\n\n<p>Die Fahrt mit der F\u00e4hre endet am Jack London Square. Immer wieder interessant ist hier die F\u00fchrung der Eisenbahn mitten auf der Strasse. Es kam auch prompt ein Zug vorbei.<\/p>\n\n\n\n<figure class=\"wp-block-image aligncenter size-large is-resized\"><a href=\"http:\/\/reiseblog.mb2812.de\/wp-content\/uploads\/2008\/06\/DSC_2125WP.jpg\" target=\"_blank\" rel=\"noopener\"><img loading=\"lazy\" decoding=\"async\" width=\"1024\" height=\"683\" src=\"https:\/\/mb2812.de\/wp-content\/uploads\/2008\/06\/DSC_2125WP-1024x683.jpg\" alt=\"dsc_2125wp\" class=\"wp-image-2048\" style=\"width:800px\" srcset=\"https:\/\/mb2812.de\/wp-content\/uploads\/2008\/06\/DSC_2125WP-1024x683.jpg 1024w, https:\/\/mb2812.de\/wp-content\/uploads\/2008\/06\/DSC_2125WP-300x200.jpg 300w, https:\/\/mb2812.de\/wp-content\/uploads\/2008\/06\/DSC_2125WP-768x512.jpg 768w, https:\/\/mb2812.de\/wp-content\/uploads\/2008\/06\/DSC_2125WP-668x445.jpg 668w, https:\/\/mb2812.de\/wp-content\/uploads\/2008\/06\/DSC_2125WP.jpg 1620w\" sizes=\"auto, (max-width: 1024px) 100vw, 1024px\" \/><\/a><\/figure>\n\n\n\n<p><\/p>\n\n\n\n<figure class=\"wp-block-image aligncenter size-large is-resized\"><a href=\"http:\/\/reiseblog.mb2812.de\/wp-content\/uploads\/2008\/06\/DSC_2126WP.jpg\" target=\"_blank\" rel=\"noopener\"><img loading=\"lazy\" decoding=\"async\" width=\"1024\" height=\"683\" src=\"https:\/\/mb2812.de\/wp-content\/uploads\/2008\/06\/DSC_2126WP-1024x683.jpg\" alt=\"dsc_2126wp\" class=\"wp-image-2049\" style=\"width:800px\" srcset=\"https:\/\/mb2812.de\/wp-content\/uploads\/2008\/06\/DSC_2126WP-1024x683.jpg 1024w, https:\/\/mb2812.de\/wp-content\/uploads\/2008\/06\/DSC_2126WP-300x200.jpg 300w, https:\/\/mb2812.de\/wp-content\/uploads\/2008\/06\/DSC_2126WP-768x512.jpg 768w, https:\/\/mb2812.de\/wp-content\/uploads\/2008\/06\/DSC_2126WP-668x445.jpg 668w, https:\/\/mb2812.de\/wp-content\/uploads\/2008\/06\/DSC_2126WP.jpg 1620w\" sizes=\"auto, (max-width: 1024px) 100vw, 1024px\" \/><\/a><\/figure>\n\n\n\n<p><\/p>\n\n\n\n<p>Dann machten wir uns auf den Weg in die Innenstadt Oaklands, um per BART zur\u00fcck nach San Francisco zu fahren. Das kann ein bisschen ein Problem sein, die BART Station sieht man n\u00e4mlich erst wenn man direkt vor dem Eingang steht. Zum Gl\u00fcck h\u00e4ngt an jeder Bushaltestelle ein Stadtplan.<\/p>\n\n\n\n<figure class=\"wp-block-image aligncenter size-large is-resized\"><a href=\"http:\/\/reiseblog.mb2812.de\/wp-content\/uploads\/2008\/06\/DSC_2129WP.jpg\" rel=\"noopener\"><img loading=\"lazy\" decoding=\"async\" width=\"1024\" height=\"683\" src=\"https:\/\/mb2812.de\/wp-content\/uploads\/2008\/06\/DSC_2129WP-1024x683.jpg\" alt=\"Unterwegs in Oakland\" class=\"wp-image-2050\" style=\"width:800px\" srcset=\"https:\/\/mb2812.de\/wp-content\/uploads\/2008\/06\/DSC_2129WP-1024x683.jpg 1024w, https:\/\/mb2812.de\/wp-content\/uploads\/2008\/06\/DSC_2129WP-300x200.jpg 300w, https:\/\/mb2812.de\/wp-content\/uploads\/2008\/06\/DSC_2129WP-768x512.jpg 768w, https:\/\/mb2812.de\/wp-content\/uploads\/2008\/06\/DSC_2129WP-668x445.jpg 668w, https:\/\/mb2812.de\/wp-content\/uploads\/2008\/06\/DSC_2129WP.jpg 1620w\" sizes=\"auto, (max-width: 1024px) 100vw, 1024px\" \/><\/a><figcaption class=\"wp-element-caption\"><em>Unterwegs in Oakland<\/em><\/figcaption><\/figure>\n\n\n\n<figure class=\"wp-block-image aligncenter size-large is-resized\"><a href=\"http:\/\/reiseblog.mb2812.de\/wp-content\/uploads\/2008\/06\/DSC_2130WP.jpg\" rel=\"noopener\"><img loading=\"lazy\" decoding=\"async\" width=\"683\" height=\"1024\" src=\"https:\/\/mb2812.de\/wp-content\/uploads\/2008\/06\/DSC_2130WP-683x1024.jpg\" alt=\"Irgendwie f\u00fchlt man sich einige Jahrzehnte zur\u00fcckveersetzt\" class=\"wp-image-2051\" style=\"width:535px\" srcset=\"https:\/\/mb2812.de\/wp-content\/uploads\/2008\/06\/DSC_2130WP-683x1024.jpg 683w, https:\/\/mb2812.de\/wp-content\/uploads\/2008\/06\/DSC_2130WP-200x300.jpg 200w, https:\/\/mb2812.de\/wp-content\/uploads\/2008\/06\/DSC_2130WP-768x1152.jpg 768w, https:\/\/mb2812.de\/wp-content\/uploads\/2008\/06\/DSC_2130WP-668x1002.jpg 668w, https:\/\/mb2812.de\/wp-content\/uploads\/2008\/06\/DSC_2130WP.jpg 1080w\" sizes=\"auto, (max-width: 683px) 100vw, 683px\" \/><\/a><figcaption class=\"wp-element-caption\"><em>Irgendwie f\u00fchlt man sich einige Jahrzehnte zur\u00fcckversetzt<\/em><\/figcaption><\/figure>\n\n\n\n<figure class=\"wp-block-image aligncenter size-large is-resized\"><a href=\"http:\/\/reiseblog.mb2812.de\/wp-content\/uploads\/2008\/06\/DSC_2132WP.jpg\" rel=\"noopener\"><img loading=\"lazy\" decoding=\"async\" width=\"1024\" height=\"683\" src=\"https:\/\/mb2812.de\/wp-content\/uploads\/2008\/06\/DSC_2132WP-1024x683.jpg\" alt=\"Im Stadtzentrum von Oakland\" class=\"wp-image-2052\" style=\"width:800px\" srcset=\"https:\/\/mb2812.de\/wp-content\/uploads\/2008\/06\/DSC_2132WP-1024x683.jpg 1024w, https:\/\/mb2812.de\/wp-content\/uploads\/2008\/06\/DSC_2132WP-300x200.jpg 300w, https:\/\/mb2812.de\/wp-content\/uploads\/2008\/06\/DSC_2132WP-768x512.jpg 768w, https:\/\/mb2812.de\/wp-content\/uploads\/2008\/06\/DSC_2132WP-668x445.jpg 668w, https:\/\/mb2812.de\/wp-content\/uploads\/2008\/06\/DSC_2132WP.jpg 1620w\" sizes=\"auto, (max-width: 1024px) 100vw, 1024px\" \/><\/a><figcaption class=\"wp-element-caption\"><em>Im Stadtzentrum von Oakland<\/em><\/figcaption><\/figure>\n\n\n\n<p>Mit der BART Schnellbahn fuhren wir zur\u00fcck nach San Francisco bis zum Union Square. Als erstes gab es eine mal wieder sehr sp\u00e4te Mittagspause in einem recht luxuri\u00f6sen Foodcourt einer angrenzenden Shopping Mall. Dann liefen wir ein wenig im Bereich Union Square herum und bewunderten auch das Schauspiel &#8222;Touristen warten auf die Cable Cars&#8220;. Selber sind wir mit den Dingern nicht gefahren, das lange Warten kam uns zu dumm vor. Daf\u00fcr wurde ein bisschen geshoppt. Im Apple Store gab es eine Tasche f\u00fcrs i-Phone. Interessant das man nicht mehr zur Kasse muss beim Zahlen per Kreditkarte, dies erledigt der Verk\u00e4ufer sofort. Ein Sticker kommt auf die Packung, dass man bezahlt hat, und die Rechnung kommt per e-mail.<\/p>\n\n\n\n<figure class=\"wp-block-image aligncenter size-large is-resized\"><a href=\"http:\/\/reiseblog.mb2812.de\/wp-content\/uploads\/2008\/06\/DSC_2133WP.jpg\" rel=\"noopener\"><img loading=\"lazy\" decoding=\"async\" width=\"1024\" height=\"683\" src=\"https:\/\/mb2812.de\/wp-content\/uploads\/2008\/06\/DSC_2133WP-1024x683.jpg\" alt=\"Die Endstation der Cable Cars am Union Square\" class=\"wp-image-2053\" style=\"width:800px\" srcset=\"https:\/\/mb2812.de\/wp-content\/uploads\/2008\/06\/DSC_2133WP-1024x683.jpg 1024w, https:\/\/mb2812.de\/wp-content\/uploads\/2008\/06\/DSC_2133WP-300x200.jpg 300w, https:\/\/mb2812.de\/wp-content\/uploads\/2008\/06\/DSC_2133WP-768x512.jpg 768w, https:\/\/mb2812.de\/wp-content\/uploads\/2008\/06\/DSC_2133WP-668x445.jpg 668w, https:\/\/mb2812.de\/wp-content\/uploads\/2008\/06\/DSC_2133WP.jpg 1620w\" sizes=\"auto, (max-width: 1024px) 100vw, 1024px\" \/><\/a><figcaption class=\"wp-element-caption\"><em>Die Endstation der Cable Cars am Union Square<\/em><\/figcaption><\/figure>\n\n\n\n<p>Impressionen vom Union Square:<\/p>\n\n\n\n<figure class=\"wp-block-image aligncenter size-large is-resized\"><a href=\"http:\/\/reiseblog.mb2812.de\/wp-content\/uploads\/2008\/06\/DSC_2136WP.jpg\" target=\"_blank\" rel=\"noopener\"><img loading=\"lazy\" decoding=\"async\" width=\"1024\" height=\"683\" src=\"https:\/\/mb2812.de\/wp-content\/uploads\/2008\/06\/DSC_2136WP-1024x683.jpg\" alt=\"dsc_2136wp\" class=\"wp-image-2054\" style=\"width:800px\" srcset=\"https:\/\/mb2812.de\/wp-content\/uploads\/2008\/06\/DSC_2136WP-1024x683.jpg 1024w, https:\/\/mb2812.de\/wp-content\/uploads\/2008\/06\/DSC_2136WP-300x200.jpg 300w, https:\/\/mb2812.de\/wp-content\/uploads\/2008\/06\/DSC_2136WP-768x512.jpg 768w, https:\/\/mb2812.de\/wp-content\/uploads\/2008\/06\/DSC_2136WP-668x445.jpg 668w, https:\/\/mb2812.de\/wp-content\/uploads\/2008\/06\/DSC_2136WP.jpg 1620w\" sizes=\"auto, (max-width: 1024px) 100vw, 1024px\" \/><\/a><\/figure>\n\n\n\n<p><\/p>\n\n\n\n<figure class=\"wp-block-image aligncenter size-large is-resized\"><a href=\"http:\/\/reiseblog.mb2812.de\/wp-content\/uploads\/2008\/06\/DSC_2139WP.jpg\" target=\"_blank\" rel=\"noopener\"><img loading=\"lazy\" decoding=\"async\" width=\"1024\" height=\"683\" src=\"https:\/\/mb2812.de\/wp-content\/uploads\/2008\/06\/DSC_2139WP-1024x683.jpg\" alt=\"dsc_2139wp\" class=\"wp-image-2055\" style=\"width:800px\" srcset=\"https:\/\/mb2812.de\/wp-content\/uploads\/2008\/06\/DSC_2139WP-1024x683.jpg 1024w, https:\/\/mb2812.de\/wp-content\/uploads\/2008\/06\/DSC_2139WP-300x200.jpg 300w, https:\/\/mb2812.de\/wp-content\/uploads\/2008\/06\/DSC_2139WP-768x512.jpg 768w, https:\/\/mb2812.de\/wp-content\/uploads\/2008\/06\/DSC_2139WP-668x445.jpg 668w, https:\/\/mb2812.de\/wp-content\/uploads\/2008\/06\/DSC_2139WP.jpg 1620w\" sizes=\"auto, (max-width: 1024px) 100vw, 1024px\" \/><\/a><\/figure>\n\n\n\n<p><\/p>\n\n\n\n<figure class=\"wp-block-image aligncenter size-large is-resized\"><a href=\"http:\/\/reiseblog.mb2812.de\/wp-content\/uploads\/2008\/06\/DSC_2140WP.jpg\" target=\"_blank\" rel=\"noopener\"><img loading=\"lazy\" decoding=\"async\" width=\"768\" height=\"1024\" src=\"https:\/\/mb2812.de\/wp-content\/uploads\/2008\/06\/DSC_2140WP-768x1024.jpg\" alt=\"dsc_2140wp\" class=\"wp-image-2056\" style=\"width:600px\" srcset=\"https:\/\/mb2812.de\/wp-content\/uploads\/2008\/06\/DSC_2140WP-768x1024.jpg 768w, https:\/\/mb2812.de\/wp-content\/uploads\/2008\/06\/DSC_2140WP-225x300.jpg 225w, https:\/\/mb2812.de\/wp-content\/uploads\/2008\/06\/DSC_2140WP-668x891.jpg 668w, https:\/\/mb2812.de\/wp-content\/uploads\/2008\/06\/DSC_2140WP.jpg 1080w\" sizes=\"auto, (max-width: 768px) 100vw, 768px\" \/><\/a><\/figure>\n\n\n\n<p><\/p>\n\n\n\n<p>Nach dem Shopping nahmen wir dann wieder die Museumsstrassenbahn, diesmal bis zur anderen Endstation an der Castro Street.<\/p>\n\n\n\n<figure class=\"wp-block-image aligncenter size-large is-resized\"><a href=\"http:\/\/reiseblog.mb2812.de\/wp-content\/uploads\/2008\/06\/DSC_2142-1220.jpg\" rel=\"noopener\"><img loading=\"lazy\" decoding=\"async\" width=\"1024\" height=\"683\" src=\"https:\/\/mb2812.de\/wp-content\/uploads\/2008\/06\/DSC_2142-1220-1024x683.jpg\" alt=\"Blick \u00fcber die Castro Stree\" class=\"wp-image-2057\" style=\"width:800px\" srcset=\"https:\/\/mb2812.de\/wp-content\/uploads\/2008\/06\/DSC_2142-1220-1024x683.jpg 1024w, https:\/\/mb2812.de\/wp-content\/uploads\/2008\/06\/DSC_2142-1220-300x200.jpg 300w, https:\/\/mb2812.de\/wp-content\/uploads\/2008\/06\/DSC_2142-1220-768x512.jpg 768w, https:\/\/mb2812.de\/wp-content\/uploads\/2008\/06\/DSC_2142-1220-668x445.jpg 668w, https:\/\/mb2812.de\/wp-content\/uploads\/2008\/06\/DSC_2142-1220.jpg 1620w\" sizes=\"auto, (max-width: 1024px) 100vw, 1024px\" \/><\/a><figcaption class=\"wp-element-caption\"><em>Blick \u00fcber die Castro Street<\/em><\/figcaption><\/figure>\n\n\n\n<figure class=\"wp-block-image aligncenter size-large is-resized\"><a href=\"http:\/\/reiseblog.mb2812.de\/wp-content\/uploads\/2008\/06\/DSC_2143WP.jpg\" rel=\"noopener\"><img loading=\"lazy\" decoding=\"async\" width=\"1024\" height=\"683\" src=\"https:\/\/mb2812.de\/wp-content\/uploads\/2008\/06\/DSC_2143WP-1024x683.jpg\" alt=\"Das Castro Theatre\" class=\"wp-image-2058\" style=\"width:800px\" srcset=\"https:\/\/mb2812.de\/wp-content\/uploads\/2008\/06\/DSC_2143WP-1024x683.jpg 1024w, https:\/\/mb2812.de\/wp-content\/uploads\/2008\/06\/DSC_2143WP-300x200.jpg 300w, https:\/\/mb2812.de\/wp-content\/uploads\/2008\/06\/DSC_2143WP-768x512.jpg 768w, https:\/\/mb2812.de\/wp-content\/uploads\/2008\/06\/DSC_2143WP-668x445.jpg 668w, https:\/\/mb2812.de\/wp-content\/uploads\/2008\/06\/DSC_2143WP.jpg 1620w\" sizes=\"auto, (max-width: 1024px) 100vw, 1024px\" \/><\/a><figcaption class=\"wp-element-caption\"><em>Das Castro Theatre<\/em><\/figcaption><\/figure>\n\n\n\n<p>Nach einem Spaziergang die Castro Street rauf und runter verlie\u00df uns die Lust am Sightseeing und wir machten uns auf den Heimweg. Der Strassenbahnfahrschein gilt bis zur aufgedruckten Uhrzeit (\u00fcblicherweise ca. 2 Stunden nach Kauf) als Netzkarte, und reichte so bequem bis zur Caltran Station. Unterwegs stiegen wir am Civic Center nochmals aus und warfen einen Blick aufs Rathaus von San Francisco.<\/p>\n\n\n\n<figure class=\"wp-block-image aligncenter size-large is-resized\"><a href=\"http:\/\/reiseblog.mb2812.de\/wp-content\/uploads\/2008\/06\/DSC_2146WP.jpg\" rel=\"noopener\"><img loading=\"lazy\" decoding=\"async\" width=\"683\" height=\"1024\" src=\"https:\/\/mb2812.de\/wp-content\/uploads\/2008\/06\/DSC_2146WP-683x1024.jpg\" alt=\"dsc_2146wp\" class=\"wp-image-2059\" style=\"width:535px\" srcset=\"https:\/\/mb2812.de\/wp-content\/uploads\/2008\/06\/DSC_2146WP-683x1024.jpg 683w, https:\/\/mb2812.de\/wp-content\/uploads\/2008\/06\/DSC_2146WP-200x300.jpg 200w, https:\/\/mb2812.de\/wp-content\/uploads\/2008\/06\/DSC_2146WP-768x1152.jpg 768w, https:\/\/mb2812.de\/wp-content\/uploads\/2008\/06\/DSC_2146WP-668x1002.jpg 668w, https:\/\/mb2812.de\/wp-content\/uploads\/2008\/06\/DSC_2146WP.jpg 1080w\" sizes=\"auto, (max-width: 683px) 100vw, 683px\" \/><\/a><figcaption class=\"wp-element-caption\"><em>McAllister Tower heisst das dominierende Geb\u00e4ude im Tenderloin<\/em><\/figcaption><\/figure>\n\n\n\n<figure class=\"wp-block-image aligncenter size-large is-resized\"><a href=\"http:\/\/reiseblog.mb2812.de\/wp-content\/uploads\/2008\/06\/DSC_2148WP.jpg\" rel=\"noopener\"><img loading=\"lazy\" decoding=\"async\" width=\"1024\" height=\"683\" src=\"https:\/\/mb2812.de\/wp-content\/uploads\/2008\/06\/DSC_2148WP-1024x683.jpg\" alt=\"Und dies ist die City Hall\" class=\"wp-image-2060\" style=\"width:800px\" srcset=\"https:\/\/mb2812.de\/wp-content\/uploads\/2008\/06\/DSC_2148WP-1024x683.jpg 1024w, https:\/\/mb2812.de\/wp-content\/uploads\/2008\/06\/DSC_2148WP-300x200.jpg 300w, https:\/\/mb2812.de\/wp-content\/uploads\/2008\/06\/DSC_2148WP-768x512.jpg 768w, https:\/\/mb2812.de\/wp-content\/uploads\/2008\/06\/DSC_2148WP-668x445.jpg 668w, https:\/\/mb2812.de\/wp-content\/uploads\/2008\/06\/DSC_2148WP.jpg 1620w\" sizes=\"auto, (max-width: 1024px) 100vw, 1024px\" \/><\/a><figcaption class=\"wp-element-caption\">Und dies ist die City Hall<\/figcaption><\/figure>\n\n\n\n<p>Mit dem Zug ging es dann weiter nach San Mateo. In South Francisco hing \u00fcbrigens noch der Nebel rum, es sah kalt und ungem\u00fctlich aus. In San Mateo wieder Sonnenschein &#8211; das Wetter von San Francisco ist wirklich merkw\u00fcrdig. Nach einer Erfrischungspause im B&amp;B liefen wir wieder ins St\u00e4dtchen und landeten in der gleichen Pizzeria wie gestern.<\/p>\n","protected":false},"excerpt":{"rendered":"<p>Wir fahren mit der Bahn nach San Francisco und schauen uns in der Stadt um, u.a. fahren wir mit der F\u00e4hre nach Oakland<\/p>\n","protected":false},"author":1,"featured_media":2044,"comment_status":"closed","ping_status":"closed","sticky":false,"template":"","format":"standard","meta":{"footnotes":""},"categories":[4],"tags":[236,198,211,221,104],"class_list":["post-545","post","type-post","status-publish","format-standard","has-post-thumbnail","hentry","category-usa-kalifornien-2008","tag-236","tag-bahn","tag-kalifornien","tag-san-francisco","tag-usa"],"_links":{"self":[{"href":"https:\/\/mb2812.de\/index.php?rest_route=\/wp\/v2\/posts\/545","targetHints":{"allow":["GET"]}}],"collection":[{"href":"https:\/\/mb2812.de\/index.php?rest_route=\/wp\/v2\/posts"}],"about":[{"href":"https:\/\/mb2812.de\/index.php?rest_route=\/wp\/v2\/types\/post"}],"author":[{"embeddable":true,"href":"https:\/\/mb2812.de\/index.php?rest_route=\/wp\/v2\/users\/1"}],"replies":[{"embeddable":true,"href":"https:\/\/mb2812.de\/index.php?rest_route=%2Fwp%2Fv2%2Fcomments&post=545"}],"version-history":[{"count":8,"href":"https:\/\/mb2812.de\/index.php?rest_route=\/wp\/v2\/posts\/545\/revisions"}],"predecessor-version":[{"id":18627,"href":"https:\/\/mb2812.de\/index.php?rest_route=\/wp\/v2\/posts\/545\/revisions\/18627"}],"wp:featuredmedia":[{"embeddable":true,"href":"https:\/\/mb2812.de\/index.php?rest_route=\/wp\/v2\/media\/2044"}],"wp:attachment":[{"href":"https:\/\/mb2812.de\/index.php?rest_route=%2Fwp%2Fv2%2Fmedia&parent=545"}],"wp:term":[{"taxonomy":"category","embeddable":true,"href":"https:\/\/mb2812.de\/index.php?rest_route=%2Fwp%2Fv2%2Fcategories&post=545"},{"taxonomy":"post_tag","embeddable":true,"href":"https:\/\/mb2812.de\/index.php?rest_route=%2Fwp%2Fv2%2Ftags&post=545"}],"curies":[{"name":"wp","href":"https:\/\/api.w.org\/{rel}","templated":true}]}}