{"id":5013,"date":"2016-05-11T09:00:19","date_gmt":"2016-05-11T07:00:19","guid":{"rendered":"http:\/\/reiseblog.mb2812.de\/?p=5013"},"modified":"2025-04-22T16:04:11","modified_gmt":"2025-04-22T14:04:11","slug":"ein-tag-am-strand-bondi-beach-und-manly-beach","status":"publish","type":"post","link":"https:\/\/mb2812.de\/?p=5013","title":{"rendered":"\u201eEin Tag am Strand\u201c \u2013 Bondi Beach und Manly Beach"},"content":{"rendered":"\n<p>Nach einer ruhigen Nacht gab es erstmal Fr\u00fchst\u00fcck im Hotelrestaurant, das fanden wir recht gut. Alles in allem waren wir mit dem Novotel sehr zufrieden.<\/p>\n\n\n\n<p>F\u00fcr den heutigen Tag hatten wir uns zun\u00e4chst eine weitere der &#8218;Must See&#8216; Sehensw\u00fcrdigkeiten ausgesucht &#8211; den ikonischen Surferstand Bondi Beach.<\/p>\n\n\n\n<p>Beim Rundgang durch Pyrmont gestern abend war uns die Bushaltestelle in der N\u00e4he des Hotels aufgefallen, dort ging ein Bus nach Bondi ab. Da sind wir dann hin und eingestiegen. Der ziemlich volle Bus stellte sich zun\u00e4chst im Stau auf der Stadtautobahn an, um ins Stadtzentrum zu gelangen, wo ihn fast alle Fahrg\u00e4ste fluchtartig verlie\u00dfen. Mit geh\u00f6riger Versp\u00e4tung und uns als letzten Fahrg\u00e4sten ging es dann in einem Zickzackkurs durch verschiedene Wohngebiete nach &#8218;North Bondi&#8216;, der Endstation etwas n\u00f6rdlich des Strandes.<\/p>\n\n\n\n<p>Zum Nordende des Strandes sind wir dann gleich gelaufen und ehrlich gesagt, ich fand ihn etwas entt\u00e4uschend &#8211; ich hatte ihn mir gr\u00f6\u00dfer vorgestellt.<\/p>\n\n\n\n<figure class=\"wp-block-image aligncenter size-full is-resized\"><a href=\"http:\/\/reiseblog.mb2812.de\/wp-content\/uploads\/2018\/03\/AUSIN160511-102225.jpg\" rel=\"noopener noreferrer\"><img loading=\"lazy\" decoding=\"async\" width=\"1920\" height=\"1920\" src=\"https:\/\/mb2812.de\/wp-content\/uploads\/2018\/03\/AUSIN160511-102225.jpg\" alt=\"\" class=\"wp-image-5014\" style=\"width:710px\" srcset=\"https:\/\/mb2812.de\/wp-content\/uploads\/2018\/03\/AUSIN160511-102225.jpg 1920w, https:\/\/mb2812.de\/wp-content\/uploads\/2018\/03\/AUSIN160511-102225-150x150.jpg 150w, https:\/\/mb2812.de\/wp-content\/uploads\/2018\/03\/AUSIN160511-102225-300x300.jpg 300w, https:\/\/mb2812.de\/wp-content\/uploads\/2018\/03\/AUSIN160511-102225-768x768.jpg 768w, https:\/\/mb2812.de\/wp-content\/uploads\/2018\/03\/AUSIN160511-102225-1024x1024.jpg 1024w, https:\/\/mb2812.de\/wp-content\/uploads\/2018\/03\/AUSIN160511-102225-668x668.jpg 668w\" sizes=\"auto, (max-width: 1920px) 100vw, 1920px\" \/><\/a><figcaption class=\"wp-element-caption\">Bondi Beach vom Nordende aus<\/figcaption><\/figure>\n\n\n\n<!--more-->\n\n\n\n<figure class=\"wp-block-image aligncenter size-full is-resized\"><a href=\"http:\/\/reiseblog.mb2812.de\/wp-content\/uploads\/2018\/03\/AUSIN160511-102236.jpg\" rel=\"noopener noreferrer\"><img loading=\"lazy\" decoding=\"async\" width=\"1920\" height=\"1920\" src=\"https:\/\/mb2812.de\/wp-content\/uploads\/2018\/03\/AUSIN160511-102236.jpg\" alt=\"\" class=\"wp-image-5015\" style=\"width:710px\" srcset=\"https:\/\/mb2812.de\/wp-content\/uploads\/2018\/03\/AUSIN160511-102236.jpg 1920w, https:\/\/mb2812.de\/wp-content\/uploads\/2018\/03\/AUSIN160511-102236-150x150.jpg 150w, https:\/\/mb2812.de\/wp-content\/uploads\/2018\/03\/AUSIN160511-102236-300x300.jpg 300w, https:\/\/mb2812.de\/wp-content\/uploads\/2018\/03\/AUSIN160511-102236-768x768.jpg 768w, https:\/\/mb2812.de\/wp-content\/uploads\/2018\/03\/AUSIN160511-102236-1024x1024.jpg 1024w, https:\/\/mb2812.de\/wp-content\/uploads\/2018\/03\/AUSIN160511-102236-668x668.jpg 668w\" sizes=\"auto, (max-width: 1920px) 100vw, 1920px\" \/><\/a><figcaption class=\"wp-element-caption\">\u00dcbungswellen &#8230;<\/figcaption><\/figure>\n\n\n\n<p>Nach dem ersten Blick auf Bondi Beach sind wir aber zun\u00e4chst zur\u00fcck zum Ende des Felsvorsprungs (&#8218;Sam Fiszman Park&#8216;) und haben einen Blick auf die Unendlichkeit des Pazifiks geworfen.<\/p>\n\n\n\n<figure class=\"wp-block-image aligncenter size-full is-resized\"><a href=\"http:\/\/reiseblog.mb2812.de\/wp-content\/uploads\/2018\/03\/AUSIN160511-103747.jpg\" rel=\"noopener noreferrer\"><img loading=\"lazy\" decoding=\"async\" width=\"1920\" height=\"1920\" src=\"https:\/\/mb2812.de\/wp-content\/uploads\/2018\/03\/AUSIN160511-103747.jpg\" alt=\"\" class=\"wp-image-5017\" style=\"width:710px\" srcset=\"https:\/\/mb2812.de\/wp-content\/uploads\/2018\/03\/AUSIN160511-103747.jpg 1920w, https:\/\/mb2812.de\/wp-content\/uploads\/2018\/03\/AUSIN160511-103747-150x150.jpg 150w, https:\/\/mb2812.de\/wp-content\/uploads\/2018\/03\/AUSIN160511-103747-300x300.jpg 300w, https:\/\/mb2812.de\/wp-content\/uploads\/2018\/03\/AUSIN160511-103747-768x768.jpg 768w, https:\/\/mb2812.de\/wp-content\/uploads\/2018\/03\/AUSIN160511-103747-1024x1024.jpg 1024w, https:\/\/mb2812.de\/wp-content\/uploads\/2018\/03\/AUSIN160511-103747-668x668.jpg 668w\" sizes=\"auto, (max-width: 1920px) 100vw, 1920px\" \/><\/a><figcaption class=\"wp-element-caption\">Blick nach S\u00fcden<\/figcaption><\/figure>\n\n\n\n<figure class=\"wp-block-image aligncenter size-full is-resized\"><a href=\"http:\/\/reiseblog.mb2812.de\/wp-content\/uploads\/2018\/03\/AUSIN160511-103719.jpg\" rel=\"noopener noreferrer\"><img loading=\"lazy\" decoding=\"async\" width=\"1920\" height=\"1920\" src=\"https:\/\/mb2812.de\/wp-content\/uploads\/2018\/03\/AUSIN160511-103719.jpg\" alt=\"\" class=\"wp-image-5016\" style=\"width:710px\" srcset=\"https:\/\/mb2812.de\/wp-content\/uploads\/2018\/03\/AUSIN160511-103719.jpg 1920w, https:\/\/mb2812.de\/wp-content\/uploads\/2018\/03\/AUSIN160511-103719-150x150.jpg 150w, https:\/\/mb2812.de\/wp-content\/uploads\/2018\/03\/AUSIN160511-103719-300x300.jpg 300w, https:\/\/mb2812.de\/wp-content\/uploads\/2018\/03\/AUSIN160511-103719-768x768.jpg 768w, https:\/\/mb2812.de\/wp-content\/uploads\/2018\/03\/AUSIN160511-103719-1024x1024.jpg 1024w, https:\/\/mb2812.de\/wp-content\/uploads\/2018\/03\/AUSIN160511-103719-668x668.jpg 668w\" sizes=\"auto, (max-width: 1920px) 100vw, 1920px\" \/><\/a><figcaption class=\"wp-element-caption\">Der Pazifik<\/figcaption><\/figure>\n\n\n\n<p>Dann gings wieder zum Bondi Beach, die Promenade entlang des Strands und den Fu\u00dfweg weiter nach S\u00fcden bis zum n\u00e4chsten Strand &#8211; Tamara Beach.<\/p>\n\n\n\n<figure class=\"wp-block-image aligncenter size-full is-resized\"><a href=\"http:\/\/reiseblog.mb2812.de\/wp-content\/uploads\/2018\/03\/AUSIN160511-111340.jpg\" rel=\"noopener noreferrer\"><img loading=\"lazy\" decoding=\"async\" width=\"1920\" height=\"1920\" src=\"https:\/\/mb2812.de\/wp-content\/uploads\/2018\/03\/AUSIN160511-111340.jpg\" alt=\"\" class=\"wp-image-5019\" style=\"width:710px\" srcset=\"https:\/\/mb2812.de\/wp-content\/uploads\/2018\/03\/AUSIN160511-111340.jpg 1920w, https:\/\/mb2812.de\/wp-content\/uploads\/2018\/03\/AUSIN160511-111340-150x150.jpg 150w, https:\/\/mb2812.de\/wp-content\/uploads\/2018\/03\/AUSIN160511-111340-300x300.jpg 300w, https:\/\/mb2812.de\/wp-content\/uploads\/2018\/03\/AUSIN160511-111340-768x768.jpg 768w, https:\/\/mb2812.de\/wp-content\/uploads\/2018\/03\/AUSIN160511-111340-1024x1024.jpg 1024w, https:\/\/mb2812.de\/wp-content\/uploads\/2018\/03\/AUSIN160511-111340-668x668.jpg 668w\" sizes=\"auto, (max-width: 1920px) 100vw, 1920px\" \/><\/a><figcaption class=\"wp-element-caption\">Touristen am Bondi Beach<\/figcaption><\/figure>\n\n\n\n<figure class=\"wp-block-image aligncenter size-full is-resized\"><a href=\"http:\/\/reiseblog.mb2812.de\/wp-content\/uploads\/2018\/03\/AUSIN160511-111318.jpg\" rel=\"noopener noreferrer\"><img loading=\"lazy\" decoding=\"async\" width=\"1920\" height=\"1920\" src=\"https:\/\/mb2812.de\/wp-content\/uploads\/2018\/03\/AUSIN160511-111318.jpg\" alt=\"\" class=\"wp-image-5018\" style=\"width:710px\" srcset=\"https:\/\/mb2812.de\/wp-content\/uploads\/2018\/03\/AUSIN160511-111318.jpg 1920w, https:\/\/mb2812.de\/wp-content\/uploads\/2018\/03\/AUSIN160511-111318-150x150.jpg 150w, https:\/\/mb2812.de\/wp-content\/uploads\/2018\/03\/AUSIN160511-111318-300x300.jpg 300w, https:\/\/mb2812.de\/wp-content\/uploads\/2018\/03\/AUSIN160511-111318-768x768.jpg 768w, https:\/\/mb2812.de\/wp-content\/uploads\/2018\/03\/AUSIN160511-111318-1024x1024.jpg 1024w, https:\/\/mb2812.de\/wp-content\/uploads\/2018\/03\/AUSIN160511-111318-668x668.jpg 668w\" sizes=\"auto, (max-width: 1920px) 100vw, 1920px\" \/><\/a><figcaption class=\"wp-element-caption\">Pavillon am Beach<\/figcaption><\/figure>\n\n\n\n<figure class=\"wp-block-image aligncenter size-full is-resized\"><a href=\"http:\/\/reiseblog.mb2812.de\/wp-content\/uploads\/2018\/03\/AUSIN160511-111838.jpg\" rel=\"noopener noreferrer\"><img loading=\"lazy\" decoding=\"async\" width=\"1920\" height=\"1920\" src=\"https:\/\/mb2812.de\/wp-content\/uploads\/2018\/03\/AUSIN160511-111838.jpg\" alt=\"\" class=\"wp-image-5020\" style=\"width:710px\" srcset=\"https:\/\/mb2812.de\/wp-content\/uploads\/2018\/03\/AUSIN160511-111838.jpg 1920w, https:\/\/mb2812.de\/wp-content\/uploads\/2018\/03\/AUSIN160511-111838-150x150.jpg 150w, https:\/\/mb2812.de\/wp-content\/uploads\/2018\/03\/AUSIN160511-111838-300x300.jpg 300w, https:\/\/mb2812.de\/wp-content\/uploads\/2018\/03\/AUSIN160511-111838-768x768.jpg 768w, https:\/\/mb2812.de\/wp-content\/uploads\/2018\/03\/AUSIN160511-111838-1024x1024.jpg 1024w, https:\/\/mb2812.de\/wp-content\/uploads\/2018\/03\/AUSIN160511-111838-668x668.jpg 668w\" sizes=\"auto, (max-width: 1920px) 100vw, 1920px\" \/><\/a><figcaption class=\"wp-element-caption\">Bondi Beach und North Bondi<\/figcaption><\/figure>\n\n\n\n<figure class=\"wp-block-image aligncenter size-full is-resized\"><a href=\"http:\/\/reiseblog.mb2812.de\/wp-content\/uploads\/2018\/03\/AUSIN160511-112327.jpg\" rel=\"noopener noreferrer\"><img loading=\"lazy\" decoding=\"async\" width=\"1920\" height=\"1920\" src=\"https:\/\/mb2812.de\/wp-content\/uploads\/2018\/03\/AUSIN160511-112327.jpg\" alt=\"\" class=\"wp-image-5021\" style=\"width:710px\" srcset=\"https:\/\/mb2812.de\/wp-content\/uploads\/2018\/03\/AUSIN160511-112327.jpg 1920w, https:\/\/mb2812.de\/wp-content\/uploads\/2018\/03\/AUSIN160511-112327-150x150.jpg 150w, https:\/\/mb2812.de\/wp-content\/uploads\/2018\/03\/AUSIN160511-112327-300x300.jpg 300w, https:\/\/mb2812.de\/wp-content\/uploads\/2018\/03\/AUSIN160511-112327-768x768.jpg 768w, https:\/\/mb2812.de\/wp-content\/uploads\/2018\/03\/AUSIN160511-112327-1024x1024.jpg 1024w, https:\/\/mb2812.de\/wp-content\/uploads\/2018\/03\/AUSIN160511-112327-668x668.jpg 668w\" sizes=\"auto, (max-width: 1920px) 100vw, 1920px\" \/><\/a><figcaption class=\"wp-element-caption\">Gesamtansicht des Bondi Beach von S\u00fcden<\/figcaption><\/figure>\n\n\n\n<figure class=\"wp-block-image aligncenter size-full is-resized\"><a href=\"http:\/\/reiseblog.mb2812.de\/wp-content\/uploads\/2018\/03\/AUSIN160511-113542.jpg\" rel=\"noopener noreferrer\"><img loading=\"lazy\" decoding=\"async\" width=\"1920\" height=\"1920\" src=\"https:\/\/mb2812.de\/wp-content\/uploads\/2018\/03\/AUSIN160511-113542.jpg\" alt=\"\" class=\"wp-image-5022\" style=\"width:710px\" srcset=\"https:\/\/mb2812.de\/wp-content\/uploads\/2018\/03\/AUSIN160511-113542.jpg 1920w, https:\/\/mb2812.de\/wp-content\/uploads\/2018\/03\/AUSIN160511-113542-150x150.jpg 150w, https:\/\/mb2812.de\/wp-content\/uploads\/2018\/03\/AUSIN160511-113542-300x300.jpg 300w, https:\/\/mb2812.de\/wp-content\/uploads\/2018\/03\/AUSIN160511-113542-768x768.jpg 768w, https:\/\/mb2812.de\/wp-content\/uploads\/2018\/03\/AUSIN160511-113542-1024x1024.jpg 1024w, https:\/\/mb2812.de\/wp-content\/uploads\/2018\/03\/AUSIN160511-113542-668x668.jpg 668w\" sizes=\"auto, (max-width: 1920px) 100vw, 1920px\" \/><\/a><figcaption class=\"wp-element-caption\">Unterwegs auf dem K\u00fcstenweg zum Bronte Beach<\/figcaption><\/figure>\n\n\n\n<figure class=\"wp-block-image aligncenter size-full is-resized\"><a href=\"http:\/\/reiseblog.mb2812.de\/wp-content\/uploads\/2018\/03\/AUSIN160511-114643.jpg\" rel=\"noopener noreferrer\"><img loading=\"lazy\" decoding=\"async\" width=\"1920\" height=\"1920\" src=\"https:\/\/mb2812.de\/wp-content\/uploads\/2018\/03\/AUSIN160511-114643.jpg\" alt=\"\" class=\"wp-image-5023\" style=\"width:710px\" srcset=\"https:\/\/mb2812.de\/wp-content\/uploads\/2018\/03\/AUSIN160511-114643.jpg 1920w, https:\/\/mb2812.de\/wp-content\/uploads\/2018\/03\/AUSIN160511-114643-150x150.jpg 150w, https:\/\/mb2812.de\/wp-content\/uploads\/2018\/03\/AUSIN160511-114643-300x300.jpg 300w, https:\/\/mb2812.de\/wp-content\/uploads\/2018\/03\/AUSIN160511-114643-768x768.jpg 768w, https:\/\/mb2812.de\/wp-content\/uploads\/2018\/03\/AUSIN160511-114643-1024x1024.jpg 1024w, https:\/\/mb2812.de\/wp-content\/uploads\/2018\/03\/AUSIN160511-114643-668x668.jpg 668w\" sizes=\"auto, (max-width: 1920px) 100vw, 1920px\" \/><\/a><figcaption class=\"wp-element-caption\">Tamara Beach und Bronte Beach<\/figcaption><\/figure>\n\n\n\n<p>\u00dcber Wohnstra\u00dfen liefen wir zur\u00fcck zum S\u00fcdende des Bondi Beach, hatten ein Eis von einem Kiosk und nahmen dann den Bus zur\u00fcck Richtung Downtown Sydney. Diesmal den schnelleren Bus entlang der Hauptstra\u00dfe mit Endstation am Circular Quay. &#8222;Was machen mit dem angebrochenen Tag&#8220; war die Frage, &#8222;F\u00e4hre fahren&#8220; die Antwort und es ging zum n\u00e4chsten ber\u00fchmten Strand, Manly Beach.<\/p>\n\n\n\n<figure class=\"wp-block-image aligncenter size-full is-resized\"><a href=\"http:\/\/reiseblog.mb2812.de\/wp-content\/uploads\/2018\/03\/AUSIN160511-133722.jpg\" rel=\"noopener noreferrer\"><img loading=\"lazy\" decoding=\"async\" width=\"1920\" height=\"1920\" src=\"https:\/\/mb2812.de\/wp-content\/uploads\/2018\/03\/AUSIN160511-133722.jpg\" alt=\"\" class=\"wp-image-5024\" style=\"width:710px\" srcset=\"https:\/\/mb2812.de\/wp-content\/uploads\/2018\/03\/AUSIN160511-133722.jpg 1920w, https:\/\/mb2812.de\/wp-content\/uploads\/2018\/03\/AUSIN160511-133722-150x150.jpg 150w, https:\/\/mb2812.de\/wp-content\/uploads\/2018\/03\/AUSIN160511-133722-300x300.jpg 300w, https:\/\/mb2812.de\/wp-content\/uploads\/2018\/03\/AUSIN160511-133722-768x768.jpg 768w, https:\/\/mb2812.de\/wp-content\/uploads\/2018\/03\/AUSIN160511-133722-1024x1024.jpg 1024w, https:\/\/mb2812.de\/wp-content\/uploads\/2018\/03\/AUSIN160511-133722-668x668.jpg 668w\" sizes=\"auto, (max-width: 1920px) 100vw, 1920px\" \/><\/a><figcaption class=\"wp-element-caption\">Mit der F\u00e4hre nach Manly<\/figcaption><\/figure>\n\n\n\n<p>In Manly f\u00fchlt man sich gleich heimisch. Nicht nur wird man im F\u00e4hrterminal von einem bekannten deutschen &#8222;Feinkosth\u00e4ndler&#8220; begr\u00fcsst, der Pub davor kommt auch z\u00fcnftig bayrisch daher.<\/p>\n\n\n\n<figure class=\"wp-block-image aligncenter size-full is-resized\"><a href=\"http:\/\/reiseblog.mb2812.de\/wp-content\/uploads\/2018\/03\/AUSIN160511-140341.jpg\" rel=\"noopener noreferrer\"><img loading=\"lazy\" decoding=\"async\" width=\"1920\" height=\"1920\" src=\"https:\/\/mb2812.de\/wp-content\/uploads\/2018\/03\/AUSIN160511-140341.jpg\" alt=\"\" class=\"wp-image-5025\" style=\"width:710px\" srcset=\"https:\/\/mb2812.de\/wp-content\/uploads\/2018\/03\/AUSIN160511-140341.jpg 1920w, https:\/\/mb2812.de\/wp-content\/uploads\/2018\/03\/AUSIN160511-140341-150x150.jpg 150w, https:\/\/mb2812.de\/wp-content\/uploads\/2018\/03\/AUSIN160511-140341-300x300.jpg 300w, https:\/\/mb2812.de\/wp-content\/uploads\/2018\/03\/AUSIN160511-140341-768x768.jpg 768w, https:\/\/mb2812.de\/wp-content\/uploads\/2018\/03\/AUSIN160511-140341-1024x1024.jpg 1024w, https:\/\/mb2812.de\/wp-content\/uploads\/2018\/03\/AUSIN160511-140341-668x668.jpg 668w\" sizes=\"auto, (max-width: 1920px) 100vw, 1920px\" \/><\/a><figcaption class=\"wp-element-caption\">Alid Markt im F\u00e4hrterminal<\/figcaption><\/figure>\n\n\n\n<p>Am &nbsp;F\u00e4hranleger in Manly ist die schmalsten Stelle der Halbinsel, &#8222;The Corso&#8220; heisst die kurze Fu\u00dfg\u00e4ngerzone, welche einen vom Anleger im &#8222;North Harbour&#8220; zum Strand am Pazifik f\u00fchrt. Den Strand sind wir dann auf ganzer L\u00e4nge bis zum Nordende &#8211; und nat\u00fcrlich auch wieder zur\u00fcck &#8211; abgelaufen.<\/p>\n\n\n\n<figure class=\"wp-block-image aligncenter size-full is-resized\"><a href=\"http:\/\/reiseblog.mb2812.de\/wp-content\/uploads\/2018\/03\/AUSIN160511-141639.jpg\" rel=\"noopener noreferrer\"><img loading=\"lazy\" decoding=\"async\" width=\"1920\" height=\"1920\" src=\"https:\/\/mb2812.de\/wp-content\/uploads\/2018\/03\/AUSIN160511-141639.jpg\" alt=\"\" class=\"wp-image-5026\" style=\"width:710px\" srcset=\"https:\/\/mb2812.de\/wp-content\/uploads\/2018\/03\/AUSIN160511-141639.jpg 1920w, https:\/\/mb2812.de\/wp-content\/uploads\/2018\/03\/AUSIN160511-141639-150x150.jpg 150w, https:\/\/mb2812.de\/wp-content\/uploads\/2018\/03\/AUSIN160511-141639-300x300.jpg 300w, https:\/\/mb2812.de\/wp-content\/uploads\/2018\/03\/AUSIN160511-141639-768x768.jpg 768w, https:\/\/mb2812.de\/wp-content\/uploads\/2018\/03\/AUSIN160511-141639-1024x1024.jpg 1024w, https:\/\/mb2812.de\/wp-content\/uploads\/2018\/03\/AUSIN160511-141639-668x668.jpg 668w\" sizes=\"auto, (max-width: 1920px) 100vw, 1920px\" \/><\/a><figcaption class=\"wp-element-caption\">The Corso<\/figcaption><\/figure>\n\n\n\n<figure class=\"wp-block-image aligncenter size-full is-resized\"><a href=\"http:\/\/reiseblog.mb2812.de\/wp-content\/uploads\/2018\/03\/AUSIN160511-141653.jpg\" rel=\"noopener noreferrer\"><img loading=\"lazy\" decoding=\"async\" width=\"1920\" height=\"1920\" src=\"https:\/\/mb2812.de\/wp-content\/uploads\/2018\/03\/AUSIN160511-141653.jpg\" alt=\"\" class=\"wp-image-5027\" style=\"width:710px\" srcset=\"https:\/\/mb2812.de\/wp-content\/uploads\/2018\/03\/AUSIN160511-141653.jpg 1920w, https:\/\/mb2812.de\/wp-content\/uploads\/2018\/03\/AUSIN160511-141653-150x150.jpg 150w, https:\/\/mb2812.de\/wp-content\/uploads\/2018\/03\/AUSIN160511-141653-300x300.jpg 300w, https:\/\/mb2812.de\/wp-content\/uploads\/2018\/03\/AUSIN160511-141653-768x768.jpg 768w, https:\/\/mb2812.de\/wp-content\/uploads\/2018\/03\/AUSIN160511-141653-1024x1024.jpg 1024w, https:\/\/mb2812.de\/wp-content\/uploads\/2018\/03\/AUSIN160511-141653-668x668.jpg 668w\" sizes=\"auto, (max-width: 1920px) 100vw, 1920px\" \/><\/a><figcaption class=\"wp-element-caption\">The Corso<\/figcaption><\/figure>\n\n\n\n<figure class=\"wp-block-image aligncenter size-full is-resized\"><a href=\"http:\/\/reiseblog.mb2812.de\/wp-content\/uploads\/2018\/03\/AUSIN160511-141706.jpg\" rel=\"noopener noreferrer\"><img loading=\"lazy\" decoding=\"async\" width=\"1920\" height=\"1920\" src=\"https:\/\/mb2812.de\/wp-content\/uploads\/2018\/03\/AUSIN160511-141706.jpg\" alt=\"\" class=\"wp-image-5028\" style=\"width:710px\" srcset=\"https:\/\/mb2812.de\/wp-content\/uploads\/2018\/03\/AUSIN160511-141706.jpg 1920w, https:\/\/mb2812.de\/wp-content\/uploads\/2018\/03\/AUSIN160511-141706-150x150.jpg 150w, https:\/\/mb2812.de\/wp-content\/uploads\/2018\/03\/AUSIN160511-141706-300x300.jpg 300w, https:\/\/mb2812.de\/wp-content\/uploads\/2018\/03\/AUSIN160511-141706-768x768.jpg 768w, https:\/\/mb2812.de\/wp-content\/uploads\/2018\/03\/AUSIN160511-141706-1024x1024.jpg 1024w, https:\/\/mb2812.de\/wp-content\/uploads\/2018\/03\/AUSIN160511-141706-668x668.jpg 668w\" sizes=\"auto, (max-width: 1920px) 100vw, 1920px\" \/><\/a><figcaption class=\"wp-element-caption\">The Corso<\/figcaption><\/figure>\n\n\n\n<figure class=\"wp-block-image aligncenter size-full is-resized\"><a href=\"http:\/\/reiseblog.mb2812.de\/wp-content\/uploads\/2018\/03\/AUSIN160511-141742.jpg\" rel=\"noopener noreferrer\"><img loading=\"lazy\" decoding=\"async\" width=\"1920\" height=\"1920\" src=\"https:\/\/mb2812.de\/wp-content\/uploads\/2018\/03\/AUSIN160511-141742.jpg\" alt=\"\" class=\"wp-image-5029\" style=\"width:710px\" srcset=\"https:\/\/mb2812.de\/wp-content\/uploads\/2018\/03\/AUSIN160511-141742.jpg 1920w, https:\/\/mb2812.de\/wp-content\/uploads\/2018\/03\/AUSIN160511-141742-150x150.jpg 150w, https:\/\/mb2812.de\/wp-content\/uploads\/2018\/03\/AUSIN160511-141742-300x300.jpg 300w, https:\/\/mb2812.de\/wp-content\/uploads\/2018\/03\/AUSIN160511-141742-768x768.jpg 768w, https:\/\/mb2812.de\/wp-content\/uploads\/2018\/03\/AUSIN160511-141742-1024x1024.jpg 1024w, https:\/\/mb2812.de\/wp-content\/uploads\/2018\/03\/AUSIN160511-141742-668x668.jpg 668w\" sizes=\"auto, (max-width: 1920px) 100vw, 1920px\" \/><\/a><figcaption class=\"wp-element-caption\">Zeit f\u00fcr einen Imbiss<\/figcaption><\/figure>\n\n\n\n<figure class=\"wp-block-image aligncenter size-full is-resized\"><a href=\"http:\/\/reiseblog.mb2812.de\/wp-content\/uploads\/2018\/03\/AUSIN160511-141939.jpg\" rel=\"noopener noreferrer\"><img loading=\"lazy\" decoding=\"async\" width=\"1920\" height=\"1920\" src=\"https:\/\/mb2812.de\/wp-content\/uploads\/2018\/03\/AUSIN160511-141939.jpg\" alt=\"\" class=\"wp-image-5030\" style=\"width:710px\" srcset=\"https:\/\/mb2812.de\/wp-content\/uploads\/2018\/03\/AUSIN160511-141939.jpg 1920w, https:\/\/mb2812.de\/wp-content\/uploads\/2018\/03\/AUSIN160511-141939-150x150.jpg 150w, https:\/\/mb2812.de\/wp-content\/uploads\/2018\/03\/AUSIN160511-141939-300x300.jpg 300w, https:\/\/mb2812.de\/wp-content\/uploads\/2018\/03\/AUSIN160511-141939-768x768.jpg 768w, https:\/\/mb2812.de\/wp-content\/uploads\/2018\/03\/AUSIN160511-141939-1024x1024.jpg 1024w, https:\/\/mb2812.de\/wp-content\/uploads\/2018\/03\/AUSIN160511-141939-668x668.jpg 668w\" sizes=\"auto, (max-width: 1920px) 100vw, 1920px\" \/><\/a><figcaption class=\"wp-element-caption\">Manly Beach<\/figcaption><\/figure>\n\n\n\n<figure class=\"wp-block-image aligncenter size-full is-resized\"><a href=\"http:\/\/reiseblog.mb2812.de\/wp-content\/uploads\/2018\/03\/AUSIN160511-142031.jpg\" rel=\"noopener noreferrer\"><img loading=\"lazy\" decoding=\"async\" width=\"1920\" height=\"1920\" src=\"https:\/\/mb2812.de\/wp-content\/uploads\/2018\/03\/AUSIN160511-142031.jpg\" alt=\"\" class=\"wp-image-5031\" style=\"width:710px\" srcset=\"https:\/\/mb2812.de\/wp-content\/uploads\/2018\/03\/AUSIN160511-142031.jpg 1920w, https:\/\/mb2812.de\/wp-content\/uploads\/2018\/03\/AUSIN160511-142031-150x150.jpg 150w, https:\/\/mb2812.de\/wp-content\/uploads\/2018\/03\/AUSIN160511-142031-300x300.jpg 300w, https:\/\/mb2812.de\/wp-content\/uploads\/2018\/03\/AUSIN160511-142031-768x768.jpg 768w, https:\/\/mb2812.de\/wp-content\/uploads\/2018\/03\/AUSIN160511-142031-1024x1024.jpg 1024w, https:\/\/mb2812.de\/wp-content\/uploads\/2018\/03\/AUSIN160511-142031-668x668.jpg 668w\" sizes=\"auto, (max-width: 1920px) 100vw, 1920px\" \/><\/a><figcaption class=\"wp-element-caption\">Blick den Strand entlang nach Norden<\/figcaption><\/figure>\n\n\n\n<figure class=\"wp-block-image aligncenter size-full is-resized\"><a href=\"http:\/\/reiseblog.mb2812.de\/wp-content\/uploads\/2018\/03\/AUSIN160511-142053.jpg\" rel=\"noopener noreferrer\"><img loading=\"lazy\" decoding=\"async\" width=\"1920\" height=\"1920\" src=\"https:\/\/mb2812.de\/wp-content\/uploads\/2018\/03\/AUSIN160511-142053.jpg\" alt=\"\" class=\"wp-image-5032\" style=\"width:710px\" srcset=\"https:\/\/mb2812.de\/wp-content\/uploads\/2018\/03\/AUSIN160511-142053.jpg 1920w, https:\/\/mb2812.de\/wp-content\/uploads\/2018\/03\/AUSIN160511-142053-150x150.jpg 150w, https:\/\/mb2812.de\/wp-content\/uploads\/2018\/03\/AUSIN160511-142053-300x300.jpg 300w, https:\/\/mb2812.de\/wp-content\/uploads\/2018\/03\/AUSIN160511-142053-768x768.jpg 768w, https:\/\/mb2812.de\/wp-content\/uploads\/2018\/03\/AUSIN160511-142053-1024x1024.jpg 1024w, https:\/\/mb2812.de\/wp-content\/uploads\/2018\/03\/AUSIN160511-142053-668x668.jpg 668w\" sizes=\"auto, (max-width: 1920px) 100vw, 1920px\" \/><\/a><figcaption class=\"wp-element-caption\">Der Strand<\/figcaption><\/figure>\n\n\n\n<figure class=\"wp-block-image aligncenter size-full is-resized\"><a href=\"http:\/\/reiseblog.mb2812.de\/wp-content\/uploads\/2018\/03\/AUSIN160511-142912.jpg\" rel=\"noopener noreferrer\"><img loading=\"lazy\" decoding=\"async\" width=\"1920\" height=\"1920\" src=\"https:\/\/mb2812.de\/wp-content\/uploads\/2018\/03\/AUSIN160511-142912.jpg\" alt=\"\" class=\"wp-image-5034\" style=\"width:710px\" srcset=\"https:\/\/mb2812.de\/wp-content\/uploads\/2018\/03\/AUSIN160511-142912.jpg 1920w, https:\/\/mb2812.de\/wp-content\/uploads\/2018\/03\/AUSIN160511-142912-150x150.jpg 150w, https:\/\/mb2812.de\/wp-content\/uploads\/2018\/03\/AUSIN160511-142912-300x300.jpg 300w, https:\/\/mb2812.de\/wp-content\/uploads\/2018\/03\/AUSIN160511-142912-768x768.jpg 768w, https:\/\/mb2812.de\/wp-content\/uploads\/2018\/03\/AUSIN160511-142912-1024x1024.jpg 1024w, https:\/\/mb2812.de\/wp-content\/uploads\/2018\/03\/AUSIN160511-142912-668x668.jpg 668w\" sizes=\"auto, (max-width: 1920px) 100vw, 1920px\" \/><\/a><figcaption class=\"wp-element-caption\">Blick den Strand entlang nach S\u00fcden<\/figcaption><\/figure>\n\n\n\n<figure class=\"wp-block-image aligncenter size-full is-resized\"><a href=\"http:\/\/reiseblog.mb2812.de\/wp-content\/uploads\/2018\/03\/AUSIN160511-143003.jpg\" rel=\"noopener noreferrer\"><img loading=\"lazy\" decoding=\"async\" width=\"1920\" height=\"1920\" src=\"https:\/\/mb2812.de\/wp-content\/uploads\/2018\/03\/AUSIN160511-143003.jpg\" alt=\"\" class=\"wp-image-5035\" style=\"width:710px\" srcset=\"https:\/\/mb2812.de\/wp-content\/uploads\/2018\/03\/AUSIN160511-143003.jpg 1920w, https:\/\/mb2812.de\/wp-content\/uploads\/2018\/03\/AUSIN160511-143003-150x150.jpg 150w, https:\/\/mb2812.de\/wp-content\/uploads\/2018\/03\/AUSIN160511-143003-300x300.jpg 300w, https:\/\/mb2812.de\/wp-content\/uploads\/2018\/03\/AUSIN160511-143003-768x768.jpg 768w, https:\/\/mb2812.de\/wp-content\/uploads\/2018\/03\/AUSIN160511-143003-1024x1024.jpg 1024w, https:\/\/mb2812.de\/wp-content\/uploads\/2018\/03\/AUSIN160511-143003-668x668.jpg 668w\" sizes=\"auto, (max-width: 1920px) 100vw, 1920px\" \/><\/a><figcaption class=\"wp-element-caption\">Surfkurs<\/figcaption><\/figure>\n\n\n\n<figure class=\"wp-block-image aligncenter size-full is-resized\"><a href=\"http:\/\/reiseblog.mb2812.de\/wp-content\/uploads\/2018\/03\/AUSIN160511-153808.jpg\" rel=\"noopener noreferrer\"><img loading=\"lazy\" decoding=\"async\" width=\"1920\" height=\"1920\" src=\"https:\/\/mb2812.de\/wp-content\/uploads\/2018\/03\/AUSIN160511-153808.jpg\" alt=\"\" class=\"wp-image-5037\" style=\"width:710px\" srcset=\"https:\/\/mb2812.de\/wp-content\/uploads\/2018\/03\/AUSIN160511-153808.jpg 1920w, https:\/\/mb2812.de\/wp-content\/uploads\/2018\/03\/AUSIN160511-153808-150x150.jpg 150w, https:\/\/mb2812.de\/wp-content\/uploads\/2018\/03\/AUSIN160511-153808-300x300.jpg 300w, https:\/\/mb2812.de\/wp-content\/uploads\/2018\/03\/AUSIN160511-153808-768x768.jpg 768w, https:\/\/mb2812.de\/wp-content\/uploads\/2018\/03\/AUSIN160511-153808-1024x1024.jpg 1024w, https:\/\/mb2812.de\/wp-content\/uploads\/2018\/03\/AUSIN160511-153808-668x668.jpg 668w\" sizes=\"auto, (max-width: 1920px) 100vw, 1920px\" \/><\/a><figcaption class=\"wp-element-caption\">Pause im &#8222;Bavarian Beer Caf\u00e9&#8220;<\/figcaption><\/figure>\n\n\n\n<p>Mit der F\u00e4hre ging es im Sonnenuntergang zur\u00fcck nach Downtown Sydney, da haben wir die Stadt noch durchstreift auf der Suche nach einem Mobilfunkshop. Wir wurden f\u00fcndig und haben eine australische Simkarte f\u00fcr die Zeit des Urlaubs gekauft.<\/p>\n\n\n\n<figure class=\"wp-block-image aligncenter size-full is-resized\"><a href=\"http:\/\/reiseblog.mb2812.de\/wp-content\/uploads\/2018\/03\/AUSIN160511-162317.jpg\" rel=\"noopener noreferrer\"><img loading=\"lazy\" decoding=\"async\" width=\"1920\" height=\"1920\" src=\"https:\/\/mb2812.de\/wp-content\/uploads\/2018\/03\/AUSIN160511-162317.jpg\" alt=\"\" class=\"wp-image-5038\" style=\"width:710px\" srcset=\"https:\/\/mb2812.de\/wp-content\/uploads\/2018\/03\/AUSIN160511-162317.jpg 1920w, https:\/\/mb2812.de\/wp-content\/uploads\/2018\/03\/AUSIN160511-162317-150x150.jpg 150w, https:\/\/mb2812.de\/wp-content\/uploads\/2018\/03\/AUSIN160511-162317-300x300.jpg 300w, https:\/\/mb2812.de\/wp-content\/uploads\/2018\/03\/AUSIN160511-162317-768x768.jpg 768w, https:\/\/mb2812.de\/wp-content\/uploads\/2018\/03\/AUSIN160511-162317-1024x1024.jpg 1024w, https:\/\/mb2812.de\/wp-content\/uploads\/2018\/03\/AUSIN160511-162317-668x668.jpg 668w\" sizes=\"auto, (max-width: 1920px) 100vw, 1920px\" \/><\/a><figcaption class=\"wp-element-caption\">Eines der F\u00e4hrboote kurz vor Manly<\/figcaption><\/figure>\n\n\n\n<figure class=\"wp-block-image aligncenter size-full is-resized\"><a href=\"http:\/\/reiseblog.mb2812.de\/wp-content\/uploads\/2016\/05\/DSC_1490-NEF_DxO_DeepPRIME.jpg\" rel=\"noopener\"><img loading=\"lazy\" decoding=\"async\" width=\"1920\" height=\"1920\" src=\"https:\/\/mb2812.de\/wp-content\/uploads\/2016\/05\/DSC_1490-NEF_DxO_DeepPRIME.jpg\" alt=\"\" class=\"wp-image-10833\" style=\"width:710px\" srcset=\"https:\/\/mb2812.de\/wp-content\/uploads\/2016\/05\/DSC_1490-NEF_DxO_DeepPRIME.jpg 1920w, https:\/\/mb2812.de\/wp-content\/uploads\/2016\/05\/DSC_1490-NEF_DxO_DeepPRIME-300x300.jpg 300w, https:\/\/mb2812.de\/wp-content\/uploads\/2016\/05\/DSC_1490-NEF_DxO_DeepPRIME-1024x1024.jpg 1024w, https:\/\/mb2812.de\/wp-content\/uploads\/2016\/05\/DSC_1490-NEF_DxO_DeepPRIME-150x150.jpg 150w, https:\/\/mb2812.de\/wp-content\/uploads\/2016\/05\/DSC_1490-NEF_DxO_DeepPRIME-768x768.jpg 768w, https:\/\/mb2812.de\/wp-content\/uploads\/2016\/05\/DSC_1490-NEF_DxO_DeepPRIME-1536x1536.jpg 1536w, https:\/\/mb2812.de\/wp-content\/uploads\/2016\/05\/DSC_1490-NEF_DxO_DeepPRIME-668x668.jpg 668w\" sizes=\"auto, (max-width: 1920px) 100vw, 1920px\" \/><\/a><figcaption class=\"wp-element-caption\">Die Skyline im Sonnenuntergang<\/figcaption><\/figure>\n\n\n\n<figure class=\"wp-block-image aligncenter size-full is-resized\"><a href=\"http:\/\/reiseblog.mb2812.de\/wp-content\/uploads\/2018\/03\/AUSIN160511-171028.jpg\" rel=\"noopener noreferrer\"><img loading=\"lazy\" decoding=\"async\" width=\"1920\" height=\"1920\" src=\"https:\/\/mb2812.de\/wp-content\/uploads\/2018\/03\/AUSIN160511-171028.jpg\" alt=\"\" class=\"wp-image-5039\" style=\"width:710px\" srcset=\"https:\/\/mb2812.de\/wp-content\/uploads\/2018\/03\/AUSIN160511-171028.jpg 1920w, https:\/\/mb2812.de\/wp-content\/uploads\/2018\/03\/AUSIN160511-171028-150x150.jpg 150w, https:\/\/mb2812.de\/wp-content\/uploads\/2018\/03\/AUSIN160511-171028-300x300.jpg 300w, https:\/\/mb2812.de\/wp-content\/uploads\/2018\/03\/AUSIN160511-171028-768x768.jpg 768w, https:\/\/mb2812.de\/wp-content\/uploads\/2018\/03\/AUSIN160511-171028-1024x1024.jpg 1024w, https:\/\/mb2812.de\/wp-content\/uploads\/2018\/03\/AUSIN160511-171028-668x668.jpg 668w\" sizes=\"auto, (max-width: 1920px) 100vw, 1920px\" \/><\/a><figcaption class=\"wp-element-caption\">Martin Place im Sonnenuntergang, der Turm geh\u00f6rt zum ehem. Hauptpostamt, jetzt das Westin Hotel<\/figcaption><\/figure>\n\n\n\n<p>Was Abendessen angeht, kann ich sagen wo wir \u00fcberall gegessen haben, vorwiegend in Pyrmont. Ich weiss aber nicht mehr, wo wir an welchem Tag waren. Daher f\u00fchre ich alle Lokalit\u00e4ten hier mal kurz auf. Einmal bei einem Inder, einmal beim Thail\u00e4nder gegen\u00fcber des Harlequin Pub, und auch nochmals im Harlequin Pub. Einen Abend haben wir im Hotelrestaurant gegessen, und einmal waren wir in einem &#8222;Pancake&#8220; Restaurant im Shopping Center am Darling Harbour. Das war das einzige Essen das mir nicht so richtig gefallen hat, ich hatte auch leichte Magenprobleme an n\u00e4chsten Tag. Auffallend an diesem Restaurant war die gro\u00dfe Zahl asiatischer Touristen, die dort (nur) ein (riesengrosses) Eis gegessen haben. Es musste wohl irgendwie in einem Reisef\u00fchrer gelobt worden sein &#8230; .<\/p>\n","protected":false},"excerpt":{"rendered":"<p>Zwei der bekanntesten Str\u00e4nde Sydney besuchen wir heute: Bondi Beach und Manly Beach<\/p>\n","protected":false},"author":1,"featured_media":5018,"comment_status":"closed","ping_status":"closed","sticky":false,"template":"","format":"standard","meta":{"footnotes":""},"categories":[10],"tags":[155,149,157,158,151],"class_list":["post-5013","post","type-post","status-publish","format-standard","has-post-thumbnail","hentry","category-australiensingapur-2016","tag-155","tag-australien","tag-bondi-beach","tag-manly-beach","tag-sydney"],"_links":{"self":[{"href":"https:\/\/mb2812.de\/index.php?rest_route=\/wp\/v2\/posts\/5013","targetHints":{"allow":["GET"]}}],"collection":[{"href":"https:\/\/mb2812.de\/index.php?rest_route=\/wp\/v2\/posts"}],"about":[{"href":"https:\/\/mb2812.de\/index.php?rest_route=\/wp\/v2\/types\/post"}],"author":[{"embeddable":true,"href":"https:\/\/mb2812.de\/index.php?rest_route=\/wp\/v2\/users\/1"}],"replies":[{"embeddable":true,"href":"https:\/\/mb2812.de\/index.php?rest_route=%2Fwp%2Fv2%2Fcomments&post=5013"}],"version-history":[{"count":10,"href":"https:\/\/mb2812.de\/index.php?rest_route=\/wp\/v2\/posts\/5013\/revisions"}],"predecessor-version":[{"id":17273,"href":"https:\/\/mb2812.de\/index.php?rest_route=\/wp\/v2\/posts\/5013\/revisions\/17273"}],"wp:featuredmedia":[{"embeddable":true,"href":"https:\/\/mb2812.de\/index.php?rest_route=\/wp\/v2\/media\/5018"}],"wp:attachment":[{"href":"https:\/\/mb2812.de\/index.php?rest_route=%2Fwp%2Fv2%2Fmedia&parent=5013"}],"wp:term":[{"taxonomy":"category","embeddable":true,"href":"https:\/\/mb2812.de\/index.php?rest_route=%2Fwp%2Fv2%2Fcategories&post=5013"},{"taxonomy":"post_tag","embeddable":true,"href":"https:\/\/mb2812.de\/index.php?rest_route=%2Fwp%2Fv2%2Ftags&post=5013"}],"curies":[{"name":"wp","href":"https:\/\/api.w.org\/{rel}","templated":true}]}}