{"id":2894,"date":"2011-05-17T09:00:35","date_gmt":"2011-05-17T07:00:35","guid":{"rendered":"http:\/\/reiseblog.mb2812.de\/?p=2894"},"modified":"2025-06-27T20:27:03","modified_gmt":"2025-06-27T18:27:03","slug":"bruegge-und-faehre-nach-hull","status":"publish","type":"post","link":"https:\/\/mb2812.de\/?p=2894","title":{"rendered":"Br\u00fcgge und F\u00e4hre nach Hull"},"content":{"rendered":"\n<figure class=\"wp-block-image aligncenter size-full is-resized\"><a href=\"http:\/\/reiseblog.mb2812.de\/wp-content\/uploads\/2011\/05\/UK11-0517-01.jpg\" rel=\"noopener\"><img loading=\"lazy\" decoding=\"async\" width=\"2775\" height=\"3700\" src=\"https:\/\/mb2812.de\/wp-content\/uploads\/2011\/05\/UK11-0517-01.jpg\" alt=\"\" class=\"wp-image-4668\" style=\"width:600px\" srcset=\"https:\/\/mb2812.de\/wp-content\/uploads\/2011\/05\/UK11-0517-01.jpg 2775w, https:\/\/mb2812.de\/wp-content\/uploads\/2011\/05\/UK11-0517-01-225x300.jpg 225w, https:\/\/mb2812.de\/wp-content\/uploads\/2011\/05\/UK11-0517-01-768x1024.jpg 768w, https:\/\/mb2812.de\/wp-content\/uploads\/2011\/05\/UK11-0517-01-668x891.jpg 668w\" sizes=\"auto, (max-width: 2775px) 100vw, 2775px\" \/><\/a><figcaption class=\"wp-element-caption\">Auf dem Weg zum &#8218;Grote Markt&#8216; an der Sint Amandsstraat. Der Belfried ragt \u00fcber die H\u00e4user<\/figcaption><\/figure>\n\n\n\n<!--more-->\n\n\n\n<figure class=\"wp-block-image aligncenter size-full is-resized\"><a href=\"http:\/\/reiseblog.mb2812.de\/wp-content\/uploads\/2011\/05\/UK11-0517-02.jpg\" rel=\"noopener\"><img loading=\"lazy\" decoding=\"async\" width=\"4020\" height=\"2680\" src=\"https:\/\/mb2812.de\/wp-content\/uploads\/2011\/05\/UK11-0517-02.jpg\" alt=\"\" class=\"wp-image-4648\" style=\"width:800px\" srcset=\"https:\/\/mb2812.de\/wp-content\/uploads\/2011\/05\/UK11-0517-02.jpg 4020w, https:\/\/mb2812.de\/wp-content\/uploads\/2011\/05\/UK11-0517-02-300x200.jpg 300w, https:\/\/mb2812.de\/wp-content\/uploads\/2011\/05\/UK11-0517-02-768x512.jpg 768w, https:\/\/mb2812.de\/wp-content\/uploads\/2011\/05\/UK11-0517-02-1024x683.jpg 1024w, https:\/\/mb2812.de\/wp-content\/uploads\/2011\/05\/UK11-0517-02-668x445.jpg 668w\" sizes=\"auto, (max-width: 4020px) 100vw, 4020px\" \/><\/a><figcaption class=\"wp-element-caption\">Grote Markt \/ Sint Amandsstraat<\/figcaption><\/figure>\n\n\n\n<figure class=\"wp-block-image aligncenter size-full is-resized\"><a href=\"http:\/\/reiseblog.mb2812.de\/wp-content\/uploads\/2011\/05\/UK11-0517-04.jpg\" rel=\"noopener\"><img loading=\"lazy\" decoding=\"async\" width=\"3156\" height=\"2104\" src=\"https:\/\/mb2812.de\/wp-content\/uploads\/2011\/05\/UK11-0517-04.jpg\" alt=\"\" class=\"wp-image-4650\" style=\"width:800px\" srcset=\"https:\/\/mb2812.de\/wp-content\/uploads\/2011\/05\/UK11-0517-04.jpg 3156w, https:\/\/mb2812.de\/wp-content\/uploads\/2011\/05\/UK11-0517-04-300x200.jpg 300w, https:\/\/mb2812.de\/wp-content\/uploads\/2011\/05\/UK11-0517-04-768x512.jpg 768w, https:\/\/mb2812.de\/wp-content\/uploads\/2011\/05\/UK11-0517-04-1024x683.jpg 1024w, https:\/\/mb2812.de\/wp-content\/uploads\/2011\/05\/UK11-0517-04-668x445.jpg 668w\" sizes=\"auto, (max-width: 3156px) 100vw, 3156px\" \/><\/a><figcaption class=\"wp-element-caption\">Kutschen warten auf Touristen auf dem Grote Markt<\/figcaption><\/figure>\n\n\n\n<figure class=\"wp-block-image aligncenter size-full is-resized\"><a href=\"http:\/\/reiseblog.mb2812.de\/wp-content\/uploads\/2011\/05\/UK11-0517-03.jpg\" rel=\"noopener\"><img loading=\"lazy\" decoding=\"async\" width=\"2681\" height=\"3575\" src=\"https:\/\/mb2812.de\/wp-content\/uploads\/2011\/05\/UK11-0517-03.jpg\" alt=\"\" class=\"wp-image-4649\" style=\"width:535px\" srcset=\"https:\/\/mb2812.de\/wp-content\/uploads\/2011\/05\/UK11-0517-03.jpg 2681w, https:\/\/mb2812.de\/wp-content\/uploads\/2011\/05\/UK11-0517-03-225x300.jpg 225w, https:\/\/mb2812.de\/wp-content\/uploads\/2011\/05\/UK11-0517-03-768x1024.jpg 768w, https:\/\/mb2812.de\/wp-content\/uploads\/2011\/05\/UK11-0517-03-668x891.jpg 668w\" sizes=\"auto, (max-width: 2681px) 100vw, 2681px\" \/><\/a><figcaption class=\"wp-element-caption\">Die Markthallen mit dem Belfried<\/figcaption><\/figure>\n\n\n\n<figure class=\"wp-block-image aligncenter size-full is-resized\"><a href=\"http:\/\/reiseblog.mb2812.de\/wp-content\/uploads\/2011\/05\/UK11-0517-05.jpg\" rel=\"noopener\"><img loading=\"lazy\" decoding=\"async\" width=\"2693\" height=\"4040\" src=\"https:\/\/mb2812.de\/wp-content\/uploads\/2011\/05\/UK11-0517-05.jpg\" alt=\"\" class=\"wp-image-4651\" style=\"width:535px\" srcset=\"https:\/\/mb2812.de\/wp-content\/uploads\/2011\/05\/UK11-0517-05.jpg 2693w, https:\/\/mb2812.de\/wp-content\/uploads\/2011\/05\/UK11-0517-05-200x300.jpg 200w, https:\/\/mb2812.de\/wp-content\/uploads\/2011\/05\/UK11-0517-05-768x1152.jpg 768w, https:\/\/mb2812.de\/wp-content\/uploads\/2011\/05\/UK11-0517-05-683x1024.jpg 683w, https:\/\/mb2812.de\/wp-content\/uploads\/2011\/05\/UK11-0517-05-668x1002.jpg 668w\" sizes=\"auto, (max-width: 2693px) 100vw, 2693px\" \/><\/a><figcaption class=\"wp-element-caption\">Detail des Belfried \u00fcber dem Tor<\/figcaption><\/figure>\n\n\n\n<figure class=\"wp-block-image aligncenter size-full is-resized\"><a href=\"http:\/\/reiseblog.mb2812.de\/wp-content\/uploads\/2011\/05\/UK11-0517-06.jpg\" rel=\"noopener\"><img loading=\"lazy\" decoding=\"async\" width=\"2352\" height=\"3528\" src=\"https:\/\/mb2812.de\/wp-content\/uploads\/2011\/05\/UK11-0517-06.jpg\" alt=\"\" class=\"wp-image-4652\" style=\"width:535px\" srcset=\"https:\/\/mb2812.de\/wp-content\/uploads\/2011\/05\/UK11-0517-06.jpg 2352w, https:\/\/mb2812.de\/wp-content\/uploads\/2011\/05\/UK11-0517-06-200x300.jpg 200w, https:\/\/mb2812.de\/wp-content\/uploads\/2011\/05\/UK11-0517-06-768x1152.jpg 768w, https:\/\/mb2812.de\/wp-content\/uploads\/2011\/05\/UK11-0517-06-683x1024.jpg 683w, https:\/\/mb2812.de\/wp-content\/uploads\/2011\/05\/UK11-0517-06-668x1002.jpg 668w\" sizes=\"auto, (max-width: 2352px) 100vw, 2352px\" \/><\/a><figcaption class=\"wp-element-caption\">Der Belfried vom Innenhof aus<\/figcaption><\/figure>\n\n\n\n<figure class=\"wp-block-image aligncenter size-full is-resized\"><a href=\"http:\/\/reiseblog.mb2812.de\/wp-content\/uploads\/2011\/05\/UK11-0517-07.jpg\" rel=\"noopener\"><img loading=\"lazy\" decoding=\"async\" width=\"4106\" height=\"2737\" src=\"https:\/\/mb2812.de\/wp-content\/uploads\/2011\/05\/UK11-0517-07.jpg\" alt=\"\" class=\"wp-image-4653\" style=\"width:800px\" srcset=\"https:\/\/mb2812.de\/wp-content\/uploads\/2011\/05\/UK11-0517-07.jpg 4106w, https:\/\/mb2812.de\/wp-content\/uploads\/2011\/05\/UK11-0517-07-300x200.jpg 300w, https:\/\/mb2812.de\/wp-content\/uploads\/2011\/05\/UK11-0517-07-768x512.jpg 768w, https:\/\/mb2812.de\/wp-content\/uploads\/2011\/05\/UK11-0517-07-1024x683.jpg 1024w, https:\/\/mb2812.de\/wp-content\/uploads\/2011\/05\/UK11-0517-07-668x445.jpg 668w\" sizes=\"auto, (max-width: 4106px) 100vw, 4106px\" \/><\/a><figcaption class=\"wp-element-caption\">Blick vom Rozenhoedkai aus in Richtung Innenstadt<\/figcaption><\/figure>\n\n\n\n<figure class=\"wp-block-image aligncenter size-full is-resized\"><a href=\"http:\/\/reiseblog.mb2812.de\/wp-content\/uploads\/2011\/05\/UK11-0517-08.jpg\" rel=\"noopener\"><img loading=\"lazy\" decoding=\"async\" width=\"4162\" height=\"2775\" src=\"https:\/\/mb2812.de\/wp-content\/uploads\/2011\/05\/UK11-0517-08.jpg\" alt=\"\" class=\"wp-image-4654\" style=\"width:800px\" srcset=\"https:\/\/mb2812.de\/wp-content\/uploads\/2011\/05\/UK11-0517-08.jpg 4162w, https:\/\/mb2812.de\/wp-content\/uploads\/2011\/05\/UK11-0517-08-300x200.jpg 300w, https:\/\/mb2812.de\/wp-content\/uploads\/2011\/05\/UK11-0517-08-768x512.jpg 768w, https:\/\/mb2812.de\/wp-content\/uploads\/2011\/05\/UK11-0517-08-1024x683.jpg 1024w, https:\/\/mb2812.de\/wp-content\/uploads\/2011\/05\/UK11-0517-08-668x445.jpg 668w\" sizes=\"auto, (max-width: 4162px) 100vw, 4162px\" \/><\/a><figcaption class=\"wp-element-caption\">Blick Richtung Jan van Eyckplein, der Turm geh\u00f6rt zur Poortersloge<\/figcaption><\/figure>\n\n\n\n<figure class=\"wp-block-image aligncenter size-full is-resized\"><a href=\"http:\/\/reiseblog.mb2812.de\/wp-content\/uploads\/2011\/05\/UK11-0517-09.jpg\" rel=\"noopener\"><img loading=\"lazy\" decoding=\"async\" width=\"3891\" height=\"2594\" src=\"https:\/\/mb2812.de\/wp-content\/uploads\/2011\/05\/UK11-0517-09.jpg\" alt=\"\" class=\"wp-image-4655\" style=\"width:800px\" srcset=\"https:\/\/mb2812.de\/wp-content\/uploads\/2011\/05\/UK11-0517-09.jpg 3891w, https:\/\/mb2812.de\/wp-content\/uploads\/2011\/05\/UK11-0517-09-300x200.jpg 300w, https:\/\/mb2812.de\/wp-content\/uploads\/2011\/05\/UK11-0517-09-768x512.jpg 768w, https:\/\/mb2812.de\/wp-content\/uploads\/2011\/05\/UK11-0517-09-1024x683.jpg 1024w, https:\/\/mb2812.de\/wp-content\/uploads\/2011\/05\/UK11-0517-09-668x445.jpg 668w\" sizes=\"auto, (max-width: 3891px) 100vw, 3891px\" \/><\/a><figcaption class=\"wp-element-caption\">Alte H\u00e4user an der Spiegelrei<\/figcaption><\/figure>\n\n\n\n<figure class=\"wp-block-image aligncenter size-full is-resized\"><a href=\"http:\/\/reiseblog.mb2812.de\/wp-content\/uploads\/2011\/05\/UK11-0517-10.jpg\" rel=\"noopener\"><img loading=\"lazy\" decoding=\"async\" width=\"4122\" height=\"2748\" src=\"https:\/\/mb2812.de\/wp-content\/uploads\/2011\/05\/UK11-0517-10.jpg\" alt=\"\" class=\"wp-image-4656\" style=\"width:800px\" srcset=\"https:\/\/mb2812.de\/wp-content\/uploads\/2011\/05\/UK11-0517-10.jpg 4122w, https:\/\/mb2812.de\/wp-content\/uploads\/2011\/05\/UK11-0517-10-300x200.jpg 300w, https:\/\/mb2812.de\/wp-content\/uploads\/2011\/05\/UK11-0517-10-768x512.jpg 768w, https:\/\/mb2812.de\/wp-content\/uploads\/2011\/05\/UK11-0517-10-1024x683.jpg 1024w, https:\/\/mb2812.de\/wp-content\/uploads\/2011\/05\/UK11-0517-10-668x445.jpg 668w\" sizes=\"auto, (max-width: 4122px) 100vw, 4122px\" \/><\/a><figcaption class=\"wp-element-caption\">Sint Annarei<\/figcaption><\/figure>\n\n\n\n<figure class=\"wp-block-image aligncenter size-full is-resized\"><a href=\"http:\/\/reiseblog.mb2812.de\/wp-content\/uploads\/2011\/05\/UK11-0517-11.jpg\" rel=\"noopener\"><img loading=\"lazy\" decoding=\"async\" width=\"3014\" height=\"2009\" src=\"https:\/\/mb2812.de\/wp-content\/uploads\/2011\/05\/UK11-0517-11.jpg\" alt=\"\" class=\"wp-image-4657\" style=\"width:800px\" srcset=\"https:\/\/mb2812.de\/wp-content\/uploads\/2011\/05\/UK11-0517-11.jpg 3014w, https:\/\/mb2812.de\/wp-content\/uploads\/2011\/05\/UK11-0517-11-300x200.jpg 300w, https:\/\/mb2812.de\/wp-content\/uploads\/2011\/05\/UK11-0517-11-768x512.jpg 768w, https:\/\/mb2812.de\/wp-content\/uploads\/2011\/05\/UK11-0517-11-1024x683.jpg 1024w, https:\/\/mb2812.de\/wp-content\/uploads\/2011\/05\/UK11-0517-11-668x445.jpg 668w\" sizes=\"auto, (max-width: 3014px) 100vw, 3014px\" \/><\/a><figcaption class=\"wp-element-caption\">Pause in einem Caf\u00e9 am Eiermarkt<\/figcaption><\/figure>\n\n\n\n<figure class=\"wp-block-image aligncenter size-full is-resized\"><a href=\"http:\/\/reiseblog.mb2812.de\/wp-content\/uploads\/2011\/05\/UK11-0517-12.jpg\" rel=\"noopener\"><img loading=\"lazy\" decoding=\"async\" width=\"2713\" height=\"4069\" src=\"https:\/\/mb2812.de\/wp-content\/uploads\/2011\/05\/UK11-0517-12.jpg\" alt=\"\" class=\"wp-image-4658\" style=\"width:535px\" srcset=\"https:\/\/mb2812.de\/wp-content\/uploads\/2011\/05\/UK11-0517-12.jpg 2713w, https:\/\/mb2812.de\/wp-content\/uploads\/2011\/05\/UK11-0517-12-200x300.jpg 200w, https:\/\/mb2812.de\/wp-content\/uploads\/2011\/05\/UK11-0517-12-768x1152.jpg 768w, https:\/\/mb2812.de\/wp-content\/uploads\/2011\/05\/UK11-0517-12-683x1024.jpg 683w, https:\/\/mb2812.de\/wp-content\/uploads\/2011\/05\/UK11-0517-12-668x1002.jpg 668w\" sizes=\"auto, (max-width: 2713px) 100vw, 2713px\" \/><\/a><figcaption class=\"wp-element-caption\">Blick auf die Liebfrauenkirche (von Zonnekemers aus)<\/figcaption><\/figure>\n\n\n\n<figure class=\"wp-block-image aligncenter size-full is-resized\"><a href=\"http:\/\/reiseblog.mb2812.de\/wp-content\/uploads\/2011\/05\/UK11-0517-13.jpg\" rel=\"noopener\"><img loading=\"lazy\" decoding=\"async\" width=\"4176\" height=\"2784\" src=\"https:\/\/mb2812.de\/wp-content\/uploads\/2011\/05\/UK11-0517-13.jpg\" alt=\"\" class=\"wp-image-4659\" style=\"width:800px\" srcset=\"https:\/\/mb2812.de\/wp-content\/uploads\/2011\/05\/UK11-0517-13.jpg 4176w, https:\/\/mb2812.de\/wp-content\/uploads\/2011\/05\/UK11-0517-13-300x200.jpg 300w, https:\/\/mb2812.de\/wp-content\/uploads\/2011\/05\/UK11-0517-13-768x512.jpg 768w, https:\/\/mb2812.de\/wp-content\/uploads\/2011\/05\/UK11-0517-13-1024x683.jpg 1024w, https:\/\/mb2812.de\/wp-content\/uploads\/2011\/05\/UK11-0517-13-668x445.jpg 668w\" sizes=\"auto, (max-width: 4176px) 100vw, 4176px\" \/><\/a><figcaption class=\"wp-element-caption\">Blick Richtung Beginenhof (von Zonnekemers aus)<\/figcaption><\/figure>\n\n\n\n<figure class=\"wp-block-image aligncenter size-full is-resized\"><a href=\"http:\/\/reiseblog.mb2812.de\/wp-content\/uploads\/2011\/05\/UK11-0517-14.jpg\" rel=\"noopener\"><img loading=\"lazy\" decoding=\"async\" width=\"3862\" height=\"2575\" src=\"https:\/\/mb2812.de\/wp-content\/uploads\/2011\/05\/UK11-0517-14.jpg\" alt=\"\" class=\"wp-image-4660\" style=\"width:800px\" srcset=\"https:\/\/mb2812.de\/wp-content\/uploads\/2011\/05\/UK11-0517-14.jpg 3862w, https:\/\/mb2812.de\/wp-content\/uploads\/2011\/05\/UK11-0517-14-300x200.jpg 300w, https:\/\/mb2812.de\/wp-content\/uploads\/2011\/05\/UK11-0517-14-768x512.jpg 768w, https:\/\/mb2812.de\/wp-content\/uploads\/2011\/05\/UK11-0517-14-1024x683.jpg 1024w, https:\/\/mb2812.de\/wp-content\/uploads\/2011\/05\/UK11-0517-14-668x445.jpg 668w\" sizes=\"auto, (max-width: 3862px) 100vw, 3862px\" \/><\/a><figcaption class=\"wp-element-caption\">Kapelle und Kirche des Beginenhofs in Br\u00fcssel<\/figcaption><\/figure>\n\n\n\n<figure class=\"wp-block-image aligncenter size-full is-resized\"><a href=\"http:\/\/reiseblog.mb2812.de\/wp-content\/uploads\/2011\/05\/UK11-0517-15.jpg\" rel=\"noopener\"><img loading=\"lazy\" decoding=\"async\" width=\"3707\" height=\"2471\" src=\"https:\/\/mb2812.de\/wp-content\/uploads\/2011\/05\/UK11-0517-15.jpg\" alt=\"\" class=\"wp-image-4661\" style=\"width:800px\" srcset=\"https:\/\/mb2812.de\/wp-content\/uploads\/2011\/05\/UK11-0517-15.jpg 3707w, https:\/\/mb2812.de\/wp-content\/uploads\/2011\/05\/UK11-0517-15-300x200.jpg 300w, https:\/\/mb2812.de\/wp-content\/uploads\/2011\/05\/UK11-0517-15-768x512.jpg 768w, https:\/\/mb2812.de\/wp-content\/uploads\/2011\/05\/UK11-0517-15-1024x683.jpg 1024w, https:\/\/mb2812.de\/wp-content\/uploads\/2011\/05\/UK11-0517-15-668x445.jpg 668w\" sizes=\"auto, (max-width: 3707px) 100vw, 3707px\" \/><\/a><figcaption class=\"wp-element-caption\">In Zeebrugge vor der F\u00e4hre<\/figcaption><\/figure>\n\n\n\n<figure class=\"wp-block-image aligncenter size-full is-resized\"><a href=\"http:\/\/reiseblog.mb2812.de\/wp-content\/uploads\/2011\/05\/UK11-0517-16.jpg\" rel=\"noopener\"><img loading=\"lazy\" decoding=\"async\" width=\"3111\" height=\"2074\" src=\"https:\/\/mb2812.de\/wp-content\/uploads\/2011\/05\/UK11-0517-16.jpg\" alt=\"\" class=\"wp-image-4662\" style=\"width:800px\" srcset=\"https:\/\/mb2812.de\/wp-content\/uploads\/2011\/05\/UK11-0517-16.jpg 3111w, https:\/\/mb2812.de\/wp-content\/uploads\/2011\/05\/UK11-0517-16-300x200.jpg 300w, https:\/\/mb2812.de\/wp-content\/uploads\/2011\/05\/UK11-0517-16-768x512.jpg 768w, https:\/\/mb2812.de\/wp-content\/uploads\/2011\/05\/UK11-0517-16-1024x683.jpg 1024w, https:\/\/mb2812.de\/wp-content\/uploads\/2011\/05\/UK11-0517-16-668x445.jpg 668w\" sizes=\"auto, (max-width: 3111px) 100vw, 3111px\" \/><\/a><figcaption class=\"wp-element-caption\">Warten<\/figcaption><\/figure>\n\n\n\n<figure class=\"wp-block-image aligncenter size-full is-resized\"><a href=\"http:\/\/reiseblog.mb2812.de\/wp-content\/uploads\/2011\/05\/UK11-0517-17.jpg\" rel=\"noopener\"><img loading=\"lazy\" decoding=\"async\" width=\"3320\" height=\"2213\" src=\"https:\/\/mb2812.de\/wp-content\/uploads\/2011\/05\/UK11-0517-17.jpg\" alt=\"\" class=\"wp-image-4663\" style=\"width:800px\" srcset=\"https:\/\/mb2812.de\/wp-content\/uploads\/2011\/05\/UK11-0517-17.jpg 3320w, https:\/\/mb2812.de\/wp-content\/uploads\/2011\/05\/UK11-0517-17-300x200.jpg 300w, https:\/\/mb2812.de\/wp-content\/uploads\/2011\/05\/UK11-0517-17-768x512.jpg 768w, https:\/\/mb2812.de\/wp-content\/uploads\/2011\/05\/UK11-0517-17-1024x683.jpg 1024w, https:\/\/mb2812.de\/wp-content\/uploads\/2011\/05\/UK11-0517-17-668x445.jpg 668w\" sizes=\"auto, (max-width: 3320px) 100vw, 3320px\" \/><\/a><figcaption class=\"wp-element-caption\">Die F\u00e4hre (Pride of Brugge)<\/figcaption><\/figure>\n\n\n\n<figure class=\"wp-block-image aligncenter size-full is-resized\"><a href=\"http:\/\/reiseblog.mb2812.de\/wp-content\/uploads\/2011\/05\/UK11-0517-18.jpg\" rel=\"noopener\"><img loading=\"lazy\" decoding=\"async\" width=\"3348\" height=\"2232\" src=\"https:\/\/mb2812.de\/wp-content\/uploads\/2011\/05\/UK11-0517-18.jpg\" alt=\"\" class=\"wp-image-4664\" style=\"width:800px\" srcset=\"https:\/\/mb2812.de\/wp-content\/uploads\/2011\/05\/UK11-0517-18.jpg 3348w, https:\/\/mb2812.de\/wp-content\/uploads\/2011\/05\/UK11-0517-18-300x200.jpg 300w, https:\/\/mb2812.de\/wp-content\/uploads\/2011\/05\/UK11-0517-18-768x512.jpg 768w, https:\/\/mb2812.de\/wp-content\/uploads\/2011\/05\/UK11-0517-18-1024x683.jpg 1024w, https:\/\/mb2812.de\/wp-content\/uploads\/2011\/05\/UK11-0517-18-668x445.jpg 668w\" sizes=\"auto, (max-width: 3348px) 100vw, 3348px\" \/><\/a><figcaption class=\"wp-element-caption\">Blick vom Deck: Nebenan werden Frachtf\u00e4hren beladen<\/figcaption><\/figure>\n\n\n\n<figure class=\"wp-block-image aligncenter size-full is-resized\"><a href=\"http:\/\/reiseblog.mb2812.de\/wp-content\/uploads\/2011\/05\/UK11-0517-21.jpg\" rel=\"noopener\"><img loading=\"lazy\" decoding=\"async\" width=\"3348\" height=\"2232\" src=\"https:\/\/mb2812.de\/wp-content\/uploads\/2011\/05\/UK11-0517-21.jpg\" alt=\"\" class=\"wp-image-4667\" style=\"width:800px\" srcset=\"https:\/\/mb2812.de\/wp-content\/uploads\/2011\/05\/UK11-0517-21.jpg 3348w, https:\/\/mb2812.de\/wp-content\/uploads\/2011\/05\/UK11-0517-21-300x200.jpg 300w, https:\/\/mb2812.de\/wp-content\/uploads\/2011\/05\/UK11-0517-21-768x512.jpg 768w, https:\/\/mb2812.de\/wp-content\/uploads\/2011\/05\/UK11-0517-21-1024x683.jpg 1024w, https:\/\/mb2812.de\/wp-content\/uploads\/2011\/05\/UK11-0517-21-668x445.jpg 668w\" sizes=\"auto, (max-width: 3348px) 100vw, 3348px\" \/><\/a><figcaption class=\"wp-element-caption\">Blick vom Deck: Im Hintergrund liegt ein Kreuzfahrtschiff<\/figcaption><\/figure>\n\n\n\n<figure class=\"wp-block-image aligncenter size-full is-resized\"><a href=\"http:\/\/reiseblog.mb2812.de\/wp-content\/uploads\/2011\/05\/UK11-0517-20.jpg\" rel=\"noopener\"><img loading=\"lazy\" decoding=\"async\" width=\"2152\" height=\"3228\" src=\"https:\/\/mb2812.de\/wp-content\/uploads\/2011\/05\/UK11-0517-20.jpg\" alt=\"\" class=\"wp-image-4666\" style=\"width:535px\" srcset=\"https:\/\/mb2812.de\/wp-content\/uploads\/2011\/05\/UK11-0517-20.jpg 2152w, https:\/\/mb2812.de\/wp-content\/uploads\/2011\/05\/UK11-0517-20-200x300.jpg 200w, https:\/\/mb2812.de\/wp-content\/uploads\/2011\/05\/UK11-0517-20-768x1152.jpg 768w, https:\/\/mb2812.de\/wp-content\/uploads\/2011\/05\/UK11-0517-20-683x1024.jpg 683w, https:\/\/mb2812.de\/wp-content\/uploads\/2011\/05\/UK11-0517-20-668x1002.jpg 668w\" sizes=\"auto, (max-width: 2152px) 100vw, 2152px\" \/><\/a><figcaption class=\"wp-element-caption\">Unsere Kabine<\/figcaption><\/figure>\n\n\n\n<p>&nbsp;<\/p>\n","protected":false},"excerpt":{"rendered":"<p>Morgens schauen wir uns Br\u00fcgge an. Nachmittags geht es dann nach Zeebr\u00fcgge und die F\u00e4hr\u00fcberfahrt nach Hull beginnt<\/p>\n","protected":false},"author":1,"featured_media":4650,"comment_status":"closed","ping_status":"closed","sticky":false,"template":"","format":"standard","meta":{"footnotes":""},"categories":[9],"tags":[365,509,512,119,487],"class_list":["post-2894","post","type-post","status-publish","format-standard","has-post-thumbnail","hentry","category-uk-2011","tag-365","tag-belgien","tag-brugge","tag-grossbritannien","tag-schiff"],"_links":{"self":[{"href":"https:\/\/mb2812.de\/index.php?rest_route=\/wp\/v2\/posts\/2894","targetHints":{"allow":["GET"]}}],"collection":[{"href":"https:\/\/mb2812.de\/index.php?rest_route=\/wp\/v2\/posts"}],"about":[{"href":"https:\/\/mb2812.de\/index.php?rest_route=\/wp\/v2\/types\/post"}],"author":[{"embeddable":true,"href":"https:\/\/mb2812.de\/index.php?rest_route=\/wp\/v2\/users\/1"}],"replies":[{"embeddable":true,"href":"https:\/\/mb2812.de\/index.php?rest_route=%2Fwp%2Fv2%2Fcomments&post=2894"}],"version-history":[{"count":9,"href":"https:\/\/mb2812.de\/index.php?rest_route=\/wp\/v2\/posts\/2894\/revisions"}],"predecessor-version":[{"id":17697,"href":"https:\/\/mb2812.de\/index.php?rest_route=\/wp\/v2\/posts\/2894\/revisions\/17697"}],"wp:featuredmedia":[{"embeddable":true,"href":"https:\/\/mb2812.de\/index.php?rest_route=\/wp\/v2\/media\/4650"}],"wp:attachment":[{"href":"https:\/\/mb2812.de\/index.php?rest_route=%2Fwp%2Fv2%2Fmedia&parent=2894"}],"wp:term":[{"taxonomy":"category","embeddable":true,"href":"https:\/\/mb2812.de\/index.php?rest_route=%2Fwp%2Fv2%2Fcategories&post=2894"},{"taxonomy":"post_tag","embeddable":true,"href":"https:\/\/mb2812.de\/index.php?rest_route=%2Fwp%2Fv2%2Ftags&post=2894"}],"curies":[{"name":"wp","href":"https:\/\/api.w.org\/{rel}","templated":true}]}}