{"id":2876,"date":"2011-05-16T09:00:37","date_gmt":"2011-05-16T07:00:37","guid":{"rendered":"http:\/\/reiseblog.mb2812.de\/?p=2876"},"modified":"2025-06-27T20:20:28","modified_gmt":"2025-06-27T18:20:28","slug":"die-kuestenstrassenbahn","status":"publish","type":"post","link":"https:\/\/mb2812.de\/?p=2876","title":{"rendered":"Die K\u00fcstenstra\u00dfenbahn"},"content":{"rendered":"\n<figure class=\"wp-block-image aligncenter size-full is-resized\"><a href=\"http:\/\/reiseblog.mb2812.de\/wp-content\/uploads\/2011\/05\/UK11-0516-01.jpg\" rel=\"noopener\"><img loading=\"lazy\" decoding=\"async\" width=\"4093\" height=\"2729\" src=\"https:\/\/mb2812.de\/wp-content\/uploads\/2011\/05\/UK11-0516-01.jpg\" alt=\"\" class=\"wp-image-4516\" style=\"width:800px\" srcset=\"https:\/\/mb2812.de\/wp-content\/uploads\/2011\/05\/UK11-0516-01.jpg 4093w, https:\/\/mb2812.de\/wp-content\/uploads\/2011\/05\/UK11-0516-01-300x200.jpg 300w, https:\/\/mb2812.de\/wp-content\/uploads\/2011\/05\/UK11-0516-01-768x512.jpg 768w, https:\/\/mb2812.de\/wp-content\/uploads\/2011\/05\/UK11-0516-01-1024x683.jpg 1024w, https:\/\/mb2812.de\/wp-content\/uploads\/2011\/05\/UK11-0516-01-668x445.jpg 668w\" sizes=\"auto, (max-width: 4093px) 100vw, 4093px\" \/><\/a><figcaption class=\"wp-element-caption\">Bereit zur R\u00fcckfahrt: Die Tram in De Panne<\/figcaption><\/figure>\n\n\n\n<!--more-->\n\n\n\n<figure class=\"wp-block-image aligncenter size-full is-resized\"><a href=\"http:\/\/reiseblog.mb2812.de\/wp-content\/uploads\/2011\/05\/UK11-0516-03.jpg\" rel=\"noopener\"><img loading=\"lazy\" decoding=\"async\" width=\"3951\" height=\"2634\" src=\"https:\/\/mb2812.de\/wp-content\/uploads\/2011\/05\/UK11-0516-03.jpg\" alt=\"\" class=\"wp-image-4517\" style=\"width:800px\" srcset=\"https:\/\/mb2812.de\/wp-content\/uploads\/2011\/05\/UK11-0516-03.jpg 3951w, https:\/\/mb2812.de\/wp-content\/uploads\/2011\/05\/UK11-0516-03-300x200.jpg 300w, https:\/\/mb2812.de\/wp-content\/uploads\/2011\/05\/UK11-0516-03-768x512.jpg 768w, https:\/\/mb2812.de\/wp-content\/uploads\/2011\/05\/UK11-0516-03-1024x683.jpg 1024w, https:\/\/mb2812.de\/wp-content\/uploads\/2011\/05\/UK11-0516-03-668x445.jpg 668w\" sizes=\"auto, (max-width: 3951px) 100vw, 3951px\" \/><\/a><figcaption class=\"wp-element-caption\">Blick auf die Nordsee in De Panne<\/figcaption><\/figure>\n\n\n\n<figure class=\"wp-block-image aligncenter size-full is-resized\"><a href=\"http:\/\/reiseblog.mb2812.de\/wp-content\/uploads\/2011\/05\/UK11-0516-04.jpg\" rel=\"noopener\"><img loading=\"lazy\" decoding=\"async\" width=\"4087\" height=\"2725\" src=\"https:\/\/mb2812.de\/wp-content\/uploads\/2011\/05\/UK11-0516-04.jpg\" alt=\"\" class=\"wp-image-4518\" style=\"width:800px\" srcset=\"https:\/\/mb2812.de\/wp-content\/uploads\/2011\/05\/UK11-0516-04.jpg 4087w, https:\/\/mb2812.de\/wp-content\/uploads\/2011\/05\/UK11-0516-04-300x200.jpg 300w, https:\/\/mb2812.de\/wp-content\/uploads\/2011\/05\/UK11-0516-04-768x512.jpg 768w, https:\/\/mb2812.de\/wp-content\/uploads\/2011\/05\/UK11-0516-04-1024x683.jpg 1024w, https:\/\/mb2812.de\/wp-content\/uploads\/2011\/05\/UK11-0516-04-668x445.jpg 668w\" sizes=\"auto, (max-width: 4087px) 100vw, 4087px\" \/><\/a><figcaption class=\"wp-element-caption\">Und wieder zur\u00fcck &#8211; Tramstation am Bahnhof in Knokke<\/figcaption><\/figure>\n","protected":false},"excerpt":{"rendered":"<p>Wir fahren mit der belgischen K\u00fcstenstra\u00dfenbahn \u00fcber die gesamte Strecke von Knokke \u00fcber Oostende bis De Panne und zur\u00fcck<\/p>\n","protected":false},"author":1,"featured_media":4518,"comment_status":"closed","ping_status":"closed","sticky":false,"template":"","format":"standard","meta":{"footnotes":""},"categories":[9],"tags":[365,509,38,485,282],"class_list":["post-2876","post","type-post","status-publish","format-standard","has-post-thumbnail","hentry","category-uk-2011","tag-365","tag-belgien","tag-nordseekueste","tag-strassenbahn","tag-tram"],"_links":{"self":[{"href":"https:\/\/mb2812.de\/index.php?rest_route=\/wp\/v2\/posts\/2876","targetHints":{"allow":["GET"]}}],"collection":[{"href":"https:\/\/mb2812.de\/index.php?rest_route=\/wp\/v2\/posts"}],"about":[{"href":"https:\/\/mb2812.de\/index.php?rest_route=\/wp\/v2\/types\/post"}],"author":[{"embeddable":true,"href":"https:\/\/mb2812.de\/index.php?rest_route=\/wp\/v2\/users\/1"}],"replies":[{"embeddable":true,"href":"https:\/\/mb2812.de\/index.php?rest_route=%2Fwp%2Fv2%2Fcomments&post=2876"}],"version-history":[{"count":6,"href":"https:\/\/mb2812.de\/index.php?rest_route=\/wp\/v2\/posts\/2876\/revisions"}],"predecessor-version":[{"id":17695,"href":"https:\/\/mb2812.de\/index.php?rest_route=\/wp\/v2\/posts\/2876\/revisions\/17695"}],"wp:featuredmedia":[{"embeddable":true,"href":"https:\/\/mb2812.de\/index.php?rest_route=\/wp\/v2\/media\/4518"}],"wp:attachment":[{"href":"https:\/\/mb2812.de\/index.php?rest_route=%2Fwp%2Fv2%2Fmedia&parent=2876"}],"wp:term":[{"taxonomy":"category","embeddable":true,"href":"https:\/\/mb2812.de\/index.php?rest_route=%2Fwp%2Fv2%2Fcategories&post=2876"},{"taxonomy":"post_tag","embeddable":true,"href":"https:\/\/mb2812.de\/index.php?rest_route=%2Fwp%2Fv2%2Ftags&post=2876"}],"curies":[{"name":"wp","href":"https:\/\/api.w.org\/{rel}","templated":true}]}}