{"id":18012,"date":"2025-01-01T08:00:00","date_gmt":"2025-01-01T06:00:00","guid":{"rendered":"https:\/\/mb2812.de\/?p=18012"},"modified":"2026-03-22T13:05:31","modified_gmt":"2026-03-22T11:05:31","slug":"europa","status":"publish","type":"post","link":"https:\/\/mb2812.de\/?p=18012","title":{"rendered":"\u201eEuropa\u201c"},"content":{"rendered":"\n<p>2025 gab es drei verschiedene Urlaube, die man eigentlich nicht unter einer gemeinsamen \u00dcberschrift zusammenfassen kann. Es sei denn, man w\u00e4hlt den &#8222;kleinsten gemeinsamen Nenner&#8220; der Touren, und das ist &#8222;Europa&#8220;, denn bei allen drei Reisen blieben wir auf unseren Heimatkontinent, und das war dann auch die einzige Gemeinsamkeit.<\/p>\n\n\n\n<p><strong><span style=\"text-decoration: underline;\">Im Einzelnen:<\/span><\/strong><\/p>\n\n\n\n<p>Im <strong>Februar<\/strong> machten wir eine Rundreise mit der Bahn, ab Stuttgart nach <strong>Salzburg und Z\u00fcrich<\/strong> und dann wieder zur\u00fcck, <a href=\"https:\/\/mb2812.de\/?p=16369\" data-type=\"post\" data-id=\"16369\">mehr steht hier.<\/a><\/p>\n\n\n\n<p>Im <strong>Juli <\/strong>stand eine Woche Erholung auf dem Programm, es ging auf die niederl\u00e4ndische Insel <strong>Texel<\/strong>, alles dar\u00fcber findet sich hinter <a href=\"https:\/\/mb2812.de\/?p=17809\" data-type=\"post\" data-id=\"17809\">diesem Link<\/a>.<\/p>\n\n\n\n<p>Und gerade mal einen Monat sp\u00e4ter, Ende<strong> August<\/strong>, ging es dann auf gro\u00dfe Tour, wir machten eine Studienreise nach Frankreich, genauer gesagt ins <strong>Burgund<\/strong>. Auch das ist im Detail beschrieben, <a href=\"https:\/\/mb2812.de\/?p=17962\" data-type=\"post\" data-id=\"17962\">und zwar hier<\/a>.<\/p>\n\n\n\n<p><\/p>\n","protected":false},"excerpt":{"rendered":"<p>&#8222;Europa&#8220; ist die \u00dcberschrift f\u00fcr unsere drei Reisen in 2025, dass wir auf unserem &#8222;Heimatkontinent&#8220; blieben ist die einzige Gemeinsamkeit. Die Reisen f\u00fchrten nach Salzburg und Z\u00fcrich, auf die niederl\u00e4ndische Insel Texel und nach Frankreich ins Burgund<\/p>\n","protected":false},"author":1,"featured_media":0,"comment_status":"closed","ping_status":"closed","sticky":false,"template":"","format":"standard","meta":{"footnotes":""},"categories":[541,537,385],"tags":[386,202,44,205,48,271],"class_list":["post-18012","post","type-post","status-publish","format-standard","hentry","category-burgund-2025","category-niederlande-2025","category-salzburg-zuerich-2025","tag-386","tag-frankreich","tag-niederlande","tag-oesterreich","tag-schweiz","tag-urlaub"],"_links":{"self":[{"href":"https:\/\/mb2812.de\/index.php?rest_route=\/wp\/v2\/posts\/18012","targetHints":{"allow":["GET"]}}],"collection":[{"href":"https:\/\/mb2812.de\/index.php?rest_route=\/wp\/v2\/posts"}],"about":[{"href":"https:\/\/mb2812.de\/index.php?rest_route=\/wp\/v2\/types\/post"}],"author":[{"embeddable":true,"href":"https:\/\/mb2812.de\/index.php?rest_route=\/wp\/v2\/users\/1"}],"replies":[{"embeddable":true,"href":"https:\/\/mb2812.de\/index.php?rest_route=%2Fwp%2Fv2%2Fcomments&post=18012"}],"version-history":[{"count":7,"href":"https:\/\/mb2812.de\/index.php?rest_route=\/wp\/v2\/posts\/18012\/revisions"}],"predecessor-version":[{"id":18880,"href":"https:\/\/mb2812.de\/index.php?rest_route=\/wp\/v2\/posts\/18012\/revisions\/18880"}],"wp:attachment":[{"href":"https:\/\/mb2812.de\/index.php?rest_route=%2Fwp%2Fv2%2Fmedia&parent=18012"}],"wp:term":[{"taxonomy":"category","embeddable":true,"href":"https:\/\/mb2812.de\/index.php?rest_route=%2Fwp%2Fv2%2Fcategories&post=18012"},{"taxonomy":"post_tag","embeddable":true,"href":"https:\/\/mb2812.de\/index.php?rest_route=%2Fwp%2Fv2%2Ftags&post=18012"}],"curies":[{"name":"wp","href":"https:\/\/api.w.org\/{rel}","templated":true}]}}