{"id":17904,"date":"2025-07-24T09:00:00","date_gmt":"2025-07-24T07:00:00","guid":{"rendered":"https:\/\/mb2812.de\/?p=17904"},"modified":"2026-03-22T13:02:25","modified_gmt":"2026-03-22T11:02:25","slug":"ausflug-nach-den-helder","status":"publish","type":"post","link":"https:\/\/mb2812.de\/?p=17904","title":{"rendered":"Ausflug nach Den Helder"},"content":{"rendered":"\n<p>Ich hatte bei der Hinfahrt erw\u00e4hnt, das es bei der F\u00e4hr\u00fcberfahrt f\u00fcrchterlich schnell geht. Wir wollten uns das Procedere nochmal in Ruhe anschauen und haben daher heute einen Ausflug nach Den Helder aufs Programm gesetzt. <\/p>\n\n\n\n<p>MIt dem Auto sind wir bis dort nicht hingefahren, die F\u00e4hr\u00fcberfahrt haben wir dismal &#8222;zu Fu\u00df&#8220; durchgef\u00fchrt. &#8222;Park and Ride&#8220; f\u00fcr einen Fahrt aufs Festland ist nicht sehr beliebt, bei unserer Ankunft auf dem recht kleinen Parkplatz an der F\u00e4hre fanden wir problemlos einen Platz. Dann haben wir uns umgeschaut.<\/p>\n\n\n\n<figure class=\"wp-block-image aligncenter size-large is-resized\"><a href=\"https:\/\/mb2812.de\/wp-content\/uploads\/2025\/08\/DSC01670.jpg\" target=\"_blank\" rel=\" noreferrer noopener\"><img loading=\"lazy\" decoding=\"async\" width=\"1024\" height=\"819\" src=\"https:\/\/mb2812.de\/wp-content\/uploads\/2025\/08\/DSC01670-1024x819.jpg\" alt=\"\" class=\"wp-image-17905\" style=\"width:800px\" srcset=\"https:\/\/mb2812.de\/wp-content\/uploads\/2025\/08\/DSC01670-1024x819.jpg 1024w, https:\/\/mb2812.de\/wp-content\/uploads\/2025\/08\/DSC01670-300x240.jpg 300w, https:\/\/mb2812.de\/wp-content\/uploads\/2025\/08\/DSC01670-768x614.jpg 768w, https:\/\/mb2812.de\/wp-content\/uploads\/2025\/08\/DSC01670-1536x1229.jpg 1536w, https:\/\/mb2812.de\/wp-content\/uploads\/2025\/08\/DSC01670.jpg 1920w\" sizes=\"auto, (max-width: 1024px) 100vw, 1024px\" \/><\/a><figcaption class=\"wp-element-caption\"><em>Am Ufer am Anleger. Die F\u00e4hre kommt. Es ist wieder die &#8222;gro\u00dfe&#8220; F\u00e4hre, die Texelstrom<\/em><\/figcaption><\/figure>\n\n\n\n<p><\/p>\n\n\n\n<figure class=\"wp-block-image aligncenter size-large is-resized\"><a href=\"https:\/\/mb2812.de\/wp-content\/uploads\/2025\/07\/DSC01672.jpg\" target=\"_blank\" rel=\" noreferrer noopener\"><img loading=\"lazy\" decoding=\"async\" width=\"1024\" height=\"819\" src=\"https:\/\/mb2812.de\/wp-content\/uploads\/2025\/07\/DSC01672-1024x819.jpg\" alt=\"\" class=\"wp-image-18866\" style=\"width:800px\" srcset=\"https:\/\/mb2812.de\/wp-content\/uploads\/2025\/07\/DSC01672-1024x819.jpg 1024w, https:\/\/mb2812.de\/wp-content\/uploads\/2025\/07\/DSC01672-300x240.jpg 300w, https:\/\/mb2812.de\/wp-content\/uploads\/2025\/07\/DSC01672-768x614.jpg 768w, https:\/\/mb2812.de\/wp-content\/uploads\/2025\/07\/DSC01672-1536x1229.jpg 1536w, https:\/\/mb2812.de\/wp-content\/uploads\/2025\/07\/DSC01672.jpg 1920w\" sizes=\"auto, (max-width: 1024px) 100vw, 1024px\" \/><\/a><figcaption class=\"wp-element-caption\"><em>Das Schiff in gro\u00df<\/em><\/figcaption><\/figure>\n\n\n\n<figure class=\"wp-block-image aligncenter size-large is-resized\"><a href=\"https:\/\/mb2812.de\/wp-content\/uploads\/2025\/08\/IMG_8423-2783.jpg\" target=\"_blank\" rel=\" noreferrer noopener\"><img loading=\"lazy\" decoding=\"async\" width=\"1024\" height=\"819\" src=\"https:\/\/mb2812.de\/wp-content\/uploads\/2025\/08\/IMG_8423-2783-1024x819.jpg\" alt=\"\" class=\"wp-image-17922\" style=\"width:800px\" srcset=\"https:\/\/mb2812.de\/wp-content\/uploads\/2025\/08\/IMG_8423-2783-1024x819.jpg 1024w, https:\/\/mb2812.de\/wp-content\/uploads\/2025\/08\/IMG_8423-2783-300x240.jpg 300w, https:\/\/mb2812.de\/wp-content\/uploads\/2025\/08\/IMG_8423-2783-768x614.jpg 768w, https:\/\/mb2812.de\/wp-content\/uploads\/2025\/08\/IMG_8423-2783-1536x1229.jpg 1536w, https:\/\/mb2812.de\/wp-content\/uploads\/2025\/08\/IMG_8423-2783.jpg 1920w\" sizes=\"auto, (max-width: 1024px) 100vw, 1024px\" \/><\/a><figcaption class=\"wp-element-caption\"><em>Das Ganze ist wirklich gut durchorganisiert. Links verlassen die ankommenen Passagiere und Autos das Schiff, wir k\u00f6nnen schon an Bord gehen<\/em><\/figcaption><\/figure>\n\n\n\n<figure class=\"wp-block-image aligncenter size-large is-resized\"><a href=\"https:\/\/mb2812.de\/wp-content\/uploads\/2025\/08\/IMG_4017.jpg\" target=\"_blank\" rel=\" noreferrer noopener\"><img loading=\"lazy\" decoding=\"async\" width=\"1024\" height=\"819\" src=\"https:\/\/mb2812.de\/wp-content\/uploads\/2025\/08\/IMG_4017-1024x819.jpg\" alt=\"\" class=\"wp-image-17918\" style=\"width:800px\" srcset=\"https:\/\/mb2812.de\/wp-content\/uploads\/2025\/08\/IMG_4017-1024x819.jpg 1024w, https:\/\/mb2812.de\/wp-content\/uploads\/2025\/08\/IMG_4017-300x240.jpg 300w, https:\/\/mb2812.de\/wp-content\/uploads\/2025\/08\/IMG_4017-768x614.jpg 768w, https:\/\/mb2812.de\/wp-content\/uploads\/2025\/08\/IMG_4017-1536x1229.jpg 1536w, https:\/\/mb2812.de\/wp-content\/uploads\/2025\/08\/IMG_4017.jpg 1920w\" sizes=\"auto, (max-width: 1024px) 100vw, 1024px\" \/><\/a><figcaption class=\"wp-element-caption\"><em>Wieder stehen wir vorne w\u00e4hrend der \u00dcberfahrt<\/em><\/figcaption><\/figure>\n\n\n\n<figure class=\"wp-block-image aligncenter size-large is-resized\"><a href=\"https:\/\/mb2812.de\/wp-content\/uploads\/2025\/08\/IMG_4034-2790.jpg\" target=\"_blank\" rel=\" noreferrer noopener\"><img loading=\"lazy\" decoding=\"async\" width=\"1024\" height=\"819\" src=\"https:\/\/mb2812.de\/wp-content\/uploads\/2025\/08\/IMG_4034-2790-1024x819.jpg\" alt=\"\" class=\"wp-image-17919\" style=\"width:800px\" srcset=\"https:\/\/mb2812.de\/wp-content\/uploads\/2025\/08\/IMG_4034-2790-1024x819.jpg 1024w, https:\/\/mb2812.de\/wp-content\/uploads\/2025\/08\/IMG_4034-2790-300x240.jpg 300w, https:\/\/mb2812.de\/wp-content\/uploads\/2025\/08\/IMG_4034-2790-768x614.jpg 768w, https:\/\/mb2812.de\/wp-content\/uploads\/2025\/08\/IMG_4034-2790-1536x1229.jpg 1536w, https:\/\/mb2812.de\/wp-content\/uploads\/2025\/08\/IMG_4034-2790.jpg 1920w\" sizes=\"auto, (max-width: 1024px) 100vw, 1024px\" \/><\/a><figcaption class=\"wp-element-caption\"><em>Der Blick geht auf die Marinebasis Den Helder, den Hauptsrt\u00fctzpunkt der niederl\u00e4ndischen Marine.<\/em><\/figcaption><\/figure>\n\n\n\n<p>F\u00fcr Fussg\u00e4nger ist der Anleger auf dem Festland etwas unwirtlich, wenn man nicht den bereitstehenden Bus in die Stadt nimmt. Ein einsames Hotel, praktischerweise &#8222;Lands End&#8220; genannt, steht am Anleger, ansonsten muss man den kahlen und asphaltierten Deich entlanglaufen:<\/p>\n\n\n\n<figure class=\"wp-block-image aligncenter size-large is-resized\"><a href=\"https:\/\/mb2812.de\/wp-content\/uploads\/2025\/07\/IMG_4051.jpg\" target=\"_blank\" rel=\" noreferrer noopener\"><img loading=\"lazy\" decoding=\"async\" width=\"1024\" height=\"819\" src=\"https:\/\/mb2812.de\/wp-content\/uploads\/2025\/07\/IMG_4051-1024x819.jpg\" alt=\"\" class=\"wp-image-18867\" style=\"width:800px\" srcset=\"https:\/\/mb2812.de\/wp-content\/uploads\/2025\/07\/IMG_4051-1024x819.jpg 1024w, https:\/\/mb2812.de\/wp-content\/uploads\/2025\/07\/IMG_4051-300x240.jpg 300w, https:\/\/mb2812.de\/wp-content\/uploads\/2025\/07\/IMG_4051-768x614.jpg 768w, https:\/\/mb2812.de\/wp-content\/uploads\/2025\/07\/IMG_4051-1536x1229.jpg 1536w, https:\/\/mb2812.de\/wp-content\/uploads\/2025\/07\/IMG_4051.jpg 1920w\" sizes=\"auto, (max-width: 1024px) 100vw, 1024px\" \/><\/a><\/figure>\n\n\n\n<figure class=\"wp-block-image aligncenter size-large is-resized\"><a href=\"https:\/\/mb2812.de\/wp-content\/uploads\/2025\/07\/DSC01679.jpg\" target=\"_blank\" rel=\" noreferrer noopener\"><img loading=\"lazy\" decoding=\"async\" width=\"1024\" height=\"819\" src=\"https:\/\/mb2812.de\/wp-content\/uploads\/2025\/07\/DSC01679-1024x819.jpg\" alt=\"\" class=\"wp-image-18868\" style=\"width:800px\" srcset=\"https:\/\/mb2812.de\/wp-content\/uploads\/2025\/07\/DSC01679-1024x819.jpg 1024w, https:\/\/mb2812.de\/wp-content\/uploads\/2025\/07\/DSC01679-300x240.jpg 300w, https:\/\/mb2812.de\/wp-content\/uploads\/2025\/07\/DSC01679-768x614.jpg 768w, https:\/\/mb2812.de\/wp-content\/uploads\/2025\/07\/DSC01679-1536x1229.jpg 1536w, https:\/\/mb2812.de\/wp-content\/uploads\/2025\/07\/DSC01679.jpg 1920w\" sizes=\"auto, (max-width: 1024px) 100vw, 1024px\" \/><\/a><figcaption class=\"wp-element-caption\"><em>Der Blick auf Wasser: Beide F\u00e4hren treffen sich in der Mitte<\/em><\/figcaption><\/figure>\n\n\n\n<p>Nach einem guten Kilometer biegen wir dann links ab ins St\u00e4dtchen hinein.<\/p>\n\n\n\n<figure class=\"wp-block-image aligncenter size-large is-resized\"><a href=\"https:\/\/mb2812.de\/wp-content\/uploads\/2025\/08\/DSC01681.jpg\" target=\"_blank\" rel=\" noreferrer noopener\"><img loading=\"lazy\" decoding=\"async\" width=\"1024\" height=\"819\" src=\"https:\/\/mb2812.de\/wp-content\/uploads\/2025\/08\/DSC01681-1024x819.jpg\" alt=\"\" class=\"wp-image-17909\" style=\"width:800px\" srcset=\"https:\/\/mb2812.de\/wp-content\/uploads\/2025\/08\/DSC01681-1024x819.jpg 1024w, https:\/\/mb2812.de\/wp-content\/uploads\/2025\/08\/DSC01681-300x240.jpg 300w, https:\/\/mb2812.de\/wp-content\/uploads\/2025\/08\/DSC01681-768x614.jpg 768w, https:\/\/mb2812.de\/wp-content\/uploads\/2025\/08\/DSC01681-1536x1229.jpg 1536w, https:\/\/mb2812.de\/wp-content\/uploads\/2025\/08\/DSC01681.jpg 1920w\" sizes=\"auto, (max-width: 1024px) 100vw, 1024px\" \/><\/a><figcaption class=\"wp-element-caption\"><em>Wir gehen \u00fcber die Postbrug. Dahinter die aus 1840 stammende Petrus en Pauluskerk<\/em><\/figcaption><\/figure>\n\n\n\n<figure class=\"wp-block-image aligncenter size-large is-resized\"><a href=\"https:\/\/mb2812.de\/wp-content\/uploads\/2025\/08\/DSC01683-2788.jpg\" target=\"_blank\" rel=\" noreferrer noopener\"><img loading=\"lazy\" decoding=\"async\" width=\"1024\" height=\"819\" src=\"https:\/\/mb2812.de\/wp-content\/uploads\/2025\/08\/DSC01683-2788-1024x819.jpg\" alt=\"\" class=\"wp-image-17910\" style=\"width:800px\" srcset=\"https:\/\/mb2812.de\/wp-content\/uploads\/2025\/08\/DSC01683-2788-1024x819.jpg 1024w, https:\/\/mb2812.de\/wp-content\/uploads\/2025\/08\/DSC01683-2788-300x240.jpg 300w, https:\/\/mb2812.de\/wp-content\/uploads\/2025\/08\/DSC01683-2788-768x614.jpg 768w, https:\/\/mb2812.de\/wp-content\/uploads\/2025\/08\/DSC01683-2788-1536x1229.jpg 1536w, https:\/\/mb2812.de\/wp-content\/uploads\/2025\/08\/DSC01683-2788.jpg 1920w\" sizes=\"auto, (max-width: 1024px) 100vw, 1024px\" \/><\/a><figcaption class=\"wp-element-caption\"><em>Blick weiter entlang der Kerkgracht, das Geb\u00e4ude mit dem weissen Turm ist das ehemalige Rathaus von Den Helder<\/em><\/figcaption><\/figure>\n\n\n\n<figure class=\"wp-block-image aligncenter size-large is-resized\"><a href=\"https:\/\/mb2812.de\/wp-content\/uploads\/2025\/08\/DSC01686.jpg\" target=\"_blank\" rel=\" noreferrer noopener\"><img loading=\"lazy\" decoding=\"async\" width=\"1024\" height=\"819\" src=\"https:\/\/mb2812.de\/wp-content\/uploads\/2025\/08\/DSC01686-1024x819.jpg\" alt=\"\" class=\"wp-image-17912\" style=\"width:800px\" srcset=\"https:\/\/mb2812.de\/wp-content\/uploads\/2025\/08\/DSC01686-1024x819.jpg 1024w, https:\/\/mb2812.de\/wp-content\/uploads\/2025\/08\/DSC01686-300x240.jpg 300w, https:\/\/mb2812.de\/wp-content\/uploads\/2025\/08\/DSC01686-768x614.jpg 768w, https:\/\/mb2812.de\/wp-content\/uploads\/2025\/08\/DSC01686-1536x1229.jpg 1536w, https:\/\/mb2812.de\/wp-content\/uploads\/2025\/08\/DSC01686.jpg 1920w\" sizes=\"auto, (max-width: 1024px) 100vw, 1024px\" \/><\/a><figcaption class=\"wp-element-caption\"><em>Und dann wird man (endlich) in der Stadt willkommen geheissen &#8230;<\/em><\/figcaption><\/figure>\n\n\n\n<figure class=\"wp-block-image aligncenter size-large is-resized\"><a href=\"https:\/\/mb2812.de\/wp-content\/uploads\/2025\/08\/DSC01684-2784.jpg\" target=\"_blank\" rel=\" noreferrer noopener\"><img loading=\"lazy\" decoding=\"async\" width=\"1024\" height=\"819\" src=\"https:\/\/mb2812.de\/wp-content\/uploads\/2025\/08\/DSC01684-2784-1024x819.jpg\" alt=\"\" class=\"wp-image-17911\" style=\"width:800px\" srcset=\"https:\/\/mb2812.de\/wp-content\/uploads\/2025\/08\/DSC01684-2784-1024x819.jpg 1024w, https:\/\/mb2812.de\/wp-content\/uploads\/2025\/08\/DSC01684-2784-300x240.jpg 300w, https:\/\/mb2812.de\/wp-content\/uploads\/2025\/08\/DSC01684-2784-768x614.jpg 768w, https:\/\/mb2812.de\/wp-content\/uploads\/2025\/08\/DSC01684-2784-1536x1229.jpg 1536w, https:\/\/mb2812.de\/wp-content\/uploads\/2025\/08\/DSC01684-2784.jpg 1920w\" sizes=\"auto, (max-width: 1024px) 100vw, 1024px\" \/><\/a><figcaption class=\"wp-element-caption\"><em>Die Beatrixstraat ist die Hauptstra\u00dfe Den Helders und hier zeigt sich, genau wie in Deutschland, das Problem der Einkaufsstra\u00dfen in Innenst\u00e4dten<\/em>:<em> der Einzelhandel ist auf dem R\u00fcckzug. Blocker &#8211; links im Bild, ging Ende 2025 in Konkurs und ist seitdem geschlossen. Hinter mir befindet sich das ehemalige Kaufhaus Vroom &amp;Dressman, die Die Kette ging 2015 bankrott, Nunmehr, nach langem Leerstand, entstehen hier neue Wohnungen<\/em><\/figcaption><\/figure>\n\n\n\n<figure class=\"wp-block-image aligncenter size-large is-resized\"><a href=\"https:\/\/mb2812.de\/wp-content\/uploads\/2025\/08\/DSC01688-2789.jpg\" target=\"_blank\" rel=\" noreferrer noopener\"><img loading=\"lazy\" decoding=\"async\" width=\"683\" height=\"1024\" src=\"https:\/\/mb2812.de\/wp-content\/uploads\/2025\/08\/DSC01688-2789-683x1024.jpg\" alt=\"\" class=\"wp-image-17913\" style=\"width:535px\" srcset=\"https:\/\/mb2812.de\/wp-content\/uploads\/2025\/08\/DSC01688-2789-683x1024.jpg 683w, https:\/\/mb2812.de\/wp-content\/uploads\/2025\/08\/DSC01688-2789-200x300.jpg 200w, https:\/\/mb2812.de\/wp-content\/uploads\/2025\/08\/DSC01688-2789-768x1152.jpg 768w, https:\/\/mb2812.de\/wp-content\/uploads\/2025\/08\/DSC01688-2789-1024x1536.jpg 1024w, https:\/\/mb2812.de\/wp-content\/uploads\/2025\/08\/DSC01688-2789.jpg 1280w\" sizes=\"auto, (max-width: 683px) 100vw, 683px\" \/><\/a><figcaption class=\"wp-element-caption\"><em>Richtung Westen f\u00fchrt der Beatrixstraat zum 1908 gebauten Wasserturm<\/em><\/figcaption><\/figure>\n\n\n\n<figure class=\"wp-block-image aligncenter size-large is-resized\"><a href=\"https:\/\/mb2812.de\/wp-content\/uploads\/2025\/08\/IMG_4081-2785.jpg\" target=\"_blank\" rel=\" noreferrer noopener\"><img loading=\"lazy\" decoding=\"async\" width=\"1024\" height=\"819\" src=\"https:\/\/mb2812.de\/wp-content\/uploads\/2025\/08\/IMG_4081-2785-1024x819.jpg\" alt=\"\" class=\"wp-image-17921\" style=\"width:800px\" srcset=\"https:\/\/mb2812.de\/wp-content\/uploads\/2025\/08\/IMG_4081-2785-1024x819.jpg 1024w, https:\/\/mb2812.de\/wp-content\/uploads\/2025\/08\/IMG_4081-2785-300x240.jpg 300w, https:\/\/mb2812.de\/wp-content\/uploads\/2025\/08\/IMG_4081-2785-768x614.jpg 768w, https:\/\/mb2812.de\/wp-content\/uploads\/2025\/08\/IMG_4081-2785-1536x1229.jpg 1536w, https:\/\/mb2812.de\/wp-content\/uploads\/2025\/08\/IMG_4081-2785.jpg 1920w\" sizes=\"auto, (max-width: 1024px) 100vw, 1024px\" \/><\/a><figcaption class=\"wp-element-caption\"><em>Wir haben einen Blick auf den Bahnhof geworfen<\/em><\/figcaption><\/figure>\n\n\n\n<p>Dann hatten wir eine Pause in einen Caf\u00e9 auf der Beatrixstraat und machten uns anschlie\u00dfend auf den R\u00fcckweg entlang einer etwas anderen Route, die uns durch die &#8222;Oude Rijkswerft Willemsoord&#8220; f\u00fchrt, heute ein Museumshafen.<\/p>\n\n\n\n<figure class=\"wp-block-image aligncenter size-large is-resized\"><a href=\"https:\/\/mb2812.de\/wp-content\/uploads\/2025\/08\/DSC01689-2791.jpg\" target=\"_blank\" rel=\" noreferrer noopener\"><img loading=\"lazy\" decoding=\"async\" width=\"1024\" height=\"686\" src=\"https:\/\/mb2812.de\/wp-content\/uploads\/2025\/08\/DSC01689-2791-1024x686.jpg\" alt=\"\" class=\"wp-image-17914\" style=\"width:800px\" srcset=\"https:\/\/mb2812.de\/wp-content\/uploads\/2025\/08\/DSC01689-2791-1024x686.jpg 1024w, https:\/\/mb2812.de\/wp-content\/uploads\/2025\/08\/DSC01689-2791-300x201.jpg 300w, https:\/\/mb2812.de\/wp-content\/uploads\/2025\/08\/DSC01689-2791-768x515.jpg 768w, https:\/\/mb2812.de\/wp-content\/uploads\/2025\/08\/DSC01689-2791-1536x1030.jpg 1536w, https:\/\/mb2812.de\/wp-content\/uploads\/2025\/08\/DSC01689-2791.jpg 1920w\" sizes=\"auto, (max-width: 1024px) 100vw, 1024px\" \/><\/a><figcaption class=\"wp-element-caption\"><em>Den Namen dieses Kanals habe ich nicht genau ergr\u00fcnden k\u00f6nnen. Die Stra\u00dfe links davon heisst Westgracht,, die Stra\u00dfe rechts Keizersgracht<\/em><\/figcaption><\/figure>\n\n\n\n<p>Zwei Fotos von den Museumsschiffen:<\/p>\n\n\n\n<figure class=\"wp-block-image aligncenter size-large is-resized\"><a href=\"https:\/\/mb2812.de\/wp-content\/uploads\/2025\/08\/DSC01690-2792.jpg\" target=\"_blank\" rel=\" noreferrer noopener\"><img loading=\"lazy\" decoding=\"async\" width=\"1024\" height=\"819\" src=\"https:\/\/mb2812.de\/wp-content\/uploads\/2025\/08\/DSC01690-2792-1024x819.jpg\" alt=\"\" class=\"wp-image-17915\" style=\"width:800px\" srcset=\"https:\/\/mb2812.de\/wp-content\/uploads\/2025\/08\/DSC01690-2792-1024x819.jpg 1024w, https:\/\/mb2812.de\/wp-content\/uploads\/2025\/08\/DSC01690-2792-300x240.jpg 300w, https:\/\/mb2812.de\/wp-content\/uploads\/2025\/08\/DSC01690-2792-768x614.jpg 768w, https:\/\/mb2812.de\/wp-content\/uploads\/2025\/08\/DSC01690-2792-1536x1229.jpg 1536w, https:\/\/mb2812.de\/wp-content\/uploads\/2025\/08\/DSC01690-2792.jpg 1920w\" sizes=\"auto, (max-width: 1024px) 100vw, 1024px\" \/><\/a><\/figure>\n\n\n\n<p><\/p>\n\n\n\n<figure class=\"wp-block-image aligncenter size-large is-resized\"><a href=\"https:\/\/mb2812.de\/wp-content\/uploads\/2025\/08\/DSC01691-2793.jpg\" target=\"_blank\" rel=\" noreferrer noopener\"><img loading=\"lazy\" decoding=\"async\" width=\"1024\" height=\"819\" src=\"https:\/\/mb2812.de\/wp-content\/uploads\/2025\/08\/DSC01691-2793-1024x819.jpg\" alt=\"\" class=\"wp-image-17916\" style=\"width:800px\" srcset=\"https:\/\/mb2812.de\/wp-content\/uploads\/2025\/08\/DSC01691-2793-1024x819.jpg 1024w, https:\/\/mb2812.de\/wp-content\/uploads\/2025\/08\/DSC01691-2793-300x240.jpg 300w, https:\/\/mb2812.de\/wp-content\/uploads\/2025\/08\/DSC01691-2793-768x614.jpg 768w, https:\/\/mb2812.de\/wp-content\/uploads\/2025\/08\/DSC01691-2793-1536x1229.jpg 1536w, https:\/\/mb2812.de\/wp-content\/uploads\/2025\/08\/DSC01691-2793.jpg 1920w\" sizes=\"auto, (max-width: 1024px) 100vw, 1024px\" \/><\/a><\/figure>\n\n\n\n<p><\/p>\n\n\n\n<figure class=\"wp-block-image aligncenter size-large is-resized\"><a href=\"https:\/\/mb2812.de\/wp-content\/uploads\/2025\/08\/DSC01693-2787.jpg\" target=\"_blank\" rel=\" noreferrer noopener\"><img loading=\"lazy\" decoding=\"async\" width=\"1024\" height=\"819\" src=\"https:\/\/mb2812.de\/wp-content\/uploads\/2025\/08\/DSC01693-2787-1024x819.jpg\" alt=\"\" class=\"wp-image-17917\" style=\"width:800px\" srcset=\"https:\/\/mb2812.de\/wp-content\/uploads\/2025\/08\/DSC01693-2787-1024x819.jpg 1024w, https:\/\/mb2812.de\/wp-content\/uploads\/2025\/08\/DSC01693-2787-300x240.jpg 300w, https:\/\/mb2812.de\/wp-content\/uploads\/2025\/08\/DSC01693-2787-768x614.jpg 768w, https:\/\/mb2812.de\/wp-content\/uploads\/2025\/08\/DSC01693-2787-1536x1229.jpg 1536w, https:\/\/mb2812.de\/wp-content\/uploads\/2025\/08\/DSC01693-2787.jpg 1920w\" sizes=\"auto, (max-width: 1024px) 100vw, 1024px\" \/><\/a><figcaption class=\"wp-element-caption\"><em>Ebenfalls findet sich dort das niederl\u00e4ndische Marinemuseum. Ausgestellt ist u.a. das U-Boot &#8222;Tonijn&#8220;<\/em><\/figcaption><\/figure>\n\n\n\n<p>Und dann geht es die restlichen Meter zwischen Fahrbahnen, Parkpl\u00e4tzen und Z\u00e4unen entlang zum Anleger und mit der n\u00e4chsten F\u00e4hre zur\u00fcck auf die Insel.<\/p>\n\n\n\n<figure class=\"wp-block-image aligncenter size-large is-resized\"><a href=\"https:\/\/mb2812.de\/wp-content\/uploads\/2025\/08\/IMG_8424-2786.jpg\" target=\"_blank\" rel=\" noreferrer noopener\"><img loading=\"lazy\" decoding=\"async\" width=\"1024\" height=\"768\" src=\"https:\/\/mb2812.de\/wp-content\/uploads\/2025\/08\/IMG_8424-2786-1024x768.jpg\" alt=\"\" class=\"wp-image-17923\" style=\"width:800px\" srcset=\"https:\/\/mb2812.de\/wp-content\/uploads\/2025\/08\/IMG_8424-2786-1024x768.jpg 1024w, https:\/\/mb2812.de\/wp-content\/uploads\/2025\/08\/IMG_8424-2786-300x225.jpg 300w, https:\/\/mb2812.de\/wp-content\/uploads\/2025\/08\/IMG_8424-2786-768x576.jpg 768w, https:\/\/mb2812.de\/wp-content\/uploads\/2025\/08\/IMG_8424-2786-1536x1152.jpg 1536w, https:\/\/mb2812.de\/wp-content\/uploads\/2025\/08\/IMG_8424-2786.jpg 1920w\" sizes=\"auto, (max-width: 1024px) 100vw, 1024px\" \/><\/a><figcaption class=\"wp-element-caption\"><em>Als F\u00fc\u00dfpassagiere k\u00f6nnen wir bis zum Schluss an Deck bleiben, daher ein Foto des Anlegers und Parkplatzes auf den Helder aus der N\u00e4he<\/em><\/figcaption><\/figure>\n\n\n\n<p>Nach einer Pause im Hotel steht noch das Abendessen auf dem Programm, da haben wir es nicht weit, ziemlich nah am Hotel am Anfang der Dorpsstraat liegt das Restaurant &#8222;Oranjerie \u2018t Vogelhuis&#8220;, in der wir heute reserviert haben. Das Essen fanden wir hier sehr gut.<\/p>\n\n\n\n<figure class=\"wp-block-image aligncenter size-large is-resized\"><a href=\"https:\/\/mb2812.de\/wp-content\/uploads\/2025\/08\/IMG_8433.jpg\" target=\"_blank\" rel=\" noreferrer noopener\"><img loading=\"lazy\" decoding=\"async\" width=\"1024\" height=\"819\" src=\"https:\/\/mb2812.de\/wp-content\/uploads\/2025\/08\/IMG_8433-1024x819.jpg\" alt=\"\" class=\"wp-image-17925\" style=\"width:800px\" srcset=\"https:\/\/mb2812.de\/wp-content\/uploads\/2025\/08\/IMG_8433-1024x819.jpg 1024w, https:\/\/mb2812.de\/wp-content\/uploads\/2025\/08\/IMG_8433-300x240.jpg 300w, https:\/\/mb2812.de\/wp-content\/uploads\/2025\/08\/IMG_8433-768x614.jpg 768w, https:\/\/mb2812.de\/wp-content\/uploads\/2025\/08\/IMG_8433-1536x1229.jpg 1536w, https:\/\/mb2812.de\/wp-content\/uploads\/2025\/08\/IMG_8433.jpg 1920w\" sizes=\"auto, (max-width: 1024px) 100vw, 1024px\" \/><\/a><figcaption class=\"wp-element-caption\"><em><strong>Oranjerie \u2018t Vogelhuis<\/strong><\/em><\/figcaption><\/figure>\n","protected":false},"excerpt":{"rendered":"<p>Wir wollen uns den F\u00e4hrbetrieb genauer anschauen und machen daher einen Ausflug aufs Festland nach Den Helder.<\/p>\n","protected":false},"author":1,"featured_media":17909,"comment_status":"closed","ping_status":"closed","sticky":false,"template":"","format":"standard","meta":{"footnotes":""},"categories":[537],"tags":[386,538,44,38,536],"class_list":["post-17904","post","type-post","status-publish","format-standard","has-post-thumbnail","hentry","category-niederlande-2025","tag-386","tag-den-helder","tag-niederlande","tag-nordseekueste","tag-texel"],"_links":{"self":[{"href":"https:\/\/mb2812.de\/index.php?rest_route=\/wp\/v2\/posts\/17904","targetHints":{"allow":["GET"]}}],"collection":[{"href":"https:\/\/mb2812.de\/index.php?rest_route=\/wp\/v2\/posts"}],"about":[{"href":"https:\/\/mb2812.de\/index.php?rest_route=\/wp\/v2\/types\/post"}],"author":[{"embeddable":true,"href":"https:\/\/mb2812.de\/index.php?rest_route=\/wp\/v2\/users\/1"}],"replies":[{"embeddable":true,"href":"https:\/\/mb2812.de\/index.php?rest_route=%2Fwp%2Fv2%2Fcomments&post=17904"}],"version-history":[{"count":6,"href":"https:\/\/mb2812.de\/index.php?rest_route=\/wp\/v2\/posts\/17904\/revisions"}],"predecessor-version":[{"id":18878,"href":"https:\/\/mb2812.de\/index.php?rest_route=\/wp\/v2\/posts\/17904\/revisions\/18878"}],"wp:featuredmedia":[{"embeddable":true,"href":"https:\/\/mb2812.de\/index.php?rest_route=\/wp\/v2\/media\/17909"}],"wp:attachment":[{"href":"https:\/\/mb2812.de\/index.php?rest_route=%2Fwp%2Fv2%2Fmedia&parent=17904"}],"wp:term":[{"taxonomy":"category","embeddable":true,"href":"https:\/\/mb2812.de\/index.php?rest_route=%2Fwp%2Fv2%2Fcategories&post=17904"},{"taxonomy":"post_tag","embeddable":true,"href":"https:\/\/mb2812.de\/index.php?rest_route=%2Fwp%2Fv2%2Ftags&post=17904"}],"curies":[{"name":"wp","href":"https:\/\/api.w.org\/{rel}","templated":true}]}}