{"id":17874,"date":"2025-07-23T17:38:36","date_gmt":"2025-07-23T15:38:36","guid":{"rendered":"https:\/\/mb2812.de\/?p=17874"},"modified":"2026-03-22T13:00:37","modified_gmt":"2026-03-22T11:00:37","slug":"kreuz-und-quer","status":"publish","type":"post","link":"https:\/\/mb2812.de\/?p=17874","title":{"rendered":"Kreuz und quer"},"content":{"rendered":"\n<p>Es kam wie es kommen musste, so richtig war uns heute nicht nach Laufen zu Mute. Das Auto musste daher herhalten uns kreuz und quer \u00fcber die Insel zu bef\u00f6rdern zu einigen Attraktionen.<\/p>\n\n\n\n<p>Als Erstes stand De Burg auf dem Programm. De Burg ist der Hauptort und das Verwaltungszentrum der Insel und hat ca. 7.500 Einwohner, d.h. etwa die H\u00e4lfte der Inselbev\u00f6lkerung lebt hier.<\/p>\n\n\n\n<p>Gerade mal 15 Minuten dauert die Fahrt von De Koog nach De Burg und wir finden einen Parkplatz \u00f6stlich des Ortskerns an der Wilhelminastraat und machen uns dann auf, den Ort zu besichtigen. Gro\u00df ist die Runde nicht, knappe 2 Kilometer laufen wir.<\/p>\n\n\n\n<p>Zun\u00e4chst gehen wir die Wilhelminastraat entlang, hier sieht es so aus wie in vielen niederl\u00e4ndischen Kleinst\u00e4dten und D\u00f6rfern:<\/p>\n\n\n\n<figure class=\"wp-block-image aligncenter size-large is-resized\"><a href=\"https:\/\/mb2812.de\/wp-content\/uploads\/2025\/08\/DSC01654.jpg\" target=\"_blank\" rel=\" noreferrer noopener\"><img loading=\"lazy\" decoding=\"async\" width=\"1024\" height=\"819\" src=\"https:\/\/mb2812.de\/wp-content\/uploads\/2025\/08\/DSC01654-1024x819.jpg\" alt=\"\" class=\"wp-image-17876\" style=\"width:800px\" srcset=\"https:\/\/mb2812.de\/wp-content\/uploads\/2025\/08\/DSC01654-1024x819.jpg 1024w, https:\/\/mb2812.de\/wp-content\/uploads\/2025\/08\/DSC01654-300x240.jpg 300w, https:\/\/mb2812.de\/wp-content\/uploads\/2025\/08\/DSC01654-768x614.jpg 768w, https:\/\/mb2812.de\/wp-content\/uploads\/2025\/08\/DSC01654-1536x1229.jpg 1536w, https:\/\/mb2812.de\/wp-content\/uploads\/2025\/08\/DSC01654.jpg 1920w\" sizes=\"auto, (max-width: 1024px) 100vw, 1024px\" \/><\/a><\/figure>\n\n\n\n<figure class=\"wp-block-image aligncenter size-large is-resized\"><a href=\"https:\/\/mb2812.de\/wp-content\/uploads\/2025\/08\/DSC01655.jpg\" target=\"_blank\" rel=\" noreferrer noopener\"><img loading=\"lazy\" decoding=\"async\" width=\"1024\" height=\"819\" src=\"https:\/\/mb2812.de\/wp-content\/uploads\/2025\/08\/DSC01655-1024x819.jpg\" alt=\"\" class=\"wp-image-17877\" style=\"width:800px\" srcset=\"https:\/\/mb2812.de\/wp-content\/uploads\/2025\/08\/DSC01655-1024x819.jpg 1024w, https:\/\/mb2812.de\/wp-content\/uploads\/2025\/08\/DSC01655-300x240.jpg 300w, https:\/\/mb2812.de\/wp-content\/uploads\/2025\/08\/DSC01655-768x614.jpg 768w, https:\/\/mb2812.de\/wp-content\/uploads\/2025\/08\/DSC01655-1536x1229.jpg 1536w, https:\/\/mb2812.de\/wp-content\/uploads\/2025\/08\/DSC01655.jpg 1920w\" sizes=\"auto, (max-width: 1024px) 100vw, 1024px\" \/><\/a><\/figure>\n\n\n\n<p><\/p>\n\n\n\n<figure class=\"wp-block-image aligncenter size-large is-resized\"><a href=\"https:\/\/mb2812.de\/wp-content\/uploads\/2025\/08\/DSC01656.jpg\" target=\"_blank\" rel=\" noreferrer noopener\"><img loading=\"lazy\" decoding=\"async\" width=\"1024\" height=\"819\" src=\"https:\/\/mb2812.de\/wp-content\/uploads\/2025\/08\/DSC01656-1024x819.jpg\" alt=\"\" class=\"wp-image-17878\" style=\"width:800px\" srcset=\"https:\/\/mb2812.de\/wp-content\/uploads\/2025\/08\/DSC01656-1024x819.jpg 1024w, https:\/\/mb2812.de\/wp-content\/uploads\/2025\/08\/DSC01656-300x240.jpg 300w, https:\/\/mb2812.de\/wp-content\/uploads\/2025\/08\/DSC01656-768x614.jpg 768w, https:\/\/mb2812.de\/wp-content\/uploads\/2025\/08\/DSC01656-1536x1229.jpg 1536w, https:\/\/mb2812.de\/wp-content\/uploads\/2025\/08\/DSC01656.jpg 1920w\" sizes=\"auto, (max-width: 1024px) 100vw, 1024px\" \/><\/a><figcaption class=\"wp-element-caption\"><em>Dann kommen wir in die Waalderstraat, hier finden sich die  ersten L\u00e4den<\/em><\/figcaption><\/figure>\n\n\n\n<figure class=\"wp-block-image aligncenter size-large is-resized\"><a href=\"https:\/\/mb2812.de\/wp-content\/uploads\/2025\/08\/IMG_3854.jpg\" target=\"_blank\" rel=\" noreferrer noopener\"><img loading=\"lazy\" decoding=\"async\" width=\"1024\" height=\"819\" src=\"https:\/\/mb2812.de\/wp-content\/uploads\/2025\/08\/IMG_3854-1024x819.jpg\" alt=\"\" class=\"wp-image-17883\" style=\"width:800px\" srcset=\"https:\/\/mb2812.de\/wp-content\/uploads\/2025\/08\/IMG_3854-1024x819.jpg 1024w, https:\/\/mb2812.de\/wp-content\/uploads\/2025\/08\/IMG_3854-300x240.jpg 300w, https:\/\/mb2812.de\/wp-content\/uploads\/2025\/08\/IMG_3854-768x614.jpg 768w, https:\/\/mb2812.de\/wp-content\/uploads\/2025\/08\/IMG_3854-1536x1229.jpg 1536w, https:\/\/mb2812.de\/wp-content\/uploads\/2025\/08\/IMG_3854.jpg 1920w\" sizes=\"auto, (max-width: 1024px) 100vw, 1024px\" \/><\/a><figcaption class=\"wp-element-caption\"><em>Jetzt sind wir am Stenenplaats im Zentrum von Den Koog. Nach Norden f\u00fchrt die Kogerstraat. Links ist die Texelse Oudheidkamer, ein kleines Regionalmuseum in einem Haus aus dem Jahre 1599<\/em><\/figcaption><\/figure>\n\n\n\n<figure class=\"wp-block-image aligncenter size-large is-resized\"><a href=\"https:\/\/mb2812.de\/wp-content\/uploads\/2025\/08\/IMG_3857.jpg\" target=\"_blank\" rel=\" noreferrer noopener\"><img loading=\"lazy\" decoding=\"async\" width=\"768\" height=\"1024\" src=\"https:\/\/mb2812.de\/wp-content\/uploads\/2025\/08\/IMG_3857-768x1024.jpg\" alt=\"\" class=\"wp-image-17884\" style=\"width:600px\" srcset=\"https:\/\/mb2812.de\/wp-content\/uploads\/2025\/08\/IMG_3857-768x1024.jpg 768w, https:\/\/mb2812.de\/wp-content\/uploads\/2025\/08\/IMG_3857-225x300.jpg 225w, https:\/\/mb2812.de\/wp-content\/uploads\/2025\/08\/IMG_3857-1152x1536.jpg 1152w, https:\/\/mb2812.de\/wp-content\/uploads\/2025\/08\/IMG_3857.jpg 1440w\" sizes=\"auto, (max-width: 768px) 100vw, 768px\" \/><\/a><figcaption class=\"wp-element-caption\"><em>Am Steenenplats<\/em><\/figcaption><\/figure>\n\n\n\n<figure class=\"wp-block-image aligncenter size-large is-resized\"><a href=\"https:\/\/mb2812.de\/wp-content\/uploads\/2025\/08\/DSC01660-2779.jpg\" target=\"_blank\" rel=\" noreferrer noopener\"><img loading=\"lazy\" decoding=\"async\" width=\"1024\" height=\"819\" src=\"https:\/\/mb2812.de\/wp-content\/uploads\/2025\/08\/DSC01660-2779-1024x819.jpg\" alt=\"\" class=\"wp-image-17879\" style=\"width:800px\" srcset=\"https:\/\/mb2812.de\/wp-content\/uploads\/2025\/08\/DSC01660-2779-1024x819.jpg 1024w, https:\/\/mb2812.de\/wp-content\/uploads\/2025\/08\/DSC01660-2779-300x240.jpg 300w, https:\/\/mb2812.de\/wp-content\/uploads\/2025\/08\/DSC01660-2779-768x614.jpg 768w, https:\/\/mb2812.de\/wp-content\/uploads\/2025\/08\/DSC01660-2779-1536x1229.jpg 1536w, https:\/\/mb2812.de\/wp-content\/uploads\/2025\/08\/DSC01660-2779.jpg 1920w\" sizes=\"auto, (max-width: 1024px) 100vw, 1024px\" \/><\/a><figcaption class=\"wp-element-caption\"><em>Nach S\u00fcden heisst die Stra\u00dfe dann &#8222;Binnenburg&#8220;<\/em><\/figcaption><\/figure>\n\n\n\n<figure class=\"wp-block-image aligncenter size-large is-resized\"><a href=\"https:\/\/mb2812.de\/wp-content\/uploads\/2025\/08\/DSC01662-2780.jpg\" target=\"_blank\" rel=\" noreferrer noopener\"><img loading=\"lazy\" decoding=\"async\" width=\"768\" height=\"1024\" src=\"https:\/\/mb2812.de\/wp-content\/uploads\/2025\/08\/DSC01662-2780-768x1024.jpg\" alt=\"\" class=\"wp-image-17880\" style=\"width:600px\" srcset=\"https:\/\/mb2812.de\/wp-content\/uploads\/2025\/08\/DSC01662-2780-768x1024.jpg 768w, https:\/\/mb2812.de\/wp-content\/uploads\/2025\/08\/DSC01662-2780-225x300.jpg 225w, https:\/\/mb2812.de\/wp-content\/uploads\/2025\/08\/DSC01662-2780-1152x1536.jpg 1152w, https:\/\/mb2812.de\/wp-content\/uploads\/2025\/08\/DSC01662-2780.jpg 1440w\" sizes=\"auto, (max-width: 768px) 100vw, 768px\" \/><\/a><figcaption class=\"wp-element-caption\"><em>Der Turm der Burghtkerk ragt \u00fcber die Giebel der H\u00e4user auf<\/em><\/figcaption><\/figure>\n\n\n\n<figure class=\"wp-block-image aligncenter size-large is-resized\"><a href=\"https:\/\/mb2812.de\/wp-content\/uploads\/2025\/08\/IMG_3865-2774.jpg\" target=\"_blank\" rel=\" noreferrer noopener\"><img loading=\"lazy\" decoding=\"async\" width=\"1024\" height=\"819\" src=\"https:\/\/mb2812.de\/wp-content\/uploads\/2025\/08\/IMG_3865-2774-1024x819.jpg\" alt=\"\" class=\"wp-image-17885\" style=\"width:800px\" srcset=\"https:\/\/mb2812.de\/wp-content\/uploads\/2025\/08\/IMG_3865-2774-1024x819.jpg 1024w, https:\/\/mb2812.de\/wp-content\/uploads\/2025\/08\/IMG_3865-2774-300x240.jpg 300w, https:\/\/mb2812.de\/wp-content\/uploads\/2025\/08\/IMG_3865-2774-768x614.jpg 768w, https:\/\/mb2812.de\/wp-content\/uploads\/2025\/08\/IMG_3865-2774-1536x1229.jpg 1536w, https:\/\/mb2812.de\/wp-content\/uploads\/2025\/08\/IMG_3865-2774.jpg 1920w\" sizes=\"auto, (max-width: 1024px) 100vw, 1024px\" \/><\/a><figcaption class=\"wp-element-caption\"><em>Die Burghtkerk von S\u00fcden fotografiert, die Kirche stammt in Teilen von 1492<\/em><\/figcaption><\/figure>\n\n\n\n<figure class=\"wp-block-image aligncenter size-large is-resized\"><a href=\"https:\/\/mb2812.de\/wp-content\/uploads\/2025\/08\/DSC01664.jpg\" target=\"_blank\" rel=\" noreferrer noopener\"><img loading=\"lazy\" decoding=\"async\" width=\"746\" height=\"1024\" src=\"https:\/\/mb2812.de\/wp-content\/uploads\/2025\/08\/DSC01664-746x1024.jpg\" alt=\"\" class=\"wp-image-17881\" style=\"width:600px\" srcset=\"https:\/\/mb2812.de\/wp-content\/uploads\/2025\/08\/DSC01664-746x1024.jpg 746w, https:\/\/mb2812.de\/wp-content\/uploads\/2025\/08\/DSC01664-219x300.jpg 219w, https:\/\/mb2812.de\/wp-content\/uploads\/2025\/08\/DSC01664-768x1054.jpg 768w, https:\/\/mb2812.de\/wp-content\/uploads\/2025\/08\/DSC01664-1119x1536.jpg 1119w, https:\/\/mb2812.de\/wp-content\/uploads\/2025\/08\/DSC01664.jpg 1399w\" sizes=\"auto, (max-width: 746px) 100vw, 746px\" \/><\/a><figcaption class=\"wp-element-caption\"><em>Dies ist das Schoutenhuys von 1611, an Giebel hat man das Jahr der Renovierung (1981) angebracht<\/em><\/figcaption><\/figure>\n\n\n\n<figure class=\"wp-block-image aligncenter size-large is-resized\"><a href=\"https:\/\/mb2812.de\/wp-content\/uploads\/2025\/08\/DSC01668.jpg\"><img loading=\"lazy\" decoding=\"async\" width=\"1024\" height=\"819\" src=\"https:\/\/mb2812.de\/wp-content\/uploads\/2025\/08\/DSC01668-1024x819.jpg\" alt=\"\" class=\"wp-image-17882\" style=\"width:800px\" srcset=\"https:\/\/mb2812.de\/wp-content\/uploads\/2025\/08\/DSC01668-1024x819.jpg 1024w, https:\/\/mb2812.de\/wp-content\/uploads\/2025\/08\/DSC01668-300x240.jpg 300w, https:\/\/mb2812.de\/wp-content\/uploads\/2025\/08\/DSC01668-768x614.jpg 768w, https:\/\/mb2812.de\/wp-content\/uploads\/2025\/08\/DSC01668-1536x1229.jpg 1536w, https:\/\/mb2812.de\/wp-content\/uploads\/2025\/08\/DSC01668.jpg 1920w\" sizes=\"auto, (max-width: 1024px) 100vw, 1024px\" \/><\/a><figcaption class=\"wp-element-caption\"><em>Und noch einmal die Burghtkerk, \u00fcber den Vismarkt hinweg<\/em><\/figcaption><\/figure>\n\n\n\n<figure class=\"wp-block-image aligncenter size-large is-resized\"><a href=\"https:\/\/mb2812.de\/wp-content\/uploads\/2025\/08\/IMG_3872-2778.jpg\" target=\"_blank\" rel=\" noreferrer noopener\"><img loading=\"lazy\" decoding=\"async\" width=\"1024\" height=\"819\" src=\"https:\/\/mb2812.de\/wp-content\/uploads\/2025\/08\/IMG_3872-2778-1024x819.jpg\" alt=\"\" class=\"wp-image-17886\" style=\"width:800px\" srcset=\"https:\/\/mb2812.de\/wp-content\/uploads\/2025\/08\/IMG_3872-2778-1024x819.jpg 1024w, https:\/\/mb2812.de\/wp-content\/uploads\/2025\/08\/IMG_3872-2778-300x240.jpg 300w, https:\/\/mb2812.de\/wp-content\/uploads\/2025\/08\/IMG_3872-2778-768x614.jpg 768w, https:\/\/mb2812.de\/wp-content\/uploads\/2025\/08\/IMG_3872-2778-1536x1229.jpg 1536w, https:\/\/mb2812.de\/wp-content\/uploads\/2025\/08\/IMG_3872-2778.jpg 1920w\" sizes=\"auto, (max-width: 1024px) 100vw, 1024px\" \/><\/a><figcaption class=\"wp-element-caption\"><em>wir gehen die Zwaanstraat entlang, hier die Kreuzung mit der Warmoesstraat<\/em><\/figcaption><\/figure>\n\n\n\n<figure class=\"wp-block-image aligncenter size-large is-resized\"><a href=\"https:\/\/mb2812.de\/wp-content\/uploads\/2025\/08\/IMG_3881.jpg\" target=\"_blank\" rel=\" noreferrer noopener\"><img loading=\"lazy\" decoding=\"async\" width=\"1024\" height=\"819\" src=\"https:\/\/mb2812.de\/wp-content\/uploads\/2025\/08\/IMG_3881-1024x819.jpg\" alt=\"\" class=\"wp-image-17887\" style=\"width:800px\" srcset=\"https:\/\/mb2812.de\/wp-content\/uploads\/2025\/08\/IMG_3881-1024x819.jpg 1024w, https:\/\/mb2812.de\/wp-content\/uploads\/2025\/08\/IMG_3881-300x240.jpg 300w, https:\/\/mb2812.de\/wp-content\/uploads\/2025\/08\/IMG_3881-768x614.jpg 768w, https:\/\/mb2812.de\/wp-content\/uploads\/2025\/08\/IMG_3881-1536x1229.jpg 1536w, https:\/\/mb2812.de\/wp-content\/uploads\/2025\/08\/IMG_3881.jpg 1920w\" sizes=\"auto, (max-width: 1024px) 100vw, 1024px\" \/><\/a><figcaption class=\"wp-element-caption\"><em>Ein altes Auto auf dem Platz vor dem Kino an der Gravenstraat<\/em><\/figcaption><\/figure>\n\n\n\n<p>Wieder quer durch die Innenstadt gehen wir zur\u00fcck zum Parkplatz und dann geht es zum n\u00e4chsten Ziel, wieder ca. 15 Minuten dauert es, bis wir in Oudeschild im S\u00fcdosten Texels ankommen. Oudeschild ist mit etwa 1.150 Einwohnern der drittgr\u00f6sste Ort auf der Insel. Hier ist der Hafen, und bis Anfang der 60er Jahre fuhren auch die F\u00e4hren nach Den Helder hier ab.<\/p>\n\n\n\n<p>Entsprechend gibt es eine Menge Touristen und ein Parkplatz findet sich nicht sofort, letztendlich parken wir im Dorf in der N\u00e4he des Supermarktes und des &#8222;Oude Vismarkt&#8220;. <\/p>\n\n\n\n<p>Auf dem Weg zum Hafen kommen wir dann in die Heemskerckstraat. <\/p>\n\n\n\n<figure class=\"wp-block-image aligncenter size-large is-resized\"><a href=\"https:\/\/mb2812.de\/wp-content\/uploads\/2025\/08\/IMG_3888.jpg\" target=\"_blank\" rel=\" noreferrer noopener\"><img loading=\"lazy\" decoding=\"async\" width=\"1024\" height=\"819\" src=\"https:\/\/mb2812.de\/wp-content\/uploads\/2025\/08\/IMG_3888-1024x819.jpg\" alt=\"\" class=\"wp-image-17888\" style=\"width:800px\" srcset=\"https:\/\/mb2812.de\/wp-content\/uploads\/2025\/08\/IMG_3888-1024x819.jpg 1024w, https:\/\/mb2812.de\/wp-content\/uploads\/2025\/08\/IMG_3888-300x240.jpg 300w, https:\/\/mb2812.de\/wp-content\/uploads\/2025\/08\/IMG_3888-768x614.jpg 768w, https:\/\/mb2812.de\/wp-content\/uploads\/2025\/08\/IMG_3888-1536x1229.jpg 1536w, https:\/\/mb2812.de\/wp-content\/uploads\/2025\/08\/IMG_3888.jpg 1920w\" sizes=\"auto, (max-width: 1024px) 100vw, 1024px\" \/><\/a><figcaption class=\"wp-element-caption\"><em>Da gibt es das Museum Kaap Skil, das als Meeres- und Strandgutmuseum beschrieben wird<\/em><\/figcaption><\/figure>\n\n\n\n<figure class=\"wp-block-image aligncenter size-large is-resized\"><a href=\"https:\/\/mb2812.de\/wp-content\/uploads\/2025\/08\/IMG_8391.jpg\"><img loading=\"lazy\" decoding=\"async\" width=\"1024\" height=\"819\" src=\"https:\/\/mb2812.de\/wp-content\/uploads\/2025\/08\/IMG_8391-1024x819.jpg\" alt=\"\" class=\"wp-image-17891\" style=\"width:800px\" srcset=\"https:\/\/mb2812.de\/wp-content\/uploads\/2025\/08\/IMG_8391-1024x819.jpg 1024w, https:\/\/mb2812.de\/wp-content\/uploads\/2025\/08\/IMG_8391-300x240.jpg 300w, https:\/\/mb2812.de\/wp-content\/uploads\/2025\/08\/IMG_8391-768x614.jpg 768w, https:\/\/mb2812.de\/wp-content\/uploads\/2025\/08\/IMG_8391-1536x1229.jpg 1536w, https:\/\/mb2812.de\/wp-content\/uploads\/2025\/08\/IMG_8391.jpg 1920w\" sizes=\"auto, (max-width: 1024px) 100vw, 1024px\" \/><\/a><figcaption class=\"wp-element-caption\"><em>Weiter finden sich vor dem Deich noch ein paar Souvenirshops in der Stra\u00dfe<\/em><\/figcaption><\/figure>\n\n\n\n<p><\/p>\n\n\n\n<figure class=\"wp-block-image aligncenter size-large is-resized\"><a href=\"https:\/\/mb2812.de\/wp-content\/uploads\/2025\/08\/IMG_8392.jpg\" target=\"_blank\" rel=\" noreferrer noopener\"><img loading=\"lazy\" decoding=\"async\" width=\"1024\" height=\"819\" src=\"https:\/\/mb2812.de\/wp-content\/uploads\/2025\/08\/IMG_8392-1024x819.jpg\" alt=\"\" class=\"wp-image-17892\" style=\"width:800px\" srcset=\"https:\/\/mb2812.de\/wp-content\/uploads\/2025\/08\/IMG_8392-1024x819.jpg 1024w, https:\/\/mb2812.de\/wp-content\/uploads\/2025\/08\/IMG_8392-300x240.jpg 300w, https:\/\/mb2812.de\/wp-content\/uploads\/2025\/08\/IMG_8392-768x614.jpg 768w, https:\/\/mb2812.de\/wp-content\/uploads\/2025\/08\/IMG_8392-1536x1229.jpg 1536w, https:\/\/mb2812.de\/wp-content\/uploads\/2025\/08\/IMG_8392.jpg 1920w\" sizes=\"auto, (max-width: 1024px) 100vw, 1024px\" \/><\/a><figcaption class=\"wp-element-caption\"><em>Zum Museum Kaap Skil geh\u00f6rt die M\u00fchle &#8218;Traanroeier&#8216; von 1727, die aus Zaandam hierhin versetzt wurde<\/em><\/figcaption><\/figure>\n\n\n\n<figure class=\"wp-block-image aligncenter size-large is-resized\"><a href=\"https:\/\/mb2812.de\/wp-content\/uploads\/2025\/08\/IMG_8395-2781.jpg\" target=\"_blank\" rel=\" noreferrer noopener\"><img loading=\"lazy\" decoding=\"async\" width=\"1024\" height=\"819\" src=\"https:\/\/mb2812.de\/wp-content\/uploads\/2025\/08\/IMG_8395-2781-1024x819.jpg\" alt=\"\" class=\"wp-image-17893\" style=\"width:800px\" srcset=\"https:\/\/mb2812.de\/wp-content\/uploads\/2025\/08\/IMG_8395-2781-1024x819.jpg 1024w, https:\/\/mb2812.de\/wp-content\/uploads\/2025\/08\/IMG_8395-2781-300x240.jpg 300w, https:\/\/mb2812.de\/wp-content\/uploads\/2025\/08\/IMG_8395-2781-768x614.jpg 768w, https:\/\/mb2812.de\/wp-content\/uploads\/2025\/08\/IMG_8395-2781-1536x1229.jpg 1536w, https:\/\/mb2812.de\/wp-content\/uploads\/2025\/08\/IMG_8395-2781.jpg 1920w\" sizes=\"auto, (max-width: 1024px) 100vw, 1024px\" \/><\/a><figcaption class=\"wp-element-caption\"><em>Und dann sind wir im Hafen, der die Heimat der Texelschen Fischereiflotte und einiger Touristenschiffe ist<\/em><\/figcaption><\/figure>\n\n\n\n<figure class=\"wp-block-image aligncenter size-large is-resized\"><a href=\"https:\/\/mb2812.de\/wp-content\/uploads\/2025\/07\/IMG_8397-2782.jpg\" target=\"_blank\" rel=\" noreferrer noopener\"><img loading=\"lazy\" decoding=\"async\" width=\"1024\" height=\"819\" src=\"https:\/\/mb2812.de\/wp-content\/uploads\/2025\/07\/IMG_8397-2782-1024x819.jpg\" alt=\"\" class=\"wp-image-17902\" style=\"width:800px\" srcset=\"https:\/\/mb2812.de\/wp-content\/uploads\/2025\/07\/IMG_8397-2782-1024x819.jpg 1024w, https:\/\/mb2812.de\/wp-content\/uploads\/2025\/07\/IMG_8397-2782-300x240.jpg 300w, https:\/\/mb2812.de\/wp-content\/uploads\/2025\/07\/IMG_8397-2782-768x614.jpg 768w, https:\/\/mb2812.de\/wp-content\/uploads\/2025\/07\/IMG_8397-2782-1536x1229.jpg 1536w, https:\/\/mb2812.de\/wp-content\/uploads\/2025\/07\/IMG_8397-2782.jpg 1920w\" sizes=\"auto, (max-width: 1024px) 100vw, 1024px\" \/><\/a><figcaption class=\"wp-element-caption\"><em>Am Kai liegt das Segelschiff &#8222;Fortuna&#8220; von 1913<\/em><\/figcaption><\/figure>\n\n\n\n<figure class=\"wp-block-image aligncenter size-large is-resized\"><a href=\"https:\/\/mb2812.de\/wp-content\/uploads\/2025\/08\/IMG_3909.jpg\" target=\"_blank\" rel=\" noreferrer noopener\"><img loading=\"lazy\" decoding=\"async\" width=\"1024\" height=\"819\" src=\"https:\/\/mb2812.de\/wp-content\/uploads\/2025\/08\/IMG_3909-1024x819.jpg\" alt=\"\" class=\"wp-image-17889\" style=\"width:800px\" srcset=\"https:\/\/mb2812.de\/wp-content\/uploads\/2025\/08\/IMG_3909-1024x819.jpg 1024w, https:\/\/mb2812.de\/wp-content\/uploads\/2025\/08\/IMG_3909-300x240.jpg 300w, https:\/\/mb2812.de\/wp-content\/uploads\/2025\/08\/IMG_3909-768x614.jpg 768w, https:\/\/mb2812.de\/wp-content\/uploads\/2025\/08\/IMG_3909-1536x1229.jpg 1536w, https:\/\/mb2812.de\/wp-content\/uploads\/2025\/08\/IMG_3909.jpg 1920w\" sizes=\"auto, (max-width: 1024px) 100vw, 1024px\" \/><\/a><figcaption class=\"wp-element-caption\"><em>Kurze Pause auf dem Deich<\/em><\/figcaption><\/figure>\n\n\n\n<figure class=\"wp-block-image aligncenter size-large is-resized\"><a href=\"https:\/\/mb2812.de\/wp-content\/uploads\/2025\/08\/IMG_8399.jpg\" target=\"_blank\" rel=\" noreferrer noopener\"><img loading=\"lazy\" decoding=\"async\" width=\"1024\" height=\"683\" src=\"https:\/\/mb2812.de\/wp-content\/uploads\/2025\/08\/IMG_8399-1024x683.jpg\" alt=\"\" class=\"wp-image-17894\" style=\"width:800px\" srcset=\"https:\/\/mb2812.de\/wp-content\/uploads\/2025\/08\/IMG_8399-1024x683.jpg 1024w, https:\/\/mb2812.de\/wp-content\/uploads\/2025\/08\/IMG_8399-300x200.jpg 300w, https:\/\/mb2812.de\/wp-content\/uploads\/2025\/08\/IMG_8399-768x512.jpg 768w, https:\/\/mb2812.de\/wp-content\/uploads\/2025\/08\/IMG_8399-1536x1024.jpg 1536w, https:\/\/mb2812.de\/wp-content\/uploads\/2025\/08\/IMG_8399.jpg 1920w\" sizes=\"auto, (max-width: 1024px) 100vw, 1024px\" \/><\/a><figcaption class=\"wp-element-caption\"><em>Am fr\u00fcheren F\u00e4hranleger gibt es jetzt ein Hotel und Restaurant, da machten wir dann eine l\u00e4ngere Pause mit Erfrischungen <\/em><\/figcaption><\/figure>\n\n\n\n<p>Und dann geht es auch schon weiter, quer \u00fcber die Insel an die Westk\u00fcste, zum &#8218;Paal 12&#8216;. Da gibt es einen gro\u00dfen Parkplatz am Strandzugang und nat\u00fcrlich einen Strandpavillon. Wir schauen uns kurz den Strand an und dann gibt es noch einen Drink im Strandpavillon.<\/p>\n\n\n\n<p>Am Paal 12:<\/p>\n\n\n\n<figure class=\"wp-block-image aligncenter size-large is-resized\"><a href=\"https:\/\/mb2812.de\/wp-content\/uploads\/2025\/08\/IMG_8401.jpg\" target=\"_blank\" rel=\" noreferrer noopener\"><img loading=\"lazy\" decoding=\"async\" width=\"1024\" height=\"819\" src=\"https:\/\/mb2812.de\/wp-content\/uploads\/2025\/08\/IMG_8401-1024x819.jpg\" alt=\"\" class=\"wp-image-17895\" style=\"width:800px\" srcset=\"https:\/\/mb2812.de\/wp-content\/uploads\/2025\/08\/IMG_8401-1024x819.jpg 1024w, https:\/\/mb2812.de\/wp-content\/uploads\/2025\/08\/IMG_8401-300x240.jpg 300w, https:\/\/mb2812.de\/wp-content\/uploads\/2025\/08\/IMG_8401-768x614.jpg 768w, https:\/\/mb2812.de\/wp-content\/uploads\/2025\/08\/IMG_8401-1536x1229.jpg 1536w, https:\/\/mb2812.de\/wp-content\/uploads\/2025\/08\/IMG_8401.jpg 1920w\" sizes=\"auto, (max-width: 1024px) 100vw, 1024px\" \/><\/a><\/figure>\n\n\n\n<p><\/p>\n\n\n\n<figure class=\"wp-block-image aligncenter size-large is-resized\"><a href=\"https:\/\/mb2812.de\/wp-content\/uploads\/2025\/08\/IMG_8404.jpg\" target=\"_blank\" rel=\" noreferrer noopener\"><img loading=\"lazy\" decoding=\"async\" width=\"1024\" height=\"819\" src=\"https:\/\/mb2812.de\/wp-content\/uploads\/2025\/08\/IMG_8404-1024x819.jpg\" alt=\"\" class=\"wp-image-17896\" style=\"width:800px\" srcset=\"https:\/\/mb2812.de\/wp-content\/uploads\/2025\/08\/IMG_8404-1024x819.jpg 1024w, https:\/\/mb2812.de\/wp-content\/uploads\/2025\/08\/IMG_8404-300x240.jpg 300w, https:\/\/mb2812.de\/wp-content\/uploads\/2025\/08\/IMG_8404-768x614.jpg 768w, https:\/\/mb2812.de\/wp-content\/uploads\/2025\/08\/IMG_8404-1536x1229.jpg 1536w, https:\/\/mb2812.de\/wp-content\/uploads\/2025\/08\/IMG_8404.jpg 1920w\" sizes=\"auto, (max-width: 1024px) 100vw, 1024px\" \/><\/a><\/figure>\n\n\n\n<p>\u00dcber eher schmale Stra\u00dfen am Rand der D\u00fcnen geht es dann zur\u00fcck nach De Koog.<\/p>\n\n\n\n<p>Zum Abendessen m\u00fcssen wir heute auch fahren, und zwar die l\u00e4ngste Strecke. Reserviert haben wir im &#8222;Kaap Nord&#8220;, einem Strandpavillon ungef\u00e4hr am n\u00f6rdlichsten Punkt Texels in der N\u00e4he des Leuchtturms. Etwa 15 Kilometer mit dem Auto sind es bis dahin.<\/p>\n\n\n\n<figure class=\"wp-block-image aligncenter size-large is-resized\"><a href=\"https:\/\/mb2812.de\/wp-content\/uploads\/2025\/08\/IMG_8408.jpg\" target=\"_blank\" rel=\" noreferrer noopener\"><img loading=\"lazy\" decoding=\"async\" width=\"1024\" height=\"768\" src=\"https:\/\/mb2812.de\/wp-content\/uploads\/2025\/08\/IMG_8408-1024x768.jpg\" alt=\"\" class=\"wp-image-17897\" style=\"width:800px\" srcset=\"https:\/\/mb2812.de\/wp-content\/uploads\/2025\/08\/IMG_8408-1024x768.jpg 1024w, https:\/\/mb2812.de\/wp-content\/uploads\/2025\/08\/IMG_8408-300x225.jpg 300w, https:\/\/mb2812.de\/wp-content\/uploads\/2025\/08\/IMG_8408-768x576.jpg 768w, https:\/\/mb2812.de\/wp-content\/uploads\/2025\/08\/IMG_8408-1536x1152.jpg 1536w, https:\/\/mb2812.de\/wp-content\/uploads\/2025\/08\/IMG_8408.jpg 1920w\" sizes=\"auto, (max-width: 1024px) 100vw, 1024px\" \/><\/a><figcaption class=\"wp-element-caption\"><em>Der Leuchtturm<\/em><\/figcaption><\/figure>\n\n\n\n<p><\/p>\n\n\n\n<figure class=\"wp-block-image aligncenter size-large is-resized\"><a href=\"https:\/\/mb2812.de\/wp-content\/uploads\/2025\/08\/IMG_8413.jpg\" target=\"_blank\" rel=\" noreferrer noopener\"><img loading=\"lazy\" decoding=\"async\" width=\"1024\" height=\"819\" src=\"https:\/\/mb2812.de\/wp-content\/uploads\/2025\/08\/IMG_8413-1024x819.jpg\" alt=\"\" class=\"wp-image-17898\" style=\"width:800px\" srcset=\"https:\/\/mb2812.de\/wp-content\/uploads\/2025\/08\/IMG_8413-1024x819.jpg 1024w, https:\/\/mb2812.de\/wp-content\/uploads\/2025\/08\/IMG_8413-300x240.jpg 300w, https:\/\/mb2812.de\/wp-content\/uploads\/2025\/08\/IMG_8413-768x614.jpg 768w, https:\/\/mb2812.de\/wp-content\/uploads\/2025\/08\/IMG_8413-1536x1229.jpg 1536w, https:\/\/mb2812.de\/wp-content\/uploads\/2025\/08\/IMG_8413.jpg 1920w\" sizes=\"auto, (max-width: 1024px) 100vw, 1024px\" \/><\/a><figcaption class=\"wp-element-caption\"><em>Am Strand<\/em><\/figcaption><\/figure>\n\n\n\n<figure class=\"wp-block-image aligncenter size-large is-resized\"><a href=\"https:\/\/mb2812.de\/wp-content\/uploads\/2025\/08\/IMG_8414-2776.jpg\"><img loading=\"lazy\" decoding=\"async\" width=\"1024\" height=\"819\" src=\"https:\/\/mb2812.de\/wp-content\/uploads\/2025\/08\/IMG_8414-2776-1024x819.jpg\" alt=\"\" class=\"wp-image-17899\" style=\"width:800px\" srcset=\"https:\/\/mb2812.de\/wp-content\/uploads\/2025\/08\/IMG_8414-2776-1024x819.jpg 1024w, https:\/\/mb2812.de\/wp-content\/uploads\/2025\/08\/IMG_8414-2776-300x240.jpg 300w, https:\/\/mb2812.de\/wp-content\/uploads\/2025\/08\/IMG_8414-2776-768x614.jpg 768w, https:\/\/mb2812.de\/wp-content\/uploads\/2025\/08\/IMG_8414-2776-1536x1229.jpg 1536w, https:\/\/mb2812.de\/wp-content\/uploads\/2025\/08\/IMG_8414-2776.jpg 1920w\" sizes=\"auto, (max-width: 1024px) 100vw, 1024px\" \/><\/a><figcaption class=\"wp-element-caption\"><em>Und dies ist der Pavillon<\/em><\/figcaption><\/figure>\n\n\n\n<figure class=\"wp-block-image aligncenter size-large is-resized\"><a href=\"https:\/\/mb2812.de\/wp-content\/uploads\/2025\/08\/IMG_8418-2777.jpg\" target=\"_blank\" rel=\" noreferrer noopener\"><img loading=\"lazy\" decoding=\"async\" width=\"1024\" height=\"819\" src=\"https:\/\/mb2812.de\/wp-content\/uploads\/2025\/08\/IMG_8418-2777-1024x819.jpg\" alt=\"\" class=\"wp-image-17900\" style=\"width:800px\" srcset=\"https:\/\/mb2812.de\/wp-content\/uploads\/2025\/08\/IMG_8418-2777-1024x819.jpg 1024w, https:\/\/mb2812.de\/wp-content\/uploads\/2025\/08\/IMG_8418-2777-300x240.jpg 300w, https:\/\/mb2812.de\/wp-content\/uploads\/2025\/08\/IMG_8418-2777-768x614.jpg 768w, https:\/\/mb2812.de\/wp-content\/uploads\/2025\/08\/IMG_8418-2777-1536x1229.jpg 1536w, https:\/\/mb2812.de\/wp-content\/uploads\/2025\/08\/IMG_8418-2777.jpg 1920w\" sizes=\"auto, (max-width: 1024px) 100vw, 1024px\" \/><\/a><figcaption class=\"wp-element-caption\"><em>Am Strand kann man zur n\u00e4chsten Insel schauen, das ist Vlieland<\/em><\/figcaption><\/figure>\n\n\n\n<figure class=\"wp-block-image aligncenter size-large is-resized\"><a href=\"https:\/\/mb2812.de\/wp-content\/uploads\/2025\/08\/IMG_3986.jpg\" target=\"_blank\" rel=\" noreferrer noopener\"><img loading=\"lazy\" decoding=\"async\" width=\"1024\" height=\"819\" src=\"https:\/\/mb2812.de\/wp-content\/uploads\/2025\/08\/IMG_3986-1024x819.jpg\" alt=\"\" class=\"wp-image-17890\" style=\"width:800px\" srcset=\"https:\/\/mb2812.de\/wp-content\/uploads\/2025\/08\/IMG_3986-1024x819.jpg 1024w, https:\/\/mb2812.de\/wp-content\/uploads\/2025\/08\/IMG_3986-300x240.jpg 300w, https:\/\/mb2812.de\/wp-content\/uploads\/2025\/08\/IMG_3986-768x614.jpg 768w, https:\/\/mb2812.de\/wp-content\/uploads\/2025\/08\/IMG_3986-1536x1229.jpg 1536w, https:\/\/mb2812.de\/wp-content\/uploads\/2025\/08\/IMG_3986.jpg 1920w\" sizes=\"auto, (max-width: 1024px) 100vw, 1024px\" \/><\/a><figcaption class=\"wp-element-caption\"><em>Und noch ein Selfie, dann geht es zum Essen &#8230;<\/em><\/figcaption><\/figure>\n","protected":false},"excerpt":{"rendered":"<p>Die Wanderung hat uns doch etwas ersch\u00f6pft und so fahren wir mit dem Auto \u00fcber die Insel: zum Hauptort De Burg, nach S\u00fcden nach Oudeschild und dann noch an den Strand zum &#8222;Paal 12&#8220;. Abends geht es bis zum Nordende der Insel zum Pavillon &#8222;KaapNoord&#8220;<\/p>\n","protected":false},"author":1,"featured_media":17879,"comment_status":"closed","ping_status":"closed","sticky":false,"template":"","format":"standard","meta":{"footnotes":""},"categories":[537],"tags":[386,44,38,536],"class_list":["post-17874","post","type-post","status-publish","format-standard","has-post-thumbnail","hentry","category-niederlande-2025","tag-386","tag-niederlande","tag-nordseekueste","tag-texel"],"_links":{"self":[{"href":"https:\/\/mb2812.de\/index.php?rest_route=\/wp\/v2\/posts\/17874","targetHints":{"allow":["GET"]}}],"collection":[{"href":"https:\/\/mb2812.de\/index.php?rest_route=\/wp\/v2\/posts"}],"about":[{"href":"https:\/\/mb2812.de\/index.php?rest_route=\/wp\/v2\/types\/post"}],"author":[{"embeddable":true,"href":"https:\/\/mb2812.de\/index.php?rest_route=\/wp\/v2\/users\/1"}],"replies":[{"embeddable":true,"href":"https:\/\/mb2812.de\/index.php?rest_route=%2Fwp%2Fv2%2Fcomments&post=17874"}],"version-history":[{"count":8,"href":"https:\/\/mb2812.de\/index.php?rest_route=\/wp\/v2\/posts\/17874\/revisions"}],"predecessor-version":[{"id":18877,"href":"https:\/\/mb2812.de\/index.php?rest_route=\/wp\/v2\/posts\/17874\/revisions\/18877"}],"wp:featuredmedia":[{"embeddable":true,"href":"https:\/\/mb2812.de\/index.php?rest_route=\/wp\/v2\/media\/17879"}],"wp:attachment":[{"href":"https:\/\/mb2812.de\/index.php?rest_route=%2Fwp%2Fv2%2Fmedia&parent=17874"}],"wp:term":[{"taxonomy":"category","embeddable":true,"href":"https:\/\/mb2812.de\/index.php?rest_route=%2Fwp%2Fv2%2Fcategories&post=17874"},{"taxonomy":"post_tag","embeddable":true,"href":"https:\/\/mb2812.de\/index.php?rest_route=%2Fwp%2Fv2%2Ftags&post=17874"}],"curies":[{"name":"wp","href":"https:\/\/api.w.org\/{rel}","templated":true}]}}