{"id":17838,"date":"2025-07-22T09:02:00","date_gmt":"2025-07-22T07:02:00","guid":{"rendered":"https:\/\/mb2812.de\/?p=17838"},"modified":"2026-03-22T12:58:22","modified_gmt":"2026-03-22T10:58:22","slug":"strandwanderung-nordwaerts","status":"publish","type":"post","link":"https:\/\/mb2812.de\/?p=17838","title":{"rendered":"Strandwanderung nordw\u00e4rts"},"content":{"rendered":"\n<p>Die Monate vor diesem Urlaub waren leider ziemlich stressig f\u00fcr uns, und &#8222;Wir sollten uns mal bewegen!&#8220; (und auch &#8222;Im Urlaub wird gelaufen!&#8220;) sagten wir da immer, viel konnten wir in dieser Richtung nicht unternehmen. <\/p>\n\n\n\n<p>Nun waren wir im Urlaub und da wollten wir den guten Vorsatz Wirklichkeit werden lassen. Ich hatte schon einmal erw\u00e4hnt, das die erste Tour im Urlaub meistens etwas zu gro\u00df ger\u00e4t und wir an den Folgetagen mit Ersch\u00f6pfung und Muskelkater das Bewegen bzw. Laufen dann wieder bleiben lassen. Diesmal wollten wir es besser machen und die Tour sollte daher kleiner werden.<\/p>\n\n\n\n<p>Von einer Wanderung bis zum Leuchtturm an der Nordspitze Texels haben wir daher abgesehen, die halbe Strecke, bis zum Naturschutzgebiet &#8222;De Slufter&#8220;, erschien jedoch akzeptabel.<\/p>\n\n\n\n<p>Auf der Karte sieht die Strecke dann auch eher klein aus:<\/p>\n\n\n\n<figure class=\"wp-block-image aligncenter size-large is-resized\"><a href=\"https:\/\/mb2812.de\/wp-content\/uploads\/2025\/08\/02Karte.jpg\"><img loading=\"lazy\" decoding=\"async\" width=\"1024\" height=\"1024\" src=\"https:\/\/mb2812.de\/wp-content\/uploads\/2025\/08\/02Karte-1024x1024.jpg\" alt=\"\" class=\"wp-image-17839\" style=\"width:700px\" srcset=\"https:\/\/mb2812.de\/wp-content\/uploads\/2025\/08\/02Karte-1024x1024.jpg 1024w, https:\/\/mb2812.de\/wp-content\/uploads\/2025\/08\/02Karte-300x300.jpg 300w, https:\/\/mb2812.de\/wp-content\/uploads\/2025\/08\/02Karte-150x150.jpg 150w, https:\/\/mb2812.de\/wp-content\/uploads\/2025\/08\/02Karte-768x768.jpg 768w, https:\/\/mb2812.de\/wp-content\/uploads\/2025\/08\/02Karte-1536x1536.jpg 1536w, https:\/\/mb2812.de\/wp-content\/uploads\/2025\/08\/02Karte.jpg 1920w\" sizes=\"auto, (max-width: 1024px) 100vw, 1024px\" \/><\/a><figcaption class=\"wp-element-caption\"><em>Kartendaten: \u00a9&nbsp;<a href=\"https:\/\/www.openstreetmap.org\/copyright\">OpenStreetMap-Mitwirkende,<\/a>&nbsp;<a href=\"https:\/\/viewfinderpanoramas.org\" target=\"_blank\" rel=\"noreferrer noopener\">SRTM&nbsp;<\/a>| Kartendarstellung: \u00a9&nbsp;<a href=\"https:\/\/opentopomap.org\/\" target=\"_blank\" rel=\"noreferrer noopener\">OpenTopoMap<\/a>&nbsp;<a href=\"https:\/\/creativecommons.org\/licenses\/by-sa\/3.0\/\" target=\"_blank\" rel=\"noreferrer noopener\">(CC-BY-SA)<\/a><\/em><\/figcaption><\/figure>\n\n\n\n<p>Bei zun\u00e4chst nicht besonders sch\u00f6nem Wetter geht es nach dem Fr\u00fchst\u00fcck los, wie gestern nachmittag zun\u00e4chst durchs Dorf an den Strand und dann nach Norden, und &#8222;immer geradeaus&#8220; am Strand entlang.<\/p>\n\n\n\n<figure class=\"wp-block-image aligncenter size-large is-resized\"><a href=\"https:\/\/mb2812.de\/wp-content\/uploads\/2025\/07\/DSC01604.jpg\" target=\"_blank\" rel=\" noreferrer noopener\"><img loading=\"lazy\" decoding=\"async\" width=\"1024\" height=\"819\" src=\"https:\/\/mb2812.de\/wp-content\/uploads\/2025\/07\/DSC01604-1024x819.jpg\" alt=\"\" class=\"wp-image-17842\" style=\"width:800px\" srcset=\"https:\/\/mb2812.de\/wp-content\/uploads\/2025\/07\/DSC01604-1024x819.jpg 1024w, https:\/\/mb2812.de\/wp-content\/uploads\/2025\/07\/DSC01604-300x240.jpg 300w, https:\/\/mb2812.de\/wp-content\/uploads\/2025\/07\/DSC01604-768x614.jpg 768w, https:\/\/mb2812.de\/wp-content\/uploads\/2025\/07\/DSC01604-1536x1229.jpg 1536w, https:\/\/mb2812.de\/wp-content\/uploads\/2025\/07\/DSC01604.jpg 1920w\" sizes=\"auto, (max-width: 1024px) 100vw, 1024px\" \/><\/a><figcaption class=\"wp-element-caption\"><em>Am Strand<\/em><\/figcaption><\/figure>\n\n\n\n<figure class=\"wp-block-image aligncenter size-large is-resized\"><a href=\"https:\/\/mb2812.de\/wp-content\/uploads\/2025\/07\/DSC01606.jpg\" target=\"_blank\" rel=\" noreferrer noopener\"><img loading=\"lazy\" decoding=\"async\" width=\"1024\" height=\"819\" src=\"https:\/\/mb2812.de\/wp-content\/uploads\/2025\/07\/DSC01606-1024x819.jpg\" alt=\"\" class=\"wp-image-17844\" style=\"width:800px\" srcset=\"https:\/\/mb2812.de\/wp-content\/uploads\/2025\/07\/DSC01606-1024x819.jpg 1024w, https:\/\/mb2812.de\/wp-content\/uploads\/2025\/07\/DSC01606-300x240.jpg 300w, https:\/\/mb2812.de\/wp-content\/uploads\/2025\/07\/DSC01606-768x614.jpg 768w, https:\/\/mb2812.de\/wp-content\/uploads\/2025\/07\/DSC01606-1536x1229.jpg 1536w, https:\/\/mb2812.de\/wp-content\/uploads\/2025\/07\/DSC01606.jpg 1920w\" sizes=\"auto, (max-width: 1024px) 100vw, 1024px\" \/><\/a><figcaption class=\"wp-element-caption\"><em>Es ist Ebbe,<\/em><\/figcaption><\/figure>\n\n\n\n<figure class=\"wp-block-image aligncenter size-large is-resized\"><a href=\"https:\/\/mb2812.de\/wp-content\/uploads\/2025\/07\/DSC01610.jpg\" target=\"_blank\" rel=\" noreferrer noopener\"><img loading=\"lazy\" decoding=\"async\" width=\"1024\" height=\"819\" src=\"https:\/\/mb2812.de\/wp-content\/uploads\/2025\/07\/DSC01610-1024x819.jpg\" alt=\"\" class=\"wp-image-17845\" style=\"width:800px\" srcset=\"https:\/\/mb2812.de\/wp-content\/uploads\/2025\/07\/DSC01610-1024x819.jpg 1024w, https:\/\/mb2812.de\/wp-content\/uploads\/2025\/07\/DSC01610-300x240.jpg 300w, https:\/\/mb2812.de\/wp-content\/uploads\/2025\/07\/DSC01610-768x614.jpg 768w, https:\/\/mb2812.de\/wp-content\/uploads\/2025\/07\/DSC01610-1536x1229.jpg 1536w, https:\/\/mb2812.de\/wp-content\/uploads\/2025\/07\/DSC01610.jpg 1920w\" sizes=\"auto, (max-width: 1024px) 100vw, 1024px\" \/><\/a><figcaption class=\"wp-element-caption\"><em>Ein Fischkutter recht nah am Strand<\/em><\/figcaption><\/figure>\n\n\n\n<figure class=\"wp-block-image aligncenter size-large is-resized\"><a href=\"https:\/\/mb2812.de\/wp-content\/uploads\/2025\/07\/DSC01614.jpg\" target=\"_blank\" rel=\" noreferrer noopener\"><img loading=\"lazy\" decoding=\"async\" width=\"1024\" height=\"819\" src=\"https:\/\/mb2812.de\/wp-content\/uploads\/2025\/07\/DSC01614-1024x819.jpg\" alt=\"\" class=\"wp-image-17847\" style=\"width:800px\" srcset=\"https:\/\/mb2812.de\/wp-content\/uploads\/2025\/07\/DSC01614-1024x819.jpg 1024w, https:\/\/mb2812.de\/wp-content\/uploads\/2025\/07\/DSC01614-300x240.jpg 300w, https:\/\/mb2812.de\/wp-content\/uploads\/2025\/07\/DSC01614-768x614.jpg 768w, https:\/\/mb2812.de\/wp-content\/uploads\/2025\/07\/DSC01614-1536x1229.jpg 1536w, https:\/\/mb2812.de\/wp-content\/uploads\/2025\/07\/DSC01614.jpg 1920w\" sizes=\"auto, (max-width: 1024px) 100vw, 1024px\" \/><\/a><figcaption class=\"wp-element-caption\"><em>Die bewachten Abschnitte an den Strandzug\u00e4ngen sind eindeutig markiet<\/em><\/figcaption><\/figure>\n\n\n\n<figure class=\"wp-block-image aligncenter size-large is-resized\"><a href=\"https:\/\/mb2812.de\/wp-content\/uploads\/2025\/07\/IMG_3690.jpg\" target=\"_blank\" rel=\" noreferrer noopener\"><img loading=\"lazy\" decoding=\"async\" width=\"1024\" height=\"819\" src=\"https:\/\/mb2812.de\/wp-content\/uploads\/2025\/07\/IMG_3690-1024x819.jpg\" alt=\"\" class=\"wp-image-17860\" style=\"width:800px\" srcset=\"https:\/\/mb2812.de\/wp-content\/uploads\/2025\/07\/IMG_3690-1024x819.jpg 1024w, https:\/\/mb2812.de\/wp-content\/uploads\/2025\/07\/IMG_3690-300x240.jpg 300w, https:\/\/mb2812.de\/wp-content\/uploads\/2025\/07\/IMG_3690-768x614.jpg 768w, https:\/\/mb2812.de\/wp-content\/uploads\/2025\/07\/IMG_3690-1536x1229.jpg 1536w, https:\/\/mb2812.de\/wp-content\/uploads\/2025\/07\/IMG_3690.jpg 1920w\" sizes=\"auto, (max-width: 1024px) 100vw, 1024px\" \/><\/a><figcaption class=\"wp-element-caption\"><em>Weiter geht&#8217;s<\/em><\/figcaption><\/figure>\n\n\n\n<figure class=\"wp-block-image aligncenter size-large is-resized\"><a href=\"https:\/\/mb2812.de\/wp-content\/uploads\/2025\/07\/IMG_3699-2771.jpg\"><img loading=\"lazy\" decoding=\"async\" width=\"1024\" height=\"819\" src=\"https:\/\/mb2812.de\/wp-content\/uploads\/2025\/07\/IMG_3699-2771-1024x819.jpg\" alt=\"\" class=\"wp-image-17861\" style=\"width:800px\" srcset=\"https:\/\/mb2812.de\/wp-content\/uploads\/2025\/07\/IMG_3699-2771-1024x819.jpg 1024w, https:\/\/mb2812.de\/wp-content\/uploads\/2025\/07\/IMG_3699-2771-300x240.jpg 300w, https:\/\/mb2812.de\/wp-content\/uploads\/2025\/07\/IMG_3699-2771-768x614.jpg 768w, https:\/\/mb2812.de\/wp-content\/uploads\/2025\/07\/IMG_3699-2771-1536x1229.jpg 1536w, https:\/\/mb2812.de\/wp-content\/uploads\/2025\/07\/IMG_3699-2771.jpg 1920w\" sizes=\"auto, (max-width: 1024px) 100vw, 1024px\" \/><\/a><figcaption class=\"wp-element-caption\"><em>Da sind wir am Strand<\/em><\/figcaption><\/figure>\n\n\n\n<figure class=\"wp-block-image aligncenter size-large is-resized\"><a href=\"https:\/\/mb2812.de\/wp-content\/uploads\/2025\/07\/DSC01617.jpg\" target=\"_blank\" rel=\" noreferrer noopener\"><img loading=\"lazy\" decoding=\"async\" width=\"1024\" height=\"819\" src=\"https:\/\/mb2812.de\/wp-content\/uploads\/2025\/07\/DSC01617-1024x819.jpg\" alt=\"\" class=\"wp-image-17848\" style=\"width:800px\" srcset=\"https:\/\/mb2812.de\/wp-content\/uploads\/2025\/07\/DSC01617-1024x819.jpg 1024w, https:\/\/mb2812.de\/wp-content\/uploads\/2025\/07\/DSC01617-300x240.jpg 300w, https:\/\/mb2812.de\/wp-content\/uploads\/2025\/07\/DSC01617-768x614.jpg 768w, https:\/\/mb2812.de\/wp-content\/uploads\/2025\/07\/DSC01617-1536x1229.jpg 1536w, https:\/\/mb2812.de\/wp-content\/uploads\/2025\/07\/DSC01617.jpg 1920w\" sizes=\"auto, (max-width: 1024px) 100vw, 1024px\" \/><\/a><figcaption class=\"wp-element-caption\"><em>Die D\u00fcnen<\/em><\/figcaption><\/figure>\n\n\n\n<p>&#8222;De Slufter&#8220; ist ein eigenartiges Gebiet etwa in der Mitte zwischen De Koog und dem Nordende der Insel. Hier kann das Meer ungehindert ins Land hineinstr\u00f6men, denn die \u00e4u\u00dfere D\u00fcnenreihe fehlt. Es ist eine st\u00e4ndigen Ver\u00e4nderungen unterworfene Salzwiesen-Ebene, ein Priel f\u00fchrt vom Meer ins Inselinnere und kann auch nur bei Ebbe \u00fcberquert werden. Wir bleiben s\u00fcdlich des Priels und gehen bis zur zweiten, inneren D\u00fcnenreihe, auf der es eine Aussichtsplattform gibt.<\/p>\n\n\n\n<figure class=\"wp-block-image aligncenter size-large is-resized\"><a href=\"https:\/\/mb2812.de\/wp-content\/uploads\/2025\/07\/DSC01625.jpg\" target=\"_blank\" rel=\" noreferrer noopener\"><img loading=\"lazy\" decoding=\"async\" width=\"1024\" height=\"819\" src=\"https:\/\/mb2812.de\/wp-content\/uploads\/2025\/07\/DSC01625-1024x819.jpg\" alt=\"\" class=\"wp-image-17849\" style=\"width:800px\" srcset=\"https:\/\/mb2812.de\/wp-content\/uploads\/2025\/07\/DSC01625-1024x819.jpg 1024w, https:\/\/mb2812.de\/wp-content\/uploads\/2025\/07\/DSC01625-300x240.jpg 300w, https:\/\/mb2812.de\/wp-content\/uploads\/2025\/07\/DSC01625-768x614.jpg 768w, https:\/\/mb2812.de\/wp-content\/uploads\/2025\/07\/DSC01625-1536x1229.jpg 1536w, https:\/\/mb2812.de\/wp-content\/uploads\/2025\/07\/DSC01625.jpg 1920w\" sizes=\"auto, (max-width: 1024px) 100vw, 1024px\" \/><\/a><figcaption class=\"wp-element-caption\"><em>De Slufter mit dem Priel und der inneren D\u00fcnenreihe<\/em><\/figcaption><\/figure>\n\n\n\n<figure class=\"wp-block-image aligncenter size-large is-resized\"><a href=\"https:\/\/mb2812.de\/wp-content\/uploads\/2025\/07\/DSC01631.jpg\" target=\"_blank\" rel=\" noreferrer noopener\"><img loading=\"lazy\" decoding=\"async\" width=\"1024\" height=\"819\" src=\"https:\/\/mb2812.de\/wp-content\/uploads\/2025\/07\/DSC01631-1024x819.jpg\" alt=\"\" class=\"wp-image-17850\" style=\"width:800px\" srcset=\"https:\/\/mb2812.de\/wp-content\/uploads\/2025\/07\/DSC01631-1024x819.jpg 1024w, https:\/\/mb2812.de\/wp-content\/uploads\/2025\/07\/DSC01631-300x240.jpg 300w, https:\/\/mb2812.de\/wp-content\/uploads\/2025\/07\/DSC01631-768x614.jpg 768w, https:\/\/mb2812.de\/wp-content\/uploads\/2025\/07\/DSC01631-1536x1229.jpg 1536w, https:\/\/mb2812.de\/wp-content\/uploads\/2025\/07\/DSC01631.jpg 1920w\" sizes=\"auto, (max-width: 1024px) 100vw, 1024px\" \/><\/a><figcaption class=\"wp-element-caption\"><em>Blick \u00fcber den Priel hinweg nach Norden, wo die \u00e4u\u00dfere D\u00fcnenkette wieder beginnt<\/em><\/figcaption><\/figure>\n\n\n\n<figure class=\"wp-block-image aligncenter size-large is-resized\"><a href=\"https:\/\/mb2812.de\/wp-content\/uploads\/2025\/07\/IMG_3744.jpg\"><img loading=\"lazy\" decoding=\"async\" width=\"1024\" height=\"819\" src=\"https:\/\/mb2812.de\/wp-content\/uploads\/2025\/07\/IMG_3744-1024x819.jpg\" alt=\"\" class=\"wp-image-17862\" style=\"width:800px\" srcset=\"https:\/\/mb2812.de\/wp-content\/uploads\/2025\/07\/IMG_3744-1024x819.jpg 1024w, https:\/\/mb2812.de\/wp-content\/uploads\/2025\/07\/IMG_3744-300x240.jpg 300w, https:\/\/mb2812.de\/wp-content\/uploads\/2025\/07\/IMG_3744-768x614.jpg 768w, https:\/\/mb2812.de\/wp-content\/uploads\/2025\/07\/IMG_3744-1536x1229.jpg 1536w, https:\/\/mb2812.de\/wp-content\/uploads\/2025\/07\/IMG_3744.jpg 1920w\" sizes=\"auto, (max-width: 1024px) 100vw, 1024px\" \/><\/a><figcaption class=\"wp-element-caption\"><em>Der Blick reicht bis zum Leuchtturm<\/em><\/figcaption><\/figure>\n\n\n\n<figure class=\"wp-block-image aligncenter size-large is-resized\"><a href=\"https:\/\/mb2812.de\/wp-content\/uploads\/2025\/07\/DSC01633-2767.jpg\" target=\"_blank\" rel=\" noreferrer noopener\"><img loading=\"lazy\" decoding=\"async\" width=\"1024\" height=\"819\" src=\"https:\/\/mb2812.de\/wp-content\/uploads\/2025\/07\/DSC01633-2767-1024x819.jpg\" alt=\"\" class=\"wp-image-17851\" style=\"width:800px\" srcset=\"https:\/\/mb2812.de\/wp-content\/uploads\/2025\/07\/DSC01633-2767-1024x819.jpg 1024w, https:\/\/mb2812.de\/wp-content\/uploads\/2025\/07\/DSC01633-2767-300x240.jpg 300w, https:\/\/mb2812.de\/wp-content\/uploads\/2025\/07\/DSC01633-2767-768x614.jpg 768w, https:\/\/mb2812.de\/wp-content\/uploads\/2025\/07\/DSC01633-2767-1536x1229.jpg 1536w, https:\/\/mb2812.de\/wp-content\/uploads\/2025\/07\/DSC01633-2767.jpg 1920w\" sizes=\"auto, (max-width: 1024px) 100vw, 1024px\" \/><\/a><figcaption class=\"wp-element-caption\"><em>Wir sind schon ziemlich weit landeinw\u00e4rts gekommen und blicken hier zur\u00fcck zum Meer und das Ende der s\u00fcdlichen D\u00fcnenkette<\/em><\/figcaption><\/figure>\n\n\n\n<figure class=\"wp-block-image aligncenter size-large is-resized\"><a href=\"https:\/\/mb2812.de\/wp-content\/uploads\/2025\/07\/DSC01638-2772.jpg\"><img loading=\"lazy\" decoding=\"async\" width=\"1024\" height=\"819\" src=\"https:\/\/mb2812.de\/wp-content\/uploads\/2025\/07\/DSC01638-2772-1024x819.jpg\" alt=\"\" class=\"wp-image-17852\" style=\"width:800px\" srcset=\"https:\/\/mb2812.de\/wp-content\/uploads\/2025\/07\/DSC01638-2772-1024x819.jpg 1024w, https:\/\/mb2812.de\/wp-content\/uploads\/2025\/07\/DSC01638-2772-300x240.jpg 300w, https:\/\/mb2812.de\/wp-content\/uploads\/2025\/07\/DSC01638-2772-768x614.jpg 768w, https:\/\/mb2812.de\/wp-content\/uploads\/2025\/07\/DSC01638-2772-1536x1229.jpg 1536w, https:\/\/mb2812.de\/wp-content\/uploads\/2025\/07\/DSC01638-2772.jpg 1920w\" sizes=\"auto, (max-width: 1024px) 100vw, 1024px\" \/><\/a><figcaption class=\"wp-element-caption\"><em>Und dies ist der Blick von der Aussichtsplattform aus<\/em> <em>auf die Ebene<\/em><\/figcaption><\/figure>\n\n\n\n<p>Zum Gl\u00fcck gibt es direkt hinter der inneren D\u00fcnenkette ein Caf\u00e9\/Restaurant und wir k\u00f6nnen Pause machen:<\/p>\n\n\n\n<figure class=\"wp-block-image aligncenter size-large is-resized\"><a href=\"https:\/\/mb2812.de\/wp-content\/uploads\/2025\/07\/IMG_8382-2768.jpg\" target=\"_blank\" rel=\" noreferrer noopener\"><img loading=\"lazy\" decoding=\"async\" width=\"1024\" height=\"819\" src=\"https:\/\/mb2812.de\/wp-content\/uploads\/2025\/07\/IMG_8382-2768-1024x819.jpg\" alt=\"\" class=\"wp-image-17866\" style=\"width:800px\" srcset=\"https:\/\/mb2812.de\/wp-content\/uploads\/2025\/07\/IMG_8382-2768-1024x819.jpg 1024w, https:\/\/mb2812.de\/wp-content\/uploads\/2025\/07\/IMG_8382-2768-300x240.jpg 300w, https:\/\/mb2812.de\/wp-content\/uploads\/2025\/07\/IMG_8382-2768-768x614.jpg 768w, https:\/\/mb2812.de\/wp-content\/uploads\/2025\/07\/IMG_8382-2768-1536x1229.jpg 1536w, https:\/\/mb2812.de\/wp-content\/uploads\/2025\/07\/IMG_8382-2768.jpg 1920w\" sizes=\"auto, (max-width: 1024px) 100vw, 1024px\" \/><\/a><\/figure>\n\n\n\n<p>Dann gehen wir zur\u00fcck nach De Koog, und zwar entlang der inneren D\u00fcnenkette, die wir daf\u00fcr noch einmal \u00fcberqueren m\u00fcssen. Das Gebiet heist &#8222;De Muy&#8220;und ist eine junge D\u00fcnenlandschaft.<\/p>\n\n\n\n<p>N\u00e4heres zur Landschaft und ihrer Entstehung findet man auf der Website des Nationalparks (<a href=\"https:\/\/www.npduinenvantexel.nl\/54924\/de\/zu-sehen\/de-slufter\" target=\"_blank\" rel=\"noreferrer noopener\">De Slufter<\/a> bzw. <a href=\"https:\/\/www.npduinenvantexel.nl\/54920\/de\/zu-sehen\/de-muy\" target=\"_blank\" rel=\"noreferrer noopener\">De Muy<\/a>)<\/p>\n\n\n\n<p>Ein paar Fotos vom R\u00fcckweg:<\/p>\n\n\n\n<figure class=\"wp-block-image aligncenter size-large is-resized\"><a href=\"https:\/\/mb2812.de\/wp-content\/uploads\/2025\/07\/DSC01641.jpg\" target=\"_blank\" rel=\" noreferrer noopener\"><img loading=\"lazy\" decoding=\"async\" width=\"1024\" height=\"819\" src=\"https:\/\/mb2812.de\/wp-content\/uploads\/2025\/07\/DSC01641-1024x819.jpg\" alt=\"\" class=\"wp-image-17853\" style=\"width:800px\" srcset=\"https:\/\/mb2812.de\/wp-content\/uploads\/2025\/07\/DSC01641-1024x819.jpg 1024w, https:\/\/mb2812.de\/wp-content\/uploads\/2025\/07\/DSC01641-300x240.jpg 300w, https:\/\/mb2812.de\/wp-content\/uploads\/2025\/07\/DSC01641-768x614.jpg 768w, https:\/\/mb2812.de\/wp-content\/uploads\/2025\/07\/DSC01641-1536x1229.jpg 1536w, https:\/\/mb2812.de\/wp-content\/uploads\/2025\/07\/DSC01641.jpg 1920w\" sizes=\"auto, (max-width: 1024px) 100vw, 1024px\" \/><\/a><\/figure>\n\n\n\n<p><\/p>\n\n\n\n<figure class=\"wp-block-image aligncenter size-large is-resized\"><a href=\"https:\/\/mb2812.de\/wp-content\/uploads\/2025\/07\/DSC01644.jpg\" target=\"_blank\" rel=\" noreferrer noopener\"><img loading=\"lazy\" decoding=\"async\" width=\"1024\" height=\"819\" src=\"https:\/\/mb2812.de\/wp-content\/uploads\/2025\/07\/DSC01644-1024x819.jpg\" alt=\"\" class=\"wp-image-17854\" style=\"width:800px\" srcset=\"https:\/\/mb2812.de\/wp-content\/uploads\/2025\/07\/DSC01644-1024x819.jpg 1024w, https:\/\/mb2812.de\/wp-content\/uploads\/2025\/07\/DSC01644-300x240.jpg 300w, https:\/\/mb2812.de\/wp-content\/uploads\/2025\/07\/DSC01644-768x614.jpg 768w, https:\/\/mb2812.de\/wp-content\/uploads\/2025\/07\/DSC01644-1536x1229.jpg 1536w, https:\/\/mb2812.de\/wp-content\/uploads\/2025\/07\/DSC01644.jpg 1920w\" sizes=\"auto, (max-width: 1024px) 100vw, 1024px\" \/><\/a><\/figure>\n\n\n\n<p><\/p>\n\n\n\n<figure class=\"wp-block-image aligncenter size-large is-resized\"><a href=\"https:\/\/mb2812.de\/wp-content\/uploads\/2025\/07\/DSC01645.jpg\" target=\"_blank\" rel=\" noreferrer noopener\"><img loading=\"lazy\" decoding=\"async\" width=\"1024\" height=\"819\" src=\"https:\/\/mb2812.de\/wp-content\/uploads\/2025\/07\/DSC01645-1024x819.jpg\" alt=\"\" class=\"wp-image-17855\" style=\"width:800px\" srcset=\"https:\/\/mb2812.de\/wp-content\/uploads\/2025\/07\/DSC01645-1024x819.jpg 1024w, https:\/\/mb2812.de\/wp-content\/uploads\/2025\/07\/DSC01645-300x240.jpg 300w, https:\/\/mb2812.de\/wp-content\/uploads\/2025\/07\/DSC01645-768x614.jpg 768w, https:\/\/mb2812.de\/wp-content\/uploads\/2025\/07\/DSC01645-1536x1229.jpg 1536w, https:\/\/mb2812.de\/wp-content\/uploads\/2025\/07\/DSC01645.jpg 1920w\" sizes=\"auto, (max-width: 1024px) 100vw, 1024px\" \/><\/a><figcaption class=\"wp-element-caption\"><em>Hier k\u00f6nnten wir Pause machen<\/em><\/figcaption><\/figure>\n\n\n\n<figure class=\"wp-block-image aligncenter size-large is-resized\"><a href=\"https:\/\/mb2812.de\/wp-content\/uploads\/2025\/07\/IMG_3800-2769.jpg\" target=\"_blank\" rel=\" noreferrer noopener\"><img loading=\"lazy\" decoding=\"async\" width=\"1024\" height=\"819\" src=\"https:\/\/mb2812.de\/wp-content\/uploads\/2025\/07\/IMG_3800-2769-1024x819.jpg\" alt=\"\" class=\"wp-image-17864\" style=\"width:800px\" srcset=\"https:\/\/mb2812.de\/wp-content\/uploads\/2025\/07\/IMG_3800-2769-1024x819.jpg 1024w, https:\/\/mb2812.de\/wp-content\/uploads\/2025\/07\/IMG_3800-2769-300x240.jpg 300w, https:\/\/mb2812.de\/wp-content\/uploads\/2025\/07\/IMG_3800-2769-768x614.jpg 768w, https:\/\/mb2812.de\/wp-content\/uploads\/2025\/07\/IMG_3800-2769-1536x1229.jpg 1536w, https:\/\/mb2812.de\/wp-content\/uploads\/2025\/07\/IMG_3800-2769.jpg 1920w\" sizes=\"auto, (max-width: 1024px) 100vw, 1024px\" \/><\/a><figcaption class=\"wp-element-caption\"><em>Wer nicht laufen mag, kann sich im Planwagen nach De Slufter bringen lassen<\/em><\/figcaption><\/figure>\n\n\n\n<figure class=\"wp-block-image aligncenter size-large is-resized\"><a href=\"https:\/\/mb2812.de\/wp-content\/uploads\/2025\/07\/DSC01647.jpg\"><img loading=\"lazy\" decoding=\"async\" width=\"1024\" height=\"819\" src=\"https:\/\/mb2812.de\/wp-content\/uploads\/2025\/07\/DSC01647-1024x819.jpg\" alt=\"\" class=\"wp-image-17856\" style=\"width:800px\" srcset=\"https:\/\/mb2812.de\/wp-content\/uploads\/2025\/07\/DSC01647-1024x819.jpg 1024w, https:\/\/mb2812.de\/wp-content\/uploads\/2025\/07\/DSC01647-300x240.jpg 300w, https:\/\/mb2812.de\/wp-content\/uploads\/2025\/07\/DSC01647-768x614.jpg 768w, https:\/\/mb2812.de\/wp-content\/uploads\/2025\/07\/DSC01647-1536x1229.jpg 1536w, https:\/\/mb2812.de\/wp-content\/uploads\/2025\/07\/DSC01647.jpg 1920w\" sizes=\"auto, (max-width: 1024px) 100vw, 1024px\" \/><\/a><\/figure>\n\n\n\n<p><\/p>\n\n\n\n<figure class=\"wp-block-image aligncenter size-large is-resized\"><a href=\"https:\/\/mb2812.de\/wp-content\/uploads\/2025\/07\/DSC01650.jpg\" target=\"_blank\" rel=\" noreferrer noopener\"><img loading=\"lazy\" decoding=\"async\" width=\"1024\" height=\"819\" src=\"https:\/\/mb2812.de\/wp-content\/uploads\/2025\/07\/DSC01650-1024x819.jpg\" alt=\"\" class=\"wp-image-17857\" style=\"width:800px\" srcset=\"https:\/\/mb2812.de\/wp-content\/uploads\/2025\/07\/DSC01650-1024x819.jpg 1024w, https:\/\/mb2812.de\/wp-content\/uploads\/2025\/07\/DSC01650-300x240.jpg 300w, https:\/\/mb2812.de\/wp-content\/uploads\/2025\/07\/DSC01650-768x614.jpg 768w, https:\/\/mb2812.de\/wp-content\/uploads\/2025\/07\/DSC01650-1536x1229.jpg 1536w, https:\/\/mb2812.de\/wp-content\/uploads\/2025\/07\/DSC01650.jpg 1920w\" sizes=\"auto, (max-width: 1024px) 100vw, 1024px\" \/><\/a><\/figure>\n\n\n\n<p><\/p>\n\n\n\n<figure class=\"wp-block-image aligncenter size-large is-resized\"><a href=\"https:\/\/mb2812.de\/wp-content\/uploads\/2025\/07\/DSC01651.jpg\" target=\"_blank\" rel=\" noreferrer noopener\"><img loading=\"lazy\" decoding=\"async\" width=\"1024\" height=\"819\" src=\"https:\/\/mb2812.de\/wp-content\/uploads\/2025\/07\/DSC01651-1024x819.jpg\" alt=\"\" class=\"wp-image-17858\" style=\"width:800px\" srcset=\"https:\/\/mb2812.de\/wp-content\/uploads\/2025\/07\/DSC01651-1024x819.jpg 1024w, https:\/\/mb2812.de\/wp-content\/uploads\/2025\/07\/DSC01651-300x240.jpg 300w, https:\/\/mb2812.de\/wp-content\/uploads\/2025\/07\/DSC01651-768x614.jpg 768w, https:\/\/mb2812.de\/wp-content\/uploads\/2025\/07\/DSC01651-1536x1229.jpg 1536w, https:\/\/mb2812.de\/wp-content\/uploads\/2025\/07\/DSC01651.jpg 1920w\" sizes=\"auto, (max-width: 1024px) 100vw, 1024px\" \/><\/a><figcaption class=\"wp-element-caption\"><em>Stephan auf dem Wanderweg<\/em><\/figcaption><\/figure>\n\n\n\n<figure class=\"wp-block-image aligncenter size-large is-resized\"><a href=\"https:\/\/mb2812.de\/wp-content\/uploads\/2025\/07\/IMG_3838.jpg\" target=\"_blank\" rel=\" noreferrer noopener\"><img loading=\"lazy\" decoding=\"async\" width=\"1024\" height=\"819\" src=\"https:\/\/mb2812.de\/wp-content\/uploads\/2025\/07\/IMG_3838-1024x819.jpg\" alt=\"\" class=\"wp-image-17865\" style=\"width:800px\" srcset=\"https:\/\/mb2812.de\/wp-content\/uploads\/2025\/07\/IMG_3838-1024x819.jpg 1024w, https:\/\/mb2812.de\/wp-content\/uploads\/2025\/07\/IMG_3838-300x240.jpg 300w, https:\/\/mb2812.de\/wp-content\/uploads\/2025\/07\/IMG_3838-768x614.jpg 768w, https:\/\/mb2812.de\/wp-content\/uploads\/2025\/07\/IMG_3838-1536x1229.jpg 1536w, https:\/\/mb2812.de\/wp-content\/uploads\/2025\/07\/IMG_3838.jpg 1920w\" sizes=\"auto, (max-width: 1024px) 100vw, 1024px\" \/><\/a><figcaption class=\"wp-element-caption\"><em>Irgendwann kommen wir doch wieder in der Zivilisation, sprich De Koog, an. Vorbote ist diese Scheune am Wegesrand.<\/em><\/figcaption><\/figure>\n\n\n\n<p>Alles in Allem war es mit gut 14 Kilometerndoch ein bisschen viel Laufen am heutigen Tag. Um 10:15 Uhr waren wir losgezogen, von 13:00 bis 13:30 Uhr war Pause im Restaurant\/Caf\u00e9 &#8222;De Slufter&#8220;, und um 15:30 Uhr trotteten wir ersch\u00f6pft die Dorpsstraat entlang zum Hotel.<br><br>Wir konnten also noch etwas Pause machen und uns erholen, bevor es dann zum Abendessen nochmal ins Dorf gint, heute hatten wir in einem griechischen Restaurant namens &#8222;Yamas&#8220; am Nordende der Fu\u00dfg\u00e4ngerzone reserviert.<\/p>\n\n\n\n<p>Ges\u00e4ttigt und wieder etwas munterer haben wir auf dem R\u00fcckweg zum Hotel dann die Dorpsstraat dokumentiert:<\/p>\n\n\n\n<figure class=\"wp-block-image aligncenter size-large is-resized\"><a href=\"https:\/\/mb2812.de\/wp-content\/uploads\/2025\/07\/IMG_8387.jpg\" target=\"_blank\" rel=\" noreferrer noopener\"><img loading=\"lazy\" decoding=\"async\" width=\"1024\" height=\"768\" src=\"https:\/\/mb2812.de\/wp-content\/uploads\/2025\/07\/IMG_8387-1024x768.jpg\" alt=\"\" class=\"wp-image-17867\" style=\"width:800px\" srcset=\"https:\/\/mb2812.de\/wp-content\/uploads\/2025\/07\/IMG_8387-1024x768.jpg 1024w, https:\/\/mb2812.de\/wp-content\/uploads\/2025\/07\/IMG_8387-300x225.jpg 300w, https:\/\/mb2812.de\/wp-content\/uploads\/2025\/07\/IMG_8387-768x576.jpg 768w, https:\/\/mb2812.de\/wp-content\/uploads\/2025\/07\/IMG_8387-1536x1152.jpg 1536w, https:\/\/mb2812.de\/wp-content\/uploads\/2025\/07\/IMG_8387.jpg 1920w\" sizes=\"auto, (max-width: 1024px) 100vw, 1024px\" \/><\/a><figcaption class=\"wp-element-caption\"><em>Blick die Dorpsstraat entlang nach S\u00fcden. Jetzt um 21 Uhr ist es schon leerer.<\/em><\/figcaption><\/figure>\n\n\n\n<figure class=\"wp-block-image aligncenter size-large is-resized\"><a href=\"https:\/\/mb2812.de\/wp-content\/uploads\/2025\/07\/IMG_8388.jpg\" target=\"_blank\" rel=\" noreferrer noopener\"><img loading=\"lazy\" decoding=\"async\" width=\"1024\" height=\"819\" src=\"https:\/\/mb2812.de\/wp-content\/uploads\/2025\/07\/IMG_8388-1024x819.jpg\" alt=\"\" class=\"wp-image-17868\" style=\"width:800px\" srcset=\"https:\/\/mb2812.de\/wp-content\/uploads\/2025\/07\/IMG_8388-1024x819.jpg 1024w, https:\/\/mb2812.de\/wp-content\/uploads\/2025\/07\/IMG_8388-300x240.jpg 300w, https:\/\/mb2812.de\/wp-content\/uploads\/2025\/07\/IMG_8388-768x614.jpg 768w, https:\/\/mb2812.de\/wp-content\/uploads\/2025\/07\/IMG_8388-1536x1229.jpg 1536w, https:\/\/mb2812.de\/wp-content\/uploads\/2025\/07\/IMG_8388.jpg 1920w\" sizes=\"auto, (max-width: 1024px) 100vw, 1024px\" \/><\/a><figcaption class=\"wp-element-caption\"><em>Viele historische Geb\u00e4ude gibt es nicht in De Koog. Die reformierte Kirche wurde 1719 gebaut und steht am zentralen Platz an der Dorpsstraat, rechts daneben und hier ziemlich von den Caf\u00e9s und Terrassen verdeckt, gibt es noch ein einen alten Bauernhof. Beides sind Nationaldenkm\u00e4ler.<\/em><\/figcaption><\/figure>\n\n\n\n<figure class=\"wp-block-image aligncenter size-large is-resized\"><a href=\"https:\/\/mb2812.de\/wp-content\/uploads\/2025\/07\/IMG_8389-2770.jpg\"><img loading=\"lazy\" decoding=\"async\" width=\"768\" height=\"1024\" src=\"https:\/\/mb2812.de\/wp-content\/uploads\/2025\/07\/IMG_8389-2770-768x1024.jpg\" alt=\"\" class=\"wp-image-17869\" style=\"width:600px\" srcset=\"https:\/\/mb2812.de\/wp-content\/uploads\/2025\/07\/IMG_8389-2770-768x1024.jpg 768w, https:\/\/mb2812.de\/wp-content\/uploads\/2025\/07\/IMG_8389-2770-225x300.jpg 225w, https:\/\/mb2812.de\/wp-content\/uploads\/2025\/07\/IMG_8389-2770-1152x1536.jpg 1152w, https:\/\/mb2812.de\/wp-content\/uploads\/2025\/07\/IMG_8389-2770.jpg 1440w\" sizes=\"auto, (max-width: 768px) 100vw, 768px\" \/><\/a><figcaption class=\"wp-element-caption\"><em>Die Kirche<\/em><\/figcaption><\/figure>\n\n\n\n<p><\/p>\n","protected":false},"excerpt":{"rendered":"<p>Im Urlaub wollen wir uns bewegen und darum steht heute eine Wanderung auf dem Programm. Es geht nach Norden bis zum Naturschutzgebiet &#8222;De Slufter&#8220;.<\/p>\n","protected":false},"author":1,"featured_media":17847,"comment_status":"closed","ping_status":"closed","sticky":false,"template":"","format":"standard","meta":{"footnotes":""},"categories":[537],"tags":[386,44,38,536],"class_list":["post-17838","post","type-post","status-publish","format-standard","has-post-thumbnail","hentry","category-niederlande-2025","tag-386","tag-niederlande","tag-nordseekueste","tag-texel"],"_links":{"self":[{"href":"https:\/\/mb2812.de\/index.php?rest_route=\/wp\/v2\/posts\/17838","targetHints":{"allow":["GET"]}}],"collection":[{"href":"https:\/\/mb2812.de\/index.php?rest_route=\/wp\/v2\/posts"}],"about":[{"href":"https:\/\/mb2812.de\/index.php?rest_route=\/wp\/v2\/types\/post"}],"author":[{"embeddable":true,"href":"https:\/\/mb2812.de\/index.php?rest_route=\/wp\/v2\/users\/1"}],"replies":[{"embeddable":true,"href":"https:\/\/mb2812.de\/index.php?rest_route=%2Fwp%2Fv2%2Fcomments&post=17838"}],"version-history":[{"count":8,"href":"https:\/\/mb2812.de\/index.php?rest_route=\/wp\/v2\/posts\/17838\/revisions"}],"predecessor-version":[{"id":18876,"href":"https:\/\/mb2812.de\/index.php?rest_route=\/wp\/v2\/posts\/17838\/revisions\/18876"}],"wp:featuredmedia":[{"embeddable":true,"href":"https:\/\/mb2812.de\/index.php?rest_route=\/wp\/v2\/media\/17847"}],"wp:attachment":[{"href":"https:\/\/mb2812.de\/index.php?rest_route=%2Fwp%2Fv2%2Fmedia&parent=17838"}],"wp:term":[{"taxonomy":"category","embeddable":true,"href":"https:\/\/mb2812.de\/index.php?rest_route=%2Fwp%2Fv2%2Fcategories&post=17838"},{"taxonomy":"post_tag","embeddable":true,"href":"https:\/\/mb2812.de\/index.php?rest_route=%2Fwp%2Fv2%2Ftags&post=17838"}],"curies":[{"name":"wp","href":"https:\/\/api.w.org\/{rel}","templated":true}]}}