{"id":17809,"date":"2025-07-20T19:47:58","date_gmt":"2025-07-20T17:47:58","guid":{"rendered":"https:\/\/mb2812.de\/?p=17809"},"modified":"2026-03-22T12:56:40","modified_gmt":"2026-03-22T10:56:40","slug":"2025-niederlande","status":"publish","type":"post","link":"https:\/\/mb2812.de\/?p=17809","title":{"rendered":"Eine Woche Nordseeinsel &#8211; Texel"},"content":{"rendered":"\n<p>Im Herbst 2020 wollten wir Inselurlaub machen und hatten uns daf\u00fcr die niederl\u00e4ndische Insel Terschelling ausgesucht. Die beginnende zweite Coronawelle hat das dann verunm\u00f6glicht. <\/p>\n\n\n\n<p>Danach waren wir 2022 mal ein paar Tage f\u00fcr ein paar Tage an der niederl\u00e4ndischen K\u00fcste (<a href=\"https:\/\/mb2812.de\/?p=12418\" data-type=\"post\" data-id=\"12418\">in Ijmuiden<\/a>) und nun, fast f\u00fcnf Jahre nach dem ersten Versuch, kommt die Idee des Inselurlaubs wieder auf. F\u00fcr eine knappe Woche soll es auf eine niederl\u00e4ndische Insel gehen.<\/p>\n\n\n\n<p>Da wir den Gedankenblitz recht kurzfristug hatten der geplante Zeitraum in die nordrhein-westf\u00e4lischen Sommerferien fiel, war das Angebot auf Terschelling ziemlich knapp und wir entschieden uns stattdessen f\u00fcr Texel. Texel ist nundie gr\u00f6sste niederl\u00e4ndische Insel, liegt direkt vor der K\u00fcste gegen\u00fcber von Den Helder mit nur sehr kurzer \u00dcberfahrt und deswegen hatte ich Texel noch nie in der Urlaubsplanung ber\u00fccksichtigt, eine &#8222;richtige&#8220; Insel war es f\u00fcr mich nicht. Die Familie einer Freundin hat allerdings ein Ferienhaus dort und \u00e4u\u00dfert sich immer begeistert \u00fcber Aufenthalte auf Texel, so dass wir neugierig genug geworden waren, um uns die Insel nun anzuschauen.<\/p>\n\n\n\n<figure class=\"wp-block-image aligncenter size-large is-resized\"><a href=\"https:\/\/mb2812.de\/wp-content\/uploads\/2025\/07\/IMG_8450-scaled.jpeg\" target=\"_blank\" rel=\" noreferrer noopener\"><img loading=\"lazy\" decoding=\"async\" width=\"1024\" height=\"819\" src=\"https:\/\/mb2812.de\/wp-content\/uploads\/2025\/07\/IMG_8450-1024x819.jpeg\" alt=\"\" class=\"wp-image-17832\" style=\"width:710px\" srcset=\"https:\/\/mb2812.de\/wp-content\/uploads\/2025\/07\/IMG_8450-1024x819.jpeg 1024w, https:\/\/mb2812.de\/wp-content\/uploads\/2025\/07\/IMG_8450-300x240.jpeg 300w, https:\/\/mb2812.de\/wp-content\/uploads\/2025\/07\/IMG_8450-768x614.jpeg 768w, https:\/\/mb2812.de\/wp-content\/uploads\/2025\/07\/IMG_8450-1536x1229.jpeg 1536w, https:\/\/mb2812.de\/wp-content\/uploads\/2025\/07\/IMG_8450-2048x1639.jpeg 2048w\" sizes=\"auto, (max-width: 1024px) 100vw, 1024px\" \/><\/a><figcaption class=\"wp-element-caption\"><em>Hier am Nordende Texels kann man sich im Bilderrahmen pr\u00e4sentieren, ich lass mal die Natur dahinter wirken<\/em><\/figcaption><\/figure>\n\n\n\n<p>Unterwegs waren wir von Montag bis Samstag,  so lief das Ganze dann ab:<\/p>\n\n\n\n<ul class=\"wp-block-list\">\n<li><a href=\"https:\/\/mb2812.de\/?p=17813\" data-type=\"post\" data-id=\"17813\">21. Juli (Montag) &#8211; Anreise<\/a><\/li>\n\n\n\n<li><a href=\"https:\/\/mb2812.de\/?p=17838\" data-type=\"post\" data-id=\"17838\">22. Juli (Dienstag) &#8211; Strandwanderung<\/a><\/li>\n\n\n\n<li><a href=\"https:\/\/mb2812.de\/?p=17874\" data-type=\"post\" data-id=\"17874\">23. Juli (MIttwoch) &#8211; Kreuz und Quer \u00fcber die Insel<\/a><\/li>\n\n\n\n<li><a href=\"https:\/\/mb2812.de\/?p=17904\" data-type=\"post\" data-id=\"17904\">24. Juli (Donnerstag) &#8211; Den Helder<\/a><\/li>\n\n\n\n<li><a href=\"https:\/\/mb2812.de\/?p=17929\" data-type=\"post\" data-id=\"17929\">25. Juli (Freitag) &#8211; Zum Leuchtturm<\/a><\/li>\n\n\n\n<li><a href=\"https:\/\/mb2812.de\/?p=17952\" data-type=\"post\" data-id=\"17952\">26. Juli (Samstag) &#8211; Zur\u00fcck<\/a><\/li>\n<\/ul>\n\n\n\n<p><\/p>\n","protected":false},"excerpt":{"rendered":"<p>2020 machte Corona unsere Pl\u00e4ne, auf einer niederl\u00e4ndischen Insel Urlaub zu machen, zunichte. Fast f\u00fcnf Jahre sp\u00e4ter ist es nun so weit. Es geht f\u00fcr eine Woche nach Texel.<\/p>\n","protected":false},"author":1,"featured_media":17832,"comment_status":"closed","ping_status":"closed","sticky":false,"template":"","format":"standard","meta":{"footnotes":""},"categories":[537],"tags":[386,44,536,271],"class_list":["post-17809","post","type-post","status-publish","format-standard","has-post-thumbnail","hentry","category-niederlande-2025","tag-386","tag-niederlande","tag-texel","tag-urlaub"],"_links":{"self":[{"href":"https:\/\/mb2812.de\/index.php?rest_route=\/wp\/v2\/posts\/17809","targetHints":{"allow":["GET"]}}],"collection":[{"href":"https:\/\/mb2812.de\/index.php?rest_route=\/wp\/v2\/posts"}],"about":[{"href":"https:\/\/mb2812.de\/index.php?rest_route=\/wp\/v2\/types\/post"}],"author":[{"embeddable":true,"href":"https:\/\/mb2812.de\/index.php?rest_route=\/wp\/v2\/users\/1"}],"replies":[{"embeddable":true,"href":"https:\/\/mb2812.de\/index.php?rest_route=%2Fwp%2Fv2%2Fcomments&post=17809"}],"version-history":[{"count":10,"href":"https:\/\/mb2812.de\/index.php?rest_route=\/wp\/v2\/posts\/17809\/revisions"}],"predecessor-version":[{"id":18875,"href":"https:\/\/mb2812.de\/index.php?rest_route=\/wp\/v2\/posts\/17809\/revisions\/18875"}],"wp:featuredmedia":[{"embeddable":true,"href":"https:\/\/mb2812.de\/index.php?rest_route=\/wp\/v2\/media\/17832"}],"wp:attachment":[{"href":"https:\/\/mb2812.de\/index.php?rest_route=%2Fwp%2Fv2%2Fmedia&parent=17809"}],"wp:term":[{"taxonomy":"category","embeddable":true,"href":"https:\/\/mb2812.de\/index.php?rest_route=%2Fwp%2Fv2%2Fcategories&post=17809"},{"taxonomy":"post_tag","embeddable":true,"href":"https:\/\/mb2812.de\/index.php?rest_route=%2Fwp%2Fv2%2Ftags&post=17809"}],"curies":[{"name":"wp","href":"https:\/\/api.w.org\/{rel}","templated":true}]}}