{"id":16715,"date":"2025-02-21T16:38:32","date_gmt":"2025-02-21T14:38:32","guid":{"rendered":"https:\/\/mb2812.de\/?p=16715"},"modified":"2025-06-20T16:24:58","modified_gmt":"2025-06-20T14:24:58","slug":"ausflug-nach-rapperswil","status":"publish","type":"post","link":"https:\/\/mb2812.de\/?p=16715","title":{"rendered":"Ausflug nach Rapperswil"},"content":{"rendered":"\n<p>Heute besch\u00e4ftigen wir uns mit der zweiten in Z\u00fcrich beginnenden \u201ePrivatbahn\u201c, der  Forchbahn. Das ist eine meterspurige Bahn, die, ausgehend vom Bahnhof Stadelhofen,  bis Rehalp die Gleise der Stra\u00dfenbahn mitben\u00fctzt und dann weiter auf eigener Strecke nach Esslingen f\u00fchrt<\/p>\n\n\n\n<p>Der Bahnhof Stadelhofen ist recht einfach zu erreichen, die Linie 4 bringt uns vom Hotel direkt bis zur Haltestelle Opernhaus ganz in der N\u00e4he. Entsprechend dem Namen der Haltestelle ist ein Opernhaus in der N\u00e4he, und das schauen wir uns zun\u00e4chst an. Es wurde 1891 er\u00f6ffnet und hie\u00df bis 1964 Stadttheater. Die Pl\u00e4ne stammten von den Wiener Architektenb\u00fcros&nbsp;Fellner und Helmer&nbsp;und waren urspr\u00fcnglich f\u00fcr Krakau vorgesehen.&nbsp;Praktisch baugleiche Geb\u00e4ude stehen in Zagreb und auch in Wiesbaden (das Hoftheater, heute&nbsp;das Hessische Staatstheater Wiesbaden, 1892\/94 wurde es errichtet).<\/p>\n\n\n\n<figure class=\"wp-block-image aligncenter size-large is-resized\"><a href=\"https:\/\/mb2812.de\/wp-content\/uploads\/2025\/02\/IMG_7792-2642.jpg\" target=\"_blank\" rel=\" noreferrer noopener\"><img loading=\"lazy\" decoding=\"async\" width=\"1024\" height=\"819\" src=\"https:\/\/mb2812.de\/wp-content\/uploads\/2025\/02\/IMG_7792-2642-1024x819.jpg\" alt=\"\" class=\"wp-image-16958\" style=\"width:800px\" srcset=\"https:\/\/mb2812.de\/wp-content\/uploads\/2025\/02\/IMG_7792-2642-1024x819.jpg 1024w, https:\/\/mb2812.de\/wp-content\/uploads\/2025\/02\/IMG_7792-2642-300x240.jpg 300w, https:\/\/mb2812.de\/wp-content\/uploads\/2025\/02\/IMG_7792-2642-768x614.jpg 768w, https:\/\/mb2812.de\/wp-content\/uploads\/2025\/02\/IMG_7792-2642-1536x1229.jpg 1536w, https:\/\/mb2812.de\/wp-content\/uploads\/2025\/02\/IMG_7792-2642.jpg 1920w\" sizes=\"auto, (max-width: 1024px) 100vw, 1024px\" \/><\/a><figcaption class=\"wp-element-caption\"><em>Die Z\u00fcrcher Oper<\/em><\/figcaption><\/figure>\n\n\n\n<figure class=\"wp-block-image aligncenter size-large is-resized\"><a href=\"https:\/\/mb2812.de\/wp-content\/uploads\/2025\/02\/IMG_7790.jpg\" target=\"_blank\" rel=\" noreferrer noopener\"><img loading=\"lazy\" decoding=\"async\" width=\"768\" height=\"1024\" src=\"https:\/\/mb2812.de\/wp-content\/uploads\/2025\/02\/IMG_7790-768x1024.jpg\" alt=\"\" class=\"wp-image-16960\" style=\"width:600px\" srcset=\"https:\/\/mb2812.de\/wp-content\/uploads\/2025\/02\/IMG_7790-768x1024.jpg 768w, https:\/\/mb2812.de\/wp-content\/uploads\/2025\/02\/IMG_7790-225x300.jpg 225w, https:\/\/mb2812.de\/wp-content\/uploads\/2025\/02\/IMG_7790-1152x1536.jpg 1152w, https:\/\/mb2812.de\/wp-content\/uploads\/2025\/02\/IMG_7790.jpg 1440w\" sizes=\"auto, (max-width: 768px) 100vw, 768px\" \/><\/a><figcaption class=\"wp-element-caption\"><em>Die Front der Z\u00fcrcher Oper, die Skluptur davor hei\u00dft \u201eDie Schreitende\u201c und stammt vom Z\u00fcrcher Blidhauer Otto Charles B\u00e4nninger (1897-1973)<\/em><\/figcaption><\/figure>\n\n\n\n<figure class=\"wp-block-image aligncenter size-large is-resized\"><a href=\"https:\/\/mb2812.de\/wp-content\/uploads\/2025\/02\/IMG_7794-2643.jpg\"><img loading=\"lazy\" decoding=\"async\" width=\"1024\" height=\"819\" src=\"https:\/\/mb2812.de\/wp-content\/uploads\/2025\/02\/IMG_7794-2643-1024x819.jpg\" alt=\"\" class=\"wp-image-16961\" style=\"width:800px\" srcset=\"https:\/\/mb2812.de\/wp-content\/uploads\/2025\/02\/IMG_7794-2643-1024x819.jpg 1024w, https:\/\/mb2812.de\/wp-content\/uploads\/2025\/02\/IMG_7794-2643-300x240.jpg 300w, https:\/\/mb2812.de\/wp-content\/uploads\/2025\/02\/IMG_7794-2643-768x614.jpg 768w, https:\/\/mb2812.de\/wp-content\/uploads\/2025\/02\/IMG_7794-2643-1536x1229.jpg 1536w, https:\/\/mb2812.de\/wp-content\/uploads\/2025\/02\/IMG_7794-2643.jpg 1920w\" sizes=\"auto, (max-width: 1024px) 100vw, 1024px\" \/><\/a><figcaption class=\"wp-element-caption\"><em>Vor der Oper befindet sich der Sechsel\u00e4utenplatz, der zweitgr\u00f6\u00dfte innerst\u00e4dtische Platz in der Schweiz. In seiner jetzigen Form entstand er erst ab 2013. Der Blick geht von der Oper Richtung Bellevue, im Hintergrund die T\u00fcrme des Gro\u00dfm\u00fcnsters.<\/em><\/figcaption><\/figure>\n\n\n\n<figure class=\"wp-block-image aligncenter size-large is-resized\"><a href=\"https:\/\/mb2812.de\/wp-content\/uploads\/2025\/02\/IMG_7796-2644.jpg\" target=\"_blank\" rel=\" noreferrer noopener\"><img loading=\"lazy\" decoding=\"async\" width=\"1024\" height=\"791\" src=\"https:\/\/mb2812.de\/wp-content\/uploads\/2025\/02\/IMG_7796-2644-1024x791.jpg\" alt=\"\" class=\"wp-image-16962\" style=\"width:800px\" srcset=\"https:\/\/mb2812.de\/wp-content\/uploads\/2025\/02\/IMG_7796-2644-1024x791.jpg 1024w, https:\/\/mb2812.de\/wp-content\/uploads\/2025\/02\/IMG_7796-2644-300x232.jpg 300w, https:\/\/mb2812.de\/wp-content\/uploads\/2025\/02\/IMG_7796-2644-768x594.jpg 768w, https:\/\/mb2812.de\/wp-content\/uploads\/2025\/02\/IMG_7796-2644-1536x1187.jpg 1536w, https:\/\/mb2812.de\/wp-content\/uploads\/2025\/02\/IMG_7796-2644.jpg 1920w\" sizes=\"auto, (max-width: 1024px) 100vw, 1024px\" \/><\/a><figcaption class=\"wp-element-caption\"><em>Und dies ist der Blick zur Theaterstra\u00dfe und zum Bahnhof Stadelhofen<\/em><\/figcaption><\/figure>\n\n\n\n<p>Dann starten wir mit dem Bahnfahren:<\/p>\n\n\n\n<figure class=\"wp-block-image aligncenter size-large is-resized\"><a href=\"https:\/\/mb2812.de\/wp-content\/uploads\/2025\/02\/IMG_1546.jpg\" target=\"_blank\" rel=\" noreferrer noopener\"><img loading=\"lazy\" decoding=\"async\" width=\"1024\" height=\"768\" src=\"https:\/\/mb2812.de\/wp-content\/uploads\/2025\/02\/IMG_1546-1024x768.jpg\" alt=\"\" class=\"wp-image-16963\" style=\"width:800px\" srcset=\"https:\/\/mb2812.de\/wp-content\/uploads\/2025\/02\/IMG_1546-1024x768.jpg 1024w, https:\/\/mb2812.de\/wp-content\/uploads\/2025\/02\/IMG_1546-300x225.jpg 300w, https:\/\/mb2812.de\/wp-content\/uploads\/2025\/02\/IMG_1546-768x576.jpg 768w, https:\/\/mb2812.de\/wp-content\/uploads\/2025\/02\/IMG_1546-1536x1152.jpg 1536w, https:\/\/mb2812.de\/wp-content\/uploads\/2025\/02\/IMG_1546.jpg 1920w\" sizes=\"auto, (max-width: 1024px) 100vw, 1024px\" \/><\/a><figcaption class=\"wp-element-caption\"><em>Ein<\/em> <em>Zug der Forchbahn an der Abfahrtstelle am Bahnhof Stadelhofen<\/em><\/figcaption><\/figure>\n\n\n\n<p>Bis zum Bahnhof Forch f\u00e4hrt die Bahn im 15 Minuten Takt, einen solchen Zug erwischen wir. In Forch gibt es daher eine kurze Pause, bevor wir mit dem n\u00e4chsten Zug bis zum Endpunkt Esslingen weiterfahren.<\/p>\n\n\n\n<p>Dort funktioniert der Taktfahrplan wieder sehr gut, kaum haben wir am Busbahnhof die Haltestelle gefunden, kommt auch schon der Bus nach Uster. In Uster an der ab 1856 er\u00f6ffneten \u201eGlatthalbahn\u201c wollen wir auf die Z\u00fcrcher S-Bahn nach Rapperswil umsteigen.<\/p>\n\n\n\n<p>In Uster angekommen, sehen wir aber einen Bus mit dem Ziel \u201eSee\u201c, und das weckt unser Interesse und wir steigen ein. Der f\u00e4hrt uns dann 10 Minuten lang durch Wohngebiete und endet am Parkplatz des Strandbades am Greifensee.<\/p>\n\n\n\n<figure class=\"wp-block-image aligncenter size-large is-resized\"><a href=\"https:\/\/mb2812.de\/wp-content\/uploads\/2025\/02\/IMG_7800.jpg\" target=\"_blank\" rel=\" noreferrer noopener\"><img loading=\"lazy\" decoding=\"async\" width=\"1024\" height=\"819\" src=\"https:\/\/mb2812.de\/wp-content\/uploads\/2025\/02\/IMG_7800-1024x819.jpg\" alt=\"\" class=\"wp-image-16964\" style=\"width:800px\" srcset=\"https:\/\/mb2812.de\/wp-content\/uploads\/2025\/02\/IMG_7800-1024x819.jpg 1024w, https:\/\/mb2812.de\/wp-content\/uploads\/2025\/02\/IMG_7800-300x240.jpg 300w, https:\/\/mb2812.de\/wp-content\/uploads\/2025\/02\/IMG_7800-768x614.jpg 768w, https:\/\/mb2812.de\/wp-content\/uploads\/2025\/02\/IMG_7800-1536x1229.jpg 1536w, https:\/\/mb2812.de\/wp-content\/uploads\/2025\/02\/IMG_7800.jpg 1920w\" sizes=\"auto, (max-width: 1024px) 100vw, 1024px\" \/><\/a><figcaption class=\"wp-element-caption\"><em>Auf dem Weg zum Ufer geht Blick \u00fcber den See hinweg zu den Alpengipfeln<\/em><\/figcaption><\/figure>\n\n\n\n<figure class=\"wp-block-image aligncenter size-large is-resized\"><a href=\"https:\/\/mb2812.de\/wp-content\/uploads\/2025\/02\/IMG_1554.jpg\" target=\"_blank\" rel=\" noreferrer noopener\"><img loading=\"lazy\" decoding=\"async\" width=\"1024\" height=\"819\" src=\"https:\/\/mb2812.de\/wp-content\/uploads\/2025\/02\/IMG_1554-1024x819.jpg\" alt=\"\" class=\"wp-image-16965\" style=\"width:800px\" srcset=\"https:\/\/mb2812.de\/wp-content\/uploads\/2025\/02\/IMG_1554-1024x819.jpg 1024w, https:\/\/mb2812.de\/wp-content\/uploads\/2025\/02\/IMG_1554-300x240.jpg 300w, https:\/\/mb2812.de\/wp-content\/uploads\/2025\/02\/IMG_1554-768x614.jpg 768w, https:\/\/mb2812.de\/wp-content\/uploads\/2025\/02\/IMG_1554-1536x1229.jpg 1536w, https:\/\/mb2812.de\/wp-content\/uploads\/2025\/02\/IMG_1554.jpg 1920w\" sizes=\"auto, (max-width: 1024px) 100vw, 1024px\" \/><\/a><figcaption class=\"wp-element-caption\"><em>Das gleiche Motiv mit dem Teleobjektiv<\/em><\/figcaption><\/figure>\n\n\n\n<figure class=\"wp-block-image aligncenter size-large is-resized\"><a href=\"https:\/\/mb2812.de\/wp-content\/uploads\/2025\/02\/IMG_1567.jpg\" target=\"_blank\" rel=\" noreferrer noopener\"><img loading=\"lazy\" decoding=\"async\" width=\"1024\" height=\"768\" src=\"https:\/\/mb2812.de\/wp-content\/uploads\/2025\/02\/IMG_1567-1024x768.jpg\" alt=\"\" class=\"wp-image-16966\" style=\"width:800px\" srcset=\"https:\/\/mb2812.de\/wp-content\/uploads\/2025\/02\/IMG_1567-1024x768.jpg 1024w, https:\/\/mb2812.de\/wp-content\/uploads\/2025\/02\/IMG_1567-300x225.jpg 300w, https:\/\/mb2812.de\/wp-content\/uploads\/2025\/02\/IMG_1567-768x576.jpg 768w, https:\/\/mb2812.de\/wp-content\/uploads\/2025\/02\/IMG_1567-1536x1152.jpg 1536w, https:\/\/mb2812.de\/wp-content\/uploads\/2025\/02\/IMG_1567.jpg 1920w\" sizes=\"auto, (max-width: 1024px) 100vw, 1024px\" \/><\/a><figcaption class=\"wp-element-caption\"><em>Am Ufer findet sich ein kleiner Jachthafen, und da keine Verbotsschilder zu entdecken sind, laufe ich zum Ende des Steges um ein paar Fotos zu machen<\/em><\/figcaption><\/figure>\n\n\n\n<figure class=\"wp-block-image aligncenter size-large is-resized\"><a href=\"https:\/\/mb2812.de\/wp-content\/uploads\/2025\/02\/IMG_7804.jpg\" target=\"_blank\" rel=\" noreferrer noopener\"><img loading=\"lazy\" decoding=\"async\" width=\"1024\" height=\"819\" src=\"https:\/\/mb2812.de\/wp-content\/uploads\/2025\/02\/IMG_7804-1024x819.jpg\" alt=\"\" class=\"wp-image-16967\" style=\"width:800px\" srcset=\"https:\/\/mb2812.de\/wp-content\/uploads\/2025\/02\/IMG_7804-1024x819.jpg 1024w, https:\/\/mb2812.de\/wp-content\/uploads\/2025\/02\/IMG_7804-300x240.jpg 300w, https:\/\/mb2812.de\/wp-content\/uploads\/2025\/02\/IMG_7804-768x614.jpg 768w, https:\/\/mb2812.de\/wp-content\/uploads\/2025\/02\/IMG_7804-1536x1229.jpg 1536w, https:\/\/mb2812.de\/wp-content\/uploads\/2025\/02\/IMG_7804.jpg 1920w\" sizes=\"auto, (max-width: 1024px) 100vw, 1024px\" \/><\/a><figcaption class=\"wp-element-caption\"><em>Blick \u00fcber den See nach Maur<\/em><\/figcaption><\/figure>\n\n\n\n<figure class=\"wp-block-image aligncenter size-large is-resized\"><a href=\"https:\/\/mb2812.de\/wp-content\/uploads\/2025\/02\/IMG_7805.jpg\" target=\"_blank\" rel=\" noreferrer noopener\"><img loading=\"lazy\" decoding=\"async\" width=\"1024\" height=\"819\" src=\"https:\/\/mb2812.de\/wp-content\/uploads\/2025\/02\/IMG_7805-1024x819.jpg\" alt=\"\" class=\"wp-image-16968\" style=\"width:800px\" srcset=\"https:\/\/mb2812.de\/wp-content\/uploads\/2025\/02\/IMG_7805-1024x819.jpg 1024w, https:\/\/mb2812.de\/wp-content\/uploads\/2025\/02\/IMG_7805-300x240.jpg 300w, https:\/\/mb2812.de\/wp-content\/uploads\/2025\/02\/IMG_7805-768x614.jpg 768w, https:\/\/mb2812.de\/wp-content\/uploads\/2025\/02\/IMG_7805-1536x1229.jpg 1536w, https:\/\/mb2812.de\/wp-content\/uploads\/2025\/02\/IMG_7805.jpg 1920w\" sizes=\"auto, (max-width: 1024px) 100vw, 1024px\" \/><\/a><figcaption class=\"wp-element-caption\"><em>Und noch ein Foto vom Greifensee<\/em><\/figcaption><\/figure>\n\n\n\n<p>Mit dem n\u00e4chsten Bus geht es wieder zur\u00fcck zum Bahnhof in Uster und dann wie geplant mit der S-Bahn nach Rapperswil, wo wir uns ausf\u00fchrlich umsehen. Auch machen wir eine Mittagspause im Caf\u00e9 Rosenst\u00e4dtet.<\/p>\n\n\n\n<figure class=\"wp-block-image aligncenter size-large is-resized\"><a href=\"https:\/\/mb2812.de\/wp-content\/uploads\/2025\/02\/IMG_7814-2647.jpg\" target=\"_blank\" rel=\" noreferrer noopener\"><img loading=\"lazy\" decoding=\"async\" width=\"1024\" height=\"819\" src=\"https:\/\/mb2812.de\/wp-content\/uploads\/2025\/02\/IMG_7814-2647-1024x819.jpg\" alt=\"\" class=\"wp-image-16970\" style=\"width:800px\" srcset=\"https:\/\/mb2812.de\/wp-content\/uploads\/2025\/02\/IMG_7814-2647-1024x819.jpg 1024w, https:\/\/mb2812.de\/wp-content\/uploads\/2025\/02\/IMG_7814-2647-300x240.jpg 300w, https:\/\/mb2812.de\/wp-content\/uploads\/2025\/02\/IMG_7814-2647-768x614.jpg 768w, https:\/\/mb2812.de\/wp-content\/uploads\/2025\/02\/IMG_7814-2647-1536x1229.jpg 1536w, https:\/\/mb2812.de\/wp-content\/uploads\/2025\/02\/IMG_7814-2647.jpg 1920w\" sizes=\"auto, (max-width: 1024px) 100vw, 1024px\" \/><\/a><figcaption class=\"wp-element-caption\"><em>Unterwegs vom Bahnhof zum Hafen: Die Seestra\u00dfe m\u00fcndet auf den See Quai<\/em><\/figcaption><\/figure>\n\n\n\n<figure class=\"wp-block-image aligncenter size-large is-resized\"><a href=\"https:\/\/mb2812.de\/wp-content\/uploads\/2025\/02\/IMG_7813.jpg\" target=\"_blank\" rel=\" noreferrer noopener\"><img loading=\"lazy\" decoding=\"async\" width=\"1024\" height=\"819\" src=\"https:\/\/mb2812.de\/wp-content\/uploads\/2025\/02\/IMG_7813-1024x819.jpg\" alt=\"\" class=\"wp-image-16969\" style=\"width:800px\" srcset=\"https:\/\/mb2812.de\/wp-content\/uploads\/2025\/02\/IMG_7813-1024x819.jpg 1024w, https:\/\/mb2812.de\/wp-content\/uploads\/2025\/02\/IMG_7813-300x240.jpg 300w, https:\/\/mb2812.de\/wp-content\/uploads\/2025\/02\/IMG_7813-768x614.jpg 768w, https:\/\/mb2812.de\/wp-content\/uploads\/2025\/02\/IMG_7813-1536x1229.jpg 1536w, https:\/\/mb2812.de\/wp-content\/uploads\/2025\/02\/IMG_7813.jpg 1920w\" sizes=\"auto, (max-width: 1024px) 100vw, 1024px\" \/><\/a><figcaption class=\"wp-element-caption\"><em>Dies ist der See Quai, die Promenade am Hafen<\/em><\/figcaption><\/figure>\n\n\n\n<figure class=\"wp-block-image aligncenter size-large is-resized\"><a href=\"https:\/\/mb2812.de\/wp-content\/uploads\/2025\/02\/IMG_1589.jpg\" target=\"_blank\" rel=\" noreferrer noopener\"><img loading=\"lazy\" decoding=\"async\" width=\"1024\" height=\"819\" src=\"https:\/\/mb2812.de\/wp-content\/uploads\/2025\/02\/IMG_1589-1024x819.jpg\" alt=\"\" class=\"wp-image-16971\" style=\"width:800px\" srcset=\"https:\/\/mb2812.de\/wp-content\/uploads\/2025\/02\/IMG_1589-1024x819.jpg 1024w, https:\/\/mb2812.de\/wp-content\/uploads\/2025\/02\/IMG_1589-300x240.jpg 300w, https:\/\/mb2812.de\/wp-content\/uploads\/2025\/02\/IMG_1589-768x614.jpg 768w, https:\/\/mb2812.de\/wp-content\/uploads\/2025\/02\/IMG_1589-1536x1229.jpg 1536w, https:\/\/mb2812.de\/wp-content\/uploads\/2025\/02\/IMG_1589.jpg 1920w\" sizes=\"auto, (max-width: 1024px) 100vw, 1024px\" \/><\/a><figcaption class=\"wp-element-caption\"><em>Es herrscht Ruhe am und im Hafen, die Sommersaison ist noch weit weg<\/em><\/figcaption><\/figure>\n\n\n\n<figure class=\"wp-block-image aligncenter size-large is-resized\"><a href=\"https:\/\/mb2812.de\/wp-content\/uploads\/2025\/02\/IMG_7816-2653.jpg\" target=\"_blank\" rel=\" noreferrer noopener\"><img loading=\"lazy\" decoding=\"async\" width=\"1024\" height=\"819\" src=\"https:\/\/mb2812.de\/wp-content\/uploads\/2025\/02\/IMG_7816-2653-1024x819.jpg\" alt=\"\" class=\"wp-image-16972\" style=\"width:800px\" srcset=\"https:\/\/mb2812.de\/wp-content\/uploads\/2025\/02\/IMG_7816-2653-1024x819.jpg 1024w, https:\/\/mb2812.de\/wp-content\/uploads\/2025\/02\/IMG_7816-2653-300x240.jpg 300w, https:\/\/mb2812.de\/wp-content\/uploads\/2025\/02\/IMG_7816-2653-768x614.jpg 768w, https:\/\/mb2812.de\/wp-content\/uploads\/2025\/02\/IMG_7816-2653-1536x1229.jpg 1536w, https:\/\/mb2812.de\/wp-content\/uploads\/2025\/02\/IMG_7816-2653.jpg 1920w\" sizes=\"auto, (max-width: 1024px) 100vw, 1024px\" \/><\/a><figcaption class=\"wp-element-caption\"><em>Blick \u00fcber den Z\u00fcrichsee<\/em><\/figcaption><\/figure>\n\n\n\n<figure class=\"wp-block-image aligncenter size-large is-resized\"><a href=\"https:\/\/mb2812.de\/wp-content\/uploads\/2025\/02\/IMG_7820.jpg\" target=\"_blank\" rel=\" noreferrer noopener\"><img loading=\"lazy\" decoding=\"async\" width=\"1024\" height=\"819\" src=\"https:\/\/mb2812.de\/wp-content\/uploads\/2025\/02\/IMG_7820-1024x819.jpg\" alt=\"\" class=\"wp-image-16973\" style=\"width:800px\" srcset=\"https:\/\/mb2812.de\/wp-content\/uploads\/2025\/02\/IMG_7820-1024x819.jpg 1024w, https:\/\/mb2812.de\/wp-content\/uploads\/2025\/02\/IMG_7820-300x240.jpg 300w, https:\/\/mb2812.de\/wp-content\/uploads\/2025\/02\/IMG_7820-768x614.jpg 768w, https:\/\/mb2812.de\/wp-content\/uploads\/2025\/02\/IMG_7820-1536x1229.jpg 1536w, https:\/\/mb2812.de\/wp-content\/uploads\/2025\/02\/IMG_7820.jpg 1920w\" sizes=\"auto, (max-width: 1024px) 100vw, 1024px\" \/><\/a><figcaption class=\"wp-element-caption\"><em> Nochmal der See Quai, diesmal von der Hafenmole aus<\/em><\/figcaption><\/figure>\n\n\n\n<figure class=\"wp-block-image aligncenter size-large is-resized\"><a href=\"https:\/\/mb2812.de\/wp-content\/uploads\/2025\/02\/IMG_1611.jpg\" target=\"_blank\" rel=\" noreferrer noopener\"><img loading=\"lazy\" decoding=\"async\" width=\"1024\" height=\"819\" src=\"https:\/\/mb2812.de\/wp-content\/uploads\/2025\/02\/IMG_1611-1024x819.jpg\" alt=\"\" class=\"wp-image-16974\" style=\"width:800px\" srcset=\"https:\/\/mb2812.de\/wp-content\/uploads\/2025\/02\/IMG_1611-1024x819.jpg 1024w, https:\/\/mb2812.de\/wp-content\/uploads\/2025\/02\/IMG_1611-300x240.jpg 300w, https:\/\/mb2812.de\/wp-content\/uploads\/2025\/02\/IMG_1611-768x614.jpg 768w, https:\/\/mb2812.de\/wp-content\/uploads\/2025\/02\/IMG_1611-1536x1229.jpg 1536w, https:\/\/mb2812.de\/wp-content\/uploads\/2025\/02\/IMG_1611.jpg 1920w\" sizes=\"auto, (max-width: 1024px) 100vw, 1024px\" \/><\/a><figcaption class=\"wp-element-caption\"><em>Ein paar Meter erh\u00f6ht, thront \u00fcber Hafen und Stadt das Schloss Rapperswil. Hier sehen wir die Mauern der Burg<\/em><\/figcaption><\/figure>\n\n\n\n<figure class=\"wp-block-image aligncenter size-large is-resized\"><a href=\"https:\/\/mb2812.de\/wp-content\/uploads\/2025\/02\/IMG_1625.jpg\" target=\"_blank\" rel=\" noreferrer noopener\"><img loading=\"lazy\" decoding=\"async\" width=\"1024\" height=\"819\" src=\"https:\/\/mb2812.de\/wp-content\/uploads\/2025\/02\/IMG_1625-1024x819.jpg\" alt=\"\" class=\"wp-image-16975\" style=\"width:800px\" srcset=\"https:\/\/mb2812.de\/wp-content\/uploads\/2025\/02\/IMG_1625-1024x819.jpg 1024w, https:\/\/mb2812.de\/wp-content\/uploads\/2025\/02\/IMG_1625-300x240.jpg 300w, https:\/\/mb2812.de\/wp-content\/uploads\/2025\/02\/IMG_1625-768x614.jpg 768w, https:\/\/mb2812.de\/wp-content\/uploads\/2025\/02\/IMG_1625-1536x1229.jpg 1536w, https:\/\/mb2812.de\/wp-content\/uploads\/2025\/02\/IMG_1625.jpg 1920w\" sizes=\"auto, (max-width: 1024px) 100vw, 1024px\" \/><\/a><figcaption class=\"wp-element-caption\"><em>Die erste Burg wurde in den Jahren 1220 bis 1230 von&nbsp;Vogt Rudolf von Rapperswil erbaut, die wurde aber Im Winter 1350 niedergebrannt..&nbsp;Herzog Albrecht von \u00d6sterreich als neuer Besitzer lie\u00df kurz darauf die Burg wieder aufbauen<\/em><\/figcaption><\/figure>\n\n\n\n<figure class=\"wp-block-image aligncenter size-large is-resized\"><a href=\"https:\/\/mb2812.de\/wp-content\/uploads\/2025\/02\/IMG_7826-2650.jpg\" target=\"_blank\" rel=\" noreferrer noopener\"><img loading=\"lazy\" decoding=\"async\" width=\"1024\" height=\"819\" src=\"https:\/\/mb2812.de\/wp-content\/uploads\/2025\/02\/IMG_7826-2650-1024x819.jpg\" alt=\"\" class=\"wp-image-16977\" style=\"width:800px\" srcset=\"https:\/\/mb2812.de\/wp-content\/uploads\/2025\/02\/IMG_7826-2650-1024x819.jpg 1024w, https:\/\/mb2812.de\/wp-content\/uploads\/2025\/02\/IMG_7826-2650-300x240.jpg 300w, https:\/\/mb2812.de\/wp-content\/uploads\/2025\/02\/IMG_7826-2650-768x614.jpg 768w, https:\/\/mb2812.de\/wp-content\/uploads\/2025\/02\/IMG_7826-2650-1536x1229.jpg 1536w, https:\/\/mb2812.de\/wp-content\/uploads\/2025\/02\/IMG_7826-2650.jpg 1920w\" sizes=\"auto, (max-width: 1024px) 100vw, 1024px\" \/><\/a><figcaption class=\"wp-element-caption\"><em>Blick von der Burgterrasse \u00fcber den Ort und den Obersee auf die dahinter liegenden Aplen<\/em><\/figcaption><\/figure>\n\n\n\n<figure class=\"wp-block-image aligncenter size-large is-resized\"><a href=\"https:\/\/mb2812.de\/wp-content\/uploads\/2025\/02\/IMG_1631.jpg\"><img loading=\"lazy\" decoding=\"async\" width=\"1024\" height=\"819\" src=\"https:\/\/mb2812.de\/wp-content\/uploads\/2025\/02\/IMG_1631-1024x819.jpg\" alt=\"\" class=\"wp-image-16976\" style=\"width:800px\" srcset=\"https:\/\/mb2812.de\/wp-content\/uploads\/2025\/02\/IMG_1631-1024x819.jpg 1024w, https:\/\/mb2812.de\/wp-content\/uploads\/2025\/02\/IMG_1631-300x240.jpg 300w, https:\/\/mb2812.de\/wp-content\/uploads\/2025\/02\/IMG_1631-768x614.jpg 768w, https:\/\/mb2812.de\/wp-content\/uploads\/2025\/02\/IMG_1631-1536x1229.jpg 1536w, https:\/\/mb2812.de\/wp-content\/uploads\/2025\/02\/IMG_1631.jpg 1920w\" sizes=\"auto, (max-width: 1024px) 100vw, 1024px\" \/><\/a><figcaption class=\"wp-element-caption\"><em>Der Seedamm  zwischen Rapperswil und Hurden an der engsten Stelle des Z\u00fcrichsees<\/em><\/figcaption><\/figure>\n\n\n\n<figure class=\"wp-block-image aligncenter size-large is-resized\"><a href=\"https:\/\/mb2812.de\/wp-content\/uploads\/2025\/02\/IMG_7832.jpg\" target=\"_blank\" rel=\" noreferrer noopener\"><img loading=\"lazy\" decoding=\"async\" width=\"1024\" height=\"819\" src=\"https:\/\/mb2812.de\/wp-content\/uploads\/2025\/02\/IMG_7832-1024x819.jpg\" alt=\"\" class=\"wp-image-16978\" style=\"width:800px\" srcset=\"https:\/\/mb2812.de\/wp-content\/uploads\/2025\/02\/IMG_7832-1024x819.jpg 1024w, https:\/\/mb2812.de\/wp-content\/uploads\/2025\/02\/IMG_7832-300x240.jpg 300w, https:\/\/mb2812.de\/wp-content\/uploads\/2025\/02\/IMG_7832-768x614.jpg 768w, https:\/\/mb2812.de\/wp-content\/uploads\/2025\/02\/IMG_7832-1536x1229.jpg 1536w, https:\/\/mb2812.de\/wp-content\/uploads\/2025\/02\/IMG_7832.jpg 1920w\" sizes=\"auto, (max-width: 1024px) 100vw, 1024px\" \/><\/a><figcaption class=\"wp-element-caption\"><em>Wir waren da \u2026 <\/em><\/figcaption><\/figure>\n\n\n\n<figure class=\"wp-block-image aligncenter size-large is-resized\"><a href=\"https:\/\/mb2812.de\/wp-content\/uploads\/2025\/02\/IMG_7829.jpg\" target=\"_blank\" rel=\" noreferrer noopener\"><img loading=\"lazy\" decoding=\"async\" width=\"1024\" height=\"819\" src=\"https:\/\/mb2812.de\/wp-content\/uploads\/2025\/02\/IMG_7829-1024x819.jpg\" alt=\"\" class=\"wp-image-16979\" style=\"width:800px\" srcset=\"https:\/\/mb2812.de\/wp-content\/uploads\/2025\/02\/IMG_7829-1024x819.jpg 1024w, https:\/\/mb2812.de\/wp-content\/uploads\/2025\/02\/IMG_7829-300x240.jpg 300w, https:\/\/mb2812.de\/wp-content\/uploads\/2025\/02\/IMG_7829-768x614.jpg 768w, https:\/\/mb2812.de\/wp-content\/uploads\/2025\/02\/IMG_7829-1536x1229.jpg 1536w, https:\/\/mb2812.de\/wp-content\/uploads\/2025\/02\/IMG_7829.jpg 1920w\" sizes=\"auto, (max-width: 1024px) 100vw, 1024px\" \/><\/a><figcaption class=\"wp-element-caption\"><em>Die beiden Inseln im Z\u00fcrichsee, L\u00fctzelau und Ufenau, von der Burg aus. In dieser Perspektive kann man die Inseln kaum voneinander unterscheiden<\/em><\/figcaption><\/figure>\n\n\n\n<figure class=\"wp-block-image aligncenter size-large is-resized\"><a href=\"https:\/\/mb2812.de\/wp-content\/uploads\/2025\/02\/IMG_1655-2648-2649.jpg\" target=\"_blank\" rel=\" noreferrer noopener\"><img loading=\"lazy\" decoding=\"async\" width=\"768\" height=\"1024\" src=\"https:\/\/mb2812.de\/wp-content\/uploads\/2025\/02\/IMG_1655-2648-2649-768x1024.jpg\" alt=\"\" class=\"wp-image-16980\" style=\"width:600px\" srcset=\"https:\/\/mb2812.de\/wp-content\/uploads\/2025\/02\/IMG_1655-2648-2649-768x1024.jpg 768w, https:\/\/mb2812.de\/wp-content\/uploads\/2025\/02\/IMG_1655-2648-2649-225x300.jpg 225w, https:\/\/mb2812.de\/wp-content\/uploads\/2025\/02\/IMG_1655-2648-2649-1152x1536.jpg 1152w, https:\/\/mb2812.de\/wp-content\/uploads\/2025\/02\/IMG_1655-2648-2649.jpg 1440w\" sizes=\"auto, (max-width: 768px) 100vw, 768px\" \/><\/a><figcaption class=\"wp-element-caption\"><em>Blick vom Innenhof durch das Portal auf die Burgterasse<\/em><\/figcaption><\/figure>\n\n\n\n<figure class=\"wp-block-image aligncenter size-large is-resized\"><a href=\"https:\/\/mb2812.de\/wp-content\/uploads\/2025\/02\/IMG_1660.jpg\" target=\"_blank\" rel=\" noreferrer noopener\"><img loading=\"lazy\" decoding=\"async\" width=\"768\" height=\"1024\" src=\"https:\/\/mb2812.de\/wp-content\/uploads\/2025\/02\/IMG_1660-768x1024.jpg\" alt=\"\" class=\"wp-image-16981\" style=\"width:600px\" srcset=\"https:\/\/mb2812.de\/wp-content\/uploads\/2025\/02\/IMG_1660-768x1024.jpg 768w, https:\/\/mb2812.de\/wp-content\/uploads\/2025\/02\/IMG_1660-225x300.jpg 225w, https:\/\/mb2812.de\/wp-content\/uploads\/2025\/02\/IMG_1660-1152x1536.jpg 1152w, https:\/\/mb2812.de\/wp-content\/uploads\/2025\/02\/IMG_1660.jpg 1440w\" sizes=\"auto, (max-width: 768px) 100vw, 768px\" \/><\/a><figcaption class=\"wp-element-caption\"><em>Der G\u00fcgeliturm vom Innenhof aus<\/em><\/figcaption><\/figure>\n\n\n\n<figure class=\"wp-block-image aligncenter size-large is-resized\"><a href=\"https:\/\/mb2812.de\/wp-content\/uploads\/2025\/02\/IMG_7837-2654.jpg\" target=\"_blank\" rel=\" noreferrer noopener\"><img loading=\"lazy\" decoding=\"async\" width=\"1024\" height=\"819\" src=\"https:\/\/mb2812.de\/wp-content\/uploads\/2025\/02\/IMG_7837-2654-1024x819.jpg\" alt=\"\" class=\"wp-image-16982\" style=\"width:800px\" srcset=\"https:\/\/mb2812.de\/wp-content\/uploads\/2025\/02\/IMG_7837-2654-1024x819.jpg 1024w, https:\/\/mb2812.de\/wp-content\/uploads\/2025\/02\/IMG_7837-2654-300x240.jpg 300w, https:\/\/mb2812.de\/wp-content\/uploads\/2025\/02\/IMG_7837-2654-768x614.jpg 768w, https:\/\/mb2812.de\/wp-content\/uploads\/2025\/02\/IMG_7837-2654-1536x1229.jpg 1536w, https:\/\/mb2812.de\/wp-content\/uploads\/2025\/02\/IMG_7837-2654.jpg 1920w\" sizes=\"auto, (max-width: 1024px) 100vw, 1024px\" \/><\/a><figcaption class=\"wp-element-caption\"><em>Im Innenhof. Der Wehrturm in Nordosten und die Wehrg\u00e4nge, die ihn mit den beiden s\u00fcdlichen T\u00fcrmen verbinden<\/em><\/figcaption><\/figure>\n\n\n\n<figure class=\"wp-block-image aligncenter size-large is-resized\"><a href=\"https:\/\/mb2812.de\/wp-content\/uploads\/2025\/02\/IMG_7839-2646-2652.jpg\"><img loading=\"lazy\" decoding=\"async\" width=\"1024\" height=\"819\" src=\"https:\/\/mb2812.de\/wp-content\/uploads\/2025\/02\/IMG_7839-2646-2652-1024x819.jpg\" alt=\"\" class=\"wp-image-16983\" style=\"width:800px\" srcset=\"https:\/\/mb2812.de\/wp-content\/uploads\/2025\/02\/IMG_7839-2646-2652-1024x819.jpg 1024w, https:\/\/mb2812.de\/wp-content\/uploads\/2025\/02\/IMG_7839-2646-2652-300x240.jpg 300w, https:\/\/mb2812.de\/wp-content\/uploads\/2025\/02\/IMG_7839-2646-2652-768x614.jpg 768w, https:\/\/mb2812.de\/wp-content\/uploads\/2025\/02\/IMG_7839-2646-2652-1536x1229.jpg 1536w, https:\/\/mb2812.de\/wp-content\/uploads\/2025\/02\/IMG_7839-2646-2652.jpg 1920w\" sizes=\"auto, (max-width: 1024px) 100vw, 1024px\" \/><\/a><figcaption class=\"wp-element-caption\"><em>Das Schloss mit dem Zeitturm. Rechts die Pfarrkirche St. Johann<\/em><\/figcaption><\/figure>\n\n\n\n<figure class=\"wp-block-image aligncenter size-large is-resized\"><a href=\"https:\/\/mb2812.de\/wp-content\/uploads\/2025\/02\/IMG_1664-2645.jpg\" target=\"_blank\" rel=\" noreferrer noopener\"><img loading=\"lazy\" decoding=\"async\" width=\"768\" height=\"1024\" src=\"https:\/\/mb2812.de\/wp-content\/uploads\/2025\/02\/IMG_1664-2645-768x1024.jpg\" alt=\"\" class=\"wp-image-16984\" style=\"width:600px\" srcset=\"https:\/\/mb2812.de\/wp-content\/uploads\/2025\/02\/IMG_1664-2645-768x1024.jpg 768w, https:\/\/mb2812.de\/wp-content\/uploads\/2025\/02\/IMG_1664-2645-225x300.jpg 225w, https:\/\/mb2812.de\/wp-content\/uploads\/2025\/02\/IMG_1664-2645-1152x1536.jpg 1152w, https:\/\/mb2812.de\/wp-content\/uploads\/2025\/02\/IMG_1664-2645.jpg 1440w\" sizes=\"auto, (max-width: 768px) 100vw, 768px\" \/><\/a><figcaption class=\"wp-element-caption\"><em>In der Pfarrkirche St Johann<\/em><\/figcaption><\/figure>\n\n\n\n<figure class=\"wp-block-image aligncenter size-large is-resized\"><a href=\"https:\/\/mb2812.de\/wp-content\/uploads\/2025\/02\/IMG_7843.jpg\" target=\"_blank\" rel=\" noreferrer noopener\"><img loading=\"lazy\" decoding=\"async\" width=\"768\" height=\"1024\" src=\"https:\/\/mb2812.de\/wp-content\/uploads\/2025\/02\/IMG_7843-768x1024.jpg\" alt=\"\" class=\"wp-image-16985\" style=\"width:600px\" srcset=\"https:\/\/mb2812.de\/wp-content\/uploads\/2025\/02\/IMG_7843-768x1024.jpg 768w, https:\/\/mb2812.de\/wp-content\/uploads\/2025\/02\/IMG_7843-225x300.jpg 225w, https:\/\/mb2812.de\/wp-content\/uploads\/2025\/02\/IMG_7843-1152x1536.jpg 1152w, https:\/\/mb2812.de\/wp-content\/uploads\/2025\/02\/IMG_7843.jpg 1440w\" sizes=\"auto, (max-width: 768px) 100vw, 768px\" \/><\/a><figcaption class=\"wp-element-caption\"><em>Blick den Herrenberg hinunter. Links wieder die Pfarrkirche St. Johann, der Turm ist  der &#8222;Breny-Turm&#8220; aus dem 14. Jahrhundert, in dem das Stadtmuseum untergebracht ist<\/em><\/figcaption><\/figure>\n\n\n\n<figure class=\"wp-block-image aligncenter size-large is-resized\"><a href=\"https:\/\/mb2812.de\/wp-content\/uploads\/2025\/02\/IMG_1672-2707.jpg\"><img loading=\"lazy\" decoding=\"async\" width=\"1024\" height=\"819\" src=\"https:\/\/mb2812.de\/wp-content\/uploads\/2025\/02\/IMG_1672-2707-1024x819.jpg\" alt=\"\" class=\"wp-image-17453\" style=\"width:800px\" srcset=\"https:\/\/mb2812.de\/wp-content\/uploads\/2025\/02\/IMG_1672-2707-1024x819.jpg 1024w, https:\/\/mb2812.de\/wp-content\/uploads\/2025\/02\/IMG_1672-2707-300x240.jpg 300w, https:\/\/mb2812.de\/wp-content\/uploads\/2025\/02\/IMG_1672-2707-768x614.jpg 768w, https:\/\/mb2812.de\/wp-content\/uploads\/2025\/02\/IMG_1672-2707-1536x1229.jpg 1536w, https:\/\/mb2812.de\/wp-content\/uploads\/2025\/02\/IMG_1672-2707.jpg 1920w\" sizes=\"auto, (max-width: 1024px) 100vw, 1024px\" \/><\/a><figcaption class=\"wp-element-caption\"><em>Und ein letztes Bild aus Rapperswil: der Engelplatz<\/em><\/figcaption><\/figure>\n\n\n\n<p>Wir laufen zur\u00fcck zum Bahnhof und mit der direkt am rechten Seeufer entlangf\u00fchrenden S-Bahn geht es nach Z\u00fcrich.<\/p>\n\n\n\n<p>F\u00fcrs Abendessen sind wir ins benachbarte Sheraton Hotel, darin gibt es ein Steak House. &#8222;Route twenty-six&#8220; nennen sie sich. F\u00fcr mich gab es einen Burger, Stephan hatte ein Steak. Das Restaurant war soweit in Ordnung.<\/p>\n\n\n\n<p>Das war dann schon der Urlaub, jetzt steht nur noch die R\u00fcckreise an.<\/p>\n","protected":false},"excerpt":{"rendered":"<p>Mit der Forchbahn fahren wir nach Esslingen. Dann gibt es ein kurzes Intermezzo am Greifensee, bevor wir mit der S-Bahn nach Rapperswil fahren, wo wir uns ausf\u00fchrlich umschauen, bevor wir nach Z\u00fcrich zur\u00fcck fahren<\/p>\n","protected":false},"author":1,"featured_media":16973,"comment_status":"closed","ping_status":"closed","sticky":false,"template":"","format":"standard","meta":{"footnotes":""},"categories":[385],"tags":[386,432,48,49,58],"class_list":["post-16715","post","type-post","status-publish","format-standard","has-post-thumbnail","hentry","category-salzburg-zuerich-2025","tag-386","tag-rapperswil","tag-schweiz","tag-zentralschweiz","tag-zuerich"],"_links":{"self":[{"href":"https:\/\/mb2812.de\/index.php?rest_route=\/wp\/v2\/posts\/16715","targetHints":{"allow":["GET"]}}],"collection":[{"href":"https:\/\/mb2812.de\/index.php?rest_route=\/wp\/v2\/posts"}],"about":[{"href":"https:\/\/mb2812.de\/index.php?rest_route=\/wp\/v2\/types\/post"}],"author":[{"embeddable":true,"href":"https:\/\/mb2812.de\/index.php?rest_route=\/wp\/v2\/users\/1"}],"replies":[{"embeddable":true,"href":"https:\/\/mb2812.de\/index.php?rest_route=%2Fwp%2Fv2%2Fcomments&post=16715"}],"version-history":[{"count":15,"href":"https:\/\/mb2812.de\/index.php?rest_route=\/wp\/v2\/posts\/16715\/revisions"}],"predecessor-version":[{"id":17538,"href":"https:\/\/mb2812.de\/index.php?rest_route=\/wp\/v2\/posts\/16715\/revisions\/17538"}],"wp:featuredmedia":[{"embeddable":true,"href":"https:\/\/mb2812.de\/index.php?rest_route=\/wp\/v2\/media\/16973"}],"wp:attachment":[{"href":"https:\/\/mb2812.de\/index.php?rest_route=%2Fwp%2Fv2%2Fmedia&parent=16715"}],"wp:term":[{"taxonomy":"category","embeddable":true,"href":"https:\/\/mb2812.de\/index.php?rest_route=%2Fwp%2Fv2%2Fcategories&post=16715"},{"taxonomy":"post_tag","embeddable":true,"href":"https:\/\/mb2812.de\/index.php?rest_route=%2Fwp%2Fv2%2Ftags&post=16715"}],"curies":[{"name":"wp","href":"https:\/\/api.w.org\/{rel}","templated":true}]}}