{"id":16713,"date":"2025-02-20T09:00:00","date_gmt":"2025-02-20T07:00:00","guid":{"rendered":"https:\/\/mb2812.de\/?p=16713"},"modified":"2025-05-27T10:22:31","modified_gmt":"2025-05-27T08:22:31","slug":"zuerich","status":"publish","type":"post","link":"https:\/\/mb2812.de\/?p=16713","title":{"rendered":"Z\u00fcrich"},"content":{"rendered":"\n<p>Die Reise ist ja in gewisser Weise ein Nostalgie Trip. Mit Salzburg waren wir an einem Ort, an dem Stephan fr\u00fcher recht h\u00e4ufig in Urlaub war und auch wir beide vor \u00fcber 20 Jahren einen unserer ersten Urlaube verbrachten. Und auf die Idee, mir Z\u00fcrich mal wieder anzuschauen, kam ich nachdem ich einige Stra\u00dfenbahnfotos aus den 80ern aufgearbeitet hatte. Bei einigen war es etwas knifflig, mit Hilfe von Google Street View den Aufnahmeort herauszufinden. Ich hab es zwar geschafft, aber die Neugier war geweckt sich die Ver\u00e4nderungen &#8222;live&#8220; anzuschauen.<\/p>\n\n\n\n<p>Also fahren wir heute mit der Bahn kreuz und quer durch die Stadt. Zun\u00e4chst mal mit der Linie 4 zum Bahnhof Altstetten. Die Strecke gab es in den 80ern nicht, sie wurde neu gebaut und 2011 er\u00f6ffnet. Auf der anderen Seite des Bahnhofs beginnt die Limmattalbahn nach Killwangen. Auch die ist neu, 2022 wurde sie er\u00f6ffnet. Weit sind wir da heute nicht gekommen, denn unsere Tickets gelten nur im Stadtgebiet Z\u00fcrich. An der dritten Haltestelle (Micafil) steigen wir wieder aus. F\u00fcr die R\u00fcckfahrt nutzen wir die Linie 2, mit der geht es quer durch die Stadt Z\u00fcrich an die s\u00fcd\u00f6stliche Stadtgrenze in Tiefenbrunnen direkt am Z\u00fcrichsee. Und da packe ich die Kamera wieder aus:<\/p>\n\n\n\n<figure class=\"wp-block-image aligncenter size-large is-resized\"><a href=\"https:\/\/mb2812.de\/wp-content\/uploads\/2025\/02\/IMG_7740.jpg\" target=\"_blank\" rel=\" noreferrer noopener\"><img loading=\"lazy\" decoding=\"async\" width=\"768\" height=\"1024\" src=\"https:\/\/mb2812.de\/wp-content\/uploads\/2025\/02\/IMG_7740-768x1024.jpg\" alt=\"\" class=\"wp-image-16786\" style=\"width:600px\" srcset=\"https:\/\/mb2812.de\/wp-content\/uploads\/2025\/02\/IMG_7740-768x1024.jpg 768w, https:\/\/mb2812.de\/wp-content\/uploads\/2025\/02\/IMG_7740-225x300.jpg 225w, https:\/\/mb2812.de\/wp-content\/uploads\/2025\/02\/IMG_7740-1152x1536.jpg 1152w, https:\/\/mb2812.de\/wp-content\/uploads\/2025\/02\/IMG_7740.jpg 1440w\" sizes=\"auto, (max-width: 768px) 100vw, 768px\" \/><\/a><figcaption class=\"wp-element-caption\"><em>Das Ufer des Z\u00fcrichsees am Bahnhof Tiefenbrunnen<\/em><\/figcaption><\/figure>\n\n\n\n<figure class=\"wp-block-image aligncenter size-large is-resized\"><a href=\"https:\/\/mb2812.de\/wp-content\/uploads\/2025\/02\/IMG_7736.jpg\" target=\"_blank\" rel=\" noreferrer noopener\"><img loading=\"lazy\" decoding=\"async\" width=\"1024\" height=\"819\" src=\"https:\/\/mb2812.de\/wp-content\/uploads\/2025\/02\/IMG_7736-1024x819.jpg\" alt=\"\" class=\"wp-image-16784\" style=\"width:800px\" srcset=\"https:\/\/mb2812.de\/wp-content\/uploads\/2025\/02\/IMG_7736-1024x819.jpg 1024w, https:\/\/mb2812.de\/wp-content\/uploads\/2025\/02\/IMG_7736-300x240.jpg 300w, https:\/\/mb2812.de\/wp-content\/uploads\/2025\/02\/IMG_7736-768x614.jpg 768w, https:\/\/mb2812.de\/wp-content\/uploads\/2025\/02\/IMG_7736-1536x1229.jpg 1536w, https:\/\/mb2812.de\/wp-content\/uploads\/2025\/02\/IMG_7736.jpg 1920w\" sizes=\"auto, (max-width: 1024px) 100vw, 1024px\" \/><\/a><figcaption class=\"wp-element-caption\"><em>Blick \u00fcber den See nach Wollishofen, der Turm geh\u00f6rt zur Kirche Auf der Egg<\/em><\/figcaption><\/figure>\n\n\n\n<figure class=\"wp-block-image aligncenter size-large is-resized\"><a href=\"https:\/\/mb2812.de\/wp-content\/uploads\/2025\/02\/IMG_7739.jpg\" target=\"_blank\" rel=\" noreferrer noopener\"><img loading=\"lazy\" decoding=\"async\" width=\"1024\" height=\"819\" src=\"https:\/\/mb2812.de\/wp-content\/uploads\/2025\/02\/IMG_7739-1024x819.jpg\" alt=\"\" class=\"wp-image-16785\" style=\"width:800px\" srcset=\"https:\/\/mb2812.de\/wp-content\/uploads\/2025\/02\/IMG_7739-1024x819.jpg 1024w, https:\/\/mb2812.de\/wp-content\/uploads\/2025\/02\/IMG_7739-300x240.jpg 300w, https:\/\/mb2812.de\/wp-content\/uploads\/2025\/02\/IMG_7739-768x614.jpg 768w, https:\/\/mb2812.de\/wp-content\/uploads\/2025\/02\/IMG_7739-1536x1229.jpg 1536w, https:\/\/mb2812.de\/wp-content\/uploads\/2025\/02\/IMG_7739.jpg 1920w\" sizes=\"auto, (max-width: 1024px) 100vw, 1024px\" \/><\/a><figcaption class=\"wp-element-caption\"><em>Z\u00fcrichsee Panorama<\/em><\/figcaption><\/figure>\n\n\n\n<figure class=\"wp-block-image aligncenter size-large is-resized\"><a href=\"https:\/\/mb2812.de\/wp-content\/uploads\/2025\/02\/IMG_7744-2614.jpg\" target=\"_blank\" rel=\" noreferrer noopener\"><img loading=\"lazy\" decoding=\"async\" width=\"1024\" height=\"819\" src=\"https:\/\/mb2812.de\/wp-content\/uploads\/2025\/02\/IMG_7744-2614-1024x819.jpg\" alt=\"\" class=\"wp-image-16788\" style=\"width:800px\" srcset=\"https:\/\/mb2812.de\/wp-content\/uploads\/2025\/02\/IMG_7744-2614-1024x819.jpg 1024w, https:\/\/mb2812.de\/wp-content\/uploads\/2025\/02\/IMG_7744-2614-300x240.jpg 300w, https:\/\/mb2812.de\/wp-content\/uploads\/2025\/02\/IMG_7744-2614-768x614.jpg 768w, https:\/\/mb2812.de\/wp-content\/uploads\/2025\/02\/IMG_7744-2614-1536x1229.jpg 1536w, https:\/\/mb2812.de\/wp-content\/uploads\/2025\/02\/IMG_7744-2614.jpg 1920w\" sizes=\"auto, (max-width: 1024px) 100vw, 1024px\" \/><\/a><figcaption class=\"wp-element-caption\"><em>Und ein Selfie zum Beweis das wir da waren<\/em><\/figcaption><\/figure>\n\n\n\n<p>Weiter geht es, das Ziel ist eine Fahrt mit der Dolderbahn, einer Zahnradbahn innerhalb des Stadtgebietes auf den Adlisberg, mit der ich bislang nie gefahren war. Mit dem Trolleybus 33 geht es zum Klusplatz, wo ich versuche, ein 1983 fotografiertes Motiv nochmal zu fotografieren, so ganz gelingt mir aber der Blickwinkel nicht.<\/p>\n\n\n\n<figure class=\"wp-block-image aligncenter size-large is-resized\"><a href=\"https:\/\/mb2812.de\/wp-content\/uploads\/2025\/03\/IMG_7747-edited.jpg\" target=\"_blank\" rel=\" noreferrer noopener\"><img loading=\"lazy\" decoding=\"async\" width=\"1920\" height=\"1280\" src=\"https:\/\/mb2812.de\/wp-content\/uploads\/2025\/03\/IMG_7747-edited.jpg\" alt=\"\" class=\"wp-image-16790\" style=\"aspect-ratio:3\/2;object-fit:contain;width:800px\" srcset=\"https:\/\/mb2812.de\/wp-content\/uploads\/2025\/03\/IMG_7747-edited.jpg 1920w, https:\/\/mb2812.de\/wp-content\/uploads\/2025\/03\/IMG_7747-edited-300x200.jpg 300w, https:\/\/mb2812.de\/wp-content\/uploads\/2025\/03\/IMG_7747-edited-1024x683.jpg 1024w, https:\/\/mb2812.de\/wp-content\/uploads\/2025\/03\/IMG_7747-edited-768x512.jpg 768w, https:\/\/mb2812.de\/wp-content\/uploads\/2025\/03\/IMG_7747-edited-1536x1024.jpg 1536w\" sizes=\"auto, (max-width: 1920px) 100vw, 1920px\" \/><\/a><figcaption class=\"wp-element-caption\"><em>Das Foto aus der Schleife am Klusplatz: Ein Zug der Linie 3. Die Bahn ist vom neuesten Typ &#8222;Flexity&#8220;, geliefert seit 2019. (<a href=\"https:\/\/mb2812.de\/wp-content\/uploads\/2024\/10\/Film3916pxm-1836.jpg\">Hier das Foto von 1983<\/a>). <\/em><\/figcaption><\/figure>\n\n\n\n<p>Ab Klusplatz sind es noch ein paar Haltestellen mit der Tram 8 und wir sind am R\u00f6merhof:<\/p>\n\n\n\n<figure class=\"wp-block-image aligncenter size-large is-resized\"><a href=\"https:\/\/mb2812.de\/wp-content\/uploads\/2025\/02\/IMG_1427.jpg\" target=\"_blank\" rel=\" noreferrer noopener\"><img loading=\"lazy\" decoding=\"async\" width=\"1024\" height=\"819\" src=\"https:\/\/mb2812.de\/wp-content\/uploads\/2025\/02\/IMG_1427-1024x819.jpg\" alt=\"\" class=\"wp-image-16791\" style=\"width:800px\" srcset=\"https:\/\/mb2812.de\/wp-content\/uploads\/2025\/02\/IMG_1427-1024x819.jpg 1024w, https:\/\/mb2812.de\/wp-content\/uploads\/2025\/02\/IMG_1427-300x240.jpg 300w, https:\/\/mb2812.de\/wp-content\/uploads\/2025\/02\/IMG_1427-768x614.jpg 768w, https:\/\/mb2812.de\/wp-content\/uploads\/2025\/02\/IMG_1427-1536x1229.jpg 1536w, https:\/\/mb2812.de\/wp-content\/uploads\/2025\/02\/IMG_1427.jpg 1920w\" sizes=\"auto, (max-width: 1024px) 100vw, 1024px\" \/><\/a><figcaption class=\"wp-element-caption\"><em>Der \u00abR\u00f6merhof\u00bb wurde 1899 als Wohnhaus mit Hotel erbaut, durch den Durchgang links des Portals gelangt man zur Dolderbahn<\/em><\/figcaption><\/figure>\n\n\n\n<figure class=\"wp-block-image aligncenter size-large is-resized\"><a href=\"https:\/\/mb2812.de\/wp-content\/uploads\/2025\/02\/IMG_7749.jpg\" target=\"_blank\" rel=\" noreferrer noopener\"><img loading=\"lazy\" decoding=\"async\" width=\"768\" height=\"1024\" src=\"https:\/\/mb2812.de\/wp-content\/uploads\/2025\/02\/IMG_7749-768x1024.jpg\" alt=\"\" class=\"wp-image-16792\" style=\"width:600px\" srcset=\"https:\/\/mb2812.de\/wp-content\/uploads\/2025\/02\/IMG_7749-768x1024.jpg 768w, https:\/\/mb2812.de\/wp-content\/uploads\/2025\/02\/IMG_7749-225x300.jpg 225w, https:\/\/mb2812.de\/wp-content\/uploads\/2025\/02\/IMG_7749-1152x1536.jpg 1152w, https:\/\/mb2812.de\/wp-content\/uploads\/2025\/02\/IMG_7749.jpg 1440w\" sizes=\"auto, (max-width: 768px) 100vw, 768px\" \/><\/a><figcaption class=\"wp-element-caption\"><em>Ein Zug der Dolderbahn f\u00e4hrt in die Talstation ein <\/em><\/figcaption><\/figure>\n\n\n\n<p>An der Bergstation findet sich dann das Dolder Grand Hotel, vermutlich die Nummer Eins unter den Z\u00fcrcher Hotels. Das schauen wir uns konsequenterweise (von aussen) an:<\/p>\n\n\n\n<figure class=\"wp-block-image aligncenter size-large is-resized\"><a href=\"https:\/\/mb2812.de\/wp-content\/uploads\/2025\/02\/IMG_7751.jpg\" target=\"_blank\" rel=\" noreferrer noopener\"><img loading=\"lazy\" decoding=\"async\" width=\"1024\" height=\"819\" src=\"https:\/\/mb2812.de\/wp-content\/uploads\/2025\/02\/IMG_7751-1024x819.jpg\" alt=\"\" class=\"wp-image-16793\" style=\"width:800px\" srcset=\"https:\/\/mb2812.de\/wp-content\/uploads\/2025\/02\/IMG_7751-1024x819.jpg 1024w, https:\/\/mb2812.de\/wp-content\/uploads\/2025\/02\/IMG_7751-300x240.jpg 300w, https:\/\/mb2812.de\/wp-content\/uploads\/2025\/02\/IMG_7751-768x614.jpg 768w, https:\/\/mb2812.de\/wp-content\/uploads\/2025\/02\/IMG_7751-1536x1229.jpg 1536w, https:\/\/mb2812.de\/wp-content\/uploads\/2025\/02\/IMG_7751.jpg 1920w\" sizes=\"auto, (max-width: 1024px) 100vw, 1024px\" \/><\/a><figcaption class=\"wp-element-caption\"><em>Und hier das Grandhotel Dolder<\/em><\/figcaption><\/figure>\n\n\n\n<figure class=\"wp-block-image aligncenter size-large is-resized\"><a href=\"https:\/\/mb2812.de\/wp-content\/uploads\/2025\/02\/IMG_1447.jpg\" target=\"_blank\" rel=\" noreferrer noopener\"><img loading=\"lazy\" decoding=\"async\" width=\"768\" height=\"1024\" src=\"https:\/\/mb2812.de\/wp-content\/uploads\/2025\/02\/IMG_1447-768x1024.jpg\" alt=\"\" class=\"wp-image-16794\" style=\"width:600px\" srcset=\"https:\/\/mb2812.de\/wp-content\/uploads\/2025\/02\/IMG_1447-768x1024.jpg 768w, https:\/\/mb2812.de\/wp-content\/uploads\/2025\/02\/IMG_1447-225x300.jpg 225w, https:\/\/mb2812.de\/wp-content\/uploads\/2025\/02\/IMG_1447-1152x1536.jpg 1152w, https:\/\/mb2812.de\/wp-content\/uploads\/2025\/02\/IMG_1447.jpg 1440w\" sizes=\"auto, (max-width: 768px) 100vw, 768px\" \/><\/a><figcaption class=\"wp-element-caption\"><em>Die beiden neuen Fl\u00fcgel wurden von Norman Foster designed, dies ist der \u00f6stliche Fl\u00fcgel<\/em><\/figcaption><\/figure>\n\n\n\n<figure class=\"wp-block-image aligncenter size-large is-resized\"><a href=\"https:\/\/mb2812.de\/wp-content\/uploads\/2025\/02\/IMG_1442.jpg\" target=\"_blank\" rel=\" noreferrer noopener\"><img loading=\"lazy\" decoding=\"async\" width=\"1024\" height=\"819\" src=\"https:\/\/mb2812.de\/wp-content\/uploads\/2025\/02\/IMG_1442-1024x819.jpg\" alt=\"\" class=\"wp-image-16795\" style=\"width:800px\" srcset=\"https:\/\/mb2812.de\/wp-content\/uploads\/2025\/02\/IMG_1442-1024x819.jpg 1024w, https:\/\/mb2812.de\/wp-content\/uploads\/2025\/02\/IMG_1442-300x240.jpg 300w, https:\/\/mb2812.de\/wp-content\/uploads\/2025\/02\/IMG_1442-768x614.jpg 768w, https:\/\/mb2812.de\/wp-content\/uploads\/2025\/02\/IMG_1442-1536x1229.jpg 1536w, https:\/\/mb2812.de\/wp-content\/uploads\/2025\/02\/IMG_1442.jpg 1920w\" sizes=\"auto, (max-width: 1024px) 100vw, 1024px\" \/><\/a><figcaption class=\"wp-element-caption\"><em>Ungef\u00e4hr diese Aussicht genie\u00dfen die Hotelg\u00e4ste<\/em><\/figcaption><\/figure>\n\n\n\n<p>Wir machen eine kleine Wanderung durch den Wald zum Zoo, ab dort wollen wir mit der Stra\u00dfenbahn in die Stadt zur\u00fcck.<\/p>\n\n\n\n<figure class=\"wp-block-image aligncenter size-large is-resized\"><a href=\"https:\/\/mb2812.de\/wp-content\/uploads\/2025\/02\/IMG_7754.jpg\" target=\"_blank\" rel=\" noreferrer noopener\"><img loading=\"lazy\" decoding=\"async\" width=\"1024\" height=\"819\" src=\"https:\/\/mb2812.de\/wp-content\/uploads\/2025\/02\/IMG_7754-1024x819.jpg\" alt=\"\" class=\"wp-image-16796\" style=\"width:800px\" srcset=\"https:\/\/mb2812.de\/wp-content\/uploads\/2025\/02\/IMG_7754-1024x819.jpg 1024w, https:\/\/mb2812.de\/wp-content\/uploads\/2025\/02\/IMG_7754-300x240.jpg 300w, https:\/\/mb2812.de\/wp-content\/uploads\/2025\/02\/IMG_7754-768x614.jpg 768w, https:\/\/mb2812.de\/wp-content\/uploads\/2025\/02\/IMG_7754-1536x1229.jpg 1536w, https:\/\/mb2812.de\/wp-content\/uploads\/2025\/02\/IMG_7754.jpg 1920w\" sizes=\"auto, (max-width: 1024px) 100vw, 1024px\" \/><\/a><figcaption class=\"wp-element-caption\"><em>Der Weg f\u00fchrt an der Dolder Kunsteisbahn vorbei<\/em><\/figcaption><\/figure>\n\n\n\n<p>Vom Zoo geht es mit der Tram wieder den Berg herunter bis zum Kunsthaus, denn da kommen wir zum gr\u00f6\u00dften R\u00e4tsel, das mir meine alten Fotos bescherten, und das wollte ich mir jetzt live anschauen:<\/p>\n\n\n\n<figure class=\"wp-block-image aligncenter size-large is-resized\"><a href=\"https:\/\/mb2812.de\/wp-content\/uploads\/2025\/02\/ZRH2-60-2438pxm-2639.jpg\" target=\"_blank\" rel=\" noreferrer noopener\"><img loading=\"lazy\" decoding=\"async\" width=\"1024\" height=\"819\" src=\"https:\/\/mb2812.de\/wp-content\/uploads\/2025\/02\/ZRH2-60-2438pxm-2639-1024x819.jpg\" alt=\"\" class=\"wp-image-16940\" style=\"width:800px\" srcset=\"https:\/\/mb2812.de\/wp-content\/uploads\/2025\/02\/ZRH2-60-2438pxm-2639-1024x819.jpg 1024w, https:\/\/mb2812.de\/wp-content\/uploads\/2025\/02\/ZRH2-60-2438pxm-2639-300x240.jpg 300w, https:\/\/mb2812.de\/wp-content\/uploads\/2025\/02\/ZRH2-60-2438pxm-2639-768x614.jpg 768w, https:\/\/mb2812.de\/wp-content\/uploads\/2025\/02\/ZRH2-60-2438pxm-2639-1536x1229.jpg 1536w, https:\/\/mb2812.de\/wp-content\/uploads\/2025\/02\/ZRH2-60-2438pxm-2639.jpg 1920w\" sizes=\"auto, (max-width: 1024px) 100vw, 1024px\" \/><\/a><figcaption class=\"wp-element-caption\"><em>Dies ist das Foto von 1986, ein Zug der Linie 5 an einer Gleiskreuzung<\/em><\/figcaption><\/figure>\n\n\n\n<p>Es war klar, das dies Foto recht nah am Kunsthaus aufgenommen sein musste, aber ich konnte Streetview und Google Maps drehen und wenden wie ich wollte, in der N\u00e4he des Kunsthauses fand sich nichts Passendes. Viele Geb\u00e4ude, die man wiedererkennen k\u00f6nnte, sind auf dem Foto auch nicht sichtbar. Einzig gut sichtbares Objekt ist die Halle links. Ich musste schon einige Webseiten zum Thema Architektur auswerten, um zu wissen wo das Foto aufgenommen wurde. Ab dem Jahre 2015 wurde auf dem Areal der Kantonsschule ein von\u00a0David Chipperfield entworfener Erweiterungsbau des Kunsthauses errichtet, der 2021 er\u00f6ffnet wurde. Ihm fielen die beiden Turnhallen der Kantonsschule zum Opfer, und eine davon ist die Halle auf dem obigen Foto. Damit ist klar: Es handelt sich um die von Norden kommende R\u00e4mistra\u00dfe direkt vor dem Heimplatz.<\/p>\n\n\n\n<figure class=\"wp-block-image aligncenter size-large is-resized\"><a href=\"https:\/\/mb2812.de\/wp-content\/uploads\/2025\/03\/IMG_7759-2610-edited.jpg\" target=\"_blank\" rel=\" noreferrer noopener\"><img loading=\"lazy\" decoding=\"async\" width=\"1920\" height=\"1280\" src=\"https:\/\/mb2812.de\/wp-content\/uploads\/2025\/03\/IMG_7759-2610-edited.jpg\" alt=\"\" class=\"wp-image-16798\" style=\"aspect-ratio:3\/2;object-fit:contain;width:800px\" srcset=\"https:\/\/mb2812.de\/wp-content\/uploads\/2025\/03\/IMG_7759-2610-edited.jpg 1920w, https:\/\/mb2812.de\/wp-content\/uploads\/2025\/03\/IMG_7759-2610-edited-300x200.jpg 300w, https:\/\/mb2812.de\/wp-content\/uploads\/2025\/03\/IMG_7759-2610-edited-1024x683.jpg 1024w, https:\/\/mb2812.de\/wp-content\/uploads\/2025\/03\/IMG_7759-2610-edited-768x512.jpg 768w, https:\/\/mb2812.de\/wp-content\/uploads\/2025\/03\/IMG_7759-2610-edited-1536x1024.jpg 1536w\" sizes=\"auto, (max-width: 1920px) 100vw, 1920px\" \/><\/a><figcaption class=\"wp-element-caption\"><em>Damit kann ich mich in Positon stellen und ein Vergleichsfoto machen. Dies ist die Stelle im Jahre 2025. Links der Chipperfield Bau. Die Parkpl\u00e4tze rechts und auch das Geb\u00e4ude dahinter mit Turm sind unver\u00e4ndert.<\/em><\/figcaption><\/figure>\n\n\n\n<p>Wir schauen uns den Chipperfield Bau dann mal etwas genauer an:<\/p>\n\n\n\n<figure class=\"wp-block-image aligncenter size-large is-resized\"><a href=\"https:\/\/mb2812.de\/wp-content\/uploads\/2025\/02\/IMG_1461-2609.jpg\" target=\"_blank\" rel=\" noreferrer noopener\"><img loading=\"lazy\" decoding=\"async\" width=\"1024\" height=\"819\" src=\"https:\/\/mb2812.de\/wp-content\/uploads\/2025\/02\/IMG_1461-2609-1024x819.jpg\" alt=\"\" class=\"wp-image-16799\" style=\"width:800px\" srcset=\"https:\/\/mb2812.de\/wp-content\/uploads\/2025\/02\/IMG_1461-2609-1024x819.jpg 1024w, https:\/\/mb2812.de\/wp-content\/uploads\/2025\/02\/IMG_1461-2609-300x240.jpg 300w, https:\/\/mb2812.de\/wp-content\/uploads\/2025\/02\/IMG_1461-2609-768x614.jpg 768w, https:\/\/mb2812.de\/wp-content\/uploads\/2025\/02\/IMG_1461-2609-1536x1229.jpg 1536w, https:\/\/mb2812.de\/wp-content\/uploads\/2025\/02\/IMG_1461-2609.jpg 1920w\" sizes=\"auto, (max-width: 1024px) 100vw, 1024px\" \/><\/a><figcaption class=\"wp-element-caption\"><em>Eingang<\/em><\/figcaption><\/figure>\n\n\n\n<figure class=\"wp-block-image aligncenter size-large is-resized\"><a href=\"https:\/\/mb2812.de\/wp-content\/uploads\/2025\/02\/IMG_1459.jpg\" target=\"_blank\" rel=\" noreferrer noopener\"><img loading=\"lazy\" decoding=\"async\" width=\"768\" height=\"1024\" src=\"https:\/\/mb2812.de\/wp-content\/uploads\/2025\/02\/IMG_1459-768x1024.jpg\" alt=\"\" class=\"wp-image-16800\" style=\"width:600px\" srcset=\"https:\/\/mb2812.de\/wp-content\/uploads\/2025\/02\/IMG_1459-768x1024.jpg 768w, https:\/\/mb2812.de\/wp-content\/uploads\/2025\/02\/IMG_1459-225x300.jpg 225w, https:\/\/mb2812.de\/wp-content\/uploads\/2025\/02\/IMG_1459-1152x1536.jpg 1152w, https:\/\/mb2812.de\/wp-content\/uploads\/2025\/02\/IMG_1459.jpg 1440w\" sizes=\"auto, (max-width: 768px) 100vw, 768px\" \/><\/a><figcaption class=\"wp-element-caption\"><em>Innen<\/em><\/figcaption><\/figure>\n\n\n\n<figure class=\"wp-block-image aligncenter size-large is-resized\"><a href=\"https:\/\/mb2812.de\/wp-content\/uploads\/2025\/02\/IMG_7764.jpg\" target=\"_blank\" rel=\" noreferrer noopener\"><img loading=\"lazy\" decoding=\"async\" width=\"1024\" height=\"819\" src=\"https:\/\/mb2812.de\/wp-content\/uploads\/2025\/02\/IMG_7764-1024x819.jpg\" alt=\"\" class=\"wp-image-16801\" style=\"width:800px\" srcset=\"https:\/\/mb2812.de\/wp-content\/uploads\/2025\/02\/IMG_7764-1024x819.jpg 1024w, https:\/\/mb2812.de\/wp-content\/uploads\/2025\/02\/IMG_7764-300x240.jpg 300w, https:\/\/mb2812.de\/wp-content\/uploads\/2025\/02\/IMG_7764-768x614.jpg 768w, https:\/\/mb2812.de\/wp-content\/uploads\/2025\/02\/IMG_7764-1536x1229.jpg 1536w, https:\/\/mb2812.de\/wp-content\/uploads\/2025\/02\/IMG_7764.jpg 1920w\" sizes=\"auto, (max-width: 1024px) 100vw, 1024px\" \/><\/a><figcaption class=\"wp-element-caption\"><em>Und: Innen gibt es ein Caf\u00e9, indem wir Mittagspause machen. F\u00fcr mich gibt es eine Suppe<\/em><\/figcaption><\/figure>\n\n\n\n<figure class=\"wp-block-image aligncenter size-large is-resized\"><a href=\"https:\/\/mb2812.de\/wp-content\/uploads\/2025\/02\/IMG_7762.jpg\" target=\"_blank\" rel=\" noreferrer noopener\"><img loading=\"lazy\" decoding=\"async\" width=\"768\" height=\"1024\" src=\"https:\/\/mb2812.de\/wp-content\/uploads\/2025\/02\/IMG_7762-768x1024.jpg\" alt=\"\" class=\"wp-image-16802\" style=\"width:600px\" srcset=\"https:\/\/mb2812.de\/wp-content\/uploads\/2025\/02\/IMG_7762-768x1024.jpg 768w, https:\/\/mb2812.de\/wp-content\/uploads\/2025\/02\/IMG_7762-225x300.jpg 225w, https:\/\/mb2812.de\/wp-content\/uploads\/2025\/02\/IMG_7762-1152x1536.jpg 1152w, https:\/\/mb2812.de\/wp-content\/uploads\/2025\/02\/IMG_7762.jpg 1440w\" sizes=\"auto, (max-width: 768px) 100vw, 768px\" \/><\/a><figcaption class=\"wp-element-caption\"><em> Auf dem Heimplatz: der Mast geh\u00f6rt zu Pipilotti Rists Indstallation \u00abTastende Lichter\u00bb (2016\/2020) <\/em><\/figcaption><\/figure>\n\n\n\n<figure class=\"wp-block-image aligncenter size-large is-resized\"><a href=\"https:\/\/mb2812.de\/wp-content\/uploads\/2025\/02\/IMG_7761-2611.jpg\" target=\"_blank\" rel=\" noreferrer noopener\"><img loading=\"lazy\" decoding=\"async\" width=\"1024\" height=\"819\" src=\"https:\/\/mb2812.de\/wp-content\/uploads\/2025\/02\/IMG_7761-2611-1024x819.jpg\" alt=\"\" class=\"wp-image-16803\" style=\"width:800px\" srcset=\"https:\/\/mb2812.de\/wp-content\/uploads\/2025\/02\/IMG_7761-2611-1024x819.jpg 1024w, https:\/\/mb2812.de\/wp-content\/uploads\/2025\/02\/IMG_7761-2611-300x240.jpg 300w, https:\/\/mb2812.de\/wp-content\/uploads\/2025\/02\/IMG_7761-2611-768x614.jpg 768w, https:\/\/mb2812.de\/wp-content\/uploads\/2025\/02\/IMG_7761-2611-1536x1229.jpg 1536w, https:\/\/mb2812.de\/wp-content\/uploads\/2025\/02\/IMG_7761-2611.jpg 1920w\" sizes=\"auto, (max-width: 1024px) 100vw, 1024px\" \/><\/a><figcaption class=\"wp-element-caption\"><em>Zwei Kunstwerke stehen vor dem<\/em> <em>ersten Geb\u00e4ude des Kunsthauses, dem Moserbau von 1910. Links die Bronzeskulptur&nbsp;La Porte de l\u2019Enfer, deutsch: Das H\u00f6llentor (1880\u20131917) von Auguste Rodin, rechts auf der S\u00e4ule der Aluminiumguss \u00abJanus\u00bb (2020) von Kader Attias <\/em><\/figcaption><\/figure>\n\n\n\n<p>Eine Haltestelle weiter finden wir uns am Neumarkt und kommen damit ins &#8222;Oberdorf&#8220;.<\/p>\n\n\n\n<figure class=\"wp-block-image aligncenter size-large is-resized\"><a href=\"https:\/\/mb2812.de\/wp-content\/uploads\/2025\/02\/IMG_1463-2612-2613.jpg\" target=\"_blank\" rel=\" noreferrer noopener\"><img loading=\"lazy\" decoding=\"async\" width=\"1024\" height=\"819\" src=\"https:\/\/mb2812.de\/wp-content\/uploads\/2025\/02\/IMG_1463-2612-2613-1024x819.jpg\" alt=\"\" class=\"wp-image-16804\" style=\"width:800px\" srcset=\"https:\/\/mb2812.de\/wp-content\/uploads\/2025\/02\/IMG_1463-2612-2613-1024x819.jpg 1024w, https:\/\/mb2812.de\/wp-content\/uploads\/2025\/02\/IMG_1463-2612-2613-300x240.jpg 300w, https:\/\/mb2812.de\/wp-content\/uploads\/2025\/02\/IMG_1463-2612-2613-768x614.jpg 768w, https:\/\/mb2812.de\/wp-content\/uploads\/2025\/02\/IMG_1463-2612-2613-1536x1229.jpg 1536w, https:\/\/mb2812.de\/wp-content\/uploads\/2025\/02\/IMG_1463-2612-2613.jpg 1920w\" sizes=\"auto, (max-width: 1024px) 100vw, 1024px\" \/><\/a><figcaption class=\"wp-element-caption\"><em>Das &#8222;Haus zum Rechberg&#8220; am Neumarkt wurde 1759 bis 1770 von David Morf und Konrad<br>Bluntschli dem \u00c4lteren erbaut<\/em><\/figcaption><\/figure>\n\n\n\n<figure class=\"wp-block-image aligncenter size-large is-resized\"><a href=\"https:\/\/mb2812.de\/wp-content\/uploads\/2025\/02\/IMG_1465-2638.jpg\" target=\"_blank\" rel=\" noreferrer noopener\"><img loading=\"lazy\" decoding=\"async\" width=\"1024\" height=\"819\" src=\"https:\/\/mb2812.de\/wp-content\/uploads\/2025\/02\/IMG_1465-2638-1024x819.jpg\" alt=\"\" class=\"wp-image-16805\" style=\"width:800px\" srcset=\"https:\/\/mb2812.de\/wp-content\/uploads\/2025\/02\/IMG_1465-2638-1024x819.jpg 1024w, https:\/\/mb2812.de\/wp-content\/uploads\/2025\/02\/IMG_1465-2638-300x240.jpg 300w, https:\/\/mb2812.de\/wp-content\/uploads\/2025\/02\/IMG_1465-2638-768x614.jpg 768w, https:\/\/mb2812.de\/wp-content\/uploads\/2025\/02\/IMG_1465-2638-1536x1229.jpg 1536w, https:\/\/mb2812.de\/wp-content\/uploads\/2025\/02\/IMG_1465-2638.jpg 1920w\" sizes=\"auto, (max-width: 1024px) 100vw, 1024px\" \/><\/a><figcaption class=\"wp-element-caption\"><em>Am Neumarkt (Obmannamtsgasse)<\/em><\/figcaption><\/figure>\n\n\n\n<figure class=\"wp-block-image aligncenter size-large is-resized\"><a href=\"https:\/\/mb2812.de\/wp-content\/uploads\/2025\/02\/IMG_7766.jpg\" target=\"_blank\" rel=\" noreferrer noopener\"><img loading=\"lazy\" decoding=\"async\" width=\"768\" height=\"1024\" src=\"https:\/\/mb2812.de\/wp-content\/uploads\/2025\/02\/IMG_7766-768x1024.jpg\" alt=\"\" class=\"wp-image-16806\" style=\"width:600px\" srcset=\"https:\/\/mb2812.de\/wp-content\/uploads\/2025\/02\/IMG_7766-768x1024.jpg 768w, https:\/\/mb2812.de\/wp-content\/uploads\/2025\/02\/IMG_7766-225x300.jpg 225w, https:\/\/mb2812.de\/wp-content\/uploads\/2025\/02\/IMG_7766-1152x1536.jpg 1152w, https:\/\/mb2812.de\/wp-content\/uploads\/2025\/02\/IMG_7766.jpg 1440w\" sizes=\"auto, (max-width: 768px) 100vw, 768px\" \/><\/a><figcaption class=\"wp-element-caption\"><em>Mehr oder weniger das gleiche Motiv im Hochformat<\/em><\/figcaption><\/figure>\n\n\n\n<figure class=\"wp-block-image aligncenter size-large is-resized\"><a href=\"https:\/\/mb2812.de\/wp-content\/uploads\/2025\/02\/IMG_7768.jpg\" target=\"_blank\" rel=\" noreferrer noopener\"><img loading=\"lazy\" decoding=\"async\" width=\"768\" height=\"1024\" src=\"https:\/\/mb2812.de\/wp-content\/uploads\/2025\/02\/IMG_7768-768x1024.jpg\" alt=\"\" class=\"wp-image-16807\" style=\"width:600px\" srcset=\"https:\/\/mb2812.de\/wp-content\/uploads\/2025\/02\/IMG_7768-768x1024.jpg 768w, https:\/\/mb2812.de\/wp-content\/uploads\/2025\/02\/IMG_7768-225x300.jpg 225w, https:\/\/mb2812.de\/wp-content\/uploads\/2025\/02\/IMG_7768-1152x1536.jpg 1152w, https:\/\/mb2812.de\/wp-content\/uploads\/2025\/02\/IMG_7768.jpg 1440w\" sizes=\"auto, (max-width: 768px) 100vw, 768px\" \/><\/a><figcaption class=\"wp-element-caption\"><em>Diese Stra\u00dfe ist der Neumarkt<\/em><\/figcaption><\/figure>\n\n\n\n<figure class=\"wp-block-image aligncenter size-large is-resized\"><a href=\"https:\/\/mb2812.de\/wp-content\/uploads\/2025\/02\/IMG_1474.jpg\" target=\"_blank\" rel=\" noreferrer noopener\"><img loading=\"lazy\" decoding=\"async\" width=\"768\" height=\"1024\" src=\"https:\/\/mb2812.de\/wp-content\/uploads\/2025\/02\/IMG_1474-768x1024.jpg\" alt=\"\" class=\"wp-image-16808\" style=\"width:600px\" srcset=\"https:\/\/mb2812.de\/wp-content\/uploads\/2025\/02\/IMG_1474-768x1024.jpg 768w, https:\/\/mb2812.de\/wp-content\/uploads\/2025\/02\/IMG_1474-225x300.jpg 225w, https:\/\/mb2812.de\/wp-content\/uploads\/2025\/02\/IMG_1474-1152x1536.jpg 1152w, https:\/\/mb2812.de\/wp-content\/uploads\/2025\/02\/IMG_1474.jpg 1440w\" sizes=\"auto, (max-width: 768px) 100vw, 768px\" \/><\/a><figcaption class=\"wp-element-caption\"><em>\u00dcberragt wird der Neumarkt vom Grimmenturm<\/em><\/figcaption><\/figure>\n\n\n\n<figure class=\"wp-block-image aligncenter size-large is-resized\"><a href=\"https:\/\/mb2812.de\/wp-content\/uploads\/2025\/02\/IMG_1476.jpg\" target=\"_blank\" rel=\" noreferrer noopener\"><img loading=\"lazy\" decoding=\"async\" width=\"1024\" height=\"768\" src=\"https:\/\/mb2812.de\/wp-content\/uploads\/2025\/02\/IMG_1476-1024x768.jpg\" alt=\"\" class=\"wp-image-16809\" style=\"width:800px\" srcset=\"https:\/\/mb2812.de\/wp-content\/uploads\/2025\/02\/IMG_1476-1024x768.jpg 1024w, https:\/\/mb2812.de\/wp-content\/uploads\/2025\/02\/IMG_1476-300x225.jpg 300w, https:\/\/mb2812.de\/wp-content\/uploads\/2025\/02\/IMG_1476-768x576.jpg 768w, https:\/\/mb2812.de\/wp-content\/uploads\/2025\/02\/IMG_1476-1536x1152.jpg 1536w, https:\/\/mb2812.de\/wp-content\/uploads\/2025\/02\/IMG_1476.jpg 1920w\" sizes=\"auto, (max-width: 1024px) 100vw, 1024px\" \/><\/a><figcaption class=\"wp-element-caption\"><em>Gem\u00fcseladen am Neumarkt<\/em><\/figcaption><\/figure>\n\n\n\n<figure class=\"wp-block-image aligncenter size-large is-resized\"><a href=\"https:\/\/mb2812.de\/wp-content\/uploads\/2025\/02\/IMG_1481.jpg\" target=\"_blank\" rel=\" noreferrer noopener\"><img loading=\"lazy\" decoding=\"async\" width=\"768\" height=\"1024\" src=\"https:\/\/mb2812.de\/wp-content\/uploads\/2025\/02\/IMG_1481-768x1024.jpg\" alt=\"\" class=\"wp-image-16810\" style=\"width:600px\" srcset=\"https:\/\/mb2812.de\/wp-content\/uploads\/2025\/02\/IMG_1481-768x1024.jpg 768w, https:\/\/mb2812.de\/wp-content\/uploads\/2025\/02\/IMG_1481-225x300.jpg 225w, https:\/\/mb2812.de\/wp-content\/uploads\/2025\/02\/IMG_1481-1152x1536.jpg 1152w, https:\/\/mb2812.de\/wp-content\/uploads\/2025\/02\/IMG_1481.jpg 1440w\" sizes=\"auto, (max-width: 768px) 100vw, 768px\" \/><\/a><figcaption class=\"wp-element-caption\"><em>Auf den Neumarkt folgt der Rindermarkt<\/em><\/figcaption><\/figure>\n\n\n\n<figure class=\"wp-block-image aligncenter size-large is-resized\"><a href=\"https:\/\/mb2812.de\/wp-content\/uploads\/2025\/02\/IMG_1485.jpg\" target=\"_blank\" rel=\" noreferrer noopener\"><img loading=\"lazy\" decoding=\"async\" width=\"1024\" height=\"819\" src=\"https:\/\/mb2812.de\/wp-content\/uploads\/2025\/02\/IMG_1485-1024x819.jpg\" alt=\"\" class=\"wp-image-16811\" style=\"width:800px\" srcset=\"https:\/\/mb2812.de\/wp-content\/uploads\/2025\/02\/IMG_1485-1024x819.jpg 1024w, https:\/\/mb2812.de\/wp-content\/uploads\/2025\/02\/IMG_1485-300x240.jpg 300w, https:\/\/mb2812.de\/wp-content\/uploads\/2025\/02\/IMG_1485-768x614.jpg 768w, https:\/\/mb2812.de\/wp-content\/uploads\/2025\/02\/IMG_1485-1536x1229.jpg 1536w, https:\/\/mb2812.de\/wp-content\/uploads\/2025\/02\/IMG_1485.jpg 1920w\" sizes=\"auto, (max-width: 1024px) 100vw, 1024px\" \/><\/a><figcaption class=\"wp-element-caption\"><em>Damit kommen wir dann in der N\u00e4he des Rathauses ans Limmatufer, gegen\u00fcber der Lindenhof<\/em><\/figcaption><\/figure>\n\n\n\n<figure class=\"wp-block-image aligncenter size-large is-resized\"><a href=\"https:\/\/mb2812.de\/wp-content\/uploads\/2025\/02\/IMG_7779.jpg\" target=\"_blank\" rel=\" noreferrer noopener\"><img loading=\"lazy\" decoding=\"async\" width=\"1024\" height=\"819\" src=\"https:\/\/mb2812.de\/wp-content\/uploads\/2025\/02\/IMG_7779-1024x819.jpg\" alt=\"\" class=\"wp-image-16812\" style=\"width:800px\" srcset=\"https:\/\/mb2812.de\/wp-content\/uploads\/2025\/02\/IMG_7779-1024x819.jpg 1024w, https:\/\/mb2812.de\/wp-content\/uploads\/2025\/02\/IMG_7779-300x240.jpg 300w, https:\/\/mb2812.de\/wp-content\/uploads\/2025\/02\/IMG_7779-768x614.jpg 768w, https:\/\/mb2812.de\/wp-content\/uploads\/2025\/02\/IMG_7779-1536x1229.jpg 1536w, https:\/\/mb2812.de\/wp-content\/uploads\/2025\/02\/IMG_7779.jpg 1920w\" sizes=\"auto, (max-width: 1024px) 100vw, 1024px\" \/><\/a><figcaption class=\"wp-element-caption\"><em>Blick limmatabw\u00e4rts zur Rudolf-Brun-Br\u00fccke<\/em><\/figcaption><\/figure>\n\n\n\n<figure class=\"wp-block-image aligncenter size-large is-resized\"><a href=\"https:\/\/mb2812.de\/wp-content\/uploads\/2025\/02\/IMG_7781-2607.jpg\"><img loading=\"lazy\" decoding=\"async\" width=\"768\" height=\"1024\" src=\"https:\/\/mb2812.de\/wp-content\/uploads\/2025\/02\/IMG_7781-2607-768x1024.jpg\" alt=\"\" class=\"wp-image-16813\" style=\"width:600px\" srcset=\"https:\/\/mb2812.de\/wp-content\/uploads\/2025\/02\/IMG_7781-2607-768x1024.jpg 768w, https:\/\/mb2812.de\/wp-content\/uploads\/2025\/02\/IMG_7781-2607-225x300.jpg 225w, https:\/\/mb2812.de\/wp-content\/uploads\/2025\/02\/IMG_7781-2607-1152x1536.jpg 1152w, https:\/\/mb2812.de\/wp-content\/uploads\/2025\/02\/IMG_7781-2607.jpg 1440w\" sizes=\"auto, (max-width: 768px) 100vw, 768px\" \/><\/a><figcaption class=\"wp-element-caption\"><em>Das Haus zur Glocke &#8211; in der Glockengasse und damit mitten in der  Altstadt links der Limmat<\/em><\/figcaption><\/figure>\n\n\n\n<figure class=\"wp-block-image aligncenter size-large is-resized\"><a href=\"https:\/\/mb2812.de\/wp-content\/uploads\/2025\/02\/IMG_1497.jpg\" target=\"_blank\" rel=\" noreferrer noopener\"><img loading=\"lazy\" decoding=\"async\" width=\"1024\" height=\"819\" src=\"https:\/\/mb2812.de\/wp-content\/uploads\/2025\/02\/IMG_1497-1024x819.jpg\" alt=\"\" class=\"wp-image-16814\" style=\"width:800px\" srcset=\"https:\/\/mb2812.de\/wp-content\/uploads\/2025\/02\/IMG_1497-1024x819.jpg 1024w, https:\/\/mb2812.de\/wp-content\/uploads\/2025\/02\/IMG_1497-300x240.jpg 300w, https:\/\/mb2812.de\/wp-content\/uploads\/2025\/02\/IMG_1497-768x614.jpg 768w, https:\/\/mb2812.de\/wp-content\/uploads\/2025\/02\/IMG_1497-1536x1229.jpg 1536w, https:\/\/mb2812.de\/wp-content\/uploads\/2025\/02\/IMG_1497.jpg 1920w\" sizes=\"auto, (max-width: 1024px) 100vw, 1024px\" \/><\/a><figcaption class=\"wp-element-caption\"><em>Am M\u00fcnzplatz<\/em><\/figcaption><\/figure>\n\n\n\n<figure class=\"wp-block-image aligncenter size-large is-resized\"><a href=\"https:\/\/mb2812.de\/wp-content\/uploads\/2025\/02\/IMG_7782-2606.jpg\" target=\"_blank\" rel=\" noreferrer noopener\"><img loading=\"lazy\" decoding=\"async\" width=\"768\" height=\"1024\" src=\"https:\/\/mb2812.de\/wp-content\/uploads\/2025\/02\/IMG_7782-2606-768x1024.jpg\" alt=\"\" class=\"wp-image-16815\" style=\"width:600px\" srcset=\"https:\/\/mb2812.de\/wp-content\/uploads\/2025\/02\/IMG_7782-2606-768x1024.jpg 768w, https:\/\/mb2812.de\/wp-content\/uploads\/2025\/02\/IMG_7782-2606-225x300.jpg 225w, https:\/\/mb2812.de\/wp-content\/uploads\/2025\/02\/IMG_7782-2606-1152x1536.jpg 1152w, https:\/\/mb2812.de\/wp-content\/uploads\/2025\/02\/IMG_7782-2606.jpg 1440w\" sizes=\"auto, (max-width: 768px) 100vw, 768px\" \/><\/a><figcaption class=\"wp-element-caption\"><em>Am M\u00fcnzplatz (im Hochformat)<\/em><\/figcaption><\/figure>\n\n\n\n<p>Und damit ist es nicht mehr weit bis zur Bahnhofstra\u00dfe, die wir dann bis zum Bahnhof entlang laufen. Irgendwie hat die Stra\u00dfe ihre Atmosph\u00e4re verloren, wir fanden das Herumlaufen dort ziemlich langweilig.<\/p>\n\n\n\n<p>Gro\u00dfe Lust weiter durch Z\u00fcrich zu marschieren hatten wir nicht, so entschied ich mich, mit der morgigen Tagesordnung anzufangen. Ich wollte mit den in Z\u00fcrich beginnenden \u201ePrivatbahnen\u201c fahren, zum einen mit der Forchbahn, und andererseits mit der SZU (Sihltal &#8211; Z\u00fcrich &#8211; Uetliberg Bahn) mit ihren zwei Strecken. Mit letzterer fingen wir an, es sollte auf den Uetliberg gehen. Das war eine gewisse Pleite, ziemlich genau 30 Sekunden nach Abfahrt des Zuges kommen wir auf dem Bahnsteig an, und so gem\u00fctlich sind die unterirdischen Bahnsteige in Z\u00fcrich HB jetzt nicht, das man dort gerne eine halbe Stunde verbringt. Die L\u00f6sung: Wir sind wieder ans Tageslicht geklettert und mit der Tram Linie 14 bis Triemli gefahren. Dort sind es nur wenige 100 Meter zwischen Tram und Bahnstation.<\/p>\n\n\n\n<p>Oben auf dem Uetliberg haben wir uns nur sehr kurz umgesehen und sind gleich wieder zur\u00fcck. Mein Ziel, vom Aussichtsturm den Blick auf Z\u00fcrich zu genie\u00dfen, hab ich wieder nicht erreicht.<\/p>\n\n\n\n<figure class=\"wp-block-image aligncenter size-large is-resized\"><a href=\"https:\/\/mb2812.de\/wp-content\/uploads\/2025\/02\/IMG_1508-2605.jpg\" target=\"_blank\" rel=\" noreferrer noopener\"><img loading=\"lazy\" decoding=\"async\" width=\"1024\" height=\"819\" src=\"https:\/\/mb2812.de\/wp-content\/uploads\/2025\/02\/IMG_1508-2605-1024x819.jpg\" alt=\"\" class=\"wp-image-16816\" style=\"width:800px\" srcset=\"https:\/\/mb2812.de\/wp-content\/uploads\/2025\/02\/IMG_1508-2605-1024x819.jpg 1024w, https:\/\/mb2812.de\/wp-content\/uploads\/2025\/02\/IMG_1508-2605-300x240.jpg 300w, https:\/\/mb2812.de\/wp-content\/uploads\/2025\/02\/IMG_1508-2605-768x614.jpg 768w, https:\/\/mb2812.de\/wp-content\/uploads\/2025\/02\/IMG_1508-2605-1536x1229.jpg 1536w, https:\/\/mb2812.de\/wp-content\/uploads\/2025\/02\/IMG_1508-2605.jpg 1920w\" sizes=\"auto, (max-width: 1024px) 100vw, 1024px\" \/><\/a><figcaption class=\"wp-element-caption\"><em>Der Zug in der Bergstation vor dem ehemaligen Bahnhofsgeb\u00e4ude, in dem sich jetzt ein Restaurant<\/em> <em>befindet<\/em><\/figcaption><\/figure>\n\n\n\n<figure class=\"wp-block-image aligncenter size-large is-resized\"><a href=\"https:\/\/mb2812.de\/wp-content\/uploads\/2025\/02\/IMG_1510.jpg\" target=\"_blank\" rel=\" noreferrer noopener\"><img loading=\"lazy\" decoding=\"async\" width=\"1024\" height=\"819\" src=\"https:\/\/mb2812.de\/wp-content\/uploads\/2025\/02\/IMG_1510-1024x819.jpg\" alt=\"\" class=\"wp-image-16817\" style=\"width:800px\" srcset=\"https:\/\/mb2812.de\/wp-content\/uploads\/2025\/02\/IMG_1510-1024x819.jpg 1024w, https:\/\/mb2812.de\/wp-content\/uploads\/2025\/02\/IMG_1510-300x240.jpg 300w, https:\/\/mb2812.de\/wp-content\/uploads\/2025\/02\/IMG_1510-768x614.jpg 768w, https:\/\/mb2812.de\/wp-content\/uploads\/2025\/02\/IMG_1510-1536x1229.jpg 1536w, https:\/\/mb2812.de\/wp-content\/uploads\/2025\/02\/IMG_1510.jpg 1920w\" sizes=\"auto, (max-width: 1024px) 100vw, 1024px\" \/><\/a><figcaption class=\"wp-element-caption\"><em>Wir auf der R\u00fcckfahrt<\/em><\/figcaption><\/figure>\n\n\n\n<p>Nach einer Pause im Hotel ging es dann zum Abendessen. Da hatten wir uns eine \u201eVorstadtbeiz\u201c ausgesucht, das Restaurant  \u201eRoter Stein\u201c in Altstetten unweit des Bahnhofs. Hin und zur\u00fcck ging es mit der Tram.<\/p>\n\n\n\n<p>Das Essen dort war jetzt nicht schlecht, aber der Service hatte doch einige M\u00e4ngel. Mehrfach wurden bestelle Speisen und Getr\u00e4nke falsch gebracht.<\/p>\n\n\n\n<figure class=\"wp-block-image aligncenter size-large is-resized\"><a href=\"https:\/\/mb2812.de\/wp-content\/uploads\/2025\/02\/IMG_1528.jpg\" target=\"_blank\" rel=\" noreferrer noopener\"><img loading=\"lazy\" decoding=\"async\" width=\"1024\" height=\"819\" src=\"https:\/\/mb2812.de\/wp-content\/uploads\/2025\/02\/IMG_1528-1024x819.jpg\" alt=\"\" class=\"wp-image-16818\" style=\"width:800px\" srcset=\"https:\/\/mb2812.de\/wp-content\/uploads\/2025\/02\/IMG_1528-1024x819.jpg 1024w, https:\/\/mb2812.de\/wp-content\/uploads\/2025\/02\/IMG_1528-300x240.jpg 300w, https:\/\/mb2812.de\/wp-content\/uploads\/2025\/02\/IMG_1528-768x614.jpg 768w, https:\/\/mb2812.de\/wp-content\/uploads\/2025\/02\/IMG_1528-1536x1229.jpg 1536w, https:\/\/mb2812.de\/wp-content\/uploads\/2025\/02\/IMG_1528.jpg 1920w\" sizes=\"auto, (max-width: 1024px) 100vw, 1024px\" \/><\/a><figcaption class=\"wp-element-caption\"><em>Aussenansicht des \u201eRoten Stein\u201c<\/em><\/figcaption><\/figure>\n","protected":false},"excerpt":{"rendered":"<p>Wir fahren mit Bus und Bahn durch Z\u00fcrich und machen einen Spaziergang durch die Innenstadt. Am Nachmittag fahren wir noch auf den Uetliberg<\/p>\n","protected":false},"author":1,"featured_media":16812,"comment_status":"closed","ping_status":"closed","sticky":false,"template":"","format":"standard","meta":{"footnotes":""},"categories":[385],"tags":[386,48,49,58],"class_list":["post-16713","post","type-post","status-publish","format-standard","has-post-thumbnail","hentry","category-salzburg-zuerich-2025","tag-386","tag-schweiz","tag-zentralschweiz","tag-zuerich"],"_links":{"self":[{"href":"https:\/\/mb2812.de\/index.php?rest_route=\/wp\/v2\/posts\/16713","targetHints":{"allow":["GET"]}}],"collection":[{"href":"https:\/\/mb2812.de\/index.php?rest_route=\/wp\/v2\/posts"}],"about":[{"href":"https:\/\/mb2812.de\/index.php?rest_route=\/wp\/v2\/types\/post"}],"author":[{"embeddable":true,"href":"https:\/\/mb2812.de\/index.php?rest_route=\/wp\/v2\/users\/1"}],"replies":[{"embeddable":true,"href":"https:\/\/mb2812.de\/index.php?rest_route=%2Fwp%2Fv2%2Fcomments&post=16713"}],"version-history":[{"count":22,"href":"https:\/\/mb2812.de\/index.php?rest_route=\/wp\/v2\/posts\/16713\/revisions"}],"predecessor-version":[{"id":17465,"href":"https:\/\/mb2812.de\/index.php?rest_route=\/wp\/v2\/posts\/16713\/revisions\/17465"}],"wp:featuredmedia":[{"embeddable":true,"href":"https:\/\/mb2812.de\/index.php?rest_route=\/wp\/v2\/media\/16812"}],"wp:attachment":[{"href":"https:\/\/mb2812.de\/index.php?rest_route=%2Fwp%2Fv2%2Fmedia&parent=16713"}],"wp:term":[{"taxonomy":"category","embeddable":true,"href":"https:\/\/mb2812.de\/index.php?rest_route=%2Fwp%2Fv2%2Fcategories&post=16713"},{"taxonomy":"post_tag","embeddable":true,"href":"https:\/\/mb2812.de\/index.php?rest_route=%2Fwp%2Fv2%2Ftags&post=16713"}],"curies":[{"name":"wp","href":"https:\/\/api.w.org\/{rel}","templated":true}]}}