{"id":16707,"date":"2025-03-11T09:00:00","date_gmt":"2025-03-11T07:00:00","guid":{"rendered":"https:\/\/mb2812.de\/?p=16707"},"modified":"2025-03-30T18:52:08","modified_gmt":"2025-03-30T16:52:08","slug":"luebeck","status":"publish","type":"post","link":"https:\/\/mb2812.de\/?p=16707","title":{"rendered":"L\u00fcbeck"},"content":{"rendered":"\n<p>Stephan hatte mal wieder eine Dienstreise, bei der ich ihn auf der R\u00fcckreise begleiten konnte, diesmal ging es nach L\u00fcbeck. Ich hab es f\u00fcr einen Tag Urlaub genutzt, um mir die Stadt und die Seeb\u00e4der in der L\u00fcbecker Bucht etwas anzuschauen.<\/p>\n\n\n\n<p>Hin ging es f\u00fcr mich am <strong>Montag<\/strong> mit dem Zug. Auf der Hauptachse des Nord-S\u00fcd Verkehrs von K\u00f6ln durchs Ruhrgebiet nach Hamburg mit dem Deutschlandticket zu fahren war mir etwas zu abenteuerlich und ich buchte daher bis Bremen einen ICE. Aaaber, in K\u00f6ln kann schon die Fahrt zum Hauptbahnhof dank der Sperrung der M\u00fclheimer Br\u00fccke zum Abenteuer werden wenn die S-Bahn aus dem Takt ger\u00e4t. Ich hab es aber geschafft, und mein ICE war so ziemlich der einzige p\u00fcnktliche Zug am Vormittag, mit etwas 5 Minuten Versp\u00e4tung fuhr er in K\u00f6ln ab und kam mit knapp 15 Minuten in Bremen an. Ich h\u00e4tte sogar den Anschluss an den Metronom nach Hamburg geschafft, der stand am Gleis gegen\u00fcber.<\/p>\n\n\n\n<p>Ich entschied mich aber zu einer Fahrtunterbrechung und hab mir die Bremer Stra\u00dfenbahn angesehen. Wie schon bei der k\u00fcrzlichen Schweiz Reise waren die <a href=\"https:\/\/mb2812.de\/?tag=bremen+tram\">alten Fotos von vor 40 Jahren<\/a> ausschlaggebend. Auch hier wollte ich sehen, wie es heute aussieht.<\/p>\n\n\n\n<p>Auf dem Bahnhofsvorplatz habe ich mir dann die Linie 4 ausgesucht und bin damit bis zur Endstelle in Lilienthal gefahren. Das ist eine neu gebaute Strecke, welche die Stadtgrenze \u00fcberquert, 2014 wurde der letzte Abschnitt er\u00f6ffnet. Knappe 40 Minuten dauert eine Fahrt auf der Strecke.<\/p>\n\n\n\n<p>Zwei Stunden nach meiner Ankunft sa\u00df ich daher wieder in einem Zug, einem ziemlich vollen Metronom, der mich nach Hamburg brachte. Das Umsteigen nach L\u00fcbeck funktionierte problemlos und kurz vor 19 Uhr kam ich dort an. Gebucht hatte ich in L\u00fcbeck das Motel One, es liegt direkt in der Innenstadt neben dem Rathaus und ist f\u00fcr Bahnfahrg\u00e4ste damit nicht ganz ideal, muss man das Gep\u00e4ck doch gut einen Kilometer vom Bahnhof dahin schleppen. Aber auch das schaffte ich und nach dem Check-in habe ich auf dem Zimmer nun zum ersten Mal heute die Kamera des iPhones benutzt:<\/p>\n\n\n\n<figure class=\"wp-block-image aligncenter size-large is-resized\"><a href=\"https:\/\/mb2812.de\/wp-content\/uploads\/2025\/03\/IMG_7889-2602-1.jpg\" target=\"_blank\" rel=\" noreferrer noopener\"><img loading=\"lazy\" decoding=\"async\" width=\"1024\" height=\"819\" src=\"https:\/\/mb2812.de\/wp-content\/uploads\/2025\/03\/IMG_7889-2602-1-1024x819.jpg\" alt=\"\" class=\"wp-image-17021\" style=\"width:800px\" srcset=\"https:\/\/mb2812.de\/wp-content\/uploads\/2025\/03\/IMG_7889-2602-1-1024x819.jpg 1024w, https:\/\/mb2812.de\/wp-content\/uploads\/2025\/03\/IMG_7889-2602-1-300x240.jpg 300w, https:\/\/mb2812.de\/wp-content\/uploads\/2025\/03\/IMG_7889-2602-1-768x614.jpg 768w, https:\/\/mb2812.de\/wp-content\/uploads\/2025\/03\/IMG_7889-2602-1-1536x1229.jpg 1536w, https:\/\/mb2812.de\/wp-content\/uploads\/2025\/03\/IMG_7889-2602-1.jpg 1920w\" sizes=\"auto, (max-width: 1024px) 100vw, 1024px\" \/><\/a><figcaption class=\"wp-element-caption\"><em>Das typische Motel One Zimmer<\/em><\/figcaption><\/figure>\n\n\n\n<p>Ich wollte ein einigerma\u00dfen ordentliches Abendessen haben und bin daher nach \u201ePeter Pane\u201c nicht allzuweit vom Hotel:<\/p>\n\n\n\n<figure class=\"wp-block-image aligncenter size-large is-resized\"><a href=\"https:\/\/mb2812.de\/wp-content\/uploads\/2025\/03\/IMG_7892-2616.jpg\" target=\"_blank\" rel=\" noreferrer noopener\"><img loading=\"lazy\" decoding=\"async\" width=\"1024\" height=\"819\" src=\"https:\/\/mb2812.de\/wp-content\/uploads\/2025\/03\/IMG_7892-2616-1024x819.jpg\" alt=\"\" class=\"wp-image-16722\" style=\"width:800px\" srcset=\"https:\/\/mb2812.de\/wp-content\/uploads\/2025\/03\/IMG_7892-2616-1024x819.jpg 1024w, https:\/\/mb2812.de\/wp-content\/uploads\/2025\/03\/IMG_7892-2616-300x240.jpg 300w, https:\/\/mb2812.de\/wp-content\/uploads\/2025\/03\/IMG_7892-2616-768x614.jpg 768w, https:\/\/mb2812.de\/wp-content\/uploads\/2025\/03\/IMG_7892-2616-1536x1229.jpg 1536w, https:\/\/mb2812.de\/wp-content\/uploads\/2025\/03\/IMG_7892-2616.jpg 1920w\" sizes=\"auto, (max-width: 1024px) 100vw, 1024px\" \/><\/a><figcaption class=\"wp-element-caption\"><em>Ohne &#8222;Kartoffeln zum Brot&#8220; sieht der Hamburger dann doch etwas mickrig aus<\/em> <em>und ich habe mir dann auch noch einen Nachtisch geleistet<\/em><\/figcaption><\/figure>\n\n\n\n<figure class=\"wp-block-image aligncenter size-large is-resized\"><a href=\"https:\/\/mb2812.de\/wp-content\/uploads\/2025\/03\/IMG_7898-2603.jpg\" target=\"_blank\" rel=\" noreferrer noopener\"><img loading=\"lazy\" decoding=\"async\" width=\"1024\" height=\"819\" src=\"https:\/\/mb2812.de\/wp-content\/uploads\/2025\/03\/IMG_7898-2603-1024x819.jpg\" alt=\"\" class=\"wp-image-16709\" style=\"width:800px\" srcset=\"https:\/\/mb2812.de\/wp-content\/uploads\/2025\/03\/IMG_7898-2603-1024x819.jpg 1024w, https:\/\/mb2812.de\/wp-content\/uploads\/2025\/03\/IMG_7898-2603-300x240.jpg 300w, https:\/\/mb2812.de\/wp-content\/uploads\/2025\/03\/IMG_7898-2603-768x614.jpg 768w, https:\/\/mb2812.de\/wp-content\/uploads\/2025\/03\/IMG_7898-2603-1536x1229.jpg 1536w, https:\/\/mb2812.de\/wp-content\/uploads\/2025\/03\/IMG_7898-2603.jpg 1920w\" sizes=\"auto, (max-width: 1024px) 100vw, 1024px\" \/><\/a><figcaption class=\"wp-element-caption\"><em>Zum Tagesabschluss dann noch ein Weizenbier in der Lounge<\/em><\/figcaption><\/figure>\n\n\n\n<hr class=\"wp-block-separator has-text-color has-contrast-color has-alpha-channel-opacity has-contrast-background-color has-background is-style-wide is-style-wide--1\"\/>\n\n\n\n<p>Am <strong>Dienstag<\/strong> dann das gro\u00dfe touristische Programm, zun\u00e4chst mit der historischen Innenstadt in L\u00fcbeck:<\/p>\n\n\n\n<figure class=\"wp-block-image aligncenter size-large is-resized\"><a href=\"https:\/\/mb2812.de\/wp-content\/uploads\/2025\/03\/IMG_7899-2604.jpg\" target=\"_blank\" rel=\" noreferrer noopener\"><img loading=\"lazy\" decoding=\"async\" width=\"768\" height=\"1024\" src=\"https:\/\/mb2812.de\/wp-content\/uploads\/2025\/03\/IMG_7899-2604-768x1024.jpg\" alt=\"\" class=\"wp-image-16710\" style=\"width:600px\" srcset=\"https:\/\/mb2812.de\/wp-content\/uploads\/2025\/03\/IMG_7899-2604-768x1024.jpg 768w, https:\/\/mb2812.de\/wp-content\/uploads\/2025\/03\/IMG_7899-2604-225x300.jpg 225w, https:\/\/mb2812.de\/wp-content\/uploads\/2025\/03\/IMG_7899-2604-1152x1536.jpg 1152w, https:\/\/mb2812.de\/wp-content\/uploads\/2025\/03\/IMG_7899-2604.jpg 1440w\" sizes=\"auto, (max-width: 768px) 100vw, 768px\" \/><\/a><figcaption class=\"wp-element-caption\"><em>Als Erstes ein Foto des Motel One von au\u00dfen. Daran ist nichts Historisches, es ist nagelneu<\/em><\/figcaption><\/figure>\n\n\n\n<figure class=\"wp-block-image aligncenter size-large is-resized\"><a href=\"https:\/\/mb2812.de\/wp-content\/uploads\/2025\/03\/HL1.jpg\" target=\"_blank\" rel=\" noreferrer noopener\"><img loading=\"lazy\" decoding=\"async\" width=\"1024\" height=\"819\" src=\"https:\/\/mb2812.de\/wp-content\/uploads\/2025\/03\/HL1-1024x819.jpg\" alt=\"\" class=\"wp-image-16724\" style=\"width:800px\" srcset=\"https:\/\/mb2812.de\/wp-content\/uploads\/2025\/03\/HL1-1024x819.jpg 1024w, https:\/\/mb2812.de\/wp-content\/uploads\/2025\/03\/HL1-300x240.jpg 300w, https:\/\/mb2812.de\/wp-content\/uploads\/2025\/03\/HL1-768x614.jpg 768w, https:\/\/mb2812.de\/wp-content\/uploads\/2025\/03\/HL1-1536x1229.jpg 1536w, https:\/\/mb2812.de\/wp-content\/uploads\/2025\/03\/HL1.jpg 1920w\" sizes=\"auto, (max-width: 1024px) 100vw, 1024px\" \/><\/a><figcaption class=\"wp-element-caption\"><em>Der Spaziergang durch L\u00fcbeck war jetzt nicht so lang<\/em>, nach Norden bis zum Burgtor und wieder zur\u00fcck<br><em>Karte \u00a9 Openstreetmap Mitwirkende<\/em>,&nbsp;<em><a href=\"https:\/\/opendatacommons.org\/licenses\/odbl\/summary\/\" target=\"_blank\" rel=\"noreferrer noopener\">Lizenz: ODbL 1.0<\/a><\/em><\/figcaption><\/figure>\n\n\n\n<p>Das Wetter: Es war nicht so sch\u00f6n. Gestern schien denn ganzen Tag die Sonne, aber in der Nacht gingen die Temperaturen stark zur\u00fcck und es kam starke Bew\u00f6lkung auf. Das resultierte insbesondere am Morgen in ziemlichem Nebel.<\/p>\n\n\n\n<p>Als erstes stolpere ich nat\u00fcrlich \u00fcber das Rathaus, es ist schlie\u00dflich gro\u00df genug und beherrscht zwei Seiten des Marktplatzes. Es ist eines der gr\u00f6\u00dften mittelalterlichen Rath\u00e4user in Deutschland und wurde ab 1240 gebaut.<br><\/p>\n\n\n\n<figure class=\"wp-block-image aligncenter size-large is-resized\"><a href=\"https:\/\/mb2812.de\/wp-content\/uploads\/2025\/03\/IMG_7900.jpg\" target=\"_blank\" rel=\" noreferrer noopener\"><img loading=\"lazy\" decoding=\"async\" width=\"768\" height=\"1024\" src=\"https:\/\/mb2812.de\/wp-content\/uploads\/2025\/03\/IMG_7900-768x1024.jpg\" alt=\"\" class=\"wp-image-16725\" style=\"width:600px;height:auto\" srcset=\"https:\/\/mb2812.de\/wp-content\/uploads\/2025\/03\/IMG_7900-768x1024.jpg 768w, https:\/\/mb2812.de\/wp-content\/uploads\/2025\/03\/IMG_7900-225x300.jpg 225w, https:\/\/mb2812.de\/wp-content\/uploads\/2025\/03\/IMG_7900-1152x1536.jpg 1152w, https:\/\/mb2812.de\/wp-content\/uploads\/2025\/03\/IMG_7900.jpg 1440w\" sizes=\"auto, (max-width: 768px) 100vw, 768px\" \/><\/a><figcaption class=\"wp-element-caption\"><em>Vom Hotel aus \u00fcber den Marktplatz hinweg der Blick auf das ab 1435 gebaute Neue Gemach.<\/em><\/figcaption><\/figure>\n\n\n\n<figure class=\"wp-block-image aligncenter size-large is-resized\"><a href=\"https:\/\/mb2812.de\/wp-content\/uploads\/2025\/03\/IMG_7901-2626.jpg\" target=\"_blank\" rel=\" noreferrer noopener\"><img loading=\"lazy\" decoding=\"async\" width=\"768\" height=\"1024\" src=\"https:\/\/mb2812.de\/wp-content\/uploads\/2025\/03\/IMG_7901-2626-768x1024.jpg\" alt=\"\" class=\"wp-image-16726\" style=\"width:600px\" srcset=\"https:\/\/mb2812.de\/wp-content\/uploads\/2025\/03\/IMG_7901-2626-768x1024.jpg 768w, https:\/\/mb2812.de\/wp-content\/uploads\/2025\/03\/IMG_7901-2626-225x300.jpg 225w, https:\/\/mb2812.de\/wp-content\/uploads\/2025\/03\/IMG_7901-2626-1152x1536.jpg 1152w, https:\/\/mb2812.de\/wp-content\/uploads\/2025\/03\/IMG_7901-2626.jpg 1440w\" sizes=\"auto, (max-width: 768px) 100vw, 768px\" \/><\/a><figcaption class=\"wp-element-caption\"><em>Der Laubenvorbau am Markt, dahinter die s\u00fcdlichen Schildwand des Haupthauses. Rechts das Lange Haus<\/em><\/figcaption><\/figure>\n\n\n\n<figure class=\"wp-block-image aligncenter size-large is-resized\"><a href=\"https:\/\/mb2812.de\/wp-content\/uploads\/2025\/03\/IMG_7903.jpg\" target=\"_blank\" rel=\" noreferrer noopener\"><img loading=\"lazy\" decoding=\"async\" width=\"768\" height=\"1024\" src=\"https:\/\/mb2812.de\/wp-content\/uploads\/2025\/03\/IMG_7903-768x1024.jpg\" alt=\"\" class=\"wp-image-16727\" style=\"width:606px;height:auto\" srcset=\"https:\/\/mb2812.de\/wp-content\/uploads\/2025\/03\/IMG_7903-768x1024.jpg 768w, https:\/\/mb2812.de\/wp-content\/uploads\/2025\/03\/IMG_7903-225x300.jpg 225w, https:\/\/mb2812.de\/wp-content\/uploads\/2025\/03\/IMG_7903-1152x1536.jpg 1152w, https:\/\/mb2812.de\/wp-content\/uploads\/2025\/03\/IMG_7903.jpg 1440w\" sizes=\"auto, (max-width: 768px) 100vw, 768px\" \/><\/a><figcaption class=\"wp-element-caption\"><em>Auf der Breiten Stra\u00dfe, direkt gegen\u00fcber dem Rathaus, gibt es Marzipan<\/em><\/figcaption><\/figure>\n\n\n\n<figure class=\"wp-block-image aligncenter size-large is-resized\"><a href=\"https:\/\/mb2812.de\/wp-content\/uploads\/2025\/03\/IMG_7905-2623-2631.jpg\" target=\"_blank\" rel=\" noreferrer noopener\"><img loading=\"lazy\" decoding=\"async\" width=\"683\" height=\"1024\" src=\"https:\/\/mb2812.de\/wp-content\/uploads\/2025\/03\/IMG_7905-2623-2631-683x1024.jpg\" alt=\"\" class=\"wp-image-16730\" style=\"width:547px;height:auto\" srcset=\"https:\/\/mb2812.de\/wp-content\/uploads\/2025\/03\/IMG_7905-2623-2631-683x1024.jpg 683w, https:\/\/mb2812.de\/wp-content\/uploads\/2025\/03\/IMG_7905-2623-2631-200x300.jpg 200w, https:\/\/mb2812.de\/wp-content\/uploads\/2025\/03\/IMG_7905-2623-2631-768x1152.jpg 768w, https:\/\/mb2812.de\/wp-content\/uploads\/2025\/03\/IMG_7905-2623-2631-1024x1536.jpg 1024w, https:\/\/mb2812.de\/wp-content\/uploads\/2025\/03\/IMG_7905-2623-2631.jpg 1280w\" sizes=\"auto, (max-width: 683px) 100vw, 683px\" \/><\/a><figcaption class=\"wp-element-caption\"><em>Auf der Breiten Stra\u00dfe: Rechts das Hauptgeb\u00e4ude des Rathauses mit dem Haupteingang. Der Erker stammt aus der Renaissance und befindet sich an der Schmalseite des Laubenvorbaus, links davon das Lange Haus<\/em><\/figcaption><\/figure>\n\n\n\n<figure class=\"wp-block-image aligncenter size-large is-resized\"><a href=\"https:\/\/mb2812.de\/wp-content\/uploads\/2025\/03\/IMG_7906-2629.jpg\" target=\"_blank\" rel=\" noreferrer noopener\"><img loading=\"lazy\" decoding=\"async\" width=\"768\" height=\"1024\" src=\"https:\/\/mb2812.de\/wp-content\/uploads\/2025\/03\/IMG_7906-2629-768x1024.jpg\" alt=\"\" class=\"wp-image-16731\" style=\"width:600px\" srcset=\"https:\/\/mb2812.de\/wp-content\/uploads\/2025\/03\/IMG_7906-2629-768x1024.jpg 768w, https:\/\/mb2812.de\/wp-content\/uploads\/2025\/03\/IMG_7906-2629-225x300.jpg 225w, https:\/\/mb2812.de\/wp-content\/uploads\/2025\/03\/IMG_7906-2629-1152x1536.jpg 1152w, https:\/\/mb2812.de\/wp-content\/uploads\/2025\/03\/IMG_7906-2629.jpg 1440w\" sizes=\"auto, (max-width: 768px) 100vw, 768px\" \/><\/a><figcaption class=\"wp-element-caption\"><em>N\u00f6rdlich des Rathauses die Marienkirche, ab 1265 errichtet. Sie wird als Mutterkirche der&nbsp;Backsteingotik&nbsp;bezeichnet<\/em> <em>und ist Vorbild f\u00fcr und 70 Kirchen im Ostseeraum&nbsp;<\/em><\/figcaption><\/figure>\n\n\n\n<figure class=\"wp-block-image aligncenter size-large is-resized\"><a href=\"https:\/\/mb2812.de\/wp-content\/uploads\/2025\/03\/IMG_7909.jpg\" target=\"_blank\" rel=\" noreferrer noopener\"><img loading=\"lazy\" decoding=\"async\" width=\"768\" height=\"1024\" src=\"https:\/\/mb2812.de\/wp-content\/uploads\/2025\/03\/IMG_7909-768x1024.jpg\" alt=\"\" class=\"wp-image-16732\" style=\"width:600px\" srcset=\"https:\/\/mb2812.de\/wp-content\/uploads\/2025\/03\/IMG_7909-768x1024.jpg 768w, https:\/\/mb2812.de\/wp-content\/uploads\/2025\/03\/IMG_7909-225x300.jpg 225w, https:\/\/mb2812.de\/wp-content\/uploads\/2025\/03\/IMG_7909-1152x1536.jpg 1152w, https:\/\/mb2812.de\/wp-content\/uploads\/2025\/03\/IMG_7909.jpg 1440w\" sizes=\"auto, (max-width: 768px) 100vw, 768px\" \/><\/a><figcaption class=\"wp-element-caption\"><em>Das Haus der Schiffergesellschaft stammt aus dem 13. Jahrhundert <\/em><\/figcaption><\/figure>\n\n\n\n<figure class=\"wp-block-image aligncenter size-large is-resized\"><a href=\"https:\/\/mb2812.de\/wp-content\/uploads\/2025\/03\/IMG_7910.jpg\"><img loading=\"lazy\" decoding=\"async\" width=\"768\" height=\"1024\" src=\"https:\/\/mb2812.de\/wp-content\/uploads\/2025\/03\/IMG_7910-768x1024.jpg\" alt=\"\" class=\"wp-image-16733\" style=\"width:600px\" srcset=\"https:\/\/mb2812.de\/wp-content\/uploads\/2025\/03\/IMG_7910-768x1024.jpg 768w, https:\/\/mb2812.de\/wp-content\/uploads\/2025\/03\/IMG_7910-225x300.jpg 225w, https:\/\/mb2812.de\/wp-content\/uploads\/2025\/03\/IMG_7910-1152x1536.jpg 1152w, https:\/\/mb2812.de\/wp-content\/uploads\/2025\/03\/IMG_7910.jpg 1440w\" sizes=\"auto, (max-width: 768px) 100vw, 768px\" \/><\/a><figcaption class=\"wp-element-caption\"><em>Kleine Burgstra\u00dfe 16, ein B\u00fcrgerhaus von 1594<\/em><\/figcaption><\/figure>\n\n\n\n<p>Ich laufe jetzt die Kleine Burgstra\u00dfe hinauf, an deren n\u00f6rdlichen Ende befindet sich das Burgkloster, ein ehemaliges Dominikanerkloster, das heute Teil des 2015 er\u00f6ffneten europ\u00e4ischen Hansemuseums ist.<\/p>\n\n\n\n<figure class=\"wp-block-image aligncenter size-large is-resized\"><a href=\"https:\/\/mb2812.de\/wp-content\/uploads\/2025\/03\/IMG_7912-2628.jpg\" target=\"_blank\" rel=\" noreferrer noopener\"><img loading=\"lazy\" decoding=\"async\" width=\"1024\" height=\"819\" src=\"https:\/\/mb2812.de\/wp-content\/uploads\/2025\/03\/IMG_7912-2628-1024x819.jpg\" alt=\"\" class=\"wp-image-16734\" style=\"width:800px\" srcset=\"https:\/\/mb2812.de\/wp-content\/uploads\/2025\/03\/IMG_7912-2628-1024x819.jpg 1024w, https:\/\/mb2812.de\/wp-content\/uploads\/2025\/03\/IMG_7912-2628-300x240.jpg 300w, https:\/\/mb2812.de\/wp-content\/uploads\/2025\/03\/IMG_7912-2628-768x614.jpg 768w, https:\/\/mb2812.de\/wp-content\/uploads\/2025\/03\/IMG_7912-2628-1536x1229.jpg 1536w, https:\/\/mb2812.de\/wp-content\/uploads\/2025\/03\/IMG_7912-2628.jpg 1920w\" sizes=\"auto, (max-width: 1024px) 100vw, 1024px\" \/><\/a><figcaption class=\"wp-element-caption\"><em>Die kleine Burgstra\u00b4\u00dfe<\/em><\/figcaption><\/figure>\n\n\n\n<figure class=\"wp-block-image aligncenter size-large is-resized\"><a href=\"https:\/\/mb2812.de\/wp-content\/uploads\/2025\/03\/IMG_7914-2627.jpg\" target=\"_blank\" rel=\" noreferrer noopener\"><img loading=\"lazy\" decoding=\"async\" width=\"1024\" height=\"819\" src=\"https:\/\/mb2812.de\/wp-content\/uploads\/2025\/03\/IMG_7914-2627-1024x819.jpg\" alt=\"\" class=\"wp-image-16735\" style=\"width:800px\" srcset=\"https:\/\/mb2812.de\/wp-content\/uploads\/2025\/03\/IMG_7914-2627-1024x819.jpg 1024w, https:\/\/mb2812.de\/wp-content\/uploads\/2025\/03\/IMG_7914-2627-300x240.jpg 300w, https:\/\/mb2812.de\/wp-content\/uploads\/2025\/03\/IMG_7914-2627-768x614.jpg 768w, https:\/\/mb2812.de\/wp-content\/uploads\/2025\/03\/IMG_7914-2627-1536x1229.jpg 1536w, https:\/\/mb2812.de\/wp-content\/uploads\/2025\/03\/IMG_7914-2627.jpg 1920w\" sizes=\"auto, (max-width: 1024px) 100vw, 1024px\" \/><\/a><figcaption class=\"wp-element-caption\"><em>Das Beichthaus des Burgklosters<\/em><\/figcaption><\/figure>\n\n\n\n<p>\u00dcber den Marstallsteg gehe ich herunter zur Trave und bin jetzt am Nordende der Innenstadt am 1444 erbauten Burgtor, einem der urspr\u00fcnglich vier Stadttore, das neben dem Holstentor als einziges erhalten ist: Hier zwei Fotos vom Burgtor im Nebel:<\/p>\n\n\n\n<figure class=\"wp-block-image aligncenter size-large\"><a href=\"https:\/\/mb2812.de\/wp-content\/uploads\/2025\/03\/IMG_7917.jpg\" target=\"_blank\" rel=\" noreferrer noopener\"><img loading=\"lazy\" decoding=\"async\" width=\"1024\" height=\"791\" src=\"https:\/\/mb2812.de\/wp-content\/uploads\/2025\/03\/IMG_7917-1024x791.jpg\" alt=\"\" class=\"wp-image-16736\" srcset=\"https:\/\/mb2812.de\/wp-content\/uploads\/2025\/03\/IMG_7917-1024x791.jpg 1024w, https:\/\/mb2812.de\/wp-content\/uploads\/2025\/03\/IMG_7917-300x232.jpg 300w, https:\/\/mb2812.de\/wp-content\/uploads\/2025\/03\/IMG_7917-768x594.jpg 768w, https:\/\/mb2812.de\/wp-content\/uploads\/2025\/03\/IMG_7917-1536x1187.jpg 1536w, https:\/\/mb2812.de\/wp-content\/uploads\/2025\/03\/IMG_7917.jpg 1920w\" sizes=\"auto, (max-width: 1024px) 100vw, 1024px\" \/><\/a><\/figure>\n\n\n\n<div style=\"height:15px\" aria-hidden=\"true\" class=\"wp-block-spacer\"><\/div>\n\n\n\n<figure class=\"wp-block-image aligncenter size-large is-resized\"><a href=\"https:\/\/mb2812.de\/wp-content\/uploads\/2025\/03\/IMG_7918.jpg\" target=\"_blank\" rel=\" noreferrer noopener\"><img loading=\"lazy\" decoding=\"async\" width=\"768\" height=\"1024\" src=\"https:\/\/mb2812.de\/wp-content\/uploads\/2025\/03\/IMG_7918-768x1024.jpg\" alt=\"\" class=\"wp-image-16737\" style=\"width:600px\" srcset=\"https:\/\/mb2812.de\/wp-content\/uploads\/2025\/03\/IMG_7918-768x1024.jpg 768w, https:\/\/mb2812.de\/wp-content\/uploads\/2025\/03\/IMG_7918-225x300.jpg 225w, https:\/\/mb2812.de\/wp-content\/uploads\/2025\/03\/IMG_7918-1152x1536.jpg 1152w, https:\/\/mb2812.de\/wp-content\/uploads\/2025\/03\/IMG_7918.jpg 1440w\" sizes=\"auto, (max-width: 768px) 100vw, 768px\" \/><\/a><\/figure>\n\n\n\n<div style=\"height:15px\" aria-hidden=\"true\" class=\"wp-block-spacer\"><\/div>\n\n\n\n<p>Und entlang der gro\u00dfen Burgstra\u00dfe gehe ich dann schon wieder zur\u00fcck nach S\u00fcden zum Marktplatz und zum Hotel. Irgendwo mache ich aber noch Fr\u00fchst\u00fcckspause in einer B\u00e4ckerei.<\/p>\n\n\n\n<figure class=\"wp-block-image aligncenter size-large is-resized\"><a href=\"https:\/\/mb2812.de\/wp-content\/uploads\/2025\/03\/IMG_7925-2617.jpg\"><img loading=\"lazy\" decoding=\"async\" width=\"768\" height=\"1024\" src=\"https:\/\/mb2812.de\/wp-content\/uploads\/2025\/03\/IMG_7925-2617-768x1024.jpg\" alt=\"\" class=\"wp-image-16738\" style=\"width:600px\" srcset=\"https:\/\/mb2812.de\/wp-content\/uploads\/2025\/03\/IMG_7925-2617-768x1024.jpg 768w, https:\/\/mb2812.de\/wp-content\/uploads\/2025\/03\/IMG_7925-2617-225x300.jpg 225w, https:\/\/mb2812.de\/wp-content\/uploads\/2025\/03\/IMG_7925-2617-1152x1536.jpg 1152w, https:\/\/mb2812.de\/wp-content\/uploads\/2025\/03\/IMG_7925-2617.jpg 1440w\" sizes=\"auto, (max-width: 768px) 100vw, 768px\" \/><\/a><figcaption class=\"wp-element-caption\"><em>einen nostalgischen Eindruck macht das Kino auf der Gro\u00dfen Burgstra\u00dfe<\/em><\/figcaption><\/figure>\n\n\n\n<figure class=\"wp-block-image aligncenter size-large is-resized\"><a href=\"https:\/\/mb2812.de\/wp-content\/uploads\/2025\/03\/IMG_7926.jpg\" target=\"_blank\" rel=\" noreferrer noopener\"><img loading=\"lazy\" decoding=\"async\" width=\"768\" height=\"1024\" src=\"https:\/\/mb2812.de\/wp-content\/uploads\/2025\/03\/IMG_7926-768x1024.jpg\" alt=\"\" class=\"wp-image-16741\" style=\"width:600px;height:auto\" srcset=\"https:\/\/mb2812.de\/wp-content\/uploads\/2025\/03\/IMG_7926-768x1024.jpg 768w, https:\/\/mb2812.de\/wp-content\/uploads\/2025\/03\/IMG_7926-225x300.jpg 225w, https:\/\/mb2812.de\/wp-content\/uploads\/2025\/03\/IMG_7926-1152x1536.jpg 1152w, https:\/\/mb2812.de\/wp-content\/uploads\/2025\/03\/IMG_7926.jpg 1440w\" sizes=\"auto, (max-width: 768px) 100vw, 768px\" \/><\/a><figcaption class=\"wp-element-caption\"><em>Die Gro\u00dfe Burgstra\u00dfe geht in die K\u00f6nigstra\u00dfe \u00fcber, daran befindet sich das ehemaligen&nbsp;Franziskanerkloster&nbsp;St. Katharinen. Links die ehemalige Klosterkirche (Katharinenkirche), rechts in den historischen Klostergeb\u00e4uden das Katharineum, ein 1531 gegr\u00fcndetes Gymnasium<\/em><\/figcaption><\/figure>\n\n\n\n<p>Soweit mein kurzer Rundgang durch L\u00fcbeck, ich bin dann zum Hotel zur\u00fcck und habe erstmal die Jacke gewechselt, es war mir doch ein bisschen kalt. Und dann bin ich zur Bushaltestelle am Markt und ab dort mit der Linie 30 nach Travem\u00fcnde &#8211; bis zum Strandbahnhof.<\/p>\n\n\n\n<figure class=\"wp-block-image aligncenter size-large is-resized\"><a href=\"https:\/\/mb2812.de\/wp-content\/uploads\/2025\/03\/IMG_7932-2619.jpg\" target=\"_blank\" rel=\" noreferrer noopener\"><img loading=\"lazy\" decoding=\"async\" width=\"768\" height=\"1024\" src=\"https:\/\/mb2812.de\/wp-content\/uploads\/2025\/03\/IMG_7932-2619-768x1024.jpg\" alt=\"\" class=\"wp-image-16743\" style=\"width:600px;height:auto\" srcset=\"https:\/\/mb2812.de\/wp-content\/uploads\/2025\/03\/IMG_7932-2619-768x1024.jpg 768w, https:\/\/mb2812.de\/wp-content\/uploads\/2025\/03\/IMG_7932-2619-225x300.jpg 225w, https:\/\/mb2812.de\/wp-content\/uploads\/2025\/03\/IMG_7932-2619-1152x1536.jpg 1152w, https:\/\/mb2812.de\/wp-content\/uploads\/2025\/03\/IMG_7932-2619.jpg 1440w\" sizes=\"auto, (max-width: 768px) 100vw, 768px\" \/><\/a><figcaption class=\"wp-element-caption\"><em>Das 1911\/12 erbaute Bahnhofsgeb\u00e4ude Travem\u00fcnde Strand mit der 1928 eingebauten Abfahrtanzeige<\/em><\/figcaption><\/figure>\n\n\n\n<p>Ab dem Bahnhof bin ich dann entlang Strand und Traveufer durchs touristische Travem\u00fcnde zur\u00fcck zur Haltestelle  \u201eTeutendorfer Weg\u201c in der N\u00e4he des Hafenbahnhofs.<\/p>\n\n\n\n<figure class=\"wp-block-image aligncenter size-large is-resized\"><a href=\"https:\/\/mb2812.de\/wp-content\/uploads\/2025\/03\/HL2.jpg\" target=\"_blank\" rel=\" noreferrer noopener\"><img loading=\"lazy\" decoding=\"async\" width=\"1024\" height=\"820\" src=\"https:\/\/mb2812.de\/wp-content\/uploads\/2025\/03\/HL2-1024x820.jpg\" alt=\"\" class=\"wp-image-16742\" style=\"width:800px\" srcset=\"https:\/\/mb2812.de\/wp-content\/uploads\/2025\/03\/HL2-1024x820.jpg 1024w, https:\/\/mb2812.de\/wp-content\/uploads\/2025\/03\/HL2-300x240.jpg 300w, https:\/\/mb2812.de\/wp-content\/uploads\/2025\/03\/HL2-768x615.jpg 768w, https:\/\/mb2812.de\/wp-content\/uploads\/2025\/03\/HL2-1536x1230.jpg 1536w, https:\/\/mb2812.de\/wp-content\/uploads\/2025\/03\/HL2.jpg 1920w\" sizes=\"auto, (max-width: 1024px) 100vw, 1024px\" \/><\/a><figcaption class=\"wp-element-caption\"><em>Der Weg durch Travem\u00fcnde<\/em><br><em>Karte \u00a9 Openstreetmap Mitwirkende<\/em>,&nbsp;<em><a href=\"https:\/\/opendatacommons.org\/licenses\/odbl\/summary\/\" target=\"_blank\" rel=\"noreferrer noopener\">Lizenz: ODbL 1.0<\/a><\/em><\/figcaption><\/figure>\n\n\n\n<figure class=\"wp-block-image aligncenter size-large is-resized\"><a href=\"https:\/\/mb2812.de\/wp-content\/uploads\/2025\/03\/IMG_7934-2618.jpg\" target=\"_blank\" rel=\" noreferrer noopener\"><img loading=\"lazy\" decoding=\"async\" width=\"1024\" height=\"819\" src=\"https:\/\/mb2812.de\/wp-content\/uploads\/2025\/03\/IMG_7934-2618-1024x819.jpg\" alt=\"\" class=\"wp-image-16744\" style=\"width:800px\" srcset=\"https:\/\/mb2812.de\/wp-content\/uploads\/2025\/03\/IMG_7934-2618-1024x819.jpg 1024w, https:\/\/mb2812.de\/wp-content\/uploads\/2025\/03\/IMG_7934-2618-300x240.jpg 300w, https:\/\/mb2812.de\/wp-content\/uploads\/2025\/03\/IMG_7934-2618-768x614.jpg 768w, https:\/\/mb2812.de\/wp-content\/uploads\/2025\/03\/IMG_7934-2618-1536x1229.jpg 1536w, https:\/\/mb2812.de\/wp-content\/uploads\/2025\/03\/IMG_7934-2618.jpg 1920w\" sizes=\"auto, (max-width: 1024px) 100vw, 1024px\" \/><\/a><figcaption class=\"wp-element-caption\"><em>Vor dem Bahnhof auf dem Weg zum Strand der typische Mix aus Leerst\u00e4nden, Imbissen und Souvenirl\u00e4den<\/em><\/figcaption><\/figure>\n\n\n\n<p>Als erstes komme ich ins Kurviertel, den Bereich Travem\u00fcndes n\u00f6rdlich der urspr\u00fcnglichen Stadt, in dem ab etwa 1802 das Seebad gegr\u00fcndet wurde. Die Hauptstra\u00dfe hinter dem Strand heisst dann auch passend Kaiserallee, ges\u00e4umt von Villen und Hotelbauten.<\/p>\n\n\n\n<figure class=\"wp-block-image aligncenter size-large is-resized\"><a href=\"https:\/\/mb2812.de\/wp-content\/uploads\/2025\/03\/IMG_7939-2625.jpg\" target=\"_blank\" rel=\" noreferrer noopener\"><img loading=\"lazy\" decoding=\"async\" width=\"1024\" height=\"768\" src=\"https:\/\/mb2812.de\/wp-content\/uploads\/2025\/03\/IMG_7939-2625-1024x768.jpg\" alt=\"\" class=\"wp-image-17014\" style=\"width:800px\" srcset=\"https:\/\/mb2812.de\/wp-content\/uploads\/2025\/03\/IMG_7939-2625-1024x768.jpg 1024w, https:\/\/mb2812.de\/wp-content\/uploads\/2025\/03\/IMG_7939-2625-300x225.jpg 300w, https:\/\/mb2812.de\/wp-content\/uploads\/2025\/03\/IMG_7939-2625-768x576.jpg 768w, https:\/\/mb2812.de\/wp-content\/uploads\/2025\/03\/IMG_7939-2625-1536x1152.jpg 1536w, https:\/\/mb2812.de\/wp-content\/uploads\/2025\/03\/IMG_7939-2625.jpg 1920w\" sizes=\"auto, (max-width: 1024px) 100vw, 1024px\" \/><\/a><figcaption class=\"wp-element-caption\"><em>Die Kaiserallee<\/em><\/figcaption><\/figure>\n\n\n\n<figure class=\"wp-block-image aligncenter size-large is-resized\"><a href=\"https:\/\/mb2812.de\/wp-content\/uploads\/2025\/03\/IMG_7937-2658.jpg\" target=\"_blank\" rel=\" noreferrer noopener\"><img loading=\"lazy\" decoding=\"async\" width=\"768\" height=\"1024\" src=\"https:\/\/mb2812.de\/wp-content\/uploads\/2025\/03\/IMG_7937-2658-768x1024.jpg\" alt=\"\" class=\"wp-image-17017\" style=\"width:600px\" srcset=\"https:\/\/mb2812.de\/wp-content\/uploads\/2025\/03\/IMG_7937-2658-768x1024.jpg 768w, https:\/\/mb2812.de\/wp-content\/uploads\/2025\/03\/IMG_7937-2658-225x300.jpg 225w, https:\/\/mb2812.de\/wp-content\/uploads\/2025\/03\/IMG_7937-2658-1152x1536.jpg 1152w, https:\/\/mb2812.de\/wp-content\/uploads\/2025\/03\/IMG_7937-2658.jpg 1440w\" sizes=\"auto, (max-width: 768px) 100vw, 768px\" \/><\/a><figcaption class=\"wp-element-caption\"><em>Eines der Hotels an der Kaiserallee<\/em><\/figcaption><\/figure>\n\n\n\n<p>Nach ein paar Hundert Metern biege ich dann ab zur Strandpromenade und da gibt es dann auch neuere Architektur, jedes Appartement muss Blick auf Strand und Ostsee haben:<\/p>\n\n\n\n<figure class=\"wp-block-image aligncenter size-large is-resized\"><a href=\"https:\/\/mb2812.de\/wp-content\/uploads\/2025\/03\/IMG_7944.jpg\" target=\"_blank\" rel=\" noreferrer noopener\"><img loading=\"lazy\" decoding=\"async\" width=\"768\" height=\"1024\" src=\"https:\/\/mb2812.de\/wp-content\/uploads\/2025\/03\/IMG_7944-768x1024.jpg\" alt=\"\" class=\"wp-image-16746\" style=\"width:600px\" srcset=\"https:\/\/mb2812.de\/wp-content\/uploads\/2025\/03\/IMG_7944-768x1024.jpg 768w, https:\/\/mb2812.de\/wp-content\/uploads\/2025\/03\/IMG_7944-225x300.jpg 225w, https:\/\/mb2812.de\/wp-content\/uploads\/2025\/03\/IMG_7944-1152x1536.jpg 1152w, https:\/\/mb2812.de\/wp-content\/uploads\/2025\/03\/IMG_7944.jpg 1440w\" sizes=\"auto, (max-width: 768px) 100vw, 768px\" \/><\/a><figcaption class=\"wp-element-caption\"><em>Ferienwohnungen<\/em><\/figcaption><\/figure>\n\n\n\n<figure class=\"wp-block-image aligncenter size-large is-resized\"><a href=\"https:\/\/mb2812.de\/wp-content\/uploads\/2025\/03\/IMG_7955-2624.jpg\" target=\"_blank\" rel=\" noreferrer noopener\"><img loading=\"lazy\" decoding=\"async\" width=\"1024\" height=\"819\" src=\"https:\/\/mb2812.de\/wp-content\/uploads\/2025\/03\/IMG_7955-2624-1024x819.jpg\" alt=\"\" class=\"wp-image-16747\" style=\"width:800px\" srcset=\"https:\/\/mb2812.de\/wp-content\/uploads\/2025\/03\/IMG_7955-2624-1024x819.jpg 1024w, https:\/\/mb2812.de\/wp-content\/uploads\/2025\/03\/IMG_7955-2624-300x240.jpg 300w, https:\/\/mb2812.de\/wp-content\/uploads\/2025\/03\/IMG_7955-2624-768x614.jpg 768w, https:\/\/mb2812.de\/wp-content\/uploads\/2025\/03\/IMG_7955-2624-1536x1229.jpg 1536w, https:\/\/mb2812.de\/wp-content\/uploads\/2025\/03\/IMG_7955-2624.jpg 1920w\" sizes=\"auto, (max-width: 1024px) 100vw, 1024px\" \/><\/a><figcaption class=\"wp-element-caption\"><em>Der Bunker von der Strandseite. Es t\u00e4te mich interessieren, wieviel Licht in die Wohnungen, die ausschliesslich das Eckfenster haben, tats\u00e4chlich hineinkommt<\/em><\/figcaption><\/figure>\n\n\n\n<figure class=\"wp-block-image aligncenter size-large is-resized\"><a href=\"https:\/\/mb2812.de\/wp-content\/uploads\/2025\/03\/IMG_7948.jpg\" target=\"_blank\" rel=\" noreferrer noopener\"><img loading=\"lazy\" decoding=\"async\" width=\"1024\" height=\"819\" src=\"https:\/\/mb2812.de\/wp-content\/uploads\/2025\/03\/IMG_7948-1024x819.jpg\" alt=\"\" class=\"wp-image-16748\" style=\"width:800px\" srcset=\"https:\/\/mb2812.de\/wp-content\/uploads\/2025\/03\/IMG_7948-1024x819.jpg 1024w, https:\/\/mb2812.de\/wp-content\/uploads\/2025\/03\/IMG_7948-300x240.jpg 300w, https:\/\/mb2812.de\/wp-content\/uploads\/2025\/03\/IMG_7948-768x614.jpg 768w, https:\/\/mb2812.de\/wp-content\/uploads\/2025\/03\/IMG_7948-1536x1229.jpg 1536w, https:\/\/mb2812.de\/wp-content\/uploads\/2025\/03\/IMG_7948.jpg 1920w\" sizes=\"auto, (max-width: 1024px) 100vw, 1024px\" \/><\/a><figcaption class=\"wp-element-caption\"><em>Blick auf den Strand<\/em><\/figcaption><\/figure>\n\n\n\n<figure class=\"wp-block-image aligncenter size-large is-resized\"><a href=\"https:\/\/mb2812.de\/wp-content\/uploads\/2025\/03\/IMG_7956.jpg\" target=\"_blank\" rel=\" noreferrer noopener\"><img loading=\"lazy\" decoding=\"async\" width=\"1024\" height=\"819\" src=\"https:\/\/mb2812.de\/wp-content\/uploads\/2025\/03\/IMG_7956-1024x819.jpg\" alt=\"\" class=\"wp-image-16749\" style=\"width:800px\" srcset=\"https:\/\/mb2812.de\/wp-content\/uploads\/2025\/03\/IMG_7956-1024x819.jpg 1024w, https:\/\/mb2812.de\/wp-content\/uploads\/2025\/03\/IMG_7956-300x240.jpg 300w, https:\/\/mb2812.de\/wp-content\/uploads\/2025\/03\/IMG_7956-768x614.jpg 768w, https:\/\/mb2812.de\/wp-content\/uploads\/2025\/03\/IMG_7956-1536x1229.jpg 1536w, https:\/\/mb2812.de\/wp-content\/uploads\/2025\/03\/IMG_7956.jpg 1920w\" sizes=\"auto, (max-width: 1024px) 100vw, 1024px\" \/><\/a><figcaption class=\"wp-element-caption\"><em>Die Strandpromenade<\/em><\/figcaption><\/figure>\n\n\n\n<figure class=\"wp-block-image aligncenter size-large is-resized\"><a href=\"https:\/\/mb2812.de\/wp-content\/uploads\/2025\/03\/IMG_7946.jpg\" target=\"_blank\" rel=\" noreferrer noopener\"><img loading=\"lazy\" decoding=\"async\" width=\"1024\" height=\"819\" src=\"https:\/\/mb2812.de\/wp-content\/uploads\/2025\/03\/IMG_7946-1024x819.jpg\" alt=\"\" class=\"wp-image-16750\" style=\"width:800px\" srcset=\"https:\/\/mb2812.de\/wp-content\/uploads\/2025\/03\/IMG_7946-1024x819.jpg 1024w, https:\/\/mb2812.de\/wp-content\/uploads\/2025\/03\/IMG_7946-300x240.jpg 300w, https:\/\/mb2812.de\/wp-content\/uploads\/2025\/03\/IMG_7946-768x614.jpg 768w, https:\/\/mb2812.de\/wp-content\/uploads\/2025\/03\/IMG_7946-1536x1229.jpg 1536w, https:\/\/mb2812.de\/wp-content\/uploads\/2025\/03\/IMG_7946.jpg 1920w\" sizes=\"auto, (max-width: 1024px) 100vw, 1024px\" \/><\/a><figcaption class=\"wp-element-caption\"><em>Outdoor Dining auch bei Minustemperaturen scheint der Sinn dieser Kuppeln zu sein<\/em><\/figcaption><\/figure>\n\n\n\n<figure class=\"wp-block-image aligncenter size-large is-resized\"><a href=\"https:\/\/mb2812.de\/wp-content\/uploads\/2025\/03\/IMG_7960.jpg\" target=\"_blank\" rel=\" noreferrer noopener\"><img loading=\"lazy\" decoding=\"async\" width=\"683\" height=\"1024\" src=\"https:\/\/mb2812.de\/wp-content\/uploads\/2025\/03\/IMG_7960-683x1024.jpg\" alt=\"\" class=\"wp-image-16753\" style=\"width:535px\" srcset=\"https:\/\/mb2812.de\/wp-content\/uploads\/2025\/03\/IMG_7960-683x1024.jpg 683w, https:\/\/mb2812.de\/wp-content\/uploads\/2025\/03\/IMG_7960-200x300.jpg 200w, https:\/\/mb2812.de\/wp-content\/uploads\/2025\/03\/IMG_7960-768x1152.jpg 768w, https:\/\/mb2812.de\/wp-content\/uploads\/2025\/03\/IMG_7960-1024x1536.jpg 1024w, https:\/\/mb2812.de\/wp-content\/uploads\/2025\/03\/IMG_7960.jpg 1280w\" sizes=\"auto, (max-width: 683px) 100vw, 683px\" \/><\/a><figcaption class=\"wp-element-caption\"><em>Ein Maritim Hotel darf na\u00fcrlich nicht fehlen. Es wurde 1974 fertiggestellt und ist 119 Meter hoch mit 36 Stockwerken<\/em> <em>und steht inzwischen unter Denkmalschutz<\/em><\/figcaption><\/figure>\n\n\n\n<p>Nach einem kurzen Abstecher auf die Nordermole gehe ich die Travepromenade entlang zur Priwallf\u00e4hre. Ein Studium des Busnetzes f\u00fchrt dazu, das ich auch noch durch den alten Ortskern laufe, denn die Linie 40 zu meinem n\u00e4chsten Ziel, Timmendorfer Strand, f\u00e4hrt an einer recht unpr\u00e4tenti\u00f6sen Haltestelle gegen\u00fcber dem Supermarkt ab.<\/p>\n\n\n\n<figure class=\"wp-block-image aligncenter size-large is-resized\"><a href=\"https:\/\/mb2812.de\/wp-content\/uploads\/2025\/03\/IMG_7963.jpg\" target=\"_blank\" rel=\" noreferrer noopener\"><img loading=\"lazy\" decoding=\"async\" width=\"1024\" height=\"819\" src=\"https:\/\/mb2812.de\/wp-content\/uploads\/2025\/03\/IMG_7963-1024x819.jpg\" alt=\"\" class=\"wp-image-16754\" style=\"width:800px\" srcset=\"https:\/\/mb2812.de\/wp-content\/uploads\/2025\/03\/IMG_7963-1024x819.jpg 1024w, https:\/\/mb2812.de\/wp-content\/uploads\/2025\/03\/IMG_7963-300x240.jpg 300w, https:\/\/mb2812.de\/wp-content\/uploads\/2025\/03\/IMG_7963-768x614.jpg 768w, https:\/\/mb2812.de\/wp-content\/uploads\/2025\/03\/IMG_7963-1536x1229.jpg 1536w, https:\/\/mb2812.de\/wp-content\/uploads\/2025\/03\/IMG_7963.jpg 1920w\" sizes=\"auto, (max-width: 1024px) 100vw, 1024px\" \/><\/a><figcaption class=\"wp-element-caption\"><em>jenseits der Trave Priwall<\/em><\/figcaption><\/figure>\n\n\n\n<figure class=\"wp-block-image aligncenter size-large is-resized\"><a href=\"https:\/\/mb2812.de\/wp-content\/uploads\/2025\/03\/IMG_7965-2632.jpg\" target=\"_blank\" rel=\" noreferrer noopener\"><img loading=\"lazy\" decoding=\"async\" width=\"768\" height=\"1024\" src=\"https:\/\/mb2812.de\/wp-content\/uploads\/2025\/03\/IMG_7965-2632-768x1024.jpg\" alt=\"\" class=\"wp-image-16755\" style=\"width:600px\" srcset=\"https:\/\/mb2812.de\/wp-content\/uploads\/2025\/03\/IMG_7965-2632-768x1024.jpg 768w, https:\/\/mb2812.de\/wp-content\/uploads\/2025\/03\/IMG_7965-2632-225x300.jpg 225w, https:\/\/mb2812.de\/wp-content\/uploads\/2025\/03\/IMG_7965-2632-1152x1536.jpg 1152w, https:\/\/mb2812.de\/wp-content\/uploads\/2025\/03\/IMG_7965-2632.jpg 1440w\" sizes=\"auto, (max-width: 768px) 100vw, 768px\" \/><\/a><figcaption class=\"wp-element-caption\"><em>Der historische Leuchtturm von 1827<\/em><\/figcaption><\/figure>\n\n\n\n<p>Shopping im Ortskern:<\/p>\n\n\n\n<figure class=\"wp-block-image aligncenter size-large is-resized\"><a href=\"https:\/\/mb2812.de\/wp-content\/uploads\/2025\/03\/IMG_7969.jpg\"><img loading=\"lazy\" decoding=\"async\" width=\"1024\" height=\"819\" src=\"https:\/\/mb2812.de\/wp-content\/uploads\/2025\/03\/IMG_7969-1024x819.jpg\" alt=\"\" class=\"wp-image-16756\" style=\"width:800px\" srcset=\"https:\/\/mb2812.de\/wp-content\/uploads\/2025\/03\/IMG_7969-1024x819.jpg 1024w, https:\/\/mb2812.de\/wp-content\/uploads\/2025\/03\/IMG_7969-300x240.jpg 300w, https:\/\/mb2812.de\/wp-content\/uploads\/2025\/03\/IMG_7969-768x614.jpg 768w, https:\/\/mb2812.de\/wp-content\/uploads\/2025\/03\/IMG_7969-1536x1229.jpg 1536w, https:\/\/mb2812.de\/wp-content\/uploads\/2025\/03\/IMG_7969.jpg 1920w\" sizes=\"auto, (max-width: 1024px) 100vw, 1024px\" \/><\/a><\/figure>\n\n\n\n<div style=\"height:15px\" aria-hidden=\"true\" class=\"wp-block-spacer\"><\/div>\n\n\n\n<figure class=\"wp-block-image aligncenter size-large is-resized\"><a href=\"https:\/\/mb2812.de\/wp-content\/uploads\/2025\/03\/IMG_7972.jpg\" target=\"_blank\" rel=\" noreferrer noopener\"><img loading=\"lazy\" decoding=\"async\" width=\"1024\" height=\"819\" src=\"https:\/\/mb2812.de\/wp-content\/uploads\/2025\/03\/IMG_7972-1024x819.jpg\" alt=\"\" class=\"wp-image-16757\" style=\"width:800px\" srcset=\"https:\/\/mb2812.de\/wp-content\/uploads\/2025\/03\/IMG_7972-1024x819.jpg 1024w, https:\/\/mb2812.de\/wp-content\/uploads\/2025\/03\/IMG_7972-300x240.jpg 300w, https:\/\/mb2812.de\/wp-content\/uploads\/2025\/03\/IMG_7972-768x614.jpg 768w, https:\/\/mb2812.de\/wp-content\/uploads\/2025\/03\/IMG_7972-1536x1229.jpg 1536w, https:\/\/mb2812.de\/wp-content\/uploads\/2025\/03\/IMG_7972.jpg 1920w\" sizes=\"auto, (max-width: 1024px) 100vw, 1024px\" \/><\/a><\/figure>\n\n\n\n<div style=\"height:15px\" aria-hidden=\"true\" class=\"wp-block-spacer\"><\/div>\n\n\n\n<p>Bedingt durch die Lage der Haltestelle komme ich damit auch durch den historischen Stadtkern rund um die St. Lorenz Kirche. Die Kirche wird in einer p\u00e4pstlichen Urkunde aus 1235  erstmals indirekt erw\u00e4hnt, die heutige Kirche wurde &nbsp;ab den 1540er Jahren auf den Fundamenten der vorherigen errichtet.<\/p>\n\n\n\n<figure class=\"wp-block-image aligncenter size-large is-resized\"><a href=\"https:\/\/mb2812.de\/wp-content\/uploads\/2025\/03\/IMG_7973-2633.jpg\" target=\"_blank\" rel=\" noreferrer noopener\"><img loading=\"lazy\" decoding=\"async\" width=\"768\" height=\"1024\" src=\"https:\/\/mb2812.de\/wp-content\/uploads\/2025\/03\/IMG_7973-2633-768x1024.jpg\" alt=\"\" class=\"wp-image-16758\" style=\"width:600px\" srcset=\"https:\/\/mb2812.de\/wp-content\/uploads\/2025\/03\/IMG_7973-2633-768x1024.jpg 768w, https:\/\/mb2812.de\/wp-content\/uploads\/2025\/03\/IMG_7973-2633-225x300.jpg 225w, https:\/\/mb2812.de\/wp-content\/uploads\/2025\/03\/IMG_7973-2633-1152x1536.jpg 1152w, https:\/\/mb2812.de\/wp-content\/uploads\/2025\/03\/IMG_7973-2633.jpg 1440w\" sizes=\"auto, (max-width: 768px) 100vw, 768px\" \/><\/a><figcaption class=\"wp-element-caption\"><em>St. Lorenz Kirche<\/em><\/figcaption><\/figure>\n\n\n\n<figure class=\"wp-block-image aligncenter size-large is-resized\"><a href=\"https:\/\/mb2812.de\/wp-content\/uploads\/2025\/03\/IMG_7978-2634.jpg\" target=\"_blank\" rel=\" noreferrer noopener\"><img loading=\"lazy\" decoding=\"async\" width=\"1024\" height=\"819\" src=\"https:\/\/mb2812.de\/wp-content\/uploads\/2025\/03\/IMG_7978-2634-1024x819.jpg\" alt=\"\" class=\"wp-image-16759\" style=\"width:800px\" srcset=\"https:\/\/mb2812.de\/wp-content\/uploads\/2025\/03\/IMG_7978-2634-1024x819.jpg 1024w, https:\/\/mb2812.de\/wp-content\/uploads\/2025\/03\/IMG_7978-2634-300x240.jpg 300w, https:\/\/mb2812.de\/wp-content\/uploads\/2025\/03\/IMG_7978-2634-768x614.jpg 768w, https:\/\/mb2812.de\/wp-content\/uploads\/2025\/03\/IMG_7978-2634-1536x1229.jpg 1536w, https:\/\/mb2812.de\/wp-content\/uploads\/2025\/03\/IMG_7978-2634.jpg 1920w\" sizes=\"auto, (max-width: 1024px) 100vw, 1024px\" \/><\/a><figcaption class=\"wp-element-caption\"><em>Gesamtansicht dert Kirche von der Torstra\u00dfe<\/em><\/figcaption><\/figure>\n\n\n\n<figure class=\"wp-block-image aligncenter size-large is-resized\"><a href=\"https:\/\/mb2812.de\/wp-content\/uploads\/2025\/03\/IMG_7980-2620.jpg\" target=\"_blank\" rel=\" noreferrer noopener\"><img loading=\"lazy\" decoding=\"async\" width=\"1024\" height=\"819\" src=\"https:\/\/mb2812.de\/wp-content\/uploads\/2025\/03\/IMG_7980-2620-1024x819.jpg\" alt=\"\" class=\"wp-image-16760\" style=\"width:800px\" srcset=\"https:\/\/mb2812.de\/wp-content\/uploads\/2025\/03\/IMG_7980-2620-1024x819.jpg 1024w, https:\/\/mb2812.de\/wp-content\/uploads\/2025\/03\/IMG_7980-2620-300x240.jpg 300w, https:\/\/mb2812.de\/wp-content\/uploads\/2025\/03\/IMG_7980-2620-768x614.jpg 768w, https:\/\/mb2812.de\/wp-content\/uploads\/2025\/03\/IMG_7980-2620-1536x1229.jpg 1536w, https:\/\/mb2812.de\/wp-content\/uploads\/2025\/03\/IMG_7980-2620.jpg 1920w\" sizes=\"auto, (max-width: 1024px) 100vw, 1024px\" \/><\/a><figcaption class=\"wp-element-caption\"><em>H\u00e4user an der Torstra\u00dfe<\/em><\/figcaption><\/figure>\n\n\n\n<figure class=\"wp-block-image aligncenter size-large is-resized\"><a href=\"https:\/\/mb2812.de\/wp-content\/uploads\/2025\/03\/IMG_7983.jpg\" target=\"_blank\" rel=\" noreferrer noopener\"><img loading=\"lazy\" decoding=\"async\" width=\"1024\" height=\"791\" src=\"https:\/\/mb2812.de\/wp-content\/uploads\/2025\/03\/IMG_7983-1024x791.jpg\" alt=\"\" class=\"wp-image-16761\" style=\"width:800px\" srcset=\"https:\/\/mb2812.de\/wp-content\/uploads\/2025\/03\/IMG_7983-1024x791.jpg 1024w, https:\/\/mb2812.de\/wp-content\/uploads\/2025\/03\/IMG_7983-300x232.jpg 300w, https:\/\/mb2812.de\/wp-content\/uploads\/2025\/03\/IMG_7983-768x594.jpg 768w, https:\/\/mb2812.de\/wp-content\/uploads\/2025\/03\/IMG_7983-1536x1187.jpg 1536w, https:\/\/mb2812.de\/wp-content\/uploads\/2025\/03\/IMG_7983.jpg 1920w\" sizes=\"auto, (max-width: 1024px) 100vw, 1024px\" \/><\/a><figcaption class=\"wp-element-caption\"><em>H\u00e4user an der Torstra\u00dfe<\/em><\/figcaption><\/figure>\n\n\n\n<p>Weiter geht es mit dem Bus, der mich nach etwa 20 min\u00fctiger Fahrt an der  hochtrabend &#8222;ZOB&#8220;  genannten Verkehrsinsel mit 2 Haltestellen in Timmendorfer Strand absetzt. In Timmendorfer Strand mache ich einen kleinen Rundgang durch den Ort bis zur Seebr\u00fccke am Maritim Hotel und wieder zur\u00fcck. <\/p>\n\n\n\n<figure class=\"wp-block-image aligncenter size-large is-resized\"><a href=\"https:\/\/mb2812.de\/wp-content\/uploads\/2025\/03\/HL3.jpg\" target=\"_blank\" rel=\" noreferrer noopener\"><img loading=\"lazy\" decoding=\"async\" width=\"1024\" height=\"820\" src=\"https:\/\/mb2812.de\/wp-content\/uploads\/2025\/03\/HL3-1024x820.jpg\" alt=\"\" class=\"wp-image-16762\" style=\"width:800px\" srcset=\"https:\/\/mb2812.de\/wp-content\/uploads\/2025\/03\/HL3-1024x820.jpg 1024w, https:\/\/mb2812.de\/wp-content\/uploads\/2025\/03\/HL3-300x240.jpg 300w, https:\/\/mb2812.de\/wp-content\/uploads\/2025\/03\/HL3-768x615.jpg 768w, https:\/\/mb2812.de\/wp-content\/uploads\/2025\/03\/HL3-1536x1230.jpg 1536w, https:\/\/mb2812.de\/wp-content\/uploads\/2025\/03\/HL3.jpg 1920w\" sizes=\"auto, (max-width: 1024px) 100vw, 1024px\" \/><\/a><figcaption class=\"wp-element-caption\"><em>Knapp 3 Kilomer Spaziergang durch Timmendorfer Strand<\/em><br><em>Karte \u00a9 Openstreetmap Mitwirkende<\/em>,&nbsp;<em><a href=\"https:\/\/opendatacommons.org\/licenses\/odbl\/summary\/\" target=\"_blank\" rel=\"noreferrer noopener\">Lizenz: ODbL 1.0<\/a><\/em><\/figcaption><\/figure>\n\n\n\n<figure class=\"wp-block-image aligncenter size-large is-resized\"><a href=\"https:\/\/mb2812.de\/wp-content\/uploads\/2025\/03\/IMG_7984-2636.jpg\" target=\"_blank\" rel=\" noreferrer noopener\"><img loading=\"lazy\" decoding=\"async\" width=\"1024\" height=\"819\" src=\"https:\/\/mb2812.de\/wp-content\/uploads\/2025\/03\/IMG_7984-2636-1024x819.jpg\" alt=\"\" class=\"wp-image-16763\" style=\"width:800px\" srcset=\"https:\/\/mb2812.de\/wp-content\/uploads\/2025\/03\/IMG_7984-2636-1024x819.jpg 1024w, https:\/\/mb2812.de\/wp-content\/uploads\/2025\/03\/IMG_7984-2636-300x240.jpg 300w, https:\/\/mb2812.de\/wp-content\/uploads\/2025\/03\/IMG_7984-2636-768x614.jpg 768w, https:\/\/mb2812.de\/wp-content\/uploads\/2025\/03\/IMG_7984-2636-1536x1229.jpg 1536w, https:\/\/mb2812.de\/wp-content\/uploads\/2025\/03\/IMG_7984-2636.jpg 1920w\" sizes=\"auto, (max-width: 1024px) 100vw, 1024px\" \/><\/a><figcaption class=\"wp-element-caption\"><em>das unvermeidliche Shopping in der Ortsmitte<\/em><\/figcaption><\/figure>\n\n\n\n<figure class=\"wp-block-image aligncenter size-large is-resized\"><a href=\"https:\/\/mb2812.de\/wp-content\/uploads\/2025\/03\/IMG_7986-2637.jpg\" target=\"_blank\" rel=\" noreferrer noopener\"><img loading=\"lazy\" decoding=\"async\" width=\"1024\" height=\"768\" src=\"https:\/\/mb2812.de\/wp-content\/uploads\/2025\/03\/IMG_7986-2637-1024x768.jpg\" alt=\"\" class=\"wp-image-16764\" style=\"width:800px\" srcset=\"https:\/\/mb2812.de\/wp-content\/uploads\/2025\/03\/IMG_7986-2637-1024x768.jpg 1024w, https:\/\/mb2812.de\/wp-content\/uploads\/2025\/03\/IMG_7986-2637-300x225.jpg 300w, https:\/\/mb2812.de\/wp-content\/uploads\/2025\/03\/IMG_7986-2637-768x576.jpg 768w, https:\/\/mb2812.de\/wp-content\/uploads\/2025\/03\/IMG_7986-2637-1536x1152.jpg 1536w, https:\/\/mb2812.de\/wp-content\/uploads\/2025\/03\/IMG_7986-2637.jpg 1920w\" sizes=\"auto, (max-width: 1024px) 100vw, 1024px\" \/><\/a><figcaption class=\"wp-element-caption\"><em>Das Zentrum des Ortes: der Timmendorfer Platz<\/em><\/figcaption><\/figure>\n\n\n\n<figure class=\"wp-block-image aligncenter size-large is-resized\"><a href=\"https:\/\/mb2812.de\/wp-content\/uploads\/2025\/03\/IMG_7989.jpg\" target=\"_blank\" rel=\" noreferrer noopener\"><img loading=\"lazy\" decoding=\"async\" width=\"768\" height=\"1024\" src=\"https:\/\/mb2812.de\/wp-content\/uploads\/2025\/03\/IMG_7989-768x1024.jpg\" alt=\"\" class=\"wp-image-16770\" style=\"width:600px\" srcset=\"https:\/\/mb2812.de\/wp-content\/uploads\/2025\/03\/IMG_7989-768x1024.jpg 768w, https:\/\/mb2812.de\/wp-content\/uploads\/2025\/03\/IMG_7989-225x300.jpg 225w, https:\/\/mb2812.de\/wp-content\/uploads\/2025\/03\/IMG_7989-1152x1536.jpg 1152w, https:\/\/mb2812.de\/wp-content\/uploads\/2025\/03\/IMG_7989.jpg 1440w\" sizes=\"auto, (max-width: 768px) 100vw, 768px\" \/><\/a><figcaption class=\"wp-element-caption\"><em>Ich komme zum Strand Auf der Aussichtsplattform nahe des Sea-Life Center steht die Skulptur  &#8218;Badende&#8216; von Karlheinz Goedtke (1961, Bronze, H\u00f6he 200 cm)<\/em><\/figcaption><\/figure>\n\n\n\n<figure class=\"wp-block-image aligncenter size-large is-resized\"><a href=\"https:\/\/mb2812.de\/wp-content\/uploads\/2025\/03\/IMG_7992.jpg\" target=\"_blank\" rel=\" noreferrer noopener\"><img loading=\"lazy\" decoding=\"async\" width=\"1024\" height=\"819\" src=\"https:\/\/mb2812.de\/wp-content\/uploads\/2025\/03\/IMG_7992-1024x819.jpg\" alt=\"\" class=\"wp-image-16771\" style=\"width:800px\" srcset=\"https:\/\/mb2812.de\/wp-content\/uploads\/2025\/03\/IMG_7992-1024x819.jpg 1024w, https:\/\/mb2812.de\/wp-content\/uploads\/2025\/03\/IMG_7992-300x240.jpg 300w, https:\/\/mb2812.de\/wp-content\/uploads\/2025\/03\/IMG_7992-768x614.jpg 768w, https:\/\/mb2812.de\/wp-content\/uploads\/2025\/03\/IMG_7992-1536x1229.jpg 1536w, https:\/\/mb2812.de\/wp-content\/uploads\/2025\/03\/IMG_7992.jpg 1920w\" sizes=\"auto, (max-width: 1024px) 100vw, 1024px\" \/><\/a><figcaption class=\"wp-element-caption\"><em>Dies ist die 2024 fertiggestellte neue Seebr\u00fccke am Maritim in Timmendorfer Strand<\/em><\/figcaption><\/figure>\n\n\n\n<figure class=\"wp-block-image aligncenter size-large is-resized\"><a href=\"https:\/\/mb2812.de\/wp-content\/uploads\/2025\/03\/IMG_7996.jpg\" target=\"_blank\" rel=\" noreferrer noopener\"><img loading=\"lazy\" decoding=\"async\" width=\"1024\" height=\"819\" src=\"https:\/\/mb2812.de\/wp-content\/uploads\/2025\/03\/IMG_7996-1024x819.jpg\" alt=\"\" class=\"wp-image-16772\" style=\"width:800px\" srcset=\"https:\/\/mb2812.de\/wp-content\/uploads\/2025\/03\/IMG_7996-1024x819.jpg 1024w, https:\/\/mb2812.de\/wp-content\/uploads\/2025\/03\/IMG_7996-300x240.jpg 300w, https:\/\/mb2812.de\/wp-content\/uploads\/2025\/03\/IMG_7996-768x614.jpg 768w, https:\/\/mb2812.de\/wp-content\/uploads\/2025\/03\/IMG_7996-1536x1229.jpg 1536w, https:\/\/mb2812.de\/wp-content\/uploads\/2025\/03\/IMG_7996.jpg 1920w\" sizes=\"auto, (max-width: 1024px) 100vw, 1024px\" \/><\/a><figcaption class=\"wp-element-caption\"><em>Ich bin nat\u00fcrlich dr\u00fcber gelaufen<\/em><\/figcaption><\/figure>\n\n\n\n<figure class=\"wp-block-image aligncenter size-large is-resized\"><a href=\"https:\/\/mb2812.de\/wp-content\/uploads\/2025\/03\/IMG_7993.jpg\" target=\"_blank\" rel=\" noreferrer noopener\"><img loading=\"lazy\" decoding=\"async\" width=\"1024\" height=\"819\" src=\"https:\/\/mb2812.de\/wp-content\/uploads\/2025\/03\/IMG_7993-1024x819.jpg\" alt=\"\" class=\"wp-image-16773\" style=\"width:800px\" srcset=\"https:\/\/mb2812.de\/wp-content\/uploads\/2025\/03\/IMG_7993-1024x819.jpg 1024w, https:\/\/mb2812.de\/wp-content\/uploads\/2025\/03\/IMG_7993-300x240.jpg 300w, https:\/\/mb2812.de\/wp-content\/uploads\/2025\/03\/IMG_7993-768x614.jpg 768w, https:\/\/mb2812.de\/wp-content\/uploads\/2025\/03\/IMG_7993-1536x1229.jpg 1536w, https:\/\/mb2812.de\/wp-content\/uploads\/2025\/03\/IMG_7993.jpg 1920w\" sizes=\"auto, (max-width: 1024px) 100vw, 1024px\" \/><\/a><figcaption class=\"wp-element-caption\"><em>Blick Richtung Niendorf<\/em><\/figcaption><\/figure>\n\n\n\n<p>Zum Schluss noch zwei Bilder von der &#8222;Trinkkurhalle&#8220; im Neuen Kurpark, 1952 gebaut. Inzwischen gibt es darin Informationen und Ausstellungen.<\/p>\n\n\n\n<figure class=\"wp-block-image aligncenter size-large\"><a href=\"https:\/\/mb2812.de\/wp-content\/uploads\/2025\/03\/IMG_8001.jpg\" target=\"_blank\" rel=\" noreferrer noopener\"><img loading=\"lazy\" decoding=\"async\" width=\"1024\" height=\"819\" src=\"https:\/\/mb2812.de\/wp-content\/uploads\/2025\/03\/IMG_8001-1024x819.jpg\" alt=\"\" class=\"wp-image-16774\" srcset=\"https:\/\/mb2812.de\/wp-content\/uploads\/2025\/03\/IMG_8001-1024x819.jpg 1024w, https:\/\/mb2812.de\/wp-content\/uploads\/2025\/03\/IMG_8001-300x240.jpg 300w, https:\/\/mb2812.de\/wp-content\/uploads\/2025\/03\/IMG_8001-768x614.jpg 768w, https:\/\/mb2812.de\/wp-content\/uploads\/2025\/03\/IMG_8001-1536x1229.jpg 1536w, https:\/\/mb2812.de\/wp-content\/uploads\/2025\/03\/IMG_8001.jpg 1920w\" sizes=\"auto, (max-width: 1024px) 100vw, 1024px\" \/><\/a><figcaption class=\"wp-element-caption\"><em>Die Trinkkurhalle und angrenzende Wandelhalle<\/em><\/figcaption><\/figure>\n\n\n\n<figure class=\"wp-block-image aligncenter size-large is-resized\"><a href=\"https:\/\/mb2812.de\/wp-content\/uploads\/2025\/03\/IMG_8003.jpg\" target=\"_blank\" rel=\" noreferrer noopener\"><img loading=\"lazy\" decoding=\"async\" width=\"768\" height=\"1024\" src=\"https:\/\/mb2812.de\/wp-content\/uploads\/2025\/03\/IMG_8003-768x1024.jpg\" alt=\"\" class=\"wp-image-16775\" style=\"width:600px\" srcset=\"https:\/\/mb2812.de\/wp-content\/uploads\/2025\/03\/IMG_8003-768x1024.jpg 768w, https:\/\/mb2812.de\/wp-content\/uploads\/2025\/03\/IMG_8003-225x300.jpg 225w, https:\/\/mb2812.de\/wp-content\/uploads\/2025\/03\/IMG_8003-1152x1536.jpg 1152w, https:\/\/mb2812.de\/wp-content\/uploads\/2025\/03\/IMG_8003.jpg 1440w\" sizes=\"auto, (max-width: 768px) 100vw, 768px\" \/><\/a><figcaption class=\"wp-element-caption\"><em>Nochmal die Trinkkurhalle \u00fcber eines der Wasserbecken im Kurpark hinweg<\/em><\/figcaption><\/figure>\n\n\n\n<p>Zur\u00fcck nach L\u00fcbeck fahre ich mit einem Bus der Autokraft, der eine Route quer \u00fcber Land und Bad Schwartau nimmt und dabei die ehemalige Vogelfluglinie nach Puttgarden mehrfach kreuzt. Auf der fahren noch Z\u00fcge bis Neustadt, und am L\u00fcbecker Hauptbahnhof angekommen, entschlie\u00dfe ich mich, den Rest des Nachmittags dazu zu nutzen, die Strecke einmal abzufahren. Aufgrund von Bauarbeiten f\u00e4hrt mein Zug nat\u00fcrlich nicht bis Neustadt, sondern endet in Sierksdorf eine Station vorher. 15 Minuten habe ich Zeit, den Bahnsteig zu besichtigen, dann geht es wieder zur\u00fcck.<\/p>\n\n\n\n<p>Und auf dem Weg vom Bahnhof zum Hotel gibt es jetzt endlich Gelegenheit, das Wahrzeichen L\u00fcbecks, das Holstentor, zu fotografieren.<\/p>\n\n\n\n<figure class=\"wp-block-image aligncenter size-large is-resized\"><a href=\"https:\/\/mb2812.de\/wp-content\/uploads\/2025\/03\/IMG_8007-2601.jpg\" target=\"_blank\" rel=\" noreferrer noopener\"><img loading=\"lazy\" decoding=\"async\" width=\"1024\" height=\"819\" src=\"https:\/\/mb2812.de\/wp-content\/uploads\/2025\/03\/IMG_8007-2601-1024x819.jpg\" alt=\"\" class=\"wp-image-16776\" style=\"width:800px\" srcset=\"https:\/\/mb2812.de\/wp-content\/uploads\/2025\/03\/IMG_8007-2601-1024x819.jpg 1024w, https:\/\/mb2812.de\/wp-content\/uploads\/2025\/03\/IMG_8007-2601-300x240.jpg 300w, https:\/\/mb2812.de\/wp-content\/uploads\/2025\/03\/IMG_8007-2601-768x614.jpg 768w, https:\/\/mb2812.de\/wp-content\/uploads\/2025\/03\/IMG_8007-2601-1536x1229.jpg 1536w, https:\/\/mb2812.de\/wp-content\/uploads\/2025\/03\/IMG_8007-2601.jpg 1920w\" sizes=\"auto, (max-width: 1024px) 100vw, 1024px\" \/><\/a><\/figure>\n\n\n\n<div style=\"height:1rem\" aria-hidden=\"true\" class=\"wp-block-spacer\"><\/div>\n\n\n\n<figure class=\"wp-block-image aligncenter size-large is-resized\"><a href=\"https:\/\/mb2812.de\/wp-content\/uploads\/2025\/03\/IMG_8009-2622.jpg\" target=\"_blank\" rel=\" noreferrer noopener\"><img loading=\"lazy\" decoding=\"async\" width=\"1024\" height=\"819\" src=\"https:\/\/mb2812.de\/wp-content\/uploads\/2025\/03\/IMG_8009-2622-1024x819.jpg\" alt=\"\" class=\"wp-image-16777\" style=\"width:800px\" srcset=\"https:\/\/mb2812.de\/wp-content\/uploads\/2025\/03\/IMG_8009-2622-1024x819.jpg 1024w, https:\/\/mb2812.de\/wp-content\/uploads\/2025\/03\/IMG_8009-2622-300x240.jpg 300w, https:\/\/mb2812.de\/wp-content\/uploads\/2025\/03\/IMG_8009-2622-768x614.jpg 768w, https:\/\/mb2812.de\/wp-content\/uploads\/2025\/03\/IMG_8009-2622-1536x1229.jpg 1536w, https:\/\/mb2812.de\/wp-content\/uploads\/2025\/03\/IMG_8009-2622.jpg 1920w\" sizes=\"auto, (max-width: 1024px) 100vw, 1024px\" \/><\/a><\/figure>\n\n\n\n<div style=\"height:1rem\" aria-hidden=\"true\" class=\"wp-block-spacer\"><\/div>\n\n\n\n<p>Abendessen war im Gegensatz zu Gestern etwas einfacher, ich besorge mir ein paar Br\u00f6tchen und esse die auf dem Zimmer. <\/p>\n\n\n\n<p>Der Tag war noch nicht ganz zu Ende, Stephan kam erst gegen 23 Uhr in L\u00fcbeck an und \u00fcbernachtete auch &#8211; beruflich bedingt &#8211; in einem anderen Hotel (dem Park Inn), ich bin da nat\u00fcrlich hin um ihn zu begr\u00fc\u00dfen und beim Ausladen des Autos zu helfen, und auf dem R\u00fcckweg zu meinem Hotel habe ichd ann noch ein paar Nachtfotos vom Holstentor gemacht:<\/p>\n\n\n\n<figure class=\"wp-block-image aligncenter size-large is-resized\"><a href=\"https:\/\/mb2812.de\/wp-content\/uploads\/2025\/03\/IMG_8017-2621-1.jpg\" target=\"_blank\" rel=\" noreferrer noopener\"><img loading=\"lazy\" decoding=\"async\" width=\"1024\" height=\"819\" src=\"https:\/\/mb2812.de\/wp-content\/uploads\/2025\/03\/IMG_8017-2621-1-1024x819.jpg\" alt=\"\" class=\"wp-image-16778\" style=\"width:800px\" srcset=\"https:\/\/mb2812.de\/wp-content\/uploads\/2025\/03\/IMG_8017-2621-1-1024x819.jpg 1024w, https:\/\/mb2812.de\/wp-content\/uploads\/2025\/03\/IMG_8017-2621-1-300x240.jpg 300w, https:\/\/mb2812.de\/wp-content\/uploads\/2025\/03\/IMG_8017-2621-1-768x614.jpg 768w, https:\/\/mb2812.de\/wp-content\/uploads\/2025\/03\/IMG_8017-2621-1-1536x1229.jpg 1536w, https:\/\/mb2812.de\/wp-content\/uploads\/2025\/03\/IMG_8017-2621-1.jpg 1920w\" sizes=\"auto, (max-width: 1024px) 100vw, 1024px\" \/><\/a><\/figure>\n\n\n\n<div style=\"height:15px\" aria-hidden=\"true\" class=\"wp-block-spacer\"><\/div>\n\n\n\n<figure class=\"wp-block-image aligncenter size-large is-resized\"><a href=\"https:\/\/mb2812.de\/wp-content\/uploads\/2025\/03\/IMG_8022.jpg\" target=\"_blank\" rel=\" noreferrer noopener\"><img loading=\"lazy\" decoding=\"async\" width=\"768\" height=\"1024\" src=\"https:\/\/mb2812.de\/wp-content\/uploads\/2025\/03\/IMG_8022-768x1024.jpg\" alt=\"\" class=\"wp-image-16779\" style=\"width:600px\" srcset=\"https:\/\/mb2812.de\/wp-content\/uploads\/2025\/03\/IMG_8022-768x1024.jpg 768w, https:\/\/mb2812.de\/wp-content\/uploads\/2025\/03\/IMG_8022-225x300.jpg 225w, https:\/\/mb2812.de\/wp-content\/uploads\/2025\/03\/IMG_8022-1152x1536.jpg 1152w, https:\/\/mb2812.de\/wp-content\/uploads\/2025\/03\/IMG_8022.jpg 1440w\" sizes=\"auto, (max-width: 768px) 100vw, 768px\" \/><\/a><\/figure>\n\n\n\n<div style=\"height:15px\" aria-hidden=\"true\" class=\"wp-block-spacer\"><\/div>\n\n\n\n<figure class=\"wp-block-image aligncenter size-large is-resized\"><a href=\"https:\/\/mb2812.de\/wp-content\/uploads\/2025\/03\/IMG_8026.jpg\" target=\"_blank\" rel=\" noreferrer noopener\"><img loading=\"lazy\" decoding=\"async\" width=\"768\" height=\"1024\" src=\"https:\/\/mb2812.de\/wp-content\/uploads\/2025\/03\/IMG_8026-768x1024.jpg\" alt=\"\" class=\"wp-image-16780\" style=\"width:600px\" srcset=\"https:\/\/mb2812.de\/wp-content\/uploads\/2025\/03\/IMG_8026-768x1024.jpg 768w, https:\/\/mb2812.de\/wp-content\/uploads\/2025\/03\/IMG_8026-225x300.jpg 225w, https:\/\/mb2812.de\/wp-content\/uploads\/2025\/03\/IMG_8026-1152x1536.jpg 1152w, https:\/\/mb2812.de\/wp-content\/uploads\/2025\/03\/IMG_8026.jpg 1440w\" sizes=\"auto, (max-width: 768px) 100vw, 768px\" \/><\/a><\/figure>\n\n\n\n<div style=\"height:15px\" aria-hidden=\"true\" class=\"wp-block-spacer\"><\/div>\n\n\n\n<figure class=\"wp-block-image aligncenter size-large is-resized\"><a href=\"https:\/\/mb2812.de\/wp-content\/uploads\/2025\/03\/IMG_8028.jpg\" target=\"_blank\" rel=\" noreferrer noopener\"><img loading=\"lazy\" decoding=\"async\" width=\"1024\" height=\"819\" src=\"https:\/\/mb2812.de\/wp-content\/uploads\/2025\/03\/IMG_8028-1024x819.jpg\" alt=\"\" class=\"wp-image-16781\" style=\"width:800px\" srcset=\"https:\/\/mb2812.de\/wp-content\/uploads\/2025\/03\/IMG_8028-1024x819.jpg 1024w, https:\/\/mb2812.de\/wp-content\/uploads\/2025\/03\/IMG_8028-300x240.jpg 300w, https:\/\/mb2812.de\/wp-content\/uploads\/2025\/03\/IMG_8028-768x614.jpg 768w, https:\/\/mb2812.de\/wp-content\/uploads\/2025\/03\/IMG_8028-1536x1229.jpg 1536w, https:\/\/mb2812.de\/wp-content\/uploads\/2025\/03\/IMG_8028.jpg 1920w\" sizes=\"auto, (max-width: 1024px) 100vw, 1024px\" \/><\/a><figcaption class=\"wp-element-caption\"><em>Der Tage endete dann mit einem Drink im Motel One<\/em><\/figcaption><\/figure>\n\n\n\n<hr class=\"wp-block-separator has-text-color has-contrast-color has-alpha-channel-opacity has-contrast-background-color has-background is-style-wide is-style-wide--2\"\/>\n\n\n\n<p>\u00dcber den <strong>Mittwoch<\/strong> gibt es nicht viel zu erz\u00e4hlen. <\/p>\n\n\n\n<p>Um 9 Uhr bin ich zum Park Inn gelaufen und habe mich dort mit Stephan getroffen. Wir machten uns dann auf den Weg nach K\u00f6ln, recht schnell unterbrochen noch in L\u00fcbeck von einer Fr\u00fchst\u00fcckspause in einer B\u00e4ckerei. Dann startete die lange Fahrt aber ernsthaft und ca. 15 Uhr waren wir wieder zu Hause.<\/p>\n","protected":false},"excerpt":{"rendered":"<p>Eine Dienstreise Stephans sorgte f\u00fcr meinen ersten &#8222;Ausflug&#8220; des Jahres 2025, ein Tag in L\u00fcbeck<\/p>\n","protected":false},"author":1,"featured_media":16766,"comment_status":"closed","ping_status":"closed","sticky":false,"template":"","format":"standard","meta":{"footnotes":""},"categories":[13],"tags":[386,117,39,430,138],"class_list":["post-16707","post","type-post","status-publish","format-standard","has-post-thumbnail","hentry","category-ausfluege","tag-386","tag-ausfluege","tag-deutschland","tag-luebeck","tag-ostsee"],"_links":{"self":[{"href":"https:\/\/mb2812.de\/index.php?rest_route=\/wp\/v2\/posts\/16707","targetHints":{"allow":["GET"]}}],"collection":[{"href":"https:\/\/mb2812.de\/index.php?rest_route=\/wp\/v2\/posts"}],"about":[{"href":"https:\/\/mb2812.de\/index.php?rest_route=\/wp\/v2\/types\/post"}],"author":[{"embeddable":true,"href":"https:\/\/mb2812.de\/index.php?rest_route=\/wp\/v2\/users\/1"}],"replies":[{"embeddable":true,"href":"https:\/\/mb2812.de\/index.php?rest_route=%2Fwp%2Fv2%2Fcomments&post=16707"}],"version-history":[{"count":26,"href":"https:\/\/mb2812.de\/index.php?rest_route=\/wp\/v2\/posts\/16707\/revisions"}],"predecessor-version":[{"id":17022,"href":"https:\/\/mb2812.de\/index.php?rest_route=\/wp\/v2\/posts\/16707\/revisions\/17022"}],"wp:featuredmedia":[{"embeddable":true,"href":"https:\/\/mb2812.de\/index.php?rest_route=\/wp\/v2\/media\/16766"}],"wp:attachment":[{"href":"https:\/\/mb2812.de\/index.php?rest_route=%2Fwp%2Fv2%2Fmedia&parent=16707"}],"wp:term":[{"taxonomy":"category","embeddable":true,"href":"https:\/\/mb2812.de\/index.php?rest_route=%2Fwp%2Fv2%2Fcategories&post=16707"},{"taxonomy":"post_tag","embeddable":true,"href":"https:\/\/mb2812.de\/index.php?rest_route=%2Fwp%2Fv2%2Ftags&post=16707"}],"curies":[{"name":"wp","href":"https:\/\/api.w.org\/{rel}","templated":true}]}}