{"id":16515,"date":"2025-02-19T09:00:00","date_gmt":"2025-02-19T07:00:00","guid":{"rendered":"https:\/\/mb2812.de\/?p=16515"},"modified":"2025-05-27T10:16:58","modified_gmt":"2025-05-27T08:16:58","slug":"von-salzburg-nach-zuerich","status":"publish","type":"post","link":"https:\/\/mb2812.de\/?p=16515","title":{"rendered":"Von Salzburg nach Z\u00fcrich"},"content":{"rendered":"\n<p>Heute ist Reisetag, wir fahren zu unserem zweiten Ziel, nach Z\u00fcrich. Das ist ein Teil der Verbindung Wien &#8211; Z\u00fcrich un da gibt es den ganzen Tag \u00fcber einen Taktfahrplan, wenn auch nur alle 2 Stunden. Wir k\u00f6nnen uns also eine bequeme Verbindung aussuchen und entscheiden uns f\u00fcr die Abfahrt um 9:56 Uhr.<\/p>\n\n\n\n<p>Damit ist genug Zeit f\u00fcr ein gem\u00fctliches Fr\u00fchst\u00fcck und dann bringt uns der O-Bus zum Hauptbahnhof.<\/p>\n\n\n\n<figure class=\"wp-block-image aligncenter size-full is-resized\"><a href=\"https:\/\/mb2812.de\/wp-content\/uploads\/2025\/03\/IMG_1371-2591.jpg\" target=\"_blank\" rel=\" noreferrer noopener\"><img loading=\"lazy\" decoding=\"async\" width=\"1440\" height=\"1920\" src=\"https:\/\/mb2812.de\/wp-content\/uploads\/2025\/03\/IMG_1371-2591.jpg\" alt=\"\" class=\"wp-image-16516\" style=\"width:600px\" srcset=\"https:\/\/mb2812.de\/wp-content\/uploads\/2025\/03\/IMG_1371-2591.jpg 1440w, https:\/\/mb2812.de\/wp-content\/uploads\/2025\/03\/IMG_1371-2591-225x300.jpg 225w, https:\/\/mb2812.de\/wp-content\/uploads\/2025\/03\/IMG_1371-2591-768x1024.jpg 768w, https:\/\/mb2812.de\/wp-content\/uploads\/2025\/03\/IMG_1371-2591-1152x1536.jpg 1152w\" sizes=\"auto, (max-width: 1440px) 100vw, 1440px\" \/><\/a><figcaption class=\"wp-element-caption\"><em>Zum Abschied lacht uns die Sonne aus. P\u00fcnktlich zur Abfahrt \u00e4ndert sich das Wetter, jetzt wird es sonnig und warm. Auch die Berge verstecken sich nicht mehr im  Nebel<\/em><\/figcaption><\/figure>\n\n\n\n<p>Mit dieser Zugfahrt lerne ich dann endlich den \u00d6BB Railjet kennen. Verglichen mit einem klassischen Schnellzug zweifelsfrei ein Fortschritt, aber besser wie ein deutscher ICE sind die Wagen beim besten Willen nicht.<\/p>\n\n\n\n<p>Der Zug ist leider recht voll und einige Leute um uns herum sind auch eher nervig, so ganz gef\u00e4llt mir die Fahrt nicht, denn es ist immer ziemlich unruhig. \u00dcber 5 Stunden dauert die Fahrt bis Z\u00fcrich, es ist eine \u201eVierl\u00e4nderfahrt\u201c. Zun\u00e4chst geht es nach Deutschland, \u00fcber Rosenheim erreichen wir Innsbruck. Dann geht es \u00fcber den Arlberg weiter Richtung Westen, wo die Strecke tats\u00e4chlich f\u00fcr ein paar Kilometer durch das F\u00fcrstentum Liechtenstein f\u00fchrt, bevor bei Buchs die Schweiz erreicht wird.<\/p>\n\n\n\n<p>Mal bauen wir ein paar Minuten Versp\u00e4tung auf, dann wieder ab, alles in allem erreicht der Zug Z\u00fcrich mit nur wenigen Minuten Versp\u00e4tung und wir fahren mit der Stra\u00dfenbahn zu unserem Hotel. Das ist das \u201e25 Hours\u201c Hotel in Z\u00fcrich West.<\/p>\n\n\n\n<p>Z\u00fcrich West ist ein ehemaliges Industrie- und Gewerbegebiet, das seit den 90er Jahren neu entwickelt wird. \u201eVom Industrieviertel zum Trendquartier\u201c beschreibt die Stadtwerbung es. Von der versprochenen Urbanit\u00e4t mit Restaurants und Caf\u00e9s findet man in der N\u00e4he unseres Hotels weit jenseits der Hardbr\u00fccke jetzt nicht so viel. Viel ausgemacht hat uns dies nicht, lediglich f\u00fcrs Abendessen war die Auswahl ziemlich eingeschr\u00e4nkt.<\/p>\n\n\n\n<p>Vom Z\u00fcrcher Hauptbahnhof geht es mit der Tram Linie 4 direkt zum Hotel, die Strecke ab Escher-Wyss-Platz wurde zur Erschlie\u00dfung des Stadtteils auch neu gebaut, die Er\u00f6ffnung war 2011.<\/p>\n\n\n\n<figure class=\"wp-block-image aligncenter size-full is-resized\"><a href=\"https:\/\/mb2812.de\/wp-content\/uploads\/2025\/03\/IMG_7723.jpg\" target=\"_blank\" rel=\" noreferrer noopener\"><img loading=\"lazy\" decoding=\"async\" width=\"1440\" height=\"1920\" src=\"https:\/\/mb2812.de\/wp-content\/uploads\/2025\/03\/IMG_7723.jpg\" alt=\"\" class=\"wp-image-16517\" style=\"width:600px\" srcset=\"https:\/\/mb2812.de\/wp-content\/uploads\/2025\/03\/IMG_7723.jpg 1440w, https:\/\/mb2812.de\/wp-content\/uploads\/2025\/03\/IMG_7723-225x300.jpg 225w, https:\/\/mb2812.de\/wp-content\/uploads\/2025\/03\/IMG_7723-768x1024.jpg 768w, https:\/\/mb2812.de\/wp-content\/uploads\/2025\/03\/IMG_7723-1152x1536.jpg 1152w\" sizes=\"auto, (max-width: 1440px) 100vw, 1440px\" \/><\/a><figcaption class=\"wp-element-caption\"><em>Das Hotel. Davor steht eine 5,20 Meter hohe Chromstahlskulptur von Alex Hannimann. \u201eAnne-Sophie\u201c hei\u00dft die Skulptur nach der Studentin, die daf\u00fcr Modell stand, und \u201everk\u00f6rpert die Jugend des Quartiers und ihrer Generation\u201c.<\/em><\/figcaption><\/figure>\n\n\n\n<p>Das Hotel hat uns jetzt nicht so ganz gefallen. Es ist ein Design-Hotel, gestaltet von Alfredo H\u00e4berli und das Thema ist Sport. Und leider galt dann und wann wieder der Grundsatz \u201efunction follows form&#8220;<\/p>\n\n\n\n<figure class=\"wp-block-image aligncenter size-full is-resized\"><a href=\"https:\/\/mb2812.de\/wp-content\/uploads\/2025\/03\/IMG_1386.jpg\" target=\"_blank\" rel=\" noreferrer noopener\"><img loading=\"lazy\" decoding=\"async\" width=\"1440\" height=\"1920\" src=\"https:\/\/mb2812.de\/wp-content\/uploads\/2025\/03\/IMG_1386.jpg\" alt=\"\" class=\"wp-image-16518\" style=\"width:600px\" srcset=\"https:\/\/mb2812.de\/wp-content\/uploads\/2025\/03\/IMG_1386.jpg 1440w, https:\/\/mb2812.de\/wp-content\/uploads\/2025\/03\/IMG_1386-225x300.jpg 225w, https:\/\/mb2812.de\/wp-content\/uploads\/2025\/03\/IMG_1386-768x1024.jpg 768w, https:\/\/mb2812.de\/wp-content\/uploads\/2025\/03\/IMG_1386-1152x1536.jpg 1152w\" sizes=\"auto, (max-width: 1440px) 100vw, 1440px\" \/><\/a><figcaption class=\"wp-element-caption\"><em>Die Flure im Hotel<\/em><\/figcaption><\/figure>\n\n\n\n<figure class=\"wp-block-image aligncenter size-full is-resized\"><a href=\"https:\/\/mb2812.de\/wp-content\/uploads\/2025\/03\/IMG_1383.jpg\"><img loading=\"lazy\" decoding=\"async\" width=\"1920\" height=\"1536\" src=\"https:\/\/mb2812.de\/wp-content\/uploads\/2025\/03\/IMG_1383.jpg\" alt=\"\" class=\"wp-image-16519\" style=\"width:800px\" srcset=\"https:\/\/mb2812.de\/wp-content\/uploads\/2025\/03\/IMG_1383.jpg 1920w, https:\/\/mb2812.de\/wp-content\/uploads\/2025\/03\/IMG_1383-300x240.jpg 300w, https:\/\/mb2812.de\/wp-content\/uploads\/2025\/03\/IMG_1383-1024x819.jpg 1024w, https:\/\/mb2812.de\/wp-content\/uploads\/2025\/03\/IMG_1383-768x614.jpg 768w, https:\/\/mb2812.de\/wp-content\/uploads\/2025\/03\/IMG_1383-1536x1229.jpg 1536w\" sizes=\"auto, (max-width: 1920px) 100vw, 1920px\" \/><\/a><figcaption class=\"wp-element-caption\"><em>Im Zimmer, Blick zum Fenster<\/em> \u2026<\/figcaption><\/figure>\n\n\n\n<figure class=\"wp-block-image aligncenter size-full is-resized\"><a href=\"https:\/\/mb2812.de\/wp-content\/uploads\/2025\/03\/IMG_1382.jpg\" target=\"_blank\" rel=\" noreferrer noopener\"><img loading=\"lazy\" decoding=\"async\" width=\"1920\" height=\"1536\" src=\"https:\/\/mb2812.de\/wp-content\/uploads\/2025\/03\/IMG_1382.jpg\" alt=\"\" class=\"wp-image-16520\" style=\"width:800px\" srcset=\"https:\/\/mb2812.de\/wp-content\/uploads\/2025\/03\/IMG_1382.jpg 1920w, https:\/\/mb2812.de\/wp-content\/uploads\/2025\/03\/IMG_1382-300x240.jpg 300w, https:\/\/mb2812.de\/wp-content\/uploads\/2025\/03\/IMG_1382-1024x819.jpg 1024w, https:\/\/mb2812.de\/wp-content\/uploads\/2025\/03\/IMG_1382-768x614.jpg 768w, https:\/\/mb2812.de\/wp-content\/uploads\/2025\/03\/IMG_1382-1536x1229.jpg 1536w\" sizes=\"auto, (max-width: 1920px) 100vw, 1920px\" \/><\/a><figcaption class=\"wp-element-caption\">\u2026 und zur T\u00fcr<\/figcaption><\/figure>\n\n\n\n<figure class=\"wp-block-image aligncenter size-full is-resized\"><a href=\"https:\/\/mb2812.de\/wp-content\/uploads\/2025\/03\/IMG_7722.jpg\" target=\"_blank\" rel=\" noreferrer noopener\"><img loading=\"lazy\" decoding=\"async\" width=\"1440\" height=\"1920\" src=\"https:\/\/mb2812.de\/wp-content\/uploads\/2025\/03\/IMG_7722.jpg\" alt=\"\" class=\"wp-image-16521\" style=\"width:600px;height:auto\" srcset=\"https:\/\/mb2812.de\/wp-content\/uploads\/2025\/03\/IMG_7722.jpg 1440w, https:\/\/mb2812.de\/wp-content\/uploads\/2025\/03\/IMG_7722-225x300.jpg 225w, https:\/\/mb2812.de\/wp-content\/uploads\/2025\/03\/IMG_7722-768x1024.jpg 768w, https:\/\/mb2812.de\/wp-content\/uploads\/2025\/03\/IMG_7722-1152x1536.jpg 1152w\" sizes=\"auto, (max-width: 1440px) 100vw, 1440px\" \/><\/a><figcaption class=\"wp-element-caption\"><em>Die Treppe von der Eingangshalle zum 1. Stock, dort befanden sich die Konferenz- und Veranstaltungsr\u00e4ume<\/em><\/figcaption><\/figure>\n\n\n\n<figure class=\"wp-block-image aligncenter size-full is-resized\"><a href=\"https:\/\/mb2812.de\/wp-content\/uploads\/2025\/03\/IMG_1391.jpg\" target=\"_blank\" rel=\" noreferrer noopener\"><img loading=\"lazy\" decoding=\"async\" width=\"1920\" height=\"1536\" src=\"https:\/\/mb2812.de\/wp-content\/uploads\/2025\/03\/IMG_1391.jpg\" alt=\"\" class=\"wp-image-16522\" style=\"width:800px\" srcset=\"https:\/\/mb2812.de\/wp-content\/uploads\/2025\/03\/IMG_1391.jpg 1920w, https:\/\/mb2812.de\/wp-content\/uploads\/2025\/03\/IMG_1391-300x240.jpg 300w, https:\/\/mb2812.de\/wp-content\/uploads\/2025\/03\/IMG_1391-1024x819.jpg 1024w, https:\/\/mb2812.de\/wp-content\/uploads\/2025\/03\/IMG_1391-768x614.jpg 768w, https:\/\/mb2812.de\/wp-content\/uploads\/2025\/03\/IMG_1391-1536x1229.jpg 1536w\" sizes=\"auto, (max-width: 1920px) 100vw, 1920px\" \/><\/a><figcaption class=\"wp-element-caption\"><em>Bar und Restaurant<\/em><\/figcaption><\/figure>\n\n\n\n<p>Nach Check-in, Bezug des Zimmers und Erkunden des Hotels drehen wir eine Runde durch das Viertel und naja, ein bisschen Betonw\u00fcste ist es hier nahe des Hotels schon.<\/p>\n\n\n\n<figure class=\"wp-block-image aligncenter size-full is-resized\"><a href=\"https:\/\/mb2812.de\/wp-content\/uploads\/2025\/03\/IMG_7725.jpg\" target=\"_blank\" rel=\" noreferrer noopener\"><img loading=\"lazy\" decoding=\"async\" width=\"1440\" height=\"1920\" src=\"https:\/\/mb2812.de\/wp-content\/uploads\/2025\/03\/IMG_7725.jpg\" alt=\"\" class=\"wp-image-16524\" style=\"width:600px\" srcset=\"https:\/\/mb2812.de\/wp-content\/uploads\/2025\/03\/IMG_7725.jpg 1440w, https:\/\/mb2812.de\/wp-content\/uploads\/2025\/03\/IMG_7725-225x300.jpg 225w, https:\/\/mb2812.de\/wp-content\/uploads\/2025\/03\/IMG_7725-768x1024.jpg 768w, https:\/\/mb2812.de\/wp-content\/uploads\/2025\/03\/IMG_7725-1152x1536.jpg 1152w\" sizes=\"auto, (max-width: 1440px) 100vw, 1440px\" \/><\/a><figcaption class=\"wp-element-caption\"><em>Nochmals Anna-Sophie vor dem Hotel<\/em><\/figcaption><\/figure>\n\n\n\n<figure class=\"wp-block-image aligncenter size-full is-resized\"><a href=\"https:\/\/mb2812.de\/wp-content\/uploads\/2025\/03\/IMG_7726.jpg\" target=\"_blank\" rel=\" noreferrer noopener\"><img loading=\"lazy\" decoding=\"async\" width=\"1440\" height=\"1920\" src=\"https:\/\/mb2812.de\/wp-content\/uploads\/2025\/03\/IMG_7726.jpg\" alt=\"\" class=\"wp-image-16523\" style=\"width:600px\" srcset=\"https:\/\/mb2812.de\/wp-content\/uploads\/2025\/03\/IMG_7726.jpg 1440w, https:\/\/mb2812.de\/wp-content\/uploads\/2025\/03\/IMG_7726-225x300.jpg 225w, https:\/\/mb2812.de\/wp-content\/uploads\/2025\/03\/IMG_7726-768x1024.jpg 768w, https:\/\/mb2812.de\/wp-content\/uploads\/2025\/03\/IMG_7726-1152x1536.jpg 1152w\" sizes=\"auto, (max-width: 1440px) 100vw, 1440px\" \/><\/a><figcaption class=\"wp-element-caption\"><em>Nebenan das Sheraton<\/em><\/figcaption><\/figure>\n\n\n\n<figure class=\"wp-block-image aligncenter size-full is-resized\"><a href=\"https:\/\/mb2812.de\/wp-content\/uploads\/2025\/03\/IMG_7728-2592.jpg\" target=\"_blank\" rel=\" noreferrer noopener\"><img loading=\"lazy\" decoding=\"async\" width=\"1920\" height=\"1536\" src=\"https:\/\/mb2812.de\/wp-content\/uploads\/2025\/03\/IMG_7728-2592.jpg\" alt=\"\" class=\"wp-image-16525\" style=\"width:800px\" srcset=\"https:\/\/mb2812.de\/wp-content\/uploads\/2025\/03\/IMG_7728-2592.jpg 1920w, https:\/\/mb2812.de\/wp-content\/uploads\/2025\/03\/IMG_7728-2592-300x240.jpg 300w, https:\/\/mb2812.de\/wp-content\/uploads\/2025\/03\/IMG_7728-2592-1024x819.jpg 1024w, https:\/\/mb2812.de\/wp-content\/uploads\/2025\/03\/IMG_7728-2592-768x614.jpg 768w, https:\/\/mb2812.de\/wp-content\/uploads\/2025\/03\/IMG_7728-2592-1536x1229.jpg 1536w\" sizes=\"auto, (max-width: 1920px) 100vw, 1920px\" \/><\/a><figcaption class=\"wp-element-caption\"><em>Und dies ist die Tram Strecke: Ein Zug steht an der dem Hotel n\u00e4chstgelegenen Haltestelle, Toni-Areal<\/em><\/figcaption><\/figure>\n\n\n\n<figure class=\"wp-block-image aligncenter size-full is-resized\"><a href=\"https:\/\/mb2812.de\/wp-content\/uploads\/2025\/03\/IMG_7729.jpg\" target=\"_blank\" rel=\" noreferrer noopener\"><img loading=\"lazy\" decoding=\"async\" width=\"1920\" height=\"1536\" src=\"https:\/\/mb2812.de\/wp-content\/uploads\/2025\/03\/IMG_7729.jpg\" alt=\"\" class=\"wp-image-16526\" style=\"width:800px\" srcset=\"https:\/\/mb2812.de\/wp-content\/uploads\/2025\/03\/IMG_7729.jpg 1920w, https:\/\/mb2812.de\/wp-content\/uploads\/2025\/03\/IMG_7729-300x240.jpg 300w, https:\/\/mb2812.de\/wp-content\/uploads\/2025\/03\/IMG_7729-1024x819.jpg 1024w, https:\/\/mb2812.de\/wp-content\/uploads\/2025\/03\/IMG_7729-768x614.jpg 768w, https:\/\/mb2812.de\/wp-content\/uploads\/2025\/03\/IMG_7729-1536x1229.jpg 1536w\" sizes=\"auto, (max-width: 1920px) 100vw, 1920px\" \/><\/a><figcaption class=\"wp-element-caption\"><em>Der Turbinenplatz. Er wurde der Stadt Z\u00fcrich von der urspr\u00fcnglichen Eigent\u00fcmerin des Areals, der <em>Sulzer Immobilien AG<\/em>, geschenkt. Er ist etwa 14.000 Quadratmeter gross und hat einen&nbsp;Betonboden, um an die industrielle Vergangenheit des&nbsp;Quartiers&nbsp;zu erinnern<\/em>.<\/figcaption><\/figure>\n\n\n\n<figure class=\"wp-block-image aligncenter size-full is-resized\"><a href=\"https:\/\/mb2812.de\/wp-content\/uploads\/2025\/03\/IMG_7733.jpg\"><img loading=\"lazy\" decoding=\"async\" width=\"1920\" height=\"1536\" src=\"https:\/\/mb2812.de\/wp-content\/uploads\/2025\/03\/IMG_7733.jpg\" alt=\"\" class=\"wp-image-16527\" style=\"width:800px\" srcset=\"https:\/\/mb2812.de\/wp-content\/uploads\/2025\/03\/IMG_7733.jpg 1920w, https:\/\/mb2812.de\/wp-content\/uploads\/2025\/03\/IMG_7733-300x240.jpg 300w, https:\/\/mb2812.de\/wp-content\/uploads\/2025\/03\/IMG_7733-1024x819.jpg 1024w, https:\/\/mb2812.de\/wp-content\/uploads\/2025\/03\/IMG_7733-768x614.jpg 768w, https:\/\/mb2812.de\/wp-content\/uploads\/2025\/03\/IMG_7733-1536x1229.jpg 1536w\" sizes=\"auto, (max-width: 1920px) 100vw, 1920px\" \/><\/a><figcaption class=\"wp-element-caption\"><em>Nochmal der Turbinenplatz, der Schornstein im Hintergrund geh\u00f6rt zur Energiezentrale Josefstrasse, die aus der alten \u201eKehrrichtverwertungsanlage\u201c umgebaut wurde<\/em><\/figcaption><\/figure>\n\n\n\n<figure class=\"wp-block-image aligncenter size-full is-resized\"><a href=\"https:\/\/mb2812.de\/wp-content\/uploads\/2025\/03\/IMG_1402-2593.jpg\" target=\"_blank\" rel=\" noreferrer noopener\"><img loading=\"lazy\" decoding=\"async\" width=\"1920\" height=\"1536\" src=\"https:\/\/mb2812.de\/wp-content\/uploads\/2025\/03\/IMG_1402-2593.jpg\" alt=\"\" class=\"wp-image-16528\" style=\"width:800px\" srcset=\"https:\/\/mb2812.de\/wp-content\/uploads\/2025\/03\/IMG_1402-2593.jpg 1920w, https:\/\/mb2812.de\/wp-content\/uploads\/2025\/03\/IMG_1402-2593-300x240.jpg 300w, https:\/\/mb2812.de\/wp-content\/uploads\/2025\/03\/IMG_1402-2593-1024x819.jpg 1024w, https:\/\/mb2812.de\/wp-content\/uploads\/2025\/03\/IMG_1402-2593-768x614.jpg 768w, https:\/\/mb2812.de\/wp-content\/uploads\/2025\/03\/IMG_1402-2593-1536x1229.jpg 1536w\" sizes=\"auto, (max-width: 1920px) 100vw, 1920px\" \/><\/a><figcaption class=\"wp-element-caption\"><em>Am Turbinenplatz steht das aus der alten Giessereihalle von Escher-Wyss entstandene Puls 5 Geb\u00e4ude. Die neuen B\u00fcros, L\u00e4den und Restaurants sind um die alte Halle herum angelegt. Wir werfen mal einen Blick in die Halle<\/em><\/figcaption><\/figure>\n\n\n\n<figure class=\"wp-block-image aligncenter size-full is-resized\"><a href=\"https:\/\/mb2812.de\/wp-content\/uploads\/2025\/03\/IMG_1407.jpg\" target=\"_blank\" rel=\" noreferrer noopener\"><img loading=\"lazy\" decoding=\"async\" width=\"1920\" height=\"1536\" src=\"https:\/\/mb2812.de\/wp-content\/uploads\/2025\/03\/IMG_1407.jpg\" alt=\"\" class=\"wp-image-16529\" style=\"width:800px\" srcset=\"https:\/\/mb2812.de\/wp-content\/uploads\/2025\/03\/IMG_1407.jpg 1920w, https:\/\/mb2812.de\/wp-content\/uploads\/2025\/03\/IMG_1407-300x240.jpg 300w, https:\/\/mb2812.de\/wp-content\/uploads\/2025\/03\/IMG_1407-1024x819.jpg 1024w, https:\/\/mb2812.de\/wp-content\/uploads\/2025\/03\/IMG_1407-768x614.jpg 768w, https:\/\/mb2812.de\/wp-content\/uploads\/2025\/03\/IMG_1407-1536x1229.jpg 1536w\" sizes=\"auto, (max-width: 1920px) 100vw, 1920px\" \/><\/a><figcaption class=\"wp-element-caption\"><em>Noch ein Blick in die Giessereihalle<\/em><\/figcaption><\/figure>\n\n\n\n<p>Nach dem Rundgang steht dann das Abendessen auf dem Programm. Und da die Auswahl an Restaurants in fussl\u00e4ufiger Entfernung nicht so gro\u00df war, hatten wir uns das Restaurant im Hotel ausgesucht, \u201eRivelli\u201c hei\u00dft es und im Prinzip gibt\u2019s Pizza.<\/p>\n\n\n\n<p>Und das hat unsere eher schlechte Meinung vom gesamten Hotel best\u00e4tigt. Z. B. wurde nur 18:15 Uhr als m\u00f6gliche Zeit f\u00fcr eine Reservierung angezeigt, eigentlich gehen wir eher etwas sp\u00e4ter Essen. Wir denken also, dass es ziemlich voll sein m\u00fcsse und tauchen p\u00fcnktlich auf. Es sind auch alle Tische eingedeckt einschliesslich brennender Kerzen, aber das war es dann auch. W\u00e4hrend unseres Aufenthalts bis etwa 20 Uhr sind maximal drei Tische belegt. Ihr Reservierungssystem haben sie also eher nicht im Griff. Der Service war auch inkonsistent, mal war er freundlich, mal wurden wir komplett ignoriert.<\/p>\n\n\n\n<p>Auf die mit dem Restaurant verbundene Bar hatten wir danach nat\u00fcrlich keine Lust mehr und hier m\u00fcssen wir einen Aspekt des Hotels loben: Die Minibar auf dem Zimmer ist kostenlos und da waren auch zwei Bier drin, wir konnten den &#8222;Gute Nacht-Drink&#8220; auf dem Zimmer genie\u00dfen.<\/p>\n","protected":false},"excerpt":{"rendered":"<p>Am Mittwoch fahren wir von Salzburg nach Z\u00fcrich. Inzwischen stehen sie fast 20 Jahre im Einsatz, trotzdem ist es meine erste Fahrtmit einem \u00d6BB Railjet. In Z\u00fcrich \u00fcbernachten wir in einem Designer Hotel, dem &#8222;25 hours Z\u00fcrich West&#8220;, und wir machen am sp\u00e4ten Nachmittag noch einen kurzen Spaziergang durchs ehemalige Industriegebiet dort.<\/p>\n","protected":false},"author":1,"featured_media":16516,"comment_status":"closed","ping_status":"closed","sticky":false,"template":"","format":"standard","meta":{"footnotes":""},"categories":[385],"tags":[386,205,374,48,49,58],"class_list":["post-16515","post","type-post","status-publish","format-standard","has-post-thumbnail","hentry","category-salzburg-zuerich-2025","tag-386","tag-oesterreich","tag-salzburg","tag-schweiz","tag-zentralschweiz","tag-zuerich"],"_links":{"self":[{"href":"https:\/\/mb2812.de\/index.php?rest_route=\/wp\/v2\/posts\/16515","targetHints":{"allow":["GET"]}}],"collection":[{"href":"https:\/\/mb2812.de\/index.php?rest_route=\/wp\/v2\/posts"}],"about":[{"href":"https:\/\/mb2812.de\/index.php?rest_route=\/wp\/v2\/types\/post"}],"author":[{"embeddable":true,"href":"https:\/\/mb2812.de\/index.php?rest_route=\/wp\/v2\/users\/1"}],"replies":[{"embeddable":true,"href":"https:\/\/mb2812.de\/index.php?rest_route=%2Fwp%2Fv2%2Fcomments&post=16515"}],"version-history":[{"count":22,"href":"https:\/\/mb2812.de\/index.php?rest_route=\/wp\/v2\/posts\/16515\/revisions"}],"predecessor-version":[{"id":17463,"href":"https:\/\/mb2812.de\/index.php?rest_route=\/wp\/v2\/posts\/16515\/revisions\/17463"}],"wp:featuredmedia":[{"embeddable":true,"href":"https:\/\/mb2812.de\/index.php?rest_route=\/wp\/v2\/media\/16516"}],"wp:attachment":[{"href":"https:\/\/mb2812.de\/index.php?rest_route=%2Fwp%2Fv2%2Fmedia&parent=16515"}],"wp:term":[{"taxonomy":"category","embeddable":true,"href":"https:\/\/mb2812.de\/index.php?rest_route=%2Fwp%2Fv2%2Fcategories&post=16515"},{"taxonomy":"post_tag","embeddable":true,"href":"https:\/\/mb2812.de\/index.php?rest_route=%2Fwp%2Fv2%2Ftags&post=16515"}],"curies":[{"name":"wp","href":"https:\/\/api.w.org\/{rel}","templated":true}]}}