{"id":16462,"date":"2025-02-18T09:00:00","date_gmt":"2025-02-18T07:00:00","guid":{"rendered":"https:\/\/mb2812.de\/?p=16462"},"modified":"2025-05-27T10:14:38","modified_gmt":"2025-05-27T08:14:38","slug":"hallein","status":"publish","type":"post","link":"https:\/\/mb2812.de\/?p=16462","title":{"rendered":"Hallein"},"content":{"rendered":"\n<p>\u201eFr\u00fcher\u201c war Stephan h\u00e4ufiger im Salzburger Land, zusammen mit anderen Mitgliedern eines Vereins f\u00fcr H\u00f6hlenforschung  machte er damals Touren durch diverse H\u00f6hlen. Davon gibt es im Land Salzburg jede Menge, sogar eine gro\u00dfe Anzahl Schauh\u00f6hlen f\u00fcr weniger Abenteuerlustige.<\/p>\n\n\n\n<p>Standort war damals meistens ein kleines Dorf s\u00fcdlich Salzburg, Sankt Koloman. 2005 und auch 2006 waren Stephan und ich auch dort gewesen, um H\u00f6hlen k\u00fcmmerten wir uns aber nicht.<\/p>\n\n\n\n<p>In diese Richtung ging es heute und unser Ziel war eine k\u00fcnstliche H\u00f6hle, das ehemalige Salzbergwerk bei Hallein. Bereits die Kelten bauten vor \u00fcber 2000 Jahren dort Salz ab und der Salzabbau war Jahrhundertelang der Grund f\u00fcr den Reichtum und die Macht der Salzburger F\u00fcrsterzbisch\u00f6fe. Der moderne Bergwerksbetrieb endete jedoch 1989, als Schaubergwerk wird der Bergbaubetrieb aber weiter betrieben. Alle touristischen Informationen finden sich auf deren Webseite: <a href=\"https:\/\/www.salzwelten.at\/de\/salzburg\" target=\"_blank\" rel=\"noreferrer noopener\">Salzwelten Salzburg. <\/a><\/p>\n\n\n\n<p>Ein Fazit kann man vorweg ziehen. Mit \u00f6ffentlichen Verkehrsmitteln ist das Ganze ein kompletter Tagesausflug, die \u201eAnschl\u00fcsse\u201c passen nur selten und es gibt fast immer l\u00e4ngere Wartezeiten, vom Zug auf den Bus, bis zur n\u00e4chsten F\u00fchrung, usw. Mehr wie den Besuch des Bergwerks und einen kurzen Spaziergang durch Hallein haben wir daher nicht geschafft, bei sch\u00f6nem Wetter im Sommer w\u00e4ren wohl nach das Keltendorf neben dem Bergwerk mit drin gewesen und der Rundgang in Hallein w\u00e4re ausf\u00fchrlicher gewesen.<\/p>\n\n\n\n<p>Also die Anreise: Hallein liegt s\u00fcdlich von Salzburg, wir fahren daher mit dem O-Bus die wenigen Haltestellen bis zum Bahnhof Salzburg S\u00fcd. Dort steigen wir um in die halbst\u00fcndlich verkehrende S-Bahn, die uns in 12 Minuten nach Hallein bringt. Die Umsteigezeit zum st\u00fcndlich verkehrenden Bus reicht f\u00fcr einen kurzen Spaziergang bis zur Salzachbr\u00fccke.<br><\/p>\n\n\n\n<figure class=\"wp-block-image aligncenter size-full is-resized\"><a href=\"https:\/\/mb2812.de\/wp-content\/uploads\/2025\/02\/IMG_7696.jpg\" target=\"_blank\" rel=\" noreferrer noopener\"><img loading=\"lazy\" decoding=\"async\" width=\"1920\" height=\"1536\" src=\"https:\/\/mb2812.de\/wp-content\/uploads\/2025\/02\/IMG_7696.jpg\" alt=\"\" class=\"wp-image-16463\" style=\"width:800px\" srcset=\"https:\/\/mb2812.de\/wp-content\/uploads\/2025\/02\/IMG_7696.jpg 1920w, https:\/\/mb2812.de\/wp-content\/uploads\/2025\/02\/IMG_7696-300x240.jpg 300w, https:\/\/mb2812.de\/wp-content\/uploads\/2025\/02\/IMG_7696-1024x819.jpg 1024w, https:\/\/mb2812.de\/wp-content\/uploads\/2025\/02\/IMG_7696-768x614.jpg 768w, https:\/\/mb2812.de\/wp-content\/uploads\/2025\/02\/IMG_7696-1536x1229.jpg 1536w\" sizes=\"auto, (max-width: 1920px) 100vw, 1920px\" \/><\/a><figcaption class=\"wp-element-caption\"><em>Der Rainerkai von der Stadtbr\u00fccke  aus gesehen<\/em><\/figcaption><\/figure>\n\n\n\n<figure class=\"wp-block-image aligncenter size-full is-resized\"><a href=\"https:\/\/mb2812.de\/wp-content\/uploads\/2025\/02\/IMG_7703.jpg\"><img loading=\"lazy\" decoding=\"async\" width=\"1440\" height=\"1920\" src=\"https:\/\/mb2812.de\/wp-content\/uploads\/2025\/02\/IMG_7703.jpg\" alt=\"\" class=\"wp-image-16464\" style=\"width:600px;height:auto\" srcset=\"https:\/\/mb2812.de\/wp-content\/uploads\/2025\/02\/IMG_7703.jpg 1440w, https:\/\/mb2812.de\/wp-content\/uploads\/2025\/02\/IMG_7703-225x300.jpg 225w, https:\/\/mb2812.de\/wp-content\/uploads\/2025\/02\/IMG_7703-768x1024.jpg 768w, https:\/\/mb2812.de\/wp-content\/uploads\/2025\/02\/IMG_7703-1152x1536.jpg 1152w\" sizes=\"auto, (max-width: 1440px) 100vw, 1440px\" \/><\/a><figcaption class=\"wp-element-caption\"><em>Am Rainerkai, rechts das Grabnerhaus. Hier befand sich ab 1937 die Salamifabrik Grabner, das Firmenemblem findet sich noch an der Wand<\/em><\/figcaption><\/figure>\n\n\n\n<figure class=\"wp-block-image aligncenter size-full is-resized\"><a href=\"https:\/\/mb2812.de\/wp-content\/uploads\/2025\/02\/IMG_7698.jpg\" target=\"_blank\" rel=\" noreferrer noopener\"><img loading=\"lazy\" decoding=\"async\" width=\"1440\" height=\"1920\" src=\"https:\/\/mb2812.de\/wp-content\/uploads\/2025\/02\/IMG_7698.jpg\" alt=\"\" class=\"wp-image-16465\" style=\"width:600px\" srcset=\"https:\/\/mb2812.de\/wp-content\/uploads\/2025\/02\/IMG_7698.jpg 1440w, https:\/\/mb2812.de\/wp-content\/uploads\/2025\/02\/IMG_7698-225x300.jpg 225w, https:\/\/mb2812.de\/wp-content\/uploads\/2025\/02\/IMG_7698-768x1024.jpg 768w, https:\/\/mb2812.de\/wp-content\/uploads\/2025\/02\/IMG_7698-1152x1536.jpg 1152w\" sizes=\"auto, (max-width: 1440px) 100vw, 1440px\" \/><\/a><figcaption class=\"wp-element-caption\"><em>Die Thunstra\u00dfe &#8211; linke Seite<\/em><\/figcaption><\/figure>\n\n\n\n<figure class=\"wp-block-image aligncenter size-full is-resized\"><a href=\"https:\/\/mb2812.de\/wp-content\/uploads\/2025\/02\/IMG_7700-2597.jpg\" target=\"_blank\" rel=\" noreferrer noopener\"><img loading=\"lazy\" decoding=\"async\" width=\"1440\" height=\"1920\" src=\"https:\/\/mb2812.de\/wp-content\/uploads\/2025\/02\/IMG_7700-2597.jpg\" alt=\"\" class=\"wp-image-16466\" style=\"width:600px\" srcset=\"https:\/\/mb2812.de\/wp-content\/uploads\/2025\/02\/IMG_7700-2597.jpg 1440w, https:\/\/mb2812.de\/wp-content\/uploads\/2025\/02\/IMG_7700-2597-225x300.jpg 225w, https:\/\/mb2812.de\/wp-content\/uploads\/2025\/02\/IMG_7700-2597-768x1024.jpg 768w, https:\/\/mb2812.de\/wp-content\/uploads\/2025\/02\/IMG_7700-2597-1152x1536.jpg 1152w\" sizes=\"auto, (max-width: 1440px) 100vw, 1440px\" \/><\/a><figcaption class=\"wp-element-caption\"><em>und auch die rechte Stra\u00dfenseite habe ich fotografiert<\/em><\/figcaption><\/figure>\n\n\n\n<p>Dann gehen wir wieder zum Bahnhof und es geht weiter, eine kurze 10min\u00fctige Busfahrt bringt uns den Berg hoch nach Bad D\u00fcrrnberg zum Museumseingang. Dann heisst es schon wieder warten, es sind noch 45 Minuten bis zur n\u00e4chsten F\u00fchrung.<\/p>\n\n\n\n<p>Zum Besuch des Salzbergwerks: Am Anfang gibt es einen einf\u00fchrenden Film, dann muss man Schutzkleidung anziehen und mit der Grubenbahn geht es  ins Bergwerk hinein.<\/p>\n\n\n\n<figure class=\"wp-block-image aligncenter size-full is-resized\"><a href=\"https:\/\/mb2812.de\/wp-content\/uploads\/2025\/02\/IMG_1314.jpg\" target=\"_blank\" rel=\" noreferrer noopener\"><img loading=\"lazy\" decoding=\"async\" width=\"1440\" height=\"1920\" src=\"https:\/\/mb2812.de\/wp-content\/uploads\/2025\/02\/IMG_1314.jpg\" alt=\"\" class=\"wp-image-16467\" style=\"width:600px\" srcset=\"https:\/\/mb2812.de\/wp-content\/uploads\/2025\/02\/IMG_1314.jpg 1440w, https:\/\/mb2812.de\/wp-content\/uploads\/2025\/02\/IMG_1314-225x300.jpg 225w, https:\/\/mb2812.de\/wp-content\/uploads\/2025\/02\/IMG_1314-768x1024.jpg 768w, https:\/\/mb2812.de\/wp-content\/uploads\/2025\/02\/IMG_1314-1152x1536.jpg 1152w\" sizes=\"auto, (max-width: 1440px) 100vw, 1440px\" \/><\/a><figcaption class=\"wp-element-caption\"><em>So sehen die Stollen aus. Am Anfang f\u00e4hrt man mit einer Grubenbahn, danach darf man zu Fu\u00df weiterlaufen<\/em><\/figcaption><\/figure>\n\n\n\n<figure class=\"wp-block-image aligncenter size-full is-resized\"><a href=\"https:\/\/mb2812.de\/wp-content\/uploads\/2025\/02\/IMG_1249-2596.jpg\" target=\"_blank\" rel=\" noreferrer noopener\"><img loading=\"lazy\" decoding=\"async\" width=\"1440\" height=\"1920\" src=\"https:\/\/mb2812.de\/wp-content\/uploads\/2025\/02\/IMG_1249-2596.jpg\" alt=\"\" class=\"wp-image-16468\" style=\"width:600px\" srcset=\"https:\/\/mb2812.de\/wp-content\/uploads\/2025\/02\/IMG_1249-2596.jpg 1440w, https:\/\/mb2812.de\/wp-content\/uploads\/2025\/02\/IMG_1249-2596-225x300.jpg 225w, https:\/\/mb2812.de\/wp-content\/uploads\/2025\/02\/IMG_1249-2596-768x1024.jpg 768w, https:\/\/mb2812.de\/wp-content\/uploads\/2025\/02\/IMG_1249-2596-1152x1536.jpg 1152w\" sizes=\"auto, (max-width: 1440px) 100vw, 1440px\" \/><\/a><figcaption class=\"wp-element-caption\"><em>Mit der Grubenbahn kommen wir an der Ruprecht Kapelle vorbei<\/em><\/figcaption><\/figure>\n\n\n\n<figure class=\"wp-block-image aligncenter size-full is-resized\"><a href=\"https:\/\/mb2812.de\/wp-content\/uploads\/2025\/02\/IMG_1248.jpg\" target=\"_blank\" rel=\" noreferrer noopener\"><img loading=\"lazy\" decoding=\"async\" width=\"1440\" height=\"1920\" src=\"https:\/\/mb2812.de\/wp-content\/uploads\/2025\/02\/IMG_1248.jpg\" alt=\"\" class=\"wp-image-16469\" style=\"width:600px\" srcset=\"https:\/\/mb2812.de\/wp-content\/uploads\/2025\/02\/IMG_1248.jpg 1440w, https:\/\/mb2812.de\/wp-content\/uploads\/2025\/02\/IMG_1248-225x300.jpg 225w, https:\/\/mb2812.de\/wp-content\/uploads\/2025\/02\/IMG_1248-768x1024.jpg 768w, https:\/\/mb2812.de\/wp-content\/uploads\/2025\/02\/IMG_1248-1152x1536.jpg 1152w\" sizes=\"auto, (max-width: 1440px) 100vw, 1440px\" \/><\/a><figcaption class=\"wp-element-caption\"><em>Daneben h\u00e4ngt eine der heiligen Barbara gewidmete Tafel<\/em><\/figcaption><\/figure>\n\n\n\n<figure class=\"wp-block-image aligncenter size-full is-resized\"><a href=\"https:\/\/mb2812.de\/wp-content\/uploads\/2025\/02\/IMG_7705.jpg\"><img loading=\"lazy\" decoding=\"async\" width=\"1920\" height=\"1536\" src=\"https:\/\/mb2812.de\/wp-content\/uploads\/2025\/02\/IMG_7705.jpg\" alt=\"\" class=\"wp-image-16470\" style=\"width:800px\" srcset=\"https:\/\/mb2812.de\/wp-content\/uploads\/2025\/02\/IMG_7705.jpg 1920w, https:\/\/mb2812.de\/wp-content\/uploads\/2025\/02\/IMG_7705-300x240.jpg 300w, https:\/\/mb2812.de\/wp-content\/uploads\/2025\/02\/IMG_7705-1024x819.jpg 1024w, https:\/\/mb2812.de\/wp-content\/uploads\/2025\/02\/IMG_7705-768x614.jpg 768w, https:\/\/mb2812.de\/wp-content\/uploads\/2025\/02\/IMG_7705-1536x1229.jpg 1536w\" sizes=\"auto, (max-width: 1920px) 100vw, 1920px\" \/><\/a><figcaption class=\"wp-element-caption\"><em>An diversen Stationen wird der Bergbau erkl\u00e4rt. An der ersten Station der moderne Salzabbau, hier erl\u00e4utert der Tour F\u00fchrer eine der verwendeten Bohrmaschinen<\/em><\/figcaption><\/figure>\n\n\n\n<figure class=\"wp-block-image aligncenter size-full is-resized\"><a href=\"https:\/\/mb2812.de\/wp-content\/uploads\/2025\/02\/IMG_1313.jpg\"><img loading=\"lazy\" decoding=\"async\" width=\"1440\" height=\"1920\" src=\"https:\/\/mb2812.de\/wp-content\/uploads\/2025\/02\/IMG_1313.jpg\" alt=\"\" class=\"wp-image-16472\" style=\"width:600px\" srcset=\"https:\/\/mb2812.de\/wp-content\/uploads\/2025\/02\/IMG_1313.jpg 1440w, https:\/\/mb2812.de\/wp-content\/uploads\/2025\/02\/IMG_1313-225x300.jpg 225w, https:\/\/mb2812.de\/wp-content\/uploads\/2025\/02\/IMG_1313-768x1024.jpg 768w, https:\/\/mb2812.de\/wp-content\/uploads\/2025\/02\/IMG_1313-1152x1536.jpg 1152w\" sizes=\"auto, (max-width: 1440px) 100vw, 1440px\" \/><\/a><figcaption class=\"wp-element-caption\"><em>Und weiter geht\u2019s, zu Fu\u00df durch Stollen, zweimal mittels Rutsche auf tiefere Ebenen, und auch eine kurze Bootsfahrt \u00fcber einen See mit multimedialer Begleitung wird geboten<\/em><\/figcaption><\/figure>\n\n\n\n<figure class=\"wp-block-image aligncenter size-full is-resized\"><a href=\"https:\/\/mb2812.de\/wp-content\/uploads\/2025\/02\/IMG_1305.jpg\" target=\"_blank\" rel=\" noreferrer noopener\"><img loading=\"lazy\" decoding=\"async\" width=\"1920\" height=\"1536\" src=\"https:\/\/mb2812.de\/wp-content\/uploads\/2025\/02\/IMG_1305.jpg\" alt=\"\" class=\"wp-image-16471\" style=\"width:800px\" srcset=\"https:\/\/mb2812.de\/wp-content\/uploads\/2025\/02\/IMG_1305.jpg 1920w, https:\/\/mb2812.de\/wp-content\/uploads\/2025\/02\/IMG_1305-300x240.jpg 300w, https:\/\/mb2812.de\/wp-content\/uploads\/2025\/02\/IMG_1305-1024x819.jpg 1024w, https:\/\/mb2812.de\/wp-content\/uploads\/2025\/02\/IMG_1305-768x614.jpg 768w, https:\/\/mb2812.de\/wp-content\/uploads\/2025\/02\/IMG_1305-1536x1229.jpg 1536w\" sizes=\"auto, (max-width: 1920px) 100vw, 1920px\" \/><\/a><figcaption class=\"wp-element-caption\"><em>Der F\u00fchrer zeigt und erl\u00e4utert Salzadern im Gestein. In der Vitrine sind diverse Salzkristalle ausgestellt<\/em><\/figcaption><\/figure>\n\n\n\n<p>Ca. 75 Minuten dauert das Ganze. Wieder Oben angekommen stellen wir fest, das der n\u00e4chste Bus in 45 Minuten f\u00e4hrt und nutzen die Pause f\u00fcr einen Imbiss im Caf\u00e9 des Bergwerks.<\/p>\n\n\n\n<p>An der Stadtbr\u00fccke steigen wir aus und versuchen uns an einem Rundgang durch Hallein, weit kommen wir aber nicht. Uns ist schlicht zu kalt nach dem ewigen Warten. Ein paar Fotos gibt es dennoch.<\/p>\n\n\n\n<figure class=\"wp-block-image aligncenter size-full is-resized\"><a href=\"https:\/\/mb2812.de\/wp-content\/uploads\/2025\/02\/IMG_1345.jpg\" target=\"_blank\" rel=\" noreferrer noopener\"><img loading=\"lazy\" decoding=\"async\" width=\"1920\" height=\"1536\" src=\"https:\/\/mb2812.de\/wp-content\/uploads\/2025\/02\/IMG_1345.jpg\" alt=\"\" class=\"wp-image-16473\" style=\"width:800px\" srcset=\"https:\/\/mb2812.de\/wp-content\/uploads\/2025\/02\/IMG_1345.jpg 1920w, https:\/\/mb2812.de\/wp-content\/uploads\/2025\/02\/IMG_1345-300x240.jpg 300w, https:\/\/mb2812.de\/wp-content\/uploads\/2025\/02\/IMG_1345-1024x819.jpg 1024w, https:\/\/mb2812.de\/wp-content\/uploads\/2025\/02\/IMG_1345-768x614.jpg 768w, https:\/\/mb2812.de\/wp-content\/uploads\/2025\/02\/IMG_1345-1536x1229.jpg 1536w\" sizes=\"auto, (max-width: 1920px) 100vw, 1920px\" \/><\/a><figcaption class=\"wp-element-caption\"><em>Der<\/em> <em>Bayrhamer Platz<\/em><\/figcaption><\/figure>\n\n\n\n<figure class=\"wp-block-image aligncenter size-full is-resized\"><a href=\"https:\/\/mb2812.de\/wp-content\/uploads\/2025\/02\/IMG_1347.jpg\" target=\"_blank\" rel=\" noreferrer noopener\"><img loading=\"lazy\" decoding=\"async\" width=\"1920\" height=\"1536\" src=\"https:\/\/mb2812.de\/wp-content\/uploads\/2025\/02\/IMG_1347.jpg\" alt=\"\" class=\"wp-image-16474\" style=\"width:800px\" srcset=\"https:\/\/mb2812.de\/wp-content\/uploads\/2025\/02\/IMG_1347.jpg 1920w, https:\/\/mb2812.de\/wp-content\/uploads\/2025\/02\/IMG_1347-300x240.jpg 300w, https:\/\/mb2812.de\/wp-content\/uploads\/2025\/02\/IMG_1347-1024x819.jpg 1024w, https:\/\/mb2812.de\/wp-content\/uploads\/2025\/02\/IMG_1347-768x614.jpg 768w, https:\/\/mb2812.de\/wp-content\/uploads\/2025\/02\/IMG_1347-1536x1229.jpg 1536w\" sizes=\"auto, (max-width: 1920px) 100vw, 1920px\" \/><\/a><figcaption class=\"wp-element-caption\"><em>Am<\/em> <em>Unteren Markt, der Turm im Hintergrund geh\u00f6rt zur Stadtpfarrkirche<\/em><\/figcaption><\/figure>\n\n\n\n<figure class=\"wp-block-image aligncenter size-full is-resized\"><a href=\"https:\/\/mb2812.de\/wp-content\/uploads\/2025\/02\/IMG_7710.jpg\" target=\"_blank\" rel=\" noreferrer noopener\"><img loading=\"lazy\" decoding=\"async\" width=\"1440\" height=\"1920\" src=\"https:\/\/mb2812.de\/wp-content\/uploads\/2025\/02\/IMG_7710.jpg\" alt=\"\" class=\"wp-image-16475\" style=\"width:600px\" srcset=\"https:\/\/mb2812.de\/wp-content\/uploads\/2025\/02\/IMG_7710.jpg 1440w, https:\/\/mb2812.de\/wp-content\/uploads\/2025\/02\/IMG_7710-225x300.jpg 225w, https:\/\/mb2812.de\/wp-content\/uploads\/2025\/02\/IMG_7710-768x1024.jpg 768w, https:\/\/mb2812.de\/wp-content\/uploads\/2025\/02\/IMG_7710-1152x1536.jpg 1152w\" sizes=\"auto, (max-width: 1440px) 100vw, 1440px\" \/><\/a><figcaption class=\"wp-element-caption\"><em>Die Ecke Kornsteinplatz\/Postgasse<\/em><\/figcaption><\/figure>\n\n\n\n<figure class=\"wp-block-image aligncenter size-full is-resized\"><a href=\"https:\/\/mb2812.de\/wp-content\/uploads\/2025\/02\/IMG_7712.jpg\" target=\"_blank\" rel=\" noreferrer noopener\"><img loading=\"lazy\" decoding=\"async\" width=\"1440\" height=\"1920\" src=\"https:\/\/mb2812.de\/wp-content\/uploads\/2025\/02\/IMG_7712.jpg\" alt=\"\" class=\"wp-image-16476\" style=\"width:600px\" srcset=\"https:\/\/mb2812.de\/wp-content\/uploads\/2025\/02\/IMG_7712.jpg 1440w, https:\/\/mb2812.de\/wp-content\/uploads\/2025\/02\/IMG_7712-225x300.jpg 225w, https:\/\/mb2812.de\/wp-content\/uploads\/2025\/02\/IMG_7712-768x1024.jpg 768w, https:\/\/mb2812.de\/wp-content\/uploads\/2025\/02\/IMG_7712-1152x1536.jpg 1152w\" sizes=\"auto, (max-width: 1440px) 100vw, 1440px\" \/><\/a><figcaption class=\"wp-element-caption\"><em>Die Nordseite des Kornsteinplatzes<\/em><\/figcaption><\/figure>\n\n\n\n<p>Mit S-Bahn und O-Bus geht es dann wieder zur\u00fcck zum Hotel.<\/p>\n\n\n\n<p>Nach einer Pause steht das Abendessen auf dem Programm, reserviert haben wir heute im Braurestaurant Imlauer rechts der Salzach, ganz in der N\u00e4he des Hauptbahnhofs. <\/p>\n\n\n\n<figure class=\"wp-block-image aligncenter size-full is-resized\"><a href=\"https:\/\/mb2812.de\/wp-content\/uploads\/2025\/02\/IMG_1364.jpg\" target=\"_blank\" rel=\" noreferrer noopener\"><img loading=\"lazy\" decoding=\"async\" width=\"1920\" height=\"1536\" src=\"https:\/\/mb2812.de\/wp-content\/uploads\/2025\/02\/IMG_1364.jpg\" alt=\"\" class=\"wp-image-16477\" style=\"width:800px\" srcset=\"https:\/\/mb2812.de\/wp-content\/uploads\/2025\/02\/IMG_1364.jpg 1920w, https:\/\/mb2812.de\/wp-content\/uploads\/2025\/02\/IMG_1364-300x240.jpg 300w, https:\/\/mb2812.de\/wp-content\/uploads\/2025\/02\/IMG_1364-1024x819.jpg 1024w, https:\/\/mb2812.de\/wp-content\/uploads\/2025\/02\/IMG_1364-768x614.jpg 768w, https:\/\/mb2812.de\/wp-content\/uploads\/2025\/02\/IMG_1364-1536x1229.jpg 1536w\" sizes=\"auto, (max-width: 1920px) 100vw, 1920px\" \/><\/a><figcaption class=\"wp-element-caption\"><em>Das Hotel Imlauer mit dem Braurestaurant<\/em><\/figcaption><\/figure>\n\n\n\n<figure class=\"wp-block-image aligncenter size-full is-resized\"><a href=\"https:\/\/mb2812.de\/wp-content\/uploads\/2025\/02\/IMG_7717.jpg\" target=\"_blank\" rel=\" noreferrer noopener\"><img loading=\"lazy\" decoding=\"async\" width=\"1920\" height=\"1536\" src=\"https:\/\/mb2812.de\/wp-content\/uploads\/2025\/02\/IMG_7717.jpg\" alt=\"\" class=\"wp-image-16478\" style=\"width:800px\" srcset=\"https:\/\/mb2812.de\/wp-content\/uploads\/2025\/02\/IMG_7717.jpg 1920w, https:\/\/mb2812.de\/wp-content\/uploads\/2025\/02\/IMG_7717-300x240.jpg 300w, https:\/\/mb2812.de\/wp-content\/uploads\/2025\/02\/IMG_7717-1024x819.jpg 1024w, https:\/\/mb2812.de\/wp-content\/uploads\/2025\/02\/IMG_7717-768x614.jpg 768w, https:\/\/mb2812.de\/wp-content\/uploads\/2025\/02\/IMG_7717-1536x1229.jpg 1536w\" sizes=\"auto, (max-width: 1920px) 100vw, 1920px\" \/><\/a><figcaption class=\"wp-element-caption\"><em>Da sitzen wir, die Vorspeise ist bereits serviert<\/em><\/figcaption><\/figure>\n","protected":false},"excerpt":{"rendered":"<p>Von Hallein aus erreicht man das Salzbergwerk in Bad D\u00fcrrnberg, das 1989 stillgelegt wurde und seitdem als Schaubergwerk besichtigt werden kann, was wir gemacht haben.<\/p>\n","protected":false},"author":1,"featured_media":16470,"comment_status":"closed","ping_status":"closed","sticky":false,"template":"","format":"standard","meta":{"footnotes":""},"categories":[385],"tags":[386,388,205,389,374],"class_list":["post-16462","post","type-post","status-publish","format-standard","has-post-thumbnail","hentry","category-salzburg-zuerich-2025","tag-386","tag-hallein","tag-oesterreich","tag-salzbergwerk","tag-salzburg"],"_links":{"self":[{"href":"https:\/\/mb2812.de\/index.php?rest_route=\/wp\/v2\/posts\/16462","targetHints":{"allow":["GET"]}}],"collection":[{"href":"https:\/\/mb2812.de\/index.php?rest_route=\/wp\/v2\/posts"}],"about":[{"href":"https:\/\/mb2812.de\/index.php?rest_route=\/wp\/v2\/types\/post"}],"author":[{"embeddable":true,"href":"https:\/\/mb2812.de\/index.php?rest_route=\/wp\/v2\/users\/1"}],"replies":[{"embeddable":true,"href":"https:\/\/mb2812.de\/index.php?rest_route=%2Fwp%2Fv2%2Fcomments&post=16462"}],"version-history":[{"count":15,"href":"https:\/\/mb2812.de\/index.php?rest_route=\/wp\/v2\/posts\/16462\/revisions"}],"predecessor-version":[{"id":17461,"href":"https:\/\/mb2812.de\/index.php?rest_route=\/wp\/v2\/posts\/16462\/revisions\/17461"}],"wp:featuredmedia":[{"embeddable":true,"href":"https:\/\/mb2812.de\/index.php?rest_route=\/wp\/v2\/media\/16470"}],"wp:attachment":[{"href":"https:\/\/mb2812.de\/index.php?rest_route=%2Fwp%2Fv2%2Fmedia&parent=16462"}],"wp:term":[{"taxonomy":"category","embeddable":true,"href":"https:\/\/mb2812.de\/index.php?rest_route=%2Fwp%2Fv2%2Fcategories&post=16462"},{"taxonomy":"post_tag","embeddable":true,"href":"https:\/\/mb2812.de\/index.php?rest_route=%2Fwp%2Fv2%2Ftags&post=16462"}],"curies":[{"name":"wp","href":"https:\/\/api.w.org\/{rel}","templated":true}]}}