{"id":16409,"date":"2025-02-17T09:00:00","date_gmt":"2025-02-17T07:00:00","guid":{"rendered":"https:\/\/mb2812.de\/?p=16409"},"modified":"2025-05-27T10:12:25","modified_gmt":"2025-05-27T08:12:25","slug":"salzburg","status":"publish","type":"post","link":"https:\/\/mb2812.de\/?p=16409","title":{"rendered":"Salzburg"},"content":{"rendered":"\n<p>Heute wollen wir uns Salzburg anschauen, insbesondere die H\u00fcgel in der Stadt. Wir starten mit dem M\u00f6nchsberg. Nat\u00fcrlich m\u00fcssen wir erstmal dahin kommen. Das geschieht wie \u00fcblich mit dem O-Bus, die Linie 8 h\u00e4lt vor dem Hotel und f\u00e4hrt direkt bis zum M\u00f6nchsberg Aufzug.<\/p>\n\n\n\n<figure class=\"wp-block-image aligncenter size-full\"><a href=\"https:\/\/mb2812.de\/wp-content\/uploads\/2025\/02\/IMG_7657.jpg\" target=\"_blank\" rel=\" noreferrer noopener\"><img loading=\"lazy\" decoding=\"async\" width=\"1920\" height=\"1536\" src=\"https:\/\/mb2812.de\/wp-content\/uploads\/2025\/02\/IMG_7657.jpg\" alt=\"\" class=\"wp-image-16410\" srcset=\"https:\/\/mb2812.de\/wp-content\/uploads\/2025\/02\/IMG_7657.jpg 1920w, https:\/\/mb2812.de\/wp-content\/uploads\/2025\/02\/IMG_7657-300x240.jpg 300w, https:\/\/mb2812.de\/wp-content\/uploads\/2025\/02\/IMG_7657-1024x819.jpg 1024w, https:\/\/mb2812.de\/wp-content\/uploads\/2025\/02\/IMG_7657-768x614.jpg 768w, https:\/\/mb2812.de\/wp-content\/uploads\/2025\/02\/IMG_7657-1536x1229.jpg 1536w\" sizes=\"auto, (max-width: 1920px) 100vw, 1920px\" \/><\/a><figcaption class=\"wp-element-caption\"><em>Beim Warten fotografieren wir einen aus der Stadt kommenden Wagen an der Kreuzung vor dem Hotel. Beim O-Bus 287 handelt es sich u einen der \u00e4ltesten eingesetzten O-Busse, die Serie wurde 2000-2005 gebaut.<\/em><\/figcaption><\/figure>\n\n\n\n<p>F\u00fcr 3,20 Euro k\u00f6nnen wir die 30 Sekunden lange Fahrt mit dem Aufzug genie\u00dfen und werden 60 Meter nach oben bef\u00f6rdert.<\/p>\n\n\n\n<figure class=\"wp-block-image aligncenter size-full\"><a href=\"https:\/\/mb2812.de\/wp-content\/uploads\/2025\/02\/IMG_7664-2564.jpg\" target=\"_blank\" rel=\" noreferrer noopener\"><img loading=\"lazy\" decoding=\"async\" width=\"1920\" height=\"1536\" src=\"https:\/\/mb2812.de\/wp-content\/uploads\/2025\/02\/IMG_7664-2564.jpg\" alt=\"\" class=\"wp-image-16411\" srcset=\"https:\/\/mb2812.de\/wp-content\/uploads\/2025\/02\/IMG_7664-2564.jpg 1920w, https:\/\/mb2812.de\/wp-content\/uploads\/2025\/02\/IMG_7664-2564-300x240.jpg 300w, https:\/\/mb2812.de\/wp-content\/uploads\/2025\/02\/IMG_7664-2564-1024x819.jpg 1024w, https:\/\/mb2812.de\/wp-content\/uploads\/2025\/02\/IMG_7664-2564-768x614.jpg 768w, https:\/\/mb2812.de\/wp-content\/uploads\/2025\/02\/IMG_7664-2564-1536x1229.jpg 1536w\" sizes=\"auto, (max-width: 1920px) 100vw, 1920px\" \/><\/a><figcaption class=\"wp-element-caption\"><em>Da sind wir, dies sind die Eingangst\u00fcren des M\u00f6nchsbergaufzug oben auf dem Berg.<\/em><\/figcaption><\/figure>\n\n\n\n<figure class=\"wp-block-image aligncenter size-full\"><a href=\"https:\/\/mb2812.de\/wp-content\/uploads\/2025\/02\/IMG_1072-2565.jpg\" target=\"_blank\" rel=\" noreferrer noopener\"><img loading=\"lazy\" decoding=\"async\" width=\"1920\" height=\"1536\" src=\"https:\/\/mb2812.de\/wp-content\/uploads\/2025\/02\/IMG_1072-2565.jpg\" alt=\"\" class=\"wp-image-16412\" srcset=\"https:\/\/mb2812.de\/wp-content\/uploads\/2025\/02\/IMG_1072-2565.jpg 1920w, https:\/\/mb2812.de\/wp-content\/uploads\/2025\/02\/IMG_1072-2565-300x240.jpg 300w, https:\/\/mb2812.de\/wp-content\/uploads\/2025\/02\/IMG_1072-2565-1024x819.jpg 1024w, https:\/\/mb2812.de\/wp-content\/uploads\/2025\/02\/IMG_1072-2565-768x614.jpg 768w, https:\/\/mb2812.de\/wp-content\/uploads\/2025\/02\/IMG_1072-2565-1536x1229.jpg 1536w\" sizes=\"auto, (max-width: 1920px) 100vw, 1920px\" \/><\/a><figcaption class=\"wp-element-caption\"><em>Direkt daneben ist der Eingang ins Museum der Moderne.<\/em> <em>Allerdings haben wir Montag und da ist das Museum geschlossen.<\/em><\/figcaption><\/figure>\n\n\n\n<p>Wir gehen also nach drau\u00dfen und da haben wir ihn dann auch gleich, den Blick hinunter auf Salzburg.<\/p>\n\n\n\n<figure class=\"wp-block-image aligncenter size-full is-resized\"><a href=\"https:\/\/mb2812.de\/wp-content\/uploads\/2025\/02\/DSC01538-2563.jpg\" target=\"_blank\" rel=\" noreferrer noopener\"><img loading=\"lazy\" decoding=\"async\" width=\"1440\" height=\"1920\" src=\"https:\/\/mb2812.de\/wp-content\/uploads\/2025\/02\/DSC01538-2563.jpg\" alt=\"\" class=\"wp-image-16413\" style=\"width:600px\" srcset=\"https:\/\/mb2812.de\/wp-content\/uploads\/2025\/02\/DSC01538-2563.jpg 1440w, https:\/\/mb2812.de\/wp-content\/uploads\/2025\/02\/DSC01538-2563-225x300.jpg 225w, https:\/\/mb2812.de\/wp-content\/uploads\/2025\/02\/DSC01538-2563-768x1024.jpg 768w, https:\/\/mb2812.de\/wp-content\/uploads\/2025\/02\/DSC01538-2563-1152x1536.jpg 1152w\" sizes=\"auto, (max-width: 1440px) 100vw, 1440px\" \/><\/a><figcaption class=\"wp-element-caption\"><em>Die Festung \u00fcber die D\u00e4cher der Altstadt hinweg<\/em><\/figcaption><\/figure>\n\n\n\n<figure class=\"wp-block-image aligncenter size-full is-resized\"><a href=\"https:\/\/mb2812.de\/wp-content\/uploads\/2025\/02\/DSC01543-2574.jpg\" target=\"_blank\" rel=\" noreferrer noopener\"><img loading=\"lazy\" decoding=\"async\" width=\"1920\" height=\"1536\" src=\"https:\/\/mb2812.de\/wp-content\/uploads\/2025\/02\/DSC01543-2574.jpg\" alt=\"\" class=\"wp-image-16414\" style=\"width:800px\" srcset=\"https:\/\/mb2812.de\/wp-content\/uploads\/2025\/02\/DSC01543-2574.jpg 1920w, https:\/\/mb2812.de\/wp-content\/uploads\/2025\/02\/DSC01543-2574-300x240.jpg 300w, https:\/\/mb2812.de\/wp-content\/uploads\/2025\/02\/DSC01543-2574-1024x819.jpg 1024w, https:\/\/mb2812.de\/wp-content\/uploads\/2025\/02\/DSC01543-2574-768x614.jpg 768w, https:\/\/mb2812.de\/wp-content\/uploads\/2025\/02\/DSC01543-2574-1536x1229.jpg 1536w\" sizes=\"auto, (max-width: 1920px) 100vw, 1920px\" \/><\/a><figcaption class=\"wp-element-caption\"><em>Rechts der Salzach der Kapuzinerberg<\/em><\/figcaption><\/figure>\n\n\n\n<figure class=\"wp-block-image aligncenter size-full is-resized\"><a href=\"https:\/\/mb2812.de\/wp-content\/uploads\/2025\/02\/DSC01545-2583.jpg\" target=\"_blank\" rel=\" noreferrer noopener\"><img loading=\"lazy\" decoding=\"async\" width=\"1920\" height=\"1536\" src=\"https:\/\/mb2812.de\/wp-content\/uploads\/2025\/02\/DSC01545-2583.jpg\" alt=\"\" class=\"wp-image-16415\" style=\"width:800px\" srcset=\"https:\/\/mb2812.de\/wp-content\/uploads\/2025\/02\/DSC01545-2583.jpg 1920w, https:\/\/mb2812.de\/wp-content\/uploads\/2025\/02\/DSC01545-2583-300x240.jpg 300w, https:\/\/mb2812.de\/wp-content\/uploads\/2025\/02\/DSC01545-2583-1024x819.jpg 1024w, https:\/\/mb2812.de\/wp-content\/uploads\/2025\/02\/DSC01545-2583-768x614.jpg 768w, https:\/\/mb2812.de\/wp-content\/uploads\/2025\/02\/DSC01545-2583-1536x1229.jpg 1536w\" sizes=\"auto, (max-width: 1920px) 100vw, 1920px\" \/><\/a><figcaption class=\"wp-element-caption\"><em>Die Salzburger Altstadt<\/em><\/figcaption><\/figure>\n\n\n\n<figure class=\"wp-block-image aligncenter size-full is-resized\"><a href=\"https:\/\/mb2812.de\/wp-content\/uploads\/2025\/02\/DSC01546.jpg\" target=\"_blank\" rel=\" noreferrer noopener\"><img loading=\"lazy\" decoding=\"async\" width=\"1920\" height=\"1536\" src=\"https:\/\/mb2812.de\/wp-content\/uploads\/2025\/02\/DSC01546.jpg\" alt=\"\" class=\"wp-image-16416\" style=\"width:800px\" srcset=\"https:\/\/mb2812.de\/wp-content\/uploads\/2025\/02\/DSC01546.jpg 1920w, https:\/\/mb2812.de\/wp-content\/uploads\/2025\/02\/DSC01546-300x240.jpg 300w, https:\/\/mb2812.de\/wp-content\/uploads\/2025\/02\/DSC01546-1024x819.jpg 1024w, https:\/\/mb2812.de\/wp-content\/uploads\/2025\/02\/DSC01546-768x614.jpg 768w, https:\/\/mb2812.de\/wp-content\/uploads\/2025\/02\/DSC01546-1536x1229.jpg 1536w\" sizes=\"auto, (max-width: 1920px) 100vw, 1920px\" \/><\/a><figcaption class=\"wp-element-caption\"><em>Altstadt, Festung und M\u00f6nchsberg<\/em><\/figcaption><\/figure>\n\n\n\n<p>Wir wollen uns auf dem M\u00f6nchsberg umschauen und dann zu Fu\u00df den \u201eAbstieg\u201c bew\u00e4ltigen, wir laufen daher langsam zur in der s\u00fcdwestlichen Ecke des M\u00f6nchsberg gelegenen Richterh\u00f6he.<\/p>\n\n\n\n<figure class=\"wp-block-image aligncenter size-full is-resized\"><a href=\"https:\/\/mb2812.de\/wp-content\/uploads\/2025\/02\/IMG_1077.jpg\" target=\"_blank\" rel=\" noreferrer noopener\"><img loading=\"lazy\" decoding=\"async\" width=\"1920\" height=\"1536\" src=\"https:\/\/mb2812.de\/wp-content\/uploads\/2025\/02\/IMG_1077.jpg\" alt=\"\" class=\"wp-image-16418\" style=\"width:800px\" srcset=\"https:\/\/mb2812.de\/wp-content\/uploads\/2025\/02\/IMG_1077.jpg 1920w, https:\/\/mb2812.de\/wp-content\/uploads\/2025\/02\/IMG_1077-300x240.jpg 300w, https:\/\/mb2812.de\/wp-content\/uploads\/2025\/02\/IMG_1077-1024x819.jpg 1024w, https:\/\/mb2812.de\/wp-content\/uploads\/2025\/02\/IMG_1077-768x614.jpg 768w, https:\/\/mb2812.de\/wp-content\/uploads\/2025\/02\/IMG_1077-1536x1229.jpg 1536w\" sizes=\"auto, (max-width: 1920px) 100vw, 1920px\" \/><\/a><figcaption class=\"wp-element-caption\"><em>R\u00fcckblick auf das 2004 er\u00f6ffnete Museum der Moderne, entworfen von den Architekten Friedrich, Hoff und Zwink, dar\u00fcber ragt die Spitze des Amalie-Redlich-Turm&nbsp;(fr\u00fcher: Wassertzrm) von 1891\u20131892<\/em><\/figcaption><\/figure>\n\n\n\n<figure class=\"wp-block-image aligncenter size-full is-resized\"><a href=\"https:\/\/mb2812.de\/wp-content\/uploads\/2025\/02\/IMG_1079-2567.jpg\"><img loading=\"lazy\" decoding=\"async\" width=\"1440\" height=\"1920\" src=\"https:\/\/mb2812.de\/wp-content\/uploads\/2025\/02\/IMG_1079-2567.jpg\" alt=\"\" class=\"wp-image-16419\" style=\"width:600px\" srcset=\"https:\/\/mb2812.de\/wp-content\/uploads\/2025\/02\/IMG_1079-2567.jpg 1440w, https:\/\/mb2812.de\/wp-content\/uploads\/2025\/02\/IMG_1079-2567-225x300.jpg 225w, https:\/\/mb2812.de\/wp-content\/uploads\/2025\/02\/IMG_1079-2567-768x1024.jpg 768w, https:\/\/mb2812.de\/wp-content\/uploads\/2025\/02\/IMG_1079-2567-1152x1536.jpg 1152w\" sizes=\"auto, (max-width: 1440px) 100vw, 1440px\" \/><\/a><figcaption class=\"wp-element-caption\"><em>Neben dem Museum steht die 10 Meter hohe Skulptur \u201eSchlafendes Haus\u201c des Schweizer K\u00fcnstlers Not Vidal<\/em><\/figcaption><\/figure>\n\n\n\n<figure class=\"wp-block-image aligncenter size-full is-resized\"><a href=\"https:\/\/mb2812.de\/wp-content\/uploads\/2025\/02\/IMG_7666-2575.jpg\" target=\"_blank\" rel=\" noreferrer noopener\"><img loading=\"lazy\" decoding=\"async\" width=\"1440\" height=\"1920\" src=\"https:\/\/mb2812.de\/wp-content\/uploads\/2025\/02\/IMG_7666-2575.jpg\" alt=\"\" class=\"wp-image-16423\" style=\"width:600px\" srcset=\"https:\/\/mb2812.de\/wp-content\/uploads\/2025\/02\/IMG_7666-2575.jpg 1440w, https:\/\/mb2812.de\/wp-content\/uploads\/2025\/02\/IMG_7666-2575-225x300.jpg 225w, https:\/\/mb2812.de\/wp-content\/uploads\/2025\/02\/IMG_7666-2575-768x1024.jpg 768w, https:\/\/mb2812.de\/wp-content\/uploads\/2025\/02\/IMG_7666-2575-1152x1536.jpg 1152w\" sizes=\"auto, (max-width: 1440px) 100vw, 1440px\" \/><\/a><figcaption class=\"wp-element-caption\"><em>Hier blicken wir nach Norden auf die Neutorstra\u00dfe, die im vor dem Rainberg gelegenen Stadtteil Innere Riedenburg zum offiziell Siegmundstor genannten Stadteingang f\u00fchrt. Das Tor ist ein 1764-1767 geschaffener 131  Meter langer Tunnel durch den M\u00f6nchsberg in die Altstadt<\/em><\/figcaption><\/figure>\n\n\n\n<figure class=\"wp-block-image aligncenter size-full is-resized\"><a href=\"https:\/\/mb2812.de\/wp-content\/uploads\/2025\/02\/DSC01550-2584.jpg\" target=\"_blank\" rel=\" noreferrer noopener\"><img loading=\"lazy\" decoding=\"async\" width=\"1920\" height=\"1536\" src=\"https:\/\/mb2812.de\/wp-content\/uploads\/2025\/02\/DSC01550-2584.jpg\" alt=\"\" class=\"wp-image-16425\" style=\"width:800px\" srcset=\"https:\/\/mb2812.de\/wp-content\/uploads\/2025\/02\/DSC01550-2584.jpg 1920w, https:\/\/mb2812.de\/wp-content\/uploads\/2025\/02\/DSC01550-2584-300x240.jpg 300w, https:\/\/mb2812.de\/wp-content\/uploads\/2025\/02\/DSC01550-2584-1024x819.jpg 1024w, https:\/\/mb2812.de\/wp-content\/uploads\/2025\/02\/DSC01550-2584-768x614.jpg 768w, https:\/\/mb2812.de\/wp-content\/uploads\/2025\/02\/DSC01550-2584-1536x1229.jpg 1536w\" sizes=\"auto, (max-width: 1920px) 100vw, 1920px\" \/><\/a><figcaption class=\"wp-element-caption\"><em>T\u00fcrme und Mauern der Stadtbefestigung auf dem M\u00f6nchsberg<\/em><\/figcaption><\/figure>\n\n\n\n<figure class=\"wp-block-image aligncenter size-full is-resized\"><a href=\"https:\/\/mb2812.de\/wp-content\/uploads\/2025\/02\/DSC01556.jpg\" target=\"_blank\" rel=\" noreferrer noopener\"><img loading=\"lazy\" decoding=\"async\" width=\"1920\" height=\"1536\" src=\"https:\/\/mb2812.de\/wp-content\/uploads\/2025\/02\/DSC01556.jpg\" alt=\"\" class=\"wp-image-16426\" style=\"width:800px\" srcset=\"https:\/\/mb2812.de\/wp-content\/uploads\/2025\/02\/DSC01556.jpg 1920w, https:\/\/mb2812.de\/wp-content\/uploads\/2025\/02\/DSC01556-300x240.jpg 300w, https:\/\/mb2812.de\/wp-content\/uploads\/2025\/02\/DSC01556-1024x819.jpg 1024w, https:\/\/mb2812.de\/wp-content\/uploads\/2025\/02\/DSC01556-768x614.jpg 768w, https:\/\/mb2812.de\/wp-content\/uploads\/2025\/02\/DSC01556-1536x1229.jpg 1536w\" sizes=\"auto, (max-width: 1920px) 100vw, 1920px\" \/><\/a><figcaption class=\"wp-element-caption\"><em>Ausblick auf die Festung \u00fcber die Mauer der Stadtbefestigung hinweg<\/em><\/figcaption><\/figure>\n\n\n\n<figure class=\"wp-block-image aligncenter size-full is-resized\"><a href=\"https:\/\/mb2812.de\/wp-content\/uploads\/2025\/02\/IMG_1099.jpg\" target=\"_blank\" rel=\" noreferrer noopener\"><img loading=\"lazy\" decoding=\"async\" width=\"1920\" height=\"1536\" src=\"https:\/\/mb2812.de\/wp-content\/uploads\/2025\/02\/IMG_1099.jpg\" alt=\"\" class=\"wp-image-16427\" style=\"width:800px\" srcset=\"https:\/\/mb2812.de\/wp-content\/uploads\/2025\/02\/IMG_1099.jpg 1920w, https:\/\/mb2812.de\/wp-content\/uploads\/2025\/02\/IMG_1099-300x240.jpg 300w, https:\/\/mb2812.de\/wp-content\/uploads\/2025\/02\/IMG_1099-1024x819.jpg 1024w, https:\/\/mb2812.de\/wp-content\/uploads\/2025\/02\/IMG_1099-768x614.jpg 768w, https:\/\/mb2812.de\/wp-content\/uploads\/2025\/02\/IMG_1099-1536x1229.jpg 1536w\" sizes=\"auto, (max-width: 1920px) 100vw, 1920px\" \/><\/a><figcaption class=\"wp-element-caption\"><em>Der Blick von der Richterh\u00f6he nach S\u00fcden<\/em><\/figcaption><\/figure>\n\n\n\n<figure class=\"wp-block-image aligncenter size-full is-resized\"><a href=\"https:\/\/mb2812.de\/wp-content\/uploads\/2025\/02\/DSC01560-2576.jpg\" target=\"_blank\" rel=\" noreferrer noopener\"><img loading=\"lazy\" decoding=\"async\" width=\"1920\" height=\"1536\" src=\"https:\/\/mb2812.de\/wp-content\/uploads\/2025\/02\/DSC01560-2576.jpg\" alt=\"\" class=\"wp-image-16428\" style=\"width:800px\" srcset=\"https:\/\/mb2812.de\/wp-content\/uploads\/2025\/02\/DSC01560-2576.jpg 1920w, https:\/\/mb2812.de\/wp-content\/uploads\/2025\/02\/DSC01560-2576-300x240.jpg 300w, https:\/\/mb2812.de\/wp-content\/uploads\/2025\/02\/DSC01560-2576-1024x819.jpg 1024w, https:\/\/mb2812.de\/wp-content\/uploads\/2025\/02\/DSC01560-2576-768x614.jpg 768w, https:\/\/mb2812.de\/wp-content\/uploads\/2025\/02\/DSC01560-2576-1536x1229.jpg 1536w\" sizes=\"auto, (max-width: 1920px) 100vw, 1920px\" \/><\/a><figcaption class=\"wp-element-caption\"><em>Die Festung von der Richterh\u00f6he aus gesehen<\/em><\/figcaption><\/figure>\n\n\n\n<p>Wir gehen jetzt \u00fcber die M\u00f6nchsbergscharte, d.h. den M\u00f6nchsberg und Festungsbetg verbindenden Sattel, hinunter in die Stadt. Dabei ergeben sich immer wieder neue Ausblicke auf die Stadt, jetzt mehr von S\u00fcden her.<\/p>\n\n\n\n<figure class=\"wp-block-image aligncenter size-full\"><a href=\"https:\/\/mb2812.de\/wp-content\/uploads\/2025\/02\/DSC01563-2580.jpg\" target=\"_blank\" rel=\" noreferrer noopener\"><img loading=\"lazy\" decoding=\"async\" width=\"1920\" height=\"1536\" src=\"https:\/\/mb2812.de\/wp-content\/uploads\/2025\/02\/DSC01563-2580.jpg\" alt=\"\" class=\"wp-image-16429\" srcset=\"https:\/\/mb2812.de\/wp-content\/uploads\/2025\/02\/DSC01563-2580.jpg 1920w, https:\/\/mb2812.de\/wp-content\/uploads\/2025\/02\/DSC01563-2580-300x240.jpg 300w, https:\/\/mb2812.de\/wp-content\/uploads\/2025\/02\/DSC01563-2580-1024x819.jpg 1024w, https:\/\/mb2812.de\/wp-content\/uploads\/2025\/02\/DSC01563-2580-768x614.jpg 768w, https:\/\/mb2812.de\/wp-content\/uploads\/2025\/02\/DSC01563-2580-1536x1229.jpg 1536w\" sizes=\"auto, (max-width: 1920px) 100vw, 1920px\" \/><\/a><figcaption class=\"wp-element-caption\"><em>Ganz links die Stiftskirche St. Peter, dann die Franziskanerkirche und rechts der Dom<\/em><\/figcaption><\/figure>\n\n\n\n<figure class=\"wp-block-image aligncenter size-full is-resized\"><a href=\"https:\/\/mb2812.de\/wp-content\/uploads\/2025\/02\/IMG_1109-2581.jpg\" target=\"_blank\" rel=\" noreferrer noopener\"><img loading=\"lazy\" decoding=\"async\" width=\"1440\" height=\"1920\" src=\"https:\/\/mb2812.de\/wp-content\/uploads\/2025\/02\/IMG_1109-2581.jpg\" alt=\"\" class=\"wp-image-16430\" style=\"width:600px\" srcset=\"https:\/\/mb2812.de\/wp-content\/uploads\/2025\/02\/IMG_1109-2581.jpg 1440w, https:\/\/mb2812.de\/wp-content\/uploads\/2025\/02\/IMG_1109-2581-225x300.jpg 225w, https:\/\/mb2812.de\/wp-content\/uploads\/2025\/02\/IMG_1109-2581-768x1024.jpg 768w, https:\/\/mb2812.de\/wp-content\/uploads\/2025\/02\/IMG_1109-2581-1152x1536.jpg 1152w\" sizes=\"auto, (max-width: 1440px) 100vw, 1440px\" \/><\/a><figcaption class=\"wp-element-caption\"><em>Das Innere Schartentor wurde&nbsp;1635&nbsp;von&nbsp;F\u00fcrsterzbischof&nbsp;Paris Graf Lodron&nbsp;erbaut<\/em><\/figcaption><\/figure>\n\n\n\n<figure class=\"wp-block-image aligncenter size-full is-resized\"><a href=\"https:\/\/mb2812.de\/wp-content\/uploads\/2025\/02\/DSC01567-2582.jpg\" target=\"_blank\" rel=\" noreferrer noopener\"><img loading=\"lazy\" decoding=\"async\" width=\"1920\" height=\"1536\" src=\"https:\/\/mb2812.de\/wp-content\/uploads\/2025\/02\/DSC01567-2582.jpg\" alt=\"\" class=\"wp-image-16431\" style=\"width:800px\" srcset=\"https:\/\/mb2812.de\/wp-content\/uploads\/2025\/02\/DSC01567-2582.jpg 1920w, https:\/\/mb2812.de\/wp-content\/uploads\/2025\/02\/DSC01567-2582-300x240.jpg 300w, https:\/\/mb2812.de\/wp-content\/uploads\/2025\/02\/DSC01567-2582-1024x819.jpg 1024w, https:\/\/mb2812.de\/wp-content\/uploads\/2025\/02\/DSC01567-2582-768x614.jpg 768w, https:\/\/mb2812.de\/wp-content\/uploads\/2025\/02\/DSC01567-2582-1536x1229.jpg 1536w\" sizes=\"auto, (max-width: 1920px) 100vw, 1920px\" \/><\/a><figcaption class=\"wp-element-caption\"><em>Die D\u00e4cher und T\u00fcrme der Franziskanerkirche und des Doms<\/em><\/figcaption><\/figure>\n\n\n\n<p>Wir \u00fcberqueren die Trasse der Festungsbahn noch oberhalb der nicht mehr benutzten Mittelstation und laufen die Festungsgasse entlang vorbei an der Talstation zum Kapitelplatz.<\/p>\n\n\n\n<figure class=\"wp-block-image aligncenter size-full\"><a href=\"https:\/\/mb2812.de\/wp-content\/uploads\/2025\/02\/DSC01569.jpg\" target=\"_blank\" rel=\" noreferrer noopener\"><img loading=\"lazy\" decoding=\"async\" width=\"1920\" height=\"1536\" src=\"https:\/\/mb2812.de\/wp-content\/uploads\/2025\/02\/DSC01569.jpg\" alt=\"\" class=\"wp-image-16432\" srcset=\"https:\/\/mb2812.de\/wp-content\/uploads\/2025\/02\/DSC01569.jpg 1920w, https:\/\/mb2812.de\/wp-content\/uploads\/2025\/02\/DSC01569-300x240.jpg 300w, https:\/\/mb2812.de\/wp-content\/uploads\/2025\/02\/DSC01569-1024x819.jpg 1024w, https:\/\/mb2812.de\/wp-content\/uploads\/2025\/02\/DSC01569-768x614.jpg 768w, https:\/\/mb2812.de\/wp-content\/uploads\/2025\/02\/DSC01569-1536x1229.jpg 1536w\" sizes=\"auto, (max-width: 1920px) 100vw, 1920px\" \/><\/a><figcaption class=\"wp-element-caption\"><em>Vorbei geht es am Stiegl Keller mit bis 1492 zur\u00fcckreichender Geschichte, 1820 vom <a href=\"https:\/\/www.sn.at\/wiki\/1820\"><br><\/a>damaligen Stieglbrauer&nbsp;Josef Schreiner&nbsp;erworben, der dann dort im Garten das gelagerte Kellerbier ausschenkte<\/em><\/figcaption><\/figure>\n\n\n\n<figure class=\"wp-block-image aligncenter size-full is-resized\"><a href=\"https:\/\/mb2812.de\/wp-content\/uploads\/2025\/02\/IMG_1124.jpg\" target=\"_blank\" rel=\" noreferrer noopener\"><img loading=\"lazy\" decoding=\"async\" width=\"1440\" height=\"1920\" src=\"https:\/\/mb2812.de\/wp-content\/uploads\/2025\/02\/IMG_1124.jpg\" alt=\"\" class=\"wp-image-16433\" style=\"width:600px\" srcset=\"https:\/\/mb2812.de\/wp-content\/uploads\/2025\/02\/IMG_1124.jpg 1440w, https:\/\/mb2812.de\/wp-content\/uploads\/2025\/02\/IMG_1124-225x300.jpg 225w, https:\/\/mb2812.de\/wp-content\/uploads\/2025\/02\/IMG_1124-768x1024.jpg 768w, https:\/\/mb2812.de\/wp-content\/uploads\/2025\/02\/IMG_1124-1152x1536.jpg 1152w\" sizes=\"auto, (max-width: 1440px) 100vw, 1440px\" \/><\/a><figcaption class=\"wp-element-caption\"><em>Eines der alten Verkaufslokale an der Festungsgasse, das heute noch benutzt wird<\/em><\/figcaption><\/figure>\n\n\n\n<p>Der Kapitelplatz liegt auf der S\u00fcdseite des Doms, dessen Front ist nach Westen gerichtet, zum Domplatz hin.<\/p>\n\n\n\n<figure class=\"wp-block-image aligncenter size-full is-resized\"><a href=\"https:\/\/mb2812.de\/wp-content\/uploads\/2025\/02\/IMG_1136-2569.jpg\" target=\"_blank\" rel=\" noreferrer noopener\"><img loading=\"lazy\" decoding=\"async\" width=\"1920\" height=\"1536\" src=\"https:\/\/mb2812.de\/wp-content\/uploads\/2025\/02\/IMG_1136-2569.jpg\" alt=\"\" class=\"wp-image-16434\" style=\"width:800px\" srcset=\"https:\/\/mb2812.de\/wp-content\/uploads\/2025\/02\/IMG_1136-2569.jpg 1920w, https:\/\/mb2812.de\/wp-content\/uploads\/2025\/02\/IMG_1136-2569-300x240.jpg 300w, https:\/\/mb2812.de\/wp-content\/uploads\/2025\/02\/IMG_1136-2569-1024x819.jpg 1024w, https:\/\/mb2812.de\/wp-content\/uploads\/2025\/02\/IMG_1136-2569-768x614.jpg 768w, https:\/\/mb2812.de\/wp-content\/uploads\/2025\/02\/IMG_1136-2569-1536x1229.jpg 1536w\" sizes=\"auto, (max-width: 1920px) 100vw, 1920px\" \/><\/a><figcaption class=\"wp-element-caption\"><em>Die Westfassade des Salzburger Doms, offiziell Dom zu den Hll. Rupert und Virgil&nbsp;genant. Er ist das zentrale kirchliche Geb\u00e4ude der r\u00f6misch-katholischen&nbsp;Erzdi\u00f6zese Salzburg.Die erste <\/em><em>Kathedrale entstand hier 767, beim derzeitigen Dom handelt es sich um einen nach dem Brand 1598 begonnenen fr\u00fchbarocken Neubau von Baumeister Santino Solari, der 1628 durch Erzbischof Paris Lodron geweiht<\/em> <em>wurde<\/em><\/figcaption><\/figure>\n\n\n\n<figure class=\"wp-block-image aligncenter size-full is-resized\"><a href=\"https:\/\/mb2812.de\/wp-content\/uploads\/2025\/02\/DSC01574-2587.jpg\" target=\"_blank\" rel=\" noreferrer noopener\"><img loading=\"lazy\" decoding=\"async\" width=\"1440\" height=\"1920\" src=\"https:\/\/mb2812.de\/wp-content\/uploads\/2025\/02\/DSC01574-2587.jpg\" alt=\"\" class=\"wp-image-16435\" style=\"width:600px\" srcset=\"https:\/\/mb2812.de\/wp-content\/uploads\/2025\/02\/DSC01574-2587.jpg 1440w, https:\/\/mb2812.de\/wp-content\/uploads\/2025\/02\/DSC01574-2587-225x300.jpg 225w, https:\/\/mb2812.de\/wp-content\/uploads\/2025\/02\/DSC01574-2587-768x1024.jpg 768w, https:\/\/mb2812.de\/wp-content\/uploads\/2025\/02\/DSC01574-2587-1152x1536.jpg 1152w\" sizes=\"auto, (max-width: 1440px) 100vw, 1440px\" \/><\/a><figcaption class=\"wp-element-caption\"><em>Die Statue des Paulus wird dem Salzburger Bildhauer&nbsp;Michael Bernhard Mandl&nbsp;(1697) zugeschrieben<\/em><\/figcaption><\/figure>\n\n\n\n<figure class=\"wp-block-image aligncenter size-full is-resized\"><a href=\"https:\/\/mb2812.de\/wp-content\/uploads\/2025\/02\/DSC01570-2588.jpg\" target=\"_blank\" rel=\" noreferrer noopener\"><img loading=\"lazy\" decoding=\"async\" width=\"1280\" height=\"1920\" src=\"https:\/\/mb2812.de\/wp-content\/uploads\/2025\/02\/DSC01570-2588.jpg\" alt=\"\" class=\"wp-image-16436\" style=\"width:535px;height:auto\" srcset=\"https:\/\/mb2812.de\/wp-content\/uploads\/2025\/02\/DSC01570-2588.jpg 1280w, https:\/\/mb2812.de\/wp-content\/uploads\/2025\/02\/DSC01570-2588-200x300.jpg 200w, https:\/\/mb2812.de\/wp-content\/uploads\/2025\/02\/DSC01570-2588-683x1024.jpg 683w, https:\/\/mb2812.de\/wp-content\/uploads\/2025\/02\/DSC01570-2588-768x1152.jpg 768w, https:\/\/mb2812.de\/wp-content\/uploads\/2025\/02\/DSC01570-2588-1024x1536.jpg 1024w\" sizes=\"auto, (max-width: 1280px) 100vw, 1280px\" \/><\/a><figcaption class=\"wp-element-caption\"><em>Diese riesige goldenen Kugel  auf dem Kapitelplatz mit der darauf stehenden m\u00e4nnlichen Figur ist Teil des Kunstwerks Sphaera. Das Kunstwerk wurde im Rahmen des \u201eKunstprojektes Salzburg\u201c 2007 vom deutschen Bildhauer&nbsp;Stephan Balkenhol&nbsp;geschaffen.<\/em><\/figcaption><\/figure>\n\n\n\n<figure class=\"wp-block-image aligncenter size-full is-resized\"><a href=\"https:\/\/mb2812.de\/wp-content\/uploads\/2025\/02\/DSC01580.jpg\" target=\"_blank\" rel=\" noreferrer noopener\"><img loading=\"lazy\" decoding=\"async\" width=\"1280\" height=\"1920\" src=\"https:\/\/mb2812.de\/wp-content\/uploads\/2025\/02\/DSC01580.jpg\" alt=\"\" class=\"wp-image-16437\" style=\"width:535px\" srcset=\"https:\/\/mb2812.de\/wp-content\/uploads\/2025\/02\/DSC01580.jpg 1280w, https:\/\/mb2812.de\/wp-content\/uploads\/2025\/02\/DSC01580-200x300.jpg 200w, https:\/\/mb2812.de\/wp-content\/uploads\/2025\/02\/DSC01580-683x1024.jpg 683w, https:\/\/mb2812.de\/wp-content\/uploads\/2025\/02\/DSC01580-768x1152.jpg 768w, https:\/\/mb2812.de\/wp-content\/uploads\/2025\/02\/DSC01580-1024x1536.jpg 1024w\" sizes=\"auto, (max-width: 1280px) 100vw, 1280px\" \/><\/a><figcaption class=\"wp-element-caption\"><em>Die T\u00fcrme der Westfassade vom Residenzplatz<\/em> <em>aus<\/em><\/figcaption><\/figure>\n\n\n\n<p>Besichtigen k\u00f6nnen wir den Dom nicht, da gerade das mitt\u00e4gliche Orgelkonzert stattfindet. \u00dcber den Residenzplatz machen wir uns auf in Richtung Stadt, um ein Caf\u00e9 f\u00fcr die Mittagspause zu finden. Weit brauchen wir nicht laufen, direkt um die Ecke ist die Brodgasse, und dort die Konditorei F\u00fcrst. 1884 er\u00f6ffnete Paul F\u00fcrst die Konditorei und 1890 \u201eerfand\u201c er die Mozartkugel.<\/p>\n\n\n\n<figure class=\"wp-block-image aligncenter size-full is-resized\"><a href=\"https:\/\/mb2812.de\/wp-content\/uploads\/2025\/02\/DSC01581-2570.jpg\" target=\"_blank\" rel=\" noreferrer noopener\"><img loading=\"lazy\" decoding=\"async\" width=\"1920\" height=\"1536\" src=\"https:\/\/mb2812.de\/wp-content\/uploads\/2025\/02\/DSC01581-2570.jpg\" alt=\"\" class=\"wp-image-16438\" style=\"width:800px\" srcset=\"https:\/\/mb2812.de\/wp-content\/uploads\/2025\/02\/DSC01581-2570.jpg 1920w, https:\/\/mb2812.de\/wp-content\/uploads\/2025\/02\/DSC01581-2570-300x240.jpg 300w, https:\/\/mb2812.de\/wp-content\/uploads\/2025\/02\/DSC01581-2570-1024x819.jpg 1024w, https:\/\/mb2812.de\/wp-content\/uploads\/2025\/02\/DSC01581-2570-768x614.jpg 768w, https:\/\/mb2812.de\/wp-content\/uploads\/2025\/02\/DSC01581-2570-1536x1229.jpg 1536w\" sizes=\"auto, (max-width: 1920px) 100vw, 1920px\" \/><\/a><figcaption class=\"wp-element-caption\"><em>Die Nordseite des Residenzplatzes wird gebildet von auf mittelalterliche Bauten zur\u00fcckgehende B\u00fcrgerh\u00e4usern, unterbrochen von der&nbsp;Goldgasse<\/em><\/figcaption><\/figure>\n\n\n\n<figure class=\"wp-block-image aligncenter size-full is-resized\"><a href=\"https:\/\/mb2812.de\/wp-content\/uploads\/2025\/02\/DSC01583.jpg\" target=\"_blank\" rel=\" noreferrer noopener\"><img loading=\"lazy\" decoding=\"async\" width=\"1920\" height=\"1440\" src=\"https:\/\/mb2812.de\/wp-content\/uploads\/2025\/02\/DSC01583.jpg\" alt=\"\" class=\"wp-image-16439\" style=\"width:800px\" srcset=\"https:\/\/mb2812.de\/wp-content\/uploads\/2025\/02\/DSC01583.jpg 1920w, https:\/\/mb2812.de\/wp-content\/uploads\/2025\/02\/DSC01583-300x225.jpg 300w, https:\/\/mb2812.de\/wp-content\/uploads\/2025\/02\/DSC01583-1024x768.jpg 1024w, https:\/\/mb2812.de\/wp-content\/uploads\/2025\/02\/DSC01583-768x576.jpg 768w, https:\/\/mb2812.de\/wp-content\/uploads\/2025\/02\/DSC01583-1536x1152.jpg 1536w\" sizes=\"auto, (max-width: 1920px) 100vw, 1920px\" \/><\/a><figcaption class=\"wp-element-caption\"><em>L\u00e4den am Residenzplatz<\/em><\/figcaption><\/figure>\n\n\n\n<figure class=\"wp-block-image aligncenter size-full is-resized\"><a href=\"https:\/\/mb2812.de\/wp-content\/uploads\/2025\/02\/IMG_7675-2571.jpg\" target=\"_blank\" rel=\" noreferrer noopener\"><img loading=\"lazy\" decoding=\"async\" width=\"1920\" height=\"1536\" src=\"https:\/\/mb2812.de\/wp-content\/uploads\/2025\/02\/IMG_7675-2571.jpg\" alt=\"\" class=\"wp-image-16440\" style=\"width:800px\" srcset=\"https:\/\/mb2812.de\/wp-content\/uploads\/2025\/02\/IMG_7675-2571.jpg 1920w, https:\/\/mb2812.de\/wp-content\/uploads\/2025\/02\/IMG_7675-2571-300x240.jpg 300w, https:\/\/mb2812.de\/wp-content\/uploads\/2025\/02\/IMG_7675-2571-1024x819.jpg 1024w, https:\/\/mb2812.de\/wp-content\/uploads\/2025\/02\/IMG_7675-2571-768x614.jpg 768w, https:\/\/mb2812.de\/wp-content\/uploads\/2025\/02\/IMG_7675-2571-1536x1229.jpg 1536w\" sizes=\"auto, (max-width: 1920px) 100vw, 1920px\" \/><\/a><figcaption class=\"wp-element-caption\"><em>Wir sind in der Konditorei F\u00fcrst und lassen uns den Kuchen schmecken. Als Nachtisch gab es noch eine Mozartkugel. Ehrlich gesagt, mir schmecken die Dinger nicht.<\/em><\/figcaption><\/figure>\n\n\n\n<figure class=\"wp-block-image aligncenter size-full is-resized\"><a href=\"https:\/\/mb2812.de\/wp-content\/uploads\/2025\/02\/IMG_1145.jpg\" target=\"_blank\" rel=\" noreferrer noopener\"><img loading=\"lazy\" decoding=\"async\" width=\"1920\" height=\"1440\" src=\"https:\/\/mb2812.de\/wp-content\/uploads\/2025\/02\/IMG_1145.jpg\" alt=\"\" class=\"wp-image-16441\" style=\"width:800px\" srcset=\"https:\/\/mb2812.de\/wp-content\/uploads\/2025\/02\/IMG_1145.jpg 1920w, https:\/\/mb2812.de\/wp-content\/uploads\/2025\/02\/IMG_1145-300x225.jpg 300w, https:\/\/mb2812.de\/wp-content\/uploads\/2025\/02\/IMG_1145-1024x768.jpg 1024w, https:\/\/mb2812.de\/wp-content\/uploads\/2025\/02\/IMG_1145-768x576.jpg 768w, https:\/\/mb2812.de\/wp-content\/uploads\/2025\/02\/IMG_1145-1536x1152.jpg 1536w\" sizes=\"auto, (max-width: 1920px) 100vw, 1920px\" \/><\/a><figcaption class=\"wp-element-caption\"><em>Souvenirfoto vor dem Caf\u00e9<\/em><\/figcaption><\/figure>\n\n\n\n<p>Wir sind nun bereit f\u00fcr den zweiten H\u00fcgel und gehen zur\u00fcck zur Festungsbahn und fahren mit ihr hoch zur Festung.<\/p>\n\n\n\n<figure class=\"wp-block-image aligncenter size-full is-resized\"><a href=\"https:\/\/mb2812.de\/wp-content\/uploads\/2025\/02\/DSC01584-2589.jpg\" target=\"_blank\" rel=\" noreferrer noopener\"><img loading=\"lazy\" decoding=\"async\" width=\"1920\" height=\"1536\" src=\"https:\/\/mb2812.de\/wp-content\/uploads\/2025\/02\/DSC01584-2589.jpg\" alt=\"\" class=\"wp-image-16442\" style=\"width:800px\" srcset=\"https:\/\/mb2812.de\/wp-content\/uploads\/2025\/02\/DSC01584-2589.jpg 1920w, https:\/\/mb2812.de\/wp-content\/uploads\/2025\/02\/DSC01584-2589-300x240.jpg 300w, https:\/\/mb2812.de\/wp-content\/uploads\/2025\/02\/DSC01584-2589-1024x819.jpg 1024w, https:\/\/mb2812.de\/wp-content\/uploads\/2025\/02\/DSC01584-2589-768x614.jpg 768w, https:\/\/mb2812.de\/wp-content\/uploads\/2025\/02\/DSC01584-2589-1536x1229.jpg 1536w\" sizes=\"auto, (max-width: 1920px) 100vw, 1920px\" \/><\/a><figcaption class=\"wp-element-caption\"><em>Der erste Blick \u00fcber die Mauer auf die Stadt mit dem Dom im Vordergrund<\/em><\/figcaption><\/figure>\n\n\n\n<figure class=\"wp-block-image aligncenter size-full is-resized\"><a href=\"https:\/\/mb2812.de\/wp-content\/uploads\/2025\/02\/DSC01585.jpg\" target=\"_blank\" rel=\" noreferrer noopener\"><img loading=\"lazy\" decoding=\"async\" width=\"1920\" height=\"1536\" src=\"https:\/\/mb2812.de\/wp-content\/uploads\/2025\/02\/DSC01585.jpg\" alt=\"\" class=\"wp-image-16443\" style=\"width:800px\" srcset=\"https:\/\/mb2812.de\/wp-content\/uploads\/2025\/02\/DSC01585.jpg 1920w, https:\/\/mb2812.de\/wp-content\/uploads\/2025\/02\/DSC01585-300x240.jpg 300w, https:\/\/mb2812.de\/wp-content\/uploads\/2025\/02\/DSC01585-1024x819.jpg 1024w, https:\/\/mb2812.de\/wp-content\/uploads\/2025\/02\/DSC01585-768x614.jpg 768w, https:\/\/mb2812.de\/wp-content\/uploads\/2025\/02\/DSC01585-1536x1229.jpg 1536w\" sizes=\"auto, (max-width: 1920px) 100vw, 1920px\" \/><\/a><figcaption class=\"wp-element-caption\"><em>Da waren wir am Vormittag: Die Richterh\u00f6he oben links, prominent in der Bildmitte das Freyschl\u00f6ssl (Roter Turm)<\/em><\/figcaption><\/figure>\n\n\n\n<p>Ein paar Fotos aus dem Innenhof der Festung:<\/p>\n\n\n\n<figure class=\"wp-block-image aligncenter size-full is-resized\"><a href=\"https:\/\/mb2812.de\/wp-content\/uploads\/2025\/02\/DSC01588-2585.jpg\" target=\"_blank\" rel=\" noreferrer noopener\"><img loading=\"lazy\" decoding=\"async\" width=\"1280\" height=\"1920\" src=\"https:\/\/mb2812.de\/wp-content\/uploads\/2025\/02\/DSC01588-2585.jpg\" alt=\"\" class=\"wp-image-16445\" style=\"width:535px\" srcset=\"https:\/\/mb2812.de\/wp-content\/uploads\/2025\/02\/DSC01588-2585.jpg 1280w, https:\/\/mb2812.de\/wp-content\/uploads\/2025\/02\/DSC01588-2585-200x300.jpg 200w, https:\/\/mb2812.de\/wp-content\/uploads\/2025\/02\/DSC01588-2585-683x1024.jpg 683w, https:\/\/mb2812.de\/wp-content\/uploads\/2025\/02\/DSC01588-2585-768x1152.jpg 768w, https:\/\/mb2812.de\/wp-content\/uploads\/2025\/02\/DSC01588-2585-1024x1536.jpg 1024w\" sizes=\"auto, (max-width: 1280px) 100vw, 1280px\" \/><\/a><\/figure>\n\n\n\n<div style=\"height:15px\" aria-hidden=\"true\" class=\"wp-block-spacer\"><\/div>\n\n\n\n<figure class=\"wp-block-image aligncenter size-full is-resized\"><a href=\"https:\/\/mb2812.de\/wp-content\/uploads\/2025\/02\/DSC01601-2578.jpg\" target=\"_blank\" rel=\" noreferrer noopener\"><img loading=\"lazy\" decoding=\"async\" width=\"1920\" height=\"1536\" src=\"https:\/\/mb2812.de\/wp-content\/uploads\/2025\/02\/DSC01601-2578.jpg\" alt=\"\" class=\"wp-image-16448\" style=\"width:800px\" srcset=\"https:\/\/mb2812.de\/wp-content\/uploads\/2025\/02\/DSC01601-2578.jpg 1920w, https:\/\/mb2812.de\/wp-content\/uploads\/2025\/02\/DSC01601-2578-300x240.jpg 300w, https:\/\/mb2812.de\/wp-content\/uploads\/2025\/02\/DSC01601-2578-1024x819.jpg 1024w, https:\/\/mb2812.de\/wp-content\/uploads\/2025\/02\/DSC01601-2578-768x614.jpg 768w, https:\/\/mb2812.de\/wp-content\/uploads\/2025\/02\/DSC01601-2578-1536x1229.jpg 1536w\" sizes=\"auto, (max-width: 1920px) 100vw, 1920px\" \/><\/a><\/figure>\n\n\n\n<div style=\"height:15px\" aria-hidden=\"true\" class=\"wp-block-spacer\"><\/div>\n\n\n\n<figure class=\"wp-block-image aligncenter size-full is-resized\"><a href=\"https:\/\/mb2812.de\/wp-content\/uploads\/2025\/02\/IMG_1200-2579.jpg\" target=\"_blank\" rel=\" noreferrer noopener\"><img loading=\"lazy\" decoding=\"async\" width=\"1920\" height=\"1536\" src=\"https:\/\/mb2812.de\/wp-content\/uploads\/2025\/02\/IMG_1200-2579.jpg\" alt=\"\" class=\"wp-image-16449\" style=\"width:800px\" srcset=\"https:\/\/mb2812.de\/wp-content\/uploads\/2025\/02\/IMG_1200-2579.jpg 1920w, https:\/\/mb2812.de\/wp-content\/uploads\/2025\/02\/IMG_1200-2579-300x240.jpg 300w, https:\/\/mb2812.de\/wp-content\/uploads\/2025\/02\/IMG_1200-2579-1024x819.jpg 1024w, https:\/\/mb2812.de\/wp-content\/uploads\/2025\/02\/IMG_1200-2579-768x614.jpg 768w, https:\/\/mb2812.de\/wp-content\/uploads\/2025\/02\/IMG_1200-2579-1536x1229.jpg 1536w\" sizes=\"auto, (max-width: 1920px) 100vw, 1920px\" \/><\/a><\/figure>\n\n\n\n<div style=\"height:15px\" aria-hidden=\"true\" class=\"wp-block-spacer\"><\/div>\n\n\n\n<figure class=\"wp-block-image aligncenter size-full is-resized\"><a href=\"https:\/\/mb2812.de\/wp-content\/uploads\/2025\/02\/IMG_7680.jpg\" target=\"_blank\" rel=\" noreferrer noopener\"><img loading=\"lazy\" decoding=\"async\" width=\"1440\" height=\"1920\" src=\"https:\/\/mb2812.de\/wp-content\/uploads\/2025\/02\/IMG_7680.jpg\" alt=\"\" class=\"wp-image-16454\" style=\"width:600px\" srcset=\"https:\/\/mb2812.de\/wp-content\/uploads\/2025\/02\/IMG_7680.jpg 1440w, https:\/\/mb2812.de\/wp-content\/uploads\/2025\/02\/IMG_7680-225x300.jpg 225w, https:\/\/mb2812.de\/wp-content\/uploads\/2025\/02\/IMG_7680-768x1024.jpg 768w, https:\/\/mb2812.de\/wp-content\/uploads\/2025\/02\/IMG_7680-1152x1536.jpg 1152w\" sizes=\"auto, (max-width: 1440px) 100vw, 1440px\" \/><\/a><figcaption class=\"wp-element-caption\"><em>Blick in die Georgskirche<\/em><\/figcaption><\/figure>\n\n\n\n<figure class=\"wp-block-image aligncenter size-full is-resized\"><a href=\"https:\/\/mb2812.de\/wp-content\/uploads\/2025\/02\/DSC01594-2586.jpg\"><img loading=\"lazy\" decoding=\"async\" width=\"1920\" height=\"1536\" src=\"https:\/\/mb2812.de\/wp-content\/uploads\/2025\/02\/DSC01594-2586.jpg\" alt=\"\" class=\"wp-image-16453\" style=\"width:800px\" srcset=\"https:\/\/mb2812.de\/wp-content\/uploads\/2025\/02\/DSC01594-2586.jpg 1920w, https:\/\/mb2812.de\/wp-content\/uploads\/2025\/02\/DSC01594-2586-300x240.jpg 300w, https:\/\/mb2812.de\/wp-content\/uploads\/2025\/02\/DSC01594-2586-1024x819.jpg 1024w, https:\/\/mb2812.de\/wp-content\/uploads\/2025\/02\/DSC01594-2586-768x614.jpg 768w, https:\/\/mb2812.de\/wp-content\/uploads\/2025\/02\/DSC01594-2586-1536x1229.jpg 1536w\" sizes=\"auto, (max-width: 1920px) 100vw, 1920px\" \/><\/a><figcaption class=\"wp-element-caption\"><em>Den Reckturm kann man besteigen und hat dann diesen Blick aufs innere Schloss<\/em><\/figcaption><\/figure>\n\n\n\n<p>Fotos \u00fcber die Mauern hinweg Richtung S\u00fcden:<\/p>\n\n\n\n<figure class=\"wp-block-image aligncenter size-full is-resized\"><a href=\"https:\/\/mb2812.de\/wp-content\/uploads\/2025\/02\/DSC01593.jpg\" target=\"_blank\" rel=\" noreferrer noopener\"><img loading=\"lazy\" decoding=\"async\" width=\"1920\" height=\"1536\" src=\"https:\/\/mb2812.de\/wp-content\/uploads\/2025\/02\/DSC01593.jpg\" alt=\"\" class=\"wp-image-16451\" style=\"width:800px\" srcset=\"https:\/\/mb2812.de\/wp-content\/uploads\/2025\/02\/DSC01593.jpg 1920w, https:\/\/mb2812.de\/wp-content\/uploads\/2025\/02\/DSC01593-300x240.jpg 300w, https:\/\/mb2812.de\/wp-content\/uploads\/2025\/02\/DSC01593-1024x819.jpg 1024w, https:\/\/mb2812.de\/wp-content\/uploads\/2025\/02\/DSC01593-768x614.jpg 768w, https:\/\/mb2812.de\/wp-content\/uploads\/2025\/02\/DSC01593-1536x1229.jpg 1536w\" sizes=\"auto, (max-width: 1920px) 100vw, 1920px\" \/><\/a><\/figure>\n\n\n\n<div style=\"height:15px\" aria-hidden=\"true\" class=\"wp-block-spacer\"><\/div>\n\n\n\n<figure class=\"wp-block-image aligncenter size-full is-resized\"><a href=\"https:\/\/mb2812.de\/wp-content\/uploads\/2025\/02\/DSC01599-2577.jpg\" target=\"_blank\" rel=\" noreferrer noopener\"><img loading=\"lazy\" decoding=\"async\" width=\"1920\" height=\"1536\" src=\"https:\/\/mb2812.de\/wp-content\/uploads\/2025\/02\/DSC01599-2577.jpg\" alt=\"\" class=\"wp-image-16452\" style=\"width:800px\" srcset=\"https:\/\/mb2812.de\/wp-content\/uploads\/2025\/02\/DSC01599-2577.jpg 1920w, https:\/\/mb2812.de\/wp-content\/uploads\/2025\/02\/DSC01599-2577-300x240.jpg 300w, https:\/\/mb2812.de\/wp-content\/uploads\/2025\/02\/DSC01599-2577-1024x819.jpg 1024w, https:\/\/mb2812.de\/wp-content\/uploads\/2025\/02\/DSC01599-2577-768x614.jpg 768w, https:\/\/mb2812.de\/wp-content\/uploads\/2025\/02\/DSC01599-2577-1536x1229.jpg 1536w\" sizes=\"auto, (max-width: 1920px) 100vw, 1920px\" \/><\/a><\/figure>\n\n\n\n<div style=\"height:15px\" aria-hidden=\"true\" class=\"wp-block-spacer\"><\/div>\n\n\n\n<p>Die Museen in der Festung haben wir auch kurz besichtigt und vom Hocker gehauen haben sie uns nicht. Wir hatten auch nur das \u201eBasic Ticket\u201c, F\u00fcrstenzimmer und Magisches Theater blieben uns verschlossen.<\/p>\n\n\n\n<figure class=\"wp-block-image aligncenter size-full is-resized\"><a href=\"https:\/\/mb2812.de\/wp-content\/uploads\/2025\/02\/IMG_7685.jpg\" target=\"_blank\" rel=\" noreferrer noopener\"><img loading=\"lazy\" decoding=\"async\" width=\"1440\" height=\"1920\" src=\"https:\/\/mb2812.de\/wp-content\/uploads\/2025\/02\/IMG_7685.jpg\" alt=\"\" class=\"wp-image-16455\" style=\"width:600px\" srcset=\"https:\/\/mb2812.de\/wp-content\/uploads\/2025\/02\/IMG_7685.jpg 1440w, https:\/\/mb2812.de\/wp-content\/uploads\/2025\/02\/IMG_7685-225x300.jpg 225w, https:\/\/mb2812.de\/wp-content\/uploads\/2025\/02\/IMG_7685-768x1024.jpg 768w, https:\/\/mb2812.de\/wp-content\/uploads\/2025\/02\/IMG_7685-1152x1536.jpg 1152w\" sizes=\"auto, (max-width: 1440px) 100vw, 1440px\" \/><\/a><figcaption class=\"wp-element-caption\"><em>Eine Ritterr\u00fcstung ausgestellt im Zeughaus<\/em><\/figcaption><\/figure>\n\n\n\n<figure class=\"wp-block-image aligncenter size-full is-resized\"><a href=\"https:\/\/mb2812.de\/wp-content\/uploads\/2025\/02\/IMG_1206.jpg\" target=\"_blank\" rel=\" noreferrer noopener\"><img loading=\"lazy\" decoding=\"async\" width=\"1920\" height=\"1536\" src=\"https:\/\/mb2812.de\/wp-content\/uploads\/2025\/02\/IMG_1206.jpg\" alt=\"\" class=\"wp-image-16456\" style=\"width:800px\" srcset=\"https:\/\/mb2812.de\/wp-content\/uploads\/2025\/02\/IMG_1206.jpg 1920w, https:\/\/mb2812.de\/wp-content\/uploads\/2025\/02\/IMG_1206-300x240.jpg 300w, https:\/\/mb2812.de\/wp-content\/uploads\/2025\/02\/IMG_1206-1024x819.jpg 1024w, https:\/\/mb2812.de\/wp-content\/uploads\/2025\/02\/IMG_1206-768x614.jpg 768w, https:\/\/mb2812.de\/wp-content\/uploads\/2025\/02\/IMG_1206-1536x1229.jpg 1536w\" sizes=\"auto, (max-width: 1920px) 100vw, 1920px\" \/><\/a><figcaption class=\"wp-element-caption\"><em>Und wieder abw\u00e4rts: wir stehen vorne im Wagen der Bahn und blicken entlang der Strecke zur Talstation mit dem zweiten Wagen<\/em><\/figcaption><\/figure>\n\n\n\n<p>Zur\u00fcck zum Hotel ging es nat\u00fcrlich mit dem O-Bus und dann war nochmal Pause, bevor wir zum Abendessen aufbrachen. Da \u201eg\u00f6nnten\u201c wir uns heute was, ausgesucht hatte ich \u201eDas Schrei\u201c. Das Restaurant liegt etwas au\u00dferhalb im Stadtteil M\u00fclln nahe der Chirurgie West &#8211; alles kein Problem, der O-Bus 8 f\u00e4hrt vom Hotel aus dahin. Das interessante am Restaurant: es gibt nur ein \u00dcberraschungsmenu, ausw\u00e4hlen kann man nur die Zahl der G\u00e4nge. Den Inhalt der einzelnen Gerichte erf\u00e4hrt man tats\u00e4chlich erst wenn der Teller vor einem hingestellt wird.<\/p>\n\n\n\n<figure class=\"wp-block-image aligncenter size-full is-resized\"><a href=\"https:\/\/mb2812.de\/wp-content\/uploads\/2025\/02\/IMG_7695-2572.jpg\" target=\"_blank\" rel=\" noreferrer noopener\"><img loading=\"lazy\" decoding=\"async\" width=\"1920\" height=\"1440\" src=\"https:\/\/mb2812.de\/wp-content\/uploads\/2025\/02\/IMG_7695-2572.jpg\" alt=\"\" class=\"wp-image-16457\" style=\"width:800px\" srcset=\"https:\/\/mb2812.de\/wp-content\/uploads\/2025\/02\/IMG_7695-2572.jpg 1920w, https:\/\/mb2812.de\/wp-content\/uploads\/2025\/02\/IMG_7695-2572-300x225.jpg 300w, https:\/\/mb2812.de\/wp-content\/uploads\/2025\/02\/IMG_7695-2572-1024x768.jpg 1024w, https:\/\/mb2812.de\/wp-content\/uploads\/2025\/02\/IMG_7695-2572-768x576.jpg 768w, https:\/\/mb2812.de\/wp-content\/uploads\/2025\/02\/IMG_7695-2572-1536x1152.jpg 1536w\" sizes=\"auto, (max-width: 1920px) 100vw, 1920px\" \/><\/a><figcaption class=\"wp-element-caption\"><em>Es geht los &#8211; der Gru\u00df aus der K\u00fcche ist serviert<\/em><\/figcaption><\/figure>\n\n\n\n<figure class=\"wp-block-image aligncenter size-full is-resized\"><a href=\"https:\/\/mb2812.de\/wp-content\/uploads\/2025\/02\/IMG_1216.jpg\" target=\"_blank\" rel=\" noreferrer noopener\"><img loading=\"lazy\" decoding=\"async\" width=\"1920\" height=\"1920\" src=\"https:\/\/mb2812.de\/wp-content\/uploads\/2025\/02\/IMG_1216.jpg\" alt=\"\" class=\"wp-image-16458\" style=\"width:700px\" srcset=\"https:\/\/mb2812.de\/wp-content\/uploads\/2025\/02\/IMG_1216.jpg 1920w, https:\/\/mb2812.de\/wp-content\/uploads\/2025\/02\/IMG_1216-300x300.jpg 300w, https:\/\/mb2812.de\/wp-content\/uploads\/2025\/02\/IMG_1216-1024x1024.jpg 1024w, https:\/\/mb2812.de\/wp-content\/uploads\/2025\/02\/IMG_1216-150x150.jpg 150w, https:\/\/mb2812.de\/wp-content\/uploads\/2025\/02\/IMG_1216-768x768.jpg 768w, https:\/\/mb2812.de\/wp-content\/uploads\/2025\/02\/IMG_1216-1536x1536.jpg 1536w\" sizes=\"auto, (max-width: 1920px) 100vw, 1920px\" \/><\/a><figcaption class=\"wp-element-caption\"><em>Und hier noch der letzt der sechs G\u00e4nge: der Nachtisch, laut nachtr\u00e4glich \u00fcberreichtem Menu besteht er aus Sanddorn, Wei\u00dfer Schokolade und Mohn<\/em><\/figcaption><\/figure>\n\n\n\n<p>Uns hat alles sehr gut geschmeckt. Kurz vor dem recht fr\u00fchen Betriebsschluss der O-Busse (kurz nach 23 Uhr starten die letzten Fahrten) kommen wir wieder zum Hotel zur\u00fcck.<\/p>\n","protected":false},"excerpt":{"rendered":"<p>Wir starten mit dem M\u00f6nchsberg, verbringen den Mittag dann in der Innenstadt, bevor wir am Nachmittag die Festung besichtigen. Abends ist \u201eFine Dining\u201c angesagt<\/p>\n","protected":false},"author":1,"featured_media":16405,"comment_status":"closed","ping_status":"closed","sticky":false,"template":"","format":"standard","meta":{"footnotes":""},"categories":[385],"tags":[386,205,374],"class_list":["post-16409","post","type-post","status-publish","format-standard","has-post-thumbnail","hentry","category-salzburg-zuerich-2025","tag-386","tag-oesterreich","tag-salzburg"],"_links":{"self":[{"href":"https:\/\/mb2812.de\/index.php?rest_route=\/wp\/v2\/posts\/16409","targetHints":{"allow":["GET"]}}],"collection":[{"href":"https:\/\/mb2812.de\/index.php?rest_route=\/wp\/v2\/posts"}],"about":[{"href":"https:\/\/mb2812.de\/index.php?rest_route=\/wp\/v2\/types\/post"}],"author":[{"embeddable":true,"href":"https:\/\/mb2812.de\/index.php?rest_route=\/wp\/v2\/users\/1"}],"replies":[{"embeddable":true,"href":"https:\/\/mb2812.de\/index.php?rest_route=%2Fwp%2Fv2%2Fcomments&post=16409"}],"version-history":[{"count":20,"href":"https:\/\/mb2812.de\/index.php?rest_route=\/wp\/v2\/posts\/16409\/revisions"}],"predecessor-version":[{"id":17459,"href":"https:\/\/mb2812.de\/index.php?rest_route=\/wp\/v2\/posts\/16409\/revisions\/17459"}],"wp:featuredmedia":[{"embeddable":true,"href":"https:\/\/mb2812.de\/index.php?rest_route=\/wp\/v2\/media\/16405"}],"wp:attachment":[{"href":"https:\/\/mb2812.de\/index.php?rest_route=%2Fwp%2Fv2%2Fmedia&parent=16409"}],"wp:term":[{"taxonomy":"category","embeddable":true,"href":"https:\/\/mb2812.de\/index.php?rest_route=%2Fwp%2Fv2%2Fcategories&post=16409"},{"taxonomy":"post_tag","embeddable":true,"href":"https:\/\/mb2812.de\/index.php?rest_route=%2Fwp%2Fv2%2Ftags&post=16409"}],"curies":[{"name":"wp","href":"https:\/\/api.w.org\/{rel}","templated":true}]}}