{"id":16371,"date":"2025-02-16T09:00:00","date_gmt":"2025-02-16T07:00:00","guid":{"rendered":"https:\/\/mb2812.de\/?p=16371"},"modified":"2025-07-08T09:52:56","modified_gmt":"2025-07-08T07:52:56","slug":"schloss-hellbrunn","status":"publish","type":"post","link":"https:\/\/mb2812.de\/?p=16371","title":{"rendered":"Anreise und Schloss Hellbrunn"},"content":{"rendered":"\n<p>Die Verbindung ab Stuttgart der Westbahn ist neu, und das hat einen entscheidenden Nachteil: sie verkehrt nicht im Taktfahrplan, sondern nur zwei Mal am Tag &#8211; morgens um 7 Uhrund nachmittags um 16 Uhr. Ideal fand ich beide Zeiten nicht und entschied mich f\u00fcr die morgendliche Abfahrt als kleineres \u00dcbel, denn bei deren Benutzung ist man mittags in Salzburg und hat noch einen halben Tag  f\u00fcrs Sightseeing.<\/p>\n\n\n\n<p>Das Resultat: Der Wecker klingelt viel zu fr\u00fch um 5 Uhr morgens, denn um 6 Uhr m\u00fcssen wir mit der S-Bahn nach Stuttgart fahren. Pech gehabt, die Stammstrecke ist gesperrt und ab Vaihingen ist Schienenersatzverkehr. Immerhin ist die Panoramabahn offen und der Regionalverkehr f\u00e4hrt ohne Probleme, so dass wir um 6:22 Uhr mit dem Eilzug fahren und schon um 6:45 Uhr im Stuttgarter Hauptbahnhof sind. Nicht  mal den &#8222;Fernwanderweg&#8220; von der S-Bahn zur Halle m\u00fcssen wir lang laufen.<\/p>\n\n\n\n<figure class=\"wp-block-image aligncenter size-full is-resized\"><a href=\"https:\/\/mb2812.de\/wp-content\/uploads\/2025\/02\/IMG_7611-2545.jpg\" target=\"_blank\" rel=\" noreferrer noopener\"><img loading=\"lazy\" decoding=\"async\" width=\"1440\" height=\"1920\" src=\"https:\/\/mb2812.de\/wp-content\/uploads\/2025\/02\/IMG_7611-2545.jpg\" alt=\"\" class=\"wp-image-16372\" style=\"width:600px\" srcset=\"https:\/\/mb2812.de\/wp-content\/uploads\/2025\/02\/IMG_7611-2545.jpg 1440w, https:\/\/mb2812.de\/wp-content\/uploads\/2025\/02\/IMG_7611-2545-225x300.jpg 225w, https:\/\/mb2812.de\/wp-content\/uploads\/2025\/02\/IMG_7611-2545-768x1024.jpg 768w, https:\/\/mb2812.de\/wp-content\/uploads\/2025\/02\/IMG_7611-2545-1152x1536.jpg 1152w\" sizes=\"auto, (max-width: 1440px) 100vw, 1440px\" \/><\/a><figcaption class=\"wp-element-caption\"><em>Die Westbahn zum Westbahnhof: Der Zug steht schon an Gleis 6 bereit<\/em><\/figcaption><\/figure>\n\n\n\n<figure class=\"wp-block-image aligncenter size-full is-resized\"><a href=\"https:\/\/mb2812.de\/wp-content\/uploads\/2025\/02\/IMG_7613-2546.jpg\" target=\"_blank\" rel=\" noreferrer noopener\"><img loading=\"lazy\" decoding=\"async\" width=\"1920\" height=\"1536\" src=\"https:\/\/mb2812.de\/wp-content\/uploads\/2025\/02\/IMG_7613-2546.jpg\" alt=\"\" class=\"wp-image-16373\" style=\"width:800px\" srcset=\"https:\/\/mb2812.de\/wp-content\/uploads\/2025\/02\/IMG_7613-2546.jpg 1920w, https:\/\/mb2812.de\/wp-content\/uploads\/2025\/02\/IMG_7613-2546-300x240.jpg 300w, https:\/\/mb2812.de\/wp-content\/uploads\/2025\/02\/IMG_7613-2546-1024x819.jpg 1024w, https:\/\/mb2812.de\/wp-content\/uploads\/2025\/02\/IMG_7613-2546-768x614.jpg 768w, https:\/\/mb2812.de\/wp-content\/uploads\/2025\/02\/IMG_7613-2546-1536x1229.jpg 1536w\" sizes=\"auto, (max-width: 1920px) 100vw, 1920px\" \/><\/a><figcaption class=\"wp-element-caption\"><em>Da sind wir und steigen gleich ein<\/em><\/figcaption><\/figure>\n\n\n\n<figure class=\"wp-block-image aligncenter size-full is-resized\"><a href=\"https:\/\/mb2812.de\/wp-content\/uploads\/2025\/02\/IMG_0978.jpg\" target=\"_blank\" rel=\" noreferrer noopener\"><img loading=\"lazy\" decoding=\"async\" width=\"1920\" height=\"1536\" src=\"https:\/\/mb2812.de\/wp-content\/uploads\/2025\/02\/IMG_0978.jpg\" alt=\"\" class=\"wp-image-16374\" style=\"width:800px\" srcset=\"https:\/\/mb2812.de\/wp-content\/uploads\/2025\/02\/IMG_0978.jpg 1920w, https:\/\/mb2812.de\/wp-content\/uploads\/2025\/02\/IMG_0978-300x240.jpg 300w, https:\/\/mb2812.de\/wp-content\/uploads\/2025\/02\/IMG_0978-1024x819.jpg 1024w, https:\/\/mb2812.de\/wp-content\/uploads\/2025\/02\/IMG_0978-768x614.jpg 768w, https:\/\/mb2812.de\/wp-content\/uploads\/2025\/02\/IMG_0978-1536x1229.jpg 1536w\" sizes=\"auto, (max-width: 1920px) 100vw, 1920px\" \/><\/a><figcaption class=\"wp-element-caption\"><em>In einem der Endwagen gibt es im Oberdeck eine &#8222;First Class&#8220;, da sitzen wir die gut vier Stunden bis Salzburg<\/em><\/figcaption><\/figure>\n\n\n\n<p>Die Fahrt geht sogar \u00fcber die neue Schnellfahrstrecke Wendlingen &#8211; Ulm, die ich damit das erste Mal befahre und ist ansonsten nicht weiter erw\u00e4hnenswert, recht p\u00fcnktlich sind wir ca. 11:20 Uhr in Salzburg. <\/p>\n\n\n\n<p>Es ist so etwa 20 Jahre her, das wir in Salzburg waren und damals waren wir mit dem Auto hier, im und am Hauptbahnhof ist der Wiedererkennungswert also Null. Wir finden trotzdem recht schnell die Haltestelle des O-Bus, der uns zum Hotel bringen soll, leider m\u00fcssen wir genau 20 Minuten warten.<\/p>\n\n\n\n<p>Wir haben kein Hotel in der Innenstadt gebucht, sondern das Motel One in Salzburg S\u00fcd an der Alpenstra\u00dfe, der Hauptausfallstra\u00dfe Richtung Pongau.<\/p>\n\n\n\n<figure class=\"wp-block-image aligncenter size-full is-resized\"><a href=\"https:\/\/mb2812.de\/wp-content\/uploads\/2025\/02\/IMG_7621-2557.jpg\" target=\"_blank\" rel=\" noreferrer noopener\"><img loading=\"lazy\" decoding=\"async\" width=\"1440\" height=\"1920\" src=\"https:\/\/mb2812.de\/wp-content\/uploads\/2025\/02\/IMG_7621-2557.jpg\" alt=\"\" class=\"wp-image-16376\" style=\"width:600px\" srcset=\"https:\/\/mb2812.de\/wp-content\/uploads\/2025\/02\/IMG_7621-2557.jpg 1440w, https:\/\/mb2812.de\/wp-content\/uploads\/2025\/02\/IMG_7621-2557-225x300.jpg 225w, https:\/\/mb2812.de\/wp-content\/uploads\/2025\/02\/IMG_7621-2557-768x1024.jpg 768w, https:\/\/mb2812.de\/wp-content\/uploads\/2025\/02\/IMG_7621-2557-1152x1536.jpg 1152w\" sizes=\"auto, (max-width: 1440px) 100vw, 1440px\" \/><\/a><figcaption class=\"wp-element-caption\"><em>Der O-Bus setzt uns direkt vor dem Motel One in Salzburg S\u00fcd ab<\/em><\/figcaption><\/figure>\n\n\n\n<figure class=\"wp-block-image aligncenter size-full is-resized\"><a href=\"https:\/\/mb2812.de\/wp-content\/uploads\/2025\/02\/IMG_0993-2558.jpg\" target=\"_blank\" rel=\" noreferrer noopener\"><img loading=\"lazy\" decoding=\"async\" width=\"1440\" height=\"1920\" src=\"https:\/\/mb2812.de\/wp-content\/uploads\/2025\/02\/IMG_0993-2558.jpg\" alt=\"\" class=\"wp-image-16378\" style=\"width:600px\" srcset=\"https:\/\/mb2812.de\/wp-content\/uploads\/2025\/02\/IMG_0993-2558.jpg 1440w, https:\/\/mb2812.de\/wp-content\/uploads\/2025\/02\/IMG_0993-2558-225x300.jpg 225w, https:\/\/mb2812.de\/wp-content\/uploads\/2025\/02\/IMG_0993-2558-768x1024.jpg 768w, https:\/\/mb2812.de\/wp-content\/uploads\/2025\/02\/IMG_0993-2558-1152x1536.jpg 1152w\" sizes=\"auto, (max-width: 1440px) 100vw, 1440px\" \/><\/a><figcaption class=\"wp-element-caption\"><em>Das \u00fcbliche Motel One Zimmer erwartet uns<\/em><\/figcaption><\/figure>\n\n\n\n<figure class=\"wp-block-image aligncenter size-full is-resized\"><a href=\"https:\/\/mb2812.de\/wp-content\/uploads\/2025\/02\/IMG_0994.jpg\" target=\"_blank\" rel=\" noreferrer noopener\"><img loading=\"lazy\" decoding=\"async\" width=\"1920\" height=\"1536\" src=\"https:\/\/mb2812.de\/wp-content\/uploads\/2025\/02\/IMG_0994.jpg\" alt=\"\" class=\"wp-image-16379\" style=\"width:800px\" srcset=\"https:\/\/mb2812.de\/wp-content\/uploads\/2025\/02\/IMG_0994.jpg 1920w, https:\/\/mb2812.de\/wp-content\/uploads\/2025\/02\/IMG_0994-300x240.jpg 300w, https:\/\/mb2812.de\/wp-content\/uploads\/2025\/02\/IMG_0994-1024x819.jpg 1024w, https:\/\/mb2812.de\/wp-content\/uploads\/2025\/02\/IMG_0994-768x614.jpg 768w, https:\/\/mb2812.de\/wp-content\/uploads\/2025\/02\/IMG_0994-1536x1229.jpg 1536w\" sizes=\"auto, (max-width: 1920px) 100vw, 1920px\" \/><\/a><figcaption class=\"wp-element-caption\"><em>Hinter dem Hotel ein Supermarktparkplatz. \u00dcber die benachbarte Polizeidirektion Salzburg hinweg k\u00f6nnen wir auf die Festung \u00fcber der Stadt blicken <\/em><\/figcaption><\/figure>\n\n\n\n<p>Mit dem Wetter haben wir Pech, ausgerechnet \u00fcber Salzburg zieht ein Tiefdruckgebiet hinweg und p\u00fcnktlich zu unserer Ankunft starten die Schneeschauer, die den Rest des Tages nicht mehr aufh\u00f6ren. Wir machen trotzdem ein touristisches Programm und laufen zur Hellbrunner Allee, die hinter dem Hotel verl\u00e4uft, und entlang dieser bis Schloss Hellbrunn.<\/p>\n\n\n\n<p>Die Hellbrunner Allee verbindet die Stadt mit Schloss Hellbrunn und es liegen einige kleinere Schl\u00f6sser an diesem Weg. Schloss Frohnburg ist eines davon, der Weg vom Hotel trifft in H\u00f6he dieses Schlosses auf die Allee, so dass wir es von allen Seiten begutachten k\u00f6nnen. Das Schloss kann man nur von aussen anschauen denn es wird vom Mozarteum, einer Universit\u00e4t f\u00fcr Musik, Schauspiel und noch einiges anderes K\u00fcnstlerisches, genutzt. Vorg\u00e4ngerinstitutionen des Mozarteums existieren seit 1841.<\/p>\n\n\n\n<figure class=\"wp-block-image aligncenter size-full is-resized\"><a href=\"https:\/\/mb2812.de\/wp-content\/uploads\/2025\/02\/DSC01502.jpg\" target=\"_blank\" rel=\" noreferrer noopener\"><img loading=\"lazy\" decoding=\"async\" width=\"1920\" height=\"1536\" src=\"https:\/\/mb2812.de\/wp-content\/uploads\/2025\/02\/DSC01502.jpg\" alt=\"\" class=\"wp-image-16380\" style=\"width:800px\" srcset=\"https:\/\/mb2812.de\/wp-content\/uploads\/2025\/02\/DSC01502.jpg 1920w, https:\/\/mb2812.de\/wp-content\/uploads\/2025\/02\/DSC01502-300x240.jpg 300w, https:\/\/mb2812.de\/wp-content\/uploads\/2025\/02\/DSC01502-1024x819.jpg 1024w, https:\/\/mb2812.de\/wp-content\/uploads\/2025\/02\/DSC01502-768x614.jpg 768w, https:\/\/mb2812.de\/wp-content\/uploads\/2025\/02\/DSC01502-1536x1229.jpg 1536w\" sizes=\"auto, (max-width: 1920px) 100vw, 1920px\" \/><\/a><figcaption class=\"wp-element-caption\"><em>Schloss Frohnburg<\/em><\/figcaption><\/figure>\n\n\n\n<figure class=\"wp-block-image aligncenter size-full is-resized\"><a href=\"https:\/\/mb2812.de\/wp-content\/uploads\/2025\/02\/DSC01505.jpg\" target=\"_blank\" rel=\" noreferrer noopener\"><img loading=\"lazy\" decoding=\"async\" width=\"1440\" height=\"1920\" src=\"https:\/\/mb2812.de\/wp-content\/uploads\/2025\/02\/DSC01505.jpg\" alt=\"\" class=\"wp-image-16381\" style=\"width:600px\" srcset=\"https:\/\/mb2812.de\/wp-content\/uploads\/2025\/02\/DSC01505.jpg 1440w, https:\/\/mb2812.de\/wp-content\/uploads\/2025\/02\/DSC01505-225x300.jpg 225w, https:\/\/mb2812.de\/wp-content\/uploads\/2025\/02\/DSC01505-768x1024.jpg 768w, https:\/\/mb2812.de\/wp-content\/uploads\/2025\/02\/DSC01505-1152x1536.jpg 1152w\" sizes=\"auto, (max-width: 1440px) 100vw, 1440px\" \/><\/a><figcaption class=\"wp-element-caption\"><em>Die Hellbrunner Allee in Rchtung Stadt<\/em><\/figcaption><\/figure>\n\n\n\n<figure class=\"wp-block-image aligncenter size-full is-resized\"><a href=\"https:\/\/mb2812.de\/wp-content\/uploads\/2025\/02\/DSC01507.jpg\" target=\"_blank\" rel=\" noreferrer noopener\"><img loading=\"lazy\" decoding=\"async\" width=\"1920\" height=\"1536\" src=\"https:\/\/mb2812.de\/wp-content\/uploads\/2025\/02\/DSC01507.jpg\" alt=\"\" class=\"wp-image-16383\" style=\"width:800px\" srcset=\"https:\/\/mb2812.de\/wp-content\/uploads\/2025\/02\/DSC01507.jpg 1920w, https:\/\/mb2812.de\/wp-content\/uploads\/2025\/02\/DSC01507-300x240.jpg 300w, https:\/\/mb2812.de\/wp-content\/uploads\/2025\/02\/DSC01507-1024x819.jpg 1024w, https:\/\/mb2812.de\/wp-content\/uploads\/2025\/02\/DSC01507-768x614.jpg 768w, https:\/\/mb2812.de\/wp-content\/uploads\/2025\/02\/DSC01507-1536x1229.jpg 1536w\" sizes=\"auto, (max-width: 1920px) 100vw, 1920px\" \/><\/a><figcaption class=\"wp-element-caption\"><em>Die Hellbrunner Allee s\u00fcdw\u00e4rts mit den Geb\u00e4uden von Schloss Frohnburg links<\/em><\/figcaption><\/figure>\n\n\n\n<figure class=\"wp-block-image aligncenter size-full is-resized\"><a href=\"https:\/\/mb2812.de\/wp-content\/uploads\/2025\/02\/IMG_1005.jpg\" target=\"_blank\" rel=\" noreferrer noopener\"><img loading=\"lazy\" decoding=\"async\" width=\"1920\" height=\"1440\" src=\"https:\/\/mb2812.de\/wp-content\/uploads\/2025\/02\/IMG_1005.jpg\" alt=\"\" class=\"wp-image-16385\" style=\"width:800px\" srcset=\"https:\/\/mb2812.de\/wp-content\/uploads\/2025\/02\/IMG_1005.jpg 1920w, https:\/\/mb2812.de\/wp-content\/uploads\/2025\/02\/IMG_1005-300x225.jpg 300w, https:\/\/mb2812.de\/wp-content\/uploads\/2025\/02\/IMG_1005-1024x768.jpg 1024w, https:\/\/mb2812.de\/wp-content\/uploads\/2025\/02\/IMG_1005-768x576.jpg 768w, https:\/\/mb2812.de\/wp-content\/uploads\/2025\/02\/IMG_1005-1536x1152.jpg 1536w\" sizes=\"auto, (max-width: 1920px) 100vw, 1920px\" \/><\/a><figcaption class=\"wp-element-caption\"><em>Dies ist jetzt der Eingang zu Schloss Frohnburg von der Helbrunner Allee aus<\/em><\/figcaption><\/figure>\n\n\n\n<figure class=\"wp-block-image aligncenter size-full is-resized\"><a href=\"https:\/\/mb2812.de\/wp-content\/uploads\/2025\/02\/DSC01509-2548.jpg\" target=\"_blank\" rel=\" noreferrer noopener\"><img loading=\"lazy\" decoding=\"async\" width=\"1280\" height=\"1920\" src=\"https:\/\/mb2812.de\/wp-content\/uploads\/2025\/02\/DSC01509-2548.jpg\" alt=\"\" class=\"wp-image-16386\" style=\"width:600px\" srcset=\"https:\/\/mb2812.de\/wp-content\/uploads\/2025\/02\/DSC01509-2548.jpg 1280w, https:\/\/mb2812.de\/wp-content\/uploads\/2025\/02\/DSC01509-2548-200x300.jpg 200w, https:\/\/mb2812.de\/wp-content\/uploads\/2025\/02\/DSC01509-2548-683x1024.jpg 683w, https:\/\/mb2812.de\/wp-content\/uploads\/2025\/02\/DSC01509-2548-768x1152.jpg 768w, https:\/\/mb2812.de\/wp-content\/uploads\/2025\/02\/DSC01509-2548-1024x1536.jpg 1024w\" sizes=\"auto, (max-width: 1280px) 100vw, 1280px\" \/><\/a><figcaption class=\"wp-element-caption\"><em>Schloss Frohnburg von der Hellbrunner Allee aus<\/em><\/figcaption><\/figure>\n\n\n\n<p>Einen Kilometer s\u00fcdlich, vorbei an Schloss Emsburg und Schloss Emslieb, kommen wir zu den Parkpl\u00e4tzen und dann zum Tor von Schloss Hellbrunn. Schloss Hellbrunn ist ein im fr\u00fchen 17. Jahrhundert angelegtes Lustschloss, umgeben vom Schlossgarten und Landschaftsparks. Ebenfalls bekannt sind die Hellbrunner Wasserspiele, dies sollen die weltweit am besten erhaltenen Wasserspiele der Sp\u00e4trenaissance sein.<\/p>\n\n\n\n<p>Nun, im Winter ist alles geschlossen. Nicht mal das Caf\u00e9 hat auf. Wir k\u00f6nnen uns das Schloss anschauen und durch die G\u00e4rten laufen. Aufgrund des Wetters &#8211; es ist kalt und es schneit &#8211; ist unser Rundgang jetzt nicht allzu ausf\u00fchrlich.<\/p>\n\n\n\n<figure class=\"wp-block-image aligncenter size-full is-resized\"><a href=\"https:\/\/mb2812.de\/wp-content\/uploads\/2025\/02\/DSC01514.jpg\" target=\"_blank\" rel=\" noreferrer noopener\"><img loading=\"lazy\" decoding=\"async\" width=\"1920\" height=\"1536\" src=\"https:\/\/mb2812.de\/wp-content\/uploads\/2025\/02\/DSC01514.jpg\" alt=\"\" class=\"wp-image-16387\" style=\"width:800px\" srcset=\"https:\/\/mb2812.de\/wp-content\/uploads\/2025\/02\/DSC01514.jpg 1920w, https:\/\/mb2812.de\/wp-content\/uploads\/2025\/02\/DSC01514-300x240.jpg 300w, https:\/\/mb2812.de\/wp-content\/uploads\/2025\/02\/DSC01514-1024x819.jpg 1024w, https:\/\/mb2812.de\/wp-content\/uploads\/2025\/02\/DSC01514-768x614.jpg 768w, https:\/\/mb2812.de\/wp-content\/uploads\/2025\/02\/DSC01514-1536x1229.jpg 1536w\" sizes=\"auto, (max-width: 1920px) 100vw, 1920px\" \/><\/a><figcaption class=\"wp-element-caption\"><em> Dies ist das Tor<\/em><\/figcaption><\/figure>\n\n\n\n<p>Von dem Film \u201eThe Sound of Music\u201c hatte ich noch nie etwas geh\u00f6rt, bis ich mir zur Vorbereitung einen Reisef\u00fchrer \u00fcber Salzburg kaufte. Der Film wurde 1965 gedreht und er hat vor allem in Amerika Kultstatus. Jedenfalls, \u00fcberall gibt es Hinweise auf die Drehorte:<\/p>\n\n\n\n<figure class=\"wp-block-image aligncenter size-full is-resized\"><a href=\"https:\/\/mb2812.de\/wp-content\/uploads\/2025\/02\/IMG_7622.jpg\" target=\"_blank\" rel=\" noreferrer noopener\"><img loading=\"lazy\" decoding=\"async\" width=\"1440\" height=\"1920\" src=\"https:\/\/mb2812.de\/wp-content\/uploads\/2025\/02\/IMG_7622.jpg\" alt=\"\" class=\"wp-image-16388\" style=\"width:600px;height:auto\" srcset=\"https:\/\/mb2812.de\/wp-content\/uploads\/2025\/02\/IMG_7622.jpg 1440w, https:\/\/mb2812.de\/wp-content\/uploads\/2025\/02\/IMG_7622-225x300.jpg 225w, https:\/\/mb2812.de\/wp-content\/uploads\/2025\/02\/IMG_7622-768x1024.jpg 768w, https:\/\/mb2812.de\/wp-content\/uploads\/2025\/02\/IMG_7622-1152x1536.jpg 1152w\" sizes=\"auto, (max-width: 1440px) 100vw, 1440px\" \/><\/a><figcaption class=\"wp-element-caption\"><em>Dieser  Pavillon in der N\u00e4he des Tores ist einer der Drehorte des Films<\/em><\/figcaption><\/figure>\n\n\n\n<p>Entlang der Mauern kommen wir durch einen  \u201eSeiteneingang\u201c in den Schlosshof und schauen uns um:<\/p>\n\n\n\n<figure class=\"wp-block-image aligncenter size-full is-resized\"><a href=\"https:\/\/mb2812.de\/wp-content\/uploads\/2025\/02\/DSC01518-2550.jpg\" target=\"_blank\" rel=\" noreferrer noopener\"><img loading=\"lazy\" decoding=\"async\" width=\"1920\" height=\"1536\" src=\"https:\/\/mb2812.de\/wp-content\/uploads\/2025\/02\/DSC01518-2550.jpg\" alt=\"\" class=\"wp-image-16389\" style=\"width:800px\" srcset=\"https:\/\/mb2812.de\/wp-content\/uploads\/2025\/02\/DSC01518-2550.jpg 1920w, https:\/\/mb2812.de\/wp-content\/uploads\/2025\/02\/DSC01518-2550-300x240.jpg 300w, https:\/\/mb2812.de\/wp-content\/uploads\/2025\/02\/DSC01518-2550-1024x819.jpg 1024w, https:\/\/mb2812.de\/wp-content\/uploads\/2025\/02\/DSC01518-2550-768x614.jpg 768w, https:\/\/mb2812.de\/wp-content\/uploads\/2025\/02\/DSC01518-2550-1536x1229.jpg 1536w\" sizes=\"auto, (max-width: 1920px) 100vw, 1920px\" \/><\/a><figcaption class=\"wp-element-caption\"><em> der Blick zur\u00fcck zum Tor<\/em><\/figcaption><\/figure>\n\n\n\n<figure class=\"wp-block-image aligncenter size-full is-resized\"><a href=\"https:\/\/mb2812.de\/wp-content\/uploads\/2025\/02\/DSC01515.jpg\"><img loading=\"lazy\" decoding=\"async\" width=\"1920\" height=\"1536\" src=\"https:\/\/mb2812.de\/wp-content\/uploads\/2025\/02\/DSC01515.jpg\" alt=\"\" class=\"wp-image-16390\" style=\"width:800px\" srcset=\"https:\/\/mb2812.de\/wp-content\/uploads\/2025\/02\/DSC01515.jpg 1920w, https:\/\/mb2812.de\/wp-content\/uploads\/2025\/02\/DSC01515-300x240.jpg 300w, https:\/\/mb2812.de\/wp-content\/uploads\/2025\/02\/DSC01515-1024x819.jpg 1024w, https:\/\/mb2812.de\/wp-content\/uploads\/2025\/02\/DSC01515-768x614.jpg 768w, https:\/\/mb2812.de\/wp-content\/uploads\/2025\/02\/DSC01515-1536x1229.jpg 1536w\" sizes=\"auto, (max-width: 1920px) 100vw, 1920px\" \/><\/a><figcaption class=\"wp-element-caption\"><em>Schloss Hellbrunn<\/em><\/figcaption><\/figure>\n\n\n\n<p>Ein paar Details:<\/p>\n\n\n\n<figure class=\"wp-block-image aligncenter size-full is-resized\"><a href=\"https:\/\/mb2812.de\/wp-content\/uploads\/2025\/02\/DSC01520-2559.jpg\" target=\"_blank\" rel=\" noreferrer noopener\"><img loading=\"lazy\" decoding=\"async\" width=\"1440\" height=\"1920\" src=\"https:\/\/mb2812.de\/wp-content\/uploads\/2025\/02\/DSC01520-2559.jpg\" alt=\"\" class=\"wp-image-16391\" style=\"width:600px\" srcset=\"https:\/\/mb2812.de\/wp-content\/uploads\/2025\/02\/DSC01520-2559.jpg 1440w, https:\/\/mb2812.de\/wp-content\/uploads\/2025\/02\/DSC01520-2559-225x300.jpg 225w, https:\/\/mb2812.de\/wp-content\/uploads\/2025\/02\/DSC01520-2559-768x1024.jpg 768w, https:\/\/mb2812.de\/wp-content\/uploads\/2025\/02\/DSC01520-2559-1152x1536.jpg 1152w\" sizes=\"auto, (max-width: 1440px) 100vw, 1440px\" \/><\/a><\/figure>\n\n\n\n<div style=\"height:0px\" aria-hidden=\"true\" class=\"wp-block-spacer\"><\/div>\n\n\n\n<figure class=\"wp-block-image aligncenter size-full is-resized\"><a href=\"https:\/\/mb2812.de\/wp-content\/uploads\/2025\/02\/DSC01523-2554.jpg\" target=\"_blank\" rel=\" noreferrer noopener\"><img loading=\"lazy\" decoding=\"async\" width=\"1920\" height=\"1536\" src=\"https:\/\/mb2812.de\/wp-content\/uploads\/2025\/02\/DSC01523-2554.jpg\" alt=\"\" class=\"wp-image-16392\" style=\"width:800px\" srcset=\"https:\/\/mb2812.de\/wp-content\/uploads\/2025\/02\/DSC01523-2554.jpg 1920w, https:\/\/mb2812.de\/wp-content\/uploads\/2025\/02\/DSC01523-2554-300x240.jpg 300w, https:\/\/mb2812.de\/wp-content\/uploads\/2025\/02\/DSC01523-2554-1024x819.jpg 1024w, https:\/\/mb2812.de\/wp-content\/uploads\/2025\/02\/DSC01523-2554-768x614.jpg 768w, https:\/\/mb2812.de\/wp-content\/uploads\/2025\/02\/DSC01523-2554-1536x1229.jpg 1536w\" sizes=\"auto, (max-width: 1920px) 100vw, 1920px\" \/><\/a><\/figure>\n\n\n\n<div style=\"height:0px\" aria-hidden=\"true\" class=\"wp-block-spacer\"><\/div>\n\n\n\n<p>Dann laufen wir ein bisschen durch den Park:<\/p>\n\n\n\n<figure class=\"wp-block-image size-full is-resized\"><a href=\"https:\/\/mb2812.de\/wp-content\/uploads\/2025\/02\/DSC01528-2555.jpg\"><img loading=\"lazy\" decoding=\"async\" width=\"1920\" height=\"1536\" src=\"https:\/\/mb2812.de\/wp-content\/uploads\/2025\/02\/DSC01528-2555.jpg\" alt=\"\" class=\"wp-image-16393\" style=\"width:800px\" srcset=\"https:\/\/mb2812.de\/wp-content\/uploads\/2025\/02\/DSC01528-2555.jpg 1920w, https:\/\/mb2812.de\/wp-content\/uploads\/2025\/02\/DSC01528-2555-300x240.jpg 300w, https:\/\/mb2812.de\/wp-content\/uploads\/2025\/02\/DSC01528-2555-1024x819.jpg 1024w, https:\/\/mb2812.de\/wp-content\/uploads\/2025\/02\/DSC01528-2555-768x614.jpg 768w, https:\/\/mb2812.de\/wp-content\/uploads\/2025\/02\/DSC01528-2555-1536x1229.jpg 1536w\" sizes=\"auto, (max-width: 1920px) 100vw, 1920px\" \/><\/a><figcaption class=\"wp-element-caption\"><em>Blick in den Park, am Hang das Monatsschl\u00f6ssl,  ein Jagdschloss&nbsp;aus dem 17.&nbsp;Jahrhundert, in dem heute das Volkskunde Museum untergebracht ist<\/em><\/figcaption><\/figure>\n\n\n\n<figure class=\"wp-block-image aligncenter size-full is-resized\"><a href=\"https:\/\/mb2812.de\/wp-content\/uploads\/2025\/02\/DSC01530.jpg\" target=\"_blank\" rel=\" noreferrer noopener\"><img loading=\"lazy\" decoding=\"async\" width=\"1440\" height=\"1920\" src=\"https:\/\/mb2812.de\/wp-content\/uploads\/2025\/02\/DSC01530.jpg\" alt=\"\" class=\"wp-image-16395\" style=\"width:600px\" srcset=\"https:\/\/mb2812.de\/wp-content\/uploads\/2025\/02\/DSC01530.jpg 1440w, https:\/\/mb2812.de\/wp-content\/uploads\/2025\/02\/DSC01530-225x300.jpg 225w, https:\/\/mb2812.de\/wp-content\/uploads\/2025\/02\/DSC01530-768x1024.jpg 768w, https:\/\/mb2812.de\/wp-content\/uploads\/2025\/02\/DSC01530-1152x1536.jpg 1152w\" sizes=\"auto, (max-width: 1440px) 100vw, 1440px\" \/><\/a><figcaption class=\"wp-element-caption\"><em>Einhornfigur am \u201eKarpfenteich\u201c im Wasserparterre<\/em><\/figcaption><\/figure>\n\n\n\n<figure class=\"wp-block-image aligncenter size-full is-resized\"><a href=\"https:\/\/mb2812.de\/wp-content\/uploads\/2025\/02\/DSC01532-2553.jpg\" target=\"_blank\" rel=\" noreferrer noopener\"><img loading=\"lazy\" decoding=\"async\" width=\"1440\" height=\"1920\" src=\"https:\/\/mb2812.de\/wp-content\/uploads\/2025\/02\/DSC01532-2553.jpg\" alt=\"\" class=\"wp-image-16397\" style=\"width:600px\" srcset=\"https:\/\/mb2812.de\/wp-content\/uploads\/2025\/02\/DSC01532-2553.jpg 1440w, https:\/\/mb2812.de\/wp-content\/uploads\/2025\/02\/DSC01532-2553-225x300.jpg 225w, https:\/\/mb2812.de\/wp-content\/uploads\/2025\/02\/DSC01532-2553-768x1024.jpg 768w, https:\/\/mb2812.de\/wp-content\/uploads\/2025\/02\/DSC01532-2553-1152x1536.jpg 1152w\" sizes=\"auto, (max-width: 1440px) 100vw, 1440px\" \/><\/a><figcaption class=\"wp-element-caption\"><em>Figuren am Weiher<\/em><\/figcaption><\/figure>\n\n\n\n<figure class=\"wp-block-image aligncenter size-full is-resized\"><a href=\"https:\/\/mb2812.de\/wp-content\/uploads\/2025\/02\/DSC01533.jpg\" target=\"_blank\" rel=\" noreferrer noopener\"><img loading=\"lazy\" decoding=\"async\" width=\"1920\" height=\"1536\" src=\"https:\/\/mb2812.de\/wp-content\/uploads\/2025\/02\/DSC01533.jpg\" alt=\"\" class=\"wp-image-16398\" style=\"width:800px\" srcset=\"https:\/\/mb2812.de\/wp-content\/uploads\/2025\/02\/DSC01533.jpg 1920w, https:\/\/mb2812.de\/wp-content\/uploads\/2025\/02\/DSC01533-300x240.jpg 300w, https:\/\/mb2812.de\/wp-content\/uploads\/2025\/02\/DSC01533-1024x819.jpg 1024w, https:\/\/mb2812.de\/wp-content\/uploads\/2025\/02\/DSC01533-768x614.jpg 768w, https:\/\/mb2812.de\/wp-content\/uploads\/2025\/02\/DSC01533-1536x1229.jpg 1536w\" sizes=\"auto, (max-width: 1920px) 100vw, 1920px\" \/><\/a><figcaption class=\"wp-element-caption\"><em>Durch den Zaun kann man ein wenig von den Wasserspielen sehen, dies hier ist der &nbsp;Eurydikebrunnen<\/em><\/figcaption><\/figure>\n\n\n\n<p>Das war unser Besuch und wir gehen entlang des F\u00fcrstenweges zur Alpenstrasse und fahren ab der Haltestelle am P+R Parkplatz mit dem O-Bus in die Stadt. Am Mozartsteg steigen wir aus.<\/p>\n\n\n\n<p>Das Wetter ist  jetzt nicht besser, trotzdem gehen wir \u00fcber den Steg zur Altstadt und dabei entstehen einige Fotos:<\/p>\n\n\n\n<figure class=\"wp-block-image aligncenter size-full is-resized\"><a href=\"https:\/\/mb2812.de\/wp-content\/uploads\/2025\/02\/IMG_7636.jpg\" target=\"_blank\" rel=\" noreferrer noopener\"><img loading=\"lazy\" decoding=\"async\" width=\"1920\" height=\"1536\" src=\"https:\/\/mb2812.de\/wp-content\/uploads\/2025\/02\/IMG_7636.jpg\" alt=\"\" class=\"wp-image-16399\" style=\"width:800px\" srcset=\"https:\/\/mb2812.de\/wp-content\/uploads\/2025\/02\/IMG_7636.jpg 1920w, https:\/\/mb2812.de\/wp-content\/uploads\/2025\/02\/IMG_7636-300x240.jpg 300w, https:\/\/mb2812.de\/wp-content\/uploads\/2025\/02\/IMG_7636-1024x819.jpg 1024w, https:\/\/mb2812.de\/wp-content\/uploads\/2025\/02\/IMG_7636-768x614.jpg 768w, https:\/\/mb2812.de\/wp-content\/uploads\/2025\/02\/IMG_7636-1536x1229.jpg 1536w\" sizes=\"auto, (max-width: 1920px) 100vw, 1920px\" \/><\/a><figcaption class=\"wp-element-caption\"><em>Der Mozartsteg, dahinter die die Altstadt \u00fcberragende Festung<\/em><\/figcaption><\/figure>\n\n\n\n<figure class=\"wp-block-image aligncenter size-full is-resized\"><a href=\"https:\/\/mb2812.de\/wp-content\/uploads\/2025\/02\/IMG_7647.jpg\" target=\"_blank\" rel=\" noreferrer noopener\"><img loading=\"lazy\" decoding=\"async\" width=\"1920\" height=\"1440\" src=\"https:\/\/mb2812.de\/wp-content\/uploads\/2025\/02\/IMG_7647.jpg\" alt=\"\" class=\"wp-image-16400\" style=\"width:800px\" srcset=\"https:\/\/mb2812.de\/wp-content\/uploads\/2025\/02\/IMG_7647.jpg 1920w, https:\/\/mb2812.de\/wp-content\/uploads\/2025\/02\/IMG_7647-300x225.jpg 300w, https:\/\/mb2812.de\/wp-content\/uploads\/2025\/02\/IMG_7647-1024x768.jpg 1024w, https:\/\/mb2812.de\/wp-content\/uploads\/2025\/02\/IMG_7647-768x576.jpg 768w, https:\/\/mb2812.de\/wp-content\/uploads\/2025\/02\/IMG_7647-1536x1152.jpg 1536w\" sizes=\"auto, (max-width: 1920px) 100vw, 1920px\" \/><\/a><figcaption class=\"wp-element-caption\"><em>Villen am rechten Salzachufer<\/em><\/figcaption><\/figure>\n\n\n\n<figure class=\"wp-block-image aligncenter size-full is-resized\"><a href=\"https:\/\/mb2812.de\/wp-content\/uploads\/2025\/02\/IMG_7644.jpg\" target=\"_blank\" rel=\" noreferrer noopener\"><img loading=\"lazy\" decoding=\"async\" width=\"1440\" height=\"1920\" src=\"https:\/\/mb2812.de\/wp-content\/uploads\/2025\/02\/IMG_7644.jpg\" alt=\"\" class=\"wp-image-16401\" style=\"width:600px\" srcset=\"https:\/\/mb2812.de\/wp-content\/uploads\/2025\/02\/IMG_7644.jpg 1440w, https:\/\/mb2812.de\/wp-content\/uploads\/2025\/02\/IMG_7644-225x300.jpg 225w, https:\/\/mb2812.de\/wp-content\/uploads\/2025\/02\/IMG_7644-768x1024.jpg 768w, https:\/\/mb2812.de\/wp-content\/uploads\/2025\/02\/IMG_7644-1152x1536.jpg 1152w\" sizes=\"auto, (max-width: 1440px) 100vw, 1440px\" \/><\/a><figcaption class=\"wp-element-caption\"><em>Stephan auf dem Steg<\/em><\/figcaption><\/figure>\n\n\n\n<p>Da in Schloss Hellbrunn alles geschlossen war, haben wir Lust auf eine Pause und suchen ein Caf\u00e9, auf dem Mozartplatz werden wir gleich f\u00fcndig und landen im Caf\u00e9 Glockenspiel.<\/p>\n\n\n\n<figure class=\"wp-block-image aligncenter size-full is-resized\"><a href=\"https:\/\/mb2812.de\/wp-content\/uploads\/2025\/02\/IMG_1049.jpg\" target=\"_blank\" rel=\" noreferrer noopener\"><img loading=\"lazy\" decoding=\"async\" width=\"1440\" height=\"1920\" src=\"https:\/\/mb2812.de\/wp-content\/uploads\/2025\/02\/IMG_1049.jpg\" alt=\"\" class=\"wp-image-16402\" style=\"width:600px\" srcset=\"https:\/\/mb2812.de\/wp-content\/uploads\/2025\/02\/IMG_1049.jpg 1440w, https:\/\/mb2812.de\/wp-content\/uploads\/2025\/02\/IMG_1049-225x300.jpg 225w, https:\/\/mb2812.de\/wp-content\/uploads\/2025\/02\/IMG_1049-768x1024.jpg 768w, https:\/\/mb2812.de\/wp-content\/uploads\/2025\/02\/IMG_1049-1152x1536.jpg 1152w\" sizes=\"auto, (max-width: 1440px) 100vw, 1440px\" \/><\/a><figcaption class=\"wp-element-caption\"><em>Im Caf\u00e9 Glockenspiel<\/em><\/figcaption><\/figure>\n\n\n\n<p>Und dann ist irgendwie die Luft raus, wir laufen einmal schnell durch die gesamte Altstadt, auch durch die Getreidegasse, suchen dann aber  die n\u00e4chste Haltestelle f\u00fcr die Fahrt zur\u00fcck zum Hotel. Dort gibt es die n\u00e4chste Pause.<\/p>\n\n\n\n<figure class=\"wp-block-image aligncenter size-full is-resized\"><a href=\"https:\/\/mb2812.de\/wp-content\/uploads\/2025\/02\/IMG_1053-2552.jpg\" target=\"_blank\" rel=\" noreferrer noopener\"><img loading=\"lazy\" decoding=\"async\" width=\"1440\" height=\"1920\" src=\"https:\/\/mb2812.de\/wp-content\/uploads\/2025\/02\/IMG_1053-2552.jpg\" alt=\"\" class=\"wp-image-16403\" style=\"width:600px;height:auto\" srcset=\"https:\/\/mb2812.de\/wp-content\/uploads\/2025\/02\/IMG_1053-2552.jpg 1440w, https:\/\/mb2812.de\/wp-content\/uploads\/2025\/02\/IMG_1053-2552-225x300.jpg 225w, https:\/\/mb2812.de\/wp-content\/uploads\/2025\/02\/IMG_1053-2552-768x1024.jpg 768w, https:\/\/mb2812.de\/wp-content\/uploads\/2025\/02\/IMG_1053-2552-1152x1536.jpg 1152w\" sizes=\"auto, (max-width: 1440px) 100vw, 1440px\" \/><\/a><figcaption class=\"wp-element-caption\"><em>Die Lounge im Motel One<\/em><\/figcaption><\/figure>\n\n\n\n<p>Zum Abendessen mussten wir wieder in die Stadt zur\u00fcck, unser Ziel war das Sternbr\u00e4u. Das ist ein riesiger gastronomischer Komplex mit langer Geschichte. Wir erwischen einen O-Bus zum Hauptbahnhof und m\u00fcssen daher etwas laufen, am Makartplatz steigen wir aus.<\/p>\n\n\n\n<figure class=\"wp-block-image aligncenter size-full is-resized\"><a href=\"https:\/\/mb2812.de\/wp-content\/uploads\/2025\/02\/IMG_1058-2549.jpg\" target=\"_blank\" rel=\" noreferrer noopener\"><img loading=\"lazy\" decoding=\"async\" width=\"1920\" height=\"1440\" src=\"https:\/\/mb2812.de\/wp-content\/uploads\/2025\/02\/IMG_1058-2549.jpg\" alt=\"\" class=\"wp-image-16404\" style=\"width:800px\" srcset=\"https:\/\/mb2812.de\/wp-content\/uploads\/2025\/02\/IMG_1058-2549.jpg 1920w, https:\/\/mb2812.de\/wp-content\/uploads\/2025\/02\/IMG_1058-2549-300x225.jpg 300w, https:\/\/mb2812.de\/wp-content\/uploads\/2025\/02\/IMG_1058-2549-1024x768.jpg 1024w, https:\/\/mb2812.de\/wp-content\/uploads\/2025\/02\/IMG_1058-2549-768x576.jpg 768w, https:\/\/mb2812.de\/wp-content\/uploads\/2025\/02\/IMG_1058-2549-1536x1152.jpg 1536w\" sizes=\"auto, (max-width: 1920px) 100vw, 1920px\" \/><\/a><figcaption class=\"wp-element-caption\"><em>Dort steht das Landestheater<\/em><\/figcaption><\/figure>\n\n\n\n<figure class=\"wp-block-image aligncenter size-full is-resized\"><a href=\"https:\/\/mb2812.de\/wp-content\/uploads\/2025\/02\/IMG_1060.jpg\" target=\"_blank\" rel=\" noreferrer noopener\"><img loading=\"lazy\" decoding=\"async\" width=\"1920\" height=\"1440\" src=\"https:\/\/mb2812.de\/wp-content\/uploads\/2025\/02\/IMG_1060.jpg\" alt=\"\" class=\"wp-image-16405\" style=\"width:800px\" srcset=\"https:\/\/mb2812.de\/wp-content\/uploads\/2025\/02\/IMG_1060.jpg 1920w, https:\/\/mb2812.de\/wp-content\/uploads\/2025\/02\/IMG_1060-300x225.jpg 300w, https:\/\/mb2812.de\/wp-content\/uploads\/2025\/02\/IMG_1060-1024x768.jpg 1024w, https:\/\/mb2812.de\/wp-content\/uploads\/2025\/02\/IMG_1060-768x576.jpg 768w, https:\/\/mb2812.de\/wp-content\/uploads\/2025\/02\/IMG_1060-1536x1152.jpg 1536w\" sizes=\"auto, (max-width: 1920px) 100vw, 1920px\" \/><\/a><figcaption class=\"wp-element-caption\"> <em>Blick \u00fcber die Salzach auf die Altstadt<\/em><\/figcaption><\/figure>\n\n\n\n<figure class=\"wp-block-image aligncenter size-full is-resized\"><a href=\"https:\/\/mb2812.de\/wp-content\/uploads\/2025\/02\/IMG_1064.jpg\" target=\"_blank\" rel=\" noreferrer noopener\"><img loading=\"lazy\" decoding=\"async\" width=\"1920\" height=\"1536\" src=\"https:\/\/mb2812.de\/wp-content\/uploads\/2025\/02\/IMG_1064.jpg\" alt=\"\" class=\"wp-image-16406\" style=\"width:800px\" srcset=\"https:\/\/mb2812.de\/wp-content\/uploads\/2025\/02\/IMG_1064.jpg 1920w, https:\/\/mb2812.de\/wp-content\/uploads\/2025\/02\/IMG_1064-300x240.jpg 300w, https:\/\/mb2812.de\/wp-content\/uploads\/2025\/02\/IMG_1064-1024x819.jpg 1024w, https:\/\/mb2812.de\/wp-content\/uploads\/2025\/02\/IMG_1064-768x614.jpg 768w, https:\/\/mb2812.de\/wp-content\/uploads\/2025\/02\/IMG_1064-1536x1229.jpg 1536w\" sizes=\"auto, (max-width: 1920px) 100vw, 1920px\" \/><\/a><figcaption class=\"wp-element-caption\"><em>Nach Norden mit dem M\u00f6nchsberg und dem Museum der Moderne<\/em><\/figcaption><\/figure>\n\n\n\n<figure class=\"wp-block-image aligncenter size-full is-resized\"><a href=\"https:\/\/mb2812.de\/wp-content\/uploads\/2025\/02\/IMG_7653.jpg\" target=\"_blank\" rel=\" noreferrer noopener\"><img loading=\"lazy\" decoding=\"async\" width=\"1920\" height=\"1536\" src=\"https:\/\/mb2812.de\/wp-content\/uploads\/2025\/02\/IMG_7653.jpg\" alt=\"\" class=\"wp-image-16407\" style=\"width:800px\" srcset=\"https:\/\/mb2812.de\/wp-content\/uploads\/2025\/02\/IMG_7653.jpg 1920w, https:\/\/mb2812.de\/wp-content\/uploads\/2025\/02\/IMG_7653-300x240.jpg 300w, https:\/\/mb2812.de\/wp-content\/uploads\/2025\/02\/IMG_7653-1024x819.jpg 1024w, https:\/\/mb2812.de\/wp-content\/uploads\/2025\/02\/IMG_7653-768x614.jpg 768w, https:\/\/mb2812.de\/wp-content\/uploads\/2025\/02\/IMG_7653-1536x1229.jpg 1536w\" sizes=\"auto, (max-width: 1920px) 100vw, 1920px\" \/><\/a><figcaption class=\"wp-element-caption\"><em>Der repr\u00e4sentative Bau des Hotel Sacher am Salzachufer<\/em><\/figcaption><\/figure>\n\n\n\n<p>Im Sternbr\u00e4u gibt es Schweinebraten f\u00fcr Stephan und Wiener Schnitzel f\u00fcr mich, und da der Tag fr\u00fch begann, endet er f\u00fcr uns dann auch recht schnell nach der R\u00fcckkehr zum Hotel.<\/p>\n","protected":false},"excerpt":{"rendered":"<p>Recht fr\u00fch geht es los, denn um 7 Uhr f\u00e4hrt die Westbahn ab Stuttgart nach Salzburg. Am Nachmittag k\u00f6nnen wir daher noch Schloss Hellbrunn besichtigen und einen ersten Besuch in der Innenstadt machen<\/p>\n","protected":false},"author":1,"featured_media":16391,"comment_status":"closed","ping_status":"closed","sticky":false,"template":"","format":"standard","meta":{"footnotes":""},"categories":[385],"tags":[386,198,205,374],"class_list":["post-16371","post","type-post","status-publish","format-standard","has-post-thumbnail","hentry","category-salzburg-zuerich-2025","tag-386","tag-bahn","tag-oesterreich","tag-salzburg"],"_links":{"self":[{"href":"https:\/\/mb2812.de\/index.php?rest_route=\/wp\/v2\/posts\/16371","targetHints":{"allow":["GET"]}}],"collection":[{"href":"https:\/\/mb2812.de\/index.php?rest_route=\/wp\/v2\/posts"}],"about":[{"href":"https:\/\/mb2812.de\/index.php?rest_route=\/wp\/v2\/types\/post"}],"author":[{"embeddable":true,"href":"https:\/\/mb2812.de\/index.php?rest_route=\/wp\/v2\/users\/1"}],"replies":[{"embeddable":true,"href":"https:\/\/mb2812.de\/index.php?rest_route=%2Fwp%2Fv2%2Fcomments&post=16371"}],"version-history":[{"count":15,"href":"https:\/\/mb2812.de\/index.php?rest_route=\/wp\/v2\/posts\/16371\/revisions"}],"predecessor-version":[{"id":17765,"href":"https:\/\/mb2812.de\/index.php?rest_route=\/wp\/v2\/posts\/16371\/revisions\/17765"}],"wp:featuredmedia":[{"embeddable":true,"href":"https:\/\/mb2812.de\/index.php?rest_route=\/wp\/v2\/media\/16391"}],"wp:attachment":[{"href":"https:\/\/mb2812.de\/index.php?rest_route=%2Fwp%2Fv2%2Fmedia&parent=16371"}],"wp:term":[{"taxonomy":"category","embeddable":true,"href":"https:\/\/mb2812.de\/index.php?rest_route=%2Fwp%2Fv2%2Fcategories&post=16371"},{"taxonomy":"post_tag","embeddable":true,"href":"https:\/\/mb2812.de\/index.php?rest_route=%2Fwp%2Fv2%2Ftags&post=16371"}],"curies":[{"name":"wp","href":"https:\/\/api.w.org\/{rel}","templated":true}]}}