{"id":16369,"date":"2025-02-16T08:00:00","date_gmt":"2025-02-16T06:00:00","guid":{"rendered":"https:\/\/mb2812.de\/?p=16369"},"modified":"2025-07-08T09:55:39","modified_gmt":"2025-07-08T07:55:39","slug":"2025-salzburg-und-zuerich","status":"publish","type":"post","link":"https:\/\/mb2812.de\/?p=16369","title":{"rendered":"Salzburg und Z\u00fcrich"},"content":{"rendered":"\n<p>Der erste Urlaub 2025 fand beruflich bedingt recht fr\u00fch statt, im Februar. Mit dem Flugzeug irgendwo in die Sonne zu jetten war leider nicht m\u00f6glich, wir blieben nahe der Heimat in der K\u00e4lte und entschieden uns f\u00fcr Salzburg und Z\u00fcrich. Mit dabei war ein bisschen Bahnfahren, nach Salzburg ging es mit der Westbahn, die seit neuestem bis Stuttgart f\u00e4hrt, und zwischen Salzburg und Z\u00fcrich war es dann ein &#8222;Railjet&#8220; der \u00d6BB. Diese Z\u00fcge werden zwar jetzt schon seit 2008 eingesetzt, nichtsdestotrotz war es das erste Mal das ich mit so einem Zug gefahren bin.<\/p>\n\n\n\n<p>Im Einzelnen:<\/p>\n\n\n\n<ul class=\"wp-block-list\">\n<li><a href=\"https:\/\/mb2812.de\/?p=16371\" data-type=\"post\" data-id=\"16371\">16.2. (Sonntag) &#8211; Anreise nach Salzburg und Schloss Hellbrunn<\/a><\/li>\n\n\n\n<li><a href=\"https:\/\/mb2812.de\/?p=16409\" data-type=\"post\" data-id=\"16409\">17.2. (Montag) &#8211; Salzburg<\/a><\/li>\n\n\n\n<li><a href=\"https:\/\/mb2812.de\/?p=16462\" data-type=\"post\" data-id=\"16462\">18.2. (Dienstag) &#8211; Hallein und Salzbergwerk<\/a><\/li>\n\n\n\n<li><a href=\"https:\/\/mb2812.de\/?p=16515\" data-type=\"post\" data-id=\"16515\">19.2. (Mittwoch) &#8211; Fahrt von Salzburg nach Z\u00fcrich<\/a><\/li>\n\n\n\n<li><a href=\"https:\/\/mb2812.de\/?p=16713\" data-type=\"post\" data-id=\"16713\">20.2. (Donnerstag) &#8211; In der Stadt Z\u00fcrich<\/a><\/li>\n\n\n\n<li><a href=\"https:\/\/mb2812.de\/?p=16715\" data-type=\"post\" data-id=\"16715\">21.2. (Freitag) &#8211; Ausflug nach Rapperswill<\/a><\/li>\n\n\n\n<li><a href=\"https:\/\/mb2812.de\/?p=16717\" data-type=\"post\" data-id=\"16717\">22.2. (Samstag) &#8211; R\u00fcckreise nach B\u00f6blingen<\/a><\/li>\n<\/ul>\n\n\n\n<figure class=\"wp-block-image aligncenter size-large is-resized\"><a href=\"https:\/\/mb2812.de\/wp-content\/uploads\/2025\/02\/Salzburg-Rail.jpg\"><img loading=\"lazy\" decoding=\"async\" width=\"1024\" height=\"683\" src=\"https:\/\/mb2812.de\/wp-content\/uploads\/2025\/02\/Salzburg-Rail-1024x683.jpg\" alt=\"\" class=\"wp-image-17766\" style=\"width:800px\" srcset=\"https:\/\/mb2812.de\/wp-content\/uploads\/2025\/02\/Salzburg-Rail-1024x683.jpg 1024w, https:\/\/mb2812.de\/wp-content\/uploads\/2025\/02\/Salzburg-Rail-300x200.jpg 300w, https:\/\/mb2812.de\/wp-content\/uploads\/2025\/02\/Salzburg-Rail-768x512.jpg 768w, https:\/\/mb2812.de\/wp-content\/uploads\/2025\/02\/Salzburg-Rail-1536x1024.jpg 1536w, https:\/\/mb2812.de\/wp-content\/uploads\/2025\/02\/Salzburg-Rail.jpg 1920w\" sizes=\"auto, (max-width: 1024px) 100vw, 1024px\" \/><\/a><figcaption class=\"wp-element-caption\"><em>Etwa 1100 Kilometer waren es, die wir mit der Bahn gefahren sind<\/em><br><em>Karte \u00a9 Openstreetmap Mitwirkende<\/em>,\u00a0<em><a href=\"https:\/\/opendatacommons.org\/licenses\/odbl\/summary\/\" target=\"_blank\" rel=\"noreferrer noopener\">Lizenz: ODbL 1.0<\/a><\/em><\/figcaption><\/figure>\n","protected":false},"excerpt":{"rendered":"<p>2025 starteten wir recht fr\u00fch im Jahr mit Urlaub, im Februar. Es ging nach Salzburg und Z\u00fcrich.<\/p>\n","protected":false},"author":1,"featured_media":17766,"comment_status":"closed","ping_status":"closed","sticky":false,"template":"","format":"standard","meta":{"footnotes":""},"categories":[385],"tags":[386,205,374,48,271,49,58],"class_list":["post-16369","post","type-post","status-publish","format-standard","has-post-thumbnail","hentry","category-salzburg-zuerich-2025","tag-386","tag-oesterreich","tag-salzburg","tag-schweiz","tag-urlaub","tag-zentralschweiz","tag-zuerich"],"_links":{"self":[{"href":"https:\/\/mb2812.de\/index.php?rest_route=\/wp\/v2\/posts\/16369","targetHints":{"allow":["GET"]}}],"collection":[{"href":"https:\/\/mb2812.de\/index.php?rest_route=\/wp\/v2\/posts"}],"about":[{"href":"https:\/\/mb2812.de\/index.php?rest_route=\/wp\/v2\/types\/post"}],"author":[{"embeddable":true,"href":"https:\/\/mb2812.de\/index.php?rest_route=\/wp\/v2\/users\/1"}],"replies":[{"embeddable":true,"href":"https:\/\/mb2812.de\/index.php?rest_route=%2Fwp%2Fv2%2Fcomments&post=16369"}],"version-history":[{"count":11,"href":"https:\/\/mb2812.de\/index.php?rest_route=\/wp\/v2\/posts\/16369\/revisions"}],"predecessor-version":[{"id":17769,"href":"https:\/\/mb2812.de\/index.php?rest_route=\/wp\/v2\/posts\/16369\/revisions\/17769"}],"wp:featuredmedia":[{"embeddable":true,"href":"https:\/\/mb2812.de\/index.php?rest_route=\/wp\/v2\/media\/17766"}],"wp:attachment":[{"href":"https:\/\/mb2812.de\/index.php?rest_route=%2Fwp%2Fv2%2Fmedia&parent=16369"}],"wp:term":[{"taxonomy":"category","embeddable":true,"href":"https:\/\/mb2812.de\/index.php?rest_route=%2Fwp%2Fv2%2Fcategories&post=16369"},{"taxonomy":"post_tag","embeddable":true,"href":"https:\/\/mb2812.de\/index.php?rest_route=%2Fwp%2Fv2%2Ftags&post=16369"}],"curies":[{"name":"wp","href":"https:\/\/api.w.org\/{rel}","templated":true}]}}