{"id":16159,"date":"1986-02-02T11:00:00","date_gmt":"1986-02-02T09:00:00","guid":{"rendered":"https:\/\/mb2812.de\/?p=16159"},"modified":"2025-06-24T18:16:19","modified_gmt":"2025-06-24T16:16:19","slug":"stadtnetz-zuerich-und-uetlibergbahn","status":"publish","type":"post","link":"https:\/\/mb2812.de\/?p=16159","title":{"rendered":"Stadtnetz Z\u00fcrich und Uetlibergbahn"},"content":{"rendered":"\n<p>Am Sonntag Morgen war ich auch wieder fr\u00fch munter. Die ersten Fotos entstanden vor dem Hauptbahnhof:<\/p>\n\n\n\n<figure class=\"wp-block-image aligncenter size-large is-resized\"><a href=\"https:\/\/mb2812.de\/wp-content\/uploads\/1986\/02\/ZRH2-48-2414pxm-2415.jpg\" target=\"_blank\" rel=\" noreferrer noopener\"><img loading=\"lazy\" decoding=\"async\" width=\"1024\" height=\"716\" src=\"https:\/\/mb2812.de\/wp-content\/uploads\/1986\/02\/ZRH2-48-2414pxm-2415-1024x716.jpg\" alt=\"\" class=\"wp-image-16147\" style=\"width:800px\" srcset=\"https:\/\/mb2812.de\/wp-content\/uploads\/1986\/02\/ZRH2-48-2414pxm-2415-1024x716.jpg 1024w, https:\/\/mb2812.de\/wp-content\/uploads\/1986\/02\/ZRH2-48-2414pxm-2415-300x210.jpg 300w, https:\/\/mb2812.de\/wp-content\/uploads\/1986\/02\/ZRH2-48-2414pxm-2415-768x537.jpg 768w, https:\/\/mb2812.de\/wp-content\/uploads\/1986\/02\/ZRH2-48-2414pxm-2415-1536x1074.jpg 1536w, https:\/\/mb2812.de\/wp-content\/uploads\/1986\/02\/ZRH2-48-2414pxm-2415.jpg 1920w\" sizes=\"auto, (max-width: 1024px) 100vw, 1024px\" \/><\/a><figcaption class=\"wp-element-caption\"><em>Tram 2000 Tw 2023<\/em><\/figcaption><\/figure>\n\n\n\n<figure class=\"wp-block-image aligncenter size-large is-resized\"><a href=\"https:\/\/mb2812.de\/wp-content\/uploads\/1986\/02\/ZRH2-50-2428pxm-2429.jpg\" target=\"_blank\" rel=\" noreferrer noopener\"><img loading=\"lazy\" decoding=\"async\" width=\"1024\" height=\"683\" src=\"https:\/\/mb2812.de\/wp-content\/uploads\/1986\/02\/ZRH2-50-2428pxm-2429-1024x683.jpg\" alt=\"\" class=\"wp-image-16148\" style=\"width:800px\" srcset=\"https:\/\/mb2812.de\/wp-content\/uploads\/1986\/02\/ZRH2-50-2428pxm-2429-1024x683.jpg 1024w, https:\/\/mb2812.de\/wp-content\/uploads\/1986\/02\/ZRH2-50-2428pxm-2429-300x200.jpg 300w, https:\/\/mb2812.de\/wp-content\/uploads\/1986\/02\/ZRH2-50-2428pxm-2429-768x512.jpg 768w, https:\/\/mb2812.de\/wp-content\/uploads\/1986\/02\/ZRH2-50-2428pxm-2429-1536x1024.jpg 1536w, https:\/\/mb2812.de\/wp-content\/uploads\/1986\/02\/ZRH2-50-2428pxm-2429.jpg 1920w\" sizes=\"auto, (max-width: 1024px) 100vw, 1024px\" \/><\/a><figcaption class=\"wp-element-caption\"><em>es folgt Mirage Tw 1645<\/em><\/figcaption><\/figure>\n\n\n\n<figure class=\"wp-block-image aligncenter size-large is-resized\"><a href=\"https:\/\/mb2812.de\/wp-content\/uploads\/1986\/02\/ZRH2-54pxm-2417.jpg\" target=\"_blank\" rel=\" noreferrer noopener\"><img loading=\"lazy\" decoding=\"async\" width=\"768\" height=\"1024\" src=\"https:\/\/mb2812.de\/wp-content\/uploads\/1986\/02\/ZRH2-54pxm-2417-768x1024.jpg\" alt=\"\" class=\"wp-image-16149\" style=\"width:600px\" srcset=\"https:\/\/mb2812.de\/wp-content\/uploads\/1986\/02\/ZRH2-54pxm-2417-768x1024.jpg 768w, https:\/\/mb2812.de\/wp-content\/uploads\/1986\/02\/ZRH2-54pxm-2417-225x300.jpg 225w, https:\/\/mb2812.de\/wp-content\/uploads\/1986\/02\/ZRH2-54pxm-2417-1152x1536.jpg 1152w, https:\/\/mb2812.de\/wp-content\/uploads\/1986\/02\/ZRH2-54pxm-2417.jpg 1440w\" sizes=\"auto, (max-width: 768px) 100vw, 768px\" \/><\/a><figcaption class=\"wp-element-caption\"><em>Zug der Sonntag vormittag am Hauptbahnhof endenden Linie 6 vor dem 1889 von Bildhauer Richard Kissling geschaffenen Alfred Escher Denkmal<\/em><\/figcaption><\/figure>\n\n\n\n<p>N\u00e4chster Stop war am Heimplatz (Haltestelle Kunsthaus).<\/p>\n\n\n\n<figure class=\"wp-block-image aligncenter size-large is-resized\"><a href=\"https:\/\/mb2812.de\/wp-content\/uploads\/1986\/02\/ZRH2-56-2434-2435.jpg\" target=\"_blank\" rel=\" noreferrer noopener\"><img loading=\"lazy\" decoding=\"async\" width=\"1024\" height=\"683\" src=\"https:\/\/mb2812.de\/wp-content\/uploads\/1986\/02\/ZRH2-56-2434-2435-1024x683.jpg\" alt=\"\" class=\"wp-image-16172\" style=\"width:800px\" srcset=\"https:\/\/mb2812.de\/wp-content\/uploads\/1986\/02\/ZRH2-56-2434-2435-1024x683.jpg 1024w, https:\/\/mb2812.de\/wp-content\/uploads\/1986\/02\/ZRH2-56-2434-2435-300x200.jpg 300w, https:\/\/mb2812.de\/wp-content\/uploads\/1986\/02\/ZRH2-56-2434-2435-768x512.jpg 768w, https:\/\/mb2812.de\/wp-content\/uploads\/1986\/02\/ZRH2-56-2434-2435-1536x1024.jpg 1536w, https:\/\/mb2812.de\/wp-content\/uploads\/1986\/02\/ZRH2-56-2434-2435.jpg 1920w\" sizes=\"auto, (max-width: 1024px) 100vw, 1024px\" \/><\/a><figcaption class=\"wp-element-caption\"><em>Zug der Linie 9 auf der R\u00e4mistra\u00dfe vom Central kommend. Hier hat sich nicht viel ver\u00e4ndert, lediglich das Musikhaus Jecklin verschwand 2017 endg\u00fcltig<\/em><\/figcaption><\/figure>\n\n\n\n<figure class=\"wp-block-image aligncenter size-large is-resized\"><a href=\"https:\/\/mb2812.de\/wp-content\/uploads\/1986\/02\/ZRH2-58-2436-2437.jpg\" target=\"_blank\" rel=\" noreferrer noopener\"><img loading=\"lazy\" decoding=\"async\" width=\"1024\" height=\"683\" src=\"https:\/\/mb2812.de\/wp-content\/uploads\/1986\/02\/ZRH2-58-2436-2437-1024x683.jpg\" alt=\"\" class=\"wp-image-16173\" style=\"width:800px\" srcset=\"https:\/\/mb2812.de\/wp-content\/uploads\/1986\/02\/ZRH2-58-2436-2437-1024x683.jpg 1024w, https:\/\/mb2812.de\/wp-content\/uploads\/1986\/02\/ZRH2-58-2436-2437-300x200.jpg 300w, https:\/\/mb2812.de\/wp-content\/uploads\/1986\/02\/ZRH2-58-2436-2437-768x512.jpg 768w, https:\/\/mb2812.de\/wp-content\/uploads\/1986\/02\/ZRH2-58-2436-2437-1536x1024.jpg 1536w, https:\/\/mb2812.de\/wp-content\/uploads\/1986\/02\/ZRH2-58-2436-2437.jpg 1920w\" sizes=\"auto, (max-width: 1024px) 100vw, 1024px\" \/><\/a><figcaption class=\"wp-element-caption\"><em>Auf dem Heimplatz selbst sind die Ver\u00e4nderungen gravierender. Die Turnhalle rechts wurde 1901 erbaut und war eine von zwei zur Alten Kantonsschule geh\u00f6renden Turnhallen, die 2015 trotz Denkmalschutz abgerissen wurdeHier steht jetzt der nicht unumstrittene Erweiterungsbau des Kunsthauses.<\/em><\/figcaption><\/figure>\n\n\n\n<figure class=\"wp-block-image aligncenter size-large is-resized\"><a href=\"https:\/\/mb2812.de\/wp-content\/uploads\/1986\/02\/ZRH2-60-2438pxm-2439.jpg\" target=\"_blank\" rel=\" noreferrer noopener\"><img loading=\"lazy\" decoding=\"async\" width=\"1024\" height=\"683\" src=\"https:\/\/mb2812.de\/wp-content\/uploads\/1986\/02\/ZRH2-60-2438pxm-2439-1024x683.jpg\" alt=\"\" class=\"wp-image-16174\" style=\"width:800px\" srcset=\"https:\/\/mb2812.de\/wp-content\/uploads\/1986\/02\/ZRH2-60-2438pxm-2439-1024x683.jpg 1024w, https:\/\/mb2812.de\/wp-content\/uploads\/1986\/02\/ZRH2-60-2438pxm-2439-300x200.jpg 300w, https:\/\/mb2812.de\/wp-content\/uploads\/1986\/02\/ZRH2-60-2438pxm-2439-768x512.jpg 768w, https:\/\/mb2812.de\/wp-content\/uploads\/1986\/02\/ZRH2-60-2438pxm-2439-1536x1024.jpg 1536w, https:\/\/mb2812.de\/wp-content\/uploads\/1986\/02\/ZRH2-60-2438pxm-2439.jpg 1920w\" sizes=\"auto, (max-width: 1024px) 100vw, 1024px\" \/><\/a><figcaption class=\"wp-element-caption\"><em>Links noch einmal die Turnhalle 2. Der Zug der Linie 5 f\u00e4hrt auf der R\u00e4mistra\u00dfe in Richtung Innenstadt<\/em><\/figcaption><\/figure>\n\n\n\n<p>Danach bin ich zum Zoo gefahren und von dort die Kr\u00e4hb\u00fchlstra\u00dfe heruntergelaufen bis zur Kirche Fluntern. Wann immer mir eine Stra\u00dfenbahn begegnete, habe ich sie fotografiert. Dies sind die Ergebnisse:<\/p>\n\n\n\n<figure class=\"wp-block-image aligncenter size-large is-resized\"><a href=\"https:\/\/mb2812.de\/wp-content\/uploads\/1986\/02\/ZRH2-62-2440pxm-2442.jpg\" target=\"_blank\" rel=\" noreferrer noopener\"><img loading=\"lazy\" decoding=\"async\" width=\"1024\" height=\"683\" src=\"https:\/\/mb2812.de\/wp-content\/uploads\/1986\/02\/ZRH2-62-2440pxm-2442-1024x683.jpg\" alt=\"\" class=\"wp-image-16185\" style=\"width:800px\" srcset=\"https:\/\/mb2812.de\/wp-content\/uploads\/1986\/02\/ZRH2-62-2440pxm-2442-1024x683.jpg 1024w, https:\/\/mb2812.de\/wp-content\/uploads\/1986\/02\/ZRH2-62-2440pxm-2442-300x200.jpg 300w, https:\/\/mb2812.de\/wp-content\/uploads\/1986\/02\/ZRH2-62-2440pxm-2442-768x512.jpg 768w, https:\/\/mb2812.de\/wp-content\/uploads\/1986\/02\/ZRH2-62-2440pxm-2442-1536x1024.jpg 1536w, https:\/\/mb2812.de\/wp-content\/uploads\/1986\/02\/ZRH2-62-2440pxm-2442.jpg 1920w\" sizes=\"auto, (max-width: 1024px) 100vw, 1024px\" \/><\/a><figcaption class=\"wp-element-caption\"><em>Erst einmal wird der Zug an der Haltestelle fotogafiert<\/em>.<em> Oben auf dem Z\u00fcrichberg herrscht noch Winter<\/em><\/figcaption><\/figure>\n\n\n\n<figure class=\"wp-block-image aligncenter size-large is-resized\"><a href=\"https:\/\/mb2812.de\/wp-content\/uploads\/1986\/02\/ZRH2-64-2444pxm-2449.jpg\" target=\"_blank\" rel=\" noreferrer noopener\"><img loading=\"lazy\" decoding=\"async\" width=\"1024\" height=\"683\" src=\"https:\/\/mb2812.de\/wp-content\/uploads\/1986\/02\/ZRH2-64-2444pxm-2449-1024x683.jpg\" alt=\"\" class=\"wp-image-16186\" style=\"width:800px\" srcset=\"https:\/\/mb2812.de\/wp-content\/uploads\/1986\/02\/ZRH2-64-2444pxm-2449-1024x683.jpg 1024w, https:\/\/mb2812.de\/wp-content\/uploads\/1986\/02\/ZRH2-64-2444pxm-2449-300x200.jpg 300w, https:\/\/mb2812.de\/wp-content\/uploads\/1986\/02\/ZRH2-64-2444pxm-2449-768x512.jpg 768w, https:\/\/mb2812.de\/wp-content\/uploads\/1986\/02\/ZRH2-64-2444pxm-2449-1536x1024.jpg 1536w, https:\/\/mb2812.de\/wp-content\/uploads\/1986\/02\/ZRH2-64-2444pxm-2449.jpg 1920w\" sizes=\"auto, (max-width: 1024px) 100vw, 1024px\" \/><\/a><figcaption class=\"wp-element-caption\"><em>Ein paar Hundert Meter nach der Abfahrt, die Haltestelle ist hinten im Nebel noch schwach zu erkennen<\/em><\/figcaption><\/figure>\n\n\n\n<figure class=\"wp-block-image aligncenter size-large is-resized\"><a href=\"https:\/\/mb2812.de\/wp-content\/uploads\/1986\/02\/ZRH2-66-2445pxm-2464.jpg\" target=\"_blank\" rel=\" noreferrer noopener\"><img loading=\"lazy\" decoding=\"async\" width=\"1024\" height=\"683\" src=\"https:\/\/mb2812.de\/wp-content\/uploads\/1986\/02\/ZRH2-66-2445pxm-2464-1024x683.jpg\" alt=\"\" class=\"wp-image-16203\" style=\"width:800px\" srcset=\"https:\/\/mb2812.de\/wp-content\/uploads\/1986\/02\/ZRH2-66-2445pxm-2464-1024x683.jpg 1024w, https:\/\/mb2812.de\/wp-content\/uploads\/1986\/02\/ZRH2-66-2445pxm-2464-300x200.jpg 300w, https:\/\/mb2812.de\/wp-content\/uploads\/1986\/02\/ZRH2-66-2445pxm-2464-768x512.jpg 768w, https:\/\/mb2812.de\/wp-content\/uploads\/1986\/02\/ZRH2-66-2445pxm-2464-1536x1024.jpg 1536w, https:\/\/mb2812.de\/wp-content\/uploads\/1986\/02\/ZRH2-66-2445pxm-2464.jpg 1920w\" sizes=\"auto, (max-width: 1024px) 100vw, 1024px\" \/><\/a><figcaption class=\"wp-element-caption\"><em>Praktisch die gleiche Stelle,<\/em> d<em>er n\u00e4chste Zug kommt den Berg hoch<\/em><\/figcaption><\/figure>\n\n\n\n<p>Die n\u00e4chsten Fotos entstanden an der Haltestelle Susenbergstra\u00dfe:<\/p>\n\n\n\n<figure class=\"wp-block-image aligncenter size-large is-resized\"><a href=\"https:\/\/mb2812.de\/wp-content\/uploads\/1986\/02\/ZRH2-68-2446pxm-2465.jpg\" target=\"_blank\" rel=\" noreferrer noopener\"><img loading=\"lazy\" decoding=\"async\" width=\"1024\" height=\"683\" src=\"https:\/\/mb2812.de\/wp-content\/uploads\/1986\/02\/ZRH2-68-2446pxm-2465-1024x683.jpg\" alt=\"\" class=\"wp-image-16204\" style=\"width:800px\" srcset=\"https:\/\/mb2812.de\/wp-content\/uploads\/1986\/02\/ZRH2-68-2446pxm-2465-1024x683.jpg 1024w, https:\/\/mb2812.de\/wp-content\/uploads\/1986\/02\/ZRH2-68-2446pxm-2465-300x200.jpg 300w, https:\/\/mb2812.de\/wp-content\/uploads\/1986\/02\/ZRH2-68-2446pxm-2465-768x512.jpg 768w, https:\/\/mb2812.de\/wp-content\/uploads\/1986\/02\/ZRH2-68-2446pxm-2465-1536x1024.jpg 1536w, https:\/\/mb2812.de\/wp-content\/uploads\/1986\/02\/ZRH2-68-2446pxm-2465.jpg 1920w\" sizes=\"auto, (max-width: 1024px) 100vw, 1024px\" \/><\/a><\/figure>\n\n\n\n<div style=\"height:15px\" aria-hidden=\"true\" class=\"wp-block-spacer\"><\/div>\n\n\n\n<figure class=\"wp-block-image aligncenter size-large is-resized\"><a href=\"https:\/\/mb2812.de\/wp-content\/uploads\/1986\/02\/ZRH2-72-2448pxm-2467.jpg\" target=\"_blank\" rel=\" noreferrer noopener\"><img loading=\"lazy\" decoding=\"async\" width=\"1024\" height=\"683\" src=\"https:\/\/mb2812.de\/wp-content\/uploads\/1986\/02\/ZRH2-72-2448pxm-2467-1024x683.jpg\" alt=\"\" class=\"wp-image-16205\" style=\"width:800px\" srcset=\"https:\/\/mb2812.de\/wp-content\/uploads\/1986\/02\/ZRH2-72-2448pxm-2467-1024x683.jpg 1024w, https:\/\/mb2812.de\/wp-content\/uploads\/1986\/02\/ZRH2-72-2448pxm-2467-300x200.jpg 300w, https:\/\/mb2812.de\/wp-content\/uploads\/1986\/02\/ZRH2-72-2448pxm-2467-768x512.jpg 768w, https:\/\/mb2812.de\/wp-content\/uploads\/1986\/02\/ZRH2-72-2448pxm-2467-1536x1024.jpg 1536w, https:\/\/mb2812.de\/wp-content\/uploads\/1986\/02\/ZRH2-72-2448pxm-2467.jpg 1920w\" sizes=\"auto, (max-width: 1024px) 100vw, 1024px\" \/><\/a><\/figure>\n\n\n\n<div style=\"height:15px\" aria-hidden=\"true\" class=\"wp-block-spacer\"><\/div>\n\n\n\n<figure class=\"wp-block-image aligncenter size-large is-resized\"><a href=\"https:\/\/mb2812.de\/wp-content\/uploads\/1986\/02\/ZRH2-70-2447pxm-2466.jpg\" target=\"_blank\" rel=\" noreferrer noopener\"><img loading=\"lazy\" decoding=\"async\" width=\"1024\" height=\"683\" src=\"https:\/\/mb2812.de\/wp-content\/uploads\/1986\/02\/ZRH2-70-2447pxm-2466-1024x683.jpg\" alt=\"\" class=\"wp-image-16206\" style=\"width:800px\" srcset=\"https:\/\/mb2812.de\/wp-content\/uploads\/1986\/02\/ZRH2-70-2447pxm-2466-1024x683.jpg 1024w, https:\/\/mb2812.de\/wp-content\/uploads\/1986\/02\/ZRH2-70-2447pxm-2466-300x200.jpg 300w, https:\/\/mb2812.de\/wp-content\/uploads\/1986\/02\/ZRH2-70-2447pxm-2466-768x512.jpg 768w, https:\/\/mb2812.de\/wp-content\/uploads\/1986\/02\/ZRH2-70-2447pxm-2466-1536x1024.jpg 1536w, https:\/\/mb2812.de\/wp-content\/uploads\/1986\/02\/ZRH2-70-2447pxm-2466.jpg 1920w\" sizes=\"auto, (max-width: 1024px) 100vw, 1024px\" \/><\/a><\/figure>\n\n\n\n<div style=\"height:15px\" aria-hidden=\"true\" class=\"wp-block-spacer\"><\/div>\n\n\n\n<figure class=\"wp-block-image aligncenter size-large is-resized\"><a href=\"https:\/\/mb2812.de\/wp-content\/uploads\/1986\/02\/ZRH2-74pxm-2356.jpg\" target=\"_blank\" rel=\" noreferrer noopener\"><img loading=\"lazy\" decoding=\"async\" width=\"1024\" height=\"683\" src=\"https:\/\/mb2812.de\/wp-content\/uploads\/1986\/02\/ZRH2-74pxm-2356-1024x683.jpg\" alt=\"\" class=\"wp-image-16069\" style=\"width:800px\" srcset=\"https:\/\/mb2812.de\/wp-content\/uploads\/1986\/02\/ZRH2-74pxm-2356-1024x683.jpg 1024w, https:\/\/mb2812.de\/wp-content\/uploads\/1986\/02\/ZRH2-74pxm-2356-300x200.jpg 300w, https:\/\/mb2812.de\/wp-content\/uploads\/1986\/02\/ZRH2-74pxm-2356-768x512.jpg 768w, https:\/\/mb2812.de\/wp-content\/uploads\/1986\/02\/ZRH2-74pxm-2356-1536x1024.jpg 1536w, https:\/\/mb2812.de\/wp-content\/uploads\/1986\/02\/ZRH2-74pxm-2356.jpg 1920w\" sizes=\"auto, (max-width: 1024px) 100vw, 1024px\" \/><\/a><figcaption class=\"wp-element-caption\"><em>Und jetzt bin ich ein gutes St\u00fcck weiter bergab, hinter der Kurve hinten ist der Toblerplatz<\/em><\/figcaption><\/figure>\n\n\n\n<p>Und damit ist der zweite Schwarzweissfilm voll, ich lege nun einen Dia Film in die Kamera:<\/p>\n\n\n\n<figure class=\"wp-block-image aligncenter size-large is-resized\"><a href=\"https:\/\/mb2812.de\/wp-content\/uploads\/1986\/02\/Scan434-86003-2424.jpg\"><img loading=\"lazy\" decoding=\"async\" width=\"1024\" height=\"683\" src=\"https:\/\/mb2812.de\/wp-content\/uploads\/1986\/02\/Scan434-86003-2424-1024x683.jpg\" alt=\"\" class=\"wp-image-16132\" style=\"width:800px\" srcset=\"https:\/\/mb2812.de\/wp-content\/uploads\/1986\/02\/Scan434-86003-2424-1024x683.jpg 1024w, https:\/\/mb2812.de\/wp-content\/uploads\/1986\/02\/Scan434-86003-2424-300x200.jpg 300w, https:\/\/mb2812.de\/wp-content\/uploads\/1986\/02\/Scan434-86003-2424-768x512.jpg 768w, https:\/\/mb2812.de\/wp-content\/uploads\/1986\/02\/Scan434-86003-2424.jpg 1377w\" sizes=\"auto, (max-width: 1024px) 100vw, 1024px\" \/><\/a><figcaption class=\"wp-element-caption\"><em>Es geht nahtlos weiter. Das Farbdia entstand zwischen Kirche Fluntern und Toblerplatz<\/em><\/figcaption><\/figure>\n\n\n\n<p>Zu den Dias muss ich aber noch etwas sagen. Da die Dias durch das Rahmen und Sortieren auseinandergerissen wurden, ist das Scannen jetzt nicht so systematisch und vollst\u00e4ndig erfolgt wie bei den Schwarzweiss Negativen. Zum Teil handelt es sich auch um meine allerersten Scans (aus dem Jahr 2003!) noch mit einem Flachbettscanner und entsprechend geringer Aufl\u00f6sung.<\/p>\n\n\n\n<figure class=\"wp-block-image aligncenter size-large is-resized\"><a href=\"https:\/\/mb2812.de\/wp-content\/uploads\/1986\/02\/Scan435-2418pxm.jpg\" target=\"_blank\" rel=\" noreferrer noopener\"><img loading=\"lazy\" decoding=\"async\" width=\"1024\" height=\"683\" src=\"https:\/\/mb2812.de\/wp-content\/uploads\/1986\/02\/Scan435-2418pxm-1024x683.jpg\" alt=\"\" class=\"wp-image-16118\" style=\"width:800px\" srcset=\"https:\/\/mb2812.de\/wp-content\/uploads\/1986\/02\/Scan435-2418pxm-1024x683.jpg 1024w, https:\/\/mb2812.de\/wp-content\/uploads\/1986\/02\/Scan435-2418pxm-300x200.jpg 300w, https:\/\/mb2812.de\/wp-content\/uploads\/1986\/02\/Scan435-2418pxm-768x512.jpg 768w, https:\/\/mb2812.de\/wp-content\/uploads\/1986\/02\/Scan435-2418pxm-1536x1024.jpg 1536w, https:\/\/mb2812.de\/wp-content\/uploads\/1986\/02\/Scan435-2418pxm.jpg 1578w\" sizes=\"auto, (max-width: 1024px) 100vw, 1024px\" \/><\/a><figcaption class=\"wp-element-caption\"><em>Jetzt sind wir an der Kirche Fluntern. Aus der Stadt kommt ein Zug der Linie 5 und f\u00e4hrt  in die Schleife  ein. Hier war wohl meine Wanderung zu Ende und ich bin mit der Bahn weiter<\/em><\/figcaption><\/figure>\n\n\n\n<p>Gefahren bin ich bis in die Stadt zur Haltestelle Central. Und dann den Limmatqai entlang gelaufen zum See zur Haltestelle Bellevue. Dabei habe ich dann alle Z\u00fcge der Linie 4, die mir entgegenkamen, fotografiert. Auf einem der Fotos ist mal wieder eine Uhr zu sehen, es ist jetzt 12 Uhr mittags:<\/p>\n\n\n\n<figure class=\"wp-block-image aligncenter size-large is-resized\"><a href=\"https:\/\/mb2812.de\/wp-content\/uploads\/1986\/02\/Scan105-86006-2425.jpg\" target=\"_blank\" rel=\" noreferrer noopener\"><img loading=\"lazy\" decoding=\"async\" width=\"1024\" height=\"682\" src=\"https:\/\/mb2812.de\/wp-content\/uploads\/1986\/02\/Scan105-86006-2425-1024x682.jpg\" alt=\"\" class=\"wp-image-16138\" style=\"width:800px\" srcset=\"https:\/\/mb2812.de\/wp-content\/uploads\/1986\/02\/Scan105-86006-2425-1024x682.jpg 1024w, https:\/\/mb2812.de\/wp-content\/uploads\/1986\/02\/Scan105-86006-2425-300x200.jpg 300w, https:\/\/mb2812.de\/wp-content\/uploads\/1986\/02\/Scan105-86006-2425-768x512.jpg 768w, https:\/\/mb2812.de\/wp-content\/uploads\/1986\/02\/Scan105-86006-2425-1536x1024.jpg 1536w, https:\/\/mb2812.de\/wp-content\/uploads\/1986\/02\/Scan105-86006-2425.jpg 1907w\" sizes=\"auto, (max-width: 1024px) 100vw, 1024px\" \/><\/a><figcaption class=\"wp-element-caption\"><em>Vom Central kommend etwas s\u00fcdlich der Rudolf-Brun-Br\u00fccke<\/em><\/figcaption><\/figure>\n\n\n\n<figure class=\"wp-block-image aligncenter size-large is-resized\"><a href=\"https:\/\/mb2812.de\/wp-content\/uploads\/1986\/02\/Dia-86008-2420pxm-2421-1.jpg\"><img loading=\"lazy\" decoding=\"async\" width=\"1024\" height=\"683\" src=\"https:\/\/mb2812.de\/wp-content\/uploads\/1986\/02\/Dia-86008-2420pxm-2421-1-1024x683.jpg\" alt=\"\" class=\"wp-image-16133\" style=\"width:800px\" srcset=\"https:\/\/mb2812.de\/wp-content\/uploads\/1986\/02\/Dia-86008-2420pxm-2421-1-1024x683.jpg 1024w, https:\/\/mb2812.de\/wp-content\/uploads\/1986\/02\/Dia-86008-2420pxm-2421-1-300x200.jpg 300w, https:\/\/mb2812.de\/wp-content\/uploads\/1986\/02\/Dia-86008-2420pxm-2421-1-768x512.jpg 768w, https:\/\/mb2812.de\/wp-content\/uploads\/1986\/02\/Dia-86008-2420pxm-2421-1-1536x1024.jpg 1536w, https:\/\/mb2812.de\/wp-content\/uploads\/1986\/02\/Dia-86008-2420pxm-2421-1.jpg 1920w\" sizes=\"auto, (max-width: 1024px) 100vw, 1024px\" \/><\/a><figcaption class=\"wp-element-caption\"><em>an der Haltestelle Rathaus, Fahrtrichtung S\u00fcden (Bellevue)<\/em><\/figcaption><\/figure>\n\n\n\n<figure class=\"wp-block-image aligncenter size-large is-resized\"><a href=\"https:\/\/mb2812.de\/wp-content\/uploads\/1986\/02\/Scan103-86007-2423.jpg\" target=\"_blank\" rel=\" noreferrer noopener\"><img loading=\"lazy\" decoding=\"async\" width=\"1024\" height=\"683\" src=\"https:\/\/mb2812.de\/wp-content\/uploads\/1986\/02\/Scan103-86007-2423-1024x683.jpg\" alt=\"\" class=\"wp-image-16134\" style=\"width:800px\" srcset=\"https:\/\/mb2812.de\/wp-content\/uploads\/1986\/02\/Scan103-86007-2423-1024x683.jpg 1024w, https:\/\/mb2812.de\/wp-content\/uploads\/1986\/02\/Scan103-86007-2423-300x200.jpg 300w, https:\/\/mb2812.de\/wp-content\/uploads\/1986\/02\/Scan103-86007-2423-768x512.jpg 768w, https:\/\/mb2812.de\/wp-content\/uploads\/1986\/02\/Scan103-86007-2423-1536x1024.jpg 1536w, https:\/\/mb2812.de\/wp-content\/uploads\/1986\/02\/Scan103-86007-2423.jpg 1920w\" sizes=\"auto, (max-width: 1024px) 100vw, 1024px\" \/><\/a><figcaption class=\"wp-element-caption\"><em>Direkt am Rathaus, aber in Richtung Norden (Central)<\/em><\/figcaption><\/figure>\n\n\n\n<figure class=\"wp-block-image aligncenter size-large is-resized\"><a href=\"https:\/\/mb2812.de\/wp-content\/uploads\/1986\/02\/Scan102-86009-2432.jpg\" target=\"_blank\" rel=\" noreferrer noopener\"><img loading=\"lazy\" decoding=\"async\" width=\"1024\" height=\"683\" src=\"https:\/\/mb2812.de\/wp-content\/uploads\/1986\/02\/Scan102-86009-2432-1024x683.jpg\" alt=\"\" class=\"wp-image-16168\" style=\"width:800px\" srcset=\"https:\/\/mb2812.de\/wp-content\/uploads\/1986\/02\/Scan102-86009-2432-1024x683.jpg 1024w, https:\/\/mb2812.de\/wp-content\/uploads\/1986\/02\/Scan102-86009-2432-300x200.jpg 300w, https:\/\/mb2812.de\/wp-content\/uploads\/1986\/02\/Scan102-86009-2432-768x512.jpg 768w, https:\/\/mb2812.de\/wp-content\/uploads\/1986\/02\/Scan102-86009-2432-1536x1024.jpg 1536w, https:\/\/mb2812.de\/wp-content\/uploads\/1986\/02\/Scan102-86009-2432.jpg 1920w\" sizes=\"auto, (max-width: 1024px) 100vw, 1024px\" \/><\/a><figcaption class=\"wp-element-caption\"><em>Direkt vor dem Rathaus<\/em><\/figcaption><\/figure>\n\n\n\n<figure class=\"wp-block-image aligncenter size-large is-resized\"><a href=\"https:\/\/mb2812.de\/wp-content\/uploads\/1986\/02\/Dia-86011-2426pxm.jpg\" target=\"_blank\" rel=\" noreferrer noopener\"><img loading=\"lazy\" decoding=\"async\" width=\"1024\" height=\"683\" src=\"https:\/\/mb2812.de\/wp-content\/uploads\/1986\/02\/Dia-86011-2426pxm-1024x683.jpg\" alt=\"\" class=\"wp-image-16142\" style=\"width:800px\" srcset=\"https:\/\/mb2812.de\/wp-content\/uploads\/1986\/02\/Dia-86011-2426pxm-1024x683.jpg 1024w, https:\/\/mb2812.de\/wp-content\/uploads\/1986\/02\/Dia-86011-2426pxm-300x200.jpg 300w, https:\/\/mb2812.de\/wp-content\/uploads\/1986\/02\/Dia-86011-2426pxm-768x512.jpg 768w, https:\/\/mb2812.de\/wp-content\/uploads\/1986\/02\/Dia-86011-2426pxm-1536x1024.jpg 1536w, https:\/\/mb2812.de\/wp-content\/uploads\/1986\/02\/Dia-86011-2426pxm.jpg 1920w\" sizes=\"auto, (max-width: 1024px) 100vw, 1024px\" \/><\/a><figcaption class=\"wp-element-caption\"><em>Ein bisschen weiter: Dieser Zug der Linie 4 befindet sich neben dem &#8222;Haus zum R\u00fcden&#8220;, dessen Urspr\u00fcnge bis ins 14. Jahrhundert zur\u00fcckreichen<\/em><\/figcaption><\/figure>\n\n\n\n<figure class=\"wp-block-image aligncenter size-large is-resized\"><a href=\"https:\/\/mb2812.de\/wp-content\/uploads\/2025\/01\/Dia-86010-2430pxm.jpg\" target=\"_blank\" rel=\" noreferrer noopener\"><img loading=\"lazy\" decoding=\"async\" width=\"1024\" height=\"683\" src=\"https:\/\/mb2812.de\/wp-content\/uploads\/2025\/01\/Dia-86010-2430pxm-1024x683.jpg\" alt=\"\" class=\"wp-image-16160\" style=\"width:800px\" srcset=\"https:\/\/mb2812.de\/wp-content\/uploads\/2025\/01\/Dia-86010-2430pxm-1024x683.jpg 1024w, https:\/\/mb2812.de\/wp-content\/uploads\/2025\/01\/Dia-86010-2430pxm-300x200.jpg 300w, https:\/\/mb2812.de\/wp-content\/uploads\/2025\/01\/Dia-86010-2430pxm-768x512.jpg 768w, https:\/\/mb2812.de\/wp-content\/uploads\/2025\/01\/Dia-86010-2430pxm-1536x1024.jpg 1536w, https:\/\/mb2812.de\/wp-content\/uploads\/2025\/01\/Dia-86010-2430pxm.jpg 1920w\" sizes=\"auto, (max-width: 1024px) 100vw, 1024px\" \/><\/a><figcaption class=\"wp-element-caption\"><em>Und wieder ein paar Meter n\u00e4her am See: Haltestelle Helmhaus<\/em><\/figcaption><\/figure>\n\n\n\n<p>Nach der Fotosession am Limmatquai gab es dann noch eine Aktivit\u00e4t vor der R\u00fcckfahrt, eine Fahrt mit der Uetlibergbahn. Auf dem Uetliberg lag jede Menge Schnee, denn im Gegensatz zur Innenstadt lagen die Temperaturen hier dauerhaft unter Null. Bergab bin ich den Weg neben der Bahn abgelaufen, davon gibt es die folgenden zwei Fotos:<\/p>\n\n\n\n<figure class=\"wp-block-image aligncenter size-large is-resized\"><a href=\"https:\/\/mb2812.de\/wp-content\/uploads\/1986\/02\/Scan86-018.jpg\" target=\"_blank\" rel=\" noreferrer noopener\"><img loading=\"lazy\" decoding=\"async\" width=\"768\" height=\"1024\" src=\"https:\/\/mb2812.de\/wp-content\/uploads\/1986\/02\/Scan86-018-768x1024.jpg\" alt=\"\" class=\"wp-image-16043\" style=\"width:600px\" srcset=\"https:\/\/mb2812.de\/wp-content\/uploads\/1986\/02\/Scan86-018-768x1024.jpg 768w, https:\/\/mb2812.de\/wp-content\/uploads\/1986\/02\/Scan86-018-225x300.jpg 225w, https:\/\/mb2812.de\/wp-content\/uploads\/1986\/02\/Scan86-018-1152x1536.jpg 1152w, https:\/\/mb2812.de\/wp-content\/uploads\/1986\/02\/Scan86-018.jpg 1440w\" sizes=\"auto, (max-width: 768px) 100vw, 768px\" \/><\/a><figcaption class=\"wp-element-caption\"><em>Ein Zug der Uetlibergbahn im Wald zwischen Ringlikon und der Endstation auf dem Uetliberg<\/em><\/figcaption><\/figure>\n\n\n\n<figure class=\"wp-block-image aligncenter size-large is-resized\"><a href=\"https:\/\/mb2812.de\/wp-content\/uploads\/1986\/02\/S006.jpg\"><img loading=\"lazy\" decoding=\"async\" width=\"1024\" height=\"768\" src=\"https:\/\/mb2812.de\/wp-content\/uploads\/1986\/02\/S006-1024x768.jpg\" alt=\"\" class=\"wp-image-16044\" style=\"width:800px\" srcset=\"https:\/\/mb2812.de\/wp-content\/uploads\/1986\/02\/S006-1024x768.jpg 1024w, https:\/\/mb2812.de\/wp-content\/uploads\/1986\/02\/S006-300x225.jpg 300w, https:\/\/mb2812.de\/wp-content\/uploads\/1986\/02\/S006-768x576.jpg 768w, https:\/\/mb2812.de\/wp-content\/uploads\/1986\/02\/S006-1536x1152.jpg 1536w, https:\/\/mb2812.de\/wp-content\/uploads\/1986\/02\/S006.jpg 1920w\" sizes=\"auto, (max-width: 1024px) 100vw, 1024px\" \/><\/a><figcaption class=\"wp-element-caption\"><em>Ein Zug talw\u00e4rts bei der Einfahrt in die Station Ringlikon. Sehr beliebt war es, mit Schlitten den Berg hinunterzufahren. Bergauf ging es mit der Bahn, daher die Dreiwagenz\u00fcge<\/em><\/figcaption><\/figure>\n\n\n\n<p>Das war es, damit gehen die zwei Tage in Z\u00fcrich zu Ende und es stand nur noch am Sp\u00e4tnachmittag\/Abend die R\u00fcckfahrt mit dem Schnellzug nach B\u00f6blingen an. <\/p>\n","protected":false},"excerpt":{"rendered":"<p>Am Sonntag stand dann das Stadtnetz in Z\u00fcrich auf dem Programm und am Nachmittag h noch eine Fahrt auf den Uetliberg.<\/p>\n","protected":false},"author":1,"featured_media":16069,"comment_status":"closed","ping_status":"closed","sticky":false,"template":"","format":"standard","meta":{"footnotes":""},"categories":[283],"tags":[380,198,48,485,299,282,58],"class_list":["post-16159","post","type-post","status-publish","format-standard","has-post-thumbnail","hentry","category-tram","tag-380","tag-bahn","tag-schweiz","tag-strassenbahn","tag-szu","tag-tram","tag-zuerich"],"_links":{"self":[{"href":"https:\/\/mb2812.de\/index.php?rest_route=\/wp\/v2\/posts\/16159","targetHints":{"allow":["GET"]}}],"collection":[{"href":"https:\/\/mb2812.de\/index.php?rest_route=\/wp\/v2\/posts"}],"about":[{"href":"https:\/\/mb2812.de\/index.php?rest_route=\/wp\/v2\/types\/post"}],"author":[{"embeddable":true,"href":"https:\/\/mb2812.de\/index.php?rest_route=\/wp\/v2\/users\/1"}],"replies":[{"embeddable":true,"href":"https:\/\/mb2812.de\/index.php?rest_route=%2Fwp%2Fv2%2Fcomments&post=16159"}],"version-history":[{"count":10,"href":"https:\/\/mb2812.de\/index.php?rest_route=\/wp\/v2\/posts\/16159\/revisions"}],"predecessor-version":[{"id":17635,"href":"https:\/\/mb2812.de\/index.php?rest_route=\/wp\/v2\/posts\/16159\/revisions\/17635"}],"wp:featuredmedia":[{"embeddable":true,"href":"https:\/\/mb2812.de\/index.php?rest_route=\/wp\/v2\/media\/16069"}],"wp:attachment":[{"href":"https:\/\/mb2812.de\/index.php?rest_route=%2Fwp%2Fv2%2Fmedia&parent=16159"}],"wp:term":[{"taxonomy":"category","embeddable":true,"href":"https:\/\/mb2812.de\/index.php?rest_route=%2Fwp%2Fv2%2Fcategories&post=16159"},{"taxonomy":"post_tag","embeddable":true,"href":"https:\/\/mb2812.de\/index.php?rest_route=%2Fwp%2Fv2%2Ftags&post=16159"}],"curies":[{"name":"wp","href":"https:\/\/api.w.org\/{rel}","templated":true}]}}