{"id":15890,"date":"2013-01-01T00:38:00","date_gmt":"2012-12-31T22:38:00","guid":{"rendered":"https:\/\/mb2812.de\/?p=15890"},"modified":"2025-06-23T21:14:00","modified_gmt":"2025-06-23T19:14:00","slug":"2013","status":"publish","type":"post","link":"https:\/\/mb2812.de\/?p=15890","title":{"rendered":"2013 &#8211; Mallorca"},"content":{"rendered":"\n<p>2013 machten wir Pauschalurlaub auf Mallorca. Das Fazit: Nichts f\u00fcr uns. Dabei hatten wir uns schon einen abgelegenen Ort (Col\u00f2nia de Sant Jordi) weg vom klassischen Massentourismus ausgesucht.<\/p>\n\n\n\n<figure class=\"wp-block-image aligncenter size-large is-resized\"><a href=\"https:\/\/mb2812.de\/wp-content\/uploads\/2013\/01\/DSC_2367-2727.jpg\" target=\"_blank\" rel=\" noreferrer noopener\"><img loading=\"lazy\" decoding=\"async\" width=\"1024\" height=\"1024\" src=\"https:\/\/mb2812.de\/wp-content\/uploads\/2013\/01\/DSC_2367-2727-1024x1024.jpg\" alt=\"\" class=\"wp-image-17602\" style=\"width:700px\" srcset=\"https:\/\/mb2812.de\/wp-content\/uploads\/2013\/01\/DSC_2367-2727-1024x1024.jpg 1024w, https:\/\/mb2812.de\/wp-content\/uploads\/2013\/01\/DSC_2367-2727-300x300.jpg 300w, https:\/\/mb2812.de\/wp-content\/uploads\/2013\/01\/DSC_2367-2727-150x150.jpg 150w, https:\/\/mb2812.de\/wp-content\/uploads\/2013\/01\/DSC_2367-2727-768x768.jpg 768w, https:\/\/mb2812.de\/wp-content\/uploads\/2013\/01\/DSC_2367-2727-1536x1536.jpg 1536w, https:\/\/mb2812.de\/wp-content\/uploads\/2013\/01\/DSC_2367-2727.jpg 1920w\" sizes=\"auto, (max-width: 1024px) 100vw, 1024px\" \/><\/a><figcaption class=\"wp-element-caption\"><em>Zwei Tage hatten wir einen Mietwagen und fuhren \u00fcber die Insel. In der Mitte der Insel sehen die D\u00f6rfer, insbesondere Sonntag vormittag,  noch urspr\u00fcnglich aus.. Dies ist die Carrer Major in Petra, die Kirche geh\u00f6rt zum Convent Sant Bernardi de Sienna <\/em><\/figcaption><\/figure>\n","protected":false},"excerpt":{"rendered":"<p>2013 buchten wir Pauschalurlaub auf Mallorca.<\/p>\n","protected":false},"author":1,"featured_media":17602,"comment_status":"closed","ping_status":"closed","sticky":false,"template":"","format":"standard","meta":{"footnotes":""},"categories":[13],"tags":[376,378,377,271],"class_list":["post-15890","post","type-post","status-publish","format-standard","has-post-thumbnail","hentry","category-ausfluege","tag-376","tag-mallorca","tag-spanien","tag-urlaub"],"_links":{"self":[{"href":"https:\/\/mb2812.de\/index.php?rest_route=\/wp\/v2\/posts\/15890","targetHints":{"allow":["GET"]}}],"collection":[{"href":"https:\/\/mb2812.de\/index.php?rest_route=\/wp\/v2\/posts"}],"about":[{"href":"https:\/\/mb2812.de\/index.php?rest_route=\/wp\/v2\/types\/post"}],"author":[{"embeddable":true,"href":"https:\/\/mb2812.de\/index.php?rest_route=\/wp\/v2\/users\/1"}],"replies":[{"embeddable":true,"href":"https:\/\/mb2812.de\/index.php?rest_route=%2Fwp%2Fv2%2Fcomments&post=15890"}],"version-history":[{"count":4,"href":"https:\/\/mb2812.de\/index.php?rest_route=\/wp\/v2\/posts\/15890\/revisions"}],"predecessor-version":[{"id":17605,"href":"https:\/\/mb2812.de\/index.php?rest_route=\/wp\/v2\/posts\/15890\/revisions\/17605"}],"wp:featuredmedia":[{"embeddable":true,"href":"https:\/\/mb2812.de\/index.php?rest_route=\/wp\/v2\/media\/17602"}],"wp:attachment":[{"href":"https:\/\/mb2812.de\/index.php?rest_route=%2Fwp%2Fv2%2Fmedia&parent=15890"}],"wp:term":[{"taxonomy":"category","embeddable":true,"href":"https:\/\/mb2812.de\/index.php?rest_route=%2Fwp%2Fv2%2Fcategories&post=15890"},{"taxonomy":"post_tag","embeddable":true,"href":"https:\/\/mb2812.de\/index.php?rest_route=%2Fwp%2Fv2%2Ftags&post=15890"}],"curies":[{"name":"wp","href":"https:\/\/api.w.org\/{rel}","templated":true}]}}