{"id":15882,"date":"2006-01-01T20:44:00","date_gmt":"2006-01-01T18:44:00","guid":{"rendered":"https:\/\/mb2812.de\/?p=15882"},"modified":"2025-06-22T12:02:03","modified_gmt":"2025-06-22T10:02:03","slug":"2006","status":"publish","type":"post","link":"https:\/\/mb2812.de\/?p=15882","title":{"rendered":"2006 &#8211; Ungarn und \u00d6sterreich"},"content":{"rendered":"\n<p>Urlaub in 2006 war so eine Sache. Anfang des Jahres bekam ich einen (tempor\u00e4ren) Job in Ungarn, und die Urlaubsplanung musste sich an die Anforderungen dieses Jobs anpassen.<\/p>\n\n\n\n<p>Letztendlich waren wir im Sommer einmal etwas l\u00e4nger unterwegs, ab Budapest verbrachten wir einige Tage am Plattensee (Balaton) und in Graz in \u00d6sterreich. <\/p>\n\n\n\n<p>Das war eine ziemliche Katastrophe, es war extrem heiss und ein Restaurant servierte mir verdorbenen Fisch. Kaum das sich mein Magen erholt hatte, passierte Stephan das Gleiche in Graz mit einem gezapften Glas Almdudler wohl aus einer verunreinigten Leitung. Ihn erwischte es schlimmer wie mich, und bis zum Urlaubsende war er unp\u00e4sslich. <\/p>\n\n\n\n<p>Im Herbst legten wir dann bei einer R\u00fcckreise mit dem Auto einen l\u00e4ngeren (d.h. mehrt\u00e4gigen) Stop im Salzburger Land ein, das kann man mit viel gutem Willen nochmal als Urlaub ansehen.<\/p>\n\n\n\n<figure class=\"wp-block-image aligncenter size-large is-resized\"><a href=\"https:\/\/mb2812.de\/wp-content\/uploads\/2024\/12\/IMG_1355-2322-2323.jpg\" target=\"_blank\" rel=\" noreferrer noopener\"><img loading=\"lazy\" decoding=\"async\" width=\"1024\" height=\"746\" src=\"https:\/\/mb2812.de\/wp-content\/uploads\/2024\/12\/IMG_1355-2322-2323-1024x746.jpg\" alt=\"\" class=\"wp-image-15883\" style=\"width:800px\" srcset=\"https:\/\/mb2812.de\/wp-content\/uploads\/2024\/12\/IMG_1355-2322-2323-1024x746.jpg 1024w, https:\/\/mb2812.de\/wp-content\/uploads\/2024\/12\/IMG_1355-2322-2323-300x218.jpg 300w, https:\/\/mb2812.de\/wp-content\/uploads\/2024\/12\/IMG_1355-2322-2323-768x559.jpg 768w, https:\/\/mb2812.de\/wp-content\/uploads\/2024\/12\/IMG_1355-2322-2323-1536x1118.jpg 1536w, https:\/\/mb2812.de\/wp-content\/uploads\/2024\/12\/IMG_1355-2322-2323.jpg 1920w\" sizes=\"auto, (max-width: 1024px) 100vw, 1024px\" \/><\/a><figcaption class=\"wp-element-caption\"><em>Schloss Festetics in Keszthelyi<\/em><\/figcaption><\/figure>\n\n\n\n<figure class=\"wp-block-image aligncenter size-large is-resized\"><a href=\"https:\/\/mb2812.de\/wp-content\/uploads\/2024\/12\/IMG_1429.jpg\" target=\"_blank\" rel=\" noreferrer noopener\"><img loading=\"lazy\" decoding=\"async\" width=\"1024\" height=\"768\" src=\"https:\/\/mb2812.de\/wp-content\/uploads\/2024\/12\/IMG_1429-1024x768.jpg\" alt=\"\" class=\"wp-image-15884\" style=\"width:800px\" srcset=\"https:\/\/mb2812.de\/wp-content\/uploads\/2024\/12\/IMG_1429-1024x768.jpg 1024w, https:\/\/mb2812.de\/wp-content\/uploads\/2024\/12\/IMG_1429-300x225.jpg 300w, https:\/\/mb2812.de\/wp-content\/uploads\/2024\/12\/IMG_1429-768x576.jpg 768w, https:\/\/mb2812.de\/wp-content\/uploads\/2024\/12\/IMG_1429-1536x1152.jpg 1536w, https:\/\/mb2812.de\/wp-content\/uploads\/2024\/12\/IMG_1429.jpg 1877w\" sizes=\"auto, (max-width: 1024px) 100vw, 1024px\" \/><\/a><figcaption class=\"wp-element-caption\"><em>Blick auf Graz vom Schlossberg<\/em><\/figcaption><\/figure>\n\n\n\n<figure class=\"wp-block-image aligncenter size-large is-resized\"><a href=\"https:\/\/mb2812.de\/wp-content\/uploads\/2024\/12\/DSC_0344.jpg\" target=\"_blank\" rel=\" noreferrer noopener\"><img loading=\"lazy\" decoding=\"async\" width=\"1024\" height=\"819\" src=\"https:\/\/mb2812.de\/wp-content\/uploads\/2024\/12\/DSC_0344-1024x819.jpg\" alt=\"\" class=\"wp-image-15885\" style=\"width:800px\" srcset=\"https:\/\/mb2812.de\/wp-content\/uploads\/2024\/12\/DSC_0344-1024x819.jpg 1024w, https:\/\/mb2812.de\/wp-content\/uploads\/2024\/12\/DSC_0344-300x240.jpg 300w, https:\/\/mb2812.de\/wp-content\/uploads\/2024\/12\/DSC_0344-768x614.jpg 768w, https:\/\/mb2812.de\/wp-content\/uploads\/2024\/12\/DSC_0344-1536x1229.jpg 1536w, https:\/\/mb2812.de\/wp-content\/uploads\/2024\/12\/DSC_0344.jpg 1920w\" sizes=\"auto, (max-width: 1024px) 100vw, 1024px\" \/><\/a><figcaption class=\"wp-element-caption\"><em>Der Seewaldsee bei St. Koloman<\/em><\/figcaption><\/figure>\n\n\n\n<p><\/p>\n","protected":false},"excerpt":{"rendered":"<p>2006 gab es fast keinen Urlaub: Ab Budapest im Sommer an den Balaton und nach Graz, und im Herbst nochmal im Salzburger Land<\/p>\n","protected":false},"author":1,"featured_media":15883,"comment_status":"closed","ping_status":"closed","sticky":false,"template":"","format":"standard","meta":{"footnotes":""},"categories":[13],"tags":[371,375,373,205,374,372,271],"class_list":["post-15882","post","type-post","status-publish","format-standard","has-post-thumbnail","hentry","category-ausfluege","tag-371","tag-balaton","tag-graz","tag-oesterreich","tag-salzburg","tag-ungarn","tag-urlaub"],"_links":{"self":[{"href":"https:\/\/mb2812.de\/index.php?rest_route=\/wp\/v2\/posts\/15882","targetHints":{"allow":["GET"]}}],"collection":[{"href":"https:\/\/mb2812.de\/index.php?rest_route=\/wp\/v2\/posts"}],"about":[{"href":"https:\/\/mb2812.de\/index.php?rest_route=\/wp\/v2\/types\/post"}],"author":[{"embeddable":true,"href":"https:\/\/mb2812.de\/index.php?rest_route=\/wp\/v2\/users\/1"}],"replies":[{"embeddable":true,"href":"https:\/\/mb2812.de\/index.php?rest_route=%2Fwp%2Fv2%2Fcomments&post=15882"}],"version-history":[{"count":3,"href":"https:\/\/mb2812.de\/index.php?rest_route=\/wp\/v2\/posts\/15882\/revisions"}],"predecessor-version":[{"id":17601,"href":"https:\/\/mb2812.de\/index.php?rest_route=\/wp\/v2\/posts\/15882\/revisions\/17601"}],"wp:featuredmedia":[{"embeddable":true,"href":"https:\/\/mb2812.de\/index.php?rest_route=\/wp\/v2\/media\/15883"}],"wp:attachment":[{"href":"https:\/\/mb2812.de\/index.php?rest_route=%2Fwp%2Fv2%2Fmedia&parent=15882"}],"wp:term":[{"taxonomy":"category","embeddable":true,"href":"https:\/\/mb2812.de\/index.php?rest_route=%2Fwp%2Fv2%2Fcategories&post=15882"},{"taxonomy":"post_tag","embeddable":true,"href":"https:\/\/mb2812.de\/index.php?rest_route=%2Fwp%2Fv2%2Ftags&post=15882"}],"curies":[{"name":"wp","href":"https:\/\/api.w.org\/{rel}","templated":true}]}}