{"id":15167,"date":"1983-04-04T09:00:00","date_gmt":"1983-04-04T07:00:00","guid":{"rendered":"https:\/\/mb2812.de\/?p=15167"},"modified":"2025-06-24T18:28:15","modified_gmt":"2025-06-24T16:28:15","slug":"bremen-und-boe-bremervoerde-osterholzer-eisenbahn","status":"publish","type":"post","link":"https:\/\/mb2812.de\/?p=15167","title":{"rendered":"Bremen und BOE (Bremerv\u00f6rde-Osterholzer Eisenbahn"},"content":{"rendered":"\n<p>Am Ostermontag stand au\u00dfergew\u00f6hnliches Eisenbahnfahren auf dem Programm, n\u00e4mlich mit einem historischen Triebwagen \u00fcber eine normalerweise nicht mit Personenz\u00fcgen befahrene Strecke. Es handelt sich um die Bremerv\u00f6rde-Osterholzer Eisenbahn, 1909 er\u00f6ffnet. 1978 fuhr der letzte regul\u00e4re Personenzug. Heute gibt es auf der inzwischen zu den Eisenbahnen und Verkehrsbetriebe Elbe-Weser GmbH&nbsp;geh\u00f6renden Strecke im Sommer regelm\u00e4\u00dfigen Ausflugsverkehr als \u201eMoor-Express\u201c, damals waren die Fahrten wohl etwas seltener. Zum Einsatz kam der VT175 der Buxtehude-Harsefelder Eisenbahn, ein 1926 f\u00fcr die Reichsbahn gebauter Triebwagen.<\/p>\n\n\n\n<p>Kommen wir zum Tagesablauf: Mit dem Intercity fahre ich nach Bremen und dort ist beim Umsteigen Zeit, um ein paar Stra\u00dfenbahnen auf dem Bahnhofsvorplatz zu fotografieren:<\/p>\n\n\n\n<figure class=\"wp-block-image aligncenter size-full is-resized\"><a href=\"https:\/\/mb2812.de\/wp-content\/uploads\/2024\/10\/Film4243pxm-2177.jpg\" target=\"_blank\" rel=\"noreferrer noopener\"><img loading=\"lazy\" decoding=\"async\" width=\"1920\" height=\"1280\" src=\"https:\/\/mb2812.de\/wp-content\/uploads\/2024\/10\/Film4243pxm-2177.jpg\" alt=\"\" class=\"wp-image-14640\" style=\"width:660px\" srcset=\"https:\/\/mb2812.de\/wp-content\/uploads\/2024\/10\/Film4243pxm-2177.jpg 1920w, https:\/\/mb2812.de\/wp-content\/uploads\/2024\/10\/Film4243pxm-2177-300x200.jpg 300w, https:\/\/mb2812.de\/wp-content\/uploads\/2024\/10\/Film4243pxm-2177-1024x683.jpg 1024w, https:\/\/mb2812.de\/wp-content\/uploads\/2024\/10\/Film4243pxm-2177-768x512.jpg 768w, https:\/\/mb2812.de\/wp-content\/uploads\/2024\/10\/Film4243pxm-2177-1536x1024.jpg 1536w, https:\/\/mb2812.de\/wp-content\/uploads\/2024\/10\/Film4243pxm-2177-668x445.jpg 668w\" sizes=\"auto, (max-width: 1920px) 100vw, 1920px\" \/><\/a><figcaption class=\"wp-element-caption\"><em>Auch am Sonntagmorgen herrscht reger Betrieb auf dem Bahnhofsvorplatz<\/em><\/figcaption><\/figure>\n\n\n\n<!--more-->\n\n\n\n<figure class=\"wp-block-image aligncenter size-full is-resized\"><a href=\"https:\/\/mb2812.de\/wp-content\/uploads\/2024\/10\/Film4245pxm-2179.jpg\" target=\"_blank\" rel=\"noreferrer noopener\"><img loading=\"lazy\" decoding=\"async\" width=\"1920\" height=\"1404\" src=\"https:\/\/mb2812.de\/wp-content\/uploads\/2024\/10\/Film4245pxm-2179.jpg\" alt=\"\" class=\"wp-image-14641\" style=\"width:660px\" srcset=\"https:\/\/mb2812.de\/wp-content\/uploads\/2024\/10\/Film4245pxm-2179.jpg 1920w, https:\/\/mb2812.de\/wp-content\/uploads\/2024\/10\/Film4245pxm-2179-300x219.jpg 300w, https:\/\/mb2812.de\/wp-content\/uploads\/2024\/10\/Film4245pxm-2179-1024x749.jpg 1024w, https:\/\/mb2812.de\/wp-content\/uploads\/2024\/10\/Film4245pxm-2179-768x562.jpg 768w, https:\/\/mb2812.de\/wp-content\/uploads\/2024\/10\/Film4245pxm-2179-1536x1123.jpg 1536w, https:\/\/mb2812.de\/wp-content\/uploads\/2024\/10\/Film4245pxm-2179-668x488.jpg 668w\" sizes=\"auto, (max-width: 1920px) 100vw, 1920px\" \/><\/a><figcaption class=\"wp-element-caption\"><em>Sonntags wurde zum Teil ohne Beiwagen gefahren, ein Wegmann Triebwagen solo  vor dem Bahnhof, diesmal mit Blickrichtung Stadt<\/em><\/figcaption><\/figure>\n\n\n\n<figure class=\"wp-block-image aligncenter size-full is-resized\"><a href=\"https:\/\/mb2812.de\/wp-content\/uploads\/2024\/10\/Film4247pxm-2182.jpg\" target=\"_blank\" rel=\"noreferrer noopener\"><img loading=\"lazy\" decoding=\"async\" width=\"1920\" height=\"1203\" src=\"https:\/\/mb2812.de\/wp-content\/uploads\/2024\/10\/Film4247pxm-2182.jpg\" alt=\"\" class=\"wp-image-14642\" style=\"width:660px\" srcset=\"https:\/\/mb2812.de\/wp-content\/uploads\/2024\/10\/Film4247pxm-2182.jpg 1920w, https:\/\/mb2812.de\/wp-content\/uploads\/2024\/10\/Film4247pxm-2182-300x188.jpg 300w, https:\/\/mb2812.de\/wp-content\/uploads\/2024\/10\/Film4247pxm-2182-1024x642.jpg 1024w, https:\/\/mb2812.de\/wp-content\/uploads\/2024\/10\/Film4247pxm-2182-768x481.jpg 768w, https:\/\/mb2812.de\/wp-content\/uploads\/2024\/10\/Film4247pxm-2182-1536x962.jpg 1536w, https:\/\/mb2812.de\/wp-content\/uploads\/2024\/10\/Film4247pxm-2182-668x419.jpg 668w\" sizes=\"auto, (max-width: 1920px) 100vw, 1920px\" \/><\/a><figcaption class=\"wp-element-caption\"><em>Die Linien 1 und 5 haben ihre Haltestelle in der Bahnhofstra\u00dfe<\/em><\/figcaption><\/figure>\n\n\n\n<figure class=\"wp-block-image aligncenter size-full is-resized\"><a href=\"https:\/\/mb2812.de\/wp-content\/uploads\/2024\/10\/Film4251-2187pxm.jpg\" target=\"_blank\" rel=\" noreferrer noopener\"><img loading=\"lazy\" decoding=\"async\" width=\"1920\" height=\"1280\" src=\"https:\/\/mb2812.de\/wp-content\/uploads\/2024\/10\/Film4251-2187pxm.jpg\" alt=\"\" class=\"wp-image-14644\" style=\"width:660px\" srcset=\"https:\/\/mb2812.de\/wp-content\/uploads\/2024\/10\/Film4251-2187pxm.jpg 1920w, https:\/\/mb2812.de\/wp-content\/uploads\/2024\/10\/Film4251-2187pxm-300x200.jpg 300w, https:\/\/mb2812.de\/wp-content\/uploads\/2024\/10\/Film4251-2187pxm-1024x683.jpg 1024w, https:\/\/mb2812.de\/wp-content\/uploads\/2024\/10\/Film4251-2187pxm-768x512.jpg 768w, https:\/\/mb2812.de\/wp-content\/uploads\/2024\/10\/Film4251-2187pxm-1536x1024.jpg 1536w, https:\/\/mb2812.de\/wp-content\/uploads\/2024\/10\/Film4251-2187pxm-668x445.jpg 668w\" sizes=\"auto, (max-width: 1920px) 100vw, 1920px\" \/><\/a><figcaption class=\"wp-element-caption\"><em>Ein Zug der Linie 5 f\u00e4hrt in die Haltestelle ein<\/em><\/figcaption><\/figure>\n\n\n\n<figure class=\"wp-block-image aligncenter is-resized\"><a href=\"https:\/\/mb2812.de\/wp-content\/uploads\/2024\/10\/Film4249-2185pxm.jpg\" target=\"_blank\" rel=\"noreferrer noopener\"><img loading=\"lazy\" decoding=\"async\" width=\"1024\" height=\"683\" src=\"https:\/\/mb2812.de\/wp-content\/uploads\/2024\/10\/Film4249-2185pxm-1024x683.jpg\" alt=\"\" class=\"wp-image-14643\" style=\"width:660px\" srcset=\"https:\/\/mb2812.de\/wp-content\/uploads\/2024\/10\/Film4249-2185pxm-1024x683.jpg 1024w, https:\/\/mb2812.de\/wp-content\/uploads\/2024\/10\/Film4249-2185pxm-300x200.jpg 300w, https:\/\/mb2812.de\/wp-content\/uploads\/2024\/10\/Film4249-2185pxm-768x512.jpg 768w, https:\/\/mb2812.de\/wp-content\/uploads\/2024\/10\/Film4249-2185pxm-1536x1024.jpg 1536w, https:\/\/mb2812.de\/wp-content\/uploads\/2024\/10\/Film4249-2185pxm-668x445.jpg 668w, https:\/\/mb2812.de\/wp-content\/uploads\/2024\/10\/Film4249-2185pxm.jpg 1920w\" sizes=\"auto, (max-width: 1024px) 100vw, 1024px\" \/><\/a><figcaption class=\"wp-element-caption\"><em>Ein Blick in die andere Richtung: Ein Zug der Linie 5 in der Bahnhofstra\u00dfe direkt vor der Haltestelle, aus der Stadt kommend<\/em><\/figcaption><\/figure>\n\n\n\n<p>Danach geht es mit dem Nahverkehr nach Osterholz-Scharmbeck und dann gleich weiter mit dem historischen Triebwagen nach Bremerv\u00f6rde. W\u00e4hrend der Pause vor der R\u00fcckfahrt ist dann etwas Zeit, um den Zug zu fotografieren.<\/p>\n\n\n\n<figure class=\"wp-block-image aligncenter size-full is-resized\"><a href=\"https:\/\/mb2812.de\/wp-content\/uploads\/2024\/10\/Film4253pxm-2171.jpg\" target=\"_blank\" rel=\"noopener\"><img loading=\"lazy\" decoding=\"async\" width=\"1440\" height=\"1920\" src=\"https:\/\/mb2812.de\/wp-content\/uploads\/2024\/10\/Film4253pxm-2171.jpg\" alt=\"\" class=\"wp-image-14645\" style=\"width:485px;height:auto\" srcset=\"https:\/\/mb2812.de\/wp-content\/uploads\/2024\/10\/Film4253pxm-2171.jpg 1440w, https:\/\/mb2812.de\/wp-content\/uploads\/2024\/10\/Film4253pxm-2171-225x300.jpg 225w, https:\/\/mb2812.de\/wp-content\/uploads\/2024\/10\/Film4253pxm-2171-768x1024.jpg 768w, https:\/\/mb2812.de\/wp-content\/uploads\/2024\/10\/Film4253pxm-2171-1152x1536.jpg 1152w, https:\/\/mb2812.de\/wp-content\/uploads\/2024\/10\/Film4253pxm-2171-668x891.jpg 668w\" sizes=\"auto, (max-width: 1440px) 100vw, 1440px\" \/><\/a><\/figure>\n\n\n\n<div style=\"height:15px\" aria-hidden=\"true\" class=\"wp-block-spacer\"><\/div>\n\n\n\n<figure class=\"wp-block-image aligncenter size-large is-resized\"><a href=\"https:\/\/mb2812.de\/wp-content\/uploads\/2024\/10\/Film4257pxm-2174.jpg\" target=\"_blank\" rel=\"noreferrer noopener\"><img loading=\"lazy\" decoding=\"async\" width=\"1024\" height=\"683\" src=\"https:\/\/mb2812.de\/wp-content\/uploads\/2024\/10\/Film4257pxm-2174-1024x683.jpg\" alt=\"\" class=\"wp-image-14646\" style=\"width:660px\" srcset=\"https:\/\/mb2812.de\/wp-content\/uploads\/2024\/10\/Film4257pxm-2174-1024x683.jpg 1024w, https:\/\/mb2812.de\/wp-content\/uploads\/2024\/10\/Film4257pxm-2174-300x200.jpg 300w, https:\/\/mb2812.de\/wp-content\/uploads\/2024\/10\/Film4257pxm-2174-768x512.jpg 768w, https:\/\/mb2812.de\/wp-content\/uploads\/2024\/10\/Film4257pxm-2174-1536x1024.jpg 1536w, https:\/\/mb2812.de\/wp-content\/uploads\/2024\/10\/Film4257pxm-2174-668x445.jpg 668w, https:\/\/mb2812.de\/wp-content\/uploads\/2024\/10\/Film4257pxm-2174.jpg 1920w\" sizes=\"auto, (max-width: 1024px) 100vw, 1024px\" \/><\/a><\/figure>\n\n\n\n<div style=\"height:15px\" aria-hidden=\"true\" class=\"wp-block-spacer\"><\/div>\n\n\n\n<p>Zur\u00fcck in Osterholz-Scharmbeck gibt es dann noch zwei Fotos vom Triebwagen, wie er zur n\u00e4chsten Fahrt aus dem Bahnhof ausf\u00fchrt.<\/p>\n\n\n\n<figure class=\"wp-block-image aligncenter size-full is-resized\"><a href=\"https:\/\/mb2812.de\/wp-content\/uploads\/2024\/10\/Film4265pxm-2169.jpg\" target=\"_blank\" rel=\"noreferrer noopener\"><img loading=\"lazy\" decoding=\"async\" width=\"1920\" height=\"1280\" src=\"https:\/\/mb2812.de\/wp-content\/uploads\/2024\/10\/Film4265pxm-2169.jpg\" alt=\"\" class=\"wp-image-14648\" style=\"width:660px\" srcset=\"https:\/\/mb2812.de\/wp-content\/uploads\/2024\/10\/Film4265pxm-2169.jpg 1920w, https:\/\/mb2812.de\/wp-content\/uploads\/2024\/10\/Film4265pxm-2169-300x200.jpg 300w, https:\/\/mb2812.de\/wp-content\/uploads\/2024\/10\/Film4265pxm-2169-1024x683.jpg 1024w, https:\/\/mb2812.de\/wp-content\/uploads\/2024\/10\/Film4265pxm-2169-768x512.jpg 768w, https:\/\/mb2812.de\/wp-content\/uploads\/2024\/10\/Film4265pxm-2169-1536x1024.jpg 1536w, https:\/\/mb2812.de\/wp-content\/uploads\/2024\/10\/Film4265pxm-2169-668x445.jpg 668w\" sizes=\"auto, (max-width: 1920px) 100vw, 1920px\" \/><\/a><\/figure>\n\n\n\n<div style=\"height:15px\" aria-hidden=\"true\" class=\"wp-block-spacer\"><\/div>\n\n\n\n<figure class=\"wp-block-image aligncenter size-full is-resized\"><a href=\"https:\/\/mb2812.de\/wp-content\/uploads\/2024\/10\/Film4267pxm-2167.jpg\" target=\"_blank\" rel=\"noopener\"><img loading=\"lazy\" decoding=\"async\" width=\"1440\" height=\"1920\" src=\"https:\/\/mb2812.de\/wp-content\/uploads\/2024\/10\/Film4267pxm-2167.jpg\" alt=\"\" class=\"wp-image-14649\" style=\"width:485px\" srcset=\"https:\/\/mb2812.de\/wp-content\/uploads\/2024\/10\/Film4267pxm-2167.jpg 1440w, https:\/\/mb2812.de\/wp-content\/uploads\/2024\/10\/Film4267pxm-2167-225x300.jpg 225w, https:\/\/mb2812.de\/wp-content\/uploads\/2024\/10\/Film4267pxm-2167-768x1024.jpg 768w, https:\/\/mb2812.de\/wp-content\/uploads\/2024\/10\/Film4267pxm-2167-1152x1536.jpg 1152w, https:\/\/mb2812.de\/wp-content\/uploads\/2024\/10\/Film4267pxm-2167-668x891.jpg 668w\" sizes=\"auto, (max-width: 1440px) 100vw, 1440px\" \/><\/a><\/figure>\n\n\n\n<p>Das war es an Fotos, ich mache mich auf die R\u00fcckfahrt, wieder \u00fcber Bremen.<\/p>\n","protected":false},"excerpt":{"rendered":"<p>Am Ostermontag fuhr ich zu einer Museumseisenbahn, dem heutigen &#8222;Moor-Express&#8220; auf der Bremerv\u00f6rde-Osterholzer Eisenbahn. Beim Umsteigen entstanden ein paar Fotos der Bremer Stra\u00dfenbahn<\/p>\n","protected":false},"author":1,"featured_media":14649,"comment_status":"closed","ping_status":"closed","sticky":false,"template":"","format":"standard","meta":{"footnotes":""},"categories":[283],"tags":[316,198,293,284,485,282],"class_list":["post-15167","post","type-post","status-publish","format-standard","has-post-thumbnail","hentry","category-tram","tag-316","tag-bahn","tag-boe","tag-bremen","tag-strassenbahn","tag-tram"],"_links":{"self":[{"href":"https:\/\/mb2812.de\/index.php?rest_route=\/wp\/v2\/posts\/15167","targetHints":{"allow":["GET"]}}],"collection":[{"href":"https:\/\/mb2812.de\/index.php?rest_route=\/wp\/v2\/posts"}],"about":[{"href":"https:\/\/mb2812.de\/index.php?rest_route=\/wp\/v2\/types\/post"}],"author":[{"embeddable":true,"href":"https:\/\/mb2812.de\/index.php?rest_route=\/wp\/v2\/users\/1"}],"replies":[{"embeddable":true,"href":"https:\/\/mb2812.de\/index.php?rest_route=%2Fwp%2Fv2%2Fcomments&post=15167"}],"version-history":[{"count":14,"href":"https:\/\/mb2812.de\/index.php?rest_route=\/wp\/v2\/posts\/15167\/revisions"}],"predecessor-version":[{"id":17424,"href":"https:\/\/mb2812.de\/index.php?rest_route=\/wp\/v2\/posts\/15167\/revisions\/17424"}],"wp:featuredmedia":[{"embeddable":true,"href":"https:\/\/mb2812.de\/index.php?rest_route=\/wp\/v2\/media\/14649"}],"wp:attachment":[{"href":"https:\/\/mb2812.de\/index.php?rest_route=%2Fwp%2Fv2%2Fmedia&parent=15167"}],"wp:term":[{"taxonomy":"category","embeddable":true,"href":"https:\/\/mb2812.de\/index.php?rest_route=%2Fwp%2Fv2%2Fcategories&post=15167"},{"taxonomy":"post_tag","embeddable":true,"href":"https:\/\/mb2812.de\/index.php?rest_route=%2Fwp%2Fv2%2Ftags&post=15167"}],"curies":[{"name":"wp","href":"https:\/\/api.w.org\/{rel}","templated":true}]}}