{"id":15108,"date":"1983-03-19T14:20:00","date_gmt":"1983-03-19T12:20:00","guid":{"rendered":"https:\/\/mb2812.de\/?p=15108"},"modified":"2025-06-24T18:26:13","modified_gmt":"2025-06-24T16:26:13","slug":"luzern-verkehrshaus-der-schweiz","status":"publish","type":"post","link":"https:\/\/mb2812.de\/?p=15108","title":{"rendered":"Luzern (Verkehrshaus der Schweiz)"},"content":{"rendered":"\n<p>Heute stand ein Ausflug von Z\u00fcrich nach Luzern an, um dort das Verkehrshaus der Schweiz zu besichtigen. Das ist ein Verkehrsmudeum, in ihm finden sich viele historische Stra\u00dfenbahn- und Eisenbahnfahrzeuge.<\/p>\n\n\n\n<p>Dies ist die Fotoausbeute:<\/p>\n\n\n\n<figure class=\"wp-block-image aligncenter is-resized\"><a href=\"https:\/\/mb2812.de\/wp-content\/uploads\/2024\/10\/Film4028pxm-2011.jpg\" target=\"_blank\" rel=\"noreferrer noopener\"><img loading=\"lazy\" decoding=\"async\" width=\"1024\" height=\"787\" src=\"https:\/\/mb2812.de\/wp-content\/uploads\/2024\/10\/Film4028pxm-2011-1024x787.jpg\" alt=\"\" class=\"wp-image-14575\" style=\"width:660px\" srcset=\"https:\/\/mb2812.de\/wp-content\/uploads\/2024\/10\/Film4028pxm-2011-1024x787.jpg 1024w, https:\/\/mb2812.de\/wp-content\/uploads\/2024\/10\/Film4028pxm-2011-300x231.jpg 300w, https:\/\/mb2812.de\/wp-content\/uploads\/2024\/10\/Film4028pxm-2011-768x590.jpg 768w, https:\/\/mb2812.de\/wp-content\/uploads\/2024\/10\/Film4028pxm-2011-1536x1181.jpg 1536w, https:\/\/mb2812.de\/wp-content\/uploads\/2024\/10\/Film4028pxm-2011-668x514.jpg 668w, https:\/\/mb2812.de\/wp-content\/uploads\/2024\/10\/Film4028pxm-2011.jpg 1920w\" sizes=\"auto, (max-width: 1024px) 100vw, 1024px\" \/><\/a><figcaption class=\"wp-element-caption\">A<em>ls Erstes komme ich zu diesem 1888 gebauten Stra\u00dfenbahnwagen, der am Genfer See (Vevey-Montreux-Chillon) verkehrte. 1958 wurde die Linie eingestellt und der Wagen kam ins Museum.<\/em><\/figcaption><\/figure>\n\n\n\n<!--more-->\n\n\n\n<figure class=\"wp-block-image aligncenter is-resized\"><a href=\"https:\/\/mb2812.de\/wp-content\/uploads\/2024\/10\/Film4030pxm-2014.jpg\" target=\"_blank\" rel=\"noopener noreferrer\"><img loading=\"lazy\" decoding=\"async\" width=\"768\" height=\"1024\" src=\"https:\/\/mb2812.de\/wp-content\/uploads\/2024\/10\/Film4030pxm-2014-768x1024.jpg\" alt=\"\" class=\"wp-image-14576\" style=\"width:495px\" srcset=\"https:\/\/mb2812.de\/wp-content\/uploads\/2024\/10\/Film4030pxm-2014-768x1024.jpg 768w, https:\/\/mb2812.de\/wp-content\/uploads\/2024\/10\/Film4030pxm-2014-225x300.jpg 225w, https:\/\/mb2812.de\/wp-content\/uploads\/2024\/10\/Film4030pxm-2014-1152x1536.jpg 1152w, https:\/\/mb2812.de\/wp-content\/uploads\/2024\/10\/Film4030pxm-2014-668x891.jpg 668w, https:\/\/mb2812.de\/wp-content\/uploads\/2024\/10\/Film4030pxm-2014.jpg 1440w\" sizes=\"auto, (max-width: 768px) 100vw, 768px\" \/><\/a><figcaption class=\"wp-element-caption\"><em>Ein wenig \u00e4lter ist dieser Wagen aus Z\u00fcrich, n\u00e4mlich Baujahr 1883. Daf\u00fcr hat er keinen elektrischen Antrieb, er lief bei der Pferdestra\u00dfenbahn<\/em><\/figcaption><\/figure>\n\n\n\n<figure class=\"wp-block-image aligncenter is-resized\"><a href=\"https:\/\/mb2812.de\/wp-content\/uploads\/2024\/10\/Film4052pxm-2056.jpg\" target=\"_blank\" rel=\"noreferrer noopener\"><img loading=\"lazy\" decoding=\"async\" width=\"768\" height=\"1024\" src=\"https:\/\/mb2812.de\/wp-content\/uploads\/2024\/10\/Film4052pxm-2056-768x1024.jpg\" alt=\"\" class=\"wp-image-14586\" style=\"width:495px\" srcset=\"https:\/\/mb2812.de\/wp-content\/uploads\/2024\/10\/Film4052pxm-2056-768x1024.jpg 768w, https:\/\/mb2812.de\/wp-content\/uploads\/2024\/10\/Film4052pxm-2056-225x300.jpg 225w, https:\/\/mb2812.de\/wp-content\/uploads\/2024\/10\/Film4052pxm-2056-1152x1536.jpg 1152w, https:\/\/mb2812.de\/wp-content\/uploads\/2024\/10\/Film4052pxm-2056-668x891.jpg 668w, https:\/\/mb2812.de\/wp-content\/uploads\/2024\/10\/Film4052pxm-2056.jpg 1440w\" sizes=\"auto, (max-width: 768px) 100vw, 768px\" \/><\/a><figcaption class=\"wp-element-caption\"><em>Die Grenzen zwischen Stra\u00dfenbahn und Eisenbahn sind in der Schweiz ziemlich flie\u00dfend, dieser 1902 gebaute Wagen steht f\u00fcr die \u00dcberlandstra\u00dfenbahnen. Er war in Neuch\u00e2tel auf der Linie nach Boudry\/Cortaillod im Einsatz und wurde erst 1981 au\u00dfer Dienst gestellt.<\/em><\/figcaption><\/figure>\n\n\n\n<figure class=\"wp-block-image aligncenter is-resized\"><a href=\"https:\/\/mb2812.de\/wp-content\/uploads\/2024\/10\/Film4032pxm-2016.jpg\" target=\"_blank\" rel=\"noreferrer noopener\"><img loading=\"lazy\" decoding=\"async\" width=\"1024\" height=\"683\" src=\"https:\/\/mb2812.de\/wp-content\/uploads\/2024\/10\/Film4032pxm-2016-1024x683.jpg\" alt=\"\" class=\"wp-image-14577\" style=\"width:660px\" srcset=\"https:\/\/mb2812.de\/wp-content\/uploads\/2024\/10\/Film4032pxm-2016-1024x683.jpg 1024w, https:\/\/mb2812.de\/wp-content\/uploads\/2024\/10\/Film4032pxm-2016-300x200.jpg 300w, https:\/\/mb2812.de\/wp-content\/uploads\/2024\/10\/Film4032pxm-2016-768x512.jpg 768w, https:\/\/mb2812.de\/wp-content\/uploads\/2024\/10\/Film4032pxm-2016-1536x1024.jpg 1536w, https:\/\/mb2812.de\/wp-content\/uploads\/2024\/10\/Film4032pxm-2016-668x445.jpg 668w, https:\/\/mb2812.de\/wp-content\/uploads\/2024\/10\/Film4032pxm-2016.jpg 1920w\" sizes=\"auto, (max-width: 1024px) 100vw, 1024px\" \/><\/a><figcaption class=\"wp-element-caption\">S<em>eitenansicht des Wagens<\/em><\/figcaption><\/figure>\n\n\n\n<figure class=\"wp-block-image aligncenter is-resized\"><a href=\"https:\/\/mb2812.de\/wp-content\/uploads\/2024\/10\/Film4044pxm-2031.jpg\" target=\"_blank\" rel=\"noopener\"><img loading=\"lazy\" decoding=\"async\" width=\"683\" height=\"1024\" src=\"https:\/\/mb2812.de\/wp-content\/uploads\/2024\/10\/Film4044pxm-2031-683x1024.jpg\" alt=\"\" class=\"wp-image-14583\" style=\"width:450px\" srcset=\"https:\/\/mb2812.de\/wp-content\/uploads\/2024\/10\/Film4044pxm-2031-683x1024.jpg 683w, https:\/\/mb2812.de\/wp-content\/uploads\/2024\/10\/Film4044pxm-2031-200x300.jpg 200w, https:\/\/mb2812.de\/wp-content\/uploads\/2024\/10\/Film4044pxm-2031-768x1152.jpg 768w, https:\/\/mb2812.de\/wp-content\/uploads\/2024\/10\/Film4044pxm-2031-1024x1536.jpg 1024w, https:\/\/mb2812.de\/wp-content\/uploads\/2024\/10\/Film4044pxm-2031-668x1002.jpg 668w, https:\/\/mb2812.de\/wp-content\/uploads\/2024\/10\/Film4044pxm-2031.jpg 1280w\" sizes=\"auto, (max-width: 683px) 100vw, 683px\" \/><\/a><figcaption class=\"wp-element-caption\"><em>Aus Z\u00fcrich stammt dieser Wagen. 1939 gebaut, ist er der Vorl\u00e4ufer der schweizerischen Standardwagen. Er hat ein dreiachsiges Fahrgestell (statt zweier Drehgestelle) und ist daher etwas k\u00fcrzer<\/em><\/figcaption><\/figure>\n\n\n\n<figure class=\"wp-block-image aligncenter is-resized\"><a href=\"https:\/\/mb2812.de\/wp-content\/uploads\/2024\/10\/Film4042pxm-2027.jpg\" target=\"_blank\" rel=\"noreferrer noopener\"><img loading=\"lazy\" decoding=\"async\" width=\"1024\" height=\"714\" src=\"https:\/\/mb2812.de\/wp-content\/uploads\/2024\/10\/Film4042pxm-2027-1024x714.jpg\" alt=\"\" class=\"wp-image-14582\" style=\"width:660px\" srcset=\"https:\/\/mb2812.de\/wp-content\/uploads\/2024\/10\/Film4042pxm-2027-1024x714.jpg 1024w, https:\/\/mb2812.de\/wp-content\/uploads\/2024\/10\/Film4042pxm-2027-300x209.jpg 300w, https:\/\/mb2812.de\/wp-content\/uploads\/2024\/10\/Film4042pxm-2027-768x535.jpg 768w, https:\/\/mb2812.de\/wp-content\/uploads\/2024\/10\/Film4042pxm-2027-1536x1070.jpg 1536w, https:\/\/mb2812.de\/wp-content\/uploads\/2024\/10\/Film4042pxm-2027-668x466.jpg 668w, https:\/\/mb2812.de\/wp-content\/uploads\/2024\/10\/Film4042pxm-2027.jpg 1920w\" sizes=\"auto, (max-width: 1024px) 100vw, 1024px\" \/><\/a><figcaption class=\"wp-element-caption\"><em>Seitenansicht des Fahrzeugs<\/em><\/figcaption><\/figure>\n\n\n\n<figure class=\"wp-block-image aligncenter is-resized\"><a href=\"https:\/\/mb2812.de\/wp-content\/uploads\/2024\/10\/Film4040pxm-2058.jpg\" target=\"_blank\" rel=\"noopener\"><img loading=\"lazy\" decoding=\"async\" width=\"773\" height=\"1024\" src=\"https:\/\/mb2812.de\/wp-content\/uploads\/2024\/10\/Film4040pxm-2058-773x1024.jpg\" alt=\"\" class=\"wp-image-14581\" style=\"width:495px\" srcset=\"https:\/\/mb2812.de\/wp-content\/uploads\/2024\/10\/Film4040pxm-2058-773x1024.jpg 773w, https:\/\/mb2812.de\/wp-content\/uploads\/2024\/10\/Film4040pxm-2058-226x300.jpg 226w, https:\/\/mb2812.de\/wp-content\/uploads\/2024\/10\/Film4040pxm-2058-768x1018.jpg 768w, https:\/\/mb2812.de\/wp-content\/uploads\/2024\/10\/Film4040pxm-2058-1159x1536.jpg 1159w, https:\/\/mb2812.de\/wp-content\/uploads\/2024\/10\/Film4040pxm-2058-668x885.jpg 668w, https:\/\/mb2812.de\/wp-content\/uploads\/2024\/10\/Film4040pxm-2058.jpg 1449w\" sizes=\"auto, (max-width: 773px) 100vw, 773px\" \/><\/a><figcaption class=\"wp-element-caption\"><em>Aus Basel stammt dieser klassische Zweiachser von 1931<\/em><\/figcaption><\/figure>\n\n\n\n<figure class=\"wp-block-image aligncenter is-resized\"><a href=\"https:\/\/mb2812.de\/wp-content\/uploads\/2024\/10\/Film4034pxm-2018.jpg\" target=\"_blank\" rel=\"noreferrer noopener\"><img loading=\"lazy\" decoding=\"async\" width=\"1024\" height=\"683\" src=\"https:\/\/mb2812.de\/wp-content\/uploads\/2024\/10\/Film4034pxm-2018-1024x683.jpg\" alt=\"\" class=\"wp-image-14578\" style=\"width:660px\" srcset=\"https:\/\/mb2812.de\/wp-content\/uploads\/2024\/10\/Film4034pxm-2018-1024x683.jpg 1024w, https:\/\/mb2812.de\/wp-content\/uploads\/2024\/10\/Film4034pxm-2018-300x200.jpg 300w, https:\/\/mb2812.de\/wp-content\/uploads\/2024\/10\/Film4034pxm-2018-768x512.jpg 768w, https:\/\/mb2812.de\/wp-content\/uploads\/2024\/10\/Film4034pxm-2018-1536x1024.jpg 1536w, https:\/\/mb2812.de\/wp-content\/uploads\/2024\/10\/Film4034pxm-2018-668x445.jpg 668w, https:\/\/mb2812.de\/wp-content\/uploads\/2024\/10\/Film4034pxm-2018.jpg 1920w\" sizes=\"auto, (max-width: 1024px) 100vw, 1024px\" \/><\/a><figcaption class=\"wp-element-caption\"><em>Kleiner wie ein Stra\u00dfenbahnwagen, aber trotzdem eine Eisenbahn. Die Meiringen &#8211; Innertkirchen Bahn wurde ab 1923 von den Kraftwerken Oberhasli als Werksbahn zur Versorgung ihrer Kraftwerksbaustellen und zur Personenbef\u00f6rderung der Arbeiter gebaut.&nbsp;Dieser Akku-Triebwagen von 1939 wurde bis 1977 eingesetzt.<\/em><\/figcaption><\/figure>\n\n\n\n<figure class=\"wp-block-image aligncenter is-resized\"><a href=\"https:\/\/mb2812.de\/wp-content\/uploads\/2024\/10\/Film4038pxm-2060.jpg\" target=\"_blank\" rel=\"noreferrer noopener\"><img loading=\"lazy\" decoding=\"async\" width=\"1024\" height=\"716\" src=\"https:\/\/mb2812.de\/wp-content\/uploads\/2024\/10\/Film4038pxm-2060-1024x716.jpg\" alt=\"\" class=\"wp-image-14580\" style=\"width:660px\" srcset=\"https:\/\/mb2812.de\/wp-content\/uploads\/2024\/10\/Film4038pxm-2060-1024x716.jpg 1024w, https:\/\/mb2812.de\/wp-content\/uploads\/2024\/10\/Film4038pxm-2060-300x210.jpg 300w, https:\/\/mb2812.de\/wp-content\/uploads\/2024\/10\/Film4038pxm-2060-768x537.jpg 768w, https:\/\/mb2812.de\/wp-content\/uploads\/2024\/10\/Film4038pxm-2060-1536x1074.jpg 1536w, https:\/\/mb2812.de\/wp-content\/uploads\/2024\/10\/Film4038pxm-2060-668x467.jpg 668w, https:\/\/mb2812.de\/wp-content\/uploads\/2024\/10\/Film4038pxm-2060.jpg 1920w\" sizes=\"auto, (max-width: 1024px) 100vw, 1024px\" \/><\/a><figcaption class=\"wp-element-caption\"><em>Die Strecke von Altst\u00e4tten nach Gais ist eine schmalspurige Eisenbahn, zum Teil mit Zahnradantrieb. Sie fuhr in Altst\u00e4tten auf dem Netz der Rheintalischen Stra\u00dfenbahn zum SBB Bahnhof.  Heute geh\u00f6rt die Strecke zu den Appenzeller Bahnen, in Altst\u00e4tten muss man aber mit dem Bus fahren. Triebwagen 3 stammt aus dem Er\u00f6ffnungsjahr der Bahn, 1911<\/em><\/figcaption><\/figure>\n\n\n\n<div style=\"height:10px\" aria-hidden=\"true\" class=\"wp-block-spacer\"><\/div>\n\n\n\n<figure class=\"wp-block-image aligncenter is-resized\"><a href=\"https:\/\/mb2812.de\/wp-content\/uploads\/2024\/10\/Film4054pxm-2035.jpg\" target=\"_blank\" rel=\"noreferrer noopener\"><img loading=\"lazy\" decoding=\"async\" width=\"1024\" height=\"779\" src=\"https:\/\/mb2812.de\/wp-content\/uploads\/2024\/10\/Film4054pxm-2035-1024x779.jpg\" alt=\"\" class=\"wp-image-14587\" style=\"width:660px\" srcset=\"https:\/\/mb2812.de\/wp-content\/uploads\/2024\/10\/Film4054pxm-2035-1024x779.jpg 1024w, https:\/\/mb2812.de\/wp-content\/uploads\/2024\/10\/Film4054pxm-2035-300x228.jpg 300w, https:\/\/mb2812.de\/wp-content\/uploads\/2024\/10\/Film4054pxm-2035-768x584.jpg 768w, https:\/\/mb2812.de\/wp-content\/uploads\/2024\/10\/Film4054pxm-2035-1536x1169.jpg 1536w, https:\/\/mb2812.de\/wp-content\/uploads\/2024\/10\/Film4054pxm-2035-668x508.jpg 668w, https:\/\/mb2812.de\/wp-content\/uploads\/2024\/10\/Film4054pxm-2035.jpg 1920w\" sizes=\"auto, (max-width: 1024px) 100vw, 1024px\" \/><\/a><figcaption class=\"wp-element-caption\"><em>Die andere Seite des Triebwagens<\/em><\/figcaption><\/figure>\n\n\n\n<figure class=\"wp-block-image aligncenter is-resized\"><a href=\"https:\/\/mb2812.de\/wp-content\/uploads\/2024\/10\/Film4046pxm-2054.jpg\" target=\"_blank\" rel=\"noreferrer noopener\"><img loading=\"lazy\" decoding=\"async\" width=\"1024\" height=\"683\" src=\"https:\/\/mb2812.de\/wp-content\/uploads\/2024\/10\/Film4046pxm-2054-1024x683.jpg\" alt=\"\" class=\"wp-image-14584\" style=\"width:660px\" srcset=\"https:\/\/mb2812.de\/wp-content\/uploads\/2024\/10\/Film4046pxm-2054-1024x683.jpg 1024w, https:\/\/mb2812.de\/wp-content\/uploads\/2024\/10\/Film4046pxm-2054-300x200.jpg 300w, https:\/\/mb2812.de\/wp-content\/uploads\/2024\/10\/Film4046pxm-2054-768x512.jpg 768w, https:\/\/mb2812.de\/wp-content\/uploads\/2024\/10\/Film4046pxm-2054-1536x1024.jpg 1536w, https:\/\/mb2812.de\/wp-content\/uploads\/2024\/10\/Film4046pxm-2054-668x445.jpg 668w, https:\/\/mb2812.de\/wp-content\/uploads\/2024\/10\/Film4046pxm-2054.jpg 1920w\" sizes=\"auto, (max-width: 1024px) 100vw, 1024px\" \/><\/a><figcaption class=\"wp-element-caption\"><em>Mit Zahnrad angetriebene Bergbahnen gibt es recht  viele in der Schweiz. Am h\u00f6chsten hinaus f\u00e4hrt die Jungfraubahn, zum Jungfaujoch in 3455 Metern H\u00f6he. Von dieser Bahn steht ein Rowan-Zug mit Lok 1 von 1898 im Museum<\/em><\/figcaption><\/figure>\n\n\n\n<figure class=\"wp-block-image aligncenter is-resized\"><a href=\"https:\/\/mb2812.de\/wp-content\/uploads\/2024\/10\/Film4048pxm-2029.jpg\" target=\"_blank\" rel=\"noreferrer noopener\"><img loading=\"lazy\" decoding=\"async\" width=\"1024\" height=\"683\" src=\"https:\/\/mb2812.de\/wp-content\/uploads\/2024\/10\/Film4048pxm-2029-1024x683.jpg\" alt=\"\" class=\"wp-image-14585\" style=\"width:660px\" srcset=\"https:\/\/mb2812.de\/wp-content\/uploads\/2024\/10\/Film4048pxm-2029-1024x683.jpg 1024w, https:\/\/mb2812.de\/wp-content\/uploads\/2024\/10\/Film4048pxm-2029-300x200.jpg 300w, https:\/\/mb2812.de\/wp-content\/uploads\/2024\/10\/Film4048pxm-2029-768x512.jpg 768w, https:\/\/mb2812.de\/wp-content\/uploads\/2024\/10\/Film4048pxm-2029-1536x1024.jpg 1536w, https:\/\/mb2812.de\/wp-content\/uploads\/2024\/10\/Film4048pxm-2029-668x445.jpg 668w, https:\/\/mb2812.de\/wp-content\/uploads\/2024\/10\/Film4048pxm-2029.jpg 1920w\" sizes=\"auto, (max-width: 1024px) 100vw, 1024px\" \/><\/a><figcaption class=\"wp-element-caption\"><em>Damit kommen wir zu den Hauptbahnen und der Fr\u00fchzeit der elektrischen Traktion. Die Ge 2\/4 ist eine leichte Elektrolokomotive der Rh\u00e4tischen Bahn (RhB), 1913 in Dienst gestellt.<\/em><\/figcaption><\/figure>\n\n\n\n<figure class=\"wp-block-image aligncenter is-resized\"><a href=\"https:\/\/mb2812.de\/wp-content\/uploads\/2024\/10\/Film4060pxm-2022.jpg\" target=\"_blank\" rel=\"noreferrer noopener\"><img loading=\"lazy\" decoding=\"async\" width=\"1024\" height=\"823\" src=\"https:\/\/mb2812.de\/wp-content\/uploads\/2024\/10\/Film4060pxm-2022-1024x823.jpg\" alt=\"\" class=\"wp-image-14590\" style=\"width:660px\" srcset=\"https:\/\/mb2812.de\/wp-content\/uploads\/2024\/10\/Film4060pxm-2022-1024x823.jpg 1024w, https:\/\/mb2812.de\/wp-content\/uploads\/2024\/10\/Film4060pxm-2022-300x241.jpg 300w, https:\/\/mb2812.de\/wp-content\/uploads\/2024\/10\/Film4060pxm-2022-768x618.jpg 768w, https:\/\/mb2812.de\/wp-content\/uploads\/2024\/10\/Film4060pxm-2022-1536x1235.jpg 1536w, https:\/\/mb2812.de\/wp-content\/uploads\/2024\/10\/Film4060pxm-2022-668x537.jpg 668w, https:\/\/mb2812.de\/wp-content\/uploads\/2024\/10\/Film4060pxm-2022.jpg 1920w\" sizes=\"auto, (max-width: 1024px) 100vw, 1024px\" \/><\/a><figcaption class=\"wp-element-caption\"><em>&#8222;BTB&#8220; musste ich nachschlagen. Es steht f\u00fcr Burgdorf-Thun-Bahn,dies war die erste elektrische Vollbahn der Schweiz (1899 er\u00f6ffnet), heute geh\u00f6rt die Strecke zur BLS. Die Lok stammt aus dem Er\u00f6ffnungsjahr und wurde 1930 ausgemustert<\/em>.<\/figcaption><\/figure>\n\n\n\n<figure class=\"wp-block-image aligncenter is-resized\"><a href=\"https:\/\/mb2812.de\/wp-content\/uploads\/2024\/10\/Film4036pxm-2062.jpg\" target=\"_blank\" rel=\"noopener noreferrer\"><img loading=\"lazy\" decoding=\"async\" width=\"768\" height=\"1024\" src=\"https:\/\/mb2812.de\/wp-content\/uploads\/2024\/10\/Film4036pxm-2062-768x1024.jpg\" alt=\"\" class=\"wp-image-14579\" style=\"width:495px\" srcset=\"https:\/\/mb2812.de\/wp-content\/uploads\/2024\/10\/Film4036pxm-2062-768x1024.jpg 768w, https:\/\/mb2812.de\/wp-content\/uploads\/2024\/10\/Film4036pxm-2062-225x300.jpg 225w, https:\/\/mb2812.de\/wp-content\/uploads\/2024\/10\/Film4036pxm-2062-1152x1536.jpg 1152w, https:\/\/mb2812.de\/wp-content\/uploads\/2024\/10\/Film4036pxm-2062-668x891.jpg 668w, https:\/\/mb2812.de\/wp-content\/uploads\/2024\/10\/Film4036pxm-2062.jpg 1440w\" sizes=\"auto, (max-width: 768px) 100vw, 768px\" \/><\/a><figcaption class=\"wp-element-caption\"><em>Dies ist ein leichter Triebwagen der SBB. Die Wagen wurden ab Ende der 1920er-Jahre im Regionalverkehr eingesetzt. Sie waren bis in die 1980er-Jahre im Einsatz.<\/em><\/figcaption><\/figure>\n\n\n\n<figure class=\"wp-block-image aligncenter is-resized\"><a href=\"https:\/\/mb2812.de\/wp-content\/uploads\/2024\/10\/Film4058pxm-2024.jpg\" target=\"_blank\" rel=\"noreferrer noopener\"><img loading=\"lazy\" decoding=\"async\" width=\"1024\" height=\"746\" src=\"https:\/\/mb2812.de\/wp-content\/uploads\/2024\/10\/Film4058pxm-2024-1024x746.jpg\" alt=\"\" class=\"wp-image-14589\" style=\"width:660px\" srcset=\"https:\/\/mb2812.de\/wp-content\/uploads\/2024\/10\/Film4058pxm-2024-1024x746.jpg 1024w, https:\/\/mb2812.de\/wp-content\/uploads\/2024\/10\/Film4058pxm-2024-300x218.jpg 300w, https:\/\/mb2812.de\/wp-content\/uploads\/2024\/10\/Film4058pxm-2024-768x559.jpg 768w, https:\/\/mb2812.de\/wp-content\/uploads\/2024\/10\/Film4058pxm-2024-1536x1118.jpg 1536w, https:\/\/mb2812.de\/wp-content\/uploads\/2024\/10\/Film4058pxm-2024-668x486.jpg 668w, https:\/\/mb2812.de\/wp-content\/uploads\/2024\/10\/Film4058pxm-2024.jpg 1920w\" sizes=\"auto, (max-width: 1024px) 100vw, 1024px\" \/><\/a><figcaption class=\"wp-element-caption\"><em>Und auch hier die Seitanansicht des Fahrzeugs<\/em><\/figcaption><\/figure>\n\n\n\n<figure class=\"wp-block-image aligncenter is-resized\"><a href=\"https:\/\/mb2812.de\/wp-content\/uploads\/2024\/10\/Film4056pxm-2033.jpg\" target=\"_blank\" rel=\"noreferrer noopener\"><img loading=\"lazy\" decoding=\"async\" width=\"1024\" height=\"683\" src=\"https:\/\/mb2812.de\/wp-content\/uploads\/2024\/10\/Film4056pxm-2033-1024x683.jpg\" alt=\"\" class=\"wp-image-14588\" style=\"width:660px\" srcset=\"https:\/\/mb2812.de\/wp-content\/uploads\/2024\/10\/Film4056pxm-2033-1024x683.jpg 1024w, https:\/\/mb2812.de\/wp-content\/uploads\/2024\/10\/Film4056pxm-2033-300x200.jpg 300w, https:\/\/mb2812.de\/wp-content\/uploads\/2024\/10\/Film4056pxm-2033-768x512.jpg 768w, https:\/\/mb2812.de\/wp-content\/uploads\/2024\/10\/Film4056pxm-2033-1536x1024.jpg 1536w, https:\/\/mb2812.de\/wp-content\/uploads\/2024\/10\/Film4056pxm-2033-668x445.jpg 668w, https:\/\/mb2812.de\/wp-content\/uploads\/2024\/10\/Film4056pxm-2033.jpg 1920w\" sizes=\"auto, (max-width: 1024px) 100vw, 1024px\" \/><\/a><figcaption class=\"wp-element-caption\"><em>Und noch ein Wagen mit sehr interessanter Geschichte. Zwei derartige Fahrzeuge wurden von der K\u00f6niglich S\u00e4chsischen Staatseisenbahnen gebaut, sie gelten als die ersten funktionsf\u00e4higen Triebwagen mit Dieselmotor in Europa. Nach Probefahrten blieben die Fahrzeuge in der Schweiz und gelangten  1923 zur R\u00e9gional du Val-de-Travers (RVT). Der Triebwagen 9 wurde erst 1965 abgestellt.<\/em><\/figcaption><\/figure>\n\n\n\n<figure class=\"wp-block-image aligncenter is-resized\"><a href=\"https:\/\/mb2812.de\/wp-content\/uploads\/2024\/10\/Film4062pxm-2020.jpg\" target=\"_blank\" rel=\"noreferrer noopener\"><img loading=\"lazy\" decoding=\"async\" width=\"1024\" height=\"683\" src=\"https:\/\/mb2812.de\/wp-content\/uploads\/2024\/10\/Film4062pxm-2020-1024x683.jpg\" alt=\"\" class=\"wp-image-14591\" style=\"width:660px\" srcset=\"https:\/\/mb2812.de\/wp-content\/uploads\/2024\/10\/Film4062pxm-2020-1024x683.jpg 1024w, https:\/\/mb2812.de\/wp-content\/uploads\/2024\/10\/Film4062pxm-2020-300x200.jpg 300w, https:\/\/mb2812.de\/wp-content\/uploads\/2024\/10\/Film4062pxm-2020-768x512.jpg 768w, https:\/\/mb2812.de\/wp-content\/uploads\/2024\/10\/Film4062pxm-2020-1536x1024.jpg 1536w, https:\/\/mb2812.de\/wp-content\/uploads\/2024\/10\/Film4062pxm-2020-668x445.jpg 668w, https:\/\/mb2812.de\/wp-content\/uploads\/2024\/10\/Film4062pxm-2020.jpg 1920w\" sizes=\"auto, (max-width: 1024px) 100vw, 1024px\" \/><\/a><figcaption class=\"wp-element-caption\"><em>Das war der Besuch im Verkehrshaus, zum Abschluss ein Foto eines Luzerner Trolleybus. Die Linie 2 brachte die Besucher vom Bahnhof zum Verkehrshaus, der Wagen 178 von Volvo\/Hess stammt von 1975.<\/em><\/figcaption><\/figure>\n\n\n\n<p>Nach dem Besuch im Verkehrshaus stand dann die R\u00fcckreise \u00fcber Z\u00fcrich nach Waldshut an, diesmal ab Koblenz mit dem Schienenbus und nicht zu Fu\u00df. Danach ging es noch mit dem Postbus bis H\u00f6chenschwand.<\/p>\n","protected":false},"excerpt":{"rendered":"<p>Ein kurzer Ausflug von Z\u00fcrich nach Luzern f\u00fcr einen Besuch im Verkehrshaus der Schweiz. Am Abend ging es dann zur\u00fcck nach Deutschland bis in den Schwarzwald<\/p>\n","protected":false},"author":1,"featured_media":14591,"comment_status":"closed","ping_status":"closed","sticky":false,"template":"","format":"standard","meta":{"footnotes":""},"categories":[283],"tags":[316,198,55,485,282,486],"class_list":["post-15108","post","type-post","status-publish","format-standard","has-post-thumbnail","hentry","category-tram","tag-316","tag-bahn","tag-luzern","tag-strassenbahn","tag-tram","tag-verkehrshaus"],"_links":{"self":[{"href":"https:\/\/mb2812.de\/index.php?rest_route=\/wp\/v2\/posts\/15108","targetHints":{"allow":["GET"]}}],"collection":[{"href":"https:\/\/mb2812.de\/index.php?rest_route=\/wp\/v2\/posts"}],"about":[{"href":"https:\/\/mb2812.de\/index.php?rest_route=\/wp\/v2\/types\/post"}],"author":[{"embeddable":true,"href":"https:\/\/mb2812.de\/index.php?rest_route=\/wp\/v2\/users\/1"}],"replies":[{"embeddable":true,"href":"https:\/\/mb2812.de\/index.php?rest_route=%2Fwp%2Fv2%2Fcomments&post=15108"}],"version-history":[{"count":11,"href":"https:\/\/mb2812.de\/index.php?rest_route=\/wp\/v2\/posts\/15108\/revisions"}],"predecessor-version":[{"id":17427,"href":"https:\/\/mb2812.de\/index.php?rest_route=\/wp\/v2\/posts\/15108\/revisions\/17427"}],"wp:featuredmedia":[{"embeddable":true,"href":"https:\/\/mb2812.de\/index.php?rest_route=\/wp\/v2\/media\/14591"}],"wp:attachment":[{"href":"https:\/\/mb2812.de\/index.php?rest_route=%2Fwp%2Fv2%2Fmedia&parent=15108"}],"wp:term":[{"taxonomy":"category","embeddable":true,"href":"https:\/\/mb2812.de\/index.php?rest_route=%2Fwp%2Fv2%2Fcategories&post=15108"},{"taxonomy":"post_tag","embeddable":true,"href":"https:\/\/mb2812.de\/index.php?rest_route=%2Fwp%2Fv2%2Ftags&post=15108"}],"curies":[{"name":"wp","href":"https:\/\/api.w.org\/{rel}","templated":true}]}}