{"id":14830,"date":"1983-03-07T09:00:00","date_gmt":"1983-03-07T07:00:00","guid":{"rendered":"https:\/\/mb2812.de\/?p=14830"},"modified":"2025-06-24T18:21:03","modified_gmt":"2025-06-24T16:21:03","slug":"krefeld-und-duisburg","status":"publish","type":"post","link":"https:\/\/mb2812.de\/?p=14830","title":{"rendered":"Krefeld und Duisburg"},"content":{"rendered":"\n<p>Die ersten Fotos gibt es vom Montag, den 7. M\u00e4rz. An dem Tag  ging es einigermassen gem\u00fctlich los mit einer Tour ins westliche Ruhrgebiet, da war die Anfahrt nicht so lang. Mit Nahverkehrsz\u00fcgen fuhr ich nach Krefeld und dort machte ich mich auf, das Stra\u00dfenbahnnetz zu erkunden. Erste Strecke scheint die in den Nachbarort St. T\u00f6nis gewesen zu sein.<\/p>\n\n\n\n<figure class=\"wp-block-image aligncenter is-resized\"><a href=\"https:\/\/mb2812.de\/wp-content\/uploads\/2024\/10\/Film3705denoised-1404.jpg\" target=\"_blank\" rel=\"noreferrer noopener\"><img loading=\"lazy\" decoding=\"async\" width=\"1024\" height=\"576\" src=\"https:\/\/mb2812.de\/wp-content\/uploads\/2024\/10\/Film3705denoised-1404-1024x576.jpg\" alt=\"\" class=\"wp-image-14479\" style=\"width:720px\" srcset=\"https:\/\/mb2812.de\/wp-content\/uploads\/2024\/10\/Film3705denoised-1404-1024x576.jpg 1024w, https:\/\/mb2812.de\/wp-content\/uploads\/2024\/10\/Film3705denoised-1404-300x169.jpg 300w, https:\/\/mb2812.de\/wp-content\/uploads\/2024\/10\/Film3705denoised-1404-768x432.jpg 768w, https:\/\/mb2812.de\/wp-content\/uploads\/2024\/10\/Film3705denoised-1404-1536x864.jpg 1536w, https:\/\/mb2812.de\/wp-content\/uploads\/2024\/10\/Film3705denoised-1404-668x376.jpg 668w, https:\/\/mb2812.de\/wp-content\/uploads\/2024\/10\/Film3705denoised-1404.jpg 1920w\" sizes=\"auto, (max-width: 1024px) 100vw, 1024px\" \/><\/a><figcaption class=\"wp-element-caption\"><em>Der Wilhelmplatz in St. T\u00f6nis. Die Uhr zeigt 11:30, dies bedeutet, allzu fr\u00fch bin ich nicht von zu Hause weg. Mit Tw 823 d\u00fcrfte ich von Krefeld gekommen sein. Hier steht er an der Ankunftshaltesetelle<\/em><\/figcaption><\/figure>\n\n\n\n<figure class=\"wp-block-image aligncenter is-resized\"><a href=\"https:\/\/mb2812.de\/wp-content\/uploads\/2024\/10\/Film3707denoised-1413.jpg\" target=\"_blank\" rel=\"noreferrer noopener\"><img loading=\"lazy\" decoding=\"async\" width=\"1024\" height=\"576\" src=\"https:\/\/mb2812.de\/wp-content\/uploads\/2024\/10\/Film3707denoised-1413-1024x576.jpg\" alt=\"\" class=\"wp-image-14480\" style=\"width:720px\" srcset=\"https:\/\/mb2812.de\/wp-content\/uploads\/2024\/10\/Film3707denoised-1413-1024x576.jpg 1024w, https:\/\/mb2812.de\/wp-content\/uploads\/2024\/10\/Film3707denoised-1413-300x169.jpg 300w, https:\/\/mb2812.de\/wp-content\/uploads\/2024\/10\/Film3707denoised-1413-768x432.jpg 768w, https:\/\/mb2812.de\/wp-content\/uploads\/2024\/10\/Film3707denoised-1413-1536x864.jpg 1536w, https:\/\/mb2812.de\/wp-content\/uploads\/2024\/10\/Film3707denoised-1413-668x376.jpg 668w, https:\/\/mb2812.de\/wp-content\/uploads\/2024\/10\/Film3707denoised-1413.jpg 1920w\" sizes=\"auto, (max-width: 1024px) 100vw, 1024px\" \/><\/a><figcaption class=\"wp-element-caption\"><em>Kurz darauf hat er zur Abfahrthaltestelle vorgezogen<\/em><\/figcaption><\/figure>\n\n\n\n<figure class=\"wp-block-image aligncenter size-large is-resized\"><a href=\"https:\/\/mb2812.de\/wp-content\/uploads\/2024\/10\/Film3709-1338-1348.jpg\" target=\"_blank\" rel=\"noreferrer noopener\"><img loading=\"lazy\" decoding=\"async\" width=\"1024\" height=\"683\" src=\"https:\/\/mb2812.de\/wp-content\/uploads\/2024\/10\/Film3709-1338-1348-1024x683.jpg\" alt=\"\" class=\"wp-image-14481\" style=\"width:660px\" srcset=\"https:\/\/mb2812.de\/wp-content\/uploads\/2024\/10\/Film3709-1338-1348-1024x683.jpg 1024w, https:\/\/mb2812.de\/wp-content\/uploads\/2024\/10\/Film3709-1338-1348-300x200.jpg 300w, https:\/\/mb2812.de\/wp-content\/uploads\/2024\/10\/Film3709-1338-1348-768x512.jpg 768w, https:\/\/mb2812.de\/wp-content\/uploads\/2024\/10\/Film3709-1338-1348-1536x1024.jpg 1536w, https:\/\/mb2812.de\/wp-content\/uploads\/2024\/10\/Film3709-1338-1348-668x445.jpg 668w, https:\/\/mb2812.de\/wp-content\/uploads\/2024\/10\/Film3709-1338-1348.jpg 1920w\" sizes=\"auto, (max-width: 1024px) 100vw, 1024px\" \/><\/a><figcaption class=\"wp-element-caption\"><em>Der Endpunkt der Stra\u00dfenbahn am Wilhelmplatz ist in einer Blockumfahrung. Tw 826 kommt die Krefelder Stra\u00dfe entlang und befindet sich am Anfang der Schleife, rechts aus der &#8222;Kurze Stra\u00dfe&#8220; kommen die Bahnen dann wieder zur\u00fcck<\/em><\/figcaption><\/figure>\n\n\n\n<figure class=\"wp-block-image aligncenter is-resized\"><a href=\"https:\/\/mb2812.de\/wp-content\/uploads\/2024\/10\/Film3711denoised-1424.jpg\" target=\"_blank\" rel=\"noreferrer noopener\"><img loading=\"lazy\" decoding=\"async\" width=\"1024\" height=\"683\" src=\"https:\/\/mb2812.de\/wp-content\/uploads\/2024\/10\/Film3711denoised-1424-1024x683.jpg\" alt=\"\" class=\"wp-image-14482\" style=\"width:660px\" srcset=\"https:\/\/mb2812.de\/wp-content\/uploads\/2024\/10\/Film3711denoised-1424-1024x683.jpg 1024w, https:\/\/mb2812.de\/wp-content\/uploads\/2024\/10\/Film3711denoised-1424-300x200.jpg 300w, https:\/\/mb2812.de\/wp-content\/uploads\/2024\/10\/Film3711denoised-1424-768x512.jpg 768w, https:\/\/mb2812.de\/wp-content\/uploads\/2024\/10\/Film3711denoised-1424-1536x1024.jpg 1536w, https:\/\/mb2812.de\/wp-content\/uploads\/2024\/10\/Film3711denoised-1424-668x445.jpg 668w, https:\/\/mb2812.de\/wp-content\/uploads\/2024\/10\/Film3711denoised-1424.jpg 1920w\" sizes=\"auto, (max-width: 1024px) 100vw, 1024px\" \/><\/a><figcaption class=\"wp-element-caption\"><em>Und hier der Wagen formatf\u00fcllend<\/em><\/figcaption><\/figure>\n\n\n\n<figure class=\"wp-block-image aligncenter size-full is-resized\"><a href=\"https:\/\/mb2812.de\/wp-content\/uploads\/2024\/10\/Film3713denoised-1411.jpg\" target=\"_blank\" rel=\"noreferrer noopener\"><img loading=\"lazy\" decoding=\"async\" width=\"1920\" height=\"1280\" src=\"https:\/\/mb2812.de\/wp-content\/uploads\/2024\/10\/Film3713denoised-1411.jpg\" alt=\"\" class=\"wp-image-14483\" style=\"width:660px\" srcset=\"https:\/\/mb2812.de\/wp-content\/uploads\/2024\/10\/Film3713denoised-1411.jpg 1920w, https:\/\/mb2812.de\/wp-content\/uploads\/2024\/10\/Film3713denoised-1411-300x200.jpg 300w, https:\/\/mb2812.de\/wp-content\/uploads\/2024\/10\/Film3713denoised-1411-1024x683.jpg 1024w, https:\/\/mb2812.de\/wp-content\/uploads\/2024\/10\/Film3713denoised-1411-768x512.jpg 768w, https:\/\/mb2812.de\/wp-content\/uploads\/2024\/10\/Film3713denoised-1411-1536x1024.jpg 1536w, https:\/\/mb2812.de\/wp-content\/uploads\/2024\/10\/Film3713denoised-1411-668x445.jpg 668w\" sizes=\"auto, (max-width: 1920px) 100vw, 1920px\" \/><\/a><figcaption class=\"wp-element-caption\"><em>Tw 823 beginnt die R\u00fcckfahrt nach Krefeld. Die Bauernstube ist inzwischen Vergangenheit<\/em><\/figcaption><\/figure>\n\n\n\n<figure class=\"wp-block-image aligncenter size-full is-resized\"><a href=\"https:\/\/mb2812.de\/wp-content\/uploads\/2024\/10\/Film3715denoised-1426.jpg\" target=\"_blank\" rel=\"noreferrer noopener\"><img loading=\"lazy\" decoding=\"async\" width=\"1920\" height=\"1080\" src=\"https:\/\/mb2812.de\/wp-content\/uploads\/2024\/10\/Film3715denoised-1426.jpg\" alt=\"\" class=\"wp-image-14484\" style=\"width:720px\" srcset=\"https:\/\/mb2812.de\/wp-content\/uploads\/2024\/10\/Film3715denoised-1426.jpg 1920w, https:\/\/mb2812.de\/wp-content\/uploads\/2024\/10\/Film3715denoised-1426-300x169.jpg 300w, https:\/\/mb2812.de\/wp-content\/uploads\/2024\/10\/Film3715denoised-1426-1024x576.jpg 1024w, https:\/\/mb2812.de\/wp-content\/uploads\/2024\/10\/Film3715denoised-1426-768x432.jpg 768w, https:\/\/mb2812.de\/wp-content\/uploads\/2024\/10\/Film3715denoised-1426-1536x864.jpg 1536w, https:\/\/mb2812.de\/wp-content\/uploads\/2024\/10\/Film3715denoised-1426-668x376.jpg 668w\" sizes=\"auto, (max-width: 1920px) 100vw, 1920px\" \/><\/a><figcaption class=\"wp-element-caption\"><em>Auch diesen Zug gibt es in gro\u00df<\/em><\/figcaption><\/figure>\n\n\n\n<figure class=\"wp-block-image aligncenter size-full is-resized\"><a href=\"https:\/\/mb2812.de\/wp-content\/uploads\/2024\/10\/Film3717denoised-1409.jpg\" target=\"_blank\" rel=\"noreferrer noopener\"><img loading=\"lazy\" decoding=\"async\" width=\"1920\" height=\"1080\" src=\"https:\/\/mb2812.de\/wp-content\/uploads\/2024\/10\/Film3717denoised-1409.jpg\" alt=\"\" class=\"wp-image-14485\" style=\"width:720px\" srcset=\"https:\/\/mb2812.de\/wp-content\/uploads\/2024\/10\/Film3717denoised-1409.jpg 1920w, https:\/\/mb2812.de\/wp-content\/uploads\/2024\/10\/Film3717denoised-1409-300x169.jpg 300w, https:\/\/mb2812.de\/wp-content\/uploads\/2024\/10\/Film3717denoised-1409-1024x576.jpg 1024w, https:\/\/mb2812.de\/wp-content\/uploads\/2024\/10\/Film3717denoised-1409-768x432.jpg 768w, https:\/\/mb2812.de\/wp-content\/uploads\/2024\/10\/Film3717denoised-1409-1536x864.jpg 1536w, https:\/\/mb2812.de\/wp-content\/uploads\/2024\/10\/Film3717denoised-1409-668x376.jpg 668w\" sizes=\"auto, (max-width: 1920px) 100vw, 1920px\" \/><\/a><figcaption class=\"wp-element-caption\"><em>Wieder zur\u00fcck in Krefeld fotografiere ich einen Zug der Linie 76 an der Haltestelle Rheinstra\u00dfe, dem Mittelpunkt des Krefelder Stra\u00dfenbahnnetzes. Dies ist die jahrzehntelang klassische Ansicht mit dem Kaufhaus Horten im Hintergrund<\/em><\/figcaption><\/figure>\n\n\n\n<figure class=\"wp-block-image aligncenter size-full is-resized\"><a href=\"https:\/\/mb2812.de\/wp-content\/uploads\/2024\/10\/Film3719denoised-1429.jpg\" target=\"_blank\" rel=\"noopener\"><img loading=\"lazy\" decoding=\"async\" width=\"1440\" height=\"1920\" src=\"https:\/\/mb2812.de\/wp-content\/uploads\/2024\/10\/Film3719denoised-1429.jpg\" alt=\"\" class=\"wp-image-14486\" style=\"width:465px\" srcset=\"https:\/\/mb2812.de\/wp-content\/uploads\/2024\/10\/Film3719denoised-1429.jpg 1440w, https:\/\/mb2812.de\/wp-content\/uploads\/2024\/10\/Film3719denoised-1429-225x300.jpg 225w, https:\/\/mb2812.de\/wp-content\/uploads\/2024\/10\/Film3719denoised-1429-768x1024.jpg 768w, https:\/\/mb2812.de\/wp-content\/uploads\/2024\/10\/Film3719denoised-1429-1152x1536.jpg 1152w, https:\/\/mb2812.de\/wp-content\/uploads\/2024\/10\/Film3719denoised-1429-668x891.jpg 668w\" sizes=\"auto, (max-width: 1440px) 100vw, 1440px\" \/><\/a><figcaption class=\"wp-element-caption\"><em>Das Motiv gibt es auch im Hochformat<\/em><\/figcaption><\/figure>\n\n\n\n<figure class=\"wp-block-image aligncenter size-full is-resized\"><a href=\"https:\/\/mb2812.de\/wp-content\/uploads\/2024\/10\/Film3721denoised-1406.jpg\" target=\"_blank\" rel=\"noreferrer noopener\"><img loading=\"lazy\" decoding=\"async\" width=\"1920\" height=\"1280\" src=\"https:\/\/mb2812.de\/wp-content\/uploads\/2024\/10\/Film3721denoised-1406.jpg\" alt=\"\" class=\"wp-image-14487\" style=\"width:660px\" srcset=\"https:\/\/mb2812.de\/wp-content\/uploads\/2024\/10\/Film3721denoised-1406.jpg 1920w, https:\/\/mb2812.de\/wp-content\/uploads\/2024\/10\/Film3721denoised-1406-300x200.jpg 300w, https:\/\/mb2812.de\/wp-content\/uploads\/2024\/10\/Film3721denoised-1406-1024x683.jpg 1024w, https:\/\/mb2812.de\/wp-content\/uploads\/2024\/10\/Film3721denoised-1406-768x512.jpg 768w, https:\/\/mb2812.de\/wp-content\/uploads\/2024\/10\/Film3721denoised-1406-1536x1024.jpg 1536w, https:\/\/mb2812.de\/wp-content\/uploads\/2024\/10\/Film3721denoised-1406-668x445.jpg 668w\" sizes=\"auto, (max-width: 1920px) 100vw, 1920px\" \/><\/a><figcaption class=\"wp-element-caption\"><em>In der Gartenstadt war die Neubaustrecke zur Elfrather M\u00fchle im Jahr vorher (April 1982) er\u00f6ffnet worden und f\u00fcr mich daher interessant. Die Endstelle besitzt nur Stumpfgleise, daher mussten hier M8 eingesetzt werden.<\/em><\/figcaption><\/figure>\n\n\n\n<p>Ab Uerdingen gibt es eine st\u00fcndliche Buslinie \u00fcber den Rhein nach Duisburg, die habe ich wohl erwischt, den weiter geht es mit Fotos aus H\u00fcttenheim von der dortigen Endschleife.<\/p>\n\n\n\n<p>Zwei Fotos vom Tw 1239 in der Schleife: <\/p>\n\n\n\n<figure class=\"wp-block-image aligncenter size-full is-resized\"><a href=\"https:\/\/mb2812.de\/wp-content\/uploads\/2024\/10\/Film3723denoised-1431.jpg\" target=\"_blank\" rel=\"noopener\"><img loading=\"lazy\" decoding=\"async\" width=\"1440\" height=\"1920\" src=\"https:\/\/mb2812.de\/wp-content\/uploads\/2024\/10\/Film3723denoised-1431.jpg\" alt=\"\" class=\"wp-image-14488\" style=\"width:465px\" srcset=\"https:\/\/mb2812.de\/wp-content\/uploads\/2024\/10\/Film3723denoised-1431.jpg 1440w, https:\/\/mb2812.de\/wp-content\/uploads\/2024\/10\/Film3723denoised-1431-225x300.jpg 225w, https:\/\/mb2812.de\/wp-content\/uploads\/2024\/10\/Film3723denoised-1431-768x1024.jpg 768w, https:\/\/mb2812.de\/wp-content\/uploads\/2024\/10\/Film3723denoised-1431-1152x1536.jpg 1152w, https:\/\/mb2812.de\/wp-content\/uploads\/2024\/10\/Film3723denoised-1431-668x891.jpg 668w\" sizes=\"auto, (max-width: 1440px) 100vw, 1440px\" \/><\/a><\/figure>\n\n\n\n<div style=\"height:10px\" aria-hidden=\"true\" class=\"wp-block-spacer\"><\/div>\n\n\n\n<figure class=\"wp-block-image aligncenter size-full is-resized\"><a href=\"https:\/\/mb2812.de\/wp-content\/uploads\/2024\/10\/Film3725denoised-1462.jpg\" target=\"_blank\" rel=\"noreferrer noopener\"><img loading=\"lazy\" decoding=\"async\" width=\"1920\" height=\"1280\" src=\"https:\/\/mb2812.de\/wp-content\/uploads\/2024\/10\/Film3725denoised-1462.jpg\" alt=\"\" class=\"wp-image-14489\" style=\"width:660px\" srcset=\"https:\/\/mb2812.de\/wp-content\/uploads\/2024\/10\/Film3725denoised-1462.jpg 1920w, https:\/\/mb2812.de\/wp-content\/uploads\/2024\/10\/Film3725denoised-1462-300x200.jpg 300w, https:\/\/mb2812.de\/wp-content\/uploads\/2024\/10\/Film3725denoised-1462-1024x683.jpg 1024w, https:\/\/mb2812.de\/wp-content\/uploads\/2024\/10\/Film3725denoised-1462-768x512.jpg 768w, https:\/\/mb2812.de\/wp-content\/uploads\/2024\/10\/Film3725denoised-1462-1536x1024.jpg 1536w, https:\/\/mb2812.de\/wp-content\/uploads\/2024\/10\/Film3725denoised-1462-668x445.jpg 668w\" sizes=\"auto, (max-width: 1920px) 100vw, 1920px\" \/><\/a><\/figure>\n\n\n\n<div style=\"height:10px\" aria-hidden=\"true\" class=\"wp-block-spacer\"><\/div>\n\n\n\n<figure class=\"wp-block-image aligncenter size-full is-resized\"><a href=\"https:\/\/mb2812.de\/wp-content\/uploads\/2024\/10\/Film3729denoised-1389.jpg\" target=\"_blank\" rel=\"noreferrer noopener\"><img loading=\"lazy\" decoding=\"async\" width=\"1920\" height=\"1280\" src=\"https:\/\/mb2812.de\/wp-content\/uploads\/2024\/10\/Film3729denoised-1389.jpg\" alt=\"\" class=\"wp-image-14490\" style=\"width:660px\" srcset=\"https:\/\/mb2812.de\/wp-content\/uploads\/2024\/10\/Film3729denoised-1389.jpg 1920w, https:\/\/mb2812.de\/wp-content\/uploads\/2024\/10\/Film3729denoised-1389-300x200.jpg 300w, https:\/\/mb2812.de\/wp-content\/uploads\/2024\/10\/Film3729denoised-1389-1024x683.jpg 1024w, https:\/\/mb2812.de\/wp-content\/uploads\/2024\/10\/Film3729denoised-1389-768x512.jpg 768w, https:\/\/mb2812.de\/wp-content\/uploads\/2024\/10\/Film3729denoised-1389-1536x1024.jpg 1536w, https:\/\/mb2812.de\/wp-content\/uploads\/2024\/10\/Film3729denoised-1389-668x445.jpg 668w\" sizes=\"auto, (max-width: 1920px) 100vw, 1920px\" \/><\/a><figcaption class=\"wp-element-caption\"><em>Nach Abfahrt auf der anderen Stra\u00dfenseite vor dem Stahlwerk<\/em><\/figcaption><\/figure>\n\n\n\n<p>Auf heute gr\u00f6\u00dftenteils nicht mehr existierenden Gleisen fur die Linie 904 nach Ruhrort und weiter nach Laar. An der Schwanentorbr\u00fccke habe ich noch ein Foto gemacht.<\/p>\n\n\n\n<figure class=\"wp-block-image aligncenter size-full is-resized\"><a href=\"https:\/\/mb2812.de\/wp-content\/uploads\/2024\/10\/Film3731denoised-1392.jpg\" target=\"_blank\" rel=\"noreferrer noopener\"><img loading=\"lazy\" decoding=\"async\" width=\"1920\" height=\"1080\" src=\"https:\/\/mb2812.de\/wp-content\/uploads\/2024\/10\/Film3731denoised-1392.jpg\" alt=\"\" class=\"wp-image-14491\" style=\"width:720px\" srcset=\"https:\/\/mb2812.de\/wp-content\/uploads\/2024\/10\/Film3731denoised-1392.jpg 1920w, https:\/\/mb2812.de\/wp-content\/uploads\/2024\/10\/Film3731denoised-1392-300x169.jpg 300w, https:\/\/mb2812.de\/wp-content\/uploads\/2024\/10\/Film3731denoised-1392-1024x576.jpg 1024w, https:\/\/mb2812.de\/wp-content\/uploads\/2024\/10\/Film3731denoised-1392-768x432.jpg 768w, https:\/\/mb2812.de\/wp-content\/uploads\/2024\/10\/Film3731denoised-1392-1536x864.jpg 1536w, https:\/\/mb2812.de\/wp-content\/uploads\/2024\/10\/Film3731denoised-1392-668x376.jpg 668w\" sizes=\"auto, (max-width: 1920px) 100vw, 1920px\" \/><\/a><figcaption class=\"wp-element-caption\"><em> Ein aus Ruhrort kommender Zug am Hafen an der Schwanentorbr\u00fccke<\/em>. <em>Tw 1231 wurde aus Gro\u00dfraumwagen zum Gelenkwagen umgebaut<\/em><\/figcaption><\/figure>\n","protected":false},"excerpt":{"rendered":"<p>Ich besuchte die St\u00e4dte Krefeld und Duisburg<\/p>\n","protected":false},"author":1,"featured_media":14486,"comment_status":"closed","ping_status":"closed","sticky":false,"template":"","format":"standard","meta":{"footnotes":""},"categories":[283],"tags":[316,281,280,485,282],"class_list":["post-14830","post","type-post","status-publish","format-standard","has-post-thumbnail","hentry","category-tram","tag-316","tag-duisburg","tag-krefeld","tag-strassenbahn","tag-tram"],"_links":{"self":[{"href":"https:\/\/mb2812.de\/index.php?rest_route=\/wp\/v2\/posts\/14830","targetHints":{"allow":["GET"]}}],"collection":[{"href":"https:\/\/mb2812.de\/index.php?rest_route=\/wp\/v2\/posts"}],"about":[{"href":"https:\/\/mb2812.de\/index.php?rest_route=\/wp\/v2\/types\/post"}],"author":[{"embeddable":true,"href":"https:\/\/mb2812.de\/index.php?rest_route=\/wp\/v2\/users\/1"}],"replies":[{"embeddable":true,"href":"https:\/\/mb2812.de\/index.php?rest_route=%2Fwp%2Fv2%2Fcomments&post=14830"}],"version-history":[{"count":11,"href":"https:\/\/mb2812.de\/index.php?rest_route=\/wp\/v2\/posts\/14830\/revisions"}],"predecessor-version":[{"id":16323,"href":"https:\/\/mb2812.de\/index.php?rest_route=\/wp\/v2\/posts\/14830\/revisions\/16323"}],"wp:featuredmedia":[{"embeddable":true,"href":"https:\/\/mb2812.de\/index.php?rest_route=\/wp\/v2\/media\/14486"}],"wp:attachment":[{"href":"https:\/\/mb2812.de\/index.php?rest_route=%2Fwp%2Fv2%2Fmedia&parent=14830"}],"wp:term":[{"taxonomy":"category","embeddable":true,"href":"https:\/\/mb2812.de\/index.php?rest_route=%2Fwp%2Fv2%2Fcategories&post=14830"},{"taxonomy":"post_tag","embeddable":true,"href":"https:\/\/mb2812.de\/index.php?rest_route=%2Fwp%2Fv2%2Ftags&post=14830"}],"curies":[{"name":"wp","href":"https:\/\/api.w.org\/{rel}","templated":true}]}}