{"id":14474,"date":"1983-03-01T09:00:19","date_gmt":"1983-03-01T07:00:19","guid":{"rendered":"https:\/\/mb2812.de\/?p=14474"},"modified":"2025-06-24T18:19:42","modified_gmt":"2025-06-24T16:19:42","slug":"tmt-tour-fruehjahr-1983","status":"publish","type":"post","link":"https:\/\/mb2812.de\/?p=14474","title":{"rendered":"TMT Tour Fr\u00fchjahr 1983"},"content":{"rendered":"\n<p>TMT heisst Tramper-Monats-Ticket und das war &#8222;damals&#8220; ein Angebot der Bundesbahn an Jugendliche einschliesslich Studenten. F\u00fcr wenig Geld gab es eine Monatsnetzkarte f\u00fcr alle Eisenbahnstrecken in Deutschland, in den sp\u00e4teren Jahren waren auch Bahn- und Postbusse mit einbezogen.<\/p>\n\n\n\n<p>In den Semesterferien &#8211; besser &#8222;vorlesungsfreie Zeit&#8220; genannt &#8211; war f\u00fcr mich immer genug Zeit, einen Monat lang durch Deutschland zu fahren. So auch im Fr\u00fchjahr 1983, und die dabei gemachten Fotos lassen es zu, dies ein bisschen zu rekonstruieren.<\/p>\n\n\n\n<p>Bei wirklich &#8222;gro\u00dfen Touren&#8220; ging es mit dem ersten Zug ab Dortmund los, das war so um 5:30 Uhr. Die R\u00fcckkehr war dann abends nach 22 Uhr, um noch nach Hause zu kommen, denn Sp\u00e4tverkehr bzw. Nachtverkehr existierte bei den Dortmunder Stadtwerken damals nicht. Danach war ich nat\u00fcrlich etwas ersch\u00f6pft, eine solche Tour fand daher nur alle 2 oder 3 Tage statt. Dazwischen gab es Rundfahrten \u00fcber Nebenstrecken in der n\u00e4heren Umgebung.<\/p>\n\n\n\n<p>Fotografiert habe ich sowohl in Farbe und auch in Schwarzweiss. F\u00fcr die Schwarzweissfilme hatte ich mein eigenes Labor, sprich die Waschk\u00fcche, in der ich die Filme selber entwickelte und auch die Abz\u00fcge auf Papier  herstellte. Das war der andere Teil des Hobbys Fotografieren.<\/p>\n\n\n\n<p>Die Negativfilme sind einigermassen gut sortiert und datiert, f\u00fcr die Dias gilt das leider nicht. Die wurden beim Rahmen auseinandergeschnitten und dann geografisch (also nach Stadt und Linienf\u00fchrung) neu sortiert. Von den bislang digitalisierten Dias scheinen aber keine im Fr\u00fchjahr 1983 aufgenommen worden zu sein, es kann sein, das ich in dem Monat ausschliesslich Schwarzweissfilme in der Kamera hatte.<\/p>\n\n\n\n<p>Los ging es offensichtlich Anfang M\u00e4rz, mit den ersten Fotos am 7. M\u00e4rz<\/p>\n\n\n\n<ul class=\"wp-block-list\">\n<li><a href=\"https:\/\/mb2812.de\/?p=14830\" data-type=\"post\" data-id=\"14830\">Montag, 7. M\u00e4rz &#8211; Krefeld und Duisburg<\/a><\/li>\n\n\n\n<li><a href=\"https:\/\/mb2812.de\/?p=14834\" data-type=\"post\" data-id=\"14834\">Dienstag, 8. M\u00e4rz &#8211; Darmstadt<\/a><\/li>\n\n\n\n<li><a href=\"https:\/\/mb2812.de\/?p=14836\" data-type=\"post\" data-id=\"14836\">Donnerstag, 10. M\u00e4rz &#8211; Bremen<\/a><\/li>\n\n\n\n<li><a href=\"https:\/\/mb2812.de\/?p=14854\" data-type=\"post\" data-id=\"14854\">Samstag, 12. M\u00e4rz &#8211; OHE (Osthannoversche Eisenbahnen) in Celle, Hannover<\/a><\/li>\n\n\n\n<li><a href=\"https:\/\/mb2812.de\/?p=14858\" data-type=\"post\" data-id=\"14858\">Dienstag, 15. M\u00e4rz &#8211; K\u00f6ln und Bonn<\/a><\/li>\n\n\n\n<li><a href=\"https:\/\/mb2812.de\/?p=14991\" data-type=\"post\" data-id=\"14991\">Donnerstag, 17. M\u00e4rz &#8211; Z\u00fcrich (Stadt und Forchbahn)<\/a><\/li>\n\n\n\n<li><a href=\"https:\/\/mb2812.de\/?p=14998\" data-type=\"post\" data-id=\"14998\">Freitag, 18. M\u00e4rz &#8211; Z\u00fcrich, Sihltal- und Uetlibergbahn<\/a><\/li>\n\n\n\n<li><a href=\"https:\/\/mb2812.de\/?p=15108\" data-type=\"post\" data-id=\"15108\">Samstag, 19. M\u00e4rz &#8211; Luzern (VHS &#8211; Verkehrshaus der Schweiz)<\/a><\/li>\n\n\n\n<li><a href=\"https:\/\/mb2812.de\/?p=15112\" data-type=\"post\" data-id=\"15112\">Montag, 21. M\u00e4rz &#8211; Freiburg<\/a><\/li>\n\n\n\n<li><a href=\"https:\/\/mb2812.de\/?p=15156\" data-type=\"post\" data-id=\"15156\">Dienstag, 22. M\u00e4rz &#8211; Basel<\/a><\/li>\n\n\n\n<li><a href=\"https:\/\/mb2812.de\/?p=15162\" data-type=\"post\" data-id=\"15162\">&#8222;Ende M\u00e4rz&#8220; &#8211; Wuppertal und Solingen<\/a><\/li>\n\n\n\n<li><a href=\"https:\/\/mb2812.de\/?p=15167\" data-type=\"post\" data-id=\"15167\">Montag, 4. April (Ostermontag) &#8211; Bremen und BOE (Bremerv\u00f6rde-Osterholzer Eisenbahn)<\/a><\/li>\n\n\n\n<li><a href=\"https:\/\/mb2812.de\/?p=15186\" data-type=\"post\" data-id=\"15186\">&#8222;Anfang April&#8220; &#8211; D\u00fcsseldorf<\/a><\/li>\n<\/ul>\n\n\n\n<p><\/p>\n","protected":false},"excerpt":{"rendered":"<p>Das &#8222;TMT&#8220;, d.h. Tramper-Monatst-Ticket, war eine g\u00fcnstige Monatsnetzkarte der Bundesbahn f\u00fcr Jugendliche. Als Student war ich in den 80ern in fast allen Semesterferien damit unterwegs. Hier der Bericht \u00fcber die Tour im Fr\u00fchjahr 1983.<\/p>\n","protected":false},"author":1,"featured_media":0,"comment_status":"closed","ping_status":"closed","sticky":false,"template":"","format":"standard","meta":{"footnotes":""},"categories":[283],"tags":[316,198,485,282],"class_list":["post-14474","post","type-post","status-publish","format-standard","hentry","category-tram","tag-316","tag-bahn","tag-strassenbahn","tag-tram"],"_links":{"self":[{"href":"https:\/\/mb2812.de\/index.php?rest_route=\/wp\/v2\/posts\/14474","targetHints":{"allow":["GET"]}}],"collection":[{"href":"https:\/\/mb2812.de\/index.php?rest_route=\/wp\/v2\/posts"}],"about":[{"href":"https:\/\/mb2812.de\/index.php?rest_route=\/wp\/v2\/types\/post"}],"author":[{"embeddable":true,"href":"https:\/\/mb2812.de\/index.php?rest_route=\/wp\/v2\/users\/1"}],"replies":[{"embeddable":true,"href":"https:\/\/mb2812.de\/index.php?rest_route=%2Fwp%2Fv2%2Fcomments&post=14474"}],"version-history":[{"count":18,"href":"https:\/\/mb2812.de\/index.php?rest_route=\/wp\/v2\/posts\/14474\/revisions"}],"predecessor-version":[{"id":16935,"href":"https:\/\/mb2812.de\/index.php?rest_route=\/wp\/v2\/posts\/14474\/revisions\/16935"}],"wp:attachment":[{"href":"https:\/\/mb2812.de\/index.php?rest_route=%2Fwp%2Fv2%2Fmedia&parent=14474"}],"wp:term":[{"taxonomy":"category","embeddable":true,"href":"https:\/\/mb2812.de\/index.php?rest_route=%2Fwp%2Fv2%2Fcategories&post=14474"},{"taxonomy":"post_tag","embeddable":true,"href":"https:\/\/mb2812.de\/index.php?rest_route=%2Fwp%2Fv2%2Ftags&post=14474"}],"curies":[{"name":"wp","href":"https:\/\/api.w.org\/{rel}","templated":true}]}}