{"id":14292,"date":"2024-07-17T09:00:49","date_gmt":"2024-07-17T07:00:49","guid":{"rendered":"https:\/\/mb2812.de\/?p=14292"},"modified":"2025-06-22T09:19:27","modified_gmt":"2025-06-22T07:19:27","slug":"grindelwald","status":"publish","type":"post","link":"https:\/\/mb2812.de\/?p=14292","title":{"rendered":"Grindelwald"},"content":{"rendered":"\n<p>Einer der Hotspots des internationalen Tourismus in der Schweiz ist Interlaken und die Jungfrauregion. Hier ist es m\u00f6glich, mit nur geringem Aufwand in die Bergwelt und das &#8222;ewige&#8220; Eis zu kommen. Die Jungfraubahn wurde 1912 er\u00f6ffnet und f\u00fchrt auf das Jungfraujoch, auf dem Grat zwischen Jungfrau (4158 Meter) und M\u00f6nch (4110 Meter) gelegen. Mit 3458 Metern ist es der h\u00f6chstgelegene Bahnhof Europas und wird konsequent als &#8222;Top Of Europe&#8220; vermarktet.<\/p>\n\n\n\n<p>In diese Richtung wollen wir heute fahren. Billig ist die Tour zum Jungfraujoch nicht, ab Spiez schl\u00e4gt ein Ticket zum regul\u00e4ren Preis mit ca. 280 Franken zu Buche. Uns geht es auch ums Bahnfahren, und wir haben uns daher f\u00fcr eine &#8222;billige&#8220; Variante entschieden &#8211; Eigergletscher ist f\u00fcr uns Schluss.<\/p>\n\n\n\n<p>Insgesamt vier Bahngesellschaften muss man auf der Strecke benutzen. Ab Spiez bis Interlaken ist es das normalspurige Netz der Schweiz, hier betrieben von der BLS (Bern L\u00f6tschberg Simplon Bahn), aber auch Intercitys der SBB findet man hier. Ab Interlaken geht es schmalspurig weiter, zun\u00e4chst mit der Berner Oberland Bahn, entweder nach Lauterbrunnen oder nach Grindelwald. Dann kommt die Wengernalpbahn, die sowohl von Lauterbrunnen als auch Grindelwald zur Kleinen Scheidegg f\u00e4hrt. Dort beginnt dann die Jungfraubahn, 9,34 Kilometer sind es noch bis zum Jungfaujoch. F\u00fcr den schnellen Touristen gibt es neuerdings die M\u00f6glichkeit, ab Grindelwald mit der &#8222;Eiger Express&#8220; Seilbahn statt der Zahnradbahn nach Eigergletscher zu fahren.<\/p>\n\n\n\n<p>Wir fahren nat\u00fcrlich nur mit der Bahn, hin  \u00fcber Lauterbrunnen, zur\u00fcck \u00fcber Grindelwald.<\/p>\n\n\n\n<figure class=\"wp-block-image aligncenter size-full is-resized\"><a href=\"https:\/\/mb2812.de\/wp-content\/uploads\/2024\/07\/IMG_6833-1.jpg\"><img loading=\"lazy\" decoding=\"async\" width=\"1920\" height=\"1536\" src=\"https:\/\/mb2812.de\/wp-content\/uploads\/2024\/07\/IMG_6833-1.jpg\" alt=\"\" class=\"wp-image-17470\" style=\"width:800px\" srcset=\"https:\/\/mb2812.de\/wp-content\/uploads\/2024\/07\/IMG_6833-1.jpg 1920w, https:\/\/mb2812.de\/wp-content\/uploads\/2024\/07\/IMG_6833-1-300x240.jpg 300w, https:\/\/mb2812.de\/wp-content\/uploads\/2024\/07\/IMG_6833-1-1024x819.jpg 1024w, https:\/\/mb2812.de\/wp-content\/uploads\/2024\/07\/IMG_6833-1-768x614.jpg 768w, https:\/\/mb2812.de\/wp-content\/uploads\/2024\/07\/IMG_6833-1-1536x1229.jpg 1536w\" sizes=\"auto, (max-width: 1920px) 100vw, 1920px\" \/><\/a><figcaption class=\"wp-element-caption\"><em>Auf dem Bahnsteig in Spiez eines der vielen Werbeplakate f\u00fcrs Jungfraujoch, dahinter ein Intercity der SBB<\/em><\/figcaption><\/figure>\n\n\n\n<!--more-->\n\n\n\n<figure class=\"wp-block-image aligncenter size-full is-resized\"><a href=\"https:\/\/mb2812.de\/wp-content\/uploads\/2024\/08\/IMG_6782.jpg\" target=\"_blank\" rel=\" noreferrer noopener\"><img loading=\"lazy\" decoding=\"async\" width=\"1920\" height=\"1536\" src=\"https:\/\/mb2812.de\/wp-content\/uploads\/2024\/08\/IMG_6782.jpg\" alt=\"\" class=\"wp-image-14301\" style=\"width:800px\" srcset=\"https:\/\/mb2812.de\/wp-content\/uploads\/2024\/08\/IMG_6782.jpg 1920w, https:\/\/mb2812.de\/wp-content\/uploads\/2024\/08\/IMG_6782-300x240.jpg 300w, https:\/\/mb2812.de\/wp-content\/uploads\/2024\/08\/IMG_6782-1024x819.jpg 1024w, https:\/\/mb2812.de\/wp-content\/uploads\/2024\/08\/IMG_6782-768x614.jpg 768w, https:\/\/mb2812.de\/wp-content\/uploads\/2024\/08\/IMG_6782-1536x1229.jpg 1536w, https:\/\/mb2812.de\/wp-content\/uploads\/2024\/08\/IMG_6782-668x534.jpg 668w\" sizes=\"auto, (max-width: 1920px) 100vw, 1920px\" \/><\/a><figcaption class=\"wp-element-caption\"><em>Die Fahrt beginnt mit einem &#8222;S-Bahn Mika&#8220; der BLS f\u00fcr die erste Etappe bis Interlaken<\/em><\/figcaption><\/figure>\n\n\n\n<p>Der Taktfahrplan mit kurzen Umsteigezeiten sorgt daf\u00fcr, das wir schnell vorankommen und zum Fotografieren keine Zeit haben. <\/p>\n\n\n\n<p>Auf der Kleinen Scheidegg m\u00fcssen wir dann allerdings etwas warten, bis wir mit der Jungfraubahn die letzte Haltestelle fahren k\u00f6nnen. Hier werden die wartenden Fahrg\u00e4ste genau sortiert: zum Jungfraujoch mit Reservierung, zum Jungfraujoch ohne Reservierung und zum Eigergletscher. F\u00fcr letztere gibt es einen ziemlich leeren Wagen, der wird in Eigergletscher mit den Umsteigern von der Seilbahn gef\u00fcllt.<\/p>\n\n\n\n<figure class=\"wp-block-image aligncenter size-full is-resized\"><a href=\"https:\/\/mb2812.de\/wp-content\/uploads\/2024\/08\/IMG_8790.jpg\" target=\"_blank\" rel=\"noopener\"><img loading=\"lazy\" decoding=\"async\" width=\"1440\" height=\"1920\" src=\"https:\/\/mb2812.de\/wp-content\/uploads\/2024\/08\/IMG_8790.jpg\" alt=\"\" class=\"wp-image-14304\" style=\"width:600px\" srcset=\"https:\/\/mb2812.de\/wp-content\/uploads\/2024\/08\/IMG_8790.jpg 1440w, https:\/\/mb2812.de\/wp-content\/uploads\/2024\/08\/IMG_8790-225x300.jpg 225w, https:\/\/mb2812.de\/wp-content\/uploads\/2024\/08\/IMG_8790-768x1024.jpg 768w, https:\/\/mb2812.de\/wp-content\/uploads\/2024\/08\/IMG_8790-1152x1536.jpg 1152w, https:\/\/mb2812.de\/wp-content\/uploads\/2024\/08\/IMG_8790-668x891.jpg 668w\" sizes=\"auto, (max-width: 1440px) 100vw, 1440px\" \/><\/a><figcaption class=\"wp-element-caption\"><em>Innen im Triebwagen der Jungfraubahn<\/em><\/figcaption><\/figure>\n\n\n\n<p>Die Station Eigergletscher wurde wohl mit Inbetriebnahme der Seilbahn komplett modernisiert und hat Flughafen Atmosph\u00e4re. Wir schauen uns um und trinken erstmal einen Kaffee, befor wir die R\u00fcckreise beginnen, den ersten Kilometer auf unseren eigenen Sohlen.<\/p>\n\n\n\n<figure class=\"wp-block-image aligncenter size-full is-resized\"><a href=\"https:\/\/mb2812.de\/wp-content\/uploads\/2024\/08\/IMG_8798-1908.jpg\" target=\"_blank\" rel=\" noreferrer noopener\"><img loading=\"lazy\" decoding=\"async\" width=\"1920\" height=\"1536\" src=\"https:\/\/mb2812.de\/wp-content\/uploads\/2024\/08\/IMG_8798-1908.jpg\" alt=\"\" class=\"wp-image-14306\" style=\"width:800px\" srcset=\"https:\/\/mb2812.de\/wp-content\/uploads\/2024\/08\/IMG_8798-1908.jpg 1920w, https:\/\/mb2812.de\/wp-content\/uploads\/2024\/08\/IMG_8798-1908-300x240.jpg 300w, https:\/\/mb2812.de\/wp-content\/uploads\/2024\/08\/IMG_8798-1908-1024x819.jpg 1024w, https:\/\/mb2812.de\/wp-content\/uploads\/2024\/08\/IMG_8798-1908-768x614.jpg 768w, https:\/\/mb2812.de\/wp-content\/uploads\/2024\/08\/IMG_8798-1908-1536x1229.jpg 1536w, https:\/\/mb2812.de\/wp-content\/uploads\/2024\/08\/IMG_8798-1908-668x534.jpg 668w\" sizes=\"auto, (max-width: 1920px) 100vw, 1920px\" \/><\/a><figcaption class=\"wp-element-caption\"><em>Flughafenatmosph\u00e4re im Hochgebirge &#8211; die Station Eigergletscher<\/em><\/figcaption><\/figure>\n\n\n\n<figure class=\"wp-block-image aligncenter size-full is-resized\"><a href=\"https:\/\/mb2812.de\/wp-content\/uploads\/2024\/08\/IMG_8797-1907.jpg\" target=\"_blank\" rel=\" noreferrer noopener\"><img loading=\"lazy\" decoding=\"async\" width=\"1920\" height=\"1536\" src=\"https:\/\/mb2812.de\/wp-content\/uploads\/2024\/08\/IMG_8797-1907.jpg\" alt=\"\" class=\"wp-image-14305\" style=\"width:800px\" srcset=\"https:\/\/mb2812.de\/wp-content\/uploads\/2024\/08\/IMG_8797-1907.jpg 1920w, https:\/\/mb2812.de\/wp-content\/uploads\/2024\/08\/IMG_8797-1907-300x240.jpg 300w, https:\/\/mb2812.de\/wp-content\/uploads\/2024\/08\/IMG_8797-1907-1024x819.jpg 1024w, https:\/\/mb2812.de\/wp-content\/uploads\/2024\/08\/IMG_8797-1907-768x614.jpg 768w, https:\/\/mb2812.de\/wp-content\/uploads\/2024\/08\/IMG_8797-1907-1536x1229.jpg 1536w, https:\/\/mb2812.de\/wp-content\/uploads\/2024\/08\/IMG_8797-1907-668x534.jpg 668w\" sizes=\"auto, (max-width: 1920px) 100vw, 1920px\" \/><\/a><figcaption class=\"wp-element-caption\"><em>Wir trauen uns vor die T\u00fcr und fotografieren zwei Z\u00fcge, die sich hier begegnen<\/em><\/figcaption><\/figure>\n\n\n\n<figure class=\"wp-block-image aligncenter size-full is-resized\"><a href=\"https:\/\/mb2812.de\/wp-content\/uploads\/2024\/07\/IMG_8800.jpg\" target=\"_blank\" rel=\" noreferrer noopener\"><img loading=\"lazy\" decoding=\"async\" width=\"1920\" height=\"1536\" src=\"https:\/\/mb2812.de\/wp-content\/uploads\/2024\/07\/IMG_8800.jpg\" alt=\"\" class=\"wp-image-14322\" style=\"width:800px\" srcset=\"https:\/\/mb2812.de\/wp-content\/uploads\/2024\/07\/IMG_8800.jpg 1920w, https:\/\/mb2812.de\/wp-content\/uploads\/2024\/07\/IMG_8800-300x240.jpg 300w, https:\/\/mb2812.de\/wp-content\/uploads\/2024\/07\/IMG_8800-1024x819.jpg 1024w, https:\/\/mb2812.de\/wp-content\/uploads\/2024\/07\/IMG_8800-768x614.jpg 768w, https:\/\/mb2812.de\/wp-content\/uploads\/2024\/07\/IMG_8800-1536x1229.jpg 1536w, https:\/\/mb2812.de\/wp-content\/uploads\/2024\/07\/IMG_8800-668x534.jpg 668w\" sizes=\"auto, (max-width: 1920px) 100vw, 1920px\" \/><\/a><figcaption class=\"wp-element-caption\"><em>2320 Meter, das war der H\u00f6hepunkt unseres Urlaubs. Ab hier geht es jetzt bergab<\/em><\/figcaption><\/figure>\n\n\n\n<figure class=\"wp-block-image aligncenter size-full is-resized\"><a href=\"https:\/\/mb2812.de\/wp-content\/uploads\/2024\/08\/IMG_8803.jpg\" target=\"_blank\" rel=\"noopener\"><img loading=\"lazy\" decoding=\"async\" width=\"1440\" height=\"1920\" src=\"https:\/\/mb2812.de\/wp-content\/uploads\/2024\/08\/IMG_8803.jpg\" alt=\"\" class=\"wp-image-14307\" style=\"width:600px\" srcset=\"https:\/\/mb2812.de\/wp-content\/uploads\/2024\/08\/IMG_8803.jpg 1440w, https:\/\/mb2812.de\/wp-content\/uploads\/2024\/08\/IMG_8803-225x300.jpg 225w, https:\/\/mb2812.de\/wp-content\/uploads\/2024\/08\/IMG_8803-768x1024.jpg 768w, https:\/\/mb2812.de\/wp-content\/uploads\/2024\/08\/IMG_8803-1152x1536.jpg 1152w, https:\/\/mb2812.de\/wp-content\/uploads\/2024\/08\/IMG_8803-668x891.jpg 668w\" sizes=\"auto, (max-width: 1440px) 100vw, 1440px\" \/><\/a><figcaption class=\"wp-element-caption\"><em>Viel kann man nicht zum Wetter sagen,au\u00dfer das wir es gerne anders gehabt h\u00e4tten<\/em><\/figcaption><\/figure>\n\n\n\n<figure class=\"wp-block-image aligncenter size-full is-resized\"><a href=\"https:\/\/mb2812.de\/wp-content\/uploads\/2024\/08\/IMG_8804.jpg\" target=\"_blank\" rel=\" noreferrer noopener\"><img loading=\"lazy\" decoding=\"async\" width=\"1920\" height=\"1536\" src=\"https:\/\/mb2812.de\/wp-content\/uploads\/2024\/08\/IMG_8804.jpg\" alt=\"\" class=\"wp-image-14308\" style=\"width:800px\" srcset=\"https:\/\/mb2812.de\/wp-content\/uploads\/2024\/08\/IMG_8804.jpg 1920w, https:\/\/mb2812.de\/wp-content\/uploads\/2024\/08\/IMG_8804-300x240.jpg 300w, https:\/\/mb2812.de\/wp-content\/uploads\/2024\/08\/IMG_8804-1024x819.jpg 1024w, https:\/\/mb2812.de\/wp-content\/uploads\/2024\/08\/IMG_8804-768x614.jpg 768w, https:\/\/mb2812.de\/wp-content\/uploads\/2024\/08\/IMG_8804-1536x1229.jpg 1536w, https:\/\/mb2812.de\/wp-content\/uploads\/2024\/08\/IMG_8804-668x534.jpg 668w\" sizes=\"auto, (max-width: 1920px) 100vw, 1920px\" \/><\/a><figcaption class=\"wp-element-caption\"><em>Da laufe ich den Berg herunter. In dem Nebel sieht man gerade mal die n\u00e4chsten 100 Meter des Weges und hat tats\u00e4chlich Schwierigkeiten, sich zu orientieren<\/em><\/figcaption><\/figure>\n\n\n\n<figure class=\"wp-block-image aligncenter size-full is-resized\"><a href=\"https:\/\/mb2812.de\/wp-content\/uploads\/2024\/08\/IMG_8807.jpg\" target=\"_blank\" rel=\" noreferrer noopener\"><img loading=\"lazy\" decoding=\"async\" width=\"1920\" height=\"1536\" src=\"https:\/\/mb2812.de\/wp-content\/uploads\/2024\/08\/IMG_8807.jpg\" alt=\"\" class=\"wp-image-14309\" style=\"width:800px\" srcset=\"https:\/\/mb2812.de\/wp-content\/uploads\/2024\/08\/IMG_8807.jpg 1920w, https:\/\/mb2812.de\/wp-content\/uploads\/2024\/08\/IMG_8807-300x240.jpg 300w, https:\/\/mb2812.de\/wp-content\/uploads\/2024\/08\/IMG_8807-1024x819.jpg 1024w, https:\/\/mb2812.de\/wp-content\/uploads\/2024\/08\/IMG_8807-768x614.jpg 768w, https:\/\/mb2812.de\/wp-content\/uploads\/2024\/08\/IMG_8807-1536x1229.jpg 1536w, https:\/\/mb2812.de\/wp-content\/uploads\/2024\/08\/IMG_8807-668x534.jpg 668w\" sizes=\"auto, (max-width: 1920px) 100vw, 1920px\" \/><\/a><figcaption class=\"wp-element-caption\"><em>Den 2,1 km langen &#8222;Jungfrau EIger Walk&#8220; laufen wir lang zur Station Kleine Scheidegg. Mit &#8222;Highlight ist die hochalpine Umgebung mit dem einzigartigen Ausblick auf die Fels- und Eismassen von Eiger, M\u00f6nch und Jungfrau, die hier zum Greifen nahe zu liegen scheinen&#8220;, wird er von den Jungfraubahnen angepriesen. Heute gibt es nichts zu zu Erblicken.<\/em><\/figcaption><\/figure>\n\n\n\n<p>Der Weg f\u00fchrt dann zur alten &nbsp;alten Mittellegi-Bergh\u00fctte, die sich fr\u00fcher am Nordostgrat des Eigers befand:<\/p>\n\n\n\n<figure class=\"wp-block-image aligncenter size-full is-resized\"><a href=\"https:\/\/mb2812.de\/wp-content\/uploads\/2024\/08\/IMG_8813.jpg\" target=\"_blank\" rel=\"noopener\"><img loading=\"lazy\" decoding=\"async\" width=\"1440\" height=\"1920\" src=\"https:\/\/mb2812.de\/wp-content\/uploads\/2024\/08\/IMG_8813.jpg\" alt=\"\" class=\"wp-image-14310\" style=\"width:600px\" srcset=\"https:\/\/mb2812.de\/wp-content\/uploads\/2024\/08\/IMG_8813.jpg 1440w, https:\/\/mb2812.de\/wp-content\/uploads\/2024\/08\/IMG_8813-225x300.jpg 225w, https:\/\/mb2812.de\/wp-content\/uploads\/2024\/08\/IMG_8813-768x1024.jpg 768w, https:\/\/mb2812.de\/wp-content\/uploads\/2024\/08\/IMG_8813-1152x1536.jpg 1152w, https:\/\/mb2812.de\/wp-content\/uploads\/2024\/08\/IMG_8813-668x891.jpg 668w\" sizes=\"auto, (max-width: 1440px) 100vw, 1440px\" \/><\/a><\/figure>\n\n\n\n<p><\/p>\n\n\n\n<figure class=\"wp-block-image aligncenter size-full is-resized\"><a href=\"https:\/\/mb2812.de\/wp-content\/uploads\/2024\/08\/DSC01390-ARW.jpg\" target=\"_blank\" rel=\" noreferrer noopener\"><img loading=\"lazy\" decoding=\"async\" width=\"1920\" height=\"1536\" src=\"https:\/\/mb2812.de\/wp-content\/uploads\/2024\/08\/DSC01390-ARW.jpg\" alt=\"\" class=\"wp-image-14293\" style=\"width:800px\" srcset=\"https:\/\/mb2812.de\/wp-content\/uploads\/2024\/08\/DSC01390-ARW.jpg 1920w, https:\/\/mb2812.de\/wp-content\/uploads\/2024\/08\/DSC01390-ARW-300x240.jpg 300w, https:\/\/mb2812.de\/wp-content\/uploads\/2024\/08\/DSC01390-ARW-1024x819.jpg 1024w, https:\/\/mb2812.de\/wp-content\/uploads\/2024\/08\/DSC01390-ARW-768x614.jpg 768w, https:\/\/mb2812.de\/wp-content\/uploads\/2024\/08\/DSC01390-ARW-1536x1229.jpg 1536w, https:\/\/mb2812.de\/wp-content\/uploads\/2024\/08\/DSC01390-ARW-668x534.jpg 668w\" sizes=\"auto, (max-width: 1920px) 100vw, 1920px\" \/><\/a><\/figure>\n\n\n\n<p><\/p>\n\n\n\n<figure class=\"wp-block-image aligncenter size-full is-resized\"><a href=\"https:\/\/mb2812.de\/wp-content\/uploads\/2024\/08\/DSC01392-ARW.jpg\" target=\"_blank\" rel=\" noreferrer noopener\"><img loading=\"lazy\" decoding=\"async\" width=\"1920\" height=\"1536\" src=\"https:\/\/mb2812.de\/wp-content\/uploads\/2024\/08\/DSC01392-ARW.jpg\" alt=\"\" class=\"wp-image-14294\" style=\"width:800px\" srcset=\"https:\/\/mb2812.de\/wp-content\/uploads\/2024\/08\/DSC01392-ARW.jpg 1920w, https:\/\/mb2812.de\/wp-content\/uploads\/2024\/08\/DSC01392-ARW-300x240.jpg 300w, https:\/\/mb2812.de\/wp-content\/uploads\/2024\/08\/DSC01392-ARW-1024x819.jpg 1024w, https:\/\/mb2812.de\/wp-content\/uploads\/2024\/08\/DSC01392-ARW-768x614.jpg 768w, https:\/\/mb2812.de\/wp-content\/uploads\/2024\/08\/DSC01392-ARW-1536x1229.jpg 1536w, https:\/\/mb2812.de\/wp-content\/uploads\/2024\/08\/DSC01392-ARW-668x534.jpg 668w\" sizes=\"auto, (max-width: 1920px) 100vw, 1920px\" \/><\/a><figcaption class=\"wp-element-caption\"><em>Ein paar L\u00f6cher in den Wolken lassen etwas Sicht auf die umgebenden Berge zu<\/em><\/figcaption><\/figure>\n\n\n\n<p><\/p>\n\n\n\n<figure class=\"wp-block-image aligncenter size-full is-resized\"><a href=\"https:\/\/mb2812.de\/wp-content\/uploads\/2024\/08\/IMG_8823.jpg\" target=\"_blank\" rel=\" noreferrer noopener\"><img loading=\"lazy\" decoding=\"async\" width=\"1920\" height=\"1536\" src=\"https:\/\/mb2812.de\/wp-content\/uploads\/2024\/08\/IMG_8823.jpg\" alt=\"\" class=\"wp-image-14311\" style=\"width:800px\" srcset=\"https:\/\/mb2812.de\/wp-content\/uploads\/2024\/08\/IMG_8823.jpg 1920w, https:\/\/mb2812.de\/wp-content\/uploads\/2024\/08\/IMG_8823-300x240.jpg 300w, https:\/\/mb2812.de\/wp-content\/uploads\/2024\/08\/IMG_8823-1024x819.jpg 1024w, https:\/\/mb2812.de\/wp-content\/uploads\/2024\/08\/IMG_8823-768x614.jpg 768w, https:\/\/mb2812.de\/wp-content\/uploads\/2024\/08\/IMG_8823-1536x1229.jpg 1536w, https:\/\/mb2812.de\/wp-content\/uploads\/2024\/08\/IMG_8823-668x534.jpg 668w\" sizes=\"auto, (max-width: 1920px) 100vw, 1920px\" \/><\/a><\/figure>\n\n\n\n<p><\/p>\n\n\n\n<figure class=\"wp-block-image aligncenter size-full is-resized\"><a href=\"https:\/\/mb2812.de\/wp-content\/uploads\/2024\/08\/IMG_8852.jpg\" target=\"_blank\" rel=\" noreferrer noopener\"><img loading=\"lazy\" decoding=\"async\" width=\"1920\" height=\"1536\" src=\"https:\/\/mb2812.de\/wp-content\/uploads\/2024\/08\/IMG_8852.jpg\" alt=\"\" class=\"wp-image-14312\" style=\"width:800px\" srcset=\"https:\/\/mb2812.de\/wp-content\/uploads\/2024\/08\/IMG_8852.jpg 1920w, https:\/\/mb2812.de\/wp-content\/uploads\/2024\/08\/IMG_8852-300x240.jpg 300w, https:\/\/mb2812.de\/wp-content\/uploads\/2024\/08\/IMG_8852-1024x819.jpg 1024w, https:\/\/mb2812.de\/wp-content\/uploads\/2024\/08\/IMG_8852-768x614.jpg 768w, https:\/\/mb2812.de\/wp-content\/uploads\/2024\/08\/IMG_8852-1536x1229.jpg 1536w, https:\/\/mb2812.de\/wp-content\/uploads\/2024\/08\/IMG_8852-668x534.jpg 668w\" sizes=\"auto, (max-width: 1920px) 100vw, 1920px\" \/><\/a><figcaption class=\"wp-element-caption\"><em>Vorbei f\u00fchrt der Weg am k\u00fcnstlich angelegten Fallbodensee. Er dient als Wasserreservoir f\u00fcr die Beschneiung der Skipisten.&nbsp;<\/em><\/figcaption><\/figure>\n\n\n\n<figure class=\"wp-block-image aligncenter is-resized\"><a href=\"https:\/\/mb2812.de\/wp-content\/uploads\/2024\/08\/DSC01403.jpg\" target=\"_blank\" rel=\" noreferrer noopener\"><img loading=\"lazy\" decoding=\"async\" width=\"1024\" height=\"819\" src=\"https:\/\/mb2812.de\/wp-content\/uploads\/2024\/08\/DSC01403-1024x819.jpg\" alt=\"\" class=\"wp-image-14296\" style=\"width:800px\" srcset=\"https:\/\/mb2812.de\/wp-content\/uploads\/2024\/08\/DSC01403-1024x819.jpg 1024w, https:\/\/mb2812.de\/wp-content\/uploads\/2024\/08\/DSC01403-300x240.jpg 300w, https:\/\/mb2812.de\/wp-content\/uploads\/2024\/08\/DSC01403-768x614.jpg 768w, https:\/\/mb2812.de\/wp-content\/uploads\/2024\/08\/DSC01403-1536x1229.jpg 1536w, https:\/\/mb2812.de\/wp-content\/uploads\/2024\/08\/DSC01403-668x534.jpg 668w, https:\/\/mb2812.de\/wp-content\/uploads\/2024\/08\/DSC01403.jpg 1920w\" sizes=\"auto, (max-width: 1024px) 100vw, 1024px\" \/><\/a><figcaption class=\"wp-element-caption\"><em>Nochmal etwas Aussicht in Richtung M\u00fcrren<\/em><\/figcaption><\/figure>\n\n\n\n<figure class=\"wp-block-image aligncenter size-full is-resized\"><a href=\"https:\/\/mb2812.de\/wp-content\/uploads\/2024\/08\/DSC01401-ARW.jpg\" target=\"_blank\" rel=\" noreferrer noopener\"><img loading=\"lazy\" decoding=\"async\" width=\"1920\" height=\"1536\" src=\"https:\/\/mb2812.de\/wp-content\/uploads\/2024\/08\/DSC01401-ARW.jpg\" alt=\"\" class=\"wp-image-14295\" style=\"width:800px\" srcset=\"https:\/\/mb2812.de\/wp-content\/uploads\/2024\/08\/DSC01401-ARW.jpg 1920w, https:\/\/mb2812.de\/wp-content\/uploads\/2024\/08\/DSC01401-ARW-300x240.jpg 300w, https:\/\/mb2812.de\/wp-content\/uploads\/2024\/08\/DSC01401-ARW-1024x819.jpg 1024w, https:\/\/mb2812.de\/wp-content\/uploads\/2024\/08\/DSC01401-ARW-768x614.jpg 768w, https:\/\/mb2812.de\/wp-content\/uploads\/2024\/08\/DSC01401-ARW-1536x1229.jpg 1536w, https:\/\/mb2812.de\/wp-content\/uploads\/2024\/08\/DSC01401-ARW-668x534.jpg 668w\" sizes=\"auto, (max-width: 1920px) 100vw, 1920px\" \/><\/a><figcaption class=\"wp-element-caption\"><em>Und das ist der Blick in Richtung Grindelwald, vorne die Strecke der Wengernalpbahn<\/em><\/figcaption><\/figure>\n\n\n\n<figure class=\"wp-block-image aligncenter size-full is-resized\"><a href=\"https:\/\/mb2812.de\/wp-content\/uploads\/2024\/08\/DSC01404-ARW.jpg\" target=\"_blank\" rel=\"noopener\"><img loading=\"lazy\" decoding=\"async\" width=\"1440\" height=\"1920\" src=\"https:\/\/mb2812.de\/wp-content\/uploads\/2024\/08\/DSC01404-ARW.jpg\" alt=\"\" class=\"wp-image-14297\" style=\"width:600px\" srcset=\"https:\/\/mb2812.de\/wp-content\/uploads\/2024\/08\/DSC01404-ARW.jpg 1440w, https:\/\/mb2812.de\/wp-content\/uploads\/2024\/08\/DSC01404-ARW-225x300.jpg 225w, https:\/\/mb2812.de\/wp-content\/uploads\/2024\/08\/DSC01404-ARW-768x1024.jpg 768w, https:\/\/mb2812.de\/wp-content\/uploads\/2024\/08\/DSC01404-ARW-1152x1536.jpg 1152w, https:\/\/mb2812.de\/wp-content\/uploads\/2024\/08\/DSC01404-ARW-668x891.jpg 668w\" sizes=\"auto, (max-width: 1440px) 100vw, 1440px\" \/><\/a><figcaption class=\"wp-element-caption\"><em>Und das die Verkehrsdrehscheibe der Junfrauregion, die Station Kleine Scheidegg<\/em><\/figcaption><\/figure>\n\n\n\n<figure class=\"wp-block-image aligncenter size-full is-resized\"><a href=\"https:\/\/mb2812.de\/wp-content\/uploads\/2024\/07\/DSC01410-ARW.jpg\" target=\"_blank\" rel=\" noreferrer noopener\"><img loading=\"lazy\" decoding=\"async\" width=\"1920\" height=\"1536\" src=\"https:\/\/mb2812.de\/wp-content\/uploads\/2024\/07\/DSC01410-ARW.jpg\" alt=\"\" class=\"wp-image-14319\" style=\"width:800px\" srcset=\"https:\/\/mb2812.de\/wp-content\/uploads\/2024\/07\/DSC01410-ARW.jpg 1920w, https:\/\/mb2812.de\/wp-content\/uploads\/2024\/07\/DSC01410-ARW-300x240.jpg 300w, https:\/\/mb2812.de\/wp-content\/uploads\/2024\/07\/DSC01410-ARW-1024x819.jpg 1024w, https:\/\/mb2812.de\/wp-content\/uploads\/2024\/07\/DSC01410-ARW-768x614.jpg 768w, https:\/\/mb2812.de\/wp-content\/uploads\/2024\/07\/DSC01410-ARW-1536x1229.jpg 1536w, https:\/\/mb2812.de\/wp-content\/uploads\/2024\/07\/DSC01410-ARW-668x534.jpg 668w\" sizes=\"auto, (max-width: 1920px) 100vw, 1920px\" \/><\/a><figcaption class=\"wp-element-caption\"><em>Damit waren wir aus dem Tal angekommen: Ein Zug der Wengernalpbahn von Lauterbrunnen<\/em><\/figcaption><\/figure>\n\n\n\n<figure class=\"wp-block-image aligncenter size-full is-resized\"><a href=\"https:\/\/mb2812.de\/wp-content\/uploads\/2024\/08\/DSC01408-ARW-1917.jpg\" target=\"_blank\" rel=\" noreferrer noopener\"><img loading=\"lazy\" decoding=\"async\" width=\"1920\" height=\"1474\" src=\"https:\/\/mb2812.de\/wp-content\/uploads\/2024\/08\/DSC01408-ARW-1917.jpg\" alt=\"\" class=\"wp-image-14298\" style=\"width:800px\" srcset=\"https:\/\/mb2812.de\/wp-content\/uploads\/2024\/08\/DSC01408-ARW-1917.jpg 1920w, https:\/\/mb2812.de\/wp-content\/uploads\/2024\/08\/DSC01408-ARW-1917-300x230.jpg 300w, https:\/\/mb2812.de\/wp-content\/uploads\/2024\/08\/DSC01408-ARW-1917-1024x786.jpg 1024w, https:\/\/mb2812.de\/wp-content\/uploads\/2024\/08\/DSC01408-ARW-1917-768x590.jpg 768w, https:\/\/mb2812.de\/wp-content\/uploads\/2024\/08\/DSC01408-ARW-1917-1536x1179.jpg 1536w, https:\/\/mb2812.de\/wp-content\/uploads\/2024\/08\/DSC01408-ARW-1917-668x513.jpg 668w\" sizes=\"auto, (max-width: 1920px) 100vw, 1920px\" \/><\/a><figcaption class=\"wp-element-caption\"><em>Und hier ein Zug der Jungfraubahn kurz nach Verlassen der Station <\/em><\/figcaption><\/figure>\n\n\n\n<figure class=\"wp-block-image aligncenter size-full is-resized\"><a href=\"https:\/\/mb2812.de\/wp-content\/uploads\/2024\/08\/IMG_8863-1912.jpg\" target=\"_blank\" rel=\" noreferrer noopener\"><img loading=\"lazy\" decoding=\"async\" width=\"1920\" height=\"1536\" src=\"https:\/\/mb2812.de\/wp-content\/uploads\/2024\/08\/IMG_8863-1912.jpg\" alt=\"\" class=\"wp-image-14313\" style=\"width:800px\" srcset=\"https:\/\/mb2812.de\/wp-content\/uploads\/2024\/08\/IMG_8863-1912.jpg 1920w, https:\/\/mb2812.de\/wp-content\/uploads\/2024\/08\/IMG_8863-1912-300x240.jpg 300w, https:\/\/mb2812.de\/wp-content\/uploads\/2024\/08\/IMG_8863-1912-1024x819.jpg 1024w, https:\/\/mb2812.de\/wp-content\/uploads\/2024\/08\/IMG_8863-1912-768x614.jpg 768w, https:\/\/mb2812.de\/wp-content\/uploads\/2024\/08\/IMG_8863-1912-1536x1229.jpg 1536w, https:\/\/mb2812.de\/wp-content\/uploads\/2024\/08\/IMG_8863-1912-668x534.jpg 668w\" sizes=\"auto, (max-width: 1920px) 100vw, 1920px\" \/><\/a><figcaption class=\"wp-element-caption\"><em>Das Hotel Bellevue Des Alps aus dem Jahr<\/em><em> 1840<\/em><\/figcaption><\/figure>\n\n\n\n<p>Und dann fahren wir auch schon mit der Bahn nach Grindelwald herunter. Das ist ein weiteres Zentrum des Tourismus hier im Jungfraugebiet, entsprechend gesch\u00e4ftig geht es zu. Wir fahren nicht sofort weiter, sondern wollen Pause machen und laufen einmal die Hauptstra\u00dfe entlang.<\/p>\n\n\n\n<figure class=\"wp-block-image aligncenter size-full is-resized\"><a href=\"https:\/\/mb2812.de\/wp-content\/uploads\/2024\/08\/IMG_6794-1913.jpg\" target=\"_blank\" rel=\"noopener\"><img loading=\"lazy\" decoding=\"async\" width=\"1440\" height=\"1920\" src=\"https:\/\/mb2812.de\/wp-content\/uploads\/2024\/08\/IMG_6794-1913.jpg\" alt=\"\" class=\"wp-image-14302\" style=\"width:600px\" srcset=\"https:\/\/mb2812.de\/wp-content\/uploads\/2024\/08\/IMG_6794-1913.jpg 1440w, https:\/\/mb2812.de\/wp-content\/uploads\/2024\/08\/IMG_6794-1913-225x300.jpg 225w, https:\/\/mb2812.de\/wp-content\/uploads\/2024\/08\/IMG_6794-1913-768x1024.jpg 768w, https:\/\/mb2812.de\/wp-content\/uploads\/2024\/08\/IMG_6794-1913-1152x1536.jpg 1152w, https:\/\/mb2812.de\/wp-content\/uploads\/2024\/08\/IMG_6794-1913-668x891.jpg 668w\" sizes=\"auto, (max-width: 1440px) 100vw, 1440px\" \/><\/a><\/figure>\n\n\n\n<p><\/p>\n\n\n\n<figure class=\"wp-block-image aligncenter size-full is-resized\"><a href=\"https:\/\/mb2812.de\/wp-content\/uploads\/2024\/08\/DSC01418-ARW.jpg\" target=\"_blank\" rel=\"noopener\"><img loading=\"lazy\" decoding=\"async\" width=\"1280\" height=\"1920\" src=\"https:\/\/mb2812.de\/wp-content\/uploads\/2024\/08\/DSC01418-ARW.jpg\" alt=\"\" class=\"wp-image-14300\" style=\"width:535px\" srcset=\"https:\/\/mb2812.de\/wp-content\/uploads\/2024\/08\/DSC01418-ARW.jpg 1280w, https:\/\/mb2812.de\/wp-content\/uploads\/2024\/08\/DSC01418-ARW-200x300.jpg 200w, https:\/\/mb2812.de\/wp-content\/uploads\/2024\/08\/DSC01418-ARW-683x1024.jpg 683w, https:\/\/mb2812.de\/wp-content\/uploads\/2024\/08\/DSC01418-ARW-768x1152.jpg 768w, https:\/\/mb2812.de\/wp-content\/uploads\/2024\/08\/DSC01418-ARW-1024x1536.jpg 1024w, https:\/\/mb2812.de\/wp-content\/uploads\/2024\/08\/DSC01418-ARW-668x1002.jpg 668w\" sizes=\"auto, (max-width: 1280px) 100vw, 1280px\" \/><\/a><\/figure>\n\n\n\n<p><\/p>\n\n\n\n<figure class=\"wp-block-image aligncenter size-full is-resized\"><a href=\"https:\/\/mb2812.de\/wp-content\/uploads\/2024\/07\/tempImageUc88g8.heic\" target=\"_blank\" rel=\" noreferrer noopener\"><img decoding=\"async\" src=\"https:\/\/mb2812.de\/wp-content\/uploads\/2024\/07\/tempImageUc88g8.heic\" alt=\"\" class=\"wp-image-14947\" style=\"width:600px\"\/><\/a><\/figure>\n\n\n\n<p><\/p>\n\n\n\n<figure class=\"wp-block-image aligncenter size-full is-resized\"><a href=\"https:\/\/mb2812.de\/wp-content\/uploads\/2024\/08\/IMG_6798.jpg\" target=\"_blank\" rel=\" noreferrer noopener\"><img loading=\"lazy\" decoding=\"async\" width=\"1920\" height=\"1536\" src=\"https:\/\/mb2812.de\/wp-content\/uploads\/2024\/08\/IMG_6798.jpg\" alt=\"\" class=\"wp-image-14303\" style=\"width:800px\" srcset=\"https:\/\/mb2812.de\/wp-content\/uploads\/2024\/08\/IMG_6798.jpg 1920w, https:\/\/mb2812.de\/wp-content\/uploads\/2024\/08\/IMG_6798-300x240.jpg 300w, https:\/\/mb2812.de\/wp-content\/uploads\/2024\/08\/IMG_6798-1024x819.jpg 1024w, https:\/\/mb2812.de\/wp-content\/uploads\/2024\/08\/IMG_6798-768x614.jpg 768w, https:\/\/mb2812.de\/wp-content\/uploads\/2024\/08\/IMG_6798-1536x1229.jpg 1536w, https:\/\/mb2812.de\/wp-content\/uploads\/2024\/08\/IMG_6798-668x534.jpg 668w\" sizes=\"auto, (max-width: 1920px) 100vw, 1920px\" \/><\/a><figcaption class=\"wp-element-caption\"><em>Die Pause verbrachten wir dann in de &#8222;Lounge Grindelwald&#8220; <\/em><\/figcaption><\/figure>\n\n\n\n<p>Und dann ging es auch wieder schnell zur\u00fcck. Die Berner Oberland Bahn hatte dabei gute 5 Minuten Versp\u00e4tung, da war der Anschluss in Interlaken ziemliche Gl\u00fccksache. Wohl nur, weil die T\u00fcr des Wagens direkt an der Treppe zum Bahnsteig lag, haben wir es geschafft.<\/p>\n\n\n\n<hr class=\"wp-block-separator has-text-color has-contrast-color has-alpha-channel-opacity has-contrast-background-color has-background is-style-wide is-style-wide--1\"\/>\n\n\n\n<figure class=\"wp-block-image aligncenter size-full is-resized\"><a href=\"https:\/\/mb2812.de\/wp-content\/uploads\/2024\/08\/IMG_6802.jpg\" target=\"_blank\" rel=\" noreferrer noopener\"><img loading=\"lazy\" decoding=\"async\" width=\"1920\" height=\"1536\" src=\"https:\/\/mb2812.de\/wp-content\/uploads\/2024\/08\/IMG_6802.jpg\" alt=\"\" class=\"wp-image-14315\" style=\"width:800px\" srcset=\"https:\/\/mb2812.de\/wp-content\/uploads\/2024\/08\/IMG_6802.jpg 1920w, https:\/\/mb2812.de\/wp-content\/uploads\/2024\/08\/IMG_6802-300x240.jpg 300w, https:\/\/mb2812.de\/wp-content\/uploads\/2024\/08\/IMG_6802-1024x819.jpg 1024w, https:\/\/mb2812.de\/wp-content\/uploads\/2024\/08\/IMG_6802-768x614.jpg 768w, https:\/\/mb2812.de\/wp-content\/uploads\/2024\/08\/IMG_6802-1536x1229.jpg 1536w, https:\/\/mb2812.de\/wp-content\/uploads\/2024\/08\/IMG_6802-668x534.jpg 668w\" sizes=\"auto, (max-width: 1920px) 100vw, 1920px\" \/><\/a><figcaption class=\"wp-element-caption\"><em>Und am Abend wieder ein Vier G\u00e4nge Menu. Hier einmal der Blick auf die Fenster des Speisesaals und die Landschaft dahinter<\/em><\/figcaption><\/figure>\n","protected":false},"excerpt":{"rendered":"<p>Eine gr\u00f6\u00dfere Rundfahrt mit der Bahn in Richtung Jungfraujoch. Hin ging es \u00fcber Interlaken &#8211; Lauterbrunnen &#8211; Kleine Scheidegg. Eigergletscher steigen wir jedoch aus und Wandern zur\u00fcck nach Kleine Scheidegg. Dann wieder mit der Bahn \u00fcber Grindelwald mit Pause dort und Interlaken nach Spiez.<\/p>\n","protected":false},"author":1,"featured_media":14294,"comment_status":"closed","ping_status":"closed","sticky":false,"template":"","format":"standard","meta":{"footnotes":""},"categories":[270],"tags":[246,147,276,51,48,50],"class_list":["post-14292","post","type-post","status-publish","format-standard","has-post-thumbnail","hentry","category-schweiz-2024","tag-246","tag-berner-oberland","tag-grindelwald","tag-jungfrauregion","tag-schweiz","tag-spiez"],"_links":{"self":[{"href":"https:\/\/mb2812.de\/index.php?rest_route=\/wp\/v2\/posts\/14292","targetHints":{"allow":["GET"]}}],"collection":[{"href":"https:\/\/mb2812.de\/index.php?rest_route=\/wp\/v2\/posts"}],"about":[{"href":"https:\/\/mb2812.de\/index.php?rest_route=\/wp\/v2\/types\/post"}],"author":[{"embeddable":true,"href":"https:\/\/mb2812.de\/index.php?rest_route=\/wp\/v2\/users\/1"}],"replies":[{"embeddable":true,"href":"https:\/\/mb2812.de\/index.php?rest_route=%2Fwp%2Fv2%2Fcomments&post=14292"}],"version-history":[{"count":16,"href":"https:\/\/mb2812.de\/index.php?rest_route=\/wp\/v2\/posts\/14292\/revisions"}],"predecessor-version":[{"id":17542,"href":"https:\/\/mb2812.de\/index.php?rest_route=\/wp\/v2\/posts\/14292\/revisions\/17542"}],"wp:featuredmedia":[{"embeddable":true,"href":"https:\/\/mb2812.de\/index.php?rest_route=\/wp\/v2\/media\/14294"}],"wp:attachment":[{"href":"https:\/\/mb2812.de\/index.php?rest_route=%2Fwp%2Fv2%2Fmedia&parent=14292"}],"wp:term":[{"taxonomy":"category","embeddable":true,"href":"https:\/\/mb2812.de\/index.php?rest_route=%2Fwp%2Fv2%2Fcategories&post=14292"},{"taxonomy":"post_tag","embeddable":true,"href":"https:\/\/mb2812.de\/index.php?rest_route=%2Fwp%2Fv2%2Ftags&post=14292"}],"curies":[{"name":"wp","href":"https:\/\/api.w.org\/{rel}","templated":true}]}}