{"id":14188,"date":"2024-05-01T02:00:06","date_gmt":"2024-05-01T00:00:06","guid":{"rendered":"https:\/\/mb2812.de\/?p=14188"},"modified":"2024-11-27T14:26:54","modified_gmt":"2024-11-27T12:26:54","slug":"daenemark-und-schweiz","status":"publish","type":"post","link":"https:\/\/mb2812.de\/?p=14188","title":{"rendered":"D\u00e4nemark, Schweiz und ein paar Ausfl\u00fcge"},"content":{"rendered":"\n<p>2024 war nicht viel anders wie 2023. Zweimal waren wir f\u00fcr eine Woche in Urlaub, und es ging wieder nach Norden und nach S\u00fcden. Die Urlaube lagen dieses Jahr aber n\u00e4her beisammen und mitten im Hochsommer. Das war zwar von Wetter her nicht schlecht, aber zum Teil wurd es schon recht voll. Im Juni ging es zun\u00e4chst nach Norden und wir kamen dabei weiter wie im letzten Jahr, wir machten einen <strong>City Trip nach Kopenhagen<\/strong>.<\/p>\n\n\n\n<!--more-->\n\n\n\n<p>Hier der auf die einzelnen Tage heruntergebrochene Ablauf:<\/p>\n\n\n\n<ul class=\"wp-block-list\">\n<li><a href=\"https:\/\/mb2812.de\/?p=13754\">1. Juni: Flug nach Kopenhagen<\/a><\/li>\n\n\n\n<li><a href=\"https:\/\/mb2812.de\/?p=13780\">2. Juni: Wir durchstreifen Kopenhagen<\/a><\/li>\n\n\n\n<li><a href=\"https:\/\/mb2812.de\/?p=13887\">3. Juni: Helsing\u00f8r &#8211; Hamlets Schloss<\/a><\/li>\n\n\n\n<li><a href=\"https:\/\/mb2812.de\/?p=13942\">4. Juni: Wikingerschiffe in Roskilde<\/a><\/li>\n\n\n\n<li><a href=\"https:\/\/mb2812.de\/?p=13985\">5. Juni: Hiller\u00f8d &#8211; K\u00f6nigliche Schl\u00f6sser<\/a><\/li>\n\n\n\n<li><a href=\"https:\/\/mb2812.de\/?p=14030\">6. Juni: Nochmal Helsing\u00f8r und Kopenhagen<\/a><\/li>\n\n\n\n<li><a href=\"https:\/\/mb2812.de\/?p=14083\">7. Juni: Nach Schweden: Malm\u00f6<\/a><\/li>\n\n\n\n<li><a href=\"https:\/\/mb2812.de\/?p=14139\">8. Juni: Zur\u00fcck nach K\u00f6ln<\/a><\/li>\n<\/ul>\n\n\n\n<hr class=\"wp-block-separator has-alpha-channel-opacity\"\/>\n\n\n\n<p>Eine Dienstreise Stephans nutzte ich zu einem Vorgeschmack auf unseren zweiten Urlaub, der wieder in die Schweiz f\u00fchren sollte.<\/p>\n\n\n\n<ul class=\"wp-block-list\">\n<li><strong>Ein Tag &#8222;Probeurlaub\u201c<\/strong>: <a href=\"https:\/\/mb2812.de\/?p=13834\">Rigi und Vierwaldst\u00e4ttersee<\/a><\/li>\n<\/ul>\n\n\n\n<hr class=\"wp-block-separator has-alpha-channel-opacity\"\/>\n\n\n\n<p>Und dann war es Juli, und wir machten uns f\u00fcr eine Woche auf in die Schweiz. Diesmal blieben wir n\u00f6rdlich des Alpenhauptkamms, wir quartierten uns wieder in Spiez ein, das war vor zwei Jahren unsere erste Station: <strong>Eine Woche Berner Oberland<\/strong>.<\/p>\n\n\n\n<p>Die Ausfl\u00fcge &nbsp;der Woche sind auf der folgenden Karte eingezeichnet:<\/p>\n\n\n\n<figure class=\"wp-block-image aligncenter is-resized\"><a href=\"https:\/\/mb2812.de\/wp-content\/uploads\/2024\/05\/IMG_6102.jpg\" target=\"_blank\" rel=\"noopener noreferrer\"><img loading=\"lazy\" decoding=\"async\" width=\"1024\" height=\"819\" src=\"https:\/\/mb2812.de\/wp-content\/uploads\/2024\/05\/IMG_6102-1024x819.jpg\" alt=\"\" class=\"wp-image-14195\" style=\"width:800px\" srcset=\"https:\/\/mb2812.de\/wp-content\/uploads\/2024\/05\/IMG_6102-1024x819.jpg 1024w, https:\/\/mb2812.de\/wp-content\/uploads\/2024\/05\/IMG_6102-300x240.jpg 300w, https:\/\/mb2812.de\/wp-content\/uploads\/2024\/05\/IMG_6102-768x614.jpg 768w, https:\/\/mb2812.de\/wp-content\/uploads\/2024\/05\/IMG_6102-1536x1229.jpg 1536w, https:\/\/mb2812.de\/wp-content\/uploads\/2024\/05\/IMG_6102-668x534.jpg 668w, https:\/\/mb2812.de\/wp-content\/uploads\/2024\/05\/IMG_6102.jpg 1920w\" sizes=\"auto, (max-width: 1024px) 100vw, 1024px\" \/><\/a><figcaption class=\"wp-element-caption\">Kartendaten \u00a9 Openstreetmap Mitwirkende &#8211; <a href=\"https:\/\/opendatacommons.org\/licenses\/odbl\/1-0\/\" target=\"_blank\" rel=\"noopener\">Lizenz ODbl 1.0 2024<\/a><\/figcaption><\/figure>\n\n\n\n<ul class=\"wp-block-list\">\n<li><a href=\"https:\/\/mb2812.de\/?p=14145\">14. Juli: Anreise nach Spiez<\/a><\/li>\n\n\n\n<li><a href=\"https:\/\/mb2812.de\/?p=14199\">15. Juli: Meiringen (Reichenbachf\u00e4lle und Aareschlucht)<\/a> &#8211; blau eingezeichnet<\/li>\n\n\n\n<li><a href=\"https:\/\/mb2812.de\/?p=14258\">16. Juli: zum Oeschinensee bei Kandersteg<\/a> &#8211; orange<\/li>\n\n\n\n<li><a href=\"https:\/\/mb2812.de\/?p=14292\">17. Juli: Ein bisschen &#8222;Top of Europe&#8220; <\/a>&#8211; eine Rundfahrt Interlaken &#8211; Kleine Scheidegg und zur\u00fcck, oben in violett<\/li>\n\n\n\n<li><a href=\"https:\/\/mb2812.de\/?p=14324\">18. Juli: Ein Ausflug ins Simmental<\/a> &#8211; dies ist die gr\u00fcne Linie<\/li>\n\n\n\n<li><a href=\"https:\/\/mb2812.de\/?p=14392\">19. Juli: Ruhetag in Spiez<\/a><\/li>\n\n\n\n<li><a href=\"https:\/\/mb2812.de\/?p=14386\">20. Juli: Das wars<\/a>, wieder zur\u00fcck nach B\u00f6blingen<br><\/li>\n<\/ul>\n\n\n\n<hr class=\"wp-block-separator has-alpha-channel-opacity\"\/>\n\n\n\n<p>Auf dem Weg von B\u00f6blingen in die Schweiz f\u00e4hrt der Zug dabei immer am Reinfall in Schaffhausen vorbei, und es gelang uns nie vern\u00fcnftige Fotos davon zu machen. Dies war mehr oder weniger der Ausl\u00f6ser f\u00fcr einen <strong>Tagesausflug nach Schaffhausen<\/strong>, als wir im August nochmal einige Tage in B\u00f6blingen waren.<\/p>\n\n\n\n<ul class=\"wp-block-list\">\n<li><a href=\"https:\/\/mb2812.de\/?p=14358\">22. August: Ausflug zum Rheinfall<\/a><\/li>\n<\/ul>\n\n\n\n<hr class=\"wp-block-separator has-alpha-channel-opacity\"\/>\n\n\n\n<p>Und eine etwas merkw\u00fcrdige Dienstreise Stephans f\u00fchrte dann dazu, das wir nochmals ein <strong>Wochende im Norden<\/strong> (Deutschlands) verbrachten:<\/p>\n\n\n\n<ul class=\"wp-block-list\">\n<li><a href=\"https:\/\/mb2812.de\/?p=14408\">29. August bis 2. September: Hamburg, Kiel und Hannover<\/a><\/li>\n<\/ul>\n\n\n\n<p>&nbsp;<\/p>\n","protected":false},"excerpt":{"rendered":"<p>Erster Urlaub in 2024 war ein einw\u00f6chiger City Trip nach Kopenhagen. Einen zweiten Trip gab es nach Spiez im Berner Oberland, dazu ein paar Ausfl\u00fcge, z.B. nach Hamburg und Hannover <\/p>\n","protected":false},"author":1,"featured_media":0,"comment_status":"closed","ping_status":"closed","sticky":true,"template":"","format":"standard","meta":{"footnotes":""},"categories":[261,270],"tags":[246,147,262,263,48,271],"class_list":["post-14188","post","type-post","status-publish","format-standard","hentry","category-kopenhagen-2024","category-schweiz-2024","tag-246","tag-berner-oberland","tag-daenemark","tag-kopenhagen","tag-schweiz","tag-urlaub"],"_links":{"self":[{"href":"https:\/\/mb2812.de\/index.php?rest_route=\/wp\/v2\/posts\/14188","targetHints":{"allow":["GET"]}}],"collection":[{"href":"https:\/\/mb2812.de\/index.php?rest_route=\/wp\/v2\/posts"}],"about":[{"href":"https:\/\/mb2812.de\/index.php?rest_route=\/wp\/v2\/types\/post"}],"author":[{"embeddable":true,"href":"https:\/\/mb2812.de\/index.php?rest_route=\/wp\/v2\/users\/1"}],"replies":[{"embeddable":true,"href":"https:\/\/mb2812.de\/index.php?rest_route=%2Fwp%2Fv2%2Fcomments&post=14188"}],"version-history":[{"count":14,"href":"https:\/\/mb2812.de\/index.php?rest_route=\/wp\/v2\/posts\/14188\/revisions"}],"predecessor-version":[{"id":15057,"href":"https:\/\/mb2812.de\/index.php?rest_route=\/wp\/v2\/posts\/14188\/revisions\/15057"}],"wp:attachment":[{"href":"https:\/\/mb2812.de\/index.php?rest_route=%2Fwp%2Fv2%2Fmedia&parent=14188"}],"wp:term":[{"taxonomy":"category","embeddable":true,"href":"https:\/\/mb2812.de\/index.php?rest_route=%2Fwp%2Fv2%2Fcategories&post=14188"},{"taxonomy":"post_tag","embeddable":true,"href":"https:\/\/mb2812.de\/index.php?rest_route=%2Fwp%2Fv2%2Ftags&post=14188"}],"curies":[{"name":"wp","href":"https:\/\/api.w.org\/{rel}","templated":true}]}}