{"id":14083,"date":"2024-06-07T09:00:50","date_gmt":"2024-06-07T07:00:50","guid":{"rendered":"https:\/\/mb2812.de\/?p=14083"},"modified":"2025-10-13T21:29:11","modified_gmt":"2025-10-13T19:29:11","slug":"nach-schweden-malmoe","status":"publish","type":"post","link":"https:\/\/mb2812.de\/?p=14083","title":{"rendered":"Nach Schweden &#8211; Malm\u00f6"},"content":{"rendered":"\n<p>Gehen wir mal weit zur\u00fcck in die Vergangenheit, 1976 war ich schon mal in Kopenhagen, damals habe ich mit Interrail eine Skandinavien Tour gemacht. Von Kopenhagen nach Schweden wurde der Zug damals mit der F\u00e4hre transportiert, zwischen Helsing\u00f8r und Helsingborg. Seit 2000 gibt es das nicht mehr, in dem Jahr wurde die \u00d6resundbr\u00fccke er\u00f6ffnet und die Eisenbahn f\u00fchrt nunmehr dar\u00fcber.<\/p>\n\n\n\n<p>Diese &#8222;neue&#8220; Bahnverbindung wollten wir mal ausprobieren, und darum steht heute ein Ausflug nach Schweden, genauer gesagt nach Malm\u00f6, auf dem Programm.<\/p>\n\n\n\n<p>F\u00fcr die Verbindungen \u00fcber die \u00d6resundbr\u00fccke gilt ein anderes Tarifsystem und wir m\u00fcssen die Tickets erst einmal am Kopenhagener Hauptbahnhof kaufen. Dann geht es schnell los, denn die Z\u00fcge verkehren alle 15 Minuten. Die Strecke f\u00fchrt \u00fcber den Flughafen, kurz danach beginnt dann die Querung des \u00d6resund, wobei der erste Teil im Tunnel (Drodgdentunnel) liegt, auf einer k\u00fcnstlichen Insel (Peberholm) kommt die Strecke ans Tageslicht und f\u00fchrt dann \u00fcber die Br\u00fccke.<\/p>\n\n\n\n<figure class=\"wp-block-image aligncenter size-full is-resized\"><a href=\"https:\/\/mb2812.de\/wp-content\/uploads\/2024\/07\/IMG_7831-1601.jpg\" target=\"_blank\" rel=\" noreferrer noopener\"><img loading=\"lazy\" decoding=\"async\" width=\"1920\" height=\"1536\" src=\"https:\/\/mb2812.de\/wp-content\/uploads\/2024\/07\/IMG_7831-1601.jpg\" alt=\"\" class=\"wp-image-14125\" style=\"width:800px\" srcset=\"https:\/\/mb2812.de\/wp-content\/uploads\/2024\/07\/IMG_7831-1601.jpg 1920w, https:\/\/mb2812.de\/wp-content\/uploads\/2024\/07\/IMG_7831-1601-300x240.jpg 300w, https:\/\/mb2812.de\/wp-content\/uploads\/2024\/07\/IMG_7831-1601-1024x819.jpg 1024w, https:\/\/mb2812.de\/wp-content\/uploads\/2024\/07\/IMG_7831-1601-768x614.jpg 768w, https:\/\/mb2812.de\/wp-content\/uploads\/2024\/07\/IMG_7831-1601-1536x1229.jpg 1536w, https:\/\/mb2812.de\/wp-content\/uploads\/2024\/07\/IMG_7831-1601-668x534.jpg 668w\" sizes=\"auto, (max-width: 1920px) 100vw, 1920px\" \/><\/a><figcaption class=\"wp-element-caption\"><em>Im Zug nach der Abfahrt vom Kopenhagener Hauptbahnhof<\/em><\/figcaption><\/figure>\n\n\n\n<!--more-->\n\n\n\n<figure class=\"wp-block-image aligncenter size-full is-resized\"><a href=\"https:\/\/mb2812.de\/wp-content\/uploads\/2024\/07\/DSC01076-ARW-1600.jpg\" target=\"_blank\" rel=\" noreferrer noopener\"><img loading=\"lazy\" decoding=\"async\" width=\"1920\" height=\"1536\" src=\"https:\/\/mb2812.de\/wp-content\/uploads\/2024\/07\/DSC01076-ARW-1600.jpg\" alt=\"\" class=\"wp-image-14084\" style=\"width:800px\" srcset=\"https:\/\/mb2812.de\/wp-content\/uploads\/2024\/07\/DSC01076-ARW-1600.jpg 1920w, https:\/\/mb2812.de\/wp-content\/uploads\/2024\/07\/DSC01076-ARW-1600-300x240.jpg 300w, https:\/\/mb2812.de\/wp-content\/uploads\/2024\/07\/DSC01076-ARW-1600-1024x819.jpg 1024w, https:\/\/mb2812.de\/wp-content\/uploads\/2024\/07\/DSC01076-ARW-1600-768x614.jpg 768w, https:\/\/mb2812.de\/wp-content\/uploads\/2024\/07\/DSC01076-ARW-1600-1536x1229.jpg 1536w, https:\/\/mb2812.de\/wp-content\/uploads\/2024\/07\/DSC01076-ARW-1600-668x534.jpg 668w\" sizes=\"auto, (max-width: 1920px) 100vw, 1920px\" \/><\/a><figcaption class=\"wp-element-caption\"><em>Dies ist die Aussicht w\u00e4hrend der Fahrt \u00fcber die Br\u00fccke. Sonderlich spannend ist sie nicht, den Horizont kann man nur ahnen und dann und wann huscht eine schwarze Strebe der Br\u00fccke vorbei <\/em><\/figcaption><\/figure>\n\n\n\n<figure class=\"wp-block-image aligncenter size-full is-resized\"><a href=\"https:\/\/mb2812.de\/wp-content\/uploads\/2024\/07\/IMG_6545.jpg\" target=\"_blank\" rel=\"noopener\"><img loading=\"lazy\" decoding=\"async\" width=\"1440\" height=\"1920\" src=\"https:\/\/mb2812.de\/wp-content\/uploads\/2024\/07\/IMG_6545.jpg\" alt=\"\" class=\"wp-image-14115\" style=\"width:600px\" srcset=\"https:\/\/mb2812.de\/wp-content\/uploads\/2024\/07\/IMG_6545.jpg 1440w, https:\/\/mb2812.de\/wp-content\/uploads\/2024\/07\/IMG_6545-225x300.jpg 225w, https:\/\/mb2812.de\/wp-content\/uploads\/2024\/07\/IMG_6545-768x1024.jpg 768w, https:\/\/mb2812.de\/wp-content\/uploads\/2024\/07\/IMG_6545-1152x1536.jpg 1152w, https:\/\/mb2812.de\/wp-content\/uploads\/2024\/07\/IMG_6545-668x891.jpg 668w\" sizes=\"auto, (max-width: 1440px) 100vw, 1440px\" \/><\/a><figcaption class=\"wp-element-caption\"><em>Ankunft in Malm\u00f6. Die \u00d6resundz\u00fcge benutzen den 2010 er\u00f6ffneten City Tunnel und halten in einem neuen unterirdischen Bahnhofsteil<\/em><\/figcaption><\/figure>\n\n\n\n<p>Der Bahnhof liegt am n\u00f6rdlichen Rand der Innenstadt, die wir besichtigen wollen. Vor dem Bahnhof lieg der Busbahnhof, und in Malm\u00f6 sind Doppelgelenkbusse von Hess im Einsatz. Solche Busse sieht man nicht allzu h\u00e4ufig und deshalb fotografiere ich sie erstmal.<\/p>\n\n\n\n<figure class=\"wp-block-image aligncenter size-full is-resized\"><a href=\"https:\/\/mb2812.de\/wp-content\/uploads\/2024\/07\/DSC01077-ARW-1602.jpg\" target=\"_blank\" rel=\" noreferrer noopener\"><img loading=\"lazy\" decoding=\"async\" width=\"1920\" height=\"1536\" src=\"https:\/\/mb2812.de\/wp-content\/uploads\/2024\/07\/DSC01077-ARW-1602.jpg\" alt=\"\" class=\"wp-image-14085\" style=\"width:800px\" srcset=\"https:\/\/mb2812.de\/wp-content\/uploads\/2024\/07\/DSC01077-ARW-1602.jpg 1920w, https:\/\/mb2812.de\/wp-content\/uploads\/2024\/07\/DSC01077-ARW-1602-300x240.jpg 300w, https:\/\/mb2812.de\/wp-content\/uploads\/2024\/07\/DSC01077-ARW-1602-1024x819.jpg 1024w, https:\/\/mb2812.de\/wp-content\/uploads\/2024\/07\/DSC01077-ARW-1602-768x614.jpg 768w, https:\/\/mb2812.de\/wp-content\/uploads\/2024\/07\/DSC01077-ARW-1602-1536x1229.jpg 1536w, https:\/\/mb2812.de\/wp-content\/uploads\/2024\/07\/DSC01077-ARW-1602-668x534.jpg 668w\" sizes=\"auto, (max-width: 1920px) 100vw, 1920px\" \/><\/a><\/figure>\n\n\n\n<div style=\"height:12px\" aria-hidden=\"true\" class=\"wp-block-spacer\"><\/div>\n\n\n\n<figure class=\"wp-block-image aligncenter size-full is-resized\"><a href=\"https:\/\/mb2812.de\/wp-content\/uploads\/2024\/07\/DSC01078-ARW-1608.jpg\" target=\"_blank\" rel=\" noreferrer noopener\"><img loading=\"lazy\" decoding=\"async\" width=\"1920\" height=\"1536\" src=\"https:\/\/mb2812.de\/wp-content\/uploads\/2024\/07\/DSC01078-ARW-1608.jpg\" alt=\"\" class=\"wp-image-14086\" style=\"width:800px\" srcset=\"https:\/\/mb2812.de\/wp-content\/uploads\/2024\/07\/DSC01078-ARW-1608.jpg 1920w, https:\/\/mb2812.de\/wp-content\/uploads\/2024\/07\/DSC01078-ARW-1608-300x240.jpg 300w, https:\/\/mb2812.de\/wp-content\/uploads\/2024\/07\/DSC01078-ARW-1608-1024x819.jpg 1024w, https:\/\/mb2812.de\/wp-content\/uploads\/2024\/07\/DSC01078-ARW-1608-768x614.jpg 768w, https:\/\/mb2812.de\/wp-content\/uploads\/2024\/07\/DSC01078-ARW-1608-1536x1229.jpg 1536w, https:\/\/mb2812.de\/wp-content\/uploads\/2024\/07\/DSC01078-ARW-1608-668x534.jpg 668w\" sizes=\"auto, (max-width: 1920px) 100vw, 1920px\" \/><\/a><\/figure>\n\n\n\n<div style=\"height:12px\" aria-hidden=\"true\" class=\"wp-block-spacer\"><\/div>\n\n\n\n<p>Die Innenstadt ist von Wasser umgeben, vor dem Bahnhof ist es der Hafenkanal. <\/p>\n\n\n\n<figure class=\"wp-block-image aligncenter size-full is-resized\"><a href=\"https:\/\/mb2812.de\/wp-content\/uploads\/2024\/07\/DSC01080-ARW.jpg\" target=\"_blank\" rel=\" noreferrer noopener\"><img loading=\"lazy\" decoding=\"async\" width=\"1920\" height=\"1536\" src=\"https:\/\/mb2812.de\/wp-content\/uploads\/2024\/07\/DSC01080-ARW.jpg\" alt=\"\" class=\"wp-image-14087\" style=\"width:800px\" srcset=\"https:\/\/mb2812.de\/wp-content\/uploads\/2024\/07\/DSC01080-ARW.jpg 1920w, https:\/\/mb2812.de\/wp-content\/uploads\/2024\/07\/DSC01080-ARW-300x240.jpg 300w, https:\/\/mb2812.de\/wp-content\/uploads\/2024\/07\/DSC01080-ARW-1024x819.jpg 1024w, https:\/\/mb2812.de\/wp-content\/uploads\/2024\/07\/DSC01080-ARW-768x614.jpg 768w, https:\/\/mb2812.de\/wp-content\/uploads\/2024\/07\/DSC01080-ARW-1536x1229.jpg 1536w, https:\/\/mb2812.de\/wp-content\/uploads\/2024\/07\/DSC01080-ARW-668x534.jpg 668w\" sizes=\"auto, (max-width: 1920px) 100vw, 1920px\" \/><\/a><figcaption class=\"wp-element-caption\"><em>\u00dcber die &#8218;Petribron&#8216; geht es in die Stadt, dies ist der Blick zur\u00fcck zum Bahnhof<\/em><\/figcaption><\/figure>\n\n\n\n<figure class=\"wp-block-image aligncenter size-full is-resized\"><a href=\"https:\/\/mb2812.de\/wp-content\/uploads\/2024\/07\/DSC01081-ARW.jpg\" target=\"_blank\" rel=\"noopener\"><img loading=\"lazy\" decoding=\"async\" width=\"1278\" height=\"1920\" src=\"https:\/\/mb2812.de\/wp-content\/uploads\/2024\/07\/DSC01081-ARW.jpg\" alt=\"\" class=\"wp-image-14088\" style=\"width:535px;height:auto\" srcset=\"https:\/\/mb2812.de\/wp-content\/uploads\/2024\/07\/DSC01081-ARW.jpg 1278w, https:\/\/mb2812.de\/wp-content\/uploads\/2024\/07\/DSC01081-ARW-200x300.jpg 200w, https:\/\/mb2812.de\/wp-content\/uploads\/2024\/07\/DSC01081-ARW-682x1024.jpg 682w, https:\/\/mb2812.de\/wp-content\/uploads\/2024\/07\/DSC01081-ARW-768x1154.jpg 768w, https:\/\/mb2812.de\/wp-content\/uploads\/2024\/07\/DSC01081-ARW-1022x1536.jpg 1022w, https:\/\/mb2812.de\/wp-content\/uploads\/2024\/07\/DSC01081-ARW-668x1004.jpg 668w\" sizes=\"auto, (max-width: 1278px) 100vw, 1278px\" \/><\/a><figcaption class=\"wp-element-caption\"><em>Kurz darauf kommen wir an der St. Petri Kirche vorbei, dies hier ist der Turm. Die St. Petri Kirche wurde im 14. Jahrhundert erbaut und ist das \u00e4lteste Geb\u00e4ude der Stadt<\/em><\/figcaption><\/figure>\n\n\n\n<figure class=\"wp-block-image aligncenter size-full is-resized\"><a href=\"https:\/\/mb2812.de\/wp-content\/uploads\/2024\/07\/DSC01083-ARW-1614.jpg\" target=\"_blank\" rel=\"noopener\"><img loading=\"lazy\" decoding=\"async\" width=\"1440\" height=\"1920\" src=\"https:\/\/mb2812.de\/wp-content\/uploads\/2024\/07\/DSC01083-ARW-1614.jpg\" alt=\"\" class=\"wp-image-14089\" style=\"width:600px\" srcset=\"https:\/\/mb2812.de\/wp-content\/uploads\/2024\/07\/DSC01083-ARW-1614.jpg 1440w, https:\/\/mb2812.de\/wp-content\/uploads\/2024\/07\/DSC01083-ARW-1614-225x300.jpg 225w, https:\/\/mb2812.de\/wp-content\/uploads\/2024\/07\/DSC01083-ARW-1614-768x1024.jpg 768w, https:\/\/mb2812.de\/wp-content\/uploads\/2024\/07\/DSC01083-ARW-1614-1152x1536.jpg 1152w, https:\/\/mb2812.de\/wp-content\/uploads\/2024\/07\/DSC01083-ARW-1614-668x891.jpg 668w\" sizes=\"auto, (max-width: 1440px) 100vw, 1440px\" \/><\/a><figcaption class=\"wp-element-caption\"><em>Weiter geht es die Kalendegatan entlang, vorbei kommen wir am Hippodrom von 1899, in dem nunmehr das Malm\u00f6 CIty Theatre residiet<\/em><\/figcaption><\/figure>\n\n\n\n<figure class=\"wp-block-image aligncenter size-full is-resized\"><a href=\"https:\/\/mb2812.de\/wp-content\/uploads\/2024\/07\/DSC01086-ARW.jpg\" target=\"_blank\" rel=\" noreferrer noopener\"><img loading=\"lazy\" decoding=\"async\" width=\"1920\" height=\"1536\" src=\"https:\/\/mb2812.de\/wp-content\/uploads\/2024\/07\/DSC01086-ARW.jpg\" alt=\"\" class=\"wp-image-14090\" style=\"width:800px\" srcset=\"https:\/\/mb2812.de\/wp-content\/uploads\/2024\/07\/DSC01086-ARW.jpg 1920w, https:\/\/mb2812.de\/wp-content\/uploads\/2024\/07\/DSC01086-ARW-300x240.jpg 300w, https:\/\/mb2812.de\/wp-content\/uploads\/2024\/07\/DSC01086-ARW-1024x819.jpg 1024w, https:\/\/mb2812.de\/wp-content\/uploads\/2024\/07\/DSC01086-ARW-768x614.jpg 768w, https:\/\/mb2812.de\/wp-content\/uploads\/2024\/07\/DSC01086-ARW-1536x1229.jpg 1536w, https:\/\/mb2812.de\/wp-content\/uploads\/2024\/07\/DSC01086-ARW-668x534.jpg 668w\" sizes=\"auto, (max-width: 1920px) 100vw, 1920px\" \/><\/a><figcaption class=\"wp-element-caption\"><em>Etwas weiter errinnert mich die Architektur an Ost-Berlin<\/em><\/figcaption><\/figure>\n\n\n\n<figure class=\"wp-block-image aligncenter size-full is-resized\"><a href=\"https:\/\/mb2812.de\/wp-content\/uploads\/2024\/07\/DSC01090-ARW-1615.jpg\" target=\"_blank\" rel=\" noreferrer noopener\"><img loading=\"lazy\" decoding=\"async\" width=\"1920\" height=\"1536\" src=\"https:\/\/mb2812.de\/wp-content\/uploads\/2024\/07\/DSC01090-ARW-1615.jpg\" alt=\"\" class=\"wp-image-14091\" style=\"width:800px\" srcset=\"https:\/\/mb2812.de\/wp-content\/uploads\/2024\/07\/DSC01090-ARW-1615.jpg 1920w, https:\/\/mb2812.de\/wp-content\/uploads\/2024\/07\/DSC01090-ARW-1615-300x240.jpg 300w, https:\/\/mb2812.de\/wp-content\/uploads\/2024\/07\/DSC01090-ARW-1615-1024x819.jpg 1024w, https:\/\/mb2812.de\/wp-content\/uploads\/2024\/07\/DSC01090-ARW-1615-768x614.jpg 768w, https:\/\/mb2812.de\/wp-content\/uploads\/2024\/07\/DSC01090-ARW-1615-1536x1229.jpg 1536w, https:\/\/mb2812.de\/wp-content\/uploads\/2024\/07\/DSC01090-ARW-1615-668x534.jpg 668w\" sizes=\"auto, (max-width: 1920px) 100vw, 1920px\" \/><\/a><figcaption class=\"wp-element-caption\"><em>Eigentlich m\u00fcsste es Broiler geben &#8230;<\/em><\/figcaption><\/figure>\n\n\n\n<figure class=\"wp-block-image aligncenter size-full is-resized\"><a href=\"https:\/\/mb2812.de\/wp-content\/uploads\/2024\/07\/DSC01091-ARW-1625.jpg\"><img loading=\"lazy\" decoding=\"async\" width=\"1920\" height=\"1536\" src=\"https:\/\/mb2812.de\/wp-content\/uploads\/2024\/07\/DSC01091-ARW-1625.jpg\" alt=\"\" class=\"wp-image-14092\" style=\"width:800px\" srcset=\"https:\/\/mb2812.de\/wp-content\/uploads\/2024\/07\/DSC01091-ARW-1625.jpg 1920w, https:\/\/mb2812.de\/wp-content\/uploads\/2024\/07\/DSC01091-ARW-1625-300x240.jpg 300w, https:\/\/mb2812.de\/wp-content\/uploads\/2024\/07\/DSC01091-ARW-1625-1024x819.jpg 1024w, https:\/\/mb2812.de\/wp-content\/uploads\/2024\/07\/DSC01091-ARW-1625-768x614.jpg 768w, https:\/\/mb2812.de\/wp-content\/uploads\/2024\/07\/DSC01091-ARW-1625-1536x1229.jpg 1536w, https:\/\/mb2812.de\/wp-content\/uploads\/2024\/07\/DSC01091-ARW-1625-668x534.jpg 668w\" sizes=\"auto, (max-width: 1920px) 100vw, 1920px\" \/><\/a><figcaption class=\"wp-element-caption\"><em>Damit haben wir die Innenstadt durchquert und sind am S\u00f6dra F\u00f6rstadskanalen angelangt<\/em><\/figcaption><\/figure>\n\n\n\n<figure class=\"wp-block-image aligncenter size-full is-resized\"><a href=\"https:\/\/mb2812.de\/wp-content\/uploads\/2024\/07\/IMG_7857.jpg\" target=\"_blank\" rel=\"noopener\"><img loading=\"lazy\" decoding=\"async\" width=\"1440\" height=\"1920\" src=\"https:\/\/mb2812.de\/wp-content\/uploads\/2024\/07\/IMG_7857.jpg\" alt=\"\" class=\"wp-image-14126\" style=\"width:600px\" srcset=\"https:\/\/mb2812.de\/wp-content\/uploads\/2024\/07\/IMG_7857.jpg 1440w, https:\/\/mb2812.de\/wp-content\/uploads\/2024\/07\/IMG_7857-225x300.jpg 225w, https:\/\/mb2812.de\/wp-content\/uploads\/2024\/07\/IMG_7857-768x1024.jpg 768w, https:\/\/mb2812.de\/wp-content\/uploads\/2024\/07\/IMG_7857-1152x1536.jpg 1152w, https:\/\/mb2812.de\/wp-content\/uploads\/2024\/07\/IMG_7857-668x891.jpg 668w\" sizes=\"auto, (max-width: 1440px) 100vw, 1440px\" \/><\/a><figcaption class=\"wp-element-caption\"><em>eine ganze Imbisskette widmet sich &#8222;echtem&#8220; deutschen Essen<\/em><\/figcaption><\/figure>\n\n\n\n<figure class=\"wp-block-image aligncenter size-full is-resized\"><a href=\"https:\/\/mb2812.de\/wp-content\/uploads\/2024\/07\/DSC01092-ARW.jpg\" target=\"_blank\" rel=\"noopener\"><img loading=\"lazy\" decoding=\"async\" width=\"1440\" height=\"1920\" src=\"https:\/\/mb2812.de\/wp-content\/uploads\/2024\/07\/DSC01092-ARW.jpg\" alt=\"\" class=\"wp-image-14093\" style=\"width:600px\" srcset=\"https:\/\/mb2812.de\/wp-content\/uploads\/2024\/07\/DSC01092-ARW.jpg 1440w, https:\/\/mb2812.de\/wp-content\/uploads\/2024\/07\/DSC01092-ARW-225x300.jpg 225w, https:\/\/mb2812.de\/wp-content\/uploads\/2024\/07\/DSC01092-ARW-768x1024.jpg 768w, https:\/\/mb2812.de\/wp-content\/uploads\/2024\/07\/DSC01092-ARW-1152x1536.jpg 1152w, https:\/\/mb2812.de\/wp-content\/uploads\/2024\/07\/DSC01092-ARW-668x891.jpg 668w\" sizes=\"auto, (max-width: 1440px) 100vw, 1440px\" \/><\/a><figcaption class=\"wp-element-caption\"><em>Der Brunnen auf dem Gustav-Adolf Platz<\/em><\/figcaption><\/figure>\n\n\n\n<p>Wir laufen ostw\u00e4rts, da gibt es allerlei Gr\u00fcn. Ziel ist es, in einem Bogen zum Schloss &#8222;Malm\u00f6haus&#8220; und wieder zur\u00fcck zur Stadt zu laufen.<\/p>\n\n\n\n<figure class=\"wp-block-image aligncenter size-full is-resized\"><a href=\"https:\/\/mb2812.de\/wp-content\/uploads\/2024\/07\/IMG_7862.jpg\" target=\"_blank\" rel=\"noopener\"><img loading=\"lazy\" decoding=\"async\" width=\"1440\" height=\"1920\" src=\"https:\/\/mb2812.de\/wp-content\/uploads\/2024\/07\/IMG_7862.jpg\" alt=\"\" class=\"wp-image-14127\" style=\"width:600px\" srcset=\"https:\/\/mb2812.de\/wp-content\/uploads\/2024\/07\/IMG_7862.jpg 1440w, https:\/\/mb2812.de\/wp-content\/uploads\/2024\/07\/IMG_7862-225x300.jpg 225w, https:\/\/mb2812.de\/wp-content\/uploads\/2024\/07\/IMG_7862-768x1024.jpg 768w, https:\/\/mb2812.de\/wp-content\/uploads\/2024\/07\/IMG_7862-1152x1536.jpg 1152w, https:\/\/mb2812.de\/wp-content\/uploads\/2024\/07\/IMG_7862-668x891.jpg 668w\" sizes=\"auto, (max-width: 1440px) 100vw, 1440px\" \/><\/a><figcaption class=\"wp-element-caption\"><em>Das erste Gr\u00fcn ist der alte Friedhof, in der Mitte steht diese Skulptur<\/em><\/figcaption><\/figure>\n\n\n\n<figure class=\"wp-block-image aligncenter size-full is-resized\"><a href=\"https:\/\/mb2812.de\/wp-content\/uploads\/2024\/07\/DSC01093-ARW.jpg\" target=\"_blank\" rel=\"noopener\"><img loading=\"lazy\" decoding=\"async\" width=\"1440\" height=\"1920\" src=\"https:\/\/mb2812.de\/wp-content\/uploads\/2024\/07\/DSC01093-ARW.jpg\" alt=\"\" class=\"wp-image-14094\" style=\"width:600px\" srcset=\"https:\/\/mb2812.de\/wp-content\/uploads\/2024\/07\/DSC01093-ARW.jpg 1440w, https:\/\/mb2812.de\/wp-content\/uploads\/2024\/07\/DSC01093-ARW-225x300.jpg 225w, https:\/\/mb2812.de\/wp-content\/uploads\/2024\/07\/DSC01093-ARW-768x1024.jpg 768w, https:\/\/mb2812.de\/wp-content\/uploads\/2024\/07\/DSC01093-ARW-1152x1536.jpg 1152w, https:\/\/mb2812.de\/wp-content\/uploads\/2024\/07\/DSC01093-ARW-668x891.jpg 668w\" sizes=\"auto, (max-width: 1440px) 100vw, 1440px\" \/><\/a><figcaption class=\"wp-element-caption\"><em>Als n\u00e4chstes kommen wir durch den Kungsparken, den wir \u00fcber die Kommendantbron zum Slottsparken hin verlassen. Von der Br\u00fccke aus sieht man im Norden das &#8222;Turning Torso&#8220; genannte 190 Meter hohe Hochhaus, das vom vom spanischen&nbsp;Architekten&nbsp;Santiago Calatrava&nbsp;&nbsp;erbaut wurde und 2005 eingeweiht wurde<\/em><\/figcaption><\/figure>\n\n\n\n<p>Dann geht es durch den Schlosspark:<\/p>\n\n\n\n<figure class=\"wp-block-image aligncenter size-full is-resized\"><a href=\"https:\/\/mb2812.de\/wp-content\/uploads\/2024\/07\/DSC01094-ARW.jpg\" target=\"_blank\" rel=\"noopener\"><img loading=\"lazy\" decoding=\"async\" width=\"1440\" height=\"1920\" src=\"https:\/\/mb2812.de\/wp-content\/uploads\/2024\/07\/DSC01094-ARW.jpg\" alt=\"\" class=\"wp-image-14095\" style=\"width:600px\" srcset=\"https:\/\/mb2812.de\/wp-content\/uploads\/2024\/07\/DSC01094-ARW.jpg 1440w, https:\/\/mb2812.de\/wp-content\/uploads\/2024\/07\/DSC01094-ARW-225x300.jpg 225w, https:\/\/mb2812.de\/wp-content\/uploads\/2024\/07\/DSC01094-ARW-768x1024.jpg 768w, https:\/\/mb2812.de\/wp-content\/uploads\/2024\/07\/DSC01094-ARW-1152x1536.jpg 1152w, https:\/\/mb2812.de\/wp-content\/uploads\/2024\/07\/DSC01094-ARW-668x891.jpg 668w\" sizes=\"auto, (max-width: 1440px) 100vw, 1440px\" \/><\/a><figcaption class=\"wp-element-caption\"><em>&#8222;Junge mit G\u00e4nsen&#8220; heisst die Skulptur von Thomas Qvarsebo (1978) am Rande des &#8222;Stora Dammen&#8220;, d.h. gro\u00dfen Teich<\/em><\/figcaption><\/figure>\n\n\n\n<figure class=\"wp-block-image aligncenter size-full is-resized\"><a href=\"https:\/\/mb2812.de\/wp-content\/uploads\/2024\/07\/DSC01095-ARW.jpg\" target=\"_blank\" rel=\" noreferrer noopener\"><img loading=\"lazy\" decoding=\"async\" width=\"1920\" height=\"1536\" src=\"https:\/\/mb2812.de\/wp-content\/uploads\/2024\/07\/DSC01095-ARW.jpg\" alt=\"\" class=\"wp-image-14096\" style=\"width:800px\" srcset=\"https:\/\/mb2812.de\/wp-content\/uploads\/2024\/07\/DSC01095-ARW.jpg 1920w, https:\/\/mb2812.de\/wp-content\/uploads\/2024\/07\/DSC01095-ARW-300x240.jpg 300w, https:\/\/mb2812.de\/wp-content\/uploads\/2024\/07\/DSC01095-ARW-1024x819.jpg 1024w, https:\/\/mb2812.de\/wp-content\/uploads\/2024\/07\/DSC01095-ARW-768x614.jpg 768w, https:\/\/mb2812.de\/wp-content\/uploads\/2024\/07\/DSC01095-ARW-1536x1229.jpg 1536w, https:\/\/mb2812.de\/wp-content\/uploads\/2024\/07\/DSC01095-ARW-668x534.jpg 668w\" sizes=\"auto, (max-width: 1920px) 100vw, 1920px\" \/><\/a><figcaption class=\"wp-element-caption\"><em>Blick \u00fcber den gro\u00dfen Teich<\/em><\/figcaption><\/figure>\n\n\n\n<p>Wir kommen damit dem Schloss Mam\u00f6hus langsam n\u00e4her, als erstes kommen wir an der Schlossm\u00fchle vorbei.<\/p>\n\n\n\n<figure class=\"wp-block-image aligncenter size-full is-resized\"><a href=\"https:\/\/mb2812.de\/wp-content\/uploads\/2024\/07\/DSC01099-ARW.jpg\" target=\"_blank\" rel=\"noopener\"><img loading=\"lazy\" decoding=\"async\" width=\"1282\" height=\"1920\" src=\"https:\/\/mb2812.de\/wp-content\/uploads\/2024\/07\/DSC01099-ARW.jpg\" alt=\"\" class=\"wp-image-14097\" style=\"width:535px\" srcset=\"https:\/\/mb2812.de\/wp-content\/uploads\/2024\/07\/DSC01099-ARW.jpg 1282w, https:\/\/mb2812.de\/wp-content\/uploads\/2024\/07\/DSC01099-ARW-200x300.jpg 200w, https:\/\/mb2812.de\/wp-content\/uploads\/2024\/07\/DSC01099-ARW-684x1024.jpg 684w, https:\/\/mb2812.de\/wp-content\/uploads\/2024\/07\/DSC01099-ARW-768x1150.jpg 768w, https:\/\/mb2812.de\/wp-content\/uploads\/2024\/07\/DSC01099-ARW-1026x1536.jpg 1026w, https:\/\/mb2812.de\/wp-content\/uploads\/2024\/07\/DSC01099-ARW-668x1000.jpg 668w\" sizes=\"auto, (max-width: 1282px) 100vw, 1282px\" \/><\/a><figcaption class=\"wp-element-caption\"><em>Die Schlossm\u00fchle stammt von 1851 und ist auf den \u00dcberrresten der Stenbock Bastion errichtet, sie ersetzte die M\u00fchle von 1663, die 1849 abgebrannt war<\/em><\/figcaption><\/figure>\n\n\n\n<p>Damit sind wir im Schlossgarten. In der Mitte gibt es ein Caf\u00e9, das kommt uns jetzt gelegen f\u00fcr unsere Mittagspause.<\/p>\n\n\n\n<figure class=\"wp-block-image aligncenter size-full is-resized\"><a href=\"https:\/\/mb2812.de\/wp-content\/uploads\/2024\/07\/IMG_6550.jpg\" target=\"_blank\" rel=\" noreferrer noopener\"><img loading=\"lazy\" decoding=\"async\" width=\"1920\" height=\"1536\" src=\"https:\/\/mb2812.de\/wp-content\/uploads\/2024\/07\/IMG_6550.jpg\" alt=\"\" class=\"wp-image-14116\" style=\"width:800px\" srcset=\"https:\/\/mb2812.de\/wp-content\/uploads\/2024\/07\/IMG_6550.jpg 1920w, https:\/\/mb2812.de\/wp-content\/uploads\/2024\/07\/IMG_6550-300x240.jpg 300w, https:\/\/mb2812.de\/wp-content\/uploads\/2024\/07\/IMG_6550-1024x819.jpg 1024w, https:\/\/mb2812.de\/wp-content\/uploads\/2024\/07\/IMG_6550-768x614.jpg 768w, https:\/\/mb2812.de\/wp-content\/uploads\/2024\/07\/IMG_6550-1536x1229.jpg 1536w, https:\/\/mb2812.de\/wp-content\/uploads\/2024\/07\/IMG_6550-668x534.jpg 668w\" sizes=\"auto, (max-width: 1920px) 100vw, 1920px\" \/><\/a><\/figure>\n\n\n\n<p><\/p>\n\n\n\n<figure class=\"wp-block-image aligncenter size-full is-resized\"><a href=\"https:\/\/mb2812.de\/wp-content\/uploads\/2024\/07\/IMG_7875.jpg\" target=\"_blank\" rel=\" noreferrer noopener\"><img loading=\"lazy\" decoding=\"async\" width=\"1920\" height=\"1536\" src=\"https:\/\/mb2812.de\/wp-content\/uploads\/2024\/07\/IMG_7875.jpg\" alt=\"\" class=\"wp-image-14128\" style=\"width:800px\" srcset=\"https:\/\/mb2812.de\/wp-content\/uploads\/2024\/07\/IMG_7875.jpg 1920w, https:\/\/mb2812.de\/wp-content\/uploads\/2024\/07\/IMG_7875-300x240.jpg 300w, https:\/\/mb2812.de\/wp-content\/uploads\/2024\/07\/IMG_7875-1024x819.jpg 1024w, https:\/\/mb2812.de\/wp-content\/uploads\/2024\/07\/IMG_7875-768x614.jpg 768w, https:\/\/mb2812.de\/wp-content\/uploads\/2024\/07\/IMG_7875-1536x1229.jpg 1536w, https:\/\/mb2812.de\/wp-content\/uploads\/2024\/07\/IMG_7875-668x534.jpg 668w\" sizes=\"auto, (max-width: 1920px) 100vw, 1920px\" \/><\/a><\/figure>\n\n\n\n<p><\/p>\n\n\n\n<p>Ein paar Eindr\u00fccke aus dem Schlossgarten:<\/p>\n\n\n\n<figure class=\"wp-block-image aligncenter size-full is-resized\"><a href=\"https:\/\/mb2812.de\/wp-content\/uploads\/2024\/07\/IMG_7886.jpg\" target=\"_blank\" rel=\" noreferrer noopener\"><img loading=\"lazy\" decoding=\"async\" width=\"1920\" height=\"1536\" src=\"https:\/\/mb2812.de\/wp-content\/uploads\/2024\/07\/IMG_7886.jpg\" alt=\"\" class=\"wp-image-14129\" style=\"width:800px\" srcset=\"https:\/\/mb2812.de\/wp-content\/uploads\/2024\/07\/IMG_7886.jpg 1920w, https:\/\/mb2812.de\/wp-content\/uploads\/2024\/07\/IMG_7886-300x240.jpg 300w, https:\/\/mb2812.de\/wp-content\/uploads\/2024\/07\/IMG_7886-1024x819.jpg 1024w, https:\/\/mb2812.de\/wp-content\/uploads\/2024\/07\/IMG_7886-768x614.jpg 768w, https:\/\/mb2812.de\/wp-content\/uploads\/2024\/07\/IMG_7886-1536x1229.jpg 1536w, https:\/\/mb2812.de\/wp-content\/uploads\/2024\/07\/IMG_7886-668x534.jpg 668w\" sizes=\"auto, (max-width: 1920px) 100vw, 1920px\" \/><\/a><\/figure>\n\n\n\n<p><\/p>\n\n\n\n<figure class=\"wp-block-image aligncenter size-full is-resized\"><a href=\"https:\/\/mb2812.de\/wp-content\/uploads\/2024\/07\/IMG_6551.jpg\" target=\"_blank\" rel=\" noreferrer noopener\"><img loading=\"lazy\" decoding=\"async\" width=\"1920\" height=\"1536\" src=\"https:\/\/mb2812.de\/wp-content\/uploads\/2024\/07\/IMG_6551.jpg\" alt=\"\" class=\"wp-image-14117\" style=\"width:800px\" srcset=\"https:\/\/mb2812.de\/wp-content\/uploads\/2024\/07\/IMG_6551.jpg 1920w, https:\/\/mb2812.de\/wp-content\/uploads\/2024\/07\/IMG_6551-300x240.jpg 300w, https:\/\/mb2812.de\/wp-content\/uploads\/2024\/07\/IMG_6551-1024x819.jpg 1024w, https:\/\/mb2812.de\/wp-content\/uploads\/2024\/07\/IMG_6551-768x614.jpg 768w, https:\/\/mb2812.de\/wp-content\/uploads\/2024\/07\/IMG_6551-1536x1229.jpg 1536w, https:\/\/mb2812.de\/wp-content\/uploads\/2024\/07\/IMG_6551-668x534.jpg 668w\" sizes=\"auto, (max-width: 1920px) 100vw, 1920px\" \/><\/a><\/figure>\n\n\n\n<p><\/p>\n\n\n\n<figure class=\"wp-block-image aligncenter size-full is-resized\"><a href=\"https:\/\/mb2812.de\/wp-content\/uploads\/2024\/07\/DSC01101-ARW-1619.jpg\" target=\"_blank\" rel=\" noreferrer noopener\"><img loading=\"lazy\" decoding=\"async\" width=\"1920\" height=\"1536\" src=\"https:\/\/mb2812.de\/wp-content\/uploads\/2024\/07\/DSC01101-ARW-1619.jpg\" alt=\"\" class=\"wp-image-14098\" style=\"width:800px\" srcset=\"https:\/\/mb2812.de\/wp-content\/uploads\/2024\/07\/DSC01101-ARW-1619.jpg 1920w, https:\/\/mb2812.de\/wp-content\/uploads\/2024\/07\/DSC01101-ARW-1619-300x240.jpg 300w, https:\/\/mb2812.de\/wp-content\/uploads\/2024\/07\/DSC01101-ARW-1619-1024x819.jpg 1024w, https:\/\/mb2812.de\/wp-content\/uploads\/2024\/07\/DSC01101-ARW-1619-768x614.jpg 768w, https:\/\/mb2812.de\/wp-content\/uploads\/2024\/07\/DSC01101-ARW-1619-1536x1229.jpg 1536w, https:\/\/mb2812.de\/wp-content\/uploads\/2024\/07\/DSC01101-ARW-1619-668x534.jpg 668w\" sizes=\"auto, (max-width: 1920px) 100vw, 1920px\" \/><\/a><figcaption class=\"wp-element-caption\"><em>Nochmal die Schlossm\u00fchle<\/em><\/figcaption><\/figure>\n\n\n\n<p>Und damit kommen wir zum Malm\u00f6hus. Dies ist eine ab 1526 entstandene Burganlage im Renaissancestil, urspr\u00fcnglich war sie der westliche Au\u00dfenposten der Stadtmauer. Zum Schluss wurde die Burg als Gef\u00e4ngnis genutzt, ab 1909 als Notunterkunft f\u00fcr arme B\u00fcrger. Und ab 1937 wurde ein erstes Museum hier eingerichtet, heute befindet sich im Malm\u00f6hus das Kunstmuseum und das st\u00e4dtische Museum.<\/p>\n\n\n\n<p>Wir haben den Bau von au\u00dfen bewundert und waren auch einmal im Innenhof (Burghof).<\/p>\n\n\n\n<figure class=\"wp-block-image aligncenter size-full is-resized\"><a href=\"https:\/\/mb2812.de\/wp-content\/uploads\/2024\/07\/DSC01102-ARW-1620.jpg\" target=\"_blank\" rel=\" noreferrer noopener\"><img loading=\"lazy\" decoding=\"async\" width=\"1920\" height=\"1536\" src=\"https:\/\/mb2812.de\/wp-content\/uploads\/2024\/07\/DSC01102-ARW-1620.jpg\" alt=\"\" class=\"wp-image-14099\" style=\"width:800px\" srcset=\"https:\/\/mb2812.de\/wp-content\/uploads\/2024\/07\/DSC01102-ARW-1620.jpg 1920w, https:\/\/mb2812.de\/wp-content\/uploads\/2024\/07\/DSC01102-ARW-1620-300x240.jpg 300w, https:\/\/mb2812.de\/wp-content\/uploads\/2024\/07\/DSC01102-ARW-1620-1024x819.jpg 1024w, https:\/\/mb2812.de\/wp-content\/uploads\/2024\/07\/DSC01102-ARW-1620-768x614.jpg 768w, https:\/\/mb2812.de\/wp-content\/uploads\/2024\/07\/DSC01102-ARW-1620-1536x1229.jpg 1536w, https:\/\/mb2812.de\/wp-content\/uploads\/2024\/07\/DSC01102-ARW-1620-668x534.jpg 668w\" sizes=\"auto, (max-width: 1920px) 100vw, 1920px\" \/><\/a><figcaption class=\"wp-element-caption\"><em>Das Geb\u00e4ude mit dem Eingang und der dahin f\u00fchrenden Br\u00fccke \u00fcber den Wassergraben<\/em><\/figcaption><\/figure>\n\n\n\n<figure class=\"wp-block-image aligncenter size-large is-resized\"><a href=\"https:\/\/mb2812.de\/wp-content\/uploads\/2024\/07\/DSC01103-ARW-1623.jpg\" target=\"_blank\" rel=\"noopener\"><img loading=\"lazy\" decoding=\"async\" width=\"682\" height=\"1024\" src=\"https:\/\/mb2812.de\/wp-content\/uploads\/2024\/07\/DSC01103-ARW-1623-682x1024.jpg\" alt=\"\" class=\"wp-image-14100\" style=\"width:535px\" srcset=\"https:\/\/mb2812.de\/wp-content\/uploads\/2024\/07\/DSC01103-ARW-1623-682x1024.jpg 682w, https:\/\/mb2812.de\/wp-content\/uploads\/2024\/07\/DSC01103-ARW-1623-200x300.jpg 200w, https:\/\/mb2812.de\/wp-content\/uploads\/2024\/07\/DSC01103-ARW-1623-768x1153.jpg 768w, https:\/\/mb2812.de\/wp-content\/uploads\/2024\/07\/DSC01103-ARW-1623-1023x1536.jpg 1023w, https:\/\/mb2812.de\/wp-content\/uploads\/2024\/07\/DSC01103-ARW-1623-668x1003.jpg 668w, https:\/\/mb2812.de\/wp-content\/uploads\/2024\/07\/DSC01103-ARW-1623.jpg 1279w\" sizes=\"auto, (max-width: 682px) 100vw, 682px\" \/><\/a><figcaption class=\"wp-element-caption\"><em>Im Innenhof<\/em><\/figcaption><\/figure>\n\n\n\n<figure class=\"wp-block-image aligncenter size-full is-resized\"><a href=\"https:\/\/mb2812.de\/wp-content\/uploads\/2024\/07\/IMG_7903.jpg\" target=\"_blank\" rel=\"noopener\"><img loading=\"lazy\" decoding=\"async\" width=\"1440\" height=\"1920\" src=\"https:\/\/mb2812.de\/wp-content\/uploads\/2024\/07\/IMG_7903.jpg\" alt=\"\" class=\"wp-image-14130\" style=\"width:600px;height:auto\" srcset=\"https:\/\/mb2812.de\/wp-content\/uploads\/2024\/07\/IMG_7903.jpg 1440w, https:\/\/mb2812.de\/wp-content\/uploads\/2024\/07\/IMG_7903-225x300.jpg 225w, https:\/\/mb2812.de\/wp-content\/uploads\/2024\/07\/IMG_7903-768x1024.jpg 768w, https:\/\/mb2812.de\/wp-content\/uploads\/2024\/07\/IMG_7903-1152x1536.jpg 1152w, https:\/\/mb2812.de\/wp-content\/uploads\/2024\/07\/IMG_7903-668x891.jpg 668w\" sizes=\"auto, (max-width: 1440px) 100vw, 1440px\" \/><\/a><figcaption class=\"wp-element-caption\"><em>Dort steht die Skulptur &#8222;Gycklaren&#8220; (Das Karussel) von Sten Ericson (1909-2001), 1958 geschaffen.<\/em><\/figcaption><\/figure>\n\n\n\n<p>Danach gehen wir weiter, und zwar wieder zur\u00fcck in die Innenstadt Malm\u00f6s. \u00dcber die Slottsbron \u00fcberqueren wir den Parkkanal und dabei haben wir nochmal einen Blick auf das &#8222;Turning Torso&#8220;<em> <\/em>Hochhaus. Wir kommen dann in den \u00e4ltesten Teil Malm\u00f6s und \u00fcber Repslagaregatan (Seilmacherstra\u00dfe) und Hyregatan kommen wir zu den zentralen Pl\u00e4tzen in der Innenstadt: Lilla Torg und Stortorget.<\/p>\n\n\n\n<figure class=\"wp-block-image aligncenter size-full is-resized\"><a href=\"https:\/\/mb2812.de\/wp-content\/uploads\/2024\/07\/DSC01106-ARW.jpg\" target=\"_blank\" rel=\" noreferrer noopener\"><img loading=\"lazy\" decoding=\"async\" width=\"1920\" height=\"1536\" src=\"https:\/\/mb2812.de\/wp-content\/uploads\/2024\/07\/DSC01106-ARW.jpg\" alt=\"\" class=\"wp-image-14101\" style=\"width:800px\" srcset=\"https:\/\/mb2812.de\/wp-content\/uploads\/2024\/07\/DSC01106-ARW.jpg 1920w, https:\/\/mb2812.de\/wp-content\/uploads\/2024\/07\/DSC01106-ARW-300x240.jpg 300w, https:\/\/mb2812.de\/wp-content\/uploads\/2024\/07\/DSC01106-ARW-1024x819.jpg 1024w, https:\/\/mb2812.de\/wp-content\/uploads\/2024\/07\/DSC01106-ARW-768x614.jpg 768w, https:\/\/mb2812.de\/wp-content\/uploads\/2024\/07\/DSC01106-ARW-1536x1229.jpg 1536w, https:\/\/mb2812.de\/wp-content\/uploads\/2024\/07\/DSC01106-ARW-668x534.jpg 668w\" sizes=\"auto, (max-width: 1920px) 100vw, 1920px\" \/><\/a><figcaption class=\"wp-element-caption\"><em>Turning Torso von der Slottsbron aus<\/em><\/figcaption><\/figure>\n\n\n\n<figure class=\"wp-block-image aligncenter size-full is-resized\"><a href=\"https:\/\/mb2812.de\/wp-content\/uploads\/2024\/07\/DSC01107-ARW-1628.jpg\" target=\"_blank\" rel=\" noreferrer noopener\"><img loading=\"lazy\" decoding=\"async\" width=\"1920\" height=\"1536\" src=\"https:\/\/mb2812.de\/wp-content\/uploads\/2024\/07\/DSC01107-ARW-1628.jpg\" alt=\"\" class=\"wp-image-14102\" style=\"width:800px\" srcset=\"https:\/\/mb2812.de\/wp-content\/uploads\/2024\/07\/DSC01107-ARW-1628.jpg 1920w, https:\/\/mb2812.de\/wp-content\/uploads\/2024\/07\/DSC01107-ARW-1628-300x240.jpg 300w, https:\/\/mb2812.de\/wp-content\/uploads\/2024\/07\/DSC01107-ARW-1628-1024x819.jpg 1024w, https:\/\/mb2812.de\/wp-content\/uploads\/2024\/07\/DSC01107-ARW-1628-768x614.jpg 768w, https:\/\/mb2812.de\/wp-content\/uploads\/2024\/07\/DSC01107-ARW-1628-1536x1229.jpg 1536w, https:\/\/mb2812.de\/wp-content\/uploads\/2024\/07\/DSC01107-ARW-1628-668x534.jpg 668w\" sizes=\"auto, (max-width: 1920px) 100vw, 1920px\" \/><\/a><figcaption class=\"wp-element-caption\"><em>Repslagaregatan<\/em><\/figcaption><\/figure>\n\n\n\n<figure class=\"wp-block-image aligncenter size-full is-resized\"><a href=\"https:\/\/mb2812.de\/wp-content\/uploads\/2024\/07\/DSC01108-ARW.jpg\" target=\"_blank\" rel=\" noreferrer noopener\"><img loading=\"lazy\" decoding=\"async\" width=\"1920\" height=\"1536\" src=\"https:\/\/mb2812.de\/wp-content\/uploads\/2024\/07\/DSC01108-ARW.jpg\" alt=\"\" class=\"wp-image-14103\" style=\"width:800px\" srcset=\"https:\/\/mb2812.de\/wp-content\/uploads\/2024\/07\/DSC01108-ARW.jpg 1920w, https:\/\/mb2812.de\/wp-content\/uploads\/2024\/07\/DSC01108-ARW-300x240.jpg 300w, https:\/\/mb2812.de\/wp-content\/uploads\/2024\/07\/DSC01108-ARW-1024x819.jpg 1024w, https:\/\/mb2812.de\/wp-content\/uploads\/2024\/07\/DSC01108-ARW-768x614.jpg 768w, https:\/\/mb2812.de\/wp-content\/uploads\/2024\/07\/DSC01108-ARW-1536x1229.jpg 1536w, https:\/\/mb2812.de\/wp-content\/uploads\/2024\/07\/DSC01108-ARW-668x534.jpg 668w\" sizes=\"auto, (max-width: 1920px) 100vw, 1920px\" \/><\/a><figcaption class=\"wp-element-caption\"><em><em>Repslagaregatan<\/em><\/em><\/figcaption><\/figure>\n\n\n\n<figure class=\"wp-block-image aligncenter size-full is-resized\"><a href=\"https:\/\/mb2812.de\/wp-content\/uploads\/2024\/07\/DSC01109-ARW-1626.jpg\" target=\"_blank\" rel=\"noopener\"><img loading=\"lazy\" decoding=\"async\" width=\"1440\" height=\"1920\" src=\"https:\/\/mb2812.de\/wp-content\/uploads\/2024\/07\/DSC01109-ARW-1626.jpg\" alt=\"\" class=\"wp-image-14104\" style=\"width:600px\" srcset=\"https:\/\/mb2812.de\/wp-content\/uploads\/2024\/07\/DSC01109-ARW-1626.jpg 1440w, https:\/\/mb2812.de\/wp-content\/uploads\/2024\/07\/DSC01109-ARW-1626-225x300.jpg 225w, https:\/\/mb2812.de\/wp-content\/uploads\/2024\/07\/DSC01109-ARW-1626-768x1024.jpg 768w, https:\/\/mb2812.de\/wp-content\/uploads\/2024\/07\/DSC01109-ARW-1626-1152x1536.jpg 1152w, https:\/\/mb2812.de\/wp-content\/uploads\/2024\/07\/DSC01109-ARW-1626-668x891.jpg 668w\" sizes=\"auto, (max-width: 1440px) 100vw, 1440px\" \/><\/a><figcaption class=\"wp-element-caption\"><em>Hyregatan<\/em><\/figcaption><\/figure>\n\n\n\n<figure class=\"wp-block-image aligncenter size-full is-resized\"><a href=\"https:\/\/mb2812.de\/wp-content\/uploads\/2024\/07\/IMG_7912.jpg\" target=\"_blank\" rel=\" noreferrer noopener\"><img loading=\"lazy\" decoding=\"async\" width=\"1920\" height=\"1536\" src=\"https:\/\/mb2812.de\/wp-content\/uploads\/2024\/07\/IMG_7912.jpg\" alt=\"\" class=\"wp-image-14131\" style=\"width:800px\" srcset=\"https:\/\/mb2812.de\/wp-content\/uploads\/2024\/07\/IMG_7912.jpg 1920w, https:\/\/mb2812.de\/wp-content\/uploads\/2024\/07\/IMG_7912-300x240.jpg 300w, https:\/\/mb2812.de\/wp-content\/uploads\/2024\/07\/IMG_7912-1024x819.jpg 1024w, https:\/\/mb2812.de\/wp-content\/uploads\/2024\/07\/IMG_7912-768x614.jpg 768w, https:\/\/mb2812.de\/wp-content\/uploads\/2024\/07\/IMG_7912-1536x1229.jpg 1536w, https:\/\/mb2812.de\/wp-content\/uploads\/2024\/07\/IMG_7912-668x534.jpg 668w\" sizes=\"auto, (max-width: 1920px) 100vw, 1920px\" \/><\/a><figcaption class=\"wp-element-caption\"><em>Hyregatan<\/em><\/figcaption><\/figure>\n\n\n\n<figure class=\"wp-block-image aligncenter size-full is-resized\"><a href=\"https:\/\/mb2812.de\/wp-content\/uploads\/2024\/07\/IMG_7916.jpg\" target=\"_blank\" rel=\"noopener\"><img loading=\"lazy\" decoding=\"async\" width=\"1440\" height=\"1920\" src=\"https:\/\/mb2812.de\/wp-content\/uploads\/2024\/07\/IMG_7916.jpg\" alt=\"\" class=\"wp-image-14132\" style=\"width:600px\" srcset=\"https:\/\/mb2812.de\/wp-content\/uploads\/2024\/07\/IMG_7916.jpg 1440w, https:\/\/mb2812.de\/wp-content\/uploads\/2024\/07\/IMG_7916-225x300.jpg 225w, https:\/\/mb2812.de\/wp-content\/uploads\/2024\/07\/IMG_7916-768x1024.jpg 768w, https:\/\/mb2812.de\/wp-content\/uploads\/2024\/07\/IMG_7916-1152x1536.jpg 1152w, https:\/\/mb2812.de\/wp-content\/uploads\/2024\/07\/IMG_7916-668x891.jpg 668w\" sizes=\"auto, (max-width: 1440px) 100vw, 1440px\" \/><\/a><figcaption class=\"wp-element-caption\"><em>Hyregatan<\/em><\/figcaption><\/figure>\n\n\n\n<p>Drei Fotos vom Lilla Torg:<\/p>\n\n\n\n<figure class=\"wp-block-image aligncenter size-full is-resized\"><a href=\"https:\/\/mb2812.de\/wp-content\/uploads\/2024\/07\/DSC01110-ARW-1603.jpg\" target=\"_blank\" rel=\" noreferrer noopener\"><img loading=\"lazy\" decoding=\"async\" width=\"1920\" height=\"1536\" src=\"https:\/\/mb2812.de\/wp-content\/uploads\/2024\/07\/DSC01110-ARW-1603.jpg\" alt=\"\" class=\"wp-image-14105\" style=\"width:800px\" srcset=\"https:\/\/mb2812.de\/wp-content\/uploads\/2024\/07\/DSC01110-ARW-1603.jpg 1920w, https:\/\/mb2812.de\/wp-content\/uploads\/2024\/07\/DSC01110-ARW-1603-300x240.jpg 300w, https:\/\/mb2812.de\/wp-content\/uploads\/2024\/07\/DSC01110-ARW-1603-1024x819.jpg 1024w, https:\/\/mb2812.de\/wp-content\/uploads\/2024\/07\/DSC01110-ARW-1603-768x614.jpg 768w, https:\/\/mb2812.de\/wp-content\/uploads\/2024\/07\/DSC01110-ARW-1603-1536x1229.jpg 1536w, https:\/\/mb2812.de\/wp-content\/uploads\/2024\/07\/DSC01110-ARW-1603-668x534.jpg 668w\" sizes=\"auto, (max-width: 1920px) 100vw, 1920px\" \/><\/a><\/figure>\n\n\n\n<p><\/p>\n\n\n\n<figure class=\"wp-block-image aligncenter size-full is-resized\"><a href=\"https:\/\/mb2812.de\/wp-content\/uploads\/2024\/07\/DSC01111-ARW-1609.jpg\" target=\"_blank\" rel=\" noreferrer noopener\"><img loading=\"lazy\" decoding=\"async\" width=\"1920\" height=\"1536\" src=\"https:\/\/mb2812.de\/wp-content\/uploads\/2024\/07\/DSC01111-ARW-1609.jpg\" alt=\"\" class=\"wp-image-14106\" style=\"width:800px\" srcset=\"https:\/\/mb2812.de\/wp-content\/uploads\/2024\/07\/DSC01111-ARW-1609.jpg 1920w, https:\/\/mb2812.de\/wp-content\/uploads\/2024\/07\/DSC01111-ARW-1609-300x240.jpg 300w, https:\/\/mb2812.de\/wp-content\/uploads\/2024\/07\/DSC01111-ARW-1609-1024x819.jpg 1024w, https:\/\/mb2812.de\/wp-content\/uploads\/2024\/07\/DSC01111-ARW-1609-768x614.jpg 768w, https:\/\/mb2812.de\/wp-content\/uploads\/2024\/07\/DSC01111-ARW-1609-1536x1229.jpg 1536w, https:\/\/mb2812.de\/wp-content\/uploads\/2024\/07\/DSC01111-ARW-1609-668x534.jpg 668w\" sizes=\"auto, (max-width: 1920px) 100vw, 1920px\" \/><\/a><\/figure>\n\n\n\n<p><\/p>\n\n\n\n<figure class=\"wp-block-image aligncenter size-full is-resized\"><a href=\"https:\/\/mb2812.de\/wp-content\/uploads\/2024\/07\/DSC01112-ARW.jpg\" target=\"_blank\" rel=\" noreferrer noopener\"><img loading=\"lazy\" decoding=\"async\" width=\"1920\" height=\"1536\" src=\"https:\/\/mb2812.de\/wp-content\/uploads\/2024\/07\/DSC01112-ARW.jpg\" alt=\"\" class=\"wp-image-14107\" style=\"width:800px\" srcset=\"https:\/\/mb2812.de\/wp-content\/uploads\/2024\/07\/DSC01112-ARW.jpg 1920w, https:\/\/mb2812.de\/wp-content\/uploads\/2024\/07\/DSC01112-ARW-300x240.jpg 300w, https:\/\/mb2812.de\/wp-content\/uploads\/2024\/07\/DSC01112-ARW-1024x819.jpg 1024w, https:\/\/mb2812.de\/wp-content\/uploads\/2024\/07\/DSC01112-ARW-768x614.jpg 768w, https:\/\/mb2812.de\/wp-content\/uploads\/2024\/07\/DSC01112-ARW-1536x1229.jpg 1536w, https:\/\/mb2812.de\/wp-content\/uploads\/2024\/07\/DSC01112-ARW-668x534.jpg 668w\" sizes=\"auto, (max-width: 1920px) 100vw, 1920px\" \/><\/a><\/figure>\n\n\n\n<p>Und kurz darauf sind wir dann auf dem entralen Platz in Malm\u00f6s Altstadt, dem Stortorget (Gro\u00dfer Marktplatz). Direkt auf dem Platz findet sich ein Reiterstandbild des schwedischen K\u00f6nigs Karl X. Gustav (1622 &#8211; 1660) und der Platz selber ist von vielen historischen Geb\u00e4uden umgeben.<\/p>\n\n\n\n<figure class=\"wp-block-image aligncenter size-full is-resized\"><a href=\"https:\/\/mb2812.de\/wp-content\/uploads\/2024\/07\/DSC01113-ARW.jpg\" target=\"_blank\" rel=\" noreferrer noopener\"><img loading=\"lazy\" decoding=\"async\" width=\"1920\" height=\"1536\" src=\"https:\/\/mb2812.de\/wp-content\/uploads\/2024\/07\/DSC01113-ARW.jpg\" alt=\"\" class=\"wp-image-14108\" style=\"width:800px\" srcset=\"https:\/\/mb2812.de\/wp-content\/uploads\/2024\/07\/DSC01113-ARW.jpg 1920w, https:\/\/mb2812.de\/wp-content\/uploads\/2024\/07\/DSC01113-ARW-300x240.jpg 300w, https:\/\/mb2812.de\/wp-content\/uploads\/2024\/07\/DSC01113-ARW-1024x819.jpg 1024w, https:\/\/mb2812.de\/wp-content\/uploads\/2024\/07\/DSC01113-ARW-768x614.jpg 768w, https:\/\/mb2812.de\/wp-content\/uploads\/2024\/07\/DSC01113-ARW-1536x1229.jpg 1536w, https:\/\/mb2812.de\/wp-content\/uploads\/2024\/07\/DSC01113-ARW-668x534.jpg 668w\" sizes=\"auto, (max-width: 1920px) 100vw, 1920px\" \/><\/a><figcaption class=\"wp-element-caption\"><em>Das Reiterstandbild von Karl X. Gustav<\/em><\/figcaption><\/figure>\n\n\n\n<figure class=\"wp-block-image aligncenter size-full is-resized\"><a href=\"https:\/\/mb2812.de\/wp-content\/uploads\/2024\/07\/DSC01115-ARW-1616.jpg\" target=\"_blank\" rel=\" noreferrer noopener\"><img loading=\"lazy\" decoding=\"async\" width=\"1920\" height=\"1536\" src=\"https:\/\/mb2812.de\/wp-content\/uploads\/2024\/07\/DSC01115-ARW-1616.jpg\" alt=\"\" class=\"wp-image-14109\" style=\"width:800px\" srcset=\"https:\/\/mb2812.de\/wp-content\/uploads\/2024\/07\/DSC01115-ARW-1616.jpg 1920w, https:\/\/mb2812.de\/wp-content\/uploads\/2024\/07\/DSC01115-ARW-1616-300x240.jpg 300w, https:\/\/mb2812.de\/wp-content\/uploads\/2024\/07\/DSC01115-ARW-1616-1024x819.jpg 1024w, https:\/\/mb2812.de\/wp-content\/uploads\/2024\/07\/DSC01115-ARW-1616-768x614.jpg 768w, https:\/\/mb2812.de\/wp-content\/uploads\/2024\/07\/DSC01115-ARW-1616-1536x1229.jpg 1536w, https:\/\/mb2812.de\/wp-content\/uploads\/2024\/07\/DSC01115-ARW-1616-668x534.jpg 668w\" sizes=\"auto, (max-width: 1920px) 100vw, 1920px\" \/><\/a><figcaption class=\"wp-element-caption\"><em>Das im Jahre 1546 fertiggestellte Rathaus <\/em><\/figcaption><\/figure>\n\n\n\n<figure class=\"wp-block-image aligncenter size-full is-resized\"><a href=\"https:\/\/mb2812.de\/wp-content\/uploads\/2024\/07\/DSC01119-ARW.jpg\" target=\"_blank\" rel=\" noreferrer noopener\"><img loading=\"lazy\" decoding=\"async\" width=\"1920\" height=\"1536\" src=\"https:\/\/mb2812.de\/wp-content\/uploads\/2024\/07\/DSC01119-ARW.jpg\" alt=\"\" class=\"wp-image-14110\" style=\"width:800px\" srcset=\"https:\/\/mb2812.de\/wp-content\/uploads\/2024\/07\/DSC01119-ARW.jpg 1920w, https:\/\/mb2812.de\/wp-content\/uploads\/2024\/07\/DSC01119-ARW-300x240.jpg 300w, https:\/\/mb2812.de\/wp-content\/uploads\/2024\/07\/DSC01119-ARW-1024x819.jpg 1024w, https:\/\/mb2812.de\/wp-content\/uploads\/2024\/07\/DSC01119-ARW-768x614.jpg 768w, https:\/\/mb2812.de\/wp-content\/uploads\/2024\/07\/DSC01119-ARW-1536x1229.jpg 1536w, https:\/\/mb2812.de\/wp-content\/uploads\/2024\/07\/DSC01119-ARW-668x534.jpg 668w\" sizes=\"auto, (max-width: 1920px) 100vw, 1920px\" \/><\/a><figcaption class=\"wp-element-caption\"><em>Blick von der Platzmitte zur S\u00f6dergatan mit der 1895 bis 1898 erbauten L\u00f6wenapotheke<\/em><\/figcaption><\/figure>\n\n\n\n<figure class=\"wp-block-image aligncenter size-full is-resized\"><a href=\"https:\/\/mb2812.de\/wp-content\/uploads\/2024\/07\/DSC01120-ARW.jpg\" target=\"_blank\" rel=\"noopener\"><img loading=\"lazy\" decoding=\"async\" width=\"1286\" height=\"1920\" src=\"https:\/\/mb2812.de\/wp-content\/uploads\/2024\/07\/DSC01120-ARW.jpg\" alt=\"\" class=\"wp-image-14111\" style=\"width:535px\" srcset=\"https:\/\/mb2812.de\/wp-content\/uploads\/2024\/07\/DSC01120-ARW.jpg 1286w, https:\/\/mb2812.de\/wp-content\/uploads\/2024\/07\/DSC01120-ARW-201x300.jpg 201w, https:\/\/mb2812.de\/wp-content\/uploads\/2024\/07\/DSC01120-ARW-686x1024.jpg 686w, https:\/\/mb2812.de\/wp-content\/uploads\/2024\/07\/DSC01120-ARW-768x1147.jpg 768w, https:\/\/mb2812.de\/wp-content\/uploads\/2024\/07\/DSC01120-ARW-1029x1536.jpg 1029w, https:\/\/mb2812.de\/wp-content\/uploads\/2024\/07\/DSC01120-ARW-668x997.jpg 668w\" sizes=\"auto, (max-width: 1286px) 100vw, 1286px\" \/><\/a><figcaption class=\"wp-element-caption\"><em>Das Rathaus hinter dem in den 1960er Jahren installierten Jubil\u00e4umsbrunnen<\/em><\/figcaption><\/figure>\n\n\n\n<figure class=\"wp-block-image aligncenter size-full is-resized\"><a href=\"https:\/\/mb2812.de\/wp-content\/uploads\/2024\/07\/DSC01123-ARW-1610.jpg\" target=\"_blank\" rel=\" noreferrer noopener\"><img loading=\"lazy\" decoding=\"async\" width=\"1920\" height=\"1536\" src=\"https:\/\/mb2812.de\/wp-content\/uploads\/2024\/07\/DSC01123-ARW-1610.jpg\" alt=\"\" class=\"wp-image-14112\" style=\"width:800px\" srcset=\"https:\/\/mb2812.de\/wp-content\/uploads\/2024\/07\/DSC01123-ARW-1610.jpg 1920w, https:\/\/mb2812.de\/wp-content\/uploads\/2024\/07\/DSC01123-ARW-1610-300x240.jpg 300w, https:\/\/mb2812.de\/wp-content\/uploads\/2024\/07\/DSC01123-ARW-1610-1024x819.jpg 1024w, https:\/\/mb2812.de\/wp-content\/uploads\/2024\/07\/DSC01123-ARW-1610-768x614.jpg 768w, https:\/\/mb2812.de\/wp-content\/uploads\/2024\/07\/DSC01123-ARW-1610-1536x1229.jpg 1536w, https:\/\/mb2812.de\/wp-content\/uploads\/2024\/07\/DSC01123-ARW-1610-668x534.jpg 668w\" sizes=\"auto, (max-width: 1920px) 100vw, 1920px\" \/><\/a><figcaption class=\"wp-element-caption\"><em>Und hier die L\u00f6wenapotheke und der Beginn der S\u00f6dergatan hinter dem Brunnen<\/em><\/figcaption><\/figure>\n\n\n\n<figure class=\"wp-block-image aligncenter size-full is-resized\"><a href=\"https:\/\/mb2812.de\/wp-content\/uploads\/2024\/07\/DSC01125-ARW-1618.jpg\" target=\"_blank\" rel=\"noopener\"><img loading=\"lazy\" decoding=\"async\" width=\"1288\" height=\"1920\" src=\"https:\/\/mb2812.de\/wp-content\/uploads\/2024\/07\/DSC01125-ARW-1618.jpg\" alt=\"\" class=\"wp-image-14113\" style=\"width:535px\" srcset=\"https:\/\/mb2812.de\/wp-content\/uploads\/2024\/07\/DSC01125-ARW-1618.jpg 1288w, https:\/\/mb2812.de\/wp-content\/uploads\/2024\/07\/DSC01125-ARW-1618-201x300.jpg 201w, https:\/\/mb2812.de\/wp-content\/uploads\/2024\/07\/DSC01125-ARW-1618-687x1024.jpg 687w, https:\/\/mb2812.de\/wp-content\/uploads\/2024\/07\/DSC01125-ARW-1618-768x1145.jpg 768w, https:\/\/mb2812.de\/wp-content\/uploads\/2024\/07\/DSC01125-ARW-1618-1030x1536.jpg 1030w, https:\/\/mb2812.de\/wp-content\/uploads\/2024\/07\/DSC01125-ARW-1618-668x996.jpg 668w\" sizes=\"auto, (max-width: 1288px) 100vw, 1288px\" \/><\/a><figcaption class=\"wp-element-caption\"><em>Rechts ist die n\u00f6rdliche Ecke des Rathauses, links daneben die Kyrkogaten die zur St. Petri Kirche f\u00fchrt, deren Turm wir im Hintergrund sehen<\/em><\/figcaption><\/figure>\n\n\n\n<figure class=\"wp-block-image aligncenter size-full is-resized\"><a href=\"https:\/\/mb2812.de\/wp-content\/uploads\/2024\/07\/IMG_7945.jpg\" target=\"_blank\" rel=\"noopener\"><img loading=\"lazy\" decoding=\"async\" width=\"1440\" height=\"1920\" src=\"https:\/\/mb2812.de\/wp-content\/uploads\/2024\/07\/IMG_7945.jpg\" alt=\"\" class=\"wp-image-14134\" style=\"width:600px\" srcset=\"https:\/\/mb2812.de\/wp-content\/uploads\/2024\/07\/IMG_7945.jpg 1440w, https:\/\/mb2812.de\/wp-content\/uploads\/2024\/07\/IMG_7945-225x300.jpg 225w, https:\/\/mb2812.de\/wp-content\/uploads\/2024\/07\/IMG_7945-768x1024.jpg 768w, https:\/\/mb2812.de\/wp-content\/uploads\/2024\/07\/IMG_7945-1152x1536.jpg 1152w, https:\/\/mb2812.de\/wp-content\/uploads\/2024\/07\/IMG_7945-668x891.jpg 668w\" sizes=\"auto, (max-width: 1440px) 100vw, 1440px\" \/><\/a><figcaption class=\"wp-element-caption\"><em>Innen in der St. Petri Kirche<\/em><\/figcaption><\/figure>\n\n\n\n<p>Das war dann unser Besuch in Malmo, wir gehen zum Bahnhof zur\u00fcck und mit dem n\u00e4chsten Zug fahren wir wieder nach Kopenhagen und machen Pause im Hotel.<\/p>\n\n\n\n<p>Abends haben wir im &#8222;Kanalen&#8220;, einem Restaurant mal wieder in Christanshavn, reserviert. Das Restaurant liegt dem Namen entsprechend dem Namen direkt an einem Kanal. Wir sind recht fr\u00fch da und k\u00f6nnen noch eine Runde um den Block drehen.<\/p>\n\n\n\n<figure class=\"wp-block-image aligncenter size-full is-resized\"><a href=\"https:\/\/mb2812.de\/wp-content\/uploads\/2024\/07\/IMG_6557.jpg\" target=\"_blank\" rel=\" noreferrer noopener\"><img loading=\"lazy\" decoding=\"async\" width=\"1920\" height=\"1536\" src=\"https:\/\/mb2812.de\/wp-content\/uploads\/2024\/07\/IMG_6557.jpg\" alt=\"\" class=\"wp-image-14118\" style=\"width:800px\" srcset=\"https:\/\/mb2812.de\/wp-content\/uploads\/2024\/07\/IMG_6557.jpg 1920w, https:\/\/mb2812.de\/wp-content\/uploads\/2024\/07\/IMG_6557-300x240.jpg 300w, https:\/\/mb2812.de\/wp-content\/uploads\/2024\/07\/IMG_6557-1024x819.jpg 1024w, https:\/\/mb2812.de\/wp-content\/uploads\/2024\/07\/IMG_6557-768x614.jpg 768w, https:\/\/mb2812.de\/wp-content\/uploads\/2024\/07\/IMG_6557-1536x1229.jpg 1536w, https:\/\/mb2812.de\/wp-content\/uploads\/2024\/07\/IMG_6557-668x534.jpg 668w\" sizes=\"auto, (max-width: 1920px) 100vw, 1920px\" \/><\/a><figcaption class=\"wp-element-caption\"><em>Das Restaurant von der Wildersbro aus gesehen<\/em><\/figcaption><\/figure>\n\n\n\n<figure class=\"wp-block-image aligncenter size-full is-resized\"><a href=\"https:\/\/mb2812.de\/wp-content\/uploads\/2024\/07\/IMG_6559.jpg\" target=\"_blank\" rel=\" noreferrer noopener\"><img loading=\"lazy\" decoding=\"async\" width=\"1920\" height=\"1536\" src=\"https:\/\/mb2812.de\/wp-content\/uploads\/2024\/07\/IMG_6559.jpg\" alt=\"\" class=\"wp-image-14119\" style=\"width:800px\" srcset=\"https:\/\/mb2812.de\/wp-content\/uploads\/2024\/07\/IMG_6559.jpg 1920w, https:\/\/mb2812.de\/wp-content\/uploads\/2024\/07\/IMG_6559-300x240.jpg 300w, https:\/\/mb2812.de\/wp-content\/uploads\/2024\/07\/IMG_6559-1024x819.jpg 1024w, https:\/\/mb2812.de\/wp-content\/uploads\/2024\/07\/IMG_6559-768x614.jpg 768w, https:\/\/mb2812.de\/wp-content\/uploads\/2024\/07\/IMG_6559-1536x1229.jpg 1536w, https:\/\/mb2812.de\/wp-content\/uploads\/2024\/07\/IMG_6559-668x534.jpg 668w\" sizes=\"auto, (max-width: 1920px) 100vw, 1920px\" \/><\/a><figcaption class=\"wp-element-caption\"><em>Der Wilderskanal mit dem Restaurant links<\/em><\/figcaption><\/figure>\n\n\n\n<figure class=\"wp-block-image aligncenter size-full is-resized\"><a href=\"https:\/\/mb2812.de\/wp-content\/uploads\/2024\/07\/IMG_6562-1617.jpg\" target=\"_blank\" rel=\" noreferrer noopener\"><img loading=\"lazy\" decoding=\"async\" width=\"1920\" height=\"1536\" src=\"https:\/\/mb2812.de\/wp-content\/uploads\/2024\/07\/IMG_6562-1617.jpg\" alt=\"\" class=\"wp-image-14120\" style=\"width:800px\" srcset=\"https:\/\/mb2812.de\/wp-content\/uploads\/2024\/07\/IMG_6562-1617.jpg 1920w, https:\/\/mb2812.de\/wp-content\/uploads\/2024\/07\/IMG_6562-1617-300x240.jpg 300w, https:\/\/mb2812.de\/wp-content\/uploads\/2024\/07\/IMG_6562-1617-1024x819.jpg 1024w, https:\/\/mb2812.de\/wp-content\/uploads\/2024\/07\/IMG_6562-1617-768x614.jpg 768w, https:\/\/mb2812.de\/wp-content\/uploads\/2024\/07\/IMG_6562-1617-1536x1229.jpg 1536w, https:\/\/mb2812.de\/wp-content\/uploads\/2024\/07\/IMG_6562-1617-668x534.jpg 668w\" sizes=\"auto, (max-width: 1920px) 100vw, 1920px\" \/><\/a><figcaption class=\"wp-element-caption\"><em>Die Einm\u00fcndung des Wilders Kanal in den Christianshavn Kanal, im Hintergrund der Turm der Vor Frelsers Kirke, einer Barockkirche aus dem 17. Jahrhundert<\/em><\/figcaption><\/figure>\n\n\n\n<figure class=\"wp-block-image aligncenter size-full is-resized\"><a href=\"https:\/\/mb2812.de\/wp-content\/uploads\/2024\/07\/IMG_6565-1605.jpg\" target=\"_blank\" rel=\"noopener\"><img loading=\"lazy\" decoding=\"async\" width=\"1443\" height=\"1920\" src=\"https:\/\/mb2812.de\/wp-content\/uploads\/2024\/07\/IMG_6565-1605.jpg\" alt=\"\" class=\"wp-image-14122\" style=\"width:600px\" srcset=\"https:\/\/mb2812.de\/wp-content\/uploads\/2024\/07\/IMG_6565-1605.jpg 1443w, https:\/\/mb2812.de\/wp-content\/uploads\/2024\/07\/IMG_6565-1605-225x300.jpg 225w, https:\/\/mb2812.de\/wp-content\/uploads\/2024\/07\/IMG_6565-1605-770x1024.jpg 770w, https:\/\/mb2812.de\/wp-content\/uploads\/2024\/07\/IMG_6565-1605-768x1022.jpg 768w, https:\/\/mb2812.de\/wp-content\/uploads\/2024\/07\/IMG_6565-1605-1154x1536.jpg 1154w, https:\/\/mb2812.de\/wp-content\/uploads\/2024\/07\/IMG_6565-1605-668x889.jpg 668w\" sizes=\"auto, (max-width: 1443px) 100vw, 1443px\" \/><\/a><figcaption class=\"wp-element-caption\"><em>Die Speisekarte<\/em><\/figcaption><\/figure>\n\n\n\n<figure class=\"wp-block-image aligncenter size-full is-resized\"><a href=\"https:\/\/mb2812.de\/wp-content\/uploads\/2024\/07\/IMG_6564-1612.jpg\" target=\"_blank\" rel=\" noreferrer noopener\"><img loading=\"lazy\" decoding=\"async\" width=\"1920\" height=\"1536\" src=\"https:\/\/mb2812.de\/wp-content\/uploads\/2024\/07\/IMG_6564-1612.jpg\" alt=\"\" class=\"wp-image-14121\" style=\"width:800px\" srcset=\"https:\/\/mb2812.de\/wp-content\/uploads\/2024\/07\/IMG_6564-1612.jpg 1920w, https:\/\/mb2812.de\/wp-content\/uploads\/2024\/07\/IMG_6564-1612-300x240.jpg 300w, https:\/\/mb2812.de\/wp-content\/uploads\/2024\/07\/IMG_6564-1612-1024x819.jpg 1024w, https:\/\/mb2812.de\/wp-content\/uploads\/2024\/07\/IMG_6564-1612-768x614.jpg 768w, https:\/\/mb2812.de\/wp-content\/uploads\/2024\/07\/IMG_6564-1612-1536x1229.jpg 1536w, https:\/\/mb2812.de\/wp-content\/uploads\/2024\/07\/IMG_6564-1612-668x534.jpg 668w\" sizes=\"auto, (max-width: 1920px) 100vw, 1920px\" \/><\/a><figcaption class=\"wp-element-caption\"><em>Da sitzen wir, direkt am Kanal<\/em><\/figcaption><\/figure>\n\n\n\n<p>Das Essen war sehr gut. Danach hatten wir keine gro\u00dfe Lust mehr auf eine Wanderung und sind mit der Metro zum Hotel zur\u00fcck gefahren.<\/p>\n\n\n\n<figure class=\"wp-block-image aligncenter size-large\"><a href=\"https:\/\/mb2812.de\/wp-content\/uploads\/2024\/06\/IMG_6566-1613.jpg\" target=\"_blank\" rel=\" noreferrer noopener\"><img loading=\"lazy\" decoding=\"async\" width=\"1024\" height=\"819\" src=\"https:\/\/mb2812.de\/wp-content\/uploads\/2024\/06\/IMG_6566-1613-1024x819.jpg\" alt=\"\" class=\"wp-image-18221\" srcset=\"https:\/\/mb2812.de\/wp-content\/uploads\/2024\/06\/IMG_6566-1613-1024x819.jpg 1024w, https:\/\/mb2812.de\/wp-content\/uploads\/2024\/06\/IMG_6566-1613-300x240.jpg 300w, https:\/\/mb2812.de\/wp-content\/uploads\/2024\/06\/IMG_6566-1613-768x614.jpg 768w, https:\/\/mb2812.de\/wp-content\/uploads\/2024\/06\/IMG_6566-1613-1536x1229.jpg 1536w, https:\/\/mb2812.de\/wp-content\/uploads\/2024\/06\/IMG_6566-1613.jpg 1920w\" sizes=\"auto, (max-width: 1024px) 100vw, 1024px\" \/><\/a><figcaption class=\"wp-element-caption\"><em>Auf dem Weg zur Metro Station kommen wir am Asiatisk Plads vorbei, links Eigtveds Pakhus. Das ist  ein in in den Jahren 1748\u20131750 unter der Leitung des Hofarchitekten Nicolai Eigtved erbautes Lagerhaus, nach Renovierung ist es seit 1982 Konferenzzentrum des d\u00e4nischen Au\u00dfenministeriums<\/em><\/figcaption><\/figure>\n","protected":false},"excerpt":{"rendered":"<p>Ein Ausflug mit dem \u00d6resundzug ins schwedische Malm\u00f6.<\/p>\n","protected":false},"author":1,"featured_media":14108,"comment_status":"closed","ping_status":"closed","sticky":false,"template":"","format":"standard","meta":{"footnotes":""},"categories":[261],"tags":[246,198,262,263,269,268],"class_list":["post-14083","post","type-post","status-publish","format-standard","has-post-thumbnail","hentry","category-kopenhagen-2024","tag-246","tag-bahn","tag-daenemark","tag-kopenhagen","tag-malmoe","tag-schweden"],"_links":{"self":[{"href":"https:\/\/mb2812.de\/index.php?rest_route=\/wp\/v2\/posts\/14083","targetHints":{"allow":["GET"]}}],"collection":[{"href":"https:\/\/mb2812.de\/index.php?rest_route=\/wp\/v2\/posts"}],"about":[{"href":"https:\/\/mb2812.de\/index.php?rest_route=\/wp\/v2\/types\/post"}],"author":[{"embeddable":true,"href":"https:\/\/mb2812.de\/index.php?rest_route=\/wp\/v2\/users\/1"}],"replies":[{"embeddable":true,"href":"https:\/\/mb2812.de\/index.php?rest_route=%2Fwp%2Fv2%2Fcomments&post=14083"}],"version-history":[{"count":20,"href":"https:\/\/mb2812.de\/index.php?rest_route=\/wp\/v2\/posts\/14083\/revisions"}],"predecessor-version":[{"id":18224,"href":"https:\/\/mb2812.de\/index.php?rest_route=\/wp\/v2\/posts\/14083\/revisions\/18224"}],"wp:featuredmedia":[{"embeddable":true,"href":"https:\/\/mb2812.de\/index.php?rest_route=\/wp\/v2\/media\/14108"}],"wp:attachment":[{"href":"https:\/\/mb2812.de\/index.php?rest_route=%2Fwp%2Fv2%2Fmedia&parent=14083"}],"wp:term":[{"taxonomy":"category","embeddable":true,"href":"https:\/\/mb2812.de\/index.php?rest_route=%2Fwp%2Fv2%2Fcategories&post=14083"},{"taxonomy":"post_tag","embeddable":true,"href":"https:\/\/mb2812.de\/index.php?rest_route=%2Fwp%2Fv2%2Ftags&post=14083"}],"curies":[{"name":"wp","href":"https:\/\/api.w.org\/{rel}","templated":true}]}}