{"id":14030,"date":"2024-06-06T09:00:11","date_gmt":"2024-06-06T07:00:11","guid":{"rendered":"https:\/\/mb2812.de\/?p=14030"},"modified":"2025-05-27T14:54:07","modified_gmt":"2025-05-27T12:54:07","slug":"helsingoer-ii-die-stadt","status":"publish","type":"post","link":"https:\/\/mb2812.de\/?p=14030","title":{"rendered":"Helsing\u00f8r II &#8211; Die Stadt"},"content":{"rendered":"\n<p>Als wir am Montagn zum erstenmal nach Helsing\u00f8r fuhren, stoppten wir am Museum Lousiana und haben dann in Helsing\u00f8r nur das Schloss Kronsborg besichtigt. Von der Stadt hatten wir nicht viel gesehen. Das wollen wir korrigieren, denn nach der Tourismusinformation &#8222;verf\u00fcgt Helsing\u00f8r \u00fcber einen der am besten erhaltenen historischen Stadtkerne Europas mit vielen sch\u00f6n restaurierten H\u00e4usern, in den architektonischen Stilen vom 15. Jh. bis zur Gegenwart&#8220;. Also fahren wir heute noch mal hin.<\/p>\n\n\n\n<p>Wie \u00fcblich mit dem Bus geht es zum Hauptbahnhof und dann mit dem Zug nach Helsing\u00f8r. Im Bahnhof in Helsing\u00f8r dokumentieren wir nochmals den d\u00e4nischen Nahverkehr:<\/p>\n\n\n\n<figure class=\"wp-block-image aligncenter size-full is-resized\"><a href=\"https:\/\/mb2812.de\/wp-content\/uploads\/2024\/07\/IMG_6531.jpg\" target=\"_blank\" rel=\" noreferrer noopener\"><img loading=\"lazy\" decoding=\"async\" width=\"1920\" height=\"1536\" src=\"https:\/\/mb2812.de\/wp-content\/uploads\/2024\/07\/IMG_6531.jpg\" alt=\"\" class=\"wp-image-14053\" style=\"width:800px\" srcset=\"https:\/\/mb2812.de\/wp-content\/uploads\/2024\/07\/IMG_6531.jpg 1920w, https:\/\/mb2812.de\/wp-content\/uploads\/2024\/07\/IMG_6531-300x240.jpg 300w, https:\/\/mb2812.de\/wp-content\/uploads\/2024\/07\/IMG_6531-1024x819.jpg 1024w, https:\/\/mb2812.de\/wp-content\/uploads\/2024\/07\/IMG_6531-768x614.jpg 768w, https:\/\/mb2812.de\/wp-content\/uploads\/2024\/07\/IMG_6531-1536x1229.jpg 1536w, https:\/\/mb2812.de\/wp-content\/uploads\/2024\/07\/IMG_6531-668x534.jpg 668w\" sizes=\"auto, (max-width: 1920px) 100vw, 1920px\" \/><\/a><figcaption class=\"wp-element-caption\"><em>Im Bahnhof Helsing\u00f8r: Rechts eine IC3 Garnitur, links ein Zug aus Doppelstockwagen mit Elektrolok<\/em>.<em> Die Garnituren verkehren bunt gemischt im Viertelstundentakt zwischen Kopenhagen und Helsing\u00f8r<\/em><\/figcaption><\/figure>\n\n\n\n<!--more-->\n\n\n\n<figure class=\"wp-block-image aligncenter size-full is-resized\"><a href=\"https:\/\/mb2812.de\/wp-content\/uploads\/2024\/07\/DSC00974-ARW-1581.jpg\" target=\"_blank\" rel=\" noreferrer noopener\"><img loading=\"lazy\" decoding=\"async\" width=\"1920\" height=\"1536\" src=\"https:\/\/mb2812.de\/wp-content\/uploads\/2024\/07\/DSC00974-ARW-1581.jpg\" alt=\"\" class=\"wp-image-14031\" style=\"width:800px\" srcset=\"https:\/\/mb2812.de\/wp-content\/uploads\/2024\/07\/DSC00974-ARW-1581.jpg 1920w, https:\/\/mb2812.de\/wp-content\/uploads\/2024\/07\/DSC00974-ARW-1581-300x240.jpg 300w, https:\/\/mb2812.de\/wp-content\/uploads\/2024\/07\/DSC00974-ARW-1581-1024x819.jpg 1024w, https:\/\/mb2812.de\/wp-content\/uploads\/2024\/07\/DSC00974-ARW-1581-768x614.jpg 768w, https:\/\/mb2812.de\/wp-content\/uploads\/2024\/07\/DSC00974-ARW-1581-1536x1229.jpg 1536w, https:\/\/mb2812.de\/wp-content\/uploads\/2024\/07\/DSC00974-ARW-1581-668x534.jpg 668w\" sizes=\"auto, (max-width: 1920px) 100vw, 1920px\" \/><\/a><figcaption class=\"wp-element-caption\"><em>Nochmal der Doppelstock<\/em>zug, <em>links ist jetzt ein &#8222;Lokaltog&#8220; eingefahren<\/em><\/figcaption><\/figure>\n\n\n\n<figure class=\"wp-block-image aligncenter size-full is-resized\"><a href=\"https:\/\/mb2812.de\/wp-content\/uploads\/2024\/07\/IMG_7723-1580.jpg\" target=\"_blank\" rel=\" noreferrer noopener\"><img loading=\"lazy\" decoding=\"async\" width=\"1920\" height=\"1536\" src=\"https:\/\/mb2812.de\/wp-content\/uploads\/2024\/07\/IMG_7723-1580.jpg\" alt=\"\" class=\"wp-image-14062\" style=\"width:800px\" srcset=\"https:\/\/mb2812.de\/wp-content\/uploads\/2024\/07\/IMG_7723-1580.jpg 1920w, https:\/\/mb2812.de\/wp-content\/uploads\/2024\/07\/IMG_7723-1580-300x240.jpg 300w, https:\/\/mb2812.de\/wp-content\/uploads\/2024\/07\/IMG_7723-1580-1024x819.jpg 1024w, https:\/\/mb2812.de\/wp-content\/uploads\/2024\/07\/IMG_7723-1580-768x614.jpg 768w, https:\/\/mb2812.de\/wp-content\/uploads\/2024\/07\/IMG_7723-1580-1536x1229.jpg 1536w, https:\/\/mb2812.de\/wp-content\/uploads\/2024\/07\/IMG_7723-1580-668x534.jpg 668w\" sizes=\"auto, (max-width: 1920px) 100vw, 1920px\" \/><\/a><figcaption class=\"wp-element-caption\"><em>Dies ist die Eingangshalle des Bahnhofsgeb\u00e4udes, die eigentlich nur noch als Zugang zu B\u00fcros verwendet wird. &nbsp;Das Bahnhofsgeb\u00e4ude stammt von 1891 und wurde von Niels Peder Christian Hols\u00f8e&nbsp;und&nbsp;Heinrich Wenck&nbsp;im Neo-Renaissance&nbsp;Stil entworfen.<\/em><\/figcaption><\/figure>\n\n\n\n<figure class=\"wp-block-image aligncenter size-full is-resized\"><a href=\"https:\/\/mb2812.de\/wp-content\/uploads\/2024\/07\/IMG_7703-1579.jpg\" target=\"_blank\" rel=\" noreferrer noopener\"><img loading=\"lazy\" decoding=\"async\" width=\"1920\" height=\"1536\" src=\"https:\/\/mb2812.de\/wp-content\/uploads\/2024\/07\/IMG_7703-1579.jpg\" alt=\"\" class=\"wp-image-14060\" style=\"width:800px\" srcset=\"https:\/\/mb2812.de\/wp-content\/uploads\/2024\/07\/IMG_7703-1579.jpg 1920w, https:\/\/mb2812.de\/wp-content\/uploads\/2024\/07\/IMG_7703-1579-300x240.jpg 300w, https:\/\/mb2812.de\/wp-content\/uploads\/2024\/07\/IMG_7703-1579-1024x819.jpg 1024w, https:\/\/mb2812.de\/wp-content\/uploads\/2024\/07\/IMG_7703-1579-768x614.jpg 768w, https:\/\/mb2812.de\/wp-content\/uploads\/2024\/07\/IMG_7703-1579-1536x1229.jpg 1536w, https:\/\/mb2812.de\/wp-content\/uploads\/2024\/07\/IMG_7703-1579-668x534.jpg 668w\" sizes=\"auto, (max-width: 1920px) 100vw, 1920px\" \/><\/a><figcaption class=\"wp-element-caption\"><em>Diirekt an das Bahnhofsgeb\u00f6ude grenzt das F\u00e4hrschiffterminal. Innen ist alles auf Selbstbedienung ausgerichtet<\/em><\/figcaption><\/figure>\n\n\n\n<p>Jetzt geht es ernsthaft in die Stadt hinein, im Prinzip laufen wir entgegen dem Uhrzeiger eine Runde durch die Innenstadt. Wir starten auf der vom Bahnhof in die Stadt f\u00fchrenden &#8222;Bramstr\u00e6de&#8220;. Gleich f\u00e4llt auf, dass man auf schwedische Touristen gut vorbereitet ist. \u00dcberall gibt es Kneipen und Restaurants, und gleich Werbung f\u00fcr &#8222;billigen&#8220; Whisky:<\/p>\n\n\n\n<figure class=\"wp-block-image aligncenter size-full is-resized\"><a href=\"https:\/\/mb2812.de\/wp-content\/uploads\/2024\/07\/DSC00977-ARW-1582.jpg\" target=\"_blank\" rel=\" noreferrer noopener\"><img loading=\"lazy\" decoding=\"async\" width=\"1920\" height=\"1536\" src=\"https:\/\/mb2812.de\/wp-content\/uploads\/2024\/07\/DSC00977-ARW-1582.jpg\" alt=\"\" class=\"wp-image-14032\" style=\"width:800px\" srcset=\"https:\/\/mb2812.de\/wp-content\/uploads\/2024\/07\/DSC00977-ARW-1582.jpg 1920w, https:\/\/mb2812.de\/wp-content\/uploads\/2024\/07\/DSC00977-ARW-1582-300x240.jpg 300w, https:\/\/mb2812.de\/wp-content\/uploads\/2024\/07\/DSC00977-ARW-1582-1024x819.jpg 1024w, https:\/\/mb2812.de\/wp-content\/uploads\/2024\/07\/DSC00977-ARW-1582-768x614.jpg 768w, https:\/\/mb2812.de\/wp-content\/uploads\/2024\/07\/DSC00977-ARW-1582-1536x1229.jpg 1536w, https:\/\/mb2812.de\/wp-content\/uploads\/2024\/07\/DSC00977-ARW-1582-668x534.jpg 668w\" sizes=\"auto, (max-width: 1920px) 100vw, 1920px\" \/><\/a><figcaption class=\"wp-element-caption\"><em>Kreuzung Bramstr\u00e6de<\/em>\/<em>Strandgade<\/em><\/figcaption><\/figure>\n\n\n\n<figure class=\"wp-block-image aligncenter size-full is-resized\"><a href=\"https:\/\/mb2812.de\/wp-content\/uploads\/2024\/07\/DSC00995-ARW-1588.jpg\" target=\"_blank\" rel=\" noreferrer noopener\"><img loading=\"lazy\" decoding=\"async\" width=\"1920\" height=\"1536\" src=\"https:\/\/mb2812.de\/wp-content\/uploads\/2024\/07\/DSC00995-ARW-1588.jpg\" alt=\"\" class=\"wp-image-14036\" style=\"width:800px\" srcset=\"https:\/\/mb2812.de\/wp-content\/uploads\/2024\/07\/DSC00995-ARW-1588.jpg 1920w, https:\/\/mb2812.de\/wp-content\/uploads\/2024\/07\/DSC00995-ARW-1588-300x240.jpg 300w, https:\/\/mb2812.de\/wp-content\/uploads\/2024\/07\/DSC00995-ARW-1588-1024x819.jpg 1024w, https:\/\/mb2812.de\/wp-content\/uploads\/2024\/07\/DSC00995-ARW-1588-768x614.jpg 768w, https:\/\/mb2812.de\/wp-content\/uploads\/2024\/07\/DSC00995-ARW-1588-1536x1229.jpg 1536w, https:\/\/mb2812.de\/wp-content\/uploads\/2024\/07\/DSC00995-ARW-1588-668x534.jpg 668w\" sizes=\"auto, (max-width: 1920px) 100vw, 1920px\" \/><\/a><figcaption class=\"wp-element-caption\"><em>Ein paar Meter die Strandgade entlang, am Havnepladsen<\/em><\/figcaption><\/figure>\n\n\n\n<figure class=\"wp-block-image aligncenter size-full is-resized\"><a href=\"https:\/\/mb2812.de\/wp-content\/uploads\/2024\/07\/DSC00998-ARW.jpg\" target=\"_blank\" rel=\" noreferrer noopener\"><img loading=\"lazy\" decoding=\"async\" width=\"1920\" height=\"1536\" src=\"https:\/\/mb2812.de\/wp-content\/uploads\/2024\/07\/DSC00998-ARW.jpg\" alt=\"\" class=\"wp-image-14037\" style=\"width:800px\" srcset=\"https:\/\/mb2812.de\/wp-content\/uploads\/2024\/07\/DSC00998-ARW.jpg 1920w, https:\/\/mb2812.de\/wp-content\/uploads\/2024\/07\/DSC00998-ARW-300x240.jpg 300w, https:\/\/mb2812.de\/wp-content\/uploads\/2024\/07\/DSC00998-ARW-1024x819.jpg 1024w, https:\/\/mb2812.de\/wp-content\/uploads\/2024\/07\/DSC00998-ARW-768x614.jpg 768w, https:\/\/mb2812.de\/wp-content\/uploads\/2024\/07\/DSC00998-ARW-1536x1229.jpg 1536w, https:\/\/mb2812.de\/wp-content\/uploads\/2024\/07\/DSC00998-ARW-668x534.jpg 668w\" sizes=\"auto, (max-width: 1920px) 100vw, 1920px\" \/><\/a><figcaption class=\"wp-element-caption\"><em>Ein Haus an der Strandgade<\/em><\/figcaption><\/figure>\n\n\n\n<p>Wir laufen weiter entlang der &#8222;Bramstr\u00e6de&#8220;, kurz vor der n\u00e4chsten Kreuzung, gibt es Kaffee und Blumen:<\/p>\n\n\n\n<figure class=\"wp-block-image aligncenter size-full is-resized\"><a href=\"https:\/\/mb2812.de\/wp-content\/uploads\/2024\/07\/DSC00980-ARW.jpg\" target=\"_blank\" rel=\"noopener\"><img loading=\"lazy\" decoding=\"async\" width=\"1440\" height=\"1920\" src=\"https:\/\/mb2812.de\/wp-content\/uploads\/2024\/07\/DSC00980-ARW.jpg\" alt=\"\" class=\"wp-image-14033\" style=\"width:600px\" srcset=\"https:\/\/mb2812.de\/wp-content\/uploads\/2024\/07\/DSC00980-ARW.jpg 1440w, https:\/\/mb2812.de\/wp-content\/uploads\/2024\/07\/DSC00980-ARW-225x300.jpg 225w, https:\/\/mb2812.de\/wp-content\/uploads\/2024\/07\/DSC00980-ARW-768x1024.jpg 768w, https:\/\/mb2812.de\/wp-content\/uploads\/2024\/07\/DSC00980-ARW-1152x1536.jpg 1152w, https:\/\/mb2812.de\/wp-content\/uploads\/2024\/07\/DSC00980-ARW-668x891.jpg 668w\" sizes=\"auto, (max-width: 1440px) 100vw, 1440px\" \/><\/a><\/figure>\n\n\n\n<div style=\"height:12px\" aria-hidden=\"true\" class=\"wp-block-spacer\"><\/div>\n\n\n\n<figure class=\"wp-block-image aligncenter size-full is-resized\"><a href=\"https:\/\/mb2812.de\/wp-content\/uploads\/2024\/07\/IMG_7711-1587.jpg\" target=\"_blank\" rel=\" noreferrer noopener\"><img loading=\"lazy\" decoding=\"async\" width=\"1920\" height=\"1536\" src=\"https:\/\/mb2812.de\/wp-content\/uploads\/2024\/07\/IMG_7711-1587.jpg\" alt=\"\" class=\"wp-image-14061\" style=\"width:800px\" srcset=\"https:\/\/mb2812.de\/wp-content\/uploads\/2024\/07\/IMG_7711-1587.jpg 1920w, https:\/\/mb2812.de\/wp-content\/uploads\/2024\/07\/IMG_7711-1587-300x240.jpg 300w, https:\/\/mb2812.de\/wp-content\/uploads\/2024\/07\/IMG_7711-1587-1024x819.jpg 1024w, https:\/\/mb2812.de\/wp-content\/uploads\/2024\/07\/IMG_7711-1587-768x614.jpg 768w, https:\/\/mb2812.de\/wp-content\/uploads\/2024\/07\/IMG_7711-1587-1536x1229.jpg 1536w, https:\/\/mb2812.de\/wp-content\/uploads\/2024\/07\/IMG_7711-1587-668x534.jpg 668w\" sizes=\"auto, (max-width: 1920px) 100vw, 1920px\" \/><\/a><\/figure>\n\n\n\n<div style=\"height:12px\" aria-hidden=\"true\" class=\"wp-block-spacer\"><\/div>\n\n\n\n<figure class=\"wp-block-image aligncenter size-full is-resized\"><a href=\"https:\/\/mb2812.de\/wp-content\/uploads\/2024\/07\/DSC00983-ARW.jpg\" target=\"_blank\" rel=\" noreferrer noopener\"><img loading=\"lazy\" decoding=\"async\" width=\"1920\" height=\"1484\" src=\"https:\/\/mb2812.de\/wp-content\/uploads\/2024\/07\/DSC00983-ARW.jpg\" alt=\"\" class=\"wp-image-14034\" style=\"width:800px\" srcset=\"https:\/\/mb2812.de\/wp-content\/uploads\/2024\/07\/DSC00983-ARW.jpg 1920w, https:\/\/mb2812.de\/wp-content\/uploads\/2024\/07\/DSC00983-ARW-300x232.jpg 300w, https:\/\/mb2812.de\/wp-content\/uploads\/2024\/07\/DSC00983-ARW-1024x791.jpg 1024w, https:\/\/mb2812.de\/wp-content\/uploads\/2024\/07\/DSC00983-ARW-768x594.jpg 768w, https:\/\/mb2812.de\/wp-content\/uploads\/2024\/07\/DSC00983-ARW-1536x1187.jpg 1536w, https:\/\/mb2812.de\/wp-content\/uploads\/2024\/07\/DSC00983-ARW-668x516.jpg 668w\" sizes=\"auto, (max-width: 1920px) 100vw, 1920px\" \/><\/a><figcaption class=\"wp-element-caption\"><em>Dies ist die  n\u00e4chste querende Stra\u00dfe, Stengade, das scheint die Haupteinkaufsstra\u00dfe zu sein<\/em><\/figcaption><\/figure>\n\n\n\n<figure class=\"wp-block-image aligncenter size-full is-resized\"><a href=\"https:\/\/mb2812.de\/wp-content\/uploads\/2024\/07\/DSC01004-ARW-1589.jpg\" target=\"_blank\" rel=\"noopener\"><img loading=\"lazy\" decoding=\"async\" width=\"1278\" height=\"1920\" src=\"https:\/\/mb2812.de\/wp-content\/uploads\/2024\/07\/DSC01004-ARW-1589.jpg\" alt=\"\" class=\"wp-image-14038\" style=\"width:535px\" srcset=\"https:\/\/mb2812.de\/wp-content\/uploads\/2024\/07\/DSC01004-ARW-1589.jpg 1278w, https:\/\/mb2812.de\/wp-content\/uploads\/2024\/07\/DSC01004-ARW-1589-200x300.jpg 200w, https:\/\/mb2812.de\/wp-content\/uploads\/2024\/07\/DSC01004-ARW-1589-682x1024.jpg 682w, https:\/\/mb2812.de\/wp-content\/uploads\/2024\/07\/DSC01004-ARW-1589-768x1154.jpg 768w, https:\/\/mb2812.de\/wp-content\/uploads\/2024\/07\/DSC01004-ARW-1589-1022x1536.jpg 1022w, https:\/\/mb2812.de\/wp-content\/uploads\/2024\/07\/DSC01004-ARW-1589-668x1004.jpg 668w\" sizes=\"auto, (max-width: 1278px) 100vw, 1278px\" \/><\/a><figcaption class=\"wp-element-caption\"><em>Das Rathaus an der &#8222;Stengade&#8220;<\/em><\/figcaption><\/figure>\n\n\n\n<figure class=\"wp-block-image aligncenter size-full is-resized\"><a href=\"https:\/\/mb2812.de\/wp-content\/uploads\/2024\/07\/DSC01007-ARW.jpg\" target=\"_blank\" rel=\"noopener\"><img loading=\"lazy\" decoding=\"async\" width=\"1440\" height=\"1920\" src=\"https:\/\/mb2812.de\/wp-content\/uploads\/2024\/07\/DSC01007-ARW.jpg\" alt=\"\" class=\"wp-image-14039\" style=\"width:600px\" srcset=\"https:\/\/mb2812.de\/wp-content\/uploads\/2024\/07\/DSC01007-ARW.jpg 1440w, https:\/\/mb2812.de\/wp-content\/uploads\/2024\/07\/DSC01007-ARW-225x300.jpg 225w, https:\/\/mb2812.de\/wp-content\/uploads\/2024\/07\/DSC01007-ARW-768x1024.jpg 768w, https:\/\/mb2812.de\/wp-content\/uploads\/2024\/07\/DSC01007-ARW-1152x1536.jpg 1152w, https:\/\/mb2812.de\/wp-content\/uploads\/2024\/07\/DSC01007-ARW-668x891.jpg 668w\" sizes=\"auto, (max-width: 1440px) 100vw, 1440px\" \/><\/a><figcaption class=\"wp-element-caption\"><em>Der Eingang<\/em> <em>des Rathauses<\/em><\/figcaption><\/figure>\n\n\n\n<figure class=\"wp-block-image aligncenter size-full is-resized\"><a href=\"https:\/\/mb2812.de\/wp-content\/uploads\/2024\/07\/DSC01010-1590.jpg\" target=\"_blank\" rel=\"noopener\"><img loading=\"lazy\" decoding=\"async\" width=\"1440\" height=\"1920\" src=\"https:\/\/mb2812.de\/wp-content\/uploads\/2024\/07\/DSC01010-1590.jpg\" alt=\"\" class=\"wp-image-14040\" style=\"width:600px\" srcset=\"https:\/\/mb2812.de\/wp-content\/uploads\/2024\/07\/DSC01010-1590.jpg 1440w, https:\/\/mb2812.de\/wp-content\/uploads\/2024\/07\/DSC01010-1590-225x300.jpg 225w, https:\/\/mb2812.de\/wp-content\/uploads\/2024\/07\/DSC01010-1590-768x1024.jpg 768w, https:\/\/mb2812.de\/wp-content\/uploads\/2024\/07\/DSC01010-1590-1152x1536.jpg 1152w, https:\/\/mb2812.de\/wp-content\/uploads\/2024\/07\/DSC01010-1590-668x891.jpg 668w\" sizes=\"auto, (max-width: 1440px) 100vw, 1440px\" \/><\/a><figcaption class=\"wp-element-caption\"><em>Die Gl. F\u00e6rgestr\u00e6de, eine<\/em> <em>der mittelalterlichen Verbindungswege zwischen der Hauptstra\u00dfe (Stengade) und dem Ufer. Sie wurde in einen &#8222;alten&#8220; Zustand zur\u00fcckversetzt<\/em><\/figcaption><\/figure>\n\n\n\n<figure class=\"wp-block-image aligncenter size-full is-resized\"><a href=\"https:\/\/mb2812.de\/wp-content\/uploads\/2024\/07\/IMG_7745.jpg\" target=\"_blank\" rel=\"noopener\"><img loading=\"lazy\" decoding=\"async\" width=\"1440\" height=\"1920\" src=\"https:\/\/mb2812.de\/wp-content\/uploads\/2024\/07\/IMG_7745.jpg\" alt=\"\" class=\"wp-image-14063\" style=\"width:600px\" srcset=\"https:\/\/mb2812.de\/wp-content\/uploads\/2024\/07\/IMG_7745.jpg 1440w, https:\/\/mb2812.de\/wp-content\/uploads\/2024\/07\/IMG_7745-225x300.jpg 225w, https:\/\/mb2812.de\/wp-content\/uploads\/2024\/07\/IMG_7745-768x1024.jpg 768w, https:\/\/mb2812.de\/wp-content\/uploads\/2024\/07\/IMG_7745-1152x1536.jpg 1152w, https:\/\/mb2812.de\/wp-content\/uploads\/2024\/07\/IMG_7745-668x891.jpg 668w\" sizes=\"auto, (max-width: 1440px) 100vw, 1440px\" \/><\/a><figcaption class=\"wp-element-caption\"><em>Alte H\u00e4user in der Hestem\u00f8llestr\u00e6de<\/em><\/figcaption><\/figure>\n\n\n\n<figure class=\"wp-block-image aligncenter size-full is-resized\"><a href=\"https:\/\/mb2812.de\/wp-content\/uploads\/2024\/07\/DSC01019-ARW.jpg\" target=\"_blank\" rel=\" noreferrer noopener\"><img loading=\"lazy\" decoding=\"async\" width=\"1920\" height=\"1536\" src=\"https:\/\/mb2812.de\/wp-content\/uploads\/2024\/07\/DSC01019-ARW.jpg\" alt=\"\" class=\"wp-image-14042\" style=\"width:800px\" srcset=\"https:\/\/mb2812.de\/wp-content\/uploads\/2024\/07\/DSC01019-ARW.jpg 1920w, https:\/\/mb2812.de\/wp-content\/uploads\/2024\/07\/DSC01019-ARW-300x240.jpg 300w, https:\/\/mb2812.de\/wp-content\/uploads\/2024\/07\/DSC01019-ARW-1024x819.jpg 1024w, https:\/\/mb2812.de\/wp-content\/uploads\/2024\/07\/DSC01019-ARW-768x614.jpg 768w, https:\/\/mb2812.de\/wp-content\/uploads\/2024\/07\/DSC01019-ARW-1536x1229.jpg 1536w, https:\/\/mb2812.de\/wp-content\/uploads\/2024\/07\/DSC01019-ARW-668x534.jpg 668w\" sizes=\"auto, (max-width: 1920px) 100vw, 1920px\" \/><\/a><figcaption class=\"wp-element-caption\"><em>Dies ist die gleiche Stelle, aber der Blick geht entlang der Stra\u00dfe zum Hafen und den W\u00e4llen um Schloss Kronsberg<\/em><\/figcaption><\/figure>\n\n\n\n<figure class=\"wp-block-image aligncenter size-full is-resized\"><a href=\"https:\/\/mb2812.de\/wp-content\/uploads\/2024\/07\/DSC01013-ARW-1591.jpg\" target=\"_blank\" rel=\" noreferrer noopener\"><img loading=\"lazy\" decoding=\"async\" width=\"1920\" height=\"1536\" src=\"https:\/\/mb2812.de\/wp-content\/uploads\/2024\/07\/DSC01013-ARW-1591.jpg\" alt=\"\" class=\"wp-image-14041\" style=\"width:800px\" srcset=\"https:\/\/mb2812.de\/wp-content\/uploads\/2024\/07\/DSC01013-ARW-1591.jpg 1920w, https:\/\/mb2812.de\/wp-content\/uploads\/2024\/07\/DSC01013-ARW-1591-300x240.jpg 300w, https:\/\/mb2812.de\/wp-content\/uploads\/2024\/07\/DSC01013-ARW-1591-1024x819.jpg 1024w, https:\/\/mb2812.de\/wp-content\/uploads\/2024\/07\/DSC01013-ARW-1591-768x614.jpg 768w, https:\/\/mb2812.de\/wp-content\/uploads\/2024\/07\/DSC01013-ARW-1591-1536x1229.jpg 1536w, https:\/\/mb2812.de\/wp-content\/uploads\/2024\/07\/DSC01013-ARW-1591-668x534.jpg 668w\" sizes=\"auto, (max-width: 1920px) 100vw, 1920px\" \/><\/a><figcaption class=\"wp-element-caption\"><em>Weiter entlang der St. Anna Gada<\/em><\/figcaption><\/figure>\n\n\n\n<figure class=\"wp-block-image aligncenter size-full is-resized\"><a href=\"https:\/\/mb2812.de\/wp-content\/uploads\/2024\/07\/DSC00989-ARW-1583.jpg\" target=\"_blank\" rel=\"noopener\"><img loading=\"lazy\" decoding=\"async\" width=\"1440\" height=\"1920\" src=\"https:\/\/mb2812.de\/wp-content\/uploads\/2024\/07\/DSC00989-ARW-1583.jpg\" alt=\"\" class=\"wp-image-14035\" style=\"width:600px\" srcset=\"https:\/\/mb2812.de\/wp-content\/uploads\/2024\/07\/DSC00989-ARW-1583.jpg 1440w, https:\/\/mb2812.de\/wp-content\/uploads\/2024\/07\/DSC00989-ARW-1583-225x300.jpg 225w, https:\/\/mb2812.de\/wp-content\/uploads\/2024\/07\/DSC00989-ARW-1583-768x1024.jpg 768w, https:\/\/mb2812.de\/wp-content\/uploads\/2024\/07\/DSC00989-ARW-1583-1152x1536.jpg 1152w, https:\/\/mb2812.de\/wp-content\/uploads\/2024\/07\/DSC00989-ARW-1583-668x891.jpg 668w\" sizes=\"auto, (max-width: 1440px) 100vw, 1440px\" \/><\/a><figcaption class=\"wp-element-caption\"><em>Wir kommen damit zum zentralen Platz, dem Axeltorv. Entlang der Sudergade blickt man auf die Marienkirche, Teil des ab 1430 gebauten Karmeliterklosters<\/em><\/figcaption><\/figure>\n\n\n\n<figure class=\"wp-block-image aligncenter size-full is-resized\"><a href=\"https:\/\/mb2812.de\/wp-content\/uploads\/2024\/07\/DSC01031-ARW-1595.jpg\" target=\"_blank\" rel=\" noreferrer noopener\"><img loading=\"lazy\" decoding=\"async\" width=\"1920\" height=\"1536\" src=\"https:\/\/mb2812.de\/wp-content\/uploads\/2024\/07\/DSC01031-ARW-1595.jpg\" alt=\"\" class=\"wp-image-14043\" style=\"width:800px\" srcset=\"https:\/\/mb2812.de\/wp-content\/uploads\/2024\/07\/DSC01031-ARW-1595.jpg 1920w, https:\/\/mb2812.de\/wp-content\/uploads\/2024\/07\/DSC01031-ARW-1595-300x240.jpg 300w, https:\/\/mb2812.de\/wp-content\/uploads\/2024\/07\/DSC01031-ARW-1595-1024x819.jpg 1024w, https:\/\/mb2812.de\/wp-content\/uploads\/2024\/07\/DSC01031-ARW-1595-768x614.jpg 768w, https:\/\/mb2812.de\/wp-content\/uploads\/2024\/07\/DSC01031-ARW-1595-1536x1229.jpg 1536w, https:\/\/mb2812.de\/wp-content\/uploads\/2024\/07\/DSC01031-ARW-1595-668x534.jpg 668w\" sizes=\"auto, (max-width: 1920px) 100vw, 1920px\" \/><\/a><figcaption class=\"wp-element-caption\"><em>Ansonsten gibt es am Axeltorv jede Menge Caf\u00e9s und Restaurants, hier an der Nordseite (Kampergade)<\/em><\/figcaption><\/figure>\n\n\n\n<figure class=\"wp-block-image aligncenter size-full is-resized\"><a href=\"https:\/\/mb2812.de\/wp-content\/uploads\/2024\/07\/IMG_7751.jpg\" target=\"_blank\" rel=\" noreferrer noopener\"><img loading=\"lazy\" decoding=\"async\" width=\"1920\" height=\"1536\" src=\"https:\/\/mb2812.de\/wp-content\/uploads\/2024\/07\/IMG_7751.jpg\" alt=\"\" class=\"wp-image-14064\" style=\"width:800px\" srcset=\"https:\/\/mb2812.de\/wp-content\/uploads\/2024\/07\/IMG_7751.jpg 1920w, https:\/\/mb2812.de\/wp-content\/uploads\/2024\/07\/IMG_7751-300x240.jpg 300w, https:\/\/mb2812.de\/wp-content\/uploads\/2024\/07\/IMG_7751-1024x819.jpg 1024w, https:\/\/mb2812.de\/wp-content\/uploads\/2024\/07\/IMG_7751-768x614.jpg 768w, https:\/\/mb2812.de\/wp-content\/uploads\/2024\/07\/IMG_7751-1536x1229.jpg 1536w, https:\/\/mb2812.de\/wp-content\/uploads\/2024\/07\/IMG_7751-668x534.jpg 668w\" sizes=\"auto, (max-width: 1920px) 100vw, 1920px\" \/><\/a><figcaption class=\"wp-element-caption\"><em>Noch ein Caf\u00e9<\/em><\/figcaption><\/figure>\n\n\n\n<p>Kommen wir damit zur &#8222;Anna Queens Str\u00e6de&#8220;. Hier haben wir die Erl\u00e4uterungstafel des Stadtrundgangs fotografiert, die \u00fcblicherweise viele Informationen geben:<\/p>\n\n\n\n<figure class=\"wp-block-image aligncenter size-full is-resized\"><img loading=\"lazy\" decoding=\"async\" width=\"1284\" height=\"1712\" src=\"https:\/\/mb2812.de\/wp-content\/uploads\/2024\/06\/IMG_7758-2343.jpg\" alt=\"\" class=\"wp-image-16025\" style=\"width:425px\" srcset=\"https:\/\/mb2812.de\/wp-content\/uploads\/2024\/06\/IMG_7758-2343.jpg 1284w, https:\/\/mb2812.de\/wp-content\/uploads\/2024\/06\/IMG_7758-2343-225x300.jpg 225w, https:\/\/mb2812.de\/wp-content\/uploads\/2024\/06\/IMG_7758-2343-768x1024.jpg 768w, https:\/\/mb2812.de\/wp-content\/uploads\/2024\/06\/IMG_7758-2343-1152x1536.jpg 1152w\" sizes=\"auto, (max-width: 1284px) 100vw, 1284px\" \/><\/figure>\n\n\n\n<p>Und dies sind die Fotos aus der Stra\u00dfe:<\/p>\n\n\n\n<figure class=\"wp-block-image aligncenter size-full is-resized\"><a href=\"https:\/\/mb2812.de\/wp-content\/uploads\/2024\/07\/DSC01037-ARW.jpg\" target=\"_blank\" rel=\"noopener\"><img loading=\"lazy\" decoding=\"async\" width=\"1280\" height=\"1920\" src=\"https:\/\/mb2812.de\/wp-content\/uploads\/2024\/07\/DSC01037-ARW.jpg\" alt=\"\" class=\"wp-image-14044\" style=\"width:535px\" srcset=\"https:\/\/mb2812.de\/wp-content\/uploads\/2024\/07\/DSC01037-ARW.jpg 1280w, https:\/\/mb2812.de\/wp-content\/uploads\/2024\/07\/DSC01037-ARW-200x300.jpg 200w, https:\/\/mb2812.de\/wp-content\/uploads\/2024\/07\/DSC01037-ARW-683x1024.jpg 683w, https:\/\/mb2812.de\/wp-content\/uploads\/2024\/07\/DSC01037-ARW-768x1152.jpg 768w, https:\/\/mb2812.de\/wp-content\/uploads\/2024\/07\/DSC01037-ARW-1024x1536.jpg 1024w, https:\/\/mb2812.de\/wp-content\/uploads\/2024\/07\/DSC01037-ARW-668x1002.jpg 668w\" sizes=\"auto, (max-width: 1280px) 100vw, 1280px\" \/><\/a><\/figure>\n\n\n\n<div style=\"height:12px\" aria-hidden=\"true\" class=\"wp-block-spacer\"><\/div>\n\n\n\n<figure class=\"wp-block-image aligncenter size-full is-resized\"><a href=\"https:\/\/mb2812.de\/wp-content\/uploads\/2024\/07\/DSC01040-ARW.jpg\" target=\"_blank\" rel=\"noopener\"><img loading=\"lazy\" decoding=\"async\" width=\"1285\" height=\"1920\" src=\"https:\/\/mb2812.de\/wp-content\/uploads\/2024\/07\/DSC01040-ARW.jpg\" alt=\"\" class=\"wp-image-14045\" style=\"width:535px\" srcset=\"https:\/\/mb2812.de\/wp-content\/uploads\/2024\/07\/DSC01040-ARW.jpg 1285w, https:\/\/mb2812.de\/wp-content\/uploads\/2024\/07\/DSC01040-ARW-201x300.jpg 201w, https:\/\/mb2812.de\/wp-content\/uploads\/2024\/07\/DSC01040-ARW-685x1024.jpg 685w, https:\/\/mb2812.de\/wp-content\/uploads\/2024\/07\/DSC01040-ARW-768x1148.jpg 768w, https:\/\/mb2812.de\/wp-content\/uploads\/2024\/07\/DSC01040-ARW-1028x1536.jpg 1028w, https:\/\/mb2812.de\/wp-content\/uploads\/2024\/07\/DSC01040-ARW-668x998.jpg 668w\" sizes=\"auto, (max-width: 1285px) 100vw, 1285px\" \/><\/a><\/figure>\n\n\n\n<div style=\"height:12px\" aria-hidden=\"true\" class=\"wp-block-spacer\"><\/div>\n\n\n\n<figure class=\"wp-block-image aligncenter size-full is-resized\"><a href=\"https:\/\/mb2812.de\/wp-content\/uploads\/2024\/07\/IMG_7760-1597-1598.jpg\" target=\"_blank\" rel=\"noopener\"><img loading=\"lazy\" decoding=\"async\" width=\"1694\" height=\"1920\" src=\"https:\/\/mb2812.de\/wp-content\/uploads\/2024\/07\/IMG_7760-1597-1598.jpg\" alt=\"\" class=\"wp-image-14065\" style=\"width:600px\" srcset=\"https:\/\/mb2812.de\/wp-content\/uploads\/2024\/07\/IMG_7760-1597-1598.jpg 1694w, https:\/\/mb2812.de\/wp-content\/uploads\/2024\/07\/IMG_7760-1597-1598-265x300.jpg 265w, https:\/\/mb2812.de\/wp-content\/uploads\/2024\/07\/IMG_7760-1597-1598-903x1024.jpg 903w, https:\/\/mb2812.de\/wp-content\/uploads\/2024\/07\/IMG_7760-1597-1598-768x870.jpg 768w, https:\/\/mb2812.de\/wp-content\/uploads\/2024\/07\/IMG_7760-1597-1598-1355x1536.jpg 1355w, https:\/\/mb2812.de\/wp-content\/uploads\/2024\/07\/IMG_7760-1597-1598-668x757.jpg 668w\" sizes=\"auto, (max-width: 1694px) 100vw, 1694px\" \/><\/a><\/figure>\n\n\n\n<div style=\"height:12px\" aria-hidden=\"true\" class=\"wp-block-spacer\"><\/div>\n\n\n\n<p>Und damit ist unser Rundgang fast zu Ende, \u00fcber die Strandgade gehen wir zur\u00fcck zum Bahnhof. Daher noch zwei Fotos aus dieser Stra\u00dfe:<\/p>\n\n\n\n<figure class=\"wp-block-image aligncenter size-full is-resized\"><a href=\"https:\/\/mb2812.de\/wp-content\/uploads\/2024\/07\/IMG_7762.jpg\" target=\"_blank\" rel=\"noopener\"><img loading=\"lazy\" decoding=\"async\" width=\"1440\" height=\"1920\" src=\"https:\/\/mb2812.de\/wp-content\/uploads\/2024\/07\/IMG_7762.jpg\" alt=\"\" class=\"wp-image-14066\" style=\"width:600px\" srcset=\"https:\/\/mb2812.de\/wp-content\/uploads\/2024\/07\/IMG_7762.jpg 1440w, https:\/\/mb2812.de\/wp-content\/uploads\/2024\/07\/IMG_7762-225x300.jpg 225w, https:\/\/mb2812.de\/wp-content\/uploads\/2024\/07\/IMG_7762-768x1024.jpg 768w, https:\/\/mb2812.de\/wp-content\/uploads\/2024\/07\/IMG_7762-1152x1536.jpg 1152w, https:\/\/mb2812.de\/wp-content\/uploads\/2024\/07\/IMG_7762-668x891.jpg 668w\" sizes=\"auto, (max-width: 1440px) 100vw, 1440px\" \/><\/a><\/figure>\n\n\n\n<div style=\"height:12px\" aria-hidden=\"true\" class=\"wp-block-spacer\"><\/div>\n\n\n\n<figure class=\"wp-block-image aligncenter is-resized\"><a href=\"https:\/\/mb2812.de\/wp-content\/uploads\/2024\/07\/DSC01049-ARW.jpg\" target=\"_blank\" rel=\"noopener\"><img loading=\"lazy\" decoding=\"async\" width=\"768\" height=\"1024\" src=\"https:\/\/mb2812.de\/wp-content\/uploads\/2024\/07\/DSC01049-ARW-768x1024.jpg\" alt=\"\" class=\"wp-image-14046\" style=\"width:600px\" srcset=\"https:\/\/mb2812.de\/wp-content\/uploads\/2024\/07\/DSC01049-ARW-768x1024.jpg 768w, https:\/\/mb2812.de\/wp-content\/uploads\/2024\/07\/DSC01049-ARW-225x300.jpg 225w, https:\/\/mb2812.de\/wp-content\/uploads\/2024\/07\/DSC01049-ARW-1152x1536.jpg 1152w, https:\/\/mb2812.de\/wp-content\/uploads\/2024\/07\/DSC01049-ARW-668x891.jpg 668w, https:\/\/mb2812.de\/wp-content\/uploads\/2024\/07\/DSC01049-ARW.jpg 1440w\" sizes=\"auto, (max-width: 768px) 100vw, 768px\" \/><\/a><figcaption class=\"wp-element-caption\"><em>Das \u00e4lteste Haus Helsing\u00f8rs (Strandgade 27) haben wir aber verpasst, es war uns wohl zu unscheinbar. Dies hier sind Nummern 23 und 25, 27 ist nicht sichtbar hinter der Kurve, das rote Haus ist schon Numer 31.<\/em><\/figcaption><\/figure>\n\n\n\n<p>Am fr\u00fchen Nachmittag, rechtzeitig vor dem Ende der G\u00fcltigkeit unserer Tickets, geht es dann zur\u00fcck nach Kopenhagen.<\/p>\n\n\n\n<figure class=\"wp-block-image aligncenter size-full is-resized\"><a href=\"https:\/\/mb2812.de\/wp-content\/uploads\/2024\/07\/DSC01055-ARW.jpg\" target=\"_blank\" rel=\"noopener\"><img loading=\"lazy\" decoding=\"async\" width=\"1440\" height=\"1920\" src=\"https:\/\/mb2812.de\/wp-content\/uploads\/2024\/07\/DSC01055-ARW.jpg\" alt=\"\" class=\"wp-image-14047\" style=\"width:600px\" srcset=\"https:\/\/mb2812.de\/wp-content\/uploads\/2024\/07\/DSC01055-ARW.jpg 1440w, https:\/\/mb2812.de\/wp-content\/uploads\/2024\/07\/DSC01055-ARW-225x300.jpg 225w, https:\/\/mb2812.de\/wp-content\/uploads\/2024\/07\/DSC01055-ARW-768x1024.jpg 768w, https:\/\/mb2812.de\/wp-content\/uploads\/2024\/07\/DSC01055-ARW-1152x1536.jpg 1152w, https:\/\/mb2812.de\/wp-content\/uploads\/2024\/07\/DSC01055-ARW-668x891.jpg 668w\" sizes=\"auto, (max-width: 1440px) 100vw, 1440px\" \/><\/a><figcaption class=\"wp-element-caption\"><em>Und schon sitzen wir im Zug<\/em><\/figcaption><\/figure>\n\n\n\n<p>Und dann sind wir in Kopenhagen und steigen am \u00d8sterport aus. Und so richtig gef\u00e4llt es uns nicht. Das Wetter hat sich n\u00e4mlich gewandelt, die Sonne ist verschwunden und dichte Wolken sind aufgezogen, und es tr\u00f6pfelt schon recht stark, man k\u00f6nnte es leichten Regen nennen. Wir laufen trotzdem los.<\/p>\n\n\n\n<figure class=\"wp-block-image aligncenter size-full is-resized\"><a href=\"https:\/\/mb2812.de\/wp-content\/uploads\/2024\/07\/IMG_6534.jpg\" target=\"_blank\" rel=\" noreferrer noopener\"><img loading=\"lazy\" decoding=\"async\" width=\"1920\" height=\"1536\" src=\"https:\/\/mb2812.de\/wp-content\/uploads\/2024\/07\/IMG_6534.jpg\" alt=\"\" class=\"wp-image-14055\" style=\"width:800px\" srcset=\"https:\/\/mb2812.de\/wp-content\/uploads\/2024\/07\/IMG_6534.jpg 1920w, https:\/\/mb2812.de\/wp-content\/uploads\/2024\/07\/IMG_6534-300x240.jpg 300w, https:\/\/mb2812.de\/wp-content\/uploads\/2024\/07\/IMG_6534-1024x819.jpg 1024w, https:\/\/mb2812.de\/wp-content\/uploads\/2024\/07\/IMG_6534-768x614.jpg 768w, https:\/\/mb2812.de\/wp-content\/uploads\/2024\/07\/IMG_6534-1536x1229.jpg 1536w, https:\/\/mb2812.de\/wp-content\/uploads\/2024\/07\/IMG_6534-668x534.jpg 668w\" sizes=\"auto, (max-width: 1920px) 100vw, 1920px\" \/><\/a><figcaption class=\"wp-element-caption\"><em>Das ist mitten in Kopenhagen, wir sind in der &#8222;\u00d8stre Anl\u00e6g<\/em>&#8222;, <em>einem<\/em> <em>nach 1870 von H. A. Flindt als\u00a0Englischen Landschaftsgarten angelegtem Stadtpark. \u00a0<\/em><\/figcaption><\/figure>\n\n\n\n<figure class=\"wp-block-image aligncenter size-full is-resized\"><a href=\"https:\/\/mb2812.de\/wp-content\/uploads\/2024\/07\/IMG_6536.jpg\" target=\"_blank\" rel=\" noreferrer noopener\"><img loading=\"lazy\" decoding=\"async\" width=\"1920\" height=\"1536\" src=\"https:\/\/mb2812.de\/wp-content\/uploads\/2024\/07\/IMG_6536.jpg\" alt=\"\" class=\"wp-image-14056\" style=\"width:800px\" srcset=\"https:\/\/mb2812.de\/wp-content\/uploads\/2024\/07\/IMG_6536.jpg 1920w, https:\/\/mb2812.de\/wp-content\/uploads\/2024\/07\/IMG_6536-300x240.jpg 300w, https:\/\/mb2812.de\/wp-content\/uploads\/2024\/07\/IMG_6536-1024x819.jpg 1024w, https:\/\/mb2812.de\/wp-content\/uploads\/2024\/07\/IMG_6536-768x614.jpg 768w, https:\/\/mb2812.de\/wp-content\/uploads\/2024\/07\/IMG_6536-1536x1229.jpg 1536w, https:\/\/mb2812.de\/wp-content\/uploads\/2024\/07\/IMG_6536-668x534.jpg 668w\" sizes=\"auto, (max-width: 1920px) 100vw, 1920px\" \/><\/a><figcaption class=\"wp-element-caption\"><em>Wir laufen durch den Park, am S\u00fcdende befindet sich die D\u00e4nische Nationalgalerie, das &#8222;Statens Museum for Kunst&#8220;. Als erstes sehen wir die R\u00fcckseite mit dem 1998 er\u00f6ffnete Erweiterungsbau der Architektin&nbsp;Anna Maria Indrio<\/em><\/figcaption><\/figure>\n\n\n\n<figure class=\"wp-block-image aligncenter size-full is-resized\"><a href=\"https:\/\/mb2812.de\/wp-content\/uploads\/2024\/07\/IMG_6538-1593.jpg\" target=\"_blank\" rel=\"noopener\"><img loading=\"lazy\" decoding=\"async\" width=\"1440\" height=\"1920\" src=\"https:\/\/mb2812.de\/wp-content\/uploads\/2024\/07\/IMG_6538-1593.jpg\" alt=\"\" class=\"wp-image-14057\" style=\"width:600px\" srcset=\"https:\/\/mb2812.de\/wp-content\/uploads\/2024\/07\/IMG_6538-1593.jpg 1440w, https:\/\/mb2812.de\/wp-content\/uploads\/2024\/07\/IMG_6538-1593-225x300.jpg 225w, https:\/\/mb2812.de\/wp-content\/uploads\/2024\/07\/IMG_6538-1593-768x1024.jpg 768w, https:\/\/mb2812.de\/wp-content\/uploads\/2024\/07\/IMG_6538-1593-1152x1536.jpg 1152w, https:\/\/mb2812.de\/wp-content\/uploads\/2024\/07\/IMG_6538-1593-668x891.jpg 668w\" sizes=\"auto, (max-width: 1440px) 100vw, 1440px\" \/><\/a><figcaption class=\"wp-element-caption\"><em>Die Vorderseite des vom Architekten&nbsp;Vilhelm Dahlerup&nbsp;(1836\u20131907) entworfenen Museums, es wurde 1897 er\u00f6ffnet.<\/em><\/figcaption><\/figure>\n\n\n\n<p>Im Caf\u00e9 des Museums machen wir Mittagspause und dann k\u00fcmmern wir uns gleich ums Abendessen. Wir haben im &#8222;Juju&#8220; reserviert, das ist ganz in der N\u00e4he und wir kundschaften schon einmal die Location aus, um es abends problemlos zu finden.<\/p>\n\n\n\n<figure class=\"wp-block-image aligncenter size-full is-resized\"><a href=\"https:\/\/mb2812.de\/wp-content\/uploads\/2024\/07\/IMG_6541.jpg\" target=\"_blank\" rel=\"noopener\"><img loading=\"lazy\" decoding=\"async\" width=\"1440\" height=\"1920\" src=\"https:\/\/mb2812.de\/wp-content\/uploads\/2024\/07\/IMG_6541.jpg\" alt=\"\" class=\"wp-image-14058\" style=\"width:600px\" srcset=\"https:\/\/mb2812.de\/wp-content\/uploads\/2024\/07\/IMG_6541.jpg 1440w, https:\/\/mb2812.de\/wp-content\/uploads\/2024\/07\/IMG_6541-225x300.jpg 225w, https:\/\/mb2812.de\/wp-content\/uploads\/2024\/07\/IMG_6541-768x1024.jpg 768w, https:\/\/mb2812.de\/wp-content\/uploads\/2024\/07\/IMG_6541-1152x1536.jpg 1152w, https:\/\/mb2812.de\/wp-content\/uploads\/2024\/07\/IMG_6541-668x891.jpg 668w\" sizes=\"auto, (max-width: 1440px) 100vw, 1440px\" \/><\/a><figcaption class=\"wp-element-caption\"><em>Da haben wir das Restaurant gefunden. War jetzt nicht wirklich schwierig<\/em><\/figcaption><\/figure>\n\n\n\n<p>Und dann machen wir uns auf den R\u00fcckweg zum Hotel,  und dabei kommen wir durch den &#8222;Kongens Have&#8220; (K\u00f6nigsgarten) vorbei an Schloss Rosenborg. Das Wetter ist auch wieder besser, die Sonne scheint die meiste Zeit wieder.<\/p>\n\n\n\n<figure class=\"wp-block-image aligncenter size-full is-resized\"><a href=\"https:\/\/mb2812.de\/wp-content\/uploads\/2024\/07\/IMG_7777-1584-1585.jpg\" target=\"_blank\" rel=\"noopener\"><img loading=\"lazy\" decoding=\"async\" width=\"1449\" height=\"1920\" src=\"https:\/\/mb2812.de\/wp-content\/uploads\/2024\/07\/IMG_7777-1584-1585.jpg\" alt=\"\" class=\"wp-image-14067\" style=\"width:600px\" srcset=\"https:\/\/mb2812.de\/wp-content\/uploads\/2024\/07\/IMG_7777-1584-1585.jpg 1449w, https:\/\/mb2812.de\/wp-content\/uploads\/2024\/07\/IMG_7777-1584-1585-226x300.jpg 226w, https:\/\/mb2812.de\/wp-content\/uploads\/2024\/07\/IMG_7777-1584-1585-773x1024.jpg 773w, https:\/\/mb2812.de\/wp-content\/uploads\/2024\/07\/IMG_7777-1584-1585-768x1018.jpg 768w, https:\/\/mb2812.de\/wp-content\/uploads\/2024\/07\/IMG_7777-1584-1585-1159x1536.jpg 1159w, https:\/\/mb2812.de\/wp-content\/uploads\/2024\/07\/IMG_7777-1584-1585-668x885.jpg 668w\" sizes=\"auto, (max-width: 1449px) 100vw, 1449px\" \/><\/a><figcaption class=\"wp-element-caption\"><em>\u00dcbersichtsplan des Kongens Have, der ab 1606 auf Initiative Christian IV. entstanden ist.<\/em><\/figcaption><\/figure>\n\n\n\n<figure class=\"wp-block-image aligncenter size-full is-resized\"><a href=\"https:\/\/mb2812.de\/wp-content\/uploads\/2024\/07\/IMG_7780.jpg\" target=\"_blank\" rel=\" noreferrer noopener\"><img loading=\"lazy\" decoding=\"async\" width=\"1920\" height=\"1536\" src=\"https:\/\/mb2812.de\/wp-content\/uploads\/2024\/07\/IMG_7780.jpg\" alt=\"\" class=\"wp-image-14068\" style=\"width:800px\" srcset=\"https:\/\/mb2812.de\/wp-content\/uploads\/2024\/07\/IMG_7780.jpg 1920w, https:\/\/mb2812.de\/wp-content\/uploads\/2024\/07\/IMG_7780-300x240.jpg 300w, https:\/\/mb2812.de\/wp-content\/uploads\/2024\/07\/IMG_7780-1024x819.jpg 1024w, https:\/\/mb2812.de\/wp-content\/uploads\/2024\/07\/IMG_7780-768x614.jpg 768w, https:\/\/mb2812.de\/wp-content\/uploads\/2024\/07\/IMG_7780-1536x1229.jpg 1536w, https:\/\/mb2812.de\/wp-content\/uploads\/2024\/07\/IMG_7780-668x534.jpg 668w\" sizes=\"auto, (max-width: 1920px) 100vw, 1920px\" \/><\/a><figcaption class=\"wp-element-caption\"><em>N\u00f6rdlich wird der Park durch die Stra\u00dfe S\u00f8lvgade und daran die S\u00f8lvgade Kasernen von 1771 begrenzt<\/em><\/figcaption><\/figure>\n\n\n\n<figure class=\"wp-block-image aligncenter size-full is-resized\"><a href=\"https:\/\/mb2812.de\/wp-content\/uploads\/2024\/07\/DSC01062-ARW-1594.jpg\" target=\"_blank\" rel=\" noreferrer noopener\"><img loading=\"lazy\" decoding=\"async\" width=\"1920\" height=\"1279\" src=\"https:\/\/mb2812.de\/wp-content\/uploads\/2024\/07\/DSC01062-ARW-1594.jpg\" alt=\"\" class=\"wp-image-14049\" style=\"width:800px\" srcset=\"https:\/\/mb2812.de\/wp-content\/uploads\/2024\/07\/DSC01062-ARW-1594.jpg 1920w, https:\/\/mb2812.de\/wp-content\/uploads\/2024\/07\/DSC01062-ARW-1594-300x200.jpg 300w, https:\/\/mb2812.de\/wp-content\/uploads\/2024\/07\/DSC01062-ARW-1594-1024x682.jpg 1024w, https:\/\/mb2812.de\/wp-content\/uploads\/2024\/07\/DSC01062-ARW-1594-768x512.jpg 768w, https:\/\/mb2812.de\/wp-content\/uploads\/2024\/07\/DSC01062-ARW-1594-1536x1023.jpg 1536w, https:\/\/mb2812.de\/wp-content\/uploads\/2024\/07\/DSC01062-ARW-1594-668x445.jpg 668w\" sizes=\"auto, (max-width: 1920px) 100vw, 1920px\" \/><\/a><figcaption class=\"wp-element-caption\"><em>Schloss Rosenborg wurde in den Park gebaut, hat aber keinen \u00f6ffentlichen Zugang vom Park her. Deswegen sehen wir es nur \u00fcber Mauern und Hecken hinweg<\/em>,<em> hier vom Rosengarten aus<\/em><\/figcaption><\/figure>\n\n\n\n<figure class=\"wp-block-image aligncenter size-full is-resized\"><a href=\"https:\/\/mb2812.de\/wp-content\/uploads\/2024\/07\/DSC01065-ARW.jpg\" target=\"_blank\" rel=\"noopener\"><img loading=\"lazy\" decoding=\"async\" width=\"1287\" height=\"1920\" src=\"https:\/\/mb2812.de\/wp-content\/uploads\/2024\/07\/DSC01065-ARW.jpg\" alt=\"\" class=\"wp-image-14050\" style=\"width:535px\" srcset=\"https:\/\/mb2812.de\/wp-content\/uploads\/2024\/07\/DSC01065-ARW.jpg 1287w, https:\/\/mb2812.de\/wp-content\/uploads\/2024\/07\/DSC01065-ARW-201x300.jpg 201w, https:\/\/mb2812.de\/wp-content\/uploads\/2024\/07\/DSC01065-ARW-686x1024.jpg 686w, https:\/\/mb2812.de\/wp-content\/uploads\/2024\/07\/DSC01065-ARW-768x1146.jpg 768w, https:\/\/mb2812.de\/wp-content\/uploads\/2024\/07\/DSC01065-ARW-1030x1536.jpg 1030w, https:\/\/mb2812.de\/wp-content\/uploads\/2024\/07\/DSC01065-ARW-668x997.jpg 668w\" sizes=\"auto, (max-width: 1287px) 100vw, 1287px\" \/><\/a><figcaption class=\"wp-element-caption\"><em>Die Statue &#8222;Liden Gunver&#8220; von Theobald Stein. Liden Gunver ist ein Lied aus der Oper  &#8222;Fiskerne\u201c (\u201eDie Fischer\u201c) von Johannes Ewald und Johann Hartmann (1780)<\/em><\/figcaption><\/figure>\n\n\n\n<figure class=\"wp-block-image aligncenter size-full is-resized\"><a href=\"https:\/\/mb2812.de\/wp-content\/uploads\/2024\/07\/DSC01069-ARW-1599.jpg\" target=\"_blank\" rel=\"noopener\"><img loading=\"lazy\" decoding=\"async\" width=\"1279\" height=\"1920\" src=\"https:\/\/mb2812.de\/wp-content\/uploads\/2024\/07\/DSC01069-ARW-1599.jpg\" alt=\"\" class=\"wp-image-14051\" style=\"width:535px\" srcset=\"https:\/\/mb2812.de\/wp-content\/uploads\/2024\/07\/DSC01069-ARW-1599.jpg 1279w, https:\/\/mb2812.de\/wp-content\/uploads\/2024\/07\/DSC01069-ARW-1599-200x300.jpg 200w, https:\/\/mb2812.de\/wp-content\/uploads\/2024\/07\/DSC01069-ARW-1599-682x1024.jpg 682w, https:\/\/mb2812.de\/wp-content\/uploads\/2024\/07\/DSC01069-ARW-1599-768x1153.jpg 768w, https:\/\/mb2812.de\/wp-content\/uploads\/2024\/07\/DSC01069-ARW-1599-1023x1536.jpg 1023w, https:\/\/mb2812.de\/wp-content\/uploads\/2024\/07\/DSC01069-ARW-1599-668x1003.jpg 668w\" sizes=\"auto, (max-width: 1279px) 100vw, 1279px\" \/><\/a><figcaption class=\"wp-element-caption\"><em>Noch ein Blick auf Schloss Rosenborg<\/em><\/figcaption><\/figure>\n\n\n\n<figure class=\"wp-block-image aligncenter size-full is-resized\"><a href=\"https:\/\/mb2812.de\/wp-content\/uploads\/2024\/07\/DSC01070-ARW.jpg\" target=\"_blank\" rel=\" noreferrer noopener\"><img loading=\"lazy\" decoding=\"async\" width=\"1920\" height=\"1536\" src=\"https:\/\/mb2812.de\/wp-content\/uploads\/2024\/07\/DSC01070-ARW.jpg\" alt=\"\" class=\"wp-image-14052\" style=\"width:800px\" srcset=\"https:\/\/mb2812.de\/wp-content\/uploads\/2024\/07\/DSC01070-ARW.jpg 1920w, https:\/\/mb2812.de\/wp-content\/uploads\/2024\/07\/DSC01070-ARW-300x240.jpg 300w, https:\/\/mb2812.de\/wp-content\/uploads\/2024\/07\/DSC01070-ARW-1024x819.jpg 1024w, https:\/\/mb2812.de\/wp-content\/uploads\/2024\/07\/DSC01070-ARW-768x614.jpg 768w, https:\/\/mb2812.de\/wp-content\/uploads\/2024\/07\/DSC01070-ARW-1536x1229.jpg 1536w, https:\/\/mb2812.de\/wp-content\/uploads\/2024\/07\/DSC01070-ARW-668x534.jpg 668w\" sizes=\"auto, (max-width: 1920px) 100vw, 1920px\" \/><\/a><figcaption class=\"wp-element-caption\"><em>Neben Schloss Rosenborg an der westlichen Ecke des Parks befindet sich die Kaserne der &#8222;Leibgarde&#8220;, hier der Blick aus dem Park auf das Geb\u00e4ude<\/em><\/figcaption><\/figure>\n\n\n\n<figure class=\"wp-block-image aligncenter size-full is-resized\"><a href=\"https:\/\/mb2812.de\/wp-content\/uploads\/2024\/07\/IMG_7803.jpg\" target=\"_blank\" rel=\" noreferrer noopener\"><img loading=\"lazy\" decoding=\"async\" width=\"1920\" height=\"1536\" src=\"https:\/\/mb2812.de\/wp-content\/uploads\/2024\/07\/IMG_7803.jpg\" alt=\"\" class=\"wp-image-14069\" style=\"width:800px\" srcset=\"https:\/\/mb2812.de\/wp-content\/uploads\/2024\/07\/IMG_7803.jpg 1920w, https:\/\/mb2812.de\/wp-content\/uploads\/2024\/07\/IMG_7803-300x240.jpg 300w, https:\/\/mb2812.de\/wp-content\/uploads\/2024\/07\/IMG_7803-1024x819.jpg 1024w, https:\/\/mb2812.de\/wp-content\/uploads\/2024\/07\/IMG_7803-768x614.jpg 768w, https:\/\/mb2812.de\/wp-content\/uploads\/2024\/07\/IMG_7803-1536x1229.jpg 1536w, https:\/\/mb2812.de\/wp-content\/uploads\/2024\/07\/IMG_7803-668x534.jpg 668w\" sizes=\"auto, (max-width: 1920px) 100vw, 1920px\" \/><\/a><figcaption class=\"wp-element-caption\"><em>Und noch eine Ansicht aus dem Park<\/em><\/figcaption><\/figure>\n\n\n\n<p>Damit kommen wir zum Kongens Nytorv, von dort aus sind wir mit der Metro zum Hotel zur\u00fcck und haben dort Pause gemacht.<\/p>\n\n\n\n<figure class=\"wp-block-image aligncenter size-full is-resized\"><a href=\"https:\/\/mb2812.de\/wp-content\/uploads\/2024\/07\/IMG_7805.jpg\" target=\"_blank\" rel=\"noopener\"><img loading=\"lazy\" decoding=\"async\" width=\"1440\" height=\"1920\" src=\"https:\/\/mb2812.de\/wp-content\/uploads\/2024\/07\/IMG_7805.jpg\" alt=\"\" class=\"wp-image-14070\" style=\"width:600px\" srcset=\"https:\/\/mb2812.de\/wp-content\/uploads\/2024\/07\/IMG_7805.jpg 1440w, https:\/\/mb2812.de\/wp-content\/uploads\/2024\/07\/IMG_7805-225x300.jpg 225w, https:\/\/mb2812.de\/wp-content\/uploads\/2024\/07\/IMG_7805-768x1024.jpg 768w, https:\/\/mb2812.de\/wp-content\/uploads\/2024\/07\/IMG_7805-1152x1536.jpg 1152w, https:\/\/mb2812.de\/wp-content\/uploads\/2024\/07\/IMG_7805-668x891.jpg 668w\" sizes=\"auto, (max-width: 1440px) 100vw, 1440px\" \/><\/a><figcaption class=\"wp-element-caption\"><em>Pause im Hotel<\/em><\/figcaption><\/figure>\n\n\n\n<p>Am fr\u00fchen Abend machen wir uns dann auf den Weg zum Restaurant (wie gesagt, &#8222;Juju&#8220;), zun\u00e4chst mit der Metron bis N\u00f8rreport und dann mit dem Bus.<\/p>\n\n\n\n<figure class=\"wp-block-image aligncenter size-full is-resized\"><a href=\"https:\/\/mb2812.de\/wp-content\/uploads\/2024\/07\/IMG_6542.jpg\" target=\"_blank\" rel=\"noopener\"><img loading=\"lazy\" decoding=\"async\" width=\"1440\" height=\"1920\" src=\"https:\/\/mb2812.de\/wp-content\/uploads\/2024\/07\/IMG_6542.jpg\" alt=\"\" class=\"wp-image-14059\" style=\"width:600px\" srcset=\"https:\/\/mb2812.de\/wp-content\/uploads\/2024\/07\/IMG_6542.jpg 1440w, https:\/\/mb2812.de\/wp-content\/uploads\/2024\/07\/IMG_6542-225x300.jpg 225w, https:\/\/mb2812.de\/wp-content\/uploads\/2024\/07\/IMG_6542-768x1024.jpg 768w, https:\/\/mb2812.de\/wp-content\/uploads\/2024\/07\/IMG_6542-1152x1536.jpg 1152w, https:\/\/mb2812.de\/wp-content\/uploads\/2024\/07\/IMG_6542-668x891.jpg 668w\" sizes=\"auto, (max-width: 1440px) 100vw, 1440px\" \/><\/a><figcaption class=\"wp-element-caption\"><em>Lille Farimagsgade in der N\u00e4he des Restaurants<\/em><\/figcaption><\/figure>\n\n\n\n<figure class=\"wp-block-image aligncenter size-full is-resized\"><a href=\"https:\/\/mb2812.de\/wp-content\/uploads\/2024\/07\/IMG_7810.jpg\" target=\"_blank\" rel=\" noreferrer noopener\"><img loading=\"lazy\" decoding=\"async\" width=\"1920\" height=\"1536\" src=\"https:\/\/mb2812.de\/wp-content\/uploads\/2024\/07\/IMG_7810.jpg\" alt=\"\" class=\"wp-image-14071\" style=\"width:800px\" srcset=\"https:\/\/mb2812.de\/wp-content\/uploads\/2024\/07\/IMG_7810.jpg 1920w, https:\/\/mb2812.de\/wp-content\/uploads\/2024\/07\/IMG_7810-300x240.jpg 300w, https:\/\/mb2812.de\/wp-content\/uploads\/2024\/07\/IMG_7810-1024x819.jpg 1024w, https:\/\/mb2812.de\/wp-content\/uploads\/2024\/07\/IMG_7810-768x614.jpg 768w, https:\/\/mb2812.de\/wp-content\/uploads\/2024\/07\/IMG_7810-1536x1229.jpg 1536w, https:\/\/mb2812.de\/wp-content\/uploads\/2024\/07\/IMG_7810-668x534.jpg 668w\" sizes=\"auto, (max-width: 1920px) 100vw, 1920px\" \/><\/a><figcaption class=\"wp-element-caption\"><em>Da sitzen wir im Restaurant und warten aufs Essen. Man sitzt recht beengt, das Essen ist daf\u00fcr umso besser, es gibt koreanische K\u00fcche auf hohem Niveau<\/em>.<br>(<em>Anmerkung Juni 2025: Das Konzept hat man wohl grundlegend ge\u00e4ndert, nach der Website zu urteilen ist es nun eher ein Imbiss mit &#8222;Korean Fried Chicken&#8220;)<\/em><\/figcaption><\/figure>\n\n\n\n<figure class=\"wp-block-image aligncenter size-full is-resized\"><a href=\"https:\/\/mb2812.de\/wp-content\/uploads\/2024\/07\/IMG_7812.jpg\" target=\"_blank\" rel=\"noopener\"><img loading=\"lazy\" decoding=\"async\" width=\"1920\" height=\"1616\" src=\"https:\/\/mb2812.de\/wp-content\/uploads\/2024\/07\/IMG_7812.jpg\" alt=\"\" class=\"wp-image-14072\" style=\"width:800px\" srcset=\"https:\/\/mb2812.de\/wp-content\/uploads\/2024\/07\/IMG_7812.jpg 1920w, https:\/\/mb2812.de\/wp-content\/uploads\/2024\/07\/IMG_7812-300x253.jpg 300w, https:\/\/mb2812.de\/wp-content\/uploads\/2024\/07\/IMG_7812-1024x862.jpg 1024w, https:\/\/mb2812.de\/wp-content\/uploads\/2024\/07\/IMG_7812-768x646.jpg 768w, https:\/\/mb2812.de\/wp-content\/uploads\/2024\/07\/IMG_7812-1536x1293.jpg 1536w, https:\/\/mb2812.de\/wp-content\/uploads\/2024\/07\/IMG_7812-668x562.jpg 668w\" sizes=\"auto, (max-width: 1920px) 100vw, 1920px\" \/><\/a><figcaption class=\"wp-element-caption\"><em>Zur\u00fcck laufen wir zur \u00d8sterport Station, nicht durch die \u00d8stre Anl\u00e6g<\/em>, <em>sondern die Stockholmsgade n\u00f6rdlich davon, in einer Seitenstra\u00dfe sehen wir dieses Mural<\/em><\/figcaption><\/figure>\n\n\n\n<p>Ab \u00d8sterport Station geht es mit der Metro zum Hotel zur\u00fcck.<\/p>\n","protected":false},"excerpt":{"rendered":"<p>Wir fahren nochmal nach Helsing\u00f8r. Diesmal schauen wir uns die Stadt an. Am Nachmittag streifen wir noch etwas durch Kopenhagen<\/p>\n","protected":false},"author":1,"featured_media":14036,"comment_status":"closed","ping_status":"closed","sticky":false,"template":"","format":"standard","meta":{"footnotes":""},"categories":[261],"tags":[246,262,313,263],"class_list":["post-14030","post","type-post","status-publish","format-standard","has-post-thumbnail","hentry","category-kopenhagen-2024","tag-246","tag-daenemark","tag-helsingoer","tag-kopenhagen"],"_links":{"self":[{"href":"https:\/\/mb2812.de\/index.php?rest_route=\/wp\/v2\/posts\/14030","targetHints":{"allow":["GET"]}}],"collection":[{"href":"https:\/\/mb2812.de\/index.php?rest_route=\/wp\/v2\/posts"}],"about":[{"href":"https:\/\/mb2812.de\/index.php?rest_route=\/wp\/v2\/types\/post"}],"author":[{"embeddable":true,"href":"https:\/\/mb2812.de\/index.php?rest_route=\/wp\/v2\/users\/1"}],"replies":[{"embeddable":true,"href":"https:\/\/mb2812.de\/index.php?rest_route=%2Fwp%2Fv2%2Fcomments&post=14030"}],"version-history":[{"count":23,"href":"https:\/\/mb2812.de\/index.php?rest_route=\/wp\/v2\/posts\/14030\/revisions"}],"predecessor-version":[{"id":17481,"href":"https:\/\/mb2812.de\/index.php?rest_route=\/wp\/v2\/posts\/14030\/revisions\/17481"}],"wp:featuredmedia":[{"embeddable":true,"href":"https:\/\/mb2812.de\/index.php?rest_route=\/wp\/v2\/media\/14036"}],"wp:attachment":[{"href":"https:\/\/mb2812.de\/index.php?rest_route=%2Fwp%2Fv2%2Fmedia&parent=14030"}],"wp:term":[{"taxonomy":"category","embeddable":true,"href":"https:\/\/mb2812.de\/index.php?rest_route=%2Fwp%2Fv2%2Fcategories&post=14030"},{"taxonomy":"post_tag","embeddable":true,"href":"https:\/\/mb2812.de\/index.php?rest_route=%2Fwp%2Fv2%2Ftags&post=14030"}],"curies":[{"name":"wp","href":"https:\/\/api.w.org\/{rel}","templated":true}]}}