{"id":13834,"date":"2024-06-23T09:00:34","date_gmt":"2024-06-23T07:00:34","guid":{"rendered":"https:\/\/mb2812.de\/?p=13834"},"modified":"2025-06-29T17:56:43","modified_gmt":"2025-06-29T15:56:43","slug":"zentralschweiz","status":"publish","type":"post","link":"https:\/\/mb2812.de\/?p=13834","title":{"rendered":"Zentralschweiz"},"content":{"rendered":"\n<p>Stephan \u201edurfte\u201c mal wieder auf Dienstreise, die begann am <strong>Sonntagabend <\/strong>in Z\u00fcrich am Flughafen. Wir nutzten dies f\u00fcr ein Wochenende in B\u00f6blingen und ich habe ihn dann bis Z\u00fcrich begleitet. W\u00e4hrend er sp\u00e4tabends noch nach Freiburg weiterfahren musste, blieb ich in Z\u00fcrich um am Montag einen Tag Urlaub dran zu h\u00e4ngen, bevor ich am Dienstag mit dem Zug nach K\u00f6ln zur\u00fcck bin.<\/p>\n\n\n\n<p>Den Inhalt des Urlaubstages habe ich recht n\u00fcchtern mit \u201eZentralschweiz\u201c \u00fcberschrieben, es ging (nat\u00fcrlich) um Bergbahn fahren (auf die Rigi) und Schiff fahren (auf dem Vierwaldst\u00e4ttersee).<\/p>\n\n\n\n<figure class=\"wp-block-image aligncenter size-full is-resized\"><a href=\"https:\/\/mb2812.de\/wp-content\/uploads\/2024\/06\/IMG_6631.jpg\" target=\"_blank\" rel=\"noopener noreferrer\"><img loading=\"lazy\" decoding=\"async\" width=\"1440\" height=\"1920\" src=\"https:\/\/mb2812.de\/wp-content\/uploads\/2024\/06\/IMG_6631.jpg\" alt=\"\" class=\"wp-image-13867\" style=\"width:600px\" srcset=\"https:\/\/mb2812.de\/wp-content\/uploads\/2024\/06\/IMG_6631.jpg 1440w, https:\/\/mb2812.de\/wp-content\/uploads\/2024\/06\/IMG_6631-225x300.jpg 225w, https:\/\/mb2812.de\/wp-content\/uploads\/2024\/06\/IMG_6631-768x1024.jpg 768w, https:\/\/mb2812.de\/wp-content\/uploads\/2024\/06\/IMG_6631-1152x1536.jpg 1152w, https:\/\/mb2812.de\/wp-content\/uploads\/2024\/06\/IMG_6631-668x891.jpg 668w\" sizes=\"auto, (max-width: 1440px) 100vw, 1440px\" \/><\/a><figcaption class=\"wp-element-caption\"><em>Mein Hotel war in R\u00fcmlang, 5 Minuten vom Flughafen entfernt. Am Nachmittag kamen wir dort an und nachdem ich eingecheckt hatte vertrieben wir uns die Zeit mit einem Spaziergang durch den alten Dorfkern. Hier die reformierte Kirche, deren Ursprungsbau \u201evor 952\u201c errichtet wurde.<\/em><\/figcaption><\/figure>\n\n\n\n<!--more-->\n\n\n\n<figure class=\"wp-block-image aligncenter size-full is-resized\"><a href=\"https:\/\/mb2812.de\/wp-content\/uploads\/2024\/06\/IMG_6632-1491.jpg\" target=\"_blank\" rel=\" noreferrer noopener\"><img loading=\"lazy\" decoding=\"async\" width=\"1920\" height=\"1280\" src=\"https:\/\/mb2812.de\/wp-content\/uploads\/2024\/06\/IMG_6632-1491.jpg\" alt=\"\" class=\"wp-image-13858\" style=\"width:800px\" srcset=\"https:\/\/mb2812.de\/wp-content\/uploads\/2024\/06\/IMG_6632-1491.jpg 1920w, https:\/\/mb2812.de\/wp-content\/uploads\/2024\/06\/IMG_6632-1491-300x200.jpg 300w, https:\/\/mb2812.de\/wp-content\/uploads\/2024\/06\/IMG_6632-1491-1024x683.jpg 1024w, https:\/\/mb2812.de\/wp-content\/uploads\/2024\/06\/IMG_6632-1491-768x512.jpg 768w, https:\/\/mb2812.de\/wp-content\/uploads\/2024\/06\/IMG_6632-1491-1536x1024.jpg 1536w, https:\/\/mb2812.de\/wp-content\/uploads\/2024\/06\/IMG_6632-1491-668x445.jpg 668w\" sizes=\"auto, (max-width: 1920px) 100vw, 1920px\" \/><\/a><figcaption class=\"wp-element-caption\"><em>Am Flughafen gabs dann noch ein gemeinsames Abendessen, bevor Stephan Richtung Freiburg verschwand und ich ins Hotel zur\u00fcck bin.<\/em><\/figcaption><\/figure>\n\n\n\n<figure class=\"wp-block-image aligncenter size-full is-resized\"><a href=\"https:\/\/mb2812.de\/wp-content\/uploads\/2024\/06\/IMG_6634-1492.jpg\" target=\"_blank\" rel=\"noopener noreferrer\"><img loading=\"lazy\" decoding=\"async\" width=\"1440\" height=\"1920\" src=\"https:\/\/mb2812.de\/wp-content\/uploads\/2024\/06\/IMG_6634-1492.jpg\" alt=\"Der Eingangsbereich des Hotels (Holiday Inn Express)\" class=\"wp-image-13859\" style=\"width:600px\" srcset=\"https:\/\/mb2812.de\/wp-content\/uploads\/2024\/06\/IMG_6634-1492.jpg 1440w, https:\/\/mb2812.de\/wp-content\/uploads\/2024\/06\/IMG_6634-1492-225x300.jpg 225w, https:\/\/mb2812.de\/wp-content\/uploads\/2024\/06\/IMG_6634-1492-768x1024.jpg 768w, https:\/\/mb2812.de\/wp-content\/uploads\/2024\/06\/IMG_6634-1492-1152x1536.jpg 1152w, https:\/\/mb2812.de\/wp-content\/uploads\/2024\/06\/IMG_6634-1492-668x891.jpg 668w\" sizes=\"auto, (max-width: 1440px) 100vw, 1440px\" \/><\/a><figcaption class=\"wp-element-caption\"><em>Der Eingangsbereich des Hotels (Holiday Inn Express)<\/em><\/figcaption><\/figure>\n\n\n\n<hr class=\"wp-block-separator has-alpha-channel-opacity\"\/>\n\n\n\n<p>Szenenwechsel: Am <strong>Montag <\/strong>stand nun meine gro\u00dfe Rundreise durch die Zentralschweiz an. Ticket daf\u00fcr war eine \u201eSpartageskarte\u201c, immerhin 163 Franken kostet sie. Ich fuhr zun\u00e4chst mit der S-Bahn nach Z\u00fcrich, dann mit einem Interregio Richtung Luzern bis Zug, von dort mit der S-Bahn bis Arth-Goldau.<\/p>\n\n\n\n<figure class=\"wp-block-image aligncenter size-full is-resized\"><a href=\"https:\/\/mb2812.de\/wp-content\/uploads\/2024\/06\/IMG_6636.jpg\" target=\"_blank\" rel=\"noopener noreferrer\"><img loading=\"lazy\" decoding=\"async\" width=\"1920\" height=\"1536\" src=\"https:\/\/mb2812.de\/wp-content\/uploads\/2024\/06\/IMG_6636.jpg\" alt=\"\" class=\"wp-image-13860\" style=\"width:800px\" srcset=\"https:\/\/mb2812.de\/wp-content\/uploads\/2024\/06\/IMG_6636.jpg 1920w, https:\/\/mb2812.de\/wp-content\/uploads\/2024\/06\/IMG_6636-300x240.jpg 300w, https:\/\/mb2812.de\/wp-content\/uploads\/2024\/06\/IMG_6636-1024x819.jpg 1024w, https:\/\/mb2812.de\/wp-content\/uploads\/2024\/06\/IMG_6636-768x614.jpg 768w, https:\/\/mb2812.de\/wp-content\/uploads\/2024\/06\/IMG_6636-1536x1229.jpg 1536w, https:\/\/mb2812.de\/wp-content\/uploads\/2024\/06\/IMG_6636-668x534.jpg 668w\" sizes=\"auto, (max-width: 1920px) 100vw, 1920px\" \/><\/a><figcaption class=\"wp-element-caption\"><em>W\u00e4hrend der Fahrt mit der S-Bahn sieht man den Gipfel der Rigi \u00fcber den Zuger See hinweg<\/em><\/figcaption><\/figure>\n\n\n\n<figure class=\"wp-block-image aligncenter size-full is-resized\"><a href=\"https:\/\/mb2812.de\/wp-content\/uploads\/2024\/06\/DSC01129-ARW-1489.jpg\" target=\"_blank\" rel=\"noopener noreferrer\"><img loading=\"lazy\" decoding=\"async\" width=\"1920\" height=\"1536\" src=\"https:\/\/mb2812.de\/wp-content\/uploads\/2024\/06\/DSC01129-ARW-1489.jpg\" alt=\"\" class=\"wp-image-13835\" style=\"width:800px\" srcset=\"https:\/\/mb2812.de\/wp-content\/uploads\/2024\/06\/DSC01129-ARW-1489.jpg 1920w, https:\/\/mb2812.de\/wp-content\/uploads\/2024\/06\/DSC01129-ARW-1489-300x240.jpg 300w, https:\/\/mb2812.de\/wp-content\/uploads\/2024\/06\/DSC01129-ARW-1489-1024x819.jpg 1024w, https:\/\/mb2812.de\/wp-content\/uploads\/2024\/06\/DSC01129-ARW-1489-768x614.jpg 768w, https:\/\/mb2812.de\/wp-content\/uploads\/2024\/06\/DSC01129-ARW-1489-1536x1229.jpg 1536w, https:\/\/mb2812.de\/wp-content\/uploads\/2024\/06\/DSC01129-ARW-1489-668x534.jpg 668w\" sizes=\"auto, (max-width: 1920px) 100vw, 1920px\" \/><\/a><figcaption class=\"wp-element-caption\"><em>Die Bergbahnfahrt geht los. Ab Arth-Goldau f\u00fchrt die 1875 er\u00f6ffnete \u201eArth Rigi Bahn\u201c auf den Berg. Zwei Z\u00fcge werden eingesetzt und stehen abfahrbereit am Bahnhof in Arth-Goldau<\/em><\/figcaption><\/figure>\n\n\n\n<figure class=\"wp-block-image aligncenter size-full is-resized\"><a href=\"https:\/\/mb2812.de\/wp-content\/uploads\/2024\/06\/DSC01131-ARW.jpg\" target=\"_blank\" rel=\"noopener noreferrer\"><img loading=\"lazy\" decoding=\"async\" width=\"1920\" height=\"1536\" src=\"https:\/\/mb2812.de\/wp-content\/uploads\/2024\/06\/DSC01131-ARW.jpg\" alt=\"\" class=\"wp-image-13836\" style=\"width:800px\" srcset=\"https:\/\/mb2812.de\/wp-content\/uploads\/2024\/06\/DSC01131-ARW.jpg 1920w, https:\/\/mb2812.de\/wp-content\/uploads\/2024\/06\/DSC01131-ARW-300x240.jpg 300w, https:\/\/mb2812.de\/wp-content\/uploads\/2024\/06\/DSC01131-ARW-1024x819.jpg 1024w, https:\/\/mb2812.de\/wp-content\/uploads\/2024\/06\/DSC01131-ARW-768x614.jpg 768w, https:\/\/mb2812.de\/wp-content\/uploads\/2024\/06\/DSC01131-ARW-1536x1229.jpg 1536w, https:\/\/mb2812.de\/wp-content\/uploads\/2024\/06\/DSC01131-ARW-668x534.jpg 668w\" sizes=\"auto, (max-width: 1920px) 100vw, 1920px\" \/><\/a><figcaption class=\"wp-element-caption\"><em>Der Lokf\u00fchrer verspricht eine gro\u00dfartige Aussicht auf der Rigi, aber schon unterwegs wird deutlich, dass dies etwas \u00fcbertrieben sein k\u00f6nnte. Hier der Blick zum Rigi Gipfel, gerade mal die Spitze des Fernmeldeturms schaut aus den Wolken heraus<\/em><\/figcaption><\/figure>\n\n\n\n<figure class=\"wp-block-image aligncenter size-full is-resized\"><a href=\"https:\/\/mb2812.de\/wp-content\/uploads\/2024\/06\/DSC01133-ARW.jpg\" target=\"_blank\" rel=\"noopener noreferrer\"><img loading=\"lazy\" decoding=\"async\" width=\"1920\" height=\"1536\" src=\"https:\/\/mb2812.de\/wp-content\/uploads\/2024\/06\/DSC01133-ARW.jpg\" alt=\"\" class=\"wp-image-13837\" style=\"width:800px\" srcset=\"https:\/\/mb2812.de\/wp-content\/uploads\/2024\/06\/DSC01133-ARW.jpg 1920w, https:\/\/mb2812.de\/wp-content\/uploads\/2024\/06\/DSC01133-ARW-300x240.jpg 300w, https:\/\/mb2812.de\/wp-content\/uploads\/2024\/06\/DSC01133-ARW-1024x819.jpg 1024w, https:\/\/mb2812.de\/wp-content\/uploads\/2024\/06\/DSC01133-ARW-768x614.jpg 768w, https:\/\/mb2812.de\/wp-content\/uploads\/2024\/06\/DSC01133-ARW-1536x1229.jpg 1536w, https:\/\/mb2812.de\/wp-content\/uploads\/2024\/06\/DSC01133-ARW-668x534.jpg 668w\" sizes=\"auto, (max-width: 1920px) 100vw, 1920px\" \/><\/a><figcaption class=\"wp-element-caption\"><em>Nach Unten ist der Blick besser, hier auf den Zuger See<\/em><\/figcaption><\/figure>\n\n\n\n<figure class=\"wp-block-image aligncenter size-full is-resized\"><a href=\"https:\/\/mb2812.de\/wp-content\/uploads\/2024\/06\/DSC01139-ARW.jpg\" target=\"_blank\" rel=\"noopener noreferrer\"><img loading=\"lazy\" decoding=\"async\" width=\"1440\" height=\"1920\" src=\"https:\/\/mb2812.de\/wp-content\/uploads\/2024\/06\/DSC01139-ARW.jpg\" alt=\"\" class=\"wp-image-13838\" style=\"width:600px\" srcset=\"https:\/\/mb2812.de\/wp-content\/uploads\/2024\/06\/DSC01139-ARW.jpg 1440w, https:\/\/mb2812.de\/wp-content\/uploads\/2024\/06\/DSC01139-ARW-225x300.jpg 225w, https:\/\/mb2812.de\/wp-content\/uploads\/2024\/06\/DSC01139-ARW-768x1024.jpg 768w, https:\/\/mb2812.de\/wp-content\/uploads\/2024\/06\/DSC01139-ARW-1152x1536.jpg 1152w, https:\/\/mb2812.de\/wp-content\/uploads\/2024\/06\/DSC01139-ARW-668x891.jpg 668w\" sizes=\"auto, (max-width: 1440px) 100vw, 1440px\" \/><\/a><figcaption class=\"wp-element-caption\"><em>Entlang der Strecke bei Rigi Kl\u00f6sterli<\/em><\/figcaption><\/figure>\n\n\n\n<figure class=\"wp-block-image aligncenter size-full is-resized\"><a href=\"https:\/\/mb2812.de\/wp-content\/uploads\/2024\/06\/DSC01151-ARW.jpg\" target=\"_blank\" rel=\"noopener noreferrer\"><img loading=\"lazy\" decoding=\"async\" width=\"1920\" height=\"1536\" src=\"https:\/\/mb2812.de\/wp-content\/uploads\/2024\/06\/DSC01151-ARW.jpg\" alt=\"\" class=\"wp-image-13839\" style=\"width:800px\" srcset=\"https:\/\/mb2812.de\/wp-content\/uploads\/2024\/06\/DSC01151-ARW.jpg 1920w, https:\/\/mb2812.de\/wp-content\/uploads\/2024\/06\/DSC01151-ARW-300x240.jpg 300w, https:\/\/mb2812.de\/wp-content\/uploads\/2024\/06\/DSC01151-ARW-1024x819.jpg 1024w, https:\/\/mb2812.de\/wp-content\/uploads\/2024\/06\/DSC01151-ARW-768x614.jpg 768w, https:\/\/mb2812.de\/wp-content\/uploads\/2024\/06\/DSC01151-ARW-1536x1229.jpg 1536w, https:\/\/mb2812.de\/wp-content\/uploads\/2024\/06\/DSC01151-ARW-668x534.jpg 668w\" sizes=\"auto, (max-width: 1920px) 100vw, 1920px\" \/><\/a><figcaption class=\"wp-element-caption\"><em>Kurz vor Rigi Kulm der Blick nach S\u00fcden, ein paar Alpengipfel schauen zwischen den Wolken hervor<\/em><\/figcaption><\/figure>\n\n\n\n<figure class=\"wp-block-image aligncenter size-full is-resized\"><a href=\"https:\/\/mb2812.de\/wp-content\/uploads\/2024\/06\/DSC01157-ARW.jpg\" target=\"_blank\" rel=\"noopener noreferrer\"><img loading=\"lazy\" decoding=\"async\" width=\"1920\" height=\"1536\" src=\"https:\/\/mb2812.de\/wp-content\/uploads\/2024\/06\/DSC01157-ARW.jpg\" alt=\"\" class=\"wp-image-13840\" style=\"width:800px\" srcset=\"https:\/\/mb2812.de\/wp-content\/uploads\/2024\/06\/DSC01157-ARW.jpg 1920w, https:\/\/mb2812.de\/wp-content\/uploads\/2024\/06\/DSC01157-ARW-300x240.jpg 300w, https:\/\/mb2812.de\/wp-content\/uploads\/2024\/06\/DSC01157-ARW-1024x819.jpg 1024w, https:\/\/mb2812.de\/wp-content\/uploads\/2024\/06\/DSC01157-ARW-768x614.jpg 768w, https:\/\/mb2812.de\/wp-content\/uploads\/2024\/06\/DSC01157-ARW-1536x1229.jpg 1536w, https:\/\/mb2812.de\/wp-content\/uploads\/2024\/06\/DSC01157-ARW-668x534.jpg 668w\" sizes=\"auto, (max-width: 1920px) 100vw, 1920px\" \/><\/a><figcaption class=\"wp-element-caption\"><em>In Rigi Kulm ist Endstation. Der Zug aus Triebwagen 12 und Steuerwagen 22 pr\u00e4sentiert sich im Anlieferungszustand (1949 bzw. 1958)<\/em><\/figcaption><\/figure>\n\n\n\n<figure class=\"wp-block-image aligncenter size-full is-resized\"><a href=\"https:\/\/mb2812.de\/wp-content\/uploads\/2024\/06\/DSC01159-ARW-1510.jpg\" target=\"_blank\" rel=\"noopener noreferrer\"><img loading=\"lazy\" decoding=\"async\" width=\"1920\" height=\"1536\" src=\"https:\/\/mb2812.de\/wp-content\/uploads\/2024\/06\/DSC01159-ARW-1510.jpg\" alt=\"\" class=\"wp-image-13841\" style=\"width:800px\" srcset=\"https:\/\/mb2812.de\/wp-content\/uploads\/2024\/06\/DSC01159-ARW-1510.jpg 1920w, https:\/\/mb2812.de\/wp-content\/uploads\/2024\/06\/DSC01159-ARW-1510-300x240.jpg 300w, https:\/\/mb2812.de\/wp-content\/uploads\/2024\/06\/DSC01159-ARW-1510-1024x819.jpg 1024w, https:\/\/mb2812.de\/wp-content\/uploads\/2024\/06\/DSC01159-ARW-1510-768x614.jpg 768w, https:\/\/mb2812.de\/wp-content\/uploads\/2024\/06\/DSC01159-ARW-1510-1536x1229.jpg 1536w, https:\/\/mb2812.de\/wp-content\/uploads\/2024\/06\/DSC01159-ARW-1510-668x534.jpg 668w\" sizes=\"auto, (max-width: 1920px) 100vw, 1920px\" \/><\/a><figcaption class=\"wp-element-caption\"><em>Die Bahnstation liegt auf 1752 Meter, ich mache mich auf zum Gipfel, der nochmal 45 Meter h\u00f6her auf 1797 Meter liegt.<\/em><\/figcaption><\/figure>\n\n\n\n<figure class=\"wp-block-image aligncenter size-full is-resized\"><a href=\"https:\/\/mb2812.de\/wp-content\/uploads\/2024\/06\/IMG_6640-1505.jpg\" target=\"_blank\" rel=\"noopener noreferrer\"><img loading=\"lazy\" decoding=\"async\" width=\"1920\" height=\"1536\" src=\"https:\/\/mb2812.de\/wp-content\/uploads\/2024\/06\/IMG_6640-1505.jpg\" alt=\"\" class=\"wp-image-13861\" style=\"width:800px\" srcset=\"https:\/\/mb2812.de\/wp-content\/uploads\/2024\/06\/IMG_6640-1505.jpg 1920w, https:\/\/mb2812.de\/wp-content\/uploads\/2024\/06\/IMG_6640-1505-300x240.jpg 300w, https:\/\/mb2812.de\/wp-content\/uploads\/2024\/06\/IMG_6640-1505-1024x819.jpg 1024w, https:\/\/mb2812.de\/wp-content\/uploads\/2024\/06\/IMG_6640-1505-768x614.jpg 768w, https:\/\/mb2812.de\/wp-content\/uploads\/2024\/06\/IMG_6640-1505-1536x1229.jpg 1536w, https:\/\/mb2812.de\/wp-content\/uploads\/2024\/06\/IMG_6640-1505-668x534.jpg 668w\" sizes=\"auto, (max-width: 1920px) 100vw, 1920px\" \/><\/a><figcaption class=\"wp-element-caption\"><em>Wie \u00fcblich habe ich kein Gl\u00fcck, zu sehen gibt es aufgrund der Wolken auf dem Gipfel nicht viel. Ich gehe also langsam wieder zur Station zur\u00fcck mit einer Pause f\u00fcr einen Kaffee im Kulm Hotel. Eine Stunde sp\u00e4ter sind die n\u00e4chsten Bahnen angekommen, w\u00e4hrend ich auf die Talfahrt warte, bezwingen die neu angekommenen Fahrg\u00e4ste die letzten H\u00f6henmeter zum Hotel bzw. Gipfel. Jedes Jahr berichten die Bahnen von neuen Fahrgastrekorden, und wie man sieht sind die Menschenmassen schon erheblich <\/em><\/figcaption><\/figure>\n\n\n\n<figure class=\"wp-block-image aligncenter size-full is-resized\"><a href=\"https:\/\/mb2812.de\/wp-content\/uploads\/2024\/06\/DSC01163-ARW-1506.jpg\" target=\"_blank\" rel=\"noopener noreferrer\"><img loading=\"lazy\" decoding=\"async\" width=\"1920\" height=\"1536\" src=\"https:\/\/mb2812.de\/wp-content\/uploads\/2024\/06\/DSC01163-ARW-1506.jpg\" alt=\"\" class=\"wp-image-13842\" style=\"width:800px\" srcset=\"https:\/\/mb2812.de\/wp-content\/uploads\/2024\/06\/DSC01163-ARW-1506.jpg 1920w, https:\/\/mb2812.de\/wp-content\/uploads\/2024\/06\/DSC01163-ARW-1506-300x240.jpg 300w, https:\/\/mb2812.de\/wp-content\/uploads\/2024\/06\/DSC01163-ARW-1506-1024x819.jpg 1024w, https:\/\/mb2812.de\/wp-content\/uploads\/2024\/06\/DSC01163-ARW-1506-768x614.jpg 768w, https:\/\/mb2812.de\/wp-content\/uploads\/2024\/06\/DSC01163-ARW-1506-1536x1229.jpg 1536w, https:\/\/mb2812.de\/wp-content\/uploads\/2024\/06\/DSC01163-ARW-1506-668x534.jpg 668w\" sizes=\"auto, (max-width: 1920px) 100vw, 1920px\" \/><\/a><figcaption class=\"wp-element-caption\"><em>Und dann bin ich wieder unter den Wolken, die Sicht auf den Vierwaldst\u00e4ttersee tut sich auf<\/em><\/figcaption><\/figure>\n\n\n\n<figure class=\"wp-block-image aligncenter size-full is-resized\"><a href=\"https:\/\/mb2812.de\/wp-content\/uploads\/2024\/06\/IMG_6643-1501.jpg\" target=\"_blank\" rel=\"noopener noreferrer\"><img loading=\"lazy\" decoding=\"async\" width=\"1920\" height=\"1536\" src=\"https:\/\/mb2812.de\/wp-content\/uploads\/2024\/06\/IMG_6643-1501.jpg\" alt=\"\" class=\"wp-image-13862\" style=\"width:800px\" srcset=\"https:\/\/mb2812.de\/wp-content\/uploads\/2024\/06\/IMG_6643-1501.jpg 1920w, https:\/\/mb2812.de\/wp-content\/uploads\/2024\/06\/IMG_6643-1501-300x240.jpg 300w, https:\/\/mb2812.de\/wp-content\/uploads\/2024\/06\/IMG_6643-1501-1024x819.jpg 1024w, https:\/\/mb2812.de\/wp-content\/uploads\/2024\/06\/IMG_6643-1501-768x614.jpg 768w, https:\/\/mb2812.de\/wp-content\/uploads\/2024\/06\/IMG_6643-1501-1536x1229.jpg 1536w, https:\/\/mb2812.de\/wp-content\/uploads\/2024\/06\/IMG_6643-1501-668x534.jpg 668w\" sizes=\"auto, (max-width: 1920px) 100vw, 1920px\" \/><\/a><figcaption class=\"wp-element-caption\"><em>Der Viewaldst\u00e4ttersee mit dem B\u00fcrgenstock Massiv<\/em><\/figcaption><\/figure>\n\n\n\n<figure class=\"wp-block-image aligncenter size-full is-resized\"><a href=\"https:\/\/mb2812.de\/wp-content\/uploads\/2024\/06\/DSC01165-ARW-1507.jpg\" target=\"_blank\" rel=\"noopener noreferrer\"><img loading=\"lazy\" decoding=\"async\" width=\"1440\" height=\"1920\" src=\"https:\/\/mb2812.de\/wp-content\/uploads\/2024\/06\/DSC01165-ARW-1507.jpg\" alt=\"\" class=\"wp-image-13843\" style=\"width:600px\" srcset=\"https:\/\/mb2812.de\/wp-content\/uploads\/2024\/06\/DSC01165-ARW-1507.jpg 1440w, https:\/\/mb2812.de\/wp-content\/uploads\/2024\/06\/DSC01165-ARW-1507-225x300.jpg 225w, https:\/\/mb2812.de\/wp-content\/uploads\/2024\/06\/DSC01165-ARW-1507-768x1024.jpg 768w, https:\/\/mb2812.de\/wp-content\/uploads\/2024\/06\/DSC01165-ARW-1507-1152x1536.jpg 1152w, https:\/\/mb2812.de\/wp-content\/uploads\/2024\/06\/DSC01165-ARW-1507-668x891.jpg 668w\" sizes=\"auto, (max-width: 1440px) 100vw, 1440px\" \/><\/a><figcaption class=\"wp-element-caption\"><em>Unten in Vitznau die Talstation der Bahn. Die Vitznau-Rigi-Bahn ist die erste Bergbahn Europaus, sie wurde 1871 er\u00f6ffnet. Hier fahren neue Gelenktriebwagen aus dem Jahr 2022<\/em><\/figcaption><\/figure>\n\n\n\n<figure class=\"wp-block-image aligncenter size-full is-resized\"><a href=\"https:\/\/mb2812.de\/wp-content\/uploads\/2024\/06\/DSC01174-ARW.jpg\" target=\"_blank\" rel=\"noopener noreferrer\"><img loading=\"lazy\" decoding=\"async\" width=\"1920\" height=\"1536\" src=\"https:\/\/mb2812.de\/wp-content\/uploads\/2024\/06\/DSC01174-ARW.jpg\" alt=\"\" class=\"wp-image-13844\" style=\"width:800px\" srcset=\"https:\/\/mb2812.de\/wp-content\/uploads\/2024\/06\/DSC01174-ARW.jpg 1920w, https:\/\/mb2812.de\/wp-content\/uploads\/2024\/06\/DSC01174-ARW-300x240.jpg 300w, https:\/\/mb2812.de\/wp-content\/uploads\/2024\/06\/DSC01174-ARW-1024x819.jpg 1024w, https:\/\/mb2812.de\/wp-content\/uploads\/2024\/06\/DSC01174-ARW-768x614.jpg 768w, https:\/\/mb2812.de\/wp-content\/uploads\/2024\/06\/DSC01174-ARW-1536x1229.jpg 1536w, https:\/\/mb2812.de\/wp-content\/uploads\/2024\/06\/DSC01174-ARW-668x534.jpg 668w\" sizes=\"auto, (max-width: 1920px) 100vw, 1920px\" \/><\/a><figcaption class=\"wp-element-caption\"><em>F\u00fcr die meisten Fahrg\u00e4ste geht es sofort weiter mit dem Schiff nach Luzern. Ich warte noch 20 Minuten auf den Dampfer nach Fl\u00fcelen am S\u00fcdende des Vierwaldst\u00e4ttersees. Es ist das Dampfschiff &#8222;Schiller&#8220;, hier vor dem 1903 er\u00f6ffneten Park Hotel<\/em><\/figcaption><\/figure>\n\n\n\n<figure class=\"wp-block-image aligncenter size-full is-resized\"><a href=\"https:\/\/mb2812.de\/wp-content\/uploads\/2024\/06\/IMG_6646-1503.jpg\" target=\"_blank\" rel=\"noopener noreferrer\"><img loading=\"lazy\" decoding=\"async\" width=\"1920\" height=\"1536\" src=\"https:\/\/mb2812.de\/wp-content\/uploads\/2024\/06\/IMG_6646-1503.jpg\" alt=\"\" class=\"wp-image-13863\" style=\"width:800px\" srcset=\"https:\/\/mb2812.de\/wp-content\/uploads\/2024\/06\/IMG_6646-1503.jpg 1920w, https:\/\/mb2812.de\/wp-content\/uploads\/2024\/06\/IMG_6646-1503-300x240.jpg 300w, https:\/\/mb2812.de\/wp-content\/uploads\/2024\/06\/IMG_6646-1503-1024x819.jpg 1024w, https:\/\/mb2812.de\/wp-content\/uploads\/2024\/06\/IMG_6646-1503-768x614.jpg 768w, https:\/\/mb2812.de\/wp-content\/uploads\/2024\/06\/IMG_6646-1503-1536x1229.jpg 1536w, https:\/\/mb2812.de\/wp-content\/uploads\/2024\/06\/IMG_6646-1503-668x534.jpg 668w\" sizes=\"auto, (max-width: 1920px) 100vw, 1920px\" \/><\/a><figcaption class=\"wp-element-caption\"><em>Die n\u00e4chste der Rundreie Etappe hat begonnen. Jetzt geht es von Vitznau Richtung S\u00fcden. Mit dem Dampfer fahre ich bis Fl\u00fcelen und wieder zur\u00fcck den ganzen See entlang bis Luzern<\/em><\/figcaption><\/figure>\n\n\n\n<figure class=\"wp-block-image aligncenter size-full is-resized\"><a href=\"https:\/\/mb2812.de\/wp-content\/uploads\/2024\/06\/DSC01175-ARW.jpg\" target=\"_blank\" rel=\"noopener noreferrer\"><img loading=\"lazy\" decoding=\"async\" width=\"1920\" height=\"1536\" src=\"https:\/\/mb2812.de\/wp-content\/uploads\/2024\/06\/DSC01175-ARW.jpg\" alt=\"\" class=\"wp-image-13845\" style=\"width:800px\" srcset=\"https:\/\/mb2812.de\/wp-content\/uploads\/2024\/06\/DSC01175-ARW.jpg 1920w, https:\/\/mb2812.de\/wp-content\/uploads\/2024\/06\/DSC01175-ARW-300x240.jpg 300w, https:\/\/mb2812.de\/wp-content\/uploads\/2024\/06\/DSC01175-ARW-1024x819.jpg 1024w, https:\/\/mb2812.de\/wp-content\/uploads\/2024\/06\/DSC01175-ARW-768x614.jpg 768w, https:\/\/mb2812.de\/wp-content\/uploads\/2024\/06\/DSC01175-ARW-1536x1229.jpg 1536w, https:\/\/mb2812.de\/wp-content\/uploads\/2024\/06\/DSC01175-ARW-668x534.jpg 668w\" sizes=\"auto, (max-width: 1920px) 100vw, 1920px\" \/><\/a><figcaption class=\"wp-element-caption\"><em>Das Ortsende Vitznaus<\/em><\/figcaption><\/figure>\n\n\n\n<figure class=\"wp-block-image aligncenter size-full is-resized\"><a href=\"https:\/\/mb2812.de\/wp-content\/uploads\/2024\/06\/DSC01178-ARW.jpg\" target=\"_blank\" rel=\"noopener noreferrer\"><img loading=\"lazy\" decoding=\"async\" width=\"1920\" height=\"1536\" src=\"https:\/\/mb2812.de\/wp-content\/uploads\/2024\/06\/DSC01178-ARW.jpg\" alt=\"\" class=\"wp-image-13846\" style=\"width:800px\" srcset=\"https:\/\/mb2812.de\/wp-content\/uploads\/2024\/06\/DSC01178-ARW.jpg 1920w, https:\/\/mb2812.de\/wp-content\/uploads\/2024\/06\/DSC01178-ARW-300x240.jpg 300w, https:\/\/mb2812.de\/wp-content\/uploads\/2024\/06\/DSC01178-ARW-1024x819.jpg 1024w, https:\/\/mb2812.de\/wp-content\/uploads\/2024\/06\/DSC01178-ARW-768x614.jpg 768w, https:\/\/mb2812.de\/wp-content\/uploads\/2024\/06\/DSC01178-ARW-1536x1229.jpg 1536w, https:\/\/mb2812.de\/wp-content\/uploads\/2024\/06\/DSC01178-ARW-668x534.jpg 668w\" sizes=\"auto, (max-width: 1920px) 100vw, 1920px\" \/><\/a><figcaption class=\"wp-element-caption\"><em>Es geht quer \u00fcber den See nach Beckenried und dann wieder zur\u00fcck nach Gersau: Blick auf das Ufer zwischen Vitznau und Gersau mit Wissifluh und Gersauer Stock (links)<\/em><\/figcaption><\/figure>\n\n\n\n<figure class=\"wp-block-image aligncenter size-full is-resized\"><a href=\"https:\/\/mb2812.de\/wp-content\/uploads\/2024\/06\/DSC01182-ARW.jpg\" target=\"_blank\" rel=\"noopener noreferrer\"><img loading=\"lazy\" decoding=\"async\" width=\"1920\" height=\"1536\" src=\"https:\/\/mb2812.de\/wp-content\/uploads\/2024\/06\/DSC01182-ARW.jpg\" alt=\"\" class=\"wp-image-13847\" style=\"width:800px\" srcset=\"https:\/\/mb2812.de\/wp-content\/uploads\/2024\/06\/DSC01182-ARW.jpg 1920w, https:\/\/mb2812.de\/wp-content\/uploads\/2024\/06\/DSC01182-ARW-300x240.jpg 300w, https:\/\/mb2812.de\/wp-content\/uploads\/2024\/06\/DSC01182-ARW-1024x819.jpg 1024w, https:\/\/mb2812.de\/wp-content\/uploads\/2024\/06\/DSC01182-ARW-768x614.jpg 768w, https:\/\/mb2812.de\/wp-content\/uploads\/2024\/06\/DSC01182-ARW-1536x1229.jpg 1536w, https:\/\/mb2812.de\/wp-content\/uploads\/2024\/06\/DSC01182-ARW-668x534.jpg 668w\" sizes=\"auto, (max-width: 1920px) 100vw, 1920px\" \/><\/a><figcaption class=\"wp-element-caption\"><em>Die katholische Kirche St. Marzellus in Gersau<\/em><\/figcaption><\/figure>\n\n\n\n<figure class=\"wp-block-image aligncenter size-full is-resized\"><a href=\"https:\/\/mb2812.de\/wp-content\/uploads\/2024\/06\/DSC01185-ARW.jpg\" target=\"_blank\" rel=\"noopener noreferrer\"><img loading=\"lazy\" decoding=\"async\" width=\"1440\" height=\"1920\" src=\"https:\/\/mb2812.de\/wp-content\/uploads\/2024\/06\/DSC01185-ARW.jpg\" alt=\"\" class=\"wp-image-13848\" style=\"width:600px\" srcset=\"https:\/\/mb2812.de\/wp-content\/uploads\/2024\/06\/DSC01185-ARW.jpg 1440w, https:\/\/mb2812.de\/wp-content\/uploads\/2024\/06\/DSC01185-ARW-225x300.jpg 225w, https:\/\/mb2812.de\/wp-content\/uploads\/2024\/06\/DSC01185-ARW-768x1024.jpg 768w, https:\/\/mb2812.de\/wp-content\/uploads\/2024\/06\/DSC01185-ARW-1152x1536.jpg 1152w, https:\/\/mb2812.de\/wp-content\/uploads\/2024\/06\/DSC01185-ARW-668x891.jpg 668w\" sizes=\"auto, (max-width: 1440px) 100vw, 1440px\" \/><\/a><figcaption class=\"wp-element-caption\"><em>Blick in den Urner See mit dem Gotthard Massiv im Hintergrund. Friedrich Schillers letztes Drama war &#8222;Wilhelm Tell&#8220;, 1804 uraufgef\u00fchrt (1805 starb Schiller). Daher begegnet man seinem Namen am Vierwaldst\u00e4ttersee h\u00e4ufiger. Der Felsen am Ufer rechts heisst &#8222;Schillerstein&#8220;. Anl\u00e4sslich des 100. Geburtstages des Dichters liessen die Urkantone 1859 den Felsen in ein Denkmal f\u00fcr ihn umgestalten.<\/em><\/figcaption><\/figure>\n\n\n\n<figure class=\"wp-block-image aligncenter size-full is-resized\"><a href=\"https:\/\/mb2812.de\/wp-content\/uploads\/2024\/06\/DSC01187-ARW.jpg\" target=\"_blank\" rel=\"noopener noreferrer\"><img loading=\"lazy\" decoding=\"async\" width=\"1440\" height=\"1920\" src=\"https:\/\/mb2812.de\/wp-content\/uploads\/2024\/06\/DSC01187-ARW.jpg\" alt=\"\" class=\"wp-image-13849\" style=\"width:600px\" srcset=\"https:\/\/mb2812.de\/wp-content\/uploads\/2024\/06\/DSC01187-ARW.jpg 1440w, https:\/\/mb2812.de\/wp-content\/uploads\/2024\/06\/DSC01187-ARW-225x300.jpg 225w, https:\/\/mb2812.de\/wp-content\/uploads\/2024\/06\/DSC01187-ARW-768x1024.jpg 768w, https:\/\/mb2812.de\/wp-content\/uploads\/2024\/06\/DSC01187-ARW-1152x1536.jpg 1152w, https:\/\/mb2812.de\/wp-content\/uploads\/2024\/06\/DSC01187-ARW-668x891.jpg 668w\" sizes=\"auto, (max-width: 1440px) 100vw, 1440px\" \/><\/a><figcaption class=\"wp-element-caption\"><em>Zun\u00e4chst geht es nach Brunnen mit den Hotel &#8222;Waldst\u00e4tterhof&#8220;<\/em><\/figcaption><\/figure>\n\n\n\n<figure class=\"wp-block-image aligncenter size-full is-resized\"><a href=\"https:\/\/mb2812.de\/wp-content\/uploads\/2024\/06\/DSC01192-ARW.jpg\" target=\"_blank\" rel=\"noopener noreferrer\"><img loading=\"lazy\" decoding=\"async\" width=\"1440\" height=\"1920\" src=\"https:\/\/mb2812.de\/wp-content\/uploads\/2024\/06\/DSC01192-ARW.jpg\" alt=\"\" class=\"wp-image-13850\" style=\"width:600px\" srcset=\"https:\/\/mb2812.de\/wp-content\/uploads\/2024\/06\/DSC01192-ARW.jpg 1440w, https:\/\/mb2812.de\/wp-content\/uploads\/2024\/06\/DSC01192-ARW-225x300.jpg 225w, https:\/\/mb2812.de\/wp-content\/uploads\/2024\/06\/DSC01192-ARW-768x1024.jpg 768w, https:\/\/mb2812.de\/wp-content\/uploads\/2024\/06\/DSC01192-ARW-1152x1536.jpg 1152w, https:\/\/mb2812.de\/wp-content\/uploads\/2024\/06\/DSC01192-ARW-668x891.jpg 668w\" sizes=\"auto, (max-width: 1440px) 100vw, 1440px\" \/><\/a><figcaption class=\"wp-element-caption\"><em>Als N\u00e4chstes die Anlegestelle &#8222;R\u00fctli&#8220; mit der R\u00fctliwiese dar\u00fcber, auf welcher der Sage nach der R\u00fctlischwur geleistet wurde und es so zur Gr\u00fcndung der &#8222;Alten Eidgenossenschaft&#8220; und damit der Schweiz kam.<\/em><\/figcaption><\/figure>\n\n\n\n<figure class=\"wp-block-image aligncenter size-full is-resized\"><a href=\"https:\/\/mb2812.de\/wp-content\/uploads\/2024\/06\/DSC01195-ARW.jpg\" target=\"_blank\" rel=\"noopener noreferrer\"><img loading=\"lazy\" decoding=\"async\" width=\"1920\" height=\"1536\" src=\"https:\/\/mb2812.de\/wp-content\/uploads\/2024\/06\/DSC01195-ARW.jpg\" alt=\"\" class=\"wp-image-13851\" style=\"width:800px\" srcset=\"https:\/\/mb2812.de\/wp-content\/uploads\/2024\/06\/DSC01195-ARW.jpg 1920w, https:\/\/mb2812.de\/wp-content\/uploads\/2024\/06\/DSC01195-ARW-300x240.jpg 300w, https:\/\/mb2812.de\/wp-content\/uploads\/2024\/06\/DSC01195-ARW-1024x819.jpg 1024w, https:\/\/mb2812.de\/wp-content\/uploads\/2024\/06\/DSC01195-ARW-768x614.jpg 768w, https:\/\/mb2812.de\/wp-content\/uploads\/2024\/06\/DSC01195-ARW-1536x1229.jpg 1536w, https:\/\/mb2812.de\/wp-content\/uploads\/2024\/06\/DSC01195-ARW-668x534.jpg 668w\" sizes=\"auto, (max-width: 1920px) 100vw, 1920px\" \/><\/a><figcaption class=\"wp-element-caption\"><em>Entgegen kommt der Dampfer &#8222;Stadt Luzern&#8220;, 1928 gebaut<\/em><\/figcaption><\/figure>\n\n\n\n<figure class=\"wp-block-image aligncenter size-full is-resized\"><a href=\"https:\/\/mb2812.de\/wp-content\/uploads\/2024\/06\/DSC01198-ARW.jpg\" target=\"_blank\" rel=\" noreferrer noopener\"><img loading=\"lazy\" decoding=\"async\" width=\"1920\" height=\"1536\" src=\"https:\/\/mb2812.de\/wp-content\/uploads\/2024\/06\/DSC01198-ARW.jpg\" alt=\"\" class=\"wp-image-13852\" style=\"width:800px\" srcset=\"https:\/\/mb2812.de\/wp-content\/uploads\/2024\/06\/DSC01198-ARW.jpg 1920w, https:\/\/mb2812.de\/wp-content\/uploads\/2024\/06\/DSC01198-ARW-300x240.jpg 300w, https:\/\/mb2812.de\/wp-content\/uploads\/2024\/06\/DSC01198-ARW-1024x819.jpg 1024w, https:\/\/mb2812.de\/wp-content\/uploads\/2024\/06\/DSC01198-ARW-768x614.jpg 768w, https:\/\/mb2812.de\/wp-content\/uploads\/2024\/06\/DSC01198-ARW-1536x1229.jpg 1536w, https:\/\/mb2812.de\/wp-content\/uploads\/2024\/06\/DSC01198-ARW-668x534.jpg 668w\" sizes=\"auto, (max-width: 1920px) 100vw, 1920px\" \/><\/a><figcaption class=\"wp-element-caption\"><em>Und jetzt bin ich am Ende des Sees angelangt, in Fl\u00fcelen. Schwer erkennbar hinter den B\u00e4umen f\u00e4hrt gerade ein Zug in den Bahnhof ein, dar\u00fcber die Pfarrkirche &#8222;Herz Jesu&#8220;<\/em><\/figcaption><\/figure>\n\n\n\n<figure class=\"wp-block-image aligncenter size-full is-resized\"><a href=\"https:\/\/mb2812.de\/wp-content\/uploads\/2024\/06\/DSC01200-ARW.jpg\" rel=\"noopener\"><img loading=\"lazy\" decoding=\"async\" width=\"1920\" height=\"1536\" src=\"https:\/\/mb2812.de\/wp-content\/uploads\/2024\/06\/DSC01200-ARW.jpg\" alt=\"\" class=\"wp-image-13853\" style=\"width:800px\" srcset=\"https:\/\/mb2812.de\/wp-content\/uploads\/2024\/06\/DSC01200-ARW.jpg 1920w, https:\/\/mb2812.de\/wp-content\/uploads\/2024\/06\/DSC01200-ARW-300x240.jpg 300w, https:\/\/mb2812.de\/wp-content\/uploads\/2024\/06\/DSC01200-ARW-1024x819.jpg 1024w, https:\/\/mb2812.de\/wp-content\/uploads\/2024\/06\/DSC01200-ARW-768x614.jpg 768w, https:\/\/mb2812.de\/wp-content\/uploads\/2024\/06\/DSC01200-ARW-1536x1229.jpg 1536w, https:\/\/mb2812.de\/wp-content\/uploads\/2024\/06\/DSC01200-ARW-668x534.jpg 668w\" sizes=\"auto, (max-width: 1920px) 100vw, 1920px\" \/><\/a><figcaption class=\"wp-element-caption\"><em>Nun geht wieder zur\u00fcck, Blick auf Bauen<\/em><\/figcaption><\/figure>\n\n\n\n<figure class=\"wp-block-image aligncenter size-full is-resized\"><a href=\"https:\/\/mb2812.de\/wp-content\/uploads\/2024\/06\/DSC01217-ARW-1508.jpg\" target=\"_blank\" rel=\"noopener noreferrer\"><img loading=\"lazy\" decoding=\"async\" width=\"1920\" height=\"1536\" src=\"https:\/\/mb2812.de\/wp-content\/uploads\/2024\/06\/DSC01217-ARW-1508.jpg\" alt=\"\" class=\"wp-image-13872\" style=\"width:800px\" srcset=\"https:\/\/mb2812.de\/wp-content\/uploads\/2024\/06\/DSC01217-ARW-1508.jpg 1920w, https:\/\/mb2812.de\/wp-content\/uploads\/2024\/06\/DSC01217-ARW-1508-300x240.jpg 300w, https:\/\/mb2812.de\/wp-content\/uploads\/2024\/06\/DSC01217-ARW-1508-1024x819.jpg 1024w, https:\/\/mb2812.de\/wp-content\/uploads\/2024\/06\/DSC01217-ARW-1508-768x614.jpg 768w, https:\/\/mb2812.de\/wp-content\/uploads\/2024\/06\/DSC01217-ARW-1508-1536x1229.jpg 1536w, https:\/\/mb2812.de\/wp-content\/uploads\/2024\/06\/DSC01217-ARW-1508-668x534.jpg 668w\" sizes=\"auto, (max-width: 1920px) 100vw, 1920px\" \/><\/a><figcaption class=\"wp-element-caption\"><em>Nochmal die Steilh\u00e4nge am Eingang des Urner See mit dem Schillerfelsen<\/em><\/figcaption><\/figure>\n\n\n\n<figure class=\"wp-block-image aligncenter size-full is-resized\"><a href=\"https:\/\/mb2812.de\/wp-content\/uploads\/2024\/06\/DSC01223-ARW-1497.jpg\" target=\"_blank\" rel=\"noopener noreferrer\"><img loading=\"lazy\" decoding=\"async\" width=\"1440\" height=\"1920\" src=\"https:\/\/mb2812.de\/wp-content\/uploads\/2024\/06\/DSC01223-ARW-1497.jpg\" alt=\"\" class=\"wp-image-13854\" style=\"width:600px\" srcset=\"https:\/\/mb2812.de\/wp-content\/uploads\/2024\/06\/DSC01223-ARW-1497.jpg 1440w, https:\/\/mb2812.de\/wp-content\/uploads\/2024\/06\/DSC01223-ARW-1497-225x300.jpg 225w, https:\/\/mb2812.de\/wp-content\/uploads\/2024\/06\/DSC01223-ARW-1497-768x1024.jpg 768w, https:\/\/mb2812.de\/wp-content\/uploads\/2024\/06\/DSC01223-ARW-1497-1152x1536.jpg 1152w, https:\/\/mb2812.de\/wp-content\/uploads\/2024\/06\/DSC01223-ARW-1497-668x891.jpg 668w\" sizes=\"auto, (max-width: 1440px) 100vw, 1440px\" \/><\/a><figcaption class=\"wp-element-caption\"><em>&#8222;Mythenblick&#8220; heisst dieses Geh\u00f6ft nahe der Anlegestelle Treib<\/em><\/figcaption><\/figure>\n\n\n\n<figure class=\"wp-block-image aligncenter size-full is-resized\"><a href=\"https:\/\/mb2812.de\/wp-content\/uploads\/2024\/06\/IMG_6650-1496.jpg\" target=\"_blank\" rel=\"noopener noreferrer\"><img loading=\"lazy\" decoding=\"async\" width=\"1920\" height=\"1536\" src=\"https:\/\/mb2812.de\/wp-content\/uploads\/2024\/06\/IMG_6650-1496.jpg\" alt=\"\" class=\"wp-image-13864\" style=\"width:800px\" srcset=\"https:\/\/mb2812.de\/wp-content\/uploads\/2024\/06\/IMG_6650-1496.jpg 1920w, https:\/\/mb2812.de\/wp-content\/uploads\/2024\/06\/IMG_6650-1496-300x240.jpg 300w, https:\/\/mb2812.de\/wp-content\/uploads\/2024\/06\/IMG_6650-1496-1024x819.jpg 1024w, https:\/\/mb2812.de\/wp-content\/uploads\/2024\/06\/IMG_6650-1496-768x614.jpg 768w, https:\/\/mb2812.de\/wp-content\/uploads\/2024\/06\/IMG_6650-1496-1536x1229.jpg 1536w, https:\/\/mb2812.de\/wp-content\/uploads\/2024\/06\/IMG_6650-1496-668x534.jpg 668w\" sizes=\"auto, (max-width: 1920px) 100vw, 1920px\" \/><\/a><figcaption class=\"wp-element-caption\"><em>Ich habe jetzt genug Sonne abgekommen und verziehe mich aufs hintere Deck, das unter einer Plane im Schatten liegt. Es ist jetzt Zeit f\u00fcr einen kleinen Imbiss: ein Sandwich und ein Bier, macht 15 Franken<\/em><\/figcaption><\/figure>\n\n\n\n<figure class=\"wp-block-image aligncenter size-full is-resized\"><a href=\"https:\/\/mb2812.de\/wp-content\/uploads\/2024\/06\/DSC01225-ARW.jpg\" target=\"_blank\" rel=\"noopener noreferrer\"><img loading=\"lazy\" decoding=\"async\" width=\"1920\" height=\"1536\" src=\"https:\/\/mb2812.de\/wp-content\/uploads\/2024\/06\/DSC01225-ARW.jpg\" alt=\"\" class=\"wp-image-13855\" style=\"width:800px\" srcset=\"https:\/\/mb2812.de\/wp-content\/uploads\/2024\/06\/DSC01225-ARW.jpg 1920w, https:\/\/mb2812.de\/wp-content\/uploads\/2024\/06\/DSC01225-ARW-300x240.jpg 300w, https:\/\/mb2812.de\/wp-content\/uploads\/2024\/06\/DSC01225-ARW-1024x819.jpg 1024w, https:\/\/mb2812.de\/wp-content\/uploads\/2024\/06\/DSC01225-ARW-768x614.jpg 768w, https:\/\/mb2812.de\/wp-content\/uploads\/2024\/06\/DSC01225-ARW-1536x1229.jpg 1536w, https:\/\/mb2812.de\/wp-content\/uploads\/2024\/06\/DSC01225-ARW-668x534.jpg 668w\" sizes=\"auto, (max-width: 1920px) 100vw, 1920px\" \/><\/a><figcaption class=\"wp-element-caption\"><em>Der B\u00fcrgenstock, die Trasse der Bahn und das Resort sind sichtbar. 2022 waren Stephan und ich dort Essen. Damals hingen die Wolken so niedrig und das Resort war vom See aus nicht zu sehen<\/em><\/figcaption><\/figure>\n\n\n\n<figure class=\"wp-block-image aligncenter size-full is-resized\"><a href=\"https:\/\/mb2812.de\/wp-content\/uploads\/2024\/06\/DSC01230-ARW-1509.jpg\" target=\"_blank\" rel=\"noopener noreferrer\"><img loading=\"lazy\" decoding=\"async\" width=\"1920\" height=\"1536\" src=\"https:\/\/mb2812.de\/wp-content\/uploads\/2024\/06\/DSC01230-ARW-1509.jpg\" alt=\"\" class=\"wp-image-13856\" style=\"width:800px\" srcset=\"https:\/\/mb2812.de\/wp-content\/uploads\/2024\/06\/DSC01230-ARW-1509.jpg 1920w, https:\/\/mb2812.de\/wp-content\/uploads\/2024\/06\/DSC01230-ARW-1509-300x240.jpg 300w, https:\/\/mb2812.de\/wp-content\/uploads\/2024\/06\/DSC01230-ARW-1509-1024x819.jpg 1024w, https:\/\/mb2812.de\/wp-content\/uploads\/2024\/06\/DSC01230-ARW-1509-768x614.jpg 768w, https:\/\/mb2812.de\/wp-content\/uploads\/2024\/06\/DSC01230-ARW-1509-1536x1229.jpg 1536w, https:\/\/mb2812.de\/wp-content\/uploads\/2024\/06\/DSC01230-ARW-1509-668x534.jpg 668w\" sizes=\"auto, (max-width: 1920px) 100vw, 1920px\" \/><\/a><figcaption class=\"wp-element-caption\"><em>Und noch ein Foto kurz vor dem Ende der Fahrt: Jetzt ist die Rigi zu sehen<\/em><\/figcaption><\/figure>\n\n\n\n<figure class=\"wp-block-image aligncenter size-full is-resized\"><a href=\"https:\/\/mb2812.de\/wp-content\/uploads\/2024\/06\/DSC01233-ARW-1490.jpg\" target=\"_blank\" rel=\"noopener noreferrer\"><img loading=\"lazy\" decoding=\"async\" width=\"1287\" height=\"1920\" src=\"https:\/\/mb2812.de\/wp-content\/uploads\/2024\/06\/DSC01233-ARW-1490.jpg\" alt=\"\" class=\"wp-image-13857\" style=\"width:535px\" srcset=\"https:\/\/mb2812.de\/wp-content\/uploads\/2024\/06\/DSC01233-ARW-1490.jpg 1287w, https:\/\/mb2812.de\/wp-content\/uploads\/2024\/06\/DSC01233-ARW-1490-201x300.jpg 201w, https:\/\/mb2812.de\/wp-content\/uploads\/2024\/06\/DSC01233-ARW-1490-686x1024.jpg 686w, https:\/\/mb2812.de\/wp-content\/uploads\/2024\/06\/DSC01233-ARW-1490-768x1146.jpg 768w, https:\/\/mb2812.de\/wp-content\/uploads\/2024\/06\/DSC01233-ARW-1490-1030x1536.jpg 1030w, https:\/\/mb2812.de\/wp-content\/uploads\/2024\/06\/DSC01233-ARW-1490-668x997.jpg 668w\" sizes=\"auto, (max-width: 1287px) 100vw, 1287px\" \/><\/a><figcaption class=\"wp-element-caption\"><em>Die Fahrt ist zu Ende, nach viereinhalb Stunden ich bin wieder an Land. Blick zur\u00fcck aufs Schiff und seine Bugverzierung<\/em><\/figcaption><\/figure>\n\n\n\n<figure class=\"wp-block-image aligncenter size-full is-resized\"><a href=\"https:\/\/mb2812.de\/wp-content\/uploads\/2024\/06\/IMG_6654-1498.jpg\" target=\"_blank\" rel=\"noopener noreferrer\"><img loading=\"lazy\" decoding=\"async\" width=\"1920\" height=\"1536\" src=\"https:\/\/mb2812.de\/wp-content\/uploads\/2024\/06\/IMG_6654-1498.jpg\" alt=\"\" class=\"wp-image-13865\" style=\"width:800px\" srcset=\"https:\/\/mb2812.de\/wp-content\/uploads\/2024\/06\/IMG_6654-1498.jpg 1920w, https:\/\/mb2812.de\/wp-content\/uploads\/2024\/06\/IMG_6654-1498-300x240.jpg 300w, https:\/\/mb2812.de\/wp-content\/uploads\/2024\/06\/IMG_6654-1498-1024x819.jpg 1024w, https:\/\/mb2812.de\/wp-content\/uploads\/2024\/06\/IMG_6654-1498-768x614.jpg 768w, https:\/\/mb2812.de\/wp-content\/uploads\/2024\/06\/IMG_6654-1498-1536x1229.jpg 1536w, https:\/\/mb2812.de\/wp-content\/uploads\/2024\/06\/IMG_6654-1498-668x534.jpg 668w\" sizes=\"auto, (max-width: 1920px) 100vw, 1920px\" \/><\/a><figcaption class=\"wp-element-caption\"><em>Ab jetzt ist wieder moderne Eisenbahn angesagt. Da die Rushhour wohl vorbei ist, habe ich viel Platz auf der R\u00fcckfahrt nach Z\u00fcrich.<\/em><\/figcaption><\/figure>\n\n\n\n<hr class=\"wp-block-separator has-alpha-channel-opacity\"\/>\n\n\n\n<p>Und am <strong>Dienstag<\/strong> geht es dann wieder zur\u00fcck nach K\u00f6ln. Es sollte eine gem\u00fctliche Fahrt im durchgehenden Eurocity werden, ich erwischte sogar eine Platzreservierung im Panoramawagen.<\/p>\n\n\n\n<figure class=\"wp-block-image aligncenter size-full is-resized\"><a href=\"https:\/\/mb2812.de\/wp-content\/uploads\/2024\/06\/IMG_6659-1512.jpg\" rel=\"noopener\"><img loading=\"lazy\" decoding=\"async\" width=\"1920\" height=\"1536\" src=\"https:\/\/mb2812.de\/wp-content\/uploads\/2024\/06\/IMG_6659-1512.jpg\" alt=\"\" class=\"wp-image-13881\" style=\"width:800px\" srcset=\"https:\/\/mb2812.de\/wp-content\/uploads\/2024\/06\/IMG_6659-1512.jpg 1920w, https:\/\/mb2812.de\/wp-content\/uploads\/2024\/06\/IMG_6659-1512-300x240.jpg 300w, https:\/\/mb2812.de\/wp-content\/uploads\/2024\/06\/IMG_6659-1512-1024x819.jpg 1024w, https:\/\/mb2812.de\/wp-content\/uploads\/2024\/06\/IMG_6659-1512-768x614.jpg 768w, https:\/\/mb2812.de\/wp-content\/uploads\/2024\/06\/IMG_6659-1512-1536x1229.jpg 1536w, https:\/\/mb2812.de\/wp-content\/uploads\/2024\/06\/IMG_6659-1512-668x534.jpg 668w\" sizes=\"auto, (max-width: 1920px) 100vw, 1920px\" \/><\/a><figcaption class=\"wp-element-caption\"><em>Ungef\u00e4hr 1990 bin ich schon einmal mit einem SBB Panoramawagen gefahren (von Oberhausen nach Amsterdam) und so richtig gefallen haben sie mir nicht. Keine Gep\u00e4ckablagen, starke Sonneneinstrahlung und erhebliche Vibrationen sind mir im Ged\u00e4chtnis geblieben. Nach 30 Jahren sitze ich jetzt mal wieder in so einem Wagen und habe zur Verdeutlichung der hervorragenden Aussicht dieses Foto gemacht (Anmerkung: Das Vibrieren hat man inzwischen abgestellt, Platz f\u00fcr Koffer gibt es immer noch nicht, daf\u00fcr nach wie vor zuviel Sonne)<\/em><\/figcaption><\/figure>\n\n\n\n<p>Ab Basel ist f\u00fcr die Fahrt aber wieder die Deutsche Bahn zust\u00e4ndig und die funktioniert anders als die Schweizer Bahnen. Von Bahnhof zu Bahnhof nimmt die Versp\u00e4tung zu, und nach einer merkw\u00fcrdigen Bremsung rollen wir in Schwetzingen aufs Abstellgleis mit der Durchsage &#8222;Die Weiterfahrt verz\u00f6gert sich wegen einer technischen Untersuchung &#8230;&#8220;. Die Klimaanlage ist dabei nat\u00fcrlich ausgeschaltet. Zur Katastrophe ist es allerdings nicht gekommen, nach einer halben Stunde ist der Strom wieder da und es geht auch weiter. Auf die Aussicht aus dem Panoramawagen auf den Mittelrhein habe ich dann verzichtet und bin Mannheim &nbsp;in einen ICE umgestiegen. Alles in Allem war ich eine Stunde zu sp\u00e4t zu Hause, obwohl der ICE eigentlich eine Stunde schneller ist als der Eurocity.<\/p>\n","protected":false},"excerpt":{"rendered":"<p>Etwas Urlaub f\u00fcr mich anl\u00e4sslich einer Dienstreise Stephans. Es ging auf die Rigi und mit dem Schiff \u00fcber den Vierwaldst\u00e4ttersee.<\/p>\n","protected":false},"author":1,"featured_media":13850,"comment_status":"closed","ping_status":"closed","sticky":false,"template":"","format":"standard","meta":{"footnotes":""},"categories":[13],"tags":[246,198,264,487,48,148,49],"class_list":["post-13834","post","type-post","status-publish","format-standard","has-post-thumbnail","hentry","category-ausfluege","tag-246","tag-bahn","tag-rigi","tag-schiff","tag-schweiz","tag-vierwaldstaetter-see","tag-zentralschweiz"],"_links":{"self":[{"href":"https:\/\/mb2812.de\/index.php?rest_route=\/wp\/v2\/posts\/13834","targetHints":{"allow":["GET"]}}],"collection":[{"href":"https:\/\/mb2812.de\/index.php?rest_route=\/wp\/v2\/posts"}],"about":[{"href":"https:\/\/mb2812.de\/index.php?rest_route=\/wp\/v2\/types\/post"}],"author":[{"embeddable":true,"href":"https:\/\/mb2812.de\/index.php?rest_route=\/wp\/v2\/users\/1"}],"replies":[{"embeddable":true,"href":"https:\/\/mb2812.de\/index.php?rest_route=%2Fwp%2Fv2%2Fcomments&post=13834"}],"version-history":[{"count":21,"href":"https:\/\/mb2812.de\/index.php?rest_route=\/wp\/v2\/posts\/13834\/revisions"}],"predecessor-version":[{"id":16604,"href":"https:\/\/mb2812.de\/index.php?rest_route=\/wp\/v2\/posts\/13834\/revisions\/16604"}],"wp:featuredmedia":[{"embeddable":true,"href":"https:\/\/mb2812.de\/index.php?rest_route=\/wp\/v2\/media\/13850"}],"wp:attachment":[{"href":"https:\/\/mb2812.de\/index.php?rest_route=%2Fwp%2Fv2%2Fmedia&parent=13834"}],"wp:term":[{"taxonomy":"category","embeddable":true,"href":"https:\/\/mb2812.de\/index.php?rest_route=%2Fwp%2Fv2%2Fcategories&post=13834"},{"taxonomy":"post_tag","embeddable":true,"href":"https:\/\/mb2812.de\/index.php?rest_route=%2Fwp%2Fv2%2Ftags&post=13834"}],"curies":[{"name":"wp","href":"https:\/\/api.w.org\/{rel}","templated":true}]}}