{"id":13780,"date":"2024-06-02T09:07:40","date_gmt":"2024-06-02T07:07:40","guid":{"rendered":"https:\/\/mb2812.de\/?p=13780"},"modified":"2025-06-29T17:58:15","modified_gmt":"2025-06-29T15:58:15","slug":"kopenhagen","status":"publish","type":"post","link":"https:\/\/mb2812.de\/?p=13780","title":{"rendered":"Kopenhagen"},"content":{"rendered":"\n<p>Was wir an den einzelnen Tagen machen wollten, hatten wir in gewisser Weise gestern beim Fahrkartenkauf am Flughafen festgelegt. Erworben hatten wir eine 24 Stunden Karte f\u00fcr Kopenhagen, damit waren Ausfl\u00fcge ins Umland zun\u00e4chst ausgeschlossen. Konsequenterweise ging es am heutigen Tag kreuz und quer durch Kopenhagen.<\/p>\n\n\n\n<p>Am Anfang stand der Versuch, den Nahverkehr in Kopenhagen zu dokumentieren. Das ist zun\u00e4chst ganz gut gelungen, als erstes stand die Metro (U-Bahn) auf dem Programm. Ich beginne mit dem Fotografieren direkt an der Metro Station am Hotel:<\/p>\n\n\n\n<figure class=\"wp-block-image aligncenter is-resized\"><a href=\"https:\/\/mb2812.de\/wp-content\/uploads\/2024\/06\/DSC00417-ARW-1452.jpg\" target=\"_blank\" rel=\" noreferrer noopener\"><img loading=\"lazy\" decoding=\"async\" width=\"1024\" height=\"819\" src=\"https:\/\/mb2812.de\/wp-content\/uploads\/2024\/06\/DSC00417-ARW-1452-1024x819.jpg\" alt=\"\" class=\"wp-image-13781\" style=\"width:800px\" srcset=\"https:\/\/mb2812.de\/wp-content\/uploads\/2024\/06\/DSC00417-ARW-1452-1024x819.jpg 1024w, https:\/\/mb2812.de\/wp-content\/uploads\/2024\/06\/DSC00417-ARW-1452-300x240.jpg 300w, https:\/\/mb2812.de\/wp-content\/uploads\/2024\/06\/DSC00417-ARW-1452-768x614.jpg 768w, https:\/\/mb2812.de\/wp-content\/uploads\/2024\/06\/DSC00417-ARW-1452-1536x1229.jpg 1536w, https:\/\/mb2812.de\/wp-content\/uploads\/2024\/06\/DSC00417-ARW-1452-668x534.jpg 668w, https:\/\/mb2812.de\/wp-content\/uploads\/2024\/06\/DSC00417-ARW-1452.jpg 1920w\" sizes=\"auto, (max-width: 1024px) 100vw, 1024px\" \/><\/a><figcaption class=\"wp-element-caption\"><em>Eingang der U-Bahn Haltestelle Islands Brygge nahe des Hotels<\/em><\/figcaption><\/figure>\n\n\n\n<!--more-->\n\n\n\n<p class=\"has-text-align-left\">Wir fahren eine Station nach S\u00fcden, denn direkt hinter Islands Brygge endet der Metro Tunnel und die Bahnen fahren oberirdisch weiter bis zum Endpunkt Vestagmagar.<\/p>\n\n\n\n<figure class=\"wp-block-image aligncenter is-resized\"><a href=\"https:\/\/mb2812.de\/wp-content\/uploads\/2024\/06\/DSC00421-ARW.jpg\" target=\"_blank\" rel=\" noreferrer noopener\"><img loading=\"lazy\" decoding=\"async\" width=\"1024\" height=\"819\" src=\"https:\/\/mb2812.de\/wp-content\/uploads\/2024\/06\/DSC00421-ARW-1024x819.jpg\" alt=\"\" class=\"wp-image-13783\" style=\"width:800px\" srcset=\"https:\/\/mb2812.de\/wp-content\/uploads\/2024\/06\/DSC00421-ARW-1024x819.jpg 1024w, https:\/\/mb2812.de\/wp-content\/uploads\/2024\/06\/DSC00421-ARW-300x240.jpg 300w, https:\/\/mb2812.de\/wp-content\/uploads\/2024\/06\/DSC00421-ARW-768x614.jpg 768w, https:\/\/mb2812.de\/wp-content\/uploads\/2024\/06\/DSC00421-ARW-1536x1229.jpg 1536w, https:\/\/mb2812.de\/wp-content\/uploads\/2024\/06\/DSC00421-ARW-668x534.jpg 668w, https:\/\/mb2812.de\/wp-content\/uploads\/2024\/06\/DSC00421-ARW.jpg 1920w\" sizes=\"auto, (max-width: 1024px) 100vw, 1024px\" \/><\/a><figcaption class=\"wp-element-caption\"><em>Ein Zug auf dem oberirdischen Streckenteil Richtung Vestamager<\/em><\/figcaption><\/figure>\n\n\n\n<p>Dann geht es mit Umsteigen in der Innenstadt nach Norden zum Endpunkt &#8222;Orientkaj&#8220; der Metro Linie 4. Dort, im alten Hafengebiet, entsteht derzeit ein neues Stadtviertel, das mittels der 2020 er\u00f6ffneten Metro an den Rest der Stadt angebunden wird.<\/p>\n\n\n\n<figure class=\"wp-block-image aligncenter is-resized\"><a href=\"https:\/\/mb2812.de\/wp-content\/uploads\/2024\/06\/DSC00425-ARW-1465.jpg\" target=\"_blank\" rel=\" noreferrer noopener\"><img loading=\"lazy\" decoding=\"async\" width=\"1024\" height=\"819\" src=\"https:\/\/mb2812.de\/wp-content\/uploads\/2024\/06\/DSC00425-ARW-1465-1024x819.jpg\" alt=\"\" class=\"wp-image-13782\" style=\"width:800px\" srcset=\"https:\/\/mb2812.de\/wp-content\/uploads\/2024\/06\/DSC00425-ARW-1465-1024x819.jpg 1024w, https:\/\/mb2812.de\/wp-content\/uploads\/2024\/06\/DSC00425-ARW-1465-300x240.jpg 300w, https:\/\/mb2812.de\/wp-content\/uploads\/2024\/06\/DSC00425-ARW-1465-768x614.jpg 768w, https:\/\/mb2812.de\/wp-content\/uploads\/2024\/06\/DSC00425-ARW-1465-1536x1229.jpg 1536w, https:\/\/mb2812.de\/wp-content\/uploads\/2024\/06\/DSC00425-ARW-1465-668x534.jpg 668w, https:\/\/mb2812.de\/wp-content\/uploads\/2024\/06\/DSC00425-ARW-1465.jpg 1920w\" sizes=\"auto, (max-width: 1024px) 100vw, 1024px\" \/><\/a><figcaption class=\"wp-element-caption\"><em>Den fahrerlosen Betrieb der Metro verdeutlicht dieses Foto. Der Zug f\u00e4hrt in die Endstation ein<\/em><\/figcaption><\/figure>\n\n\n\n<figure class=\"wp-block-image aligncenter is-resized\"><a href=\"https:\/\/mb2812.de\/wp-content\/uploads\/2024\/06\/DSC00429-ARW.jpg\" target=\"_blank\" rel=\" noreferrer noopener\"><img loading=\"lazy\" decoding=\"async\" width=\"1024\" height=\"819\" src=\"https:\/\/mb2812.de\/wp-content\/uploads\/2024\/06\/DSC00429-ARW-1024x819.jpg\" alt=\"\" class=\"wp-image-13803\" style=\"width:800px\" srcset=\"https:\/\/mb2812.de\/wp-content\/uploads\/2024\/06\/DSC00429-ARW-1024x819.jpg 1024w, https:\/\/mb2812.de\/wp-content\/uploads\/2024\/06\/DSC00429-ARW-300x240.jpg 300w, https:\/\/mb2812.de\/wp-content\/uploads\/2024\/06\/DSC00429-ARW-768x614.jpg 768w, https:\/\/mb2812.de\/wp-content\/uploads\/2024\/06\/DSC00429-ARW-1536x1229.jpg 1536w, https:\/\/mb2812.de\/wp-content\/uploads\/2024\/06\/DSC00429-ARW-668x534.jpg 668w, https:\/\/mb2812.de\/wp-content\/uploads\/2024\/06\/DSC00429-ARW.jpg 1920w\" sizes=\"auto, (max-width: 1024px) 100vw, 1024px\" \/><\/a><figcaption class=\"wp-element-caption\"><em>Die Station Orientkaj mit einem Metro Zug<\/em><\/figcaption><\/figure>\n\n\n\n<p><\/p>\n\n\n\n<figure class=\"wp-block-image aligncenter is-resized\"><a href=\"https:\/\/mb2812.de\/wp-content\/uploads\/2024\/06\/DSC00426-ARW.jpg\" target=\"_blank\" rel=\" noreferrer noopener\"><img loading=\"lazy\" decoding=\"async\" width=\"1024\" height=\"819\" src=\"https:\/\/mb2812.de\/wp-content\/uploads\/2024\/06\/DSC00426-ARW-1024x819.jpg\" alt=\"\" class=\"wp-image-13784\" style=\"width:800px\" srcset=\"https:\/\/mb2812.de\/wp-content\/uploads\/2024\/06\/DSC00426-ARW-1024x819.jpg 1024w, https:\/\/mb2812.de\/wp-content\/uploads\/2024\/06\/DSC00426-ARW-300x240.jpg 300w, https:\/\/mb2812.de\/wp-content\/uploads\/2024\/06\/DSC00426-ARW-768x614.jpg 768w, https:\/\/mb2812.de\/wp-content\/uploads\/2024\/06\/DSC00426-ARW-1536x1229.jpg 1536w, https:\/\/mb2812.de\/wp-content\/uploads\/2024\/06\/DSC00426-ARW-668x534.jpg 668w, https:\/\/mb2812.de\/wp-content\/uploads\/2024\/06\/DSC00426-ARW.jpg 1920w\" sizes=\"auto, (max-width: 1024px) 100vw, 1024px\" \/><\/a><figcaption class=\"wp-element-caption\"><em>Seit 2017 findet sich hier der neue Campus der Copenhagen International School<\/em>. <em>Dahinter finden sich die Kr\u00e4ne eines Containerterminals im Hafen<\/em><\/figcaption><\/figure>\n\n\n\n<figure class=\"wp-block-image aligncenter is-resized\"><a href=\"https:\/\/mb2812.de\/wp-content\/uploads\/2024\/06\/DSC00431-ARW-1453.jpg\" target=\"_blank\" rel=\" noreferrer noopener\"><img loading=\"lazy\" decoding=\"async\" width=\"1024\" height=\"819\" src=\"https:\/\/mb2812.de\/wp-content\/uploads\/2024\/06\/DSC00431-ARW-1453-1024x819.jpg\" alt=\"\" class=\"wp-image-13785\" style=\"width:800px\" srcset=\"https:\/\/mb2812.de\/wp-content\/uploads\/2024\/06\/DSC00431-ARW-1453-1024x819.jpg 1024w, https:\/\/mb2812.de\/wp-content\/uploads\/2024\/06\/DSC00431-ARW-1453-300x240.jpg 300w, https:\/\/mb2812.de\/wp-content\/uploads\/2024\/06\/DSC00431-ARW-1453-768x614.jpg 768w, https:\/\/mb2812.de\/wp-content\/uploads\/2024\/06\/DSC00431-ARW-1453-1536x1229.jpg 1536w, https:\/\/mb2812.de\/wp-content\/uploads\/2024\/06\/DSC00431-ARW-1453-668x534.jpg 668w, https:\/\/mb2812.de\/wp-content\/uploads\/2024\/06\/DSC00431-ARW-1453.jpg 1920w\" sizes=\"auto, (max-width: 1024px) 100vw, 1024px\" \/><\/a><figcaption class=\"wp-element-caption\"><em>Wir bleiben beim \u00f6ffentlichen Nahverkehr. Durch den inneren Hafen verkehrt eine &#8222;Water Bus&#8220; Linie. Mit der fahren wir zur\u00fcck Richtung Innenstadt, um das touristische Programm zu beginnen. Hier eines der eingesetzten Boote bei der Ankunft an der Station Orientkaj.<\/em><\/figcaption><\/figure>\n\n\n\n<figure class=\"wp-block-image aligncenter is-resized\"><a href=\"https:\/\/mb2812.de\/wp-content\/uploads\/2024\/06\/DSC00432-ARW-1469.jpg\" target=\"_blank\" rel=\" noreferrer noopener\"><img loading=\"lazy\" decoding=\"async\" width=\"1024\" height=\"819\" src=\"https:\/\/mb2812.de\/wp-content\/uploads\/2024\/06\/DSC00432-ARW-1469-1024x819.jpg\" alt=\"\" class=\"wp-image-13796\" style=\"width:800px\" srcset=\"https:\/\/mb2812.de\/wp-content\/uploads\/2024\/06\/DSC00432-ARW-1469-1024x819.jpg 1024w, https:\/\/mb2812.de\/wp-content\/uploads\/2024\/06\/DSC00432-ARW-1469-300x240.jpg 300w, https:\/\/mb2812.de\/wp-content\/uploads\/2024\/06\/DSC00432-ARW-1469-768x614.jpg 768w, https:\/\/mb2812.de\/wp-content\/uploads\/2024\/06\/DSC00432-ARW-1469-1536x1229.jpg 1536w, https:\/\/mb2812.de\/wp-content\/uploads\/2024\/06\/DSC00432-ARW-1469-668x534.jpg 668w, https:\/\/mb2812.de\/wp-content\/uploads\/2024\/06\/DSC00432-ARW-1469.jpg 1920w\" sizes=\"auto, (max-width: 1024px) 100vw, 1024px\" \/><\/a><figcaption class=\"wp-element-caption\"><em>Blick zur\u00fcck auf Schulcampus und Cointainerkran<\/em><\/figcaption><\/figure>\n\n\n\n<figure class=\"wp-block-image aligncenter is-resized\"><a href=\"https:\/\/mb2812.de\/wp-content\/uploads\/2024\/06\/DSC00438-ARW-1454.jpg\" target=\"_blank\" rel=\" noreferrer noopener\"><img loading=\"lazy\" decoding=\"async\" width=\"1024\" height=\"819\" src=\"https:\/\/mb2812.de\/wp-content\/uploads\/2024\/06\/DSC00438-ARW-1454-1024x819.jpg\" alt=\"\" class=\"wp-image-13797\" style=\"width:800px\" srcset=\"https:\/\/mb2812.de\/wp-content\/uploads\/2024\/06\/DSC00438-ARW-1454-1024x819.jpg 1024w, https:\/\/mb2812.de\/wp-content\/uploads\/2024\/06\/DSC00438-ARW-1454-300x240.jpg 300w, https:\/\/mb2812.de\/wp-content\/uploads\/2024\/06\/DSC00438-ARW-1454-768x614.jpg 768w, https:\/\/mb2812.de\/wp-content\/uploads\/2024\/06\/DSC00438-ARW-1454-1536x1229.jpg 1536w, https:\/\/mb2812.de\/wp-content\/uploads\/2024\/06\/DSC00438-ARW-1454-668x534.jpg 668w, https:\/\/mb2812.de\/wp-content\/uploads\/2024\/06\/DSC00438-ARW-1454.jpg 1920w\" sizes=\"auto, (max-width: 1024px) 100vw, 1024px\" \/><\/a><figcaption class=\"wp-element-caption\"><em>Vorbei geht es an den Terminals f\u00fcr  F\u00e4hr- und Kreuzfahrtschiffe<\/em><\/figcaption><\/figure>\n\n\n\n<p>Nordre Toldbod steigen wir aus. Unser Ziel ist die kleine Meerjungfrau. Die konnten wir schon vom Wasser aus sehen, bzw. die Menschenmassen davor. Wir kommen dabei am Churchill Park und der Festung &#8222;Kastellet&#8220; vorbei.<\/p>\n\n\n\n<figure class=\"wp-block-image aligncenter is-resized\"><a href=\"https:\/\/mb2812.de\/wp-content\/uploads\/2024\/06\/DSC00449-ARW-1455-1.jpg\" target=\"_blank\" rel=\"noopener\"><img loading=\"lazy\" decoding=\"async\" width=\"768\" height=\"1024\" src=\"https:\/\/mb2812.de\/wp-content\/uploads\/2024\/06\/DSC00449-ARW-1455-1-768x1024.jpg\" alt=\"\" class=\"wp-image-13824\" style=\"width:600px\" srcset=\"https:\/\/mb2812.de\/wp-content\/uploads\/2024\/06\/DSC00449-ARW-1455-1-768x1024.jpg 768w, https:\/\/mb2812.de\/wp-content\/uploads\/2024\/06\/DSC00449-ARW-1455-1-225x300.jpg 225w, https:\/\/mb2812.de\/wp-content\/uploads\/2024\/06\/DSC00449-ARW-1455-1-1152x1536.jpg 1152w, https:\/\/mb2812.de\/wp-content\/uploads\/2024\/06\/DSC00449-ARW-1455-1-668x891.jpg 668w, https:\/\/mb2812.de\/wp-content\/uploads\/2024\/06\/DSC00449-ARW-1455-1.jpg 1440w\" sizes=\"auto, (max-width: 768px) 100vw, 768px\" \/><\/a><figcaption class=\"wp-element-caption\"><em>Die Merkur Statue von <em>Carl Christian Peters<\/em><\/em> <em>(aufgestellt 1870) steht auf einem der Tore zum. f\u00fcheren Hafengebiet<\/em><\/figcaption><\/figure>\n\n\n\n<figure class=\"wp-block-image aligncenter is-resized\"><a href=\"https:\/\/mb2812.de\/wp-content\/uploads\/2024\/06\/DSC00451-ARW-1471.jpg\" target=\"_blank\" rel=\" noreferrer noopener\"><img loading=\"lazy\" decoding=\"async\" width=\"768\" height=\"1024\" src=\"https:\/\/mb2812.de\/wp-content\/uploads\/2024\/06\/DSC00451-ARW-1471-768x1024.jpg\" alt=\"\" class=\"wp-image-13799\" style=\"width:600px\" srcset=\"https:\/\/mb2812.de\/wp-content\/uploads\/2024\/06\/DSC00451-ARW-1471-768x1024.jpg 768w, https:\/\/mb2812.de\/wp-content\/uploads\/2024\/06\/DSC00451-ARW-1471-225x300.jpg 225w, https:\/\/mb2812.de\/wp-content\/uploads\/2024\/06\/DSC00451-ARW-1471-1152x1536.jpg 1152w, https:\/\/mb2812.de\/wp-content\/uploads\/2024\/06\/DSC00451-ARW-1471-668x891.jpg 668w, https:\/\/mb2812.de\/wp-content\/uploads\/2024\/06\/DSC00451-ARW-1471.jpg 1440w\" sizes=\"auto, (max-width: 768px) 100vw, 768px\" \/><\/a><figcaption class=\"wp-element-caption\"><em>Der Gefion Brunnen<\/em><\/figcaption><\/figure>\n\n\n\n<figure class=\"wp-block-image aligncenter is-resized\"><a href=\"https:\/\/mb2812.de\/wp-content\/uploads\/2024\/06\/DSC00454-ARW-1472.jpg\" target=\"_blank\" rel=\" noreferrer noopener\"><img loading=\"lazy\" decoding=\"async\" width=\"768\" height=\"1024\" src=\"https:\/\/mb2812.de\/wp-content\/uploads\/2024\/06\/DSC00454-ARW-1472-768x1024.jpg\" alt=\"\" class=\"wp-image-13800\" style=\"width:600px\" srcset=\"https:\/\/mb2812.de\/wp-content\/uploads\/2024\/06\/DSC00454-ARW-1472-768x1024.jpg 768w, https:\/\/mb2812.de\/wp-content\/uploads\/2024\/06\/DSC00454-ARW-1472-225x300.jpg 225w, https:\/\/mb2812.de\/wp-content\/uploads\/2024\/06\/DSC00454-ARW-1472-1152x1536.jpg 1152w, https:\/\/mb2812.de\/wp-content\/uploads\/2024\/06\/DSC00454-ARW-1472-668x891.jpg 668w, https:\/\/mb2812.de\/wp-content\/uploads\/2024\/06\/DSC00454-ARW-1472.jpg 1440w\" sizes=\"auto, (max-width: 768px) 100vw, 768px\" \/><\/a><figcaption class=\"wp-element-caption\"><em>St. Alban, die anglikanische Kirche in Kopenhagen<\/em><\/figcaption><\/figure>\n\n\n\n<figure class=\"wp-block-image aligncenter is-resized\"><a href=\"https:\/\/mb2812.de\/wp-content\/uploads\/2024\/06\/DSC00460-ARW-1.jpg\" target=\"_blank\" rel=\"noopener\"><img loading=\"lazy\" decoding=\"async\" width=\"768\" height=\"1024\" src=\"https:\/\/mb2812.de\/wp-content\/uploads\/2024\/06\/DSC00460-ARW-1-768x1024.jpg\" alt=\"\" class=\"wp-image-13827\" style=\"width:600px\" srcset=\"https:\/\/mb2812.de\/wp-content\/uploads\/2024\/06\/DSC00460-ARW-1-768x1024.jpg 768w, https:\/\/mb2812.de\/wp-content\/uploads\/2024\/06\/DSC00460-ARW-1-225x300.jpg 225w, https:\/\/mb2812.de\/wp-content\/uploads\/2024\/06\/DSC00460-ARW-1-1152x1536.jpg 1152w, https:\/\/mb2812.de\/wp-content\/uploads\/2024\/06\/DSC00460-ARW-1-668x891.jpg 668w, https:\/\/mb2812.de\/wp-content\/uploads\/2024\/06\/DSC00460-ARW-1.jpg 1440w\" sizes=\"auto, (max-width: 768px) 100vw, 768px\" \/><\/a><figcaption class=\"wp-element-caption\"><em>Und da sind wir dann am Wahrzeichen Kopenhagens: Den Lille Havfrue, bzw. Die kleine Meerjungfrau, eine Figur aus dem gleichnamigen M\u00e4rchen von Hans Christian Andersen. Die Statue von Edvard Eriksen ist gerade mal 1,25 Meter gro\u00df<\/em><\/figcaption><\/figure>\n\n\n\n<figure class=\"wp-block-image aligncenter is-resized\"><a href=\"https:\/\/mb2812.de\/wp-content\/uploads\/2024\/06\/DSC00464-ARW.jpg\" target=\"_blank\" rel=\" noreferrer noopener\"><img loading=\"lazy\" decoding=\"async\" width=\"1024\" height=\"819\" src=\"https:\/\/mb2812.de\/wp-content\/uploads\/2024\/06\/DSC00464-ARW-1024x819.jpg\" alt=\"\" class=\"wp-image-13805\" style=\"width:800px\" srcset=\"https:\/\/mb2812.de\/wp-content\/uploads\/2024\/06\/DSC00464-ARW-1024x819.jpg 1024w, https:\/\/mb2812.de\/wp-content\/uploads\/2024\/06\/DSC00464-ARW-300x240.jpg 300w, https:\/\/mb2812.de\/wp-content\/uploads\/2024\/06\/DSC00464-ARW-768x614.jpg 768w, https:\/\/mb2812.de\/wp-content\/uploads\/2024\/06\/DSC00464-ARW-1536x1229.jpg 1536w, https:\/\/mb2812.de\/wp-content\/uploads\/2024\/06\/DSC00464-ARW-668x534.jpg 668w, https:\/\/mb2812.de\/wp-content\/uploads\/2024\/06\/DSC00464-ARW.jpg 1920w\" sizes=\"auto, (max-width: 1024px) 100vw, 1024px\" \/><\/a><figcaption class=\"wp-element-caption\"><em>Auf dem Weg von der Meerjungfrau zur\u00fcck zur Innenstadt laufen wir durch das Kastell<\/em><\/figcaption><\/figure>\n\n\n\n<figure class=\"wp-block-image aligncenter is-resized\"><a href=\"https:\/\/mb2812.de\/wp-content\/uploads\/2024\/06\/DSC00467-ARW.jpg\" target=\"_blank\" rel=\" noreferrer noopener\"><img loading=\"lazy\" decoding=\"async\" width=\"1024\" height=\"819\" src=\"https:\/\/mb2812.de\/wp-content\/uploads\/2024\/06\/DSC00467-ARW-1024x819.jpg\" alt=\"\" class=\"wp-image-13806\" style=\"width:800px\" srcset=\"https:\/\/mb2812.de\/wp-content\/uploads\/2024\/06\/DSC00467-ARW-1024x819.jpg 1024w, https:\/\/mb2812.de\/wp-content\/uploads\/2024\/06\/DSC00467-ARW-300x240.jpg 300w, https:\/\/mb2812.de\/wp-content\/uploads\/2024\/06\/DSC00467-ARW-768x614.jpg 768w, https:\/\/mb2812.de\/wp-content\/uploads\/2024\/06\/DSC00467-ARW-1536x1229.jpg 1536w, https:\/\/mb2812.de\/wp-content\/uploads\/2024\/06\/DSC00467-ARW-668x534.jpg 668w, https:\/\/mb2812.de\/wp-content\/uploads\/2024\/06\/DSC00467-ARW.jpg 1920w\" sizes=\"auto, (max-width: 1024px) 100vw, 1024px\" \/><\/a><figcaption class=\"wp-element-caption\"><em>Durch den Churchillpark in Richtung Esplanaden<\/em><\/figcaption><\/figure>\n\n\n\n<p><\/p>\n\n\n\n<figure class=\"wp-block-image aligncenter is-resized\"><a href=\"https:\/\/mb2812.de\/wp-content\/uploads\/2024\/06\/DSC00468-ARW-1474.jpg\" target=\"_blank\" rel=\" noreferrer noopener\"><img loading=\"lazy\" decoding=\"async\" width=\"1024\" height=\"819\" src=\"https:\/\/mb2812.de\/wp-content\/uploads\/2024\/06\/DSC00468-ARW-1474-1024x819.jpg\" alt=\"\" class=\"wp-image-13808\" style=\"width:800px\" srcset=\"https:\/\/mb2812.de\/wp-content\/uploads\/2024\/06\/DSC00468-ARW-1474-1024x819.jpg 1024w, https:\/\/mb2812.de\/wp-content\/uploads\/2024\/06\/DSC00468-ARW-1474-300x240.jpg 300w, https:\/\/mb2812.de\/wp-content\/uploads\/2024\/06\/DSC00468-ARW-1474-768x614.jpg 768w, https:\/\/mb2812.de\/wp-content\/uploads\/2024\/06\/DSC00468-ARW-1474-1536x1229.jpg 1536w, https:\/\/mb2812.de\/wp-content\/uploads\/2024\/06\/DSC00468-ARW-1474-668x534.jpg 668w, https:\/\/mb2812.de\/wp-content\/uploads\/2024\/06\/DSC00468-ARW-1474.jpg 1920w\" sizes=\"auto, (max-width: 1024px) 100vw, 1024px\" \/><\/a><figcaption class=\"wp-element-caption\"><em>Schloss Amalienburg ist dabei unser n\u00e4chstes Ziel. In der Mitte des Schlossplatzes befindet sich eine Statue von K\u00f6nig Frederik V. aus dem Jahr 1771.<\/em><\/figcaption><\/figure>\n\n\n\n<figure class=\"wp-block-image aligncenter is-resized\"><a href=\"https:\/\/mb2812.de\/wp-content\/uploads\/2024\/06\/DSC00469-ARW-1476.jpg\" target=\"_blank\" rel=\"noopener\"><img loading=\"lazy\" decoding=\"async\" width=\"683\" height=\"1024\" src=\"https:\/\/mb2812.de\/wp-content\/uploads\/2024\/06\/DSC00469-ARW-1476-683x1024.jpg\" alt=\"\" class=\"wp-image-13811\" style=\"width:535px\" srcset=\"https:\/\/mb2812.de\/wp-content\/uploads\/2024\/06\/DSC00469-ARW-1476-683x1024.jpg 683w, https:\/\/mb2812.de\/wp-content\/uploads\/2024\/06\/DSC00469-ARW-1476-200x300.jpg 200w, https:\/\/mb2812.de\/wp-content\/uploads\/2024\/06\/DSC00469-ARW-1476-768x1152.jpg 768w, https:\/\/mb2812.de\/wp-content\/uploads\/2024\/06\/DSC00469-ARW-1476-1024x1536.jpg 1024w, https:\/\/mb2812.de\/wp-content\/uploads\/2024\/06\/DSC00469-ARW-1476-668x1002.jpg 668w, https:\/\/mb2812.de\/wp-content\/uploads\/2024\/06\/DSC00469-ARW-1476.jpg 1280w\" sizes=\"auto, (max-width: 683px) 100vw, 683px\" \/><\/a><figcaption class=\"wp-element-caption\"><em>Vier mehr oder weniger gleich aussehende Pal\u00e4ste s\u00e4umen den Platz. Aufgrund der Uhr im Giebel m\u00fcsset dies der Palast Frederik VIII sein, der 1750-60 f\u00fcr Baron Joachim Brockdorff gebaut wurde. Heutzutage ist er die private Residenz der k\u00f6niglichen Familie.<\/em><\/figcaption><\/figure>\n\n\n\n<figure class=\"wp-block-image aligncenter is-resized\"><a href=\"https:\/\/mb2812.de\/wp-content\/uploads\/2024\/06\/DSC00472-ARW.jpg\" target=\"_blank\" rel=\" noreferrer noopener\"><img loading=\"lazy\" decoding=\"async\" width=\"1024\" height=\"819\" src=\"https:\/\/mb2812.de\/wp-content\/uploads\/2024\/06\/DSC00472-ARW-1024x819.jpg\" alt=\"\" class=\"wp-image-13809\" style=\"width:800px\" srcset=\"https:\/\/mb2812.de\/wp-content\/uploads\/2024\/06\/DSC00472-ARW-1024x819.jpg 1024w, https:\/\/mb2812.de\/wp-content\/uploads\/2024\/06\/DSC00472-ARW-300x240.jpg 300w, https:\/\/mb2812.de\/wp-content\/uploads\/2024\/06\/DSC00472-ARW-768x614.jpg 768w, https:\/\/mb2812.de\/wp-content\/uploads\/2024\/06\/DSC00472-ARW-1536x1229.jpg 1536w, https:\/\/mb2812.de\/wp-content\/uploads\/2024\/06\/DSC00472-ARW-668x534.jpg 668w, https:\/\/mb2812.de\/wp-content\/uploads\/2024\/06\/DSC00472-ARW.jpg 1920w\" sizes=\"auto, (max-width: 1024px) 100vw, 1024px\" \/><\/a><figcaption class=\"wp-element-caption\"><em>Ein paar Schritte entfernt die Frederiks Kirke (&#8222;Marmorkirche&#8220;). Grundsteinlegung war 1749, und wie \u00fcblich war der Bau ein langwieriger Prozess. Erst 1894 wurde die Kirche geweiht.<\/em><\/figcaption><\/figure>\n\n\n\n<figure class=\"wp-block-image aligncenter is-resized\"><a href=\"https:\/\/mb2812.de\/wp-content\/uploads\/2024\/06\/DSC00473-ARW.jpg\" target=\"_blank\" rel=\"noopener\"><img loading=\"lazy\" decoding=\"async\" width=\"682\" height=\"1024\" src=\"https:\/\/mb2812.de\/wp-content\/uploads\/2024\/06\/DSC00473-ARW-682x1024.jpg\" alt=\"\" class=\"wp-image-13786\" style=\"width:535px\" srcset=\"https:\/\/mb2812.de\/wp-content\/uploads\/2024\/06\/DSC00473-ARW-682x1024.jpg 682w, https:\/\/mb2812.de\/wp-content\/uploads\/2024\/06\/DSC00473-ARW-200x300.jpg 200w, https:\/\/mb2812.de\/wp-content\/uploads\/2024\/06\/DSC00473-ARW-768x1154.jpg 768w, https:\/\/mb2812.de\/wp-content\/uploads\/2024\/06\/DSC00473-ARW-1022x1536.jpg 1022w, https:\/\/mb2812.de\/wp-content\/uploads\/2024\/06\/DSC00473-ARW-668x1004.jpg 668w, https:\/\/mb2812.de\/wp-content\/uploads\/2024\/06\/DSC00473-ARW.jpg 1278w\" sizes=\"auto, (max-width: 682px) 100vw, 682px\" \/><\/a><figcaption class=\"wp-element-caption\"><em>Rund um die Kirche  Statuen von Propheten, Kirchenv\u00e4tern und Reformatoren. Im Vordergrund die Statue von Pedar Palladius (1503 &#8211; 1560), &nbsp;lutherischer&nbsp;Theologe und Reformator&nbsp;D\u00e4nemarks<\/em><\/figcaption><\/figure>\n\n\n\n<p class=\"is-style-default\">Eine Mittagspause gab es auch, so wie es es aussieht im &#8222;Caf\u00e9 Bl\u00e5 Time&#8220; (laut Google &#8222;Caf\u00e9 Blue Time&#8220; an der Store Kongensgade.<\/p>\n\n\n\n<p>Frisch gest\u00e4rkt erreichen wir dann die n\u00e4chste Touristenattraktion, den Nyhavn, ein 1693 fertiggestelltes zentrales Hafenbecken in Kopenhagen. Die Giebelh\u00e4user an beiden Seiten entstanden vorwiegend im 18. und 19. Jahrhundert. Wir sind einmal drumherumgelaufen.<\/p>\n\n\n\n<p>Fotos von der Nordseite:<\/p>\n\n\n\n<figure class=\"wp-block-image aligncenter is-resized\"><a href=\"https:\/\/mb2812.de\/wp-content\/uploads\/2024\/06\/DSC00479-ARW.jpg\" target=\"_blank\" rel=\" noreferrer noopener\"><img loading=\"lazy\" decoding=\"async\" width=\"1024\" height=\"819\" src=\"https:\/\/mb2812.de\/wp-content\/uploads\/2024\/06\/DSC00479-ARW-1024x819.jpg\" alt=\"\" class=\"wp-image-13787\" style=\"width:800px\" srcset=\"https:\/\/mb2812.de\/wp-content\/uploads\/2024\/06\/DSC00479-ARW-1024x819.jpg 1024w, https:\/\/mb2812.de\/wp-content\/uploads\/2024\/06\/DSC00479-ARW-300x240.jpg 300w, https:\/\/mb2812.de\/wp-content\/uploads\/2024\/06\/DSC00479-ARW-768x614.jpg 768w, https:\/\/mb2812.de\/wp-content\/uploads\/2024\/06\/DSC00479-ARW-1536x1229.jpg 1536w, https:\/\/mb2812.de\/wp-content\/uploads\/2024\/06\/DSC00479-ARW-668x534.jpg 668w, https:\/\/mb2812.de\/wp-content\/uploads\/2024\/06\/DSC00479-ARW.jpg 1920w\" sizes=\"auto, (max-width: 1024px) 100vw, 1024px\" \/><\/a><figcaption class=\"wp-element-caption\"><em>Auf der Nordseite<\/em><\/figcaption><\/figure>\n\n\n\n<figure class=\"wp-block-image aligncenter is-resized\"><a href=\"https:\/\/mb2812.de\/wp-content\/uploads\/2024\/06\/DSC00484-ARW-1477.jpg\" target=\"_blank\" rel=\" noreferrer noopener\"><img loading=\"lazy\" decoding=\"async\" width=\"682\" height=\"1024\" src=\"https:\/\/mb2812.de\/wp-content\/uploads\/2024\/06\/DSC00484-ARW-1477-682x1024.jpg\" alt=\"\" class=\"wp-image-13788\" style=\"width:535px\" srcset=\"https:\/\/mb2812.de\/wp-content\/uploads\/2024\/06\/DSC00484-ARW-1477-682x1024.jpg 682w, https:\/\/mb2812.de\/wp-content\/uploads\/2024\/06\/DSC00484-ARW-1477-200x300.jpg 200w, https:\/\/mb2812.de\/wp-content\/uploads\/2024\/06\/DSC00484-ARW-1477-768x1153.jpg 768w, https:\/\/mb2812.de\/wp-content\/uploads\/2024\/06\/DSC00484-ARW-1477-1023x1536.jpg 1023w, https:\/\/mb2812.de\/wp-content\/uploads\/2024\/06\/DSC00484-ARW-1477-668x1003.jpg 668w, https:\/\/mb2812.de\/wp-content\/uploads\/2024\/06\/DSC00484-ARW-1477.jpg 1279w\" sizes=\"auto, (max-width: 682px) 100vw, 682px\" \/><\/a><figcaption class=\"wp-element-caption\"><em>Blick \u00fcber das Hafenbecken auf die S\u00fcdseite<\/em><\/figcaption><\/figure>\n\n\n\n<figure class=\"wp-block-image aligncenter is-resized\"><a href=\"https:\/\/mb2812.de\/wp-content\/uploads\/2024\/06\/DSC00485-ARW-1463.jpg\" target=\"_blank\" rel=\" noreferrer noopener\"><img loading=\"lazy\" decoding=\"async\" width=\"1024\" height=\"819\" src=\"https:\/\/mb2812.de\/wp-content\/uploads\/2024\/06\/DSC00485-ARW-1463-1024x819.jpg\" alt=\"\" class=\"wp-image-13789\" style=\"width:800px\" srcset=\"https:\/\/mb2812.de\/wp-content\/uploads\/2024\/06\/DSC00485-ARW-1463-1024x819.jpg 1024w, https:\/\/mb2812.de\/wp-content\/uploads\/2024\/06\/DSC00485-ARW-1463-300x240.jpg 300w, https:\/\/mb2812.de\/wp-content\/uploads\/2024\/06\/DSC00485-ARW-1463-768x614.jpg 768w, https:\/\/mb2812.de\/wp-content\/uploads\/2024\/06\/DSC00485-ARW-1463-1536x1229.jpg 1536w, https:\/\/mb2812.de\/wp-content\/uploads\/2024\/06\/DSC00485-ARW-1463-668x534.jpg 668w, https:\/\/mb2812.de\/wp-content\/uploads\/2024\/06\/DSC00485-ARW-1463.jpg 1920w\" sizes=\"auto, (max-width: 1024px) 100vw, 1024px\" \/><\/a><figcaption class=\"wp-element-caption\">Am Ende des Beckens blicken wir \u00fcber den Hafen auf die Kopenhagener Oper, 2001-2004 gebaut<\/figcaption><\/figure>\n\n\n\n<p>Von der S\u00fcdseite aus kann man die &#8222;sch\u00f6nsten&#8220; Fotos der H\u00e4userzeile auf der Nordseite machen:<\/p>\n\n\n\n<figure class=\"wp-block-image aligncenter is-resized\"><a href=\"https:\/\/mb2812.de\/wp-content\/uploads\/2024\/06\/DSC00488-ARW-1480.jpg\" target=\"_blank\" rel=\"noopener\"><img loading=\"lazy\" decoding=\"async\" width=\"687\" height=\"1024\" src=\"https:\/\/mb2812.de\/wp-content\/uploads\/2024\/06\/DSC00488-ARW-1480-687x1024.jpg\" alt=\"\" class=\"wp-image-13790\" style=\"width:535px\" srcset=\"https:\/\/mb2812.de\/wp-content\/uploads\/2024\/06\/DSC00488-ARW-1480-687x1024.jpg 687w, https:\/\/mb2812.de\/wp-content\/uploads\/2024\/06\/DSC00488-ARW-1480-201x300.jpg 201w, https:\/\/mb2812.de\/wp-content\/uploads\/2024\/06\/DSC00488-ARW-1480-768x1145.jpg 768w, https:\/\/mb2812.de\/wp-content\/uploads\/2024\/06\/DSC00488-ARW-1480-1030x1536.jpg 1030w, https:\/\/mb2812.de\/wp-content\/uploads\/2024\/06\/DSC00488-ARW-1480-668x996.jpg 668w, https:\/\/mb2812.de\/wp-content\/uploads\/2024\/06\/DSC00488-ARW-1480.jpg 1288w\" sizes=\"auto, (max-width: 687px) 100vw, 687px\" \/><\/a><\/figure>\n\n\n\n<p><\/p>\n\n\n\n<figure class=\"wp-block-image aligncenter is-resized\"><a href=\"https:\/\/mb2812.de\/wp-content\/uploads\/2024\/06\/DSC00490-ARW.jpg\" target=\"_blank\" rel=\" noreferrer noopener\"><img loading=\"lazy\" decoding=\"async\" width=\"1024\" height=\"819\" src=\"https:\/\/mb2812.de\/wp-content\/uploads\/2024\/06\/DSC00490-ARW-1024x819.jpg\" alt=\"\" class=\"wp-image-13791\" style=\"width:800px\" srcset=\"https:\/\/mb2812.de\/wp-content\/uploads\/2024\/06\/DSC00490-ARW-1024x819.jpg 1024w, https:\/\/mb2812.de\/wp-content\/uploads\/2024\/06\/DSC00490-ARW-300x240.jpg 300w, https:\/\/mb2812.de\/wp-content\/uploads\/2024\/06\/DSC00490-ARW-768x614.jpg 768w, https:\/\/mb2812.de\/wp-content\/uploads\/2024\/06\/DSC00490-ARW-1536x1229.jpg 1536w, https:\/\/mb2812.de\/wp-content\/uploads\/2024\/06\/DSC00490-ARW-668x534.jpg 668w, https:\/\/mb2812.de\/wp-content\/uploads\/2024\/06\/DSC00490-ARW.jpg 1920w\" sizes=\"auto, (max-width: 1024px) 100vw, 1024px\" \/><\/a><\/figure>\n\n\n\n<p>Damit sind wir am Kongens Nytorv, dem gr\u00f6\u00dften Pl\u00e4tz in Kopenhagen. Der Nyhavn wurde auch angelegt, um diesen Platz erreichen zu k\u00f6nnen. Der Platz ist etwas \u00e4lter, er wurde ab 1680 angelegt.<\/p>\n\n\n\n<figure class=\"wp-block-image aligncenter is-resized\"><a href=\"https:\/\/mb2812.de\/wp-content\/uploads\/2024\/06\/DSC00499-ARW.jpg\" target=\"_blank\" rel=\"noopener\"><img loading=\"lazy\" decoding=\"async\" width=\"683\" height=\"1024\" src=\"https:\/\/mb2812.de\/wp-content\/uploads\/2024\/06\/DSC00499-ARW-683x1024.jpg\" alt=\"\" class=\"wp-image-13792\" style=\"width:535px\" srcset=\"https:\/\/mb2812.de\/wp-content\/uploads\/2024\/06\/DSC00499-ARW-683x1024.jpg 683w, https:\/\/mb2812.de\/wp-content\/uploads\/2024\/06\/DSC00499-ARW-200x300.jpg 200w, https:\/\/mb2812.de\/wp-content\/uploads\/2024\/06\/DSC00499-ARW-768x1152.jpg 768w, https:\/\/mb2812.de\/wp-content\/uploads\/2024\/06\/DSC00499-ARW-1024x1536.jpg 1024w, https:\/\/mb2812.de\/wp-content\/uploads\/2024\/06\/DSC00499-ARW-668x1002.jpg 668w, https:\/\/mb2812.de\/wp-content\/uploads\/2024\/06\/DSC00499-ARW.jpg 1280w\" sizes=\"auto, (max-width: 683px) 100vw, 683px\" \/><\/a><figcaption class=\"wp-element-caption\"><em>Am Kongens Nytorv liegt das K\u00f6nigliche Theater. Das Hauptgeb\u00e4ude wurde 1874 eingeweiht und ersetzte Vorg\u00e4ngerbauten am selben Platz<\/em><\/figcaption><\/figure>\n\n\n\n<figure class=\"wp-block-image aligncenter is-resized\"><a href=\"https:\/\/mb2812.de\/wp-content\/uploads\/2024\/06\/DSC00500-ARW.jpg\" target=\"_blank\" rel=\"noopener\"><img loading=\"lazy\" decoding=\"async\" width=\"682\" height=\"1024\" src=\"https:\/\/mb2812.de\/wp-content\/uploads\/2024\/06\/DSC00500-ARW-682x1024.jpg\" alt=\"\" class=\"wp-image-13794\" style=\"width:535px\" srcset=\"https:\/\/mb2812.de\/wp-content\/uploads\/2024\/06\/DSC00500-ARW-682x1024.jpg 682w, https:\/\/mb2812.de\/wp-content\/uploads\/2024\/06\/DSC00500-ARW-200x300.jpg 200w, https:\/\/mb2812.de\/wp-content\/uploads\/2024\/06\/DSC00500-ARW-768x1154.jpg 768w, https:\/\/mb2812.de\/wp-content\/uploads\/2024\/06\/DSC00500-ARW-1022x1536.jpg 1022w, https:\/\/mb2812.de\/wp-content\/uploads\/2024\/06\/DSC00500-ARW-668x1004.jpg 668w, https:\/\/mb2812.de\/wp-content\/uploads\/2024\/06\/DSC00500-ARW.jpg 1278w\" sizes=\"auto, (max-width: 682px) 100vw, 682px\" \/><\/a><figcaption class=\"wp-element-caption\"><em>Wir wollen die Stroget, die Haupteinkaufsstra\u00dfe, entlanggehen, landen aber erstmal in der parallelen Lille Kongengade. Dieses Haus, offensichtlich von 1675, steht zum Verkauf<\/em><\/figcaption><\/figure>\n\n\n\n<figure class=\"wp-block-image aligncenter is-resized\"><a href=\"https:\/\/mb2812.de\/wp-content\/uploads\/2024\/06\/DSC00504-ARW.jpg\" target=\"_blank\" rel=\" noreferrer noopener\"><img loading=\"lazy\" decoding=\"async\" width=\"1024\" height=\"819\" src=\"https:\/\/mb2812.de\/wp-content\/uploads\/2024\/06\/DSC00504-ARW-1024x819.jpg\" alt=\"\" class=\"wp-image-13795\" style=\"width:800px\" srcset=\"https:\/\/mb2812.de\/wp-content\/uploads\/2024\/06\/DSC00504-ARW-1024x819.jpg 1024w, https:\/\/mb2812.de\/wp-content\/uploads\/2024\/06\/DSC00504-ARW-300x240.jpg 300w, https:\/\/mb2812.de\/wp-content\/uploads\/2024\/06\/DSC00504-ARW-768x614.jpg 768w, https:\/\/mb2812.de\/wp-content\/uploads\/2024\/06\/DSC00504-ARW-1536x1229.jpg 1536w, https:\/\/mb2812.de\/wp-content\/uploads\/2024\/06\/DSC00504-ARW-668x534.jpg 668w, https:\/\/mb2812.de\/wp-content\/uploads\/2024\/06\/DSC00504-ARW.jpg 1920w\" sizes=\"auto, (max-width: 1024px) 100vw, 1024px\" \/><\/a><figcaption class=\"wp-element-caption\"><em>Jetzt sind wir auf der Stroget und folgen ihr zum Rathausplatz. Die Stroget ist seit 1962 eine Fu\u00dfg\u00e4ngerzone, 1.100 Meter lang und besteht aus mehreren aufeinanderfolgenden Stra\u00dfen. Hier sind wir auf dem Amagertorv<\/em><\/figcaption><\/figure>\n\n\n\n<figure class=\"wp-block-image aligncenter is-resized\"><a href=\"https:\/\/mb2812.de\/wp-content\/uploads\/2024\/06\/DSC00508-ARW-1486.jpg\"><img loading=\"lazy\" decoding=\"async\" width=\"1024\" height=\"819\" src=\"https:\/\/mb2812.de\/wp-content\/uploads\/2024\/06\/DSC00508-ARW-1486-1024x819.jpg\" alt=\"\" class=\"wp-image-13807\" style=\"width:800px\" srcset=\"https:\/\/mb2812.de\/wp-content\/uploads\/2024\/06\/DSC00508-ARW-1486-1024x819.jpg 1024w, https:\/\/mb2812.de\/wp-content\/uploads\/2024\/06\/DSC00508-ARW-1486-300x240.jpg 300w, https:\/\/mb2812.de\/wp-content\/uploads\/2024\/06\/DSC00508-ARW-1486-768x614.jpg 768w, https:\/\/mb2812.de\/wp-content\/uploads\/2024\/06\/DSC00508-ARW-1486-1536x1229.jpg 1536w, https:\/\/mb2812.de\/wp-content\/uploads\/2024\/06\/DSC00508-ARW-1486-668x534.jpg 668w, https:\/\/mb2812.de\/wp-content\/uploads\/2024\/06\/DSC00508-ARW-1486.jpg 1920w\" sizes=\"auto, (max-width: 1024px) 100vw, 1024px\" \/><\/a><figcaption class=\"wp-element-caption\"><em>Hier sind wir auf dem Gammeltorv mit dem Caritasbrunnen, im Hintergrund die Frauenkirche<\/em><\/figcaption><\/figure>\n\n\n\n<figure class=\"wp-block-image aligncenter is-resized\"><a href=\"https:\/\/mb2812.de\/wp-content\/uploads\/2024\/06\/DSC00505-ARW.jpg\"><img loading=\"lazy\" decoding=\"async\" width=\"1024\" height=\"819\" src=\"https:\/\/mb2812.de\/wp-content\/uploads\/2024\/06\/DSC00505-ARW-1024x819.jpg\" alt=\"\" class=\"wp-image-13801\" style=\"width:800px\" srcset=\"https:\/\/mb2812.de\/wp-content\/uploads\/2024\/06\/DSC00505-ARW-1024x819.jpg 1024w, https:\/\/mb2812.de\/wp-content\/uploads\/2024\/06\/DSC00505-ARW-300x240.jpg 300w, https:\/\/mb2812.de\/wp-content\/uploads\/2024\/06\/DSC00505-ARW-768x614.jpg 768w, https:\/\/mb2812.de\/wp-content\/uploads\/2024\/06\/DSC00505-ARW-1536x1229.jpg 1536w, https:\/\/mb2812.de\/wp-content\/uploads\/2024\/06\/DSC00505-ARW-668x534.jpg 668w, https:\/\/mb2812.de\/wp-content\/uploads\/2024\/06\/DSC00505-ARW.jpg 1920w\" sizes=\"auto, (max-width: 1024px) 100vw, 1024px\" \/><\/a><figcaption class=\"wp-element-caption\">An den Gammeltorv schliesst der Nytorv an <\/figcaption><\/figure>\n\n\n\n<figure class=\"wp-block-image aligncenter is-resized\"><a href=\"https:\/\/mb2812.de\/wp-content\/uploads\/2024\/06\/DSC00509-ARW-1484.jpg\" target=\"_blank\" rel=\"noopener\"><img loading=\"lazy\" decoding=\"async\" width=\"686\" height=\"1024\" src=\"https:\/\/mb2812.de\/wp-content\/uploads\/2024\/06\/DSC00509-ARW-1484-686x1024.jpg\" alt=\"\" class=\"wp-image-13810\" style=\"width:535px\" srcset=\"https:\/\/mb2812.de\/wp-content\/uploads\/2024\/06\/DSC00509-ARW-1484-686x1024.jpg 686w, https:\/\/mb2812.de\/wp-content\/uploads\/2024\/06\/DSC00509-ARW-1484-201x300.jpg 201w, https:\/\/mb2812.de\/wp-content\/uploads\/2024\/06\/DSC00509-ARW-1484-768x1146.jpg 768w, https:\/\/mb2812.de\/wp-content\/uploads\/2024\/06\/DSC00509-ARW-1484-1030x1536.jpg 1030w, https:\/\/mb2812.de\/wp-content\/uploads\/2024\/06\/DSC00509-ARW-1484-668x997.jpg 668w, https:\/\/mb2812.de\/wp-content\/uploads\/2024\/06\/DSC00509-ARW-1484.jpg 1287w\" sizes=\"auto, (max-width: 686px) 100vw, 686px\" \/><\/a><figcaption class=\"wp-element-caption\"><em> Stroget, links liegt der Gammeltorv und rechts der Nytorv<\/em><\/figcaption><\/figure>\n\n\n\n<figure class=\"wp-block-image aligncenter is-resized\"><a href=\"https:\/\/mb2812.de\/wp-content\/uploads\/2024\/06\/DSC00510-ARW-1482.jpg\" target=\"_blank\" rel=\"noopener\"><img loading=\"lazy\" decoding=\"async\" width=\"683\" height=\"1024\" src=\"https:\/\/mb2812.de\/wp-content\/uploads\/2024\/06\/DSC00510-ARW-1482-683x1024.jpg\" alt=\"\" class=\"wp-image-13812\" style=\"width:535px\" srcset=\"https:\/\/mb2812.de\/wp-content\/uploads\/2024\/06\/DSC00510-ARW-1482-683x1024.jpg 683w, https:\/\/mb2812.de\/wp-content\/uploads\/2024\/06\/DSC00510-ARW-1482-200x300.jpg 200w, https:\/\/mb2812.de\/wp-content\/uploads\/2024\/06\/DSC00510-ARW-1482-768x1152.jpg 768w, https:\/\/mb2812.de\/wp-content\/uploads\/2024\/06\/DSC00510-ARW-1482-1024x1536.jpg 1024w, https:\/\/mb2812.de\/wp-content\/uploads\/2024\/06\/DSC00510-ARW-1482-668x1002.jpg 668w, https:\/\/mb2812.de\/wp-content\/uploads\/2024\/06\/DSC00510-ARW-1482.jpg 1280w\" sizes=\"auto, (max-width: 683px) 100vw, 683px\" \/><\/a><figcaption class=\"wp-element-caption\"><em>Jetzt sind wir auf dem Rathausplatz, ein kleiner Ausschnitt der Rathausfassade<\/em><\/figcaption><\/figure>\n\n\n\n<figure class=\"wp-block-image aligncenter is-resized\"><a href=\"https:\/\/mb2812.de\/wp-content\/uploads\/2024\/06\/DSC00514-ARW-1456.jpg\"><img loading=\"lazy\" decoding=\"async\" width=\"1024\" height=\"819\" src=\"https:\/\/mb2812.de\/wp-content\/uploads\/2024\/06\/DSC00514-ARW-1456-1024x819.jpg\" alt=\"\" class=\"wp-image-13814\" style=\"width:800px\" srcset=\"https:\/\/mb2812.de\/wp-content\/uploads\/2024\/06\/DSC00514-ARW-1456-1024x819.jpg 1024w, https:\/\/mb2812.de\/wp-content\/uploads\/2024\/06\/DSC00514-ARW-1456-300x240.jpg 300w, https:\/\/mb2812.de\/wp-content\/uploads\/2024\/06\/DSC00514-ARW-1456-768x614.jpg 768w, https:\/\/mb2812.de\/wp-content\/uploads\/2024\/06\/DSC00514-ARW-1456-1536x1229.jpg 1536w, https:\/\/mb2812.de\/wp-content\/uploads\/2024\/06\/DSC00514-ARW-1456-668x534.jpg 668w, https:\/\/mb2812.de\/wp-content\/uploads\/2024\/06\/DSC00514-ARW-1456.jpg 1920w\" sizes=\"auto, (max-width: 1024px) 100vw, 1024px\" \/><\/a><figcaption class=\"wp-element-caption\"><em>das ist der Rathausplatz, der Blick geht zur Einkaufsstra\u00dfe Stroget<\/em><\/figcaption><\/figure>\n\n\n\n<figure class=\"wp-block-image aligncenter is-resized\"><a href=\"https:\/\/mb2812.de\/wp-content\/uploads\/2024\/06\/DSC00515-ARW-1457.jpg\"><img loading=\"lazy\" decoding=\"async\" width=\"687\" height=\"1024\" src=\"https:\/\/mb2812.de\/wp-content\/uploads\/2024\/06\/DSC00515-ARW-1457-687x1024.jpg\" alt=\"\" class=\"wp-image-13815\" style=\"width:535px\" srcset=\"https:\/\/mb2812.de\/wp-content\/uploads\/2024\/06\/DSC00515-ARW-1457-687x1024.jpg 687w, https:\/\/mb2812.de\/wp-content\/uploads\/2024\/06\/DSC00515-ARW-1457-201x300.jpg 201w, https:\/\/mb2812.de\/wp-content\/uploads\/2024\/06\/DSC00515-ARW-1457-768x1145.jpg 768w, https:\/\/mb2812.de\/wp-content\/uploads\/2024\/06\/DSC00515-ARW-1457-1030x1536.jpg 1030w, https:\/\/mb2812.de\/wp-content\/uploads\/2024\/06\/DSC00515-ARW-1457-668x996.jpg 668w, https:\/\/mb2812.de\/wp-content\/uploads\/2024\/06\/DSC00515-ARW-1457.jpg 1288w\" sizes=\"auto, (max-width: 687px) 100vw, 687px\" \/><\/a><figcaption class=\"wp-element-caption\"><em>Neben dem Rathaus findet sich diese Bronzestatue von Hans Christian Andersen, erschaffen von  Henry Luckow-Nielsen  in 1965.<\/em><\/figcaption><\/figure>\n\n\n\n<p>Leider sch\u00e4tzen wir die Stra\u00dfenverl\u00e4ufe etwas falsch ein und es wird ein recht weiter Weg um den Tivoli herum, bis wir zum Hauptbahnhof kommen. Es ist n\u00e4mlich nochmal ein sch\u00f6ner und warmer Tag in Kopenhagen, und das viele Laufen in der Stadt bei den hohen Temperaturen hat uns doch erm\u00fcdet<\/p>\n\n\n\n<figure class=\"wp-block-image aligncenter is-resized\"><a href=\"https:\/\/mb2812.de\/wp-content\/uploads\/2024\/06\/DSC00517-ARW-1468.jpg\"><img loading=\"lazy\" decoding=\"async\" width=\"1024\" height=\"819\" src=\"https:\/\/mb2812.de\/wp-content\/uploads\/2024\/06\/DSC00517-ARW-1468-1024x819.jpg\" alt=\"\" class=\"wp-image-13816\" style=\"width:800px\" srcset=\"https:\/\/mb2812.de\/wp-content\/uploads\/2024\/06\/DSC00517-ARW-1468-1024x819.jpg 1024w, https:\/\/mb2812.de\/wp-content\/uploads\/2024\/06\/DSC00517-ARW-1468-300x240.jpg 300w, https:\/\/mb2812.de\/wp-content\/uploads\/2024\/06\/DSC00517-ARW-1468-768x614.jpg 768w, https:\/\/mb2812.de\/wp-content\/uploads\/2024\/06\/DSC00517-ARW-1468-1536x1229.jpg 1536w, https:\/\/mb2812.de\/wp-content\/uploads\/2024\/06\/DSC00517-ARW-1468-668x534.jpg 668w, https:\/\/mb2812.de\/wp-content\/uploads\/2024\/06\/DSC00517-ARW-1468.jpg 1920w\" sizes=\"auto, (max-width: 1024px) 100vw, 1024px\" \/><\/a><figcaption class=\"wp-element-caption\"><em>Der Eingang des Vergn\u00fcgungspark Tivoli gegen\u00fcber des Hauptbahnhof<\/em><\/figcaption><\/figure>\n\n\n\n<p>Da unsere 24 Stunden Tickets abgelaufen sind, kaufen wir im Hauptbahnhof  neue Fahrkarten, diesmal f\u00fcr drei Tage und f\u00fcr die G\u00fcltigkeit schlie\u00dft die Umgebung Kopenhagens mit ein. Ab Morgen k\u00f6nnen also Ausfl\u00fcge in die Umgebung starten.<\/p>\n\n\n\n<p>Als erstes benutzen wir sie aber nur f\u00fcr die kurze Fahrt mit dem Bus zum Hotel, wo wir erstmal Pause machen und uns erholen.<\/p>\n\n\n\n<p>F\u00fcrs Abendessen haben wir uns das Caf\u00e9 WIlder in Christianshavn entschieden. Es ist nicht riesig weit vom Hotel entfernt, hin fahren wir trotzdem mit der Metro &#8211; es ist genau eine Station.<\/p>\n\n\n\n<figure class=\"wp-block-image aligncenter is-resized\"><a href=\"https:\/\/mb2812.de\/wp-content\/uploads\/2024\/06\/IMG_6495.jpg\"><img loading=\"lazy\" decoding=\"async\" width=\"1024\" height=\"819\" src=\"https:\/\/mb2812.de\/wp-content\/uploads\/2024\/06\/IMG_6495-1024x819.jpg\" alt=\"\" class=\"wp-image-13819\" style=\"width:800px\" srcset=\"https:\/\/mb2812.de\/wp-content\/uploads\/2024\/06\/IMG_6495-1024x819.jpg 1024w, https:\/\/mb2812.de\/wp-content\/uploads\/2024\/06\/IMG_6495-300x240.jpg 300w, https:\/\/mb2812.de\/wp-content\/uploads\/2024\/06\/IMG_6495-768x614.jpg 768w, https:\/\/mb2812.de\/wp-content\/uploads\/2024\/06\/IMG_6495-1536x1229.jpg 1536w, https:\/\/mb2812.de\/wp-content\/uploads\/2024\/06\/IMG_6495-668x534.jpg 668w, https:\/\/mb2812.de\/wp-content\/uploads\/2024\/06\/IMG_6495.jpg 1920w\" sizes=\"auto, (max-width: 1024px) 100vw, 1024px\" \/><\/a><figcaption class=\"wp-element-caption\"><em>Cef\u00e9 Wilder<\/em><\/figcaption><\/figure>\n\n\n\n<figure class=\"wp-block-image aligncenter is-resized\"><a href=\"https:\/\/mb2812.de\/wp-content\/uploads\/2024\/06\/IMG_6492.jpg\"><img loading=\"lazy\" decoding=\"async\" width=\"1024\" height=\"819\" src=\"https:\/\/mb2812.de\/wp-content\/uploads\/2024\/06\/IMG_6492-1024x819.jpg\" alt=\"\" class=\"wp-image-13817\" style=\"width:800px\" srcset=\"https:\/\/mb2812.de\/wp-content\/uploads\/2024\/06\/IMG_6492-1024x819.jpg 1024w, https:\/\/mb2812.de\/wp-content\/uploads\/2024\/06\/IMG_6492-300x240.jpg 300w, https:\/\/mb2812.de\/wp-content\/uploads\/2024\/06\/IMG_6492-768x614.jpg 768w, https:\/\/mb2812.de\/wp-content\/uploads\/2024\/06\/IMG_6492-1536x1229.jpg 1536w, https:\/\/mb2812.de\/wp-content\/uploads\/2024\/06\/IMG_6492-668x534.jpg 668w, https:\/\/mb2812.de\/wp-content\/uploads\/2024\/06\/IMG_6492.jpg 1920w\" sizes=\"auto, (max-width: 1024px) 100vw, 1024px\" \/><\/a><figcaption class=\"wp-element-caption\"><em>Da sitzen wir<\/em><\/figcaption><\/figure>\n\n\n\n<figure class=\"wp-block-image aligncenter is-resized\"><a href=\"https:\/\/mb2812.de\/wp-content\/uploads\/2024\/06\/IMG_6493.jpg\"><img loading=\"lazy\" decoding=\"async\" width=\"1024\" height=\"819\" src=\"https:\/\/mb2812.de\/wp-content\/uploads\/2024\/06\/IMG_6493-1024x819.jpg\" alt=\"\" class=\"wp-image-13818\" style=\"width:800px\" srcset=\"https:\/\/mb2812.de\/wp-content\/uploads\/2024\/06\/IMG_6493-1024x819.jpg 1024w, https:\/\/mb2812.de\/wp-content\/uploads\/2024\/06\/IMG_6493-300x240.jpg 300w, https:\/\/mb2812.de\/wp-content\/uploads\/2024\/06\/IMG_6493-768x614.jpg 768w, https:\/\/mb2812.de\/wp-content\/uploads\/2024\/06\/IMG_6493-1536x1229.jpg 1536w, https:\/\/mb2812.de\/wp-content\/uploads\/2024\/06\/IMG_6493-668x534.jpg 668w, https:\/\/mb2812.de\/wp-content\/uploads\/2024\/06\/IMG_6493.jpg 1920w\" sizes=\"auto, (max-width: 1024px) 100vw, 1024px\" \/><\/a><figcaption class=\"wp-element-caption\"><em>F\u00fcr mich gabs Lachs, Stephan hatte ein Steak<\/em><\/figcaption><\/figure>\n\n\n\n<p>Zur\u00fcck ging es dann zu Fu\u00df zum Hotel.<\/p>\n\n\n\n<figure class=\"wp-block-image aligncenter is-resized\"><a href=\"https:\/\/mb2812.de\/wp-content\/uploads\/2024\/06\/IMG_6496.jpg\" target=\"_blank\" rel=\"noopener\"><img loading=\"lazy\" decoding=\"async\" width=\"768\" height=\"1024\" src=\"https:\/\/mb2812.de\/wp-content\/uploads\/2024\/06\/IMG_6496-768x1024.jpg\" alt=\"\" class=\"wp-image-13820\" style=\"width:600px\" srcset=\"https:\/\/mb2812.de\/wp-content\/uploads\/2024\/06\/IMG_6496-768x1024.jpg 768w, https:\/\/mb2812.de\/wp-content\/uploads\/2024\/06\/IMG_6496-225x300.jpg 225w, https:\/\/mb2812.de\/wp-content\/uploads\/2024\/06\/IMG_6496-1152x1536.jpg 1152w, https:\/\/mb2812.de\/wp-content\/uploads\/2024\/06\/IMG_6496-668x891.jpg 668w, https:\/\/mb2812.de\/wp-content\/uploads\/2024\/06\/IMG_6496.jpg 1440w\" sizes=\"auto, (max-width: 768px) 100vw, 768px\" \/><\/a><figcaption class=\"wp-element-caption\"><em>Wildersgade heisst die Stra\u00dfe<\/em><\/figcaption><\/figure>\n\n\n\n<figure class=\"wp-block-image aligncenter is-resized\"><a href=\"https:\/\/mb2812.de\/wp-content\/uploads\/2024\/06\/IMG_7284.jpg\"><img loading=\"lazy\" decoding=\"async\" width=\"1024\" height=\"819\" src=\"https:\/\/mb2812.de\/wp-content\/uploads\/2024\/06\/IMG_7284-1024x819.jpg\" alt=\"\" class=\"wp-image-13821\" style=\"width:800px\" srcset=\"https:\/\/mb2812.de\/wp-content\/uploads\/2024\/06\/IMG_7284-1024x819.jpg 1024w, https:\/\/mb2812.de\/wp-content\/uploads\/2024\/06\/IMG_7284-300x240.jpg 300w, https:\/\/mb2812.de\/wp-content\/uploads\/2024\/06\/IMG_7284-768x614.jpg 768w, https:\/\/mb2812.de\/wp-content\/uploads\/2024\/06\/IMG_7284-1536x1229.jpg 1536w, https:\/\/mb2812.de\/wp-content\/uploads\/2024\/06\/IMG_7284-668x534.jpg 668w, https:\/\/mb2812.de\/wp-content\/uploads\/2024\/06\/IMG_7284.jpg 1920w\" sizes=\"auto, (max-width: 1024px) 100vw, 1024px\" \/><\/a><figcaption class=\"wp-element-caption\"><em>Die Stra\u00dfe &#8218;Torvegarde&#8216; durchzieht den Stadtteil Christianshavn<\/em><\/figcaption><\/figure>\n\n\n\n<figure class=\"wp-block-image aligncenter is-resized\"><a href=\"https:\/\/mb2812.de\/wp-content\/uploads\/2024\/06\/IMG_6497-1467.jpg\"><img loading=\"lazy\" decoding=\"async\" width=\"1024\" height=\"819\" src=\"https:\/\/mb2812.de\/wp-content\/uploads\/2024\/06\/IMG_6497-1467-1024x819.jpg\" alt=\"\" class=\"wp-image-13813\" style=\"width:800px\" srcset=\"https:\/\/mb2812.de\/wp-content\/uploads\/2024\/06\/IMG_6497-1467-1024x819.jpg 1024w, https:\/\/mb2812.de\/wp-content\/uploads\/2024\/06\/IMG_6497-1467-300x240.jpg 300w, https:\/\/mb2812.de\/wp-content\/uploads\/2024\/06\/IMG_6497-1467-768x614.jpg 768w, https:\/\/mb2812.de\/wp-content\/uploads\/2024\/06\/IMG_6497-1467-1536x1229.jpg 1536w, https:\/\/mb2812.de\/wp-content\/uploads\/2024\/06\/IMG_6497-1467-668x534.jpg 668w, https:\/\/mb2812.de\/wp-content\/uploads\/2024\/06\/IMG_6497-1467.jpg 1920w\" sizes=\"auto, (max-width: 1024px) 100vw, 1024px\" \/><\/a><figcaption class=\"wp-element-caption\"><em>Und dies ist der Christianshavn Kanal<\/em><\/figcaption><\/figure>\n\n\n\n<p><\/p>\n","protected":false},"excerpt":{"rendered":"<p>Wir durchstreifen den ganzen Tag lang Kopenhagen<\/p>\n","protected":false},"author":1,"featured_media":13791,"comment_status":"closed","ping_status":"closed","sticky":false,"template":"","format":"standard","meta":{"footnotes":""},"categories":[261],"tags":[246,198,262,263,487],"class_list":["post-13780","post","type-post","status-publish","format-standard","has-post-thumbnail","hentry","category-kopenhagen-2024","tag-246","tag-bahn","tag-daenemark","tag-kopenhagen","tag-schiff"],"_links":{"self":[{"href":"https:\/\/mb2812.de\/index.php?rest_route=\/wp\/v2\/posts\/13780","targetHints":{"allow":["GET"]}}],"collection":[{"href":"https:\/\/mb2812.de\/index.php?rest_route=\/wp\/v2\/posts"}],"about":[{"href":"https:\/\/mb2812.de\/index.php?rest_route=\/wp\/v2\/types\/post"}],"author":[{"embeddable":true,"href":"https:\/\/mb2812.de\/index.php?rest_route=\/wp\/v2\/users\/1"}],"replies":[{"embeddable":true,"href":"https:\/\/mb2812.de\/index.php?rest_route=%2Fwp%2Fv2%2Fcomments&post=13780"}],"version-history":[{"count":18,"href":"https:\/\/mb2812.de\/index.php?rest_route=\/wp\/v2\/posts\/13780\/revisions"}],"predecessor-version":[{"id":15920,"href":"https:\/\/mb2812.de\/index.php?rest_route=\/wp\/v2\/posts\/13780\/revisions\/15920"}],"wp:featuredmedia":[{"embeddable":true,"href":"https:\/\/mb2812.de\/index.php?rest_route=\/wp\/v2\/media\/13791"}],"wp:attachment":[{"href":"https:\/\/mb2812.de\/index.php?rest_route=%2Fwp%2Fv2%2Fmedia&parent=13780"}],"wp:term":[{"taxonomy":"category","embeddable":true,"href":"https:\/\/mb2812.de\/index.php?rest_route=%2Fwp%2Fv2%2Fcategories&post=13780"},{"taxonomy":"post_tag","embeddable":true,"href":"https:\/\/mb2812.de\/index.php?rest_route=%2Fwp%2Fv2%2Ftags&post=13780"}],"curies":[{"name":"wp","href":"https:\/\/api.w.org\/{rel}","templated":true}]}}