{"id":13636,"date":"2024-02-12T09:00:06","date_gmt":"2024-02-12T07:00:06","guid":{"rendered":"http:\/\/reiseblog.mb2812.de\/?p=13636"},"modified":"2024-11-28T21:17:12","modified_gmt":"2024-11-28T19:17:12","slug":"oberhausen","status":"publish","type":"post","link":"https:\/\/mb2812.de\/?p=13636","title":{"rendered":"Oberhausen (und K\u00f6ln-Stammheim)"},"content":{"rendered":"\n<p>Bereits vor Jahren kam bei mir die Idee auf, eine neue Kameraausr\u00fcstung zu kaufen, mit Corona und den dadurch stark reduzierten Urlaubsreisen in den letzten Jahren hatte ich die Idee jedoch erstmal nicht weiterverfolgt. Die Smartphones setzten in der Zeit auch in der Fotografie ihren Siegeszug fort, und im letzten Schweizurlaub blieb erstmals bei mir die schwere Spiegelreflex auf dem Hotelzimmer. Nicht an einem Tag konnte ich mich aufraffen, den Fotorucksack mitzunehmen, alle Fotos wurden mit dem Iphone gemacht. Damit kam die Idee einer neuen, leichten, spiegellosen Kamera mal wieder auf, und so fuhr ich Anfang Februar eines Morgens nach D\u00fcsseldorf und wenig sp\u00e4ter war ich stolzer Besitzer einer neuen Sony Alpha 6700.<\/p>\n\n\n\n<p>Mit der Kamera alleine kann man nicht viel anfangen, schon der Transport ist ein bisschen schwierig, denn der bislang verwendete Fotorucksack war nicht mehr zweckm\u00e4\u00dfig, da viel zu gro\u00df. Als erstes stand daher der Kauf einer neuen Tasche auf dem Programm. Am Rosenmontag war daf\u00fcr Zeit, da Stephan nicht arbeiten brauchte. Einkaufen in den Innenst\u00e4dten in K\u00f6ln und D\u00fcsseldorf ist an diesem Tag jetzt nicht so ratsam, deswegen ging es ein paar Kilometer nordw\u00e4rts, im Ruhrgebiet ist man nicht so feierw\u00fctig. Und ganz wichtig, bei dem Ausflug wurde dann die Kamera erstmals getestet, und deswegen gibt es nach diesem f\u00fcrchterlich langen Text jetzt auch Fotos:<\/p>\n\n\n\n<!--more-->\n\n\n\n<figure class=\"wp-block-image aligncenter is-resized\"><a href=\"https:\/\/mb2812.de\/wp-content\/uploads\/2024\/02\/DSC00092.jpg\" target=\"_blank\" rel=\"noopener noreferrer\"><img loading=\"lazy\" decoding=\"async\" width=\"1024\" height=\"819\" src=\"https:\/\/mb2812.de\/wp-content\/uploads\/2024\/02\/DSC00092-1024x819.jpg\" alt=\"\" class=\"wp-image-13637\" style=\"width:800px\" srcset=\"https:\/\/mb2812.de\/wp-content\/uploads\/2024\/02\/DSC00092-1024x819.jpg 1024w, https:\/\/mb2812.de\/wp-content\/uploads\/2024\/02\/DSC00092-300x240.jpg 300w, https:\/\/mb2812.de\/wp-content\/uploads\/2024\/02\/DSC00092-768x614.jpg 768w, https:\/\/mb2812.de\/wp-content\/uploads\/2024\/02\/DSC00092-1536x1229.jpg 1536w, https:\/\/mb2812.de\/wp-content\/uploads\/2024\/02\/DSC00092-668x534.jpg 668w, https:\/\/mb2812.de\/wp-content\/uploads\/2024\/02\/DSC00092.jpg 1920w\" sizes=\"auto, (max-width: 1024px) 100vw, 1024px\" \/><\/a><figcaption class=\"wp-element-caption\"><em>Das Ziel der Tour, das riesige &nbsp;&#8222;Centro&#8220; Einkaufszentrum in der &#8222;Neuen Mitte&#8220; Oberhausens<\/em><\/figcaption><\/figure>\n\n\n\n<figure class=\"wp-block-image aligncenter is-resized\"><a href=\"https:\/\/mb2812.de\/wp-content\/uploads\/2024\/02\/DSC00093.jpg\" target=\"_blank\" rel=\"noopener noreferrer\"><img loading=\"lazy\" decoding=\"async\" width=\"1024\" height=\"819\" src=\"https:\/\/mb2812.de\/wp-content\/uploads\/2024\/02\/DSC00093-1024x819.jpg\" alt=\"\" class=\"wp-image-13649\" style=\"width:800px\" srcset=\"https:\/\/mb2812.de\/wp-content\/uploads\/2024\/02\/DSC00093-1024x819.jpg 1024w, https:\/\/mb2812.de\/wp-content\/uploads\/2024\/02\/DSC00093-300x240.jpg 300w, https:\/\/mb2812.de\/wp-content\/uploads\/2024\/02\/DSC00093-768x614.jpg 768w, https:\/\/mb2812.de\/wp-content\/uploads\/2024\/02\/DSC00093-1536x1229.jpg 1536w, https:\/\/mb2812.de\/wp-content\/uploads\/2024\/02\/DSC00093-668x534.jpg 668w, https:\/\/mb2812.de\/wp-content\/uploads\/2024\/02\/DSC00093.jpg 1920w\" sizes=\"auto, (max-width: 1024px) 100vw, 1024px\" \/><\/a><figcaption class=\"wp-element-caption\"><em>Nachdem wir durch den Seiteneingang am Parkplatz 2 ins Centro gekommen waren, versuchten wir uns zu orientieren und kamen dann auch zum &#8222;Mittelpunkt&#8220;<\/em><\/figcaption><\/figure>\n\n\n\n<figure class=\"wp-block-image aligncenter is-resized\"><a href=\"https:\/\/mb2812.de\/wp-content\/uploads\/2024\/02\/DSC00104-1279.jpg\" target=\"_blank\" rel=\"noopener noreferrer\"><img loading=\"lazy\" decoding=\"async\" width=\"1024\" height=\"819\" src=\"https:\/\/mb2812.de\/wp-content\/uploads\/2024\/02\/DSC00104-1279-1024x819.jpg\" alt=\"\" class=\"wp-image-13639\" style=\"width:800px\" srcset=\"https:\/\/mb2812.de\/wp-content\/uploads\/2024\/02\/DSC00104-1279-1024x819.jpg 1024w, https:\/\/mb2812.de\/wp-content\/uploads\/2024\/02\/DSC00104-1279-300x240.jpg 300w, https:\/\/mb2812.de\/wp-content\/uploads\/2024\/02\/DSC00104-1279-768x614.jpg 768w, https:\/\/mb2812.de\/wp-content\/uploads\/2024\/02\/DSC00104-1279-1536x1229.jpg 1536w, https:\/\/mb2812.de\/wp-content\/uploads\/2024\/02\/DSC00104-1279-668x534.jpg 668w, https:\/\/mb2812.de\/wp-content\/uploads\/2024\/02\/DSC00104-1279.jpg 1920w\" sizes=\"auto, (max-width: 1024px) 100vw, 1024px\" \/><\/a><figcaption class=\"wp-element-caption\"><em>Dort konnten wir uns weiter orientieren und fanden schnell unser eigentliches Ziel: Den Saturn Elektromarkt. Als Foto Fachgesch\u00e4ft sind Saturn M\u00e4rkte nun wirklich nicht mehr n\u00fctzlich, das Sortiment geht gegen Null, aber eine passende Tasche fanden wir in der mageren Auswahl dann doch<\/em><\/figcaption><\/figure>\n\n\n\n<figure class=\"wp-block-image aligncenter is-resized\"><a href=\"https:\/\/mb2812.de\/wp-content\/uploads\/2024\/02\/IMG_6265.jpg\" target=\"_blank\" rel=\"noopener noreferrer\"><img loading=\"lazy\" decoding=\"async\" width=\"1024\" height=\"1024\" src=\"https:\/\/mb2812.de\/wp-content\/uploads\/2024\/02\/IMG_6265-1024x1024.jpg\" alt=\"\" class=\"wp-image-13660\" style=\"width:700px\" srcset=\"https:\/\/mb2812.de\/wp-content\/uploads\/2024\/02\/IMG_6265-1024x1024.jpg 1024w, https:\/\/mb2812.de\/wp-content\/uploads\/2024\/02\/IMG_6265-300x300.jpg 300w, https:\/\/mb2812.de\/wp-content\/uploads\/2024\/02\/IMG_6265-150x150.jpg 150w, https:\/\/mb2812.de\/wp-content\/uploads\/2024\/02\/IMG_6265-768x768.jpg 768w, https:\/\/mb2812.de\/wp-content\/uploads\/2024\/02\/IMG_6265-1536x1536.jpg 1536w, https:\/\/mb2812.de\/wp-content\/uploads\/2024\/02\/IMG_6265-668x668.jpg 668w, https:\/\/mb2812.de\/wp-content\/uploads\/2024\/02\/IMG_6265.jpg 1920w\" sizes=\"auto, (max-width: 1024px) 100vw, 1024px\" \/><\/a><figcaption class=\"wp-element-caption\"><em>Zwischendurch hier mal die komplette Ausr\u00fcstung: Die Kamera ist wirklich extrem kompakt und leicht, rechts daneben die gerade gekaufte Tasche. Sie sieht gro\u00df aus, aber tats\u00e4chlich passt die Kamera so eben hinein, wenn ich das Kit Objektiv mal tauschen werde, k\u00f6nnte es Probleme geben. Komplettiert wird dies mit einer Handschlaufe f\u00fcr die Kamera, diese hatte ich Online bestellt und sie kam am n\u00e4chsten Tag mit der Post.<\/em><\/figcaption><\/figure>\n\n\n\n<figure class=\"wp-block-image aligncenter is-resized\"><a href=\"https:\/\/mb2812.de\/wp-content\/uploads\/2024\/02\/DSC00109.jpg\" target=\"_blank\" rel=\"noopener noreferrer\"><img loading=\"lazy\" decoding=\"async\" width=\"1024\" height=\"819\" src=\"https:\/\/mb2812.de\/wp-content\/uploads\/2024\/02\/DSC00109-1024x819.jpg\" alt=\"\" class=\"wp-image-13640\" style=\"width:800px\" srcset=\"https:\/\/mb2812.de\/wp-content\/uploads\/2024\/02\/DSC00109-1024x819.jpg 1024w, https:\/\/mb2812.de\/wp-content\/uploads\/2024\/02\/DSC00109-300x240.jpg 300w, https:\/\/mb2812.de\/wp-content\/uploads\/2024\/02\/DSC00109-768x614.jpg 768w, https:\/\/mb2812.de\/wp-content\/uploads\/2024\/02\/DSC00109-1536x1229.jpg 1536w, https:\/\/mb2812.de\/wp-content\/uploads\/2024\/02\/DSC00109-668x534.jpg 668w, https:\/\/mb2812.de\/wp-content\/uploads\/2024\/02\/DSC00109.jpg 1920w\" sizes=\"auto, (max-width: 1024px) 100vw, 1024px\" \/><\/a><figcaption class=\"wp-element-caption\"><em>Zur\u00fcck zum Ausflug. Wir machten Kaffeepause irgendwo im Zentrum und wanderten dann noch ein bisschen umher in Richtung Food Court<\/em><\/figcaption><\/figure>\n\n\n\n<figure class=\"wp-block-image aligncenter is-resized\"><a href=\"https:\/\/mb2812.de\/wp-content\/uploads\/2024\/02\/DSC00112-1280.jpg\" target=\"_blank\" rel=\"noopener noreferrer\"><img loading=\"lazy\" decoding=\"async\" width=\"768\" height=\"1024\" src=\"https:\/\/mb2812.de\/wp-content\/uploads\/2024\/02\/DSC00112-1280-768x1024.jpg\" alt=\"\" class=\"wp-image-13654\" style=\"width:600px\" srcset=\"https:\/\/mb2812.de\/wp-content\/uploads\/2024\/02\/DSC00112-1280-768x1024.jpg 768w, https:\/\/mb2812.de\/wp-content\/uploads\/2024\/02\/DSC00112-1280-225x300.jpg 225w, https:\/\/mb2812.de\/wp-content\/uploads\/2024\/02\/DSC00112-1280-1152x1536.jpg 1152w, https:\/\/mb2812.de\/wp-content\/uploads\/2024\/02\/DSC00112-1280-668x891.jpg 668w, https:\/\/mb2812.de\/wp-content\/uploads\/2024\/02\/DSC00112-1280.jpg 1440w\" sizes=\"auto, (max-width: 768px) 100vw, 768px\" \/><\/a><figcaption class=\"wp-element-caption\"><em>Anschliessend machten wir dann noch einen kleinen Spaziergang in der Umgebung. Direkt am Einkaufszentrum gibt es viele Restaurants und andere Freizeitattraktionen&#8220;, hier das Kino Center<\/em><\/figcaption><\/figure>\n\n\n\n<figure class=\"wp-block-image aligncenter is-resized\"><a href=\"https:\/\/mb2812.de\/wp-content\/uploads\/2024\/02\/DSC00114-1286.jpg\" target=\"_blank\" rel=\"noopener noreferrer\"><img loading=\"lazy\" decoding=\"async\" width=\"1024\" height=\"819\" src=\"https:\/\/mb2812.de\/wp-content\/uploads\/2024\/02\/DSC00114-1286-1024x819.jpg\" alt=\"\" class=\"wp-image-13650\" style=\"width:800px\" srcset=\"https:\/\/mb2812.de\/wp-content\/uploads\/2024\/02\/DSC00114-1286-1024x819.jpg 1024w, https:\/\/mb2812.de\/wp-content\/uploads\/2024\/02\/DSC00114-1286-300x240.jpg 300w, https:\/\/mb2812.de\/wp-content\/uploads\/2024\/02\/DSC00114-1286-768x614.jpg 768w, https:\/\/mb2812.de\/wp-content\/uploads\/2024\/02\/DSC00114-1286-1536x1229.jpg 1536w, https:\/\/mb2812.de\/wp-content\/uploads\/2024\/02\/DSC00114-1286-668x534.jpg 668w, https:\/\/mb2812.de\/wp-content\/uploads\/2024\/02\/DSC00114-1286.jpg 1920w\" sizes=\"auto, (max-width: 1024px) 100vw, 1024px\" \/><\/a><figcaption class=\"wp-element-caption\"><em>Ganz in der N\u00e4he, hinter dem kleinen See, findet sich der Gasometer<\/em><\/figcaption><\/figure>\n\n\n\n<figure class=\"wp-block-image aligncenter is-resized\"><a href=\"https:\/\/mb2812.de\/wp-content\/uploads\/2024\/02\/DSC00120-1288.jpg\" target=\"_blank\" rel=\"noopener noreferrer\"><img loading=\"lazy\" decoding=\"async\" width=\"1024\" height=\"819\" src=\"https:\/\/mb2812.de\/wp-content\/uploads\/2024\/02\/DSC00120-1288-1024x819.jpg\" alt=\"\" class=\"wp-image-13642\" style=\"width:800px\" srcset=\"https:\/\/mb2812.de\/wp-content\/uploads\/2024\/02\/DSC00120-1288-1024x819.jpg 1024w, https:\/\/mb2812.de\/wp-content\/uploads\/2024\/02\/DSC00120-1288-300x240.jpg 300w, https:\/\/mb2812.de\/wp-content\/uploads\/2024\/02\/DSC00120-1288-768x614.jpg 768w, https:\/\/mb2812.de\/wp-content\/uploads\/2024\/02\/DSC00120-1288-1536x1229.jpg 1536w, https:\/\/mb2812.de\/wp-content\/uploads\/2024\/02\/DSC00120-1288-668x534.jpg 668w, https:\/\/mb2812.de\/wp-content\/uploads\/2024\/02\/DSC00120-1288.jpg 1920w\" sizes=\"auto, (max-width: 1024px) 100vw, 1024px\" \/><\/a><figcaption class=\"wp-element-caption\"><em>Zeitgleich mit dem Centro wurde eine Veranstaltungshalle gebaut, die zun\u00e4chst einfach &#8218;Arena Oberhausen&#8216; hie\u00df, dann liess sich die Duisburger K\u00f6nig Pilsener Brauerei die Namensrechte etwas kosten, seit 2021 tr\u00e4gt sie den Namen einer Geb\u00e4udereinigung<\/em><\/figcaption><\/figure>\n\n\n\n<figure class=\"wp-block-image aligncenter is-resized\"><a href=\"https:\/\/mb2812.de\/wp-content\/uploads\/2024\/02\/DSC00123.jpg\" target=\"_blank\" rel=\"noopener noreferrer\"><img loading=\"lazy\" decoding=\"async\" width=\"1024\" height=\"819\" src=\"https:\/\/mb2812.de\/wp-content\/uploads\/2024\/02\/DSC00123-1024x819.jpg\" alt=\"\" class=\"wp-image-13643\" style=\"width:800px\" srcset=\"https:\/\/mb2812.de\/wp-content\/uploads\/2024\/02\/DSC00123-1024x819.jpg 1024w, https:\/\/mb2812.de\/wp-content\/uploads\/2024\/02\/DSC00123-300x240.jpg 300w, https:\/\/mb2812.de\/wp-content\/uploads\/2024\/02\/DSC00123-768x614.jpg 768w, https:\/\/mb2812.de\/wp-content\/uploads\/2024\/02\/DSC00123-1536x1229.jpg 1536w, https:\/\/mb2812.de\/wp-content\/uploads\/2024\/02\/DSC00123-668x534.jpg 668w, https:\/\/mb2812.de\/wp-content\/uploads\/2024\/02\/DSC00123.jpg 1920w\" sizes=\"auto, (max-width: 1024px) 100vw, 1024px\" \/><\/a><figcaption class=\"wp-element-caption\"><em>Vorbei am Gasometer kommen wir zum Rhein-Herne Kanal, dem wir zum Schlo\u00df Oberhausen folgen<\/em><\/figcaption><\/figure>\n\n\n\n<figure class=\"wp-block-image aligncenter is-resized\"><a href=\"https:\/\/mb2812.de\/wp-content\/uploads\/2024\/02\/DSC00135.jpg\" target=\"_blank\" rel=\"noopener noreferrer\"><img loading=\"lazy\" decoding=\"async\" width=\"1024\" height=\"819\" src=\"https:\/\/mb2812.de\/wp-content\/uploads\/2024\/02\/DSC00135-1024x819.jpg\" alt=\"\" class=\"wp-image-13645\" style=\"width:800px\" srcset=\"https:\/\/mb2812.de\/wp-content\/uploads\/2024\/02\/DSC00135-1024x819.jpg 1024w, https:\/\/mb2812.de\/wp-content\/uploads\/2024\/02\/DSC00135-300x240.jpg 300w, https:\/\/mb2812.de\/wp-content\/uploads\/2024\/02\/DSC00135-768x614.jpg 768w, https:\/\/mb2812.de\/wp-content\/uploads\/2024\/02\/DSC00135-1536x1229.jpg 1536w, https:\/\/mb2812.de\/wp-content\/uploads\/2024\/02\/DSC00135-668x534.jpg 668w, https:\/\/mb2812.de\/wp-content\/uploads\/2024\/02\/DSC00135.jpg 1920w\" sizes=\"auto, (max-width: 1024px) 100vw, 1024px\" \/><\/a><figcaption class=\"wp-element-caption\"><em>Ziel des kleinen Spaziergangs: Schloss Oberhausen, zwischen 1804 und 1818 gebaut und letztendlich Namensgeber der Stadt. Das Herrenhaus links wurde 1950 neu aufgebaut. Das Schloss beherbergt die Ludwiggalerie.<\/em><\/figcaption><\/figure>\n\n\n\n<figure class=\"wp-block-image aligncenter is-resized\"><a href=\"https:\/\/mb2812.de\/wp-content\/uploads\/2024\/02\/DSC00124.jpg\" target=\"_blank\" rel=\"noopener noreferrer\"><img loading=\"lazy\" decoding=\"async\" width=\"768\" height=\"1024\" src=\"https:\/\/mb2812.de\/wp-content\/uploads\/2024\/02\/DSC00124-768x1024.jpg\" alt=\"\" class=\"wp-image-13651\" style=\"width:600px\" srcset=\"https:\/\/mb2812.de\/wp-content\/uploads\/2024\/02\/DSC00124-768x1024.jpg 768w, https:\/\/mb2812.de\/wp-content\/uploads\/2024\/02\/DSC00124-225x300.jpg 225w, https:\/\/mb2812.de\/wp-content\/uploads\/2024\/02\/DSC00124-1152x1536.jpg 1152w, https:\/\/mb2812.de\/wp-content\/uploads\/2024\/02\/DSC00124-668x891.jpg 668w, https:\/\/mb2812.de\/wp-content\/uploads\/2024\/02\/DSC00124.jpg 1440w\" sizes=\"auto, (max-width: 768px) 100vw, 768px\" \/><\/a><figcaption class=\"wp-element-caption\"><em>Ein bisschen Kunst steht drau\u00dfen. Dies ist \u201eDie T\u00e4nzerin\u201c von Jean Ipoust\u00e9guy (1992)<\/em><\/figcaption><\/figure>\n\n\n\n<figure class=\"wp-block-image aligncenter is-resized\"><a href=\"https:\/\/mb2812.de\/wp-content\/uploads\/2024\/02\/DSC00126.jpg\" target=\"_blank\" rel=\"noopener noreferrer\"><img loading=\"lazy\" decoding=\"async\" width=\"1024\" height=\"819\" src=\"https:\/\/mb2812.de\/wp-content\/uploads\/2024\/02\/DSC00126-1024x819.jpg\" alt=\"\" class=\"wp-image-13652\" style=\"width:800px\" srcset=\"https:\/\/mb2812.de\/wp-content\/uploads\/2024\/02\/DSC00126-1024x819.jpg 1024w, https:\/\/mb2812.de\/wp-content\/uploads\/2024\/02\/DSC00126-300x240.jpg 300w, https:\/\/mb2812.de\/wp-content\/uploads\/2024\/02\/DSC00126-768x614.jpg 768w, https:\/\/mb2812.de\/wp-content\/uploads\/2024\/02\/DSC00126-1536x1229.jpg 1536w, https:\/\/mb2812.de\/wp-content\/uploads\/2024\/02\/DSC00126-668x534.jpg 668w, https:\/\/mb2812.de\/wp-content\/uploads\/2024\/02\/DSC00126.jpg 1920w\" sizes=\"auto, (max-width: 1024px) 100vw, 1024px\" \/><\/a><figcaption class=\"wp-element-caption\"><em>Blick \u00fcber den Innengarten auf das kleine Schloss<\/em><\/figcaption><\/figure>\n\n\n\n<figure class=\"wp-block-image aligncenter is-resized\"><a href=\"https:\/\/mb2812.de\/wp-content\/uploads\/2024\/02\/DSC00138-1283.jpg\" target=\"_blank\" rel=\"noopener noreferrer\"><img loading=\"lazy\" decoding=\"async\" width=\"1024\" height=\"819\" src=\"https:\/\/mb2812.de\/wp-content\/uploads\/2024\/02\/DSC00138-1283-1024x819.jpg\" alt=\"\" class=\"wp-image-13653\" style=\"width:800px\" srcset=\"https:\/\/mb2812.de\/wp-content\/uploads\/2024\/02\/DSC00138-1283-1024x819.jpg 1024w, https:\/\/mb2812.de\/wp-content\/uploads\/2024\/02\/DSC00138-1283-300x240.jpg 300w, https:\/\/mb2812.de\/wp-content\/uploads\/2024\/02\/DSC00138-1283-768x614.jpg 768w, https:\/\/mb2812.de\/wp-content\/uploads\/2024\/02\/DSC00138-1283-1536x1229.jpg 1536w, https:\/\/mb2812.de\/wp-content\/uploads\/2024\/02\/DSC00138-1283-668x534.jpg 668w, https:\/\/mb2812.de\/wp-content\/uploads\/2024\/02\/DSC00138-1283.jpg 1920w\" sizes=\"auto, (max-width: 1024px) 100vw, 1024px\" \/><\/a><figcaption class=\"wp-element-caption\"><em>Nebenan im Kaisergarten gibt es einen Imbiss, da machen wir nochmal Pause<\/em><\/figcaption><\/figure>\n\n\n\n<figure class=\"wp-block-image aligncenter is-resized\"><a href=\"https:\/\/mb2812.de\/wp-content\/uploads\/2024\/02\/DSC00144.jpg\" target=\"_blank\" rel=\"noopener noreferrer\"><img loading=\"lazy\" decoding=\"async\" width=\"1024\" height=\"819\" src=\"https:\/\/mb2812.de\/wp-content\/uploads\/2024\/02\/DSC00144-1024x819.jpg\" alt=\"\" class=\"wp-image-13646\" style=\"width:800px\" srcset=\"https:\/\/mb2812.de\/wp-content\/uploads\/2024\/02\/DSC00144-1024x819.jpg 1024w, https:\/\/mb2812.de\/wp-content\/uploads\/2024\/02\/DSC00144-300x240.jpg 300w, https:\/\/mb2812.de\/wp-content\/uploads\/2024\/02\/DSC00144-768x614.jpg 768w, https:\/\/mb2812.de\/wp-content\/uploads\/2024\/02\/DSC00144-1536x1229.jpg 1536w, https:\/\/mb2812.de\/wp-content\/uploads\/2024\/02\/DSC00144-668x534.jpg 668w, https:\/\/mb2812.de\/wp-content\/uploads\/2024\/02\/DSC00144.jpg 1920w\" sizes=\"auto, (max-width: 1024px) 100vw, 1024px\" \/><\/a><figcaption class=\"wp-element-caption\"><em>Zur\u00fcck entlang des Kanals<\/em><\/figcaption><\/figure>\n\n\n\n<figure class=\"wp-block-image aligncenter is-resized\"><a href=\"https:\/\/mb2812.de\/wp-content\/uploads\/2024\/02\/DSC00145.jpg\" rel=\"noopener\"><img loading=\"lazy\" decoding=\"async\" width=\"1024\" height=\"819\" src=\"https:\/\/mb2812.de\/wp-content\/uploads\/2024\/02\/DSC00145-1024x819.jpg\" alt=\"\" class=\"wp-image-13647\" style=\"width:800px\" srcset=\"https:\/\/mb2812.de\/wp-content\/uploads\/2024\/02\/DSC00145-1024x819.jpg 1024w, https:\/\/mb2812.de\/wp-content\/uploads\/2024\/02\/DSC00145-300x240.jpg 300w, https:\/\/mb2812.de\/wp-content\/uploads\/2024\/02\/DSC00145-768x614.jpg 768w, https:\/\/mb2812.de\/wp-content\/uploads\/2024\/02\/DSC00145-1536x1229.jpg 1536w, https:\/\/mb2812.de\/wp-content\/uploads\/2024\/02\/DSC00145-668x534.jpg 668w, https:\/\/mb2812.de\/wp-content\/uploads\/2024\/02\/DSC00145.jpg 1920w\" sizes=\"auto, (max-width: 1024px) 100vw, 1024px\" \/><\/a><figcaption class=\"wp-element-caption\"><em>Nachdem wir am Imbiss ein wenig von fahlem Sonnenschein gew\u00e4rmt wurden, gibt es jetzt tats\u00e4chlich ein paar Regentropfen und wir versuchen den R\u00fcckweg etwas abzuk\u00fcrzen und kommen dadurch durch die Grafenbusch Siedlung: &nbsp;\u00dcber Kleing\u00e4rten am Rande der Siedlung hinweg blicken wir auf den Gasometer<\/em><\/figcaption><\/figure>\n\n\n\n<hr class=\"wp-block-separator has-text-color has-contrast-color has-alpha-channel-opacity has-contrast-background-color has-background is-style-default\"\/>\n\n\n\n<p><strong>Zugabe: K\u00f6ln-Stammheim:<br><br><\/strong>(Die Fotos nicht immer &#8222;farbecht&#8220;, sie sind ein bisschen &#8222;k\u00fcnstlerisch&#8220; bearbeitet)<\/p>\n\n\n\n<p>Nachdem der Paketbote die Handschlaufe abgeliefert hatte, liefen wir am Dienstag bei gutem Wetter mit der nun vorl\u00e4ufig kompletten Fotoausstattung noch eine Runde &#8222;ums Eck&#8220;, von Stammheim nach Flittard und zur\u00fcck.<\/p>\n\n\n\n<figure class=\"wp-block-image aligncenter is-resized\"><a href=\"https:\/\/mb2812.de\/wp-content\/uploads\/2024\/02\/DSC00153.jpg\" target=\"_blank\" rel=\"noopener noreferrer\"><img loading=\"lazy\" decoding=\"async\" width=\"1024\" height=\"819\" src=\"https:\/\/mb2812.de\/wp-content\/uploads\/2024\/02\/DSC00153-1024x819.jpg\" alt=\"\" class=\"wp-image-13677\" style=\"width:800px\" srcset=\"https:\/\/mb2812.de\/wp-content\/uploads\/2024\/02\/DSC00153-1024x819.jpg 1024w, https:\/\/mb2812.de\/wp-content\/uploads\/2024\/02\/DSC00153-300x240.jpg 300w, https:\/\/mb2812.de\/wp-content\/uploads\/2024\/02\/DSC00153-768x614.jpg 768w, https:\/\/mb2812.de\/wp-content\/uploads\/2024\/02\/DSC00153-1536x1229.jpg 1536w, https:\/\/mb2812.de\/wp-content\/uploads\/2024\/02\/DSC00153-668x534.jpg 668w, https:\/\/mb2812.de\/wp-content\/uploads\/2024\/02\/DSC00153.jpg 1920w\" sizes=\"auto, (max-width: 1024px) 100vw, 1024px\" \/><\/a><figcaption class=\"wp-element-caption\"><em>Startpunkt ist der Schlosspark in Stammheim, den Eingang bewachen zwei L\u00f6wen. Der Autofokus nimmt den rechten L\u00f6wen zum Scharfstellen, f\u00fcr das Gesamtbild nicht so geschickt<\/em><\/figcaption><\/figure>\n\n\n\n<figure class=\"wp-block-image aligncenter is-resized\"><a href=\"https:\/\/mb2812.de\/wp-content\/uploads\/2024\/02\/DSC00156.jpg\" target=\"_blank\" rel=\"noopener noreferrer\"><img loading=\"lazy\" decoding=\"async\" width=\"1024\" height=\"819\" src=\"https:\/\/mb2812.de\/wp-content\/uploads\/2024\/02\/DSC00156-1024x819.jpg\" alt=\"\" class=\"wp-image-13667\" style=\"width:800px\" srcset=\"https:\/\/mb2812.de\/wp-content\/uploads\/2024\/02\/DSC00156-1024x819.jpg 1024w, https:\/\/mb2812.de\/wp-content\/uploads\/2024\/02\/DSC00156-300x240.jpg 300w, https:\/\/mb2812.de\/wp-content\/uploads\/2024\/02\/DSC00156-768x614.jpg 768w, https:\/\/mb2812.de\/wp-content\/uploads\/2024\/02\/DSC00156-1536x1229.jpg 1536w, https:\/\/mb2812.de\/wp-content\/uploads\/2024\/02\/DSC00156-668x534.jpg 668w, https:\/\/mb2812.de\/wp-content\/uploads\/2024\/02\/DSC00156.jpg 1920w\" sizes=\"auto, (max-width: 1024px) 100vw, 1024px\" \/><\/a><figcaption class=\"wp-element-caption\"><em>Dies ist der rechte L\u00f6we in voller Pracht<\/em><\/figcaption><\/figure>\n\n\n\n<figure class=\"wp-block-image aligncenter is-resized\"><a href=\"https:\/\/mb2812.de\/wp-content\/uploads\/2024\/02\/DSC00163.jpg\" target=\"_blank\" rel=\"noopener noreferrer\"><img loading=\"lazy\" decoding=\"async\" width=\"768\" height=\"1024\" src=\"https:\/\/mb2812.de\/wp-content\/uploads\/2024\/02\/DSC00163-768x1024.jpg\" alt=\"\" class=\"wp-image-13675\" style=\"width:600px\" srcset=\"https:\/\/mb2812.de\/wp-content\/uploads\/2024\/02\/DSC00163-768x1024.jpg 768w, https:\/\/mb2812.de\/wp-content\/uploads\/2024\/02\/DSC00163-225x300.jpg 225w, https:\/\/mb2812.de\/wp-content\/uploads\/2024\/02\/DSC00163-1152x1536.jpg 1152w, https:\/\/mb2812.de\/wp-content\/uploads\/2024\/02\/DSC00163-668x891.jpg 668w, https:\/\/mb2812.de\/wp-content\/uploads\/2024\/02\/DSC00163.jpg 1440w\" sizes=\"auto, (max-width: 768px) 100vw, 768px\" \/><\/a><figcaption class=\"wp-element-caption\"><em>Im Park stehen viele Skulpturen und Installationen, direkt hinter dem Eingang einige Holzfiguren des lokalen K\u00fcnstlers Peter Nettesheim<\/em><\/figcaption><\/figure>\n\n\n\n<figure class=\"wp-block-image aligncenter is-resized\"><a href=\"https:\/\/mb2812.de\/wp-content\/uploads\/2024\/02\/DSC00173.jpg\" target=\"_blank\" rel=\"noopener noreferrer\"><img loading=\"lazy\" decoding=\"async\" width=\"1024\" height=\"819\" src=\"https:\/\/mb2812.de\/wp-content\/uploads\/2024\/02\/DSC00173-1024x819.jpg\" alt=\"\" class=\"wp-image-13668\" style=\"width:800px\" srcset=\"https:\/\/mb2812.de\/wp-content\/uploads\/2024\/02\/DSC00173-1024x819.jpg 1024w, https:\/\/mb2812.de\/wp-content\/uploads\/2024\/02\/DSC00173-300x240.jpg 300w, https:\/\/mb2812.de\/wp-content\/uploads\/2024\/02\/DSC00173-768x614.jpg 768w, https:\/\/mb2812.de\/wp-content\/uploads\/2024\/02\/DSC00173-1536x1229.jpg 1536w, https:\/\/mb2812.de\/wp-content\/uploads\/2024\/02\/DSC00173-668x534.jpg 668w, https:\/\/mb2812.de\/wp-content\/uploads\/2024\/02\/DSC00173.jpg 1920w\" sizes=\"auto, (max-width: 1024px) 100vw, 1024px\" \/><\/a><figcaption class=\"wp-element-caption\"><em>Zum Rhein hin, etwa da wo fr\u00fcher das Schloss stand, finden wir das &#8222;Ulrich Haberland Haus&#8220;, eine Art Lost Place. 1952 als Altenheim vom Bayer-Konzern erbaut, steht es seit \u00fcber 20 Jahren leer und man streitet mehr oder weniger laut \u00fcber seine Zukunft. K\u00fcrzlich wurde das Gestr\u00fcpp vor dem Geb\u00e4ude entfernt.<\/em><\/figcaption><\/figure>\n\n\n\n<figure class=\"wp-block-image aligncenter is-resized\"><a href=\"https:\/\/mb2812.de\/wp-content\/uploads\/2024\/02\/DSC00176-1294.jpg\" target=\"_blank\" rel=\"noopener noreferrer\"><img loading=\"lazy\" decoding=\"async\" width=\"1024\" height=\"819\" src=\"https:\/\/mb2812.de\/wp-content\/uploads\/2024\/02\/DSC00176-1294-1024x819.jpg\" alt=\"\" class=\"wp-image-13676\" style=\"width:800px\" srcset=\"https:\/\/mb2812.de\/wp-content\/uploads\/2024\/02\/DSC00176-1294-1024x819.jpg 1024w, https:\/\/mb2812.de\/wp-content\/uploads\/2024\/02\/DSC00176-1294-300x240.jpg 300w, https:\/\/mb2812.de\/wp-content\/uploads\/2024\/02\/DSC00176-1294-768x614.jpg 768w, https:\/\/mb2812.de\/wp-content\/uploads\/2024\/02\/DSC00176-1294-1536x1229.jpg 1536w, https:\/\/mb2812.de\/wp-content\/uploads\/2024\/02\/DSC00176-1294-668x534.jpg 668w, https:\/\/mb2812.de\/wp-content\/uploads\/2024\/02\/DSC00176-1294.jpg 1920w\" sizes=\"auto, (max-width: 1024px) 100vw, 1024px\" \/><\/a><figcaption class=\"wp-element-caption\"><em>Im Prinzip hat man vom Stammheimer Schlosspark aus einen Blick auf den Dom, allerdings nur im Winter, wenn die B\u00e4ume kahl sind. Auf diesem Foto ist er nicht zu sehen, auf der anderen Rheinseite finden wir hier nur Containerstapel im Niehler Hafen und das Heizkraftwerk<\/em><\/figcaption><\/figure>\n\n\n\n<figure class=\"wp-block-image aligncenter is-resized\"><a href=\"https:\/\/mb2812.de\/wp-content\/uploads\/2024\/02\/DSC00181.jpg\" rel=\"noopener\"><img loading=\"lazy\" decoding=\"async\" width=\"1024\" height=\"819\" src=\"https:\/\/mb2812.de\/wp-content\/uploads\/2024\/02\/DSC00181-1024x819.jpg\" alt=\"\" class=\"wp-image-13669\" style=\"width:800px\" srcset=\"https:\/\/mb2812.de\/wp-content\/uploads\/2024\/02\/DSC00181-1024x819.jpg 1024w, https:\/\/mb2812.de\/wp-content\/uploads\/2024\/02\/DSC00181-300x240.jpg 300w, https:\/\/mb2812.de\/wp-content\/uploads\/2024\/02\/DSC00181-768x614.jpg 768w, https:\/\/mb2812.de\/wp-content\/uploads\/2024\/02\/DSC00181-1536x1229.jpg 1536w, https:\/\/mb2812.de\/wp-content\/uploads\/2024\/02\/DSC00181-668x534.jpg 668w, https:\/\/mb2812.de\/wp-content\/uploads\/2024\/02\/DSC00181.jpg 1920w\" sizes=\"auto, (max-width: 1024px) 100vw, 1024px\" \/><\/a><figcaption class=\"wp-element-caption\"><em>Und nochmal das Ulrich Haberland Haus vor dem Rhein<\/em><\/figcaption><\/figure>\n\n\n\n<p>In der Flittarder Rheinaue:<\/p>\n\n\n\n<figure class=\"wp-block-image aligncenter is-resized\"><a href=\"https:\/\/mb2812.de\/wp-content\/uploads\/2024\/02\/DSC00195.jpg\" target=\"_blank\" rel=\"noopener\"><img loading=\"lazy\" decoding=\"async\" width=\"1024\" height=\"819\" src=\"https:\/\/mb2812.de\/wp-content\/uploads\/2024\/02\/DSC00195-1024x819.jpg\" alt=\"\" class=\"wp-image-13665\" style=\"width:800px\" srcset=\"https:\/\/mb2812.de\/wp-content\/uploads\/2024\/02\/DSC00195-1024x819.jpg 1024w, https:\/\/mb2812.de\/wp-content\/uploads\/2024\/02\/DSC00195-300x240.jpg 300w, https:\/\/mb2812.de\/wp-content\/uploads\/2024\/02\/DSC00195-768x614.jpg 768w, https:\/\/mb2812.de\/wp-content\/uploads\/2024\/02\/DSC00195-1536x1229.jpg 1536w, https:\/\/mb2812.de\/wp-content\/uploads\/2024\/02\/DSC00195-668x534.jpg 668w, https:\/\/mb2812.de\/wp-content\/uploads\/2024\/02\/DSC00195.jpg 1920w\" sizes=\"auto, (max-width: 1024px) 100vw, 1024px\" \/><\/a><\/figure>\n\n\n\n<p><\/p>\n\n\n\n<figure class=\"wp-block-image aligncenter is-resized\"><a href=\"https:\/\/mb2812.de\/wp-content\/uploads\/2024\/02\/DSC00202.jpg\" target=\"_blank\" rel=\"noopener\"><img loading=\"lazy\" decoding=\"async\" width=\"1024\" height=\"1024\" src=\"https:\/\/mb2812.de\/wp-content\/uploads\/2024\/02\/DSC00202-1024x1024.jpg\" alt=\"\" class=\"wp-image-13671\" style=\"width:700px\" srcset=\"https:\/\/mb2812.de\/wp-content\/uploads\/2024\/02\/DSC00202-1024x1024.jpg 1024w, https:\/\/mb2812.de\/wp-content\/uploads\/2024\/02\/DSC00202-300x300.jpg 300w, https:\/\/mb2812.de\/wp-content\/uploads\/2024\/02\/DSC00202-150x150.jpg 150w, https:\/\/mb2812.de\/wp-content\/uploads\/2024\/02\/DSC00202-768x768.jpg 768w, https:\/\/mb2812.de\/wp-content\/uploads\/2024\/02\/DSC00202-1536x1536.jpg 1536w, https:\/\/mb2812.de\/wp-content\/uploads\/2024\/02\/DSC00202-668x668.jpg 668w, https:\/\/mb2812.de\/wp-content\/uploads\/2024\/02\/DSC00202.jpg 1920w\" sizes=\"auto, (max-width: 1024px) 100vw, 1024px\" \/><\/a><\/figure>\n\n\n\n<p><\/p>\n\n\n\n<figure class=\"wp-block-image aligncenter is-resized\"><a href=\"https:\/\/mb2812.de\/wp-content\/uploads\/2024\/02\/DSC00198.jpg\" target=\"_blank\" rel=\"noopener\"><img loading=\"lazy\" decoding=\"async\" width=\"768\" height=\"1024\" src=\"https:\/\/mb2812.de\/wp-content\/uploads\/2024\/02\/DSC00198-768x1024.jpg\" alt=\"\" class=\"wp-image-13678\" style=\"width:600px\" srcset=\"https:\/\/mb2812.de\/wp-content\/uploads\/2024\/02\/DSC00198-768x1024.jpg 768w, https:\/\/mb2812.de\/wp-content\/uploads\/2024\/02\/DSC00198-225x300.jpg 225w, https:\/\/mb2812.de\/wp-content\/uploads\/2024\/02\/DSC00198-1152x1536.jpg 1152w, https:\/\/mb2812.de\/wp-content\/uploads\/2024\/02\/DSC00198-668x891.jpg 668w, https:\/\/mb2812.de\/wp-content\/uploads\/2024\/02\/DSC00198.jpg 1440w\" sizes=\"auto, (max-width: 768px) 100vw, 768px\" \/><\/a><\/figure>\n\n\n\n<p><\/p>\n\n\n\n<p>Kommen wir nach Flittard:<\/p>\n\n\n\n<figure class=\"wp-block-image aligncenter is-resized\"><a href=\"https:\/\/mb2812.de\/wp-content\/uploads\/2024\/02\/DSC00207.jpg\" target=\"_blank\" rel=\"noopener noreferrer\"><img loading=\"lazy\" decoding=\"async\" width=\"768\" height=\"1024\" src=\"https:\/\/mb2812.de\/wp-content\/uploads\/2024\/02\/DSC00207-768x1024.jpg\" alt=\"\" class=\"wp-image-13670\" style=\"width:600px\" srcset=\"https:\/\/mb2812.de\/wp-content\/uploads\/2024\/02\/DSC00207-768x1024.jpg 768w, https:\/\/mb2812.de\/wp-content\/uploads\/2024\/02\/DSC00207-225x300.jpg 225w, https:\/\/mb2812.de\/wp-content\/uploads\/2024\/02\/DSC00207-1152x1536.jpg 1152w, https:\/\/mb2812.de\/wp-content\/uploads\/2024\/02\/DSC00207-668x891.jpg 668w, https:\/\/mb2812.de\/wp-content\/uploads\/2024\/02\/DSC00207.jpg 1440w\" sizes=\"auto, (max-width: 768px) 100vw, 768px\" \/><\/a><figcaption class=\"wp-element-caption\"><em>Stellenweise ist Flittard noch recht d\u00f6rflich, wie hier in der Paulinenhofstra\u00dfe<\/em><\/figcaption><\/figure>\n\n\n\n<figure class=\"wp-block-image aligncenter is-resized\"><a href=\"https:\/\/mb2812.de\/wp-content\/uploads\/2024\/02\/DSC00215.jpg\" target=\"_blank\" rel=\"noopener noreferrer\"><img loading=\"lazy\" decoding=\"async\" width=\"1024\" height=\"819\" src=\"https:\/\/mb2812.de\/wp-content\/uploads\/2024\/02\/DSC00215-1024x819.jpg\" alt=\"\" class=\"wp-image-13672\" style=\"width:800px\" srcset=\"https:\/\/mb2812.de\/wp-content\/uploads\/2024\/02\/DSC00215-1024x819.jpg 1024w, https:\/\/mb2812.de\/wp-content\/uploads\/2024\/02\/DSC00215-300x240.jpg 300w, https:\/\/mb2812.de\/wp-content\/uploads\/2024\/02\/DSC00215-768x614.jpg 768w, https:\/\/mb2812.de\/wp-content\/uploads\/2024\/02\/DSC00215-1536x1229.jpg 1536w, https:\/\/mb2812.de\/wp-content\/uploads\/2024\/02\/DSC00215-668x534.jpg 668w, https:\/\/mb2812.de\/wp-content\/uploads\/2024\/02\/DSC00215.jpg 1920w\" sizes=\"auto, (max-width: 1024px) 100vw, 1024px\" \/><\/a><figcaption class=\"wp-element-caption\">Und das ist jetzt der Mittelpunkt Flittards<\/figcaption><\/figure>\n\n\n\n<p>Und auf dem R\u00fcckweg entlang der Stra\u00dfe noch etwas Historisches, die Station Nr. 50 des &#8222;Preu\u00dfischen optischen Telegrafen&#8220;, einer von 1833 bis 1849 betriebenen Telegrafenlinie zwischen der Hauptstadt Berlin und der Rheinprovinz. Sie reichte bis bis Koblenz.<\/p>\n\n\n\n<figure class=\"wp-block-image aligncenter is-resized\"><a href=\"https:\/\/mb2812.de\/wp-content\/uploads\/2024\/02\/DSC00223.jpg\" target=\"_blank\" rel=\"noopener\"><img loading=\"lazy\" decoding=\"async\" width=\"1024\" height=\"819\" src=\"https:\/\/mb2812.de\/wp-content\/uploads\/2024\/02\/DSC00223-1024x819.jpg\" alt=\"\" class=\"wp-image-13673\" style=\"width:800px\" srcset=\"https:\/\/mb2812.de\/wp-content\/uploads\/2024\/02\/DSC00223-1024x819.jpg 1024w, https:\/\/mb2812.de\/wp-content\/uploads\/2024\/02\/DSC00223-300x240.jpg 300w, https:\/\/mb2812.de\/wp-content\/uploads\/2024\/02\/DSC00223-768x614.jpg 768w, https:\/\/mb2812.de\/wp-content\/uploads\/2024\/02\/DSC00223-1536x1229.jpg 1536w, https:\/\/mb2812.de\/wp-content\/uploads\/2024\/02\/DSC00223-668x534.jpg 668w, https:\/\/mb2812.de\/wp-content\/uploads\/2024\/02\/DSC00223.jpg 1920w\" sizes=\"auto, (max-width: 1024px) 100vw, 1024px\" \/><\/a><\/figure>\n\n\n\n<p><\/p>\n\n\n\n<figure class=\"wp-block-image aligncenter is-resized\"><a href=\"https:\/\/mb2812.de\/wp-content\/uploads\/2024\/02\/DSC00224.jpg\" target=\"_blank\" rel=\"noopener\"><img loading=\"lazy\" decoding=\"async\" width=\"768\" height=\"1024\" src=\"https:\/\/mb2812.de\/wp-content\/uploads\/2024\/02\/DSC00224-768x1024.jpg\" alt=\"\" class=\"wp-image-13684\" style=\"width:600px\" srcset=\"https:\/\/mb2812.de\/wp-content\/uploads\/2024\/02\/DSC00224-768x1024.jpg 768w, https:\/\/mb2812.de\/wp-content\/uploads\/2024\/02\/DSC00224-225x300.jpg 225w, https:\/\/mb2812.de\/wp-content\/uploads\/2024\/02\/DSC00224-1152x1536.jpg 1152w, https:\/\/mb2812.de\/wp-content\/uploads\/2024\/02\/DSC00224-668x891.jpg 668w, https:\/\/mb2812.de\/wp-content\/uploads\/2024\/02\/DSC00224.jpg 1440w\" sizes=\"auto, (max-width: 768px) 100vw, 768px\" \/><\/a><\/figure>\n\n\n\n<p><\/p>\n","protected":false},"excerpt":{"rendered":"<p>Ein Ausflug am Rosenmontag weg vom K\u00f6lner Karnevalstrubel. Und ein paar Fotos aus der Nachbarschaft in K\u00f6ln<\/p>\n","protected":false},"author":1,"featured_media":13637,"comment_status":"closed","ping_status":"closed","sticky":false,"template":"","format":"standard","meta":{"footnotes":""},"categories":[13],"tags":[246,117,39,248,247,99,94],"class_list":["post-13636","post","type-post","status-publish","format-standard","has-post-thumbnail","hentry","category-ausfluege","tag-246","tag-ausfluege","tag-deutschland","tag-koeln","tag-oberhausen","tag-rheinland","tag-ruhrgebiet"],"_links":{"self":[{"href":"https:\/\/mb2812.de\/index.php?rest_route=\/wp\/v2\/posts\/13636","targetHints":{"allow":["GET"]}}],"collection":[{"href":"https:\/\/mb2812.de\/index.php?rest_route=\/wp\/v2\/posts"}],"about":[{"href":"https:\/\/mb2812.de\/index.php?rest_route=\/wp\/v2\/types\/post"}],"author":[{"embeddable":true,"href":"https:\/\/mb2812.de\/index.php?rest_route=\/wp\/v2\/users\/1"}],"replies":[{"embeddable":true,"href":"https:\/\/mb2812.de\/index.php?rest_route=%2Fwp%2Fv2%2Fcomments&post=13636"}],"version-history":[{"count":39,"href":"https:\/\/mb2812.de\/index.php?rest_route=\/wp\/v2\/posts\/13636\/revisions"}],"predecessor-version":[{"id":15439,"href":"https:\/\/mb2812.de\/index.php?rest_route=\/wp\/v2\/posts\/13636\/revisions\/15439"}],"wp:featuredmedia":[{"embeddable":true,"href":"https:\/\/mb2812.de\/index.php?rest_route=\/wp\/v2\/media\/13637"}],"wp:attachment":[{"href":"https:\/\/mb2812.de\/index.php?rest_route=%2Fwp%2Fv2%2Fmedia&parent=13636"}],"wp:term":[{"taxonomy":"category","embeddable":true,"href":"https:\/\/mb2812.de\/index.php?rest_route=%2Fwp%2Fv2%2Fcategories&post=13636"},{"taxonomy":"post_tag","embeddable":true,"href":"https:\/\/mb2812.de\/index.php?rest_route=%2Fwp%2Fv2%2Ftags&post=13636"}],"curies":[{"name":"wp","href":"https:\/\/api.w.org\/{rel}","templated":true}]}}