{"id":13302,"date":"2023-10-28T09:00:03","date_gmt":"2023-10-28T07:00:03","guid":{"rendered":"http:\/\/reiseblog.mb2812.de\/?p=13302"},"modified":"2024-11-27T14:17:19","modified_gmt":"2024-11-27T12:17:19","slug":"cochem","status":"publish","type":"post","link":"https:\/\/mb2812.de\/?p=13302","title":{"rendered":"Cochem"},"content":{"rendered":"\n<p>Und dann ist da noch der j\u00e4hrliche Ausflug mit der &#8222;Moselgruppe&#8220; an eben jenen Fluss. Vorgenommen hatten &#8222;wir&#8220; uns diesmal viel, eine Fahrt mit der Bahn nach Luxemburg wurde f\u00fcr den samst\u00e4glichen Ausflug favorisiert. Falls nicht, sollte es mit dem Ausflugsdampfer nach Cochem und zur\u00fcck gehen. Aus Beidem ist nichts geworden, denn dazu h\u00e4tten wir ziemlich fr\u00fch aufstehen m\u00fcssen. In Cochem waren wir allerdings, hingefahren sind wir gegen Mittag mit dem PKW.<\/p>\n\n\n\n<p>Cochem ist nun wirklich ein touristischer Hotspot an der Mosel. In der obersten Etage des Parkhauses an der Endertstra\u00dfe fanden wir noch ein paar Pl\u00e4tze f\u00fcr unsere Autos, dann haben wir uns einmal durch &nbsp;die Massenquer durch die Innenstadt geschoben bis zum Marktplatz und weiter bis zur Reichsburg hoch und wieder zur\u00fcck. Ein paar Fotos gibt es als Ausbeute:<\/p>\n\n\n\n<figure class=\"wp-block-image aligncenter size-large is-resized\"><a href=\"https:\/\/mb2812.de\/wp-content\/uploads\/2023\/10\/IMG_4602-1266.jpg\" target=\"_blank\" rel=\" noreferrer noopener\"><img loading=\"lazy\" decoding=\"async\" width=\"1024\" height=\"819\" src=\"https:\/\/mb2812.de\/wp-content\/uploads\/2023\/10\/IMG_4602-1266-1024x819.jpg\" alt=\"\" class=\"wp-image-13573\" style=\"width:800px\" srcset=\"https:\/\/mb2812.de\/wp-content\/uploads\/2023\/10\/IMG_4602-1266-1024x819.jpg 1024w, https:\/\/mb2812.de\/wp-content\/uploads\/2023\/10\/IMG_4602-1266-300x240.jpg 300w, https:\/\/mb2812.de\/wp-content\/uploads\/2023\/10\/IMG_4602-1266-768x614.jpg 768w, https:\/\/mb2812.de\/wp-content\/uploads\/2023\/10\/IMG_4602-1266-1536x1229.jpg 1536w, https:\/\/mb2812.de\/wp-content\/uploads\/2023\/10\/IMG_4602-1266-668x534.jpg 668w, https:\/\/mb2812.de\/wp-content\/uploads\/2023\/10\/IMG_4602-1266.jpg 1920w\" sizes=\"auto, (max-width: 1024px) 100vw, 1024px\" \/><\/a><figcaption class=\"wp-element-caption\"><em>In Zell hatten wir diesmal ein Appartement n\u00e4her an der Ortsmitte. Vom Balkon aus konnten wir  das Schiff am Anleger sehen &#8211;  auf uns wartete es allerdings vergebens.<\/em><\/figcaption><\/figure>\n\n\n\n<!--more-->\n\n\n\n<figure class=\"wp-block-image aligncenter size-large is-resized\"><img loading=\"lazy\" decoding=\"async\" width=\"768\" height=\"1024\" src=\"https:\/\/mb2812.de\/wp-content\/uploads\/2023\/11\/IMG_5997-768x1024.jpg\" alt=\"\" class=\"wp-image-13307\" style=\"width:600px\" srcset=\"https:\/\/mb2812.de\/wp-content\/uploads\/2023\/11\/IMG_5997-768x1024.jpg 768w, https:\/\/mb2812.de\/wp-content\/uploads\/2023\/11\/IMG_5997-225x300.jpg 225w, https:\/\/mb2812.de\/wp-content\/uploads\/2023\/11\/IMG_5997-1152x1536.jpg 1152w, https:\/\/mb2812.de\/wp-content\/uploads\/2023\/11\/IMG_5997-668x891.jpg 668w, https:\/\/mb2812.de\/wp-content\/uploads\/2023\/11\/IMG_5997.jpg 1440w\" sizes=\"auto, (max-width: 768px) 100vw, 768px\" \/><figcaption class=\"wp-element-caption\"><em>Szenenwechsel: Jetzt sind wir in Cochem und auf dem Weg vom Parkhaus zur Stadt blicken wir auf das Enderttor<\/em><\/figcaption><\/figure>\n\n\n\n<figure class=\"wp-block-image aligncenter size-large is-resized\"><a href=\"https:\/\/mb2812.de\/wp-content\/uploads\/2023\/11\/IMG_5998.jpg\" target=\"_blank\" rel=\" noreferrer noopener\"><img loading=\"lazy\" decoding=\"async\" width=\"768\" height=\"1024\" src=\"https:\/\/mb2812.de\/wp-content\/uploads\/2023\/11\/IMG_5998-768x1024.jpg\" alt=\"\" class=\"wp-image-13317\" style=\"width:600px\" srcset=\"https:\/\/mb2812.de\/wp-content\/uploads\/2023\/11\/IMG_5998-768x1024.jpg 768w, https:\/\/mb2812.de\/wp-content\/uploads\/2023\/11\/IMG_5998-225x300.jpg 225w, https:\/\/mb2812.de\/wp-content\/uploads\/2023\/11\/IMG_5998-1152x1536.jpg 1152w, https:\/\/mb2812.de\/wp-content\/uploads\/2023\/11\/IMG_5998-668x891.jpg 668w, https:\/\/mb2812.de\/wp-content\/uploads\/2023\/11\/IMG_5998.jpg 1440w\" sizes=\"auto, (max-width: 768px) 100vw, 768px\" \/><\/a><figcaption class=\"wp-element-caption\"><em>Der Josef-Steib-Platz<\/em><\/figcaption><\/figure>\n\n\n\n<figure class=\"wp-block-image aligncenter size-large is-resized\"><a href=\"https:\/\/mb2812.de\/wp-content\/uploads\/2023\/11\/IMG_6001.jpg\" target=\"_blank\" rel=\" noreferrer noopener\"><img loading=\"lazy\" decoding=\"async\" width=\"768\" height=\"1024\" src=\"https:\/\/mb2812.de\/wp-content\/uploads\/2023\/11\/IMG_6001-768x1024.jpg\" alt=\"\" class=\"wp-image-13318\" style=\"width:600px\" srcset=\"https:\/\/mb2812.de\/wp-content\/uploads\/2023\/11\/IMG_6001-768x1024.jpg 768w, https:\/\/mb2812.de\/wp-content\/uploads\/2023\/11\/IMG_6001-225x300.jpg 225w, https:\/\/mb2812.de\/wp-content\/uploads\/2023\/11\/IMG_6001-1152x1536.jpg 1152w, https:\/\/mb2812.de\/wp-content\/uploads\/2023\/11\/IMG_6001-668x891.jpg 668w, https:\/\/mb2812.de\/wp-content\/uploads\/2023\/11\/IMG_6001.jpg 1440w\" sizes=\"auto, (max-width: 768px) 100vw, 768px\" \/><\/a><figcaption class=\"wp-element-caption\"><em>Dies ist der Blick entlang der &nbsp;Liniusstr. in Richtung Enderttor<\/em><\/figcaption><\/figure>\n\n\n\n<figure class=\"wp-block-image aligncenter size-large is-resized\"><a href=\"https:\/\/mb2812.de\/wp-content\/uploads\/2023\/11\/IMG_6002-1137.jpg\" target=\"_blank\" rel=\" noreferrer noopener\"><img loading=\"lazy\" decoding=\"async\" width=\"768\" height=\"1024\" src=\"https:\/\/mb2812.de\/wp-content\/uploads\/2023\/11\/IMG_6002-1137-768x1024.jpg\" alt=\"\" class=\"wp-image-13323\" style=\"width:600px\" srcset=\"https:\/\/mb2812.de\/wp-content\/uploads\/2023\/11\/IMG_6002-1137-768x1024.jpg 768w, https:\/\/mb2812.de\/wp-content\/uploads\/2023\/11\/IMG_6002-1137-225x300.jpg 225w, https:\/\/mb2812.de\/wp-content\/uploads\/2023\/11\/IMG_6002-1137-1152x1536.jpg 1152w, https:\/\/mb2812.de\/wp-content\/uploads\/2023\/11\/IMG_6002-1137-668x891.jpg 668w, https:\/\/mb2812.de\/wp-content\/uploads\/2023\/11\/IMG_6002-1137.jpg 1440w\" sizes=\"auto, (max-width: 768px) 100vw, 768px\" \/><\/a><figcaption class=\"wp-element-caption\"><em>Haupts\u00e4chliche Gesch\u00e4ftsstra\u00dfe in Cochem ist die Bernstra\u00dfe.Der Blick geht Richtung Marktplatz auf den Turm der St. Martin Kirche<\/em><\/figcaption><\/figure>\n\n\n\n<figure class=\"wp-block-image aligncenter size-large is-resized\"><a href=\"https:\/\/mb2812.de\/wp-content\/uploads\/2023\/11\/IMG_6004.jpg\" target=\"_blank\" rel=\" noreferrer noopener\"><img loading=\"lazy\" decoding=\"async\" width=\"1024\" height=\"819\" src=\"https:\/\/mb2812.de\/wp-content\/uploads\/2023\/11\/IMG_6004-1024x819.jpg\" alt=\"\" class=\"wp-image-13308\" style=\"width:800px\" srcset=\"https:\/\/mb2812.de\/wp-content\/uploads\/2023\/11\/IMG_6004-1024x819.jpg 1024w, https:\/\/mb2812.de\/wp-content\/uploads\/2023\/11\/IMG_6004-300x240.jpg 300w, https:\/\/mb2812.de\/wp-content\/uploads\/2023\/11\/IMG_6004-768x614.jpg 768w, https:\/\/mb2812.de\/wp-content\/uploads\/2023\/11\/IMG_6004-1536x1229.jpg 1536w, https:\/\/mb2812.de\/wp-content\/uploads\/2023\/11\/IMG_6004-668x534.jpg 668w, https:\/\/mb2812.de\/wp-content\/uploads\/2023\/11\/IMG_6004.jpg 1920w\" sizes=\"auto, (max-width: 1024px) 100vw, 1024px\" \/><\/a><figcaption class=\"wp-element-caption\"><em>Der Marktplatz in Cochem<\/em><\/figcaption><\/figure>\n\n\n\n<figure class=\"wp-block-image aligncenter size-large is-resized\"><a href=\"https:\/\/mb2812.de\/wp-content\/uploads\/2023\/11\/IMG_6006-1144.jpg\" target=\"_blank\" rel=\" noreferrer noopener\"><img loading=\"lazy\" decoding=\"async\" width=\"768\" height=\"1024\" src=\"https:\/\/mb2812.de\/wp-content\/uploads\/2023\/11\/IMG_6006-1144-768x1024.jpg\" alt=\"\" class=\"wp-image-13319\" style=\"width:600px\" srcset=\"https:\/\/mb2812.de\/wp-content\/uploads\/2023\/11\/IMG_6006-1144-768x1024.jpg 768w, https:\/\/mb2812.de\/wp-content\/uploads\/2023\/11\/IMG_6006-1144-225x300.jpg 225w, https:\/\/mb2812.de\/wp-content\/uploads\/2023\/11\/IMG_6006-1144-1152x1536.jpg 1152w, https:\/\/mb2812.de\/wp-content\/uploads\/2023\/11\/IMG_6006-1144-668x891.jpg 668w, https:\/\/mb2812.de\/wp-content\/uploads\/2023\/11\/IMG_6006-1144.jpg 1440w\" sizes=\"auto, (max-width: 768px) 100vw, 768px\" \/><\/a><figcaption class=\"wp-element-caption\"><em>Das Rathaus<\/em><\/figcaption><\/figure>\n\n\n\n<figure class=\"wp-block-image aligncenter size-large is-resized\"><a href=\"https:\/\/mb2812.de\/wp-content\/uploads\/2023\/11\/IMG_6008-1145.jpg\" target=\"_blank\" rel=\" noreferrer noopener\"><img loading=\"lazy\" decoding=\"async\" width=\"768\" height=\"1024\" src=\"https:\/\/mb2812.de\/wp-content\/uploads\/2023\/11\/IMG_6008-1145-768x1024.jpg\" alt=\"\" class=\"wp-image-13309\" style=\"width:600px\" srcset=\"https:\/\/mb2812.de\/wp-content\/uploads\/2023\/11\/IMG_6008-1145-768x1024.jpg 768w, https:\/\/mb2812.de\/wp-content\/uploads\/2023\/11\/IMG_6008-1145-225x300.jpg 225w, https:\/\/mb2812.de\/wp-content\/uploads\/2023\/11\/IMG_6008-1145-1152x1536.jpg 1152w, https:\/\/mb2812.de\/wp-content\/uploads\/2023\/11\/IMG_6008-1145-668x891.jpg 668w, https:\/\/mb2812.de\/wp-content\/uploads\/2023\/11\/IMG_6008-1145.jpg 1440w\" sizes=\"auto, (max-width: 768px) 100vw, 768px\" \/><\/a><figcaption class=\"wp-element-caption\"><em>Der Marktplatz von der anderen Seite. Der Marktbrunnen vorne, das Rathaus hinten. \u00dcberragt wird alles vom Turm der St. Martin Kirche<\/em><\/figcaption><\/figure>\n\n\n\n<figure class=\"wp-block-image aligncenter size-large is-resized\"><a href=\"https:\/\/mb2812.de\/wp-content\/uploads\/2023\/11\/IMG_6011.jpg\" target=\"_blank\" rel=\" noreferrer noopener\"><img loading=\"lazy\" decoding=\"async\" width=\"1024\" height=\"819\" src=\"https:\/\/mb2812.de\/wp-content\/uploads\/2023\/11\/IMG_6011-1024x819.jpg\" alt=\"\" class=\"wp-image-13310\" style=\"width:800px\" srcset=\"https:\/\/mb2812.de\/wp-content\/uploads\/2023\/11\/IMG_6011-1024x819.jpg 1024w, https:\/\/mb2812.de\/wp-content\/uploads\/2023\/11\/IMG_6011-300x240.jpg 300w, https:\/\/mb2812.de\/wp-content\/uploads\/2023\/11\/IMG_6011-768x614.jpg 768w, https:\/\/mb2812.de\/wp-content\/uploads\/2023\/11\/IMG_6011-1536x1229.jpg 1536w, https:\/\/mb2812.de\/wp-content\/uploads\/2023\/11\/IMG_6011-668x534.jpg 668w, https:\/\/mb2812.de\/wp-content\/uploads\/2023\/11\/IMG_6011.jpg 1920w\" sizes=\"auto, (max-width: 1024px) 100vw, 1024px\" \/><\/a><figcaption class=\"wp-element-caption\"><em>Kurz nach dem Marktplatz beginnt die Schlossstra\u00dfe steil hinauf zur Reichsburg. Etwa von der er halben H\u00f6he aus blicken wir hoch auf die Reichsburg Cochem<\/em><\/figcaption><\/figure>\n\n\n\n<figure class=\"wp-block-image aligncenter size-large is-resized\"><a href=\"https:\/\/mb2812.de\/wp-content\/uploads\/2023\/11\/IMG_4647.jpg\" target=\"_blank\" rel=\" noreferrer noopener\"><img loading=\"lazy\" decoding=\"async\" width=\"768\" height=\"1024\" src=\"https:\/\/mb2812.de\/wp-content\/uploads\/2023\/11\/IMG_4647-768x1024.jpg\" alt=\"\" class=\"wp-image-13315\" style=\"width:600px\" srcset=\"https:\/\/mb2812.de\/wp-content\/uploads\/2023\/11\/IMG_4647-768x1024.jpg 768w, https:\/\/mb2812.de\/wp-content\/uploads\/2023\/11\/IMG_4647-225x300.jpg 225w, https:\/\/mb2812.de\/wp-content\/uploads\/2023\/11\/IMG_4647-1152x1536.jpg 1152w, https:\/\/mb2812.de\/wp-content\/uploads\/2023\/11\/IMG_4647-668x891.jpg 668w, https:\/\/mb2812.de\/wp-content\/uploads\/2023\/11\/IMG_4647.jpg 1440w\" sizes=\"auto, (max-width: 768px) 100vw, 768px\" \/><\/a><figcaption class=\"wp-element-caption\"><em>Der Turm der Reichsburg<\/em><\/figcaption><\/figure>\n\n\n\n<figure class=\"wp-block-image aligncenter size-large is-resized\"><a href=\"https:\/\/mb2812.de\/wp-content\/uploads\/2023\/11\/IMG_4657.jpg\" target=\"_blank\" rel=\" noreferrer noopener\"><img loading=\"lazy\" decoding=\"async\" width=\"1024\" height=\"819\" src=\"https:\/\/mb2812.de\/wp-content\/uploads\/2023\/11\/IMG_4657-1024x819.jpg\" alt=\"\" class=\"wp-image-13305\" style=\"width:800px\" srcset=\"https:\/\/mb2812.de\/wp-content\/uploads\/2023\/11\/IMG_4657-1024x819.jpg 1024w, https:\/\/mb2812.de\/wp-content\/uploads\/2023\/11\/IMG_4657-300x240.jpg 300w, https:\/\/mb2812.de\/wp-content\/uploads\/2023\/11\/IMG_4657-768x614.jpg 768w, https:\/\/mb2812.de\/wp-content\/uploads\/2023\/11\/IMG_4657-1536x1229.jpg 1536w, https:\/\/mb2812.de\/wp-content\/uploads\/2023\/11\/IMG_4657-668x534.jpg 668w, https:\/\/mb2812.de\/wp-content\/uploads\/2023\/11\/IMG_4657.jpg 1920w\" sizes=\"auto, (max-width: 1024px) 100vw, 1024px\" \/><\/a><figcaption class=\"wp-element-caption\"><em>Oben angekommen, k\u00f6nnen wir herunterblicken auf Cochem mit der St. Martin Kirche<\/em><\/figcaption><\/figure>\n\n\n\n<figure class=\"wp-block-image aligncenter size-large is-resized\"><a href=\"https:\/\/mb2812.de\/wp-content\/uploads\/2023\/11\/IMG_6021.jpg\" target=\"_blank\" rel=\" noreferrer noopener\"><img loading=\"lazy\" decoding=\"async\" width=\"1024\" height=\"819\" src=\"https:\/\/mb2812.de\/wp-content\/uploads\/2023\/11\/IMG_6021-1024x819.jpg\" alt=\"\" class=\"wp-image-13311\" style=\"width:800px\" srcset=\"https:\/\/mb2812.de\/wp-content\/uploads\/2023\/11\/IMG_6021-1024x819.jpg 1024w, https:\/\/mb2812.de\/wp-content\/uploads\/2023\/11\/IMG_6021-300x240.jpg 300w, https:\/\/mb2812.de\/wp-content\/uploads\/2023\/11\/IMG_6021-768x614.jpg 768w, https:\/\/mb2812.de\/wp-content\/uploads\/2023\/11\/IMG_6021-1536x1229.jpg 1536w, https:\/\/mb2812.de\/wp-content\/uploads\/2023\/11\/IMG_6021-668x534.jpg 668w, https:\/\/mb2812.de\/wp-content\/uploads\/2023\/11\/IMG_6021.jpg 1920w\" sizes=\"auto, (max-width: 1024px) 100vw, 1024px\" \/><\/a><figcaption class=\"wp-element-caption\"><em>Der gro\u00dfe \u00dcberblick mit beiden Seiten der Mosel, die von der Skagerak Br\u00fccke \u00fcberspannt wird. Rechts im Ortsteil Cond die Kirche St. Remaclus<\/em><\/figcaption><\/figure>\n\n\n\n<figure class=\"wp-block-image aligncenter size-large is-resized\"><a href=\"https:\/\/mb2812.de\/wp-content\/uploads\/2023\/11\/IMG_6022.jpg\" target=\"_blank\" rel=\" noreferrer noopener\"><img loading=\"lazy\" decoding=\"async\" width=\"768\" height=\"1024\" src=\"https:\/\/mb2812.de\/wp-content\/uploads\/2023\/11\/IMG_6022-768x1024.jpg\" alt=\"\" class=\"wp-image-13312\" style=\"width:600px\" srcset=\"https:\/\/mb2812.de\/wp-content\/uploads\/2023\/11\/IMG_6022-768x1024.jpg 768w, https:\/\/mb2812.de\/wp-content\/uploads\/2023\/11\/IMG_6022-225x300.jpg 225w, https:\/\/mb2812.de\/wp-content\/uploads\/2023\/11\/IMG_6022-1152x1536.jpg 1152w, https:\/\/mb2812.de\/wp-content\/uploads\/2023\/11\/IMG_6022-668x891.jpg 668w, https:\/\/mb2812.de\/wp-content\/uploads\/2023\/11\/IMG_6022.jpg 1440w\" sizes=\"auto, (max-width: 768px) 100vw, 768px\" \/><\/a><figcaption class=\"wp-element-caption\"><em>Blick zur Burg<\/em><\/figcaption><\/figure>\n\n\n\n<figure class=\"wp-block-image aligncenter size-large is-resized\"><a href=\"https:\/\/mb2812.de\/wp-content\/uploads\/2023\/10\/IMG_6026.jpg\" target=\"_blank\" rel=\" noreferrer noopener\"><img loading=\"lazy\" decoding=\"async\" width=\"1024\" height=\"819\" src=\"https:\/\/mb2812.de\/wp-content\/uploads\/2023\/10\/IMG_6026-1024x819.jpg\" alt=\"\" class=\"wp-image-13325\" style=\"width:800px\" srcset=\"https:\/\/mb2812.de\/wp-content\/uploads\/2023\/10\/IMG_6026-1024x819.jpg 1024w, https:\/\/mb2812.de\/wp-content\/uploads\/2023\/10\/IMG_6026-300x240.jpg 300w, https:\/\/mb2812.de\/wp-content\/uploads\/2023\/10\/IMG_6026-768x614.jpg 768w, https:\/\/mb2812.de\/wp-content\/uploads\/2023\/10\/IMG_6026-1536x1229.jpg 1536w, https:\/\/mb2812.de\/wp-content\/uploads\/2023\/10\/IMG_6026-668x534.jpg 668w, https:\/\/mb2812.de\/wp-content\/uploads\/2023\/10\/IMG_6026.jpg 1920w\" sizes=\"auto, (max-width: 1024px) 100vw, 1024px\" \/><\/a><figcaption class=\"wp-element-caption\"><em>Ein Tor versperrt den Weg in die Burg. F\u00fcr 8,50 Euro kann man an einer etwa halbst\u00fcndigen F\u00fchrung \u00fcber den Hof und einige R\u00e4ume im unteren Geschoss teilnehmen<\/em><\/figcaption><\/figure>\n\n\n\n<figure class=\"wp-block-image aligncenter size-large is-resized\"><a href=\"https:\/\/mb2812.de\/wp-content\/uploads\/2023\/11\/IMG_6027.jpg\" target=\"_blank\" rel=\" noreferrer noopener\"><img loading=\"lazy\" decoding=\"async\" width=\"1024\" height=\"819\" src=\"https:\/\/mb2812.de\/wp-content\/uploads\/2023\/11\/IMG_6027-1024x819.jpg\" alt=\"\" class=\"wp-image-13313\" style=\"width:800px\" srcset=\"https:\/\/mb2812.de\/wp-content\/uploads\/2023\/11\/IMG_6027-1024x819.jpg 1024w, https:\/\/mb2812.de\/wp-content\/uploads\/2023\/11\/IMG_6027-300x240.jpg 300w, https:\/\/mb2812.de\/wp-content\/uploads\/2023\/11\/IMG_6027-768x614.jpg 768w, https:\/\/mb2812.de\/wp-content\/uploads\/2023\/11\/IMG_6027-1536x1229.jpg 1536w, https:\/\/mb2812.de\/wp-content\/uploads\/2023\/11\/IMG_6027-668x534.jpg 668w, https:\/\/mb2812.de\/wp-content\/uploads\/2023\/11\/IMG_6027.jpg 1920w\" sizes=\"auto, (max-width: 1024px) 100vw, 1024px\" \/><\/a><figcaption class=\"wp-element-caption\"><em>Wir haben das Geld ausgegeben und sind jetzt im Hof vor dem dritten Burgtor<\/em><\/figcaption><\/figure>\n\n\n\n<figure class=\"wp-block-image aligncenter size-large is-resized\"><a href=\"https:\/\/mb2812.de\/wp-content\/uploads\/2023\/10\/IMG_6032.jpg\" target=\"_blank\" rel=\" noreferrer noopener\"><img loading=\"lazy\" decoding=\"async\" width=\"768\" height=\"1024\" src=\"https:\/\/mb2812.de\/wp-content\/uploads\/2023\/10\/IMG_6032-768x1024.jpg\" alt=\"\" class=\"wp-image-13574\" style=\"width:600px\" srcset=\"https:\/\/mb2812.de\/wp-content\/uploads\/2023\/10\/IMG_6032-768x1024.jpg 768w, https:\/\/mb2812.de\/wp-content\/uploads\/2023\/10\/IMG_6032-225x300.jpg 225w, https:\/\/mb2812.de\/wp-content\/uploads\/2023\/10\/IMG_6032-1152x1536.jpg 1152w, https:\/\/mb2812.de\/wp-content\/uploads\/2023\/10\/IMG_6032-668x891.jpg 668w, https:\/\/mb2812.de\/wp-content\/uploads\/2023\/10\/IMG_6032.jpg 1440w\" sizes=\"auto, (max-width: 768px) 100vw, 768px\" \/><\/a><figcaption class=\"wp-element-caption\"><em>Einen \u00dcberblick \u00fcber die Geschichte der Burg gibt eine Tafel im Hof. Um 1100 errichtet, wurde sie 1688 von franz\u00f6sichen Truppen erobert und ein Jahr sp\u00e4ter zerst\u00f6rt. 1868 kaufte Louis Fr\u00e9deric Jacques Raven\u00e9 (1823\u20131879) die Ruine und baute sie von 1874 bis 1877 im neugotischen Stil wieder auf.<\/em><\/figcaption><\/figure>\n\n\n\n<p>Ein paar Fotos aus den Prunkr\u00e4umen im unteren Geschoss:<\/p>\n\n\n\n<figure class=\"wp-block-image aligncenter size-large is-resized\"><a href=\"https:\/\/mb2812.de\/wp-content\/uploads\/2023\/11\/IMG_6033.jpg\" target=\"_blank\" rel=\" noreferrer noopener\"><img loading=\"lazy\" decoding=\"async\" width=\"1024\" height=\"819\" src=\"https:\/\/mb2812.de\/wp-content\/uploads\/2023\/11\/IMG_6033-1024x819.jpg\" alt=\"\" class=\"wp-image-13320\" style=\"width:800px\" srcset=\"https:\/\/mb2812.de\/wp-content\/uploads\/2023\/11\/IMG_6033-1024x819.jpg 1024w, https:\/\/mb2812.de\/wp-content\/uploads\/2023\/11\/IMG_6033-300x240.jpg 300w, https:\/\/mb2812.de\/wp-content\/uploads\/2023\/11\/IMG_6033-768x614.jpg 768w, https:\/\/mb2812.de\/wp-content\/uploads\/2023\/11\/IMG_6033-1536x1229.jpg 1536w, https:\/\/mb2812.de\/wp-content\/uploads\/2023\/11\/IMG_6033-668x534.jpg 668w, https:\/\/mb2812.de\/wp-content\/uploads\/2023\/11\/IMG_6033.jpg 1920w\" sizes=\"auto, (max-width: 1024px) 100vw, 1024px\" \/><\/a><\/figure>\n\n\n\n<div style=\"height:9px\" aria-hidden=\"true\" class=\"wp-block-spacer\"><\/div>\n\n\n\n<figure class=\"wp-block-image aligncenter size-large is-resized\"><a href=\"https:\/\/mb2812.de\/wp-content\/uploads\/2023\/11\/IMG_6034.jpg\" target=\"_blank\" rel=\" noreferrer noopener\"><img loading=\"lazy\" decoding=\"async\" width=\"1024\" height=\"819\" src=\"https:\/\/mb2812.de\/wp-content\/uploads\/2023\/11\/IMG_6034-1024x819.jpg\" alt=\"\" class=\"wp-image-13314\" style=\"width:800px\" srcset=\"https:\/\/mb2812.de\/wp-content\/uploads\/2023\/11\/IMG_6034-1024x819.jpg 1024w, https:\/\/mb2812.de\/wp-content\/uploads\/2023\/11\/IMG_6034-300x240.jpg 300w, https:\/\/mb2812.de\/wp-content\/uploads\/2023\/11\/IMG_6034-768x614.jpg 768w, https:\/\/mb2812.de\/wp-content\/uploads\/2023\/11\/IMG_6034-1536x1229.jpg 1536w, https:\/\/mb2812.de\/wp-content\/uploads\/2023\/11\/IMG_6034-668x534.jpg 668w, https:\/\/mb2812.de\/wp-content\/uploads\/2023\/11\/IMG_6034.jpg 1920w\" sizes=\"auto, (max-width: 1024px) 100vw, 1024px\" \/><\/a><\/figure>\n\n\n\n<div style=\"height:10px\" aria-hidden=\"true\" class=\"wp-block-spacer\"><\/div>\n\n\n\n<figure class=\"wp-block-image aligncenter size-large is-resized\"><a href=\"https:\/\/mb2812.de\/wp-content\/uploads\/2023\/10\/IMG_6037.jpg\" target=\"_blank\" rel=\" noreferrer noopener\"><img loading=\"lazy\" decoding=\"async\" width=\"1024\" height=\"819\" src=\"https:\/\/mb2812.de\/wp-content\/uploads\/2023\/10\/IMG_6037-1024x819.jpg\" alt=\"\" class=\"wp-image-13326\" style=\"width:800px\" srcset=\"https:\/\/mb2812.de\/wp-content\/uploads\/2023\/10\/IMG_6037-1024x819.jpg 1024w, https:\/\/mb2812.de\/wp-content\/uploads\/2023\/10\/IMG_6037-300x240.jpg 300w, https:\/\/mb2812.de\/wp-content\/uploads\/2023\/10\/IMG_6037-768x614.jpg 768w, https:\/\/mb2812.de\/wp-content\/uploads\/2023\/10\/IMG_6037-1536x1229.jpg 1536w, https:\/\/mb2812.de\/wp-content\/uploads\/2023\/10\/IMG_6037-668x534.jpg 668w, https:\/\/mb2812.de\/wp-content\/uploads\/2023\/10\/IMG_6037.jpg 1920w\" sizes=\"auto, (max-width: 1024px) 100vw, 1024px\" \/><\/a><\/figure>\n\n\n\n<div style=\"height:10px\" aria-hidden=\"true\" class=\"wp-block-spacer\"><\/div>\n\n\n\n<figure class=\"wp-block-image aligncenter size-large is-resized\"><a href=\"https:\/\/mb2812.de\/wp-content\/uploads\/2023\/11\/IMG_6039-1139.jpg\" target=\"_blank\" rel=\" noreferrer noopener\"><img loading=\"lazy\" decoding=\"async\" width=\"768\" height=\"1024\" src=\"https:\/\/mb2812.de\/wp-content\/uploads\/2023\/11\/IMG_6039-1139-768x1024.jpg\" alt=\"\" class=\"wp-image-13321\" style=\"width:600px\" srcset=\"https:\/\/mb2812.de\/wp-content\/uploads\/2023\/11\/IMG_6039-1139-768x1024.jpg 768w, https:\/\/mb2812.de\/wp-content\/uploads\/2023\/11\/IMG_6039-1139-225x300.jpg 225w, https:\/\/mb2812.de\/wp-content\/uploads\/2023\/11\/IMG_6039-1139-1152x1536.jpg 1152w, https:\/\/mb2812.de\/wp-content\/uploads\/2023\/11\/IMG_6039-1139-668x891.jpg 668w, https:\/\/mb2812.de\/wp-content\/uploads\/2023\/11\/IMG_6039-1139.jpg 1440w\" sizes=\"auto, (max-width: 768px) 100vw, 768px\" \/><\/a><\/figure>\n\n\n\n<div style=\"height:10px\" aria-hidden=\"true\" class=\"wp-block-spacer\"><\/div>\n\n\n\n<figure class=\"wp-block-image aligncenter size-large is-resized\"><a href=\"https:\/\/mb2812.de\/wp-content\/uploads\/2023\/11\/IMG_6044-1146.jpg\"><img loading=\"lazy\" decoding=\"async\" width=\"768\" height=\"1024\" src=\"https:\/\/mb2812.de\/wp-content\/uploads\/2023\/11\/IMG_6044-1146-768x1024.jpg\" alt=\"\" class=\"wp-image-13322\" style=\"width:600px\" srcset=\"https:\/\/mb2812.de\/wp-content\/uploads\/2023\/11\/IMG_6044-1146-768x1024.jpg 768w, https:\/\/mb2812.de\/wp-content\/uploads\/2023\/11\/IMG_6044-1146-225x300.jpg 225w, https:\/\/mb2812.de\/wp-content\/uploads\/2023\/11\/IMG_6044-1146-1152x1536.jpg 1152w, https:\/\/mb2812.de\/wp-content\/uploads\/2023\/11\/IMG_6044-1146-668x891.jpg 668w, https:\/\/mb2812.de\/wp-content\/uploads\/2023\/11\/IMG_6044-1146.jpg 1440w\" sizes=\"auto, (max-width: 768px) 100vw, 768px\" \/><\/a><figcaption class=\"wp-element-caption\"><em>Noch ein Blick auf Burgfassade und Turm<\/em><\/figcaption><\/figure>\n\n\n\n<figure class=\"wp-block-image aligncenter size-large is-resized\"><a href=\"https:\/\/mb2812.de\/wp-content\/uploads\/2023\/11\/IMG_4801.jpg\" target=\"_blank\" rel=\" noreferrer noopener\"><img loading=\"lazy\" decoding=\"async\" width=\"1024\" height=\"819\" src=\"https:\/\/mb2812.de\/wp-content\/uploads\/2023\/11\/IMG_4801-1024x819.jpg\" alt=\"\" class=\"wp-image-13316\" style=\"width:800px\" srcset=\"https:\/\/mb2812.de\/wp-content\/uploads\/2023\/11\/IMG_4801-1024x819.jpg 1024w, https:\/\/mb2812.de\/wp-content\/uploads\/2023\/11\/IMG_4801-300x240.jpg 300w, https:\/\/mb2812.de\/wp-content\/uploads\/2023\/11\/IMG_4801-768x614.jpg 768w, https:\/\/mb2812.de\/wp-content\/uploads\/2023\/11\/IMG_4801-1536x1229.jpg 1536w, https:\/\/mb2812.de\/wp-content\/uploads\/2023\/11\/IMG_4801-668x534.jpg 668w, https:\/\/mb2812.de\/wp-content\/uploads\/2023\/11\/IMG_4801.jpg 1920w\" sizes=\"auto, (max-width: 1024px) 100vw, 1024px\" \/><\/a><figcaption class=\"wp-element-caption\"><em>Und der Ausflug endet im Ort in einer Touristenfalle nun wirklich im Stil der 70er Jahre: Caf\u00e9 Flair<\/em><\/figcaption><\/figure>\n\n\n\n<figure class=\"wp-block-image aligncenter size-large is-resized\"><a href=\"https:\/\/mb2812.de\/wp-content\/uploads\/2023\/10\/IMG_4798.jpg\" target=\"_blank\" rel=\" noreferrer noopener\"><img loading=\"lazy\" decoding=\"async\" width=\"1024\" height=\"819\" src=\"https:\/\/mb2812.de\/wp-content\/uploads\/2023\/10\/IMG_4798-1024x819.jpg\" alt=\"\" class=\"wp-image-13631\" style=\"width:800px\" srcset=\"https:\/\/mb2812.de\/wp-content\/uploads\/2023\/10\/IMG_4798-1024x819.jpg 1024w, https:\/\/mb2812.de\/wp-content\/uploads\/2023\/10\/IMG_4798-300x240.jpg 300w, https:\/\/mb2812.de\/wp-content\/uploads\/2023\/10\/IMG_4798-768x614.jpg 768w, https:\/\/mb2812.de\/wp-content\/uploads\/2023\/10\/IMG_4798-1536x1229.jpg 1536w, https:\/\/mb2812.de\/wp-content\/uploads\/2023\/10\/IMG_4798-668x534.jpg 668w, https:\/\/mb2812.de\/wp-content\/uploads\/2023\/10\/IMG_4798.jpg 1920w\" sizes=\"auto, (max-width: 1024px) 100vw, 1024px\" \/><\/a><figcaption class=\"wp-element-caption\">Beim Blick \u00fcber die Mosel auf Cond treffen wir die &#8222;Europa&#8220; wieder, die gerade die R\u00fcckfahrt beginnt. Ein paar Busladungen Touristen hat der Kapit\u00e4n dann doch aufsammeln k\u00f6nnen<\/figcaption><\/figure>\n","protected":false},"excerpt":{"rendered":"<p>Moselwochenende 2023: Der samst\u00e4gliche Ausflug der Gruppe f\u00fchrte nach Cochem zur Reichsburg<\/p>\n","protected":false},"author":1,"featured_media":13310,"comment_status":"closed","ping_status":"closed","sticky":false,"template":"","format":"standard","meta":{"footnotes":""},"categories":[13],"tags":[40,117,185,80,241],"class_list":["post-13302","post","type-post","status-publish","format-standard","has-post-thumbnail","hentry","category-ausfluege","tag-40","tag-ausfluege","tag-cochem","tag-mosel","tag-rheinland-pfalz"],"_links":{"self":[{"href":"https:\/\/mb2812.de\/index.php?rest_route=\/wp\/v2\/posts\/13302","targetHints":{"allow":["GET"]}}],"collection":[{"href":"https:\/\/mb2812.de\/index.php?rest_route=\/wp\/v2\/posts"}],"about":[{"href":"https:\/\/mb2812.de\/index.php?rest_route=\/wp\/v2\/types\/post"}],"author":[{"embeddable":true,"href":"https:\/\/mb2812.de\/index.php?rest_route=\/wp\/v2\/users\/1"}],"replies":[{"embeddable":true,"href":"https:\/\/mb2812.de\/index.php?rest_route=%2Fwp%2Fv2%2Fcomments&post=13302"}],"version-history":[{"count":15,"href":"https:\/\/mb2812.de\/index.php?rest_route=\/wp\/v2\/posts\/13302\/revisions"}],"predecessor-version":[{"id":15202,"href":"https:\/\/mb2812.de\/index.php?rest_route=\/wp\/v2\/posts\/13302\/revisions\/15202"}],"wp:featuredmedia":[{"embeddable":true,"href":"https:\/\/mb2812.de\/index.php?rest_route=\/wp\/v2\/media\/13310"}],"wp:attachment":[{"href":"https:\/\/mb2812.de\/index.php?rest_route=%2Fwp%2Fv2%2Fmedia&parent=13302"}],"wp:term":[{"taxonomy":"category","embeddable":true,"href":"https:\/\/mb2812.de\/index.php?rest_route=%2Fwp%2Fv2%2Fcategories&post=13302"},{"taxonomy":"post_tag","embeddable":true,"href":"https:\/\/mb2812.de\/index.php?rest_route=%2Fwp%2Fv2%2Ftags&post=13302"}],"curies":[{"name":"wp","href":"https:\/\/api.w.org\/{rel}","templated":true}]}}